{"id":41837,"date":"2025-11-09T16:21:10","date_gmt":"2025-11-09T15:21:10","guid":{"rendered":"https:\/\/www.markt-kom.com\/?p=245459"},"modified":"2025-12-05T08:37:38","modified_gmt":"2025-12-05T07:37:38","slug":"initiative-schweiz-prix-suisse-fuer-willy-michel-amal-clooney-inspiriert-im-fireside-chat","status":"publish","type":"post","link":"https:\/\/www.organisator.ch\/fr\/marketing\/2025-11-09\/initiative-schweiz-prix-suisse-fuer-willy-michel-amal-clooney-inspiriert-im-fireside-chat\/","title":{"rendered":"Initiative Suisse : Prix Suisse pour Willy Michel ; Amal Clooney inspire dans le Fireside Chat"},"content":{"rendered":"<div class=\"article-block article-block__p viewport-section in-viewport\">\r\n<figure id=\"attachment_245460\" class=\"wp-caption alignnone\" style=\"width: 768px;\" aria-describedby=\"caption-attachment-245460\"><img class=\"wp-image-245460 size-large\" src=\"https:\/\/www.markt-kom.com\/wp-content\/uploads\/2025\/11\/625576-Rudolf-Obrecht_Albert-Roesti_Willy-Michel_Stefan-Linder_Sandra-Studer-v.l.n.r._Credit-Sandra-Blaser-234450-original-1762682543-1024x683.jpeg\" sizes=\"(max-width: 768px) 100vw, 768px\" srcset=\"https:\/\/www.markt-kom.com\/wp-content\/uploads\/2025\/11\/625576-Rudolf-Obrecht_Albert-Roesti_Willy-Michel_Stefan-Linder_Sandra-Studer-v.l.n.r._Credit-Sandra-Blaser-234450-original-1762682543-1024x683.jpeg 1024w, https:\/\/www.markt-kom.com\/wp-content\/uploads\/2025\/11\/625576-Rudolf-Obrecht_Albert-Roesti_Willy-Michel_Stefan-Linder_Sandra-Studer-v.l.n.r._Credit-Sandra-Blaser-234450-original-1762682543-600x400.jpeg 600w, https:\/\/www.markt-kom.com\/wp-content\/uploads\/2025\/11\/625576-Rudolf-Obrecht_Albert-Roesti_Willy-Michel_Stefan-Linder_Sandra-Studer-v.l.n.r._Credit-Sandra-Blaser-234450-original-1762682543-768x512.jpeg 768w, https:\/\/www.markt-kom.com\/wp-content\/uploads\/2025\/11\/625576-Rudolf-Obrecht_Albert-Roesti_Willy-Michel_Stefan-Linder_Sandra-Studer-v.l.n.r._Credit-Sandra-Blaser-234450-original-1762682543-1536x1024.jpeg 1536w, https:\/\/www.markt-kom.com\/wp-content\/uploads\/2025\/11\/625576-Rudolf-Obrecht_Albert-Roesti_Willy-Michel_Stefan-Linder_Sandra-Studer-v.l.n.r._Credit-Sandra-Blaser-234450-original-1762682543-2048x1365.jpeg 2048w, https:\/\/www.markt-kom.com\/wp-content\/uploads\/2025\/11\/625576-Rudolf-Obrecht_Albert-Roesti_Willy-Michel_Stefan-Linder_Sandra-Studer-v.l.n.r._Credit-Sandra-Blaser-234450-original-1762682543-18x12.jpeg 18w, https:\/\/www.markt-kom.com\/wp-content\/uploads\/2025\/11\/625576-Rudolf-Obrecht_Albert-Roesti_Willy-Michel_Stefan-Linder_Sandra-Studer-v.l.n.r._Credit-Sandra-Blaser-234450-original-1762682543-263x175.jpeg 263w, https:\/\/www.markt-kom.com\/wp-content\/uploads\/2025\/11\/625576-Rudolf-Obrecht_Albert-Roesti_Willy-Michel_Stefan-Linder_Sandra-Studer-v.l.n.r._Credit-Sandra-Blaser-234450-original-1762682543-525x350.jpeg 525w, https:\/\/www.markt-kom.com\/wp-content\/uploads\/2025\/11\/625576-Rudolf-Obrecht_Albert-Roesti_Willy-Michel_Stefan-Linder_Sandra-Studer-v.l.n.r._Credit-Sandra-Blaser-234450-original-1762682543-1000x667.jpeg 1000w, https:\/\/www.markt-kom.com\/wp-content\/uploads\/2025\/11\/625576-Rudolf-Obrecht_Albert-Roesti_Willy-Michel_Stefan-Linder_Sandra-Studer-v.l.n.r._Credit-Sandra-Blaser-234450-original-1762682543-scaled.jpeg 1400w\" alt=\"\" width=\"768\" height=\"512\" \/>\r\n<figcaption id=\"caption-attachment-245460\" class=\"wp-caption-text\">De g. \u00e0 dr. Rudolf Obrecht, Albert R\u00f6sti, Willy Michel, Stefan Linder, Sandra Studer (de g. \u00e0 dr.(photo : Sandra Blaser).<\/figcaption>\r\n<\/figure>\r\n<p>\u00abWilly Michel est synonyme de vision entrepreneuriale, de force d'innovation et de responsabilit\u00e9 sociale. Avec les entreprises Disetronic et Ypsomed, il a marqu\u00e9 durablement la technique m\u00e9dicale et renforc\u00e9 la Suisse en tant que site de pr\u00e9cision et d'innovation. Son travail de pionnier, notamment dans le domaine de l'administration de l'insuline, a \u00e9tabli de nouvelles r\u00e9f\u00e9rences et am\u00e9lior\u00e9 la vie de millions de personnes dans le monde. C'est un honneur pour nous de lui d\u00e9cerner le Prix Suisse de cette ann\u00e9e\u00bb, d\u00e9clare Stefan Linder, directeur de l'Initiative Suisse. Le conseiller f\u00e9d\u00e9ral Albert R\u00f6sti a remis le Prix Suisse 2025. Depuis 2021, l'organisation \u00e0 but non lucratif Initiative Suisse d\u00e9cerne chaque ann\u00e9e cette distinction \u00e0 des personnalit\u00e9s qui, gr\u00e2ce \u00e0 leur courage, leur cr\u00e9ativit\u00e9 et leur clairvoyance, ont fourni des prestations exceptionnelles pour la Suisse. Parmi les laur\u00e9ats pr\u00e9c\u00e9dents figurent Peter Spuhler, r\u00e9compens\u00e9 en 2021 pour ses performances entrepreneuriales, Martine Clozel, honor\u00e9e en 2022 pour ses m\u00e9rites dans le domaine scientifique, Marco Odermatt, laur\u00e9at en 2023 dans le domaine sportif, ainsi que B\u00fcne Huber, honor\u00e9 en 2024 pour son \u0153uvre culturelle. Pour Willy Michel, le Prix Suisse est une reconnaissance particuli\u00e8re de l'\u0153uvre de sa vie et de son engagement en tant qu'entrepreneur.<\/p>\r\n<\/div>\r\n<div class=\"article-block article-block__p viewport-section in-viewport\">\r\n<figure id=\"attachment_245461\" class=\"wp-caption alignnone\" style=\"width: 768px;\" aria-describedby=\"caption-attachment-245461\"><img class=\"wp-image-245461 size-large\" src=\"https:\/\/www.markt-kom.com\/wp-content\/uploads\/2025\/11\/625564-Amal-Clooney_Credit-Initiative-Schweiz-Sandra-Blaser_1-774547-original-1762651313-1024x683.jpeg\" sizes=\"(max-width: 768px) 100vw, 768px\" srcset=\"https:\/\/www.markt-kom.com\/wp-content\/uploads\/2025\/11\/625564-Amal-Clooney_Credit-Initiative-Schweiz-Sandra-Blaser_1-774547-original-1762651313-1024x683.jpeg 1024w, https:\/\/www.markt-kom.com\/wp-content\/uploads\/2025\/11\/625564-Amal-Clooney_Credit-Initiative-Schweiz-Sandra-Blaser_1-774547-original-1762651313-600x400.jpeg 600w, https:\/\/www.markt-kom.com\/wp-content\/uploads\/2025\/11\/625564-Amal-Clooney_Credit-Initiative-Schweiz-Sandra-Blaser_1-774547-original-1762651313-768x512.jpeg 768w, https:\/\/www.markt-kom.com\/wp-content\/uploads\/2025\/11\/625564-Amal-Clooney_Credit-Initiative-Schweiz-Sandra-Blaser_1-774547-original-1762651313-1536x1024.jpeg 1536w, https:\/\/www.markt-kom.com\/wp-content\/uploads\/2025\/11\/625564-Amal-Clooney_Credit-Initiative-Schweiz-Sandra-Blaser_1-774547-original-1762651313-2048x1365.jpeg 2048w, https:\/\/www.markt-kom.com\/wp-content\/uploads\/2025\/11\/625564-Amal-Clooney_Credit-Initiative-Schweiz-Sandra-Blaser_1-774547-original-1762651313-18x12.jpeg 18w, https:\/\/www.markt-kom.com\/wp-content\/uploads\/2025\/11\/625564-Amal-Clooney_Credit-Initiative-Schweiz-Sandra-Blaser_1-774547-original-1762651313-263x175.jpeg 263w, https:\/\/www.markt-kom.com\/wp-content\/uploads\/2025\/11\/625564-Amal-Clooney_Credit-Initiative-Schweiz-Sandra-Blaser_1-774547-original-1762651313-525x350.jpeg 525w, https:\/\/www.markt-kom.com\/wp-content\/uploads\/2025\/11\/625564-Amal-Clooney_Credit-Initiative-Schweiz-Sandra-Blaser_1-774547-original-1762651313-1000x667.jpeg 1000w, https:\/\/www.markt-kom.com\/wp-content\/uploads\/2025\/11\/625564-Amal-Clooney_Credit-Initiative-Schweiz-Sandra-Blaser_1-774547-original-1762651313-scaled.jpeg 1400w\" alt=\"Amal Clooney\" width=\"768\" height=\"512\" \/>\r\n<figcaption id=\"caption-attachment-245461\" class=\"wp-caption-text\">Amal Clooney<\/figcaption>\r\n<\/figure>\r\n<\/div>\r\n<p><b>Fireside Chat avec l'avocate des droits de l'homme Amal Clooney<\/b><\/p>\r\n<p>L'un des points forts de la soir\u00e9e a \u00e9t\u00e9 le Fireside Chat avec Amal Clooney, l'une des plus grandes juristes au monde en mati\u00e8re de droits de l'homme et de droit international. Dans un entretien impressionnant, elle a parl\u00e9 de responsabilit\u00e9, de justice et de protection de la libert\u00e9 de la presse. Amal Clooney s'engage depuis de nombreuses ann\u00e9es pour les victimes de crimes de guerre, de g\u00e9nocide et d'abus de pouvoir. Elle repr\u00e9sente des personnalit\u00e9s telles que Julian Assange, Maria Ressa et Nadia Murad et travaille en \u00e9troite collaboration avec les Nations unies et le Tribunal p\u00e9nal international de La Haye. En tant que conseill\u00e8re sp\u00e9ciale des Nations unies pour la justice et la responsabilit\u00e9, elle lutte dans le monde entier pour la poursuite des crimes de guerre et le renforcement du droit international. Avec la Clooney Foundation for Justice, elle soutient les personnes priv\u00e9es de leurs droits en raison de leurs convictions ou de leur origine. La fondation offre une assistance juridique gratuite dans plus de 40 pays et s'engage pour la libert\u00e9 d'expression, l'\u00e9galit\u00e9 et les droits des femmes.<\/p>\r\n<div class=\"article-block article-block__p viewport-section in-viewport\">\r\n<div class=\"c-sideline-actions\">\u00a0<\/div>\r\n<\/div>","protected":false},"excerpt":{"rendered":"<p>La cinqui\u00e8me \u00e9dition du Prix Suisse a r\u00e9uni le samedi 8 novembre au Kursaal de Berne quelque 400 invit\u00e9s issus des milieux \u00e9conomiques, scientifiques, politiques, sportifs et culturels. Le Prix Suisse 2025 a \u00e9t\u00e9 d\u00e9cern\u00e9 au Dr. h.c. Willy Michel en reconnaissance de ses m\u00e9rites extraordinaires en tant qu'entrepreneur, visionnaire et m\u00e9c\u00e8ne.<\/p>","protected":false},"author":8,"featured_media":0,"comment_status":"closed","ping_status":"closed","sticky":false,"template":"","format":"standard","meta":{"_acf_changed":false,"_yoast_wpseo_focuskw":"Prix Suisse","_yoast_wpseo_metadesc":"Die f\u00fcnfte Ausgabe des Prix Suisse vereinte am 8. November in Bern rund 400 G\u00e4ste aus Wirtschaft, Wissenschaft, Politik, Sport und Kultur.","articlekey":"","footnotes":""},"categories":[29],"tags":[66,5669,4343],"class_list":["post-41837","post","type-post","status-publish","format-standard","hentry","category-marketing","tag-awards","tag-initiative-schweiz","tag-markom"],"acf":[],"yoast_head":"<!-- This site is optimized with the Yoast SEO plugin v27.5 - https:\/\/yoast.com\/product\/yoast-seo-wordpress\/ -->\n<title>Initiative Schweiz: Prix Suisse f\u00fcr Willy Michel; Amal Clooney inspiriert im Fireside Chat - Organisator<\/title>\n<meta name=\"description\" content=\"Die f\u00fcnfte Ausgabe des Prix Suisse vereinte am 8. November in Bern rund 400 G\u00e4ste aus Wirtschaft, Wissenschaft, Politik, Sport und Kultur.\" \/>\n<meta name=\"robots\" content=\"index, follow, max-snippet:-1, max-image-preview:large, max-video-preview:-1\" \/>\n<link rel=\"canonical\" href=\"https:\/\/www.organisator.ch\/fr\/marketing\/2025-11-09\/initiative-schweiz-prix-suisse-fuer-willy-michel-amal-clooney-inspiriert-im-fireside-chat\/\" \/>\n<meta property=\"og:locale\" content=\"fr_FR\" \/>\n<meta property=\"og:type\" content=\"article\" \/>\n<meta property=\"og:title\" content=\"Initiative Schweiz: Prix Suisse f\u00fcr Willy Michel; Amal Clooney inspiriert im Fireside Chat - Organisator\" \/>\n<meta property=\"og:description\" content=\"Die f\u00fcnfte Ausgabe des Prix Suisse vereinte am 8. November in Bern rund 400 G\u00e4ste aus Wirtschaft, Wissenschaft, Politik, Sport und Kultur.\" \/>\n<meta property=\"og:url\" content=\"https:\/\/www.organisator.ch\/fr\/marketing\/2025-11-09\/initiative-schweiz-prix-suisse-fuer-willy-michel-amal-clooney-inspiriert-im-fireside-chat\/\" \/>\n<meta property=\"og:site_name\" content=\"Organisator\" \/>\n<meta property=\"article:publisher\" content=\"https:\/\/www.facebook.com\/OrganisatorFachmagazin\" \/>\n<meta property=\"article:published_time\" content=\"2025-11-09T15:21:10+00:00\" \/>\n<meta property=\"article:modified_time\" content=\"2025-12-05T07:37:38+00:00\" \/>\n<meta name=\"author\" content=\"galledia\" \/>\n<meta name=\"twitter:card\" content=\"summary_large_image\" \/>\n<meta name=\"twitter:creator\" content=\"@admin\" \/>\n<script type=\"application\/ld+json\" class=\"yoast-schema-graph\">{\"@context\":\"https:\\\/\\\/schema.org\",\"@graph\":[{\"@type\":\"Article\",\"@id\":\"https:\\\/\\\/www.organisator.ch\\\/marketing\\\/2025-11-09\\\/initiative-schweiz-prix-suisse-fuer-willy-michel-amal-clooney-inspiriert-im-fireside-chat\\\/#article\",\"isPartOf\":{\"@id\":\"https:\\\/\\\/www.organisator.ch\\\/marketing\\\/2025-11-09\\\/initiative-schweiz-prix-suisse-fuer-willy-michel-amal-clooney-inspiriert-im-fireside-chat\\\/\"},\"author\":{\"name\":\"galledia\",\"@id\":\"https:\\\/\\\/www.organisator.ch\\\/#\\\/schema\\\/person\\\/4e51799071cd2dd1232ac003643ef5f0\"},\"headline\":\"Initiative Schweiz: Prix Suisse f\u00fcr Willy Michel; Amal Clooney inspiriert im Fireside Chat\",\"datePublished\":\"2025-11-09T15:21:10+00:00\",\"dateModified\":\"2025-12-05T07:37:38+00:00\",\"mainEntityOfPage\":{\"@id\":\"https:\\\/\\\/www.organisator.ch\\\/marketing\\\/2025-11-09\\\/initiative-schweiz-prix-suisse-fuer-willy-michel-amal-clooney-inspiriert-im-fireside-chat\\\/\"},\"wordCount\":367,\"publisher\":{\"@id\":\"https:\\\/\\\/www.organisator.ch\\\/#organization\"},\"image\":{\"@id\":\"https:\\\/\\\/www.organisator.ch\\\/marketing\\\/2025-11-09\\\/initiative-schweiz-prix-suisse-fuer-willy-michel-amal-clooney-inspiriert-im-fireside-chat\\\/#primaryimage\"},\"thumbnailUrl\":\"https:\\\/\\\/www.markt-kom.com\\\/wp-content\\\/uploads\\\/2025\\\/11\\\/625576-Rudolf-Obrecht_Albert-Roesti_Willy-Michel_Stefan-Linder_Sandra-Studer-v.l.n.r._Credit-Sandra-Blaser-234450-original-1762682543-1024x683.jpeg\",\"keywords\":[\"Awards\",\"Initiative Schweiz\",\"MarKom\"],\"articleSection\":[\"MARKETING\"],\"inLanguage\":\"fr-FR\"},{\"@type\":\"WebPage\",\"@id\":\"https:\\\/\\\/www.organisator.ch\\\/marketing\\\/2025-11-09\\\/initiative-schweiz-prix-suisse-fuer-willy-michel-amal-clooney-inspiriert-im-fireside-chat\\\/\",\"url\":\"https:\\\/\\\/www.organisator.ch\\\/marketing\\\/2025-11-09\\\/initiative-schweiz-prix-suisse-fuer-willy-michel-amal-clooney-inspiriert-im-fireside-chat\\\/\",\"name\":\"Initiative Schweiz: Prix Suisse f\u00fcr Willy Michel; Amal Clooney inspiriert im Fireside Chat - Organisator\",\"isPartOf\":{\"@id\":\"https:\\\/\\\/www.organisator.ch\\\/#website\"},\"primaryImageOfPage\":{\"@id\":\"https:\\\/\\\/www.organisator.ch\\\/marketing\\\/2025-11-09\\\/initiative-schweiz-prix-suisse-fuer-willy-michel-amal-clooney-inspiriert-im-fireside-chat\\\/#primaryimage\"},\"image\":{\"@id\":\"https:\\\/\\\/www.organisator.ch\\\/marketing\\\/2025-11-09\\\/initiative-schweiz-prix-suisse-fuer-willy-michel-amal-clooney-inspiriert-im-fireside-chat\\\/#primaryimage\"},\"thumbnailUrl\":\"https:\\\/\\\/www.markt-kom.com\\\/wp-content\\\/uploads\\\/2025\\\/11\\\/625576-Rudolf-Obrecht_Albert-Roesti_Willy-Michel_Stefan-Linder_Sandra-Studer-v.l.n.r._Credit-Sandra-Blaser-234450-original-1762682543-1024x683.jpeg\",\"datePublished\":\"2025-11-09T15:21:10+00:00\",\"dateModified\":\"2025-12-05T07:37:38+00:00\",\"description\":\"Die f\u00fcnfte Ausgabe des Prix Suisse vereinte am 8. November in Bern rund 400 G\u00e4ste aus Wirtschaft, Wissenschaft, Politik, Sport und Kultur.\",\"breadcrumb\":{\"@id\":\"https:\\\/\\\/www.organisator.ch\\\/marketing\\\/2025-11-09\\\/initiative-schweiz-prix-suisse-fuer-willy-michel-amal-clooney-inspiriert-im-fireside-chat\\\/#breadcrumb\"},\"inLanguage\":\"fr-FR\",\"potentialAction\":[{\"@type\":\"ReadAction\",\"target\":[\"https:\\\/\\\/www.organisator.ch\\\/marketing\\\/2025-11-09\\\/initiative-schweiz-prix-suisse-fuer-willy-michel-amal-clooney-inspiriert-im-fireside-chat\\\/\"]}]},{\"@type\":\"ImageObject\",\"inLanguage\":\"fr-FR\",\"@id\":\"https:\\\/\\\/www.organisator.ch\\\/marketing\\\/2025-11-09\\\/initiative-schweiz-prix-suisse-fuer-willy-michel-amal-clooney-inspiriert-im-fireside-chat\\\/#primaryimage\",\"url\":\"https:\\\/\\\/www.markt-kom.com\\\/wp-content\\\/uploads\\\/2025\\\/11\\\/625576-Rudolf-Obrecht_Albert-Roesti_Willy-Michel_Stefan-Linder_Sandra-Studer-v.l.n.r._Credit-Sandra-Blaser-234450-original-1762682543-1024x683.jpeg\",\"contentUrl\":\"https:\\\/\\\/www.markt-kom.com\\\/wp-content\\\/uploads\\\/2025\\\/11\\\/625576-Rudolf-Obrecht_Albert-Roesti_Willy-Michel_Stefan-Linder_Sandra-Studer-v.l.n.r._Credit-Sandra-Blaser-234450-original-1762682543-1024x683.jpeg\"},{\"@type\":\"BreadcrumbList\",\"@id\":\"https:\\\/\\\/www.organisator.ch\\\/marketing\\\/2025-11-09\\\/initiative-schweiz-prix-suisse-fuer-willy-michel-amal-clooney-inspiriert-im-fireside-chat\\\/#breadcrumb\",\"itemListElement\":[{\"@type\":\"ListItem\",\"position\":1,\"name\":\"Home\",\"item\":\"https:\\\/\\\/www.organisator.ch\\\/\"},{\"@type\":\"ListItem\",\"position\":2,\"name\":\"Initiative Schweiz: Prix Suisse f\u00fcr Willy Michel; Amal Clooney inspiriert im Fireside Chat\"}]},{\"@type\":\"WebSite\",\"@id\":\"https:\\\/\\\/www.organisator.ch\\\/#website\",\"url\":\"https:\\\/\\\/www.organisator.ch\\\/\",\"name\":\"Organisator\",\"description\":\"Kompetent. Praxisnah. Der ORGANISATOR bereitet in 10 Ausgaben pro Jahr die wesentlichen Themen f\u00fcr F\u00fchrungskr\u00e4fte von KMU auf.\",\"publisher\":{\"@id\":\"https:\\\/\\\/www.organisator.ch\\\/#organization\"},\"potentialAction\":[{\"@type\":\"SearchAction\",\"target\":{\"@type\":\"EntryPoint\",\"urlTemplate\":\"https:\\\/\\\/www.organisator.ch\\\/?s={search_term_string}\"},\"query-input\":{\"@type\":\"PropertyValueSpecification\",\"valueRequired\":true,\"valueName\":\"search_term_string\"}}],\"inLanguage\":\"fr-FR\"},{\"@type\":\"Organization\",\"@id\":\"https:\\\/\\\/www.organisator.ch\\\/#organization\",\"name\":\"Organisator\",\"url\":\"https:\\\/\\\/www.organisator.ch\\\/\",\"logo\":{\"@type\":\"ImageObject\",\"inLanguage\":\"fr-FR\",\"@id\":\"https:\\\/\\\/www.organisator.ch\\\/#\\\/schema\\\/logo\\\/image\\\/\",\"url\":\"https:\\\/\\\/www.organisator.ch\\\/wp-content\\\/uploads\\\/2022\\\/01\\\/Logo_Organisator_Website.png\",\"contentUrl\":\"https:\\\/\\\/www.organisator.ch\\\/wp-content\\\/uploads\\\/2022\\\/01\\\/Logo_Organisator_Website.png\",\"width\":800,\"height\":77,\"caption\":\"Organisator\"},\"image\":{\"@id\":\"https:\\\/\\\/www.organisator.ch\\\/#\\\/schema\\\/logo\\\/image\\\/\"},\"sameAs\":[\"https:\\\/\\\/www.facebook.com\\\/OrganisatorFachmagazin\",\"https:\\\/\\\/www.linkedin.com\\\/showcase\\\/organisator-das-magazin-fr-kmu\",\"https:\\\/\\\/www.xing.com\\\/news\\\/pages\\\/organisator-ch-695\",\"https:\\\/\\\/www.youtube.com\\\/channel\\\/UCGP2Sq0iWaZwT3BdIAQFYpw\"]},{\"@type\":\"Person\",\"@id\":\"https:\\\/\\\/www.organisator.ch\\\/#\\\/schema\\\/person\\\/4e51799071cd2dd1232ac003643ef5f0\",\"name\":\"galledia\",\"image\":{\"@type\":\"ImageObject\",\"inLanguage\":\"fr-FR\",\"@id\":\"https:\\\/\\\/secure.gravatar.com\\\/avatar\\\/78a7f90c01fc2bfc875782a0d4922b37cde2cf184ce347b91316d23cd7f69a36?s=96&d=mm&r=g\",\"url\":\"https:\\\/\\\/secure.gravatar.com\\\/avatar\\\/78a7f90c01fc2bfc875782a0d4922b37cde2cf184ce347b91316d23cd7f69a36?s=96&d=mm&r=g\",\"contentUrl\":\"https:\\\/\\\/secure.gravatar.com\\\/avatar\\\/78a7f90c01fc2bfc875782a0d4922b37cde2cf184ce347b91316d23cd7f69a36?s=96&d=mm&r=g\",\"caption\":\"galledia\"},\"sameAs\":[\"https:\\\/\\\/x.com\\\/admin\"],\"url\":\"https:\\\/\\\/www.organisator.ch\\\/fr\\\/author\\\/galledia\\\/\"}]}<\/script>\n<!-- \/ Yoast SEO plugin. -->","yoast_head_json":{"title":"Initiative Suisse : Prix Suisse pour Willy Michel ; Amal Clooney inspire dans le Fireside Chat - Organisateur","description":"La cinqui\u00e8me \u00e9dition du Prix Suisse a r\u00e9uni le 8 novembre \u00e0 Berne quelque 400 invit\u00e9s issus des milieux \u00e9conomiques, scientifiques, politiques, sportifs et culturels.","robots":{"index":"index","follow":"follow","max-snippet":"max-snippet:-1","max-image-preview":"max-image-preview:large","max-video-preview":"max-video-preview:-1"},"canonical":"https:\/\/www.organisator.ch\/fr\/marketing\/2025-11-09\/initiative-schweiz-prix-suisse-fuer-willy-michel-amal-clooney-inspiriert-im-fireside-chat\/","og_locale":"fr_FR","og_type":"article","og_title":"Initiative Schweiz: Prix Suisse f\u00fcr Willy Michel; Amal Clooney inspiriert im Fireside Chat - Organisator","og_description":"Die f\u00fcnfte Ausgabe des Prix Suisse vereinte am 8. November in Bern rund 400 G\u00e4ste aus Wirtschaft, Wissenschaft, Politik, Sport und Kultur.","og_url":"https:\/\/www.organisator.ch\/fr\/marketing\/2025-11-09\/initiative-schweiz-prix-suisse-fuer-willy-michel-amal-clooney-inspiriert-im-fireside-chat\/","og_site_name":"Organisator","article_publisher":"https:\/\/www.facebook.com\/OrganisatorFachmagazin","article_published_time":"2025-11-09T15:21:10+00:00","article_modified_time":"2025-12-05T07:37:38+00:00","author":"galledia","twitter_card":"summary_large_image","twitter_creator":"@admin","schema":{"@context":"https:\/\/schema.org","@graph":[{"@type":"Article","@id":"https:\/\/www.organisator.ch\/marketing\/2025-11-09\/initiative-schweiz-prix-suisse-fuer-willy-michel-amal-clooney-inspiriert-im-fireside-chat\/#article","isPartOf":{"@id":"https:\/\/www.organisator.ch\/marketing\/2025-11-09\/initiative-schweiz-prix-suisse-fuer-willy-michel-amal-clooney-inspiriert-im-fireside-chat\/"},"author":{"name":"galledia","@id":"https:\/\/www.organisator.ch\/#\/schema\/person\/4e51799071cd2dd1232ac003643ef5f0"},"headline":"Initiative Schweiz: Prix Suisse f\u00fcr Willy Michel; Amal Clooney inspiriert im Fireside Chat","datePublished":"2025-11-09T15:21:10+00:00","dateModified":"2025-12-05T07:37:38+00:00","mainEntityOfPage":{"@id":"https:\/\/www.organisator.ch\/marketing\/2025-11-09\/initiative-schweiz-prix-suisse-fuer-willy-michel-amal-clooney-inspiriert-im-fireside-chat\/"},"wordCount":367,"publisher":{"@id":"https:\/\/www.organisator.ch\/#organization"},"image":{"@id":"https:\/\/www.organisator.ch\/marketing\/2025-11-09\/initiative-schweiz-prix-suisse-fuer-willy-michel-amal-clooney-inspiriert-im-fireside-chat\/#primaryimage"},"thumbnailUrl":"https:\/\/www.markt-kom.com\/wp-content\/uploads\/2025\/11\/625576-Rudolf-Obrecht_Albert-Roesti_Willy-Michel_Stefan-Linder_Sandra-Studer-v.l.n.r._Credit-Sandra-Blaser-234450-original-1762682543-1024x683.jpeg","keywords":["Awards","Initiative Schweiz","MarKom"],"articleSection":["MARKETING"],"inLanguage":"fr-FR"},{"@type":"WebPage","@id":"https:\/\/www.organisator.ch\/marketing\/2025-11-09\/initiative-schweiz-prix-suisse-fuer-willy-michel-amal-clooney-inspiriert-im-fireside-chat\/","url":"https:\/\/www.organisator.ch\/marketing\/2025-11-09\/initiative-schweiz-prix-suisse-fuer-willy-michel-amal-clooney-inspiriert-im-fireside-chat\/","name":"Initiative Suisse : Prix Suisse pour Willy Michel ; Amal Clooney inspire dans le Fireside Chat - Organisateur","isPartOf":{"@id":"https:\/\/www.organisator.ch\/#website"},"primaryImageOfPage":{"@id":"https:\/\/www.organisator.ch\/marketing\/2025-11-09\/initiative-schweiz-prix-suisse-fuer-willy-michel-amal-clooney-inspiriert-im-fireside-chat\/#primaryimage"},"image":{"@id":"https:\/\/www.organisator.ch\/marketing\/2025-11-09\/initiative-schweiz-prix-suisse-fuer-willy-michel-amal-clooney-inspiriert-im-fireside-chat\/#primaryimage"},"thumbnailUrl":"https:\/\/www.markt-kom.com\/wp-content\/uploads\/2025\/11\/625576-Rudolf-Obrecht_Albert-Roesti_Willy-Michel_Stefan-Linder_Sandra-Studer-v.l.n.r._Credit-Sandra-Blaser-234450-original-1762682543-1024x683.jpeg","datePublished":"2025-11-09T15:21:10+00:00","dateModified":"2025-12-05T07:37:38+00:00","description":"La cinqui\u00e8me \u00e9dition du Prix Suisse a r\u00e9uni le 8 novembre \u00e0 Berne quelque 400 invit\u00e9s issus des milieux \u00e9conomiques, scientifiques, politiques, sportifs et culturels.","breadcrumb":{"@id":"https:\/\/www.organisator.ch\/marketing\/2025-11-09\/initiative-schweiz-prix-suisse-fuer-willy-michel-amal-clooney-inspiriert-im-fireside-chat\/#breadcrumb"},"inLanguage":"fr-FR","potentialAction":[{"@type":"ReadAction","target":["https:\/\/www.organisator.ch\/marketing\/2025-11-09\/initiative-schweiz-prix-suisse-fuer-willy-michel-amal-clooney-inspiriert-im-fireside-chat\/"]}]},{"@type":"ImageObject","inLanguage":"fr-FR","@id":"https:\/\/www.organisator.ch\/marketing\/2025-11-09\/initiative-schweiz-prix-suisse-fuer-willy-michel-amal-clooney-inspiriert-im-fireside-chat\/#primaryimage","url":"https:\/\/www.markt-kom.com\/wp-content\/uploads\/2025\/11\/625576-Rudolf-Obrecht_Albert-Roesti_Willy-Michel_Stefan-Linder_Sandra-Studer-v.l.n.r._Credit-Sandra-Blaser-234450-original-1762682543-1024x683.jpeg","contentUrl":"https:\/\/www.markt-kom.com\/wp-content\/uploads\/2025\/11\/625576-Rudolf-Obrecht_Albert-Roesti_Willy-Michel_Stefan-Linder_Sandra-Studer-v.l.n.r._Credit-Sandra-Blaser-234450-original-1762682543-1024x683.jpeg"},{"@type":"BreadcrumbList","@id":"https:\/\/www.organisator.ch\/marketing\/2025-11-09\/initiative-schweiz-prix-suisse-fuer-willy-michel-amal-clooney-inspiriert-im-fireside-chat\/#breadcrumb","itemListElement":[{"@type":"ListItem","position":1,"name":"Home","item":"https:\/\/www.organisator.ch\/"},{"@type":"ListItem","position":2,"name":"Initiative Schweiz: Prix Suisse f\u00fcr Willy Michel; Amal Clooney inspiriert im Fireside Chat"}]},{"@type":"WebSite","@id":"https:\/\/www.organisator.ch\/#website","url":"https:\/\/www.organisator.ch\/","name":"Organisateur","description":"Comp\u00e9tence et comp\u00e9tence. Proches de la pratique. L'ORGANISATEUR pr\u00e9pare 10 num\u00e9ros par an sur les th\u00e8mes essentiels pour les dirigeants de PME.","publisher":{"@id":"https:\/\/www.organisator.ch\/#organization"},"potentialAction":[{"@type":"SearchAction","target":{"@type":"EntryPoint","urlTemplate":"https:\/\/www.organisator.ch\/?s={search_term_string}"},"query-input":{"@type":"PropertyValueSpecification","valueRequired":true,"valueName":"search_term_string"}}],"inLanguage":"fr-FR"},{"@type":"Organization","@id":"https:\/\/www.organisator.ch\/#organization","name":"Organisateur","url":"https:\/\/www.organisator.ch\/","logo":{"@type":"ImageObject","inLanguage":"fr-FR","@id":"https:\/\/www.organisator.ch\/#\/schema\/logo\/image\/","url":"https:\/\/www.organisator.ch\/wp-content\/uploads\/2022\/01\/Logo_Organisator_Website.png","contentUrl":"https:\/\/www.organisator.ch\/wp-content\/uploads\/2022\/01\/Logo_Organisator_Website.png","width":800,"height":77,"caption":"Organisator"},"image":{"@id":"https:\/\/www.organisator.ch\/#\/schema\/logo\/image\/"},"sameAs":["https:\/\/www.facebook.com\/OrganisatorFachmagazin","https:\/\/www.linkedin.com\/showcase\/organisator-das-magazin-fr-kmu","https:\/\/www.xing.com\/news\/pages\/organisator-ch-695","https:\/\/www.youtube.com\/channel\/UCGP2Sq0iWaZwT3BdIAQFYpw"]},{"@type":"Person","@id":"https:\/\/www.organisator.ch\/#\/schema\/person\/4e51799071cd2dd1232ac003643ef5f0","name":"galledia","image":{"@type":"ImageObject","inLanguage":"fr-FR","@id":"https:\/\/secure.gravatar.com\/avatar\/78a7f90c01fc2bfc875782a0d4922b37cde2cf184ce347b91316d23cd7f69a36?s=96&d=mm&r=g","url":"https:\/\/secure.gravatar.com\/avatar\/78a7f90c01fc2bfc875782a0d4922b37cde2cf184ce347b91316d23cd7f69a36?s=96&d=mm&r=g","contentUrl":"https:\/\/secure.gravatar.com\/avatar\/78a7f90c01fc2bfc875782a0d4922b37cde2cf184ce347b91316d23cd7f69a36?s=96&d=mm&r=g","caption":"galledia"},"sameAs":["https:\/\/x.com\/admin"],"url":"https:\/\/www.organisator.ch\/fr\/author\/galledia\/"}]}},"_links":{"self":[{"href":"https:\/\/www.organisator.ch\/fr\/wp-json\/wp\/v2\/posts\/41837","targetHints":{"allow":["GET"]}}],"collection":[{"href":"https:\/\/www.organisator.ch\/fr\/wp-json\/wp\/v2\/posts"}],"about":[{"href":"https:\/\/www.organisator.ch\/fr\/wp-json\/wp\/v2\/types\/post"}],"author":[{"embeddable":true,"href":"https:\/\/www.organisator.ch\/fr\/wp-json\/wp\/v2\/users\/8"}],"replies":[{"embeddable":true,"href":"https:\/\/www.organisator.ch\/fr\/wp-json\/wp\/v2\/comments?post=41837"}],"version-history":[{"count":8,"href":"https:\/\/www.organisator.ch\/fr\/wp-json\/wp\/v2\/posts\/41837\/revisions"}],"predecessor-version":[{"id":41846,"href":"https:\/\/www.organisator.ch\/fr\/wp-json\/wp\/v2\/posts\/41837\/revisions\/41846"}],"wp:attachment":[{"href":"https:\/\/www.organisator.ch\/fr\/wp-json\/wp\/v2\/media?parent=41837"}],"wp:term":[{"taxonomy":"category","embeddable":true,"href":"https:\/\/www.organisator.ch\/fr\/wp-json\/wp\/v2\/categories?post=41837"},{"taxonomy":"post_tag","embeddable":true,"href":"https:\/\/www.organisator.ch\/fr\/wp-json\/wp\/v2\/tags?post=41837"}],"curies":[{"name":"wp","href":"https:\/\/api.w.org\/{rel}","templated":true}]}}