{"id":4189,"date":"2021-05-07T18:01:14","date_gmt":"2021-05-07T16:01:14","guid":{"rendered":"https:\/\/www.umweltperspektiven.ch\/?p=4189"},"modified":"2022-02-09T11:06:08","modified_gmt":"2022-02-09T10:06:08","slug":"gruener-wasserstoff-wird-2030-wettbewerbsfaehig","status":"publish","type":"post","link":"https:\/\/www.organisator.ch\/fr\/sustainability\/2021-05-07\/gruener-wasserstoff-wird-2030-wettbewerbsfaehig\/","title":{"rendered":"L'hydrog\u00e8ne vert sera comp\u00e9titif en 2030"},"content":{"rendered":"<figure id=\"attachment_4190\" aria-describedby=\"caption-attachment-4190\" style=\"width: 680px\" class=\"wp-caption aligncenter\"><img loading=\"lazy\" decoding=\"async\" class=\"size-medium wp-image-4190\" src=\"\/\/www.umweltperspektiven.ch\/wp-content\/uploads\/2021\/05\/Depositphotos_7496629_s-2019.jpg\" alt=\"\" width=\"680\" height=\"510\" srcset=\"https:\/\/www.organisator.ch\/wp-content\/uploads\/2021\/05\/Depositphotos_7496629_s-2019.jpg 1000w, https:\/\/www.organisator.ch\/wp-content\/uploads\/2021\/05\/Depositphotos_7496629_s-2019-680x510.jpg 680w, https:\/\/www.organisator.ch\/wp-content\/uploads\/2021\/05\/Depositphotos_7496629_s-2019-768x576.jpg 768w, https:\/\/www.organisator.ch\/wp-content\/uploads\/2021\/05\/Depositphotos_7496629_s-2019-16x12.jpg 16w, https:\/\/www.organisator.ch\/wp-content\/uploads\/2021\/05\/Depositphotos_7496629_s-2019-233x175.jpg 233w, https:\/\/www.organisator.ch\/wp-content\/uploads\/2021\/05\/Depositphotos_7496629_s-2019-467x350.jpg 467w, https:\/\/www.organisator.ch\/wp-content\/uploads\/2021\/05\/Depositphotos_7496629_s-2019-920x690.jpg 920w, https:\/\/www.organisator.ch\/wp-content\/uploads\/2021\/05\/Depositphotos_7496629_s-2019-300x225.jpg 300w\" sizes=\"auto, (max-width: 680px) 100vw, 680px\" \/><figcaption id=\"caption-attachment-4190\" class=\"wp-caption-text\">Une station-service \u00e0 hydrog\u00e8ne. \u00a9 Depositphotos, Mona Makela<\/figcaption><\/figure>\n<p>Si l'on se base sur une tendance durable continue, dans laquelle les hydrocarbures sont progressivement remplac\u00e9s dans l'\u00e9conomie, la demande mondiale d'hydrog\u00e8ne devrait presque doubler entre 2019 et 2040, passant de 71 Mt \u00e0 137 Mt, selon PwC. D'ici 2070, elle devrait m\u00eame se multiplier par sept pour atteindre 519 Mt. En 2070, ces quantit\u00e9s seraient principalement utilis\u00e9es dans le secteur des transports (30%), dans le trafic a\u00e9rien (20%), dans l'industrie (15%) ou pour la production d'\u00e9nergie (15%).<\/p>\n<h2><strong>Stimuler via des subventions<\/strong><\/h2>\n<p>En Suisse, il existe d\u00e9j\u00e0 des projets priv\u00e9s qui encouragent l'utilisation de camions \u00e0 hydrog\u00e8ne. En outre, l'hydrog\u00e8ne vert poss\u00e8de, par exemple dans la production d'acier ou dans la fabrication de k\u00e9ros\u00e8ne synth\u00e9tique, le potentiel de r\u00e9duire les \u00e9missions dans des domaines o\u00f9 cela n'\u00e9tait gu\u00e8re possible jusqu'\u00e0 pr\u00e9sent pour des raisons d'efficacit\u00e9 \u00e9nerg\u00e9tique.<\/p>\n<p>\"Le premier d\u00e9fi consiste \u00e0 stimuler de mani\u00e8re cibl\u00e9e la demande d'hydrog\u00e8ne \u00e0 faible teneur en carbone en Europe par le biais de subventions. Lors de la planification des programmes de soutien correspondants, les \u00c9tats devraient d'abord se concentrer sur les clusters industriels qui luttent contre leur propre d\u00e9carbonisation, mais qui apportent certaines \u00e9conomies d'\u00e9chelle et, dans l'id\u00e9al, une infrastructure compatible avec l'hydrog\u00e8ne comme les pipelines. Outre les incitations financi\u00e8res, il est \u00e9galement important de cr\u00e9er des plateformes pionni\u00e8res afin que les entreprises int\u00e9ress\u00e9es puissent r\u00e9duire les risques d'investissement par le biais de coop\u00e9rations strat\u00e9giques\", estime Matthias Witzemann, co-auteur de l'\u00e9tude et associ\u00e9 chez Strategy&amp; Autriche.<\/p>\n<p>Pour que l'hydrog\u00e8ne vert perce, il faut \u00e9galement surmonter le surco\u00fbt du c\u00f4t\u00e9 de l'offre par rapport aux technologies \u00e0 forte teneur en carbone. Actuellement, l'\u00e9lectricit\u00e9 utilis\u00e9e dans le processus de production repr\u00e9sente 60-70% des co\u00fbts variables de l'hydrog\u00e8ne vert. Il pourrait toutefois devenir comp\u00e9titif en grandes quantit\u00e9s d\u00e8s 2030 si les co\u00fbts de production de l'\u00e9lectricit\u00e9 (LCOE - levelized cost of energy) des \u00e9nergies renouvelables tombent en dessous de 20 dollars US par m\u00e9gawattheure et si les taxes sur le CO2 augmentent en m\u00eame temps, comme l'\u00e9crit PwC.<\/p>\n<h2><strong>La Suisse pourrait utiliser le r\u00e9seau de gaz naturel pour le transport d'hydrog\u00e8ne<\/strong><\/h2>\n<p>En raison de l'augmentation massive des besoins \u00e9nerg\u00e9tiques pour la production d'hydrog\u00e8ne, ce sont surtout les pays \u00e0 fort potentiel d'\u00e9nergies renouvelables, comme le Canada ou le Maroc, qui deviendraient des exportateurs potentiels d'\u00e9lectricit\u00e9 verte ou d'hydrog\u00e8ne vert. En revanche, les pays industrialis\u00e9s comme l'Allemagne, la France ou encore le Japon auraient plut\u00f4t tendance \u00e0 importer. Outre la disponibilit\u00e9 d'une \u00e9nergie verte bon march\u00e9, l'eau est \u00e9galement un facteur d'implantation critique. Comme il faut 22 litres d'eau pour produire un kilo d'hydrog\u00e8ne, les zones industrielles dens\u00e9ment peupl\u00e9es ne conviendraient que de mani\u00e8re limit\u00e9e comme lieux de production.<\/p>\n<p>\"Pour que l'hydrog\u00e8ne vert perce, il faut rapprocher l'offre et la demande par des voies de transport et des possibilit\u00e9s de stockage intelligentes. La Suisse, par exemple, dispose d'un r\u00e9seau de gaz naturel tr\u00e8s bien d\u00e9velopp\u00e9 qui pourrait \u00eatre utilis\u00e9 pour le transport d'hydrog\u00e8ne moyennant quelques adaptations\", explique Marc Schmidli, associ\u00e9 et Deals and Valuation Leader chez PwC Suisse.<\/p>\n<p>Avec l'augmentation de la demande, 6'800 kilom\u00e8tres de lignes seraient n\u00e9cessaires en Europe en 2030 et 23'000 kilom\u00e8tres d\u00e8s 2040 pour le transport de l'hydrog\u00e8ne. Le march\u00e9 de l'hydrog\u00e8ne du futur doit en outre \u00eatre pens\u00e9 \u00e0 l'\u00e9chelle mondiale afin de pouvoir profiter de l'\u00e9lectricit\u00e9 verte bon march\u00e9 des nations exportatrices. \"Par le biais du dialogue avec les r\u00e9gulateurs et l'utilisation cibl\u00e9e de mesures d'incitation, les entreprises auront la chance de participer \u00e0 la mise en place du march\u00e9\", ajoute Marc Schmidli.<\/p>\n<p>La strat\u00e9gie europ\u00e9enne pour l'hydrog\u00e8ne pr\u00e9voit avant tout le d\u00e9veloppement d'un programme d'investissement visant \u00e0 encourager les investissements strat\u00e9giques dans les technologies de l'hydrog\u00e8ne respectueuses de l'environnement et \u00e0 stimuler la production et l'utilisation de ce vecteur d'\u00e9nergie verte. En outre, il est pr\u00e9vu d'introduire un cadre r\u00e9glementaire pour le march\u00e9 europ\u00e9en de l'hydrog\u00e8ne. La strat\u00e9gie est compl\u00e9t\u00e9e par le soutien \u00e0 la recherche et \u00e0 l'innovation ainsi que par le renforcement de la coop\u00e9ration internationale.<\/p>\n<p>\"L'hydrog\u00e8ne jouera un r\u00f4le central dans la r\u00e9alisation des objectifs ESG. Outre le potentiel de r\u00e9duction des \u00e9missions, les opportunit\u00e9s de maintien du r\u00f4le de pionnier technologique et de la place \u00e9conomique sont des crit\u00e8res importants de la strat\u00e9gie europ\u00e9enne pour l'hydrog\u00e8ne. Pour financer le changement et d\u00e9velopper le march\u00e9 naissant, il faut maintenant que les investisseurs prennent davantage conscience de l'hydrog\u00e8ne en tant que possibilit\u00e9 d'investissement vert\", commente Peter Gassmann, directeur europ\u00e9en de <a href=\"\/\/www.strategyand.pwc.com\/ch\">Strategy&amp; et leader mondial ESG<\/a> chez PwC.<\/p>\n<p><em>Source : PwC<\/em><\/p>\n<p><em><strong>Plus d'articles sur le sujet :<\/strong> <a href=\"\/\/www.umweltperspektiven.ch\/wer-mit-h2-faehrt-spart-mineraloelsteuer-und-lsva\/\">Rouler au H2, c'est \u00e9conomiser l'imp\u00f4t sur les huiles min\u00e9rales et la RPLP<\/a><\/em><\/p>","protected":false},"excerpt":{"rendered":"<p>Ausgehend von einem anhaltenden Nachhaltigkeitstrend, in dem Kohlenwasserstoffe in der Wirtschaft sukzessive ersetzt werden, wird sich die globale Wasserstoffnachfrage zwischen 2019 und 2040 von 71 Mt auf 137 Mt fast verdoppeln, wie PwC schreibt. Bis zum Jahr 2070 werde sogar eine Versiebenfachung auf 519 Mt erwartet. Diese Mengen w\u00fcrden 2070 vor allem im Transportwesen (30%), [&hellip;]<\/p>\n","protected":false},"author":6,"featured_media":4190,"comment_status":"closed","ping_status":"closed","sticky":false,"template":"","format":"standard","meta":{"_acf_changed":false,"_yoast_wpseo_focuskw":"Wasserstoff","_yoast_wpseo_metadesc":"Der Aufbau einer kohlenstoffarmen Wasserstoffwirtschaft kann laut Studie ein entscheidender Eckpfeiler der Energiewende sein.","articlekey":"","footnotes":""},"categories":[580],"tags":[584,460,2524],"class_list":["post-4189","post","type-post","status-publish","format-standard","has-post-thumbnail","hentry","category-sustainability","tag-energie","tag-studien","tag-wasserstoff"],"acf":[],"yoast_head":"<!-- This site is optimized with the Yoast SEO plugin v27.4 - https:\/\/yoast.com\/product\/yoast-seo-wordpress\/ -->\n<title>Gr\u00fcner Wasserstoff wird 2030 wettbewerbsf\u00e4hig - Organisator<\/title>\n<meta name=\"description\" content=\"Der Aufbau einer kohlenstoffarmen Wasserstoffwirtschaft kann laut Studie ein entscheidender Eckpfeiler der Energiewende sein.\" \/>\n<meta name=\"robots\" content=\"index, follow, max-snippet:-1, max-image-preview:large, max-video-preview:-1\" \/>\n<link rel=\"canonical\" href=\"https:\/\/www.organisator.ch\/fr\/sustainability\/2021-05-07\/gruener-wasserstoff-wird-2030-wettbewerbsfaehig\/\" \/>\n<meta property=\"og:locale\" content=\"fr_FR\" \/>\n<meta property=\"og:type\" content=\"article\" \/>\n<meta property=\"og:title\" content=\"Gr\u00fcner Wasserstoff wird 2030 wettbewerbsf\u00e4hig - Organisator\" \/>\n<meta property=\"og:description\" content=\"Der Aufbau einer kohlenstoffarmen Wasserstoffwirtschaft kann laut Studie ein entscheidender Eckpfeiler der Energiewende sein.\" \/>\n<meta property=\"og:url\" content=\"https:\/\/www.organisator.ch\/fr\/sustainability\/2021-05-07\/gruener-wasserstoff-wird-2030-wettbewerbsfaehig\/\" \/>\n<meta property=\"og:site_name\" content=\"Organisator\" \/>\n<meta property=\"article:publisher\" content=\"https:\/\/www.facebook.com\/OrganisatorFachmagazin\" \/>\n<meta property=\"article:published_time\" content=\"2021-05-07T16:01:14+00:00\" \/>\n<meta property=\"article:modified_time\" content=\"2022-02-09T10:06:08+00:00\" \/>\n<meta property=\"og:image\" content=\"https:\/\/www.organisator.ch\/wp-content\/uploads\/2021\/05\/Depositphotos_7496629_s-2019.jpg\" \/>\n\t<meta property=\"og:image:width\" content=\"1000\" \/>\n\t<meta property=\"og:image:height\" content=\"750\" \/>\n\t<meta property=\"og:image:type\" content=\"image\/jpeg\" \/>\n<meta name=\"author\" content=\"roger.straessle\" \/>\n<meta name=\"twitter:card\" content=\"summary_large_image\" \/>\n<script type=\"application\/ld+json\" class=\"yoast-schema-graph\">{\"@context\":\"https:\\\/\\\/schema.org\",\"@graph\":[{\"@type\":\"Article\",\"@id\":\"https:\\\/\\\/www.organisator.ch\\\/sustainability\\\/2021-05-07\\\/gruener-wasserstoff-wird-2030-wettbewerbsfaehig\\\/#article\",\"isPartOf\":{\"@id\":\"https:\\\/\\\/www.organisator.ch\\\/sustainability\\\/2021-05-07\\\/gruener-wasserstoff-wird-2030-wettbewerbsfaehig\\\/\"},\"author\":{\"name\":\"roger.straessle\",\"@id\":\"https:\\\/\\\/www.organisator.ch\\\/#\\\/schema\\\/person\\\/a800b8c54e208b160517a7dcc323161d\"},\"headline\":\"Gr\u00fcner Wasserstoff wird 2030 wettbewerbsf\u00e4hig\",\"datePublished\":\"2021-05-07T16:01:14+00:00\",\"dateModified\":\"2022-02-09T10:06:08+00:00\",\"mainEntityOfPage\":{\"@id\":\"https:\\\/\\\/www.organisator.ch\\\/sustainability\\\/2021-05-07\\\/gruener-wasserstoff-wird-2030-wettbewerbsfaehig\\\/\"},\"wordCount\":670,\"publisher\":{\"@id\":\"https:\\\/\\\/www.organisator.ch\\\/#organization\"},\"image\":{\"@id\":\"https:\\\/\\\/www.organisator.ch\\\/sustainability\\\/2021-05-07\\\/gruener-wasserstoff-wird-2030-wettbewerbsfaehig\\\/#primaryimage\"},\"thumbnailUrl\":\"https:\\\/\\\/www.organisator.ch\\\/wp-content\\\/uploads\\\/2021\\\/05\\\/Depositphotos_7496629_s-2019.jpg\",\"keywords\":[\"ENERGIE\",\"Studien\",\"Wasserstoff\"],\"articleSection\":[\"SUSTAINABILITY\"],\"inLanguage\":\"fr-FR\"},{\"@type\":\"WebPage\",\"@id\":\"https:\\\/\\\/www.organisator.ch\\\/sustainability\\\/2021-05-07\\\/gruener-wasserstoff-wird-2030-wettbewerbsfaehig\\\/\",\"url\":\"https:\\\/\\\/www.organisator.ch\\\/sustainability\\\/2021-05-07\\\/gruener-wasserstoff-wird-2030-wettbewerbsfaehig\\\/\",\"name\":\"Gr\u00fcner Wasserstoff wird 2030 wettbewerbsf\u00e4hig - Organisator\",\"isPartOf\":{\"@id\":\"https:\\\/\\\/www.organisator.ch\\\/#website\"},\"primaryImageOfPage\":{\"@id\":\"https:\\\/\\\/www.organisator.ch\\\/sustainability\\\/2021-05-07\\\/gruener-wasserstoff-wird-2030-wettbewerbsfaehig\\\/#primaryimage\"},\"image\":{\"@id\":\"https:\\\/\\\/www.organisator.ch\\\/sustainability\\\/2021-05-07\\\/gruener-wasserstoff-wird-2030-wettbewerbsfaehig\\\/#primaryimage\"},\"thumbnailUrl\":\"https:\\\/\\\/www.organisator.ch\\\/wp-content\\\/uploads\\\/2021\\\/05\\\/Depositphotos_7496629_s-2019.jpg\",\"datePublished\":\"2021-05-07T16:01:14+00:00\",\"dateModified\":\"2022-02-09T10:06:08+00:00\",\"description\":\"Der Aufbau einer kohlenstoffarmen Wasserstoffwirtschaft kann laut Studie ein entscheidender Eckpfeiler der Energiewende sein.\",\"breadcrumb\":{\"@id\":\"https:\\\/\\\/www.organisator.ch\\\/sustainability\\\/2021-05-07\\\/gruener-wasserstoff-wird-2030-wettbewerbsfaehig\\\/#breadcrumb\"},\"inLanguage\":\"fr-FR\",\"potentialAction\":[{\"@type\":\"ReadAction\",\"target\":[\"https:\\\/\\\/www.organisator.ch\\\/sustainability\\\/2021-05-07\\\/gruener-wasserstoff-wird-2030-wettbewerbsfaehig\\\/\"]}]},{\"@type\":\"ImageObject\",\"inLanguage\":\"fr-FR\",\"@id\":\"https:\\\/\\\/www.organisator.ch\\\/sustainability\\\/2021-05-07\\\/gruener-wasserstoff-wird-2030-wettbewerbsfaehig\\\/#primaryimage\",\"url\":\"https:\\\/\\\/www.organisator.ch\\\/wp-content\\\/uploads\\\/2021\\\/05\\\/Depositphotos_7496629_s-2019.jpg\",\"contentUrl\":\"https:\\\/\\\/www.organisator.ch\\\/wp-content\\\/uploads\\\/2021\\\/05\\\/Depositphotos_7496629_s-2019.jpg\",\"width\":1000,\"height\":750,\"caption\":\"Eine Wasserstofftankstelle. \u00a9 Depositphotos, Mona Makela\"},{\"@type\":\"BreadcrumbList\",\"@id\":\"https:\\\/\\\/www.organisator.ch\\\/sustainability\\\/2021-05-07\\\/gruener-wasserstoff-wird-2030-wettbewerbsfaehig\\\/#breadcrumb\",\"itemListElement\":[{\"@type\":\"ListItem\",\"position\":1,\"name\":\"Home\",\"item\":\"https:\\\/\\\/www.organisator.ch\\\/\"},{\"@type\":\"ListItem\",\"position\":2,\"name\":\"Gr\u00fcner Wasserstoff wird 2030 wettbewerbsf\u00e4hig\"}]},{\"@type\":\"WebSite\",\"@id\":\"https:\\\/\\\/www.organisator.ch\\\/#website\",\"url\":\"https:\\\/\\\/www.organisator.ch\\\/\",\"name\":\"Organisator\",\"description\":\"Kompetent. Praxisnah. Der ORGANISATOR bereitet in 10 Ausgaben pro Jahr die wesentlichen Themen f\u00fcr F\u00fchrungskr\u00e4fte von KMU auf.\",\"publisher\":{\"@id\":\"https:\\\/\\\/www.organisator.ch\\\/#organization\"},\"potentialAction\":[{\"@type\":\"SearchAction\",\"target\":{\"@type\":\"EntryPoint\",\"urlTemplate\":\"https:\\\/\\\/www.organisator.ch\\\/?s={search_term_string}\"},\"query-input\":{\"@type\":\"PropertyValueSpecification\",\"valueRequired\":true,\"valueName\":\"search_term_string\"}}],\"inLanguage\":\"fr-FR\"},{\"@type\":\"Organization\",\"@id\":\"https:\\\/\\\/www.organisator.ch\\\/#organization\",\"name\":\"Organisator\",\"url\":\"https:\\\/\\\/www.organisator.ch\\\/\",\"logo\":{\"@type\":\"ImageObject\",\"inLanguage\":\"fr-FR\",\"@id\":\"https:\\\/\\\/www.organisator.ch\\\/#\\\/schema\\\/logo\\\/image\\\/\",\"url\":\"https:\\\/\\\/www.organisator.ch\\\/wp-content\\\/uploads\\\/2022\\\/01\\\/Logo_Organisator_Website.png\",\"contentUrl\":\"https:\\\/\\\/www.organisator.ch\\\/wp-content\\\/uploads\\\/2022\\\/01\\\/Logo_Organisator_Website.png\",\"width\":800,\"height\":77,\"caption\":\"Organisator\"},\"image\":{\"@id\":\"https:\\\/\\\/www.organisator.ch\\\/#\\\/schema\\\/logo\\\/image\\\/\"},\"sameAs\":[\"https:\\\/\\\/www.facebook.com\\\/OrganisatorFachmagazin\",\"https:\\\/\\\/www.linkedin.com\\\/showcase\\\/organisator-das-magazin-fr-kmu\",\"https:\\\/\\\/www.xing.com\\\/news\\\/pages\\\/organisator-ch-695\",\"https:\\\/\\\/www.youtube.com\\\/channel\\\/UCGP2Sq0iWaZwT3BdIAQFYpw\"]},{\"@type\":\"Person\",\"@id\":\"https:\\\/\\\/www.organisator.ch\\\/#\\\/schema\\\/person\\\/a800b8c54e208b160517a7dcc323161d\",\"name\":\"roger.straessle\",\"image\":{\"@type\":\"ImageObject\",\"inLanguage\":\"fr-FR\",\"@id\":\"https:\\\/\\\/secure.gravatar.com\\\/avatar\\\/?s=96&d=mm&r=g\",\"url\":\"https:\\\/\\\/secure.gravatar.com\\\/avatar\\\/?s=96&d=mm&r=g\",\"contentUrl\":\"https:\\\/\\\/secure.gravatar.com\\\/avatar\\\/?s=96&d=mm&r=g\",\"caption\":\"roger.straessle\"},\"url\":\"https:\\\/\\\/www.organisator.ch\\\/fr\\\/author\\\/roger-straessle\\\/\"}]}<\/script>\n<!-- \/ Yoast SEO plugin. -->","yoast_head_json":{"title":"L'hydrog\u00e8ne vert sera comp\u00e9titif en 2030 - Organisateur","description":"Selon l'\u00e9tude, le d\u00e9veloppement d'une \u00e9conomie de l'hydrog\u00e8ne \u00e0 faible teneur en carbone peut \u00eatre une pierre angulaire d\u00e9cisive de la transition \u00e9nerg\u00e9tique.","robots":{"index":"index","follow":"follow","max-snippet":"max-snippet:-1","max-image-preview":"max-image-preview:large","max-video-preview":"max-video-preview:-1"},"canonical":"https:\/\/www.organisator.ch\/fr\/sustainability\/2021-05-07\/gruener-wasserstoff-wird-2030-wettbewerbsfaehig\/","og_locale":"fr_FR","og_type":"article","og_title":"Gr\u00fcner Wasserstoff wird 2030 wettbewerbsf\u00e4hig - Organisator","og_description":"Der Aufbau einer kohlenstoffarmen Wasserstoffwirtschaft kann laut Studie ein entscheidender Eckpfeiler der Energiewende sein.","og_url":"https:\/\/www.organisator.ch\/fr\/sustainability\/2021-05-07\/gruener-wasserstoff-wird-2030-wettbewerbsfaehig\/","og_site_name":"Organisator","article_publisher":"https:\/\/www.facebook.com\/OrganisatorFachmagazin","article_published_time":"2021-05-07T16:01:14+00:00","article_modified_time":"2022-02-09T10:06:08+00:00","og_image":[{"width":1000,"height":750,"url":"https:\/\/www.organisator.ch\/wp-content\/uploads\/2021\/05\/Depositphotos_7496629_s-2019.jpg","type":"image\/jpeg"}],"author":"roger.straessle","twitter_card":"summary_large_image","schema":{"@context":"https:\/\/schema.org","@graph":[{"@type":"Article","@id":"https:\/\/www.organisator.ch\/sustainability\/2021-05-07\/gruener-wasserstoff-wird-2030-wettbewerbsfaehig\/#article","isPartOf":{"@id":"https:\/\/www.organisator.ch\/sustainability\/2021-05-07\/gruener-wasserstoff-wird-2030-wettbewerbsfaehig\/"},"author":{"name":"roger.straessle","@id":"https:\/\/www.organisator.ch\/#\/schema\/person\/a800b8c54e208b160517a7dcc323161d"},"headline":"Gr\u00fcner Wasserstoff wird 2030 wettbewerbsf\u00e4hig","datePublished":"2021-05-07T16:01:14+00:00","dateModified":"2022-02-09T10:06:08+00:00","mainEntityOfPage":{"@id":"https:\/\/www.organisator.ch\/sustainability\/2021-05-07\/gruener-wasserstoff-wird-2030-wettbewerbsfaehig\/"},"wordCount":670,"publisher":{"@id":"https:\/\/www.organisator.ch\/#organization"},"image":{"@id":"https:\/\/www.organisator.ch\/sustainability\/2021-05-07\/gruener-wasserstoff-wird-2030-wettbewerbsfaehig\/#primaryimage"},"thumbnailUrl":"https:\/\/www.organisator.ch\/wp-content\/uploads\/2021\/05\/Depositphotos_7496629_s-2019.jpg","keywords":["ENERGIE","Studien","Wasserstoff"],"articleSection":["SUSTAINABILITY"],"inLanguage":"fr-FR"},{"@type":"WebPage","@id":"https:\/\/www.organisator.ch\/sustainability\/2021-05-07\/gruener-wasserstoff-wird-2030-wettbewerbsfaehig\/","url":"https:\/\/www.organisator.ch\/sustainability\/2021-05-07\/gruener-wasserstoff-wird-2030-wettbewerbsfaehig\/","name":"L'hydrog\u00e8ne vert sera comp\u00e9titif en 2030 - Organisateur","isPartOf":{"@id":"https:\/\/www.organisator.ch\/#website"},"primaryImageOfPage":{"@id":"https:\/\/www.organisator.ch\/sustainability\/2021-05-07\/gruener-wasserstoff-wird-2030-wettbewerbsfaehig\/#primaryimage"},"image":{"@id":"https:\/\/www.organisator.ch\/sustainability\/2021-05-07\/gruener-wasserstoff-wird-2030-wettbewerbsfaehig\/#primaryimage"},"thumbnailUrl":"https:\/\/www.organisator.ch\/wp-content\/uploads\/2021\/05\/Depositphotos_7496629_s-2019.jpg","datePublished":"2021-05-07T16:01:14+00:00","dateModified":"2022-02-09T10:06:08+00:00","description":"Selon l'\u00e9tude, le d\u00e9veloppement d'une \u00e9conomie de l'hydrog\u00e8ne \u00e0 faible teneur en carbone peut \u00eatre une pierre angulaire d\u00e9cisive de la transition \u00e9nerg\u00e9tique.","breadcrumb":{"@id":"https:\/\/www.organisator.ch\/sustainability\/2021-05-07\/gruener-wasserstoff-wird-2030-wettbewerbsfaehig\/#breadcrumb"},"inLanguage":"fr-FR","potentialAction":[{"@type":"ReadAction","target":["https:\/\/www.organisator.ch\/sustainability\/2021-05-07\/gruener-wasserstoff-wird-2030-wettbewerbsfaehig\/"]}]},{"@type":"ImageObject","inLanguage":"fr-FR","@id":"https:\/\/www.organisator.ch\/sustainability\/2021-05-07\/gruener-wasserstoff-wird-2030-wettbewerbsfaehig\/#primaryimage","url":"https:\/\/www.organisator.ch\/wp-content\/uploads\/2021\/05\/Depositphotos_7496629_s-2019.jpg","contentUrl":"https:\/\/www.organisator.ch\/wp-content\/uploads\/2021\/05\/Depositphotos_7496629_s-2019.jpg","width":1000,"height":750,"caption":"Eine Wasserstofftankstelle. \u00a9 Depositphotos, Mona Makela"},{"@type":"BreadcrumbList","@id":"https:\/\/www.organisator.ch\/sustainability\/2021-05-07\/gruener-wasserstoff-wird-2030-wettbewerbsfaehig\/#breadcrumb","itemListElement":[{"@type":"ListItem","position":1,"name":"Home","item":"https:\/\/www.organisator.ch\/"},{"@type":"ListItem","position":2,"name":"Gr\u00fcner Wasserstoff wird 2030 wettbewerbsf\u00e4hig"}]},{"@type":"WebSite","@id":"https:\/\/www.organisator.ch\/#website","url":"https:\/\/www.organisator.ch\/","name":"Organisateur","description":"Comp\u00e9tence et comp\u00e9tence. Proches de la pratique. L'ORGANISATEUR pr\u00e9pare 10 num\u00e9ros par an sur les th\u00e8mes essentiels pour les dirigeants de PME.","publisher":{"@id":"https:\/\/www.organisator.ch\/#organization"},"potentialAction":[{"@type":"SearchAction","target":{"@type":"EntryPoint","urlTemplate":"https:\/\/www.organisator.ch\/?s={search_term_string}"},"query-input":{"@type":"PropertyValueSpecification","valueRequired":true,"valueName":"search_term_string"}}],"inLanguage":"fr-FR"},{"@type":"Organization","@id":"https:\/\/www.organisator.ch\/#organization","name":"Organisateur","url":"https:\/\/www.organisator.ch\/","logo":{"@type":"ImageObject","inLanguage":"fr-FR","@id":"https:\/\/www.organisator.ch\/#\/schema\/logo\/image\/","url":"https:\/\/www.organisator.ch\/wp-content\/uploads\/2022\/01\/Logo_Organisator_Website.png","contentUrl":"https:\/\/www.organisator.ch\/wp-content\/uploads\/2022\/01\/Logo_Organisator_Website.png","width":800,"height":77,"caption":"Organisator"},"image":{"@id":"https:\/\/www.organisator.ch\/#\/schema\/logo\/image\/"},"sameAs":["https:\/\/www.facebook.com\/OrganisatorFachmagazin","https:\/\/www.linkedin.com\/showcase\/organisator-das-magazin-fr-kmu","https:\/\/www.xing.com\/news\/pages\/organisator-ch-695","https:\/\/www.youtube.com\/channel\/UCGP2Sq0iWaZwT3BdIAQFYpw"]},{"@type":"Person","@id":"https:\/\/www.organisator.ch\/#\/schema\/person\/a800b8c54e208b160517a7dcc323161d","name":"roger.straessle","image":{"@type":"ImageObject","inLanguage":"fr-FR","@id":"https:\/\/secure.gravatar.com\/avatar\/?s=96&d=mm&r=g","url":"https:\/\/secure.gravatar.com\/avatar\/?s=96&d=mm&r=g","contentUrl":"https:\/\/secure.gravatar.com\/avatar\/?s=96&d=mm&r=g","caption":"roger.straessle"},"url":"https:\/\/www.organisator.ch\/fr\/author\/roger-straessle\/"}]}},"_links":{"self":[{"href":"https:\/\/www.organisator.ch\/fr\/wp-json\/wp\/v2\/posts\/4189","targetHints":{"allow":["GET"]}}],"collection":[{"href":"https:\/\/www.organisator.ch\/fr\/wp-json\/wp\/v2\/posts"}],"about":[{"href":"https:\/\/www.organisator.ch\/fr\/wp-json\/wp\/v2\/types\/post"}],"author":[{"embeddable":true,"href":"https:\/\/www.organisator.ch\/fr\/wp-json\/wp\/v2\/users\/6"}],"replies":[{"embeddable":true,"href":"https:\/\/www.organisator.ch\/fr\/wp-json\/wp\/v2\/comments?post=4189"}],"version-history":[{"count":1,"href":"https:\/\/www.organisator.ch\/fr\/wp-json\/wp\/v2\/posts\/4189\/revisions"}],"predecessor-version":[{"id":10483,"href":"https:\/\/www.organisator.ch\/fr\/wp-json\/wp\/v2\/posts\/4189\/revisions\/10483"}],"wp:featuredmedia":[{"embeddable":true,"href":"https:\/\/www.organisator.ch\/fr\/wp-json\/wp\/v2\/media\/4190"}],"wp:attachment":[{"href":"https:\/\/www.organisator.ch\/fr\/wp-json\/wp\/v2\/media?parent=4189"}],"wp:term":[{"taxonomy":"category","embeddable":true,"href":"https:\/\/www.organisator.ch\/fr\/wp-json\/wp\/v2\/categories?post=4189"},{"taxonomy":"post_tag","embeddable":true,"href":"https:\/\/www.organisator.ch\/fr\/wp-json\/wp\/v2\/tags?post=4189"}],"curies":[{"name":"wp","href":"https:\/\/api.w.org\/{rel}","templated":true}]}}