{"id":41971,"date":"2025-11-13T08:38:33","date_gmt":"2025-11-13T07:38:33","guid":{"rendered":"https:\/\/www.m-q.ch\/?p=22126"},"modified":"2025-11-13T11:32:04","modified_gmt":"2025-11-13T10:32:04","slug":"schweizer-industrie-ist-nicht-ausreichend-krisenbereit","status":"publish","type":"post","link":"https:\/\/www.organisator.ch\/fr\/operational-excellence\/2025-11-13\/schweizer-industrie-ist-nicht-ausreichend-krisenbereit\/","title":{"rendered":"L'industrie suisse n'est pas suffisamment pr\u00eate \u00e0 affronter la crise"},"content":{"rendered":"<figure id=\"attachment_22127\" class=\"wp-caption alignnone\" style=\"width: 680px;\" aria-describedby=\"caption-attachment-22127\"><img class=\"size-full wp-image-22127\" src=\"https:\/\/www.m-q.ch\/wp-content\/uploads\/2025\/11\/Schweizer-Industrie-ist-nicht-ausreichend-krisenbereit_MQ.jpg\" sizes=\"(max-width: 680px) 100vw, 680px\" srcset=\"https:\/\/www.m-q.ch\/wp-content\/uploads\/2025\/11\/Schweizer-Industrie-ist-nicht-ausreichend-krisenbereit_MQ.jpg 680w, https:\/\/www.m-q.ch\/wp-content\/uploads\/2025\/11\/Schweizer-Industrie-ist-nicht-ausreichend-krisenbereit_MQ-16x12.jpg 16w, https:\/\/www.m-q.ch\/wp-content\/uploads\/2025\/11\/Schweizer-Industrie-ist-nicht-ausreichend-krisenbereit_MQ-375x281.jpg 375w, https:\/\/www.m-q.ch\/wp-content\/uploads\/2025\/11\/Schweizer-Industrie-ist-nicht-ausreichend-krisenbereit_MQ-467x350.jpg 467w\" alt=\"\" width=\"680\" height=\"510\" \/>\r\n<figcaption id=\"caption-attachment-22127\" class=\"wp-caption-text\">Pas assez de r\u00e9silience : l'industrie suisse a du retard \u00e0 rattraper. (Image : geralt \/ pixabay.com)<\/figcaption>\r\n<\/figure>\r\n<p>En comparaison internationale, les entreprises industrielles suisses misent particuli\u00e8rement sur la transparence et la tra\u00e7abilit\u00e9 dans leurs cha\u00eenes d'approvisionnement, mais restent nettement \u00e0 la tra\u00eene en mati\u00e8re de r\u00e9silience. C'est ce que montre une nouvelle \u00e9tude de Dun &amp; Bradstreet. Alors que 21% des entreprises indiquent vouloir am\u00e9liorer en priorit\u00e9 la visibilit\u00e9 dans leur cha\u00eene d'approvisionnement, seules 14% donnent la priorit\u00e9 aux mesures visant \u00e0 renforcer la r\u00e9silience.<\/p>\r\n<h3><strong>Focalisation sur la transparence - mais sans vision approfondie<\/strong><\/h3>\r\n<p>Selon l'\u00e9tude, les fabricants suisses continuent de consid\u00e9rer les changements r\u00e9glementaires tels que les droits de douane et les sanctions comme l'un des plus grands risques (25 pour cent). Pourtant, seuls 3 pour cent des entreprises surveillent leur cha\u00eene d'approvisionnement compl\u00e8te \u00e0 plusieurs niveaux. Parall\u00e8lement, la Suisse poursuit la strat\u00e9gie de nearshoring la plus ambitieuse de la r\u00e9gion : 78 pour cent des entreprises industrielles interrog\u00e9es pr\u00e9voient de rapprocher la majeure partie ou la totalit\u00e9 de leur cha\u00eene d'approvisionnement de leur march\u00e9 national.<\/p>\r\n<p>\u00abLes entreprises industrielles suisses veulent comprendre avec qui elles collaborent dans leurs cha\u00eenes d'approvisionnement, mais il leur manque souvent une vue d'ensemble de la fiabilit\u00e9 et de la conformit\u00e9 r\u00e9elle de leurs structures de sous-traitance\u00bb, explique Bj\u00f6rn Gerster, Head of Manufacturing chez Dun &amp; Bradstreet. \u00abLa transparence est la premi\u00e8re \u00e9tape, mais sans donn\u00e9es solides sur les d\u00e9pendances, les risques et les sc\u00e9narios, elle reste un regard dans le r\u00e9troviseur\u00bb.\u00bb<\/p>\r\n<h3><strong>Le manque de technologie et de donn\u00e9es freine le progr\u00e8s<\/strong><\/h3>\r\n<p>L'\u00e9tude montre en outre que seul un petit tiers (29%) des entreprises suisses est en mesure d'utiliser les donn\u00e9es existantes dans leur forme actuelle pour prendre des d\u00e9cisions fond\u00e9es. La majorit\u00e9 des entreprises continuent de travailler avec des processus manuels, notamment pour les \u00e9valuations des fournisseurs, les analyses de risques et les donn\u00e9es clients. Seuls 10 \u00e0 15 pour cent environ de ces processus cl\u00e9s sont enti\u00e8rement automatis\u00e9s. De plus, l'acc\u00e8s int\u00e9gr\u00e9 aux donn\u00e9es fait souvent d\u00e9faut : seul un tiers environ des entreprises suisses dispose de<\/p>\r\n<ul>\r\n\t<li>Informations sur les droits de douane (28%)<\/li>\r\n\t<li>les risques de sanction et de conformit\u00e9 (30 %) ou<\/li>\r\n\t<li>indicateurs de durabilit\u00e9 (28 %) de leurs partenaires commerciaux.<\/li>\r\n<\/ul>\r\n<p>La Suisse se situe ainsi nettement derri\u00e8re d'autres march\u00e9s comme les \u00c9tats-Unis (51 % pour les donn\u00e9es douani\u00e8res) ou le Royaume-Uni (40 %). Cette fragmentation rend difficile l'identification pr\u00e9coce des risques et la mise en place de strat\u00e9gies de r\u00e9silience bas\u00e9es sur les donn\u00e9es.<\/p>\r\n<h3><strong>Entre transparence et v\u00e9ritable r\u00e9sistance<\/strong><\/h3>\r\n<p>Les r\u00e9sultats montrent clairement que les entreprises industrielles suisses accordent certes une grande importance \u00e0 la transparence dans leurs cha\u00eenes d'approvisionnement, mais qu'elles traduisent encore trop rarement cette visibilit\u00e9 en strat\u00e9gies de r\u00e9silience solides. Le manque d'int\u00e9gration des donn\u00e9es et le faible niveau d'automatisation freinent les progr\u00e8s, surtout dans un environnement de plus en plus marqu\u00e9 par les risques r\u00e9glementaires et g\u00e9opolitiques. \u00abLa transparence n'est pas un d\u00e9but, mais un r\u00e9sultat\u00bb, poursuit Gerster. \u00abUne base de donn\u00e9es solide permet d'identifier les risques, de les anticiper et de les g\u00e9rer de mani\u00e8re cibl\u00e9e, et c'est pr\u00e9cis\u00e9ment l\u00e0 que r\u00e9side un avantage concurrentiel d\u00e9cisif pour les entreprises orient\u00e9es vers l'exportation\u00bb.\u00bb<\/p>\r\n<p><em>Source : <a href=\"https:\/\/www.dnb.com\/de-ch\/\">Dun &amp; Bradstreet<\/a><\/em><\/p>\n<p class=\"syndicated-attribution\">Cet article est paru initialement sur m-q.ch - <a href=\"https:\/\/www.m-q.ch\/de\/schweizer-industrie-ist-nicht-ausreichend-krisenbereit\/\" target=\"_blank\">https:\/\/www.m-q.ch\/de\/schweizer-industrie-ist-nicht-ausreichend-krisenbereit\/<\/a><\/p>","protected":false},"excerpt":{"rendered":"<p>Une nouvelle \u00e9tude de Dun &amp; Bradstreet r\u00e9v\u00e8le d'importantes lacunes dans la r\u00e9silience de l'industrie suisse. Cela signifie qu'elle n'est pas assez bien pr\u00e9par\u00e9e aux crises.<\/p>","protected":false},"author":8,"featured_media":0,"comment_status":"closed","ping_status":"closed","sticky":false,"template":"","format":"standard","meta":{"_acf_changed":false,"_yoast_wpseo_focuskw":"krisenbereit","_yoast_wpseo_metadesc":"Zu wenig krisenbereit: Eine neue Studie von Dun & Bradstreet zeigt grosse L\u00fccken bei der Resilienz der Schweizer Industrie auf.","articlekey":"","footnotes":""},"categories":[582],"tags":[266,416,418,459],"class_list":["post-41971","post","type-post","status-publish","format-standard","hentry","category-operational-excellence","tag-industrie","tag-resilienz","tag-risikomanagement","tag-studie"],"acf":[],"yoast_head":"<!-- This site is optimized with the Yoast SEO plugin v27.5 - https:\/\/yoast.com\/product\/yoast-seo-wordpress\/ -->\n<title>Schweizer Industrie ist nicht ausreichend krisenbereit - Organisator<\/title>\n<meta name=\"description\" content=\"Zu wenig krisenbereit: Eine neue Studie von Dun &amp; Bradstreet zeigt grosse L\u00fccken bei der Resilienz der Schweizer Industrie auf.\" \/>\n<meta name=\"robots\" content=\"index, follow, max-snippet:-1, max-image-preview:large, max-video-preview:-1\" \/>\n<link rel=\"canonical\" href=\"https:\/\/www.organisator.ch\/fr\/excellence-operationnelle\/2025-11-13\/schweizer-industrie-ist-nicht-ausreichend-krisenbereit\/\" \/>\n<meta property=\"og:locale\" content=\"fr_FR\" \/>\n<meta property=\"og:type\" content=\"article\" \/>\n<meta property=\"og:title\" content=\"Schweizer Industrie ist nicht ausreichend krisenbereit - Organisator\" \/>\n<meta property=\"og:description\" content=\"Zu wenig krisenbereit: Eine neue Studie von Dun &amp; Bradstreet zeigt grosse L\u00fccken bei der Resilienz der Schweizer Industrie auf.\" \/>\n<meta property=\"og:url\" content=\"https:\/\/www.organisator.ch\/fr\/excellence-operationnelle\/2025-11-13\/schweizer-industrie-ist-nicht-ausreichend-krisenbereit\/\" \/>\n<meta property=\"og:site_name\" content=\"Organisator\" \/>\n<meta property=\"article:publisher\" content=\"https:\/\/www.facebook.com\/OrganisatorFachmagazin\" \/>\n<meta property=\"article:published_time\" content=\"2025-11-13T07:38:33+00:00\" \/>\n<meta property=\"article:modified_time\" content=\"2025-11-13T10:32:04+00:00\" \/>\n<meta name=\"author\" content=\"galledia\" \/>\n<meta name=\"twitter:card\" content=\"summary_large_image\" \/>\n<meta name=\"twitter:creator\" content=\"@admin\" \/>\n<script type=\"application\/ld+json\" class=\"yoast-schema-graph\">{\"@context\":\"https:\\\/\\\/schema.org\",\"@graph\":[{\"@type\":\"Article\",\"@id\":\"https:\\\/\\\/www.organisator.ch\\\/operational-excellence\\\/2025-11-13\\\/schweizer-industrie-ist-nicht-ausreichend-krisenbereit\\\/#article\",\"isPartOf\":{\"@id\":\"https:\\\/\\\/www.organisator.ch\\\/operational-excellence\\\/2025-11-13\\\/schweizer-industrie-ist-nicht-ausreichend-krisenbereit\\\/\"},\"author\":{\"name\":\"galledia\",\"@id\":\"https:\\\/\\\/www.organisator.ch\\\/#\\\/schema\\\/person\\\/4e51799071cd2dd1232ac003643ef5f0\"},\"headline\":\"Schweizer Industrie ist nicht ausreichend krisenbereit\",\"datePublished\":\"2025-11-13T07:38:33+00:00\",\"dateModified\":\"2025-11-13T10:32:04+00:00\",\"mainEntityOfPage\":{\"@id\":\"https:\\\/\\\/www.organisator.ch\\\/operational-excellence\\\/2025-11-13\\\/schweizer-industrie-ist-nicht-ausreichend-krisenbereit\\\/\"},\"wordCount\":425,\"publisher\":{\"@id\":\"https:\\\/\\\/www.organisator.ch\\\/#organization\"},\"image\":{\"@id\":\"https:\\\/\\\/www.organisator.ch\\\/operational-excellence\\\/2025-11-13\\\/schweizer-industrie-ist-nicht-ausreichend-krisenbereit\\\/#primaryimage\"},\"thumbnailUrl\":\"https:\\\/\\\/www.m-q.ch\\\/wp-content\\\/uploads\\\/2025\\\/11\\\/Schweizer-Industrie-ist-nicht-ausreichend-krisenbereit_MQ.jpg\",\"keywords\":[\"Industrie\",\"Resilienz\",\"Risikomanagement\",\"Studie\"],\"articleSection\":[\"OPERATIONAL EXCELLENCE\"],\"inLanguage\":\"fr-FR\"},{\"@type\":\"WebPage\",\"@id\":\"https:\\\/\\\/www.organisator.ch\\\/operational-excellence\\\/2025-11-13\\\/schweizer-industrie-ist-nicht-ausreichend-krisenbereit\\\/\",\"url\":\"https:\\\/\\\/www.organisator.ch\\\/operational-excellence\\\/2025-11-13\\\/schweizer-industrie-ist-nicht-ausreichend-krisenbereit\\\/\",\"name\":\"Schweizer Industrie ist nicht ausreichend krisenbereit - Organisator\",\"isPartOf\":{\"@id\":\"https:\\\/\\\/www.organisator.ch\\\/#website\"},\"primaryImageOfPage\":{\"@id\":\"https:\\\/\\\/www.organisator.ch\\\/operational-excellence\\\/2025-11-13\\\/schweizer-industrie-ist-nicht-ausreichend-krisenbereit\\\/#primaryimage\"},\"image\":{\"@id\":\"https:\\\/\\\/www.organisator.ch\\\/operational-excellence\\\/2025-11-13\\\/schweizer-industrie-ist-nicht-ausreichend-krisenbereit\\\/#primaryimage\"},\"thumbnailUrl\":\"https:\\\/\\\/www.m-q.ch\\\/wp-content\\\/uploads\\\/2025\\\/11\\\/Schweizer-Industrie-ist-nicht-ausreichend-krisenbereit_MQ.jpg\",\"datePublished\":\"2025-11-13T07:38:33+00:00\",\"dateModified\":\"2025-11-13T10:32:04+00:00\",\"description\":\"Zu wenig krisenbereit: Eine neue Studie von Dun & Bradstreet zeigt grosse L\u00fccken bei der Resilienz der Schweizer Industrie auf.\",\"breadcrumb\":{\"@id\":\"https:\\\/\\\/www.organisator.ch\\\/operational-excellence\\\/2025-11-13\\\/schweizer-industrie-ist-nicht-ausreichend-krisenbereit\\\/#breadcrumb\"},\"inLanguage\":\"fr-FR\",\"potentialAction\":[{\"@type\":\"ReadAction\",\"target\":[\"https:\\\/\\\/www.organisator.ch\\\/operational-excellence\\\/2025-11-13\\\/schweizer-industrie-ist-nicht-ausreichend-krisenbereit\\\/\"]}]},{\"@type\":\"ImageObject\",\"inLanguage\":\"fr-FR\",\"@id\":\"https:\\\/\\\/www.organisator.ch\\\/operational-excellence\\\/2025-11-13\\\/schweizer-industrie-ist-nicht-ausreichend-krisenbereit\\\/#primaryimage\",\"url\":\"https:\\\/\\\/www.m-q.ch\\\/wp-content\\\/uploads\\\/2025\\\/11\\\/Schweizer-Industrie-ist-nicht-ausreichend-krisenbereit_MQ.jpg\",\"contentUrl\":\"https:\\\/\\\/www.m-q.ch\\\/wp-content\\\/uploads\\\/2025\\\/11\\\/Schweizer-Industrie-ist-nicht-ausreichend-krisenbereit_MQ.jpg\"},{\"@type\":\"BreadcrumbList\",\"@id\":\"https:\\\/\\\/www.organisator.ch\\\/operational-excellence\\\/2025-11-13\\\/schweizer-industrie-ist-nicht-ausreichend-krisenbereit\\\/#breadcrumb\",\"itemListElement\":[{\"@type\":\"ListItem\",\"position\":1,\"name\":\"Home\",\"item\":\"https:\\\/\\\/www.organisator.ch\\\/\"},{\"@type\":\"ListItem\",\"position\":2,\"name\":\"Schweizer Industrie ist nicht ausreichend krisenbereit\"}]},{\"@type\":\"WebSite\",\"@id\":\"https:\\\/\\\/www.organisator.ch\\\/#website\",\"url\":\"https:\\\/\\\/www.organisator.ch\\\/\",\"name\":\"Organisator\",\"description\":\"Kompetent. Praxisnah. Der ORGANISATOR bereitet in 10 Ausgaben pro Jahr die wesentlichen Themen f\u00fcr F\u00fchrungskr\u00e4fte von KMU auf.\",\"publisher\":{\"@id\":\"https:\\\/\\\/www.organisator.ch\\\/#organization\"},\"potentialAction\":[{\"@type\":\"SearchAction\",\"target\":{\"@type\":\"EntryPoint\",\"urlTemplate\":\"https:\\\/\\\/www.organisator.ch\\\/?s={search_term_string}\"},\"query-input\":{\"@type\":\"PropertyValueSpecification\",\"valueRequired\":true,\"valueName\":\"search_term_string\"}}],\"inLanguage\":\"fr-FR\"},{\"@type\":\"Organization\",\"@id\":\"https:\\\/\\\/www.organisator.ch\\\/#organization\",\"name\":\"Organisator\",\"url\":\"https:\\\/\\\/www.organisator.ch\\\/\",\"logo\":{\"@type\":\"ImageObject\",\"inLanguage\":\"fr-FR\",\"@id\":\"https:\\\/\\\/www.organisator.ch\\\/#\\\/schema\\\/logo\\\/image\\\/\",\"url\":\"https:\\\/\\\/www.organisator.ch\\\/wp-content\\\/uploads\\\/2022\\\/01\\\/Logo_Organisator_Website.png\",\"contentUrl\":\"https:\\\/\\\/www.organisator.ch\\\/wp-content\\\/uploads\\\/2022\\\/01\\\/Logo_Organisator_Website.png\",\"width\":800,\"height\":77,\"caption\":\"Organisator\"},\"image\":{\"@id\":\"https:\\\/\\\/www.organisator.ch\\\/#\\\/schema\\\/logo\\\/image\\\/\"},\"sameAs\":[\"https:\\\/\\\/www.facebook.com\\\/OrganisatorFachmagazin\",\"https:\\\/\\\/www.linkedin.com\\\/showcase\\\/organisator-das-magazin-fr-kmu\",\"https:\\\/\\\/www.xing.com\\\/news\\\/pages\\\/organisator-ch-695\",\"https:\\\/\\\/www.youtube.com\\\/channel\\\/UCGP2Sq0iWaZwT3BdIAQFYpw\"]},{\"@type\":\"Person\",\"@id\":\"https:\\\/\\\/www.organisator.ch\\\/#\\\/schema\\\/person\\\/4e51799071cd2dd1232ac003643ef5f0\",\"name\":\"galledia\",\"image\":{\"@type\":\"ImageObject\",\"inLanguage\":\"fr-FR\",\"@id\":\"https:\\\/\\\/secure.gravatar.com\\\/avatar\\\/78a7f90c01fc2bfc875782a0d4922b37cde2cf184ce347b91316d23cd7f69a36?s=96&d=mm&r=g\",\"url\":\"https:\\\/\\\/secure.gravatar.com\\\/avatar\\\/78a7f90c01fc2bfc875782a0d4922b37cde2cf184ce347b91316d23cd7f69a36?s=96&d=mm&r=g\",\"contentUrl\":\"https:\\\/\\\/secure.gravatar.com\\\/avatar\\\/78a7f90c01fc2bfc875782a0d4922b37cde2cf184ce347b91316d23cd7f69a36?s=96&d=mm&r=g\",\"caption\":\"galledia\"},\"sameAs\":[\"https:\\\/\\\/x.com\\\/admin\"],\"url\":\"https:\\\/\\\/www.organisator.ch\\\/fr\\\/author\\\/galledia\\\/\"}]}<\/script>\n<!-- \/ Yoast SEO plugin. -->","yoast_head_json":{"title":"L'industrie suisse n'est pas suffisamment pr\u00eate \u00e0 affronter la crise - Organisateur","description":"Trop peu de pr\u00e9paration aux crises : une nouvelle \u00e9tude de Dun &amp; Bradstreet r\u00e9v\u00e8le d'importantes lacunes dans la r\u00e9silience de l'industrie suisse.","robots":{"index":"index","follow":"follow","max-snippet":"max-snippet:-1","max-image-preview":"max-image-preview:large","max-video-preview":"max-video-preview:-1"},"canonical":"https:\/\/www.organisator.ch\/fr\/excellence-operationnelle\/2025-11-13\/schweizer-industrie-ist-nicht-ausreichend-krisenbereit\/","og_locale":"fr_FR","og_type":"article","og_title":"Schweizer Industrie ist nicht ausreichend krisenbereit - Organisator","og_description":"Zu wenig krisenbereit: Eine neue Studie von Dun & Bradstreet zeigt grosse L\u00fccken bei der Resilienz der Schweizer Industrie auf.","og_url":"https:\/\/www.organisator.ch\/fr\/excellence-operationnelle\/2025-11-13\/schweizer-industrie-ist-nicht-ausreichend-krisenbereit\/","og_site_name":"Organisator","article_publisher":"https:\/\/www.facebook.com\/OrganisatorFachmagazin","article_published_time":"2025-11-13T07:38:33+00:00","article_modified_time":"2025-11-13T10:32:04+00:00","author":"galledia","twitter_card":"summary_large_image","twitter_creator":"@admin","schema":{"@context":"https:\/\/schema.org","@graph":[{"@type":"Article","@id":"https:\/\/www.organisator.ch\/operational-excellence\/2025-11-13\/schweizer-industrie-ist-nicht-ausreichend-krisenbereit\/#article","isPartOf":{"@id":"https:\/\/www.organisator.ch\/operational-excellence\/2025-11-13\/schweizer-industrie-ist-nicht-ausreichend-krisenbereit\/"},"author":{"name":"galledia","@id":"https:\/\/www.organisator.ch\/#\/schema\/person\/4e51799071cd2dd1232ac003643ef5f0"},"headline":"Schweizer Industrie ist nicht ausreichend krisenbereit","datePublished":"2025-11-13T07:38:33+00:00","dateModified":"2025-11-13T10:32:04+00:00","mainEntityOfPage":{"@id":"https:\/\/www.organisator.ch\/operational-excellence\/2025-11-13\/schweizer-industrie-ist-nicht-ausreichend-krisenbereit\/"},"wordCount":425,"publisher":{"@id":"https:\/\/www.organisator.ch\/#organization"},"image":{"@id":"https:\/\/www.organisator.ch\/operational-excellence\/2025-11-13\/schweizer-industrie-ist-nicht-ausreichend-krisenbereit\/#primaryimage"},"thumbnailUrl":"https:\/\/www.m-q.ch\/wp-content\/uploads\/2025\/11\/Schweizer-Industrie-ist-nicht-ausreichend-krisenbereit_MQ.jpg","keywords":["Industrie","Resilienz","Risikomanagement","Studie"],"articleSection":["OPERATIONAL EXCELLENCE"],"inLanguage":"fr-FR"},{"@type":"WebPage","@id":"https:\/\/www.organisator.ch\/operational-excellence\/2025-11-13\/schweizer-industrie-ist-nicht-ausreichend-krisenbereit\/","url":"https:\/\/www.organisator.ch\/operational-excellence\/2025-11-13\/schweizer-industrie-ist-nicht-ausreichend-krisenbereit\/","name":"L'industrie suisse n'est pas suffisamment pr\u00eate \u00e0 affronter la crise - Organisateur","isPartOf":{"@id":"https:\/\/www.organisator.ch\/#website"},"primaryImageOfPage":{"@id":"https:\/\/www.organisator.ch\/operational-excellence\/2025-11-13\/schweizer-industrie-ist-nicht-ausreichend-krisenbereit\/#primaryimage"},"image":{"@id":"https:\/\/www.organisator.ch\/operational-excellence\/2025-11-13\/schweizer-industrie-ist-nicht-ausreichend-krisenbereit\/#primaryimage"},"thumbnailUrl":"https:\/\/www.m-q.ch\/wp-content\/uploads\/2025\/11\/Schweizer-Industrie-ist-nicht-ausreichend-krisenbereit_MQ.jpg","datePublished":"2025-11-13T07:38:33+00:00","dateModified":"2025-11-13T10:32:04+00:00","description":"Trop peu de pr\u00e9paration aux crises : une nouvelle \u00e9tude de Dun &amp; Bradstreet r\u00e9v\u00e8le d'importantes lacunes dans la r\u00e9silience de l'industrie suisse.","breadcrumb":{"@id":"https:\/\/www.organisator.ch\/operational-excellence\/2025-11-13\/schweizer-industrie-ist-nicht-ausreichend-krisenbereit\/#breadcrumb"},"inLanguage":"fr-FR","potentialAction":[{"@type":"ReadAction","target":["https:\/\/www.organisator.ch\/operational-excellence\/2025-11-13\/schweizer-industrie-ist-nicht-ausreichend-krisenbereit\/"]}]},{"@type":"ImageObject","inLanguage":"fr-FR","@id":"https:\/\/www.organisator.ch\/operational-excellence\/2025-11-13\/schweizer-industrie-ist-nicht-ausreichend-krisenbereit\/#primaryimage","url":"https:\/\/www.m-q.ch\/wp-content\/uploads\/2025\/11\/Schweizer-Industrie-ist-nicht-ausreichend-krisenbereit_MQ.jpg","contentUrl":"https:\/\/www.m-q.ch\/wp-content\/uploads\/2025\/11\/Schweizer-Industrie-ist-nicht-ausreichend-krisenbereit_MQ.jpg"},{"@type":"BreadcrumbList","@id":"https:\/\/www.organisator.ch\/operational-excellence\/2025-11-13\/schweizer-industrie-ist-nicht-ausreichend-krisenbereit\/#breadcrumb","itemListElement":[{"@type":"ListItem","position":1,"name":"Home","item":"https:\/\/www.organisator.ch\/"},{"@type":"ListItem","position":2,"name":"Schweizer Industrie ist nicht ausreichend krisenbereit"}]},{"@type":"WebSite","@id":"https:\/\/www.organisator.ch\/#website","url":"https:\/\/www.organisator.ch\/","name":"Organisateur","description":"Comp\u00e9tence et comp\u00e9tence. Proches de la pratique. L'ORGANISATEUR pr\u00e9pare 10 num\u00e9ros par an sur les th\u00e8mes essentiels pour les dirigeants de PME.","publisher":{"@id":"https:\/\/www.organisator.ch\/#organization"},"potentialAction":[{"@type":"SearchAction","target":{"@type":"EntryPoint","urlTemplate":"https:\/\/www.organisator.ch\/?s={search_term_string}"},"query-input":{"@type":"PropertyValueSpecification","valueRequired":true,"valueName":"search_term_string"}}],"inLanguage":"fr-FR"},{"@type":"Organization","@id":"https:\/\/www.organisator.ch\/#organization","name":"Organisateur","url":"https:\/\/www.organisator.ch\/","logo":{"@type":"ImageObject","inLanguage":"fr-FR","@id":"https:\/\/www.organisator.ch\/#\/schema\/logo\/image\/","url":"https:\/\/www.organisator.ch\/wp-content\/uploads\/2022\/01\/Logo_Organisator_Website.png","contentUrl":"https:\/\/www.organisator.ch\/wp-content\/uploads\/2022\/01\/Logo_Organisator_Website.png","width":800,"height":77,"caption":"Organisator"},"image":{"@id":"https:\/\/www.organisator.ch\/#\/schema\/logo\/image\/"},"sameAs":["https:\/\/www.facebook.com\/OrganisatorFachmagazin","https:\/\/www.linkedin.com\/showcase\/organisator-das-magazin-fr-kmu","https:\/\/www.xing.com\/news\/pages\/organisator-ch-695","https:\/\/www.youtube.com\/channel\/UCGP2Sq0iWaZwT3BdIAQFYpw"]},{"@type":"Person","@id":"https:\/\/www.organisator.ch\/#\/schema\/person\/4e51799071cd2dd1232ac003643ef5f0","name":"galledia","image":{"@type":"ImageObject","inLanguage":"fr-FR","@id":"https:\/\/secure.gravatar.com\/avatar\/78a7f90c01fc2bfc875782a0d4922b37cde2cf184ce347b91316d23cd7f69a36?s=96&d=mm&r=g","url":"https:\/\/secure.gravatar.com\/avatar\/78a7f90c01fc2bfc875782a0d4922b37cde2cf184ce347b91316d23cd7f69a36?s=96&d=mm&r=g","contentUrl":"https:\/\/secure.gravatar.com\/avatar\/78a7f90c01fc2bfc875782a0d4922b37cde2cf184ce347b91316d23cd7f69a36?s=96&d=mm&r=g","caption":"galledia"},"sameAs":["https:\/\/x.com\/admin"],"url":"https:\/\/www.organisator.ch\/fr\/author\/galledia\/"}]}},"_links":{"self":[{"href":"https:\/\/www.organisator.ch\/fr\/wp-json\/wp\/v2\/posts\/41971","targetHints":{"allow":["GET"]}}],"collection":[{"href":"https:\/\/www.organisator.ch\/fr\/wp-json\/wp\/v2\/posts"}],"about":[{"href":"https:\/\/www.organisator.ch\/fr\/wp-json\/wp\/v2\/types\/post"}],"author":[{"embeddable":true,"href":"https:\/\/www.organisator.ch\/fr\/wp-json\/wp\/v2\/users\/8"}],"replies":[{"embeddable":true,"href":"https:\/\/www.organisator.ch\/fr\/wp-json\/wp\/v2\/comments?post=41971"}],"version-history":[{"count":5,"href":"https:\/\/www.organisator.ch\/fr\/wp-json\/wp\/v2\/posts\/41971\/revisions"}],"predecessor-version":[{"id":41983,"href":"https:\/\/www.organisator.ch\/fr\/wp-json\/wp\/v2\/posts\/41971\/revisions\/41983"}],"wp:attachment":[{"href":"https:\/\/www.organisator.ch\/fr\/wp-json\/wp\/v2\/media?parent=41971"}],"wp:term":[{"taxonomy":"category","embeddable":true,"href":"https:\/\/www.organisator.ch\/fr\/wp-json\/wp\/v2\/categories?post=41971"},{"taxonomy":"post_tag","embeddable":true,"href":"https:\/\/www.organisator.ch\/fr\/wp-json\/wp\/v2\/tags?post=41971"}],"curies":[{"name":"wp","href":"https:\/\/api.w.org\/{rel}","templated":true}]}}