{"id":41998,"date":"2025-11-14T09:07:23","date_gmt":"2025-11-14T08:07:23","guid":{"rendered":"https:\/\/www.organisator.ch\/?p=41998"},"modified":"2025-11-14T09:07:23","modified_gmt":"2025-11-14T08:07:23","slug":"die-digitale-schweiz-feiert-ihre-leuchttuerme-im-hallenstadion","status":"publish","type":"post","link":"https:\/\/www.organisator.ch\/fr\/management\/2025-11-14\/die-digitale-schweiz-feiert-ihre-leuchttuerme-im-hallenstadion\/","title":{"rendered":"La Suisse num\u00e9rique c\u00e9l\u00e8bre ses phares au Hallenstadion"},"content":{"rendered":"<figure id=\"attachment_41999\" aria-describedby=\"caption-attachment-41999\" style=\"width: 680px\" class=\"wp-caption alignnone\"><img loading=\"lazy\" decoding=\"async\" class=\"size-full wp-image-41999\" src=\"https:\/\/www.organisator.ch\/wp-content\/uploads\/2025\/11\/Die-digitale-Schweiz-feiert-ihre-Leuchttuerme-im-Hallenstadion_Organisator.jpg\" alt=\"\" width=\"680\" height=\"453\" srcset=\"https:\/\/www.organisator.ch\/wp-content\/uploads\/2025\/11\/Die-digitale-Schweiz-feiert-ihre-Leuchttuerme-im-Hallenstadion_Organisator.jpg 680w, https:\/\/www.organisator.ch\/wp-content\/uploads\/2025\/11\/Die-digitale-Schweiz-feiert-ihre-Leuchttuerme-im-Hallenstadion_Organisator-18x12.jpg 18w, https:\/\/www.organisator.ch\/wp-content\/uploads\/2025\/11\/Die-digitale-Schweiz-feiert-ihre-Leuchttuerme-im-Hallenstadion_Organisator-375x250.jpg 375w, https:\/\/www.organisator.ch\/wp-content\/uploads\/2025\/11\/Die-digitale-Schweiz-feiert-ihre-Leuchttuerme-im-Hallenstadion_Organisator-525x350.jpg 525w\" sizes=\"auto, (max-width: 680px) 100vw, 680px\" \/><figcaption id=\"caption-attachment-41999\" class=\"wp-caption-text\">Joie de recevoir le Digital Economy Award 2025. (Image : zVg \/ Digital Economy Award)<\/figcaption><\/figure>\n<p>Devant des repr\u00e9sentants de l'\u00e9conomie, de l'administration, de la politique et de la recherche, les projets, organisations et personnes qui ont eu un impact particuli\u00e8rement visible en 2025 et qui ont renforc\u00e9 la comp\u00e9tence num\u00e9rique en Suisse ont \u00e9t\u00e9 honor\u00e9s dans un cadre festif le soir du 13 novembre 2025. La pr\u00e9sence du conseiller f\u00e9d\u00e9ral Albert R\u00f6sti et du chancelier de la Conf\u00e9d\u00e9ration Viktor Rossi a soulign\u00e9 l'importance politique du th\u00e8me. Dans son allocution, le conseiller f\u00e9d\u00e9ral R\u00f6sti a soulign\u00e9 le r\u00f4le de l'innovation num\u00e9rique pour la comp\u00e9titivit\u00e9 de la Suisse. Il a \u00e9galement plaid\u00e9 pour une ouverture face au progr\u00e8s num\u00e9rique, notamment dans le domaine de l'IA, et pour des r\u00e8gles transparentes afin de gagner la confiance de la population. Mot-cl\u00e9 : Smart Governance.<\/p>\n<h3>L'IA comme th\u00e8me dominant<\/h3>\n<p>Cette ann\u00e9e encore, l'utilisation de l'intelligence artificielle \u00e9tait centrale dans de nombreux projets soumis et parmi les gagnants. Ainsi, avec Akenza, ISS utilise l'IA pour r\u00e9pondre aux besoins des b\u00e2timents de mani\u00e8re plus rapide, plus pr\u00e9cise et plus \u00e9conome en ressources en tant que \u00abchuchoteur de b\u00e2timents\u00bb. Avec son Sandbox IA, le canton de Zurich a cr\u00e9\u00e9 un programme de promotion de l'innovation pour l'IA qui est unique au niveau international. Et mimic robotics combine l'intelligence artificielle avec d'habiles stations robotiques pour \u00eatre rapidement op\u00e9rationnel, am\u00e9liorer la s\u00e9curit\u00e9 au travail et r\u00e9duire la p\u00e9nurie de main-d'\u0153uvre qualifi\u00e9e.<\/p>\n<p>Les \u00e9motions n'ont pas \u00e9t\u00e9 en reste : les finalistes de la cat\u00e9gorie \u00abNextGen Hero\u00bb ont montr\u00e9 une fois de plus, avec leurs brefs pitchs, le potentiel de cette g\u00e9n\u00e9ration. Cela a donn\u00e9 lieu \u00e0 des discussions engag\u00e9es lors de la prise de d\u00e9cision autour des tables. Les plus convaincants ont \u00e9t\u00e9 Nathalie Kern de la Haute \u00e9cole sp\u00e9cialis\u00e9e de Suisse orientale avec son approche de l'harmonisation des solutions num\u00e9riques dans le secteur public et Simon Weigold de l'Universit\u00e9 de Lucerne pour son engagement en faveur de la d\u00e9mocratisation du savoir juridique.<\/p>\n<p>Avec B\u00fchler AG, c'est une entreprise qui r\u00e9pond aux pr\u00e9f\u00e9rences de la prochaine g\u00e9n\u00e9ration avec des approches d'apprentissage hybrides et qui les fusionne avec succ\u00e8s avec sa tradition industrielle qui a remport\u00e9 le prix ICT Education &amp; Training Award. Enfin, le prix \u00abThe Pascal\u00bb, d\u00e9cern\u00e9 conjointement avec Inside IT, a \u00e9t\u00e9 attribu\u00e9 \u00e0 Alina Matyukhina. En tant que CSO, elle dirige la cybers\u00e9curit\u00e9 mondiale au sein de la division Building Products de Siemens Smart Infrastructure \u00e0 Zoug.<\/p>\n<h3>Soir\u00e9e divertissante<\/h3>\n<p>La soir\u00e9e a \u00e9galement propos\u00e9 une dramaturgie vari\u00e9e. Dans toutes les cat\u00e9gories, les projets ont \u00e9t\u00e9 pr\u00e9sent\u00e9s de mani\u00e8re originale avant la remise des prix. Monika Sch\u00e4rer et Stephan Lendi ont men\u00e9 le programme de main de ma\u00eetre et avec leur flair habituel. L'humour et le son live ont \u00e9t\u00e9 assur\u00e9s par le com\u00e9dien Timo Wopp et le beatboxer Arthur Henry, qui ont mis en sc\u00e8ne certaines cat\u00e9gories de mani\u00e8re pointue et ont ainsi fait le lien entre le public professionnel et les \u00e9l\u00e9ments de spectacle.<\/p>\n<p>L'aspect important du r\u00e9seautage a \u00e9t\u00e9 renforc\u00e9 gr\u00e2ce \u00e0 de nombreux moments consacr\u00e9s au networking. Ainsi, la flamme des innovations prim\u00e9es et des excellents finalistes doit continuer \u00e0 br\u00fbler au quotidien.<\/p>\n<h3><strong>Gagnants 2025<\/strong><\/h3>\n<p><em>Digital Excellence Commercial<\/em><br \/>\nISS Suisse avec Akenza<\/p>\n<p><em>Excellence num\u00e9rique GOV &amp; NPO<\/em><br \/>\nOffice de l'\u00e9conomie, canton de Zurich<\/p>\n<p><em>ICT Education &amp; Training - 1 \u00e0 20 collaborateurs ICT<\/em><br \/>\ninto technologies AG<\/p>\n<p><em>ICT Education &amp; Training - 21 \u00e0 100 collaborateurs ICT<\/em><br \/>\nLeuchter IT Solutions AG<\/p>\n<p><em>ICT Education &amp; Training - plus de 100 collaborateurs ICT<\/em><br \/>\nB\u00fchler AG<\/p>\n<p><em>ICT Education &amp; Training Award - Vainqueur g\u00e9n\u00e9ral<\/em><br \/>\nB\u00fchler AG<\/p>\n<p><em>Next Global Hot Thing<\/em><br \/>\nmimic robotics AG<\/p>\n<p><em>NextGen Hero<\/em><br \/>\nNathalie Kern et Simon Weigold<\/p>\n<p><em>The Pascal - Personnalit\u00e9 IT de l'ann\u00e9e<\/em><br \/>\nAlina Matyukhina, Siemens, CSO \/ Responsable mondial de la cybers\u00e9curit\u00e9<\/p>","protected":false},"excerpt":{"rendered":"<p>Le 13 novembre 2025, l'\u00e9conomie num\u00e9rique suisse a r\u00e9compens\u00e9 ses meilleurs projets et personnalit\u00e9s au Hallenstadion de Zurich. Plus de 800 invit\u00e9s ont suivi en direct le Digital Economy Award 2025, dont le conseiller f\u00e9d\u00e9ral Albert R\u00f6sti et le chancelier de la Conf\u00e9d\u00e9ration Viktor Rossi.<\/p>","protected":false},"author":4,"featured_media":41999,"comment_status":"closed","ping_status":"closed","sticky":false,"template":"","format":"standard","meta":{"_acf_changed":false,"_yoast_wpseo_focuskw":"digitale Schweiz","_yoast_wpseo_metadesc":"Die Schweizer Digitalwirtschaft hat am 13. November 2025 im Z\u00fcrcher Hallenstadion ihre besten Projekte und Pers\u00f6nlichkeiten ausgezeichnet.","articlekey":"","footnotes":""},"categories":[28],"tags":[66,103,156,492],"class_list":["post-41998","post","type-post","status-publish","format-standard","has-post-thumbnail","hentry","category-management","tag-awards","tag-business-excellence","tag-digitalisierung","tag-unternehmen"],"acf":[],"yoast_head":"<!-- This site is optimized with the Yoast SEO plugin v27.5 - https:\/\/yoast.com\/product\/yoast-seo-wordpress\/ -->\n<title>Die digitale Schweiz feiert ihre Leuchtt\u00fcrme im Hallenstadion - Organisator<\/title>\n<meta name=\"description\" content=\"Die Schweizer Digitalwirtschaft hat am 13. November 2025 im Z\u00fcrcher Hallenstadion ihre besten Projekte und Pers\u00f6nlichkeiten ausgezeichnet.\" \/>\n<meta name=\"robots\" content=\"index, follow, max-snippet:-1, max-image-preview:large, max-video-preview:-1\" \/>\n<link rel=\"canonical\" href=\"https:\/\/www.organisator.ch\/fr\/gestion-2\/2025-11-14\/die-digitale-schweiz-feiert-ihre-leuchttuerme-im-hallenstadion\/\" \/>\n<meta property=\"og:locale\" content=\"fr_FR\" \/>\n<meta property=\"og:type\" content=\"article\" \/>\n<meta property=\"og:title\" content=\"Die digitale Schweiz feiert ihre Leuchtt\u00fcrme im Hallenstadion\" \/>\n<meta property=\"og:description\" content=\"Die Schweizer Digitalwirtschaft hat am 13. November 2025 im Z\u00fcrcher Hallenstadion ihre besten Projekte und Pers\u00f6nlichkeiten ausgezeichnet.\" \/>\n<meta property=\"og:url\" content=\"https:\/\/www.organisator.ch\/fr\/gestion-2\/2025-11-14\/die-digitale-schweiz-feiert-ihre-leuchttuerme-im-hallenstadion\/\" \/>\n<meta property=\"og:site_name\" content=\"Organisator\" \/>\n<meta property=\"article:publisher\" content=\"https:\/\/www.facebook.com\/OrganisatorFachmagazin\" \/>\n<meta property=\"article:published_time\" content=\"2025-11-14T08:07:23+00:00\" \/>\n<meta property=\"og:image\" content=\"https:\/\/www.organisator.ch\/wp-content\/uploads\/2025\/11\/Die-digitale-Schweiz-feiert-ihre-Leuchttuerme-im-Hallenstadion_Organisator.jpg\" \/>\n\t<meta property=\"og:image:width\" content=\"680\" \/>\n\t<meta property=\"og:image:height\" content=\"453\" \/>\n\t<meta property=\"og:image:type\" content=\"image\/jpeg\" \/>\n<meta name=\"author\" content=\"thomas.berner\" \/>\n<meta name=\"twitter:card\" content=\"summary_large_image\" \/>\n<meta name=\"twitter:title\" content=\"Die digitale #Schweiz feiert ihre Leuchtt\u00fcrme im #Hallenstadion\" \/>\n<meta name=\"twitter:description\" content=\"Die Schweizer #Digitalwirtschaft hat am 13. November 2025 im Z\u00fcrcher #Hallenstadion ihre besten Projekte und Pers\u00f6nlichkeiten ausgezeichnet.\" \/>\n<meta name=\"twitter:image\" content=\"https:\/\/www.organisator.ch\/wp-content\/uploads\/2025\/11\/Die-digitale-Schweiz-feiert-ihre-Leuchttuerme-im-Hallenstadion_Organisator.jpg\" \/>\n<script type=\"application\/ld+json\" class=\"yoast-schema-graph\">{\"@context\":\"https:\\\/\\\/schema.org\",\"@graph\":[{\"@type\":\"Article\",\"@id\":\"https:\\\/\\\/www.organisator.ch\\\/management\\\/2025-11-14\\\/die-digitale-schweiz-feiert-ihre-leuchttuerme-im-hallenstadion\\\/#article\",\"isPartOf\":{\"@id\":\"https:\\\/\\\/www.organisator.ch\\\/management\\\/2025-11-14\\\/die-digitale-schweiz-feiert-ihre-leuchttuerme-im-hallenstadion\\\/\"},\"author\":{\"name\":\"thomas.berner\",\"@id\":\"https:\\\/\\\/www.organisator.ch\\\/#\\\/schema\\\/person\\\/6f650f90b2842cd4c0cc334b4e36f67e\"},\"headline\":\"Die digitale Schweiz feiert ihre Leuchtt\u00fcrme im Hallenstadion\",\"datePublished\":\"2025-11-14T08:07:23+00:00\",\"mainEntityOfPage\":{\"@id\":\"https:\\\/\\\/www.organisator.ch\\\/management\\\/2025-11-14\\\/die-digitale-schweiz-feiert-ihre-leuchttuerme-im-hallenstadion\\\/\"},\"wordCount\":557,\"publisher\":{\"@id\":\"https:\\\/\\\/www.organisator.ch\\\/#organization\"},\"image\":{\"@id\":\"https:\\\/\\\/www.organisator.ch\\\/management\\\/2025-11-14\\\/die-digitale-schweiz-feiert-ihre-leuchttuerme-im-hallenstadion\\\/#primaryimage\"},\"thumbnailUrl\":\"https:\\\/\\\/www.organisator.ch\\\/wp-content\\\/uploads\\\/2025\\\/11\\\/Die-digitale-Schweiz-feiert-ihre-Leuchttuerme-im-Hallenstadion_Organisator.jpg\",\"keywords\":[\"Awards\",\"Business Excellence\",\"Digitalisierung\",\"Unternehmen\"],\"articleSection\":[\"MANAGEMENT\"],\"inLanguage\":\"fr-FR\"},{\"@type\":\"WebPage\",\"@id\":\"https:\\\/\\\/www.organisator.ch\\\/management\\\/2025-11-14\\\/die-digitale-schweiz-feiert-ihre-leuchttuerme-im-hallenstadion\\\/\",\"url\":\"https:\\\/\\\/www.organisator.ch\\\/management\\\/2025-11-14\\\/die-digitale-schweiz-feiert-ihre-leuchttuerme-im-hallenstadion\\\/\",\"name\":\"Die digitale Schweiz feiert ihre Leuchtt\u00fcrme im Hallenstadion - Organisator\",\"isPartOf\":{\"@id\":\"https:\\\/\\\/www.organisator.ch\\\/#website\"},\"primaryImageOfPage\":{\"@id\":\"https:\\\/\\\/www.organisator.ch\\\/management\\\/2025-11-14\\\/die-digitale-schweiz-feiert-ihre-leuchttuerme-im-hallenstadion\\\/#primaryimage\"},\"image\":{\"@id\":\"https:\\\/\\\/www.organisator.ch\\\/management\\\/2025-11-14\\\/die-digitale-schweiz-feiert-ihre-leuchttuerme-im-hallenstadion\\\/#primaryimage\"},\"thumbnailUrl\":\"https:\\\/\\\/www.organisator.ch\\\/wp-content\\\/uploads\\\/2025\\\/11\\\/Die-digitale-Schweiz-feiert-ihre-Leuchttuerme-im-Hallenstadion_Organisator.jpg\",\"datePublished\":\"2025-11-14T08:07:23+00:00\",\"description\":\"Die Schweizer Digitalwirtschaft hat am 13. November 2025 im Z\u00fcrcher Hallenstadion ihre besten Projekte und Pers\u00f6nlichkeiten ausgezeichnet.\",\"breadcrumb\":{\"@id\":\"https:\\\/\\\/www.organisator.ch\\\/management\\\/2025-11-14\\\/die-digitale-schweiz-feiert-ihre-leuchttuerme-im-hallenstadion\\\/#breadcrumb\"},\"inLanguage\":\"fr-FR\",\"potentialAction\":[{\"@type\":\"ReadAction\",\"target\":[\"https:\\\/\\\/www.organisator.ch\\\/management\\\/2025-11-14\\\/die-digitale-schweiz-feiert-ihre-leuchttuerme-im-hallenstadion\\\/\"]}]},{\"@type\":\"ImageObject\",\"inLanguage\":\"fr-FR\",\"@id\":\"https:\\\/\\\/www.organisator.ch\\\/management\\\/2025-11-14\\\/die-digitale-schweiz-feiert-ihre-leuchttuerme-im-hallenstadion\\\/#primaryimage\",\"url\":\"https:\\\/\\\/www.organisator.ch\\\/wp-content\\\/uploads\\\/2025\\\/11\\\/Die-digitale-Schweiz-feiert-ihre-Leuchttuerme-im-Hallenstadion_Organisator.jpg\",\"contentUrl\":\"https:\\\/\\\/www.organisator.ch\\\/wp-content\\\/uploads\\\/2025\\\/11\\\/Die-digitale-Schweiz-feiert-ihre-Leuchttuerme-im-Hallenstadion_Organisator.jpg\",\"width\":680,\"height\":453,\"caption\":\"Freude \u00fcber den Digital Economy Award 2025. (Bild: zVg \\\/ Digital Economy Award)\"},{\"@type\":\"BreadcrumbList\",\"@id\":\"https:\\\/\\\/www.organisator.ch\\\/management\\\/2025-11-14\\\/die-digitale-schweiz-feiert-ihre-leuchttuerme-im-hallenstadion\\\/#breadcrumb\",\"itemListElement\":[{\"@type\":\"ListItem\",\"position\":1,\"name\":\"Home\",\"item\":\"https:\\\/\\\/www.organisator.ch\\\/\"},{\"@type\":\"ListItem\",\"position\":2,\"name\":\"Die digitale Schweiz feiert ihre Leuchtt\u00fcrme im Hallenstadion\"}]},{\"@type\":\"WebSite\",\"@id\":\"https:\\\/\\\/www.organisator.ch\\\/#website\",\"url\":\"https:\\\/\\\/www.organisator.ch\\\/\",\"name\":\"Organisator\",\"description\":\"Kompetent. Praxisnah. Der ORGANISATOR bereitet in 10 Ausgaben pro Jahr die wesentlichen Themen f\u00fcr F\u00fchrungskr\u00e4fte von KMU auf.\",\"publisher\":{\"@id\":\"https:\\\/\\\/www.organisator.ch\\\/#organization\"},\"potentialAction\":[{\"@type\":\"SearchAction\",\"target\":{\"@type\":\"EntryPoint\",\"urlTemplate\":\"https:\\\/\\\/www.organisator.ch\\\/?s={search_term_string}\"},\"query-input\":{\"@type\":\"PropertyValueSpecification\",\"valueRequired\":true,\"valueName\":\"search_term_string\"}}],\"inLanguage\":\"fr-FR\"},{\"@type\":\"Organization\",\"@id\":\"https:\\\/\\\/www.organisator.ch\\\/#organization\",\"name\":\"Organisator\",\"url\":\"https:\\\/\\\/www.organisator.ch\\\/\",\"logo\":{\"@type\":\"ImageObject\",\"inLanguage\":\"fr-FR\",\"@id\":\"https:\\\/\\\/www.organisator.ch\\\/#\\\/schema\\\/logo\\\/image\\\/\",\"url\":\"https:\\\/\\\/www.organisator.ch\\\/wp-content\\\/uploads\\\/2022\\\/01\\\/Logo_Organisator_Website.png\",\"contentUrl\":\"https:\\\/\\\/www.organisator.ch\\\/wp-content\\\/uploads\\\/2022\\\/01\\\/Logo_Organisator_Website.png\",\"width\":800,\"height\":77,\"caption\":\"Organisator\"},\"image\":{\"@id\":\"https:\\\/\\\/www.organisator.ch\\\/#\\\/schema\\\/logo\\\/image\\\/\"},\"sameAs\":[\"https:\\\/\\\/www.facebook.com\\\/OrganisatorFachmagazin\",\"https:\\\/\\\/www.linkedin.com\\\/showcase\\\/organisator-das-magazin-fr-kmu\",\"https:\\\/\\\/www.xing.com\\\/news\\\/pages\\\/organisator-ch-695\",\"https:\\\/\\\/www.youtube.com\\\/channel\\\/UCGP2Sq0iWaZwT3BdIAQFYpw\"]},{\"@type\":\"Person\",\"@id\":\"https:\\\/\\\/www.organisator.ch\\\/#\\\/schema\\\/person\\\/6f650f90b2842cd4c0cc334b4e36f67e\",\"name\":\"thomas.berner\",\"image\":{\"@type\":\"ImageObject\",\"inLanguage\":\"fr-FR\",\"@id\":\"https:\\\/\\\/secure.gravatar.com\\\/avatar\\\/ac5001d2a36cb6c6cd3e50789007ffca834b477b74a2144564522e944eabff61?s=96&d=mm&r=g\",\"url\":\"https:\\\/\\\/secure.gravatar.com\\\/avatar\\\/ac5001d2a36cb6c6cd3e50789007ffca834b477b74a2144564522e944eabff61?s=96&d=mm&r=g\",\"contentUrl\":\"https:\\\/\\\/secure.gravatar.com\\\/avatar\\\/ac5001d2a36cb6c6cd3e50789007ffca834b477b74a2144564522e944eabff61?s=96&d=mm&r=g\",\"caption\":\"thomas.berner\"},\"url\":\"https:\\\/\\\/www.organisator.ch\\\/fr\\\/author\\\/thomas-berner\\\/\"}]}<\/script>\n<!-- \/ Yoast SEO plugin. -->","yoast_head_json":{"title":"La Suisse num\u00e9rique f\u00eate ses phares au Hallenstadion - Organisateur","description":"Le 13 novembre 2025, l'\u00e9conomie num\u00e9rique suisse a r\u00e9compens\u00e9 ses meilleurs projets et personnalit\u00e9s au Hallenstadion de Zurich.","robots":{"index":"index","follow":"follow","max-snippet":"max-snippet:-1","max-image-preview":"max-image-preview:large","max-video-preview":"max-video-preview:-1"},"canonical":"https:\/\/www.organisator.ch\/fr\/gestion-2\/2025-11-14\/die-digitale-schweiz-feiert-ihre-leuchttuerme-im-hallenstadion\/","og_locale":"fr_FR","og_type":"article","og_title":"Die digitale Schweiz feiert ihre Leuchtt\u00fcrme im Hallenstadion","og_description":"Die Schweizer Digitalwirtschaft hat am 13. November 2025 im Z\u00fcrcher Hallenstadion ihre besten Projekte und Pers\u00f6nlichkeiten ausgezeichnet.","og_url":"https:\/\/www.organisator.ch\/fr\/gestion-2\/2025-11-14\/die-digitale-schweiz-feiert-ihre-leuchttuerme-im-hallenstadion\/","og_site_name":"Organisator","article_publisher":"https:\/\/www.facebook.com\/OrganisatorFachmagazin","article_published_time":"2025-11-14T08:07:23+00:00","og_image":[{"width":680,"height":453,"url":"https:\/\/www.organisator.ch\/wp-content\/uploads\/2025\/11\/Die-digitale-Schweiz-feiert-ihre-Leuchttuerme-im-Hallenstadion_Organisator.jpg","type":"image\/jpeg"}],"author":"thomas.berner","twitter_card":"summary_large_image","twitter_title":"Die digitale #Schweiz feiert ihre Leuchtt\u00fcrme im #Hallenstadion","twitter_description":"Die Schweizer #Digitalwirtschaft hat am 13. November 2025 im Z\u00fcrcher #Hallenstadion ihre besten Projekte und Pers\u00f6nlichkeiten ausgezeichnet.","twitter_image":"https:\/\/www.organisator.ch\/wp-content\/uploads\/2025\/11\/Die-digitale-Schweiz-feiert-ihre-Leuchttuerme-im-Hallenstadion_Organisator.jpg","schema":{"@context":"https:\/\/schema.org","@graph":[{"@type":"Article","@id":"https:\/\/www.organisator.ch\/management\/2025-11-14\/die-digitale-schweiz-feiert-ihre-leuchttuerme-im-hallenstadion\/#article","isPartOf":{"@id":"https:\/\/www.organisator.ch\/management\/2025-11-14\/die-digitale-schweiz-feiert-ihre-leuchttuerme-im-hallenstadion\/"},"author":{"name":"thomas.berner","@id":"https:\/\/www.organisator.ch\/#\/schema\/person\/6f650f90b2842cd4c0cc334b4e36f67e"},"headline":"Die digitale Schweiz feiert ihre Leuchtt\u00fcrme im Hallenstadion","datePublished":"2025-11-14T08:07:23+00:00","mainEntityOfPage":{"@id":"https:\/\/www.organisator.ch\/management\/2025-11-14\/die-digitale-schweiz-feiert-ihre-leuchttuerme-im-hallenstadion\/"},"wordCount":557,"publisher":{"@id":"https:\/\/www.organisator.ch\/#organization"},"image":{"@id":"https:\/\/www.organisator.ch\/management\/2025-11-14\/die-digitale-schweiz-feiert-ihre-leuchttuerme-im-hallenstadion\/#primaryimage"},"thumbnailUrl":"https:\/\/www.organisator.ch\/wp-content\/uploads\/2025\/11\/Die-digitale-Schweiz-feiert-ihre-Leuchttuerme-im-Hallenstadion_Organisator.jpg","keywords":["Awards","Business Excellence","Digitalisierung","Unternehmen"],"articleSection":["MANAGEMENT"],"inLanguage":"fr-FR"},{"@type":"WebPage","@id":"https:\/\/www.organisator.ch\/management\/2025-11-14\/die-digitale-schweiz-feiert-ihre-leuchttuerme-im-hallenstadion\/","url":"https:\/\/www.organisator.ch\/management\/2025-11-14\/die-digitale-schweiz-feiert-ihre-leuchttuerme-im-hallenstadion\/","name":"La Suisse num\u00e9rique f\u00eate ses phares au Hallenstadion - Organisateur","isPartOf":{"@id":"https:\/\/www.organisator.ch\/#website"},"primaryImageOfPage":{"@id":"https:\/\/www.organisator.ch\/management\/2025-11-14\/die-digitale-schweiz-feiert-ihre-leuchttuerme-im-hallenstadion\/#primaryimage"},"image":{"@id":"https:\/\/www.organisator.ch\/management\/2025-11-14\/die-digitale-schweiz-feiert-ihre-leuchttuerme-im-hallenstadion\/#primaryimage"},"thumbnailUrl":"https:\/\/www.organisator.ch\/wp-content\/uploads\/2025\/11\/Die-digitale-Schweiz-feiert-ihre-Leuchttuerme-im-Hallenstadion_Organisator.jpg","datePublished":"2025-11-14T08:07:23+00:00","description":"Le 13 novembre 2025, l'\u00e9conomie num\u00e9rique suisse a r\u00e9compens\u00e9 ses meilleurs projets et personnalit\u00e9s au Hallenstadion de Zurich.","breadcrumb":{"@id":"https:\/\/www.organisator.ch\/management\/2025-11-14\/die-digitale-schweiz-feiert-ihre-leuchttuerme-im-hallenstadion\/#breadcrumb"},"inLanguage":"fr-FR","potentialAction":[{"@type":"ReadAction","target":["https:\/\/www.organisator.ch\/management\/2025-11-14\/die-digitale-schweiz-feiert-ihre-leuchttuerme-im-hallenstadion\/"]}]},{"@type":"ImageObject","inLanguage":"fr-FR","@id":"https:\/\/www.organisator.ch\/management\/2025-11-14\/die-digitale-schweiz-feiert-ihre-leuchttuerme-im-hallenstadion\/#primaryimage","url":"https:\/\/www.organisator.ch\/wp-content\/uploads\/2025\/11\/Die-digitale-Schweiz-feiert-ihre-Leuchttuerme-im-Hallenstadion_Organisator.jpg","contentUrl":"https:\/\/www.organisator.ch\/wp-content\/uploads\/2025\/11\/Die-digitale-Schweiz-feiert-ihre-Leuchttuerme-im-Hallenstadion_Organisator.jpg","width":680,"height":453,"caption":"Freude \u00fcber den Digital Economy Award 2025. (Bild: zVg \/ Digital Economy Award)"},{"@type":"BreadcrumbList","@id":"https:\/\/www.organisator.ch\/management\/2025-11-14\/die-digitale-schweiz-feiert-ihre-leuchttuerme-im-hallenstadion\/#breadcrumb","itemListElement":[{"@type":"ListItem","position":1,"name":"Home","item":"https:\/\/www.organisator.ch\/"},{"@type":"ListItem","position":2,"name":"Die digitale Schweiz feiert ihre Leuchtt\u00fcrme im Hallenstadion"}]},{"@type":"WebSite","@id":"https:\/\/www.organisator.ch\/#website","url":"https:\/\/www.organisator.ch\/","name":"Organisateur","description":"Comp\u00e9tence et comp\u00e9tence. Proches de la pratique. L'ORGANISATEUR pr\u00e9pare 10 num\u00e9ros par an sur les th\u00e8mes essentiels pour les dirigeants de PME.","publisher":{"@id":"https:\/\/www.organisator.ch\/#organization"},"potentialAction":[{"@type":"SearchAction","target":{"@type":"EntryPoint","urlTemplate":"https:\/\/www.organisator.ch\/?s={search_term_string}"},"query-input":{"@type":"PropertyValueSpecification","valueRequired":true,"valueName":"search_term_string"}}],"inLanguage":"fr-FR"},{"@type":"Organization","@id":"https:\/\/www.organisator.ch\/#organization","name":"Organisateur","url":"https:\/\/www.organisator.ch\/","logo":{"@type":"ImageObject","inLanguage":"fr-FR","@id":"https:\/\/www.organisator.ch\/#\/schema\/logo\/image\/","url":"https:\/\/www.organisator.ch\/wp-content\/uploads\/2022\/01\/Logo_Organisator_Website.png","contentUrl":"https:\/\/www.organisator.ch\/wp-content\/uploads\/2022\/01\/Logo_Organisator_Website.png","width":800,"height":77,"caption":"Organisator"},"image":{"@id":"https:\/\/www.organisator.ch\/#\/schema\/logo\/image\/"},"sameAs":["https:\/\/www.facebook.com\/OrganisatorFachmagazin","https:\/\/www.linkedin.com\/showcase\/organisator-das-magazin-fr-kmu","https:\/\/www.xing.com\/news\/pages\/organisator-ch-695","https:\/\/www.youtube.com\/channel\/UCGP2Sq0iWaZwT3BdIAQFYpw"]},{"@type":"Person","@id":"https:\/\/www.organisator.ch\/#\/schema\/person\/6f650f90b2842cd4c0cc334b4e36f67e","name":"thomas.berner","image":{"@type":"ImageObject","inLanguage":"fr-FR","@id":"https:\/\/secure.gravatar.com\/avatar\/ac5001d2a36cb6c6cd3e50789007ffca834b477b74a2144564522e944eabff61?s=96&d=mm&r=g","url":"https:\/\/secure.gravatar.com\/avatar\/ac5001d2a36cb6c6cd3e50789007ffca834b477b74a2144564522e944eabff61?s=96&d=mm&r=g","contentUrl":"https:\/\/secure.gravatar.com\/avatar\/ac5001d2a36cb6c6cd3e50789007ffca834b477b74a2144564522e944eabff61?s=96&d=mm&r=g","caption":"thomas.berner"},"url":"https:\/\/www.organisator.ch\/fr\/author\/thomas-berner\/"}]}},"_links":{"self":[{"href":"https:\/\/www.organisator.ch\/fr\/wp-json\/wp\/v2\/posts\/41998","targetHints":{"allow":["GET"]}}],"collection":[{"href":"https:\/\/www.organisator.ch\/fr\/wp-json\/wp\/v2\/posts"}],"about":[{"href":"https:\/\/www.organisator.ch\/fr\/wp-json\/wp\/v2\/types\/post"}],"author":[{"embeddable":true,"href":"https:\/\/www.organisator.ch\/fr\/wp-json\/wp\/v2\/users\/4"}],"replies":[{"embeddable":true,"href":"https:\/\/www.organisator.ch\/fr\/wp-json\/wp\/v2\/comments?post=41998"}],"version-history":[{"count":4,"href":"https:\/\/www.organisator.ch\/fr\/wp-json\/wp\/v2\/posts\/41998\/revisions"}],"predecessor-version":[{"id":42030,"href":"https:\/\/www.organisator.ch\/fr\/wp-json\/wp\/v2\/posts\/41998\/revisions\/42030"}],"wp:featuredmedia":[{"embeddable":true,"href":"https:\/\/www.organisator.ch\/fr\/wp-json\/wp\/v2\/media\/41999"}],"wp:attachment":[{"href":"https:\/\/www.organisator.ch\/fr\/wp-json\/wp\/v2\/media?parent=41998"}],"wp:term":[{"taxonomy":"category","embeddable":true,"href":"https:\/\/www.organisator.ch\/fr\/wp-json\/wp\/v2\/categories?post=41998"},{"taxonomy":"post_tag","embeddable":true,"href":"https:\/\/www.organisator.ch\/fr\/wp-json\/wp\/v2\/tags?post=41998"}],"curies":[{"name":"wp","href":"https:\/\/api.w.org\/{rel}","templated":true}]}}