{"id":42086,"date":"2025-11-20T08:04:38","date_gmt":"2025-11-20T07:04:38","guid":{"rendered":"https:\/\/www.markt-kom.com\/?p=246425"},"modified":"2025-11-20T11:51:39","modified_gmt":"2025-11-20T10:51:39","slug":"generationenwechsel-im-hause-wanner","status":"publish","type":"post","link":"https:\/\/www.organisator.ch\/fr\/marketing\/2025-11-20\/generationenwechsel-im-hause-wanner\/","title":{"rendered":"Changement de g\u00e9n\u00e9ration chez Wanner"},"content":{"rendered":"<div class=\"news-header-wrapper\">\r\n<div class=\"news-header\">\r\n<div class=\"f-field-news-date\"><img class=\"alignnone size-large wp-image-246427\" src=\"https:\/\/www.markt-kom.com\/wp-content\/uploads\/2025\/11\/wannerfamilie-1024x683.jpeg\" sizes=\"(max-width: 768px) 100vw, 768px\" srcset=\"https:\/\/www.markt-kom.com\/wp-content\/uploads\/2025\/11\/wannerfamilie-1024x683.jpeg 1024w, https:\/\/www.markt-kom.com\/wp-content\/uploads\/2025\/11\/wannerfamilie-600x400.jpeg 600w, https:\/\/www.markt-kom.com\/wp-content\/uploads\/2025\/11\/wannerfamilie-768x512.jpeg 768w, https:\/\/www.markt-kom.com\/wp-content\/uploads\/2025\/11\/wannerfamilie-1536x1024.jpeg 1536w, https:\/\/www.markt-kom.com\/wp-content\/uploads\/2025\/11\/wannerfamilie-18x12.jpeg 18w, https:\/\/www.markt-kom.com\/wp-content\/uploads\/2025\/11\/wannerfamilie-263x175.jpeg 263w, https:\/\/www.markt-kom.com\/wp-content\/uploads\/2025\/11\/wannerfamilie-525x350.jpeg 525w, https:\/\/www.markt-kom.com\/wp-content\/uploads\/2025\/11\/wannerfamilie-1000x667.jpeg 1000w, https:\/\/www.markt-kom.com\/wp-content\/uploads\/2025\/11\/wannerfamilie-scaled.jpeg 1400w\" alt=\"\" width=\"768\" height=\"512\" \/><\/div>\r\n<\/div>\r\n<\/div>\r\n<div class=\"news-content\">\r\n<div class=\"f-field-news-content multiple\">\r\n<div class=\"paragraph--type--text text-small-0\">\r\n<div class=\"pc\">\r\n<div class=\"f-field-long-text\">\r\n<p>Changement de g\u00e9n\u00e9ration chez Wanner : apr\u00e8s que ses deux fils Michael et Florian Wanner ont repris la direction op\u00e9rationnelle de CH Media il y a deux ans et demi, l'\u00e9diteur Peter Wanner (81 ans) a d\u00e9cid\u00e9, dans le cadre d'une succession anticip\u00e9e, de c\u00e9der l'entreprise m\u00e9diatique \u00e0 ses deux fils et \u00e0 sa fille Anna. Les trois enfants de l'\u00e9diteur occupent des postes \u00e0 responsabilit\u00e9 dans l'entreprise. Sa fille Caroline, m\u00e9decin praticienne, a renonc\u00e9 \u00e0 toute participation.<\/p>\r\n<p>Les parties ont convenu de ne pas divulguer le prix de vente. L'\u00e9diteur Peter Wanner reste pr\u00e9sident du conseil d'administration. Afin de permettre une prise de d\u00e9cision claire parmi les nouveaux propri\u00e9taires, Michael Wanner, actuellement PDG de CH Media, obtient la majorit\u00e9 des voix.<\/p>\r\n<p><strong>La cinqui\u00e8me g\u00e9n\u00e9ration prend la rel\u00e8ve<\/strong><\/p>\r\n<p>Avec cette succession, c'est d\u00e9sormais la cinqui\u00e8me g\u00e9n\u00e9ration d'\u00e9diteurs qui prend les r\u00eanes de l'entreprise m\u00e9diatique. Le fondateur de l\u00ab\u00bb Aargauer Zeitung \u00ab (1836) et premier \u00e9diteur fut Josef Zehnder (1810-1896), qui fut \u00e9galement maire de Baden (1863-1881). Deux ans avant sa mort, l'entreprise de presse a \u00e9t\u00e9 transmise \u00e0 son petit-fils Otto Wanner sen. En 1938, ses fils Eugen et Otto Wanner ont pris la rel\u00e8ve, puis \u00e0 partir de 1956, Otto Wanner a dirig\u00e9 seul l'entreprise. Avec la fusion de l'AT et du BT pour former l\u00bb\u00ab Aargauer Zeitung \u00bb en 1996, Peter Wanner, qui dirigeait auparavant l'entreprise de presse de Baden, a pris la direction et la responsabilit\u00e9 de l'entreprise.<\/p>\r\n<p><strong>Solution \u00e0 l'amiable<\/strong><\/p>\r\n<p>Le partage successoral a pu \u00eatre r\u00e9alis\u00e9 \u00e0 l'amiable. L'\u00e9diteur Peter Wanner : \u00ab J'en suis particuli\u00e8rement fier. Pendant des mois, nous avons men\u00e9 des discussions au sein de la famille, avec l'aide de conseillers externes, et examin\u00e9 diff\u00e9rentes options. Au final, les quatre enfants ont approuv\u00e9 la solution trouv\u00e9e. Que demander de plus en tant que p\u00e8re ? \u00bb<\/p>\r\n<p>Michael Wanner, PDG : \u00ab Mon p\u00e8re a cr\u00e9\u00e9 l'entreprise et l'a amen\u00e9e \u00e0 sa taille actuelle. Nous lui sommes tr\u00e8s reconnaissants. Nous sommes conscients de la responsabilit\u00e9 particuli\u00e8re qu'il nous a confi\u00e9e. Nous sommes heureux de diriger l'entreprise avec lui et continuons \u00e0 compter sur son exp\u00e9rience et ses conseils. \u00bb<\/p>\r\n<p>Le groupe de m\u00e9dias CH Media, dont la NZZ d\u00e9tient 35 %, comprend 18 quotidiens et leurs portails en ligne, dont l\u00ab\u00bb Aargauer Zeitung \u00ab, la \u00bb Luzerner Zeitung \u00ab et le \u00bb St. Galler Tagblatt \u00ab, le journal du week-end \u00bb Schweiz am Wochenende \u00bb, 10 journaux d'annonces, 12 stations de radio, trois cha\u00eenes de t\u00e9l\u00e9vision r\u00e9gionales et huit cha\u00eenes de t\u00e9l\u00e9vision nationales, ainsi que trois imprimeries. Le portail d'information watson en fait \u00e9galement partie. L'ensemble du groupe m\u00e9diatique r\u00e9alise un chiffre d'affaires d'environ 400 millions de francs suisses. En termes de parts de march\u00e9, CH Media est num\u00e9ro 1 en Suisse al\u00e9manique dans le domaine des journaux, num\u00e9ro 1 dans celui des radios priv\u00e9es et des cha\u00eenes de t\u00e9l\u00e9vision priv\u00e9es, et num\u00e9ro 3 dans celui des portails d'information priv\u00e9s.<\/p>\r\n<\/div>\r\n<\/div>\r\n<\/div>\r\n<\/div>\r\n<\/div>","protected":false},"excerpt":{"rendered":"<p>Peter Wanner, \u00e9diteur et propri\u00e9taire d'AZ Medien AG, qui d\u00e9tient 65 % de CH Media Holding AG, a vendu l'entreprise m\u00e9diatique qu'il a cr\u00e9\u00e9e \u00e0 ses fils Michael et Florian et \u00e0 sa fille Anna. Michael Wanner, PDG de CH Media, obtient la majorit\u00e9 des voix. Peter Wanner reste \u00e9diteur et pr\u00e9sident du conseil d'administration.<\/p>","protected":false},"author":8,"featured_media":0,"comment_status":"closed","ping_status":"closed","sticky":false,"template":"","format":"standard","meta":{"_acf_changed":false,"_yoast_wpseo_focuskw":"Generationenwechsel","_yoast_wpseo_metadesc":"Generationenwechsel: Verleger Peter Wanner hat sein Medienunternehmen an seine S\u00f6hne Michael und Florian und an Tochter Anna verkauft.","articlekey":"","footnotes":""},"categories":[29],"tags":[335,4343,357,381],"class_list":["post-42086","post","type-post","status-publish","format-standard","hentry","category-marketing","tag-management-und-unternehmensfuehrung","tag-markom","tag-nachfolgeregelung","tag-personalia"],"acf":[],"yoast_head":"<!-- This site is optimized with the Yoast SEO plugin v27.5 - https:\/\/yoast.com\/product\/yoast-seo-wordpress\/ -->\n<title>Generationenwechsel im Hause Wanner - Organisator<\/title>\n<meta name=\"description\" content=\"Generationenwechsel: Verleger Peter Wanner hat sein Medienunternehmen an seine S\u00f6hne Michael und Florian und an Tochter Anna verkauft.\" \/>\n<meta name=\"robots\" content=\"index, follow, max-snippet:-1, max-image-preview:large, max-video-preview:-1\" \/>\n<link rel=\"canonical\" href=\"https:\/\/www.organisator.ch\/fr\/marketing\/2025-11-20\/generationenwechsel-im-hause-wanner\/\" \/>\n<meta property=\"og:locale\" content=\"fr_FR\" \/>\n<meta property=\"og:type\" content=\"article\" \/>\n<meta property=\"og:title\" content=\"Generationenwechsel im Hause Wanner - Organisator\" \/>\n<meta property=\"og:description\" content=\"Generationenwechsel: Verleger Peter Wanner hat sein Medienunternehmen an seine S\u00f6hne Michael und Florian und an Tochter Anna verkauft.\" \/>\n<meta property=\"og:url\" content=\"https:\/\/www.organisator.ch\/fr\/marketing\/2025-11-20\/generationenwechsel-im-hause-wanner\/\" \/>\n<meta property=\"og:site_name\" content=\"Organisator\" \/>\n<meta property=\"article:publisher\" content=\"https:\/\/www.facebook.com\/OrganisatorFachmagazin\" \/>\n<meta property=\"article:published_time\" content=\"2025-11-20T07:04:38+00:00\" \/>\n<meta property=\"article:modified_time\" content=\"2025-11-20T10:51:39+00:00\" \/>\n<meta name=\"author\" content=\"galledia\" \/>\n<meta name=\"twitter:card\" content=\"summary_large_image\" \/>\n<meta name=\"twitter:creator\" content=\"@admin\" \/>\n<script type=\"application\/ld+json\" class=\"yoast-schema-graph\">{\"@context\":\"https:\\\/\\\/schema.org\",\"@graph\":[{\"@type\":\"Article\",\"@id\":\"https:\\\/\\\/www.organisator.ch\\\/marketing\\\/2025-11-20\\\/generationenwechsel-im-hause-wanner\\\/#article\",\"isPartOf\":{\"@id\":\"https:\\\/\\\/www.organisator.ch\\\/marketing\\\/2025-11-20\\\/generationenwechsel-im-hause-wanner\\\/\"},\"author\":{\"name\":\"galledia\",\"@id\":\"https:\\\/\\\/www.organisator.ch\\\/#\\\/schema\\\/person\\\/4e51799071cd2dd1232ac003643ef5f0\"},\"headline\":\"Generationenwechsel im Hause Wanner\",\"datePublished\":\"2025-11-20T07:04:38+00:00\",\"dateModified\":\"2025-11-20T10:51:39+00:00\",\"mainEntityOfPage\":{\"@id\":\"https:\\\/\\\/www.organisator.ch\\\/marketing\\\/2025-11-20\\\/generationenwechsel-im-hause-wanner\\\/\"},\"wordCount\":423,\"publisher\":{\"@id\":\"https:\\\/\\\/www.organisator.ch\\\/#organization\"},\"image\":{\"@id\":\"https:\\\/\\\/www.organisator.ch\\\/marketing\\\/2025-11-20\\\/generationenwechsel-im-hause-wanner\\\/#primaryimage\"},\"thumbnailUrl\":\"https:\\\/\\\/www.markt-kom.com\\\/wp-content\\\/uploads\\\/2025\\\/11\\\/wannerfamilie-1024x683.jpeg\",\"keywords\":[\"Management und Unternehmensf\u00fchrung\",\"MarKom\",\"Nachfolgeregelung\",\"Personalia\"],\"articleSection\":[\"MARKETING\"],\"inLanguage\":\"fr-FR\"},{\"@type\":\"WebPage\",\"@id\":\"https:\\\/\\\/www.organisator.ch\\\/marketing\\\/2025-11-20\\\/generationenwechsel-im-hause-wanner\\\/\",\"url\":\"https:\\\/\\\/www.organisator.ch\\\/marketing\\\/2025-11-20\\\/generationenwechsel-im-hause-wanner\\\/\",\"name\":\"Generationenwechsel im Hause Wanner - Organisator\",\"isPartOf\":{\"@id\":\"https:\\\/\\\/www.organisator.ch\\\/#website\"},\"primaryImageOfPage\":{\"@id\":\"https:\\\/\\\/www.organisator.ch\\\/marketing\\\/2025-11-20\\\/generationenwechsel-im-hause-wanner\\\/#primaryimage\"},\"image\":{\"@id\":\"https:\\\/\\\/www.organisator.ch\\\/marketing\\\/2025-11-20\\\/generationenwechsel-im-hause-wanner\\\/#primaryimage\"},\"thumbnailUrl\":\"https:\\\/\\\/www.markt-kom.com\\\/wp-content\\\/uploads\\\/2025\\\/11\\\/wannerfamilie-1024x683.jpeg\",\"datePublished\":\"2025-11-20T07:04:38+00:00\",\"dateModified\":\"2025-11-20T10:51:39+00:00\",\"description\":\"Generationenwechsel: Verleger Peter Wanner hat sein Medienunternehmen an seine S\u00f6hne Michael und Florian und an Tochter Anna verkauft.\",\"breadcrumb\":{\"@id\":\"https:\\\/\\\/www.organisator.ch\\\/marketing\\\/2025-11-20\\\/generationenwechsel-im-hause-wanner\\\/#breadcrumb\"},\"inLanguage\":\"fr-FR\",\"potentialAction\":[{\"@type\":\"ReadAction\",\"target\":[\"https:\\\/\\\/www.organisator.ch\\\/marketing\\\/2025-11-20\\\/generationenwechsel-im-hause-wanner\\\/\"]}]},{\"@type\":\"ImageObject\",\"inLanguage\":\"fr-FR\",\"@id\":\"https:\\\/\\\/www.organisator.ch\\\/marketing\\\/2025-11-20\\\/generationenwechsel-im-hause-wanner\\\/#primaryimage\",\"url\":\"https:\\\/\\\/www.markt-kom.com\\\/wp-content\\\/uploads\\\/2025\\\/11\\\/wannerfamilie-1024x683.jpeg\",\"contentUrl\":\"https:\\\/\\\/www.markt-kom.com\\\/wp-content\\\/uploads\\\/2025\\\/11\\\/wannerfamilie-1024x683.jpeg\"},{\"@type\":\"BreadcrumbList\",\"@id\":\"https:\\\/\\\/www.organisator.ch\\\/marketing\\\/2025-11-20\\\/generationenwechsel-im-hause-wanner\\\/#breadcrumb\",\"itemListElement\":[{\"@type\":\"ListItem\",\"position\":1,\"name\":\"Home\",\"item\":\"https:\\\/\\\/www.organisator.ch\\\/\"},{\"@type\":\"ListItem\",\"position\":2,\"name\":\"Generationenwechsel im Hause Wanner\"}]},{\"@type\":\"WebSite\",\"@id\":\"https:\\\/\\\/www.organisator.ch\\\/#website\",\"url\":\"https:\\\/\\\/www.organisator.ch\\\/\",\"name\":\"Organisator\",\"description\":\"Kompetent. Praxisnah. Der ORGANISATOR bereitet in 10 Ausgaben pro Jahr die wesentlichen Themen f\u00fcr F\u00fchrungskr\u00e4fte von KMU auf.\",\"publisher\":{\"@id\":\"https:\\\/\\\/www.organisator.ch\\\/#organization\"},\"potentialAction\":[{\"@type\":\"SearchAction\",\"target\":{\"@type\":\"EntryPoint\",\"urlTemplate\":\"https:\\\/\\\/www.organisator.ch\\\/?s={search_term_string}\"},\"query-input\":{\"@type\":\"PropertyValueSpecification\",\"valueRequired\":true,\"valueName\":\"search_term_string\"}}],\"inLanguage\":\"fr-FR\"},{\"@type\":\"Organization\",\"@id\":\"https:\\\/\\\/www.organisator.ch\\\/#organization\",\"name\":\"Organisator\",\"url\":\"https:\\\/\\\/www.organisator.ch\\\/\",\"logo\":{\"@type\":\"ImageObject\",\"inLanguage\":\"fr-FR\",\"@id\":\"https:\\\/\\\/www.organisator.ch\\\/#\\\/schema\\\/logo\\\/image\\\/\",\"url\":\"https:\\\/\\\/www.organisator.ch\\\/wp-content\\\/uploads\\\/2022\\\/01\\\/Logo_Organisator_Website.png\",\"contentUrl\":\"https:\\\/\\\/www.organisator.ch\\\/wp-content\\\/uploads\\\/2022\\\/01\\\/Logo_Organisator_Website.png\",\"width\":800,\"height\":77,\"caption\":\"Organisator\"},\"image\":{\"@id\":\"https:\\\/\\\/www.organisator.ch\\\/#\\\/schema\\\/logo\\\/image\\\/\"},\"sameAs\":[\"https:\\\/\\\/www.facebook.com\\\/OrganisatorFachmagazin\",\"https:\\\/\\\/www.linkedin.com\\\/showcase\\\/organisator-das-magazin-fr-kmu\",\"https:\\\/\\\/www.xing.com\\\/news\\\/pages\\\/organisator-ch-695\",\"https:\\\/\\\/www.youtube.com\\\/channel\\\/UCGP2Sq0iWaZwT3BdIAQFYpw\"]},{\"@type\":\"Person\",\"@id\":\"https:\\\/\\\/www.organisator.ch\\\/#\\\/schema\\\/person\\\/4e51799071cd2dd1232ac003643ef5f0\",\"name\":\"galledia\",\"image\":{\"@type\":\"ImageObject\",\"inLanguage\":\"fr-FR\",\"@id\":\"https:\\\/\\\/secure.gravatar.com\\\/avatar\\\/78a7f90c01fc2bfc875782a0d4922b37cde2cf184ce347b91316d23cd7f69a36?s=96&d=mm&r=g\",\"url\":\"https:\\\/\\\/secure.gravatar.com\\\/avatar\\\/78a7f90c01fc2bfc875782a0d4922b37cde2cf184ce347b91316d23cd7f69a36?s=96&d=mm&r=g\",\"contentUrl\":\"https:\\\/\\\/secure.gravatar.com\\\/avatar\\\/78a7f90c01fc2bfc875782a0d4922b37cde2cf184ce347b91316d23cd7f69a36?s=96&d=mm&r=g\",\"caption\":\"galledia\"},\"sameAs\":[\"https:\\\/\\\/x.com\\\/admin\"],\"url\":\"https:\\\/\\\/www.organisator.ch\\\/fr\\\/author\\\/galledia\\\/\"}]}<\/script>\n<!-- \/ Yoast SEO plugin. -->","yoast_head_json":{"title":"Changement de g\u00e9n\u00e9ration chez Wanner - Organisateur","description":"Changement de g\u00e9n\u00e9ration : l'\u00e9diteur Peter Wanner a vendu son entreprise m\u00e9diatique \u00e0 ses fils Michael et Florian et \u00e0 sa fille Anna.","robots":{"index":"index","follow":"follow","max-snippet":"max-snippet:-1","max-image-preview":"max-image-preview:large","max-video-preview":"max-video-preview:-1"},"canonical":"https:\/\/www.organisator.ch\/fr\/marketing\/2025-11-20\/generationenwechsel-im-hause-wanner\/","og_locale":"fr_FR","og_type":"article","og_title":"Generationenwechsel im Hause Wanner - Organisator","og_description":"Generationenwechsel: Verleger Peter Wanner hat sein Medienunternehmen an seine S\u00f6hne Michael und Florian und an Tochter Anna verkauft.","og_url":"https:\/\/www.organisator.ch\/fr\/marketing\/2025-11-20\/generationenwechsel-im-hause-wanner\/","og_site_name":"Organisator","article_publisher":"https:\/\/www.facebook.com\/OrganisatorFachmagazin","article_published_time":"2025-11-20T07:04:38+00:00","article_modified_time":"2025-11-20T10:51:39+00:00","author":"galledia","twitter_card":"summary_large_image","twitter_creator":"@admin","schema":{"@context":"https:\/\/schema.org","@graph":[{"@type":"Article","@id":"https:\/\/www.organisator.ch\/marketing\/2025-11-20\/generationenwechsel-im-hause-wanner\/#article","isPartOf":{"@id":"https:\/\/www.organisator.ch\/marketing\/2025-11-20\/generationenwechsel-im-hause-wanner\/"},"author":{"name":"galledia","@id":"https:\/\/www.organisator.ch\/#\/schema\/person\/4e51799071cd2dd1232ac003643ef5f0"},"headline":"Generationenwechsel im Hause Wanner","datePublished":"2025-11-20T07:04:38+00:00","dateModified":"2025-11-20T10:51:39+00:00","mainEntityOfPage":{"@id":"https:\/\/www.organisator.ch\/marketing\/2025-11-20\/generationenwechsel-im-hause-wanner\/"},"wordCount":423,"publisher":{"@id":"https:\/\/www.organisator.ch\/#organization"},"image":{"@id":"https:\/\/www.organisator.ch\/marketing\/2025-11-20\/generationenwechsel-im-hause-wanner\/#primaryimage"},"thumbnailUrl":"https:\/\/www.markt-kom.com\/wp-content\/uploads\/2025\/11\/wannerfamilie-1024x683.jpeg","keywords":["Management und Unternehmensf\u00fchrung","MarKom","Nachfolgeregelung","Personalia"],"articleSection":["MARKETING"],"inLanguage":"fr-FR"},{"@type":"WebPage","@id":"https:\/\/www.organisator.ch\/marketing\/2025-11-20\/generationenwechsel-im-hause-wanner\/","url":"https:\/\/www.organisator.ch\/marketing\/2025-11-20\/generationenwechsel-im-hause-wanner\/","name":"Changement de g\u00e9n\u00e9ration chez Wanner - Organisateur","isPartOf":{"@id":"https:\/\/www.organisator.ch\/#website"},"primaryImageOfPage":{"@id":"https:\/\/www.organisator.ch\/marketing\/2025-11-20\/generationenwechsel-im-hause-wanner\/#primaryimage"},"image":{"@id":"https:\/\/www.organisator.ch\/marketing\/2025-11-20\/generationenwechsel-im-hause-wanner\/#primaryimage"},"thumbnailUrl":"https:\/\/www.markt-kom.com\/wp-content\/uploads\/2025\/11\/wannerfamilie-1024x683.jpeg","datePublished":"2025-11-20T07:04:38+00:00","dateModified":"2025-11-20T10:51:39+00:00","description":"Changement de g\u00e9n\u00e9ration : l'\u00e9diteur Peter Wanner a vendu son entreprise m\u00e9diatique \u00e0 ses fils Michael et Florian et \u00e0 sa fille Anna.","breadcrumb":{"@id":"https:\/\/www.organisator.ch\/marketing\/2025-11-20\/generationenwechsel-im-hause-wanner\/#breadcrumb"},"inLanguage":"fr-FR","potentialAction":[{"@type":"ReadAction","target":["https:\/\/www.organisator.ch\/marketing\/2025-11-20\/generationenwechsel-im-hause-wanner\/"]}]},{"@type":"ImageObject","inLanguage":"fr-FR","@id":"https:\/\/www.organisator.ch\/marketing\/2025-11-20\/generationenwechsel-im-hause-wanner\/#primaryimage","url":"https:\/\/www.markt-kom.com\/wp-content\/uploads\/2025\/11\/wannerfamilie-1024x683.jpeg","contentUrl":"https:\/\/www.markt-kom.com\/wp-content\/uploads\/2025\/11\/wannerfamilie-1024x683.jpeg"},{"@type":"BreadcrumbList","@id":"https:\/\/www.organisator.ch\/marketing\/2025-11-20\/generationenwechsel-im-hause-wanner\/#breadcrumb","itemListElement":[{"@type":"ListItem","position":1,"name":"Home","item":"https:\/\/www.organisator.ch\/"},{"@type":"ListItem","position":2,"name":"Generationenwechsel im Hause Wanner"}]},{"@type":"WebSite","@id":"https:\/\/www.organisator.ch\/#website","url":"https:\/\/www.organisator.ch\/","name":"Organisateur","description":"Comp\u00e9tence et comp\u00e9tence. Proches de la pratique. L'ORGANISATEUR pr\u00e9pare 10 num\u00e9ros par an sur les th\u00e8mes essentiels pour les dirigeants de PME.","publisher":{"@id":"https:\/\/www.organisator.ch\/#organization"},"potentialAction":[{"@type":"SearchAction","target":{"@type":"EntryPoint","urlTemplate":"https:\/\/www.organisator.ch\/?s={search_term_string}"},"query-input":{"@type":"PropertyValueSpecification","valueRequired":true,"valueName":"search_term_string"}}],"inLanguage":"fr-FR"},{"@type":"Organization","@id":"https:\/\/www.organisator.ch\/#organization","name":"Organisateur","url":"https:\/\/www.organisator.ch\/","logo":{"@type":"ImageObject","inLanguage":"fr-FR","@id":"https:\/\/www.organisator.ch\/#\/schema\/logo\/image\/","url":"https:\/\/www.organisator.ch\/wp-content\/uploads\/2022\/01\/Logo_Organisator_Website.png","contentUrl":"https:\/\/www.organisator.ch\/wp-content\/uploads\/2022\/01\/Logo_Organisator_Website.png","width":800,"height":77,"caption":"Organisator"},"image":{"@id":"https:\/\/www.organisator.ch\/#\/schema\/logo\/image\/"},"sameAs":["https:\/\/www.facebook.com\/OrganisatorFachmagazin","https:\/\/www.linkedin.com\/showcase\/organisator-das-magazin-fr-kmu","https:\/\/www.xing.com\/news\/pages\/organisator-ch-695","https:\/\/www.youtube.com\/channel\/UCGP2Sq0iWaZwT3BdIAQFYpw"]},{"@type":"Person","@id":"https:\/\/www.organisator.ch\/#\/schema\/person\/4e51799071cd2dd1232ac003643ef5f0","name":"galledia","image":{"@type":"ImageObject","inLanguage":"fr-FR","@id":"https:\/\/secure.gravatar.com\/avatar\/78a7f90c01fc2bfc875782a0d4922b37cde2cf184ce347b91316d23cd7f69a36?s=96&d=mm&r=g","url":"https:\/\/secure.gravatar.com\/avatar\/78a7f90c01fc2bfc875782a0d4922b37cde2cf184ce347b91316d23cd7f69a36?s=96&d=mm&r=g","contentUrl":"https:\/\/secure.gravatar.com\/avatar\/78a7f90c01fc2bfc875782a0d4922b37cde2cf184ce347b91316d23cd7f69a36?s=96&d=mm&r=g","caption":"galledia"},"sameAs":["https:\/\/x.com\/admin"],"url":"https:\/\/www.organisator.ch\/fr\/author\/galledia\/"}]}},"_links":{"self":[{"href":"https:\/\/www.organisator.ch\/fr\/wp-json\/wp\/v2\/posts\/42086","targetHints":{"allow":["GET"]}}],"collection":[{"href":"https:\/\/www.organisator.ch\/fr\/wp-json\/wp\/v2\/posts"}],"about":[{"href":"https:\/\/www.organisator.ch\/fr\/wp-json\/wp\/v2\/types\/post"}],"author":[{"embeddable":true,"href":"https:\/\/www.organisator.ch\/fr\/wp-json\/wp\/v2\/users\/8"}],"replies":[{"embeddable":true,"href":"https:\/\/www.organisator.ch\/fr\/wp-json\/wp\/v2\/comments?post=42086"}],"version-history":[{"count":8,"href":"https:\/\/www.organisator.ch\/fr\/wp-json\/wp\/v2\/posts\/42086\/revisions"}],"predecessor-version":[{"id":42099,"href":"https:\/\/www.organisator.ch\/fr\/wp-json\/wp\/v2\/posts\/42086\/revisions\/42099"}],"wp:attachment":[{"href":"https:\/\/www.organisator.ch\/fr\/wp-json\/wp\/v2\/media?parent=42086"}],"wp:term":[{"taxonomy":"category","embeddable":true,"href":"https:\/\/www.organisator.ch\/fr\/wp-json\/wp\/v2\/categories?post=42086"},{"taxonomy":"post_tag","embeddable":true,"href":"https:\/\/www.organisator.ch\/fr\/wp-json\/wp\/v2\/tags?post=42086"}],"curies":[{"name":"wp","href":"https:\/\/api.w.org\/{rel}","templated":true}]}}