{"id":42157,"date":"2025-11-24T08:45:55","date_gmt":"2025-11-24T07:45:55","guid":{"rendered":"https:\/\/www.markt-kom.com\/?p=246349"},"modified":"2025-11-24T08:42:05","modified_gmt":"2025-11-24T07:42:05","slug":"mensch-statt-algorithmus-10-grafikdesigntrends-fuer-2026","status":"publish","type":"post","link":"https:\/\/www.organisator.ch\/fr\/marketing\/2025-11-24\/mensch-statt-algorithmus-10-grafikdesigntrends-fuer-2026\/","title":{"rendered":"L'humain plut\u00f4t que l'algorithme \u2013 10 tendances en mati\u00e8re de design graphique pour 2026"},"content":{"rendered":"<p><img class=\"alignnone size-full wp-image-246583\" src=\"https:\/\/www.markt-kom.com\/wp-content\/uploads\/2025\/11\/Digi-Cute-by-musework-on-99designs-by-Vista.png\" sizes=\"(max-width: 960px) 100vw, 960px\" srcset=\"https:\/\/www.markt-kom.com\/wp-content\/uploads\/2025\/11\/Digi-Cute-by-musework-on-99designs-by-Vista.png 960w, https:\/\/www.markt-kom.com\/wp-content\/uploads\/2025\/11\/Digi-Cute-by-musework-on-99designs-by-Vista-600x600.png 600w, https:\/\/www.markt-kom.com\/wp-content\/uploads\/2025\/11\/Digi-Cute-by-musework-on-99designs-by-Vista-150x150.png 150w, https:\/\/www.markt-kom.com\/wp-content\/uploads\/2025\/11\/Digi-Cute-by-musework-on-99designs-by-Vista-768x768.png 768w, https:\/\/www.markt-kom.com\/wp-content\/uploads\/2025\/11\/Digi-Cute-by-musework-on-99designs-by-Vista-12x12.png 12w, https:\/\/www.markt-kom.com\/wp-content\/uploads\/2025\/11\/Digi-Cute-by-musework-on-99designs-by-Vista-175x175.png 175w, https:\/\/www.markt-kom.com\/wp-content\/uploads\/2025\/11\/Digi-Cute-by-musework-on-99designs-by-Vista-350x350.png 350w, https:\/\/www.markt-kom.com\/wp-content\/uploads\/2025\/11\/Digi-Cute-by-musework-on-99designs-by-Vista-800x800.png 800w\" alt=\"\" width=\"960\" height=\"960\" \/>La conclusion principale : le graphisme redevient nettement plus personnel. On constate que les tendances s'\u00e9loignent du lisse pour se diriger vers l'authentique. Les marques veulent susciter des \u00e9motions chez leurs groupes cibles et misent donc sur des histoires plut\u00f4t que sur des messages marketing. Le design devient ainsi une sc\u00e8ne pour l'individualit\u00e9 et donc l'outil le plus efficace pour \u00e9tablir de v\u00e9ritables liens.<\/p>\r\n<p>\u00ab Les petites entreprises ont l'avantage d\u00e9cisif de pouvoir se montrer audacieuses, originales et authentiques, ce qui est souvent difficile pour les grandes marques \u00bb, explique Patrick Llewellyn, vice-pr\u00e9sident des services num\u00e9riques et de conception chez VistaPrint. \u00ab Dans notre monde devenu bruyant et impersonnel, les designs imparfaits semblent honn\u00eates. C'est pr\u00e9cis\u00e9ment ce qui les rend si puissants. \u00bb<\/p>\r\n<p>Les tendances design 2026 int\u00e8grent l'artisanat dans le num\u00e9rique, racontent l'identit\u00e9 culturelle, c\u00e9l\u00e8brent l'imperfection et rendent les sentiments visibles. Ce n'est pas l'algorithme, mais l'\u00eatre humain qui est au centre de l'attention.<\/p>\r\n<h3>Aper\u00e7u des tendances design 2026<\/h3>\r\n<p><strong>Folk \u00e9l\u00e9mentaire<br \/>\r\n<\/strong>La tradition rencontre le design moderne : inspir\u00e9s par l'artisanat r\u00e9gional et l'h\u00e9ritage culturel, des motifs floraux, des d\u00e9tails ornementaux et des couleurs vives donnent naissance \u00e0 des designs chaleureux et expressifs. Le design est \u00e0 la fois familier et contemporain. Elemental Folk est un retour visuel aux sources qui c\u00e9l\u00e8bre l'identit\u00e9 et les origines.<\/p>\r\n<p><a href=\"https:\/\/www.markt-kom.com\/de\/markom\/mensch-statt-algorithmus-10-grafikdesigntrends-fuer-2026\/attachment\/elemental-folk-by-inqueen-on-99designs-by-vista\/\"><img class=\"attachment-medium size-medium\" src=\"https:\/\/www.markt-kom.com\/wp-content\/uploads\/2025\/11\/Elemental-Folk-by-InQueen-on-99designs-by-Vista-600x600.jpeg\" sizes=\"(max-width: 600px) 100vw, 600px\" srcset=\"https:\/\/www.markt-kom.com\/wp-content\/uploads\/2025\/11\/Elemental-Folk-by-InQueen-on-99designs-by-Vista-600x600.jpeg 600w, https:\/\/www.markt-kom.com\/wp-content\/uploads\/2025\/11\/Elemental-Folk-by-InQueen-on-99designs-by-Vista-150x150.jpeg 150w, https:\/\/www.markt-kom.com\/wp-content\/uploads\/2025\/11\/Elemental-Folk-by-InQueen-on-99designs-by-Vista-768x768.jpeg 768w, https:\/\/www.markt-kom.com\/wp-content\/uploads\/2025\/11\/Elemental-Folk-by-InQueen-on-99designs-by-Vista-12x12.jpeg 12w, https:\/\/www.markt-kom.com\/wp-content\/uploads\/2025\/11\/Elemental-Folk-by-InQueen-on-99designs-by-Vista-175x175.jpeg 175w, https:\/\/www.markt-kom.com\/wp-content\/uploads\/2025\/11\/Elemental-Folk-by-InQueen-on-99designs-by-Vista-350x350.jpeg 350w, https:\/\/www.markt-kom.com\/wp-content\/uploads\/2025\/11\/Elemental-Folk-by-InQueen-on-99designs-by-Vista-800x800.jpeg 800w, https:\/\/www.markt-kom.com\/wp-content\/uploads\/2025\/11\/Elemental-Folk-by-InQueen-on-99designs-by-Vista.jpeg 1000w\" alt=\"\" width=\"600\" height=\"600\" \/><\/a> <a href=\"https:\/\/www.markt-kom.com\/de\/markom\/mensch-statt-algorithmus-10-grafikdesigntrends-fuer-2026\/attachment\/elemental-folk-by-pecas-carola-beker-on-99designs-by-vista\/\"><img class=\"attachment-medium size-medium\" src=\"https:\/\/www.markt-kom.com\/wp-content\/uploads\/2025\/11\/Elemental-Folk-by-pecas\u2122-Carola-Beker-on-99designs-by-Vista-300x600.jpeg\" sizes=\"(max-width: 300px) 100vw, 300px\" srcset=\"https:\/\/www.markt-kom.com\/wp-content\/uploads\/2025\/11\/Elemental-Folk-by-pecas\u2122-Carola-Beker-on-99designs-by-Vista-300x600.jpeg 300w, https:\/\/www.markt-kom.com\/wp-content\/uploads\/2025\/11\/Elemental-Folk-by-pecas\u2122-Carola-Beker-on-99designs-by-Vista-512x1024.jpeg 512w, https:\/\/www.markt-kom.com\/wp-content\/uploads\/2025\/11\/Elemental-Folk-by-pecas\u2122-Carola-Beker-on-99designs-by-Vista-scaled.jpeg 500w, https:\/\/www.markt-kom.com\/wp-content\/uploads\/2025\/11\/Elemental-Folk-by-pecas\u2122-Carola-Beker-on-99designs-by-Vista-768x1536.jpeg 768w, https:\/\/www.markt-kom.com\/wp-content\/uploads\/2025\/11\/Elemental-Folk-by-pecas\u2122-Carola-Beker-on-99designs-by-Vista-1024x2048.jpeg 1024w, https:\/\/www.markt-kom.com\/wp-content\/uploads\/2025\/11\/Elemental-Folk-by-pecas\u2122-Carola-Beker-on-99designs-by-Vista-6x12.jpeg 6w, https:\/\/www.markt-kom.com\/wp-content\/uploads\/2025\/11\/Elemental-Folk-by-pecas\u2122-Carola-Beker-on-99designs-by-Vista-88x175.jpeg 88w, https:\/\/www.markt-kom.com\/wp-content\/uploads\/2025\/11\/Elemental-Folk-by-pecas\u2122-Carola-Beker-on-99designs-by-Vista-175x350.jpeg 175w, https:\/\/www.markt-kom.com\/wp-content\/uploads\/2025\/11\/Elemental-Folk-by-pecas\u2122-Carola-Beker-on-99designs-by-Vista-400x800.jpeg 400w\" alt=\"\" width=\"300\" height=\"600\" \/><\/a> <a href=\"https:\/\/www.markt-kom.com\/de\/markom\/mensch-statt-algorithmus-10-grafikdesigntrends-fuer-2026\/attachment\/elemental-folk-by-rzl-on-99designs-by-vista\/\"><img class=\"attachment-medium size-medium\" src=\"https:\/\/www.markt-kom.com\/wp-content\/uploads\/2025\/11\/Elemental-Folk-by-R%C2%B0Z%C2%B0L-on-99designs-by-Vista-390x600.jpeg\" sizes=\"(max-width: 390px) 100vw, 390px\" srcset=\"https:\/\/www.markt-kom.com\/wp-content\/uploads\/2025\/11\/Elemental-Folk-by-R\u00b0Z\u00b0L-on-99designs-by-Vista-390x600.jpeg 390w, https:\/\/www.markt-kom.com\/wp-content\/uploads\/2025\/11\/Elemental-Folk-by-R\u00b0Z\u00b0L-on-99designs-by-Vista-665x1024.jpeg 649w, https:\/\/www.markt-kom.com\/wp-content\/uploads\/2025\/11\/Elemental-Folk-by-R\u00b0Z\u00b0L-on-99designs-by-Vista-scaled.jpeg 650w, https:\/\/www.markt-kom.com\/wp-content\/uploads\/2025\/11\/Elemental-Folk-by-R\u00b0Z\u00b0L-on-99designs-by-Vista-998x1536.jpeg 998w, https:\/\/www.markt-kom.com\/wp-content\/uploads\/2025\/11\/Elemental-Folk-by-R\u00b0Z\u00b0L-on-99designs-by-Vista-1331x2048.jpeg 1331w, https:\/\/www.markt-kom.com\/wp-content\/uploads\/2025\/11\/Elemental-Folk-by-R\u00b0Z\u00b0L-on-99designs-by-Vista-8x12.jpeg 8w, https:\/\/www.markt-kom.com\/wp-content\/uploads\/2025\/11\/Elemental-Folk-by-R\u00b0Z\u00b0L-on-99designs-by-Vista-114x175.jpeg 114w, https:\/\/www.markt-kom.com\/wp-content\/uploads\/2025\/11\/Elemental-Folk-by-R\u00b0Z\u00b0L-on-99designs-by-Vista-227x350.jpeg 227w, https:\/\/www.markt-kom.com\/wp-content\/uploads\/2025\/11\/Elemental-Folk-by-R\u00b0Z\u00b0L-on-99designs-by-Vista-520x800.jpeg 520w\" alt=\"\" width=\"390\" height=\"600\" \/><\/a> <a href=\"https:\/\/www.markt-kom.com\/de\/markom\/mensch-statt-algorithmus-10-grafikdesigntrends-fuer-2026\/attachment\/elemental-folk-by-setrone-on-99designs-by-vista\/\"><img class=\"attachment-medium size-medium\" src=\"https:\/\/www.markt-kom.com\/wp-content\/uploads\/2025\/11\/Elemental-Folk-by-setrone-on-99designs-by-Vista-600x600.jpeg\" sizes=\"(max-width: 600px) 100vw, 600px\" srcset=\"https:\/\/www.markt-kom.com\/wp-content\/uploads\/2025\/11\/Elemental-Folk-by-setrone-on-99designs-by-Vista-600x600.jpeg 600w, https:\/\/www.markt-kom.com\/wp-content\/uploads\/2025\/11\/Elemental-Folk-by-setrone-on-99designs-by-Vista-scaled.jpeg 1000w, https:\/\/www.markt-kom.com\/wp-content\/uploads\/2025\/11\/Elemental-Folk-by-setrone-on-99designs-by-Vista-150x150.jpeg 150w, https:\/\/www.markt-kom.com\/wp-content\/uploads\/2025\/11\/Elemental-Folk-by-setrone-on-99designs-by-Vista-768x768.jpeg 768w, https:\/\/www.markt-kom.com\/wp-content\/uploads\/2025\/11\/Elemental-Folk-by-setrone-on-99designs-by-Vista-1536x1536.jpeg 1536w, https:\/\/www.markt-kom.com\/wp-content\/uploads\/2025\/11\/Elemental-Folk-by-setrone-on-99designs-by-Vista-12x12.jpeg 12w, https:\/\/www.markt-kom.com\/wp-content\/uploads\/2025\/11\/Elemental-Folk-by-setrone-on-99designs-by-Vista-175x175.jpeg 175w, https:\/\/www.markt-kom.com\/wp-content\/uploads\/2025\/11\/Elemental-Folk-by-setrone-on-99designs-by-Vista-350x350.jpeg 350w, https:\/\/www.markt-kom.com\/wp-content\/uploads\/2025\/11\/Elemental-Folk-by-setrone-on-99designs-by-Vista-800x800.jpeg 800w\" alt=\"\" width=\"600\" height=\"600\" \/><\/a><\/p>\r\n<p>&nbsp;<\/p>\r\n<p><strong>Hyper-individualisme<br \/>\r\n<\/strong>Cette tendance apporte un vent de fra\u00eecheur dans le design. Elle mise sur des univers picturaux surr\u00e9alistes, joue avec des formes d\u00e9form\u00e9es et rompt d\u00e9lib\u00e9r\u00e9ment avec les conventions. Les repr\u00e9sentations sont tant\u00f4t ludiques, tant\u00f4t provocantes, mais toujours originales. Alors que beaucoup confient enti\u00e8rement leurs processus de cr\u00e9ation \u00e0 l'intelligence artificielle, ce style s\u00e9duit par la touche cr\u00e9ative humaine qu'il apporte.<\/p>\r\n<p><a href=\"https:\/\/www.markt-kom.com\/de\/markom\/mensch-statt-algorithmus-10-grafikdesigntrends-fuer-2026\/attachment\/hyper-individualism-by-adriankg-on-99designs-by-vista\/\"><img class=\"attachment-medium size-medium\" src=\"https:\/\/www.markt-kom.com\/wp-content\/uploads\/2025\/11\/Hyper-Individualism-by-AdrianKG-on-99designs-by-Vista-598x600.png\" sizes=\"(max-width: 598px) 100vw, 598px\" srcset=\"https:\/\/www.markt-kom.com\/wp-content\/uploads\/2025\/11\/Hyper-Individualism-by-AdrianKG-on-99designs-by-Vista-598x600.png 598w, https:\/\/www.markt-kom.com\/wp-content\/uploads\/2025\/11\/Hyper-Individualism-by-AdrianKG-on-99designs-by-Vista-1021x1024.png 997w, https:\/\/www.markt-kom.com\/wp-content\/uploads\/2025\/11\/Hyper-Individualism-by-AdrianKG-on-99designs-by-Vista-150x150.png 150w, https:\/\/www.markt-kom.com\/wp-content\/uploads\/2025\/11\/Hyper-Individualism-by-AdrianKG-on-99designs-by-Vista-768x771.png 768w, https:\/\/www.markt-kom.com\/wp-content\/uploads\/2025\/11\/Hyper-Individualism-by-AdrianKG-on-99designs-by-Vista-12x12.png 12w, https:\/\/www.markt-kom.com\/wp-content\/uploads\/2025\/11\/Hyper-Individualism-by-AdrianKG-on-99designs-by-Vista-174x175.png 174w, https:\/\/www.markt-kom.com\/wp-content\/uploads\/2025\/11\/Hyper-Individualism-by-AdrianKG-on-99designs-by-Vista-349x350.png 349w, https:\/\/www.markt-kom.com\/wp-content\/uploads\/2025\/11\/Hyper-Individualism-by-AdrianKG-on-99designs-by-Vista-797x800.png 797w, https:\/\/www.markt-kom.com\/wp-content\/uploads\/2025\/11\/Hyper-Individualism-by-AdrianKG-on-99designs-by-Vista-scaled.png 996w\" alt=\"\" width=\"598\" height=\"600\" \/><\/a> <a href=\"https:\/\/www.markt-kom.com\/de\/markom\/mensch-statt-algorithmus-10-grafikdesigntrends-fuer-2026\/attachment\/hyper-individualism-by-alltimehigh-on-99designs-by-vista\/\"><img class=\"attachment-medium size-medium\" src=\"https:\/\/www.markt-kom.com\/wp-content\/uploads\/2025\/11\/Hyper-Individualism-by-alltimehigh-on-99designs-by-Vista-600x600.jpeg\" sizes=\"(max-width: 600px) 100vw, 600px\" srcset=\"https:\/\/www.markt-kom.com\/wp-content\/uploads\/2025\/11\/Hyper-Individualism-by-alltimehigh-on-99designs-by-Vista-600x600.jpeg 600w, https:\/\/www.markt-kom.com\/wp-content\/uploads\/2025\/11\/Hyper-Individualism-by-alltimehigh-on-99designs-by-Vista-1024x1024.jpeg 1024w, https:\/\/www.markt-kom.com\/wp-content\/uploads\/2025\/11\/Hyper-Individualism-by-alltimehigh-on-99designs-by-Vista-150x150.jpeg 150w, https:\/\/www.markt-kom.com\/wp-content\/uploads\/2025\/11\/Hyper-Individualism-by-alltimehigh-on-99designs-by-Vista-768x768.jpeg 768w, https:\/\/www.markt-kom.com\/wp-content\/uploads\/2025\/11\/Hyper-Individualism-by-alltimehigh-on-99designs-by-Vista-1536x1536.jpeg 1536w, https:\/\/www.markt-kom.com\/wp-content\/uploads\/2025\/11\/Hyper-Individualism-by-alltimehigh-on-99designs-by-Vista-12x12.jpeg 12w, https:\/\/www.markt-kom.com\/wp-content\/uploads\/2025\/11\/Hyper-Individualism-by-alltimehigh-on-99designs-by-Vista-175x175.jpeg 175w, https:\/\/www.markt-kom.com\/wp-content\/uploads\/2025\/11\/Hyper-Individualism-by-alltimehigh-on-99designs-by-Vista-350x350.jpeg 350w, https:\/\/www.markt-kom.com\/wp-content\/uploads\/2025\/11\/Hyper-Individualism-by-alltimehigh-on-99designs-by-Vista-800x800.jpeg 800w, https:\/\/www.markt-kom.com\/wp-content\/uploads\/2025\/11\/Hyper-Individualism-by-alltimehigh-on-99designs-by-Vista-scaled.jpeg 1000w\" alt=\"\" width=\"600\" height=\"600\" \/><\/a> <a href=\"https:\/\/www.markt-kom.com\/de\/markom\/mensch-statt-algorithmus-10-grafikdesigntrends-fuer-2026\/attachment\/hyper-individualism-by-boja-on-99designs-by-vista\/\"><img class=\"attachment-medium size-medium\" src=\"https:\/\/www.markt-kom.com\/wp-content\/uploads\/2025\/11\/Hyper-Individualism-by-Boja-on-99designs-by-Vista-600x450.jpeg\" sizes=\"(max-width: 600px) 100vw, 600px\" srcset=\"https:\/\/www.markt-kom.com\/wp-content\/uploads\/2025\/11\/Hyper-Individualism-by-Boja-on-99designs-by-Vista-600x450.jpeg 600w, https:\/\/www.markt-kom.com\/wp-content\/uploads\/2025\/11\/Hyper-Individualism-by-Boja-on-99designs-by-Vista-1024x768.jpeg 1024w, https:\/\/www.markt-kom.com\/wp-content\/uploads\/2025\/11\/Hyper-Individualism-by-Boja-on-99designs-by-Vista-768x576.jpeg 768w, https:\/\/www.markt-kom.com\/wp-content\/uploads\/2025\/11\/Hyper-Individualism-by-Boja-on-99designs-by-Vista-1536x1152.jpeg 1536w, https:\/\/www.markt-kom.com\/wp-content\/uploads\/2025\/11\/Hyper-Individualism-by-Boja-on-99designs-by-Vista-16x12.jpeg 16w, https:\/\/www.markt-kom.com\/wp-content\/uploads\/2025\/11\/Hyper-Individualism-by-Boja-on-99designs-by-Vista-233x175.jpeg 233w, https:\/\/www.markt-kom.com\/wp-content\/uploads\/2025\/11\/Hyper-Individualism-by-Boja-on-99designs-by-Vista-467x350.jpeg 467w, https:\/\/www.markt-kom.com\/wp-content\/uploads\/2025\/11\/Hyper-Individualism-by-Boja-on-99designs-by-Vista-1000x750.jpeg 1000w, https:\/\/www.markt-kom.com\/wp-content\/uploads\/2025\/11\/Hyper-Individualism-by-Boja-on-99designs-by-Vista-scaled.jpeg 1300w\" alt=\"\" width=\"600\" height=\"450\" \/><\/a> <a href=\"https:\/\/www.markt-kom.com\/de\/markom\/mensch-statt-algorithmus-10-grafikdesigntrends-fuer-2026\/attachment\/hyper-individualism-by-whitecherry-on-99designs-by-vista\/\"><img class=\"attachment-medium size-medium\" src=\"https:\/\/www.markt-kom.com\/wp-content\/uploads\/2025\/11\/Hyper-Individualism-by-whitecherry-on-99designs-by-Vista-204x600.jpeg\" sizes=\"(max-width: 204px) 100vw, 204px\" srcset=\"https:\/\/www.markt-kom.com\/wp-content\/uploads\/2025\/11\/Hyper-Individualism-by-whitecherry-on-99designs-by-Vista-204x600.jpeg 204w, https:\/\/www.markt-kom.com\/wp-content\/uploads\/2025\/11\/Hyper-Individualism-by-whitecherry-on-99designs-by-Vista-348x1024.jpeg 348w, https:\/\/www.markt-kom.com\/wp-content\/uploads\/2025\/11\/Hyper-Individualism-by-whitecherry-on-99designs-by-Vista-scaled.jpeg 340w, https:\/\/www.markt-kom.com\/wp-content\/uploads\/2025\/11\/Hyper-Individualism-by-whitecherry-on-99designs-by-Vista-522x1536.jpeg 522w, https:\/\/www.markt-kom.com\/wp-content\/uploads\/2025\/11\/Hyper-Individualism-by-whitecherry-on-99designs-by-Vista-696x2048.jpeg 696w, https:\/\/www.markt-kom.com\/wp-content\/uploads\/2025\/11\/Hyper-Individualism-by-whitecherry-on-99designs-by-Vista-4x12.jpeg 4w, https:\/\/www.markt-kom.com\/wp-content\/uploads\/2025\/11\/Hyper-Individualism-by-whitecherry-on-99designs-by-Vista-60x175.jpeg 60w, https:\/\/www.markt-kom.com\/wp-content\/uploads\/2025\/11\/Hyper-Individualism-by-whitecherry-on-99designs-by-Vista-119x350.jpeg 119w, https:\/\/www.markt-kom.com\/wp-content\/uploads\/2025\/11\/Hyper-Individualism-by-whitecherry-on-99designs-by-Vista-272x800.jpeg 272w\" alt=\"\" width=\"204\" height=\"600\" \/><\/a><\/p>\r\n<p><strong>Artisanat tactile<br \/>\r\n<\/strong>La broderie, les textures des tissus et les d\u00e9tails faits main font leur retour dans le design num\u00e9rique. Le r\u00e9sultat est presque palpable : les surfaces visuelles cr\u00e9ent une profondeur particuli\u00e8re qui procure une sensation de chaleur \u00e0 ceux qui les regardent. Entre charme DIY et nostalgie, cette tendance g\u00e9n\u00e8re une proximit\u00e9 \u00e9motionnelle qui contraste avec l'esth\u00e9tique lisse et souvent distante du monde num\u00e9rique.<\/p>\r\n<p><a href=\"https:\/\/www.markt-kom.com\/de\/markom\/mensch-statt-algorithmus-10-grafikdesigntrends-fuer-2026\/attachment\/tactile-craft-by-lollybell-on-99designs-by-vista\/\"><img class=\"attachment-medium size-medium\" src=\"https:\/\/www.markt-kom.com\/wp-content\/uploads\/2025\/11\/Tactile-Craft-by-LollyBell-on-99designs-by-Vista-600x600.jpeg\" sizes=\"(max-width: 600px) 100vw, 600px\" srcset=\"https:\/\/www.markt-kom.com\/wp-content\/uploads\/2025\/11\/Tactile-Craft-by-LollyBell-on-99designs-by-Vista-600x600.jpeg 600w, https:\/\/www.markt-kom.com\/wp-content\/uploads\/2025\/11\/Tactile-Craft-by-LollyBell-on-99designs-by-Vista-scaled.jpeg 1000w, https:\/\/www.markt-kom.com\/wp-content\/uploads\/2025\/11\/Tactile-Craft-by-LollyBell-on-99designs-by-Vista-150x150.jpeg 150w, https:\/\/www.markt-kom.com\/wp-content\/uploads\/2025\/11\/Tactile-Craft-by-LollyBell-on-99designs-by-Vista-768x768.jpeg 768w, https:\/\/www.markt-kom.com\/wp-content\/uploads\/2025\/11\/Tactile-Craft-by-LollyBell-on-99designs-by-Vista-1536x1536.jpeg 1536w, https:\/\/www.markt-kom.com\/wp-content\/uploads\/2025\/11\/Tactile-Craft-by-LollyBell-on-99designs-by-Vista-12x12.jpeg 12w, https:\/\/www.markt-kom.com\/wp-content\/uploads\/2025\/11\/Tactile-Craft-by-LollyBell-on-99designs-by-Vista-175x175.jpeg 175w, https:\/\/www.markt-kom.com\/wp-content\/uploads\/2025\/11\/Tactile-Craft-by-LollyBell-on-99designs-by-Vista-350x350.jpeg 350w, https:\/\/www.markt-kom.com\/wp-content\/uploads\/2025\/11\/Tactile-Craft-by-LollyBell-on-99designs-by-Vista-800x800.jpeg 800w\" alt=\"\" width=\"600\" height=\"600\" \/><\/a> <a href=\"https:\/\/www.markt-kom.com\/de\/markom\/mensch-statt-algorithmus-10-grafikdesigntrends-fuer-2026\/attachment\/tactile-craft-by-gotza-%E2%9C%A8-on-99designs-by-vista\/\"><img class=\"attachment-medium size-medium\" src=\"https:\/\/www.markt-kom.com\/wp-content\/uploads\/2025\/11\/Tactile-Craft-by-gotza-\u2728-on-99designs-by-Vista-600x413.jpeg\" sizes=\"(max-width: 600px) 100vw, 600px\" srcset=\"https:\/\/www.markt-kom.com\/wp-content\/uploads\/2025\/11\/Tactile-Craft-by-gotza-\u2728-on-99designs-by-Vista-600x413.jpeg 600w, https:\/\/www.markt-kom.com\/wp-content\/uploads\/2025\/11\/Tactile-Craft-by-gotza-\u2728-on-99designs-by-Vista-1024x705.jpeg 1024w, https:\/\/www.markt-kom.com\/wp-content\/uploads\/2025\/11\/Tactile-Craft-by-gotza-\u2728-on-99designs-by-Vista-768x529.jpeg 768w, https:\/\/www.markt-kom.com\/wp-content\/uploads\/2025\/11\/Tactile-Craft-by-gotza-\u2728-on-99designs-by-Vista-18x12.jpeg 18w, https:\/\/www.markt-kom.com\/wp-content\/uploads\/2025\/11\/Tactile-Craft-by-gotza-\u2728-on-99designs-by-Vista-254x175.jpeg 254w, https:\/\/www.markt-kom.com\/wp-content\/uploads\/2025\/11\/Tactile-Craft-by-gotza-\u2728-on-99designs-by-Vista-509x350.jpeg 509w, https:\/\/www.markt-kom.com\/wp-content\/uploads\/2025\/11\/Tactile-Craft-by-gotza-\u2728-on-99designs-by-Vista-1000x688.jpeg 1000w, https:\/\/www.markt-kom.com\/wp-content\/uploads\/2025\/11\/Tactile-Craft-by-gotza-\u2728-on-99designs-by-Vista.jpeg 1300w\" alt=\"\" width=\"600\" height=\"413\" \/><\/a> <a href=\"https:\/\/www.markt-kom.com\/de\/markom\/mensch-statt-algorithmus-10-grafikdesigntrends-fuer-2026\/attachment\/tactile-craft-by-boja-on-99designs-by-vista\/\"><img class=\"attachment-medium size-medium\" src=\"https:\/\/www.markt-kom.com\/wp-content\/uploads\/2025\/11\/Tactile-Craft-by-Boja-on-99designs-by-Vista-600x450.jpg\" sizes=\"(max-width: 600px) 100vw, 600px\" srcset=\"https:\/\/www.markt-kom.com\/wp-content\/uploads\/2025\/11\/Tactile-Craft-by-Boja-on-99designs-by-Vista-600x450.jpg 600w, https:\/\/www.markt-kom.com\/wp-content\/uploads\/2025\/11\/Tactile-Craft-by-Boja-on-99designs-by-Vista-1024x768.jpg 1024w, https:\/\/www.markt-kom.com\/wp-content\/uploads\/2025\/11\/Tactile-Craft-by-Boja-on-99designs-by-Vista-768x576.jpg 768w, https:\/\/www.markt-kom.com\/wp-content\/uploads\/2025\/11\/Tactile-Craft-by-Boja-on-99designs-by-Vista-1536x1152.jpg 1536w, https:\/\/www.markt-kom.com\/wp-content\/uploads\/2025\/11\/Tactile-Craft-by-Boja-on-99designs-by-Vista-2048x1536.jpg 2048w, https:\/\/www.markt-kom.com\/wp-content\/uploads\/2025\/11\/Tactile-Craft-by-Boja-on-99designs-by-Vista-16x12.jpg 16w, https:\/\/www.markt-kom.com\/wp-content\/uploads\/2025\/11\/Tactile-Craft-by-Boja-on-99designs-by-Vista-233x175.jpg 233w, https:\/\/www.markt-kom.com\/wp-content\/uploads\/2025\/11\/Tactile-Craft-by-Boja-on-99designs-by-Vista-467x350.jpg 467w, https:\/\/www.markt-kom.com\/wp-content\/uploads\/2025\/11\/Tactile-Craft-by-Boja-on-99designs-by-Vista-1000x750.jpg 1000w, https:\/\/www.markt-kom.com\/wp-content\/uploads\/2025\/11\/Tactile-Craft-by-Boja-on-99designs-by-Vista-scaled.jpg 1300w\" alt=\"\" width=\"600\" height=\"450\" \/><\/a><\/p>\r\n<p>&nbsp;<\/p>\r\n<p><strong>Coupe d\u00e9form\u00e9e<br \/>\r\n<\/strong>Lorsque le design devient r\u00e9sistance, il donne naissance \u00e0 des messages visuels aux contours anguleux. Les techniques classiques du collage sont r\u00e9interpr\u00e9t\u00e9es : les images sont d\u00e9coup\u00e9es, les couches superpos\u00e9es et les formes fragment\u00e9es. Le r\u00e9sultat est brut, rebelle et plein d'\u00e9nergie. Une chose est s\u00fbre : ce style de design ne cherche pas \u00e0 plaire, mais \u00e0 affirmer une position.<\/p>\r\n<p><a href=\"https:\/\/www.markt-kom.com\/de\/markom\/mensch-statt-algorithmus-10-grafikdesigntrends-fuer-2026\/attachment\/distorted-cut-by-pinch-studio-on-99designs-by-vista\/\"><img class=\"attachment-medium size-medium\" src=\"https:\/\/www.markt-kom.com\/wp-content\/uploads\/2025\/11\/Distorted-Cut-by-Pinch-Studio-on-99designs-by-Vista-540x600.jpeg\" sizes=\"(max-width: 540px) 100vw, 540px\" srcset=\"https:\/\/www.markt-kom.com\/wp-content\/uploads\/2025\/11\/Distorted-Cut-by-Pinch-Studio-on-99designs-by-Vista-540x600.jpeg 540w, https:\/\/www.markt-kom.com\/wp-content\/uploads\/2025\/11\/Distorted-Cut-by-Pinch-Studio-on-99designs-by-Vista.jpeg 900w, https:\/\/www.markt-kom.com\/wp-content\/uploads\/2025\/11\/Distorted-Cut-by-Pinch-Studio-on-99designs-by-Vista-768x853.jpeg 768w, https:\/\/www.markt-kom.com\/wp-content\/uploads\/2025\/11\/Distorted-Cut-by-Pinch-Studio-on-99designs-by-Vista-11x12.jpeg 11w, https:\/\/www.markt-kom.com\/wp-content\/uploads\/2025\/11\/Distorted-Cut-by-Pinch-Studio-on-99designs-by-Vista-158x175.jpeg 158w, https:\/\/www.markt-kom.com\/wp-content\/uploads\/2025\/11\/Distorted-Cut-by-Pinch-Studio-on-99designs-by-Vista-315x350.jpeg 315w, https:\/\/www.markt-kom.com\/wp-content\/uploads\/2025\/11\/Distorted-Cut-by-Pinch-Studio-on-99designs-by-Vista-720x800.jpeg 720w\" alt=\"\" width=\"540\" height=\"600\" \/><\/a> <a href=\"https:\/\/www.markt-kom.com\/de\/markom\/mensch-statt-algorithmus-10-grafikdesigntrends-fuer-2026\/attachment\/distorted-cut-by-alezane-on-99designs-by-vista\/\"><img class=\"attachment-medium size-medium\" src=\"https:\/\/www.markt-kom.com\/wp-content\/uploads\/2025\/11\/Distorted-Cut-by-alezane-on-99designs-by-Vista-598x600.jpeg\" sizes=\"(max-width: 598px) 100vw, 598px\" srcset=\"https:\/\/www.markt-kom.com\/wp-content\/uploads\/2025\/11\/Distorted-Cut-by-alezane-on-99designs-by-Vista-598x600.jpeg 598w, https:\/\/www.markt-kom.com\/wp-content\/uploads\/2025\/11\/Distorted-Cut-by-alezane-on-99designs-by-Vista-scaled.jpeg 996w, https:\/\/www.markt-kom.com\/wp-content\/uploads\/2025\/11\/Distorted-Cut-by-alezane-on-99designs-by-Vista-150x150.jpeg 150w, https:\/\/www.markt-kom.com\/wp-content\/uploads\/2025\/11\/Distorted-Cut-by-alezane-on-99designs-by-Vista-768x771.jpeg 768w, https:\/\/www.markt-kom.com\/wp-content\/uploads\/2025\/11\/Distorted-Cut-by-alezane-on-99designs-by-Vista-1530x1536.jpeg 1530w, https:\/\/www.markt-kom.com\/wp-content\/uploads\/2025\/11\/Distorted-Cut-by-alezane-on-99designs-by-Vista-12x12.jpeg 12w, https:\/\/www.markt-kom.com\/wp-content\/uploads\/2025\/11\/Distorted-Cut-by-alezane-on-99designs-by-Vista-174x175.jpeg 174w, https:\/\/www.markt-kom.com\/wp-content\/uploads\/2025\/11\/Distorted-Cut-by-alezane-on-99designs-by-Vista-349x350.jpeg 349w, https:\/\/www.markt-kom.com\/wp-content\/uploads\/2025\/11\/Distorted-Cut-by-alezane-on-99designs-by-Vista-797x800.jpeg 797w\" alt=\"\" width=\"598\" height=\"600\" \/><\/a> <a href=\"https:\/\/www.markt-kom.com\/de\/markom\/mensch-statt-algorithmus-10-grafikdesigntrends-fuer-2026\/attachment\/distorted-cut-by-boja-on-99designs-by-vista\/\"><img class=\"attachment-medium size-medium\" src=\"https:\/\/www.markt-kom.com\/wp-content\/uploads\/2025\/11\/Distorted-Cut-by-Boja-on-99designs-by-Vista-600x450.jpg\" sizes=\"(max-width: 600px) 100vw, 600px\" srcset=\"https:\/\/www.markt-kom.com\/wp-content\/uploads\/2025\/11\/Distorted-Cut-by-Boja-on-99designs-by-Vista-600x450.jpg 600w, https:\/\/www.markt-kom.com\/wp-content\/uploads\/2025\/11\/Distorted-Cut-by-Boja-on-99designs-by-Vista-1024x768.jpg 1024w, https:\/\/www.markt-kom.com\/wp-content\/uploads\/2025\/11\/Distorted-Cut-by-Boja-on-99designs-by-Vista-768x576.jpg 768w, https:\/\/www.markt-kom.com\/wp-content\/uploads\/2025\/11\/Distorted-Cut-by-Boja-on-99designs-by-Vista-1536x1152.jpg 1536w, https:\/\/www.markt-kom.com\/wp-content\/uploads\/2025\/11\/Distorted-Cut-by-Boja-on-99designs-by-Vista-16x12.jpg 16w, https:\/\/www.markt-kom.com\/wp-content\/uploads\/2025\/11\/Distorted-Cut-by-Boja-on-99designs-by-Vista-233x175.jpg 233w, https:\/\/www.markt-kom.com\/wp-content\/uploads\/2025\/11\/Distorted-Cut-by-Boja-on-99designs-by-Vista-467x350.jpg 467w, https:\/\/www.markt-kom.com\/wp-content\/uploads\/2025\/11\/Distorted-Cut-by-Boja-on-99designs-by-Vista-1000x750.jpg 1000w, https:\/\/www.markt-kom.com\/wp-content\/uploads\/2025\/11\/Distorted-Cut-by-Boja-on-99designs-by-Vista-scaled.jpg 1300w\" alt=\"\" width=\"600\" height=\"450\" \/><\/a> <a href=\"https:\/\/www.markt-kom.com\/de\/markom\/mensch-statt-algorithmus-10-grafikdesigntrends-fuer-2026\/attachment\/distorted-cut-by-foggyboxes-on-99designs-by-vista-1\/\"><img class=\"attachment-medium size-medium\" src=\"https:\/\/www.markt-kom.com\/wp-content\/uploads\/2025\/11\/Distorted-Cut-by-foggyboxes-on-99designs-by-Vista-1-319x600.jpeg\" sizes=\"(max-width: 319px) 100vw, 319px\" srcset=\"https:\/\/www.markt-kom.com\/wp-content\/uploads\/2025\/11\/Distorted-Cut-by-foggyboxes-on-99designs-by-Vista-1-319x600.jpeg 319w, https:\/\/www.markt-kom.com\/wp-content\/uploads\/2025\/11\/Distorted-Cut-by-foggyboxes-on-99designs-by-Vista-1-scaled.jpeg 532w, https:\/\/www.markt-kom.com\/wp-content\/uploads\/2025\/11\/Distorted-Cut-by-foggyboxes-on-99designs-by-Vista-1-817x1536.jpeg 817w, https:\/\/www.markt-kom.com\/wp-content\/uploads\/2025\/11\/Distorted-Cut-by-foggyboxes-on-99designs-by-Vista-1-1089x2048.jpeg 1089w, https:\/\/www.markt-kom.com\/wp-content\/uploads\/2025\/11\/Distorted-Cut-by-foggyboxes-on-99designs-by-Vista-1-6x12.jpeg 6w, https:\/\/www.markt-kom.com\/wp-content\/uploads\/2025\/11\/Distorted-Cut-by-foggyboxes-on-99designs-by-Vista-1-93x175.jpeg 93w, https:\/\/www.markt-kom.com\/wp-content\/uploads\/2025\/11\/Distorted-Cut-by-foggyboxes-on-99designs-by-Vista-1-186x350.jpeg 186w, https:\/\/www.markt-kom.com\/wp-content\/uploads\/2025\/11\/Distorted-Cut-by-foggyboxes-on-99designs-by-Vista-1-426x800.jpeg 426w\" alt=\"\" width=\"319\" height=\"600\" \/><\/a> <a href=\"https:\/\/www.markt-kom.com\/de\/markom\/mensch-statt-algorithmus-10-grafikdesigntrends-fuer-2026\/attachment\/distorted-cut-by-foggyboxes-on-99designs-by-vista\/\"><img class=\"attachment-medium size-medium\" src=\"https:\/\/www.markt-kom.com\/wp-content\/uploads\/2025\/11\/Distorted-Cut-by-foggyboxes-on-99designs-by-Vista-408x600.jpeg\" sizes=\"(max-width: 408px) 100vw, 408px\" srcset=\"https:\/\/www.markt-kom.com\/wp-content\/uploads\/2025\/11\/Distorted-Cut-by-foggyboxes-on-99designs-by-Vista-408x600.jpeg 408w, https:\/\/www.markt-kom.com\/wp-content\/uploads\/2025\/11\/Distorted-Cut-by-foggyboxes-on-99designs-by-Vista-scaled.jpeg 680w, https:\/\/www.markt-kom.com\/wp-content\/uploads\/2025\/11\/Distorted-Cut-by-foggyboxes-on-99designs-by-Vista-1044x1536.jpeg 1044w, https:\/\/www.markt-kom.com\/wp-content\/uploads\/2025\/11\/Distorted-Cut-by-foggyboxes-on-99designs-by-Vista-1393x2048.jpeg 1393w, https:\/\/www.markt-kom.com\/wp-content\/uploads\/2025\/11\/Distorted-Cut-by-foggyboxes-on-99designs-by-Vista-8x12.jpeg 8w, https:\/\/www.markt-kom.com\/wp-content\/uploads\/2025\/11\/Distorted-Cut-by-foggyboxes-on-99designs-by-Vista-119x175.jpeg 119w, https:\/\/www.markt-kom.com\/wp-content\/uploads\/2025\/11\/Distorted-Cut-by-foggyboxes-on-99designs-by-Vista-238x350.jpeg 238w, https:\/\/www.markt-kom.com\/wp-content\/uploads\/2025\/11\/Distorted-Cut-by-foggyboxes-on-99designs-by-Vista-544x800.jpeg 544w\" alt=\"\" width=\"408\" height=\"600\" \/><\/a><\/p>\r\n<p><strong>Rouleau de pellicule photographique<br \/>\r\n<\/strong>Avec cette tendance, les cr\u00e9atifs ram\u00e8nent l'authenticit\u00e9 dans le domaine visuel. Les clich\u00e9s imparfaits, le grain du film, le flash et les moments spontan\u00e9s donnent une impression personnelle et accessible. Associ\u00e9s \u00e0 une typographie \u00e9pur\u00e9e, ils donnent naissance \u00e0 des designs qui touchent par leur sinc\u00e9rit\u00e9.<\/p>\r\n<p><a href=\"https:\/\/www.markt-kom.com\/de\/markom\/mensch-statt-algorithmus-10-grafikdesigntrends-fuer-2026\/attachment\/candid-camera-roll-by-ananana14-on-99designs-by-vista\/\"><img class=\"attachment-medium size-medium\" src=\"https:\/\/www.markt-kom.com\/wp-content\/uploads\/2025\/11\/Candid-Camera-Roll-by-ananana14-on-99designs-by-Vista-311x600.jpeg\" sizes=\"(max-width: 311px) 100vw, 311px\" srcset=\"https:\/\/www.markt-kom.com\/wp-content\/uploads\/2025\/11\/Candid-Camera-Roll-by-ananana14-on-99designs-by-Vista-311x600.jpeg 311w, https:\/\/www.markt-kom.com\/wp-content\/uploads\/2025\/11\/Candid-Camera-Roll-by-ananana14-on-99designs-by-Vista-531x1024.jpeg 519w, https:\/\/www.markt-kom.com\/wp-content\/uploads\/2025\/11\/Candid-Camera-Roll-by-ananana14-on-99designs-by-Vista-scaled.jpeg 518w, https:\/\/www.markt-kom.com\/wp-content\/uploads\/2025\/11\/Candid-Camera-Roll-by-ananana14-on-99designs-by-Vista-796x1536.jpeg 796w, https:\/\/www.markt-kom.com\/wp-content\/uploads\/2025\/11\/Candid-Camera-Roll-by-ananana14-on-99designs-by-Vista-1061x2048.jpeg 1061w, https:\/\/www.markt-kom.com\/wp-content\/uploads\/2025\/11\/Candid-Camera-Roll-by-ananana14-on-99designs-by-Vista-6x12.jpeg 6w, https:\/\/www.markt-kom.com\/wp-content\/uploads\/2025\/11\/Candid-Camera-Roll-by-ananana14-on-99designs-by-Vista-91x175.jpeg 91w, https:\/\/www.markt-kom.com\/wp-content\/uploads\/2025\/11\/Candid-Camera-Roll-by-ananana14-on-99designs-by-Vista-181x350.jpeg 181w, https:\/\/www.markt-kom.com\/wp-content\/uploads\/2025\/11\/Candid-Camera-Roll-by-ananana14-on-99designs-by-Vista-414x800.jpeg 414w\" alt=\"\" width=\"311\" height=\"600\" \/><\/a> <a href=\"https:\/\/www.markt-kom.com\/de\/markom\/mensch-statt-algorithmus-10-grafikdesigntrends-fuer-2026\/attachment\/candid-camera-roll-by-project-4-on-99designs-by-vista\/\"><img class=\"attachment-medium size-medium\" src=\"https:\/\/www.markt-kom.com\/wp-content\/uploads\/2025\/11\/Candid-Camera-Roll-by-Project-4-on-99designs-by-Vista-300x600.jpeg\" sizes=\"(max-width: 300px) 100vw, 300px\" srcset=\"https:\/\/www.markt-kom.com\/wp-content\/uploads\/2025\/11\/Candid-Camera-Roll-by-Project-4-on-99designs-by-Vista-300x600.jpeg 300w, https:\/\/www.markt-kom.com\/wp-content\/uploads\/2025\/11\/Candid-Camera-Roll-by-Project-4-on-99designs-by-Vista-512x1024.jpeg 512w, https:\/\/www.markt-kom.com\/wp-content\/uploads\/2025\/11\/Candid-Camera-Roll-by-Project-4-on-99designs-by-Vista-scaled.jpeg 500w, https:\/\/www.markt-kom.com\/wp-content\/uploads\/2025\/11\/Candid-Camera-Roll-by-Project-4-on-99designs-by-Vista-768x1536.jpeg 768w, https:\/\/www.markt-kom.com\/wp-content\/uploads\/2025\/11\/Candid-Camera-Roll-by-Project-4-on-99designs-by-Vista-1024x2048.jpeg 1024w, https:\/\/www.markt-kom.com\/wp-content\/uploads\/2025\/11\/Candid-Camera-Roll-by-Project-4-on-99designs-by-Vista-6x12.jpeg 6w, https:\/\/www.markt-kom.com\/wp-content\/uploads\/2025\/11\/Candid-Camera-Roll-by-Project-4-on-99designs-by-Vista-88x175.jpeg 88w, https:\/\/www.markt-kom.com\/wp-content\/uploads\/2025\/11\/Candid-Camera-Roll-by-Project-4-on-99designs-by-Vista-175x350.jpeg 175w, https:\/\/www.markt-kom.com\/wp-content\/uploads\/2025\/11\/Candid-Camera-Roll-by-Project-4-on-99designs-by-Vista-400x800.jpeg 400w\" alt=\"\" width=\"300\" height=\"600\" \/><\/a> <a href=\"https:\/\/www.markt-kom.com\/de\/markom\/mensch-statt-algorithmus-10-grafikdesigntrends-fuer-2026\/attachment\/candid-camera-roll-by-thisisremedy-on-99designs-by-vista\/\"><img class=\"attachment-medium size-medium\" src=\"https:\/\/www.markt-kom.com\/wp-content\/uploads\/2025\/11\/Candid-Camera-Roll-by-thisisremedy-on-99designs-by-Vista-300x600.png\" sizes=\"(max-width: 300px) 100vw, 300px\" srcset=\"https:\/\/www.markt-kom.com\/wp-content\/uploads\/2025\/11\/Candid-Camera-Roll-by-thisisremedy-on-99designs-by-Vista-300x600.png 300w, https:\/\/www.markt-kom.com\/wp-content\/uploads\/2025\/11\/Candid-Camera-Roll-by-thisisremedy-on-99designs-by-Vista-scaled.png 500w, https:\/\/www.markt-kom.com\/wp-content\/uploads\/2025\/11\/Candid-Camera-Roll-by-thisisremedy-on-99designs-by-Vista-768x1536.png 768w, https:\/\/www.markt-kom.com\/wp-content\/uploads\/2025\/11\/Candid-Camera-Roll-by-thisisremedy-on-99designs-by-Vista-1024x2048.png 1024w, https:\/\/www.markt-kom.com\/wp-content\/uploads\/2025\/11\/Candid-Camera-Roll-by-thisisremedy-on-99designs-by-Vista-6x12.png 6w, https:\/\/www.markt-kom.com\/wp-content\/uploads\/2025\/11\/Candid-Camera-Roll-by-thisisremedy-on-99designs-by-Vista-88x175.png 88w, https:\/\/www.markt-kom.com\/wp-content\/uploads\/2025\/11\/Candid-Camera-Roll-by-thisisremedy-on-99designs-by-Vista-175x350.png 175w, https:\/\/www.markt-kom.com\/wp-content\/uploads\/2025\/11\/Candid-Camera-Roll-by-thisisremedy-on-99designs-by-Vista-400x800.png 400w\" alt=\"\" width=\"300\" height=\"600\" \/><\/a><\/p>\r\n<p><strong>Hyper-Floraison<br \/>\r\n<\/strong>Parfois, on a besoin d'un refuge visuel, d'un endroit o\u00f9 respirer. Des d\u00e9grad\u00e9s doux, des motifs floraux d\u00e9licats et des tons pastel poudr\u00e9s vous transportent dans un monde entre r\u00eave et r\u00e9alit\u00e9. Ce style semble \u00eatre \u00e0 l'oppos\u00e9 du quotidien tr\u00e9pidant et ouvre la voie \u00e0 la l\u00e9g\u00e8ret\u00e9, \u00e0 l'optimisme et \u00e0 un peu de r\u00eaverie.<\/p>\r\n<p><a href=\"https:\/\/www.markt-kom.com\/de\/markom\/mensch-statt-algorithmus-10-grafikdesigntrends-fuer-2026\/attachment\/hyper-bloom-by-oktagon-on-99designs-by-vista\/\"><img class=\"attachment-medium size-medium\" src=\"https:\/\/www.markt-kom.com\/wp-content\/uploads\/2025\/11\/Hyper-Bloom-by-oktagon-on-99designs-by-Vista-600x450.png\" sizes=\"(max-width: 600px) 100vw, 600px\" srcset=\"https:\/\/www.markt-kom.com\/wp-content\/uploads\/2025\/11\/Hyper-Bloom-by-oktagon-on-99designs-by-Vista-600x450.png 600w, https:\/\/www.markt-kom.com\/wp-content\/uploads\/2025\/11\/Hyper-Bloom-by-oktagon-on-99designs-by-Vista-1024x768.png 1024w, https:\/\/www.markt-kom.com\/wp-content\/uploads\/2025\/11\/Hyper-Bloom-by-oktagon-on-99designs-by-Vista-768x576.png 768w, https:\/\/www.markt-kom.com\/wp-content\/uploads\/2025\/11\/Hyper-Bloom-by-oktagon-on-99designs-by-Vista-1536x1152.png 1536w, https:\/\/www.markt-kom.com\/wp-content\/uploads\/2025\/11\/Hyper-Bloom-by-oktagon-on-99designs-by-Vista-16x12.png 16w, https:\/\/www.markt-kom.com\/wp-content\/uploads\/2025\/11\/Hyper-Bloom-by-oktagon-on-99designs-by-Vista-233x175.png 233w, https:\/\/www.markt-kom.com\/wp-content\/uploads\/2025\/11\/Hyper-Bloom-by-oktagon-on-99designs-by-Vista-467x350.png 467w, https:\/\/www.markt-kom.com\/wp-content\/uploads\/2025\/11\/Hyper-Bloom-by-oktagon-on-99designs-by-Vista-1000x750.png 1000w, https:\/\/www.markt-kom.com\/wp-content\/uploads\/2025\/11\/Hyper-Bloom-by-oktagon-on-99designs-by-Vista-scaled.png 1300w\" alt=\"\" width=\"600\" height=\"450\" \/><\/a> <a href=\"https:\/\/www.markt-kom.com\/de\/markom\/mensch-statt-algorithmus-10-grafikdesigntrends-fuer-2026\/attachment\/hyper-bloom-by-pecas-carola-beker-on-99designs-by-vista\/\"><img class=\"attachment-medium size-medium\" src=\"https:\/\/www.markt-kom.com\/wp-content\/uploads\/2025\/11\/Hyper-Bloom-by-pecas\u2122-Carola-Beker-on-99designs-by-Vista-291x600.jpeg\" sizes=\"(max-width: 291px) 100vw, 291px\" srcset=\"https:\/\/www.markt-kom.com\/wp-content\/uploads\/2025\/11\/Hyper-Bloom-by-pecas\u2122-Carola-Beker-on-99designs-by-Vista-291x600.jpeg 291w, https:\/\/www.markt-kom.com\/wp-content\/uploads\/2025\/11\/Hyper-Bloom-by-pecas\u2122-Carola-Beker-on-99designs-by-Vista-scaled.jpeg 485w, https:\/\/www.markt-kom.com\/wp-content\/uploads\/2025\/11\/Hyper-Bloom-by-pecas\u2122-Carola-Beker-on-99designs-by-Vista-745x1536.jpeg 745w, https:\/\/www.markt-kom.com\/wp-content\/uploads\/2025\/11\/Hyper-Bloom-by-pecas\u2122-Carola-Beker-on-99designs-by-Vista-993x2048.jpeg 993w, https:\/\/www.markt-kom.com\/wp-content\/uploads\/2025\/11\/Hyper-Bloom-by-pecas\u2122-Carola-Beker-on-99designs-by-Vista-6x12.jpeg 6w, https:\/\/www.markt-kom.com\/wp-content\/uploads\/2025\/11\/Hyper-Bloom-by-pecas\u2122-Carola-Beker-on-99designs-by-Vista-85x175.jpeg 85w, https:\/\/www.markt-kom.com\/wp-content\/uploads\/2025\/11\/Hyper-Bloom-by-pecas\u2122-Carola-Beker-on-99designs-by-Vista-170x350.jpeg 170w, https:\/\/www.markt-kom.com\/wp-content\/uploads\/2025\/11\/Hyper-Bloom-by-pecas\u2122-Carola-Beker-on-99designs-by-Vista-388x800.jpeg 388w\" alt=\"\" width=\"291\" height=\"600\" \/><\/a><\/p>\r\n<p><strong>Digit-Cute<br \/>\r\n<\/strong>L'esth\u00e9tique oscille entre nostalgie et fantaisie num\u00e9rique et met imm\u00e9diatement de bonne humeur. Des structures claires c\u00f4toient des graphismes pixelis\u00e9s color\u00e9s, des personnages mignons et des couleurs vives. Le look d\u00e9gage le charme des premiers jeux vid\u00e9o et de la culture pop. C'est justement parce qu'il semble si fantaisiste qu'il est particuli\u00e8rement raffin\u00e9 sur le plan cr\u00e9atif.<\/p>\r\n<p><a href=\"https:\/\/www.markt-kom.com\/de\/markom\/mensch-statt-algorithmus-10-grafikdesigntrends-fuer-2026\/attachment\/digi-cute-by-alex-serada-on-99designs-by-vista\/\"><img class=\"attachment-medium size-medium\" src=\"https:\/\/www.markt-kom.com\/wp-content\/uploads\/2025\/11\/Digi-Cute-by-Alex-Serada-on-99designs-by-Vista-398x600.jpeg\" sizes=\"(max-width: 398px) 100vw, 398px\" srcset=\"https:\/\/www.markt-kom.com\/wp-content\/uploads\/2025\/11\/Digi-Cute-by-Alex-Serada-on-99designs-by-Vista-398x600.jpeg 398w, https:\/\/www.markt-kom.com\/wp-content\/uploads\/2025\/11\/Digi-Cute-by-Alex-Serada-on-99designs-by-Vista-scaled.jpeg 664w, https:\/\/www.markt-kom.com\/wp-content\/uploads\/2025\/11\/Digi-Cute-by-Alex-Serada-on-99designs-by-Vista-1020x1536.jpeg 1020w, https:\/\/www.markt-kom.com\/wp-content\/uploads\/2025\/11\/Digi-Cute-by-Alex-Serada-on-99designs-by-Vista-1360x2048.jpeg 1360w, https:\/\/www.markt-kom.com\/wp-content\/uploads\/2025\/11\/Digi-Cute-by-Alex-Serada-on-99designs-by-Vista-8x12.jpeg 8w, https:\/\/www.markt-kom.com\/wp-content\/uploads\/2025\/11\/Digi-Cute-by-Alex-Serada-on-99designs-by-Vista-116x175.jpeg 116w, https:\/\/www.markt-kom.com\/wp-content\/uploads\/2025\/11\/Digi-Cute-by-Alex-Serada-on-99designs-by-Vista-232x350.jpeg 232w, https:\/\/www.markt-kom.com\/wp-content\/uploads\/2025\/11\/Digi-Cute-by-Alex-Serada-on-99designs-by-Vista-531x800.jpeg 531w\" alt=\"\" width=\"398\" height=\"600\" \/><\/a> <a href=\"https:\/\/www.markt-kom.com\/de\/markom\/mensch-statt-algorithmus-10-grafikdesigntrends-fuer-2026\/attachment\/digi-cute-by-ian-douglas-on-99designs-by-vista\/\"><img class=\"attachment-medium size-medium\" src=\"https:\/\/www.markt-kom.com\/wp-content\/uploads\/2025\/11\/Digi-Cute-by-Ian-Douglas-on-99designs-by-Vista-144x600.jpg\" sizes=\"(max-width: 144px) 100vw, 144px\" srcset=\"https:\/\/www.markt-kom.com\/wp-content\/uploads\/2025\/11\/Digi-Cute-by-Ian-Douglas-on-99designs-by-Vista-144x600.jpg 144w, https:\/\/www.markt-kom.com\/wp-content\/uploads\/2025\/11\/Digi-Cute-by-Ian-Douglas-on-99designs-by-Vista-3x12.jpg 3w, https:\/\/www.markt-kom.com\/wp-content\/uploads\/2025\/11\/Digi-Cute-by-Ian-Douglas-on-99designs-by-Vista-42x175.jpg 42w, https:\/\/www.markt-kom.com\/wp-content\/uploads\/2025\/11\/Digi-Cute-by-Ian-Douglas-on-99designs-by-Vista-84x350.jpg 84w\" alt=\"\" width=\"144\" height=\"600\" \/><\/a> <a href=\"https:\/\/www.markt-kom.com\/de\/markom\/mensch-statt-algorithmus-10-grafikdesigntrends-fuer-2026\/attachment\/digi-cute-by-inqueen-on-99designs-by-vista\/\"><img class=\"attachment-medium size-medium\" src=\"https:\/\/www.markt-kom.com\/wp-content\/uploads\/2025\/11\/Digi-Cute-by-InQueen-on-99designs-by-Vista-600x333.jpeg\" sizes=\"(max-width: 600px) 100vw, 600px\" srcset=\"https:\/\/www.markt-kom.com\/wp-content\/uploads\/2025\/11\/Digi-Cute-by-InQueen-on-99designs-by-Vista-600x333.jpeg 600w, https:\/\/www.markt-kom.com\/wp-content\/uploads\/2025\/11\/Digi-Cute-by-InQueen-on-99designs-by-Vista-1024x569.jpeg 1024w, https:\/\/www.markt-kom.com\/wp-content\/uploads\/2025\/11\/Digi-Cute-by-InQueen-on-99designs-by-Vista-768x427.jpeg 768w, https:\/\/www.markt-kom.com\/wp-content\/uploads\/2025\/11\/Digi-Cute-by-InQueen-on-99designs-by-Vista-1536x853.jpeg 1536w, https:\/\/www.markt-kom.com\/wp-content\/uploads\/2025\/11\/Digi-Cute-by-InQueen-on-99designs-by-Vista-18x10.jpeg 18w, https:\/\/www.markt-kom.com\/wp-content\/uploads\/2025\/11\/Digi-Cute-by-InQueen-on-99designs-by-Vista-315x175.jpeg 315w, https:\/\/www.markt-kom.com\/wp-content\/uploads\/2025\/11\/Digi-Cute-by-InQueen-on-99designs-by-Vista-630x350.jpeg 630w, https:\/\/www.markt-kom.com\/wp-content\/uploads\/2025\/11\/Digi-Cute-by-InQueen-on-99designs-by-Vista-1000x556.jpeg 1000w, https:\/\/www.markt-kom.com\/wp-content\/uploads\/2025\/11\/Digi-Cute-by-InQueen-on-99designs-by-Vista-scaled.jpeg 1300w\" alt=\"\" width=\"600\" height=\"333\" \/><\/a> <a href=\"https:\/\/www.markt-kom.com\/de\/markom\/mensch-statt-algorithmus-10-grafikdesigntrends-fuer-2026\/attachment\/digi-cute-by-musework-on-99designs-by-vista\/\"><img class=\"attachment-medium size-medium\" src=\"https:\/\/www.markt-kom.com\/wp-content\/uploads\/2025\/11\/Digi-Cute-by-musework-on-99designs-by-Vista-600x600.png\" sizes=\"(max-width: 600px) 100vw, 600px\" srcset=\"https:\/\/www.markt-kom.com\/wp-content\/uploads\/2025\/11\/Digi-Cute-by-musework-on-99designs-by-Vista-600x600.png 600w, https:\/\/www.markt-kom.com\/wp-content\/uploads\/2025\/11\/Digi-Cute-by-musework-on-99designs-by-Vista-150x150.png 150w, https:\/\/www.markt-kom.com\/wp-content\/uploads\/2025\/11\/Digi-Cute-by-musework-on-99designs-by-Vista-768x768.png 768w, https:\/\/www.markt-kom.com\/wp-content\/uploads\/2025\/11\/Digi-Cute-by-musework-on-99designs-by-Vista-12x12.png 12w, https:\/\/www.markt-kom.com\/wp-content\/uploads\/2025\/11\/Digi-Cute-by-musework-on-99designs-by-Vista-175x175.png 175w, https:\/\/www.markt-kom.com\/wp-content\/uploads\/2025\/11\/Digi-Cute-by-musework-on-99designs-by-Vista-350x350.png 350w, https:\/\/www.markt-kom.com\/wp-content\/uploads\/2025\/11\/Digi-Cute-by-musework-on-99designs-by-Vista-800x800.png 800w, https:\/\/www.markt-kom.com\/wp-content\/uploads\/2025\/11\/Digi-Cute-by-musework-on-99designs-by-Vista.png 960w\" alt=\"\" width=\"600\" height=\"600\" \/><\/a><\/p>\r\n<p><strong>Micro-industriel<br \/>\r\n<\/strong>Ce qui \u00e9tait autrefois purement fonctionnel devient aujourd'hui un concept de design. Inspir\u00e9 par les emballages, les \u00e9tiquettes techniques et les graphiques informatifs, un style de design c\u00e9l\u00e9brant la clart\u00e9 voit le jour. L'utilisation cibl\u00e9e d'\u00e9l\u00e9ments tels que les codes-barres, les codes QR et les structures tram\u00e9es conf\u00e8re aux cr\u00e9ations une esth\u00e9tique brute, sobre et moderne \u00e0 la fois.<\/p>\r\n<p><a href=\"https:\/\/www.markt-kom.com\/de\/markom\/mensch-statt-algorithmus-10-grafikdesigntrends-fuer-2026\/attachment\/micro-industrial-by-ian-douglas-on-99designs-by-vista\/\"><img class=\"attachment-medium size-medium\" src=\"https:\/\/www.markt-kom.com\/wp-content\/uploads\/2025\/11\/Micro-Industrial-by-Ian-Douglas-on-99designs-by-Vista-204x600.jpg\" sizes=\"(max-width: 204px) 100vw, 204px\" srcset=\"https:\/\/www.markt-kom.com\/wp-content\/uploads\/2025\/11\/Micro-Industrial-by-Ian-Douglas-on-99designs-by-Vista-204x600.jpg 204w, https:\/\/www.markt-kom.com\/wp-content\/uploads\/2025\/11\/Micro-Industrial-by-Ian-Douglas-on-99designs-by-Vista-scaled.jpg 340w, https:\/\/www.markt-kom.com\/wp-content\/uploads\/2025\/11\/Micro-Industrial-by-Ian-Douglas-on-99designs-by-Vista-522x1536.jpg 522w, https:\/\/www.markt-kom.com\/wp-content\/uploads\/2025\/11\/Micro-Industrial-by-Ian-Douglas-on-99designs-by-Vista-696x2048.jpg 696w, https:\/\/www.markt-kom.com\/wp-content\/uploads\/2025\/11\/Micro-Industrial-by-Ian-Douglas-on-99designs-by-Vista-4x12.jpg 4w, https:\/\/www.markt-kom.com\/wp-content\/uploads\/2025\/11\/Micro-Industrial-by-Ian-Douglas-on-99designs-by-Vista-60x175.jpg 60w, https:\/\/www.markt-kom.com\/wp-content\/uploads\/2025\/11\/Micro-Industrial-by-Ian-Douglas-on-99designs-by-Vista-119x350.jpg 119w, https:\/\/www.markt-kom.com\/wp-content\/uploads\/2025\/11\/Micro-Industrial-by-Ian-Douglas-on-99designs-by-Vista-272x800.jpg 272w\" alt=\"\" width=\"204\" height=\"600\" \/><\/a> <a href=\"https:\/\/www.markt-kom.com\/de\/markom\/mensch-statt-algorithmus-10-grafikdesigntrends-fuer-2026\/attachment\/micro-industrial-by-daddu-media-on-99designs-by-vista\/\"><img class=\"attachment-medium size-medium\" src=\"https:\/\/www.markt-kom.com\/wp-content\/uploads\/2025\/11\/Micro-Industrial-by-Daddu-Media-on-99designs-by-Vista-417x600.jpeg\" sizes=\"(max-width: 417px) 100vw, 417px\" srcset=\"https:\/\/www.markt-kom.com\/wp-content\/uploads\/2025\/11\/Micro-Industrial-by-Daddu-Media-on-99designs-by-Vista-417x600.jpeg 417w, https:\/\/www.markt-kom.com\/wp-content\/uploads\/2025\/11\/Micro-Industrial-by-Daddu-Media-on-99designs-by-Vista-712x1024.jpeg 712w, https:\/\/www.markt-kom.com\/wp-content\/uploads\/2025\/11\/Micro-Industrial-by-Daddu-Media-on-99designs-by-Vista-scaled.jpeg 695w, https:\/\/www.markt-kom.com\/wp-content\/uploads\/2025\/11\/Micro-Industrial-by-Daddu-Media-on-99designs-by-Vista-1067x1536.jpeg 1067w, https:\/\/www.markt-kom.com\/wp-content\/uploads\/2025\/11\/Micro-Industrial-by-Daddu-Media-on-99designs-by-Vista-1423x2048.jpeg 1423w, https:\/\/www.markt-kom.com\/wp-content\/uploads\/2025\/11\/Micro-Industrial-by-Daddu-Media-on-99designs-by-Vista-8x12.jpeg 8w, https:\/\/www.markt-kom.com\/wp-content\/uploads\/2025\/11\/Micro-Industrial-by-Daddu-Media-on-99designs-by-Vista-122x175.jpeg 122w, https:\/\/www.markt-kom.com\/wp-content\/uploads\/2025\/11\/Micro-Industrial-by-Daddu-Media-on-99designs-by-Vista-243x350.jpeg 243w, https:\/\/www.markt-kom.com\/wp-content\/uploads\/2025\/11\/Micro-Industrial-by-Daddu-Media-on-99designs-by-Vista-556x800.jpeg 556w\" alt=\"\" width=\"417\" height=\"600\" \/><\/a> <a href=\"https:\/\/www.markt-kom.com\/de\/markom\/mensch-statt-algorithmus-10-grafikdesigntrends-fuer-2026\/attachment\/micro-industrial-by-ian-douglas-on-99designs-by-vista-1\/\"><img class=\"attachment-medium size-medium\" src=\"https:\/\/www.markt-kom.com\/wp-content\/uploads\/2025\/11\/Micro-Industrial-by-Ian-Douglas-on-99designs-by-Vista-1-225x600.jpeg\" sizes=\"(max-width: 225px) 100vw, 225px\" srcset=\"https:\/\/www.markt-kom.com\/wp-content\/uploads\/2025\/11\/Micro-Industrial-by-Ian-Douglas-on-99designs-by-Vista-1-225x600.jpeg 225w, https:\/\/www.markt-kom.com\/wp-content\/uploads\/2025\/11\/Micro-Industrial-by-Ian-Douglas-on-99designs-by-Vista-1-384x1024.jpeg 384w, https:\/\/www.markt-kom.com\/wp-content\/uploads\/2025\/11\/Micro-Industrial-by-Ian-Douglas-on-99designs-by-Vista-1-577x1536.jpeg 577w, https:\/\/www.markt-kom.com\/wp-content\/uploads\/2025\/11\/Micro-Industrial-by-Ian-Douglas-on-99designs-by-Vista-1-769x2048.jpeg 769w, https:\/\/www.markt-kom.com\/wp-content\/uploads\/2025\/11\/Micro-Industrial-by-Ian-Douglas-on-99designs-by-Vista-1-5x12.jpeg 5w, https:\/\/www.markt-kom.com\/wp-content\/uploads\/2025\/11\/Micro-Industrial-by-Ian-Douglas-on-99designs-by-Vista-1-66x175.jpeg 66w, https:\/\/www.markt-kom.com\/wp-content\/uploads\/2025\/11\/Micro-Industrial-by-Ian-Douglas-on-99designs-by-Vista-1-131x350.jpeg 131w, https:\/\/www.markt-kom.com\/wp-content\/uploads\/2025\/11\/Micro-Industrial-by-Ian-Douglas-on-99designs-by-Vista-1-300x800.jpeg 300w\" alt=\"\" width=\"225\" height=\"600\" \/><\/a> <a href=\"https:\/\/www.markt-kom.com\/de\/markom\/mensch-statt-algorithmus-10-grafikdesigntrends-fuer-2026\/attachment\/micro-industrial-by-goopanic-on-99designs-by-vista\/\"><img class=\"attachment-medium size-medium\" src=\"https:\/\/www.markt-kom.com\/wp-content\/uploads\/2025\/11\/Micro-Industrial-by-goopanic-on-99designs-by-Vista-152x600.png\" sizes=\"(max-width: 152px) 100vw, 152px\" srcset=\"https:\/\/www.markt-kom.com\/wp-content\/uploads\/2025\/11\/Micro-Industrial-by-goopanic-on-99designs-by-Vista-152x600.png 152w, https:\/\/www.markt-kom.com\/wp-content\/uploads\/2025\/11\/Micro-Industrial-by-goopanic-on-99designs-by-Vista-768x3031.png 253w, https:\/\/www.markt-kom.com\/wp-content\/uploads\/2025\/11\/Micro-Industrial-by-goopanic-on-99designs-by-Vista-389x1536.png 389w, https:\/\/www.markt-kom.com\/wp-content\/uploads\/2025\/11\/Micro-Industrial-by-goopanic-on-99designs-by-Vista-519x2048.png 519w, https:\/\/www.markt-kom.com\/wp-content\/uploads\/2025\/11\/Micro-Industrial-by-goopanic-on-99designs-by-Vista-3x12.png 3w, https:\/\/www.markt-kom.com\/wp-content\/uploads\/2025\/11\/Micro-Industrial-by-goopanic-on-99designs-by-Vista-44x175.png 44w, https:\/\/www.markt-kom.com\/wp-content\/uploads\/2025\/11\/Micro-Industrial-by-goopanic-on-99designs-by-Vista-89x350.png 89w, https:\/\/www.markt-kom.com\/wp-content\/uploads\/2025\/11\/Micro-Industrial-by-goopanic-on-99designs-by-Vista-203x800.png 203w\" alt=\"\" width=\"152\" height=\"600\" \/><\/a> <a href=\"https:\/\/www.markt-kom.com\/de\/markom\/mensch-statt-algorithmus-10-grafikdesigntrends-fuer-2026\/attachment\/micro-industrial-by-boja-on-99designs-by-vista\/\"><img class=\"attachment-medium size-medium\" src=\"https:\/\/www.markt-kom.com\/wp-content\/uploads\/2025\/11\/Micro-Industrial-by-Boja-on-99designs-by-Vista-600x450.jpg\" sizes=\"(max-width: 600px) 100vw, 600px\" srcset=\"https:\/\/www.markt-kom.com\/wp-content\/uploads\/2025\/11\/Micro-Industrial-by-Boja-on-99designs-by-Vista-600x450.jpg 600w, https:\/\/www.markt-kom.com\/wp-content\/uploads\/2025\/11\/Micro-Industrial-by-Boja-on-99designs-by-Vista-1024x768.jpg 1024w, https:\/\/www.markt-kom.com\/wp-content\/uploads\/2025\/11\/Micro-Industrial-by-Boja-on-99designs-by-Vista-768x576.jpg 768w, https:\/\/www.markt-kom.com\/wp-content\/uploads\/2025\/11\/Micro-Industrial-by-Boja-on-99designs-by-Vista-1536x1152.jpg 1536w, https:\/\/www.markt-kom.com\/wp-content\/uploads\/2025\/11\/Micro-Industrial-by-Boja-on-99designs-by-Vista-16x12.jpg 16w, https:\/\/www.markt-kom.com\/wp-content\/uploads\/2025\/11\/Micro-Industrial-by-Boja-on-99designs-by-Vista-233x175.jpg 233w, https:\/\/www.markt-kom.com\/wp-content\/uploads\/2025\/11\/Micro-Industrial-by-Boja-on-99designs-by-Vista-467x350.jpg 467w, https:\/\/www.markt-kom.com\/wp-content\/uploads\/2025\/11\/Micro-Industrial-by-Boja-on-99designs-by-Vista-1000x750.jpg 1000w, https:\/\/www.markt-kom.com\/wp-content\/uploads\/2025\/11\/Micro-Industrial-by-Boja-on-99designs-by-Vista-scaled.jpg 1300w\" alt=\"\" width=\"600\" height=\"450\" \/><\/a> <a href=\"https:\/\/www.markt-kom.com\/de\/markom\/mensch-statt-algorithmus-10-grafikdesigntrends-fuer-2026\/attachment\/micro-industrial-by-smdiscover-on-99designs-by-vista\/\"><img class=\"attachment-medium size-medium\" src=\"https:\/\/www.markt-kom.com\/wp-content\/uploads\/2025\/11\/Micro-Industrial-by-Smdiscover-on-99designs-by-Vista-600x600.jpeg\" sizes=\"(max-width: 600px) 100vw, 600px\" srcset=\"https:\/\/www.markt-kom.com\/wp-content\/uploads\/2025\/11\/Micro-Industrial-by-Smdiscover-on-99designs-by-Vista-600x600.jpeg 600w, https:\/\/www.markt-kom.com\/wp-content\/uploads\/2025\/11\/Micro-Industrial-by-Smdiscover-on-99designs-by-Vista-scaled.jpeg 1000w, https:\/\/www.markt-kom.com\/wp-content\/uploads\/2025\/11\/Micro-Industrial-by-Smdiscover-on-99designs-by-Vista-150x150.jpeg 150w, https:\/\/www.markt-kom.com\/wp-content\/uploads\/2025\/11\/Micro-Industrial-by-Smdiscover-on-99designs-by-Vista-768x768.jpeg 768w, https:\/\/www.markt-kom.com\/wp-content\/uploads\/2025\/11\/Micro-Industrial-by-Smdiscover-on-99designs-by-Vista-1536x1536.jpeg 1536w, https:\/\/www.markt-kom.com\/wp-content\/uploads\/2025\/11\/Micro-Industrial-by-Smdiscover-on-99designs-by-Vista-12x12.jpeg 12w, https:\/\/www.markt-kom.com\/wp-content\/uploads\/2025\/11\/Micro-Industrial-by-Smdiscover-on-99designs-by-Vista-175x175.jpeg 175w, https:\/\/www.markt-kom.com\/wp-content\/uploads\/2025\/11\/Micro-Industrial-by-Smdiscover-on-99designs-by-Vista-350x350.jpeg 350w, https:\/\/www.markt-kom.com\/wp-content\/uploads\/2025\/11\/Micro-Industrial-by-Smdiscover-on-99designs-by-Vista-800x800.jpeg 800w\" alt=\"\" width=\"600\" height=\"600\" \/><\/a><\/p>\r\n<p><strong>N\u00e9on noir<br \/>\r\n<\/strong>Sombre, intense et plein de suspense, ce style rappelle les sc\u00e8nes d'un film n\u00e9o-noir. Des couleurs vives, comme le rouge \u00e9lectrique, contrastent avec un noir profond, associ\u00e9 \u00e0 des flous de mouvement et des textures rugueuses. Ce look urbain et \u00e9nergique attire imm\u00e9diatement le regard et reste longtemps en m\u00e9moire.<\/p>\r\n<p><a href=\"https:\/\/www.markt-kom.com\/de\/markom\/mensch-statt-algorithmus-10-grafikdesigntrends-fuer-2026\/attachment\/neon-noir-by-adamk-on-99designs-by-vista\/\"><img class=\"attachment-medium size-medium\" src=\"https:\/\/www.markt-kom.com\/wp-content\/uploads\/2025\/11\/Neon-Noir-by-adamk.-on-99designs-by-Vista-163x600.jpeg\" sizes=\"(max-width: 163px) 100vw, 163px\" srcset=\"https:\/\/www.markt-kom.com\/wp-content\/uploads\/2025\/11\/Neon-Noir-by-adamk.-on-99designs-by-Vista-163x600.jpeg 163w, https:\/\/www.markt-kom.com\/wp-content\/uploads\/2025\/11\/Neon-Noir-by-adamk.-on-99designs-by-Vista-scaled.jpeg 271w, https:\/\/www.markt-kom.com\/wp-content\/uploads\/2025\/11\/Neon-Noir-by-adamk.-on-99designs-by-Vista-417x1536.jpeg 417w, https:\/\/www.markt-kom.com\/wp-content\/uploads\/2025\/11\/Neon-Noir-by-adamk.-on-99designs-by-Vista-555x2048.jpeg 555w, https:\/\/www.markt-kom.com\/wp-content\/uploads\/2025\/11\/Neon-Noir-by-adamk.-on-99designs-by-Vista-3x12.jpeg 3w, https:\/\/www.markt-kom.com\/wp-content\/uploads\/2025\/11\/Neon-Noir-by-adamk.-on-99designs-by-Vista-95x350.jpeg 95w, https:\/\/www.markt-kom.com\/wp-content\/uploads\/2025\/11\/Neon-Noir-by-adamk.-on-99designs-by-Vista-217x800.jpeg 217w\" alt=\"\" width=\"163\" height=\"600\" \/><\/a> <a href=\"https:\/\/www.markt-kom.com\/de\/markom\/mensch-statt-algorithmus-10-grafikdesigntrends-fuer-2026\/attachment\/neon-noir-by-merci-dsgn-on-99designs-by-vista\/\"><img class=\"attachment-medium size-medium\" src=\"https:\/\/www.markt-kom.com\/wp-content\/uploads\/2025\/11\/Neon-Noir-by-merci-dsgn-on-99designs-by-Vista-262x600.jpeg\" sizes=\"(max-width: 262px) 100vw, 262px\" srcset=\"https:\/\/www.markt-kom.com\/wp-content\/uploads\/2025\/11\/Neon-Noir-by-merci-dsgn-on-99designs-by-Vista-262x600.jpeg 262w, https:\/\/www.markt-kom.com\/wp-content\/uploads\/2025\/11\/Neon-Noir-by-merci-dsgn-on-99designs-by-Vista-scaled.jpeg 437w, https:\/\/www.markt-kom.com\/wp-content\/uploads\/2025\/11\/Neon-Noir-by-merci-dsgn-on-99designs-by-Vista-672x1536.jpeg 672w, https:\/\/www.markt-kom.com\/wp-content\/uploads\/2025\/11\/Neon-Noir-by-merci-dsgn-on-99designs-by-Vista-896x2048.jpeg 896w, https:\/\/www.markt-kom.com\/wp-content\/uploads\/2025\/11\/Neon-Noir-by-merci-dsgn-on-99designs-by-Vista-5x12.jpeg 5w, https:\/\/www.markt-kom.com\/wp-content\/uploads\/2025\/11\/Neon-Noir-by-merci-dsgn-on-99designs-by-Vista-77x175.jpeg 77w, https:\/\/www.markt-kom.com\/wp-content\/uploads\/2025\/11\/Neon-Noir-by-merci-dsgn-on-99designs-by-Vista-153x350.jpeg 153w, https:\/\/www.markt-kom.com\/wp-content\/uploads\/2025\/11\/Neon-Noir-by-merci-dsgn-on-99designs-by-Vista-350x800.jpeg 350w\" alt=\"\" width=\"262\" height=\"600\" \/><\/a> <a href=\"https:\/\/www.markt-kom.com\/de\/markom\/mensch-statt-algorithmus-10-grafikdesigntrends-fuer-2026\/attachment\/neon-noir-by-voinch-visuals-on-99designs-by-vista\/\"><img class=\"attachment-medium size-medium\" src=\"https:\/\/www.markt-kom.com\/wp-content\/uploads\/2025\/11\/Neon-Noir-by-Voinch-Visuals-on-99designs-by-Vista-600x600.jpeg\" sizes=\"(max-width: 600px) 100vw, 600px\" srcset=\"https:\/\/www.markt-kom.com\/wp-content\/uploads\/2025\/11\/Neon-Noir-by-Voinch-Visuals-on-99designs-by-Vista-600x600.jpeg 600w, https:\/\/www.markt-kom.com\/wp-content\/uploads\/2025\/11\/Neon-Noir-by-Voinch-Visuals-on-99designs-by-Vista-scaled.jpeg 1000w, https:\/\/www.markt-kom.com\/wp-content\/uploads\/2025\/11\/Neon-Noir-by-Voinch-Visuals-on-99designs-by-Vista-150x150.jpeg 150w, https:\/\/www.markt-kom.com\/wp-content\/uploads\/2025\/11\/Neon-Noir-by-Voinch-Visuals-on-99designs-by-Vista-768x768.jpeg 768w, https:\/\/www.markt-kom.com\/wp-content\/uploads\/2025\/11\/Neon-Noir-by-Voinch-Visuals-on-99designs-by-Vista-12x12.jpeg 12w, https:\/\/www.markt-kom.com\/wp-content\/uploads\/2025\/11\/Neon-Noir-by-Voinch-Visuals-on-99designs-by-Vista-175x175.jpeg 175w, https:\/\/www.markt-kom.com\/wp-content\/uploads\/2025\/11\/Neon-Noir-by-Voinch-Visuals-on-99designs-by-Vista-350x350.jpeg 350w, https:\/\/www.markt-kom.com\/wp-content\/uploads\/2025\/11\/Neon-Noir-by-Voinch-Visuals-on-99designs-by-Vista-800x800.jpeg 800w\" alt=\"\" width=\"600\" height=\"600\" \/><\/a><\/p>\r\n<p>&nbsp;<\/p>\r\n<p><strong>Frutiger Aero Revival<br \/>\r\n<\/strong>Un soup\u00e7on d'avenir tel qu'on l'imaginait autrefois : des surfaces brillantes, des d\u00e9grad\u00e9s de couleurs doux et des formes fluides renouent avec l'esth\u00e9tique technologique du d\u00e9but des ann\u00e9es 2000. Des \u00e9l\u00e9ments tels que l'eau, le ciel ou les mondes v\u00e9g\u00e9taux num\u00e9riques conf\u00e8rent aux designs une l\u00e9g\u00e8ret\u00e9 presque onirique. Ce style est une r\u00e9trospective pleine de tendresse d'une \u00e9poque o\u00f9 la technologie \u00e9tait encore consid\u00e9r\u00e9e comme une promesse.<\/p>\r\n<p><strong>Conclusion :<br \/>\r\n<\/strong>Le design peut \u00e0 nouveau faire appel aux sentiments, afficher une attitude et avoir du caract\u00e8re. Pour se d\u00e9marquer en tant que marque, il n'est plus n\u00e9cessaire d'avoir le logo le plus lisse ou l'image la plus parfaite, mais plut\u00f4t de la personnalit\u00e9, du courage et un message clair. 2026 sera l'ann\u00e9e o\u00f9 l'authenticit\u00e9 comptera. Et le meilleur dans tout cela : ce sera cr\u00e9atif, vivant et d'une beaut\u00e9 surprenante.<\/p>\r\n<hr \/>\r\n<p><strong>Informations d\u00e9taill\u00e9es sur les tendances 2026 :<\/strong> <a href=\"https:\/\/www.vistaprint.de\/hub\/grafikdesign-trends\">https:\/\/www.vistaprint.de\/hub\/grafikdesign-trends<\/a><\/p>\r\n<p><em>VistaPrint est le partenaire de conception et de marketing de millions de petites entreprises \u00e0 travers le monde. Cette entreprise internationale emploie actuellement des collaborateurs dans plus de 25 pays, qui peuvent travailler \u00e0 distance en permanence. Depuis plus de 20 ans, Vista travaille en \u00e9troite collaboration avec les petites entreprises, s'inspire d'elles et met tout en \u0153uvre pour leur proposer des solutions adapt\u00e9es \u00e0 leurs besoins individuels.\u00a0<\/em><\/p>\r\n<p>&nbsp;<\/p>","protected":false},"excerpt":{"rendered":"<p>2026 sera l'ann\u00e9e o\u00f9 le graphisme retrouvera son humanit\u00e9. Alors que l'IA joue un r\u00f4le de plus en plus important dans notre quotidien, nous aspirons de plus en plus \u00e0 l'authenticit\u00e9, \u00e0 des cr\u00e9ations qui nous touchent. C'est la conclusion \u00e0 laquelle est parvenue VistaPrint apr\u00e8s avoir observ\u00e9 attentivement sa communaut\u00e9 internationale de freelances sur 99designs by Vista et son \u00e9quipe d'experts.<\/p>","protected":false},"author":8,"featured_media":0,"comment_status":"closed","ping_status":"closed","sticky":false,"template":"","format":"standard","meta":{"_acf_changed":false,"_yoast_wpseo_focuskw":"Grafikdesigntrends","_yoast_wpseo_metadesc":"Grafikdesigntrends: W\u00e4hrend KI im Alltag eine wachsende Rolle spielt, w\u00e4chst die Sehnsucht nach Echtheit \u2013 nach Entw\u00fcrfen, die ber\u00fchren.","articlekey":"","footnotes":""},"categories":[29],"tags":[4483,4343,485,5690],"class_list":["post-42157","post","type-post","status-publish","format-standard","hentry","category-marketing","tag-kreativity","tag-markom","tag-trends","tag-vistaprint"],"acf":[],"yoast_head":"<!-- This site is optimized with the Yoast SEO plugin v27.4 - https:\/\/yoast.com\/product\/yoast-seo-wordpress\/ -->\n<title>Mensch statt Algorithmus \u2013\u00a010 Grafikdesigntrends f\u00fcr 2026 - Organisator<\/title>\n<meta name=\"description\" content=\"Grafikdesigntrends: W\u00e4hrend KI im Alltag eine wachsende Rolle spielt, w\u00e4chst die Sehnsucht nach Echtheit \u2013 nach Entw\u00fcrfen, die ber\u00fchren.\" \/>\n<meta name=\"robots\" content=\"index, follow, max-snippet:-1, max-image-preview:large, max-video-preview:-1\" \/>\n<link rel=\"canonical\" href=\"https:\/\/www.organisator.ch\/fr\/marketing\/2025-11-24\/mensch-statt-algorithmus-10-grafikdesigntrends-fuer-2026\/\" \/>\n<meta property=\"og:locale\" content=\"fr_FR\" \/>\n<meta property=\"og:type\" content=\"article\" \/>\n<meta property=\"og:title\" content=\"Mensch statt Algorithmus \u2013\u00a010 Grafikdesigntrends f\u00fcr 2026 - Organisator\" \/>\n<meta property=\"og:description\" content=\"Grafikdesigntrends: W\u00e4hrend KI im Alltag eine wachsende Rolle spielt, w\u00e4chst die Sehnsucht nach Echtheit \u2013 nach Entw\u00fcrfen, die ber\u00fchren.\" \/>\n<meta property=\"og:url\" content=\"https:\/\/www.organisator.ch\/fr\/marketing\/2025-11-24\/mensch-statt-algorithmus-10-grafikdesigntrends-fuer-2026\/\" \/>\n<meta property=\"og:site_name\" content=\"Organisator\" \/>\n<meta property=\"article:publisher\" content=\"https:\/\/www.facebook.com\/OrganisatorFachmagazin\" \/>\n<meta property=\"article:published_time\" content=\"2025-11-24T07:45:55+00:00\" \/>\n<meta name=\"author\" content=\"galledia\" \/>\n<meta name=\"twitter:card\" content=\"summary_large_image\" \/>\n<meta name=\"twitter:creator\" content=\"@admin\" \/>\n<script type=\"application\/ld+json\" class=\"yoast-schema-graph\">{\"@context\":\"https:\\\/\\\/schema.org\",\"@graph\":[{\"@type\":\"Article\",\"@id\":\"https:\\\/\\\/www.organisator.ch\\\/marketing\\\/2025-11-24\\\/mensch-statt-algorithmus-10-grafikdesigntrends-fuer-2026\\\/#article\",\"isPartOf\":{\"@id\":\"https:\\\/\\\/www.organisator.ch\\\/marketing\\\/2025-11-24\\\/mensch-statt-algorithmus-10-grafikdesigntrends-fuer-2026\\\/\"},\"author\":{\"name\":\"galledia\",\"@id\":\"https:\\\/\\\/www.organisator.ch\\\/#\\\/schema\\\/person\\\/4e51799071cd2dd1232ac003643ef5f0\"},\"headline\":\"Mensch statt Algorithmus \u2013\u00a010 Grafikdesigntrends f\u00fcr 2026\",\"datePublished\":\"2025-11-24T07:45:55+00:00\",\"mainEntityOfPage\":{\"@id\":\"https:\\\/\\\/www.organisator.ch\\\/marketing\\\/2025-11-24\\\/mensch-statt-algorithmus-10-grafikdesigntrends-fuer-2026\\\/\"},\"wordCount\":807,\"publisher\":{\"@id\":\"https:\\\/\\\/www.organisator.ch\\\/#organization\"},\"image\":{\"@id\":\"https:\\\/\\\/www.organisator.ch\\\/marketing\\\/2025-11-24\\\/mensch-statt-algorithmus-10-grafikdesigntrends-fuer-2026\\\/#primaryimage\"},\"thumbnailUrl\":\"https:\\\/\\\/www.markt-kom.com\\\/wp-content\\\/uploads\\\/2025\\\/11\\\/Digi-Cute-by-musework-on-99designs-by-Vista.png\",\"keywords\":[\"Kreativity\",\"MarKom\",\"Trends\",\"VistaPrint\"],\"articleSection\":[\"MARKETING\"],\"inLanguage\":\"fr-FR\"},{\"@type\":\"WebPage\",\"@id\":\"https:\\\/\\\/www.organisator.ch\\\/marketing\\\/2025-11-24\\\/mensch-statt-algorithmus-10-grafikdesigntrends-fuer-2026\\\/\",\"url\":\"https:\\\/\\\/www.organisator.ch\\\/marketing\\\/2025-11-24\\\/mensch-statt-algorithmus-10-grafikdesigntrends-fuer-2026\\\/\",\"name\":\"Mensch statt Algorithmus \u2013\u00a010 Grafikdesigntrends f\u00fcr 2026 - Organisator\",\"isPartOf\":{\"@id\":\"https:\\\/\\\/www.organisator.ch\\\/#website\"},\"primaryImageOfPage\":{\"@id\":\"https:\\\/\\\/www.organisator.ch\\\/marketing\\\/2025-11-24\\\/mensch-statt-algorithmus-10-grafikdesigntrends-fuer-2026\\\/#primaryimage\"},\"image\":{\"@id\":\"https:\\\/\\\/www.organisator.ch\\\/marketing\\\/2025-11-24\\\/mensch-statt-algorithmus-10-grafikdesigntrends-fuer-2026\\\/#primaryimage\"},\"thumbnailUrl\":\"https:\\\/\\\/www.markt-kom.com\\\/wp-content\\\/uploads\\\/2025\\\/11\\\/Digi-Cute-by-musework-on-99designs-by-Vista.png\",\"datePublished\":\"2025-11-24T07:45:55+00:00\",\"description\":\"Grafikdesigntrends: W\u00e4hrend KI im Alltag eine wachsende Rolle spielt, w\u00e4chst die Sehnsucht nach Echtheit \u2013 nach Entw\u00fcrfen, die ber\u00fchren.\",\"breadcrumb\":{\"@id\":\"https:\\\/\\\/www.organisator.ch\\\/marketing\\\/2025-11-24\\\/mensch-statt-algorithmus-10-grafikdesigntrends-fuer-2026\\\/#breadcrumb\"},\"inLanguage\":\"fr-FR\",\"potentialAction\":[{\"@type\":\"ReadAction\",\"target\":[\"https:\\\/\\\/www.organisator.ch\\\/marketing\\\/2025-11-24\\\/mensch-statt-algorithmus-10-grafikdesigntrends-fuer-2026\\\/\"]}]},{\"@type\":\"ImageObject\",\"inLanguage\":\"fr-FR\",\"@id\":\"https:\\\/\\\/www.organisator.ch\\\/marketing\\\/2025-11-24\\\/mensch-statt-algorithmus-10-grafikdesigntrends-fuer-2026\\\/#primaryimage\",\"url\":\"https:\\\/\\\/www.markt-kom.com\\\/wp-content\\\/uploads\\\/2025\\\/11\\\/Digi-Cute-by-musework-on-99designs-by-Vista.png\",\"contentUrl\":\"https:\\\/\\\/www.markt-kom.com\\\/wp-content\\\/uploads\\\/2025\\\/11\\\/Digi-Cute-by-musework-on-99designs-by-Vista.png\"},{\"@type\":\"BreadcrumbList\",\"@id\":\"https:\\\/\\\/www.organisator.ch\\\/marketing\\\/2025-11-24\\\/mensch-statt-algorithmus-10-grafikdesigntrends-fuer-2026\\\/#breadcrumb\",\"itemListElement\":[{\"@type\":\"ListItem\",\"position\":1,\"name\":\"Home\",\"item\":\"https:\\\/\\\/www.organisator.ch\\\/\"},{\"@type\":\"ListItem\",\"position\":2,\"name\":\"Mensch statt Algorithmus \u2013\u00a010 Grafikdesigntrends f\u00fcr 2026\"}]},{\"@type\":\"WebSite\",\"@id\":\"https:\\\/\\\/www.organisator.ch\\\/#website\",\"url\":\"https:\\\/\\\/www.organisator.ch\\\/\",\"name\":\"Organisator\",\"description\":\"Kompetent. Praxisnah. Der ORGANISATOR bereitet in 10 Ausgaben pro Jahr die wesentlichen Themen f\u00fcr F\u00fchrungskr\u00e4fte von KMU auf.\",\"publisher\":{\"@id\":\"https:\\\/\\\/www.organisator.ch\\\/#organization\"},\"potentialAction\":[{\"@type\":\"SearchAction\",\"target\":{\"@type\":\"EntryPoint\",\"urlTemplate\":\"https:\\\/\\\/www.organisator.ch\\\/?s={search_term_string}\"},\"query-input\":{\"@type\":\"PropertyValueSpecification\",\"valueRequired\":true,\"valueName\":\"search_term_string\"}}],\"inLanguage\":\"fr-FR\"},{\"@type\":\"Organization\",\"@id\":\"https:\\\/\\\/www.organisator.ch\\\/#organization\",\"name\":\"Organisator\",\"url\":\"https:\\\/\\\/www.organisator.ch\\\/\",\"logo\":{\"@type\":\"ImageObject\",\"inLanguage\":\"fr-FR\",\"@id\":\"https:\\\/\\\/www.organisator.ch\\\/#\\\/schema\\\/logo\\\/image\\\/\",\"url\":\"https:\\\/\\\/www.organisator.ch\\\/wp-content\\\/uploads\\\/2022\\\/01\\\/Logo_Organisator_Website.png\",\"contentUrl\":\"https:\\\/\\\/www.organisator.ch\\\/wp-content\\\/uploads\\\/2022\\\/01\\\/Logo_Organisator_Website.png\",\"width\":800,\"height\":77,\"caption\":\"Organisator\"},\"image\":{\"@id\":\"https:\\\/\\\/www.organisator.ch\\\/#\\\/schema\\\/logo\\\/image\\\/\"},\"sameAs\":[\"https:\\\/\\\/www.facebook.com\\\/OrganisatorFachmagazin\",\"https:\\\/\\\/www.linkedin.com\\\/showcase\\\/organisator-das-magazin-fr-kmu\",\"https:\\\/\\\/www.xing.com\\\/news\\\/pages\\\/organisator-ch-695\",\"https:\\\/\\\/www.youtube.com\\\/channel\\\/UCGP2Sq0iWaZwT3BdIAQFYpw\"]},{\"@type\":\"Person\",\"@id\":\"https:\\\/\\\/www.organisator.ch\\\/#\\\/schema\\\/person\\\/4e51799071cd2dd1232ac003643ef5f0\",\"name\":\"galledia\",\"image\":{\"@type\":\"ImageObject\",\"inLanguage\":\"fr-FR\",\"@id\":\"https:\\\/\\\/secure.gravatar.com\\\/avatar\\\/78a7f90c01fc2bfc875782a0d4922b37cde2cf184ce347b91316d23cd7f69a36?s=96&d=mm&r=g\",\"url\":\"https:\\\/\\\/secure.gravatar.com\\\/avatar\\\/78a7f90c01fc2bfc875782a0d4922b37cde2cf184ce347b91316d23cd7f69a36?s=96&d=mm&r=g\",\"contentUrl\":\"https:\\\/\\\/secure.gravatar.com\\\/avatar\\\/78a7f90c01fc2bfc875782a0d4922b37cde2cf184ce347b91316d23cd7f69a36?s=96&d=mm&r=g\",\"caption\":\"galledia\"},\"sameAs\":[\"https:\\\/\\\/x.com\\\/admin\"],\"url\":\"https:\\\/\\\/www.organisator.ch\\\/fr\\\/author\\\/galledia\\\/\"}]}<\/script>\n<!-- \/ Yoast SEO plugin. -->","yoast_head_json":{"title":"L'humain plut\u00f4t que l'algorithme \u2013 10 tendances en mati\u00e8re de design graphique pour 2026 - Organisateur","description":"Tendances en mati\u00e8re de graphisme : alors que l'IA joue un r\u00f4le croissant dans la vie quotidienne, le d\u00e9sir d'authenticit\u00e9 s'intensifie, tout comme celui de designs qui touchent le c\u0153ur.","robots":{"index":"index","follow":"follow","max-snippet":"max-snippet:-1","max-image-preview":"max-image-preview:large","max-video-preview":"max-video-preview:-1"},"canonical":"https:\/\/www.organisator.ch\/fr\/marketing\/2025-11-24\/mensch-statt-algorithmus-10-grafikdesigntrends-fuer-2026\/","og_locale":"fr_FR","og_type":"article","og_title":"Mensch statt Algorithmus \u2013\u00a010 Grafikdesigntrends f\u00fcr 2026 - Organisator","og_description":"Grafikdesigntrends: W\u00e4hrend KI im Alltag eine wachsende Rolle spielt, w\u00e4chst die Sehnsucht nach Echtheit \u2013 nach Entw\u00fcrfen, die ber\u00fchren.","og_url":"https:\/\/www.organisator.ch\/fr\/marketing\/2025-11-24\/mensch-statt-algorithmus-10-grafikdesigntrends-fuer-2026\/","og_site_name":"Organisator","article_publisher":"https:\/\/www.facebook.com\/OrganisatorFachmagazin","article_published_time":"2025-11-24T07:45:55+00:00","author":"galledia","twitter_card":"summary_large_image","twitter_creator":"@admin","schema":{"@context":"https:\/\/schema.org","@graph":[{"@type":"Article","@id":"https:\/\/www.organisator.ch\/marketing\/2025-11-24\/mensch-statt-algorithmus-10-grafikdesigntrends-fuer-2026\/#article","isPartOf":{"@id":"https:\/\/www.organisator.ch\/marketing\/2025-11-24\/mensch-statt-algorithmus-10-grafikdesigntrends-fuer-2026\/"},"author":{"name":"galledia","@id":"https:\/\/www.organisator.ch\/#\/schema\/person\/4e51799071cd2dd1232ac003643ef5f0"},"headline":"Mensch statt Algorithmus \u2013\u00a010 Grafikdesigntrends f\u00fcr 2026","datePublished":"2025-11-24T07:45:55+00:00","mainEntityOfPage":{"@id":"https:\/\/www.organisator.ch\/marketing\/2025-11-24\/mensch-statt-algorithmus-10-grafikdesigntrends-fuer-2026\/"},"wordCount":807,"publisher":{"@id":"https:\/\/www.organisator.ch\/#organization"},"image":{"@id":"https:\/\/www.organisator.ch\/marketing\/2025-11-24\/mensch-statt-algorithmus-10-grafikdesigntrends-fuer-2026\/#primaryimage"},"thumbnailUrl":"https:\/\/www.markt-kom.com\/wp-content\/uploads\/2025\/11\/Digi-Cute-by-musework-on-99designs-by-Vista.png","keywords":["Kreativity","MarKom","Trends","VistaPrint"],"articleSection":["MARKETING"],"inLanguage":"fr-FR"},{"@type":"WebPage","@id":"https:\/\/www.organisator.ch\/marketing\/2025-11-24\/mensch-statt-algorithmus-10-grafikdesigntrends-fuer-2026\/","url":"https:\/\/www.organisator.ch\/marketing\/2025-11-24\/mensch-statt-algorithmus-10-grafikdesigntrends-fuer-2026\/","name":"L'humain plut\u00f4t que l'algorithme \u2013 10 tendances en mati\u00e8re de design graphique pour 2026 - Organisateur","isPartOf":{"@id":"https:\/\/www.organisator.ch\/#website"},"primaryImageOfPage":{"@id":"https:\/\/www.organisator.ch\/marketing\/2025-11-24\/mensch-statt-algorithmus-10-grafikdesigntrends-fuer-2026\/#primaryimage"},"image":{"@id":"https:\/\/www.organisator.ch\/marketing\/2025-11-24\/mensch-statt-algorithmus-10-grafikdesigntrends-fuer-2026\/#primaryimage"},"thumbnailUrl":"https:\/\/www.markt-kom.com\/wp-content\/uploads\/2025\/11\/Digi-Cute-by-musework-on-99designs-by-Vista.png","datePublished":"2025-11-24T07:45:55+00:00","description":"Tendances en mati\u00e8re de graphisme : alors que l'IA joue un r\u00f4le croissant dans la vie quotidienne, le d\u00e9sir d'authenticit\u00e9 s'intensifie, tout comme celui de designs qui touchent le c\u0153ur.","breadcrumb":{"@id":"https:\/\/www.organisator.ch\/marketing\/2025-11-24\/mensch-statt-algorithmus-10-grafikdesigntrends-fuer-2026\/#breadcrumb"},"inLanguage":"fr-FR","potentialAction":[{"@type":"ReadAction","target":["https:\/\/www.organisator.ch\/marketing\/2025-11-24\/mensch-statt-algorithmus-10-grafikdesigntrends-fuer-2026\/"]}]},{"@type":"ImageObject","inLanguage":"fr-FR","@id":"https:\/\/www.organisator.ch\/marketing\/2025-11-24\/mensch-statt-algorithmus-10-grafikdesigntrends-fuer-2026\/#primaryimage","url":"https:\/\/www.markt-kom.com\/wp-content\/uploads\/2025\/11\/Digi-Cute-by-musework-on-99designs-by-Vista.png","contentUrl":"https:\/\/www.markt-kom.com\/wp-content\/uploads\/2025\/11\/Digi-Cute-by-musework-on-99designs-by-Vista.png"},{"@type":"BreadcrumbList","@id":"https:\/\/www.organisator.ch\/marketing\/2025-11-24\/mensch-statt-algorithmus-10-grafikdesigntrends-fuer-2026\/#breadcrumb","itemListElement":[{"@type":"ListItem","position":1,"name":"Home","item":"https:\/\/www.organisator.ch\/"},{"@type":"ListItem","position":2,"name":"Mensch statt Algorithmus \u2013\u00a010 Grafikdesigntrends f\u00fcr 2026"}]},{"@type":"WebSite","@id":"https:\/\/www.organisator.ch\/#website","url":"https:\/\/www.organisator.ch\/","name":"Organisateur","description":"Comp\u00e9tence et comp\u00e9tence. Proches de la pratique. L'ORGANISATEUR pr\u00e9pare 10 num\u00e9ros par an sur les th\u00e8mes essentiels pour les dirigeants de PME.","publisher":{"@id":"https:\/\/www.organisator.ch\/#organization"},"potentialAction":[{"@type":"SearchAction","target":{"@type":"EntryPoint","urlTemplate":"https:\/\/www.organisator.ch\/?s={search_term_string}"},"query-input":{"@type":"PropertyValueSpecification","valueRequired":true,"valueName":"search_term_string"}}],"inLanguage":"fr-FR"},{"@type":"Organization","@id":"https:\/\/www.organisator.ch\/#organization","name":"Organisateur","url":"https:\/\/www.organisator.ch\/","logo":{"@type":"ImageObject","inLanguage":"fr-FR","@id":"https:\/\/www.organisator.ch\/#\/schema\/logo\/image\/","url":"https:\/\/www.organisator.ch\/wp-content\/uploads\/2022\/01\/Logo_Organisator_Website.png","contentUrl":"https:\/\/www.organisator.ch\/wp-content\/uploads\/2022\/01\/Logo_Organisator_Website.png","width":800,"height":77,"caption":"Organisator"},"image":{"@id":"https:\/\/www.organisator.ch\/#\/schema\/logo\/image\/"},"sameAs":["https:\/\/www.facebook.com\/OrganisatorFachmagazin","https:\/\/www.linkedin.com\/showcase\/organisator-das-magazin-fr-kmu","https:\/\/www.xing.com\/news\/pages\/organisator-ch-695","https:\/\/www.youtube.com\/channel\/UCGP2Sq0iWaZwT3BdIAQFYpw"]},{"@type":"Person","@id":"https:\/\/www.organisator.ch\/#\/schema\/person\/4e51799071cd2dd1232ac003643ef5f0","name":"galledia","image":{"@type":"ImageObject","inLanguage":"fr-FR","@id":"https:\/\/secure.gravatar.com\/avatar\/78a7f90c01fc2bfc875782a0d4922b37cde2cf184ce347b91316d23cd7f69a36?s=96&d=mm&r=g","url":"https:\/\/secure.gravatar.com\/avatar\/78a7f90c01fc2bfc875782a0d4922b37cde2cf184ce347b91316d23cd7f69a36?s=96&d=mm&r=g","contentUrl":"https:\/\/secure.gravatar.com\/avatar\/78a7f90c01fc2bfc875782a0d4922b37cde2cf184ce347b91316d23cd7f69a36?s=96&d=mm&r=g","caption":"galledia"},"sameAs":["https:\/\/x.com\/admin"],"url":"https:\/\/www.organisator.ch\/fr\/author\/galledia\/"}]}},"_links":{"self":[{"href":"https:\/\/www.organisator.ch\/fr\/wp-json\/wp\/v2\/posts\/42157","targetHints":{"allow":["GET"]}}],"collection":[{"href":"https:\/\/www.organisator.ch\/fr\/wp-json\/wp\/v2\/posts"}],"about":[{"href":"https:\/\/www.organisator.ch\/fr\/wp-json\/wp\/v2\/types\/post"}],"author":[{"embeddable":true,"href":"https:\/\/www.organisator.ch\/fr\/wp-json\/wp\/v2\/users\/8"}],"replies":[{"embeddable":true,"href":"https:\/\/www.organisator.ch\/fr\/wp-json\/wp\/v2\/comments?post=42157"}],"version-history":[{"count":40,"href":"https:\/\/www.organisator.ch\/fr\/wp-json\/wp\/v2\/posts\/42157\/revisions"}],"predecessor-version":[{"id":42240,"href":"https:\/\/www.organisator.ch\/fr\/wp-json\/wp\/v2\/posts\/42157\/revisions\/42240"}],"wp:attachment":[{"href":"https:\/\/www.organisator.ch\/fr\/wp-json\/wp\/v2\/media?parent=42157"}],"wp:term":[{"taxonomy":"category","embeddable":true,"href":"https:\/\/www.organisator.ch\/fr\/wp-json\/wp\/v2\/categories?post=42157"},{"taxonomy":"post_tag","embeddable":true,"href":"https:\/\/www.organisator.ch\/fr\/wp-json\/wp\/v2\/tags?post=42157"}],"curies":[{"name":"wp","href":"https:\/\/api.w.org\/{rel}","templated":true}]}}