{"id":4224,"date":"2018-09-10T08:39:29","date_gmt":"2018-09-10T06:39:29","guid":{"rendered":"https:\/\/www.organisator.ch\/?p=4224"},"modified":"2018-09-10T08:39:29","modified_gmt":"2018-09-10T06:39:29","slug":"networking-tag-2018-der-fhs-der-gute-koenig-demokratie-auf-dem-pruefstand","status":"publish","type":"post","link":"https:\/\/www.organisator.ch\/fr\/allgemein\/2018-09-10\/networking-tag-2018-der-fhs-der-gute-koenig-demokratie-auf-dem-pruefstand\/","title":{"rendered":"Journ\u00e9e de r\u00e9seautage 2018 de la FHS : Le bon roi - la d\u00e9mocratie \u00e0 l'\u00e9preuve"},"content":{"rendered":"<figure id=\"attachment_4225\" aria-describedby=\"caption-attachment-4225\" style=\"width: 640px\" class=\"wp-caption alignnone\"><img loading=\"lazy\" decoding=\"async\" class=\"size-full wp-image-4225\" src=\"https:\/\/www.organisator.ch\/wp-content\/uploads\/2018\/09\/Networking-Tag-2018-der-FHS-Der-gute-Koenig-Demokratie-auf-dem-Pruefstand_Organisator.jpg\" alt=\"\" width=\"640\" height=\"427\" srcset=\"https:\/\/www.organisator.ch\/wp-content\/uploads\/2018\/09\/Networking-Tag-2018-der-FHS-Der-gute-Koenig-Demokratie-auf-dem-Pruefstand_Organisator.jpg 640w, https:\/\/www.organisator.ch\/wp-content\/uploads\/2018\/09\/Networking-Tag-2018-der-FHS-Der-gute-Koenig-Demokratie-auf-dem-Pruefstand_Organisator-16x12.jpg 16w, https:\/\/www.organisator.ch\/wp-content\/uploads\/2018\/09\/Networking-Tag-2018-der-FHS-Der-gute-Koenig-Demokratie-auf-dem-Pruefstand_Organisator-262x175.jpg 262w, https:\/\/www.organisator.ch\/wp-content\/uploads\/2018\/09\/Networking-Tag-2018-der-FHS-Der-gute-Koenig-Demokratie-auf-dem-Pruefstand_Organisator-525x350.jpg 525w, https:\/\/www.organisator.ch\/wp-content\/uploads\/2018\/09\/Networking-Tag-2018-der-FHS-Der-gute-Koenig-Demokratie-auf-dem-Pruefstand_Organisator-300x200.jpg 300w\" sizes=\"auto, (max-width: 640px) 100vw, 640px\" \/><figcaption id=\"caption-attachment-4225\" class=\"wp-caption-text\">Le podium politique a amus\u00e9 : Michael Elsener a fait rire Andrea Caroni, Diana Gutjahr, Flavia Kleiner et Paul Rechsteiner (\u00e0 partir de la 2e \u00e0 partir de la gauche), tandis qu'Endo Anaconda (\u00e0 gauche) s'est surtout consacr\u00e9 au public. (Image : Journ\u00e9e de r\u00e9seautage)<\/figcaption><\/figure>\n<p>Platon en \u00e9tait convaincu : un Etat n'est bien gouvern\u00e9 que si ses dirigeants sont proches de la philosophie. \" Mais combien y a-t-il de femmes et d'hommes politiques philosophes ? De quelles exigences la politique a-t-elle besoin aujourd'hui ? Le d\u00e9clin de l'int\u00e9r\u00eat pour la d\u00e9mocratie ouvre-t-il des portes \u00e0 d'autres courants ?\" C'est avec ces questions et d'autres que Sebastian W\u00f6rwag, recteur de la Haute \u00e9cole sp\u00e9cialis\u00e9e de Saint-Gall, a ouvert la 14e journ\u00e9e de r\u00e9seautage du vendredi 7 septembre \u00e0 l'Olma Messen de Saint-Gall. La journ\u00e9e de r\u00e9seautage, organis\u00e9e par l'organisation des anciens \u00e9tudiants FHS Alumni, \u00e9tait plac\u00e9e sous le th\u00e8me \"Le bon roi. La d\u00e9mocratie au banc d'essai\".<\/p>\n<p>W\u00f6rwag a invit\u00e9 les quelque 650 participants \u00e0 r\u00e9fl\u00e9chir \u00e0 la d\u00e9mocratie et aux valeurs n\u00e9cessaires au bon fonctionnement de la vie en commun. \"Bien s\u00fbr, cela aurait pu s'appeler 'la bonne reine'\", a d\u00e9clar\u00e9 Sigmar Willi, directeur de FHS Alumni. Mais la citation est de Platon - et l'orthographe de genre n'\u00e9tait pas \u00e0 l'ordre du jour il y a 2500 ans. L'\u00e9v\u00e9nement a \u00e9t\u00e9 anim\u00e9 par le com\u00e9dien et blogueur politique Michael Elsener qui, avec sa langue bien pendue et une bonne dose d'humour, a toujours fait rire le public et la sc\u00e8ne.<\/p>\n<h2>\"La d\u00e9mocratie devient plus vivante\"<\/h2>\n<p>L'un des points forts de la manifestation a \u00e9t\u00e9 le podium politique, qui a r\u00e9uni des personnalit\u00e9s de premier plan : le conseiller aux \u00c9tats radical Andrea Caroni, le conseiller aux \u00c9tats socialiste Paul Rechsteiner, la conseill\u00e8re nationale UDC Diana Gutjahr, l'activiste politique Flavia Kleiner et le musicien Endo Anaconda. Caroni et Gutjahr avaient remplac\u00e9 Petra G\u00f6ssi (pr\u00e9sidente du PLR Suisse) et Roland Rino B\u00fcchel (conseiller national UDC), qui avaient d\u00fb annuler leur participation \u00e0 la derni\u00e8re minute. La discussion a notamment port\u00e9 sur la mani\u00e8re de regagner la confiance des citoyens dans la politique et d'augmenter leur participation \u00e0 la d\u00e9mocratie.<\/p>\n<p>\"Il faut une \u00e9ducation civique qui encourage la pens\u00e9e critique et d\u00e9veloppe une attitude\", a d\u00e9clar\u00e9 Flavia Kleiner. Diana Gutjahr est \u00e9galement favorable \u00e0 une \u00e9ducation politique, sauf que les discussions ne devraient pas avoir lieu \u00e0 l'\u00e9cole, mais \"\u00e0 la maison, \u00e0 la table de la cuisine\". C'est aux hommes et aux femmes politiques de motiver les gens \u00e0 voter et \u00e0 \u00e9lire - \"en discutant et non par le biais d'un post Facebook\", affirme la conseill\u00e8re nationale thurgovienne.<\/p>\n<p>Les participants \u00e0 la table ronde ne voyaient pas la d\u00e9mocratie en noir. Au contraire. \"La d\u00e9mocratie devient plus vivante\", a d\u00e9clar\u00e9 Andrea Caroni. Gr\u00e2ce \u00e0 l'e-collecting et \u00e0 l'e-voting, les gens participeront \u00e0 nouveau davantage au d\u00e9bat politique. Endo Anaconda pense que \"la soci\u00e9t\u00e9 civile va mettre la pression sur les partis\", et c'est une bonne chose. Paul Rechsteiner esp\u00e8re qu'\u00e0 l'avenir, tout le monde, d'o\u00f9 qu'il vienne, aura la chance de recevoir une formation politique. La militante politique et copr\u00e9sidente d'Operation Libero, Flavia Kleiner, souhaite pour la d\u00e9mocratie du futur : \"Des temps froids pour des despotes nus\".<\/p>\n<h2>La d\u00e9mocratie hier, aujourd'hui et demain<\/h2>\n<p>L'historien Daniele Ganser a parl\u00e9 de l'histoire de la d\u00e9mocratie suisse et de la mani\u00e8re dont le pouvoir politique a \u00e9t\u00e9 \"d\u00e9membr\u00e9\" par l'introduction de la formule magique. Il a fait l'\u00e9loge du dialogue, \"m\u00eame en cas d'opinions controvers\u00e9es, il faut se soumettre au d\u00e9bat\", et a critiqu\u00e9 la collaboration de la Suisse avec le \"Partnership for Peace (PfP)\", le \"jardin d'enfants de l'OTAN\", comme Ganser a qualifi\u00e9 l'alliance. Selon Ganser, le PPP est une structure internationale impos\u00e9e par les Etats-Unis pour aligner les pays r\u00e9ticents sur l'OTAN. Celui qui coop\u00e8re avec eux ne peut plus \u00eatre qualifi\u00e9 de neutre.<\/p>\n<p>Nicola Forster, fondateur et pr\u00e9sident du think tank \"foraus\", a os\u00e9 un regard vers l'avenir. Dans son expos\u00e9, il a montr\u00e9 comment la d\u00e9mocratie peut fonctionner \u00e0 l'\u00e8re de la num\u00e9risation totale. Le jeune visionnaire a plaid\u00e9 en faveur d'une d\u00e9mocratie participative plut\u00f4t que d'une d\u00e9mocratie de vote. \"Avec l'intelligence artificielle, par exemple, les services de l'\u00c9tat peuvent \u00eatre encore plus adapt\u00e9s \u00e0 chaque individu\", a d\u00e9clar\u00e9 Forster. \"Mais la Suisse n'en est pas encore l\u00e0\". Il est toutefois important que \"nous ayons nous-m\u00eames ces comp\u00e9tences et que nous ne les laissions pas \u00e0 d'autres\".<\/p>\n<h2>La crise des m\u00e9dias<\/h2>\n<p>Les m\u00e9dias jouent un r\u00f4le important dans une d\u00e9mocratie qui fonctionne. Ils sont souvent appel\u00e9s le \"quatri\u00e8me pouvoir\". Mais les m\u00e9dias se trouvent dans un profond processus de transformation, le paysage m\u00e9diatique se r\u00e9tr\u00e9cit. \"Cela va dans une direction qui ne nous pla\u00eet pas\", d\u00e9clare Daniel Binswanger, coresponsable de la rubrique \"Feuilleton\" du magazine en ligne Republik, qui avait repris le r\u00f4le de \"d\u00e9fenseur des m\u00e9dias ind\u00e9pendants\" de Christof Moser. \"Les moyens sont retir\u00e9s des m\u00e9dias pour \u00eatre investis dans d'autres domaines. C'est mauvais pour la soci\u00e9t\u00e9 et mauvais pour la d\u00e9mocratie\". Marc Walder, CEO et copropri\u00e9taire de Ringier SA, a vu les choses un peu diff\u00e9remment : \"Les m\u00e9dias doivent se diversifier pour avoir un avenir\". Il est certain que \"les m\u00e9dias qui d\u00e9pendent aujourd'hui \u00e0 plus de 70 pour cent du journalisme auront la vie dure dans dix ans\".<\/p>\n<p><em>Plus d'informations : <a href=\"http:\/\/www.networkingtag.ch\">www.networkingtag.ch<\/a><\/em><\/p>\n<p>&nbsp;<\/p>\n<p>&nbsp;<\/p>","protected":false},"excerpt":{"rendered":"<p>Platon war \u00fcberzeugt: Ein Staat sei nur dann gut regiert, wenn seine Herrscher der Philosophie nahe st\u00fcnden. \u00abDoch wie viele Politikerinnen und Politiker als Philosophen gibt es? Welche Anforderungen braucht es heute f\u00fcr die Politik? \u00d6ffnet das schwindende Interesse an der Demokratie T\u00fcren f\u00fcr andere Str\u00f6mungen?\u00bb Mit diesen und anderen Fragen er\u00f6ffnete Sebastian W\u00f6rwag, Rektor [&hellip;]<\/p>\n","protected":false},"author":4,"featured_media":4225,"comment_status":"open","ping_status":"open","sticky":false,"template":"","format":"standard","meta":{"_acf_changed":false,"_yoast_wpseo_focuskw":"Demokratie","_yoast_wpseo_metadesc":"Am diesj\u00e4hrigen Networking-Tag der Fachhochschule St.Gallen wurde von verschiedenen Referenten die Schweizer Demokratie auf den Pr\u00fcfstand gestellt.","articlekey":"","footnotes":""},"categories":[1],"tags":[334,386,502,531,533],"class_list":["post-4224","post","type-post","status-publish","format-standard","has-post-thumbnail","hentry","category-allgemein","tag-management","tag-politik","tag-veranstaltungen","tag-wirtschaftspolitik","tag-wissenschaft"],"acf":[],"yoast_head":"<!-- This site is optimized with the Yoast SEO plugin v27.5 - https:\/\/yoast.com\/product\/yoast-seo-wordpress\/ -->\n<title>Networking-Tag 2018 der FHS: Der gute K\u00f6nig - Demokratie auf dem Pr\u00fcfstand - Organisator<\/title>\n<meta name=\"description\" content=\"Am diesj\u00e4hrigen Networking-Tag der Fachhochschule St.Gallen wurde von verschiedenen Referenten die Schweizer Demokratie auf den Pr\u00fcfstand gestellt.\" \/>\n<meta name=\"robots\" content=\"index, follow, max-snippet:-1, max-image-preview:large, max-video-preview:-1\" \/>\n<link rel=\"canonical\" href=\"https:\/\/www.organisator.ch\/fr\/general\/2018-09-10\/networking-tag-2018-der-fhs-der-gute-koenig-demokratie-auf-dem-pruefstand\/\" \/>\n<meta property=\"og:locale\" content=\"fr_FR\" \/>\n<meta property=\"og:type\" content=\"article\" \/>\n<meta property=\"og:title\" content=\"Networking-Tag 2018 der FHS: Der gute K\u00f6nig - Demokratie auf dem Pr\u00fcfstand\" \/>\n<meta property=\"og:description\" content=\"Am diesj\u00e4hrigen Networking-Tag der Fachhochschule St.Gallen wurde von verschiedenen Referenten die Schweizer Demokratie auf den Pr\u00fcfstand gestellt.\" \/>\n<meta property=\"og:url\" content=\"https:\/\/www.organisator.ch\/fr\/general\/2018-09-10\/networking-tag-2018-der-fhs-der-gute-koenig-demokratie-auf-dem-pruefstand\/\" \/>\n<meta property=\"og:site_name\" content=\"Organisator\" \/>\n<meta property=\"article:publisher\" content=\"https:\/\/www.facebook.com\/OrganisatorFachmagazin\" \/>\n<meta property=\"article:published_time\" content=\"2018-09-10T06:39:29+00:00\" \/>\n<meta property=\"og:image\" content=\"https:\/\/www.organisator.ch\/wp-content\/uploads\/2018\/09\/Networking-Tag-2018-der-FHS-Der-gute-Koenig-Demokratie-auf-dem-Pruefstand_Organisator.jpg\" \/>\n\t<meta property=\"og:image:width\" content=\"640\" \/>\n\t<meta property=\"og:image:height\" content=\"427\" \/>\n\t<meta property=\"og:image:type\" content=\"image\/jpeg\" \/>\n<meta name=\"author\" content=\"thomas.berner\" \/>\n<meta name=\"twitter:card\" content=\"summary_large_image\" \/>\n<meta name=\"twitter:title\" content=\"#Networking-Tag 2018 der FHS: Der gute K\u00f6nig - Demokratie auf dem Pr\u00fcfstand\" \/>\n<meta name=\"twitter:description\" content=\"Am diesj\u00e4hrigen #Networking-Tag der Fachhochschule St.Gallen wurde von verschiedenen Referenten die Schweizer Demokratie auf den Pr\u00fcfstand gestellt.\" \/>\n<meta name=\"twitter:image\" content=\"https:\/\/www.organisator.ch\/wp-content\/uploads\/2018\/09\/Networking-Tag-2018-der-FHS-Der-gute-K\u00f6nig-Demokratie-auf-dem-Pr\u00fcfstand_Organisator.jpg\" \/>\n<script type=\"application\/ld+json\" class=\"yoast-schema-graph\">{\"@context\":\"https:\\\/\\\/schema.org\",\"@graph\":[{\"@type\":\"Article\",\"@id\":\"https:\\\/\\\/www.organisator.ch\\\/de\\\/allgemein\\\/2018-09-10\\\/networking-tag-2018-der-fhs-der-gute-koenig-demokratie-auf-dem-pruefstand\\\/#article\",\"isPartOf\":{\"@id\":\"https:\\\/\\\/www.organisator.ch\\\/de\\\/allgemein\\\/2018-09-10\\\/networking-tag-2018-der-fhs-der-gute-koenig-demokratie-auf-dem-pruefstand\\\/\"},\"author\":{\"name\":\"thomas.berner\",\"@id\":\"https:\\\/\\\/www.organisator.ch\\\/#\\\/schema\\\/person\\\/6f650f90b2842cd4c0cc334b4e36f67e\"},\"headline\":\"Networking-Tag 2018 der FHS: Der gute K\u00f6nig &#8211; Demokratie auf dem Pr\u00fcfstand\",\"datePublished\":\"2018-09-10T06:39:29+00:00\",\"mainEntityOfPage\":{\"@id\":\"https:\\\/\\\/www.organisator.ch\\\/de\\\/allgemein\\\/2018-09-10\\\/networking-tag-2018-der-fhs-der-gute-koenig-demokratie-auf-dem-pruefstand\\\/\"},\"wordCount\":833,\"commentCount\":0,\"publisher\":{\"@id\":\"https:\\\/\\\/www.organisator.ch\\\/#organization\"},\"image\":{\"@id\":\"https:\\\/\\\/www.organisator.ch\\\/de\\\/allgemein\\\/2018-09-10\\\/networking-tag-2018-der-fhs-der-gute-koenig-demokratie-auf-dem-pruefstand\\\/#primaryimage\"},\"thumbnailUrl\":\"https:\\\/\\\/www.organisator.ch\\\/wp-content\\\/uploads\\\/2018\\\/09\\\/Networking-Tag-2018-der-FHS-Der-gute-Koenig-Demokratie-auf-dem-Pruefstand_Organisator.jpg\",\"keywords\":[\"Management\",\"Politik\",\"Veranstaltungen\",\"Wirtschaftspolitik\",\"Wissenschaft\"],\"articleSection\":[\"Allgemein\"],\"inLanguage\":\"fr-FR\"},{\"@type\":\"WebPage\",\"@id\":\"https:\\\/\\\/www.organisator.ch\\\/de\\\/allgemein\\\/2018-09-10\\\/networking-tag-2018-der-fhs-der-gute-koenig-demokratie-auf-dem-pruefstand\\\/\",\"url\":\"https:\\\/\\\/www.organisator.ch\\\/de\\\/allgemein\\\/2018-09-10\\\/networking-tag-2018-der-fhs-der-gute-koenig-demokratie-auf-dem-pruefstand\\\/\",\"name\":\"Networking-Tag 2018 der FHS: Der gute K\u00f6nig - Demokratie auf dem Pr\u00fcfstand - Organisator\",\"isPartOf\":{\"@id\":\"https:\\\/\\\/www.organisator.ch\\\/#website\"},\"primaryImageOfPage\":{\"@id\":\"https:\\\/\\\/www.organisator.ch\\\/de\\\/allgemein\\\/2018-09-10\\\/networking-tag-2018-der-fhs-der-gute-koenig-demokratie-auf-dem-pruefstand\\\/#primaryimage\"},\"image\":{\"@id\":\"https:\\\/\\\/www.organisator.ch\\\/de\\\/allgemein\\\/2018-09-10\\\/networking-tag-2018-der-fhs-der-gute-koenig-demokratie-auf-dem-pruefstand\\\/#primaryimage\"},\"thumbnailUrl\":\"https:\\\/\\\/www.organisator.ch\\\/wp-content\\\/uploads\\\/2018\\\/09\\\/Networking-Tag-2018-der-FHS-Der-gute-Koenig-Demokratie-auf-dem-Pruefstand_Organisator.jpg\",\"datePublished\":\"2018-09-10T06:39:29+00:00\",\"description\":\"Am diesj\u00e4hrigen Networking-Tag der Fachhochschule St.Gallen wurde von verschiedenen Referenten die Schweizer Demokratie auf den Pr\u00fcfstand gestellt.\",\"breadcrumb\":{\"@id\":\"https:\\\/\\\/www.organisator.ch\\\/de\\\/allgemein\\\/2018-09-10\\\/networking-tag-2018-der-fhs-der-gute-koenig-demokratie-auf-dem-pruefstand\\\/#breadcrumb\"},\"inLanguage\":\"fr-FR\",\"potentialAction\":[{\"@type\":\"ReadAction\",\"target\":[\"https:\\\/\\\/www.organisator.ch\\\/de\\\/allgemein\\\/2018-09-10\\\/networking-tag-2018-der-fhs-der-gute-koenig-demokratie-auf-dem-pruefstand\\\/\"]}]},{\"@type\":\"ImageObject\",\"inLanguage\":\"fr-FR\",\"@id\":\"https:\\\/\\\/www.organisator.ch\\\/de\\\/allgemein\\\/2018-09-10\\\/networking-tag-2018-der-fhs-der-gute-koenig-demokratie-auf-dem-pruefstand\\\/#primaryimage\",\"url\":\"https:\\\/\\\/www.organisator.ch\\\/wp-content\\\/uploads\\\/2018\\\/09\\\/Networking-Tag-2018-der-FHS-Der-gute-Koenig-Demokratie-auf-dem-Pruefstand_Organisator.jpg\",\"contentUrl\":\"https:\\\/\\\/www.organisator.ch\\\/wp-content\\\/uploads\\\/2018\\\/09\\\/Networking-Tag-2018-der-FHS-Der-gute-Koenig-Demokratie-auf-dem-Pruefstand_Organisator.jpg\",\"width\":640,\"height\":427,\"caption\":\"Das Politpodium am\u00fcsierte: Michael Elsener sorgt f\u00fcr lachende Gesichter bei Andrea Caroni, Diana Gutjahr, Flavia Kleiner und Paul Rechsteiner (ab 2.v.l.), w\u00e4hrend sich Endo Anaconda (links) vor allem dem Publikum widmet. (Bild: Networkingtag)\"},{\"@type\":\"BreadcrumbList\",\"@id\":\"https:\\\/\\\/www.organisator.ch\\\/de\\\/allgemein\\\/2018-09-10\\\/networking-tag-2018-der-fhs-der-gute-koenig-demokratie-auf-dem-pruefstand\\\/#breadcrumb\",\"itemListElement\":[{\"@type\":\"ListItem\",\"position\":1,\"name\":\"Home\",\"item\":\"https:\\\/\\\/www.organisator.ch\\\/\"},{\"@type\":\"ListItem\",\"position\":2,\"name\":\"Networking-Tag 2018 der FHS: Der gute K\u00f6nig &#8211; Demokratie auf dem Pr\u00fcfstand\"}]},{\"@type\":\"WebSite\",\"@id\":\"https:\\\/\\\/www.organisator.ch\\\/#website\",\"url\":\"https:\\\/\\\/www.organisator.ch\\\/\",\"name\":\"Organisator\",\"description\":\"Kompetent. Praxisnah. Der ORGANISATOR bereitet in 10 Ausgaben pro Jahr die wesentlichen Themen f\u00fcr F\u00fchrungskr\u00e4fte von KMU auf.\",\"publisher\":{\"@id\":\"https:\\\/\\\/www.organisator.ch\\\/#organization\"},\"potentialAction\":[{\"@type\":\"SearchAction\",\"target\":{\"@type\":\"EntryPoint\",\"urlTemplate\":\"https:\\\/\\\/www.organisator.ch\\\/?s={search_term_string}\"},\"query-input\":{\"@type\":\"PropertyValueSpecification\",\"valueRequired\":true,\"valueName\":\"search_term_string\"}}],\"inLanguage\":\"fr-FR\"},{\"@type\":\"Organization\",\"@id\":\"https:\\\/\\\/www.organisator.ch\\\/#organization\",\"name\":\"Organisator\",\"url\":\"https:\\\/\\\/www.organisator.ch\\\/\",\"logo\":{\"@type\":\"ImageObject\",\"inLanguage\":\"fr-FR\",\"@id\":\"https:\\\/\\\/www.organisator.ch\\\/#\\\/schema\\\/logo\\\/image\\\/\",\"url\":\"https:\\\/\\\/www.organisator.ch\\\/wp-content\\\/uploads\\\/2022\\\/01\\\/Logo_Organisator_Website.png\",\"contentUrl\":\"https:\\\/\\\/www.organisator.ch\\\/wp-content\\\/uploads\\\/2022\\\/01\\\/Logo_Organisator_Website.png\",\"width\":800,\"height\":77,\"caption\":\"Organisator\"},\"image\":{\"@id\":\"https:\\\/\\\/www.organisator.ch\\\/#\\\/schema\\\/logo\\\/image\\\/\"},\"sameAs\":[\"https:\\\/\\\/www.facebook.com\\\/OrganisatorFachmagazin\",\"https:\\\/\\\/www.linkedin.com\\\/showcase\\\/organisator-das-magazin-fr-kmu\",\"https:\\\/\\\/www.xing.com\\\/news\\\/pages\\\/organisator-ch-695\",\"https:\\\/\\\/www.youtube.com\\\/channel\\\/UCGP2Sq0iWaZwT3BdIAQFYpw\"]},{\"@type\":\"Person\",\"@id\":\"https:\\\/\\\/www.organisator.ch\\\/#\\\/schema\\\/person\\\/6f650f90b2842cd4c0cc334b4e36f67e\",\"name\":\"thomas.berner\",\"image\":{\"@type\":\"ImageObject\",\"inLanguage\":\"fr-FR\",\"@id\":\"https:\\\/\\\/secure.gravatar.com\\\/avatar\\\/ac5001d2a36cb6c6cd3e50789007ffca834b477b74a2144564522e944eabff61?s=96&d=mm&r=g\",\"url\":\"https:\\\/\\\/secure.gravatar.com\\\/avatar\\\/ac5001d2a36cb6c6cd3e50789007ffca834b477b74a2144564522e944eabff61?s=96&d=mm&r=g\",\"contentUrl\":\"https:\\\/\\\/secure.gravatar.com\\\/avatar\\\/ac5001d2a36cb6c6cd3e50789007ffca834b477b74a2144564522e944eabff61?s=96&d=mm&r=g\",\"caption\":\"thomas.berner\"},\"url\":\"https:\\\/\\\/www.organisator.ch\\\/fr\\\/author\\\/thomas-berner\\\/\"}]}<\/script>\n<!-- \/ Yoast SEO plugin. -->","yoast_head_json":{"title":"Journ\u00e9e de r\u00e9seautage 2018 de la FHS : Le bon roi - La d\u00e9mocratie \u00e0 l'\u00e9preuve - Organisateur","description":"Lors de la journ\u00e9e de r\u00e9seautage de la Haute \u00e9cole sp\u00e9cialis\u00e9e de Saint-Gall de cette ann\u00e9e, la d\u00e9mocratie suisse a \u00e9t\u00e9 pass\u00e9e au crible par diff\u00e9rents intervenants.","robots":{"index":"index","follow":"follow","max-snippet":"max-snippet:-1","max-image-preview":"max-image-preview:large","max-video-preview":"max-video-preview:-1"},"canonical":"https:\/\/www.organisator.ch\/fr\/general\/2018-09-10\/networking-tag-2018-der-fhs-der-gute-koenig-demokratie-auf-dem-pruefstand\/","og_locale":"fr_FR","og_type":"article","og_title":"Networking-Tag 2018 der FHS: Der gute K\u00f6nig - Demokratie auf dem Pr\u00fcfstand","og_description":"Am diesj\u00e4hrigen Networking-Tag der Fachhochschule St.Gallen wurde von verschiedenen Referenten die Schweizer Demokratie auf den Pr\u00fcfstand gestellt.","og_url":"https:\/\/www.organisator.ch\/fr\/general\/2018-09-10\/networking-tag-2018-der-fhs-der-gute-koenig-demokratie-auf-dem-pruefstand\/","og_site_name":"Organisator","article_publisher":"https:\/\/www.facebook.com\/OrganisatorFachmagazin","article_published_time":"2018-09-10T06:39:29+00:00","og_image":[{"width":640,"height":427,"url":"https:\/\/www.organisator.ch\/wp-content\/uploads\/2018\/09\/Networking-Tag-2018-der-FHS-Der-gute-Koenig-Demokratie-auf-dem-Pruefstand_Organisator.jpg","type":"image\/jpeg"}],"author":"thomas.berner","twitter_card":"summary_large_image","twitter_title":"#Networking-Tag 2018 der FHS: Der gute K\u00f6nig - Demokratie auf dem Pr\u00fcfstand","twitter_description":"Am diesj\u00e4hrigen #Networking-Tag der Fachhochschule St.Gallen wurde von verschiedenen Referenten die Schweizer Demokratie auf den Pr\u00fcfstand gestellt.","twitter_image":"https:\/\/www.organisator.ch\/wp-content\/uploads\/2018\/09\/Networking-Tag-2018-der-FHS-Der-gute-K\u00f6nig-Demokratie-auf-dem-Pr\u00fcfstand_Organisator.jpg","schema":{"@context":"https:\/\/schema.org","@graph":[{"@type":"Article","@id":"https:\/\/www.organisator.ch\/de\/allgemein\/2018-09-10\/networking-tag-2018-der-fhs-der-gute-koenig-demokratie-auf-dem-pruefstand\/#article","isPartOf":{"@id":"https:\/\/www.organisator.ch\/de\/allgemein\/2018-09-10\/networking-tag-2018-der-fhs-der-gute-koenig-demokratie-auf-dem-pruefstand\/"},"author":{"name":"thomas.berner","@id":"https:\/\/www.organisator.ch\/#\/schema\/person\/6f650f90b2842cd4c0cc334b4e36f67e"},"headline":"Networking-Tag 2018 der FHS: Der gute K\u00f6nig &#8211; Demokratie auf dem Pr\u00fcfstand","datePublished":"2018-09-10T06:39:29+00:00","mainEntityOfPage":{"@id":"https:\/\/www.organisator.ch\/de\/allgemein\/2018-09-10\/networking-tag-2018-der-fhs-der-gute-koenig-demokratie-auf-dem-pruefstand\/"},"wordCount":833,"commentCount":0,"publisher":{"@id":"https:\/\/www.organisator.ch\/#organization"},"image":{"@id":"https:\/\/www.organisator.ch\/de\/allgemein\/2018-09-10\/networking-tag-2018-der-fhs-der-gute-koenig-demokratie-auf-dem-pruefstand\/#primaryimage"},"thumbnailUrl":"https:\/\/www.organisator.ch\/wp-content\/uploads\/2018\/09\/Networking-Tag-2018-der-FHS-Der-gute-Koenig-Demokratie-auf-dem-Pruefstand_Organisator.jpg","keywords":["Management","Politik","Veranstaltungen","Wirtschaftspolitik","Wissenschaft"],"articleSection":["Allgemein"],"inLanguage":"fr-FR"},{"@type":"WebPage","@id":"https:\/\/www.organisator.ch\/de\/allgemein\/2018-09-10\/networking-tag-2018-der-fhs-der-gute-koenig-demokratie-auf-dem-pruefstand\/","url":"https:\/\/www.organisator.ch\/de\/allgemein\/2018-09-10\/networking-tag-2018-der-fhs-der-gute-koenig-demokratie-auf-dem-pruefstand\/","name":"Journ\u00e9e de r\u00e9seautage 2018 de la FHS : Le bon roi - La d\u00e9mocratie \u00e0 l'\u00e9preuve - Organisateur","isPartOf":{"@id":"https:\/\/www.organisator.ch\/#website"},"primaryImageOfPage":{"@id":"https:\/\/www.organisator.ch\/de\/allgemein\/2018-09-10\/networking-tag-2018-der-fhs-der-gute-koenig-demokratie-auf-dem-pruefstand\/#primaryimage"},"image":{"@id":"https:\/\/www.organisator.ch\/de\/allgemein\/2018-09-10\/networking-tag-2018-der-fhs-der-gute-koenig-demokratie-auf-dem-pruefstand\/#primaryimage"},"thumbnailUrl":"https:\/\/www.organisator.ch\/wp-content\/uploads\/2018\/09\/Networking-Tag-2018-der-FHS-Der-gute-Koenig-Demokratie-auf-dem-Pruefstand_Organisator.jpg","datePublished":"2018-09-10T06:39:29+00:00","description":"Lors de la journ\u00e9e de r\u00e9seautage de la Haute \u00e9cole sp\u00e9cialis\u00e9e de Saint-Gall de cette ann\u00e9e, la d\u00e9mocratie suisse a \u00e9t\u00e9 pass\u00e9e au crible par diff\u00e9rents intervenants.","breadcrumb":{"@id":"https:\/\/www.organisator.ch\/de\/allgemein\/2018-09-10\/networking-tag-2018-der-fhs-der-gute-koenig-demokratie-auf-dem-pruefstand\/#breadcrumb"},"inLanguage":"fr-FR","potentialAction":[{"@type":"ReadAction","target":["https:\/\/www.organisator.ch\/de\/allgemein\/2018-09-10\/networking-tag-2018-der-fhs-der-gute-koenig-demokratie-auf-dem-pruefstand\/"]}]},{"@type":"ImageObject","inLanguage":"fr-FR","@id":"https:\/\/www.organisator.ch\/de\/allgemein\/2018-09-10\/networking-tag-2018-der-fhs-der-gute-koenig-demokratie-auf-dem-pruefstand\/#primaryimage","url":"https:\/\/www.organisator.ch\/wp-content\/uploads\/2018\/09\/Networking-Tag-2018-der-FHS-Der-gute-Koenig-Demokratie-auf-dem-Pruefstand_Organisator.jpg","contentUrl":"https:\/\/www.organisator.ch\/wp-content\/uploads\/2018\/09\/Networking-Tag-2018-der-FHS-Der-gute-Koenig-Demokratie-auf-dem-Pruefstand_Organisator.jpg","width":640,"height":427,"caption":"Das Politpodium am\u00fcsierte: Michael Elsener sorgt f\u00fcr lachende Gesichter bei Andrea Caroni, Diana Gutjahr, Flavia Kleiner und Paul Rechsteiner (ab 2.v.l.), w\u00e4hrend sich Endo Anaconda (links) vor allem dem Publikum widmet. (Bild: Networkingtag)"},{"@type":"BreadcrumbList","@id":"https:\/\/www.organisator.ch\/de\/allgemein\/2018-09-10\/networking-tag-2018-der-fhs-der-gute-koenig-demokratie-auf-dem-pruefstand\/#breadcrumb","itemListElement":[{"@type":"ListItem","position":1,"name":"Home","item":"https:\/\/www.organisator.ch\/"},{"@type":"ListItem","position":2,"name":"Networking-Tag 2018 der FHS: Der gute K\u00f6nig &#8211; Demokratie auf dem Pr\u00fcfstand"}]},{"@type":"WebSite","@id":"https:\/\/www.organisator.ch\/#website","url":"https:\/\/www.organisator.ch\/","name":"Organisateur","description":"Comp\u00e9tence et comp\u00e9tence. Proches de la pratique. L'ORGANISATEUR pr\u00e9pare 10 num\u00e9ros par an sur les th\u00e8mes essentiels pour les dirigeants de PME.","publisher":{"@id":"https:\/\/www.organisator.ch\/#organization"},"potentialAction":[{"@type":"SearchAction","target":{"@type":"EntryPoint","urlTemplate":"https:\/\/www.organisator.ch\/?s={search_term_string}"},"query-input":{"@type":"PropertyValueSpecification","valueRequired":true,"valueName":"search_term_string"}}],"inLanguage":"fr-FR"},{"@type":"Organization","@id":"https:\/\/www.organisator.ch\/#organization","name":"Organisateur","url":"https:\/\/www.organisator.ch\/","logo":{"@type":"ImageObject","inLanguage":"fr-FR","@id":"https:\/\/www.organisator.ch\/#\/schema\/logo\/image\/","url":"https:\/\/www.organisator.ch\/wp-content\/uploads\/2022\/01\/Logo_Organisator_Website.png","contentUrl":"https:\/\/www.organisator.ch\/wp-content\/uploads\/2022\/01\/Logo_Organisator_Website.png","width":800,"height":77,"caption":"Organisator"},"image":{"@id":"https:\/\/www.organisator.ch\/#\/schema\/logo\/image\/"},"sameAs":["https:\/\/www.facebook.com\/OrganisatorFachmagazin","https:\/\/www.linkedin.com\/showcase\/organisator-das-magazin-fr-kmu","https:\/\/www.xing.com\/news\/pages\/organisator-ch-695","https:\/\/www.youtube.com\/channel\/UCGP2Sq0iWaZwT3BdIAQFYpw"]},{"@type":"Person","@id":"https:\/\/www.organisator.ch\/#\/schema\/person\/6f650f90b2842cd4c0cc334b4e36f67e","name":"thomas.berner","image":{"@type":"ImageObject","inLanguage":"fr-FR","@id":"https:\/\/secure.gravatar.com\/avatar\/ac5001d2a36cb6c6cd3e50789007ffca834b477b74a2144564522e944eabff61?s=96&d=mm&r=g","url":"https:\/\/secure.gravatar.com\/avatar\/ac5001d2a36cb6c6cd3e50789007ffca834b477b74a2144564522e944eabff61?s=96&d=mm&r=g","contentUrl":"https:\/\/secure.gravatar.com\/avatar\/ac5001d2a36cb6c6cd3e50789007ffca834b477b74a2144564522e944eabff61?s=96&d=mm&r=g","caption":"thomas.berner"},"url":"https:\/\/www.organisator.ch\/fr\/author\/thomas-berner\/"}]}},"_links":{"self":[{"href":"https:\/\/www.organisator.ch\/fr\/wp-json\/wp\/v2\/posts\/4224","targetHints":{"allow":["GET"]}}],"collection":[{"href":"https:\/\/www.organisator.ch\/fr\/wp-json\/wp\/v2\/posts"}],"about":[{"href":"https:\/\/www.organisator.ch\/fr\/wp-json\/wp\/v2\/types\/post"}],"author":[{"embeddable":true,"href":"https:\/\/www.organisator.ch\/fr\/wp-json\/wp\/v2\/users\/4"}],"replies":[{"embeddable":true,"href":"https:\/\/www.organisator.ch\/fr\/wp-json\/wp\/v2\/comments?post=4224"}],"version-history":[{"count":0,"href":"https:\/\/www.organisator.ch\/fr\/wp-json\/wp\/v2\/posts\/4224\/revisions"}],"wp:featuredmedia":[{"embeddable":true,"href":"https:\/\/www.organisator.ch\/fr\/wp-json\/wp\/v2\/media\/4225"}],"wp:attachment":[{"href":"https:\/\/www.organisator.ch\/fr\/wp-json\/wp\/v2\/media?parent=4224"}],"wp:term":[{"taxonomy":"category","embeddable":true,"href":"https:\/\/www.organisator.ch\/fr\/wp-json\/wp\/v2\/categories?post=4224"},{"taxonomy":"post_tag","embeddable":true,"href":"https:\/\/www.organisator.ch\/fr\/wp-json\/wp\/v2\/tags?post=4224"}],"curies":[{"name":"wp","href":"https:\/\/api.w.org\/{rel}","templated":true}]}}