{"id":42284,"date":"2025-11-26T09:26:57","date_gmt":"2025-11-26T08:26:57","guid":{"rendered":"https:\/\/www.organisator.ch\/?p=42284"},"modified":"2025-11-26T09:26:57","modified_gmt":"2025-11-26T08:26:57","slug":"mem-kmu-zeigen-ausdauer-aber-kein-aufschwung-in-sicht","status":"publish","type":"post","link":"https:\/\/www.organisator.ch\/fr\/management\/2025-11-26\/mem-kmu-zeigen-ausdauer-aber-kein-aufschwung-in-sicht\/","title":{"rendered":"Les PME MEM font preuve de pers\u00e9v\u00e9rance, mais aucune reprise en vue"},"content":{"rendered":"<figure id=\"attachment_42285\" aria-describedby=\"caption-attachment-42285\" style=\"width: 680px\" class=\"wp-caption alignnone\"><img loading=\"lazy\" decoding=\"async\" class=\"size-full wp-image-42285\" src=\"https:\/\/www.organisator.ch\/wp-content\/uploads\/2025\/11\/MEM-KMU-zeigen-Ausdauer-aber-kein-Aufschwung-in-Sicht_Organsiator.jpg\" alt=\"\" width=\"680\" height=\"453\" srcset=\"https:\/\/www.organisator.ch\/wp-content\/uploads\/2025\/11\/MEM-KMU-zeigen-Ausdauer-aber-kein-Aufschwung-in-Sicht_Organsiator.jpg 680w, https:\/\/www.organisator.ch\/wp-content\/uploads\/2025\/11\/MEM-KMU-zeigen-Ausdauer-aber-kein-Aufschwung-in-Sicht_Organsiator-18x12.jpg 18w, https:\/\/www.organisator.ch\/wp-content\/uploads\/2025\/11\/MEM-KMU-zeigen-Ausdauer-aber-kein-Aufschwung-in-Sicht_Organsiator-375x250.jpg 375w, https:\/\/www.organisator.ch\/wp-content\/uploads\/2025\/11\/MEM-KMU-zeigen-Ausdauer-aber-kein-Aufschwung-in-Sicht_Organsiator-525x350.jpg 525w\" sizes=\"auto, (max-width: 680px) 100vw, 680px\" \/><figcaption id=\"caption-attachment-42285\" class=\"wp-caption-text\">Les PME suisses du secteur MEM continuent de lutter, mais aucune reprise n'est en vue pour l'instant. (Photo : Unsplash.com)<\/figcaption><\/figure>\n<p>Les PME du secteur MEM restent sous pression, en raison de la faiblesse de la demande, de la vigueur persistante du franc suisse et des cons\u00e9quences des droits de douane am\u00e9ricains, qui p\u00e8sent lourdement depuis l'\u00e9t\u00e9. L'accord douanier conclu avec les \u00c9tats-Unis apporte certes un certain soulagement, mais au moment de l'enqu\u00eate, les droits de douane \u00e9lev\u00e9s \u00e9taient encore pleinement en vigueur.<\/p>\n<h3>L'\u00e9rosion des marges se poursuit<\/h3>\n<p>Pr\u00e8s de la moiti\u00e9 des entreprises font \u00e9tat d'une baisse des entr\u00e9es de commandes et du chiffre d'affaires. Seule une entreprise sur cinq annonce une augmentation des commandes et du chiffre d'affaires, et seule une PME sur sept fait \u00e9tat d'une hausse des marges. L'\u00e9rosion des marges se poursuit sans rel\u00e2che depuis trois ans d\u00e9j\u00e0 et limite les possibilit\u00e9s d'investissement de nombreuses entreprises. Une entreprise sur quatre doit reporter ses investissements pr\u00e9vus en raison de restrictions financi\u00e8res. La plupart de ces entreprises ne disposent pas des fonds propres n\u00e9cessaires \u00e0 cet effet. \u00ab Nos PME ne sont pas des coureuses de sprint. Elles prouvent depuis des ann\u00e9es qu'elles peuvent tenir la distance, de la crise \u00e9nerg\u00e9tique \u00e0 la pand\u00e9mie en passant par les droits de douane actuels. Mais il faut maintenant des conditions-cadres stables pour que ce marathon ne devienne pas interminable \u00bb, d\u00e9clare Nicola Tettamanti, pr\u00e9sident de Swissmechanic.<\/p>\n<p>Selon Swissmechanic, l'utilisation des capacit\u00e9s reste inf\u00e9rieure \u00e0 la moyenne pluriannuelle. Si 71 % des entreprises ont des commandes pour les quatre prochaines semaines, seul un quart d'entre elles peuvent garantir leur production pendant plus de douze semaines. La proportion d'entreprises recourant au ch\u00f4mage partiel a \u00e9galement augment\u00e9 : actuellement, 21 % d'entre elles ont recours \u00e0 cet instrument, et dans plus de la moiti\u00e9 des cas, cela concerne plus de 40 % des employ\u00e9s.<\/p>\n<h3>Les PME font preuve d'adaptabilit\u00e9<\/h3>\n<p>Malgr\u00e9 ces difficult\u00e9s, de nombreuses PME du secteur MEM font preuve d\u2019une r\u00e9silience et d\u2019une capacit\u00e9 d\u2019adaptation remarquables. Quatre entreprises sur dix ont d\u00e9j\u00e0 mis en \u0153uvre des mesures de stabilisation, allant de l\u2019optimisation des processus et des co\u00fbts \u00e0 la conqu\u00eate de nouveaux march\u00e9s en Europe. Erich Sannemann, directeur de Swissmechanic, souligne : \u00ab Nos membres ont l\u2019esprit d\u2019entreprise, agissent de mani\u00e8re orient\u00e9e vers les solutions et restent innovants, m\u00eame sous pression. Mais sans all\u00e8gements cibl\u00e9s et incitations \u00e0 l'investissement, la comp\u00e9titivit\u00e9 risque de s'\u00e9roder \u00e0 long terme. Il faut maintenant des signaux clairs de la part des milieux politiques et \u00e9conomiques. \u00bb<\/p>\n<p><em>Source : <a href=\"http:\/\/www.swissmechanic.ch\">Swissmechanic<\/a><\/em><\/p>","protected":false},"excerpt":{"rendered":"<p>Trois entreprises sur quatre dans le secteur de l'industrie m\u00e9canique, \u00e9lectrique et m\u00e9tallurgique jugent leur situation actuelle d\u00e9favorable. C'est ce que r\u00e9v\u00e8le le nouveau barom\u00e8tre \u00e9conomique Swissmechanic. <\/p>","protected":false},"author":4,"featured_media":42285,"comment_status":"closed","ping_status":"closed","sticky":false,"template":"","format":"standard","meta":{"_acf_changed":false,"_yoast_wpseo_focuskw":"Aufschwung","_yoast_wpseo_metadesc":"Kein Aufschwung in Sicht: Gem\u00e4ss Swissmechanic beurteilen drei von vier MEM-Unternehmen ihre aktuelle Lage als ung\u00fcnstig.","articlekey":"","footnotes":""},"categories":[28],"tags":[310,335,5506,503,531],"class_list":["post-42284","post","type-post","status-publish","format-standard","has-post-thumbnail","hentry","category-management","tag-konjunktur","tag-management-und-unternehmensfuehrung","tag-mem-industrie","tag-verbaende","tag-wirtschaftspolitik"],"acf":[],"yoast_head":"<!-- This site is optimized with the Yoast SEO plugin v27.5 - https:\/\/yoast.com\/product\/yoast-seo-wordpress\/ -->\n<title>MEM-KMU zeigen Ausdauer, aber kein Aufschwung in Sicht - Organisator<\/title>\n<meta name=\"description\" content=\"Kein Aufschwung in Sicht: Gem\u00e4ss Swissmechanic beurteilen drei von vier MEM-Unternehmen ihre aktuelle Lage als ung\u00fcnstig.\" \/>\n<meta name=\"robots\" content=\"index, follow, max-snippet:-1, max-image-preview:large, max-video-preview:-1\" \/>\n<link rel=\"canonical\" href=\"https:\/\/www.organisator.ch\/fr\/gestion-2\/2025-11-26\/mem-kmu-zeigen-ausdauer-aber-kein-aufschwung-in-sicht\/\" \/>\n<meta property=\"og:locale\" content=\"fr_FR\" \/>\n<meta property=\"og:type\" content=\"article\" \/>\n<meta property=\"og:title\" content=\"MEM-KMU zeigen Ausdauer, aber kein Aufschwung in Sicht\" \/>\n<meta property=\"og:description\" content=\"Kein Aufschwung in Sicht: Gem\u00e4ss Swissmechanic beurteilen drei von vier MEM-Unternehmen ihre aktuelle Lage als ung\u00fcnstig.\" \/>\n<meta property=\"og:url\" content=\"https:\/\/www.organisator.ch\/fr\/gestion-2\/2025-11-26\/mem-kmu-zeigen-ausdauer-aber-kein-aufschwung-in-sicht\/\" \/>\n<meta property=\"og:site_name\" content=\"Organisator\" \/>\n<meta property=\"article:publisher\" content=\"https:\/\/www.facebook.com\/OrganisatorFachmagazin\" \/>\n<meta property=\"article:published_time\" content=\"2025-11-26T08:26:57+00:00\" \/>\n<meta property=\"og:image\" content=\"https:\/\/www.organisator.ch\/wp-content\/uploads\/2025\/11\/MEM-KMU-zeigen-Ausdauer-aber-kein-Aufschwung-in-Sicht_Organsiator.jpg\" \/>\n\t<meta property=\"og:image:width\" content=\"680\" \/>\n\t<meta property=\"og:image:height\" content=\"453\" \/>\n\t<meta property=\"og:image:type\" content=\"image\/jpeg\" \/>\n<meta name=\"author\" content=\"thomas.berner\" \/>\n<meta name=\"twitter:card\" content=\"summary_large_image\" \/>\n<meta name=\"twitter:title\" content=\"#MEM-KMU zeigen #Ausdauer, aber kein #Aufschwung in Sicht\" \/>\n<meta name=\"twitter:description\" content=\"Kein #Aufschwung in Sicht: Gem\u00e4ss #Swissmechanic beurteilen drei von vier #MEM-Unternehmen ihre aktuelle Lage als ung\u00fcnstig.\" \/>\n<meta name=\"twitter:image\" content=\"https:\/\/www.organisator.ch\/wp-content\/uploads\/2025\/11\/MEM-KMU-zeigen-Ausdauer-aber-kein-Aufschwung-in-Sicht_Organsiator.jpg\" \/>\n<script type=\"application\/ld+json\" class=\"yoast-schema-graph\">{\"@context\":\"https:\\\/\\\/schema.org\",\"@graph\":[{\"@type\":\"Article\",\"@id\":\"https:\\\/\\\/www.organisator.ch\\\/management\\\/2025-11-26\\\/mem-kmu-zeigen-ausdauer-aber-kein-aufschwung-in-sicht\\\/#article\",\"isPartOf\":{\"@id\":\"https:\\\/\\\/www.organisator.ch\\\/management\\\/2025-11-26\\\/mem-kmu-zeigen-ausdauer-aber-kein-aufschwung-in-sicht\\\/\"},\"author\":{\"name\":\"thomas.berner\",\"@id\":\"https:\\\/\\\/www.organisator.ch\\\/#\\\/schema\\\/person\\\/6f650f90b2842cd4c0cc334b4e36f67e\"},\"headline\":\"MEM-KMU zeigen Ausdauer, aber kein Aufschwung in Sicht\",\"datePublished\":\"2025-11-26T08:26:57+00:00\",\"mainEntityOfPage\":{\"@id\":\"https:\\\/\\\/www.organisator.ch\\\/management\\\/2025-11-26\\\/mem-kmu-zeigen-ausdauer-aber-kein-aufschwung-in-sicht\\\/\"},\"wordCount\":358,\"publisher\":{\"@id\":\"https:\\\/\\\/www.organisator.ch\\\/#organization\"},\"image\":{\"@id\":\"https:\\\/\\\/www.organisator.ch\\\/management\\\/2025-11-26\\\/mem-kmu-zeigen-ausdauer-aber-kein-aufschwung-in-sicht\\\/#primaryimage\"},\"thumbnailUrl\":\"https:\\\/\\\/www.organisator.ch\\\/wp-content\\\/uploads\\\/2025\\\/11\\\/MEM-KMU-zeigen-Ausdauer-aber-kein-Aufschwung-in-Sicht_Organsiator.jpg\",\"keywords\":[\"Konjunktur\",\"Management und Unternehmensf\u00fchrung\",\"MEM-Industrie\",\"Verb\u00e4nde\",\"Wirtschaftspolitik\"],\"articleSection\":[\"MANAGEMENT\"],\"inLanguage\":\"fr-FR\"},{\"@type\":\"WebPage\",\"@id\":\"https:\\\/\\\/www.organisator.ch\\\/management\\\/2025-11-26\\\/mem-kmu-zeigen-ausdauer-aber-kein-aufschwung-in-sicht\\\/\",\"url\":\"https:\\\/\\\/www.organisator.ch\\\/management\\\/2025-11-26\\\/mem-kmu-zeigen-ausdauer-aber-kein-aufschwung-in-sicht\\\/\",\"name\":\"MEM-KMU zeigen Ausdauer, aber kein Aufschwung in Sicht - Organisator\",\"isPartOf\":{\"@id\":\"https:\\\/\\\/www.organisator.ch\\\/#website\"},\"primaryImageOfPage\":{\"@id\":\"https:\\\/\\\/www.organisator.ch\\\/management\\\/2025-11-26\\\/mem-kmu-zeigen-ausdauer-aber-kein-aufschwung-in-sicht\\\/#primaryimage\"},\"image\":{\"@id\":\"https:\\\/\\\/www.organisator.ch\\\/management\\\/2025-11-26\\\/mem-kmu-zeigen-ausdauer-aber-kein-aufschwung-in-sicht\\\/#primaryimage\"},\"thumbnailUrl\":\"https:\\\/\\\/www.organisator.ch\\\/wp-content\\\/uploads\\\/2025\\\/11\\\/MEM-KMU-zeigen-Ausdauer-aber-kein-Aufschwung-in-Sicht_Organsiator.jpg\",\"datePublished\":\"2025-11-26T08:26:57+00:00\",\"description\":\"Kein Aufschwung in Sicht: Gem\u00e4ss Swissmechanic beurteilen drei von vier MEM-Unternehmen ihre aktuelle Lage als ung\u00fcnstig.\",\"breadcrumb\":{\"@id\":\"https:\\\/\\\/www.organisator.ch\\\/management\\\/2025-11-26\\\/mem-kmu-zeigen-ausdauer-aber-kein-aufschwung-in-sicht\\\/#breadcrumb\"},\"inLanguage\":\"fr-FR\",\"potentialAction\":[{\"@type\":\"ReadAction\",\"target\":[\"https:\\\/\\\/www.organisator.ch\\\/management\\\/2025-11-26\\\/mem-kmu-zeigen-ausdauer-aber-kein-aufschwung-in-sicht\\\/\"]}]},{\"@type\":\"ImageObject\",\"inLanguage\":\"fr-FR\",\"@id\":\"https:\\\/\\\/www.organisator.ch\\\/management\\\/2025-11-26\\\/mem-kmu-zeigen-ausdauer-aber-kein-aufschwung-in-sicht\\\/#primaryimage\",\"url\":\"https:\\\/\\\/www.organisator.ch\\\/wp-content\\\/uploads\\\/2025\\\/11\\\/MEM-KMU-zeigen-Ausdauer-aber-kein-Aufschwung-in-Sicht_Organsiator.jpg\",\"contentUrl\":\"https:\\\/\\\/www.organisator.ch\\\/wp-content\\\/uploads\\\/2025\\\/11\\\/MEM-KMU-zeigen-Ausdauer-aber-kein-Aufschwung-in-Sicht_Organsiator.jpg\",\"width\":680,\"height\":453,\"caption\":\"Die Schweizer MEM-KMU k\u00e4mpfen weiter, doch ein Wiederaufschwung ist vorerst nicht in Sicht. (Bild: Unsplash.com)\"},{\"@type\":\"BreadcrumbList\",\"@id\":\"https:\\\/\\\/www.organisator.ch\\\/management\\\/2025-11-26\\\/mem-kmu-zeigen-ausdauer-aber-kein-aufschwung-in-sicht\\\/#breadcrumb\",\"itemListElement\":[{\"@type\":\"ListItem\",\"position\":1,\"name\":\"Home\",\"item\":\"https:\\\/\\\/www.organisator.ch\\\/\"},{\"@type\":\"ListItem\",\"position\":2,\"name\":\"MEM-KMU zeigen Ausdauer, aber kein Aufschwung in Sicht\"}]},{\"@type\":\"WebSite\",\"@id\":\"https:\\\/\\\/www.organisator.ch\\\/#website\",\"url\":\"https:\\\/\\\/www.organisator.ch\\\/\",\"name\":\"Organisator\",\"description\":\"Kompetent. Praxisnah. Der ORGANISATOR bereitet in 10 Ausgaben pro Jahr die wesentlichen Themen f\u00fcr F\u00fchrungskr\u00e4fte von KMU auf.\",\"publisher\":{\"@id\":\"https:\\\/\\\/www.organisator.ch\\\/#organization\"},\"potentialAction\":[{\"@type\":\"SearchAction\",\"target\":{\"@type\":\"EntryPoint\",\"urlTemplate\":\"https:\\\/\\\/www.organisator.ch\\\/?s={search_term_string}\"},\"query-input\":{\"@type\":\"PropertyValueSpecification\",\"valueRequired\":true,\"valueName\":\"search_term_string\"}}],\"inLanguage\":\"fr-FR\"},{\"@type\":\"Organization\",\"@id\":\"https:\\\/\\\/www.organisator.ch\\\/#organization\",\"name\":\"Organisator\",\"url\":\"https:\\\/\\\/www.organisator.ch\\\/\",\"logo\":{\"@type\":\"ImageObject\",\"inLanguage\":\"fr-FR\",\"@id\":\"https:\\\/\\\/www.organisator.ch\\\/#\\\/schema\\\/logo\\\/image\\\/\",\"url\":\"https:\\\/\\\/www.organisator.ch\\\/wp-content\\\/uploads\\\/2022\\\/01\\\/Logo_Organisator_Website.png\",\"contentUrl\":\"https:\\\/\\\/www.organisator.ch\\\/wp-content\\\/uploads\\\/2022\\\/01\\\/Logo_Organisator_Website.png\",\"width\":800,\"height\":77,\"caption\":\"Organisator\"},\"image\":{\"@id\":\"https:\\\/\\\/www.organisator.ch\\\/#\\\/schema\\\/logo\\\/image\\\/\"},\"sameAs\":[\"https:\\\/\\\/www.facebook.com\\\/OrganisatorFachmagazin\",\"https:\\\/\\\/www.linkedin.com\\\/showcase\\\/organisator-das-magazin-fr-kmu\",\"https:\\\/\\\/www.xing.com\\\/news\\\/pages\\\/organisator-ch-695\",\"https:\\\/\\\/www.youtube.com\\\/channel\\\/UCGP2Sq0iWaZwT3BdIAQFYpw\"]},{\"@type\":\"Person\",\"@id\":\"https:\\\/\\\/www.organisator.ch\\\/#\\\/schema\\\/person\\\/6f650f90b2842cd4c0cc334b4e36f67e\",\"name\":\"thomas.berner\",\"image\":{\"@type\":\"ImageObject\",\"inLanguage\":\"fr-FR\",\"@id\":\"https:\\\/\\\/secure.gravatar.com\\\/avatar\\\/ac5001d2a36cb6c6cd3e50789007ffca834b477b74a2144564522e944eabff61?s=96&d=mm&r=g\",\"url\":\"https:\\\/\\\/secure.gravatar.com\\\/avatar\\\/ac5001d2a36cb6c6cd3e50789007ffca834b477b74a2144564522e944eabff61?s=96&d=mm&r=g\",\"contentUrl\":\"https:\\\/\\\/secure.gravatar.com\\\/avatar\\\/ac5001d2a36cb6c6cd3e50789007ffca834b477b74a2144564522e944eabff61?s=96&d=mm&r=g\",\"caption\":\"thomas.berner\"},\"url\":\"https:\\\/\\\/www.organisator.ch\\\/fr\\\/author\\\/thomas-berner\\\/\"}]}<\/script>\n<!-- \/ Yoast SEO plugin. -->","yoast_head_json":{"title":"Les PME MEM font preuve de pers\u00e9v\u00e9rance, mais aucune reprise en vue - Organisateur","description":"Pas de reprise en vue : selon Swissmechanic, trois entreprises MEM sur quatre jugent leur situation actuelle d\u00e9favorable.","robots":{"index":"index","follow":"follow","max-snippet":"max-snippet:-1","max-image-preview":"max-image-preview:large","max-video-preview":"max-video-preview:-1"},"canonical":"https:\/\/www.organisator.ch\/fr\/gestion-2\/2025-11-26\/mem-kmu-zeigen-ausdauer-aber-kein-aufschwung-in-sicht\/","og_locale":"fr_FR","og_type":"article","og_title":"MEM-KMU zeigen Ausdauer, aber kein Aufschwung in Sicht","og_description":"Kein Aufschwung in Sicht: Gem\u00e4ss Swissmechanic beurteilen drei von vier MEM-Unternehmen ihre aktuelle Lage als ung\u00fcnstig.","og_url":"https:\/\/www.organisator.ch\/fr\/gestion-2\/2025-11-26\/mem-kmu-zeigen-ausdauer-aber-kein-aufschwung-in-sicht\/","og_site_name":"Organisator","article_publisher":"https:\/\/www.facebook.com\/OrganisatorFachmagazin","article_published_time":"2025-11-26T08:26:57+00:00","og_image":[{"width":680,"height":453,"url":"https:\/\/www.organisator.ch\/wp-content\/uploads\/2025\/11\/MEM-KMU-zeigen-Ausdauer-aber-kein-Aufschwung-in-Sicht_Organsiator.jpg","type":"image\/jpeg"}],"author":"thomas.berner","twitter_card":"summary_large_image","twitter_title":"#MEM-KMU zeigen #Ausdauer, aber kein #Aufschwung in Sicht","twitter_description":"Kein #Aufschwung in Sicht: Gem\u00e4ss #Swissmechanic beurteilen drei von vier #MEM-Unternehmen ihre aktuelle Lage als ung\u00fcnstig.","twitter_image":"https:\/\/www.organisator.ch\/wp-content\/uploads\/2025\/11\/MEM-KMU-zeigen-Ausdauer-aber-kein-Aufschwung-in-Sicht_Organsiator.jpg","schema":{"@context":"https:\/\/schema.org","@graph":[{"@type":"Article","@id":"https:\/\/www.organisator.ch\/management\/2025-11-26\/mem-kmu-zeigen-ausdauer-aber-kein-aufschwung-in-sicht\/#article","isPartOf":{"@id":"https:\/\/www.organisator.ch\/management\/2025-11-26\/mem-kmu-zeigen-ausdauer-aber-kein-aufschwung-in-sicht\/"},"author":{"name":"thomas.berner","@id":"https:\/\/www.organisator.ch\/#\/schema\/person\/6f650f90b2842cd4c0cc334b4e36f67e"},"headline":"MEM-KMU zeigen Ausdauer, aber kein Aufschwung in Sicht","datePublished":"2025-11-26T08:26:57+00:00","mainEntityOfPage":{"@id":"https:\/\/www.organisator.ch\/management\/2025-11-26\/mem-kmu-zeigen-ausdauer-aber-kein-aufschwung-in-sicht\/"},"wordCount":358,"publisher":{"@id":"https:\/\/www.organisator.ch\/#organization"},"image":{"@id":"https:\/\/www.organisator.ch\/management\/2025-11-26\/mem-kmu-zeigen-ausdauer-aber-kein-aufschwung-in-sicht\/#primaryimage"},"thumbnailUrl":"https:\/\/www.organisator.ch\/wp-content\/uploads\/2025\/11\/MEM-KMU-zeigen-Ausdauer-aber-kein-Aufschwung-in-Sicht_Organsiator.jpg","keywords":["Konjunktur","Management und Unternehmensf\u00fchrung","MEM-Industrie","Verb\u00e4nde","Wirtschaftspolitik"],"articleSection":["MANAGEMENT"],"inLanguage":"fr-FR"},{"@type":"WebPage","@id":"https:\/\/www.organisator.ch\/management\/2025-11-26\/mem-kmu-zeigen-ausdauer-aber-kein-aufschwung-in-sicht\/","url":"https:\/\/www.organisator.ch\/management\/2025-11-26\/mem-kmu-zeigen-ausdauer-aber-kein-aufschwung-in-sicht\/","name":"Les PME MEM font preuve de pers\u00e9v\u00e9rance, mais aucune reprise en vue - Organisateur","isPartOf":{"@id":"https:\/\/www.organisator.ch\/#website"},"primaryImageOfPage":{"@id":"https:\/\/www.organisator.ch\/management\/2025-11-26\/mem-kmu-zeigen-ausdauer-aber-kein-aufschwung-in-sicht\/#primaryimage"},"image":{"@id":"https:\/\/www.organisator.ch\/management\/2025-11-26\/mem-kmu-zeigen-ausdauer-aber-kein-aufschwung-in-sicht\/#primaryimage"},"thumbnailUrl":"https:\/\/www.organisator.ch\/wp-content\/uploads\/2025\/11\/MEM-KMU-zeigen-Ausdauer-aber-kein-Aufschwung-in-Sicht_Organsiator.jpg","datePublished":"2025-11-26T08:26:57+00:00","description":"Pas de reprise en vue : selon Swissmechanic, trois entreprises MEM sur quatre jugent leur situation actuelle d\u00e9favorable.","breadcrumb":{"@id":"https:\/\/www.organisator.ch\/management\/2025-11-26\/mem-kmu-zeigen-ausdauer-aber-kein-aufschwung-in-sicht\/#breadcrumb"},"inLanguage":"fr-FR","potentialAction":[{"@type":"ReadAction","target":["https:\/\/www.organisator.ch\/management\/2025-11-26\/mem-kmu-zeigen-ausdauer-aber-kein-aufschwung-in-sicht\/"]}]},{"@type":"ImageObject","inLanguage":"fr-FR","@id":"https:\/\/www.organisator.ch\/management\/2025-11-26\/mem-kmu-zeigen-ausdauer-aber-kein-aufschwung-in-sicht\/#primaryimage","url":"https:\/\/www.organisator.ch\/wp-content\/uploads\/2025\/11\/MEM-KMU-zeigen-Ausdauer-aber-kein-Aufschwung-in-Sicht_Organsiator.jpg","contentUrl":"https:\/\/www.organisator.ch\/wp-content\/uploads\/2025\/11\/MEM-KMU-zeigen-Ausdauer-aber-kein-Aufschwung-in-Sicht_Organsiator.jpg","width":680,"height":453,"caption":"Die Schweizer MEM-KMU k\u00e4mpfen weiter, doch ein Wiederaufschwung ist vorerst nicht in Sicht. (Bild: Unsplash.com)"},{"@type":"BreadcrumbList","@id":"https:\/\/www.organisator.ch\/management\/2025-11-26\/mem-kmu-zeigen-ausdauer-aber-kein-aufschwung-in-sicht\/#breadcrumb","itemListElement":[{"@type":"ListItem","position":1,"name":"Home","item":"https:\/\/www.organisator.ch\/"},{"@type":"ListItem","position":2,"name":"MEM-KMU zeigen Ausdauer, aber kein Aufschwung in Sicht"}]},{"@type":"WebSite","@id":"https:\/\/www.organisator.ch\/#website","url":"https:\/\/www.organisator.ch\/","name":"Organisateur","description":"Comp\u00e9tence et comp\u00e9tence. Proches de la pratique. L'ORGANISATEUR pr\u00e9pare 10 num\u00e9ros par an sur les th\u00e8mes essentiels pour les dirigeants de PME.","publisher":{"@id":"https:\/\/www.organisator.ch\/#organization"},"potentialAction":[{"@type":"SearchAction","target":{"@type":"EntryPoint","urlTemplate":"https:\/\/www.organisator.ch\/?s={search_term_string}"},"query-input":{"@type":"PropertyValueSpecification","valueRequired":true,"valueName":"search_term_string"}}],"inLanguage":"fr-FR"},{"@type":"Organization","@id":"https:\/\/www.organisator.ch\/#organization","name":"Organisateur","url":"https:\/\/www.organisator.ch\/","logo":{"@type":"ImageObject","inLanguage":"fr-FR","@id":"https:\/\/www.organisator.ch\/#\/schema\/logo\/image\/","url":"https:\/\/www.organisator.ch\/wp-content\/uploads\/2022\/01\/Logo_Organisator_Website.png","contentUrl":"https:\/\/www.organisator.ch\/wp-content\/uploads\/2022\/01\/Logo_Organisator_Website.png","width":800,"height":77,"caption":"Organisator"},"image":{"@id":"https:\/\/www.organisator.ch\/#\/schema\/logo\/image\/"},"sameAs":["https:\/\/www.facebook.com\/OrganisatorFachmagazin","https:\/\/www.linkedin.com\/showcase\/organisator-das-magazin-fr-kmu","https:\/\/www.xing.com\/news\/pages\/organisator-ch-695","https:\/\/www.youtube.com\/channel\/UCGP2Sq0iWaZwT3BdIAQFYpw"]},{"@type":"Person","@id":"https:\/\/www.organisator.ch\/#\/schema\/person\/6f650f90b2842cd4c0cc334b4e36f67e","name":"thomas.berner","image":{"@type":"ImageObject","inLanguage":"fr-FR","@id":"https:\/\/secure.gravatar.com\/avatar\/ac5001d2a36cb6c6cd3e50789007ffca834b477b74a2144564522e944eabff61?s=96&d=mm&r=g","url":"https:\/\/secure.gravatar.com\/avatar\/ac5001d2a36cb6c6cd3e50789007ffca834b477b74a2144564522e944eabff61?s=96&d=mm&r=g","contentUrl":"https:\/\/secure.gravatar.com\/avatar\/ac5001d2a36cb6c6cd3e50789007ffca834b477b74a2144564522e944eabff61?s=96&d=mm&r=g","caption":"thomas.berner"},"url":"https:\/\/www.organisator.ch\/fr\/author\/thomas-berner\/"}]}},"_links":{"self":[{"href":"https:\/\/www.organisator.ch\/fr\/wp-json\/wp\/v2\/posts\/42284","targetHints":{"allow":["GET"]}}],"collection":[{"href":"https:\/\/www.organisator.ch\/fr\/wp-json\/wp\/v2\/posts"}],"about":[{"href":"https:\/\/www.organisator.ch\/fr\/wp-json\/wp\/v2\/types\/post"}],"author":[{"embeddable":true,"href":"https:\/\/www.organisator.ch\/fr\/wp-json\/wp\/v2\/users\/4"}],"replies":[{"embeddable":true,"href":"https:\/\/www.organisator.ch\/fr\/wp-json\/wp\/v2\/comments?post=42284"}],"version-history":[{"count":4,"href":"https:\/\/www.organisator.ch\/fr\/wp-json\/wp\/v2\/posts\/42284\/revisions"}],"predecessor-version":[{"id":42336,"href":"https:\/\/www.organisator.ch\/fr\/wp-json\/wp\/v2\/posts\/42284\/revisions\/42336"}],"wp:featuredmedia":[{"embeddable":true,"href":"https:\/\/www.organisator.ch\/fr\/wp-json\/wp\/v2\/media\/42285"}],"wp:attachment":[{"href":"https:\/\/www.organisator.ch\/fr\/wp-json\/wp\/v2\/media?parent=42284"}],"wp:term":[{"taxonomy":"category","embeddable":true,"href":"https:\/\/www.organisator.ch\/fr\/wp-json\/wp\/v2\/categories?post=42284"},{"taxonomy":"post_tag","embeddable":true,"href":"https:\/\/www.organisator.ch\/fr\/wp-json\/wp\/v2\/tags?post=42284"}],"curies":[{"name":"wp","href":"https:\/\/api.w.org\/{rel}","templated":true}]}}