{"id":42311,"date":"2025-11-27T15:46:30","date_gmt":"2025-11-27T14:46:30","guid":{"rendered":"https:\/\/www.organisator.ch\/?p=42311"},"modified":"2026-01-12T16:24:35","modified_gmt":"2026-01-12T15:24:35","slug":"warum-top-leader-weniger-fenster-offen-haben","status":"publish","type":"post","link":"https:\/\/www.organisator.ch\/fr\/management\/2025-11-27\/warum-top-leader-weniger-fenster-offen-haben\/","title":{"rendered":"Pourquoi les grands dirigeants ont moins de \u00ab fen\u00eatres \u00bb ouvertes"},"content":{"rendered":"<figure id=\"attachment_42313\" aria-describedby=\"caption-attachment-42313\" style=\"width: 680px\" class=\"wp-caption alignnone\"><img loading=\"lazy\" decoding=\"async\" class=\"size-full wp-image-42313\" src=\"https:\/\/www.organisator.ch\/wp-content\/uploads\/2025\/11\/Warum-Top-Leader-weniger-Fenster-offen-haben_Organisator.jpg\" alt=\"\" width=\"680\" height=\"453\" srcset=\"https:\/\/www.organisator.ch\/wp-content\/uploads\/2025\/11\/Warum-Top-Leader-weniger-Fenster-offen-haben_Organisator.jpg 680w, https:\/\/www.organisator.ch\/wp-content\/uploads\/2025\/11\/Warum-Top-Leader-weniger-Fenster-offen-haben_Organisator-18x12.jpg 18w, https:\/\/www.organisator.ch\/wp-content\/uploads\/2025\/11\/Warum-Top-Leader-weniger-Fenster-offen-haben_Organisator-375x250.jpg 375w, https:\/\/www.organisator.ch\/wp-content\/uploads\/2025\/11\/Warum-Top-Leader-weniger-Fenster-offen-haben_Organisator-525x350.jpg 525w\" sizes=\"auto, (max-width: 680px) 100vw, 680px\" \/><figcaption id=\"caption-attachment-42313\" class=\"wp-caption-text\">Trop de fen\u00eatres ouvertes : c'est aussi ce que pensent de nombreux cadres dirigeants. (Image : Depositphotos.com)<\/figcaption><\/figure>\n<p>Des articles sp\u00e9cialis\u00e9s que l'on voulait \u00ab absolument lire \u00bb. Des outils que l'on voulait \u00ab essayer imm\u00e9diatement \u00bb. Et bien s\u00fbr, plusieurs fils de discussion par e-mail que l'on a laiss\u00e9s ouverts \u00ab juste un instant \u00bb... Le sentiment ? Tout est important en m\u00eame temps. Et en m\u00eame temps, rien ne l'est. C'est ainsi que se pr\u00e9sente le quotidien de nombreux cadres sup\u00e9rieurs, non seulement dans leur navigateur, mais aussi dans leur t\u00eate.<\/p>\n<h3>La diff\u00e9rence avec les leaders de haut niveau<\/h3>\n<p>Les projets avancent en parall\u00e8le. Les demandes affluent. Les r\u00e9unions prennent du temps. Au final, on se sent occup\u00e9, mais pas forc\u00e9ment efficace. Ce n'est pas un probl\u00e8me anodin. En effet, la dispersion est l'un des principaux freins \u00e0 la performance dans le domaine du leadership.<\/p>\n<ul>\n<li>Il consomme de l'\u00e9nergie. Chaque onglet ouvert dans votre esprit mobilise des capacit\u00e9s mentales, m\u00eame si vous ne travaillez pas dessus \u00e0 ce moment-l\u00e0.<\/li>\n<li>Elle emp\u00eache la clart\u00e9. Votre \u00e9quipe ne sait pas sur quoi se concentrer si vous restez vous-m\u00eame vague.<\/li>\n<li>Elle bloque l'\u00e9lan. Au lieu d'avancer, vous tournez en rond autour de d\u00e9tails insignifiants.<\/li>\n<\/ul>\n<p>Je vois cela tout le temps chez les cadres ambitieux qui se mettent eux-m\u00eames des b\u00e2tons dans les roues. Ils travaillent dur, sont constamment \u00ab occup\u00e9s \u00bb et s'\u00e9tonnent ensuite que les grandes perc\u00e9es ne se produisent pas.<\/p>\n<p>C'est pr\u00e9cis\u00e9ment l\u00e0 que les meilleurs leaders se distinguent :<\/p>\n<ul>\n<li>Vous vous accordez moins de \u00ab fen\u00eatres \u00bb ouvertes. Vous r\u00e9duisez consciemment \u2013 dans votre t\u00eate, dans votre agenda, dans votre liste de priorit\u00e9s.<\/li>\n<li>Chaque jour, vous d\u00e9finissez clairement les 1 \u00e0 2 th\u00e8mes qui feront la diff\u00e9rence aujourd'hui.<\/li>\n<li>Ils responsabilisent leur \u00e9quipe. Tout ne passe pas par eux, bien au contraire. Ils clarifient les choses pour les autres et d\u00e9l\u00e8guent les responsabilit\u00e9s.<\/li>\n<\/ul>\n<h3>Fermer les onglets dans l'en-t\u00eate<\/h3>\n<p>Et c'est pr\u00e9cis\u00e9ment l\u00e0 que je constate sans cesse la m\u00eame erreur dans mes projets strat\u00e9giques : la direction d\u00e9marre la nouvelle ann\u00e9e pleine d'\u00e9nergie, avec une demi-douzaine, voire parfois jusqu'\u00e0 15 initiatives. Tout semble judicieux. Mais apr\u00e8s peu de temps, l'\u00e9nergie s'\u00e9vapore. Rien n'est vraiment men\u00e9 \u00e0 bien, les gens se dispersent.<\/p>\n<p>Voici trois questions d\u00e9rangeantes que vous devriez n\u00e9anmoins (ou justement pour cette raison) vous poser r\u00e9guli\u00e8rement en tant que cadre exp\u00e9riment\u00e9 :<\/p>\n<ul>\n<li>Quels sont les 1 ou 2 onglets ouverts (th\u00e8mes, projets) qui sont vraiment d\u00e9terminants pour votre r\u00e9ussite ?<\/li>\n<li>Quelles \u00ab fen\u00eatres \u00bb devriez-vous fermer syst\u00e9matiquement, m\u00eame si cela vous co\u00fbte ?<\/li>\n<li>\u00c0 qui, au sein de votre \u00e9quipe, pouvez-vous d\u00e9l\u00e9guer des responsabilit\u00e9s afin de lib\u00e9rer votre \u00ab page d'accueil \u00bb ?<\/li>\n<\/ul>\n<p>Conclusion : le succ\u00e8s en mati\u00e8re de leadership ne r\u00e9sulte pas d'une activit\u00e9 accrue, mais d'une clart\u00e9 cibl\u00e9e. Il s'agit de fermer consciemment les onglets, tant dans le navigateur que dans la t\u00eate. C'est la seule fa\u00e7on de cr\u00e9er de la concentration, de l'\u00e9lan et, au final, du progr\u00e8s.<\/p>\n<p><i><strong>Vers l'auteur :<\/strong><br \/>\n<\/i><em>Volkmar V\u00f6lzke est un maximisateur de succ\u00e8s. Auteur de livres. Conseiller et consultant. Coach de formation. Orateur.\u00a0<a href=\"http:\/\/www.volkmarvoelzke.ch\/\">www.volkmarvoelzke.ch<\/a><\/em><\/p>","protected":false},"excerpt":{"rendered":"<p>Vous connaissez \u00e7a ? Vous ouvrez votre ordinateur portable et vous tombez sur 27 onglets ouverts dans votre navigateur. Un v\u00e9ritable patchwork num\u00e9rique ! Une nouvelle impulsion pour r\u00e9ussir et lutter contre la dispersion excessive dans le quotidien des cadres dirigeants.<\/p>","protected":false},"author":4,"featured_media":42313,"comment_status":"closed","ping_status":"closed","sticky":false,"template":"","format":"standard","meta":{"_acf_changed":false,"_yoast_wpseo_focuskw":"Top-Leader","_yoast_wpseo_metadesc":"Man klappt den Laptop auf, und es empfangen einen 27 ge\u00f6ffnete Tabs im Browser. Ein Erfolgs-Impuls gegen (digitale) F\u00fchrungs-Flickenteppiche.","articlekey":"","footnotes":""},"categories":[28],"tags":[177,320,335,429],"class_list":["post-42311","post","type-post","status-publish","format-standard","has-post-thumbnail","hentry","category-management","tag-erfolgs-impuls","tag-leadership","tag-management-und-unternehmensfuehrung","tag-selbstmanagement"],"acf":[],"yoast_head":"<!-- This site is optimized with the Yoast SEO plugin v27.5 - https:\/\/yoast.com\/product\/yoast-seo-wordpress\/ -->\n<title>Warum Top-Leader weniger \u00abFenster\u00bb offen haben - Organisator<\/title>\n<meta name=\"description\" content=\"Man klappt den Laptop auf, und es empfangen einen 27 ge\u00f6ffnete Tabs im Browser. Ein Erfolgs-Impuls gegen (digitale) F\u00fchrungs-Flickenteppiche.\" \/>\n<meta name=\"robots\" content=\"index, follow, max-snippet:-1, max-image-preview:large, max-video-preview:-1\" \/>\n<link rel=\"canonical\" href=\"https:\/\/www.organisator.ch\/fr\/gestion-2\/2025-11-27\/warum-top-leader-weniger-fenster-offen-haben\/\" \/>\n<meta property=\"og:locale\" content=\"fr_FR\" \/>\n<meta property=\"og:type\" content=\"article\" \/>\n<meta property=\"og:title\" content=\"Warum Top-Leader weniger \u00abFenster\u00bb offen haben\" \/>\n<meta property=\"og:description\" content=\"Man klappt den Laptop auf, und es empfangen einen 27 ge\u00f6ffnete Tabs im Browser. Ein Erfolgs-Impuls gegen (digitale) F\u00fchrungs-Flickenteppiche.\" \/>\n<meta property=\"og:url\" content=\"https:\/\/www.organisator.ch\/fr\/gestion-2\/2025-11-27\/warum-top-leader-weniger-fenster-offen-haben\/\" \/>\n<meta property=\"og:site_name\" content=\"Organisator\" \/>\n<meta property=\"article:publisher\" content=\"https:\/\/www.facebook.com\/OrganisatorFachmagazin\" \/>\n<meta property=\"article:published_time\" content=\"2025-11-27T14:46:30+00:00\" \/>\n<meta property=\"article:modified_time\" content=\"2026-01-12T15:24:35+00:00\" \/>\n<meta property=\"og:image\" content=\"https:\/\/www.organisator.ch\/wp-content\/uploads\/2025\/11\/Warum-Top-Leader-weniger-Fenster-offen-haben_Organisator.jpg\" \/>\n\t<meta property=\"og:image:width\" content=\"680\" \/>\n\t<meta property=\"og:image:height\" content=\"453\" \/>\n\t<meta property=\"og:image:type\" content=\"image\/jpeg\" \/>\n<meta name=\"author\" content=\"thomas.berner\" \/>\n<meta name=\"twitter:card\" content=\"summary_large_image\" \/>\n<meta name=\"twitter:title\" content=\"Warum #Top-Leader weniger \u00abFenster\u00bb offen haben\" \/>\n<meta name=\"twitter:description\" content=\"Man klappt den #Laptop auf, und es empfangen einen 27 ge\u00f6ffnete Tabs im Browser. Ein #Erfolgs-Impuls gegen (digitale) #F\u00fchrungs-Flickenteppiche.\" \/>\n<meta name=\"twitter:image\" content=\"https:\/\/www.organisator.ch\/wp-content\/uploads\/2025\/11\/Warum-Top-Leader-weniger-Fenster-offen-haben_Organisator.jpg\" \/>\n<script type=\"application\/ld+json\" class=\"yoast-schema-graph\">{\"@context\":\"https:\\\/\\\/schema.org\",\"@graph\":[{\"@type\":\"Article\",\"@id\":\"https:\\\/\\\/www.organisator.ch\\\/management\\\/2025-11-27\\\/warum-top-leader-weniger-fenster-offen-haben\\\/#article\",\"isPartOf\":{\"@id\":\"https:\\\/\\\/www.organisator.ch\\\/management\\\/2025-11-27\\\/warum-top-leader-weniger-fenster-offen-haben\\\/\"},\"author\":{\"name\":\"thomas.berner\",\"@id\":\"https:\\\/\\\/www.organisator.ch\\\/#\\\/schema\\\/person\\\/6f650f90b2842cd4c0cc334b4e36f67e\"},\"headline\":\"Warum Top-Leader weniger \u00abFenster\u00bb offen haben\",\"datePublished\":\"2025-11-27T14:46:30+00:00\",\"dateModified\":\"2026-01-12T15:24:35+00:00\",\"mainEntityOfPage\":{\"@id\":\"https:\\\/\\\/www.organisator.ch\\\/management\\\/2025-11-27\\\/warum-top-leader-weniger-fenster-offen-haben\\\/\"},\"wordCount\":421,\"publisher\":{\"@id\":\"https:\\\/\\\/www.organisator.ch\\\/#organization\"},\"image\":{\"@id\":\"https:\\\/\\\/www.organisator.ch\\\/management\\\/2025-11-27\\\/warum-top-leader-weniger-fenster-offen-haben\\\/#primaryimage\"},\"thumbnailUrl\":\"https:\\\/\\\/www.organisator.ch\\\/wp-content\\\/uploads\\\/2025\\\/11\\\/Warum-Top-Leader-weniger-Fenster-offen-haben_Organisator.jpg\",\"keywords\":[\"Erfolgs-Impuls\",\"Leadership\",\"Management und Unternehmensf\u00fchrung\",\"Selbstmanagement\"],\"articleSection\":[\"MANAGEMENT\"],\"inLanguage\":\"fr-FR\"},{\"@type\":\"WebPage\",\"@id\":\"https:\\\/\\\/www.organisator.ch\\\/management\\\/2025-11-27\\\/warum-top-leader-weniger-fenster-offen-haben\\\/\",\"url\":\"https:\\\/\\\/www.organisator.ch\\\/management\\\/2025-11-27\\\/warum-top-leader-weniger-fenster-offen-haben\\\/\",\"name\":\"Warum Top-Leader weniger \u00abFenster\u00bb offen haben - Organisator\",\"isPartOf\":{\"@id\":\"https:\\\/\\\/www.organisator.ch\\\/#website\"},\"primaryImageOfPage\":{\"@id\":\"https:\\\/\\\/www.organisator.ch\\\/management\\\/2025-11-27\\\/warum-top-leader-weniger-fenster-offen-haben\\\/#primaryimage\"},\"image\":{\"@id\":\"https:\\\/\\\/www.organisator.ch\\\/management\\\/2025-11-27\\\/warum-top-leader-weniger-fenster-offen-haben\\\/#primaryimage\"},\"thumbnailUrl\":\"https:\\\/\\\/www.organisator.ch\\\/wp-content\\\/uploads\\\/2025\\\/11\\\/Warum-Top-Leader-weniger-Fenster-offen-haben_Organisator.jpg\",\"datePublished\":\"2025-11-27T14:46:30+00:00\",\"dateModified\":\"2026-01-12T15:24:35+00:00\",\"description\":\"Man klappt den Laptop auf, und es empfangen einen 27 ge\u00f6ffnete Tabs im Browser. Ein Erfolgs-Impuls gegen (digitale) F\u00fchrungs-Flickenteppiche.\",\"breadcrumb\":{\"@id\":\"https:\\\/\\\/www.organisator.ch\\\/management\\\/2025-11-27\\\/warum-top-leader-weniger-fenster-offen-haben\\\/#breadcrumb\"},\"inLanguage\":\"fr-FR\",\"potentialAction\":[{\"@type\":\"ReadAction\",\"target\":[\"https:\\\/\\\/www.organisator.ch\\\/management\\\/2025-11-27\\\/warum-top-leader-weniger-fenster-offen-haben\\\/\"]}]},{\"@type\":\"ImageObject\",\"inLanguage\":\"fr-FR\",\"@id\":\"https:\\\/\\\/www.organisator.ch\\\/management\\\/2025-11-27\\\/warum-top-leader-weniger-fenster-offen-haben\\\/#primaryimage\",\"url\":\"https:\\\/\\\/www.organisator.ch\\\/wp-content\\\/uploads\\\/2025\\\/11\\\/Warum-Top-Leader-weniger-Fenster-offen-haben_Organisator.jpg\",\"contentUrl\":\"https:\\\/\\\/www.organisator.ch\\\/wp-content\\\/uploads\\\/2025\\\/11\\\/Warum-Top-Leader-weniger-Fenster-offen-haben_Organisator.jpg\",\"width\":680,\"height\":453,\"caption\":\"Zu viele offene Fenster: So sieht es auch in vielen K\u00f6pfen von F\u00fchrungskr\u00e4ften aus. (Bild: Depositphotos.com)\"},{\"@type\":\"BreadcrumbList\",\"@id\":\"https:\\\/\\\/www.organisator.ch\\\/management\\\/2025-11-27\\\/warum-top-leader-weniger-fenster-offen-haben\\\/#breadcrumb\",\"itemListElement\":[{\"@type\":\"ListItem\",\"position\":1,\"name\":\"Home\",\"item\":\"https:\\\/\\\/www.organisator.ch\\\/\"},{\"@type\":\"ListItem\",\"position\":2,\"name\":\"Warum Top-Leader weniger \u00abFenster\u00bb offen haben\"}]},{\"@type\":\"WebSite\",\"@id\":\"https:\\\/\\\/www.organisator.ch\\\/#website\",\"url\":\"https:\\\/\\\/www.organisator.ch\\\/\",\"name\":\"Organisator\",\"description\":\"Kompetent. Praxisnah. Der ORGANISATOR bereitet in 10 Ausgaben pro Jahr die wesentlichen Themen f\u00fcr F\u00fchrungskr\u00e4fte von KMU auf.\",\"publisher\":{\"@id\":\"https:\\\/\\\/www.organisator.ch\\\/#organization\"},\"potentialAction\":[{\"@type\":\"SearchAction\",\"target\":{\"@type\":\"EntryPoint\",\"urlTemplate\":\"https:\\\/\\\/www.organisator.ch\\\/?s={search_term_string}\"},\"query-input\":{\"@type\":\"PropertyValueSpecification\",\"valueRequired\":true,\"valueName\":\"search_term_string\"}}],\"inLanguage\":\"fr-FR\"},{\"@type\":\"Organization\",\"@id\":\"https:\\\/\\\/www.organisator.ch\\\/#organization\",\"name\":\"Organisator\",\"url\":\"https:\\\/\\\/www.organisator.ch\\\/\",\"logo\":{\"@type\":\"ImageObject\",\"inLanguage\":\"fr-FR\",\"@id\":\"https:\\\/\\\/www.organisator.ch\\\/#\\\/schema\\\/logo\\\/image\\\/\",\"url\":\"https:\\\/\\\/www.organisator.ch\\\/wp-content\\\/uploads\\\/2022\\\/01\\\/Logo_Organisator_Website.png\",\"contentUrl\":\"https:\\\/\\\/www.organisator.ch\\\/wp-content\\\/uploads\\\/2022\\\/01\\\/Logo_Organisator_Website.png\",\"width\":800,\"height\":77,\"caption\":\"Organisator\"},\"image\":{\"@id\":\"https:\\\/\\\/www.organisator.ch\\\/#\\\/schema\\\/logo\\\/image\\\/\"},\"sameAs\":[\"https:\\\/\\\/www.facebook.com\\\/OrganisatorFachmagazin\",\"https:\\\/\\\/www.linkedin.com\\\/showcase\\\/organisator-das-magazin-fr-kmu\",\"https:\\\/\\\/www.xing.com\\\/news\\\/pages\\\/organisator-ch-695\",\"https:\\\/\\\/www.youtube.com\\\/channel\\\/UCGP2Sq0iWaZwT3BdIAQFYpw\"]},{\"@type\":\"Person\",\"@id\":\"https:\\\/\\\/www.organisator.ch\\\/#\\\/schema\\\/person\\\/6f650f90b2842cd4c0cc334b4e36f67e\",\"name\":\"thomas.berner\",\"image\":{\"@type\":\"ImageObject\",\"inLanguage\":\"fr-FR\",\"@id\":\"https:\\\/\\\/secure.gravatar.com\\\/avatar\\\/ac5001d2a36cb6c6cd3e50789007ffca834b477b74a2144564522e944eabff61?s=96&d=mm&r=g\",\"url\":\"https:\\\/\\\/secure.gravatar.com\\\/avatar\\\/ac5001d2a36cb6c6cd3e50789007ffca834b477b74a2144564522e944eabff61?s=96&d=mm&r=g\",\"contentUrl\":\"https:\\\/\\\/secure.gravatar.com\\\/avatar\\\/ac5001d2a36cb6c6cd3e50789007ffca834b477b74a2144564522e944eabff61?s=96&d=mm&r=g\",\"caption\":\"thomas.berner\"},\"url\":\"https:\\\/\\\/www.organisator.ch\\\/fr\\\/author\\\/thomas-berner\\\/\"}]}<\/script>\n<!-- \/ Yoast SEO plugin. -->","yoast_head_json":{"title":"Pourquoi les grands leaders ont moins de \u00ab fen\u00eatres \u00bb ouvertes - Organisateur","description":"On ouvre son ordinateur portable et on se retrouve face \u00e0 27 onglets ouverts dans le navigateur. Une impulsion r\u00e9ussie contre les mosa\u00efques (num\u00e9riques) disparates.","robots":{"index":"index","follow":"follow","max-snippet":"max-snippet:-1","max-image-preview":"max-image-preview:large","max-video-preview":"max-video-preview:-1"},"canonical":"https:\/\/www.organisator.ch\/fr\/gestion-2\/2025-11-27\/warum-top-leader-weniger-fenster-offen-haben\/","og_locale":"fr_FR","og_type":"article","og_title":"Warum Top-Leader weniger \u00abFenster\u00bb offen haben","og_description":"Man klappt den Laptop auf, und es empfangen einen 27 ge\u00f6ffnete Tabs im Browser. Ein Erfolgs-Impuls gegen (digitale) F\u00fchrungs-Flickenteppiche.","og_url":"https:\/\/www.organisator.ch\/fr\/gestion-2\/2025-11-27\/warum-top-leader-weniger-fenster-offen-haben\/","og_site_name":"Organisator","article_publisher":"https:\/\/www.facebook.com\/OrganisatorFachmagazin","article_published_time":"2025-11-27T14:46:30+00:00","article_modified_time":"2026-01-12T15:24:35+00:00","og_image":[{"width":680,"height":453,"url":"https:\/\/www.organisator.ch\/wp-content\/uploads\/2025\/11\/Warum-Top-Leader-weniger-Fenster-offen-haben_Organisator.jpg","type":"image\/jpeg"}],"author":"thomas.berner","twitter_card":"summary_large_image","twitter_title":"Warum #Top-Leader weniger \u00abFenster\u00bb offen haben","twitter_description":"Man klappt den #Laptop auf, und es empfangen einen 27 ge\u00f6ffnete Tabs im Browser. Ein #Erfolgs-Impuls gegen (digitale) #F\u00fchrungs-Flickenteppiche.","twitter_image":"https:\/\/www.organisator.ch\/wp-content\/uploads\/2025\/11\/Warum-Top-Leader-weniger-Fenster-offen-haben_Organisator.jpg","schema":{"@context":"https:\/\/schema.org","@graph":[{"@type":"Article","@id":"https:\/\/www.organisator.ch\/management\/2025-11-27\/warum-top-leader-weniger-fenster-offen-haben\/#article","isPartOf":{"@id":"https:\/\/www.organisator.ch\/management\/2025-11-27\/warum-top-leader-weniger-fenster-offen-haben\/"},"author":{"name":"thomas.berner","@id":"https:\/\/www.organisator.ch\/#\/schema\/person\/6f650f90b2842cd4c0cc334b4e36f67e"},"headline":"Warum Top-Leader weniger \u00abFenster\u00bb offen haben","datePublished":"2025-11-27T14:46:30+00:00","dateModified":"2026-01-12T15:24:35+00:00","mainEntityOfPage":{"@id":"https:\/\/www.organisator.ch\/management\/2025-11-27\/warum-top-leader-weniger-fenster-offen-haben\/"},"wordCount":421,"publisher":{"@id":"https:\/\/www.organisator.ch\/#organization"},"image":{"@id":"https:\/\/www.organisator.ch\/management\/2025-11-27\/warum-top-leader-weniger-fenster-offen-haben\/#primaryimage"},"thumbnailUrl":"https:\/\/www.organisator.ch\/wp-content\/uploads\/2025\/11\/Warum-Top-Leader-weniger-Fenster-offen-haben_Organisator.jpg","keywords":["Erfolgs-Impuls","Leadership","Management und Unternehmensf\u00fchrung","Selbstmanagement"],"articleSection":["MANAGEMENT"],"inLanguage":"fr-FR"},{"@type":"WebPage","@id":"https:\/\/www.organisator.ch\/management\/2025-11-27\/warum-top-leader-weniger-fenster-offen-haben\/","url":"https:\/\/www.organisator.ch\/management\/2025-11-27\/warum-top-leader-weniger-fenster-offen-haben\/","name":"Pourquoi les grands leaders ont moins de \u00ab fen\u00eatres \u00bb ouvertes - Organisateur","isPartOf":{"@id":"https:\/\/www.organisator.ch\/#website"},"primaryImageOfPage":{"@id":"https:\/\/www.organisator.ch\/management\/2025-11-27\/warum-top-leader-weniger-fenster-offen-haben\/#primaryimage"},"image":{"@id":"https:\/\/www.organisator.ch\/management\/2025-11-27\/warum-top-leader-weniger-fenster-offen-haben\/#primaryimage"},"thumbnailUrl":"https:\/\/www.organisator.ch\/wp-content\/uploads\/2025\/11\/Warum-Top-Leader-weniger-Fenster-offen-haben_Organisator.jpg","datePublished":"2025-11-27T14:46:30+00:00","dateModified":"2026-01-12T15:24:35+00:00","description":"On ouvre son ordinateur portable et on se retrouve face \u00e0 27 onglets ouverts dans le navigateur. Une impulsion r\u00e9ussie contre les mosa\u00efques (num\u00e9riques) disparates.","breadcrumb":{"@id":"https:\/\/www.organisator.ch\/management\/2025-11-27\/warum-top-leader-weniger-fenster-offen-haben\/#breadcrumb"},"inLanguage":"fr-FR","potentialAction":[{"@type":"ReadAction","target":["https:\/\/www.organisator.ch\/management\/2025-11-27\/warum-top-leader-weniger-fenster-offen-haben\/"]}]},{"@type":"ImageObject","inLanguage":"fr-FR","@id":"https:\/\/www.organisator.ch\/management\/2025-11-27\/warum-top-leader-weniger-fenster-offen-haben\/#primaryimage","url":"https:\/\/www.organisator.ch\/wp-content\/uploads\/2025\/11\/Warum-Top-Leader-weniger-Fenster-offen-haben_Organisator.jpg","contentUrl":"https:\/\/www.organisator.ch\/wp-content\/uploads\/2025\/11\/Warum-Top-Leader-weniger-Fenster-offen-haben_Organisator.jpg","width":680,"height":453,"caption":"Zu viele offene Fenster: So sieht es auch in vielen K\u00f6pfen von F\u00fchrungskr\u00e4ften aus. (Bild: Depositphotos.com)"},{"@type":"BreadcrumbList","@id":"https:\/\/www.organisator.ch\/management\/2025-11-27\/warum-top-leader-weniger-fenster-offen-haben\/#breadcrumb","itemListElement":[{"@type":"ListItem","position":1,"name":"Home","item":"https:\/\/www.organisator.ch\/"},{"@type":"ListItem","position":2,"name":"Warum Top-Leader weniger \u00abFenster\u00bb offen haben"}]},{"@type":"WebSite","@id":"https:\/\/www.organisator.ch\/#website","url":"https:\/\/www.organisator.ch\/","name":"Organisateur","description":"Comp\u00e9tence et comp\u00e9tence. Proches de la pratique. L'ORGANISATEUR pr\u00e9pare 10 num\u00e9ros par an sur les th\u00e8mes essentiels pour les dirigeants de PME.","publisher":{"@id":"https:\/\/www.organisator.ch\/#organization"},"potentialAction":[{"@type":"SearchAction","target":{"@type":"EntryPoint","urlTemplate":"https:\/\/www.organisator.ch\/?s={search_term_string}"},"query-input":{"@type":"PropertyValueSpecification","valueRequired":true,"valueName":"search_term_string"}}],"inLanguage":"fr-FR"},{"@type":"Organization","@id":"https:\/\/www.organisator.ch\/#organization","name":"Organisateur","url":"https:\/\/www.organisator.ch\/","logo":{"@type":"ImageObject","inLanguage":"fr-FR","@id":"https:\/\/www.organisator.ch\/#\/schema\/logo\/image\/","url":"https:\/\/www.organisator.ch\/wp-content\/uploads\/2022\/01\/Logo_Organisator_Website.png","contentUrl":"https:\/\/www.organisator.ch\/wp-content\/uploads\/2022\/01\/Logo_Organisator_Website.png","width":800,"height":77,"caption":"Organisator"},"image":{"@id":"https:\/\/www.organisator.ch\/#\/schema\/logo\/image\/"},"sameAs":["https:\/\/www.facebook.com\/OrganisatorFachmagazin","https:\/\/www.linkedin.com\/showcase\/organisator-das-magazin-fr-kmu","https:\/\/www.xing.com\/news\/pages\/organisator-ch-695","https:\/\/www.youtube.com\/channel\/UCGP2Sq0iWaZwT3BdIAQFYpw"]},{"@type":"Person","@id":"https:\/\/www.organisator.ch\/#\/schema\/person\/6f650f90b2842cd4c0cc334b4e36f67e","name":"thomas.berner","image":{"@type":"ImageObject","inLanguage":"fr-FR","@id":"https:\/\/secure.gravatar.com\/avatar\/ac5001d2a36cb6c6cd3e50789007ffca834b477b74a2144564522e944eabff61?s=96&d=mm&r=g","url":"https:\/\/secure.gravatar.com\/avatar\/ac5001d2a36cb6c6cd3e50789007ffca834b477b74a2144564522e944eabff61?s=96&d=mm&r=g","contentUrl":"https:\/\/secure.gravatar.com\/avatar\/ac5001d2a36cb6c6cd3e50789007ffca834b477b74a2144564522e944eabff61?s=96&d=mm&r=g","caption":"thomas.berner"},"url":"https:\/\/www.organisator.ch\/fr\/author\/thomas-berner\/"}]}},"_links":{"self":[{"href":"https:\/\/www.organisator.ch\/fr\/wp-json\/wp\/v2\/posts\/42311","targetHints":{"allow":["GET"]}}],"collection":[{"href":"https:\/\/www.organisator.ch\/fr\/wp-json\/wp\/v2\/posts"}],"about":[{"href":"https:\/\/www.organisator.ch\/fr\/wp-json\/wp\/v2\/types\/post"}],"author":[{"embeddable":true,"href":"https:\/\/www.organisator.ch\/fr\/wp-json\/wp\/v2\/users\/4"}],"replies":[{"embeddable":true,"href":"https:\/\/www.organisator.ch\/fr\/wp-json\/wp\/v2\/comments?post=42311"}],"version-history":[{"count":5,"href":"https:\/\/www.organisator.ch\/fr\/wp-json\/wp\/v2\/posts\/42311\/revisions"}],"predecessor-version":[{"id":43144,"href":"https:\/\/www.organisator.ch\/fr\/wp-json\/wp\/v2\/posts\/42311\/revisions\/43144"}],"wp:featuredmedia":[{"embeddable":true,"href":"https:\/\/www.organisator.ch\/fr\/wp-json\/wp\/v2\/media\/42313"}],"wp:attachment":[{"href":"https:\/\/www.organisator.ch\/fr\/wp-json\/wp\/v2\/media?parent=42311"}],"wp:term":[{"taxonomy":"category","embeddable":true,"href":"https:\/\/www.organisator.ch\/fr\/wp-json\/wp\/v2\/categories?post=42311"},{"taxonomy":"post_tag","embeddable":true,"href":"https:\/\/www.organisator.ch\/fr\/wp-json\/wp\/v2\/tags?post=42311"}],"curies":[{"name":"wp","href":"https:\/\/api.w.org\/{rel}","templated":true}]}}