{"id":4245,"date":"2018-09-17T08:41:01","date_gmt":"2018-09-17T06:41:01","guid":{"rendered":"https:\/\/www.organisator.ch\/?p=4245"},"modified":"2018-09-17T08:41:01","modified_gmt":"2018-09-17T06:41:01","slug":"erfolgreiche-fuehrung-ist-ein-gruppenmarathon","status":"publish","type":"post","link":"https:\/\/www.organisator.ch\/fr\/human-resources\/fit_im_job\/2018-09-17\/erfolgreiche-fuehrung-ist-ein-gruppenmarathon\/","title":{"rendered":"Un leadership r\u00e9ussi est un marathon de groupe"},"content":{"rendered":"<figure id=\"attachment_4246\" aria-describedby=\"caption-attachment-4246\" style=\"width: 640px\" class=\"wp-caption alignnone\"><img loading=\"lazy\" decoding=\"async\" class=\"size-full wp-image-4246\" src=\"https:\/\/www.organisator.ch\/wp-content\/uploads\/2018\/09\/Erfolgreiche-Fuehrung-ist-ein-Gruppenmarathon_Organisator.jpg\" alt=\"\" width=\"640\" height=\"427\" srcset=\"https:\/\/www.organisator.ch\/wp-content\/uploads\/2018\/09\/Erfolgreiche-Fuehrung-ist-ein-Gruppenmarathon_Organisator.jpg 640w, https:\/\/www.organisator.ch\/wp-content\/uploads\/2018\/09\/Erfolgreiche-Fuehrung-ist-ein-Gruppenmarathon_Organisator-16x12.jpg 16w, https:\/\/www.organisator.ch\/wp-content\/uploads\/2018\/09\/Erfolgreiche-Fuehrung-ist-ein-Gruppenmarathon_Organisator-262x175.jpg 262w, https:\/\/www.organisator.ch\/wp-content\/uploads\/2018\/09\/Erfolgreiche-Fuehrung-ist-ein-Gruppenmarathon_Organisator-525x350.jpg 525w, https:\/\/www.organisator.ch\/wp-content\/uploads\/2018\/09\/Erfolgreiche-Fuehrung-ist-ein-Gruppenmarathon_Organisator-300x200.jpg 300w\" sizes=\"auto, (max-width: 640px) 100vw, 640px\" \/><figcaption id=\"caption-attachment-4246\" class=\"wp-caption-text\">L'ancien pr\u00e9sident du FC B\u00e2le, Bernhard Heusler, a expliqu\u00e9 qu'une direction r\u00e9ussie est un marathon de groupe. (c)alphafoto.com<\/figcaption><\/figure>\n<p>Sous la devise \"Courir au lieu de jouer au golf\", la Swiss Management Run offre chaque ann\u00e9e une plateforme exclusive pour faire du sport et \u00e9changer avec des cadres et des contacts commerciaux. La r\u00e9gion d'Arosa offre \u00e0 chaque fois aux participants la possibilit\u00e9 d'organiser des r\u00e9unions d'affaires individuelles et des incentives.<\/p>\n<h2>Prendre des d\u00e9cisions en \u00e9quipe<\/h2>\n<p>L'\u00e9dition de cette ann\u00e9e a eu lieu le 14 septembre. \"Une direction r\u00e9ussie est un marathon de groupe et nous ne devons pas l'oublier dans le management\", a d\u00e9clar\u00e9 Bernhard Heusler, pr\u00e9sident d'honneur du FC B\u00e2le et partenaire chez HWH. Il a mis en \u00e9vidence l'importance de prendre des d\u00e9cisions communes en \u00e9quipe et d'en assumer les cons\u00e9quences. La SRG SSR a \u00e9galement pris une d\u00e9cision commune en faveur d'une r\u00e9forme stricte. Bakel Walden, directeur du d\u00e9veloppement et de l'offre, d\u00e9crit le vote \"No Billag\", malgr\u00e9 son issue positive, comme une \"exp\u00e9rience de mort imminente\". Dans ce marathon du changement, il consid\u00e8re que la SSR est encore au d\u00e9but de la course : \"Nous avons tout juste atteint le kilom\u00e8tre 4,5\". Tant Heusler que Walden ont soulign\u00e9, ind\u00e9pendamment l'un de l'autre, l'importance d'une saine distance par rapport aux critiques n\u00e9gatives de l'ext\u00e9rieur. Il ne faut pas essayer de plaire \u00e0 tous les \"r\u00e2leurs\". \"Si nous, \u00e0 la SSR, pouvions marcher sur l'eau, nos d\u00e9tracteurs diraient : ils ne savent m\u00eame pas nager\", a d\u00e9clar\u00e9 Walden.<\/p>\n<h2>Une approche ouverte des sujets critiques<\/h2>\n<p>Des relations r\u00e9ussies avec soi-m\u00eame, dans l'environnement priv\u00e9 et professionnel, sont la cl\u00e9 d'une vie r\u00e9ussie, estime Wolfgang Walter Wulle, Akilas Werte AG et conseiller en carri\u00e8re SKO. Exercer une pression est la pire variante pour les cadres afin d'amener les collaborateurs \u00e0 une haute performance. La reconnaissance, l'estime et l'attention sont au c\u0153ur de toute motivation. Dans de nombreuses entreprises, on travaille les uns \u00e0 c\u00f4t\u00e9 des autres au lieu de travailler ensemble et les uns pour les autres, selon Wulle. Une approche ouverte des sujets critiques, une communication respectueuse et une culture du feedback sont essentielles pour une m\u00e9thode de travail saine et productive.<\/p>\n<p><em>Plus d'informations : <a href=\"https:\/\/management-run.ch\/\">Swiss Management Run<\/a><\/em><\/p>\n<p>&nbsp;<\/p>","protected":false},"excerpt":{"rendered":"<p>Unter dem Motto \u201eLaufen statt Golfen&#8220; bietet\u00a0der Swiss Management Run\u00a0j\u00e4hrlich eine exklusive Plattform zum Sport treiben und zum Austausch mit F\u00fchrungskr\u00e4ften und Gesch\u00e4ftskontakten. Die Gegend von Arosa bietet den Teilnehmern\u00a0jeweils die M\u00f6glichkeit zu individuellen Gesch\u00e4fts-Meetings und Incentives. Im Team Entscheidungen treffen Die diesj\u00e4hrige Ausgabe fand am 14. September statt. \u00abErfolgreiche F\u00fchrung ist ein Gruppenmarathon und [&hellip;]<\/p>\n","protected":false},"author":4,"featured_media":4246,"comment_status":"open","ping_status":"open","sticky":false,"template":"","format":"standard","meta":{"_acf_changed":false,"_yoast_wpseo_focuskw":"Gruppenmarathon","_yoast_wpseo_metadesc":"Am 14. September fand der 5. Swiss Management Run statt. Rund 300 Teilnehmer profitierten von Vortr\u00e4gen zu Themen rund um die Gesundheit im Berufsalltag.","articlekey":"","footnotes":""},"categories":[25],"tags":[208,320,335,496],"class_list":["post-4245","post","type-post","status-publish","format-standard","has-post-thumbnail","hentry","category-fit_im_job","tag-fit-im-job","tag-leadership","tag-management-und-unternehmensfuehrung","tag-unternehmensfuehrung"],"acf":[],"yoast_head":"<!-- This site is optimized with the Yoast SEO plugin v27.4 - https:\/\/yoast.com\/product\/yoast-seo-wordpress\/ -->\n<title>Erfolgreiche F\u00fchrung ist ein Gruppenmarathon - Organisator<\/title>\n<meta name=\"description\" content=\"Am 14. September fand der 5. Swiss Management Run statt. Rund 300 Teilnehmer profitierten von Vortr\u00e4gen zu Themen rund um die Gesundheit im Berufsalltag.\" \/>\n<meta name=\"robots\" content=\"index, follow, max-snippet:-1, max-image-preview:large, max-video-preview:-1\" \/>\n<link rel=\"canonical\" href=\"https:\/\/www.organisator.ch\/fr\/ressources-humaines\/fit_im_job\/2018-09-17\/erfolgreiche-fuehrung-ist-ein-gruppenmarathon\/\" \/>\n<meta property=\"og:locale\" content=\"fr_FR\" \/>\n<meta property=\"og:type\" content=\"article\" \/>\n<meta property=\"og:title\" content=\"Erfolgreiche F\u00fchrung ist ein Gruppenmarathon\" \/>\n<meta property=\"og:description\" content=\"Am 14. September fand der 5. Swiss Management Run statt. Rund 300 Teilnehmer profitierten von Vortr\u00e4gen zu Themen rund um die Gesundheit im Berufsalltag.\" \/>\n<meta property=\"og:url\" content=\"https:\/\/www.organisator.ch\/fr\/ressources-humaines\/fit_im_job\/2018-09-17\/erfolgreiche-fuehrung-ist-ein-gruppenmarathon\/\" \/>\n<meta property=\"og:site_name\" content=\"Organisator\" \/>\n<meta property=\"article:publisher\" content=\"https:\/\/www.facebook.com\/OrganisatorFachmagazin\" \/>\n<meta property=\"article:published_time\" content=\"2018-09-17T06:41:01+00:00\" \/>\n<meta property=\"og:image\" content=\"https:\/\/www.organisator.ch\/wp-content\/uploads\/2018\/09\/Erfolgreiche-Fuehrung-ist-ein-Gruppenmarathon_Organisator.jpg\" \/>\n\t<meta property=\"og:image:width\" content=\"640\" \/>\n\t<meta property=\"og:image:height\" content=\"427\" \/>\n\t<meta property=\"og:image:type\" content=\"image\/jpeg\" \/>\n<meta name=\"author\" content=\"thomas.berner\" \/>\n<meta name=\"twitter:card\" content=\"summary_large_image\" \/>\n<meta name=\"twitter:title\" content=\"Erfolgreiche F\u00fchrung ist ein #Gruppenmarathon\" \/>\n<meta name=\"twitter:description\" content=\"Am 14. September fand der 5. Swiss Management Run statt. Rund 300 Teilnehmer profitierten von Vortr\u00e4gen zu Themen rund um die #Gesundheit im Berufsalltag.\" \/>\n<meta name=\"twitter:image\" content=\"https:\/\/www.organisator.ch\/wp-content\/uploads\/2018\/09\/Erfolgreiche-F\u00fchrung-ist-ein-Gruppenmarathon_Organisator.jpg\" \/>\n<script type=\"application\/ld+json\" class=\"yoast-schema-graph\">{\"@context\":\"https:\\\/\\\/schema.org\",\"@graph\":[{\"@type\":\"Article\",\"@id\":\"https:\\\/\\\/www.organisator.ch\\\/human-resources\\\/fit_im_job\\\/2018-09-17\\\/erfolgreiche-fuehrung-ist-ein-gruppenmarathon\\\/#article\",\"isPartOf\":{\"@id\":\"https:\\\/\\\/www.organisator.ch\\\/human-resources\\\/fit_im_job\\\/2018-09-17\\\/erfolgreiche-fuehrung-ist-ein-gruppenmarathon\\\/\"},\"author\":{\"name\":\"thomas.berner\",\"@id\":\"https:\\\/\\\/www.organisator.ch\\\/#\\\/schema\\\/person\\\/6f650f90b2842cd4c0cc334b4e36f67e\"},\"headline\":\"Erfolgreiche F\u00fchrung ist ein Gruppenmarathon\",\"datePublished\":\"2018-09-17T06:41:01+00:00\",\"mainEntityOfPage\":{\"@id\":\"https:\\\/\\\/www.organisator.ch\\\/human-resources\\\/fit_im_job\\\/2018-09-17\\\/erfolgreiche-fuehrung-ist-ein-gruppenmarathon\\\/\"},\"wordCount\":338,\"commentCount\":0,\"publisher\":{\"@id\":\"https:\\\/\\\/www.organisator.ch\\\/#organization\"},\"image\":{\"@id\":\"https:\\\/\\\/www.organisator.ch\\\/human-resources\\\/fit_im_job\\\/2018-09-17\\\/erfolgreiche-fuehrung-ist-ein-gruppenmarathon\\\/#primaryimage\"},\"thumbnailUrl\":\"https:\\\/\\\/www.organisator.ch\\\/wp-content\\\/uploads\\\/2018\\\/09\\\/Erfolgreiche-Fuehrung-ist-ein-Gruppenmarathon_Organisator.jpg\",\"keywords\":[\"Fit im Job\",\"Leadership\",\"Management und Unternehmensf\u00fchrung\",\"Unternehmensf\u00fchrung\"],\"articleSection\":[\"FIT IM JOB\"],\"inLanguage\":\"fr-FR\"},{\"@type\":\"WebPage\",\"@id\":\"https:\\\/\\\/www.organisator.ch\\\/human-resources\\\/fit_im_job\\\/2018-09-17\\\/erfolgreiche-fuehrung-ist-ein-gruppenmarathon\\\/\",\"url\":\"https:\\\/\\\/www.organisator.ch\\\/human-resources\\\/fit_im_job\\\/2018-09-17\\\/erfolgreiche-fuehrung-ist-ein-gruppenmarathon\\\/\",\"name\":\"Erfolgreiche F\u00fchrung ist ein Gruppenmarathon - Organisator\",\"isPartOf\":{\"@id\":\"https:\\\/\\\/www.organisator.ch\\\/#website\"},\"primaryImageOfPage\":{\"@id\":\"https:\\\/\\\/www.organisator.ch\\\/human-resources\\\/fit_im_job\\\/2018-09-17\\\/erfolgreiche-fuehrung-ist-ein-gruppenmarathon\\\/#primaryimage\"},\"image\":{\"@id\":\"https:\\\/\\\/www.organisator.ch\\\/human-resources\\\/fit_im_job\\\/2018-09-17\\\/erfolgreiche-fuehrung-ist-ein-gruppenmarathon\\\/#primaryimage\"},\"thumbnailUrl\":\"https:\\\/\\\/www.organisator.ch\\\/wp-content\\\/uploads\\\/2018\\\/09\\\/Erfolgreiche-Fuehrung-ist-ein-Gruppenmarathon_Organisator.jpg\",\"datePublished\":\"2018-09-17T06:41:01+00:00\",\"description\":\"Am 14. September fand der 5. Swiss Management Run statt. Rund 300 Teilnehmer profitierten von Vortr\u00e4gen zu Themen rund um die Gesundheit im Berufsalltag.\",\"breadcrumb\":{\"@id\":\"https:\\\/\\\/www.organisator.ch\\\/human-resources\\\/fit_im_job\\\/2018-09-17\\\/erfolgreiche-fuehrung-ist-ein-gruppenmarathon\\\/#breadcrumb\"},\"inLanguage\":\"fr-FR\",\"potentialAction\":[{\"@type\":\"ReadAction\",\"target\":[\"https:\\\/\\\/www.organisator.ch\\\/human-resources\\\/fit_im_job\\\/2018-09-17\\\/erfolgreiche-fuehrung-ist-ein-gruppenmarathon\\\/\"]}]},{\"@type\":\"ImageObject\",\"inLanguage\":\"fr-FR\",\"@id\":\"https:\\\/\\\/www.organisator.ch\\\/human-resources\\\/fit_im_job\\\/2018-09-17\\\/erfolgreiche-fuehrung-ist-ein-gruppenmarathon\\\/#primaryimage\",\"url\":\"https:\\\/\\\/www.organisator.ch\\\/wp-content\\\/uploads\\\/2018\\\/09\\\/Erfolgreiche-Fuehrung-ist-ein-Gruppenmarathon_Organisator.jpg\",\"contentUrl\":\"https:\\\/\\\/www.organisator.ch\\\/wp-content\\\/uploads\\\/2018\\\/09\\\/Erfolgreiche-Fuehrung-ist-ein-Gruppenmarathon_Organisator.jpg\",\"width\":640,\"height\":427,\"caption\":\"Dass erfolgreiche F\u00fchrung ein Gruppenmarathon ist, erl\u00e4uterte Ex-FC Basel-Pr\u00e4sident Bernhard Heusler. (c)alphafoto.com\"},{\"@type\":\"BreadcrumbList\",\"@id\":\"https:\\\/\\\/www.organisator.ch\\\/human-resources\\\/fit_im_job\\\/2018-09-17\\\/erfolgreiche-fuehrung-ist-ein-gruppenmarathon\\\/#breadcrumb\",\"itemListElement\":[{\"@type\":\"ListItem\",\"position\":1,\"name\":\"Home\",\"item\":\"https:\\\/\\\/www.organisator.ch\\\/\"},{\"@type\":\"ListItem\",\"position\":2,\"name\":\"Erfolgreiche F\u00fchrung ist ein Gruppenmarathon\"}]},{\"@type\":\"WebSite\",\"@id\":\"https:\\\/\\\/www.organisator.ch\\\/#website\",\"url\":\"https:\\\/\\\/www.organisator.ch\\\/\",\"name\":\"Organisator\",\"description\":\"Kompetent. Praxisnah. Der ORGANISATOR bereitet in 10 Ausgaben pro Jahr die wesentlichen Themen f\u00fcr F\u00fchrungskr\u00e4fte von KMU auf.\",\"publisher\":{\"@id\":\"https:\\\/\\\/www.organisator.ch\\\/#organization\"},\"potentialAction\":[{\"@type\":\"SearchAction\",\"target\":{\"@type\":\"EntryPoint\",\"urlTemplate\":\"https:\\\/\\\/www.organisator.ch\\\/?s={search_term_string}\"},\"query-input\":{\"@type\":\"PropertyValueSpecification\",\"valueRequired\":true,\"valueName\":\"search_term_string\"}}],\"inLanguage\":\"fr-FR\"},{\"@type\":\"Organization\",\"@id\":\"https:\\\/\\\/www.organisator.ch\\\/#organization\",\"name\":\"Organisator\",\"url\":\"https:\\\/\\\/www.organisator.ch\\\/\",\"logo\":{\"@type\":\"ImageObject\",\"inLanguage\":\"fr-FR\",\"@id\":\"https:\\\/\\\/www.organisator.ch\\\/#\\\/schema\\\/logo\\\/image\\\/\",\"url\":\"https:\\\/\\\/www.organisator.ch\\\/wp-content\\\/uploads\\\/2022\\\/01\\\/Logo_Organisator_Website.png\",\"contentUrl\":\"https:\\\/\\\/www.organisator.ch\\\/wp-content\\\/uploads\\\/2022\\\/01\\\/Logo_Organisator_Website.png\",\"width\":800,\"height\":77,\"caption\":\"Organisator\"},\"image\":{\"@id\":\"https:\\\/\\\/www.organisator.ch\\\/#\\\/schema\\\/logo\\\/image\\\/\"},\"sameAs\":[\"https:\\\/\\\/www.facebook.com\\\/OrganisatorFachmagazin\",\"https:\\\/\\\/www.linkedin.com\\\/showcase\\\/organisator-das-magazin-fr-kmu\",\"https:\\\/\\\/www.xing.com\\\/news\\\/pages\\\/organisator-ch-695\",\"https:\\\/\\\/www.youtube.com\\\/channel\\\/UCGP2Sq0iWaZwT3BdIAQFYpw\"]},{\"@type\":\"Person\",\"@id\":\"https:\\\/\\\/www.organisator.ch\\\/#\\\/schema\\\/person\\\/6f650f90b2842cd4c0cc334b4e36f67e\",\"name\":\"thomas.berner\",\"image\":{\"@type\":\"ImageObject\",\"inLanguage\":\"fr-FR\",\"@id\":\"https:\\\/\\\/secure.gravatar.com\\\/avatar\\\/ac5001d2a36cb6c6cd3e50789007ffca834b477b74a2144564522e944eabff61?s=96&d=mm&r=g\",\"url\":\"https:\\\/\\\/secure.gravatar.com\\\/avatar\\\/ac5001d2a36cb6c6cd3e50789007ffca834b477b74a2144564522e944eabff61?s=96&d=mm&r=g\",\"contentUrl\":\"https:\\\/\\\/secure.gravatar.com\\\/avatar\\\/ac5001d2a36cb6c6cd3e50789007ffca834b477b74a2144564522e944eabff61?s=96&d=mm&r=g\",\"caption\":\"thomas.berner\"},\"url\":\"https:\\\/\\\/www.organisator.ch\\\/fr\\\/author\\\/thomas-berner\\\/\"}]}<\/script>\n<!-- \/ Yoast SEO plugin. -->","yoast_head_json":{"title":"Un leadership r\u00e9ussi est un marathon de groupe - Organisateur","description":"La 5e \u00e9dition du Swiss Management Run a eu lieu le 14 septembre. Pr\u00e8s de 300 participants ont profit\u00e9 de conf\u00e9rences sur des th\u00e8mes li\u00e9s \u00e0 la sant\u00e9 dans le quotidien professionnel.","robots":{"index":"index","follow":"follow","max-snippet":"max-snippet:-1","max-image-preview":"max-image-preview:large","max-video-preview":"max-video-preview:-1"},"canonical":"https:\/\/www.organisator.ch\/fr\/ressources-humaines\/fit_im_job\/2018-09-17\/erfolgreiche-fuehrung-ist-ein-gruppenmarathon\/","og_locale":"fr_FR","og_type":"article","og_title":"Erfolgreiche F\u00fchrung ist ein Gruppenmarathon","og_description":"Am 14. September fand der 5. Swiss Management Run statt. Rund 300 Teilnehmer profitierten von Vortr\u00e4gen zu Themen rund um die Gesundheit im Berufsalltag.","og_url":"https:\/\/www.organisator.ch\/fr\/ressources-humaines\/fit_im_job\/2018-09-17\/erfolgreiche-fuehrung-ist-ein-gruppenmarathon\/","og_site_name":"Organisator","article_publisher":"https:\/\/www.facebook.com\/OrganisatorFachmagazin","article_published_time":"2018-09-17T06:41:01+00:00","og_image":[{"width":640,"height":427,"url":"https:\/\/www.organisator.ch\/wp-content\/uploads\/2018\/09\/Erfolgreiche-Fuehrung-ist-ein-Gruppenmarathon_Organisator.jpg","type":"image\/jpeg"}],"author":"thomas.berner","twitter_card":"summary_large_image","twitter_title":"Erfolgreiche F\u00fchrung ist ein #Gruppenmarathon","twitter_description":"Am 14. September fand der 5. Swiss Management Run statt. Rund 300 Teilnehmer profitierten von Vortr\u00e4gen zu Themen rund um die #Gesundheit im Berufsalltag.","twitter_image":"https:\/\/www.organisator.ch\/wp-content\/uploads\/2018\/09\/Erfolgreiche-F\u00fchrung-ist-ein-Gruppenmarathon_Organisator.jpg","schema":{"@context":"https:\/\/schema.org","@graph":[{"@type":"Article","@id":"https:\/\/www.organisator.ch\/human-resources\/fit_im_job\/2018-09-17\/erfolgreiche-fuehrung-ist-ein-gruppenmarathon\/#article","isPartOf":{"@id":"https:\/\/www.organisator.ch\/human-resources\/fit_im_job\/2018-09-17\/erfolgreiche-fuehrung-ist-ein-gruppenmarathon\/"},"author":{"name":"thomas.berner","@id":"https:\/\/www.organisator.ch\/#\/schema\/person\/6f650f90b2842cd4c0cc334b4e36f67e"},"headline":"Erfolgreiche F\u00fchrung ist ein Gruppenmarathon","datePublished":"2018-09-17T06:41:01+00:00","mainEntityOfPage":{"@id":"https:\/\/www.organisator.ch\/human-resources\/fit_im_job\/2018-09-17\/erfolgreiche-fuehrung-ist-ein-gruppenmarathon\/"},"wordCount":338,"commentCount":0,"publisher":{"@id":"https:\/\/www.organisator.ch\/#organization"},"image":{"@id":"https:\/\/www.organisator.ch\/human-resources\/fit_im_job\/2018-09-17\/erfolgreiche-fuehrung-ist-ein-gruppenmarathon\/#primaryimage"},"thumbnailUrl":"https:\/\/www.organisator.ch\/wp-content\/uploads\/2018\/09\/Erfolgreiche-Fuehrung-ist-ein-Gruppenmarathon_Organisator.jpg","keywords":["Fit im Job","Leadership","Management und Unternehmensf\u00fchrung","Unternehmensf\u00fchrung"],"articleSection":["FIT IM JOB"],"inLanguage":"fr-FR"},{"@type":"WebPage","@id":"https:\/\/www.organisator.ch\/human-resources\/fit_im_job\/2018-09-17\/erfolgreiche-fuehrung-ist-ein-gruppenmarathon\/","url":"https:\/\/www.organisator.ch\/human-resources\/fit_im_job\/2018-09-17\/erfolgreiche-fuehrung-ist-ein-gruppenmarathon\/","name":"Un leadership r\u00e9ussi est un marathon de groupe - Organisateur","isPartOf":{"@id":"https:\/\/www.organisator.ch\/#website"},"primaryImageOfPage":{"@id":"https:\/\/www.organisator.ch\/human-resources\/fit_im_job\/2018-09-17\/erfolgreiche-fuehrung-ist-ein-gruppenmarathon\/#primaryimage"},"image":{"@id":"https:\/\/www.organisator.ch\/human-resources\/fit_im_job\/2018-09-17\/erfolgreiche-fuehrung-ist-ein-gruppenmarathon\/#primaryimage"},"thumbnailUrl":"https:\/\/www.organisator.ch\/wp-content\/uploads\/2018\/09\/Erfolgreiche-Fuehrung-ist-ein-Gruppenmarathon_Organisator.jpg","datePublished":"2018-09-17T06:41:01+00:00","description":"La 5e \u00e9dition du Swiss Management Run a eu lieu le 14 septembre. Pr\u00e8s de 300 participants ont profit\u00e9 de conf\u00e9rences sur des th\u00e8mes li\u00e9s \u00e0 la sant\u00e9 dans le quotidien professionnel.","breadcrumb":{"@id":"https:\/\/www.organisator.ch\/human-resources\/fit_im_job\/2018-09-17\/erfolgreiche-fuehrung-ist-ein-gruppenmarathon\/#breadcrumb"},"inLanguage":"fr-FR","potentialAction":[{"@type":"ReadAction","target":["https:\/\/www.organisator.ch\/human-resources\/fit_im_job\/2018-09-17\/erfolgreiche-fuehrung-ist-ein-gruppenmarathon\/"]}]},{"@type":"ImageObject","inLanguage":"fr-FR","@id":"https:\/\/www.organisator.ch\/human-resources\/fit_im_job\/2018-09-17\/erfolgreiche-fuehrung-ist-ein-gruppenmarathon\/#primaryimage","url":"https:\/\/www.organisator.ch\/wp-content\/uploads\/2018\/09\/Erfolgreiche-Fuehrung-ist-ein-Gruppenmarathon_Organisator.jpg","contentUrl":"https:\/\/www.organisator.ch\/wp-content\/uploads\/2018\/09\/Erfolgreiche-Fuehrung-ist-ein-Gruppenmarathon_Organisator.jpg","width":640,"height":427,"caption":"Dass erfolgreiche F\u00fchrung ein Gruppenmarathon ist, erl\u00e4uterte Ex-FC Basel-Pr\u00e4sident Bernhard Heusler. (c)alphafoto.com"},{"@type":"BreadcrumbList","@id":"https:\/\/www.organisator.ch\/human-resources\/fit_im_job\/2018-09-17\/erfolgreiche-fuehrung-ist-ein-gruppenmarathon\/#breadcrumb","itemListElement":[{"@type":"ListItem","position":1,"name":"Home","item":"https:\/\/www.organisator.ch\/"},{"@type":"ListItem","position":2,"name":"Erfolgreiche F\u00fchrung ist ein Gruppenmarathon"}]},{"@type":"WebSite","@id":"https:\/\/www.organisator.ch\/#website","url":"https:\/\/www.organisator.ch\/","name":"Organisateur","description":"Comp\u00e9tence et comp\u00e9tence. Proches de la pratique. L'ORGANISATEUR pr\u00e9pare 10 num\u00e9ros par an sur les th\u00e8mes essentiels pour les dirigeants de PME.","publisher":{"@id":"https:\/\/www.organisator.ch\/#organization"},"potentialAction":[{"@type":"SearchAction","target":{"@type":"EntryPoint","urlTemplate":"https:\/\/www.organisator.ch\/?s={search_term_string}"},"query-input":{"@type":"PropertyValueSpecification","valueRequired":true,"valueName":"search_term_string"}}],"inLanguage":"fr-FR"},{"@type":"Organization","@id":"https:\/\/www.organisator.ch\/#organization","name":"Organisateur","url":"https:\/\/www.organisator.ch\/","logo":{"@type":"ImageObject","inLanguage":"fr-FR","@id":"https:\/\/www.organisator.ch\/#\/schema\/logo\/image\/","url":"https:\/\/www.organisator.ch\/wp-content\/uploads\/2022\/01\/Logo_Organisator_Website.png","contentUrl":"https:\/\/www.organisator.ch\/wp-content\/uploads\/2022\/01\/Logo_Organisator_Website.png","width":800,"height":77,"caption":"Organisator"},"image":{"@id":"https:\/\/www.organisator.ch\/#\/schema\/logo\/image\/"},"sameAs":["https:\/\/www.facebook.com\/OrganisatorFachmagazin","https:\/\/www.linkedin.com\/showcase\/organisator-das-magazin-fr-kmu","https:\/\/www.xing.com\/news\/pages\/organisator-ch-695","https:\/\/www.youtube.com\/channel\/UCGP2Sq0iWaZwT3BdIAQFYpw"]},{"@type":"Person","@id":"https:\/\/www.organisator.ch\/#\/schema\/person\/6f650f90b2842cd4c0cc334b4e36f67e","name":"thomas.berner","image":{"@type":"ImageObject","inLanguage":"fr-FR","@id":"https:\/\/secure.gravatar.com\/avatar\/ac5001d2a36cb6c6cd3e50789007ffca834b477b74a2144564522e944eabff61?s=96&d=mm&r=g","url":"https:\/\/secure.gravatar.com\/avatar\/ac5001d2a36cb6c6cd3e50789007ffca834b477b74a2144564522e944eabff61?s=96&d=mm&r=g","contentUrl":"https:\/\/secure.gravatar.com\/avatar\/ac5001d2a36cb6c6cd3e50789007ffca834b477b74a2144564522e944eabff61?s=96&d=mm&r=g","caption":"thomas.berner"},"url":"https:\/\/www.organisator.ch\/fr\/author\/thomas-berner\/"}]}},"_links":{"self":[{"href":"https:\/\/www.organisator.ch\/fr\/wp-json\/wp\/v2\/posts\/4245","targetHints":{"allow":["GET"]}}],"collection":[{"href":"https:\/\/www.organisator.ch\/fr\/wp-json\/wp\/v2\/posts"}],"about":[{"href":"https:\/\/www.organisator.ch\/fr\/wp-json\/wp\/v2\/types\/post"}],"author":[{"embeddable":true,"href":"https:\/\/www.organisator.ch\/fr\/wp-json\/wp\/v2\/users\/4"}],"replies":[{"embeddable":true,"href":"https:\/\/www.organisator.ch\/fr\/wp-json\/wp\/v2\/comments?post=4245"}],"version-history":[{"count":0,"href":"https:\/\/www.organisator.ch\/fr\/wp-json\/wp\/v2\/posts\/4245\/revisions"}],"wp:featuredmedia":[{"embeddable":true,"href":"https:\/\/www.organisator.ch\/fr\/wp-json\/wp\/v2\/media\/4246"}],"wp:attachment":[{"href":"https:\/\/www.organisator.ch\/fr\/wp-json\/wp\/v2\/media?parent=4245"}],"wp:term":[{"taxonomy":"category","embeddable":true,"href":"https:\/\/www.organisator.ch\/fr\/wp-json\/wp\/v2\/categories?post=4245"},{"taxonomy":"post_tag","embeddable":true,"href":"https:\/\/www.organisator.ch\/fr\/wp-json\/wp\/v2\/tags?post=4245"}],"curies":[{"name":"wp","href":"https:\/\/api.w.org\/{rel}","templated":true}]}}