{"id":42459,"date":"2025-12-05T02:26:48","date_gmt":"2025-12-05T01:26:48","guid":{"rendered":"https:\/\/www.organisator.ch\/de\/?p=42459"},"modified":"2025-12-04T11:51:05","modified_gmt":"2025-12-04T10:51:05","slug":"von-der-raubbaugesellschaft-zur-kreislaufoekonomie","status":"publish","type":"post","link":"https:\/\/www.organisator.ch\/fr\/sustainability\/2025-12-05\/von-der-raubbaugesellschaft-zur-kreislaufoekonomie\/","title":{"rendered":"De la soci\u00e9t\u00e9 pr\u00e9datrice \u00e0 l'\u00e9conomie circulaire"},"content":{"rendered":"<div class=\"swpm-post-not-logged-in-msg\">Vous devez \u00eatre connect\u00e9 pour voir ce contenu. Veuillez <a class=\"swpm-login-link\" href=\"https:\/\/www.organisator.ch\/login\/\">Se connecter<\/a>. Pas un membre ? <a href=\"https:\/\/www.organisator.ch\/shop\/\">Nous Rejoindre<\/a><\/div>","protected":false},"excerpt":{"rendered":"<p>Les pionniers n'ont jamais eu autant d'opportunit\u00e9s de se d\u00e9marquer sur le th\u00e8me de la durabilit\u00e9 et d'en tirer des avantages \u00e9conomiques. D'innombrables entreprises ambitieuses ont commenc\u00e9 \u00e0 passer d'une \u00e9conomie pr\u00e9datrice \u00e0 une \u00e9conomie circulaire.<\/p>","protected":false},"author":1,"featured_media":42456,"comment_status":"closed","ping_status":"closed","sticky":false,"template":"","format":"standard","meta":{"_acf_changed":false,"_yoast_wpseo_focuskw":"Kreislauf\u00f6konomie","_yoast_wpseo_metadesc":"Die Gelegenheit f\u00fcr Vorreiter, sich rund um das Thema Nachhaltigkeit zu profilieren und davon wirtschaftlich zu profitieren, war noch nie so g\u00fcnstig.","articlekey":"186473","footnotes":""},"categories":[578,580],"tags":[881,274,335,358],"class_list":["post-42459","post","type-post","status-publish","format-standard","has-post-thumbnail","hentry","category-abo","category-sustainability","tag-buchtipp","tag-innovation","tag-management-und-unternehmensfuehrung","tag-nachhaltige-wirtschaft"],"acf":[],"yoast_head":"<!-- This site is optimized with the Yoast SEO plugin v27.5 - https:\/\/yoast.com\/product\/yoast-seo-wordpress\/ -->\n<title>Von der Raubbaugesellschaft zur Kreislauf\u00f6konomie - Organisator<\/title>\n<meta name=\"description\" content=\"Die Gelegenheit f\u00fcr Vorreiter, sich rund um das Thema Nachhaltigkeit zu profilieren und davon wirtschaftlich zu profitieren, war noch nie so g\u00fcnstig.\" \/>\n<meta name=\"robots\" content=\"index, follow, max-snippet:-1, max-image-preview:large, max-video-preview:-1\" \/>\n<link rel=\"canonical\" href=\"https:\/\/www.organisator.ch\/fr\/sustainability\/2025-12-05\/von-der-raubbaugesellschaft-zur-kreislaufoekonomie\/\" \/>\n<meta property=\"og:locale\" content=\"fr_FR\" \/>\n<meta property=\"og:type\" content=\"article\" \/>\n<meta property=\"og:title\" content=\"Von der Raubbaugesellschaft zur Kreislauf\u00f6konomie - Organisator\" \/>\n<meta property=\"og:description\" content=\"Die Gelegenheit f\u00fcr Vorreiter, sich rund um das Thema Nachhaltigkeit zu profilieren und davon wirtschaftlich zu profitieren, war noch nie so g\u00fcnstig.\" \/>\n<meta property=\"og:url\" content=\"https:\/\/www.organisator.ch\/fr\/sustainability\/2025-12-05\/von-der-raubbaugesellschaft-zur-kreislaufoekonomie\/\" \/>\n<meta property=\"og:site_name\" content=\"Organisator\" \/>\n<meta property=\"article:publisher\" content=\"https:\/\/www.facebook.com\/OrganisatorFachmagazin\" \/>\n<meta property=\"article:published_time\" content=\"2025-12-05T01:26:48+00:00\" \/>\n<meta property=\"og:image\" content=\"https:\/\/www.organisator.ch\/wp-content\/uploads\/2025\/12\/Sustainability_Schueller_Bild1_organisator_186570-scaled.jpg\" \/>\n\t<meta property=\"og:image:width\" content=\"1400\" \/>\n\t<meta property=\"og:image:height\" content=\"1096\" \/>\n\t<meta property=\"og:image:type\" content=\"image\/jpeg\" \/>\n<meta name=\"author\" content=\"admin\" \/>\n<meta name=\"twitter:card\" content=\"summary_large_image\" \/>\n<script type=\"application\/ld+json\" class=\"yoast-schema-graph\">{\"@context\":\"https:\\\/\\\/schema.org\",\"@graph\":[{\"@type\":\"Article\",\"@id\":\"https:\\\/\\\/www.organisator.ch\\\/sustainability\\\/2025-12-05\\\/von-der-raubbaugesellschaft-zur-kreislaufoekonomie\\\/#article\",\"isPartOf\":{\"@id\":\"https:\\\/\\\/www.organisator.ch\\\/sustainability\\\/2025-12-05\\\/von-der-raubbaugesellschaft-zur-kreislaufoekonomie\\\/\"},\"author\":{\"name\":\"admin\",\"@id\":\"https:\\\/\\\/www.organisator.ch\\\/#\\\/schema\\\/person\\\/aa2bace6c5c5aad60102004a50c4eb1c\"},\"headline\":\"Von der Raubbaugesellschaft zur Kreislauf\u00f6konomie\",\"datePublished\":\"2025-12-05T01:26:48+00:00\",\"mainEntityOfPage\":{\"@id\":\"https:\\\/\\\/www.organisator.ch\\\/sustainability\\\/2025-12-05\\\/von-der-raubbaugesellschaft-zur-kreislaufoekonomie\\\/\"},\"wordCount\":1223,\"publisher\":{\"@id\":\"https:\\\/\\\/www.organisator.ch\\\/#organization\"},\"image\":{\"@id\":\"https:\\\/\\\/www.organisator.ch\\\/sustainability\\\/2025-12-05\\\/von-der-raubbaugesellschaft-zur-kreislaufoekonomie\\\/#primaryimage\"},\"thumbnailUrl\":\"https:\\\/\\\/www.organisator.ch\\\/wp-content\\\/uploads\\\/2025\\\/12\\\/Sustainability_Schueller_Bild1_organisator_186570-scaled.jpg\",\"keywords\":[\"Buchtipp\",\"Innovation\",\"Management und Unternehmensf\u00fchrung\",\"Nachhaltige Wirtschaft\"],\"articleSection\":[\"ABO+\",\"SUSTAINABILITY\"],\"inLanguage\":\"fr-FR\"},{\"@type\":\"WebPage\",\"@id\":\"https:\\\/\\\/www.organisator.ch\\\/sustainability\\\/2025-12-05\\\/von-der-raubbaugesellschaft-zur-kreislaufoekonomie\\\/\",\"url\":\"https:\\\/\\\/www.organisator.ch\\\/sustainability\\\/2025-12-05\\\/von-der-raubbaugesellschaft-zur-kreislaufoekonomie\\\/\",\"name\":\"Von der Raubbaugesellschaft zur Kreislauf\u00f6konomie - Organisator\",\"isPartOf\":{\"@id\":\"https:\\\/\\\/www.organisator.ch\\\/#website\"},\"primaryImageOfPage\":{\"@id\":\"https:\\\/\\\/www.organisator.ch\\\/sustainability\\\/2025-12-05\\\/von-der-raubbaugesellschaft-zur-kreislaufoekonomie\\\/#primaryimage\"},\"image\":{\"@id\":\"https:\\\/\\\/www.organisator.ch\\\/sustainability\\\/2025-12-05\\\/von-der-raubbaugesellschaft-zur-kreislaufoekonomie\\\/#primaryimage\"},\"thumbnailUrl\":\"https:\\\/\\\/www.organisator.ch\\\/wp-content\\\/uploads\\\/2025\\\/12\\\/Sustainability_Schueller_Bild1_organisator_186570-scaled.jpg\",\"datePublished\":\"2025-12-05T01:26:48+00:00\",\"description\":\"Die Gelegenheit f\u00fcr Vorreiter, sich rund um das Thema Nachhaltigkeit zu profilieren und davon wirtschaftlich zu profitieren, war noch nie so g\u00fcnstig.\",\"breadcrumb\":{\"@id\":\"https:\\\/\\\/www.organisator.ch\\\/sustainability\\\/2025-12-05\\\/von-der-raubbaugesellschaft-zur-kreislaufoekonomie\\\/#breadcrumb\"},\"inLanguage\":\"fr-FR\",\"potentialAction\":[{\"@type\":\"ReadAction\",\"target\":[\"https:\\\/\\\/www.organisator.ch\\\/sustainability\\\/2025-12-05\\\/von-der-raubbaugesellschaft-zur-kreislaufoekonomie\\\/\"]}]},{\"@type\":\"ImageObject\",\"inLanguage\":\"fr-FR\",\"@id\":\"https:\\\/\\\/www.organisator.ch\\\/sustainability\\\/2025-12-05\\\/von-der-raubbaugesellschaft-zur-kreislaufoekonomie\\\/#primaryimage\",\"url\":\"https:\\\/\\\/www.organisator.ch\\\/wp-content\\\/uploads\\\/2025\\\/12\\\/Sustainability_Schueller_Bild1_organisator_186570-scaled.jpg\",\"contentUrl\":\"https:\\\/\\\/www.organisator.ch\\\/wp-content\\\/uploads\\\/2025\\\/12\\\/Sustainability_Schueller_Bild1_organisator_186570-scaled.jpg\",\"width\":1400,\"height\":1096,\"caption\":\"Circular Economy: Jetzt erst recht ein aktuelles Thema. \u00a9 Depositphotos.com\"},{\"@type\":\"BreadcrumbList\",\"@id\":\"https:\\\/\\\/www.organisator.ch\\\/sustainability\\\/2025-12-05\\\/von-der-raubbaugesellschaft-zur-kreislaufoekonomie\\\/#breadcrumb\",\"itemListElement\":[{\"@type\":\"ListItem\",\"position\":1,\"name\":\"Home\",\"item\":\"https:\\\/\\\/www.organisator.ch\\\/\"},{\"@type\":\"ListItem\",\"position\":2,\"name\":\"Von der Raubbaugesellschaft zur Kreislauf\u00f6konomie\"}]},{\"@type\":\"WebSite\",\"@id\":\"https:\\\/\\\/www.organisator.ch\\\/#website\",\"url\":\"https:\\\/\\\/www.organisator.ch\\\/\",\"name\":\"Organisator\",\"description\":\"Kompetent. Praxisnah. Der ORGANISATOR bereitet in 10 Ausgaben pro Jahr die wesentlichen Themen f\u00fcr F\u00fchrungskr\u00e4fte von KMU auf.\",\"publisher\":{\"@id\":\"https:\\\/\\\/www.organisator.ch\\\/#organization\"},\"potentialAction\":[{\"@type\":\"SearchAction\",\"target\":{\"@type\":\"EntryPoint\",\"urlTemplate\":\"https:\\\/\\\/www.organisator.ch\\\/?s={search_term_string}\"},\"query-input\":{\"@type\":\"PropertyValueSpecification\",\"valueRequired\":true,\"valueName\":\"search_term_string\"}}],\"inLanguage\":\"fr-FR\"},{\"@type\":\"Organization\",\"@id\":\"https:\\\/\\\/www.organisator.ch\\\/#organization\",\"name\":\"Organisator\",\"url\":\"https:\\\/\\\/www.organisator.ch\\\/\",\"logo\":{\"@type\":\"ImageObject\",\"inLanguage\":\"fr-FR\",\"@id\":\"https:\\\/\\\/www.organisator.ch\\\/#\\\/schema\\\/logo\\\/image\\\/\",\"url\":\"https:\\\/\\\/www.organisator.ch\\\/wp-content\\\/uploads\\\/2022\\\/01\\\/Logo_Organisator_Website.png\",\"contentUrl\":\"https:\\\/\\\/www.organisator.ch\\\/wp-content\\\/uploads\\\/2022\\\/01\\\/Logo_Organisator_Website.png\",\"width\":800,\"height\":77,\"caption\":\"Organisator\"},\"image\":{\"@id\":\"https:\\\/\\\/www.organisator.ch\\\/#\\\/schema\\\/logo\\\/image\\\/\"},\"sameAs\":[\"https:\\\/\\\/www.facebook.com\\\/OrganisatorFachmagazin\",\"https:\\\/\\\/www.linkedin.com\\\/showcase\\\/organisator-das-magazin-fr-kmu\",\"https:\\\/\\\/www.xing.com\\\/news\\\/pages\\\/organisator-ch-695\",\"https:\\\/\\\/www.youtube.com\\\/channel\\\/UCGP2Sq0iWaZwT3BdIAQFYpw\"]},{\"@type\":\"Person\",\"@id\":\"https:\\\/\\\/www.organisator.ch\\\/#\\\/schema\\\/person\\\/aa2bace6c5c5aad60102004a50c4eb1c\",\"name\":\"admin\",\"image\":{\"@type\":\"ImageObject\",\"inLanguage\":\"fr-FR\",\"@id\":\"https:\\\/\\\/secure.gravatar.com\\\/avatar\\\/ae2f4d718e6c49043e314ce431e7e645d646302a24a5ef5a8bc8e3f5a032e319?s=96&d=mm&r=g\",\"url\":\"https:\\\/\\\/secure.gravatar.com\\\/avatar\\\/ae2f4d718e6c49043e314ce431e7e645d646302a24a5ef5a8bc8e3f5a032e319?s=96&d=mm&r=g\",\"contentUrl\":\"https:\\\/\\\/secure.gravatar.com\\\/avatar\\\/ae2f4d718e6c49043e314ce431e7e645d646302a24a5ef5a8bc8e3f5a032e319?s=96&d=mm&r=g\",\"caption\":\"admin\"},\"sameAs\":[\"https:\\\/\\\/www.organisator.ch\"],\"url\":\"https:\\\/\\\/www.organisator.ch\\\/fr\\\/author\\\/admin\\\/\"}]}<\/script>\n<!-- \/ Yoast SEO plugin. -->","yoast_head_json":{"title":"De la soci\u00e9t\u00e9 pr\u00e9datrice \u00e0 l'\u00e9conomie circulaire - Organisateur","description":"Les pr\u00e9curseurs n'ont jamais eu autant d'occasions de se d\u00e9marquer en mati\u00e8re de durabilit\u00e9 et d'en tirer des avantages \u00e9conomiques.","robots":{"index":"index","follow":"follow","max-snippet":"max-snippet:-1","max-image-preview":"max-image-preview:large","max-video-preview":"max-video-preview:-1"},"canonical":"https:\/\/www.organisator.ch\/fr\/sustainability\/2025-12-05\/von-der-raubbaugesellschaft-zur-kreislaufoekonomie\/","og_locale":"fr_FR","og_type":"article","og_title":"Von der Raubbaugesellschaft zur Kreislauf\u00f6konomie - Organisator","og_description":"Die Gelegenheit f\u00fcr Vorreiter, sich rund um das Thema Nachhaltigkeit zu profilieren und davon wirtschaftlich zu profitieren, war noch nie so g\u00fcnstig.","og_url":"https:\/\/www.organisator.ch\/fr\/sustainability\/2025-12-05\/von-der-raubbaugesellschaft-zur-kreislaufoekonomie\/","og_site_name":"Organisator","article_publisher":"https:\/\/www.facebook.com\/OrganisatorFachmagazin","article_published_time":"2025-12-05T01:26:48+00:00","og_image":[{"width":1400,"height":1096,"url":"https:\/\/www.organisator.ch\/wp-content\/uploads\/2025\/12\/Sustainability_Schueller_Bild1_organisator_186570-scaled.jpg","type":"image\/jpeg"}],"author":"admin","twitter_card":"summary_large_image","schema":{"@context":"https:\/\/schema.org","@graph":[{"@type":"Article","@id":"https:\/\/www.organisator.ch\/sustainability\/2025-12-05\/von-der-raubbaugesellschaft-zur-kreislaufoekonomie\/#article","isPartOf":{"@id":"https:\/\/www.organisator.ch\/sustainability\/2025-12-05\/von-der-raubbaugesellschaft-zur-kreislaufoekonomie\/"},"author":{"name":"admin","@id":"https:\/\/www.organisator.ch\/#\/schema\/person\/aa2bace6c5c5aad60102004a50c4eb1c"},"headline":"Von der Raubbaugesellschaft zur Kreislauf\u00f6konomie","datePublished":"2025-12-05T01:26:48+00:00","mainEntityOfPage":{"@id":"https:\/\/www.organisator.ch\/sustainability\/2025-12-05\/von-der-raubbaugesellschaft-zur-kreislaufoekonomie\/"},"wordCount":1223,"publisher":{"@id":"https:\/\/www.organisator.ch\/#organization"},"image":{"@id":"https:\/\/www.organisator.ch\/sustainability\/2025-12-05\/von-der-raubbaugesellschaft-zur-kreislaufoekonomie\/#primaryimage"},"thumbnailUrl":"https:\/\/www.organisator.ch\/wp-content\/uploads\/2025\/12\/Sustainability_Schueller_Bild1_organisator_186570-scaled.jpg","keywords":["Buchtipp","Innovation","Management und Unternehmensf\u00fchrung","Nachhaltige Wirtschaft"],"articleSection":["ABO+","SUSTAINABILITY"],"inLanguage":"fr-FR"},{"@type":"WebPage","@id":"https:\/\/www.organisator.ch\/sustainability\/2025-12-05\/von-der-raubbaugesellschaft-zur-kreislaufoekonomie\/","url":"https:\/\/www.organisator.ch\/sustainability\/2025-12-05\/von-der-raubbaugesellschaft-zur-kreislaufoekonomie\/","name":"De la soci\u00e9t\u00e9 pr\u00e9datrice \u00e0 l'\u00e9conomie circulaire - Organisateur","isPartOf":{"@id":"https:\/\/www.organisator.ch\/#website"},"primaryImageOfPage":{"@id":"https:\/\/www.organisator.ch\/sustainability\/2025-12-05\/von-der-raubbaugesellschaft-zur-kreislaufoekonomie\/#primaryimage"},"image":{"@id":"https:\/\/www.organisator.ch\/sustainability\/2025-12-05\/von-der-raubbaugesellschaft-zur-kreislaufoekonomie\/#primaryimage"},"thumbnailUrl":"https:\/\/www.organisator.ch\/wp-content\/uploads\/2025\/12\/Sustainability_Schueller_Bild1_organisator_186570-scaled.jpg","datePublished":"2025-12-05T01:26:48+00:00","description":"Les pr\u00e9curseurs n'ont jamais eu autant d'occasions de se d\u00e9marquer en mati\u00e8re de durabilit\u00e9 et d'en tirer des avantages \u00e9conomiques.","breadcrumb":{"@id":"https:\/\/www.organisator.ch\/sustainability\/2025-12-05\/von-der-raubbaugesellschaft-zur-kreislaufoekonomie\/#breadcrumb"},"inLanguage":"fr-FR","potentialAction":[{"@type":"ReadAction","target":["https:\/\/www.organisator.ch\/sustainability\/2025-12-05\/von-der-raubbaugesellschaft-zur-kreislaufoekonomie\/"]}]},{"@type":"ImageObject","inLanguage":"fr-FR","@id":"https:\/\/www.organisator.ch\/sustainability\/2025-12-05\/von-der-raubbaugesellschaft-zur-kreislaufoekonomie\/#primaryimage","url":"https:\/\/www.organisator.ch\/wp-content\/uploads\/2025\/12\/Sustainability_Schueller_Bild1_organisator_186570-scaled.jpg","contentUrl":"https:\/\/www.organisator.ch\/wp-content\/uploads\/2025\/12\/Sustainability_Schueller_Bild1_organisator_186570-scaled.jpg","width":1400,"height":1096,"caption":"Circular Economy: Jetzt erst recht ein aktuelles Thema. \u00a9 Depositphotos.com"},{"@type":"BreadcrumbList","@id":"https:\/\/www.organisator.ch\/sustainability\/2025-12-05\/von-der-raubbaugesellschaft-zur-kreislaufoekonomie\/#breadcrumb","itemListElement":[{"@type":"ListItem","position":1,"name":"Home","item":"https:\/\/www.organisator.ch\/"},{"@type":"ListItem","position":2,"name":"Von der Raubbaugesellschaft zur Kreislauf\u00f6konomie"}]},{"@type":"WebSite","@id":"https:\/\/www.organisator.ch\/#website","url":"https:\/\/www.organisator.ch\/","name":"Organisateur","description":"Comp\u00e9tence et comp\u00e9tence. Proches de la pratique. L'ORGANISATEUR pr\u00e9pare 10 num\u00e9ros par an sur les th\u00e8mes essentiels pour les dirigeants de PME.","publisher":{"@id":"https:\/\/www.organisator.ch\/#organization"},"potentialAction":[{"@type":"SearchAction","target":{"@type":"EntryPoint","urlTemplate":"https:\/\/www.organisator.ch\/?s={search_term_string}"},"query-input":{"@type":"PropertyValueSpecification","valueRequired":true,"valueName":"search_term_string"}}],"inLanguage":"fr-FR"},{"@type":"Organization","@id":"https:\/\/www.organisator.ch\/#organization","name":"Organisateur","url":"https:\/\/www.organisator.ch\/","logo":{"@type":"ImageObject","inLanguage":"fr-FR","@id":"https:\/\/www.organisator.ch\/#\/schema\/logo\/image\/","url":"https:\/\/www.organisator.ch\/wp-content\/uploads\/2022\/01\/Logo_Organisator_Website.png","contentUrl":"https:\/\/www.organisator.ch\/wp-content\/uploads\/2022\/01\/Logo_Organisator_Website.png","width":800,"height":77,"caption":"Organisator"},"image":{"@id":"https:\/\/www.organisator.ch\/#\/schema\/logo\/image\/"},"sameAs":["https:\/\/www.facebook.com\/OrganisatorFachmagazin","https:\/\/www.linkedin.com\/showcase\/organisator-das-magazin-fr-kmu","https:\/\/www.xing.com\/news\/pages\/organisator-ch-695","https:\/\/www.youtube.com\/channel\/UCGP2Sq0iWaZwT3BdIAQFYpw"]},{"@type":"Person","@id":"https:\/\/www.organisator.ch\/#\/schema\/person\/aa2bace6c5c5aad60102004a50c4eb1c","name":"admin","image":{"@type":"ImageObject","inLanguage":"fr-FR","@id":"https:\/\/secure.gravatar.com\/avatar\/ae2f4d718e6c49043e314ce431e7e645d646302a24a5ef5a8bc8e3f5a032e319?s=96&d=mm&r=g","url":"https:\/\/secure.gravatar.com\/avatar\/ae2f4d718e6c49043e314ce431e7e645d646302a24a5ef5a8bc8e3f5a032e319?s=96&d=mm&r=g","contentUrl":"https:\/\/secure.gravatar.com\/avatar\/ae2f4d718e6c49043e314ce431e7e645d646302a24a5ef5a8bc8e3f5a032e319?s=96&d=mm&r=g","caption":"admin"},"sameAs":["https:\/\/www.organisator.ch"],"url":"https:\/\/www.organisator.ch\/fr\/author\/admin\/"}]}},"_links":{"self":[{"href":"https:\/\/www.organisator.ch\/fr\/wp-json\/wp\/v2\/posts\/42459","targetHints":{"allow":["GET"]}}],"collection":[{"href":"https:\/\/www.organisator.ch\/fr\/wp-json\/wp\/v2\/posts"}],"about":[{"href":"https:\/\/www.organisator.ch\/fr\/wp-json\/wp\/v2\/types\/post"}],"author":[{"embeddable":true,"href":"https:\/\/www.organisator.ch\/fr\/wp-json\/wp\/v2\/users\/1"}],"replies":[{"embeddable":true,"href":"https:\/\/www.organisator.ch\/fr\/wp-json\/wp\/v2\/comments?post=42459"}],"version-history":[{"count":2,"href":"https:\/\/www.organisator.ch\/fr\/wp-json\/wp\/v2\/posts\/42459\/revisions"}],"predecessor-version":[{"id":42575,"href":"https:\/\/www.organisator.ch\/fr\/wp-json\/wp\/v2\/posts\/42459\/revisions\/42575"}],"wp:featuredmedia":[{"embeddable":true,"href":"https:\/\/www.organisator.ch\/fr\/wp-json\/wp\/v2\/media\/42456"}],"wp:attachment":[{"href":"https:\/\/www.organisator.ch\/fr\/wp-json\/wp\/v2\/media?parent=42459"}],"wp:term":[{"taxonomy":"category","embeddable":true,"href":"https:\/\/www.organisator.ch\/fr\/wp-json\/wp\/v2\/categories?post=42459"},{"taxonomy":"post_tag","embeddable":true,"href":"https:\/\/www.organisator.ch\/fr\/wp-json\/wp\/v2\/tags?post=42459"}],"curies":[{"name":"wp","href":"https:\/\/api.w.org\/{rel}","templated":true}]}}