{"id":42468,"date":"2025-12-05T02:04:19","date_gmt":"2025-12-05T01:04:19","guid":{"rendered":"https:\/\/www.organisator.ch\/de\/?p=42468"},"modified":"2025-12-04T11:07:13","modified_gmt":"2025-12-04T10:07:13","slug":"cybersicherheit-viele-kmu-im-blindflug","status":"publish","type":"post","link":"https:\/\/www.organisator.ch\/fr\/operational-excellence\/2025-12-05\/cybersicherheit-viele-kmu-im-blindflug\/","title":{"rendered":"Cybers\u00e9curit\u00e9 : de nombreuses PME avancent \u00e0 l'aveuglette"},"content":{"rendered":"<div class=\"swpm-post-not-logged-in-msg\">Vous devez \u00eatre connect\u00e9 pour voir ce contenu. Veuillez <a class=\"swpm-login-link\" href=\"https:\/\/www.organisator.ch\/login\/\">Se connecter<\/a>. Pas un membre ? <a href=\"https:\/\/www.organisator.ch\/shop\/\">Nous Rejoindre<\/a><\/div>","protected":false},"excerpt":{"rendered":"<p>Les PME suisses sont soumises \u00e0 une forte pression num\u00e9rique, mais la priorit\u00e9 accord\u00e9e \u00e0 la cybers\u00e9curit\u00e9 diminue, la compr\u00e9hension dans les \u00e9tages sup\u00e9rieurs est \u00e0 la tra\u00eene et la menace reste \u00e9lev\u00e9e. C'est ce que montrent trois \u00e9tudes r\u00e9centes, qui indiquent les raisons pour lesquelles les dirigeants doivent assumer davantage de responsabilit\u00e9s et les mesures que les entreprises devraient prendre d\u00e8s maintenant.<\/p>","protected":false},"author":1,"featured_media":42467,"comment_status":"closed","ping_status":"closed","sticky":false,"template":"","format":"standard","meta":{"_acf_changed":false,"_yoast_wpseo_focuskw":"Blindflug","_yoast_wpseo_metadesc":"KMU im Blindflug? Schweizer KMU stehen unter hohem digitalem Druck, doch die Priorit\u00e4t f\u00fcr Cybersicherheit sinkt.","articlekey":"187849","footnotes":""},"categories":[578,582],"tags":[608,156,418],"class_list":["post-42468","post","type-post","status-publish","format-standard","has-post-thumbnail","hentry","category-abo","category-operational-excellence","tag-cybersicherheit","tag-digitalisierung","tag-risikomanagement"],"acf":[],"yoast_head":"<!-- This site is optimized with the Yoast SEO plugin v27.4 - https:\/\/yoast.com\/product\/yoast-seo-wordpress\/ -->\n<title>Cybersicherheit: Viele KMU im Blindflug - Organisator<\/title>\n<meta name=\"description\" content=\"KMU im Blindflug? Schweizer KMU stehen unter hohem digitalem Druck, doch die Priorit\u00e4t f\u00fcr Cybersicherheit sinkt.\" \/>\n<meta name=\"robots\" content=\"index, follow, max-snippet:-1, max-image-preview:large, max-video-preview:-1\" \/>\n<link rel=\"canonical\" href=\"https:\/\/www.organisator.ch\/fr\/excellence-operationnelle\/2025-12-05\/cybersicherheit-viele-kmu-im-blindflug\/\" \/>\n<meta property=\"og:locale\" content=\"fr_FR\" \/>\n<meta property=\"og:type\" content=\"article\" \/>\n<meta property=\"og:title\" content=\"Cybersicherheit: Viele KMU im Blindflug - Organisator\" \/>\n<meta property=\"og:description\" content=\"KMU im Blindflug? Schweizer KMU stehen unter hohem digitalem Druck, doch die Priorit\u00e4t f\u00fcr Cybersicherheit sinkt.\" \/>\n<meta property=\"og:url\" content=\"https:\/\/www.organisator.ch\/fr\/excellence-operationnelle\/2025-12-05\/cybersicherheit-viele-kmu-im-blindflug\/\" \/>\n<meta property=\"og:site_name\" content=\"Organisator\" \/>\n<meta property=\"article:publisher\" content=\"https:\/\/www.facebook.com\/OrganisatorFachmagazin\" \/>\n<meta property=\"article:published_time\" content=\"2025-12-05T01:04:19+00:00\" \/>\n<meta property=\"og:image\" content=\"https:\/\/www.organisator.ch\/wp-content\/uploads\/2025\/12\/OpEx_Cybersecurity_Bild_NEU_organisator_188893-scaled.jpg\" \/>\n\t<meta property=\"og:image:width\" content=\"1400\" \/>\n\t<meta property=\"og:image:height\" content=\"791\" \/>\n\t<meta property=\"og:image:type\" content=\"image\/jpeg\" \/>\n<meta name=\"author\" content=\"admin\" \/>\n<meta name=\"twitter:card\" content=\"summary_large_image\" \/>\n<script type=\"application\/ld+json\" class=\"yoast-schema-graph\">{\"@context\":\"https:\\\/\\\/schema.org\",\"@graph\":[{\"@type\":\"Article\",\"@id\":\"https:\\\/\\\/www.organisator.ch\\\/operational-excellence\\\/2025-12-05\\\/cybersicherheit-viele-kmu-im-blindflug\\\/#article\",\"isPartOf\":{\"@id\":\"https:\\\/\\\/www.organisator.ch\\\/operational-excellence\\\/2025-12-05\\\/cybersicherheit-viele-kmu-im-blindflug\\\/\"},\"author\":{\"name\":\"admin\",\"@id\":\"https:\\\/\\\/www.organisator.ch\\\/#\\\/schema\\\/person\\\/aa2bace6c5c5aad60102004a50c4eb1c\"},\"headline\":\"Cybersicherheit: Viele KMU im Blindflug\",\"datePublished\":\"2025-12-05T01:04:19+00:00\",\"mainEntityOfPage\":{\"@id\":\"https:\\\/\\\/www.organisator.ch\\\/operational-excellence\\\/2025-12-05\\\/cybersicherheit-viele-kmu-im-blindflug\\\/\"},\"wordCount\":1366,\"publisher\":{\"@id\":\"https:\\\/\\\/www.organisator.ch\\\/#organization\"},\"image\":{\"@id\":\"https:\\\/\\\/www.organisator.ch\\\/operational-excellence\\\/2025-12-05\\\/cybersicherheit-viele-kmu-im-blindflug\\\/#primaryimage\"},\"thumbnailUrl\":\"https:\\\/\\\/www.organisator.ch\\\/wp-content\\\/uploads\\\/2025\\\/12\\\/OpEx_Cybersecurity_Bild_NEU_organisator_188893-scaled.jpg\",\"keywords\":[\"Cybersicherheit\",\"Digitalisierung\",\"Risikomanagement\"],\"articleSection\":[\"ABO+\",\"OPERATIONAL EXCELLENCE\"],\"inLanguage\":\"fr-FR\"},{\"@type\":\"WebPage\",\"@id\":\"https:\\\/\\\/www.organisator.ch\\\/operational-excellence\\\/2025-12-05\\\/cybersicherheit-viele-kmu-im-blindflug\\\/\",\"url\":\"https:\\\/\\\/www.organisator.ch\\\/operational-excellence\\\/2025-12-05\\\/cybersicherheit-viele-kmu-im-blindflug\\\/\",\"name\":\"Cybersicherheit: Viele KMU im Blindflug - Organisator\",\"isPartOf\":{\"@id\":\"https:\\\/\\\/www.organisator.ch\\\/#website\"},\"primaryImageOfPage\":{\"@id\":\"https:\\\/\\\/www.organisator.ch\\\/operational-excellence\\\/2025-12-05\\\/cybersicherheit-viele-kmu-im-blindflug\\\/#primaryimage\"},\"image\":{\"@id\":\"https:\\\/\\\/www.organisator.ch\\\/operational-excellence\\\/2025-12-05\\\/cybersicherheit-viele-kmu-im-blindflug\\\/#primaryimage\"},\"thumbnailUrl\":\"https:\\\/\\\/www.organisator.ch\\\/wp-content\\\/uploads\\\/2025\\\/12\\\/OpEx_Cybersecurity_Bild_NEU_organisator_188893-scaled.jpg\",\"datePublished\":\"2025-12-05T01:04:19+00:00\",\"description\":\"KMU im Blindflug? Schweizer KMU stehen unter hohem digitalem Druck, doch die Priorit\u00e4t f\u00fcr Cybersicherheit sinkt.\",\"breadcrumb\":{\"@id\":\"https:\\\/\\\/www.organisator.ch\\\/operational-excellence\\\/2025-12-05\\\/cybersicherheit-viele-kmu-im-blindflug\\\/#breadcrumb\"},\"inLanguage\":\"fr-FR\",\"potentialAction\":[{\"@type\":\"ReadAction\",\"target\":[\"https:\\\/\\\/www.organisator.ch\\\/operational-excellence\\\/2025-12-05\\\/cybersicherheit-viele-kmu-im-blindflug\\\/\"]}]},{\"@type\":\"ImageObject\",\"inLanguage\":\"fr-FR\",\"@id\":\"https:\\\/\\\/www.organisator.ch\\\/operational-excellence\\\/2025-12-05\\\/cybersicherheit-viele-kmu-im-blindflug\\\/#primaryimage\",\"url\":\"https:\\\/\\\/www.organisator.ch\\\/wp-content\\\/uploads\\\/2025\\\/12\\\/OpEx_Cybersecurity_Bild_NEU_organisator_188893-scaled.jpg\",\"contentUrl\":\"https:\\\/\\\/www.organisator.ch\\\/wp-content\\\/uploads\\\/2025\\\/12\\\/OpEx_Cybersecurity_Bild_NEU_organisator_188893-scaled.jpg\",\"width\":1400,\"height\":791,\"caption\":\"Im Blindflug durch den Cyberspace? Viele Unternehmen scheinen dem Thema Cybersicherheit weniger Gewicht beizumessen als auch schon. \u00a9 KI-generiert \\\/ Midjourney.com\"},{\"@type\":\"BreadcrumbList\",\"@id\":\"https:\\\/\\\/www.organisator.ch\\\/operational-excellence\\\/2025-12-05\\\/cybersicherheit-viele-kmu-im-blindflug\\\/#breadcrumb\",\"itemListElement\":[{\"@type\":\"ListItem\",\"position\":1,\"name\":\"Home\",\"item\":\"https:\\\/\\\/www.organisator.ch\\\/\"},{\"@type\":\"ListItem\",\"position\":2,\"name\":\"Cybersicherheit: Viele KMU im Blindflug\"}]},{\"@type\":\"WebSite\",\"@id\":\"https:\\\/\\\/www.organisator.ch\\\/#website\",\"url\":\"https:\\\/\\\/www.organisator.ch\\\/\",\"name\":\"Organisator\",\"description\":\"Kompetent. Praxisnah. Der ORGANISATOR bereitet in 10 Ausgaben pro Jahr die wesentlichen Themen f\u00fcr F\u00fchrungskr\u00e4fte von KMU auf.\",\"publisher\":{\"@id\":\"https:\\\/\\\/www.organisator.ch\\\/#organization\"},\"potentialAction\":[{\"@type\":\"SearchAction\",\"target\":{\"@type\":\"EntryPoint\",\"urlTemplate\":\"https:\\\/\\\/www.organisator.ch\\\/?s={search_term_string}\"},\"query-input\":{\"@type\":\"PropertyValueSpecification\",\"valueRequired\":true,\"valueName\":\"search_term_string\"}}],\"inLanguage\":\"fr-FR\"},{\"@type\":\"Organization\",\"@id\":\"https:\\\/\\\/www.organisator.ch\\\/#organization\",\"name\":\"Organisator\",\"url\":\"https:\\\/\\\/www.organisator.ch\\\/\",\"logo\":{\"@type\":\"ImageObject\",\"inLanguage\":\"fr-FR\",\"@id\":\"https:\\\/\\\/www.organisator.ch\\\/#\\\/schema\\\/logo\\\/image\\\/\",\"url\":\"https:\\\/\\\/www.organisator.ch\\\/wp-content\\\/uploads\\\/2022\\\/01\\\/Logo_Organisator_Website.png\",\"contentUrl\":\"https:\\\/\\\/www.organisator.ch\\\/wp-content\\\/uploads\\\/2022\\\/01\\\/Logo_Organisator_Website.png\",\"width\":800,\"height\":77,\"caption\":\"Organisator\"},\"image\":{\"@id\":\"https:\\\/\\\/www.organisator.ch\\\/#\\\/schema\\\/logo\\\/image\\\/\"},\"sameAs\":[\"https:\\\/\\\/www.facebook.com\\\/OrganisatorFachmagazin\",\"https:\\\/\\\/www.linkedin.com\\\/showcase\\\/organisator-das-magazin-fr-kmu\",\"https:\\\/\\\/www.xing.com\\\/news\\\/pages\\\/organisator-ch-695\",\"https:\\\/\\\/www.youtube.com\\\/channel\\\/UCGP2Sq0iWaZwT3BdIAQFYpw\"]},{\"@type\":\"Person\",\"@id\":\"https:\\\/\\\/www.organisator.ch\\\/#\\\/schema\\\/person\\\/aa2bace6c5c5aad60102004a50c4eb1c\",\"name\":\"admin\",\"image\":{\"@type\":\"ImageObject\",\"inLanguage\":\"fr-FR\",\"@id\":\"https:\\\/\\\/secure.gravatar.com\\\/avatar\\\/ae2f4d718e6c49043e314ce431e7e645d646302a24a5ef5a8bc8e3f5a032e319?s=96&d=mm&r=g\",\"url\":\"https:\\\/\\\/secure.gravatar.com\\\/avatar\\\/ae2f4d718e6c49043e314ce431e7e645d646302a24a5ef5a8bc8e3f5a032e319?s=96&d=mm&r=g\",\"contentUrl\":\"https:\\\/\\\/secure.gravatar.com\\\/avatar\\\/ae2f4d718e6c49043e314ce431e7e645d646302a24a5ef5a8bc8e3f5a032e319?s=96&d=mm&r=g\",\"caption\":\"admin\"},\"sameAs\":[\"https:\\\/\\\/www.organisator.ch\"],\"url\":\"https:\\\/\\\/www.organisator.ch\\\/fr\\\/author\\\/admin\\\/\"}]}<\/script>\n<!-- \/ Yoast SEO plugin. -->","yoast_head_json":{"title":"Cybers\u00e9curit\u00e9 : de nombreuses PME avancent \u00e0 l'aveuglette - Organisateur","description":"Les PME avancent-elles \u00e0 l'aveuglette ? Les PME suisses subissent une forte pression num\u00e9rique, mais la priorit\u00e9 accord\u00e9e \u00e0 la cybers\u00e9curit\u00e9 diminue.","robots":{"index":"index","follow":"follow","max-snippet":"max-snippet:-1","max-image-preview":"max-image-preview:large","max-video-preview":"max-video-preview:-1"},"canonical":"https:\/\/www.organisator.ch\/fr\/excellence-operationnelle\/2025-12-05\/cybersicherheit-viele-kmu-im-blindflug\/","og_locale":"fr_FR","og_type":"article","og_title":"Cybersicherheit: Viele KMU im Blindflug - Organisator","og_description":"KMU im Blindflug? Schweizer KMU stehen unter hohem digitalem Druck, doch die Priorit\u00e4t f\u00fcr Cybersicherheit sinkt.","og_url":"https:\/\/www.organisator.ch\/fr\/excellence-operationnelle\/2025-12-05\/cybersicherheit-viele-kmu-im-blindflug\/","og_site_name":"Organisator","article_publisher":"https:\/\/www.facebook.com\/OrganisatorFachmagazin","article_published_time":"2025-12-05T01:04:19+00:00","og_image":[{"width":1400,"height":791,"url":"https:\/\/www.organisator.ch\/wp-content\/uploads\/2025\/12\/OpEx_Cybersecurity_Bild_NEU_organisator_188893-scaled.jpg","type":"image\/jpeg"}],"author":"admin","twitter_card":"summary_large_image","schema":{"@context":"https:\/\/schema.org","@graph":[{"@type":"Article","@id":"https:\/\/www.organisator.ch\/operational-excellence\/2025-12-05\/cybersicherheit-viele-kmu-im-blindflug\/#article","isPartOf":{"@id":"https:\/\/www.organisator.ch\/operational-excellence\/2025-12-05\/cybersicherheit-viele-kmu-im-blindflug\/"},"author":{"name":"admin","@id":"https:\/\/www.organisator.ch\/#\/schema\/person\/aa2bace6c5c5aad60102004a50c4eb1c"},"headline":"Cybersicherheit: Viele KMU im Blindflug","datePublished":"2025-12-05T01:04:19+00:00","mainEntityOfPage":{"@id":"https:\/\/www.organisator.ch\/operational-excellence\/2025-12-05\/cybersicherheit-viele-kmu-im-blindflug\/"},"wordCount":1366,"publisher":{"@id":"https:\/\/www.organisator.ch\/#organization"},"image":{"@id":"https:\/\/www.organisator.ch\/operational-excellence\/2025-12-05\/cybersicherheit-viele-kmu-im-blindflug\/#primaryimage"},"thumbnailUrl":"https:\/\/www.organisator.ch\/wp-content\/uploads\/2025\/12\/OpEx_Cybersecurity_Bild_NEU_organisator_188893-scaled.jpg","keywords":["Cybersicherheit","Digitalisierung","Risikomanagement"],"articleSection":["ABO+","OPERATIONAL EXCELLENCE"],"inLanguage":"fr-FR"},{"@type":"WebPage","@id":"https:\/\/www.organisator.ch\/operational-excellence\/2025-12-05\/cybersicherheit-viele-kmu-im-blindflug\/","url":"https:\/\/www.organisator.ch\/operational-excellence\/2025-12-05\/cybersicherheit-viele-kmu-im-blindflug\/","name":"Cybers\u00e9curit\u00e9 : de nombreuses PME avancent \u00e0 l'aveuglette - Organisateur","isPartOf":{"@id":"https:\/\/www.organisator.ch\/#website"},"primaryImageOfPage":{"@id":"https:\/\/www.organisator.ch\/operational-excellence\/2025-12-05\/cybersicherheit-viele-kmu-im-blindflug\/#primaryimage"},"image":{"@id":"https:\/\/www.organisator.ch\/operational-excellence\/2025-12-05\/cybersicherheit-viele-kmu-im-blindflug\/#primaryimage"},"thumbnailUrl":"https:\/\/www.organisator.ch\/wp-content\/uploads\/2025\/12\/OpEx_Cybersecurity_Bild_NEU_organisator_188893-scaled.jpg","datePublished":"2025-12-05T01:04:19+00:00","description":"Les PME avancent-elles \u00e0 l'aveuglette ? Les PME suisses subissent une forte pression num\u00e9rique, mais la priorit\u00e9 accord\u00e9e \u00e0 la cybers\u00e9curit\u00e9 diminue.","breadcrumb":{"@id":"https:\/\/www.organisator.ch\/operational-excellence\/2025-12-05\/cybersicherheit-viele-kmu-im-blindflug\/#breadcrumb"},"inLanguage":"fr-FR","potentialAction":[{"@type":"ReadAction","target":["https:\/\/www.organisator.ch\/operational-excellence\/2025-12-05\/cybersicherheit-viele-kmu-im-blindflug\/"]}]},{"@type":"ImageObject","inLanguage":"fr-FR","@id":"https:\/\/www.organisator.ch\/operational-excellence\/2025-12-05\/cybersicherheit-viele-kmu-im-blindflug\/#primaryimage","url":"https:\/\/www.organisator.ch\/wp-content\/uploads\/2025\/12\/OpEx_Cybersecurity_Bild_NEU_organisator_188893-scaled.jpg","contentUrl":"https:\/\/www.organisator.ch\/wp-content\/uploads\/2025\/12\/OpEx_Cybersecurity_Bild_NEU_organisator_188893-scaled.jpg","width":1400,"height":791,"caption":"Im Blindflug durch den Cyberspace? Viele Unternehmen scheinen dem Thema Cybersicherheit weniger Gewicht beizumessen als auch schon. \u00a9 KI-generiert \/ Midjourney.com"},{"@type":"BreadcrumbList","@id":"https:\/\/www.organisator.ch\/operational-excellence\/2025-12-05\/cybersicherheit-viele-kmu-im-blindflug\/#breadcrumb","itemListElement":[{"@type":"ListItem","position":1,"name":"Home","item":"https:\/\/www.organisator.ch\/"},{"@type":"ListItem","position":2,"name":"Cybersicherheit: Viele KMU im Blindflug"}]},{"@type":"WebSite","@id":"https:\/\/www.organisator.ch\/#website","url":"https:\/\/www.organisator.ch\/","name":"Organisateur","description":"Comp\u00e9tence et comp\u00e9tence. Proches de la pratique. L'ORGANISATEUR pr\u00e9pare 10 num\u00e9ros par an sur les th\u00e8mes essentiels pour les dirigeants de PME.","publisher":{"@id":"https:\/\/www.organisator.ch\/#organization"},"potentialAction":[{"@type":"SearchAction","target":{"@type":"EntryPoint","urlTemplate":"https:\/\/www.organisator.ch\/?s={search_term_string}"},"query-input":{"@type":"PropertyValueSpecification","valueRequired":true,"valueName":"search_term_string"}}],"inLanguage":"fr-FR"},{"@type":"Organization","@id":"https:\/\/www.organisator.ch\/#organization","name":"Organisateur","url":"https:\/\/www.organisator.ch\/","logo":{"@type":"ImageObject","inLanguage":"fr-FR","@id":"https:\/\/www.organisator.ch\/#\/schema\/logo\/image\/","url":"https:\/\/www.organisator.ch\/wp-content\/uploads\/2022\/01\/Logo_Organisator_Website.png","contentUrl":"https:\/\/www.organisator.ch\/wp-content\/uploads\/2022\/01\/Logo_Organisator_Website.png","width":800,"height":77,"caption":"Organisator"},"image":{"@id":"https:\/\/www.organisator.ch\/#\/schema\/logo\/image\/"},"sameAs":["https:\/\/www.facebook.com\/OrganisatorFachmagazin","https:\/\/www.linkedin.com\/showcase\/organisator-das-magazin-fr-kmu","https:\/\/www.xing.com\/news\/pages\/organisator-ch-695","https:\/\/www.youtube.com\/channel\/UCGP2Sq0iWaZwT3BdIAQFYpw"]},{"@type":"Person","@id":"https:\/\/www.organisator.ch\/#\/schema\/person\/aa2bace6c5c5aad60102004a50c4eb1c","name":"admin","image":{"@type":"ImageObject","inLanguage":"fr-FR","@id":"https:\/\/secure.gravatar.com\/avatar\/ae2f4d718e6c49043e314ce431e7e645d646302a24a5ef5a8bc8e3f5a032e319?s=96&d=mm&r=g","url":"https:\/\/secure.gravatar.com\/avatar\/ae2f4d718e6c49043e314ce431e7e645d646302a24a5ef5a8bc8e3f5a032e319?s=96&d=mm&r=g","contentUrl":"https:\/\/secure.gravatar.com\/avatar\/ae2f4d718e6c49043e314ce431e7e645d646302a24a5ef5a8bc8e3f5a032e319?s=96&d=mm&r=g","caption":"admin"},"sameAs":["https:\/\/www.organisator.ch"],"url":"https:\/\/www.organisator.ch\/fr\/author\/admin\/"}]}},"_links":{"self":[{"href":"https:\/\/www.organisator.ch\/fr\/wp-json\/wp\/v2\/posts\/42468","targetHints":{"allow":["GET"]}}],"collection":[{"href":"https:\/\/www.organisator.ch\/fr\/wp-json\/wp\/v2\/posts"}],"about":[{"href":"https:\/\/www.organisator.ch\/fr\/wp-json\/wp\/v2\/types\/post"}],"author":[{"embeddable":true,"href":"https:\/\/www.organisator.ch\/fr\/wp-json\/wp\/v2\/users\/1"}],"replies":[{"embeddable":true,"href":"https:\/\/www.organisator.ch\/fr\/wp-json\/wp\/v2\/comments?post=42468"}],"version-history":[{"count":2,"href":"https:\/\/www.organisator.ch\/fr\/wp-json\/wp\/v2\/posts\/42468\/revisions"}],"predecessor-version":[{"id":42567,"href":"https:\/\/www.organisator.ch\/fr\/wp-json\/wp\/v2\/posts\/42468\/revisions\/42567"}],"wp:featuredmedia":[{"embeddable":true,"href":"https:\/\/www.organisator.ch\/fr\/wp-json\/wp\/v2\/media\/42467"}],"wp:attachment":[{"href":"https:\/\/www.organisator.ch\/fr\/wp-json\/wp\/v2\/media?parent=42468"}],"wp:term":[{"taxonomy":"category","embeddable":true,"href":"https:\/\/www.organisator.ch\/fr\/wp-json\/wp\/v2\/categories?post=42468"},{"taxonomy":"post_tag","embeddable":true,"href":"https:\/\/www.organisator.ch\/fr\/wp-json\/wp\/v2\/tags?post=42468"}],"curies":[{"name":"wp","href":"https:\/\/api.w.org\/{rel}","templated":true}]}}