{"id":42519,"date":"2025-12-04T21:24:16","date_gmt":"2025-12-04T20:24:16","guid":{"rendered":"https:\/\/www.organisator.ch\/de\/?p=42519"},"modified":"2025-12-03T10:44:06","modified_gmt":"2025-12-03T09:44:06","slug":"verflixt-unser-auftragsbuch-fuer-2026-ist-noch-leer","status":"publish","type":"post","link":"https:\/\/www.organisator.ch\/fr\/marketing\/2025-12-04\/verflixt-unser-auftragsbuch-fuer-2026-ist-noch-leer\/","title":{"rendered":"\u00ab Zut, notre carnet de commandes pour 2026 est encore vide ! \u00bb"},"content":{"rendered":"<div class=\"swpm-post-not-logged-in-msg\">Vous devez \u00eatre connect\u00e9 pour voir ce contenu. Veuillez <a class=\"swpm-login-link\" href=\"https:\/\/www.organisator.ch\/login\/\">Se connecter<\/a>. Pas un membre ? <a href=\"https:\/\/www.organisator.ch\/shop\/\">Nous Rejoindre<\/a><\/div>","protected":false},"excerpt":{"rendered":"<p>Chaque ann\u00e9e, c'est le m\u00eame rituel. D\u00e8s que les feuilles tombent des arbres, les prestataires B2B \u2013 tels que les consultants, les formateurs, les coachs \u2013 sollicitent massivement les agences de marketing pour leur demander de les aider \u00e0 acqu\u00e9rir des clients et des contrats.<\/p>","protected":false},"author":1,"featured_media":42516,"comment_status":"closed","ping_status":"closed","sticky":false,"template":"","format":"standard","meta":{"_acf_changed":false,"_yoast_wpseo_focuskw":"Auftragsbuch","_yoast_wpseo_metadesc":"Alle Jahre wieder fragen B2B-Dienstleister bei Marketingagenturen an, ob diese sie bei der Kunden- und Auftragsakquise unterst\u00fctzen k\u00f6nnten.","articlekey":"187669","footnotes":""},"categories":[578,29],"tags":[2850,5400,317],"class_list":["post-42519","post","type-post","status-publish","format-standard","has-post-thumbnail","hentry","category-abo","category-marketing","tag-agenturen","tag-akquise","tag-kundenbeziehungsmanagement"],"acf":[],"yoast_head":"<!-- This site is optimized with the Yoast SEO plugin v27.4 - https:\/\/yoast.com\/product\/yoast-seo-wordpress\/ -->\n<title>\u00abVerflixt, unser Auftragsbuch f\u00fcr 2026 ist noch leer!\u00bb - Organisator<\/title>\n<meta name=\"description\" content=\"Alle Jahre wieder fragen B2B-Dienstleister bei Marketingagenturen an, ob diese sie bei der Kunden- und Auftragsakquise unterst\u00fctzen k\u00f6nnten.\" \/>\n<meta name=\"robots\" content=\"index, follow, max-snippet:-1, max-image-preview:large, max-video-preview:-1\" \/>\n<link rel=\"canonical\" href=\"https:\/\/www.organisator.ch\/fr\/marketing\/2025-12-04\/verflixt-unser-auftragsbuch-fuer-2026-ist-noch-leer\/\" \/>\n<meta property=\"og:locale\" content=\"fr_FR\" \/>\n<meta property=\"og:type\" content=\"article\" \/>\n<meta property=\"og:title\" content=\"\u00abVerflixt, unser Auftragsbuch f\u00fcr 2026 ist noch leer!\u00bb - Organisator\" \/>\n<meta property=\"og:description\" content=\"Alle Jahre wieder fragen B2B-Dienstleister bei Marketingagenturen an, ob diese sie bei der Kunden- und Auftragsakquise unterst\u00fctzen k\u00f6nnten.\" \/>\n<meta property=\"og:url\" content=\"https:\/\/www.organisator.ch\/fr\/marketing\/2025-12-04\/verflixt-unser-auftragsbuch-fuer-2026-ist-noch-leer\/\" \/>\n<meta property=\"og:site_name\" content=\"Organisator\" \/>\n<meta property=\"article:publisher\" content=\"https:\/\/www.facebook.com\/OrganisatorFachmagazin\" \/>\n<meta property=\"article:published_time\" content=\"2025-12-04T20:24:16+00:00\" \/>\n<meta property=\"og:image\" content=\"https:\/\/www.organisator.ch\/wp-content\/uploads\/2025\/12\/Marketing_Kuntz_Bild1_organisator_187732-scaled.jpg\" \/>\n\t<meta property=\"og:image:width\" content=\"1400\" \/>\n\t<meta property=\"og:image:height\" content=\"833\" \/>\n\t<meta property=\"og:image:type\" content=\"image\/jpeg\" \/>\n<meta name=\"author\" content=\"admin\" \/>\n<meta name=\"twitter:card\" content=\"summary_large_image\" \/>\n<script type=\"application\/ld+json\" class=\"yoast-schema-graph\">{\"@context\":\"https:\\\/\\\/schema.org\",\"@graph\":[{\"@type\":\"Article\",\"@id\":\"https:\\\/\\\/www.organisator.ch\\\/marketing\\\/2025-12-04\\\/verflixt-unser-auftragsbuch-fuer-2026-ist-noch-leer\\\/#article\",\"isPartOf\":{\"@id\":\"https:\\\/\\\/www.organisator.ch\\\/marketing\\\/2025-12-04\\\/verflixt-unser-auftragsbuch-fuer-2026-ist-noch-leer\\\/\"},\"author\":{\"name\":\"admin\",\"@id\":\"https:\\\/\\\/www.organisator.ch\\\/#\\\/schema\\\/person\\\/aa2bace6c5c5aad60102004a50c4eb1c\"},\"headline\":\"\u00abVerflixt, unser Auftragsbuch f\u00fcr 2026 ist noch leer!\u00bb\",\"datePublished\":\"2025-12-04T20:24:16+00:00\",\"mainEntityOfPage\":{\"@id\":\"https:\\\/\\\/www.organisator.ch\\\/marketing\\\/2025-12-04\\\/verflixt-unser-auftragsbuch-fuer-2026-ist-noch-leer\\\/\"},\"wordCount\":1169,\"publisher\":{\"@id\":\"https:\\\/\\\/www.organisator.ch\\\/#organization\"},\"image\":{\"@id\":\"https:\\\/\\\/www.organisator.ch\\\/marketing\\\/2025-12-04\\\/verflixt-unser-auftragsbuch-fuer-2026-ist-noch-leer\\\/#primaryimage\"},\"thumbnailUrl\":\"https:\\\/\\\/www.organisator.ch\\\/wp-content\\\/uploads\\\/2025\\\/12\\\/Marketing_Kuntz_Bild1_organisator_187732-scaled.jpg\",\"keywords\":[\"Agenturen\",\"Akquise\",\"Kundenbeziehungsmanagement\"],\"articleSection\":[\"ABO+\",\"MARKETING\"],\"inLanguage\":\"fr-FR\"},{\"@type\":\"WebPage\",\"@id\":\"https:\\\/\\\/www.organisator.ch\\\/marketing\\\/2025-12-04\\\/verflixt-unser-auftragsbuch-fuer-2026-ist-noch-leer\\\/\",\"url\":\"https:\\\/\\\/www.organisator.ch\\\/marketing\\\/2025-12-04\\\/verflixt-unser-auftragsbuch-fuer-2026-ist-noch-leer\\\/\",\"name\":\"\u00abVerflixt, unser Auftragsbuch f\u00fcr 2026 ist noch leer!\u00bb - Organisator\",\"isPartOf\":{\"@id\":\"https:\\\/\\\/www.organisator.ch\\\/#website\"},\"primaryImageOfPage\":{\"@id\":\"https:\\\/\\\/www.organisator.ch\\\/marketing\\\/2025-12-04\\\/verflixt-unser-auftragsbuch-fuer-2026-ist-noch-leer\\\/#primaryimage\"},\"image\":{\"@id\":\"https:\\\/\\\/www.organisator.ch\\\/marketing\\\/2025-12-04\\\/verflixt-unser-auftragsbuch-fuer-2026-ist-noch-leer\\\/#primaryimage\"},\"thumbnailUrl\":\"https:\\\/\\\/www.organisator.ch\\\/wp-content\\\/uploads\\\/2025\\\/12\\\/Marketing_Kuntz_Bild1_organisator_187732-scaled.jpg\",\"datePublished\":\"2025-12-04T20:24:16+00:00\",\"description\":\"Alle Jahre wieder fragen B2B-Dienstleister bei Marketingagenturen an, ob diese sie bei der Kunden- und Auftragsakquise unterst\u00fctzen k\u00f6nnten.\",\"breadcrumb\":{\"@id\":\"https:\\\/\\\/www.organisator.ch\\\/marketing\\\/2025-12-04\\\/verflixt-unser-auftragsbuch-fuer-2026-ist-noch-leer\\\/#breadcrumb\"},\"inLanguage\":\"fr-FR\",\"potentialAction\":[{\"@type\":\"ReadAction\",\"target\":[\"https:\\\/\\\/www.organisator.ch\\\/marketing\\\/2025-12-04\\\/verflixt-unser-auftragsbuch-fuer-2026-ist-noch-leer\\\/\"]}]},{\"@type\":\"ImageObject\",\"inLanguage\":\"fr-FR\",\"@id\":\"https:\\\/\\\/www.organisator.ch\\\/marketing\\\/2025-12-04\\\/verflixt-unser-auftragsbuch-fuer-2026-ist-noch-leer\\\/#primaryimage\",\"url\":\"https:\\\/\\\/www.organisator.ch\\\/wp-content\\\/uploads\\\/2025\\\/12\\\/Marketing_Kuntz_Bild1_organisator_187732-scaled.jpg\",\"contentUrl\":\"https:\\\/\\\/www.organisator.ch\\\/wp-content\\\/uploads\\\/2025\\\/12\\\/Marketing_Kuntz_Bild1_organisator_187732-scaled.jpg\",\"width\":1400,\"height\":833,\"caption\":\"Fehlende Auftr\u00e4ge treiben B2B-Dienstleistern Sorgenfalten ins Gesicht. \u00a9 Depositphotos.com\"},{\"@type\":\"BreadcrumbList\",\"@id\":\"https:\\\/\\\/www.organisator.ch\\\/marketing\\\/2025-12-04\\\/verflixt-unser-auftragsbuch-fuer-2026-ist-noch-leer\\\/#breadcrumb\",\"itemListElement\":[{\"@type\":\"ListItem\",\"position\":1,\"name\":\"Home\",\"item\":\"https:\\\/\\\/www.organisator.ch\\\/\"},{\"@type\":\"ListItem\",\"position\":2,\"name\":\"\u00abVerflixt, unser Auftragsbuch f\u00fcr 2026 ist noch leer!\u00bb\"}]},{\"@type\":\"WebSite\",\"@id\":\"https:\\\/\\\/www.organisator.ch\\\/#website\",\"url\":\"https:\\\/\\\/www.organisator.ch\\\/\",\"name\":\"Organisator\",\"description\":\"Kompetent. Praxisnah. Der ORGANISATOR bereitet in 10 Ausgaben pro Jahr die wesentlichen Themen f\u00fcr F\u00fchrungskr\u00e4fte von KMU auf.\",\"publisher\":{\"@id\":\"https:\\\/\\\/www.organisator.ch\\\/#organization\"},\"potentialAction\":[{\"@type\":\"SearchAction\",\"target\":{\"@type\":\"EntryPoint\",\"urlTemplate\":\"https:\\\/\\\/www.organisator.ch\\\/?s={search_term_string}\"},\"query-input\":{\"@type\":\"PropertyValueSpecification\",\"valueRequired\":true,\"valueName\":\"search_term_string\"}}],\"inLanguage\":\"fr-FR\"},{\"@type\":\"Organization\",\"@id\":\"https:\\\/\\\/www.organisator.ch\\\/#organization\",\"name\":\"Organisator\",\"url\":\"https:\\\/\\\/www.organisator.ch\\\/\",\"logo\":{\"@type\":\"ImageObject\",\"inLanguage\":\"fr-FR\",\"@id\":\"https:\\\/\\\/www.organisator.ch\\\/#\\\/schema\\\/logo\\\/image\\\/\",\"url\":\"https:\\\/\\\/www.organisator.ch\\\/wp-content\\\/uploads\\\/2022\\\/01\\\/Logo_Organisator_Website.png\",\"contentUrl\":\"https:\\\/\\\/www.organisator.ch\\\/wp-content\\\/uploads\\\/2022\\\/01\\\/Logo_Organisator_Website.png\",\"width\":800,\"height\":77,\"caption\":\"Organisator\"},\"image\":{\"@id\":\"https:\\\/\\\/www.organisator.ch\\\/#\\\/schema\\\/logo\\\/image\\\/\"},\"sameAs\":[\"https:\\\/\\\/www.facebook.com\\\/OrganisatorFachmagazin\",\"https:\\\/\\\/www.linkedin.com\\\/showcase\\\/organisator-das-magazin-fr-kmu\",\"https:\\\/\\\/www.xing.com\\\/news\\\/pages\\\/organisator-ch-695\",\"https:\\\/\\\/www.youtube.com\\\/channel\\\/UCGP2Sq0iWaZwT3BdIAQFYpw\"]},{\"@type\":\"Person\",\"@id\":\"https:\\\/\\\/www.organisator.ch\\\/#\\\/schema\\\/person\\\/aa2bace6c5c5aad60102004a50c4eb1c\",\"name\":\"admin\",\"image\":{\"@type\":\"ImageObject\",\"inLanguage\":\"fr-FR\",\"@id\":\"https:\\\/\\\/secure.gravatar.com\\\/avatar\\\/ae2f4d718e6c49043e314ce431e7e645d646302a24a5ef5a8bc8e3f5a032e319?s=96&d=mm&r=g\",\"url\":\"https:\\\/\\\/secure.gravatar.com\\\/avatar\\\/ae2f4d718e6c49043e314ce431e7e645d646302a24a5ef5a8bc8e3f5a032e319?s=96&d=mm&r=g\",\"contentUrl\":\"https:\\\/\\\/secure.gravatar.com\\\/avatar\\\/ae2f4d718e6c49043e314ce431e7e645d646302a24a5ef5a8bc8e3f5a032e319?s=96&d=mm&r=g\",\"caption\":\"admin\"},\"sameAs\":[\"https:\\\/\\\/www.organisator.ch\"],\"url\":\"https:\\\/\\\/www.organisator.ch\\\/fr\\\/author\\\/admin\\\/\"}]}<\/script>\n<!-- \/ Yoast SEO plugin. -->","yoast_head_json":{"title":"\u00ab Zut, notre carnet de commandes pour 2026 est encore vide ! \u00bb - Organisateur","description":"Chaque ann\u00e9e, les prestataires de services B2B demandent aux agences de marketing si celles-ci peuvent les aider \u00e0 acqu\u00e9rir des clients et des contrats.","robots":{"index":"index","follow":"follow","max-snippet":"max-snippet:-1","max-image-preview":"max-image-preview:large","max-video-preview":"max-video-preview:-1"},"canonical":"https:\/\/www.organisator.ch\/fr\/marketing\/2025-12-04\/verflixt-unser-auftragsbuch-fuer-2026-ist-noch-leer\/","og_locale":"fr_FR","og_type":"article","og_title":"\u00abVerflixt, unser Auftragsbuch f\u00fcr 2026 ist noch leer!\u00bb - Organisator","og_description":"Alle Jahre wieder fragen B2B-Dienstleister bei Marketingagenturen an, ob diese sie bei der Kunden- und Auftragsakquise unterst\u00fctzen k\u00f6nnten.","og_url":"https:\/\/www.organisator.ch\/fr\/marketing\/2025-12-04\/verflixt-unser-auftragsbuch-fuer-2026-ist-noch-leer\/","og_site_name":"Organisator","article_publisher":"https:\/\/www.facebook.com\/OrganisatorFachmagazin","article_published_time":"2025-12-04T20:24:16+00:00","og_image":[{"width":1400,"height":833,"url":"https:\/\/www.organisator.ch\/wp-content\/uploads\/2025\/12\/Marketing_Kuntz_Bild1_organisator_187732-scaled.jpg","type":"image\/jpeg"}],"author":"admin","twitter_card":"summary_large_image","schema":{"@context":"https:\/\/schema.org","@graph":[{"@type":"Article","@id":"https:\/\/www.organisator.ch\/marketing\/2025-12-04\/verflixt-unser-auftragsbuch-fuer-2026-ist-noch-leer\/#article","isPartOf":{"@id":"https:\/\/www.organisator.ch\/marketing\/2025-12-04\/verflixt-unser-auftragsbuch-fuer-2026-ist-noch-leer\/"},"author":{"name":"admin","@id":"https:\/\/www.organisator.ch\/#\/schema\/person\/aa2bace6c5c5aad60102004a50c4eb1c"},"headline":"\u00abVerflixt, unser Auftragsbuch f\u00fcr 2026 ist noch leer!\u00bb","datePublished":"2025-12-04T20:24:16+00:00","mainEntityOfPage":{"@id":"https:\/\/www.organisator.ch\/marketing\/2025-12-04\/verflixt-unser-auftragsbuch-fuer-2026-ist-noch-leer\/"},"wordCount":1169,"publisher":{"@id":"https:\/\/www.organisator.ch\/#organization"},"image":{"@id":"https:\/\/www.organisator.ch\/marketing\/2025-12-04\/verflixt-unser-auftragsbuch-fuer-2026-ist-noch-leer\/#primaryimage"},"thumbnailUrl":"https:\/\/www.organisator.ch\/wp-content\/uploads\/2025\/12\/Marketing_Kuntz_Bild1_organisator_187732-scaled.jpg","keywords":["Agenturen","Akquise","Kundenbeziehungsmanagement"],"articleSection":["ABO+","MARKETING"],"inLanguage":"fr-FR"},{"@type":"WebPage","@id":"https:\/\/www.organisator.ch\/marketing\/2025-12-04\/verflixt-unser-auftragsbuch-fuer-2026-ist-noch-leer\/","url":"https:\/\/www.organisator.ch\/marketing\/2025-12-04\/verflixt-unser-auftragsbuch-fuer-2026-ist-noch-leer\/","name":"\u00ab Zut, notre carnet de commandes pour 2026 est encore vide ! \u00bb - Organisateur","isPartOf":{"@id":"https:\/\/www.organisator.ch\/#website"},"primaryImageOfPage":{"@id":"https:\/\/www.organisator.ch\/marketing\/2025-12-04\/verflixt-unser-auftragsbuch-fuer-2026-ist-noch-leer\/#primaryimage"},"image":{"@id":"https:\/\/www.organisator.ch\/marketing\/2025-12-04\/verflixt-unser-auftragsbuch-fuer-2026-ist-noch-leer\/#primaryimage"},"thumbnailUrl":"https:\/\/www.organisator.ch\/wp-content\/uploads\/2025\/12\/Marketing_Kuntz_Bild1_organisator_187732-scaled.jpg","datePublished":"2025-12-04T20:24:16+00:00","description":"Chaque ann\u00e9e, les prestataires de services B2B demandent aux agences de marketing si celles-ci peuvent les aider \u00e0 acqu\u00e9rir des clients et des contrats.","breadcrumb":{"@id":"https:\/\/www.organisator.ch\/marketing\/2025-12-04\/verflixt-unser-auftragsbuch-fuer-2026-ist-noch-leer\/#breadcrumb"},"inLanguage":"fr-FR","potentialAction":[{"@type":"ReadAction","target":["https:\/\/www.organisator.ch\/marketing\/2025-12-04\/verflixt-unser-auftragsbuch-fuer-2026-ist-noch-leer\/"]}]},{"@type":"ImageObject","inLanguage":"fr-FR","@id":"https:\/\/www.organisator.ch\/marketing\/2025-12-04\/verflixt-unser-auftragsbuch-fuer-2026-ist-noch-leer\/#primaryimage","url":"https:\/\/www.organisator.ch\/wp-content\/uploads\/2025\/12\/Marketing_Kuntz_Bild1_organisator_187732-scaled.jpg","contentUrl":"https:\/\/www.organisator.ch\/wp-content\/uploads\/2025\/12\/Marketing_Kuntz_Bild1_organisator_187732-scaled.jpg","width":1400,"height":833,"caption":"Fehlende Auftr\u00e4ge treiben B2B-Dienstleistern Sorgenfalten ins Gesicht. \u00a9 Depositphotos.com"},{"@type":"BreadcrumbList","@id":"https:\/\/www.organisator.ch\/marketing\/2025-12-04\/verflixt-unser-auftragsbuch-fuer-2026-ist-noch-leer\/#breadcrumb","itemListElement":[{"@type":"ListItem","position":1,"name":"Home","item":"https:\/\/www.organisator.ch\/"},{"@type":"ListItem","position":2,"name":"\u00abVerflixt, unser Auftragsbuch f\u00fcr 2026 ist noch leer!\u00bb"}]},{"@type":"WebSite","@id":"https:\/\/www.organisator.ch\/#website","url":"https:\/\/www.organisator.ch\/","name":"Organisateur","description":"Comp\u00e9tence et comp\u00e9tence. Proches de la pratique. L'ORGANISATEUR pr\u00e9pare 10 num\u00e9ros par an sur les th\u00e8mes essentiels pour les dirigeants de PME.","publisher":{"@id":"https:\/\/www.organisator.ch\/#organization"},"potentialAction":[{"@type":"SearchAction","target":{"@type":"EntryPoint","urlTemplate":"https:\/\/www.organisator.ch\/?s={search_term_string}"},"query-input":{"@type":"PropertyValueSpecification","valueRequired":true,"valueName":"search_term_string"}}],"inLanguage":"fr-FR"},{"@type":"Organization","@id":"https:\/\/www.organisator.ch\/#organization","name":"Organisateur","url":"https:\/\/www.organisator.ch\/","logo":{"@type":"ImageObject","inLanguage":"fr-FR","@id":"https:\/\/www.organisator.ch\/#\/schema\/logo\/image\/","url":"https:\/\/www.organisator.ch\/wp-content\/uploads\/2022\/01\/Logo_Organisator_Website.png","contentUrl":"https:\/\/www.organisator.ch\/wp-content\/uploads\/2022\/01\/Logo_Organisator_Website.png","width":800,"height":77,"caption":"Organisator"},"image":{"@id":"https:\/\/www.organisator.ch\/#\/schema\/logo\/image\/"},"sameAs":["https:\/\/www.facebook.com\/OrganisatorFachmagazin","https:\/\/www.linkedin.com\/showcase\/organisator-das-magazin-fr-kmu","https:\/\/www.xing.com\/news\/pages\/organisator-ch-695","https:\/\/www.youtube.com\/channel\/UCGP2Sq0iWaZwT3BdIAQFYpw"]},{"@type":"Person","@id":"https:\/\/www.organisator.ch\/#\/schema\/person\/aa2bace6c5c5aad60102004a50c4eb1c","name":"admin","image":{"@type":"ImageObject","inLanguage":"fr-FR","@id":"https:\/\/secure.gravatar.com\/avatar\/ae2f4d718e6c49043e314ce431e7e645d646302a24a5ef5a8bc8e3f5a032e319?s=96&d=mm&r=g","url":"https:\/\/secure.gravatar.com\/avatar\/ae2f4d718e6c49043e314ce431e7e645d646302a24a5ef5a8bc8e3f5a032e319?s=96&d=mm&r=g","contentUrl":"https:\/\/secure.gravatar.com\/avatar\/ae2f4d718e6c49043e314ce431e7e645d646302a24a5ef5a8bc8e3f5a032e319?s=96&d=mm&r=g","caption":"admin"},"sameAs":["https:\/\/www.organisator.ch"],"url":"https:\/\/www.organisator.ch\/fr\/author\/admin\/"}]}},"_links":{"self":[{"href":"https:\/\/www.organisator.ch\/fr\/wp-json\/wp\/v2\/posts\/42519","targetHints":{"allow":["GET"]}}],"collection":[{"href":"https:\/\/www.organisator.ch\/fr\/wp-json\/wp\/v2\/posts"}],"about":[{"href":"https:\/\/www.organisator.ch\/fr\/wp-json\/wp\/v2\/types\/post"}],"author":[{"embeddable":true,"href":"https:\/\/www.organisator.ch\/fr\/wp-json\/wp\/v2\/users\/1"}],"replies":[{"embeddable":true,"href":"https:\/\/www.organisator.ch\/fr\/wp-json\/wp\/v2\/comments?post=42519"}],"version-history":[{"count":2,"href":"https:\/\/www.organisator.ch\/fr\/wp-json\/wp\/v2\/posts\/42519\/revisions"}],"predecessor-version":[{"id":42531,"href":"https:\/\/www.organisator.ch\/fr\/wp-json\/wp\/v2\/posts\/42519\/revisions\/42531"}],"wp:featuredmedia":[{"embeddable":true,"href":"https:\/\/www.organisator.ch\/fr\/wp-json\/wp\/v2\/media\/42516"}],"wp:attachment":[{"href":"https:\/\/www.organisator.ch\/fr\/wp-json\/wp\/v2\/media?parent=42519"}],"wp:term":[{"taxonomy":"category","embeddable":true,"href":"https:\/\/www.organisator.ch\/fr\/wp-json\/wp\/v2\/categories?post=42519"},{"taxonomy":"post_tag","embeddable":true,"href":"https:\/\/www.organisator.ch\/fr\/wp-json\/wp\/v2\/tags?post=42519"}],"curies":[{"name":"wp","href":"https:\/\/api.w.org\/{rel}","templated":true}]}}