{"id":42553,"date":"2025-12-04T08:34:52","date_gmt":"2025-12-04T07:34:52","guid":{"rendered":"https:\/\/www.organisator.ch\/?p=42553"},"modified":"2025-12-04T08:34:52","modified_gmt":"2025-12-04T07:34:52","slug":"unternehmensnachfolge-in-kmu-der-mem-branche-nicht-mehr-nur-familiensache","status":"publish","type":"post","link":"https:\/\/www.organisator.ch\/fr\/management\/2025-12-04\/unternehmensnachfolge-in-kmu-der-mem-branche-nicht-mehr-nur-familiensache\/","title":{"rendered":"Succession d'entreprise : dans les PME du secteur MEM, ce n'est plus seulement une affaire de famille"},"content":{"rendered":"<figure id=\"attachment_42554\" aria-describedby=\"caption-attachment-42554\" style=\"width: 680px\" class=\"wp-caption alignnone\"><img loading=\"lazy\" decoding=\"async\" class=\"size-full wp-image-42554\" src=\"https:\/\/www.organisator.ch\/wp-content\/uploads\/2025\/12\/Unternehmensnachfolge-In-KMU-der-MEM-Branche-nicht-mehr-nur-Familiensache_Organisator.jpg\" alt=\"\" width=\"680\" height=\"454\" srcset=\"https:\/\/www.organisator.ch\/wp-content\/uploads\/2025\/12\/Unternehmensnachfolge-In-KMU-der-MEM-Branche-nicht-mehr-nur-Familiensache_Organisator.jpg 680w, https:\/\/www.organisator.ch\/wp-content\/uploads\/2025\/12\/Unternehmensnachfolge-In-KMU-der-MEM-Branche-nicht-mehr-nur-Familiensache_Organisator-18x12.jpg 18w, https:\/\/www.organisator.ch\/wp-content\/uploads\/2025\/12\/Unternehmensnachfolge-In-KMU-der-MEM-Branche-nicht-mehr-nur-Familiensache_Organisator-375x250.jpg 375w, https:\/\/www.organisator.ch\/wp-content\/uploads\/2025\/12\/Unternehmensnachfolge-In-KMU-der-MEM-Branche-nicht-mehr-nur-Familiensache_Organisator-524x350.jpg 524w\" sizes=\"auto, (max-width: 680px) 100vw, 680px\" \/><figcaption id=\"caption-attachment-42554\" class=\"wp-caption-text\">Dans les entreprises, les changements de g\u00e9n\u00e9ration ne sont plus seulement une affaire familiale. (Photo : Depositphotos.com)<\/figcaption><\/figure>\n<p>Dans de nombreuses entreprises du secteur MEM, un changement de g\u00e9n\u00e9ration est pr\u00e9visible dans les cinq \u00e0 dix prochaines ann\u00e9es. C'est ce qu'a clairement constat\u00e9 Swissmechanic, l'association des PME MEM suisses, dans sa derni\u00e8re enqu\u00eate aupr\u00e8s de ses membres : 49 % des entreprises s'y attendent d\u00e9finitivement, 17 % suppl\u00e9mentaires le jugent probable. Malgr\u00e9 cette situation claire, pr\u00e8s de la moiti\u00e9 n'ont pas encore abord\u00e9 concr\u00e8tement le sujet, tandis que 28 % sont d\u00e9j\u00e0 en plein processus et 26 % ont pris les premi\u00e8res mesures.<\/p>\n<p>La question d'une solution interne \u00e0 la famille pr\u00e9sente un tableau mitig\u00e9. Alors que 33 % restent ouverts \u00e0 une transmission interne, 42 % l'excluent d'embl\u00e9e. Les principales raisons invoqu\u00e9es sont les autres int\u00e9r\u00eats professionnels de la g\u00e9n\u00e9ration suivante (28 %) et l'absence de successeurs appropri\u00e9s (26 %).<\/p>\n<h3>Le sujet perd de son importance<\/h3>\n<p>Swissmechanic souligne un facteur de risque d\u00e9cisif pour la viabilit\u00e9 future des entreprises industrielles suisses : la succession familiale, traditionnellement privil\u00e9gi\u00e9e, perd de plus en plus de son importance. Ce qui \u00e9tait encore la norme il y a quelques d\u00e9cennies est aujourd'hui de moins en moins courant. Ce changement n'est pas un cas isol\u00e9 en Suisse, mais s'inscrit dans une tendance mondiale \u2013 et les PME du secteur MEM ne font pas exception.<\/p>\n<p>Les entreprises citent notamment comme principal d\u00e9fi la recherche de successeurs appropri\u00e9s (28 %), suivie du financement et de l'\u00e9valuation de l'entreprise (23 %) ainsi que des questions juridiques et fiscales (14 %). L'association interpr\u00e8te ces \u00e9volutions comme le reflet de la complexit\u00e9 croissante de la responsabilit\u00e9 entrepreneuriale, en particulier en ce qui concerne les exigences financi\u00e8res et la grande diversit\u00e9 de comp\u00e9tences que doivent poss\u00e9der les successeurs d'aujourd'hui. Si 66 % des entreprises se sentent tr\u00e8s bien ou plut\u00f4t bien pr\u00e9par\u00e9es, environ un quart d'entre elles s'estiment plut\u00f4t mal pr\u00e9par\u00e9es, voire pas pr\u00e9par\u00e9es du tout. Le besoin de soutien reste donc \u00e9lev\u00e9.<\/p>\n<h3>Arr\u00eater la tendance<\/h3>\n<p>Swissmechanic consid\u00e8re ces r\u00e9sultats comme un signal clair : l'esprit d'entreprise n'a plus la m\u00eame importance qu'auparavant pour les jeunes g\u00e9n\u00e9rations dans les entreprises industrielles. L'association y voit un d\u00e9fi pour la comp\u00e9titivit\u00e9 \u00e0 long terme du secteur et souhaite s'engager encore davantage \u00e0 l'avenir pour enrayer cette tendance ou, si possible, l'inverser. Les membres de l'association partagent cette opinion : 59 % d'entre eux souhaitent que Swissmechanic s'engage davantage dans le domaine de la succession.<\/p>\n<p><em>Source : <a href=\"http:\/\/www.swissmechanic.ch\">Swissmechanic<\/a><\/em><\/p>","protected":false},"excerpt":{"rendered":"<p>La derni\u00e8re enqu\u00eate nationale r\u00e9alis\u00e9e par Swissmechanic montre que 66 % des entreprises s'attendent \u00e0 un changement de g\u00e9n\u00e9ration dans les cinq \u00e0 dix prochaines ann\u00e9es. Toutes les entreprises ne resteront pas dans le giron familial, ce qui refl\u00e8te l'air du temps.<\/p>","protected":false},"author":4,"featured_media":42554,"comment_status":"closed","ping_status":"closed","sticky":false,"template":"","format":"standard","meta":{"_acf_changed":false,"_yoast_wpseo_focuskw":"Unternehmensnachfolge","_yoast_wpseo_metadesc":"Die j\u00fcngste Umfrage von Swissmechanic zeigt: In 66 Prozent der Firmen wird es in f\u00fcnf bis zehn Jahren eine Unternehmensnachfolge geben.","articlekey":"","footnotes":""},"categories":[28],"tags":[196,207,335,5506],"class_list":["post-42553","post","type-post","status-publish","format-standard","has-post-thumbnail","hentry","category-management","tag-familienunternehmen","tag-firmennachfolge","tag-management-und-unternehmensfuehrung","tag-mem-industrie"],"acf":[],"yoast_head":"<!-- This site is optimized with the Yoast SEO plugin v27.4 - https:\/\/yoast.com\/product\/yoast-seo-wordpress\/ -->\n<title>Unternehmensnachfolge: In KMU der MEM-Branche nicht mehr nur Familiensache - Organisator<\/title>\n<meta name=\"description\" content=\"Die j\u00fcngste Umfrage von Swissmechanic zeigt: In 66 Prozent der Firmen wird es in f\u00fcnf bis zehn Jahren eine Unternehmensnachfolge geben.\" \/>\n<meta name=\"robots\" content=\"index, follow, max-snippet:-1, max-image-preview:large, max-video-preview:-1\" \/>\n<link rel=\"canonical\" href=\"https:\/\/www.organisator.ch\/fr\/gestion-2\/2025-12-04\/unternehmensnachfolge-in-kmu-der-mem-branche-nicht-mehr-nur-familiensache\/\" \/>\n<meta property=\"og:locale\" content=\"fr_FR\" \/>\n<meta property=\"og:type\" content=\"article\" \/>\n<meta property=\"og:title\" content=\"Unternehmensnachfolge: In KMU der MEM-Branche nicht mehr nur Familiensache\" \/>\n<meta property=\"og:description\" content=\"Die j\u00fcngste Umfrage von Swissmechanic zeigt: In 66 Prozent der Firmen wird es in f\u00fcnf bis zehn Jahren eine Unternehmensnachfolge geben.\" \/>\n<meta property=\"og:url\" content=\"https:\/\/www.organisator.ch\/fr\/gestion-2\/2025-12-04\/unternehmensnachfolge-in-kmu-der-mem-branche-nicht-mehr-nur-familiensache\/\" \/>\n<meta property=\"og:site_name\" content=\"Organisator\" \/>\n<meta property=\"article:publisher\" content=\"https:\/\/www.facebook.com\/OrganisatorFachmagazin\" \/>\n<meta property=\"article:published_time\" content=\"2025-12-04T07:34:52+00:00\" \/>\n<meta property=\"og:image\" content=\"https:\/\/www.organisator.ch\/wp-content\/uploads\/2025\/12\/Unternehmensnachfolge-In-KMU-der-MEM-Branche-nicht-mehr-nur-Familiensache_Organisator.jpg\" \/>\n\t<meta property=\"og:image:width\" content=\"680\" \/>\n\t<meta property=\"og:image:height\" content=\"454\" \/>\n\t<meta property=\"og:image:type\" content=\"image\/jpeg\" \/>\n<meta name=\"author\" content=\"thomas.berner\" \/>\n<meta name=\"twitter:card\" content=\"summary_large_image\" \/>\n<meta name=\"twitter:title\" content=\"#Unternehmensnachfolge: In KMU der #MEM-Branche nicht mehr nur #Familiensache\" \/>\n<meta name=\"twitter:description\" content=\"Die j\u00fcngste Umfrage von #Swissmechanic zeigt: In 66 Prozent der Firmen wird es in f\u00fcnf bis zehn Jahren eine #Unternehmensnachfolge geben.\" \/>\n<meta name=\"twitter:image\" content=\"https:\/\/www.organisator.ch\/wp-content\/uploads\/2025\/12\/Unternehmensnachfolge-In-KMU-der-MEM-Branche-nicht-mehr-nur-Familiensache_Organisator.jpg\" \/>\n<script type=\"application\/ld+json\" class=\"yoast-schema-graph\">{\"@context\":\"https:\\\/\\\/schema.org\",\"@graph\":[{\"@type\":\"Article\",\"@id\":\"https:\\\/\\\/www.organisator.ch\\\/management\\\/2025-12-04\\\/unternehmensnachfolge-in-kmu-der-mem-branche-nicht-mehr-nur-familiensache\\\/#article\",\"isPartOf\":{\"@id\":\"https:\\\/\\\/www.organisator.ch\\\/management\\\/2025-12-04\\\/unternehmensnachfolge-in-kmu-der-mem-branche-nicht-mehr-nur-familiensache\\\/\"},\"author\":{\"name\":\"thomas.berner\",\"@id\":\"https:\\\/\\\/www.organisator.ch\\\/#\\\/schema\\\/person\\\/6f650f90b2842cd4c0cc334b4e36f67e\"},\"headline\":\"Unternehmensnachfolge: In KMU der MEM-Branche nicht mehr nur Familiensache\",\"datePublished\":\"2025-12-04T07:34:52+00:00\",\"mainEntityOfPage\":{\"@id\":\"https:\\\/\\\/www.organisator.ch\\\/management\\\/2025-12-04\\\/unternehmensnachfolge-in-kmu-der-mem-branche-nicht-mehr-nur-familiensache\\\/\"},\"wordCount\":395,\"publisher\":{\"@id\":\"https:\\\/\\\/www.organisator.ch\\\/#organization\"},\"image\":{\"@id\":\"https:\\\/\\\/www.organisator.ch\\\/management\\\/2025-12-04\\\/unternehmensnachfolge-in-kmu-der-mem-branche-nicht-mehr-nur-familiensache\\\/#primaryimage\"},\"thumbnailUrl\":\"https:\\\/\\\/www.organisator.ch\\\/wp-content\\\/uploads\\\/2025\\\/12\\\/Unternehmensnachfolge-In-KMU-der-MEM-Branche-nicht-mehr-nur-Familiensache_Organisator.jpg\",\"keywords\":[\"Familienunternehmen\",\"Firmennachfolge\",\"Management und Unternehmensf\u00fchrung\",\"MEM-Industrie\"],\"articleSection\":[\"MANAGEMENT\"],\"inLanguage\":\"fr-FR\"},{\"@type\":\"WebPage\",\"@id\":\"https:\\\/\\\/www.organisator.ch\\\/management\\\/2025-12-04\\\/unternehmensnachfolge-in-kmu-der-mem-branche-nicht-mehr-nur-familiensache\\\/\",\"url\":\"https:\\\/\\\/www.organisator.ch\\\/management\\\/2025-12-04\\\/unternehmensnachfolge-in-kmu-der-mem-branche-nicht-mehr-nur-familiensache\\\/\",\"name\":\"Unternehmensnachfolge: In KMU der MEM-Branche nicht mehr nur Familiensache - Organisator\",\"isPartOf\":{\"@id\":\"https:\\\/\\\/www.organisator.ch\\\/#website\"},\"primaryImageOfPage\":{\"@id\":\"https:\\\/\\\/www.organisator.ch\\\/management\\\/2025-12-04\\\/unternehmensnachfolge-in-kmu-der-mem-branche-nicht-mehr-nur-familiensache\\\/#primaryimage\"},\"image\":{\"@id\":\"https:\\\/\\\/www.organisator.ch\\\/management\\\/2025-12-04\\\/unternehmensnachfolge-in-kmu-der-mem-branche-nicht-mehr-nur-familiensache\\\/#primaryimage\"},\"thumbnailUrl\":\"https:\\\/\\\/www.organisator.ch\\\/wp-content\\\/uploads\\\/2025\\\/12\\\/Unternehmensnachfolge-In-KMU-der-MEM-Branche-nicht-mehr-nur-Familiensache_Organisator.jpg\",\"datePublished\":\"2025-12-04T07:34:52+00:00\",\"description\":\"Die j\u00fcngste Umfrage von Swissmechanic zeigt: In 66 Prozent der Firmen wird es in f\u00fcnf bis zehn Jahren eine Unternehmensnachfolge geben.\",\"breadcrumb\":{\"@id\":\"https:\\\/\\\/www.organisator.ch\\\/management\\\/2025-12-04\\\/unternehmensnachfolge-in-kmu-der-mem-branche-nicht-mehr-nur-familiensache\\\/#breadcrumb\"},\"inLanguage\":\"fr-FR\",\"potentialAction\":[{\"@type\":\"ReadAction\",\"target\":[\"https:\\\/\\\/www.organisator.ch\\\/management\\\/2025-12-04\\\/unternehmensnachfolge-in-kmu-der-mem-branche-nicht-mehr-nur-familiensache\\\/\"]}]},{\"@type\":\"ImageObject\",\"inLanguage\":\"fr-FR\",\"@id\":\"https:\\\/\\\/www.organisator.ch\\\/management\\\/2025-12-04\\\/unternehmensnachfolge-in-kmu-der-mem-branche-nicht-mehr-nur-familiensache\\\/#primaryimage\",\"url\":\"https:\\\/\\\/www.organisator.ch\\\/wp-content\\\/uploads\\\/2025\\\/12\\\/Unternehmensnachfolge-In-KMU-der-MEM-Branche-nicht-mehr-nur-Familiensache_Organisator.jpg\",\"contentUrl\":\"https:\\\/\\\/www.organisator.ch\\\/wp-content\\\/uploads\\\/2025\\\/12\\\/Unternehmensnachfolge-In-KMU-der-MEM-Branche-nicht-mehr-nur-Familiensache_Organisator.jpg\",\"width\":680,\"height\":454,\"caption\":\"Generationenwechsel in Unternehmen sind immer h\u00e4ufiger nicht mehr eine Familienangelegenheit. (Bild: Depositphotos.com)\"},{\"@type\":\"BreadcrumbList\",\"@id\":\"https:\\\/\\\/www.organisator.ch\\\/management\\\/2025-12-04\\\/unternehmensnachfolge-in-kmu-der-mem-branche-nicht-mehr-nur-familiensache\\\/#breadcrumb\",\"itemListElement\":[{\"@type\":\"ListItem\",\"position\":1,\"name\":\"Home\",\"item\":\"https:\\\/\\\/www.organisator.ch\\\/\"},{\"@type\":\"ListItem\",\"position\":2,\"name\":\"Unternehmensnachfolge: In KMU der MEM-Branche nicht mehr nur Familiensache\"}]},{\"@type\":\"WebSite\",\"@id\":\"https:\\\/\\\/www.organisator.ch\\\/#website\",\"url\":\"https:\\\/\\\/www.organisator.ch\\\/\",\"name\":\"Organisator\",\"description\":\"Kompetent. Praxisnah. Der ORGANISATOR bereitet in 10 Ausgaben pro Jahr die wesentlichen Themen f\u00fcr F\u00fchrungskr\u00e4fte von KMU auf.\",\"publisher\":{\"@id\":\"https:\\\/\\\/www.organisator.ch\\\/#organization\"},\"potentialAction\":[{\"@type\":\"SearchAction\",\"target\":{\"@type\":\"EntryPoint\",\"urlTemplate\":\"https:\\\/\\\/www.organisator.ch\\\/?s={search_term_string}\"},\"query-input\":{\"@type\":\"PropertyValueSpecification\",\"valueRequired\":true,\"valueName\":\"search_term_string\"}}],\"inLanguage\":\"fr-FR\"},{\"@type\":\"Organization\",\"@id\":\"https:\\\/\\\/www.organisator.ch\\\/#organization\",\"name\":\"Organisator\",\"url\":\"https:\\\/\\\/www.organisator.ch\\\/\",\"logo\":{\"@type\":\"ImageObject\",\"inLanguage\":\"fr-FR\",\"@id\":\"https:\\\/\\\/www.organisator.ch\\\/#\\\/schema\\\/logo\\\/image\\\/\",\"url\":\"https:\\\/\\\/www.organisator.ch\\\/wp-content\\\/uploads\\\/2022\\\/01\\\/Logo_Organisator_Website.png\",\"contentUrl\":\"https:\\\/\\\/www.organisator.ch\\\/wp-content\\\/uploads\\\/2022\\\/01\\\/Logo_Organisator_Website.png\",\"width\":800,\"height\":77,\"caption\":\"Organisator\"},\"image\":{\"@id\":\"https:\\\/\\\/www.organisator.ch\\\/#\\\/schema\\\/logo\\\/image\\\/\"},\"sameAs\":[\"https:\\\/\\\/www.facebook.com\\\/OrganisatorFachmagazin\",\"https:\\\/\\\/www.linkedin.com\\\/showcase\\\/organisator-das-magazin-fr-kmu\",\"https:\\\/\\\/www.xing.com\\\/news\\\/pages\\\/organisator-ch-695\",\"https:\\\/\\\/www.youtube.com\\\/channel\\\/UCGP2Sq0iWaZwT3BdIAQFYpw\"]},{\"@type\":\"Person\",\"@id\":\"https:\\\/\\\/www.organisator.ch\\\/#\\\/schema\\\/person\\\/6f650f90b2842cd4c0cc334b4e36f67e\",\"name\":\"thomas.berner\",\"image\":{\"@type\":\"ImageObject\",\"inLanguage\":\"fr-FR\",\"@id\":\"https:\\\/\\\/secure.gravatar.com\\\/avatar\\\/ac5001d2a36cb6c6cd3e50789007ffca834b477b74a2144564522e944eabff61?s=96&d=mm&r=g\",\"url\":\"https:\\\/\\\/secure.gravatar.com\\\/avatar\\\/ac5001d2a36cb6c6cd3e50789007ffca834b477b74a2144564522e944eabff61?s=96&d=mm&r=g\",\"contentUrl\":\"https:\\\/\\\/secure.gravatar.com\\\/avatar\\\/ac5001d2a36cb6c6cd3e50789007ffca834b477b74a2144564522e944eabff61?s=96&d=mm&r=g\",\"caption\":\"thomas.berner\"},\"url\":\"https:\\\/\\\/www.organisator.ch\\\/fr\\\/author\\\/thomas-berner\\\/\"}]}<\/script>\n<!-- \/ Yoast SEO plugin. -->","yoast_head_json":{"title":"Succession d'entreprise : dans les PME du secteur MEM, ce n'est plus seulement une affaire de famille - Organisateur","description":"La derni\u00e8re enqu\u00eate men\u00e9e par Swissmechanic montre que 66 % des entreprises conna\u00eetront une succession dans les cinq \u00e0 dix prochaines ann\u00e9es.","robots":{"index":"index","follow":"follow","max-snippet":"max-snippet:-1","max-image-preview":"max-image-preview:large","max-video-preview":"max-video-preview:-1"},"canonical":"https:\/\/www.organisator.ch\/fr\/gestion-2\/2025-12-04\/unternehmensnachfolge-in-kmu-der-mem-branche-nicht-mehr-nur-familiensache\/","og_locale":"fr_FR","og_type":"article","og_title":"Unternehmensnachfolge: In KMU der MEM-Branche nicht mehr nur Familiensache","og_description":"Die j\u00fcngste Umfrage von Swissmechanic zeigt: In 66 Prozent der Firmen wird es in f\u00fcnf bis zehn Jahren eine Unternehmensnachfolge geben.","og_url":"https:\/\/www.organisator.ch\/fr\/gestion-2\/2025-12-04\/unternehmensnachfolge-in-kmu-der-mem-branche-nicht-mehr-nur-familiensache\/","og_site_name":"Organisator","article_publisher":"https:\/\/www.facebook.com\/OrganisatorFachmagazin","article_published_time":"2025-12-04T07:34:52+00:00","og_image":[{"width":680,"height":454,"url":"https:\/\/www.organisator.ch\/wp-content\/uploads\/2025\/12\/Unternehmensnachfolge-In-KMU-der-MEM-Branche-nicht-mehr-nur-Familiensache_Organisator.jpg","type":"image\/jpeg"}],"author":"thomas.berner","twitter_card":"summary_large_image","twitter_title":"#Unternehmensnachfolge: In KMU der #MEM-Branche nicht mehr nur #Familiensache","twitter_description":"Die j\u00fcngste Umfrage von #Swissmechanic zeigt: In 66 Prozent der Firmen wird es in f\u00fcnf bis zehn Jahren eine #Unternehmensnachfolge geben.","twitter_image":"https:\/\/www.organisator.ch\/wp-content\/uploads\/2025\/12\/Unternehmensnachfolge-In-KMU-der-MEM-Branche-nicht-mehr-nur-Familiensache_Organisator.jpg","schema":{"@context":"https:\/\/schema.org","@graph":[{"@type":"Article","@id":"https:\/\/www.organisator.ch\/management\/2025-12-04\/unternehmensnachfolge-in-kmu-der-mem-branche-nicht-mehr-nur-familiensache\/#article","isPartOf":{"@id":"https:\/\/www.organisator.ch\/management\/2025-12-04\/unternehmensnachfolge-in-kmu-der-mem-branche-nicht-mehr-nur-familiensache\/"},"author":{"name":"thomas.berner","@id":"https:\/\/www.organisator.ch\/#\/schema\/person\/6f650f90b2842cd4c0cc334b4e36f67e"},"headline":"Unternehmensnachfolge: In KMU der MEM-Branche nicht mehr nur Familiensache","datePublished":"2025-12-04T07:34:52+00:00","mainEntityOfPage":{"@id":"https:\/\/www.organisator.ch\/management\/2025-12-04\/unternehmensnachfolge-in-kmu-der-mem-branche-nicht-mehr-nur-familiensache\/"},"wordCount":395,"publisher":{"@id":"https:\/\/www.organisator.ch\/#organization"},"image":{"@id":"https:\/\/www.organisator.ch\/management\/2025-12-04\/unternehmensnachfolge-in-kmu-der-mem-branche-nicht-mehr-nur-familiensache\/#primaryimage"},"thumbnailUrl":"https:\/\/www.organisator.ch\/wp-content\/uploads\/2025\/12\/Unternehmensnachfolge-In-KMU-der-MEM-Branche-nicht-mehr-nur-Familiensache_Organisator.jpg","keywords":["Familienunternehmen","Firmennachfolge","Management und Unternehmensf\u00fchrung","MEM-Industrie"],"articleSection":["MANAGEMENT"],"inLanguage":"fr-FR"},{"@type":"WebPage","@id":"https:\/\/www.organisator.ch\/management\/2025-12-04\/unternehmensnachfolge-in-kmu-der-mem-branche-nicht-mehr-nur-familiensache\/","url":"https:\/\/www.organisator.ch\/management\/2025-12-04\/unternehmensnachfolge-in-kmu-der-mem-branche-nicht-mehr-nur-familiensache\/","name":"Succession d'entreprise : dans les PME du secteur MEM, ce n'est plus seulement une affaire de famille - Organisateur","isPartOf":{"@id":"https:\/\/www.organisator.ch\/#website"},"primaryImageOfPage":{"@id":"https:\/\/www.organisator.ch\/management\/2025-12-04\/unternehmensnachfolge-in-kmu-der-mem-branche-nicht-mehr-nur-familiensache\/#primaryimage"},"image":{"@id":"https:\/\/www.organisator.ch\/management\/2025-12-04\/unternehmensnachfolge-in-kmu-der-mem-branche-nicht-mehr-nur-familiensache\/#primaryimage"},"thumbnailUrl":"https:\/\/www.organisator.ch\/wp-content\/uploads\/2025\/12\/Unternehmensnachfolge-In-KMU-der-MEM-Branche-nicht-mehr-nur-Familiensache_Organisator.jpg","datePublished":"2025-12-04T07:34:52+00:00","description":"La derni\u00e8re enqu\u00eate men\u00e9e par Swissmechanic montre que 66 % des entreprises conna\u00eetront une succession dans les cinq \u00e0 dix prochaines ann\u00e9es.","breadcrumb":{"@id":"https:\/\/www.organisator.ch\/management\/2025-12-04\/unternehmensnachfolge-in-kmu-der-mem-branche-nicht-mehr-nur-familiensache\/#breadcrumb"},"inLanguage":"fr-FR","potentialAction":[{"@type":"ReadAction","target":["https:\/\/www.organisator.ch\/management\/2025-12-04\/unternehmensnachfolge-in-kmu-der-mem-branche-nicht-mehr-nur-familiensache\/"]}]},{"@type":"ImageObject","inLanguage":"fr-FR","@id":"https:\/\/www.organisator.ch\/management\/2025-12-04\/unternehmensnachfolge-in-kmu-der-mem-branche-nicht-mehr-nur-familiensache\/#primaryimage","url":"https:\/\/www.organisator.ch\/wp-content\/uploads\/2025\/12\/Unternehmensnachfolge-In-KMU-der-MEM-Branche-nicht-mehr-nur-Familiensache_Organisator.jpg","contentUrl":"https:\/\/www.organisator.ch\/wp-content\/uploads\/2025\/12\/Unternehmensnachfolge-In-KMU-der-MEM-Branche-nicht-mehr-nur-Familiensache_Organisator.jpg","width":680,"height":454,"caption":"Generationenwechsel in Unternehmen sind immer h\u00e4ufiger nicht mehr eine Familienangelegenheit. (Bild: Depositphotos.com)"},{"@type":"BreadcrumbList","@id":"https:\/\/www.organisator.ch\/management\/2025-12-04\/unternehmensnachfolge-in-kmu-der-mem-branche-nicht-mehr-nur-familiensache\/#breadcrumb","itemListElement":[{"@type":"ListItem","position":1,"name":"Home","item":"https:\/\/www.organisator.ch\/"},{"@type":"ListItem","position":2,"name":"Unternehmensnachfolge: In KMU der MEM-Branche nicht mehr nur Familiensache"}]},{"@type":"WebSite","@id":"https:\/\/www.organisator.ch\/#website","url":"https:\/\/www.organisator.ch\/","name":"Organisateur","description":"Comp\u00e9tence et comp\u00e9tence. Proches de la pratique. L'ORGANISATEUR pr\u00e9pare 10 num\u00e9ros par an sur les th\u00e8mes essentiels pour les dirigeants de PME.","publisher":{"@id":"https:\/\/www.organisator.ch\/#organization"},"potentialAction":[{"@type":"SearchAction","target":{"@type":"EntryPoint","urlTemplate":"https:\/\/www.organisator.ch\/?s={search_term_string}"},"query-input":{"@type":"PropertyValueSpecification","valueRequired":true,"valueName":"search_term_string"}}],"inLanguage":"fr-FR"},{"@type":"Organization","@id":"https:\/\/www.organisator.ch\/#organization","name":"Organisateur","url":"https:\/\/www.organisator.ch\/","logo":{"@type":"ImageObject","inLanguage":"fr-FR","@id":"https:\/\/www.organisator.ch\/#\/schema\/logo\/image\/","url":"https:\/\/www.organisator.ch\/wp-content\/uploads\/2022\/01\/Logo_Organisator_Website.png","contentUrl":"https:\/\/www.organisator.ch\/wp-content\/uploads\/2022\/01\/Logo_Organisator_Website.png","width":800,"height":77,"caption":"Organisator"},"image":{"@id":"https:\/\/www.organisator.ch\/#\/schema\/logo\/image\/"},"sameAs":["https:\/\/www.facebook.com\/OrganisatorFachmagazin","https:\/\/www.linkedin.com\/showcase\/organisator-das-magazin-fr-kmu","https:\/\/www.xing.com\/news\/pages\/organisator-ch-695","https:\/\/www.youtube.com\/channel\/UCGP2Sq0iWaZwT3BdIAQFYpw"]},{"@type":"Person","@id":"https:\/\/www.organisator.ch\/#\/schema\/person\/6f650f90b2842cd4c0cc334b4e36f67e","name":"thomas.berner","image":{"@type":"ImageObject","inLanguage":"fr-FR","@id":"https:\/\/secure.gravatar.com\/avatar\/ac5001d2a36cb6c6cd3e50789007ffca834b477b74a2144564522e944eabff61?s=96&d=mm&r=g","url":"https:\/\/secure.gravatar.com\/avatar\/ac5001d2a36cb6c6cd3e50789007ffca834b477b74a2144564522e944eabff61?s=96&d=mm&r=g","contentUrl":"https:\/\/secure.gravatar.com\/avatar\/ac5001d2a36cb6c6cd3e50789007ffca834b477b74a2144564522e944eabff61?s=96&d=mm&r=g","caption":"thomas.berner"},"url":"https:\/\/www.organisator.ch\/fr\/author\/thomas-berner\/"}]}},"_links":{"self":[{"href":"https:\/\/www.organisator.ch\/fr\/wp-json\/wp\/v2\/posts\/42553","targetHints":{"allow":["GET"]}}],"collection":[{"href":"https:\/\/www.organisator.ch\/fr\/wp-json\/wp\/v2\/posts"}],"about":[{"href":"https:\/\/www.organisator.ch\/fr\/wp-json\/wp\/v2\/types\/post"}],"author":[{"embeddable":true,"href":"https:\/\/www.organisator.ch\/fr\/wp-json\/wp\/v2\/users\/4"}],"replies":[{"embeddable":true,"href":"https:\/\/www.organisator.ch\/fr\/wp-json\/wp\/v2\/comments?post=42553"}],"version-history":[{"count":1,"href":"https:\/\/www.organisator.ch\/fr\/wp-json\/wp\/v2\/posts\/42553\/revisions"}],"predecessor-version":[{"id":42555,"href":"https:\/\/www.organisator.ch\/fr\/wp-json\/wp\/v2\/posts\/42553\/revisions\/42555"}],"wp:featuredmedia":[{"embeddable":true,"href":"https:\/\/www.organisator.ch\/fr\/wp-json\/wp\/v2\/media\/42554"}],"wp:attachment":[{"href":"https:\/\/www.organisator.ch\/fr\/wp-json\/wp\/v2\/media?parent=42553"}],"wp:term":[{"taxonomy":"category","embeddable":true,"href":"https:\/\/www.organisator.ch\/fr\/wp-json\/wp\/v2\/categories?post=42553"},{"taxonomy":"post_tag","embeddable":true,"href":"https:\/\/www.organisator.ch\/fr\/wp-json\/wp\/v2\/tags?post=42553"}],"curies":[{"name":"wp","href":"https:\/\/api.w.org\/{rel}","templated":true}]}}