{"id":42585,"date":"2025-12-05T08:19:07","date_gmt":"2025-12-05T07:19:07","guid":{"rendered":"https:\/\/www.organisator.ch\/?p=42585"},"modified":"2025-12-05T08:19:07","modified_gmt":"2025-12-05T07:19:07","slug":"einfach-umsetzbare-massnahmen-gegen-wachsende-cyberrisiken","status":"publish","type":"post","link":"https:\/\/www.organisator.ch\/fr\/operational-excellence\/2025-12-05\/einfach-umsetzbare-massnahmen-gegen-wachsende-cyberrisiken\/","title":{"rendered":"Mesures faciles \u00e0 mettre en \u0153uvre contre les cyberrisques croissants"},"content":{"rendered":"<figure id=\"attachment_42586\" aria-describedby=\"caption-attachment-42586\" style=\"width: 680px\" class=\"wp-caption alignnone\"><img loading=\"lazy\" decoding=\"async\" class=\"size-full wp-image-42586\" src=\"https:\/\/www.organisator.ch\/wp-content\/uploads\/2025\/12\/Einfach-umsetzbare-Massnahmen-gegen-wachsende-Cyberrisiken_Organisator.jpg\" alt=\"\" width=\"680\" height=\"497\" srcset=\"https:\/\/www.organisator.ch\/wp-content\/uploads\/2025\/12\/Einfach-umsetzbare-Massnahmen-gegen-wachsende-Cyberrisiken_Organisator.jpg 680w, https:\/\/www.organisator.ch\/wp-content\/uploads\/2025\/12\/Einfach-umsetzbare-Massnahmen-gegen-wachsende-Cyberrisiken_Organisator-16x12.jpg 16w, https:\/\/www.organisator.ch\/wp-content\/uploads\/2025\/12\/Einfach-umsetzbare-Massnahmen-gegen-wachsende-Cyberrisiken_Organisator-375x274.jpg 375w, https:\/\/www.organisator.ch\/wp-content\/uploads\/2025\/12\/Einfach-umsetzbare-Massnahmen-gegen-wachsende-Cyberrisiken_Organisator-479x350.jpg 479w\" sizes=\"auto, (max-width: 680px) 100vw, 680px\" \/><figcaption id=\"caption-attachment-42586\" class=\"wp-caption-text\">Les cyberrisques augmentent : l'Alliance pour la s\u00e9curit\u00e9 num\u00e9rique en Suisse publie donc un nouveau test de cybers\u00e9curit\u00e9 destin\u00e9 aux PME. (Image : Depositphotos.com)<\/figcaption><\/figure>\n<p>Seules 42 % des PME suisses se sentent suffisamment prot\u00e9g\u00e9es en cas de cyberattaque, ce qui repr\u00e9sente une baisse significative par rapport aux 55 % enregistr\u00e9s l'ann\u00e9e derni\u00e8re. <a href=\"https:\/\/www.organisator.ch\/de\/operational-excellence\/2025-10-29\/cybersicherheit-verliert-an-prioritaet-in-schweizer-kmu\/\">Dans le m\u00eame temps, plus d'une PME sur quatre consid\u00e8re d\u00e9sormais la cybers\u00e9curit\u00e9 comme \u00ab non prioritaire \u00bb.<\/a>. C'est dans ce contexte qu'appara\u00eet d\u00e9sormais le Cybersecurity Check pour les PME, enti\u00e8rement remani\u00e9. Cet outil a pour but d'aider les entreprises \u00e0 am\u00e9liorer leur niveau de s\u00e9curit\u00e9 \u00e0 moindre co\u00fbt. Le Cybersecurity Check a \u00e9t\u00e9 d\u00e9velopp\u00e9 pour la premi\u00e8re fois en 2020 dans le cadre de la Strat\u00e9gie nationale de protection de la Suisse contre les cyberrisques (NCS). L'\u00e9dition 2025, d\u00e9sormais enti\u00e8rement r\u00e9vis\u00e9e, a \u00e9t\u00e9 \u00e9labor\u00e9e en collaboration avec : ADSS, BACS, BDO, digitalswitzerland, EXPERTsuisse, GObugfree, ISSS, SATW, SISA, SNV, SQS, Suissedigital et SVV.<\/p>\n<h3><strong>La situation s'aggrave \u2013 les PME n'agissent pas assez<\/strong><\/h3>\n<p>L'\u00e9tude actuelle \u00ab<a href=\"https:\/\/www.digitalsecurityswitzerland.ch\/e3t\/Ctc\/GF+113\/d2jCxp04\/VWkgpZ9lwWjBW7b92M6650xNkW4HyYrL5GGy7_N7MjfxF3lYM-W6N1vHY6lZ3mvVp_Czv7jsZVZW8TtxCg1Fp4FFW7g83wG7FDS3vVcDm8d1w1sDcN6hLf2xWlpqZN6LR4wh9v_RyW67pYML76TGZ0W7_36cN7QTyMQW7BWZ3t62S8J1W74Mfkz4t6wW1W4vj2YX528l3fN5_rwbSccNhzW6xSHjM57lmd4W4xqtVz3qZYrSV5L_yR2y3yCWW3PXhBj8wzkMPN8sNFg-3nb73W869cYK81z1MSW5P4xq36Xd8yMW2j2rqZ5zJFp7N3xYfMcgFBT5W6VNLxh1bplmDdlLKtv04\" data-hs-link-id=\"0\" data-hs-link-id-v2=\"yWIXg+pG\">Cybers\u00e9curit\u00e9 des PME 2025<\/a>\u00bb r\u00e9v\u00e8le un \u00e9cart dangereux : la menace li\u00e9e \u00e0 la cybercriminalit\u00e9 reste \u00e9lev\u00e9e, mais la r\u00e9action des PME est de plus en plus h\u00e9sitante. De nombreuses entreprises ne disposent ni de structures organisationnelles claires, ni de processus d'urgence d\u00e9finis, ni de contr\u00f4les de s\u00e9curit\u00e9 r\u00e9guliers.<\/p>\n<p>\u00ab De nombreuses PME savent qu'elles doivent agir, mais elles manquent d'orientation et de priorit\u00e9s claires. Le Cybersecurity Check montre o\u00f9 se trouvent les leviers les plus importants et comment commencer par des mesures r\u00e9alistes \u00bb, explique Andreas Kaelin, Allianz Digitale Sicherheit Schweiz.<\/p>\n<h3><strong>Agir d\u00e8s maintenant : cinq champs d'action<\/strong><\/h3>\n<p>Les \u00e9diteurs recommandent aux PME d'int\u00e9grer la cybers\u00e9curit\u00e9 de mani\u00e8re obligatoire dans leur gestion d'entreprise. De nombreuses mesures \u2013 mots de passe s\u00e9curis\u00e9s, mises \u00e0 jour r\u00e9guli\u00e8res, droits d'acc\u00e8s clairs ou plan d'urgence simple \u2013 sont faciles \u00e0 mettre en \u0153uvre, mais augmentent consid\u00e9rablement la r\u00e9silience.<\/p>\n<p>Le Cybersecurity Check fournit des recommandations concr\u00e8tes dans cinq domaines particuli\u00e8rement pertinents pour les PME suisses :<\/p>\n<ul>\n<li>Organisation et processus<\/li>\n<li>Collaborateurs et sensibilisation<\/li>\n<li>Mesures techniques de protection<\/li>\n<li>Protection des donn\u00e9es et mentions l\u00e9gales<\/li>\n<li>Partenaires externes et prestataires de services<\/li>\n<\/ul>\n<p>En compl\u00e9ment, un auto-diagnostic permet de d\u00e9terminer son propre degr\u00e9 de maturit\u00e9 et de d\u00e9finir des priorit\u00e9s concr\u00e8tes. \u00ab Dans le domaine de la cybers\u00e9curit\u00e9, o\u00f9 les risques sont complexes et dynamiques, les normes apportent fiabilit\u00e9 et orientation. Le Cybersecurity Check transpose ces principes en crit\u00e8res clairs et pratiques pour les PME \u00bb, explique Marcel Knecht, de l'Association suisse de normalisation (SNV).<\/p>\n<h3><strong>Des partenaires informatiques qualifi\u00e9s, gage de r\u00e9ussite<\/strong><\/h3>\n<p>L'\u00e9tude sur la cybers\u00e9curit\u00e9 montre que les prestataires informatiques externes jouent un r\u00f4le central pour les PME, mais qu'il existe en m\u00eame temps de grandes diff\u00e9rences de qualit\u00e9. \u00ab Le CyberSeal guide les PME et indique quels prestataires garantissent de mani\u00e8re av\u00e9r\u00e9e un niveau de protection ad\u00e9quat. Le contr\u00f4le de cybers\u00e9curit\u00e9 montre en outre comment int\u00e9grer de mani\u00e8re optimale les partenaires externes \u00bb, explique Florian Muff, responsable des auditeurs CyberSeal ADSS.<\/p>\n<p><em>Source et informations compl\u00e9mentaires : <a href=\"https:\/\/www.digitalsecurityswitzerland.ch\/e3t\/Ctc\/GF+113\/d2jCxp04\/VWkgpZ9lwWjBW7b92M6650xNkW4HyYrL5GGy7_N7MjfxY3lYM-W7lCdLW6lZ3pbW1cM6RC24TrlcW88Pj9v395mg2W4t1bzY2KMTKvN8kGFQvxcLY2W24m71_1-LRn6W3-0qRf79SPW_W67sPW-7B4NfgW4nVCMl3f_LYtW35YgVQ5mf1J3V1Z43v53yYN3W4YQY7B34QZxDW6RR7lv6v3CBPW1xH6P-765dWvW6f9nJs68mZ_3W69w57y5FRysfW6gk_W01JFKZfW6lp1yc5vwrYBW26p4DX6Fr6h6W5XgXBS76kC6MW6S_z3M4bs_DGW2RgP304fZJZ0W90vkJ_97kdWvW6gT2dk1y-6WRW327QDw7PNR11f5k819604\">www.cybersecurity-check.ch<\/a><\/em><\/p>","protected":false},"excerpt":{"rendered":"<p>L'Alliance pour la s\u00e9curit\u00e9 num\u00e9rique en Suisse publie un nouveau test de cybers\u00e9curit\u00e9 destin\u00e9 aux PME. Il s'agit d'un outil pratique qui aide les entreprises \u00e0 am\u00e9liorer consid\u00e9rablement leur niveau de s\u00e9curit\u00e9 sans investissement excessif.<\/p>","protected":false},"author":4,"featured_media":42586,"comment_status":"closed","ping_status":"closed","sticky":false,"template":"","format":"standard","meta":{"_acf_changed":false,"_yoast_wpseo_focuskw":"Cyberrisiken","_yoast_wpseo_metadesc":"Cyberrisiken nehmen zu: Die Allianz Digitale Sicherheit Schweiz ver\u00f6ffentlicht deshalb einen neuen Cybersecurity-Check f\u00fcr KMU.","articlekey":"","footnotes":""},"categories":[582],"tags":[115,608,393,503],"class_list":["post-42585","post","type-post","status-publish","format-standard","has-post-thumbnail","hentry","category-operational-excellence","tag-checklisten","tag-cybersicherheit","tag-produkte","tag-verbaende"],"acf":[],"yoast_head":"<!-- This site is optimized with the Yoast SEO plugin v27.5 - https:\/\/yoast.com\/product\/yoast-seo-wordpress\/ -->\n<title>Einfach umsetzbare Massnahmen gegen wachsende Cyberrisiken - Organisator<\/title>\n<meta name=\"description\" content=\"Cyberrisiken nehmen zu: Die Allianz Digitale Sicherheit Schweiz ver\u00f6ffentlicht deshalb einen neuen Cybersecurity-Check f\u00fcr KMU.\" \/>\n<meta name=\"robots\" content=\"index, follow, max-snippet:-1, max-image-preview:large, max-video-preview:-1\" \/>\n<link rel=\"canonical\" href=\"https:\/\/www.organisator.ch\/fr\/excellence-operationnelle\/2025-12-05\/einfach-umsetzbare-massnahmen-gegen-wachsende-cyberrisiken\/\" \/>\n<meta property=\"og:locale\" content=\"fr_FR\" \/>\n<meta property=\"og:type\" content=\"article\" \/>\n<meta property=\"og:title\" content=\"Einfach umsetzbare Massnahmen gegen wachsende Cyberrisiken\" \/>\n<meta property=\"og:description\" content=\"Cyberrisiken nehmen zu: Die Allianz Digitale Sicherheit Schweiz ver\u00f6ffentlicht deshalb einen neuen Cybersecurity-Check f\u00fcr KMU.\" \/>\n<meta property=\"og:url\" content=\"https:\/\/www.organisator.ch\/fr\/excellence-operationnelle\/2025-12-05\/einfach-umsetzbare-massnahmen-gegen-wachsende-cyberrisiken\/\" \/>\n<meta property=\"og:site_name\" content=\"Organisator\" \/>\n<meta property=\"article:publisher\" content=\"https:\/\/www.facebook.com\/OrganisatorFachmagazin\" \/>\n<meta property=\"article:published_time\" content=\"2025-12-05T07:19:07+00:00\" \/>\n<meta property=\"og:image\" content=\"https:\/\/www.organisator.ch\/wp-content\/uploads\/2025\/12\/Einfach-umsetzbare-Massnahmen-gegen-wachsende-Cyberrisiken_Organisator.jpg\" \/>\n\t<meta property=\"og:image:width\" content=\"680\" \/>\n\t<meta property=\"og:image:height\" content=\"497\" \/>\n\t<meta property=\"og:image:type\" content=\"image\/jpeg\" \/>\n<meta name=\"author\" content=\"thomas.berner\" \/>\n<meta name=\"twitter:card\" content=\"summary_large_image\" \/>\n<meta name=\"twitter:title\" content=\"Einfach umsetzbare Massnahmen gegen wachsende #Cyberrisiken\" \/>\n<meta name=\"twitter:description\" content=\"#Cyberrisiken nehmen zu: Die Allianz Digitale Sicherheit Schweiz ver\u00f6ffentlicht deshalb einen neuen #Cybersecurity-Check f\u00fcr KMU.\" \/>\n<meta name=\"twitter:image\" content=\"https:\/\/www.organisator.ch\/wp-content\/uploads\/2025\/12\/Einfach-umsetzbare-Massnahmen-gegen-wachsende-Cyberrisiken_Organisator.jpg\" \/>\n<script type=\"application\/ld+json\" class=\"yoast-schema-graph\">{\"@context\":\"https:\\\/\\\/schema.org\",\"@graph\":[{\"@type\":\"Article\",\"@id\":\"https:\\\/\\\/www.organisator.ch\\\/operational-excellence\\\/2025-12-05\\\/einfach-umsetzbare-massnahmen-gegen-wachsende-cyberrisiken\\\/#article\",\"isPartOf\":{\"@id\":\"https:\\\/\\\/www.organisator.ch\\\/operational-excellence\\\/2025-12-05\\\/einfach-umsetzbare-massnahmen-gegen-wachsende-cyberrisiken\\\/\"},\"author\":{\"name\":\"thomas.berner\",\"@id\":\"https:\\\/\\\/www.organisator.ch\\\/#\\\/schema\\\/person\\\/6f650f90b2842cd4c0cc334b4e36f67e\"},\"headline\":\"Einfach umsetzbare Massnahmen gegen wachsende Cyberrisiken\",\"datePublished\":\"2025-12-05T07:19:07+00:00\",\"mainEntityOfPage\":{\"@id\":\"https:\\\/\\\/www.organisator.ch\\\/operational-excellence\\\/2025-12-05\\\/einfach-umsetzbare-massnahmen-gegen-wachsende-cyberrisiken\\\/\"},\"wordCount\":418,\"publisher\":{\"@id\":\"https:\\\/\\\/www.organisator.ch\\\/#organization\"},\"image\":{\"@id\":\"https:\\\/\\\/www.organisator.ch\\\/operational-excellence\\\/2025-12-05\\\/einfach-umsetzbare-massnahmen-gegen-wachsende-cyberrisiken\\\/#primaryimage\"},\"thumbnailUrl\":\"https:\\\/\\\/www.organisator.ch\\\/wp-content\\\/uploads\\\/2025\\\/12\\\/Einfach-umsetzbare-Massnahmen-gegen-wachsende-Cyberrisiken_Organisator.jpg\",\"keywords\":[\"Checklisten\",\"Cybersicherheit\",\"Produkte\",\"Verb\u00e4nde\"],\"articleSection\":[\"OPERATIONAL EXCELLENCE\"],\"inLanguage\":\"fr-FR\"},{\"@type\":\"WebPage\",\"@id\":\"https:\\\/\\\/www.organisator.ch\\\/operational-excellence\\\/2025-12-05\\\/einfach-umsetzbare-massnahmen-gegen-wachsende-cyberrisiken\\\/\",\"url\":\"https:\\\/\\\/www.organisator.ch\\\/operational-excellence\\\/2025-12-05\\\/einfach-umsetzbare-massnahmen-gegen-wachsende-cyberrisiken\\\/\",\"name\":\"Einfach umsetzbare Massnahmen gegen wachsende Cyberrisiken - Organisator\",\"isPartOf\":{\"@id\":\"https:\\\/\\\/www.organisator.ch\\\/#website\"},\"primaryImageOfPage\":{\"@id\":\"https:\\\/\\\/www.organisator.ch\\\/operational-excellence\\\/2025-12-05\\\/einfach-umsetzbare-massnahmen-gegen-wachsende-cyberrisiken\\\/#primaryimage\"},\"image\":{\"@id\":\"https:\\\/\\\/www.organisator.ch\\\/operational-excellence\\\/2025-12-05\\\/einfach-umsetzbare-massnahmen-gegen-wachsende-cyberrisiken\\\/#primaryimage\"},\"thumbnailUrl\":\"https:\\\/\\\/www.organisator.ch\\\/wp-content\\\/uploads\\\/2025\\\/12\\\/Einfach-umsetzbare-Massnahmen-gegen-wachsende-Cyberrisiken_Organisator.jpg\",\"datePublished\":\"2025-12-05T07:19:07+00:00\",\"description\":\"Cyberrisiken nehmen zu: Die Allianz Digitale Sicherheit Schweiz ver\u00f6ffentlicht deshalb einen neuen Cybersecurity-Check f\u00fcr KMU.\",\"breadcrumb\":{\"@id\":\"https:\\\/\\\/www.organisator.ch\\\/operational-excellence\\\/2025-12-05\\\/einfach-umsetzbare-massnahmen-gegen-wachsende-cyberrisiken\\\/#breadcrumb\"},\"inLanguage\":\"fr-FR\",\"potentialAction\":[{\"@type\":\"ReadAction\",\"target\":[\"https:\\\/\\\/www.organisator.ch\\\/operational-excellence\\\/2025-12-05\\\/einfach-umsetzbare-massnahmen-gegen-wachsende-cyberrisiken\\\/\"]}]},{\"@type\":\"ImageObject\",\"inLanguage\":\"fr-FR\",\"@id\":\"https:\\\/\\\/www.organisator.ch\\\/operational-excellence\\\/2025-12-05\\\/einfach-umsetzbare-massnahmen-gegen-wachsende-cyberrisiken\\\/#primaryimage\",\"url\":\"https:\\\/\\\/www.organisator.ch\\\/wp-content\\\/uploads\\\/2025\\\/12\\\/Einfach-umsetzbare-Massnahmen-gegen-wachsende-Cyberrisiken_Organisator.jpg\",\"contentUrl\":\"https:\\\/\\\/www.organisator.ch\\\/wp-content\\\/uploads\\\/2025\\\/12\\\/Einfach-umsetzbare-Massnahmen-gegen-wachsende-Cyberrisiken_Organisator.jpg\",\"width\":680,\"height\":497,\"caption\":\"Cyberrisiken nehmen zu: Die Allianz Digitale Sicherheit Schweiz ver\u00f6ffentlicht deshalb einen neuen Cybersecurity-Check f\u00fcr KMU. (Bild: Depositphotos.com)\"},{\"@type\":\"BreadcrumbList\",\"@id\":\"https:\\\/\\\/www.organisator.ch\\\/operational-excellence\\\/2025-12-05\\\/einfach-umsetzbare-massnahmen-gegen-wachsende-cyberrisiken\\\/#breadcrumb\",\"itemListElement\":[{\"@type\":\"ListItem\",\"position\":1,\"name\":\"Home\",\"item\":\"https:\\\/\\\/www.organisator.ch\\\/\"},{\"@type\":\"ListItem\",\"position\":2,\"name\":\"Einfach umsetzbare Massnahmen gegen wachsende Cyberrisiken\"}]},{\"@type\":\"WebSite\",\"@id\":\"https:\\\/\\\/www.organisator.ch\\\/#website\",\"url\":\"https:\\\/\\\/www.organisator.ch\\\/\",\"name\":\"Organisator\",\"description\":\"Kompetent. Praxisnah. Der ORGANISATOR bereitet in 10 Ausgaben pro Jahr die wesentlichen Themen f\u00fcr F\u00fchrungskr\u00e4fte von KMU auf.\",\"publisher\":{\"@id\":\"https:\\\/\\\/www.organisator.ch\\\/#organization\"},\"potentialAction\":[{\"@type\":\"SearchAction\",\"target\":{\"@type\":\"EntryPoint\",\"urlTemplate\":\"https:\\\/\\\/www.organisator.ch\\\/?s={search_term_string}\"},\"query-input\":{\"@type\":\"PropertyValueSpecification\",\"valueRequired\":true,\"valueName\":\"search_term_string\"}}],\"inLanguage\":\"fr-FR\"},{\"@type\":\"Organization\",\"@id\":\"https:\\\/\\\/www.organisator.ch\\\/#organization\",\"name\":\"Organisator\",\"url\":\"https:\\\/\\\/www.organisator.ch\\\/\",\"logo\":{\"@type\":\"ImageObject\",\"inLanguage\":\"fr-FR\",\"@id\":\"https:\\\/\\\/www.organisator.ch\\\/#\\\/schema\\\/logo\\\/image\\\/\",\"url\":\"https:\\\/\\\/www.organisator.ch\\\/wp-content\\\/uploads\\\/2022\\\/01\\\/Logo_Organisator_Website.png\",\"contentUrl\":\"https:\\\/\\\/www.organisator.ch\\\/wp-content\\\/uploads\\\/2022\\\/01\\\/Logo_Organisator_Website.png\",\"width\":800,\"height\":77,\"caption\":\"Organisator\"},\"image\":{\"@id\":\"https:\\\/\\\/www.organisator.ch\\\/#\\\/schema\\\/logo\\\/image\\\/\"},\"sameAs\":[\"https:\\\/\\\/www.facebook.com\\\/OrganisatorFachmagazin\",\"https:\\\/\\\/www.linkedin.com\\\/showcase\\\/organisator-das-magazin-fr-kmu\",\"https:\\\/\\\/www.xing.com\\\/news\\\/pages\\\/organisator-ch-695\",\"https:\\\/\\\/www.youtube.com\\\/channel\\\/UCGP2Sq0iWaZwT3BdIAQFYpw\"]},{\"@type\":\"Person\",\"@id\":\"https:\\\/\\\/www.organisator.ch\\\/#\\\/schema\\\/person\\\/6f650f90b2842cd4c0cc334b4e36f67e\",\"name\":\"thomas.berner\",\"image\":{\"@type\":\"ImageObject\",\"inLanguage\":\"fr-FR\",\"@id\":\"https:\\\/\\\/secure.gravatar.com\\\/avatar\\\/ac5001d2a36cb6c6cd3e50789007ffca834b477b74a2144564522e944eabff61?s=96&d=mm&r=g\",\"url\":\"https:\\\/\\\/secure.gravatar.com\\\/avatar\\\/ac5001d2a36cb6c6cd3e50789007ffca834b477b74a2144564522e944eabff61?s=96&d=mm&r=g\",\"contentUrl\":\"https:\\\/\\\/secure.gravatar.com\\\/avatar\\\/ac5001d2a36cb6c6cd3e50789007ffca834b477b74a2144564522e944eabff61?s=96&d=mm&r=g\",\"caption\":\"thomas.berner\"},\"url\":\"https:\\\/\\\/www.organisator.ch\\\/fr\\\/author\\\/thomas-berner\\\/\"}]}<\/script>\n<!-- \/ Yoast SEO plugin. -->","yoast_head_json":{"title":"Mesures faciles \u00e0 mettre en \u0153uvre contre les cyberrisques croissants - Organisateur","description":"Les cyberrisques augmentent : l'Alliance pour la s\u00e9curit\u00e9 num\u00e9rique en Suisse publie donc un nouveau test de cybers\u00e9curit\u00e9 destin\u00e9 aux PME.","robots":{"index":"index","follow":"follow","max-snippet":"max-snippet:-1","max-image-preview":"max-image-preview:large","max-video-preview":"max-video-preview:-1"},"canonical":"https:\/\/www.organisator.ch\/fr\/excellence-operationnelle\/2025-12-05\/einfach-umsetzbare-massnahmen-gegen-wachsende-cyberrisiken\/","og_locale":"fr_FR","og_type":"article","og_title":"Einfach umsetzbare Massnahmen gegen wachsende Cyberrisiken","og_description":"Cyberrisiken nehmen zu: Die Allianz Digitale Sicherheit Schweiz ver\u00f6ffentlicht deshalb einen neuen Cybersecurity-Check f\u00fcr KMU.","og_url":"https:\/\/www.organisator.ch\/fr\/excellence-operationnelle\/2025-12-05\/einfach-umsetzbare-massnahmen-gegen-wachsende-cyberrisiken\/","og_site_name":"Organisator","article_publisher":"https:\/\/www.facebook.com\/OrganisatorFachmagazin","article_published_time":"2025-12-05T07:19:07+00:00","og_image":[{"width":680,"height":497,"url":"https:\/\/www.organisator.ch\/wp-content\/uploads\/2025\/12\/Einfach-umsetzbare-Massnahmen-gegen-wachsende-Cyberrisiken_Organisator.jpg","type":"image\/jpeg"}],"author":"thomas.berner","twitter_card":"summary_large_image","twitter_title":"Einfach umsetzbare Massnahmen gegen wachsende #Cyberrisiken","twitter_description":"#Cyberrisiken nehmen zu: Die Allianz Digitale Sicherheit Schweiz ver\u00f6ffentlicht deshalb einen neuen #Cybersecurity-Check f\u00fcr KMU.","twitter_image":"https:\/\/www.organisator.ch\/wp-content\/uploads\/2025\/12\/Einfach-umsetzbare-Massnahmen-gegen-wachsende-Cyberrisiken_Organisator.jpg","schema":{"@context":"https:\/\/schema.org","@graph":[{"@type":"Article","@id":"https:\/\/www.organisator.ch\/operational-excellence\/2025-12-05\/einfach-umsetzbare-massnahmen-gegen-wachsende-cyberrisiken\/#article","isPartOf":{"@id":"https:\/\/www.organisator.ch\/operational-excellence\/2025-12-05\/einfach-umsetzbare-massnahmen-gegen-wachsende-cyberrisiken\/"},"author":{"name":"thomas.berner","@id":"https:\/\/www.organisator.ch\/#\/schema\/person\/6f650f90b2842cd4c0cc334b4e36f67e"},"headline":"Einfach umsetzbare Massnahmen gegen wachsende Cyberrisiken","datePublished":"2025-12-05T07:19:07+00:00","mainEntityOfPage":{"@id":"https:\/\/www.organisator.ch\/operational-excellence\/2025-12-05\/einfach-umsetzbare-massnahmen-gegen-wachsende-cyberrisiken\/"},"wordCount":418,"publisher":{"@id":"https:\/\/www.organisator.ch\/#organization"},"image":{"@id":"https:\/\/www.organisator.ch\/operational-excellence\/2025-12-05\/einfach-umsetzbare-massnahmen-gegen-wachsende-cyberrisiken\/#primaryimage"},"thumbnailUrl":"https:\/\/www.organisator.ch\/wp-content\/uploads\/2025\/12\/Einfach-umsetzbare-Massnahmen-gegen-wachsende-Cyberrisiken_Organisator.jpg","keywords":["Checklisten","Cybersicherheit","Produkte","Verb\u00e4nde"],"articleSection":["OPERATIONAL EXCELLENCE"],"inLanguage":"fr-FR"},{"@type":"WebPage","@id":"https:\/\/www.organisator.ch\/operational-excellence\/2025-12-05\/einfach-umsetzbare-massnahmen-gegen-wachsende-cyberrisiken\/","url":"https:\/\/www.organisator.ch\/operational-excellence\/2025-12-05\/einfach-umsetzbare-massnahmen-gegen-wachsende-cyberrisiken\/","name":"Mesures faciles \u00e0 mettre en \u0153uvre contre les cyberrisques croissants - Organisateur","isPartOf":{"@id":"https:\/\/www.organisator.ch\/#website"},"primaryImageOfPage":{"@id":"https:\/\/www.organisator.ch\/operational-excellence\/2025-12-05\/einfach-umsetzbare-massnahmen-gegen-wachsende-cyberrisiken\/#primaryimage"},"image":{"@id":"https:\/\/www.organisator.ch\/operational-excellence\/2025-12-05\/einfach-umsetzbare-massnahmen-gegen-wachsende-cyberrisiken\/#primaryimage"},"thumbnailUrl":"https:\/\/www.organisator.ch\/wp-content\/uploads\/2025\/12\/Einfach-umsetzbare-Massnahmen-gegen-wachsende-Cyberrisiken_Organisator.jpg","datePublished":"2025-12-05T07:19:07+00:00","description":"Les cyberrisques augmentent : l'Alliance pour la s\u00e9curit\u00e9 num\u00e9rique en Suisse publie donc un nouveau test de cybers\u00e9curit\u00e9 destin\u00e9 aux PME.","breadcrumb":{"@id":"https:\/\/www.organisator.ch\/operational-excellence\/2025-12-05\/einfach-umsetzbare-massnahmen-gegen-wachsende-cyberrisiken\/#breadcrumb"},"inLanguage":"fr-FR","potentialAction":[{"@type":"ReadAction","target":["https:\/\/www.organisator.ch\/operational-excellence\/2025-12-05\/einfach-umsetzbare-massnahmen-gegen-wachsende-cyberrisiken\/"]}]},{"@type":"ImageObject","inLanguage":"fr-FR","@id":"https:\/\/www.organisator.ch\/operational-excellence\/2025-12-05\/einfach-umsetzbare-massnahmen-gegen-wachsende-cyberrisiken\/#primaryimage","url":"https:\/\/www.organisator.ch\/wp-content\/uploads\/2025\/12\/Einfach-umsetzbare-Massnahmen-gegen-wachsende-Cyberrisiken_Organisator.jpg","contentUrl":"https:\/\/www.organisator.ch\/wp-content\/uploads\/2025\/12\/Einfach-umsetzbare-Massnahmen-gegen-wachsende-Cyberrisiken_Organisator.jpg","width":680,"height":497,"caption":"Cyberrisiken nehmen zu: Die Allianz Digitale Sicherheit Schweiz ver\u00f6ffentlicht deshalb einen neuen Cybersecurity-Check f\u00fcr KMU. (Bild: Depositphotos.com)"},{"@type":"BreadcrumbList","@id":"https:\/\/www.organisator.ch\/operational-excellence\/2025-12-05\/einfach-umsetzbare-massnahmen-gegen-wachsende-cyberrisiken\/#breadcrumb","itemListElement":[{"@type":"ListItem","position":1,"name":"Home","item":"https:\/\/www.organisator.ch\/"},{"@type":"ListItem","position":2,"name":"Einfach umsetzbare Massnahmen gegen wachsende Cyberrisiken"}]},{"@type":"WebSite","@id":"https:\/\/www.organisator.ch\/#website","url":"https:\/\/www.organisator.ch\/","name":"Organisateur","description":"Comp\u00e9tence et comp\u00e9tence. Proches de la pratique. L'ORGANISATEUR pr\u00e9pare 10 num\u00e9ros par an sur les th\u00e8mes essentiels pour les dirigeants de PME.","publisher":{"@id":"https:\/\/www.organisator.ch\/#organization"},"potentialAction":[{"@type":"SearchAction","target":{"@type":"EntryPoint","urlTemplate":"https:\/\/www.organisator.ch\/?s={search_term_string}"},"query-input":{"@type":"PropertyValueSpecification","valueRequired":true,"valueName":"search_term_string"}}],"inLanguage":"fr-FR"},{"@type":"Organization","@id":"https:\/\/www.organisator.ch\/#organization","name":"Organisateur","url":"https:\/\/www.organisator.ch\/","logo":{"@type":"ImageObject","inLanguage":"fr-FR","@id":"https:\/\/www.organisator.ch\/#\/schema\/logo\/image\/","url":"https:\/\/www.organisator.ch\/wp-content\/uploads\/2022\/01\/Logo_Organisator_Website.png","contentUrl":"https:\/\/www.organisator.ch\/wp-content\/uploads\/2022\/01\/Logo_Organisator_Website.png","width":800,"height":77,"caption":"Organisator"},"image":{"@id":"https:\/\/www.organisator.ch\/#\/schema\/logo\/image\/"},"sameAs":["https:\/\/www.facebook.com\/OrganisatorFachmagazin","https:\/\/www.linkedin.com\/showcase\/organisator-das-magazin-fr-kmu","https:\/\/www.xing.com\/news\/pages\/organisator-ch-695","https:\/\/www.youtube.com\/channel\/UCGP2Sq0iWaZwT3BdIAQFYpw"]},{"@type":"Person","@id":"https:\/\/www.organisator.ch\/#\/schema\/person\/6f650f90b2842cd4c0cc334b4e36f67e","name":"thomas.berner","image":{"@type":"ImageObject","inLanguage":"fr-FR","@id":"https:\/\/secure.gravatar.com\/avatar\/ac5001d2a36cb6c6cd3e50789007ffca834b477b74a2144564522e944eabff61?s=96&d=mm&r=g","url":"https:\/\/secure.gravatar.com\/avatar\/ac5001d2a36cb6c6cd3e50789007ffca834b477b74a2144564522e944eabff61?s=96&d=mm&r=g","contentUrl":"https:\/\/secure.gravatar.com\/avatar\/ac5001d2a36cb6c6cd3e50789007ffca834b477b74a2144564522e944eabff61?s=96&d=mm&r=g","caption":"thomas.berner"},"url":"https:\/\/www.organisator.ch\/fr\/author\/thomas-berner\/"}]}},"_links":{"self":[{"href":"https:\/\/www.organisator.ch\/fr\/wp-json\/wp\/v2\/posts\/42585","targetHints":{"allow":["GET"]}}],"collection":[{"href":"https:\/\/www.organisator.ch\/fr\/wp-json\/wp\/v2\/posts"}],"about":[{"href":"https:\/\/www.organisator.ch\/fr\/wp-json\/wp\/v2\/types\/post"}],"author":[{"embeddable":true,"href":"https:\/\/www.organisator.ch\/fr\/wp-json\/wp\/v2\/users\/4"}],"replies":[{"embeddable":true,"href":"https:\/\/www.organisator.ch\/fr\/wp-json\/wp\/v2\/comments?post=42585"}],"version-history":[{"count":1,"href":"https:\/\/www.organisator.ch\/fr\/wp-json\/wp\/v2\/posts\/42585\/revisions"}],"predecessor-version":[{"id":42587,"href":"https:\/\/www.organisator.ch\/fr\/wp-json\/wp\/v2\/posts\/42585\/revisions\/42587"}],"wp:featuredmedia":[{"embeddable":true,"href":"https:\/\/www.organisator.ch\/fr\/wp-json\/wp\/v2\/media\/42586"}],"wp:attachment":[{"href":"https:\/\/www.organisator.ch\/fr\/wp-json\/wp\/v2\/media?parent=42585"}],"wp:term":[{"taxonomy":"category","embeddable":true,"href":"https:\/\/www.organisator.ch\/fr\/wp-json\/wp\/v2\/categories?post=42585"},{"taxonomy":"post_tag","embeddable":true,"href":"https:\/\/www.organisator.ch\/fr\/wp-json\/wp\/v2\/tags?post=42585"}],"curies":[{"name":"wp","href":"https:\/\/api.w.org\/{rel}","templated":true}]}}