{"id":42613,"date":"2025-12-05T14:56:52","date_gmt":"2025-12-05T13:56:52","guid":{"rendered":"https:\/\/www.markt-kom.com\/?p=247692"},"modified":"2025-12-09T11:57:00","modified_gmt":"2025-12-09T10:57:00","slug":"in-der-ki-begeisterten-schweiz-nimmt-desinformation-zu","status":"publish","type":"post","link":"https:\/\/www.organisator.ch\/fr\/marketing\/2025-12-05\/in-der-ki-begeisterten-schweiz-nimmt-desinformation-zu\/","title":{"rendered":"La d\u00e9sinformation augmente dans une Suisse enthousiaste pour l'IA"},"content":{"rendered":"<section id=\"doc-1jbftadhq0\" class=\"hero hero--default\">\r\n<div class=\"container container--grid gap--responsive\">\r\n<div class=\"hero__content\">\r\n<p class=\"font--regular hero__description\"><img class=\"alignnone size-full wp-image-247694\" src=\"https:\/\/www.markt-kom.com\/wp-content\/uploads\/2025\/12\/desinformationsbild-1.jpg\" sizes=\"(max-width: 1024px) 100vw, 1024px\" srcset=\"https:\/\/www.markt-kom.com\/wp-content\/uploads\/2025\/12\/desinformationsbild-1.jpg 1024w, https:\/\/www.markt-kom.com\/wp-content\/uploads\/2025\/12\/desinformationsbild-1-600x328.jpg 600w, https:\/\/www.markt-kom.com\/wp-content\/uploads\/2025\/12\/desinformationsbild-1-768x419.jpg 768w, https:\/\/www.markt-kom.com\/wp-content\/uploads\/2025\/12\/desinformationsbild-1-18x10.jpg 18w, https:\/\/www.markt-kom.com\/wp-content\/uploads\/2025\/12\/desinformationsbild-1-321x175.jpg 321w, https:\/\/www.markt-kom.com\/wp-content\/uploads\/2025\/12\/desinformationsbild-1-641x350.jpg 641w, https:\/\/www.markt-kom.com\/wp-content\/uploads\/2025\/12\/desinformationsbild-1-1000x546.jpg 1000w\" alt=\"\" width=\"1024\" height=\"559\" \/>Au printemps 2025, 43% de la population \u00e2g\u00e9e de 15 \u00e0 88 ans ont d\u00e9clar\u00e9 avoir d\u00e9j\u00e0 utilis\u00e9 un syst\u00e8me d'IA g\u00e9n\u00e9rative. Celui-ci cr\u00e9e du contenu textuel, visuel ou sonore \u00e0 partir d'une instruction.<\/p>\r\n<\/div>\r\n<\/div>\r\n<\/section>\r\n<section class=\"section section--default\">\r\n<div class=\"container container--grid gap--responsive\">\r\n<div class=\"container__center--xs vertical-spacing\">\r\n<h3 id=\"doc-1jbftedup0\" class=\"h2\">Les outils d'IA g\u00e9n\u00e9rative se r\u00e9pandent rapidement<\/h3>\r\n<p id=\"doc-1jbftedur0\" class=\"font--regular\">En Suisse, 3,2 millions de personnes ont utilis\u00e9 l'IA g\u00e9n\u00e9rative au cours des trois mois pr\u00e9c\u00e9dant l'enqu\u00eate, et beaucoup d'entre elles ont m\u00eame utilis\u00e9 ces outils tr\u00e8s fr\u00e9quemment : 36% des personnes qui ont utilis\u00e9 l'IA y ont eu recours quotidiennement, 34% l'ont fait au moins une fois par semaine. \u00c9tant donn\u00e9 que les syst\u00e8mes d'IA ne sont accessibles au grand public que depuis trois ans, le nombre d'utilisateurs et la fr\u00e9quence d'utilisation semblent d'autant plus \u00e9lev\u00e9s.<\/p>\r\n<p id=\"doc-1jbftedur1\" class=\"font--regular\">Ces syst\u00e8mes sont le plus souvent utilis\u00e9s \u00e0 des fins priv\u00e9es (38% de la population), suivies par les fins professionnelles (31%). Au sein du syst\u00e8me \u00e9ducatif formel (par exemple, les \u00e9coles et les universit\u00e9s), le taux d'utilisation atteint 75%.<\/p>\r\n<h3 id=\"doc-1jbftedut0\" class=\"h2\">L'IA met en \u00e9vidence la fracture num\u00e9rique<\/h3>\r\n<p id=\"doc-1jbfteduu0\" class=\"font--regular\">L'utilisation des outils d'IA g\u00e9n\u00e9rative varie consid\u00e9rablement en fonction du profil sociod\u00e9mographique. Les in\u00e9galit\u00e9s existantes dans l'utilisation g\u00e9n\u00e9rale des technologies num\u00e9riques sont encore plus marqu\u00e9es avec cette nouvelle technologie.<\/p>\r\n<p id=\"doc-1jbfteduv0\" class=\"font--regular\">Les jeunes sont particuli\u00e8rement nombreux \u00e0 recourir \u00e0 l'IA g\u00e9n\u00e9rative : 79% des 15-24 ans utilisent des outils correspondants, contre seulement 66% des 25-34 ans. Cette proportion continue de diminuer avec l'\u00e2ge (28% chez les 55-64 ans). Des diff\u00e9rences notables apparaissent \u00e9galement en fonction du niveau d'\u00e9ducation. 63% des personnes titulaires d'un dipl\u00f4me universitaire utilisent l'IA g\u00e9n\u00e9rative, contre 17% des personnes sans formation postobligatoire. Si les hommes utilisent globalement plus souvent l'IA g\u00e9n\u00e9rative que les femmes, il n'y a toutefois pas de diff\u00e9rences entre les sexes dans les tranches d'\u00e2ge inf\u00e9rieures \u00e0 30 ans.<\/p>\r\n<h3 id=\"doc-1jbftedv00\" class=\"h2\">La moiti\u00e9 de la population n'utilise pas l'IA g\u00e9n\u00e9rative<\/h3>\r\n<p id=\"doc-1jbftedv01\" class=\"font--regular\">M\u00eame si l'IA g\u00e9n\u00e9rative se r\u00e9pand rapidement, elle n'est pas encore utilis\u00e9e \u00e0 grande \u00e9chelle. Un tiers de la population ne voit pas l'utilit\u00e9 de ces applications et 7% ont des inqui\u00e9tudes en mati\u00e8re de protection des donn\u00e9es et de s\u00e9curit\u00e9. Seuls 7% d\u00e9clarent ne pas disposer des comp\u00e9tences n\u00e9cessaires, ce qui montre que la majorit\u00e9 de la population consid\u00e8re que les syst\u00e8mes d'IA sont relativement faciles \u00e0 utiliser. Seuls 2% de la population d\u00e9clarent ne pas avoir connaissance de l'existence de tels outils.<\/p>\r\n<h3 id=\"doc-1jbftedv10\" class=\"h2\">Contenus de plus en plus probl\u00e9matiques et probl\u00e8mes de s\u00e9curit\u00e9<\/h3>\r\n<p id=\"doc-1jbftedv20\" class=\"font--regular\">Les r\u00e9sultats mettent en \u00e9vidence un autre aspect important : entre 2023 et 2025, les probl\u00e8mes de s\u00e9curit\u00e9, la d\u00e9sinformation et les discours haineux ont fortement augment\u00e9 sur Internet. Cette \u00e9volution illustre la propagation croissante de contenus probl\u00e9matiques en ligne ainsi que l'augmentation des risques et des dangers li\u00e9s \u00e0 l'utilisation d'Internet.<\/p>\r\n<p id=\"doc-1jbftedv21\" class=\"font--regular\">La proportion de personnes ayant re\u00e7u des messages frauduleux (hame\u00e7onnage) au cours des trois mois pr\u00e9c\u00e9dant l'enqu\u00eate est pass\u00e9e de 51% \u00e0 61% (4,4 millions de personnes). L'augmentation de ce type de fraude en ligne se refl\u00e8te \u00e9galement dans la proportion d'utilisateurs qui d\u00e9clarent avoir subi des pertes financi\u00e8res au cours des douze mois pr\u00e9c\u00e9dant l'enqu\u00eate. Cette proportion \u00e9tait encore de 1,7% en 2021 et a doubl\u00e9 pour atteindre 3,4% (250 000 personnes) en 2025.<\/p>\r\n<h3 id=\"doc-1jbftedv30\" class=\"h2\">La d\u00e9sinformation gagne du terrain<\/h3>\r\n<p id=\"doc-1jbftedv40\" class=\"font--regular\">La d\u00e9sinformation est \u00e9galement en hausse. La tendance \u00e0 la hausse d\u00e9j\u00e0 observ\u00e9e entre 2021 et 2023 se confirme : en 2025, 58% de la population ont d\u00e9clar\u00e9 avoir trouv\u00e9 sur des sites web ou sur les r\u00e9seaux sociaux des contenus qu'ils jugeaient faux ou douteux (2021 : 45% ; 2023 : 51%). Les jeunes de moins de 30 ans et les utilisateurs des r\u00e9seaux sociaux sont particuli\u00e8rement expos\u00e9s \u00e0 la d\u00e9sinformation (respectivement 68% et 67%).<\/p>\r\n<p id=\"doc-1jbftedv41\" class=\"font--regular\">La mani\u00e8re d'aborder les fausses informations reste globalement inchang\u00e9e : environ la moiti\u00e9 des utilisateurs v\u00e9rifient la v\u00e9racit\u00e9 des contenus qu'ils trouvent. La majorit\u00e9 de ceux qui ne le font pas (38%) pensent d\u00e9j\u00e0 savoir qu'il s'agit de fausses informations ou d'une source peu fiable. 15% admettent en revanche ne pas disposer des connaissances ou des comp\u00e9tences n\u00e9cessaires pour v\u00e9rifier les contenus.<\/p>\r\n<h3 id=\"doc-1jbftedv42\" class=\"h2\">Les discours haineux se multiplient<\/h3>\r\n<p id=\"doc-1jbftedv50\" class=\"font--regular\">De plus en plus d'internautes sont confront\u00e9s \u00e0 des messages haineux. En 2025, 42% de la population ont d\u00e9clar\u00e9 avoir vu sur les r\u00e9seaux sociaux ou sur des sites d'information des messages hostiles ou d\u00e9nigrants \u00e0 l'encontre de groupes ou d'individus. Cela correspond \u00e0 une augmentation de 4,5 points de pourcentage. Une fois encore, ce sont les moins de 30 ans et les utilisateurs des r\u00e9seaux sociaux qui ont le plus souvent signal\u00e9 ce type de contenu (respectivement 61% et 50%).<\/p>\r\n<p class=\"font--regular\">On constate une augmentation particuli\u00e8rement forte des messages haineux li\u00e9s aux opinions politiques ou sociales ainsi qu'\u00e0 la religion, tout comme des contenus x\u00e9nophobes. Les messages haineux li\u00e9s \u00e0 l'orientation sexuelle ou au handicap sont \u00e0 peu pr\u00e8s aussi fr\u00e9quents qu'en 2023.<\/p>\r\n<hr \/>\r\n<p id=\"doc-1jbftf9i00\" class=\"font--regular\">Vous trouverez ce communiqu\u00e9 de presse et d'autres informations sur ce th\u00e8me sur le site\u00a0<a class=\"link--external\" href=\"https:\/\/www.bfs.admin.ch\/news\/de\/2025-0246\" rel=\"external noopener\" aria-label=\"www.bfs.admin.ch\/news\/de\/2025-0246 Ouvrir le lien dans un nouvel onglet\">Site web de l'OFS<\/a>.<\/p>\r\n<\/div>\r\n<\/div>\r\n<\/section>","protected":false},"excerpt":{"rendered":"<p>En 2025, plus de deux personnes sur cinq utilisaient l'intelligence artificielle (IA) pour cr\u00e9er des contenus tels que des textes ou des images. Chez les 15-24 ans, ce chiffre atteignait m\u00eame quatre personnes sur cinq. Dans le m\u00eame temps, la population est de plus en plus confront\u00e9e \u00e0 la d\u00e9sinformation, aux discours haineux ou \u00e0 la fraude en ligne. Tels sont les principaux r\u00e9sultats de la derni\u00e8re enqu\u00eate de l'Office f\u00e9d\u00e9ral de la statistique (OFS) sur l'utilisation d'Internet dans les m\u00e9nages suisses.<\/p>","protected":false},"author":8,"featured_media":0,"comment_status":"closed","ping_status":"closed","sticky":false,"template":"","format":"standard","meta":{"_acf_changed":false,"_yoast_wpseo_focuskw":"Desinformation","_yoast_wpseo_metadesc":"Immer mehr Personen nutzen KI, aber die Bev\u00f6lkerung wird online vermehrt mit Desinformation, Hassreden oder Betrug konfrontiert.","articlekey":"","footnotes":""},"categories":[29],"tags":[98,5719,319,4343],"class_list":["post-42613","post","type-post","status-publish","format-standard","hentry","category-marketing","tag-bundesamt-fuer-statistik","tag-hassrede","tag-kuenstliche-intelligenz","tag-markom"],"acf":[],"yoast_head":"<!-- This site is optimized with the Yoast SEO plugin v27.5 - https:\/\/yoast.com\/product\/yoast-seo-wordpress\/ -->\n<title>In der KI-begeisterten Schweiz nimmt Desinformation zu - Organisator<\/title>\n<meta name=\"description\" content=\"Immer mehr Personen nutzen KI, aber die Bev\u00f6lkerung wird online vermehrt mit Desinformation, Hassreden oder Betrug konfrontiert.\" \/>\n<meta name=\"robots\" content=\"index, follow, max-snippet:-1, max-image-preview:large, max-video-preview:-1\" \/>\n<link rel=\"canonical\" href=\"https:\/\/www.organisator.ch\/fr\/marketing\/2025-12-05\/in-der-ki-begeisterten-schweiz-nimmt-desinformation-zu\/\" \/>\n<meta property=\"og:locale\" content=\"fr_FR\" \/>\n<meta property=\"og:type\" content=\"article\" \/>\n<meta property=\"og:title\" content=\"In der KI-begeisterten Schweiz nimmt Desinformation zu - Organisator\" \/>\n<meta property=\"og:description\" content=\"Immer mehr Personen nutzen KI, aber die Bev\u00f6lkerung wird online vermehrt mit Desinformation, Hassreden oder Betrug konfrontiert.\" \/>\n<meta property=\"og:url\" content=\"https:\/\/www.organisator.ch\/fr\/marketing\/2025-12-05\/in-der-ki-begeisterten-schweiz-nimmt-desinformation-zu\/\" \/>\n<meta property=\"og:site_name\" content=\"Organisator\" \/>\n<meta property=\"article:publisher\" content=\"https:\/\/www.facebook.com\/OrganisatorFachmagazin\" \/>\n<meta property=\"article:published_time\" content=\"2025-12-05T13:56:52+00:00\" \/>\n<meta property=\"article:modified_time\" content=\"2025-12-09T10:57:00+00:00\" \/>\n<meta name=\"author\" content=\"galledia\" \/>\n<meta name=\"twitter:card\" content=\"summary_large_image\" \/>\n<meta name=\"twitter:creator\" content=\"@admin\" \/>\n<script type=\"application\/ld+json\" class=\"yoast-schema-graph\">{\"@context\":\"https:\\\/\\\/schema.org\",\"@graph\":[{\"@type\":\"Article\",\"@id\":\"https:\\\/\\\/www.organisator.ch\\\/marketing\\\/2025-12-05\\\/in-der-ki-begeisterten-schweiz-nimmt-desinformation-zu\\\/#article\",\"isPartOf\":{\"@id\":\"https:\\\/\\\/www.organisator.ch\\\/marketing\\\/2025-12-05\\\/in-der-ki-begeisterten-schweiz-nimmt-desinformation-zu\\\/\"},\"author\":{\"name\":\"galledia\",\"@id\":\"https:\\\/\\\/www.organisator.ch\\\/#\\\/schema\\\/person\\\/4e51799071cd2dd1232ac003643ef5f0\"},\"headline\":\"In der KI-begeisterten Schweiz nimmt Desinformation zu\",\"datePublished\":\"2025-12-05T13:56:52+00:00\",\"dateModified\":\"2025-12-09T10:57:00+00:00\",\"mainEntityOfPage\":{\"@id\":\"https:\\\/\\\/www.organisator.ch\\\/marketing\\\/2025-12-05\\\/in-der-ki-begeisterten-schweiz-nimmt-desinformation-zu\\\/\"},\"wordCount\":697,\"publisher\":{\"@id\":\"https:\\\/\\\/www.organisator.ch\\\/#organization\"},\"image\":{\"@id\":\"https:\\\/\\\/www.organisator.ch\\\/marketing\\\/2025-12-05\\\/in-der-ki-begeisterten-schweiz-nimmt-desinformation-zu\\\/#primaryimage\"},\"thumbnailUrl\":\"https:\\\/\\\/www.markt-kom.com\\\/wp-content\\\/uploads\\\/2025\\\/12\\\/desinformationsbild-1.jpg\",\"keywords\":[\"Bundesamt f\u00fcr Statistik\",\"Hassrede\",\"K\u00fcnstliche Intelligenz\",\"MarKom\"],\"articleSection\":[\"MARKETING\"],\"inLanguage\":\"fr-FR\"},{\"@type\":\"WebPage\",\"@id\":\"https:\\\/\\\/www.organisator.ch\\\/marketing\\\/2025-12-05\\\/in-der-ki-begeisterten-schweiz-nimmt-desinformation-zu\\\/\",\"url\":\"https:\\\/\\\/www.organisator.ch\\\/marketing\\\/2025-12-05\\\/in-der-ki-begeisterten-schweiz-nimmt-desinformation-zu\\\/\",\"name\":\"In der KI-begeisterten Schweiz nimmt Desinformation zu - Organisator\",\"isPartOf\":{\"@id\":\"https:\\\/\\\/www.organisator.ch\\\/#website\"},\"primaryImageOfPage\":{\"@id\":\"https:\\\/\\\/www.organisator.ch\\\/marketing\\\/2025-12-05\\\/in-der-ki-begeisterten-schweiz-nimmt-desinformation-zu\\\/#primaryimage\"},\"image\":{\"@id\":\"https:\\\/\\\/www.organisator.ch\\\/marketing\\\/2025-12-05\\\/in-der-ki-begeisterten-schweiz-nimmt-desinformation-zu\\\/#primaryimage\"},\"thumbnailUrl\":\"https:\\\/\\\/www.markt-kom.com\\\/wp-content\\\/uploads\\\/2025\\\/12\\\/desinformationsbild-1.jpg\",\"datePublished\":\"2025-12-05T13:56:52+00:00\",\"dateModified\":\"2025-12-09T10:57:00+00:00\",\"description\":\"Immer mehr Personen nutzen KI, aber die Bev\u00f6lkerung wird online vermehrt mit Desinformation, Hassreden oder Betrug konfrontiert.\",\"breadcrumb\":{\"@id\":\"https:\\\/\\\/www.organisator.ch\\\/marketing\\\/2025-12-05\\\/in-der-ki-begeisterten-schweiz-nimmt-desinformation-zu\\\/#breadcrumb\"},\"inLanguage\":\"fr-FR\",\"potentialAction\":[{\"@type\":\"ReadAction\",\"target\":[\"https:\\\/\\\/www.organisator.ch\\\/marketing\\\/2025-12-05\\\/in-der-ki-begeisterten-schweiz-nimmt-desinformation-zu\\\/\"]}]},{\"@type\":\"ImageObject\",\"inLanguage\":\"fr-FR\",\"@id\":\"https:\\\/\\\/www.organisator.ch\\\/marketing\\\/2025-12-05\\\/in-der-ki-begeisterten-schweiz-nimmt-desinformation-zu\\\/#primaryimage\",\"url\":\"https:\\\/\\\/www.markt-kom.com\\\/wp-content\\\/uploads\\\/2025\\\/12\\\/desinformationsbild-1.jpg\",\"contentUrl\":\"https:\\\/\\\/www.markt-kom.com\\\/wp-content\\\/uploads\\\/2025\\\/12\\\/desinformationsbild-1.jpg\"},{\"@type\":\"BreadcrumbList\",\"@id\":\"https:\\\/\\\/www.organisator.ch\\\/marketing\\\/2025-12-05\\\/in-der-ki-begeisterten-schweiz-nimmt-desinformation-zu\\\/#breadcrumb\",\"itemListElement\":[{\"@type\":\"ListItem\",\"position\":1,\"name\":\"Home\",\"item\":\"https:\\\/\\\/www.organisator.ch\\\/\"},{\"@type\":\"ListItem\",\"position\":2,\"name\":\"In der KI-begeisterten Schweiz nimmt Desinformation zu\"}]},{\"@type\":\"WebSite\",\"@id\":\"https:\\\/\\\/www.organisator.ch\\\/#website\",\"url\":\"https:\\\/\\\/www.organisator.ch\\\/\",\"name\":\"Organisator\",\"description\":\"Kompetent. Praxisnah. Der ORGANISATOR bereitet in 10 Ausgaben pro Jahr die wesentlichen Themen f\u00fcr F\u00fchrungskr\u00e4fte von KMU auf.\",\"publisher\":{\"@id\":\"https:\\\/\\\/www.organisator.ch\\\/#organization\"},\"potentialAction\":[{\"@type\":\"SearchAction\",\"target\":{\"@type\":\"EntryPoint\",\"urlTemplate\":\"https:\\\/\\\/www.organisator.ch\\\/?s={search_term_string}\"},\"query-input\":{\"@type\":\"PropertyValueSpecification\",\"valueRequired\":true,\"valueName\":\"search_term_string\"}}],\"inLanguage\":\"fr-FR\"},{\"@type\":\"Organization\",\"@id\":\"https:\\\/\\\/www.organisator.ch\\\/#organization\",\"name\":\"Organisator\",\"url\":\"https:\\\/\\\/www.organisator.ch\\\/\",\"logo\":{\"@type\":\"ImageObject\",\"inLanguage\":\"fr-FR\",\"@id\":\"https:\\\/\\\/www.organisator.ch\\\/#\\\/schema\\\/logo\\\/image\\\/\",\"url\":\"https:\\\/\\\/www.organisator.ch\\\/wp-content\\\/uploads\\\/2022\\\/01\\\/Logo_Organisator_Website.png\",\"contentUrl\":\"https:\\\/\\\/www.organisator.ch\\\/wp-content\\\/uploads\\\/2022\\\/01\\\/Logo_Organisator_Website.png\",\"width\":800,\"height\":77,\"caption\":\"Organisator\"},\"image\":{\"@id\":\"https:\\\/\\\/www.organisator.ch\\\/#\\\/schema\\\/logo\\\/image\\\/\"},\"sameAs\":[\"https:\\\/\\\/www.facebook.com\\\/OrganisatorFachmagazin\",\"https:\\\/\\\/www.linkedin.com\\\/showcase\\\/organisator-das-magazin-fr-kmu\",\"https:\\\/\\\/www.xing.com\\\/news\\\/pages\\\/organisator-ch-695\",\"https:\\\/\\\/www.youtube.com\\\/channel\\\/UCGP2Sq0iWaZwT3BdIAQFYpw\"]},{\"@type\":\"Person\",\"@id\":\"https:\\\/\\\/www.organisator.ch\\\/#\\\/schema\\\/person\\\/4e51799071cd2dd1232ac003643ef5f0\",\"name\":\"galledia\",\"image\":{\"@type\":\"ImageObject\",\"inLanguage\":\"fr-FR\",\"@id\":\"https:\\\/\\\/secure.gravatar.com\\\/avatar\\\/78a7f90c01fc2bfc875782a0d4922b37cde2cf184ce347b91316d23cd7f69a36?s=96&d=mm&r=g\",\"url\":\"https:\\\/\\\/secure.gravatar.com\\\/avatar\\\/78a7f90c01fc2bfc875782a0d4922b37cde2cf184ce347b91316d23cd7f69a36?s=96&d=mm&r=g\",\"contentUrl\":\"https:\\\/\\\/secure.gravatar.com\\\/avatar\\\/78a7f90c01fc2bfc875782a0d4922b37cde2cf184ce347b91316d23cd7f69a36?s=96&d=mm&r=g\",\"caption\":\"galledia\"},\"sameAs\":[\"https:\\\/\\\/x.com\\\/admin\"],\"url\":\"https:\\\/\\\/www.organisator.ch\\\/fr\\\/author\\\/galledia\\\/\"}]}<\/script>\n<!-- \/ Yoast SEO plugin. -->","yoast_head_json":{"title":"La d\u00e9sinformation augmente en Suisse, pays passionn\u00e9 par l'IA - Organisateur","description":"De plus en plus de personnes utilisent l'IA, mais la population est de plus en plus confront\u00e9e \u00e0 la d\u00e9sinformation, aux discours haineux ou \u00e0 la fraude en ligne.","robots":{"index":"index","follow":"follow","max-snippet":"max-snippet:-1","max-image-preview":"max-image-preview:large","max-video-preview":"max-video-preview:-1"},"canonical":"https:\/\/www.organisator.ch\/fr\/marketing\/2025-12-05\/in-der-ki-begeisterten-schweiz-nimmt-desinformation-zu\/","og_locale":"fr_FR","og_type":"article","og_title":"In der KI-begeisterten Schweiz nimmt Desinformation zu - Organisator","og_description":"Immer mehr Personen nutzen KI, aber die Bev\u00f6lkerung wird online vermehrt mit Desinformation, Hassreden oder Betrug konfrontiert.","og_url":"https:\/\/www.organisator.ch\/fr\/marketing\/2025-12-05\/in-der-ki-begeisterten-schweiz-nimmt-desinformation-zu\/","og_site_name":"Organisator","article_publisher":"https:\/\/www.facebook.com\/OrganisatorFachmagazin","article_published_time":"2025-12-05T13:56:52+00:00","article_modified_time":"2025-12-09T10:57:00+00:00","author":"galledia","twitter_card":"summary_large_image","twitter_creator":"@admin","schema":{"@context":"https:\/\/schema.org","@graph":[{"@type":"Article","@id":"https:\/\/www.organisator.ch\/marketing\/2025-12-05\/in-der-ki-begeisterten-schweiz-nimmt-desinformation-zu\/#article","isPartOf":{"@id":"https:\/\/www.organisator.ch\/marketing\/2025-12-05\/in-der-ki-begeisterten-schweiz-nimmt-desinformation-zu\/"},"author":{"name":"galledia","@id":"https:\/\/www.organisator.ch\/#\/schema\/person\/4e51799071cd2dd1232ac003643ef5f0"},"headline":"In der KI-begeisterten Schweiz nimmt Desinformation zu","datePublished":"2025-12-05T13:56:52+00:00","dateModified":"2025-12-09T10:57:00+00:00","mainEntityOfPage":{"@id":"https:\/\/www.organisator.ch\/marketing\/2025-12-05\/in-der-ki-begeisterten-schweiz-nimmt-desinformation-zu\/"},"wordCount":697,"publisher":{"@id":"https:\/\/www.organisator.ch\/#organization"},"image":{"@id":"https:\/\/www.organisator.ch\/marketing\/2025-12-05\/in-der-ki-begeisterten-schweiz-nimmt-desinformation-zu\/#primaryimage"},"thumbnailUrl":"https:\/\/www.markt-kom.com\/wp-content\/uploads\/2025\/12\/desinformationsbild-1.jpg","keywords":["Bundesamt f\u00fcr Statistik","Hassrede","K\u00fcnstliche Intelligenz","MarKom"],"articleSection":["MARKETING"],"inLanguage":"fr-FR"},{"@type":"WebPage","@id":"https:\/\/www.organisator.ch\/marketing\/2025-12-05\/in-der-ki-begeisterten-schweiz-nimmt-desinformation-zu\/","url":"https:\/\/www.organisator.ch\/marketing\/2025-12-05\/in-der-ki-begeisterten-schweiz-nimmt-desinformation-zu\/","name":"La d\u00e9sinformation augmente en Suisse, pays passionn\u00e9 par l'IA - Organisateur","isPartOf":{"@id":"https:\/\/www.organisator.ch\/#website"},"primaryImageOfPage":{"@id":"https:\/\/www.organisator.ch\/marketing\/2025-12-05\/in-der-ki-begeisterten-schweiz-nimmt-desinformation-zu\/#primaryimage"},"image":{"@id":"https:\/\/www.organisator.ch\/marketing\/2025-12-05\/in-der-ki-begeisterten-schweiz-nimmt-desinformation-zu\/#primaryimage"},"thumbnailUrl":"https:\/\/www.markt-kom.com\/wp-content\/uploads\/2025\/12\/desinformationsbild-1.jpg","datePublished":"2025-12-05T13:56:52+00:00","dateModified":"2025-12-09T10:57:00+00:00","description":"De plus en plus de personnes utilisent l'IA, mais la population est de plus en plus confront\u00e9e \u00e0 la d\u00e9sinformation, aux discours haineux ou \u00e0 la fraude en ligne.","breadcrumb":{"@id":"https:\/\/www.organisator.ch\/marketing\/2025-12-05\/in-der-ki-begeisterten-schweiz-nimmt-desinformation-zu\/#breadcrumb"},"inLanguage":"fr-FR","potentialAction":[{"@type":"ReadAction","target":["https:\/\/www.organisator.ch\/marketing\/2025-12-05\/in-der-ki-begeisterten-schweiz-nimmt-desinformation-zu\/"]}]},{"@type":"ImageObject","inLanguage":"fr-FR","@id":"https:\/\/www.organisator.ch\/marketing\/2025-12-05\/in-der-ki-begeisterten-schweiz-nimmt-desinformation-zu\/#primaryimage","url":"https:\/\/www.markt-kom.com\/wp-content\/uploads\/2025\/12\/desinformationsbild-1.jpg","contentUrl":"https:\/\/www.markt-kom.com\/wp-content\/uploads\/2025\/12\/desinformationsbild-1.jpg"},{"@type":"BreadcrumbList","@id":"https:\/\/www.organisator.ch\/marketing\/2025-12-05\/in-der-ki-begeisterten-schweiz-nimmt-desinformation-zu\/#breadcrumb","itemListElement":[{"@type":"ListItem","position":1,"name":"Home","item":"https:\/\/www.organisator.ch\/"},{"@type":"ListItem","position":2,"name":"In der KI-begeisterten Schweiz nimmt Desinformation zu"}]},{"@type":"WebSite","@id":"https:\/\/www.organisator.ch\/#website","url":"https:\/\/www.organisator.ch\/","name":"Organisateur","description":"Comp\u00e9tence et comp\u00e9tence. Proches de la pratique. L'ORGANISATEUR pr\u00e9pare 10 num\u00e9ros par an sur les th\u00e8mes essentiels pour les dirigeants de PME.","publisher":{"@id":"https:\/\/www.organisator.ch\/#organization"},"potentialAction":[{"@type":"SearchAction","target":{"@type":"EntryPoint","urlTemplate":"https:\/\/www.organisator.ch\/?s={search_term_string}"},"query-input":{"@type":"PropertyValueSpecification","valueRequired":true,"valueName":"search_term_string"}}],"inLanguage":"fr-FR"},{"@type":"Organization","@id":"https:\/\/www.organisator.ch\/#organization","name":"Organisateur","url":"https:\/\/www.organisator.ch\/","logo":{"@type":"ImageObject","inLanguage":"fr-FR","@id":"https:\/\/www.organisator.ch\/#\/schema\/logo\/image\/","url":"https:\/\/www.organisator.ch\/wp-content\/uploads\/2022\/01\/Logo_Organisator_Website.png","contentUrl":"https:\/\/www.organisator.ch\/wp-content\/uploads\/2022\/01\/Logo_Organisator_Website.png","width":800,"height":77,"caption":"Organisator"},"image":{"@id":"https:\/\/www.organisator.ch\/#\/schema\/logo\/image\/"},"sameAs":["https:\/\/www.facebook.com\/OrganisatorFachmagazin","https:\/\/www.linkedin.com\/showcase\/organisator-das-magazin-fr-kmu","https:\/\/www.xing.com\/news\/pages\/organisator-ch-695","https:\/\/www.youtube.com\/channel\/UCGP2Sq0iWaZwT3BdIAQFYpw"]},{"@type":"Person","@id":"https:\/\/www.organisator.ch\/#\/schema\/person\/4e51799071cd2dd1232ac003643ef5f0","name":"galledia","image":{"@type":"ImageObject","inLanguage":"fr-FR","@id":"https:\/\/secure.gravatar.com\/avatar\/78a7f90c01fc2bfc875782a0d4922b37cde2cf184ce347b91316d23cd7f69a36?s=96&d=mm&r=g","url":"https:\/\/secure.gravatar.com\/avatar\/78a7f90c01fc2bfc875782a0d4922b37cde2cf184ce347b91316d23cd7f69a36?s=96&d=mm&r=g","contentUrl":"https:\/\/secure.gravatar.com\/avatar\/78a7f90c01fc2bfc875782a0d4922b37cde2cf184ce347b91316d23cd7f69a36?s=96&d=mm&r=g","caption":"galledia"},"sameAs":["https:\/\/x.com\/admin"],"url":"https:\/\/www.organisator.ch\/fr\/author\/galledia\/"}]}},"_links":{"self":[{"href":"https:\/\/www.organisator.ch\/fr\/wp-json\/wp\/v2\/posts\/42613","targetHints":{"allow":["GET"]}}],"collection":[{"href":"https:\/\/www.organisator.ch\/fr\/wp-json\/wp\/v2\/posts"}],"about":[{"href":"https:\/\/www.organisator.ch\/fr\/wp-json\/wp\/v2\/types\/post"}],"author":[{"embeddable":true,"href":"https:\/\/www.organisator.ch\/fr\/wp-json\/wp\/v2\/users\/8"}],"replies":[{"embeddable":true,"href":"https:\/\/www.organisator.ch\/fr\/wp-json\/wp\/v2\/comments?post=42613"}],"version-history":[{"count":3,"href":"https:\/\/www.organisator.ch\/fr\/wp-json\/wp\/v2\/posts\/42613\/revisions"}],"predecessor-version":[{"id":42650,"href":"https:\/\/www.organisator.ch\/fr\/wp-json\/wp\/v2\/posts\/42613\/revisions\/42650"}],"wp:attachment":[{"href":"https:\/\/www.organisator.ch\/fr\/wp-json\/wp\/v2\/media?parent=42613"}],"wp:term":[{"taxonomy":"category","embeddable":true,"href":"https:\/\/www.organisator.ch\/fr\/wp-json\/wp\/v2\/categories?post=42613"},{"taxonomy":"post_tag","embeddable":true,"href":"https:\/\/www.organisator.ch\/fr\/wp-json\/wp\/v2\/tags?post=42613"}],"curies":[{"name":"wp","href":"https:\/\/api.w.org\/{rel}","templated":true}]}}