{"id":42619,"date":"2025-12-08T13:50:09","date_gmt":"2025-12-08T12:50:09","guid":{"rendered":"https:\/\/www.m-q.ch\/?p=22191"},"modified":"2025-12-09T11:53:55","modified_gmt":"2025-12-09T10:53:55","slug":"2026-bringt-schweizer-unternehmen-an-die-belastungsgrenze","status":"publish","type":"post","link":"https:\/\/www.organisator.ch\/fr\/operational-excellence\/2025-12-08\/2026-bringt-schweizer-unternehmen-an-die-belastungsgrenze\/","title":{"rendered":"2026 mettra les entreprises suisses \u00e0 rude \u00e9preuve"},"content":{"rendered":"<figure id=\"attachment_22192\" class=\"wp-caption alignnone\" style=\"width: 680px;\" aria-describedby=\"caption-attachment-22192\"><img class=\"size-full wp-image-22192\" src=\"https:\/\/www.m-q.ch\/wp-content\/uploads\/2025\/12\/2026-bringt-Schweizer-Unternehmen-an-die-Belastungsgrenze_MQ.jpg\" sizes=\"auto, (max-width: 680px) 100vw, 680px\" srcset=\"https:\/\/www.m-q.ch\/wp-content\/uploads\/2025\/12\/2026-bringt-Schweizer-Unternehmen-an-die-Belastungsgrenze_MQ.jpg 680w, https:\/\/www.m-q.ch\/wp-content\/uploads\/2025\/12\/2026-bringt-Schweizer-Unternehmen-an-die-Belastungsgrenze_MQ-18x12.jpg 18w, https:\/\/www.m-q.ch\/wp-content\/uploads\/2025\/12\/2026-bringt-Schweizer-Unternehmen-an-die-Belastungsgrenze_MQ-375x250.jpg 375w, https:\/\/www.m-q.ch\/wp-content\/uploads\/2025\/12\/2026-bringt-Schweizer-Unternehmen-an-die-Belastungsgrenze_MQ-524x350.jpg 524w\" alt=\"\" width=\"680\" height=\"454\" \/>\r\n<figcaption id=\"caption-attachment-22192\" class=\"wp-caption-text\">De plus en plus d'entreprises suisses atteindront-elles leurs limites en 2026 ? (Image : Depositphotos.com)<\/figcaption>\r\n<\/figure>\r\n<p>En 2026, les entreprises suisses seront confront\u00e9es \u00e0 de nombreux d\u00e9fis : les membres de la g\u00e9n\u00e9ration du baby-boom n\u00e9s jusqu'en 1964 prendront leur retraite l'ann\u00e9e prochaine, laissant derri\u00e8re eux des vides consid\u00e9rables dans des fonctions cl\u00e9s. Dans le m\u00eame temps, la force du franc suisse p\u00e8se sur les entreprises exportatrices. Celles-ci doivent souvent choisir entre augmenter leurs prix \u00e0 l'\u00e9tranger, au risque de perdre des parts de march\u00e9, ou se contenter de marges plus faibles. \u00c0 cela s'ajoutent les cons\u00e9quences des droits de douane punitifs impos\u00e9s par les \u00c9tats-Unis, qui non seulement rench\u00e9rissent les exportations suisses vers les \u00c9tats-Unis, mais compliquent \u00e9galement les processus op\u00e9rationnels. Patrick Sommer, directeur g\u00e9n\u00e9ral de CNT Management Consulting, sait d'exp\u00e9rience \u00e0 quoi les entreprises suisses sont actuellement confront\u00e9es : \u00ab Les droits de douane d\u00e9clenchent un cauchemar bureaucratique : les entreprises doivent prouver sans faille d'o\u00f9 provient chaque petite vis \u00bb, explique-t-il. \u00ab Les co\u00fbts suppl\u00e9mentaires doivent \u00eatre compens\u00e9s soit par des augmentations de prix, soit par une r\u00e9duction des marges. Dans le m\u00eame temps, une pression politique s'exerce pour v\u00e9rifier si une d\u00e9localisation de la production aux \u00c9tats-Unis est plus int\u00e9ressante \u00e9conomiquement \u00e0 long terme que le maintien en Suisse. \u00bb Il estime que de nombreuses entreprises se trouvent dans une situation d\u00e9licate : \u00ab D'une part, elles doivent planifier leurs ressources humaines avec prudence et tenir compte de la vague de d\u00e9parts \u00e0 la retraite \u00e0 venir ainsi que des probl\u00e8mes d'exportation. D'autre part, elles ne doivent pas se laisser distancer sur le plan technologique. Cela signifie qu'elles doivent int\u00e9grer des solutions num\u00e9riques dans leurs syst\u00e8mes existants, investir dans l'IA et former leurs collaborateurs de mani\u00e8re cibl\u00e9e. \u00bb<\/p>\r\n<h3><strong>La bureaucratie limite la marge de man\u0153uvre, en particulier pour les PME<\/strong><\/h3>\r\n<p>Les d\u00e9cisions politiques telles que les r\u00e9centes sanctions douani\u00e8res am\u00e9ricaines renforcent l'incertitude pour les entreprises suisses : elles compliquent la planification \u00e0 long terme, imposent des ajustements de co\u00fbts permanents et constituent ainsi un risque commercial. Malgr\u00e9 la pression croissante en faveur de la modernisation, de nombreuses entreprises ne disposent pas des moyens n\u00e9cessaires pour mener \u00e0 bien les projets de num\u00e9risation et d'automatisation qui s'imposent de toute urgence. \u00ab Bien que la plupart des entreprises soient conscientes que l'innovation num\u00e9rique renforcerait leur comp\u00e9titivit\u00e9, les co\u00fbts salariaux \u00e9lev\u00e9s, les investissements importants dans la durabilit\u00e9 et la situation \u00e9conomique tendue font souvent obstacle \u00e0 de tels projets \u00bb, explique l'expert de CNT Management Consulting. Les petites et moyennes entreprises (PME) sont particuli\u00e8rement touch\u00e9es par cette situation suppl\u00e9mentaire. Les exigences croissantes en mati\u00e8re d'ESG et de durabilit\u00e9 leur imposent de fournir des donn\u00e9es que les grands groupes consid\u00e8rent aujourd'hui comme indispensables, notamment l'empreinte carbone des produits, les certificats d'origine ou les informations sur la fiabilit\u00e9 de la cha\u00eene d'approvisionnement. \u00ab De nombreuses PME ne disposent pas de ces informations ou doivent les collecter manuellement, ce qui prend beaucoup de temps. Cela mobilise du personnel d\u00e9j\u00e0 rare et co\u00fbte un temps pr\u00e9cieux dans les activit\u00e9s quotidiennes \u00bb, explique M. Sommer.<\/p>\r\n<h3><strong>L'IA n'est pas un \u00ab gadget \u00bb : pourquoi elle doit aujourd'hui apporter un r\u00e9el soulagement <\/strong><\/h3>\r\n<p>Compte tenu de l'augmentation des co\u00fbts, de la p\u00e9nurie de main-d'\u0153uvre et des obligations croissantes en mati\u00e8re de reporting, la num\u00e9risation occupera une place plus importante en 2026. Pour de nombreuses entreprises, la question centrale est de savoir comment obtenir un rendement sup\u00e9rieur avec moins de personnel. Dans ce contexte, l'IA est devenue une condition essentielle \u00e0 la r\u00e9ussite des entreprises. M. Sommer pr\u00e9conise toutefois une approche cibl\u00e9e : \u00ab L'IA n'est pas un gadget, mais un outil qui apporte un soulagement mesurable en p\u00e9riode de p\u00e9nurie de main-d'\u0153uvre qualifi\u00e9e. \u00bb Il est donc essentiel de cr\u00e9er des applications concr\u00e8tes. Le Process Mining, par exemple avec SAP Signavio, permet de mettre en \u00e9vidence les goulots d'\u00e9tranglement, tandis que les processus num\u00e9riques int\u00e9gr\u00e9s r\u00e9duisent les temps d'attente et les sources d'erreurs. Cela n\u00e9cessite des processus rationalis\u00e9s et des donn\u00e9es fiables, car un mauvais processus reste mauvais, m\u00eame automatis\u00e9.<\/p>\r\n<h3><strong>Trois tendances pertinentes dans le secteur du conseil pour la nouvelle ann\u00e9e<\/strong><\/h3>\r\n<p>Dans son domaine d'expertise, le conseil ax\u00e9 sur la transformation num\u00e9rique des entreprises, M. Sommer, expert chez CNT, identifie trois tendances majeures. Premi\u00e8rement, lors de la mise en \u0153uvre de l'IA, l'accent doit \u00eatre mis sur le \u00ab retour sur investissement concret \u00bb : \u00ab Ce ne sont pas des strat\u00e9gies abstraites qui sont recherch\u00e9es, mais une mise en \u0153uvre op\u00e9rationnelle et mesurable de l'IA, qui promet un retour sur investissement clair et \u00e0 court terme \u00bb, explique M. Sommer. Deuxi\u00e8mement, les cabinets de conseil qui ne misent pas sur l'IA risquent de perdre rapidement leur comp\u00e9titivit\u00e9. Et troisi\u00e8mement, selon M. Sommer, S\/4HANA Cloud doit r\u00e9ussir \u00e0 convaincre : \u00ab Les transformations SAP en cours doivent prouver qu'elles rationalisent r\u00e9ellement les processus et ne se contentent pas de moderniser l'informatique \u00bb, conclut M. Sommer.<\/p>\r\n<p><em>Source et informations compl\u00e9mentaires : <a href=\"https:\/\/www.cnt-online.com\/de\/\">Conseil en gestion CNT<\/a><\/em><\/p>\n<p class=\"syndicated-attribution\">Cet article est paru initialement sur m-q.ch - <a href=\"https:\/\/www.m-q.ch\/de\/2026-bringt-schweizer-unternehmen-an-die-belastungsgrenze\/\" target=\"_blank\">https:\/\/www.m-q.ch\/de\/2026-bringt-schweizer-unternehmen-an-die-belastungsgrenze\/<\/a><\/p>","protected":false},"excerpt":{"rendered":"<p>Avec le changement de g\u00e9n\u00e9ration, de nombreux baby-boomers prendront leur retraite en 2026, laissant derri\u00e8re eux un vide notable en mati\u00e8re de connaissances sp\u00e9cialis\u00e9es dont le besoin se fait urgemment sentir. De nombreuses entreprises r\u00e9agissent d\u00e9j\u00e0 en augmentant les salaires afin de conserver leurs collaborateurs qualifi\u00e9s ou d'attirer de nouveaux talents. Dans le m\u00eame temps, d'autres d\u00e9fis se profilent pour l'\u00e9conomie suisse. Qu'est-ce que cela signifie pour les entreprises et pour le secteur du conseil ?<\/p>","protected":false},"author":8,"featured_media":0,"comment_status":"closed","ping_status":"closed","sticky":false,"template":"","format":"standard","meta":{"_acf_changed":false,"_yoast_wpseo_focuskw":"Belastungsgrenze","_yoast_wpseo_metadesc":"Herausforderungen bringen die Wirtschaft an die Belastungsgrenze. Was bedeutet das f\u00fcr die Betriebe\u00a0\u2013 und f\u00fcr die Consulting-Branche?","articlekey":"","footnotes":""},"categories":[582],"tags":[68,103,128,194,335,418],"class_list":["post-42619","post","type-post","status-publish","format-standard","hentry","category-operational-excellence","tag-babyboomer","tag-business-excellence","tag-consulting","tag-fachkraeftemangel","tag-management-und-unternehmensfuehrung","tag-risikomanagement"],"acf":[],"yoast_head":"<!-- This site is optimized with the Yoast SEO plugin v27.4 - https:\/\/yoast.com\/product\/yoast-seo-wordpress\/ -->\n<title>2026 bringt Schweizer Unternehmen an die Belastungsgrenze - Organisator<\/title>\n<meta name=\"description\" content=\"Herausforderungen bringen die Wirtschaft an die Belastungsgrenze. Was bedeutet das f\u00fcr die Betriebe\u00a0\u2013 und f\u00fcr die Consulting-Branche?\" \/>\n<meta name=\"robots\" content=\"index, follow, max-snippet:-1, max-image-preview:large, max-video-preview:-1\" \/>\n<link rel=\"canonical\" href=\"https:\/\/www.organisator.ch\/fr\/excellence-operationnelle\/2025-12-08\/2026-bringt-schweizer-unternehmen-an-die-belastungsgrenze\/\" \/>\n<meta property=\"og:locale\" content=\"fr_FR\" \/>\n<meta property=\"og:type\" content=\"article\" \/>\n<meta property=\"og:title\" content=\"2026 bringt Schweizer Unternehmen an die Belastungsgrenze - Organisator\" \/>\n<meta property=\"og:description\" content=\"Herausforderungen bringen die Wirtschaft an die Belastungsgrenze. Was bedeutet das f\u00fcr die Betriebe\u00a0\u2013 und f\u00fcr die Consulting-Branche?\" \/>\n<meta property=\"og:url\" content=\"https:\/\/www.organisator.ch\/fr\/excellence-operationnelle\/2025-12-08\/2026-bringt-schweizer-unternehmen-an-die-belastungsgrenze\/\" \/>\n<meta property=\"og:site_name\" content=\"Organisator\" \/>\n<meta property=\"article:publisher\" content=\"https:\/\/www.facebook.com\/OrganisatorFachmagazin\" \/>\n<meta property=\"article:published_time\" content=\"2025-12-08T12:50:09+00:00\" \/>\n<meta property=\"article:modified_time\" content=\"2025-12-09T10:53:55+00:00\" \/>\n<meta name=\"author\" content=\"galledia\" \/>\n<meta name=\"twitter:card\" content=\"summary_large_image\" \/>\n<meta name=\"twitter:creator\" content=\"@admin\" \/>\n<script type=\"application\/ld+json\" class=\"yoast-schema-graph\">{\"@context\":\"https:\\\/\\\/schema.org\",\"@graph\":[{\"@type\":\"Article\",\"@id\":\"https:\\\/\\\/www.organisator.ch\\\/operational-excellence\\\/2025-12-08\\\/2026-bringt-schweizer-unternehmen-an-die-belastungsgrenze\\\/#article\",\"isPartOf\":{\"@id\":\"https:\\\/\\\/www.organisator.ch\\\/operational-excellence\\\/2025-12-08\\\/2026-bringt-schweizer-unternehmen-an-die-belastungsgrenze\\\/\"},\"author\":{\"name\":\"galledia\",\"@id\":\"https:\\\/\\\/www.organisator.ch\\\/#\\\/schema\\\/person\\\/4e51799071cd2dd1232ac003643ef5f0\"},\"headline\":\"2026 bringt Schweizer Unternehmen an die Belastungsgrenze\",\"datePublished\":\"2025-12-08T12:50:09+00:00\",\"dateModified\":\"2025-12-09T10:53:55+00:00\",\"mainEntityOfPage\":{\"@id\":\"https:\\\/\\\/www.organisator.ch\\\/operational-excellence\\\/2025-12-08\\\/2026-bringt-schweizer-unternehmen-an-die-belastungsgrenze\\\/\"},\"wordCount\":655,\"publisher\":{\"@id\":\"https:\\\/\\\/www.organisator.ch\\\/#organization\"},\"image\":{\"@id\":\"https:\\\/\\\/www.organisator.ch\\\/operational-excellence\\\/2025-12-08\\\/2026-bringt-schweizer-unternehmen-an-die-belastungsgrenze\\\/#primaryimage\"},\"thumbnailUrl\":\"https:\\\/\\\/www.m-q.ch\\\/wp-content\\\/uploads\\\/2025\\\/12\\\/2026-bringt-Schweizer-Unternehmen-an-die-Belastungsgrenze_MQ.jpg\",\"keywords\":[\"Babyboomer\",\"Business Excellence\",\"Consulting\",\"Fachkr\u00e4ftemangel\",\"Management und Unternehmensf\u00fchrung\",\"Risikomanagement\"],\"articleSection\":[\"OPERATIONAL EXCELLENCE\"],\"inLanguage\":\"fr-FR\"},{\"@type\":\"WebPage\",\"@id\":\"https:\\\/\\\/www.organisator.ch\\\/operational-excellence\\\/2025-12-08\\\/2026-bringt-schweizer-unternehmen-an-die-belastungsgrenze\\\/\",\"url\":\"https:\\\/\\\/www.organisator.ch\\\/operational-excellence\\\/2025-12-08\\\/2026-bringt-schweizer-unternehmen-an-die-belastungsgrenze\\\/\",\"name\":\"2026 bringt Schweizer Unternehmen an die Belastungsgrenze - Organisator\",\"isPartOf\":{\"@id\":\"https:\\\/\\\/www.organisator.ch\\\/#website\"},\"primaryImageOfPage\":{\"@id\":\"https:\\\/\\\/www.organisator.ch\\\/operational-excellence\\\/2025-12-08\\\/2026-bringt-schweizer-unternehmen-an-die-belastungsgrenze\\\/#primaryimage\"},\"image\":{\"@id\":\"https:\\\/\\\/www.organisator.ch\\\/operational-excellence\\\/2025-12-08\\\/2026-bringt-schweizer-unternehmen-an-die-belastungsgrenze\\\/#primaryimage\"},\"thumbnailUrl\":\"https:\\\/\\\/www.m-q.ch\\\/wp-content\\\/uploads\\\/2025\\\/12\\\/2026-bringt-Schweizer-Unternehmen-an-die-Belastungsgrenze_MQ.jpg\",\"datePublished\":\"2025-12-08T12:50:09+00:00\",\"dateModified\":\"2025-12-09T10:53:55+00:00\",\"description\":\"Herausforderungen bringen die Wirtschaft an die Belastungsgrenze. Was bedeutet das f\u00fcr die Betriebe\u00a0\u2013 und f\u00fcr die Consulting-Branche?\",\"breadcrumb\":{\"@id\":\"https:\\\/\\\/www.organisator.ch\\\/operational-excellence\\\/2025-12-08\\\/2026-bringt-schweizer-unternehmen-an-die-belastungsgrenze\\\/#breadcrumb\"},\"inLanguage\":\"fr-FR\",\"potentialAction\":[{\"@type\":\"ReadAction\",\"target\":[\"https:\\\/\\\/www.organisator.ch\\\/operational-excellence\\\/2025-12-08\\\/2026-bringt-schweizer-unternehmen-an-die-belastungsgrenze\\\/\"]}]},{\"@type\":\"ImageObject\",\"inLanguage\":\"fr-FR\",\"@id\":\"https:\\\/\\\/www.organisator.ch\\\/operational-excellence\\\/2025-12-08\\\/2026-bringt-schweizer-unternehmen-an-die-belastungsgrenze\\\/#primaryimage\",\"url\":\"https:\\\/\\\/www.m-q.ch\\\/wp-content\\\/uploads\\\/2025\\\/12\\\/2026-bringt-Schweizer-Unternehmen-an-die-Belastungsgrenze_MQ.jpg\",\"contentUrl\":\"https:\\\/\\\/www.m-q.ch\\\/wp-content\\\/uploads\\\/2025\\\/12\\\/2026-bringt-Schweizer-Unternehmen-an-die-Belastungsgrenze_MQ.jpg\"},{\"@type\":\"BreadcrumbList\",\"@id\":\"https:\\\/\\\/www.organisator.ch\\\/operational-excellence\\\/2025-12-08\\\/2026-bringt-schweizer-unternehmen-an-die-belastungsgrenze\\\/#breadcrumb\",\"itemListElement\":[{\"@type\":\"ListItem\",\"position\":1,\"name\":\"Home\",\"item\":\"https:\\\/\\\/www.organisator.ch\\\/\"},{\"@type\":\"ListItem\",\"position\":2,\"name\":\"2026 bringt Schweizer Unternehmen an die Belastungsgrenze\"}]},{\"@type\":\"WebSite\",\"@id\":\"https:\\\/\\\/www.organisator.ch\\\/#website\",\"url\":\"https:\\\/\\\/www.organisator.ch\\\/\",\"name\":\"Organisator\",\"description\":\"Kompetent. Praxisnah. Der ORGANISATOR bereitet in 10 Ausgaben pro Jahr die wesentlichen Themen f\u00fcr F\u00fchrungskr\u00e4fte von KMU auf.\",\"publisher\":{\"@id\":\"https:\\\/\\\/www.organisator.ch\\\/#organization\"},\"potentialAction\":[{\"@type\":\"SearchAction\",\"target\":{\"@type\":\"EntryPoint\",\"urlTemplate\":\"https:\\\/\\\/www.organisator.ch\\\/?s={search_term_string}\"},\"query-input\":{\"@type\":\"PropertyValueSpecification\",\"valueRequired\":true,\"valueName\":\"search_term_string\"}}],\"inLanguage\":\"fr-FR\"},{\"@type\":\"Organization\",\"@id\":\"https:\\\/\\\/www.organisator.ch\\\/#organization\",\"name\":\"Organisator\",\"url\":\"https:\\\/\\\/www.organisator.ch\\\/\",\"logo\":{\"@type\":\"ImageObject\",\"inLanguage\":\"fr-FR\",\"@id\":\"https:\\\/\\\/www.organisator.ch\\\/#\\\/schema\\\/logo\\\/image\\\/\",\"url\":\"https:\\\/\\\/www.organisator.ch\\\/wp-content\\\/uploads\\\/2022\\\/01\\\/Logo_Organisator_Website.png\",\"contentUrl\":\"https:\\\/\\\/www.organisator.ch\\\/wp-content\\\/uploads\\\/2022\\\/01\\\/Logo_Organisator_Website.png\",\"width\":800,\"height\":77,\"caption\":\"Organisator\"},\"image\":{\"@id\":\"https:\\\/\\\/www.organisator.ch\\\/#\\\/schema\\\/logo\\\/image\\\/\"},\"sameAs\":[\"https:\\\/\\\/www.facebook.com\\\/OrganisatorFachmagazin\",\"https:\\\/\\\/www.linkedin.com\\\/showcase\\\/organisator-das-magazin-fr-kmu\",\"https:\\\/\\\/www.xing.com\\\/news\\\/pages\\\/organisator-ch-695\",\"https:\\\/\\\/www.youtube.com\\\/channel\\\/UCGP2Sq0iWaZwT3BdIAQFYpw\"]},{\"@type\":\"Person\",\"@id\":\"https:\\\/\\\/www.organisator.ch\\\/#\\\/schema\\\/person\\\/4e51799071cd2dd1232ac003643ef5f0\",\"name\":\"galledia\",\"image\":{\"@type\":\"ImageObject\",\"inLanguage\":\"fr-FR\",\"@id\":\"https:\\\/\\\/secure.gravatar.com\\\/avatar\\\/78a7f90c01fc2bfc875782a0d4922b37cde2cf184ce347b91316d23cd7f69a36?s=96&d=mm&r=g\",\"url\":\"https:\\\/\\\/secure.gravatar.com\\\/avatar\\\/78a7f90c01fc2bfc875782a0d4922b37cde2cf184ce347b91316d23cd7f69a36?s=96&d=mm&r=g\",\"contentUrl\":\"https:\\\/\\\/secure.gravatar.com\\\/avatar\\\/78a7f90c01fc2bfc875782a0d4922b37cde2cf184ce347b91316d23cd7f69a36?s=96&d=mm&r=g\",\"caption\":\"galledia\"},\"sameAs\":[\"https:\\\/\\\/x.com\\\/admin\"],\"url\":\"https:\\\/\\\/www.organisator.ch\\\/fr\\\/author\\\/galledia\\\/\"}]}<\/script>\n<!-- \/ Yoast SEO plugin. -->","yoast_head_json":{"title":"2026 mettra les entreprises suisses \u00e0 rude \u00e9preuve - Organisateur","description":"Les d\u00e9fis poussent l'\u00e9conomie \u00e0 ses limites. Qu'est-ce que cela signifie pour les entreprises et pour le secteur du conseil ?","robots":{"index":"index","follow":"follow","max-snippet":"max-snippet:-1","max-image-preview":"max-image-preview:large","max-video-preview":"max-video-preview:-1"},"canonical":"https:\/\/www.organisator.ch\/fr\/excellence-operationnelle\/2025-12-08\/2026-bringt-schweizer-unternehmen-an-die-belastungsgrenze\/","og_locale":"fr_FR","og_type":"article","og_title":"2026 bringt Schweizer Unternehmen an die Belastungsgrenze - Organisator","og_description":"Herausforderungen bringen die Wirtschaft an die Belastungsgrenze. Was bedeutet das f\u00fcr die Betriebe\u00a0\u2013 und f\u00fcr die Consulting-Branche?","og_url":"https:\/\/www.organisator.ch\/fr\/excellence-operationnelle\/2025-12-08\/2026-bringt-schweizer-unternehmen-an-die-belastungsgrenze\/","og_site_name":"Organisator","article_publisher":"https:\/\/www.facebook.com\/OrganisatorFachmagazin","article_published_time":"2025-12-08T12:50:09+00:00","article_modified_time":"2025-12-09T10:53:55+00:00","author":"galledia","twitter_card":"summary_large_image","twitter_creator":"@admin","schema":{"@context":"https:\/\/schema.org","@graph":[{"@type":"Article","@id":"https:\/\/www.organisator.ch\/operational-excellence\/2025-12-08\/2026-bringt-schweizer-unternehmen-an-die-belastungsgrenze\/#article","isPartOf":{"@id":"https:\/\/www.organisator.ch\/operational-excellence\/2025-12-08\/2026-bringt-schweizer-unternehmen-an-die-belastungsgrenze\/"},"author":{"name":"galledia","@id":"https:\/\/www.organisator.ch\/#\/schema\/person\/4e51799071cd2dd1232ac003643ef5f0"},"headline":"2026 bringt Schweizer Unternehmen an die Belastungsgrenze","datePublished":"2025-12-08T12:50:09+00:00","dateModified":"2025-12-09T10:53:55+00:00","mainEntityOfPage":{"@id":"https:\/\/www.organisator.ch\/operational-excellence\/2025-12-08\/2026-bringt-schweizer-unternehmen-an-die-belastungsgrenze\/"},"wordCount":655,"publisher":{"@id":"https:\/\/www.organisator.ch\/#organization"},"image":{"@id":"https:\/\/www.organisator.ch\/operational-excellence\/2025-12-08\/2026-bringt-schweizer-unternehmen-an-die-belastungsgrenze\/#primaryimage"},"thumbnailUrl":"https:\/\/www.m-q.ch\/wp-content\/uploads\/2025\/12\/2026-bringt-Schweizer-Unternehmen-an-die-Belastungsgrenze_MQ.jpg","keywords":["Babyboomer","Business Excellence","Consulting","Fachkr\u00e4ftemangel","Management und Unternehmensf\u00fchrung","Risikomanagement"],"articleSection":["OPERATIONAL EXCELLENCE"],"inLanguage":"fr-FR"},{"@type":"WebPage","@id":"https:\/\/www.organisator.ch\/operational-excellence\/2025-12-08\/2026-bringt-schweizer-unternehmen-an-die-belastungsgrenze\/","url":"https:\/\/www.organisator.ch\/operational-excellence\/2025-12-08\/2026-bringt-schweizer-unternehmen-an-die-belastungsgrenze\/","name":"2026 mettra les entreprises suisses \u00e0 rude \u00e9preuve - Organisateur","isPartOf":{"@id":"https:\/\/www.organisator.ch\/#website"},"primaryImageOfPage":{"@id":"https:\/\/www.organisator.ch\/operational-excellence\/2025-12-08\/2026-bringt-schweizer-unternehmen-an-die-belastungsgrenze\/#primaryimage"},"image":{"@id":"https:\/\/www.organisator.ch\/operational-excellence\/2025-12-08\/2026-bringt-schweizer-unternehmen-an-die-belastungsgrenze\/#primaryimage"},"thumbnailUrl":"https:\/\/www.m-q.ch\/wp-content\/uploads\/2025\/12\/2026-bringt-Schweizer-Unternehmen-an-die-Belastungsgrenze_MQ.jpg","datePublished":"2025-12-08T12:50:09+00:00","dateModified":"2025-12-09T10:53:55+00:00","description":"Les d\u00e9fis poussent l'\u00e9conomie \u00e0 ses limites. Qu'est-ce que cela signifie pour les entreprises et pour le secteur du conseil ?","breadcrumb":{"@id":"https:\/\/www.organisator.ch\/operational-excellence\/2025-12-08\/2026-bringt-schweizer-unternehmen-an-die-belastungsgrenze\/#breadcrumb"},"inLanguage":"fr-FR","potentialAction":[{"@type":"ReadAction","target":["https:\/\/www.organisator.ch\/operational-excellence\/2025-12-08\/2026-bringt-schweizer-unternehmen-an-die-belastungsgrenze\/"]}]},{"@type":"ImageObject","inLanguage":"fr-FR","@id":"https:\/\/www.organisator.ch\/operational-excellence\/2025-12-08\/2026-bringt-schweizer-unternehmen-an-die-belastungsgrenze\/#primaryimage","url":"https:\/\/www.m-q.ch\/wp-content\/uploads\/2025\/12\/2026-bringt-Schweizer-Unternehmen-an-die-Belastungsgrenze_MQ.jpg","contentUrl":"https:\/\/www.m-q.ch\/wp-content\/uploads\/2025\/12\/2026-bringt-Schweizer-Unternehmen-an-die-Belastungsgrenze_MQ.jpg"},{"@type":"BreadcrumbList","@id":"https:\/\/www.organisator.ch\/operational-excellence\/2025-12-08\/2026-bringt-schweizer-unternehmen-an-die-belastungsgrenze\/#breadcrumb","itemListElement":[{"@type":"ListItem","position":1,"name":"Home","item":"https:\/\/www.organisator.ch\/"},{"@type":"ListItem","position":2,"name":"2026 bringt Schweizer Unternehmen an die Belastungsgrenze"}]},{"@type":"WebSite","@id":"https:\/\/www.organisator.ch\/#website","url":"https:\/\/www.organisator.ch\/","name":"Organisateur","description":"Comp\u00e9tence et comp\u00e9tence. Proches de la pratique. L'ORGANISATEUR pr\u00e9pare 10 num\u00e9ros par an sur les th\u00e8mes essentiels pour les dirigeants de PME.","publisher":{"@id":"https:\/\/www.organisator.ch\/#organization"},"potentialAction":[{"@type":"SearchAction","target":{"@type":"EntryPoint","urlTemplate":"https:\/\/www.organisator.ch\/?s={search_term_string}"},"query-input":{"@type":"PropertyValueSpecification","valueRequired":true,"valueName":"search_term_string"}}],"inLanguage":"fr-FR"},{"@type":"Organization","@id":"https:\/\/www.organisator.ch\/#organization","name":"Organisateur","url":"https:\/\/www.organisator.ch\/","logo":{"@type":"ImageObject","inLanguage":"fr-FR","@id":"https:\/\/www.organisator.ch\/#\/schema\/logo\/image\/","url":"https:\/\/www.organisator.ch\/wp-content\/uploads\/2022\/01\/Logo_Organisator_Website.png","contentUrl":"https:\/\/www.organisator.ch\/wp-content\/uploads\/2022\/01\/Logo_Organisator_Website.png","width":800,"height":77,"caption":"Organisator"},"image":{"@id":"https:\/\/www.organisator.ch\/#\/schema\/logo\/image\/"},"sameAs":["https:\/\/www.facebook.com\/OrganisatorFachmagazin","https:\/\/www.linkedin.com\/showcase\/organisator-das-magazin-fr-kmu","https:\/\/www.xing.com\/news\/pages\/organisator-ch-695","https:\/\/www.youtube.com\/channel\/UCGP2Sq0iWaZwT3BdIAQFYpw"]},{"@type":"Person","@id":"https:\/\/www.organisator.ch\/#\/schema\/person\/4e51799071cd2dd1232ac003643ef5f0","name":"galledia","image":{"@type":"ImageObject","inLanguage":"fr-FR","@id":"https:\/\/secure.gravatar.com\/avatar\/78a7f90c01fc2bfc875782a0d4922b37cde2cf184ce347b91316d23cd7f69a36?s=96&d=mm&r=g","url":"https:\/\/secure.gravatar.com\/avatar\/78a7f90c01fc2bfc875782a0d4922b37cde2cf184ce347b91316d23cd7f69a36?s=96&d=mm&r=g","contentUrl":"https:\/\/secure.gravatar.com\/avatar\/78a7f90c01fc2bfc875782a0d4922b37cde2cf184ce347b91316d23cd7f69a36?s=96&d=mm&r=g","caption":"galledia"},"sameAs":["https:\/\/x.com\/admin"],"url":"https:\/\/www.organisator.ch\/fr\/author\/galledia\/"}]}},"_links":{"self":[{"href":"https:\/\/www.organisator.ch\/fr\/wp-json\/wp\/v2\/posts\/42619","targetHints":{"allow":["GET"]}}],"collection":[{"href":"https:\/\/www.organisator.ch\/fr\/wp-json\/wp\/v2\/posts"}],"about":[{"href":"https:\/\/www.organisator.ch\/fr\/wp-json\/wp\/v2\/types\/post"}],"author":[{"embeddable":true,"href":"https:\/\/www.organisator.ch\/fr\/wp-json\/wp\/v2\/users\/8"}],"replies":[{"embeddable":true,"href":"https:\/\/www.organisator.ch\/fr\/wp-json\/wp\/v2\/comments?post=42619"}],"version-history":[{"count":3,"href":"https:\/\/www.organisator.ch\/fr\/wp-json\/wp\/v2\/posts\/42619\/revisions"}],"predecessor-version":[{"id":42648,"href":"https:\/\/www.organisator.ch\/fr\/wp-json\/wp\/v2\/posts\/42619\/revisions\/42648"}],"wp:attachment":[{"href":"https:\/\/www.organisator.ch\/fr\/wp-json\/wp\/v2\/media?parent=42619"}],"wp:term":[{"taxonomy":"category","embeddable":true,"href":"https:\/\/www.organisator.ch\/fr\/wp-json\/wp\/v2\/categories?post=42619"},{"taxonomy":"post_tag","embeddable":true,"href":"https:\/\/www.organisator.ch\/fr\/wp-json\/wp\/v2\/tags?post=42619"}],"curies":[{"name":"wp","href":"https:\/\/api.w.org\/{rel}","templated":true}]}}