{"id":4266,"date":"2021-05-22T12:02:22","date_gmt":"2021-05-22T10:02:22","guid":{"rendered":"https:\/\/www.umweltperspektiven.ch\/?p=4266"},"modified":"2022-02-09T11:05:30","modified_gmt":"2022-02-09T10:05:30","slug":"preisgeld-3-monatsmieten","status":"publish","type":"post","link":"https:\/\/www.organisator.ch\/fr\/sustainability\/2021-05-22\/preisgeld-3-monatsmieten\/","title":{"rendered":"Prix : 3 mois de loyer"},"content":{"rendered":"<figure id=\"attachment_4267\" aria-describedby=\"caption-attachment-4267\" style=\"width: 680px\" class=\"wp-caption aligncenter\"><img loading=\"lazy\" decoding=\"async\" class=\"size-medium wp-image-4267\" src=\"\/\/www.umweltperspektiven.ch\/wp-content\/uploads\/2021\/05\/Bild.jpg\" alt=\"Swiss Recycling\" width=\"680\" height=\"495\" srcset=\"https:\/\/www.organisator.ch\/wp-content\/uploads\/2021\/05\/Bild.jpg 995w, https:\/\/www.organisator.ch\/wp-content\/uploads\/2021\/05\/Bild-680x495.jpg 680w, https:\/\/www.organisator.ch\/wp-content\/uploads\/2021\/05\/Bild-768x559.jpg 768w, https:\/\/www.organisator.ch\/wp-content\/uploads\/2021\/05\/Bild-16x12.jpg 16w, https:\/\/www.organisator.ch\/wp-content\/uploads\/2021\/05\/Bild-241x175.jpg 241w, https:\/\/www.organisator.ch\/wp-content\/uploads\/2021\/05\/Bild-481x350.jpg 481w, https:\/\/www.organisator.ch\/wp-content\/uploads\/2021\/05\/Bild-920x669.jpg 920w, https:\/\/www.organisator.ch\/wp-content\/uploads\/2021\/05\/Bild-300x218.jpg 300w\" sizes=\"auto, (max-width: 680px) 100vw, 680px\" \/><figcaption id=\"caption-attachment-4267\" class=\"wp-caption-text\">\u00a9 Swiss Recycling<\/figcaption><\/figure>\n<p>Le th\u00e8me du r\u00e9chauffement climatique ne laisse personne indiff\u00e9rent - la protection du climat \u00e0 l'\u00e9chelle mondiale est plus actuelle que jamais, notamment gr\u00e2ce au mouvement de protection du climat \"Fridays for Future\". Pour prot\u00e9ger durablement l'environnement, le recyclage joue un r\u00f4le essentiel. En effet, le recyclage de mat\u00e9riaux recyclables tels que le verre, l'aluminium, le PET ou encore les d\u00e9chets \u00e9lectroniques permet de pr\u00e9server les ressources, d'\u00e9conomiser de l'\u00e9nergie et de r\u00e9duire la pollution par le CO2.<\/p>\n<h2><strong>Qui remportera le titre de \"colocation la plus mal fam\u00e9e de Suisse\" ?<\/strong><\/h2>\n<p>En mati\u00e8re de recyclage, m\u00eame les jeunes et les moins conventionnels sont m\u00e9ticuleux et se transforment en v\u00e9ritables \"b\u00fcnzli\" pour la protection de l'environnement. C'est pourquoi Swiss Recycling recherche la \"colocation la plus maligne de Suisse\". La colocation la plus originale et la plus coh\u00e9rente dans le tri, la collecte et le retour des mati\u00e8res recyclables \u00e0 la maison remportera le titre de \"Colocation la plus maligne de Suisse\" et le prix de trois mois de loyer. La date limite de participation est le <strong>6 juin 2021<\/strong>.<\/p>\n<p>Sur <a href=\"\/\/werde-b\u00fcnzli.ch\">deviens-un-petit-fils.ch<\/a> les colocations peuvent poser leur candidature et la communaut\u00e9 participe au vote en ligne pour d\u00e9terminer quelle colocation remportera le titre. La participation est tr\u00e8s simple : il suffit de remplir le formulaire de candidature, de prendre des photos originales ou de tourner une vid\u00e9o cr\u00e9ative pour pr\u00e9senter les colocataires et le syst\u00e8me de recyclage de la colocation.<\/p>\n<p><em>Source : Swiss Recycling<\/em><\/p>","protected":false},"excerpt":{"rendered":"<p>Das Thema Klimaerw\u00e4rmung l\u00e4sst niemanden kalt \u2013 weltweiter Klimaschutz ist unter anderem dank der Klimaschutz-Bewegung \u00abFridays for Future\u00bb so aktuell wie nie zuvor. Um die Umwelt nachhaltig zu sch\u00fctzen, spielt Recycling eine wesentliche Rolle. Denn die Wiederverwertung von Wertstoffen wie Glas, Aluminium, PET oder auch Elektroschrott schont Ressourcen, spart Energie und reduziert die CO2-Belastung. Wer [&hellip;]<\/p>\n","protected":false},"author":6,"featured_media":4267,"comment_status":"closed","ping_status":"closed","sticky":false,"template":"","format":"standard","meta":{"_acf_changed":false,"_yoast_wpseo_focuskw":"Swiss Recycling","_yoast_wpseo_metadesc":"Ein umweltbewusster Lifestyle ist besonders bei jungen Leuten im Trend. Wer in einer WG wohnt, die konsequent Wertstoffe recycelt, kann gewinnen.","articlekey":"","footnotes":""},"categories":[580],"tags":[2261],"class_list":["post-4266","post","type-post","status-publish","format-standard","has-post-thumbnail","hentry","category-sustainability","tag-swiss-recycling"],"acf":[],"yoast_head":"<!-- This site is optimized with the Yoast SEO plugin v27.4 - https:\/\/yoast.com\/product\/yoast-seo-wordpress\/ -->\n<title>B\u00fcnzli-Swiss Recycling-Wettbewerb-Rezyklieren-Wertstoffe<\/title>\n<meta name=\"description\" content=\"Ein umweltbewusster Lifestyle ist besonders bei jungen Leuten im Trend. Wer in einer WG wohnt, die konsequent Wertstoffe recycelt, kann gewinnen.\" \/>\n<meta name=\"robots\" content=\"index, follow, max-snippet:-1, max-image-preview:large, max-video-preview:-1\" \/>\n<link rel=\"canonical\" href=\"https:\/\/www.organisator.ch\/fr\/sustainability\/2021-05-22\/preisgeld-3-monatsmieten\/\" \/>\n<meta property=\"og:locale\" content=\"fr_FR\" \/>\n<meta property=\"og:type\" content=\"article\" \/>\n<meta property=\"og:title\" content=\"B\u00fcnzli-Swiss Recycling-Wettbewerb-Rezyklieren-Wertstoffe\" \/>\n<meta property=\"og:description\" content=\"Ein umweltbewusster Lifestyle ist besonders bei jungen Leuten im Trend. Wer in einer WG wohnt, die konsequent Wertstoffe recycelt, kann gewinnen.\" \/>\n<meta property=\"og:url\" content=\"https:\/\/www.organisator.ch\/fr\/sustainability\/2021-05-22\/preisgeld-3-monatsmieten\/\" \/>\n<meta property=\"og:site_name\" content=\"Organisator\" \/>\n<meta property=\"article:publisher\" content=\"https:\/\/www.facebook.com\/OrganisatorFachmagazin\" \/>\n<meta property=\"article:published_time\" content=\"2021-05-22T10:02:22+00:00\" \/>\n<meta property=\"article:modified_time\" content=\"2022-02-09T10:05:30+00:00\" \/>\n<meta property=\"og:image\" content=\"https:\/\/www.organisator.ch\/wp-content\/uploads\/2021\/05\/Bild.jpg\" \/>\n\t<meta property=\"og:image:width\" content=\"995\" \/>\n\t<meta property=\"og:image:height\" content=\"724\" \/>\n\t<meta property=\"og:image:type\" content=\"image\/jpeg\" \/>\n<meta name=\"author\" content=\"roger.straessle\" \/>\n<meta name=\"twitter:card\" content=\"summary_large_image\" \/>\n<script type=\"application\/ld+json\" class=\"yoast-schema-graph\">{\"@context\":\"https:\\\/\\\/schema.org\",\"@graph\":[{\"@type\":\"Article\",\"@id\":\"https:\\\/\\\/www.organisator.ch\\\/sustainability\\\/2021-05-22\\\/preisgeld-3-monatsmieten\\\/#article\",\"isPartOf\":{\"@id\":\"https:\\\/\\\/www.organisator.ch\\\/sustainability\\\/2021-05-22\\\/preisgeld-3-monatsmieten\\\/\"},\"author\":{\"name\":\"roger.straessle\",\"@id\":\"https:\\\/\\\/www.organisator.ch\\\/#\\\/schema\\\/person\\\/a800b8c54e208b160517a7dcc323161d\"},\"headline\":\"Preisgeld: 3 Monatsmieten\",\"datePublished\":\"2021-05-22T10:02:22+00:00\",\"dateModified\":\"2022-02-09T10:05:30+00:00\",\"mainEntityOfPage\":{\"@id\":\"https:\\\/\\\/www.organisator.ch\\\/sustainability\\\/2021-05-22\\\/preisgeld-3-monatsmieten\\\/\"},\"wordCount\":195,\"publisher\":{\"@id\":\"https:\\\/\\\/www.organisator.ch\\\/#organization\"},\"image\":{\"@id\":\"https:\\\/\\\/www.organisator.ch\\\/sustainability\\\/2021-05-22\\\/preisgeld-3-monatsmieten\\\/#primaryimage\"},\"thumbnailUrl\":\"https:\\\/\\\/www.organisator.ch\\\/wp-content\\\/uploads\\\/2021\\\/05\\\/Bild.jpg\",\"keywords\":[\"Swiss Recycling\"],\"articleSection\":[\"SUSTAINABILITY\"],\"inLanguage\":\"fr-FR\"},{\"@type\":\"WebPage\",\"@id\":\"https:\\\/\\\/www.organisator.ch\\\/sustainability\\\/2021-05-22\\\/preisgeld-3-monatsmieten\\\/\",\"url\":\"https:\\\/\\\/www.organisator.ch\\\/sustainability\\\/2021-05-22\\\/preisgeld-3-monatsmieten\\\/\",\"name\":\"B\u00fcnzli-Swiss Recycling-Wettbewerb-Rezyklieren-Wertstoffe\",\"isPartOf\":{\"@id\":\"https:\\\/\\\/www.organisator.ch\\\/#website\"},\"primaryImageOfPage\":{\"@id\":\"https:\\\/\\\/www.organisator.ch\\\/sustainability\\\/2021-05-22\\\/preisgeld-3-monatsmieten\\\/#primaryimage\"},\"image\":{\"@id\":\"https:\\\/\\\/www.organisator.ch\\\/sustainability\\\/2021-05-22\\\/preisgeld-3-monatsmieten\\\/#primaryimage\"},\"thumbnailUrl\":\"https:\\\/\\\/www.organisator.ch\\\/wp-content\\\/uploads\\\/2021\\\/05\\\/Bild.jpg\",\"datePublished\":\"2021-05-22T10:02:22+00:00\",\"dateModified\":\"2022-02-09T10:05:30+00:00\",\"description\":\"Ein umweltbewusster Lifestyle ist besonders bei jungen Leuten im Trend. Wer in einer WG wohnt, die konsequent Wertstoffe recycelt, kann gewinnen.\",\"breadcrumb\":{\"@id\":\"https:\\\/\\\/www.organisator.ch\\\/sustainability\\\/2021-05-22\\\/preisgeld-3-monatsmieten\\\/#breadcrumb\"},\"inLanguage\":\"fr-FR\",\"potentialAction\":[{\"@type\":\"ReadAction\",\"target\":[\"https:\\\/\\\/www.organisator.ch\\\/sustainability\\\/2021-05-22\\\/preisgeld-3-monatsmieten\\\/\"]}]},{\"@type\":\"ImageObject\",\"inLanguage\":\"fr-FR\",\"@id\":\"https:\\\/\\\/www.organisator.ch\\\/sustainability\\\/2021-05-22\\\/preisgeld-3-monatsmieten\\\/#primaryimage\",\"url\":\"https:\\\/\\\/www.organisator.ch\\\/wp-content\\\/uploads\\\/2021\\\/05\\\/Bild.jpg\",\"contentUrl\":\"https:\\\/\\\/www.organisator.ch\\\/wp-content\\\/uploads\\\/2021\\\/05\\\/Bild.jpg\",\"width\":995,\"height\":724,\"caption\":\"\u00a9 Swiss Recycling\"},{\"@type\":\"BreadcrumbList\",\"@id\":\"https:\\\/\\\/www.organisator.ch\\\/sustainability\\\/2021-05-22\\\/preisgeld-3-monatsmieten\\\/#breadcrumb\",\"itemListElement\":[{\"@type\":\"ListItem\",\"position\":1,\"name\":\"Home\",\"item\":\"https:\\\/\\\/www.organisator.ch\\\/\"},{\"@type\":\"ListItem\",\"position\":2,\"name\":\"Preisgeld: 3 Monatsmieten\"}]},{\"@type\":\"WebSite\",\"@id\":\"https:\\\/\\\/www.organisator.ch\\\/#website\",\"url\":\"https:\\\/\\\/www.organisator.ch\\\/\",\"name\":\"Organisator\",\"description\":\"Kompetent. Praxisnah. Der ORGANISATOR bereitet in 10 Ausgaben pro Jahr die wesentlichen Themen f\u00fcr F\u00fchrungskr\u00e4fte von KMU auf.\",\"publisher\":{\"@id\":\"https:\\\/\\\/www.organisator.ch\\\/#organization\"},\"potentialAction\":[{\"@type\":\"SearchAction\",\"target\":{\"@type\":\"EntryPoint\",\"urlTemplate\":\"https:\\\/\\\/www.organisator.ch\\\/?s={search_term_string}\"},\"query-input\":{\"@type\":\"PropertyValueSpecification\",\"valueRequired\":true,\"valueName\":\"search_term_string\"}}],\"inLanguage\":\"fr-FR\"},{\"@type\":\"Organization\",\"@id\":\"https:\\\/\\\/www.organisator.ch\\\/#organization\",\"name\":\"Organisator\",\"url\":\"https:\\\/\\\/www.organisator.ch\\\/\",\"logo\":{\"@type\":\"ImageObject\",\"inLanguage\":\"fr-FR\",\"@id\":\"https:\\\/\\\/www.organisator.ch\\\/#\\\/schema\\\/logo\\\/image\\\/\",\"url\":\"https:\\\/\\\/www.organisator.ch\\\/wp-content\\\/uploads\\\/2022\\\/01\\\/Logo_Organisator_Website.png\",\"contentUrl\":\"https:\\\/\\\/www.organisator.ch\\\/wp-content\\\/uploads\\\/2022\\\/01\\\/Logo_Organisator_Website.png\",\"width\":800,\"height\":77,\"caption\":\"Organisator\"},\"image\":{\"@id\":\"https:\\\/\\\/www.organisator.ch\\\/#\\\/schema\\\/logo\\\/image\\\/\"},\"sameAs\":[\"https:\\\/\\\/www.facebook.com\\\/OrganisatorFachmagazin\",\"https:\\\/\\\/www.linkedin.com\\\/showcase\\\/organisator-das-magazin-fr-kmu\",\"https:\\\/\\\/www.xing.com\\\/news\\\/pages\\\/organisator-ch-695\",\"https:\\\/\\\/www.youtube.com\\\/channel\\\/UCGP2Sq0iWaZwT3BdIAQFYpw\"]},{\"@type\":\"Person\",\"@id\":\"https:\\\/\\\/www.organisator.ch\\\/#\\\/schema\\\/person\\\/a800b8c54e208b160517a7dcc323161d\",\"name\":\"roger.straessle\",\"image\":{\"@type\":\"ImageObject\",\"inLanguage\":\"fr-FR\",\"@id\":\"https:\\\/\\\/secure.gravatar.com\\\/avatar\\\/?s=96&d=mm&r=g\",\"url\":\"https:\\\/\\\/secure.gravatar.com\\\/avatar\\\/?s=96&d=mm&r=g\",\"contentUrl\":\"https:\\\/\\\/secure.gravatar.com\\\/avatar\\\/?s=96&d=mm&r=g\",\"caption\":\"roger.straessle\"},\"url\":\"https:\\\/\\\/www.organisator.ch\\\/fr\\\/author\\\/roger-straessle\\\/\"}]}<\/script>\n<!-- \/ Yoast SEO plugin. -->","yoast_head_json":{"title":"Concours de recyclage B\u00fcnzli-Swiss-Recycler-Mat\u00e9riaux recyclables","description":"Un style de vie respectueux de l'environnement est particuli\u00e8rement tendance chez les jeunes. Ceux qui vivent dans une colocation qui recycle syst\u00e9matiquement les mat\u00e9riaux recyclables peuvent \u00eatre gagnants.","robots":{"index":"index","follow":"follow","max-snippet":"max-snippet:-1","max-image-preview":"max-image-preview:large","max-video-preview":"max-video-preview:-1"},"canonical":"https:\/\/www.organisator.ch\/fr\/sustainability\/2021-05-22\/preisgeld-3-monatsmieten\/","og_locale":"fr_FR","og_type":"article","og_title":"B\u00fcnzli-Swiss Recycling-Wettbewerb-Rezyklieren-Wertstoffe","og_description":"Ein umweltbewusster Lifestyle ist besonders bei jungen Leuten im Trend. Wer in einer WG wohnt, die konsequent Wertstoffe recycelt, kann gewinnen.","og_url":"https:\/\/www.organisator.ch\/fr\/sustainability\/2021-05-22\/preisgeld-3-monatsmieten\/","og_site_name":"Organisator","article_publisher":"https:\/\/www.facebook.com\/OrganisatorFachmagazin","article_published_time":"2021-05-22T10:02:22+00:00","article_modified_time":"2022-02-09T10:05:30+00:00","og_image":[{"width":995,"height":724,"url":"https:\/\/www.organisator.ch\/wp-content\/uploads\/2021\/05\/Bild.jpg","type":"image\/jpeg"}],"author":"roger.straessle","twitter_card":"summary_large_image","schema":{"@context":"https:\/\/schema.org","@graph":[{"@type":"Article","@id":"https:\/\/www.organisator.ch\/sustainability\/2021-05-22\/preisgeld-3-monatsmieten\/#article","isPartOf":{"@id":"https:\/\/www.organisator.ch\/sustainability\/2021-05-22\/preisgeld-3-monatsmieten\/"},"author":{"name":"roger.straessle","@id":"https:\/\/www.organisator.ch\/#\/schema\/person\/a800b8c54e208b160517a7dcc323161d"},"headline":"Preisgeld: 3 Monatsmieten","datePublished":"2021-05-22T10:02:22+00:00","dateModified":"2022-02-09T10:05:30+00:00","mainEntityOfPage":{"@id":"https:\/\/www.organisator.ch\/sustainability\/2021-05-22\/preisgeld-3-monatsmieten\/"},"wordCount":195,"publisher":{"@id":"https:\/\/www.organisator.ch\/#organization"},"image":{"@id":"https:\/\/www.organisator.ch\/sustainability\/2021-05-22\/preisgeld-3-monatsmieten\/#primaryimage"},"thumbnailUrl":"https:\/\/www.organisator.ch\/wp-content\/uploads\/2021\/05\/Bild.jpg","keywords":["Swiss Recycling"],"articleSection":["SUSTAINABILITY"],"inLanguage":"fr-FR"},{"@type":"WebPage","@id":"https:\/\/www.organisator.ch\/sustainability\/2021-05-22\/preisgeld-3-monatsmieten\/","url":"https:\/\/www.organisator.ch\/sustainability\/2021-05-22\/preisgeld-3-monatsmieten\/","name":"Concours de recyclage B\u00fcnzli-Swiss-Recycler-Mat\u00e9riaux recyclables","isPartOf":{"@id":"https:\/\/www.organisator.ch\/#website"},"primaryImageOfPage":{"@id":"https:\/\/www.organisator.ch\/sustainability\/2021-05-22\/preisgeld-3-monatsmieten\/#primaryimage"},"image":{"@id":"https:\/\/www.organisator.ch\/sustainability\/2021-05-22\/preisgeld-3-monatsmieten\/#primaryimage"},"thumbnailUrl":"https:\/\/www.organisator.ch\/wp-content\/uploads\/2021\/05\/Bild.jpg","datePublished":"2021-05-22T10:02:22+00:00","dateModified":"2022-02-09T10:05:30+00:00","description":"Un style de vie respectueux de l'environnement est particuli\u00e8rement tendance chez les jeunes. Ceux qui vivent dans une colocation qui recycle syst\u00e9matiquement les mat\u00e9riaux recyclables peuvent \u00eatre gagnants.","breadcrumb":{"@id":"https:\/\/www.organisator.ch\/sustainability\/2021-05-22\/preisgeld-3-monatsmieten\/#breadcrumb"},"inLanguage":"fr-FR","potentialAction":[{"@type":"ReadAction","target":["https:\/\/www.organisator.ch\/sustainability\/2021-05-22\/preisgeld-3-monatsmieten\/"]}]},{"@type":"ImageObject","inLanguage":"fr-FR","@id":"https:\/\/www.organisator.ch\/sustainability\/2021-05-22\/preisgeld-3-monatsmieten\/#primaryimage","url":"https:\/\/www.organisator.ch\/wp-content\/uploads\/2021\/05\/Bild.jpg","contentUrl":"https:\/\/www.organisator.ch\/wp-content\/uploads\/2021\/05\/Bild.jpg","width":995,"height":724,"caption":"\u00a9 Swiss Recycling"},{"@type":"BreadcrumbList","@id":"https:\/\/www.organisator.ch\/sustainability\/2021-05-22\/preisgeld-3-monatsmieten\/#breadcrumb","itemListElement":[{"@type":"ListItem","position":1,"name":"Home","item":"https:\/\/www.organisator.ch\/"},{"@type":"ListItem","position":2,"name":"Preisgeld: 3 Monatsmieten"}]},{"@type":"WebSite","@id":"https:\/\/www.organisator.ch\/#website","url":"https:\/\/www.organisator.ch\/","name":"Organisateur","description":"Comp\u00e9tence et comp\u00e9tence. Proches de la pratique. L'ORGANISATEUR pr\u00e9pare 10 num\u00e9ros par an sur les th\u00e8mes essentiels pour les dirigeants de PME.","publisher":{"@id":"https:\/\/www.organisator.ch\/#organization"},"potentialAction":[{"@type":"SearchAction","target":{"@type":"EntryPoint","urlTemplate":"https:\/\/www.organisator.ch\/?s={search_term_string}"},"query-input":{"@type":"PropertyValueSpecification","valueRequired":true,"valueName":"search_term_string"}}],"inLanguage":"fr-FR"},{"@type":"Organization","@id":"https:\/\/www.organisator.ch\/#organization","name":"Organisateur","url":"https:\/\/www.organisator.ch\/","logo":{"@type":"ImageObject","inLanguage":"fr-FR","@id":"https:\/\/www.organisator.ch\/#\/schema\/logo\/image\/","url":"https:\/\/www.organisator.ch\/wp-content\/uploads\/2022\/01\/Logo_Organisator_Website.png","contentUrl":"https:\/\/www.organisator.ch\/wp-content\/uploads\/2022\/01\/Logo_Organisator_Website.png","width":800,"height":77,"caption":"Organisator"},"image":{"@id":"https:\/\/www.organisator.ch\/#\/schema\/logo\/image\/"},"sameAs":["https:\/\/www.facebook.com\/OrganisatorFachmagazin","https:\/\/www.linkedin.com\/showcase\/organisator-das-magazin-fr-kmu","https:\/\/www.xing.com\/news\/pages\/organisator-ch-695","https:\/\/www.youtube.com\/channel\/UCGP2Sq0iWaZwT3BdIAQFYpw"]},{"@type":"Person","@id":"https:\/\/www.organisator.ch\/#\/schema\/person\/a800b8c54e208b160517a7dcc323161d","name":"roger.straessle","image":{"@type":"ImageObject","inLanguage":"fr-FR","@id":"https:\/\/secure.gravatar.com\/avatar\/?s=96&d=mm&r=g","url":"https:\/\/secure.gravatar.com\/avatar\/?s=96&d=mm&r=g","contentUrl":"https:\/\/secure.gravatar.com\/avatar\/?s=96&d=mm&r=g","caption":"roger.straessle"},"url":"https:\/\/www.organisator.ch\/fr\/author\/roger-straessle\/"}]}},"_links":{"self":[{"href":"https:\/\/www.organisator.ch\/fr\/wp-json\/wp\/v2\/posts\/4266","targetHints":{"allow":["GET"]}}],"collection":[{"href":"https:\/\/www.organisator.ch\/fr\/wp-json\/wp\/v2\/posts"}],"about":[{"href":"https:\/\/www.organisator.ch\/fr\/wp-json\/wp\/v2\/types\/post"}],"author":[{"embeddable":true,"href":"https:\/\/www.organisator.ch\/fr\/wp-json\/wp\/v2\/users\/6"}],"replies":[{"embeddable":true,"href":"https:\/\/www.organisator.ch\/fr\/wp-json\/wp\/v2\/comments?post=4266"}],"version-history":[{"count":1,"href":"https:\/\/www.organisator.ch\/fr\/wp-json\/wp\/v2\/posts\/4266\/revisions"}],"predecessor-version":[{"id":10367,"href":"https:\/\/www.organisator.ch\/fr\/wp-json\/wp\/v2\/posts\/4266\/revisions\/10367"}],"wp:featuredmedia":[{"embeddable":true,"href":"https:\/\/www.organisator.ch\/fr\/wp-json\/wp\/v2\/media\/4267"}],"wp:attachment":[{"href":"https:\/\/www.organisator.ch\/fr\/wp-json\/wp\/v2\/media?parent=4266"}],"wp:term":[{"taxonomy":"category","embeddable":true,"href":"https:\/\/www.organisator.ch\/fr\/wp-json\/wp\/v2\/categories?post=4266"},{"taxonomy":"post_tag","embeddable":true,"href":"https:\/\/www.organisator.ch\/fr\/wp-json\/wp\/v2\/tags?post=4266"}],"curies":[{"name":"wp","href":"https:\/\/api.w.org\/{rel}","templated":true}]}}