{"id":427,"date":"2016-07-21T16:47:40","date_gmt":"2016-07-21T14:47:40","guid":{"rendered":"https:\/\/dev.umweltperspektiven.ch\/?p=427"},"modified":"2022-02-09T11:06:23","modified_gmt":"2022-02-09T10:06:23","slug":"groesste-solarmodulfabrik-der-schweiz-oeffnet-tore","status":"publish","type":"post","link":"https:\/\/www.organisator.ch\/fr\/sustainability\/2016-07-21\/groesste-solarmodulfabrik-der-schweiz-oeffnet-tore\/","title":{"rendered":"La plus grande usine de modules solaires de Suisse ouvre ses portes"},"content":{"rendered":"<figure id=\"attachment_428\" aria-describedby=\"caption-attachment-428\" style=\"width: 680px\" class=\"wp-caption alignnone\"><a href=\"\/\/dev.umweltperspektiven.ch\/wp-content\/uploads\/2016\/12\/Gr\u00f6sste-Solarmodulfabrik-der-Schweiz-\u00f6ffnet-Tore-umweltperspektiven.jpg\"><img loading=\"lazy\" decoding=\"async\" class=\"wp-image-428 size-medium\" src=\"\/\/www.umweltperspektiven.ch\/wp-content\/uploads\/2016\/12\/Gr\u00f6sste-Solarmodulfabrik-der-Schweiz-\u00f6ffnet-Tore-umweltperspektiven.jpg\" alt=\"C&#039;est ici que seront d\u00e9sormais produits les modules solaires avec la technologie verre-verre : Le site de production de Deitingen (SO)\" width=\"680\" height=\"450\" \/><\/a><figcaption id=\"caption-attachment-428\" class=\"wp-caption-text\">C'est ici que seront d\u00e9sormais produits les modules solaires avec la technologie verre-verre : Le site de production de Deitingen (SO)<\/figcaption><\/figure>\n<p>Depuis 2013, Megasol produit en Suisse des modules solaires avec la technologie verre-verre. Apr\u00e8s la reprise de l'ancien site industriel d'ABB en octobre 2015, la production existante de modules solaires a \u00e9t\u00e9 transf\u00e9r\u00e9e de Langenthal \u00e0 Deitingen et a \u00e9t\u00e9 d\u00e9velopp\u00e9e. \"Gr\u00e2ce \u00e0 un meilleur espace et \u00e0 l'augmentation du degr\u00e9 d'automatisation, nous avons pu doubler la capacit\u00e9 \u00e0 80 m\u00e9gawatts\", explique le fondateur et CEO Markus Gisler. Cela permet d'alimenter chaque ann\u00e9e 17 000 foyers suisses suppl\u00e9mentaires en \u00e9lectricit\u00e9 solaire.<\/p>\n<p><strong>Des cellules color\u00e9es et invisibles<\/strong><br \/>\nLa production se concentre sur les solutions photovolta\u00efques int\u00e9gr\u00e9es aux b\u00e2timents, comme par exemple les modules solaires \u00e0 haut rendement int\u00e9gr\u00e9s aux toits ou les \u00e9l\u00e9ments pour fa\u00e7ades et toitures. Ceux-ci peuvent \u00eatre fabriqu\u00e9s dans n'importe quelle teinte et m\u00eame avec des cellules solaires invisibles. Leur utilisation est int\u00e9ressante en tant qu'alternative \u00e0 l'enveloppe de b\u00e2timent traditionnelle, car ils g\u00e9n\u00e8rent un rendement r\u00e9gulier pour des co\u00fbts d'investissement \u00e0 peine plus \u00e9lev\u00e9s et s'amortissent d'eux-m\u00eames au fil des ans.<\/p>\n<p>Les produits fabriqu\u00e9s pr\u00e9sentent une dur\u00e9e de vie de plus de 50 ans. \"Gr\u00e2ce \u00e0 la p\u00e9riode d'amortissement plus longue, nos modules Swiss Made ont un meilleur rapport qualit\u00e9-prix que les modules solaires traditionnels\", souligne Gisler. C'est pour cette raison qu'ils sont souvent utilis\u00e9s dans les grands projets, pour lesquels la s\u00e9curit\u00e9 de planification \u00e0 long terme du rendement est au centre des pr\u00e9occupations.<\/p>\n<p><strong>100 nouveaux emplois<\/strong><br \/>\n\u00c0 l'occasion de son d\u00e9m\u00e9nagement \u00e0 Deitingen, Megasol a \u00e9galement cr\u00e9\u00e9 le Cleantech Businesspark. De nombreuses autres entreprises cleantech se sont install\u00e9es sous son toit. Aujourd'hui, pr\u00e8s de 100 personnes travaillent d\u00e9j\u00e0 sur le site dans les domaines de la production d'\u00e9nergie int\u00e9gr\u00e9e aux b\u00e2timents, des technologies smartgrid, des syst\u00e8mes de stockage et des solutions de mobilit\u00e9 durable. Une centaine d'emplois suppl\u00e9mentaires devraient s'y installer dans les cinq prochaines ann\u00e9es.<\/p>\n<p><strong>Journ\u00e9e de visite<\/strong><br \/>\nLe Cleantech Businesspark et l'usine de modules solaires qui en constitue le c\u0153ur seront officiellement inaugur\u00e9s le vendredi 16 septembre 2016 et pr\u00e9sent\u00e9s au grand public. Des visites guid\u00e9es de l'usine, des pr\u00e9sentations sur le th\u00e8me de l'\u00e9lectricit\u00e9 solaire et de l'efficacit\u00e9 \u00e9nerg\u00e9tique ainsi qu'un programme de divertissement accompagnant l'\u00e9v\u00e9nement attendront les visiteurs \u00e0 partir de 15 heures.<\/p>","protected":false},"excerpt":{"rendered":"<p>Megasol produziert seit 2013 in der Schweiz Solarmodule mit Glas-Glas-Technologie. Nach der \u00dcbernahme des ehemaligen ABB-Industrieareals im Oktober 2015 wurde die bestehende Solarmodul-Produktion von Langenthal nach Deitingen umgezogen und weiter ausgebaut. \u201eDank den besseren Platzverh\u00e4ltnissen und der Erh\u00f6hung des Automatisierungsgrades konnten wir die Kapazit\u00e4t auf 80 Megawatt verdoppeln\u201c, erkl\u00e4rt Gr\u00fcnder und CEO Markus Gisler. Damit [&hellip;]<\/p>\n","protected":false},"author":1,"featured_media":9398,"comment_status":"open","ping_status":"open","sticky":false,"template":"","format":"standard","meta":{"_acf_changed":false,"_yoast_wpseo_focuskw":"Solarmodulfabrik","_yoast_wpseo_metadesc":"Solarmodulfabrik: Die neue Produktionsst\u00e4tte des Schweizer Solarmodul-Hersteller Megasol Energie AG hat ihren Betrieb aufgenommen.","articlekey":"","footnotes":""},"categories":[580],"tags":[1148,1683,2004,2146],"class_list":["post-427","post","type-post","status-publish","format-standard","has-post-thumbnail","hentry","category-sustainability","tag-fabrik","tag-megasol-ag","tag-rekord","tag-solarpanel"],"acf":[],"yoast_head":"<!-- This site is optimized with the Yoast SEO plugin v27.5 - https:\/\/yoast.com\/product\/yoast-seo-wordpress\/ -->\n<title>Gr\u00f6sste Solarmodulfabrik der Schweiz \u00f6ffnet Tore - Organisator<\/title>\n<meta name=\"description\" content=\"Solarmodulfabrik: Die neue Produktionsst\u00e4tte des Schweizer Solarmodul-Hersteller Megasol Energie AG hat ihren Betrieb aufgenommen.\" \/>\n<meta name=\"robots\" content=\"index, follow, max-snippet:-1, max-image-preview:large, max-video-preview:-1\" \/>\n<link rel=\"canonical\" href=\"https:\/\/www.organisator.ch\/fr\/sustainability\/2016-07-21\/groesste-solarmodulfabrik-der-schweiz-oeffnet-tore\/\" \/>\n<meta property=\"og:locale\" content=\"fr_FR\" \/>\n<meta property=\"og:type\" content=\"article\" \/>\n<meta property=\"og:title\" content=\"Gr\u00f6sste Solarmodulfabrik der Schweiz \u00f6ffnet Tore - Organisator\" \/>\n<meta property=\"og:description\" content=\"Solarmodulfabrik: Die neue Produktionsst\u00e4tte des Schweizer Solarmodul-Hersteller Megasol Energie AG hat ihren Betrieb aufgenommen.\" \/>\n<meta property=\"og:url\" content=\"https:\/\/www.organisator.ch\/fr\/sustainability\/2016-07-21\/groesste-solarmodulfabrik-der-schweiz-oeffnet-tore\/\" \/>\n<meta property=\"og:site_name\" content=\"Organisator\" \/>\n<meta property=\"article:publisher\" content=\"https:\/\/www.facebook.com\/OrganisatorFachmagazin\" \/>\n<meta property=\"article:published_time\" content=\"2016-07-21T14:47:40+00:00\" \/>\n<meta property=\"article:modified_time\" content=\"2022-02-09T10:06:23+00:00\" \/>\n<meta property=\"og:image\" content=\"https:\/\/www.organisator.ch\/wp-content\/uploads\/2016\/12\/Groesste-Solarmodulfabrik-der-Schweiz-oeffnet-Tore-umweltperspektiven-scaled.jpg\" \/>\n\t<meta property=\"og:image:width\" content=\"2560\" \/>\n\t<meta property=\"og:image:height\" content=\"1695\" \/>\n\t<meta property=\"og:image:type\" content=\"image\/jpeg\" \/>\n<meta name=\"author\" content=\"admin\" \/>\n<meta name=\"twitter:card\" content=\"summary_large_image\" \/>\n<script type=\"application\/ld+json\" class=\"yoast-schema-graph\">{\"@context\":\"https:\\\/\\\/schema.org\",\"@graph\":[{\"@type\":\"Article\",\"@id\":\"https:\\\/\\\/www.organisator.ch\\\/sustainability\\\/2016-07-21\\\/groesste-solarmodulfabrik-der-schweiz-oeffnet-tore\\\/#article\",\"isPartOf\":{\"@id\":\"https:\\\/\\\/www.organisator.ch\\\/sustainability\\\/2016-07-21\\\/groesste-solarmodulfabrik-der-schweiz-oeffnet-tore\\\/\"},\"author\":{\"name\":\"admin\",\"@id\":\"https:\\\/\\\/www.organisator.ch\\\/#\\\/schema\\\/person\\\/aa2bace6c5c5aad60102004a50c4eb1c\"},\"headline\":\"Gr\u00f6sste Solarmodulfabrik der Schweiz \u00f6ffnet Tore\",\"datePublished\":\"2016-07-21T14:47:40+00:00\",\"dateModified\":\"2022-02-09T10:06:23+00:00\",\"mainEntityOfPage\":{\"@id\":\"https:\\\/\\\/www.organisator.ch\\\/sustainability\\\/2016-07-21\\\/groesste-solarmodulfabrik-der-schweiz-oeffnet-tore\\\/\"},\"wordCount\":319,\"commentCount\":0,\"publisher\":{\"@id\":\"https:\\\/\\\/www.organisator.ch\\\/#organization\"},\"image\":{\"@id\":\"https:\\\/\\\/www.organisator.ch\\\/sustainability\\\/2016-07-21\\\/groesste-solarmodulfabrik-der-schweiz-oeffnet-tore\\\/#primaryimage\"},\"thumbnailUrl\":\"https:\\\/\\\/www.organisator.ch\\\/wp-content\\\/uploads\\\/2016\\\/12\\\/Groesste-Solarmodulfabrik-der-Schweiz-oeffnet-Tore-umweltperspektiven-scaled.jpg\",\"keywords\":[\"Fabrik\",\"Megasol AG\",\"Rekord\",\"Solarpanel\"],\"articleSection\":[\"SUSTAINABILITY\"],\"inLanguage\":\"fr-FR\"},{\"@type\":\"WebPage\",\"@id\":\"https:\\\/\\\/www.organisator.ch\\\/sustainability\\\/2016-07-21\\\/groesste-solarmodulfabrik-der-schweiz-oeffnet-tore\\\/\",\"url\":\"https:\\\/\\\/www.organisator.ch\\\/sustainability\\\/2016-07-21\\\/groesste-solarmodulfabrik-der-schweiz-oeffnet-tore\\\/\",\"name\":\"Gr\u00f6sste Solarmodulfabrik der Schweiz \u00f6ffnet Tore - Organisator\",\"isPartOf\":{\"@id\":\"https:\\\/\\\/www.organisator.ch\\\/#website\"},\"primaryImageOfPage\":{\"@id\":\"https:\\\/\\\/www.organisator.ch\\\/sustainability\\\/2016-07-21\\\/groesste-solarmodulfabrik-der-schweiz-oeffnet-tore\\\/#primaryimage\"},\"image\":{\"@id\":\"https:\\\/\\\/www.organisator.ch\\\/sustainability\\\/2016-07-21\\\/groesste-solarmodulfabrik-der-schweiz-oeffnet-tore\\\/#primaryimage\"},\"thumbnailUrl\":\"https:\\\/\\\/www.organisator.ch\\\/wp-content\\\/uploads\\\/2016\\\/12\\\/Groesste-Solarmodulfabrik-der-Schweiz-oeffnet-Tore-umweltperspektiven-scaled.jpg\",\"datePublished\":\"2016-07-21T14:47:40+00:00\",\"dateModified\":\"2022-02-09T10:06:23+00:00\",\"description\":\"Solarmodulfabrik: Die neue Produktionsst\u00e4tte des Schweizer Solarmodul-Hersteller Megasol Energie AG hat ihren Betrieb aufgenommen.\",\"breadcrumb\":{\"@id\":\"https:\\\/\\\/www.organisator.ch\\\/sustainability\\\/2016-07-21\\\/groesste-solarmodulfabrik-der-schweiz-oeffnet-tore\\\/#breadcrumb\"},\"inLanguage\":\"fr-FR\",\"potentialAction\":[{\"@type\":\"ReadAction\",\"target\":[\"https:\\\/\\\/www.organisator.ch\\\/sustainability\\\/2016-07-21\\\/groesste-solarmodulfabrik-der-schweiz-oeffnet-tore\\\/\"]}]},{\"@type\":\"ImageObject\",\"inLanguage\":\"fr-FR\",\"@id\":\"https:\\\/\\\/www.organisator.ch\\\/sustainability\\\/2016-07-21\\\/groesste-solarmodulfabrik-der-schweiz-oeffnet-tore\\\/#primaryimage\",\"url\":\"https:\\\/\\\/www.organisator.ch\\\/wp-content\\\/uploads\\\/2016\\\/12\\\/Groesste-Solarmodulfabrik-der-Schweiz-oeffnet-Tore-umweltperspektiven-scaled.jpg\",\"contentUrl\":\"https:\\\/\\\/www.organisator.ch\\\/wp-content\\\/uploads\\\/2016\\\/12\\\/Groesste-Solarmodulfabrik-der-Schweiz-oeffnet-Tore-umweltperspektiven-scaled.jpg\",\"width\":2560,\"height\":1695,\"caption\":\"Hier werden ab sofort Solarmodule mit Glas-Glas-Technologie produziert: Die Produktionsst\u00e4tte in Deitingen (SO)\"},{\"@type\":\"BreadcrumbList\",\"@id\":\"https:\\\/\\\/www.organisator.ch\\\/sustainability\\\/2016-07-21\\\/groesste-solarmodulfabrik-der-schweiz-oeffnet-tore\\\/#breadcrumb\",\"itemListElement\":[{\"@type\":\"ListItem\",\"position\":1,\"name\":\"Home\",\"item\":\"https:\\\/\\\/www.organisator.ch\\\/\"},{\"@type\":\"ListItem\",\"position\":2,\"name\":\"Gr\u00f6sste Solarmodulfabrik der Schweiz \u00f6ffnet Tore\"}]},{\"@type\":\"WebSite\",\"@id\":\"https:\\\/\\\/www.organisator.ch\\\/#website\",\"url\":\"https:\\\/\\\/www.organisator.ch\\\/\",\"name\":\"Organisator\",\"description\":\"Kompetent. Praxisnah. Der ORGANISATOR bereitet in 10 Ausgaben pro Jahr die wesentlichen Themen f\u00fcr F\u00fchrungskr\u00e4fte von KMU auf.\",\"publisher\":{\"@id\":\"https:\\\/\\\/www.organisator.ch\\\/#organization\"},\"potentialAction\":[{\"@type\":\"SearchAction\",\"target\":{\"@type\":\"EntryPoint\",\"urlTemplate\":\"https:\\\/\\\/www.organisator.ch\\\/?s={search_term_string}\"},\"query-input\":{\"@type\":\"PropertyValueSpecification\",\"valueRequired\":true,\"valueName\":\"search_term_string\"}}],\"inLanguage\":\"fr-FR\"},{\"@type\":\"Organization\",\"@id\":\"https:\\\/\\\/www.organisator.ch\\\/#organization\",\"name\":\"Organisator\",\"url\":\"https:\\\/\\\/www.organisator.ch\\\/\",\"logo\":{\"@type\":\"ImageObject\",\"inLanguage\":\"fr-FR\",\"@id\":\"https:\\\/\\\/www.organisator.ch\\\/#\\\/schema\\\/logo\\\/image\\\/\",\"url\":\"https:\\\/\\\/www.organisator.ch\\\/wp-content\\\/uploads\\\/2022\\\/01\\\/Logo_Organisator_Website.png\",\"contentUrl\":\"https:\\\/\\\/www.organisator.ch\\\/wp-content\\\/uploads\\\/2022\\\/01\\\/Logo_Organisator_Website.png\",\"width\":800,\"height\":77,\"caption\":\"Organisator\"},\"image\":{\"@id\":\"https:\\\/\\\/www.organisator.ch\\\/#\\\/schema\\\/logo\\\/image\\\/\"},\"sameAs\":[\"https:\\\/\\\/www.facebook.com\\\/OrganisatorFachmagazin\",\"https:\\\/\\\/www.linkedin.com\\\/showcase\\\/organisator-das-magazin-fr-kmu\",\"https:\\\/\\\/www.xing.com\\\/news\\\/pages\\\/organisator-ch-695\",\"https:\\\/\\\/www.youtube.com\\\/channel\\\/UCGP2Sq0iWaZwT3BdIAQFYpw\"]},{\"@type\":\"Person\",\"@id\":\"https:\\\/\\\/www.organisator.ch\\\/#\\\/schema\\\/person\\\/aa2bace6c5c5aad60102004a50c4eb1c\",\"name\":\"admin\",\"image\":{\"@type\":\"ImageObject\",\"inLanguage\":\"fr-FR\",\"@id\":\"https:\\\/\\\/secure.gravatar.com\\\/avatar\\\/ae2f4d718e6c49043e314ce431e7e645d646302a24a5ef5a8bc8e3f5a032e319?s=96&d=mm&r=g\",\"url\":\"https:\\\/\\\/secure.gravatar.com\\\/avatar\\\/ae2f4d718e6c49043e314ce431e7e645d646302a24a5ef5a8bc8e3f5a032e319?s=96&d=mm&r=g\",\"contentUrl\":\"https:\\\/\\\/secure.gravatar.com\\\/avatar\\\/ae2f4d718e6c49043e314ce431e7e645d646302a24a5ef5a8bc8e3f5a032e319?s=96&d=mm&r=g\",\"caption\":\"admin\"},\"sameAs\":[\"https:\\\/\\\/www.organisator.ch\"],\"url\":\"https:\\\/\\\/www.organisator.ch\\\/fr\\\/author\\\/admin\\\/\"}]}<\/script>\n<!-- \/ Yoast SEO plugin. -->","yoast_head_json":{"title":"La plus grande usine de modules solaires de Suisse ouvre ses portes - Organisateur","description":"Usine de modules solaires : le nouveau site de production du fabricant suisse de modules solaires Megasol Energie AG est entr\u00e9 en service.","robots":{"index":"index","follow":"follow","max-snippet":"max-snippet:-1","max-image-preview":"max-image-preview:large","max-video-preview":"max-video-preview:-1"},"canonical":"https:\/\/www.organisator.ch\/fr\/sustainability\/2016-07-21\/groesste-solarmodulfabrik-der-schweiz-oeffnet-tore\/","og_locale":"fr_FR","og_type":"article","og_title":"Gr\u00f6sste Solarmodulfabrik der Schweiz \u00f6ffnet Tore - Organisator","og_description":"Solarmodulfabrik: Die neue Produktionsst\u00e4tte des Schweizer Solarmodul-Hersteller Megasol Energie AG hat ihren Betrieb aufgenommen.","og_url":"https:\/\/www.organisator.ch\/fr\/sustainability\/2016-07-21\/groesste-solarmodulfabrik-der-schweiz-oeffnet-tore\/","og_site_name":"Organisator","article_publisher":"https:\/\/www.facebook.com\/OrganisatorFachmagazin","article_published_time":"2016-07-21T14:47:40+00:00","article_modified_time":"2022-02-09T10:06:23+00:00","og_image":[{"width":2560,"height":1695,"url":"https:\/\/www.organisator.ch\/wp-content\/uploads\/2016\/12\/Groesste-Solarmodulfabrik-der-Schweiz-oeffnet-Tore-umweltperspektiven-scaled.jpg","type":"image\/jpeg"}],"author":"admin","twitter_card":"summary_large_image","schema":{"@context":"https:\/\/schema.org","@graph":[{"@type":"Article","@id":"https:\/\/www.organisator.ch\/sustainability\/2016-07-21\/groesste-solarmodulfabrik-der-schweiz-oeffnet-tore\/#article","isPartOf":{"@id":"https:\/\/www.organisator.ch\/sustainability\/2016-07-21\/groesste-solarmodulfabrik-der-schweiz-oeffnet-tore\/"},"author":{"name":"admin","@id":"https:\/\/www.organisator.ch\/#\/schema\/person\/aa2bace6c5c5aad60102004a50c4eb1c"},"headline":"Gr\u00f6sste Solarmodulfabrik der Schweiz \u00f6ffnet Tore","datePublished":"2016-07-21T14:47:40+00:00","dateModified":"2022-02-09T10:06:23+00:00","mainEntityOfPage":{"@id":"https:\/\/www.organisator.ch\/sustainability\/2016-07-21\/groesste-solarmodulfabrik-der-schweiz-oeffnet-tore\/"},"wordCount":319,"commentCount":0,"publisher":{"@id":"https:\/\/www.organisator.ch\/#organization"},"image":{"@id":"https:\/\/www.organisator.ch\/sustainability\/2016-07-21\/groesste-solarmodulfabrik-der-schweiz-oeffnet-tore\/#primaryimage"},"thumbnailUrl":"https:\/\/www.organisator.ch\/wp-content\/uploads\/2016\/12\/Groesste-Solarmodulfabrik-der-Schweiz-oeffnet-Tore-umweltperspektiven-scaled.jpg","keywords":["Fabrik","Megasol AG","Rekord","Solarpanel"],"articleSection":["SUSTAINABILITY"],"inLanguage":"fr-FR"},{"@type":"WebPage","@id":"https:\/\/www.organisator.ch\/sustainability\/2016-07-21\/groesste-solarmodulfabrik-der-schweiz-oeffnet-tore\/","url":"https:\/\/www.organisator.ch\/sustainability\/2016-07-21\/groesste-solarmodulfabrik-der-schweiz-oeffnet-tore\/","name":"La plus grande usine de modules solaires de Suisse ouvre ses portes - Organisateur","isPartOf":{"@id":"https:\/\/www.organisator.ch\/#website"},"primaryImageOfPage":{"@id":"https:\/\/www.organisator.ch\/sustainability\/2016-07-21\/groesste-solarmodulfabrik-der-schweiz-oeffnet-tore\/#primaryimage"},"image":{"@id":"https:\/\/www.organisator.ch\/sustainability\/2016-07-21\/groesste-solarmodulfabrik-der-schweiz-oeffnet-tore\/#primaryimage"},"thumbnailUrl":"https:\/\/www.organisator.ch\/wp-content\/uploads\/2016\/12\/Groesste-Solarmodulfabrik-der-Schweiz-oeffnet-Tore-umweltperspektiven-scaled.jpg","datePublished":"2016-07-21T14:47:40+00:00","dateModified":"2022-02-09T10:06:23+00:00","description":"Usine de modules solaires : le nouveau site de production du fabricant suisse de modules solaires Megasol Energie AG est entr\u00e9 en service.","breadcrumb":{"@id":"https:\/\/www.organisator.ch\/sustainability\/2016-07-21\/groesste-solarmodulfabrik-der-schweiz-oeffnet-tore\/#breadcrumb"},"inLanguage":"fr-FR","potentialAction":[{"@type":"ReadAction","target":["https:\/\/www.organisator.ch\/sustainability\/2016-07-21\/groesste-solarmodulfabrik-der-schweiz-oeffnet-tore\/"]}]},{"@type":"ImageObject","inLanguage":"fr-FR","@id":"https:\/\/www.organisator.ch\/sustainability\/2016-07-21\/groesste-solarmodulfabrik-der-schweiz-oeffnet-tore\/#primaryimage","url":"https:\/\/www.organisator.ch\/wp-content\/uploads\/2016\/12\/Groesste-Solarmodulfabrik-der-Schweiz-oeffnet-Tore-umweltperspektiven-scaled.jpg","contentUrl":"https:\/\/www.organisator.ch\/wp-content\/uploads\/2016\/12\/Groesste-Solarmodulfabrik-der-Schweiz-oeffnet-Tore-umweltperspektiven-scaled.jpg","width":2560,"height":1695,"caption":"Hier werden ab sofort Solarmodule mit Glas-Glas-Technologie produziert: Die Produktionsst\u00e4tte in Deitingen (SO)"},{"@type":"BreadcrumbList","@id":"https:\/\/www.organisator.ch\/sustainability\/2016-07-21\/groesste-solarmodulfabrik-der-schweiz-oeffnet-tore\/#breadcrumb","itemListElement":[{"@type":"ListItem","position":1,"name":"Home","item":"https:\/\/www.organisator.ch\/"},{"@type":"ListItem","position":2,"name":"Gr\u00f6sste Solarmodulfabrik der Schweiz \u00f6ffnet Tore"}]},{"@type":"WebSite","@id":"https:\/\/www.organisator.ch\/#website","url":"https:\/\/www.organisator.ch\/","name":"Organisateur","description":"Comp\u00e9tence et comp\u00e9tence. Proches de la pratique. L'ORGANISATEUR pr\u00e9pare 10 num\u00e9ros par an sur les th\u00e8mes essentiels pour les dirigeants de PME.","publisher":{"@id":"https:\/\/www.organisator.ch\/#organization"},"potentialAction":[{"@type":"SearchAction","target":{"@type":"EntryPoint","urlTemplate":"https:\/\/www.organisator.ch\/?s={search_term_string}"},"query-input":{"@type":"PropertyValueSpecification","valueRequired":true,"valueName":"search_term_string"}}],"inLanguage":"fr-FR"},{"@type":"Organization","@id":"https:\/\/www.organisator.ch\/#organization","name":"Organisateur","url":"https:\/\/www.organisator.ch\/","logo":{"@type":"ImageObject","inLanguage":"fr-FR","@id":"https:\/\/www.organisator.ch\/#\/schema\/logo\/image\/","url":"https:\/\/www.organisator.ch\/wp-content\/uploads\/2022\/01\/Logo_Organisator_Website.png","contentUrl":"https:\/\/www.organisator.ch\/wp-content\/uploads\/2022\/01\/Logo_Organisator_Website.png","width":800,"height":77,"caption":"Organisator"},"image":{"@id":"https:\/\/www.organisator.ch\/#\/schema\/logo\/image\/"},"sameAs":["https:\/\/www.facebook.com\/OrganisatorFachmagazin","https:\/\/www.linkedin.com\/showcase\/organisator-das-magazin-fr-kmu","https:\/\/www.xing.com\/news\/pages\/organisator-ch-695","https:\/\/www.youtube.com\/channel\/UCGP2Sq0iWaZwT3BdIAQFYpw"]},{"@type":"Person","@id":"https:\/\/www.organisator.ch\/#\/schema\/person\/aa2bace6c5c5aad60102004a50c4eb1c","name":"admin","image":{"@type":"ImageObject","inLanguage":"fr-FR","@id":"https:\/\/secure.gravatar.com\/avatar\/ae2f4d718e6c49043e314ce431e7e645d646302a24a5ef5a8bc8e3f5a032e319?s=96&d=mm&r=g","url":"https:\/\/secure.gravatar.com\/avatar\/ae2f4d718e6c49043e314ce431e7e645d646302a24a5ef5a8bc8e3f5a032e319?s=96&d=mm&r=g","contentUrl":"https:\/\/secure.gravatar.com\/avatar\/ae2f4d718e6c49043e314ce431e7e645d646302a24a5ef5a8bc8e3f5a032e319?s=96&d=mm&r=g","caption":"admin"},"sameAs":["https:\/\/www.organisator.ch"],"url":"https:\/\/www.organisator.ch\/fr\/author\/admin\/"}]}},"_links":{"self":[{"href":"https:\/\/www.organisator.ch\/fr\/wp-json\/wp\/v2\/posts\/427","targetHints":{"allow":["GET"]}}],"collection":[{"href":"https:\/\/www.organisator.ch\/fr\/wp-json\/wp\/v2\/posts"}],"about":[{"href":"https:\/\/www.organisator.ch\/fr\/wp-json\/wp\/v2\/types\/post"}],"author":[{"embeddable":true,"href":"https:\/\/www.organisator.ch\/fr\/wp-json\/wp\/v2\/users\/1"}],"replies":[{"embeddable":true,"href":"https:\/\/www.organisator.ch\/fr\/wp-json\/wp\/v2\/comments?post=427"}],"version-history":[{"count":1,"href":"https:\/\/www.organisator.ch\/fr\/wp-json\/wp\/v2\/posts\/427\/revisions"}],"predecessor-version":[{"id":10612,"href":"https:\/\/www.organisator.ch\/fr\/wp-json\/wp\/v2\/posts\/427\/revisions\/10612"}],"wp:featuredmedia":[{"embeddable":true,"href":"https:\/\/www.organisator.ch\/fr\/wp-json\/wp\/v2\/media\/9398"}],"wp:attachment":[{"href":"https:\/\/www.organisator.ch\/fr\/wp-json\/wp\/v2\/media?parent=427"}],"wp:term":[{"taxonomy":"category","embeddable":true,"href":"https:\/\/www.organisator.ch\/fr\/wp-json\/wp\/v2\/categories?post=427"},{"taxonomy":"post_tag","embeddable":true,"href":"https:\/\/www.organisator.ch\/fr\/wp-json\/wp\/v2\/tags?post=427"}],"curies":[{"name":"wp","href":"https:\/\/api.w.org\/{rel}","templated":true}]}}