{"id":42703,"date":"2025-12-11T07:25:15","date_gmt":"2025-12-11T06:25:15","guid":{"rendered":"https:\/\/www.markt-kom.com\/?p=247991"},"modified":"2025-12-11T08:48:33","modified_gmt":"2025-12-11T07:48:33","slug":"yougov-umfrage-sieben-von-zehn-spenden-fast-die-haelfte-arbeitet-freiwillig","status":"publish","type":"post","link":"https:\/\/www.organisator.ch\/fr\/marketing\/2025-12-11\/yougov-umfrage-sieben-von-zehn-spenden-fast-die-haelfte-arbeitet-freiwillig\/","title":{"rendered":"Sondage YouGov : sept personnes sur dix font des dons, pr\u00e8s de la moiti\u00e9 font du b\u00e9n\u00e9volat"},"content":{"rendered":"<p class=\"x_MsoNormal\"><span lang=\"DE-CH\"><img class=\"alignnone size-large wp-image-247992\" src=\"https:\/\/www.markt-kom.com\/wp-content\/uploads\/2025\/12\/Bildschirmfoto-2025-12-11-um-07.22.46-1024x507.png\" sizes=\"(max-width: 768px) 100vw, 768px\" srcset=\"https:\/\/www.markt-kom.com\/wp-content\/uploads\/2025\/12\/Bildschirmfoto-2025-12-11-um-07.22.46-1024x507.png 1024w, https:\/\/www.markt-kom.com\/wp-content\/uploads\/2025\/12\/Bildschirmfoto-2025-12-11-um-07.22.46-600x297.png 600w, https:\/\/www.markt-kom.com\/wp-content\/uploads\/2025\/12\/Bildschirmfoto-2025-12-11-um-07.22.46-768x380.png 768w, https:\/\/www.markt-kom.com\/wp-content\/uploads\/2025\/12\/Bildschirmfoto-2025-12-11-um-07.22.46-18x9.png 18w, https:\/\/www.markt-kom.com\/wp-content\/uploads\/2025\/12\/Bildschirmfoto-2025-12-11-um-07.22.46-354x175.png 354w, https:\/\/www.markt-kom.com\/wp-content\/uploads\/2025\/12\/Bildschirmfoto-2025-12-11-um-07.22.46-707x350.png 707w, https:\/\/www.markt-kom.com\/wp-content\/uploads\/2025\/12\/Bildschirmfoto-2025-12-11-um-07.22.46-1000x495.png 1000w, https:\/\/www.markt-kom.com\/wp-content\/uploads\/2025\/12\/Bildschirmfoto-2025-12-11-um-07.22.46.png 1138w\" alt=\"\" width=\"768\" height=\"380\" \/>Les dons sont le plus souvent destin\u00e9s \u00e0 l'aide humanitaire apr\u00e8s une crise (41 %). Les femmes soutiennent nettement plus souvent ces causes humanitaires que les hommes (47 % contre 35 %). En revanche, les hommes font plus souvent que la moyenne des dons pour la protection de la nature et de l'environnement (45 % contre 36 %). Viennent ensuite les causes sociales (40 %) et les organisations de sant\u00e9 (36 %). On observe des diff\u00e9rences r\u00e9gionales : en Suisse al\u00e9manique, les dons sont plus fr\u00e9quents (68 %).<\/span><\/p>\r\n<h3 class=\"x_MsoNormal\"><strong><span lang=\"DE-CH\">Les valeurs personnelles comme moteur principal, mais pas pour tout le monde<\/span><\/strong><\/h3>\r\n<p class=\"x_MsoNormal\"><span lang=\"DE-CH\">Les valeurs personnelles ou les exp\u00e9riences de vie constituent la principale motivation pour faire un don (65 %). On observe ici des diff\u00e9rences notables selon l'\u00e2ge : si les valeurs personnelles sont clairement d\u00e9terminantes pour toutes les personnes interrog\u00e9es, ce facteur est moins important chez les 18-29 ans (54 %), mais reste tout de m\u00eame important pour pr\u00e8s de la moiti\u00e9 d'entre eux. L'attachement \u00e9motionnel (29 %), la proximit\u00e9 avec le sujet (24 %) et les r\u00e9sultats visibles et mesurables (25 %) suivent loin derri\u00e8re. Au niveau r\u00e9gional, la proximit\u00e9 rev\u00eat une importance particuli\u00e8re au Tessin, o\u00f9 l'attachement local est davantage pris en compte dans les dons (40 %).<\/span><\/p>\r\n<h3 class=\"x_MsoNormal\"><strong><span lang=\"DE-CH\">Pourquoi certains ne font pas de dons<\/span><\/strong><\/h3>\r\n<p class=\"x_MsoNormal\"><span lang=\"DE-CH\">La principale raison invoqu\u00e9e pour ne pas faire de dons est le manque de budget disponible (36 %). Cela concerne particuli\u00e8rement les jeunes : dans la tranche d'\u00e2ge des 18-29 ans, la proportion de personnes ne faisant pas de dons est nettement plus \u00e9lev\u00e9e que dans toutes les tranches d'\u00e2ge sup\u00e9rieures. D'autres obstacles fr\u00e9quents sont le manque de confiance dans les organisations caritatives (27 %) et l'incertitude quant \u00e0 l'utilisation des fonds (26 %).<\/span><\/p>\r\n<p class=\"x_MsoNormal\"><span lang=\"DE-CH\">La confiance dans les organisations varie selon les r\u00e9gions. Seuls 11 % des personnes vivant en Suisse al\u00e9manique d\u00e9clarent ne pas faire confiance aux organisations religieuses, tandis que ce pourcentage est nettement plus \u00e9lev\u00e9 en Suisse romande (23 %) et au Tessin (22 %).<\/span><\/p>\r\n<p><img class=\"alignnone size-large wp-image-247993\" src=\"https:\/\/www.markt-kom.com\/wp-content\/uploads\/2025\/12\/Bildschirmfoto-2025-12-11-um-07.22.53-1024x477.png\" sizes=\"(max-width: 768px) 100vw, 768px\" srcset=\"https:\/\/www.markt-kom.com\/wp-content\/uploads\/2025\/12\/Bildschirmfoto-2025-12-11-um-07.22.53-1024x477.png 1024w, https:\/\/www.markt-kom.com\/wp-content\/uploads\/2025\/12\/Bildschirmfoto-2025-12-11-um-07.22.53-600x279.png 600w, https:\/\/www.markt-kom.com\/wp-content\/uploads\/2025\/12\/Bildschirmfoto-2025-12-11-um-07.22.53-768x358.png 768w, https:\/\/www.markt-kom.com\/wp-content\/uploads\/2025\/12\/Bildschirmfoto-2025-12-11-um-07.22.53-18x8.png 18w, https:\/\/www.markt-kom.com\/wp-content\/uploads\/2025\/12\/Bildschirmfoto-2025-12-11-um-07.22.53-375x175.png 375w, https:\/\/www.markt-kom.com\/wp-content\/uploads\/2025\/12\/Bildschirmfoto-2025-12-11-um-07.22.53-752x350.png 752w, https:\/\/www.markt-kom.com\/wp-content\/uploads\/2025\/12\/Bildschirmfoto-2025-12-11-um-07.22.53-1000x466.png 1000w, https:\/\/www.markt-kom.com\/wp-content\/uploads\/2025\/12\/Bildschirmfoto-2025-12-11-um-07.22.53.png 1145w\" alt=\"\" width=\"768\" height=\"358\" \/><\/p>\r\n<h3 class=\"x_MsoNormal\"><strong><span lang=\"DE-CH\">B\u00e9n\u00e9volat : pr\u00e8s d'une personne sur deux s'engage dans une activit\u00e9 b\u00e9n\u00e9vole<\/span><\/strong><\/h3>\r\n<p class=\"x_MsoNormal\"><span lang=\"DE-CH\">Pr\u00e8s de la moiti\u00e9 de la population suisse a fait du b\u00e9n\u00e9volat l'ann\u00e9e derni\u00e8re (47 %). Parmi ces personnes, celles qui s'engagent le plus souvent le font dans des clubs sportifs (31 %). Viennent ensuite les organisations sociales (22 %), les organisations communales et de quartier (20 %), les \u00e9glises, les associations de loisirs et les associations culturelles (19 % chacune).<\/span><\/p>\r\n<p class=\"x_MsoNormal\"><span lang=\"DE-CH\">En Suisse al\u00e9manique, le b\u00e9n\u00e9volat est particuli\u00e8rement fr\u00e9quent dans les organisations religieuses (22 % contre 11 % en Suisse romande et 9 % au Tessin).<\/span><\/p>\r\n<h3 class=\"x_MsoNormal\"><strong><span lang=\"DE-CH\">Motivations pour le b\u00e9n\u00e9volat \u2013 Une communaut\u00e9 plus forte que dans le cas des dons<\/span><\/strong><\/h3>\r\n<p class=\"x_MsoNormal\"><span lang=\"DE-CH\">Comme pour les dons, les valeurs personnelles et les exp\u00e9riences de vie constituent la motivation principale (65 %). Mais contrairement aux dons, le sentiment d'appartenance \u00e0 une communaut\u00e9 joue un r\u00f4le nettement plus important dans le b\u00e9n\u00e9volat (45 % contre 24 % pour les dons). L'implication personnelle (30 %) est particuli\u00e8rement importante pour les personnes vivant en Suisse romande (55 %) et au Tessin (62 %), contre 21 % en Suisse al\u00e9manique. Les r\u00e9sultats mesurables (24 %) viennent ensuite.<\/span><\/p>\r\n<p class=\"x_MsoNormal\"><span lang=\"DE-CH\">Le b\u00e9n\u00e9volat est souvent motiv\u00e9 par l'environnement direct : par des demandes personnelles (48 %) ou des contacts dans son propre entourage.<\/span><\/p>\r\n<p><img class=\"alignnone size-large wp-image-247994\" src=\"https:\/\/www.markt-kom.com\/wp-content\/uploads\/2025\/12\/Bildschirmfoto-2025-12-11-um-07.22.59-1024x538.png\" sizes=\"(max-width: 768px) 100vw, 768px\" srcset=\"https:\/\/www.markt-kom.com\/wp-content\/uploads\/2025\/12\/Bildschirmfoto-2025-12-11-um-07.22.59-1024x538.png 1024w, https:\/\/www.markt-kom.com\/wp-content\/uploads\/2025\/12\/Bildschirmfoto-2025-12-11-um-07.22.59-600x315.png 600w, https:\/\/www.markt-kom.com\/wp-content\/uploads\/2025\/12\/Bildschirmfoto-2025-12-11-um-07.22.59-768x404.png 768w, https:\/\/www.markt-kom.com\/wp-content\/uploads\/2025\/12\/Bildschirmfoto-2025-12-11-um-07.22.59-18x9.png 18w, https:\/\/www.markt-kom.com\/wp-content\/uploads\/2025\/12\/Bildschirmfoto-2025-12-11-um-07.22.59-333x175.png 333w, https:\/\/www.markt-kom.com\/wp-content\/uploads\/2025\/12\/Bildschirmfoto-2025-12-11-um-07.22.59-666x350.png 666w, https:\/\/www.markt-kom.com\/wp-content\/uploads\/2025\/12\/Bildschirmfoto-2025-12-11-um-07.22.59-1000x526.png 1000w, https:\/\/www.markt-kom.com\/wp-content\/uploads\/2025\/12\/Bildschirmfoto-2025-12-11-um-07.22.59.png 1073w\" alt=\"\" width=\"768\" height=\"404\" \/><\/p>\r\n<p>&nbsp;<\/p>\r\n<p>&nbsp;<\/p>","protected":false},"excerpt":{"rendered":"<p>Pendant la p\u00e9riode de No\u00ebl, les th\u00e8mes du partage et de la solidarit\u00e9 reviennent souvent sur le devant de la sc\u00e8ne. Selon le nouveau sondage YouGov \u201e Dons et b\u00e9n\u00e9volat en Suisse \u201c, 72 % des Suisses ont fait un don sous une forme ou une autre l'ann\u00e9e derni\u00e8re, 64 % d'entre eux sous forme d'argent et 13 % sous forme de biens mat\u00e9riels.<\/p>","protected":false},"author":8,"featured_media":0,"comment_status":"closed","ping_status":"closed","sticky":false,"template":"","format":"standard","meta":{"_acf_changed":false,"_yoast_wpseo_focuskw":"YouGov-Umfrage","_yoast_wpseo_metadesc":"Gem\u00e4ss einer neuen YouGov-Umfrage haben letztes Jahr 72 Prozent der Schweizerinnen und Schweizer irgendeine Form von Spende geleistet.","articlekey":"","footnotes":""},"categories":[29],"tags":[4343,5727,5728],"class_list":["post-42703","post","type-post","status-publish","format-standard","hentry","category-marketing","tag-markom","tag-spenden","tag-yougov-schweiz"],"acf":[],"yoast_head":"<!-- This site is optimized with the Yoast SEO plugin v27.5 - https:\/\/yoast.com\/product\/yoast-seo-wordpress\/ -->\n<title>YouGov-Umfrage: Sieben von zehn spenden, fast die H\u00e4lfte arbeitet freiwillig - Organisator<\/title>\n<meta name=\"description\" content=\"Gem\u00e4ss einer neuen YouGov-Umfrage haben letztes Jahr 72 Prozent der Schweizerinnen und Schweizer irgendeine Form von Spende geleistet.\" \/>\n<meta name=\"robots\" content=\"index, follow, max-snippet:-1, max-image-preview:large, max-video-preview:-1\" \/>\n<link rel=\"canonical\" href=\"https:\/\/www.organisator.ch\/fr\/marketing\/2025-12-11\/yougov-umfrage-sieben-von-zehn-spenden-fast-die-haelfte-arbeitet-freiwillig\/\" \/>\n<meta property=\"og:locale\" content=\"fr_FR\" \/>\n<meta property=\"og:type\" content=\"article\" \/>\n<meta property=\"og:title\" content=\"YouGov-Umfrage: Sieben von zehn spenden, fast die H\u00e4lfte arbeitet freiwillig - Organisator\" \/>\n<meta property=\"og:description\" content=\"Gem\u00e4ss einer neuen YouGov-Umfrage haben letztes Jahr 72 Prozent der Schweizerinnen und Schweizer irgendeine Form von Spende geleistet.\" \/>\n<meta property=\"og:url\" content=\"https:\/\/www.organisator.ch\/fr\/marketing\/2025-12-11\/yougov-umfrage-sieben-von-zehn-spenden-fast-die-haelfte-arbeitet-freiwillig\/\" \/>\n<meta property=\"og:site_name\" content=\"Organisator\" \/>\n<meta property=\"article:publisher\" content=\"https:\/\/www.facebook.com\/OrganisatorFachmagazin\" \/>\n<meta property=\"article:published_time\" content=\"2025-12-11T06:25:15+00:00\" \/>\n<meta property=\"article:modified_time\" content=\"2025-12-11T07:48:33+00:00\" \/>\n<meta name=\"author\" content=\"galledia\" \/>\n<meta name=\"twitter:card\" content=\"summary_large_image\" \/>\n<meta name=\"twitter:creator\" content=\"@admin\" \/>\n<script type=\"application\/ld+json\" class=\"yoast-schema-graph\">{\"@context\":\"https:\\\/\\\/schema.org\",\"@graph\":[{\"@type\":\"Article\",\"@id\":\"https:\\\/\\\/www.organisator.ch\\\/marketing\\\/2025-12-11\\\/yougov-umfrage-sieben-von-zehn-spenden-fast-die-haelfte-arbeitet-freiwillig\\\/#article\",\"isPartOf\":{\"@id\":\"https:\\\/\\\/www.organisator.ch\\\/marketing\\\/2025-12-11\\\/yougov-umfrage-sieben-von-zehn-spenden-fast-die-haelfte-arbeitet-freiwillig\\\/\"},\"author\":{\"name\":\"galledia\",\"@id\":\"https:\\\/\\\/www.organisator.ch\\\/#\\\/schema\\\/person\\\/4e51799071cd2dd1232ac003643ef5f0\"},\"headline\":\"YouGov-Umfrage: Sieben von zehn spenden, fast die H\u00e4lfte arbeitet freiwillig\",\"datePublished\":\"2025-12-11T06:25:15+00:00\",\"dateModified\":\"2025-12-11T07:48:33+00:00\",\"mainEntityOfPage\":{\"@id\":\"https:\\\/\\\/www.organisator.ch\\\/marketing\\\/2025-12-11\\\/yougov-umfrage-sieben-von-zehn-spenden-fast-die-haelfte-arbeitet-freiwillig\\\/\"},\"wordCount\":447,\"publisher\":{\"@id\":\"https:\\\/\\\/www.organisator.ch\\\/#organization\"},\"image\":{\"@id\":\"https:\\\/\\\/www.organisator.ch\\\/marketing\\\/2025-12-11\\\/yougov-umfrage-sieben-von-zehn-spenden-fast-die-haelfte-arbeitet-freiwillig\\\/#primaryimage\"},\"thumbnailUrl\":\"https:\\\/\\\/www.markt-kom.com\\\/wp-content\\\/uploads\\\/2025\\\/12\\\/Bildschirmfoto-2025-12-11-um-07.22.46-1024x507.png\",\"keywords\":[\"MarKom\",\"Spenden\",\"YouGov Schweiz\"],\"articleSection\":[\"MARKETING\"],\"inLanguage\":\"fr-FR\"},{\"@type\":\"WebPage\",\"@id\":\"https:\\\/\\\/www.organisator.ch\\\/marketing\\\/2025-12-11\\\/yougov-umfrage-sieben-von-zehn-spenden-fast-die-haelfte-arbeitet-freiwillig\\\/\",\"url\":\"https:\\\/\\\/www.organisator.ch\\\/marketing\\\/2025-12-11\\\/yougov-umfrage-sieben-von-zehn-spenden-fast-die-haelfte-arbeitet-freiwillig\\\/\",\"name\":\"YouGov-Umfrage: Sieben von zehn spenden, fast die H\u00e4lfte arbeitet freiwillig - Organisator\",\"isPartOf\":{\"@id\":\"https:\\\/\\\/www.organisator.ch\\\/#website\"},\"primaryImageOfPage\":{\"@id\":\"https:\\\/\\\/www.organisator.ch\\\/marketing\\\/2025-12-11\\\/yougov-umfrage-sieben-von-zehn-spenden-fast-die-haelfte-arbeitet-freiwillig\\\/#primaryimage\"},\"image\":{\"@id\":\"https:\\\/\\\/www.organisator.ch\\\/marketing\\\/2025-12-11\\\/yougov-umfrage-sieben-von-zehn-spenden-fast-die-haelfte-arbeitet-freiwillig\\\/#primaryimage\"},\"thumbnailUrl\":\"https:\\\/\\\/www.markt-kom.com\\\/wp-content\\\/uploads\\\/2025\\\/12\\\/Bildschirmfoto-2025-12-11-um-07.22.46-1024x507.png\",\"datePublished\":\"2025-12-11T06:25:15+00:00\",\"dateModified\":\"2025-12-11T07:48:33+00:00\",\"description\":\"Gem\u00e4ss einer neuen YouGov-Umfrage haben letztes Jahr 72 Prozent der Schweizerinnen und Schweizer irgendeine Form von Spende geleistet.\",\"breadcrumb\":{\"@id\":\"https:\\\/\\\/www.organisator.ch\\\/marketing\\\/2025-12-11\\\/yougov-umfrage-sieben-von-zehn-spenden-fast-die-haelfte-arbeitet-freiwillig\\\/#breadcrumb\"},\"inLanguage\":\"fr-FR\",\"potentialAction\":[{\"@type\":\"ReadAction\",\"target\":[\"https:\\\/\\\/www.organisator.ch\\\/marketing\\\/2025-12-11\\\/yougov-umfrage-sieben-von-zehn-spenden-fast-die-haelfte-arbeitet-freiwillig\\\/\"]}]},{\"@type\":\"ImageObject\",\"inLanguage\":\"fr-FR\",\"@id\":\"https:\\\/\\\/www.organisator.ch\\\/marketing\\\/2025-12-11\\\/yougov-umfrage-sieben-von-zehn-spenden-fast-die-haelfte-arbeitet-freiwillig\\\/#primaryimage\",\"url\":\"https:\\\/\\\/www.markt-kom.com\\\/wp-content\\\/uploads\\\/2025\\\/12\\\/Bildschirmfoto-2025-12-11-um-07.22.46-1024x507.png\",\"contentUrl\":\"https:\\\/\\\/www.markt-kom.com\\\/wp-content\\\/uploads\\\/2025\\\/12\\\/Bildschirmfoto-2025-12-11-um-07.22.46-1024x507.png\"},{\"@type\":\"BreadcrumbList\",\"@id\":\"https:\\\/\\\/www.organisator.ch\\\/marketing\\\/2025-12-11\\\/yougov-umfrage-sieben-von-zehn-spenden-fast-die-haelfte-arbeitet-freiwillig\\\/#breadcrumb\",\"itemListElement\":[{\"@type\":\"ListItem\",\"position\":1,\"name\":\"Home\",\"item\":\"https:\\\/\\\/www.organisator.ch\\\/\"},{\"@type\":\"ListItem\",\"position\":2,\"name\":\"YouGov-Umfrage: Sieben von zehn spenden, fast die H\u00e4lfte arbeitet freiwillig\"}]},{\"@type\":\"WebSite\",\"@id\":\"https:\\\/\\\/www.organisator.ch\\\/#website\",\"url\":\"https:\\\/\\\/www.organisator.ch\\\/\",\"name\":\"Organisator\",\"description\":\"Kompetent. Praxisnah. Der ORGANISATOR bereitet in 10 Ausgaben pro Jahr die wesentlichen Themen f\u00fcr F\u00fchrungskr\u00e4fte von KMU auf.\",\"publisher\":{\"@id\":\"https:\\\/\\\/www.organisator.ch\\\/#organization\"},\"potentialAction\":[{\"@type\":\"SearchAction\",\"target\":{\"@type\":\"EntryPoint\",\"urlTemplate\":\"https:\\\/\\\/www.organisator.ch\\\/?s={search_term_string}\"},\"query-input\":{\"@type\":\"PropertyValueSpecification\",\"valueRequired\":true,\"valueName\":\"search_term_string\"}}],\"inLanguage\":\"fr-FR\"},{\"@type\":\"Organization\",\"@id\":\"https:\\\/\\\/www.organisator.ch\\\/#organization\",\"name\":\"Organisator\",\"url\":\"https:\\\/\\\/www.organisator.ch\\\/\",\"logo\":{\"@type\":\"ImageObject\",\"inLanguage\":\"fr-FR\",\"@id\":\"https:\\\/\\\/www.organisator.ch\\\/#\\\/schema\\\/logo\\\/image\\\/\",\"url\":\"https:\\\/\\\/www.organisator.ch\\\/wp-content\\\/uploads\\\/2022\\\/01\\\/Logo_Organisator_Website.png\",\"contentUrl\":\"https:\\\/\\\/www.organisator.ch\\\/wp-content\\\/uploads\\\/2022\\\/01\\\/Logo_Organisator_Website.png\",\"width\":800,\"height\":77,\"caption\":\"Organisator\"},\"image\":{\"@id\":\"https:\\\/\\\/www.organisator.ch\\\/#\\\/schema\\\/logo\\\/image\\\/\"},\"sameAs\":[\"https:\\\/\\\/www.facebook.com\\\/OrganisatorFachmagazin\",\"https:\\\/\\\/www.linkedin.com\\\/showcase\\\/organisator-das-magazin-fr-kmu\",\"https:\\\/\\\/www.xing.com\\\/news\\\/pages\\\/organisator-ch-695\",\"https:\\\/\\\/www.youtube.com\\\/channel\\\/UCGP2Sq0iWaZwT3BdIAQFYpw\"]},{\"@type\":\"Person\",\"@id\":\"https:\\\/\\\/www.organisator.ch\\\/#\\\/schema\\\/person\\\/4e51799071cd2dd1232ac003643ef5f0\",\"name\":\"galledia\",\"image\":{\"@type\":\"ImageObject\",\"inLanguage\":\"fr-FR\",\"@id\":\"https:\\\/\\\/secure.gravatar.com\\\/avatar\\\/78a7f90c01fc2bfc875782a0d4922b37cde2cf184ce347b91316d23cd7f69a36?s=96&d=mm&r=g\",\"url\":\"https:\\\/\\\/secure.gravatar.com\\\/avatar\\\/78a7f90c01fc2bfc875782a0d4922b37cde2cf184ce347b91316d23cd7f69a36?s=96&d=mm&r=g\",\"contentUrl\":\"https:\\\/\\\/secure.gravatar.com\\\/avatar\\\/78a7f90c01fc2bfc875782a0d4922b37cde2cf184ce347b91316d23cd7f69a36?s=96&d=mm&r=g\",\"caption\":\"galledia\"},\"sameAs\":[\"https:\\\/\\\/x.com\\\/admin\"],\"url\":\"https:\\\/\\\/www.organisator.ch\\\/fr\\\/author\\\/galledia\\\/\"}]}<\/script>\n<!-- \/ Yoast SEO plugin. -->","yoast_head_json":{"title":"Sondage YouGov : sept personnes sur dix font des dons, pr\u00e8s de la moiti\u00e9 font du b\u00e9n\u00e9volat - Organisateur","description":"Selon un nouveau sondage YouGov, 72 % des Suisses ont fait un don sous une forme ou une autre l'ann\u00e9e derni\u00e8re.","robots":{"index":"index","follow":"follow","max-snippet":"max-snippet:-1","max-image-preview":"max-image-preview:large","max-video-preview":"max-video-preview:-1"},"canonical":"https:\/\/www.organisator.ch\/fr\/marketing\/2025-12-11\/yougov-umfrage-sieben-von-zehn-spenden-fast-die-haelfte-arbeitet-freiwillig\/","og_locale":"fr_FR","og_type":"article","og_title":"YouGov-Umfrage: Sieben von zehn spenden, fast die H\u00e4lfte arbeitet freiwillig - Organisator","og_description":"Gem\u00e4ss einer neuen YouGov-Umfrage haben letztes Jahr 72 Prozent der Schweizerinnen und Schweizer irgendeine Form von Spende geleistet.","og_url":"https:\/\/www.organisator.ch\/fr\/marketing\/2025-12-11\/yougov-umfrage-sieben-von-zehn-spenden-fast-die-haelfte-arbeitet-freiwillig\/","og_site_name":"Organisator","article_publisher":"https:\/\/www.facebook.com\/OrganisatorFachmagazin","article_published_time":"2025-12-11T06:25:15+00:00","article_modified_time":"2025-12-11T07:48:33+00:00","author":"galledia","twitter_card":"summary_large_image","twitter_creator":"@admin","schema":{"@context":"https:\/\/schema.org","@graph":[{"@type":"Article","@id":"https:\/\/www.organisator.ch\/marketing\/2025-12-11\/yougov-umfrage-sieben-von-zehn-spenden-fast-die-haelfte-arbeitet-freiwillig\/#article","isPartOf":{"@id":"https:\/\/www.organisator.ch\/marketing\/2025-12-11\/yougov-umfrage-sieben-von-zehn-spenden-fast-die-haelfte-arbeitet-freiwillig\/"},"author":{"name":"galledia","@id":"https:\/\/www.organisator.ch\/#\/schema\/person\/4e51799071cd2dd1232ac003643ef5f0"},"headline":"YouGov-Umfrage: Sieben von zehn spenden, fast die H\u00e4lfte arbeitet freiwillig","datePublished":"2025-12-11T06:25:15+00:00","dateModified":"2025-12-11T07:48:33+00:00","mainEntityOfPage":{"@id":"https:\/\/www.organisator.ch\/marketing\/2025-12-11\/yougov-umfrage-sieben-von-zehn-spenden-fast-die-haelfte-arbeitet-freiwillig\/"},"wordCount":447,"publisher":{"@id":"https:\/\/www.organisator.ch\/#organization"},"image":{"@id":"https:\/\/www.organisator.ch\/marketing\/2025-12-11\/yougov-umfrage-sieben-von-zehn-spenden-fast-die-haelfte-arbeitet-freiwillig\/#primaryimage"},"thumbnailUrl":"https:\/\/www.markt-kom.com\/wp-content\/uploads\/2025\/12\/Bildschirmfoto-2025-12-11-um-07.22.46-1024x507.png","keywords":["MarKom","Spenden","YouGov Schweiz"],"articleSection":["MARKETING"],"inLanguage":"fr-FR"},{"@type":"WebPage","@id":"https:\/\/www.organisator.ch\/marketing\/2025-12-11\/yougov-umfrage-sieben-von-zehn-spenden-fast-die-haelfte-arbeitet-freiwillig\/","url":"https:\/\/www.organisator.ch\/marketing\/2025-12-11\/yougov-umfrage-sieben-von-zehn-spenden-fast-die-haelfte-arbeitet-freiwillig\/","name":"Sondage YouGov : sept personnes sur dix font des dons, pr\u00e8s de la moiti\u00e9 font du b\u00e9n\u00e9volat - Organisateur","isPartOf":{"@id":"https:\/\/www.organisator.ch\/#website"},"primaryImageOfPage":{"@id":"https:\/\/www.organisator.ch\/marketing\/2025-12-11\/yougov-umfrage-sieben-von-zehn-spenden-fast-die-haelfte-arbeitet-freiwillig\/#primaryimage"},"image":{"@id":"https:\/\/www.organisator.ch\/marketing\/2025-12-11\/yougov-umfrage-sieben-von-zehn-spenden-fast-die-haelfte-arbeitet-freiwillig\/#primaryimage"},"thumbnailUrl":"https:\/\/www.markt-kom.com\/wp-content\/uploads\/2025\/12\/Bildschirmfoto-2025-12-11-um-07.22.46-1024x507.png","datePublished":"2025-12-11T06:25:15+00:00","dateModified":"2025-12-11T07:48:33+00:00","description":"Selon un nouveau sondage YouGov, 72 % des Suisses ont fait un don sous une forme ou une autre l'ann\u00e9e derni\u00e8re.","breadcrumb":{"@id":"https:\/\/www.organisator.ch\/marketing\/2025-12-11\/yougov-umfrage-sieben-von-zehn-spenden-fast-die-haelfte-arbeitet-freiwillig\/#breadcrumb"},"inLanguage":"fr-FR","potentialAction":[{"@type":"ReadAction","target":["https:\/\/www.organisator.ch\/marketing\/2025-12-11\/yougov-umfrage-sieben-von-zehn-spenden-fast-die-haelfte-arbeitet-freiwillig\/"]}]},{"@type":"ImageObject","inLanguage":"fr-FR","@id":"https:\/\/www.organisator.ch\/marketing\/2025-12-11\/yougov-umfrage-sieben-von-zehn-spenden-fast-die-haelfte-arbeitet-freiwillig\/#primaryimage","url":"https:\/\/www.markt-kom.com\/wp-content\/uploads\/2025\/12\/Bildschirmfoto-2025-12-11-um-07.22.46-1024x507.png","contentUrl":"https:\/\/www.markt-kom.com\/wp-content\/uploads\/2025\/12\/Bildschirmfoto-2025-12-11-um-07.22.46-1024x507.png"},{"@type":"BreadcrumbList","@id":"https:\/\/www.organisator.ch\/marketing\/2025-12-11\/yougov-umfrage-sieben-von-zehn-spenden-fast-die-haelfte-arbeitet-freiwillig\/#breadcrumb","itemListElement":[{"@type":"ListItem","position":1,"name":"Home","item":"https:\/\/www.organisator.ch\/"},{"@type":"ListItem","position":2,"name":"YouGov-Umfrage: Sieben von zehn spenden, fast die H\u00e4lfte arbeitet freiwillig"}]},{"@type":"WebSite","@id":"https:\/\/www.organisator.ch\/#website","url":"https:\/\/www.organisator.ch\/","name":"Organisateur","description":"Comp\u00e9tence et comp\u00e9tence. Proches de la pratique. L'ORGANISATEUR pr\u00e9pare 10 num\u00e9ros par an sur les th\u00e8mes essentiels pour les dirigeants de PME.","publisher":{"@id":"https:\/\/www.organisator.ch\/#organization"},"potentialAction":[{"@type":"SearchAction","target":{"@type":"EntryPoint","urlTemplate":"https:\/\/www.organisator.ch\/?s={search_term_string}"},"query-input":{"@type":"PropertyValueSpecification","valueRequired":true,"valueName":"search_term_string"}}],"inLanguage":"fr-FR"},{"@type":"Organization","@id":"https:\/\/www.organisator.ch\/#organization","name":"Organisateur","url":"https:\/\/www.organisator.ch\/","logo":{"@type":"ImageObject","inLanguage":"fr-FR","@id":"https:\/\/www.organisator.ch\/#\/schema\/logo\/image\/","url":"https:\/\/www.organisator.ch\/wp-content\/uploads\/2022\/01\/Logo_Organisator_Website.png","contentUrl":"https:\/\/www.organisator.ch\/wp-content\/uploads\/2022\/01\/Logo_Organisator_Website.png","width":800,"height":77,"caption":"Organisator"},"image":{"@id":"https:\/\/www.organisator.ch\/#\/schema\/logo\/image\/"},"sameAs":["https:\/\/www.facebook.com\/OrganisatorFachmagazin","https:\/\/www.linkedin.com\/showcase\/organisator-das-magazin-fr-kmu","https:\/\/www.xing.com\/news\/pages\/organisator-ch-695","https:\/\/www.youtube.com\/channel\/UCGP2Sq0iWaZwT3BdIAQFYpw"]},{"@type":"Person","@id":"https:\/\/www.organisator.ch\/#\/schema\/person\/4e51799071cd2dd1232ac003643ef5f0","name":"galledia","image":{"@type":"ImageObject","inLanguage":"fr-FR","@id":"https:\/\/secure.gravatar.com\/avatar\/78a7f90c01fc2bfc875782a0d4922b37cde2cf184ce347b91316d23cd7f69a36?s=96&d=mm&r=g","url":"https:\/\/secure.gravatar.com\/avatar\/78a7f90c01fc2bfc875782a0d4922b37cde2cf184ce347b91316d23cd7f69a36?s=96&d=mm&r=g","contentUrl":"https:\/\/secure.gravatar.com\/avatar\/78a7f90c01fc2bfc875782a0d4922b37cde2cf184ce347b91316d23cd7f69a36?s=96&d=mm&r=g","caption":"galledia"},"sameAs":["https:\/\/x.com\/admin"],"url":"https:\/\/www.organisator.ch\/fr\/author\/galledia\/"}]}},"_links":{"self":[{"href":"https:\/\/www.organisator.ch\/fr\/wp-json\/wp\/v2\/posts\/42703","targetHints":{"allow":["GET"]}}],"collection":[{"href":"https:\/\/www.organisator.ch\/fr\/wp-json\/wp\/v2\/posts"}],"about":[{"href":"https:\/\/www.organisator.ch\/fr\/wp-json\/wp\/v2\/types\/post"}],"author":[{"embeddable":true,"href":"https:\/\/www.organisator.ch\/fr\/wp-json\/wp\/v2\/users\/8"}],"replies":[{"embeddable":true,"href":"https:\/\/www.organisator.ch\/fr\/wp-json\/wp\/v2\/comments?post=42703"}],"version-history":[{"count":5,"href":"https:\/\/www.organisator.ch\/fr\/wp-json\/wp\/v2\/posts\/42703\/revisions"}],"predecessor-version":[{"id":42711,"href":"https:\/\/www.organisator.ch\/fr\/wp-json\/wp\/v2\/posts\/42703\/revisions\/42711"}],"wp:attachment":[{"href":"https:\/\/www.organisator.ch\/fr\/wp-json\/wp\/v2\/media?parent=42703"}],"wp:term":[{"taxonomy":"category","embeddable":true,"href":"https:\/\/www.organisator.ch\/fr\/wp-json\/wp\/v2\/categories?post=42703"},{"taxonomy":"post_tag","embeddable":true,"href":"https:\/\/www.organisator.ch\/fr\/wp-json\/wp\/v2\/tags?post=42703"}],"curies":[{"name":"wp","href":"https:\/\/api.w.org\/{rel}","templated":true}]}}