{"id":42716,"date":"2025-12-11T14:30:26","date_gmt":"2025-12-11T13:30:26","guid":{"rendered":"https:\/\/www.markt-kom.com\/?p=247989"},"modified":"2025-12-12T08:22:43","modified_gmt":"2025-12-12T07:22:43","slug":"souveraene-markenfuehrung-wenn-reduktion-zur-fuehrungsqualitaet-wird","status":"publish","type":"post","link":"https:\/\/www.organisator.ch\/fr\/marketing\/2025-12-11\/souveraene-markenfuehrung-wenn-reduktion-zur-fuehrungsqualitaet-wird\/","title":{"rendered":"Une gestion souveraine de la marque \u2013 quand la r\u00e9duction devient une qualit\u00e9 de gestion"},"content":{"rendered":"<h3><img class=\"alignnone size-large wp-image-248028\" src=\"https:\/\/www.markt-kom.com\/wp-content\/uploads\/2025\/12\/Gemini_Generated_Image_c3sgldc3sgldc3sg-1024x559.jpeg\" sizes=\"(max-width: 768px) 100vw, 768px\" srcset=\"https:\/\/www.markt-kom.com\/wp-content\/uploads\/2025\/12\/Gemini_Generated_Image_c3sgldc3sgldc3sg-1024x559.jpeg 1024w, https:\/\/www.markt-kom.com\/wp-content\/uploads\/2025\/12\/Gemini_Generated_Image_c3sgldc3sgldc3sg-600x327.jpeg 600w, https:\/\/www.markt-kom.com\/wp-content\/uploads\/2025\/12\/Gemini_Generated_Image_c3sgldc3sgldc3sg-768x419.jpeg 768w, https:\/\/www.markt-kom.com\/wp-content\/uploads\/2025\/12\/Gemini_Generated_Image_c3sgldc3sgldc3sg-1536x838.jpeg 1536w, https:\/\/www.markt-kom.com\/wp-content\/uploads\/2025\/12\/Gemini_Generated_Image_c3sgldc3sgldc3sg-2048x1117.jpeg 2048w, https:\/\/www.markt-kom.com\/wp-content\/uploads\/2025\/12\/Gemini_Generated_Image_c3sgldc3sgldc3sg-18x10.jpeg 18w, https:\/\/www.markt-kom.com\/wp-content\/uploads\/2025\/12\/Gemini_Generated_Image_c3sgldc3sgldc3sg-321x175.jpeg 321w, https:\/\/www.markt-kom.com\/wp-content\/uploads\/2025\/12\/Gemini_Generated_Image_c3sgldc3sgldc3sg-642x350.jpeg 642w, https:\/\/www.markt-kom.com\/wp-content\/uploads\/2025\/12\/Gemini_Generated_Image_c3sgldc3sgldc3sg-1000x545.jpeg 1000w, https:\/\/www.markt-kom.com\/wp-content\/uploads\/2025\/12\/Gemini_Generated_Image_c3sgldc3sgldc3sg-scaled.jpeg 1300w\" alt=\"\" width=\"768\" height=\"419\" \/><\/h3>\r\n<h3>Le nouvel art de l'omission<\/h3>\r\n<p>Pendant des ann\u00e9es, la r\u00e8gle \u00e9tait la suivante : la pr\u00e9sence est synonyme de pouvoir. Mais dans un espace de communication qui ne se tait jamais, une pr\u00e9sence permanente n'est plus un avantage, elle devient un risque. Le barom\u00e8tre Edelman Trust 2025 montre que les marques qui dosent leurs messages de mani\u00e8re cibl\u00e9e obtiennent des scores de confiance nettement plus \u00e9lev\u00e9s que celles qui communiquent en permanence. 71 % des personnes interrog\u00e9es trouvent les apparitions trop mises en sc\u00e8ne des marques \u00ab envahissantes \u00bb.<\/p>\r\n<p>Aujourd'hui, la souverainet\u00e9 ne s'exprime plus par le volume sonore, mais par la ma\u00eetrise de son propre ton. Les marques qui savent quand elles doivent s'exprimer \u2013 et quand elles doivent se taire \u2013 gagnent en profondeur.<\/p>\r\n<h3>Des marques suisses qui privil\u00e9gient l'attitude plut\u00f4t que le volume<\/h3>\r\n<p>En Suisse, un nombre \u00e9tonnant d'entreprises traditionnelles y parviennent. Geberit parle de pr\u00e9cision, pas de pathos. Ricola parle d'origine, pas de port\u00e9e. Le groupe B\u00fchler et la NZZ cultivent la constance \u00e0 une \u00e9poque o\u00f9 chaque semaine exige un nouveau ton.<\/p>\r\n<p>D'autres montrent \u00e9galement que la retenue n'est pas un renoncement, mais l'expression d'une force :<\/p>\r\n<p>\u2013 Caran d'Ache incarne l'artisanat et l'intemporalit\u00e9 dans une culture o\u00f9 tout va tr\u00e8s vite.<br \/>\r\nVictorinox reste fid\u00e8le \u00e0 une fonctionnalit\u00e9 simple, ce qui lui vaut d'\u00eatre tr\u00e8s pris\u00e9 dans le monde entier.<br \/>\r\n\u2013 La Prairie parle de qualit\u00e9 et d'origine, pas d'exclusivit\u00e9.<\/p>\r\n<p>Ils d\u00e9montrent tous la m\u00eame chose : la cr\u00e9dibilit\u00e9 ne na\u00eet pas du renforcement, mais de la coh\u00e9rence.<\/p>\r\n<h3>La r\u00e9duction comme atout \u00e9conomique et communicatif<\/h3>\r\n<p>Une analyse Interbrand (2024) montre que la valeur d'une marque na\u00eet de la rencontre entre clart\u00e9, reconnaissance et mesure. Une \u00e9tude GfK men\u00e9e en Suisse le confirme \u00e9galement : la confiance est le principal motif d'achat, devant le prix, la rapidit\u00e9 et l'innovation.<\/p>\r\n<p>R\u00e9duire d\u00e9lib\u00e9r\u00e9ment sa communication permet d'en augmenter l'efficacit\u00e9. La r\u00e9duction n'est pas une absence, mais une forme de pr\u00e9cision : elle ne laisse passer que ce qui est essentiel. Cela exige une certaine attitude \u2013 et du leadership.<\/p>\r\n<h3>Au fait ...<\/h3>\r\n<p>De nos jours, la confiance na\u00eet rarement de ce que les marques ajoutent, mais souvent de ce qu'elles omettent judicieusement.<\/p>\r\n<hr \/>\r\n<p>&nbsp;<\/p>\r\n<p><img class=\"alignnone wp-image-248030\" src=\"https:\/\/www.markt-kom.com\/wp-content\/uploads\/2025\/12\/uebrigens600-1.jpg\" sizes=\"(max-width: 544px) 100vw, 544px\" srcset=\"https:\/\/www.markt-kom.com\/wp-content\/uploads\/2025\/12\/uebrigens600-1.jpg 600w, https:\/\/www.markt-kom.com\/wp-content\/uploads\/2025\/12\/uebrigens600-1-16x12.jpg 16w, https:\/\/www.markt-kom.com\/wp-content\/uploads\/2025\/12\/uebrigens600-1-233x175.jpg 233w, https:\/\/www.markt-kom.com\/wp-content\/uploads\/2025\/12\/uebrigens600-1-467x350.jpg 467w\" alt=\"\" width=\"544\" height=\"408\" \/><\/p>\r\n<p><em>Laura Colledani et Klaus Ammon ont plus de 40 ans d'exp\u00e9rience dans le domaine des \u00e9tudes de consommation et de marketing. Au fil des ann\u00e9es, ils ont d\u00e9velopp\u00e9 un sens aigu de ce qui motive les gens, m\u00eame au-del\u00e0 des chiffres. Les deux auteurs plaident pour une culture de la communication qui \u00e9coute avant d'\u00e9mettre. Avec la nouvelle approche des outils de gestion du consumer listening, ils souhaitent aider les responsables marketing \u00e0 ne pas seulement interroger les consommateurs de mani\u00e8re traditionnelle, mais \u00e0 entrer avec eux dans un v\u00e9ritable espace relationnel.<\/em><\/p>","protected":false},"excerpt":{"rendered":"<p>Aujourd'hui, la gestion d'une marque ne se d\u00e9cide pas par le nombre de messages, mais par la capacit\u00e9 \u00e0 distinguer l'essentiel du bruit de fond. Plus les environnements de communication deviennent bruyants, plus il est important de faire le tri. La r\u00e9duction n'est pas une faiblesse, mais un acte de souverainet\u00e9 \u2013 et une qualit\u00e9 de leadership qui renforce la confiance.<\/p>","protected":false},"author":8,"featured_media":0,"comment_status":"closed","ping_status":"closed","sticky":false,"template":"","format":"standard","meta":{"_acf_changed":false,"_yoast_wpseo_focuskw":"Markenf\u00fchrung","_yoast_wpseo_metadesc":"Markenf\u00fchrung wird nicht durch mehr Botschaften entschieden, sondern durch die F\u00e4higkeit, Relevantes vom Hintergrundger\u00e4usch zu unterscheiden.","articlekey":"","footnotes":""},"categories":[29],"tags":[5536,2717,5664,4343,5665],"class_list":["post-42716","post","type-post","status-publish","format-standard","hentry","category-marketing","tag-big-picture","tag-branding","tag-management-tools","tag-markom","tag-uebrigens"],"acf":[],"yoast_head":"<!-- This site is optimized with the Yoast SEO plugin v27.4 - https:\/\/yoast.com\/product\/yoast-seo-wordpress\/ -->\n<title>Souver\u00e4ne Markenf\u00fchrung \u2013 wenn Reduktion zur F\u00fchrungsqualit\u00e4t wird - Organisator<\/title>\n<meta name=\"description\" content=\"Markenf\u00fchrung wird nicht durch mehr Botschaften entschieden, sondern durch die F\u00e4higkeit, Relevantes vom Hintergrundger\u00e4usch zu unterscheiden.\" \/>\n<meta name=\"robots\" content=\"index, follow, max-snippet:-1, max-image-preview:large, max-video-preview:-1\" \/>\n<link rel=\"canonical\" href=\"https:\/\/www.organisator.ch\/fr\/marketing\/2025-12-11\/souveraene-markenfuehrung-wenn-reduktion-zur-fuehrungsqualitaet-wird\/\" \/>\n<meta property=\"og:locale\" content=\"fr_FR\" \/>\n<meta property=\"og:type\" content=\"article\" \/>\n<meta property=\"og:title\" content=\"Souver\u00e4ne Markenf\u00fchrung \u2013 wenn Reduktion zur F\u00fchrungsqualit\u00e4t wird - Organisator\" \/>\n<meta property=\"og:description\" content=\"Markenf\u00fchrung wird nicht durch mehr Botschaften entschieden, sondern durch die F\u00e4higkeit, Relevantes vom Hintergrundger\u00e4usch zu unterscheiden.\" \/>\n<meta property=\"og:url\" content=\"https:\/\/www.organisator.ch\/fr\/marketing\/2025-12-11\/souveraene-markenfuehrung-wenn-reduktion-zur-fuehrungsqualitaet-wird\/\" \/>\n<meta property=\"og:site_name\" content=\"Organisator\" \/>\n<meta property=\"article:publisher\" content=\"https:\/\/www.facebook.com\/OrganisatorFachmagazin\" \/>\n<meta property=\"article:published_time\" content=\"2025-12-11T13:30:26+00:00\" \/>\n<meta property=\"article:modified_time\" content=\"2025-12-12T07:22:43+00:00\" \/>\n<meta name=\"author\" content=\"galledia\" \/>\n<meta name=\"twitter:card\" content=\"summary_large_image\" \/>\n<meta name=\"twitter:creator\" content=\"@admin\" \/>\n<script type=\"application\/ld+json\" class=\"yoast-schema-graph\">{\"@context\":\"https:\\\/\\\/schema.org\",\"@graph\":[{\"@type\":\"Article\",\"@id\":\"https:\\\/\\\/www.organisator.ch\\\/marketing\\\/2025-12-11\\\/souveraene-markenfuehrung-wenn-reduktion-zur-fuehrungsqualitaet-wird\\\/#article\",\"isPartOf\":{\"@id\":\"https:\\\/\\\/www.organisator.ch\\\/marketing\\\/2025-12-11\\\/souveraene-markenfuehrung-wenn-reduktion-zur-fuehrungsqualitaet-wird\\\/\"},\"author\":{\"name\":\"galledia\",\"@id\":\"https:\\\/\\\/www.organisator.ch\\\/#\\\/schema\\\/person\\\/4e51799071cd2dd1232ac003643ef5f0\"},\"headline\":\"Souver\u00e4ne Markenf\u00fchrung \u2013 wenn Reduktion zur F\u00fchrungsqualit\u00e4t wird\",\"datePublished\":\"2025-12-11T13:30:26+00:00\",\"dateModified\":\"2025-12-12T07:22:43+00:00\",\"mainEntityOfPage\":{\"@id\":\"https:\\\/\\\/www.organisator.ch\\\/marketing\\\/2025-12-11\\\/souveraene-markenfuehrung-wenn-reduktion-zur-fuehrungsqualitaet-wird\\\/\"},\"wordCount\":391,\"publisher\":{\"@id\":\"https:\\\/\\\/www.organisator.ch\\\/#organization\"},\"image\":{\"@id\":\"https:\\\/\\\/www.organisator.ch\\\/marketing\\\/2025-12-11\\\/souveraene-markenfuehrung-wenn-reduktion-zur-fuehrungsqualitaet-wird\\\/#primaryimage\"},\"thumbnailUrl\":\"https:\\\/\\\/www.markt-kom.com\\\/wp-content\\\/uploads\\\/2025\\\/12\\\/Gemini_Generated_Image_c3sgldc3sgldc3sg-1024x559.jpeg\",\"keywords\":[\"Big Picture\",\"Branding\",\"Management Tools\",\"MarKom\",\"\u00dcbrigens\"],\"articleSection\":[\"MARKETING\"],\"inLanguage\":\"fr-FR\"},{\"@type\":\"WebPage\",\"@id\":\"https:\\\/\\\/www.organisator.ch\\\/marketing\\\/2025-12-11\\\/souveraene-markenfuehrung-wenn-reduktion-zur-fuehrungsqualitaet-wird\\\/\",\"url\":\"https:\\\/\\\/www.organisator.ch\\\/marketing\\\/2025-12-11\\\/souveraene-markenfuehrung-wenn-reduktion-zur-fuehrungsqualitaet-wird\\\/\",\"name\":\"Souver\u00e4ne Markenf\u00fchrung \u2013 wenn Reduktion zur F\u00fchrungsqualit\u00e4t wird - Organisator\",\"isPartOf\":{\"@id\":\"https:\\\/\\\/www.organisator.ch\\\/#website\"},\"primaryImageOfPage\":{\"@id\":\"https:\\\/\\\/www.organisator.ch\\\/marketing\\\/2025-12-11\\\/souveraene-markenfuehrung-wenn-reduktion-zur-fuehrungsqualitaet-wird\\\/#primaryimage\"},\"image\":{\"@id\":\"https:\\\/\\\/www.organisator.ch\\\/marketing\\\/2025-12-11\\\/souveraene-markenfuehrung-wenn-reduktion-zur-fuehrungsqualitaet-wird\\\/#primaryimage\"},\"thumbnailUrl\":\"https:\\\/\\\/www.markt-kom.com\\\/wp-content\\\/uploads\\\/2025\\\/12\\\/Gemini_Generated_Image_c3sgldc3sgldc3sg-1024x559.jpeg\",\"datePublished\":\"2025-12-11T13:30:26+00:00\",\"dateModified\":\"2025-12-12T07:22:43+00:00\",\"description\":\"Markenf\u00fchrung wird nicht durch mehr Botschaften entschieden, sondern durch die F\u00e4higkeit, Relevantes vom Hintergrundger\u00e4usch zu unterscheiden.\",\"breadcrumb\":{\"@id\":\"https:\\\/\\\/www.organisator.ch\\\/marketing\\\/2025-12-11\\\/souveraene-markenfuehrung-wenn-reduktion-zur-fuehrungsqualitaet-wird\\\/#breadcrumb\"},\"inLanguage\":\"fr-FR\",\"potentialAction\":[{\"@type\":\"ReadAction\",\"target\":[\"https:\\\/\\\/www.organisator.ch\\\/marketing\\\/2025-12-11\\\/souveraene-markenfuehrung-wenn-reduktion-zur-fuehrungsqualitaet-wird\\\/\"]}]},{\"@type\":\"ImageObject\",\"inLanguage\":\"fr-FR\",\"@id\":\"https:\\\/\\\/www.organisator.ch\\\/marketing\\\/2025-12-11\\\/souveraene-markenfuehrung-wenn-reduktion-zur-fuehrungsqualitaet-wird\\\/#primaryimage\",\"url\":\"https:\\\/\\\/www.markt-kom.com\\\/wp-content\\\/uploads\\\/2025\\\/12\\\/Gemini_Generated_Image_c3sgldc3sgldc3sg-1024x559.jpeg\",\"contentUrl\":\"https:\\\/\\\/www.markt-kom.com\\\/wp-content\\\/uploads\\\/2025\\\/12\\\/Gemini_Generated_Image_c3sgldc3sgldc3sg-1024x559.jpeg\"},{\"@type\":\"BreadcrumbList\",\"@id\":\"https:\\\/\\\/www.organisator.ch\\\/marketing\\\/2025-12-11\\\/souveraene-markenfuehrung-wenn-reduktion-zur-fuehrungsqualitaet-wird\\\/#breadcrumb\",\"itemListElement\":[{\"@type\":\"ListItem\",\"position\":1,\"name\":\"Home\",\"item\":\"https:\\\/\\\/www.organisator.ch\\\/\"},{\"@type\":\"ListItem\",\"position\":2,\"name\":\"Souver\u00e4ne Markenf\u00fchrung \u2013 wenn Reduktion zur F\u00fchrungsqualit\u00e4t wird\"}]},{\"@type\":\"WebSite\",\"@id\":\"https:\\\/\\\/www.organisator.ch\\\/#website\",\"url\":\"https:\\\/\\\/www.organisator.ch\\\/\",\"name\":\"Organisator\",\"description\":\"Kompetent. Praxisnah. Der ORGANISATOR bereitet in 10 Ausgaben pro Jahr die wesentlichen Themen f\u00fcr F\u00fchrungskr\u00e4fte von KMU auf.\",\"publisher\":{\"@id\":\"https:\\\/\\\/www.organisator.ch\\\/#organization\"},\"potentialAction\":[{\"@type\":\"SearchAction\",\"target\":{\"@type\":\"EntryPoint\",\"urlTemplate\":\"https:\\\/\\\/www.organisator.ch\\\/?s={search_term_string}\"},\"query-input\":{\"@type\":\"PropertyValueSpecification\",\"valueRequired\":true,\"valueName\":\"search_term_string\"}}],\"inLanguage\":\"fr-FR\"},{\"@type\":\"Organization\",\"@id\":\"https:\\\/\\\/www.organisator.ch\\\/#organization\",\"name\":\"Organisator\",\"url\":\"https:\\\/\\\/www.organisator.ch\\\/\",\"logo\":{\"@type\":\"ImageObject\",\"inLanguage\":\"fr-FR\",\"@id\":\"https:\\\/\\\/www.organisator.ch\\\/#\\\/schema\\\/logo\\\/image\\\/\",\"url\":\"https:\\\/\\\/www.organisator.ch\\\/wp-content\\\/uploads\\\/2022\\\/01\\\/Logo_Organisator_Website.png\",\"contentUrl\":\"https:\\\/\\\/www.organisator.ch\\\/wp-content\\\/uploads\\\/2022\\\/01\\\/Logo_Organisator_Website.png\",\"width\":800,\"height\":77,\"caption\":\"Organisator\"},\"image\":{\"@id\":\"https:\\\/\\\/www.organisator.ch\\\/#\\\/schema\\\/logo\\\/image\\\/\"},\"sameAs\":[\"https:\\\/\\\/www.facebook.com\\\/OrganisatorFachmagazin\",\"https:\\\/\\\/www.linkedin.com\\\/showcase\\\/organisator-das-magazin-fr-kmu\",\"https:\\\/\\\/www.xing.com\\\/news\\\/pages\\\/organisator-ch-695\",\"https:\\\/\\\/www.youtube.com\\\/channel\\\/UCGP2Sq0iWaZwT3BdIAQFYpw\"]},{\"@type\":\"Person\",\"@id\":\"https:\\\/\\\/www.organisator.ch\\\/#\\\/schema\\\/person\\\/4e51799071cd2dd1232ac003643ef5f0\",\"name\":\"galledia\",\"image\":{\"@type\":\"ImageObject\",\"inLanguage\":\"fr-FR\",\"@id\":\"https:\\\/\\\/secure.gravatar.com\\\/avatar\\\/78a7f90c01fc2bfc875782a0d4922b37cde2cf184ce347b91316d23cd7f69a36?s=96&d=mm&r=g\",\"url\":\"https:\\\/\\\/secure.gravatar.com\\\/avatar\\\/78a7f90c01fc2bfc875782a0d4922b37cde2cf184ce347b91316d23cd7f69a36?s=96&d=mm&r=g\",\"contentUrl\":\"https:\\\/\\\/secure.gravatar.com\\\/avatar\\\/78a7f90c01fc2bfc875782a0d4922b37cde2cf184ce347b91316d23cd7f69a36?s=96&d=mm&r=g\",\"caption\":\"galledia\"},\"sameAs\":[\"https:\\\/\\\/x.com\\\/admin\"],\"url\":\"https:\\\/\\\/www.organisator.ch\\\/fr\\\/author\\\/galledia\\\/\"}]}<\/script>\n<!-- \/ Yoast SEO plugin. -->","yoast_head_json":{"title":"Une gestion souveraine de la marque \u2013 quand la r\u00e9duction devient une qualit\u00e9 de gestion - Organisateur","description":"La gestion d'une marque ne se d\u00e9cide pas par un plus grand nombre de messages, mais par la capacit\u00e9 \u00e0 distinguer ce qui est pertinent du bruit de fond.","robots":{"index":"index","follow":"follow","max-snippet":"max-snippet:-1","max-image-preview":"max-image-preview:large","max-video-preview":"max-video-preview:-1"},"canonical":"https:\/\/www.organisator.ch\/fr\/marketing\/2025-12-11\/souveraene-markenfuehrung-wenn-reduktion-zur-fuehrungsqualitaet-wird\/","og_locale":"fr_FR","og_type":"article","og_title":"Souver\u00e4ne Markenf\u00fchrung \u2013 wenn Reduktion zur F\u00fchrungsqualit\u00e4t wird - Organisator","og_description":"Markenf\u00fchrung wird nicht durch mehr Botschaften entschieden, sondern durch die F\u00e4higkeit, Relevantes vom Hintergrundger\u00e4usch zu unterscheiden.","og_url":"https:\/\/www.organisator.ch\/fr\/marketing\/2025-12-11\/souveraene-markenfuehrung-wenn-reduktion-zur-fuehrungsqualitaet-wird\/","og_site_name":"Organisator","article_publisher":"https:\/\/www.facebook.com\/OrganisatorFachmagazin","article_published_time":"2025-12-11T13:30:26+00:00","article_modified_time":"2025-12-12T07:22:43+00:00","author":"galledia","twitter_card":"summary_large_image","twitter_creator":"@admin","schema":{"@context":"https:\/\/schema.org","@graph":[{"@type":"Article","@id":"https:\/\/www.organisator.ch\/marketing\/2025-12-11\/souveraene-markenfuehrung-wenn-reduktion-zur-fuehrungsqualitaet-wird\/#article","isPartOf":{"@id":"https:\/\/www.organisator.ch\/marketing\/2025-12-11\/souveraene-markenfuehrung-wenn-reduktion-zur-fuehrungsqualitaet-wird\/"},"author":{"name":"galledia","@id":"https:\/\/www.organisator.ch\/#\/schema\/person\/4e51799071cd2dd1232ac003643ef5f0"},"headline":"Souver\u00e4ne Markenf\u00fchrung \u2013 wenn Reduktion zur F\u00fchrungsqualit\u00e4t wird","datePublished":"2025-12-11T13:30:26+00:00","dateModified":"2025-12-12T07:22:43+00:00","mainEntityOfPage":{"@id":"https:\/\/www.organisator.ch\/marketing\/2025-12-11\/souveraene-markenfuehrung-wenn-reduktion-zur-fuehrungsqualitaet-wird\/"},"wordCount":391,"publisher":{"@id":"https:\/\/www.organisator.ch\/#organization"},"image":{"@id":"https:\/\/www.organisator.ch\/marketing\/2025-12-11\/souveraene-markenfuehrung-wenn-reduktion-zur-fuehrungsqualitaet-wird\/#primaryimage"},"thumbnailUrl":"https:\/\/www.markt-kom.com\/wp-content\/uploads\/2025\/12\/Gemini_Generated_Image_c3sgldc3sgldc3sg-1024x559.jpeg","keywords":["Big Picture","Branding","Management Tools","MarKom","\u00dcbrigens"],"articleSection":["MARKETING"],"inLanguage":"fr-FR"},{"@type":"WebPage","@id":"https:\/\/www.organisator.ch\/marketing\/2025-12-11\/souveraene-markenfuehrung-wenn-reduktion-zur-fuehrungsqualitaet-wird\/","url":"https:\/\/www.organisator.ch\/marketing\/2025-12-11\/souveraene-markenfuehrung-wenn-reduktion-zur-fuehrungsqualitaet-wird\/","name":"Une gestion souveraine de la marque \u2013 quand la r\u00e9duction devient une qualit\u00e9 de gestion - Organisateur","isPartOf":{"@id":"https:\/\/www.organisator.ch\/#website"},"primaryImageOfPage":{"@id":"https:\/\/www.organisator.ch\/marketing\/2025-12-11\/souveraene-markenfuehrung-wenn-reduktion-zur-fuehrungsqualitaet-wird\/#primaryimage"},"image":{"@id":"https:\/\/www.organisator.ch\/marketing\/2025-12-11\/souveraene-markenfuehrung-wenn-reduktion-zur-fuehrungsqualitaet-wird\/#primaryimage"},"thumbnailUrl":"https:\/\/www.markt-kom.com\/wp-content\/uploads\/2025\/12\/Gemini_Generated_Image_c3sgldc3sgldc3sg-1024x559.jpeg","datePublished":"2025-12-11T13:30:26+00:00","dateModified":"2025-12-12T07:22:43+00:00","description":"La gestion d'une marque ne se d\u00e9cide pas par un plus grand nombre de messages, mais par la capacit\u00e9 \u00e0 distinguer ce qui est pertinent du bruit de fond.","breadcrumb":{"@id":"https:\/\/www.organisator.ch\/marketing\/2025-12-11\/souveraene-markenfuehrung-wenn-reduktion-zur-fuehrungsqualitaet-wird\/#breadcrumb"},"inLanguage":"fr-FR","potentialAction":[{"@type":"ReadAction","target":["https:\/\/www.organisator.ch\/marketing\/2025-12-11\/souveraene-markenfuehrung-wenn-reduktion-zur-fuehrungsqualitaet-wird\/"]}]},{"@type":"ImageObject","inLanguage":"fr-FR","@id":"https:\/\/www.organisator.ch\/marketing\/2025-12-11\/souveraene-markenfuehrung-wenn-reduktion-zur-fuehrungsqualitaet-wird\/#primaryimage","url":"https:\/\/www.markt-kom.com\/wp-content\/uploads\/2025\/12\/Gemini_Generated_Image_c3sgldc3sgldc3sg-1024x559.jpeg","contentUrl":"https:\/\/www.markt-kom.com\/wp-content\/uploads\/2025\/12\/Gemini_Generated_Image_c3sgldc3sgldc3sg-1024x559.jpeg"},{"@type":"BreadcrumbList","@id":"https:\/\/www.organisator.ch\/marketing\/2025-12-11\/souveraene-markenfuehrung-wenn-reduktion-zur-fuehrungsqualitaet-wird\/#breadcrumb","itemListElement":[{"@type":"ListItem","position":1,"name":"Home","item":"https:\/\/www.organisator.ch\/"},{"@type":"ListItem","position":2,"name":"Souver\u00e4ne Markenf\u00fchrung \u2013 wenn Reduktion zur F\u00fchrungsqualit\u00e4t wird"}]},{"@type":"WebSite","@id":"https:\/\/www.organisator.ch\/#website","url":"https:\/\/www.organisator.ch\/","name":"Organisateur","description":"Comp\u00e9tence et comp\u00e9tence. Proches de la pratique. L'ORGANISATEUR pr\u00e9pare 10 num\u00e9ros par an sur les th\u00e8mes essentiels pour les dirigeants de PME.","publisher":{"@id":"https:\/\/www.organisator.ch\/#organization"},"potentialAction":[{"@type":"SearchAction","target":{"@type":"EntryPoint","urlTemplate":"https:\/\/www.organisator.ch\/?s={search_term_string}"},"query-input":{"@type":"PropertyValueSpecification","valueRequired":true,"valueName":"search_term_string"}}],"inLanguage":"fr-FR"},{"@type":"Organization","@id":"https:\/\/www.organisator.ch\/#organization","name":"Organisateur","url":"https:\/\/www.organisator.ch\/","logo":{"@type":"ImageObject","inLanguage":"fr-FR","@id":"https:\/\/www.organisator.ch\/#\/schema\/logo\/image\/","url":"https:\/\/www.organisator.ch\/wp-content\/uploads\/2022\/01\/Logo_Organisator_Website.png","contentUrl":"https:\/\/www.organisator.ch\/wp-content\/uploads\/2022\/01\/Logo_Organisator_Website.png","width":800,"height":77,"caption":"Organisator"},"image":{"@id":"https:\/\/www.organisator.ch\/#\/schema\/logo\/image\/"},"sameAs":["https:\/\/www.facebook.com\/OrganisatorFachmagazin","https:\/\/www.linkedin.com\/showcase\/organisator-das-magazin-fr-kmu","https:\/\/www.xing.com\/news\/pages\/organisator-ch-695","https:\/\/www.youtube.com\/channel\/UCGP2Sq0iWaZwT3BdIAQFYpw"]},{"@type":"Person","@id":"https:\/\/www.organisator.ch\/#\/schema\/person\/4e51799071cd2dd1232ac003643ef5f0","name":"galledia","image":{"@type":"ImageObject","inLanguage":"fr-FR","@id":"https:\/\/secure.gravatar.com\/avatar\/78a7f90c01fc2bfc875782a0d4922b37cde2cf184ce347b91316d23cd7f69a36?s=96&d=mm&r=g","url":"https:\/\/secure.gravatar.com\/avatar\/78a7f90c01fc2bfc875782a0d4922b37cde2cf184ce347b91316d23cd7f69a36?s=96&d=mm&r=g","contentUrl":"https:\/\/secure.gravatar.com\/avatar\/78a7f90c01fc2bfc875782a0d4922b37cde2cf184ce347b91316d23cd7f69a36?s=96&d=mm&r=g","caption":"galledia"},"sameAs":["https:\/\/x.com\/admin"],"url":"https:\/\/www.organisator.ch\/fr\/author\/galledia\/"}]}},"_links":{"self":[{"href":"https:\/\/www.organisator.ch\/fr\/wp-json\/wp\/v2\/posts\/42716","targetHints":{"allow":["GET"]}}],"collection":[{"href":"https:\/\/www.organisator.ch\/fr\/wp-json\/wp\/v2\/posts"}],"about":[{"href":"https:\/\/www.organisator.ch\/fr\/wp-json\/wp\/v2\/types\/post"}],"author":[{"embeddable":true,"href":"https:\/\/www.organisator.ch\/fr\/wp-json\/wp\/v2\/users\/8"}],"replies":[{"embeddable":true,"href":"https:\/\/www.organisator.ch\/fr\/wp-json\/wp\/v2\/comments?post=42716"}],"version-history":[{"count":5,"href":"https:\/\/www.organisator.ch\/fr\/wp-json\/wp\/v2\/posts\/42716\/revisions"}],"predecessor-version":[{"id":42732,"href":"https:\/\/www.organisator.ch\/fr\/wp-json\/wp\/v2\/posts\/42716\/revisions\/42732"}],"wp:attachment":[{"href":"https:\/\/www.organisator.ch\/fr\/wp-json\/wp\/v2\/media?parent=42716"}],"wp:term":[{"taxonomy":"category","embeddable":true,"href":"https:\/\/www.organisator.ch\/fr\/wp-json\/wp\/v2\/categories?post=42716"},{"taxonomy":"post_tag","embeddable":true,"href":"https:\/\/www.organisator.ch\/fr\/wp-json\/wp\/v2\/tags?post=42716"}],"curies":[{"name":"wp","href":"https:\/\/api.w.org\/{rel}","templated":true}]}}