{"id":42734,"date":"2025-12-12T10:52:02","date_gmt":"2025-12-12T09:52:02","guid":{"rendered":"https:\/\/www.markt-kom.com\/?p=248058"},"modified":"2025-12-12T13:44:25","modified_gmt":"2025-12-12T12:44:25","slug":"nzz-festigt-position-bei-apgsga-beteiligung-soll-auf-45-prozent-steigen","status":"publish","type":"post","link":"https:\/\/www.organisator.ch\/fr\/marketing\/2025-12-12\/nzz-festigt-position-bei-apgsga-beteiligung-soll-auf-45-prozent-steigen\/","title":{"rendered":"La NZZ renforce sa position chez APG|SGA : sa participation devrait passer \u00e0 45 %."},"content":{"rendered":"<p data-path-to-node=\"4\"><img class=\"alignnone size-full wp-image-248069\" src=\"https:\/\/www.markt-kom.com\/wp-content\/uploads\/2025\/12\/Bildschirmfoto-2025-12-12-um-10.50.36.png\" sizes=\"(max-width: 907px) 100vw, 907px\" srcset=\"https:\/\/www.markt-kom.com\/wp-content\/uploads\/2025\/12\/Bildschirmfoto-2025-12-12-um-10.50.36.png 907w, https:\/\/www.markt-kom.com\/wp-content\/uploads\/2025\/12\/Bildschirmfoto-2025-12-12-um-10.50.36-600x247.png 600w, https:\/\/www.markt-kom.com\/wp-content\/uploads\/2025\/12\/Bildschirmfoto-2025-12-12-um-10.50.36-768x316.png 768w, https:\/\/www.markt-kom.com\/wp-content\/uploads\/2025\/12\/Bildschirmfoto-2025-12-12-um-10.50.36-18x7.png 18w, https:\/\/www.markt-kom.com\/wp-content\/uploads\/2025\/12\/Bildschirmfoto-2025-12-12-um-10.50.36-375x154.png 375w, https:\/\/www.markt-kom.com\/wp-content\/uploads\/2025\/12\/Bildschirmfoto-2025-12-12-um-10.50.36-760x313.png 760w\" alt=\"\" width=\"907\" height=\"373\" \/><\/p>\r\n<p data-path-to-node=\"4\">La NZZ souhaite augmenter sa participation dans APG|SGA de 25 \u00e0 45 %. Comme annonc\u00e9, le groupe de m\u00e9dias s'est mis d'accord avec JCDecaux et Pargesa pour racheter 20 % des actions au prix de 220 CHF chacune. Les membres ind\u00e9pendants du conseil d'administration d'APG soutiennent cette d\u00e9cision, qu'ils consid\u00e8rent comme une \u201e solution respectueuse du march\u00e9 \u201c permettant de stabiliser l'actionnariat.<\/p>\r\n<h3 data-path-to-node=\"5\">L'obstacle de l\u00ab\u00bb opting-up \u00bb<\/h3>\r\n<p data-path-to-node=\"6\">La mise en \u0153uvre est soumise \u00e0 la condition que l'assembl\u00e9e g\u00e9n\u00e9rale approuve une clause \u201e opting-up \u201c. Celle-ci dispenserait la NZZ de l'obligation de soumettre une offre publique d'achat jusqu'\u00e0 un seuil de 49 %. La d\u00e9cision sera prise lors d'une assembl\u00e9e g\u00e9n\u00e9rale extraordinaire le 23 janvier 2026, le dernier mot revenant uniquement aux actionnaires publics (\u00ab majorit\u00e9 de la minorit\u00e9 \u00bb).<\/p>","protected":false},"excerpt":{"rendered":"<p>Le groupe NZZ consolide sa position sur le march\u00e9 suisse de la publicit\u00e9 ext\u00e9rieure et rach\u00e8te les actions des principaux actionnaires JCDecaux et Pargesa. L'accord est soumis \u00e0 certaines conditions et annonce un changement \u00e0 la t\u00eate de l'entreprise : Felix Graf, PDG de NZZ, devrait prendre la pr\u00e9sidence.<\/p>","protected":false},"author":8,"featured_media":0,"comment_status":"closed","ping_status":"closed","sticky":false,"template":"","format":"standard","meta":{"_acf_changed":false,"_yoast_wpseo_focuskw":"NZZ","_yoast_wpseo_metadesc":"Die NZZ-Gruppe festigt ihre Position im Schweizer Aussenwerbemarkt und \u00fcbernimmt Aktienpakete der Grossaktion\u00e4re JCDecaux und Pargesa.","articlekey":"","footnotes":""},"categories":[29],"tags":[5730,4343,492],"class_list":["post-42734","post","type-post","status-publish","format-standard","hentry","category-marketing","tag-beteiligungen","tag-markom","tag-unternehmen"],"acf":[],"yoast_head":"<!-- This site is optimized with the Yoast SEO plugin v27.5 - https:\/\/yoast.com\/product\/yoast-seo-wordpress\/ -->\n<title>NZZ festigt Position bei APG|SGA: Beteiligung soll auf 45 Prozent steigen - Organisator<\/title>\n<meta name=\"description\" content=\"Die NZZ-Gruppe festigt ihre Position im Schweizer Aussenwerbemarkt und \u00fcbernimmt Aktienpakete der Grossaktion\u00e4re JCDecaux und Pargesa.\" \/>\n<meta name=\"robots\" content=\"index, follow, max-snippet:-1, max-image-preview:large, max-video-preview:-1\" \/>\n<link rel=\"canonical\" href=\"https:\/\/www.organisator.ch\/fr\/marketing\/2025-12-12\/nzz-festigt-position-bei-apgsga-beteiligung-soll-auf-45-prozent-steigen\/\" \/>\n<meta property=\"og:locale\" content=\"fr_FR\" \/>\n<meta property=\"og:type\" content=\"article\" \/>\n<meta property=\"og:title\" content=\"NZZ festigt Position bei APG|SGA: Beteiligung soll auf 45 Prozent steigen - Organisator\" \/>\n<meta property=\"og:description\" content=\"Die NZZ-Gruppe festigt ihre Position im Schweizer Aussenwerbemarkt und \u00fcbernimmt Aktienpakete der Grossaktion\u00e4re JCDecaux und Pargesa.\" \/>\n<meta property=\"og:url\" content=\"https:\/\/www.organisator.ch\/fr\/marketing\/2025-12-12\/nzz-festigt-position-bei-apgsga-beteiligung-soll-auf-45-prozent-steigen\/\" \/>\n<meta property=\"og:site_name\" content=\"Organisator\" \/>\n<meta property=\"article:publisher\" content=\"https:\/\/www.facebook.com\/OrganisatorFachmagazin\" \/>\n<meta property=\"article:published_time\" content=\"2025-12-12T09:52:02+00:00\" \/>\n<meta property=\"article:modified_time\" content=\"2025-12-12T12:44:25+00:00\" \/>\n<meta name=\"author\" content=\"galledia\" \/>\n<meta name=\"twitter:card\" content=\"summary_large_image\" \/>\n<meta name=\"twitter:creator\" content=\"@admin\" \/>\n<script type=\"application\/ld+json\" class=\"yoast-schema-graph\">{\"@context\":\"https:\\\/\\\/schema.org\",\"@graph\":[{\"@type\":\"Article\",\"@id\":\"https:\\\/\\\/www.organisator.ch\\\/marketing\\\/2025-12-12\\\/nzz-festigt-position-bei-apgsga-beteiligung-soll-auf-45-prozent-steigen\\\/#article\",\"isPartOf\":{\"@id\":\"https:\\\/\\\/www.organisator.ch\\\/marketing\\\/2025-12-12\\\/nzz-festigt-position-bei-apgsga-beteiligung-soll-auf-45-prozent-steigen\\\/\"},\"author\":{\"name\":\"galledia\",\"@id\":\"https:\\\/\\\/www.organisator.ch\\\/#\\\/schema\\\/person\\\/4e51799071cd2dd1232ac003643ef5f0\"},\"headline\":\"NZZ festigt Position bei APG|SGA: Beteiligung soll auf 45 Prozent steigen\",\"datePublished\":\"2025-12-12T09:52:02+00:00\",\"dateModified\":\"2025-12-12T12:44:25+00:00\",\"mainEntityOfPage\":{\"@id\":\"https:\\\/\\\/www.organisator.ch\\\/marketing\\\/2025-12-12\\\/nzz-festigt-position-bei-apgsga-beteiligung-soll-auf-45-prozent-steigen\\\/\"},\"wordCount\":128,\"publisher\":{\"@id\":\"https:\\\/\\\/www.organisator.ch\\\/#organization\"},\"image\":{\"@id\":\"https:\\\/\\\/www.organisator.ch\\\/marketing\\\/2025-12-12\\\/nzz-festigt-position-bei-apgsga-beteiligung-soll-auf-45-prozent-steigen\\\/#primaryimage\"},\"thumbnailUrl\":\"https:\\\/\\\/www.markt-kom.com\\\/wp-content\\\/uploads\\\/2025\\\/12\\\/Bildschirmfoto-2025-12-12-um-10.50.36.png\",\"keywords\":[\"Beteiligungen\",\"MarKom\",\"Unternehmen\"],\"articleSection\":[\"MARKETING\"],\"inLanguage\":\"fr-FR\"},{\"@type\":\"WebPage\",\"@id\":\"https:\\\/\\\/www.organisator.ch\\\/marketing\\\/2025-12-12\\\/nzz-festigt-position-bei-apgsga-beteiligung-soll-auf-45-prozent-steigen\\\/\",\"url\":\"https:\\\/\\\/www.organisator.ch\\\/marketing\\\/2025-12-12\\\/nzz-festigt-position-bei-apgsga-beteiligung-soll-auf-45-prozent-steigen\\\/\",\"name\":\"NZZ festigt Position bei APG|SGA: Beteiligung soll auf 45 Prozent steigen - Organisator\",\"isPartOf\":{\"@id\":\"https:\\\/\\\/www.organisator.ch\\\/#website\"},\"primaryImageOfPage\":{\"@id\":\"https:\\\/\\\/www.organisator.ch\\\/marketing\\\/2025-12-12\\\/nzz-festigt-position-bei-apgsga-beteiligung-soll-auf-45-prozent-steigen\\\/#primaryimage\"},\"image\":{\"@id\":\"https:\\\/\\\/www.organisator.ch\\\/marketing\\\/2025-12-12\\\/nzz-festigt-position-bei-apgsga-beteiligung-soll-auf-45-prozent-steigen\\\/#primaryimage\"},\"thumbnailUrl\":\"https:\\\/\\\/www.markt-kom.com\\\/wp-content\\\/uploads\\\/2025\\\/12\\\/Bildschirmfoto-2025-12-12-um-10.50.36.png\",\"datePublished\":\"2025-12-12T09:52:02+00:00\",\"dateModified\":\"2025-12-12T12:44:25+00:00\",\"description\":\"Die NZZ-Gruppe festigt ihre Position im Schweizer Aussenwerbemarkt und \u00fcbernimmt Aktienpakete der Grossaktion\u00e4re JCDecaux und Pargesa.\",\"breadcrumb\":{\"@id\":\"https:\\\/\\\/www.organisator.ch\\\/marketing\\\/2025-12-12\\\/nzz-festigt-position-bei-apgsga-beteiligung-soll-auf-45-prozent-steigen\\\/#breadcrumb\"},\"inLanguage\":\"fr-FR\",\"potentialAction\":[{\"@type\":\"ReadAction\",\"target\":[\"https:\\\/\\\/www.organisator.ch\\\/marketing\\\/2025-12-12\\\/nzz-festigt-position-bei-apgsga-beteiligung-soll-auf-45-prozent-steigen\\\/\"]}]},{\"@type\":\"ImageObject\",\"inLanguage\":\"fr-FR\",\"@id\":\"https:\\\/\\\/www.organisator.ch\\\/marketing\\\/2025-12-12\\\/nzz-festigt-position-bei-apgsga-beteiligung-soll-auf-45-prozent-steigen\\\/#primaryimage\",\"url\":\"https:\\\/\\\/www.markt-kom.com\\\/wp-content\\\/uploads\\\/2025\\\/12\\\/Bildschirmfoto-2025-12-12-um-10.50.36.png\",\"contentUrl\":\"https:\\\/\\\/www.markt-kom.com\\\/wp-content\\\/uploads\\\/2025\\\/12\\\/Bildschirmfoto-2025-12-12-um-10.50.36.png\"},{\"@type\":\"BreadcrumbList\",\"@id\":\"https:\\\/\\\/www.organisator.ch\\\/marketing\\\/2025-12-12\\\/nzz-festigt-position-bei-apgsga-beteiligung-soll-auf-45-prozent-steigen\\\/#breadcrumb\",\"itemListElement\":[{\"@type\":\"ListItem\",\"position\":1,\"name\":\"Home\",\"item\":\"https:\\\/\\\/www.organisator.ch\\\/\"},{\"@type\":\"ListItem\",\"position\":2,\"name\":\"NZZ festigt Position bei APG|SGA: Beteiligung soll auf 45 Prozent steigen\"}]},{\"@type\":\"WebSite\",\"@id\":\"https:\\\/\\\/www.organisator.ch\\\/#website\",\"url\":\"https:\\\/\\\/www.organisator.ch\\\/\",\"name\":\"Organisator\",\"description\":\"Kompetent. Praxisnah. Der ORGANISATOR bereitet in 10 Ausgaben pro Jahr die wesentlichen Themen f\u00fcr F\u00fchrungskr\u00e4fte von KMU auf.\",\"publisher\":{\"@id\":\"https:\\\/\\\/www.organisator.ch\\\/#organization\"},\"potentialAction\":[{\"@type\":\"SearchAction\",\"target\":{\"@type\":\"EntryPoint\",\"urlTemplate\":\"https:\\\/\\\/www.organisator.ch\\\/?s={search_term_string}\"},\"query-input\":{\"@type\":\"PropertyValueSpecification\",\"valueRequired\":true,\"valueName\":\"search_term_string\"}}],\"inLanguage\":\"fr-FR\"},{\"@type\":\"Organization\",\"@id\":\"https:\\\/\\\/www.organisator.ch\\\/#organization\",\"name\":\"Organisator\",\"url\":\"https:\\\/\\\/www.organisator.ch\\\/\",\"logo\":{\"@type\":\"ImageObject\",\"inLanguage\":\"fr-FR\",\"@id\":\"https:\\\/\\\/www.organisator.ch\\\/#\\\/schema\\\/logo\\\/image\\\/\",\"url\":\"https:\\\/\\\/www.organisator.ch\\\/wp-content\\\/uploads\\\/2022\\\/01\\\/Logo_Organisator_Website.png\",\"contentUrl\":\"https:\\\/\\\/www.organisator.ch\\\/wp-content\\\/uploads\\\/2022\\\/01\\\/Logo_Organisator_Website.png\",\"width\":800,\"height\":77,\"caption\":\"Organisator\"},\"image\":{\"@id\":\"https:\\\/\\\/www.organisator.ch\\\/#\\\/schema\\\/logo\\\/image\\\/\"},\"sameAs\":[\"https:\\\/\\\/www.facebook.com\\\/OrganisatorFachmagazin\",\"https:\\\/\\\/www.linkedin.com\\\/showcase\\\/organisator-das-magazin-fr-kmu\",\"https:\\\/\\\/www.xing.com\\\/news\\\/pages\\\/organisator-ch-695\",\"https:\\\/\\\/www.youtube.com\\\/channel\\\/UCGP2Sq0iWaZwT3BdIAQFYpw\"]},{\"@type\":\"Person\",\"@id\":\"https:\\\/\\\/www.organisator.ch\\\/#\\\/schema\\\/person\\\/4e51799071cd2dd1232ac003643ef5f0\",\"name\":\"galledia\",\"image\":{\"@type\":\"ImageObject\",\"inLanguage\":\"fr-FR\",\"@id\":\"https:\\\/\\\/secure.gravatar.com\\\/avatar\\\/78a7f90c01fc2bfc875782a0d4922b37cde2cf184ce347b91316d23cd7f69a36?s=96&d=mm&r=g\",\"url\":\"https:\\\/\\\/secure.gravatar.com\\\/avatar\\\/78a7f90c01fc2bfc875782a0d4922b37cde2cf184ce347b91316d23cd7f69a36?s=96&d=mm&r=g\",\"contentUrl\":\"https:\\\/\\\/secure.gravatar.com\\\/avatar\\\/78a7f90c01fc2bfc875782a0d4922b37cde2cf184ce347b91316d23cd7f69a36?s=96&d=mm&r=g\",\"caption\":\"galledia\"},\"sameAs\":[\"https:\\\/\\\/x.com\\\/admin\"],\"url\":\"https:\\\/\\\/www.organisator.ch\\\/fr\\\/author\\\/galledia\\\/\"}]}<\/script>\n<!-- \/ Yoast SEO plugin. -->","yoast_head_json":{"title":"La NZZ renforce sa position chez APG|SGA : sa participation devrait passer \u00e0 45 % - Organisateur","description":"Le groupe NZZ consolide sa position sur le march\u00e9 suisse de la publicit\u00e9 ext\u00e9rieure et rach\u00e8te les participations des principaux actionnaires JCDecaux et Pargesa.","robots":{"index":"index","follow":"follow","max-snippet":"max-snippet:-1","max-image-preview":"max-image-preview:large","max-video-preview":"max-video-preview:-1"},"canonical":"https:\/\/www.organisator.ch\/fr\/marketing\/2025-12-12\/nzz-festigt-position-bei-apgsga-beteiligung-soll-auf-45-prozent-steigen\/","og_locale":"fr_FR","og_type":"article","og_title":"NZZ festigt Position bei APG|SGA: Beteiligung soll auf 45 Prozent steigen - Organisator","og_description":"Die NZZ-Gruppe festigt ihre Position im Schweizer Aussenwerbemarkt und \u00fcbernimmt Aktienpakete der Grossaktion\u00e4re JCDecaux und Pargesa.","og_url":"https:\/\/www.organisator.ch\/fr\/marketing\/2025-12-12\/nzz-festigt-position-bei-apgsga-beteiligung-soll-auf-45-prozent-steigen\/","og_site_name":"Organisator","article_publisher":"https:\/\/www.facebook.com\/OrganisatorFachmagazin","article_published_time":"2025-12-12T09:52:02+00:00","article_modified_time":"2025-12-12T12:44:25+00:00","author":"galledia","twitter_card":"summary_large_image","twitter_creator":"@admin","schema":{"@context":"https:\/\/schema.org","@graph":[{"@type":"Article","@id":"https:\/\/www.organisator.ch\/marketing\/2025-12-12\/nzz-festigt-position-bei-apgsga-beteiligung-soll-auf-45-prozent-steigen\/#article","isPartOf":{"@id":"https:\/\/www.organisator.ch\/marketing\/2025-12-12\/nzz-festigt-position-bei-apgsga-beteiligung-soll-auf-45-prozent-steigen\/"},"author":{"name":"galledia","@id":"https:\/\/www.organisator.ch\/#\/schema\/person\/4e51799071cd2dd1232ac003643ef5f0"},"headline":"NZZ festigt Position bei APG|SGA: Beteiligung soll auf 45 Prozent steigen","datePublished":"2025-12-12T09:52:02+00:00","dateModified":"2025-12-12T12:44:25+00:00","mainEntityOfPage":{"@id":"https:\/\/www.organisator.ch\/marketing\/2025-12-12\/nzz-festigt-position-bei-apgsga-beteiligung-soll-auf-45-prozent-steigen\/"},"wordCount":128,"publisher":{"@id":"https:\/\/www.organisator.ch\/#organization"},"image":{"@id":"https:\/\/www.organisator.ch\/marketing\/2025-12-12\/nzz-festigt-position-bei-apgsga-beteiligung-soll-auf-45-prozent-steigen\/#primaryimage"},"thumbnailUrl":"https:\/\/www.markt-kom.com\/wp-content\/uploads\/2025\/12\/Bildschirmfoto-2025-12-12-um-10.50.36.png","keywords":["Beteiligungen","MarKom","Unternehmen"],"articleSection":["MARKETING"],"inLanguage":"fr-FR"},{"@type":"WebPage","@id":"https:\/\/www.organisator.ch\/marketing\/2025-12-12\/nzz-festigt-position-bei-apgsga-beteiligung-soll-auf-45-prozent-steigen\/","url":"https:\/\/www.organisator.ch\/marketing\/2025-12-12\/nzz-festigt-position-bei-apgsga-beteiligung-soll-auf-45-prozent-steigen\/","name":"La NZZ renforce sa position chez APG|SGA : sa participation devrait passer \u00e0 45 % - Organisateur","isPartOf":{"@id":"https:\/\/www.organisator.ch\/#website"},"primaryImageOfPage":{"@id":"https:\/\/www.organisator.ch\/marketing\/2025-12-12\/nzz-festigt-position-bei-apgsga-beteiligung-soll-auf-45-prozent-steigen\/#primaryimage"},"image":{"@id":"https:\/\/www.organisator.ch\/marketing\/2025-12-12\/nzz-festigt-position-bei-apgsga-beteiligung-soll-auf-45-prozent-steigen\/#primaryimage"},"thumbnailUrl":"https:\/\/www.markt-kom.com\/wp-content\/uploads\/2025\/12\/Bildschirmfoto-2025-12-12-um-10.50.36.png","datePublished":"2025-12-12T09:52:02+00:00","dateModified":"2025-12-12T12:44:25+00:00","description":"Le groupe NZZ consolide sa position sur le march\u00e9 suisse de la publicit\u00e9 ext\u00e9rieure et rach\u00e8te les participations des principaux actionnaires JCDecaux et Pargesa.","breadcrumb":{"@id":"https:\/\/www.organisator.ch\/marketing\/2025-12-12\/nzz-festigt-position-bei-apgsga-beteiligung-soll-auf-45-prozent-steigen\/#breadcrumb"},"inLanguage":"fr-FR","potentialAction":[{"@type":"ReadAction","target":["https:\/\/www.organisator.ch\/marketing\/2025-12-12\/nzz-festigt-position-bei-apgsga-beteiligung-soll-auf-45-prozent-steigen\/"]}]},{"@type":"ImageObject","inLanguage":"fr-FR","@id":"https:\/\/www.organisator.ch\/marketing\/2025-12-12\/nzz-festigt-position-bei-apgsga-beteiligung-soll-auf-45-prozent-steigen\/#primaryimage","url":"https:\/\/www.markt-kom.com\/wp-content\/uploads\/2025\/12\/Bildschirmfoto-2025-12-12-um-10.50.36.png","contentUrl":"https:\/\/www.markt-kom.com\/wp-content\/uploads\/2025\/12\/Bildschirmfoto-2025-12-12-um-10.50.36.png"},{"@type":"BreadcrumbList","@id":"https:\/\/www.organisator.ch\/marketing\/2025-12-12\/nzz-festigt-position-bei-apgsga-beteiligung-soll-auf-45-prozent-steigen\/#breadcrumb","itemListElement":[{"@type":"ListItem","position":1,"name":"Home","item":"https:\/\/www.organisator.ch\/"},{"@type":"ListItem","position":2,"name":"NZZ festigt Position bei APG|SGA: Beteiligung soll auf 45 Prozent steigen"}]},{"@type":"WebSite","@id":"https:\/\/www.organisator.ch\/#website","url":"https:\/\/www.organisator.ch\/","name":"Organisateur","description":"Comp\u00e9tence et comp\u00e9tence. Proches de la pratique. L'ORGANISATEUR pr\u00e9pare 10 num\u00e9ros par an sur les th\u00e8mes essentiels pour les dirigeants de PME.","publisher":{"@id":"https:\/\/www.organisator.ch\/#organization"},"potentialAction":[{"@type":"SearchAction","target":{"@type":"EntryPoint","urlTemplate":"https:\/\/www.organisator.ch\/?s={search_term_string}"},"query-input":{"@type":"PropertyValueSpecification","valueRequired":true,"valueName":"search_term_string"}}],"inLanguage":"fr-FR"},{"@type":"Organization","@id":"https:\/\/www.organisator.ch\/#organization","name":"Organisateur","url":"https:\/\/www.organisator.ch\/","logo":{"@type":"ImageObject","inLanguage":"fr-FR","@id":"https:\/\/www.organisator.ch\/#\/schema\/logo\/image\/","url":"https:\/\/www.organisator.ch\/wp-content\/uploads\/2022\/01\/Logo_Organisator_Website.png","contentUrl":"https:\/\/www.organisator.ch\/wp-content\/uploads\/2022\/01\/Logo_Organisator_Website.png","width":800,"height":77,"caption":"Organisator"},"image":{"@id":"https:\/\/www.organisator.ch\/#\/schema\/logo\/image\/"},"sameAs":["https:\/\/www.facebook.com\/OrganisatorFachmagazin","https:\/\/www.linkedin.com\/showcase\/organisator-das-magazin-fr-kmu","https:\/\/www.xing.com\/news\/pages\/organisator-ch-695","https:\/\/www.youtube.com\/channel\/UCGP2Sq0iWaZwT3BdIAQFYpw"]},{"@type":"Person","@id":"https:\/\/www.organisator.ch\/#\/schema\/person\/4e51799071cd2dd1232ac003643ef5f0","name":"galledia","image":{"@type":"ImageObject","inLanguage":"fr-FR","@id":"https:\/\/secure.gravatar.com\/avatar\/78a7f90c01fc2bfc875782a0d4922b37cde2cf184ce347b91316d23cd7f69a36?s=96&d=mm&r=g","url":"https:\/\/secure.gravatar.com\/avatar\/78a7f90c01fc2bfc875782a0d4922b37cde2cf184ce347b91316d23cd7f69a36?s=96&d=mm&r=g","contentUrl":"https:\/\/secure.gravatar.com\/avatar\/78a7f90c01fc2bfc875782a0d4922b37cde2cf184ce347b91316d23cd7f69a36?s=96&d=mm&r=g","caption":"galledia"},"sameAs":["https:\/\/x.com\/admin"],"url":"https:\/\/www.organisator.ch\/fr\/author\/galledia\/"}]}},"_links":{"self":[{"href":"https:\/\/www.organisator.ch\/fr\/wp-json\/wp\/v2\/posts\/42734","targetHints":{"allow":["GET"]}}],"collection":[{"href":"https:\/\/www.organisator.ch\/fr\/wp-json\/wp\/v2\/posts"}],"about":[{"href":"https:\/\/www.organisator.ch\/fr\/wp-json\/wp\/v2\/types\/post"}],"author":[{"embeddable":true,"href":"https:\/\/www.organisator.ch\/fr\/wp-json\/wp\/v2\/users\/8"}],"replies":[{"embeddable":true,"href":"https:\/\/www.organisator.ch\/fr\/wp-json\/wp\/v2\/comments?post=42734"}],"version-history":[{"count":5,"href":"https:\/\/www.organisator.ch\/fr\/wp-json\/wp\/v2\/posts\/42734\/revisions"}],"predecessor-version":[{"id":42750,"href":"https:\/\/www.organisator.ch\/fr\/wp-json\/wp\/v2\/posts\/42734\/revisions\/42750"}],"wp:attachment":[{"href":"https:\/\/www.organisator.ch\/fr\/wp-json\/wp\/v2\/media?parent=42734"}],"wp:term":[{"taxonomy":"category","embeddable":true,"href":"https:\/\/www.organisator.ch\/fr\/wp-json\/wp\/v2\/categories?post=42734"},{"taxonomy":"post_tag","embeddable":true,"href":"https:\/\/www.organisator.ch\/fr\/wp-json\/wp\/v2\/tags?post=42734"}],"curies":[{"name":"wp","href":"https:\/\/api.w.org\/{rel}","templated":true}]}}