{"id":42770,"date":"2025-12-15T08:28:52","date_gmt":"2025-12-15T07:28:52","guid":{"rendered":"https:\/\/www.m-q.ch\/?p=22276"},"modified":"2025-12-15T15:53:25","modified_gmt":"2025-12-15T14:53:25","slug":"brandschutzplanung-trifft-engineering-tagung-am-10-maerz-2026","status":"publish","type":"post","link":"https:\/\/www.organisator.ch\/fr\/operational-excellence\/2025-12-15\/brandschutzplanung-trifft-engineering-tagung-am-10-maerz-2026\/","title":{"rendered":"La planification de la protection incendie rencontre l'ing\u00e9nierie : conf\u00e9rence le 10 mars 2026"},"content":{"rendered":"<figure id=\"attachment_22277\" class=\"wp-caption alignnone\" style=\"width: 680px;\" aria-describedby=\"caption-attachment-22277\"><img class=\"size-full wp-image-22277\" src=\"https:\/\/www.m-q.ch\/wp-content\/uploads\/2025\/12\/Brandschutzplanung-trifft-Engineering-Tagung-am-10.-Maerz-2026_MQ.jpg\" sizes=\"(max-width: 680px) 100vw, 680px\" srcset=\"https:\/\/www.m-q.ch\/wp-content\/uploads\/2025\/12\/Brandschutzplanung-trifft-Engineering-Tagung-am-10.-Maerz-2026_MQ.jpg 680w, https:\/\/www.m-q.ch\/wp-content\/uploads\/2025\/12\/Brandschutzplanung-trifft-Engineering-Tagung-am-10.-Maerz-2026_MQ-18x10.jpg 18w, https:\/\/www.m-q.ch\/wp-content\/uploads\/2025\/12\/Brandschutzplanung-trifft-Engineering-Tagung-am-10.-Maerz-2026_MQ-375x211.jpg 375w, https:\/\/www.m-q.ch\/wp-content\/uploads\/2025\/12\/Brandschutzplanung-trifft-Engineering-Tagung-am-10.-Maerz-2026_MQ-621x350.jpg 621w\" alt=\"\" width=\"680\" height=\"383\" \/>\r\n<figcaption id=\"caption-attachment-22277\" class=\"wp-caption-text\">Divers intervenants s'exprimeront le 10 mars 2026 sur les changements apport\u00e9s aux prescriptions en mati\u00e8re de protection incendie. (Photo : zVg \/ SAVE)<\/figcaption>\r\n<\/figure>\r\n<p>L'accent est mis sur des questions d'actualit\u00e9 telles que : comment les \u00e9valuations de rentabilit\u00e9 bas\u00e9es sur les risques contribuent-elles \u00e0 \u00e9viter le surajustement dans la protection contre les incendies ? Quelles sont les attentes de l'intervention en mati\u00e8re de planification et d'ing\u00e9nierie pour une utilisation plus efficace ? Comment les autorit\u00e9s charg\u00e9es de la protection contre les incendies utilisent-elles l'approche bas\u00e9e sur les performances, par exemple dans la gestion de la fum\u00e9e et de la chaleur ?<\/p>\r\n<p>Les simulations d'incendies naturels, qui ouvrent de nouvelles perspectives dans le dimensionnement des structures porteuses, par exemple pour les immeubles de grande hauteur \u00e0 ossature m\u00e9tallique ou mixte non prot\u00e9g\u00e9e, constituent un autre point fort. Les principales nouveaut\u00e9s de la BSV 2026 seront \u00e9galement pr\u00e9sent\u00e9es : retours d'exp\u00e9rience issus de la consultation, contenu du nouveau Model Code et approches organisationnelles des autorit\u00e9s pour les v\u00e9rifications exigeantes. Des exemples concrets illustrent la mani\u00e8re dont le code mod\u00e8le est appliqu\u00e9 dans la pratique.<\/p>\r\n<p>La distinction entre \u00e9vacuation et d\u00e9s\u00e9vacuation ainsi que l'utilisation de l'intelligence artificielle dans le traitement des r\u00e9glementations et des justificatifs constituent \u00e9galement des th\u00e8mes centraux. L'IA rend les r\u00e9glementations complexes plus compr\u00e9hensibles et ouvre de nouvelles perspectives pour les professionnels.<\/p>\r\n<p>La conf\u00e9rence fournit des impulsions concises, des informations approfondies et des perspectives claires pour l'avenir de la protection contre les incendies.<\/p>\r\n<p><a href=\"https:\/\/save.ch\/event\/brandschutzplanung-trifft-engineering-2026\/\"><em>Plus d'informations<\/em><\/a><\/p>\n<p class=\"syndicated-attribution\">Cet article est paru initialement sur m-q.ch - <a href=\"https:\/\/www.m-q.ch\/de\/brandschutzplanung-trifft-engineering-tagung-am-10-maerz-2026\/\" target=\"_blank\">https:\/\/www.m-q.ch\/de\/brandschutzplanung-trifft-engineering-tagung-am-10-maerz-2026\/<\/a><\/p>","protected":false},"excerpt":{"rendered":"<p>Les prochaines prescriptions de protection incendie (BSV 2026) apportent des changements importants. Les nouvelles bases juridiques, les \u00e9volutions techniques et la pression croissante sur les co\u00fbts exigent des solutions intelligentes qui concilient s\u00e9curit\u00e9, utilisation et innovation. La conf\u00e9rence \u00ab Brandschutzplanung trifft Engineering \u00bb (La planification de la protection incendie rencontre l'ing\u00e9nierie) du 10 mars 2026 donne un aper\u00e7u concis de la situation et montre de mani\u00e8re pratique o\u00f9 va la protection incendie.<\/p>","protected":false},"author":8,"featured_media":0,"comment_status":"closed","ping_status":"closed","sticky":false,"template":"","format":"standard","meta":{"_acf_changed":false,"_yoast_wpseo_focuskw":"Brandschutzplanung","_yoast_wpseo_metadesc":"Mit den kommenden Brandschutzvorschriften (BSV 2026) stehen wichtige Ver\u00e4nderungen bevor, auch bei der Brandschutzplanung.","articlekey":"","footnotes":""},"categories":[582],"tags":[871,193,418],"class_list":["post-42770","post","type-post","status-publish","format-standard","hentry","category-operational-excellence","tag-brandschutz","tag-fachkongressfachmesse","tag-risikomanagement"],"acf":[],"yoast_head":"<!-- This site is optimized with the Yoast SEO plugin v27.5 - https:\/\/yoast.com\/product\/yoast-seo-wordpress\/ -->\n<title>Brandschutzplanung trifft Engineering: Tagung am 10. M\u00e4rz 2026 - Organisator<\/title>\n<meta name=\"description\" content=\"Mit den kommenden Brandschutzvorschriften (BSV 2026) stehen wichtige Ver\u00e4nderungen bevor, auch bei der Brandschutzplanung.\" \/>\n<meta name=\"robots\" content=\"index, follow, max-snippet:-1, max-image-preview:large, max-video-preview:-1\" \/>\n<link rel=\"canonical\" href=\"https:\/\/www.organisator.ch\/fr\/excellence-operationnelle\/2025-12-15\/brandschutzplanung-trifft-engineering-tagung-am-10-maerz-2026\/\" \/>\n<meta property=\"og:locale\" content=\"fr_FR\" \/>\n<meta property=\"og:type\" content=\"article\" \/>\n<meta property=\"og:title\" content=\"Brandschutzplanung trifft Engineering: Tagung am 10. M\u00e4rz 2026 - Organisator\" \/>\n<meta property=\"og:description\" content=\"Mit den kommenden Brandschutzvorschriften (BSV 2026) stehen wichtige Ver\u00e4nderungen bevor, auch bei der Brandschutzplanung.\" \/>\n<meta property=\"og:url\" content=\"https:\/\/www.organisator.ch\/fr\/excellence-operationnelle\/2025-12-15\/brandschutzplanung-trifft-engineering-tagung-am-10-maerz-2026\/\" \/>\n<meta property=\"og:site_name\" content=\"Organisator\" \/>\n<meta property=\"article:publisher\" content=\"https:\/\/www.facebook.com\/OrganisatorFachmagazin\" \/>\n<meta property=\"article:published_time\" content=\"2025-12-15T07:28:52+00:00\" \/>\n<meta property=\"article:modified_time\" content=\"2025-12-15T14:53:25+00:00\" \/>\n<meta name=\"author\" content=\"galledia\" \/>\n<meta name=\"twitter:card\" content=\"summary_large_image\" \/>\n<meta name=\"twitter:creator\" content=\"@admin\" \/>\n<script type=\"application\/ld+json\" class=\"yoast-schema-graph\">{\"@context\":\"https:\\\/\\\/schema.org\",\"@graph\":[{\"@type\":\"Article\",\"@id\":\"https:\\\/\\\/www.organisator.ch\\\/operational-excellence\\\/2025-12-15\\\/brandschutzplanung-trifft-engineering-tagung-am-10-maerz-2026\\\/#article\",\"isPartOf\":{\"@id\":\"https:\\\/\\\/www.organisator.ch\\\/operational-excellence\\\/2025-12-15\\\/brandschutzplanung-trifft-engineering-tagung-am-10-maerz-2026\\\/\"},\"author\":{\"name\":\"galledia\",\"@id\":\"https:\\\/\\\/www.organisator.ch\\\/#\\\/schema\\\/person\\\/4e51799071cd2dd1232ac003643ef5f0\"},\"headline\":\"Brandschutzplanung trifft Engineering: Tagung am 10. M\u00e4rz 2026\",\"datePublished\":\"2025-12-15T07:28:52+00:00\",\"dateModified\":\"2025-12-15T14:53:25+00:00\",\"mainEntityOfPage\":{\"@id\":\"https:\\\/\\\/www.organisator.ch\\\/operational-excellence\\\/2025-12-15\\\/brandschutzplanung-trifft-engineering-tagung-am-10-maerz-2026\\\/\"},\"wordCount\":190,\"publisher\":{\"@id\":\"https:\\\/\\\/www.organisator.ch\\\/#organization\"},\"image\":{\"@id\":\"https:\\\/\\\/www.organisator.ch\\\/operational-excellence\\\/2025-12-15\\\/brandschutzplanung-trifft-engineering-tagung-am-10-maerz-2026\\\/#primaryimage\"},\"thumbnailUrl\":\"https:\\\/\\\/www.m-q.ch\\\/wp-content\\\/uploads\\\/2025\\\/12\\\/Brandschutzplanung-trifft-Engineering-Tagung-am-10.-Maerz-2026_MQ.jpg\",\"keywords\":[\"Brandschutz\",\"Fachkongress\\\/Fachmesse\",\"Risikomanagement\"],\"articleSection\":[\"OPERATIONAL EXCELLENCE\"],\"inLanguage\":\"fr-FR\"},{\"@type\":\"WebPage\",\"@id\":\"https:\\\/\\\/www.organisator.ch\\\/operational-excellence\\\/2025-12-15\\\/brandschutzplanung-trifft-engineering-tagung-am-10-maerz-2026\\\/\",\"url\":\"https:\\\/\\\/www.organisator.ch\\\/operational-excellence\\\/2025-12-15\\\/brandschutzplanung-trifft-engineering-tagung-am-10-maerz-2026\\\/\",\"name\":\"Brandschutzplanung trifft Engineering: Tagung am 10. M\u00e4rz 2026 - Organisator\",\"isPartOf\":{\"@id\":\"https:\\\/\\\/www.organisator.ch\\\/#website\"},\"primaryImageOfPage\":{\"@id\":\"https:\\\/\\\/www.organisator.ch\\\/operational-excellence\\\/2025-12-15\\\/brandschutzplanung-trifft-engineering-tagung-am-10-maerz-2026\\\/#primaryimage\"},\"image\":{\"@id\":\"https:\\\/\\\/www.organisator.ch\\\/operational-excellence\\\/2025-12-15\\\/brandschutzplanung-trifft-engineering-tagung-am-10-maerz-2026\\\/#primaryimage\"},\"thumbnailUrl\":\"https:\\\/\\\/www.m-q.ch\\\/wp-content\\\/uploads\\\/2025\\\/12\\\/Brandschutzplanung-trifft-Engineering-Tagung-am-10.-Maerz-2026_MQ.jpg\",\"datePublished\":\"2025-12-15T07:28:52+00:00\",\"dateModified\":\"2025-12-15T14:53:25+00:00\",\"description\":\"Mit den kommenden Brandschutzvorschriften (BSV 2026) stehen wichtige Ver\u00e4nderungen bevor, auch bei der Brandschutzplanung.\",\"breadcrumb\":{\"@id\":\"https:\\\/\\\/www.organisator.ch\\\/operational-excellence\\\/2025-12-15\\\/brandschutzplanung-trifft-engineering-tagung-am-10-maerz-2026\\\/#breadcrumb\"},\"inLanguage\":\"fr-FR\",\"potentialAction\":[{\"@type\":\"ReadAction\",\"target\":[\"https:\\\/\\\/www.organisator.ch\\\/operational-excellence\\\/2025-12-15\\\/brandschutzplanung-trifft-engineering-tagung-am-10-maerz-2026\\\/\"]}]},{\"@type\":\"ImageObject\",\"inLanguage\":\"fr-FR\",\"@id\":\"https:\\\/\\\/www.organisator.ch\\\/operational-excellence\\\/2025-12-15\\\/brandschutzplanung-trifft-engineering-tagung-am-10-maerz-2026\\\/#primaryimage\",\"url\":\"https:\\\/\\\/www.m-q.ch\\\/wp-content\\\/uploads\\\/2025\\\/12\\\/Brandschutzplanung-trifft-Engineering-Tagung-am-10.-Maerz-2026_MQ.jpg\",\"contentUrl\":\"https:\\\/\\\/www.m-q.ch\\\/wp-content\\\/uploads\\\/2025\\\/12\\\/Brandschutzplanung-trifft-Engineering-Tagung-am-10.-Maerz-2026_MQ.jpg\"},{\"@type\":\"BreadcrumbList\",\"@id\":\"https:\\\/\\\/www.organisator.ch\\\/operational-excellence\\\/2025-12-15\\\/brandschutzplanung-trifft-engineering-tagung-am-10-maerz-2026\\\/#breadcrumb\",\"itemListElement\":[{\"@type\":\"ListItem\",\"position\":1,\"name\":\"Home\",\"item\":\"https:\\\/\\\/www.organisator.ch\\\/\"},{\"@type\":\"ListItem\",\"position\":2,\"name\":\"Brandschutzplanung trifft Engineering: Tagung am 10. M\u00e4rz 2026\"}]},{\"@type\":\"WebSite\",\"@id\":\"https:\\\/\\\/www.organisator.ch\\\/#website\",\"url\":\"https:\\\/\\\/www.organisator.ch\\\/\",\"name\":\"Organisator\",\"description\":\"Kompetent. Praxisnah. Der ORGANISATOR bereitet in 10 Ausgaben pro Jahr die wesentlichen Themen f\u00fcr F\u00fchrungskr\u00e4fte von KMU auf.\",\"publisher\":{\"@id\":\"https:\\\/\\\/www.organisator.ch\\\/#organization\"},\"potentialAction\":[{\"@type\":\"SearchAction\",\"target\":{\"@type\":\"EntryPoint\",\"urlTemplate\":\"https:\\\/\\\/www.organisator.ch\\\/?s={search_term_string}\"},\"query-input\":{\"@type\":\"PropertyValueSpecification\",\"valueRequired\":true,\"valueName\":\"search_term_string\"}}],\"inLanguage\":\"fr-FR\"},{\"@type\":\"Organization\",\"@id\":\"https:\\\/\\\/www.organisator.ch\\\/#organization\",\"name\":\"Organisator\",\"url\":\"https:\\\/\\\/www.organisator.ch\\\/\",\"logo\":{\"@type\":\"ImageObject\",\"inLanguage\":\"fr-FR\",\"@id\":\"https:\\\/\\\/www.organisator.ch\\\/#\\\/schema\\\/logo\\\/image\\\/\",\"url\":\"https:\\\/\\\/www.organisator.ch\\\/wp-content\\\/uploads\\\/2022\\\/01\\\/Logo_Organisator_Website.png\",\"contentUrl\":\"https:\\\/\\\/www.organisator.ch\\\/wp-content\\\/uploads\\\/2022\\\/01\\\/Logo_Organisator_Website.png\",\"width\":800,\"height\":77,\"caption\":\"Organisator\"},\"image\":{\"@id\":\"https:\\\/\\\/www.organisator.ch\\\/#\\\/schema\\\/logo\\\/image\\\/\"},\"sameAs\":[\"https:\\\/\\\/www.facebook.com\\\/OrganisatorFachmagazin\",\"https:\\\/\\\/www.linkedin.com\\\/showcase\\\/organisator-das-magazin-fr-kmu\",\"https:\\\/\\\/www.xing.com\\\/news\\\/pages\\\/organisator-ch-695\",\"https:\\\/\\\/www.youtube.com\\\/channel\\\/UCGP2Sq0iWaZwT3BdIAQFYpw\"]},{\"@type\":\"Person\",\"@id\":\"https:\\\/\\\/www.organisator.ch\\\/#\\\/schema\\\/person\\\/4e51799071cd2dd1232ac003643ef5f0\",\"name\":\"galledia\",\"image\":{\"@type\":\"ImageObject\",\"inLanguage\":\"fr-FR\",\"@id\":\"https:\\\/\\\/secure.gravatar.com\\\/avatar\\\/78a7f90c01fc2bfc875782a0d4922b37cde2cf184ce347b91316d23cd7f69a36?s=96&d=mm&r=g\",\"url\":\"https:\\\/\\\/secure.gravatar.com\\\/avatar\\\/78a7f90c01fc2bfc875782a0d4922b37cde2cf184ce347b91316d23cd7f69a36?s=96&d=mm&r=g\",\"contentUrl\":\"https:\\\/\\\/secure.gravatar.com\\\/avatar\\\/78a7f90c01fc2bfc875782a0d4922b37cde2cf184ce347b91316d23cd7f69a36?s=96&d=mm&r=g\",\"caption\":\"galledia\"},\"sameAs\":[\"https:\\\/\\\/x.com\\\/admin\"],\"url\":\"https:\\\/\\\/www.organisator.ch\\\/fr\\\/author\\\/galledia\\\/\"}]}<\/script>\n<!-- \/ Yoast SEO plugin. -->","yoast_head_json":{"title":"La planification de la protection incendie rencontre l'ing\u00e9nierie : conf\u00e9rence le 10 mars 2026 - Organisateur","description":"Les prochaines prescriptions de protection incendie (BSV 2026) apportent des changements importants, notamment en mati\u00e8re de planification de la protection incendie.","robots":{"index":"index","follow":"follow","max-snippet":"max-snippet:-1","max-image-preview":"max-image-preview:large","max-video-preview":"max-video-preview:-1"},"canonical":"https:\/\/www.organisator.ch\/fr\/excellence-operationnelle\/2025-12-15\/brandschutzplanung-trifft-engineering-tagung-am-10-maerz-2026\/","og_locale":"fr_FR","og_type":"article","og_title":"Brandschutzplanung trifft Engineering: Tagung am 10. M\u00e4rz 2026 - Organisator","og_description":"Mit den kommenden Brandschutzvorschriften (BSV 2026) stehen wichtige Ver\u00e4nderungen bevor, auch bei der Brandschutzplanung.","og_url":"https:\/\/www.organisator.ch\/fr\/excellence-operationnelle\/2025-12-15\/brandschutzplanung-trifft-engineering-tagung-am-10-maerz-2026\/","og_site_name":"Organisator","article_publisher":"https:\/\/www.facebook.com\/OrganisatorFachmagazin","article_published_time":"2025-12-15T07:28:52+00:00","article_modified_time":"2025-12-15T14:53:25+00:00","author":"galledia","twitter_card":"summary_large_image","twitter_creator":"@admin","schema":{"@context":"https:\/\/schema.org","@graph":[{"@type":"Article","@id":"https:\/\/www.organisator.ch\/operational-excellence\/2025-12-15\/brandschutzplanung-trifft-engineering-tagung-am-10-maerz-2026\/#article","isPartOf":{"@id":"https:\/\/www.organisator.ch\/operational-excellence\/2025-12-15\/brandschutzplanung-trifft-engineering-tagung-am-10-maerz-2026\/"},"author":{"name":"galledia","@id":"https:\/\/www.organisator.ch\/#\/schema\/person\/4e51799071cd2dd1232ac003643ef5f0"},"headline":"Brandschutzplanung trifft Engineering: Tagung am 10. M\u00e4rz 2026","datePublished":"2025-12-15T07:28:52+00:00","dateModified":"2025-12-15T14:53:25+00:00","mainEntityOfPage":{"@id":"https:\/\/www.organisator.ch\/operational-excellence\/2025-12-15\/brandschutzplanung-trifft-engineering-tagung-am-10-maerz-2026\/"},"wordCount":190,"publisher":{"@id":"https:\/\/www.organisator.ch\/#organization"},"image":{"@id":"https:\/\/www.organisator.ch\/operational-excellence\/2025-12-15\/brandschutzplanung-trifft-engineering-tagung-am-10-maerz-2026\/#primaryimage"},"thumbnailUrl":"https:\/\/www.m-q.ch\/wp-content\/uploads\/2025\/12\/Brandschutzplanung-trifft-Engineering-Tagung-am-10.-Maerz-2026_MQ.jpg","keywords":["Brandschutz","Fachkongress\/Fachmesse","Risikomanagement"],"articleSection":["OPERATIONAL EXCELLENCE"],"inLanguage":"fr-FR"},{"@type":"WebPage","@id":"https:\/\/www.organisator.ch\/operational-excellence\/2025-12-15\/brandschutzplanung-trifft-engineering-tagung-am-10-maerz-2026\/","url":"https:\/\/www.organisator.ch\/operational-excellence\/2025-12-15\/brandschutzplanung-trifft-engineering-tagung-am-10-maerz-2026\/","name":"La planification de la protection incendie rencontre l'ing\u00e9nierie : conf\u00e9rence le 10 mars 2026 - Organisateur","isPartOf":{"@id":"https:\/\/www.organisator.ch\/#website"},"primaryImageOfPage":{"@id":"https:\/\/www.organisator.ch\/operational-excellence\/2025-12-15\/brandschutzplanung-trifft-engineering-tagung-am-10-maerz-2026\/#primaryimage"},"image":{"@id":"https:\/\/www.organisator.ch\/operational-excellence\/2025-12-15\/brandschutzplanung-trifft-engineering-tagung-am-10-maerz-2026\/#primaryimage"},"thumbnailUrl":"https:\/\/www.m-q.ch\/wp-content\/uploads\/2025\/12\/Brandschutzplanung-trifft-Engineering-Tagung-am-10.-Maerz-2026_MQ.jpg","datePublished":"2025-12-15T07:28:52+00:00","dateModified":"2025-12-15T14:53:25+00:00","description":"Les prochaines prescriptions de protection incendie (BSV 2026) apportent des changements importants, notamment en mati\u00e8re de planification de la protection incendie.","breadcrumb":{"@id":"https:\/\/www.organisator.ch\/operational-excellence\/2025-12-15\/brandschutzplanung-trifft-engineering-tagung-am-10-maerz-2026\/#breadcrumb"},"inLanguage":"fr-FR","potentialAction":[{"@type":"ReadAction","target":["https:\/\/www.organisator.ch\/operational-excellence\/2025-12-15\/brandschutzplanung-trifft-engineering-tagung-am-10-maerz-2026\/"]}]},{"@type":"ImageObject","inLanguage":"fr-FR","@id":"https:\/\/www.organisator.ch\/operational-excellence\/2025-12-15\/brandschutzplanung-trifft-engineering-tagung-am-10-maerz-2026\/#primaryimage","url":"https:\/\/www.m-q.ch\/wp-content\/uploads\/2025\/12\/Brandschutzplanung-trifft-Engineering-Tagung-am-10.-Maerz-2026_MQ.jpg","contentUrl":"https:\/\/www.m-q.ch\/wp-content\/uploads\/2025\/12\/Brandschutzplanung-trifft-Engineering-Tagung-am-10.-Maerz-2026_MQ.jpg"},{"@type":"BreadcrumbList","@id":"https:\/\/www.organisator.ch\/operational-excellence\/2025-12-15\/brandschutzplanung-trifft-engineering-tagung-am-10-maerz-2026\/#breadcrumb","itemListElement":[{"@type":"ListItem","position":1,"name":"Home","item":"https:\/\/www.organisator.ch\/"},{"@type":"ListItem","position":2,"name":"Brandschutzplanung trifft Engineering: Tagung am 10. M\u00e4rz 2026"}]},{"@type":"WebSite","@id":"https:\/\/www.organisator.ch\/#website","url":"https:\/\/www.organisator.ch\/","name":"Organisateur","description":"Comp\u00e9tence et comp\u00e9tence. Proches de la pratique. L'ORGANISATEUR pr\u00e9pare 10 num\u00e9ros par an sur les th\u00e8mes essentiels pour les dirigeants de PME.","publisher":{"@id":"https:\/\/www.organisator.ch\/#organization"},"potentialAction":[{"@type":"SearchAction","target":{"@type":"EntryPoint","urlTemplate":"https:\/\/www.organisator.ch\/?s={search_term_string}"},"query-input":{"@type":"PropertyValueSpecification","valueRequired":true,"valueName":"search_term_string"}}],"inLanguage":"fr-FR"},{"@type":"Organization","@id":"https:\/\/www.organisator.ch\/#organization","name":"Organisateur","url":"https:\/\/www.organisator.ch\/","logo":{"@type":"ImageObject","inLanguage":"fr-FR","@id":"https:\/\/www.organisator.ch\/#\/schema\/logo\/image\/","url":"https:\/\/www.organisator.ch\/wp-content\/uploads\/2022\/01\/Logo_Organisator_Website.png","contentUrl":"https:\/\/www.organisator.ch\/wp-content\/uploads\/2022\/01\/Logo_Organisator_Website.png","width":800,"height":77,"caption":"Organisator"},"image":{"@id":"https:\/\/www.organisator.ch\/#\/schema\/logo\/image\/"},"sameAs":["https:\/\/www.facebook.com\/OrganisatorFachmagazin","https:\/\/www.linkedin.com\/showcase\/organisator-das-magazin-fr-kmu","https:\/\/www.xing.com\/news\/pages\/organisator-ch-695","https:\/\/www.youtube.com\/channel\/UCGP2Sq0iWaZwT3BdIAQFYpw"]},{"@type":"Person","@id":"https:\/\/www.organisator.ch\/#\/schema\/person\/4e51799071cd2dd1232ac003643ef5f0","name":"galledia","image":{"@type":"ImageObject","inLanguage":"fr-FR","@id":"https:\/\/secure.gravatar.com\/avatar\/78a7f90c01fc2bfc875782a0d4922b37cde2cf184ce347b91316d23cd7f69a36?s=96&d=mm&r=g","url":"https:\/\/secure.gravatar.com\/avatar\/78a7f90c01fc2bfc875782a0d4922b37cde2cf184ce347b91316d23cd7f69a36?s=96&d=mm&r=g","contentUrl":"https:\/\/secure.gravatar.com\/avatar\/78a7f90c01fc2bfc875782a0d4922b37cde2cf184ce347b91316d23cd7f69a36?s=96&d=mm&r=g","caption":"galledia"},"sameAs":["https:\/\/x.com\/admin"],"url":"https:\/\/www.organisator.ch\/fr\/author\/galledia\/"}]}},"_links":{"self":[{"href":"https:\/\/www.organisator.ch\/fr\/wp-json\/wp\/v2\/posts\/42770","targetHints":{"allow":["GET"]}}],"collection":[{"href":"https:\/\/www.organisator.ch\/fr\/wp-json\/wp\/v2\/posts"}],"about":[{"href":"https:\/\/www.organisator.ch\/fr\/wp-json\/wp\/v2\/types\/post"}],"author":[{"embeddable":true,"href":"https:\/\/www.organisator.ch\/fr\/wp-json\/wp\/v2\/users\/8"}],"replies":[{"embeddable":true,"href":"https:\/\/www.organisator.ch\/fr\/wp-json\/wp\/v2\/comments?post=42770"}],"version-history":[{"count":8,"href":"https:\/\/www.organisator.ch\/fr\/wp-json\/wp\/v2\/posts\/42770\/revisions"}],"predecessor-version":[{"id":42784,"href":"https:\/\/www.organisator.ch\/fr\/wp-json\/wp\/v2\/posts\/42770\/revisions\/42784"}],"wp:attachment":[{"href":"https:\/\/www.organisator.ch\/fr\/wp-json\/wp\/v2\/media?parent=42770"}],"wp:term":[{"taxonomy":"category","embeddable":true,"href":"https:\/\/www.organisator.ch\/fr\/wp-json\/wp\/v2\/categories?post=42770"},{"taxonomy":"post_tag","embeddable":true,"href":"https:\/\/www.organisator.ch\/fr\/wp-json\/wp\/v2\/tags?post=42770"}],"curies":[{"name":"wp","href":"https:\/\/api.w.org\/{rel}","templated":true}]}}