{"id":42804,"date":"2025-12-17T00:47:19","date_gmt":"2025-12-16T23:47:19","guid":{"rendered":"https:\/\/www.m-q.ch\/?p=22279"},"modified":"2025-12-16T15:22:57","modified_gmt":"2025-12-16T14:22:57","slug":"preis-leistung-und-regionalitaet-entscheiden-ueber-die-energieversorger-von-morgen","status":"publish","type":"post","link":"https:\/\/www.organisator.ch\/fr\/sustainability\/2025-12-17\/preis-leistung-und-regionalitaet-entscheiden-ueber-die-energieversorger-von-morgen\/","title":{"rendered":"Le rapport qualit\u00e9-prix et la r\u00e9gionalit\u00e9 d\u00e9terminent les fournisseurs d'\u00e9nergie de demain"},"content":{"rendered":"<figure id=\"attachment_22280\" class=\"wp-caption alignnone\" style=\"width: 680px;\" aria-describedby=\"caption-attachment-22280\"><img class=\"size-full wp-image-22280\" src=\"https:\/\/www.m-q.ch\/wp-content\/uploads\/2025\/12\/Preis-Leistung-und-Regionalitaet-entscheiden-ueber-die-Energieversorger-von-morgen_MQ.jpg\" sizes=\"(max-width: 680px) 100vw, 680px\" srcset=\"https:\/\/www.m-q.ch\/wp-content\/uploads\/2025\/12\/Preis-Leistung-und-Regionalitaet-entscheiden-ueber-die-Energieversorger-von-morgen_MQ.jpg 680w, https:\/\/www.m-q.ch\/wp-content\/uploads\/2025\/12\/Preis-Leistung-und-Regionalitaet-entscheiden-ueber-die-Energieversorger-von-morgen_MQ-15x12.jpg 15w, https:\/\/www.m-q.ch\/wp-content\/uploads\/2025\/12\/Preis-Leistung-und-Regionalitaet-entscheiden-ueber-die-Energieversorger-von-morgen_MQ-375x294.jpg 375w, https:\/\/www.m-q.ch\/wp-content\/uploads\/2025\/12\/Preis-Leistung-und-Regionalitaet-entscheiden-ueber-die-Energieversorger-von-morgen_MQ-446x350.jpg 446w\" alt=\"\" width=\"680\" height=\"534\" \/>\r\n<figcaption id=\"caption-attachment-22280\" class=\"wp-caption-text\">Comment \u00e9volue le march\u00e9 suisse de l'\u00e9lectricit\u00e9 ? L'atlas des fournisseurs d'\u00e9lectricit\u00e9 de YouGov pr\u00e9sente le point de vue des consommateurs. (Image : Unsplash.com)<\/figcaption>\r\n<\/figure>\r\n<p>Le nouvel atlas du march\u00e9 des entreprises d'approvisionnement en \u00e9nergie de <a href=\"https:\/\/email.cisionone.cision.com\/c\/eJw8y81u4yAUxfGngR0WXPO5YJGNXyO6wCVGY48TcDLTPn2Vqur2_zunRPBZS05ROWu8VQCGr1FV4xJoqxAgA_oEIVVd0QJYWWTlLdqgJTmDpTqZrkrl6qWS0ivPtByt0J_2EDu2jfoQxgTvSrHOiMf9f4HpDXyL63neB5svDBYGy8fxvB2vKR87g6WQKMRgeSbqvyZGXv9R--Q7lYai00Y4SLQSv8P1J7D5okIITvMez_XYcUyJ-l_qTMsbbtt7O-WVj7MT7e87JqhVVhDaeCV0UFkgVi9SyLOzrto5z_wV4SsAAP__9CpdvA\">YouGov Suisse<\/a> (anciennement LINK Marketing Services AG), s'appuyant sur plus de 18 000 personnes interrog\u00e9es en 2021, 2023 et 2025, examine la perception qu'a la population des 29 plus grands fournisseurs d'\u00e9nergie en Suisse et les crit\u00e8res qui seraient d\u00e9terminants dans le choix d'un fournisseur.\u00a0<\/p>\r\n<h3>Visibilit\u00e9 m\u00e9diatique chez les grands \u2013 ancrage local chez les petits fournisseurs d'\u00e9nergie<\/h3>\r\n<p>Les r\u00e9sultats montrent une stabilit\u00e9 remarquable en termes de notori\u00e9t\u00e9 : les fournisseurs nationaux tels qu'Axpo ou Alpiq restent pr\u00e9sents dans les esprits, m\u00eame s'ils ne fournissent pas de clients priv\u00e9s, tandis que les grands fournisseurs d'\u00e9nergie r\u00e9gionaux (EVU) tels que BKW, EKZ, IWB ou CKW b\u00e9n\u00e9ficient \u00e9galement d'une grande visibilit\u00e9. Les petits fournisseurs restent ancr\u00e9s au niveau local, tandis que la communication cibl\u00e9e de plusieurs EVU a entra\u00een\u00e9 des augmentations notables.<\/p>\r\n<p>La perception de la r\u00e9gionalit\u00e9 reste un facteur \u00e9motionnel important et montre clairement \u00e0 quel point de nombreux Suisses s'identifient \u00e0 leur fournisseur local. Les entreprises d'approvisionnement en \u00e9nergie telles que SAK, Elektra Baselland ou EKS Schaffhausen obtiennent ici des scores particuli\u00e8rement \u00e9lev\u00e9s. La Suisse romande affiche une volatilit\u00e9 nettement plus \u00e9lev\u00e9e, ce qui indique une r\u00e9action plus forte de la population aux d\u00e9bats politiques et li\u00e9s aux prix. La perception du rapport qualit\u00e9-prix \u00e9volue de mani\u00e8re encore plus dynamique, avec une nette am\u00e9lioration entre 2023 et 2025 pour plusieurs entreprises d'approvisionnement en \u00e9nergie, tandis que les fournisseurs nationaux restent clairement \u00e0 la tra\u00eene.\u00a0<\/p>\r\n<h3><strong>Le rapport qualit\u00e9-prix et l'ancrage r\u00e9gional sont les principaux facteurs d'achat.<\/strong>\u00a0<\/h3>\r\n<p>Une conclusion centrale du mod\u00e8le statistique de YouGov Suisse est que, parmi les caract\u00e9ristiques recens\u00e9es, deux facteurs en particulier augmentent la probabilit\u00e9 qu'un fournisseur d'\u00e9nergie soit retenu dans la s\u00e9lection finale : le rapport qualit\u00e9-prix per\u00e7u et l'ancrage r\u00e9gional. Tous deux pr\u00e9sentent un lien clair et statistiquement solide avec la prise en consid\u00e9ration.\u00a0Si un fournisseur est per\u00e7u comme attractif en termes de prix, la probabilit\u00e9 d'\u00eatre pris en consid\u00e9ration augmente consid\u00e9rablement ; s'il est per\u00e7u comme ancr\u00e9 dans la r\u00e9gion, cela renforce encore la confiance et la propension \u00e0 le choisir. Dans le m\u00eame temps, une l\u00e9g\u00e8re tendance n\u00e9gative se dessine au fil des ans : la population devient globalement plus prudente dans son \u00e9valuation des fournisseurs d'\u00e9nergie potentiels, ce qui pourrait s'expliquer par l'incertitude qui r\u00e8gne depuis quelques ann\u00e9es en mati\u00e8re de politique \u00e9nerg\u00e9tique.\u00a0<\/p>\r\n<h3><strong>Insatisfaction plus \u00e9lev\u00e9e en Suisse romande, disposition au changement plus \u00e9lev\u00e9e en Suisse al\u00e9manique<\/strong>\u00a0<\/h3>\r\n<p>La satisfaction \u00e0 l'\u00e9gard des fournisseurs d'\u00e9nergie a sensiblement diminu\u00e9 en 2023, mais s'est l\u00e9g\u00e8rement redress\u00e9e en 2025. La Suisse romande se distingue particuli\u00e8rement, avec un taux d'insatisfaction trois fois plus \u00e9lev\u00e9 qu'en Suisse al\u00e9manique. C'est pourtant dans cette r\u00e9gion que le taux de personnes tr\u00e8s peu enclines \u00e0 changer de fournisseur est le plus \u00e9lev\u00e9. Ce sch\u00e9ma paradoxal est typique des march\u00e9s r\u00e9glement\u00e9s : les attitudes changent m\u00eame en l'absence de libert\u00e9 de choix, mais elles ne se traduisent en comportement que lorsqu'il existe de v\u00e9ritables alternatives. La disposition hypoth\u00e9tique \u00e0 changer de fournisseur augmente consid\u00e9rablement depuis 2021 et s'\u00e9l\u00e8ve \u00e0 environ 17 % en 2025. Ainsi, aujourd'hui, une personne sur six serait certainement pr\u00eate \u00e0 changer si elle le pouvait.\u00a0<\/p>\r\n<p>L'\u00e9tude montre un lien clair entre les facteurs pris en compte (rapport qualit\u00e9-prix et r\u00e9gionalit\u00e9) et la probabilit\u00e9 qu'un fournisseur d'\u00e9lectricit\u00e9 soit retenu dans la s\u00e9lection finale. Dans le m\u00eame temps, les r\u00e9gions se distinguent nettement les unes des autres : alors qu'en Suisse al\u00e9manique, la propension \u00e0 changer de fournisseur est plus \u00e9lev\u00e9e et qu'une gestion active de la fid\u00e9lisation est n\u00e9cessaire, en Suisse romande, l'ouverture du march\u00e9 pourrait entra\u00eener une vague soudaine et importante de changements. Dans l'ensemble, il appara\u00eet que le client de demain sera mieux inform\u00e9, plus exigeant et plus s\u00e9lectif que le client d'hier. Ce ne sont pas les structures historiques qui d\u00e9termineront \u00e0 qui il appartiendra, mais la transparence, l'\u00e9quit\u00e9 des prix et une v\u00e9ritable proximit\u00e9 avec la population.\u00a0<\/p>\r\n<p><a href=\"https:\/\/yougov.de\/economy\/articles\/53733-wem-gehort-der-schweizer-stromkunde-von-morgen\"><em>Plus d'informations<\/em><\/a><\/p>\n<p class=\"syndicated-attribution\">Cet article est paru initialement sur m-q.ch - <a href=\"https:\/\/www.m-q.ch\/de\/preis-leistung-und-regionalitaet-entscheiden-ueber-die-energieversorger-von-morgen\/\" target=\"_blank\">https:\/\/www.m-q.ch\/de\/preis-leistung-und-regionalitaet-entscheiden-ueber-die-energieversorger-von-morgen\/<\/a><\/p>","protected":false},"excerpt":{"rendered":"<p>L'atlas EVU de YouGov Suisse dresse un tableau des perceptions, des m\u00e9canismes du march\u00e9 et des attentes dans le secteur de l'\u00e9nergie. Les hausses de prix, les tensions g\u00e9opolitiques et le d\u00e9bat permanent sur l'ouverture totale du march\u00e9 ont attir\u00e9 l'attention sur ce secteur et modifi\u00e9 les attentes de la population, telle est la conclusion.<\/p>","protected":false},"author":8,"featured_media":0,"comment_status":"closed","ping_status":"closed","sticky":false,"template":"","format":"standard","meta":{"_acf_changed":false,"_yoast_wpseo_focuskw":"Energieversorger","_yoast_wpseo_metadesc":"Der EVU-Atlas von YouGov Schweiz zeigt ein Stimmungsbild zu Wahrnehmungen, Marktmechanismen und Erwartungshaltungen in der Energiebranche.","articlekey":"","footnotes":""},"categories":[580],"tags":[103,173,424,5734,459],"class_list":["post-42804","post","type-post","status-publish","format-standard","hentry","category-sustainability","tag-business-excellence","tag-energiebranche","tag-schweiz","tag-stromversorger","tag-studie"],"acf":[],"yoast_head":"<!-- This site is optimized with the Yoast SEO plugin v27.5 - https:\/\/yoast.com\/product\/yoast-seo-wordpress\/ -->\n<title>Preis-Leistung und Regionalit\u00e4t entscheiden \u00fcber die Energieversorger von morgen - Organisator<\/title>\n<meta name=\"description\" content=\"Der EVU-Atlas von YouGov Schweiz zeigt ein Stimmungsbild zu Wahrnehmungen, Marktmechanismen und Erwartungshaltungen in der Energiebranche.\" \/>\n<meta name=\"robots\" content=\"index, follow, max-snippet:-1, max-image-preview:large, max-video-preview:-1\" \/>\n<link rel=\"canonical\" href=\"https:\/\/www.organisator.ch\/fr\/sustainability\/2025-12-17\/preis-leistung-und-regionalitaet-entscheiden-ueber-die-energieversorger-von-morgen\/\" \/>\n<meta property=\"og:locale\" content=\"fr_FR\" \/>\n<meta property=\"og:type\" content=\"article\" \/>\n<meta property=\"og:title\" content=\"Preis-Leistung und Regionalit\u00e4t entscheiden \u00fcber die Energieversorger von morgen - Organisator\" \/>\n<meta property=\"og:description\" content=\"Der EVU-Atlas von YouGov Schweiz zeigt ein Stimmungsbild zu Wahrnehmungen, Marktmechanismen und Erwartungshaltungen in der Energiebranche.\" \/>\n<meta property=\"og:url\" content=\"https:\/\/www.organisator.ch\/fr\/sustainability\/2025-12-17\/preis-leistung-und-regionalitaet-entscheiden-ueber-die-energieversorger-von-morgen\/\" \/>\n<meta property=\"og:site_name\" content=\"Organisator\" \/>\n<meta property=\"article:publisher\" content=\"https:\/\/www.facebook.com\/OrganisatorFachmagazin\" \/>\n<meta property=\"article:published_time\" content=\"2025-12-16T23:47:19+00:00\" \/>\n<meta name=\"author\" content=\"galledia\" \/>\n<meta name=\"twitter:card\" content=\"summary_large_image\" \/>\n<meta name=\"twitter:creator\" content=\"@admin\" \/>\n<script type=\"application\/ld+json\" class=\"yoast-schema-graph\">{\"@context\":\"https:\\\/\\\/schema.org\",\"@graph\":[{\"@type\":\"Article\",\"@id\":\"https:\\\/\\\/www.organisator.ch\\\/sustainability\\\/2025-12-17\\\/preis-leistung-und-regionalitaet-entscheiden-ueber-die-energieversorger-von-morgen\\\/#article\",\"isPartOf\":{\"@id\":\"https:\\\/\\\/www.organisator.ch\\\/sustainability\\\/2025-12-17\\\/preis-leistung-und-regionalitaet-entscheiden-ueber-die-energieversorger-von-morgen\\\/\"},\"author\":{\"name\":\"galledia\",\"@id\":\"https:\\\/\\\/www.organisator.ch\\\/#\\\/schema\\\/person\\\/4e51799071cd2dd1232ac003643ef5f0\"},\"headline\":\"Preis-Leistung und Regionalit\u00e4t entscheiden \u00fcber die Energieversorger von morgen\",\"datePublished\":\"2025-12-16T23:47:19+00:00\",\"mainEntityOfPage\":{\"@id\":\"https:\\\/\\\/www.organisator.ch\\\/sustainability\\\/2025-12-17\\\/preis-leistung-und-regionalitaet-entscheiden-ueber-die-energieversorger-von-morgen\\\/\"},\"wordCount\":570,\"publisher\":{\"@id\":\"https:\\\/\\\/www.organisator.ch\\\/#organization\"},\"image\":{\"@id\":\"https:\\\/\\\/www.organisator.ch\\\/sustainability\\\/2025-12-17\\\/preis-leistung-und-regionalitaet-entscheiden-ueber-die-energieversorger-von-morgen\\\/#primaryimage\"},\"thumbnailUrl\":\"https:\\\/\\\/www.m-q.ch\\\/wp-content\\\/uploads\\\/2025\\\/12\\\/Preis-Leistung-und-Regionalitaet-entscheiden-ueber-die-Energieversorger-von-morgen_MQ.jpg\",\"keywords\":[\"Business Excellence\",\"Energiebranche\",\"Schweiz\",\"Stromversorger\",\"Studie\"],\"articleSection\":[\"SUSTAINABILITY\"],\"inLanguage\":\"fr-FR\"},{\"@type\":\"WebPage\",\"@id\":\"https:\\\/\\\/www.organisator.ch\\\/sustainability\\\/2025-12-17\\\/preis-leistung-und-regionalitaet-entscheiden-ueber-die-energieversorger-von-morgen\\\/\",\"url\":\"https:\\\/\\\/www.organisator.ch\\\/sustainability\\\/2025-12-17\\\/preis-leistung-und-regionalitaet-entscheiden-ueber-die-energieversorger-von-morgen\\\/\",\"name\":\"Preis-Leistung und Regionalit\u00e4t entscheiden \u00fcber die Energieversorger von morgen - Organisator\",\"isPartOf\":{\"@id\":\"https:\\\/\\\/www.organisator.ch\\\/#website\"},\"primaryImageOfPage\":{\"@id\":\"https:\\\/\\\/www.organisator.ch\\\/sustainability\\\/2025-12-17\\\/preis-leistung-und-regionalitaet-entscheiden-ueber-die-energieversorger-von-morgen\\\/#primaryimage\"},\"image\":{\"@id\":\"https:\\\/\\\/www.organisator.ch\\\/sustainability\\\/2025-12-17\\\/preis-leistung-und-regionalitaet-entscheiden-ueber-die-energieversorger-von-morgen\\\/#primaryimage\"},\"thumbnailUrl\":\"https:\\\/\\\/www.m-q.ch\\\/wp-content\\\/uploads\\\/2025\\\/12\\\/Preis-Leistung-und-Regionalitaet-entscheiden-ueber-die-Energieversorger-von-morgen_MQ.jpg\",\"datePublished\":\"2025-12-16T23:47:19+00:00\",\"description\":\"Der EVU-Atlas von YouGov Schweiz zeigt ein Stimmungsbild zu Wahrnehmungen, Marktmechanismen und Erwartungshaltungen in der Energiebranche.\",\"breadcrumb\":{\"@id\":\"https:\\\/\\\/www.organisator.ch\\\/sustainability\\\/2025-12-17\\\/preis-leistung-und-regionalitaet-entscheiden-ueber-die-energieversorger-von-morgen\\\/#breadcrumb\"},\"inLanguage\":\"fr-FR\",\"potentialAction\":[{\"@type\":\"ReadAction\",\"target\":[\"https:\\\/\\\/www.organisator.ch\\\/sustainability\\\/2025-12-17\\\/preis-leistung-und-regionalitaet-entscheiden-ueber-die-energieversorger-von-morgen\\\/\"]}]},{\"@type\":\"ImageObject\",\"inLanguage\":\"fr-FR\",\"@id\":\"https:\\\/\\\/www.organisator.ch\\\/sustainability\\\/2025-12-17\\\/preis-leistung-und-regionalitaet-entscheiden-ueber-die-energieversorger-von-morgen\\\/#primaryimage\",\"url\":\"https:\\\/\\\/www.m-q.ch\\\/wp-content\\\/uploads\\\/2025\\\/12\\\/Preis-Leistung-und-Regionalitaet-entscheiden-ueber-die-Energieversorger-von-morgen_MQ.jpg\",\"contentUrl\":\"https:\\\/\\\/www.m-q.ch\\\/wp-content\\\/uploads\\\/2025\\\/12\\\/Preis-Leistung-und-Regionalitaet-entscheiden-ueber-die-Energieversorger-von-morgen_MQ.jpg\"},{\"@type\":\"BreadcrumbList\",\"@id\":\"https:\\\/\\\/www.organisator.ch\\\/sustainability\\\/2025-12-17\\\/preis-leistung-und-regionalitaet-entscheiden-ueber-die-energieversorger-von-morgen\\\/#breadcrumb\",\"itemListElement\":[{\"@type\":\"ListItem\",\"position\":1,\"name\":\"Home\",\"item\":\"https:\\\/\\\/www.organisator.ch\\\/\"},{\"@type\":\"ListItem\",\"position\":2,\"name\":\"Preis-Leistung und Regionalit\u00e4t entscheiden \u00fcber die Energieversorger von morgen\"}]},{\"@type\":\"WebSite\",\"@id\":\"https:\\\/\\\/www.organisator.ch\\\/#website\",\"url\":\"https:\\\/\\\/www.organisator.ch\\\/\",\"name\":\"Organisator\",\"description\":\"Kompetent. Praxisnah. Der ORGANISATOR bereitet in 10 Ausgaben pro Jahr die wesentlichen Themen f\u00fcr F\u00fchrungskr\u00e4fte von KMU auf.\",\"publisher\":{\"@id\":\"https:\\\/\\\/www.organisator.ch\\\/#organization\"},\"potentialAction\":[{\"@type\":\"SearchAction\",\"target\":{\"@type\":\"EntryPoint\",\"urlTemplate\":\"https:\\\/\\\/www.organisator.ch\\\/?s={search_term_string}\"},\"query-input\":{\"@type\":\"PropertyValueSpecification\",\"valueRequired\":true,\"valueName\":\"search_term_string\"}}],\"inLanguage\":\"fr-FR\"},{\"@type\":\"Organization\",\"@id\":\"https:\\\/\\\/www.organisator.ch\\\/#organization\",\"name\":\"Organisator\",\"url\":\"https:\\\/\\\/www.organisator.ch\\\/\",\"logo\":{\"@type\":\"ImageObject\",\"inLanguage\":\"fr-FR\",\"@id\":\"https:\\\/\\\/www.organisator.ch\\\/#\\\/schema\\\/logo\\\/image\\\/\",\"url\":\"https:\\\/\\\/www.organisator.ch\\\/wp-content\\\/uploads\\\/2022\\\/01\\\/Logo_Organisator_Website.png\",\"contentUrl\":\"https:\\\/\\\/www.organisator.ch\\\/wp-content\\\/uploads\\\/2022\\\/01\\\/Logo_Organisator_Website.png\",\"width\":800,\"height\":77,\"caption\":\"Organisator\"},\"image\":{\"@id\":\"https:\\\/\\\/www.organisator.ch\\\/#\\\/schema\\\/logo\\\/image\\\/\"},\"sameAs\":[\"https:\\\/\\\/www.facebook.com\\\/OrganisatorFachmagazin\",\"https:\\\/\\\/www.linkedin.com\\\/showcase\\\/organisator-das-magazin-fr-kmu\",\"https:\\\/\\\/www.xing.com\\\/news\\\/pages\\\/organisator-ch-695\",\"https:\\\/\\\/www.youtube.com\\\/channel\\\/UCGP2Sq0iWaZwT3BdIAQFYpw\"]},{\"@type\":\"Person\",\"@id\":\"https:\\\/\\\/www.organisator.ch\\\/#\\\/schema\\\/person\\\/4e51799071cd2dd1232ac003643ef5f0\",\"name\":\"galledia\",\"image\":{\"@type\":\"ImageObject\",\"inLanguage\":\"fr-FR\",\"@id\":\"https:\\\/\\\/secure.gravatar.com\\\/avatar\\\/78a7f90c01fc2bfc875782a0d4922b37cde2cf184ce347b91316d23cd7f69a36?s=96&d=mm&r=g\",\"url\":\"https:\\\/\\\/secure.gravatar.com\\\/avatar\\\/78a7f90c01fc2bfc875782a0d4922b37cde2cf184ce347b91316d23cd7f69a36?s=96&d=mm&r=g\",\"contentUrl\":\"https:\\\/\\\/secure.gravatar.com\\\/avatar\\\/78a7f90c01fc2bfc875782a0d4922b37cde2cf184ce347b91316d23cd7f69a36?s=96&d=mm&r=g\",\"caption\":\"galledia\"},\"sameAs\":[\"https:\\\/\\\/x.com\\\/admin\"],\"url\":\"https:\\\/\\\/www.organisator.ch\\\/fr\\\/author\\\/galledia\\\/\"}]}<\/script>\n<!-- \/ Yoast SEO plugin. -->","yoast_head_json":{"title":"Le rapport qualit\u00e9-prix et la r\u00e9gionalit\u00e9 seront d\u00e9terminants pour les fournisseurs d'\u00e9nergie de demain - Organisateur","description":"L'atlas EVU de YouGov Suisse donne un aper\u00e7u des perceptions, des m\u00e9canismes du march\u00e9 et des attentes dans le secteur de l'\u00e9nergie.","robots":{"index":"index","follow":"follow","max-snippet":"max-snippet:-1","max-image-preview":"max-image-preview:large","max-video-preview":"max-video-preview:-1"},"canonical":"https:\/\/www.organisator.ch\/fr\/sustainability\/2025-12-17\/preis-leistung-und-regionalitaet-entscheiden-ueber-die-energieversorger-von-morgen\/","og_locale":"fr_FR","og_type":"article","og_title":"Preis-Leistung und Regionalit\u00e4t entscheiden \u00fcber die Energieversorger von morgen - Organisator","og_description":"Der EVU-Atlas von YouGov Schweiz zeigt ein Stimmungsbild zu Wahrnehmungen, Marktmechanismen und Erwartungshaltungen in der Energiebranche.","og_url":"https:\/\/www.organisator.ch\/fr\/sustainability\/2025-12-17\/preis-leistung-und-regionalitaet-entscheiden-ueber-die-energieversorger-von-morgen\/","og_site_name":"Organisator","article_publisher":"https:\/\/www.facebook.com\/OrganisatorFachmagazin","article_published_time":"2025-12-16T23:47:19+00:00","author":"galledia","twitter_card":"summary_large_image","twitter_creator":"@admin","schema":{"@context":"https:\/\/schema.org","@graph":[{"@type":"Article","@id":"https:\/\/www.organisator.ch\/sustainability\/2025-12-17\/preis-leistung-und-regionalitaet-entscheiden-ueber-die-energieversorger-von-morgen\/#article","isPartOf":{"@id":"https:\/\/www.organisator.ch\/sustainability\/2025-12-17\/preis-leistung-und-regionalitaet-entscheiden-ueber-die-energieversorger-von-morgen\/"},"author":{"name":"galledia","@id":"https:\/\/www.organisator.ch\/#\/schema\/person\/4e51799071cd2dd1232ac003643ef5f0"},"headline":"Preis-Leistung und Regionalit\u00e4t entscheiden \u00fcber die Energieversorger von morgen","datePublished":"2025-12-16T23:47:19+00:00","mainEntityOfPage":{"@id":"https:\/\/www.organisator.ch\/sustainability\/2025-12-17\/preis-leistung-und-regionalitaet-entscheiden-ueber-die-energieversorger-von-morgen\/"},"wordCount":570,"publisher":{"@id":"https:\/\/www.organisator.ch\/#organization"},"image":{"@id":"https:\/\/www.organisator.ch\/sustainability\/2025-12-17\/preis-leistung-und-regionalitaet-entscheiden-ueber-die-energieversorger-von-morgen\/#primaryimage"},"thumbnailUrl":"https:\/\/www.m-q.ch\/wp-content\/uploads\/2025\/12\/Preis-Leistung-und-Regionalitaet-entscheiden-ueber-die-Energieversorger-von-morgen_MQ.jpg","keywords":["Business Excellence","Energiebranche","Schweiz","Stromversorger","Studie"],"articleSection":["SUSTAINABILITY"],"inLanguage":"fr-FR"},{"@type":"WebPage","@id":"https:\/\/www.organisator.ch\/sustainability\/2025-12-17\/preis-leistung-und-regionalitaet-entscheiden-ueber-die-energieversorger-von-morgen\/","url":"https:\/\/www.organisator.ch\/sustainability\/2025-12-17\/preis-leistung-und-regionalitaet-entscheiden-ueber-die-energieversorger-von-morgen\/","name":"Le rapport qualit\u00e9-prix et la r\u00e9gionalit\u00e9 seront d\u00e9terminants pour les fournisseurs d'\u00e9nergie de demain - Organisateur","isPartOf":{"@id":"https:\/\/www.organisator.ch\/#website"},"primaryImageOfPage":{"@id":"https:\/\/www.organisator.ch\/sustainability\/2025-12-17\/preis-leistung-und-regionalitaet-entscheiden-ueber-die-energieversorger-von-morgen\/#primaryimage"},"image":{"@id":"https:\/\/www.organisator.ch\/sustainability\/2025-12-17\/preis-leistung-und-regionalitaet-entscheiden-ueber-die-energieversorger-von-morgen\/#primaryimage"},"thumbnailUrl":"https:\/\/www.m-q.ch\/wp-content\/uploads\/2025\/12\/Preis-Leistung-und-Regionalitaet-entscheiden-ueber-die-Energieversorger-von-morgen_MQ.jpg","datePublished":"2025-12-16T23:47:19+00:00","description":"L'atlas EVU de YouGov Suisse donne un aper\u00e7u des perceptions, des m\u00e9canismes du march\u00e9 et des attentes dans le secteur de l'\u00e9nergie.","breadcrumb":{"@id":"https:\/\/www.organisator.ch\/sustainability\/2025-12-17\/preis-leistung-und-regionalitaet-entscheiden-ueber-die-energieversorger-von-morgen\/#breadcrumb"},"inLanguage":"fr-FR","potentialAction":[{"@type":"ReadAction","target":["https:\/\/www.organisator.ch\/sustainability\/2025-12-17\/preis-leistung-und-regionalitaet-entscheiden-ueber-die-energieversorger-von-morgen\/"]}]},{"@type":"ImageObject","inLanguage":"fr-FR","@id":"https:\/\/www.organisator.ch\/sustainability\/2025-12-17\/preis-leistung-und-regionalitaet-entscheiden-ueber-die-energieversorger-von-morgen\/#primaryimage","url":"https:\/\/www.m-q.ch\/wp-content\/uploads\/2025\/12\/Preis-Leistung-und-Regionalitaet-entscheiden-ueber-die-Energieversorger-von-morgen_MQ.jpg","contentUrl":"https:\/\/www.m-q.ch\/wp-content\/uploads\/2025\/12\/Preis-Leistung-und-Regionalitaet-entscheiden-ueber-die-Energieversorger-von-morgen_MQ.jpg"},{"@type":"BreadcrumbList","@id":"https:\/\/www.organisator.ch\/sustainability\/2025-12-17\/preis-leistung-und-regionalitaet-entscheiden-ueber-die-energieversorger-von-morgen\/#breadcrumb","itemListElement":[{"@type":"ListItem","position":1,"name":"Home","item":"https:\/\/www.organisator.ch\/"},{"@type":"ListItem","position":2,"name":"Preis-Leistung und Regionalit\u00e4t entscheiden \u00fcber die Energieversorger von morgen"}]},{"@type":"WebSite","@id":"https:\/\/www.organisator.ch\/#website","url":"https:\/\/www.organisator.ch\/","name":"Organisateur","description":"Comp\u00e9tence et comp\u00e9tence. Proches de la pratique. L'ORGANISATEUR pr\u00e9pare 10 num\u00e9ros par an sur les th\u00e8mes essentiels pour les dirigeants de PME.","publisher":{"@id":"https:\/\/www.organisator.ch\/#organization"},"potentialAction":[{"@type":"SearchAction","target":{"@type":"EntryPoint","urlTemplate":"https:\/\/www.organisator.ch\/?s={search_term_string}"},"query-input":{"@type":"PropertyValueSpecification","valueRequired":true,"valueName":"search_term_string"}}],"inLanguage":"fr-FR"},{"@type":"Organization","@id":"https:\/\/www.organisator.ch\/#organization","name":"Organisateur","url":"https:\/\/www.organisator.ch\/","logo":{"@type":"ImageObject","inLanguage":"fr-FR","@id":"https:\/\/www.organisator.ch\/#\/schema\/logo\/image\/","url":"https:\/\/www.organisator.ch\/wp-content\/uploads\/2022\/01\/Logo_Organisator_Website.png","contentUrl":"https:\/\/www.organisator.ch\/wp-content\/uploads\/2022\/01\/Logo_Organisator_Website.png","width":800,"height":77,"caption":"Organisator"},"image":{"@id":"https:\/\/www.organisator.ch\/#\/schema\/logo\/image\/"},"sameAs":["https:\/\/www.facebook.com\/OrganisatorFachmagazin","https:\/\/www.linkedin.com\/showcase\/organisator-das-magazin-fr-kmu","https:\/\/www.xing.com\/news\/pages\/organisator-ch-695","https:\/\/www.youtube.com\/channel\/UCGP2Sq0iWaZwT3BdIAQFYpw"]},{"@type":"Person","@id":"https:\/\/www.organisator.ch\/#\/schema\/person\/4e51799071cd2dd1232ac003643ef5f0","name":"galledia","image":{"@type":"ImageObject","inLanguage":"fr-FR","@id":"https:\/\/secure.gravatar.com\/avatar\/78a7f90c01fc2bfc875782a0d4922b37cde2cf184ce347b91316d23cd7f69a36?s=96&d=mm&r=g","url":"https:\/\/secure.gravatar.com\/avatar\/78a7f90c01fc2bfc875782a0d4922b37cde2cf184ce347b91316d23cd7f69a36?s=96&d=mm&r=g","contentUrl":"https:\/\/secure.gravatar.com\/avatar\/78a7f90c01fc2bfc875782a0d4922b37cde2cf184ce347b91316d23cd7f69a36?s=96&d=mm&r=g","caption":"galledia"},"sameAs":["https:\/\/x.com\/admin"],"url":"https:\/\/www.organisator.ch\/fr\/author\/galledia\/"}]}},"_links":{"self":[{"href":"https:\/\/www.organisator.ch\/fr\/wp-json\/wp\/v2\/posts\/42804","targetHints":{"allow":["GET"]}}],"collection":[{"href":"https:\/\/www.organisator.ch\/fr\/wp-json\/wp\/v2\/posts"}],"about":[{"href":"https:\/\/www.organisator.ch\/fr\/wp-json\/wp\/v2\/types\/post"}],"author":[{"embeddable":true,"href":"https:\/\/www.organisator.ch\/fr\/wp-json\/wp\/v2\/users\/8"}],"replies":[{"embeddable":true,"href":"https:\/\/www.organisator.ch\/fr\/wp-json\/wp\/v2\/comments?post=42804"}],"version-history":[{"count":2,"href":"https:\/\/www.organisator.ch\/fr\/wp-json\/wp\/v2\/posts\/42804\/revisions"}],"predecessor-version":[{"id":42815,"href":"https:\/\/www.organisator.ch\/fr\/wp-json\/wp\/v2\/posts\/42804\/revisions\/42815"}],"wp:attachment":[{"href":"https:\/\/www.organisator.ch\/fr\/wp-json\/wp\/v2\/media?parent=42804"}],"wp:term":[{"taxonomy":"category","embeddable":true,"href":"https:\/\/www.organisator.ch\/fr\/wp-json\/wp\/v2\/categories?post=42804"},{"taxonomy":"post_tag","embeddable":true,"href":"https:\/\/www.organisator.ch\/fr\/wp-json\/wp\/v2\/tags?post=42804"}],"curies":[{"name":"wp","href":"https:\/\/api.w.org\/{rel}","templated":true}]}}