{"id":4290,"date":"2018-09-26T08:41:26","date_gmt":"2018-09-26T06:41:26","guid":{"rendered":"https:\/\/www.organisator.ch\/?p=4290"},"modified":"2018-09-26T08:41:26","modified_gmt":"2018-09-26T06:41:26","slug":"ai-race-die-schweiz-muss-gas-geben","status":"publish","type":"post","link":"https:\/\/www.organisator.ch\/fr\/management\/it\/2018-09-26\/ai-race-die-schweiz-muss-gas-geben\/","title":{"rendered":"\"AI-Race\" : la Suisse doit mettre les gaz"},"content":{"rendered":"<figure id=\"attachment_4291\" aria-describedby=\"caption-attachment-4291\" style=\"width: 640px\" class=\"wp-caption alignnone\"><img loading=\"lazy\" decoding=\"async\" class=\"size-full wp-image-4291\" src=\"https:\/\/www.organisator.ch\/wp-content\/uploads\/2018\/09\/AI-Race-Die-Schweiz-muss-Gas-geben_Organisator.jpeg\" alt=\"\" width=\"640\" height=\"327\" srcset=\"https:\/\/www.organisator.ch\/wp-content\/uploads\/2018\/09\/AI-Race-Die-Schweiz-muss-Gas-geben_Organisator.jpeg 640w, https:\/\/www.organisator.ch\/wp-content\/uploads\/2018\/09\/AI-Race-Die-Schweiz-muss-Gas-geben_Organisator-16x8.jpeg 16w, https:\/\/www.organisator.ch\/wp-content\/uploads\/2018\/09\/AI-Race-Die-Schweiz-muss-Gas-geben_Organisator-343x175.jpeg 343w, https:\/\/www.organisator.ch\/wp-content\/uploads\/2018\/09\/AI-Race-Die-Schweiz-muss-Gas-geben_Organisator-300x153.jpeg 300w\" sizes=\"auto, (max-width: 640px) 100vw, 640px\" \/><figcaption id=\"caption-attachment-4291\" class=\"wp-caption-text\">Table ronde des m\u00e9dias au symposium SwissICT : pour la course \u00e0 l'IA, c'est-\u00e0-dire pour \u00eatre en t\u00eate en mati\u00e8re d'intelligence artificielle, la Suisse doit mettre les gaz. (Image : swissICT Symposium).<\/figcaption><\/figure>\n<p><span style=\"font-size: medium;\">Lors d'une rencontre avec les m\u00e9dias \u00e0 l'occasion du 38e symposium swissICT, qui s'est tenu pour la premi\u00e8re fois en 2018 \u00e0 B\u00e2le avec plus de 100 sp\u00e9cialistes, le pr\u00e9sident de swissICT Thomas Flatt s'est dit convaincu que le secteur des TIC est lui-m\u00eame bien pr\u00e9par\u00e9. Selon lui, l'\u00e9conomie doit toutefois prendre davantage conscience du fait que la num\u00e9risation influence aujourd'hui massivement la strat\u00e9gie de base d'une entreprise. <\/span><\/p>\n<h2>Focus sur l'\u00e9ducation<\/h2>\n<p>Les politiciens et les entreprises ne passeront pas \u00e0 c\u00f4t\u00e9 de la num\u00e9risation, a d\u00e9clar\u00e9 Thomas Flatt en r\u00e9ponse \u00e0 la constatation selon laquelle de nombreuses entreprises n'accordent pas encore suffisamment d'attention \u00e0 cette \u00e9volution. Lors de la discussion avec Andri Silberschmidt, pr\u00e9sident des jeunes lib\u00e9raux-radicaux suisses et membre du comit\u00e9 directeur du PLR suisse, Thomas Hutter, sp\u00e9cialiste en informatique et en marketing, et Pascal Kaufmann, grand sp\u00e9cialiste de l'intelligence artificielle (IA), tous \u00e9taient d'accord pour dire qu'il fallait mettre l'accent sur la formation pour un avenir r\u00e9ussi.<\/p>\n<p>Silberschmidt a \u00e9galement identifi\u00e9 un besoin d'action dans les domaines de la fiscalit\u00e9, du droit du travail et de l'am\u00e9nagement du territoire. Selon Thomas Flatt, il n'y a toutefois pas besoin d'un nouveau mod\u00e8le fiscal pour les startups, mais simplement d'un \"d\u00e9bat sur la mani\u00e8re dont la cr\u00e9ation de valeur num\u00e9rique doit \u00eatre impos\u00e9e par le syst\u00e8me fiscal existant\".<\/p>\n<h2>Leadership en mati\u00e8re d'intelligence artificielle<\/h2>\n<p>Le pionnier de l'IA Pascal Kaufmann a soulign\u00e9 que la Suisse \u00e9tait le num\u00e9ro un europ\u00e9en dans le domaine de la recherche sur l'intelligence artificielle et qu'elle disposait d'une situation de d\u00e9part id\u00e9ale pour jouer un r\u00f4le de leader dans la \"course \u00e0 l'IA\". Seuls des investissements consid\u00e9rables - Pascal Kaufmann parle de milliards - permettraient d'assurer ce r\u00f4le \u00e0 long terme. Il s'attend \u00e0 ce qu'une grande perc\u00e9e de l'intelligence artificielle ait lieu dans les cinq \u00e0 dix prochaines ann\u00e9es. \"Les cartes seront redistribu\u00e9es dans le monde entier\", d\u00e9clare Kaufmann.<\/p>\n<h2>Le manque de personnel qualifi\u00e9 est un probl\u00e8me plus important que les robots<\/h2>\n<p>C'est pourquoi Kaufmann a \u00e9galement mis\u00e9 sur une r\u00e9orientation de la formation. Les quatre experts n'ont pas consid\u00e9r\u00e9 que les emplois dans lesquels l'homme joue un r\u00f4le important \u00e9taient en danger. Il s'agit plut\u00f4t d'une situation o\u00f9 de nombreux postes ne seront pas pourvus dans les ann\u00e9es \u00e0 venir, notamment en raison du d\u00e9part \u00e0 la retraite de la g\u00e9n\u00e9ration du baby-boom.<\/p>\n<p>Thomas Hutter, sp\u00e9cialiste en informatique, \u00e9tait \u00e9galement convaincu que de nouveaux emplois allaient \u00eatre cr\u00e9\u00e9s. Selon son exp\u00e9rience, de nombreuses entreprises suisses ont encore besoin de beaucoup de travail de persuasion et d'investissements. On sent encore une grande r\u00e9ticence \u00e0 aborder les th\u00e8mes num\u00e9riques, a d\u00e9clar\u00e9 Thomas Hutter.<\/p>\n<p><em><a href=\"http:\/\/www.swissict-symposium.ch\">www.swissict-symposium.ch<\/a><\/em><\/p>\n<p>&nbsp;<\/p>","protected":false},"excerpt":{"rendered":"<p>An einem Mediengespr\u00e4ch anl\u00e4sslich des 38. swissICT Symposiums, das 2018 erstmals in Basel mit \u00fcber 100 Fachleuten stattfand, zeigte sich swissICT-Pr\u00e4sident Thomas Flatt \u00fcberzeugt, dass die ICT-Branche selbst gut ger\u00fcstet ist. Die Wirtschaft m\u00fcsse sich aber noch st\u00e4rker bewusst werden, dass die Digitalisierung heute die Kernstrategie eines Unternehmens massiv beeinflusse. Fokus auf die Bildung Politiker [&hellip;]<\/p>\n","protected":false},"author":4,"featured_media":4291,"comment_status":"open","ping_status":"open","sticky":false,"template":"","format":"standard","meta":{"_acf_changed":false,"_yoast_wpseo_focuskw":"AI-Race","_yoast_wpseo_metadesc":"Effiziente Ausbildung und eine faire Besteuerung der digitalen Wertsch\u00f6pfung sind f\u00fcr die ICT-Branche wichtige Pfeiler f\u00fcr die Zukunft.","articlekey":"","footnotes":""},"categories":[27],"tags":[156,193,286,319,531],"class_list":["post-4290","post","type-post","status-publish","format-standard","has-post-thumbnail","hentry","category-it","tag-digitalisierung","tag-fachkongressfachmesse","tag-it","tag-kuenstliche-intelligenz","tag-wirtschaftspolitik"],"acf":[],"yoast_head":"<!-- This site is optimized with the Yoast SEO plugin v27.5 - https:\/\/yoast.com\/product\/yoast-seo-wordpress\/ -->\n<title>\u00abAI-Race\u00bb: Die Schweiz muss Gas geben - Organisator<\/title>\n<meta name=\"description\" content=\"Effiziente Ausbildung und eine faire Besteuerung der digitalen Wertsch\u00f6pfung sind f\u00fcr die ICT-Branche wichtige Pfeiler f\u00fcr die Zukunft.\" \/>\n<meta name=\"robots\" content=\"index, follow, max-snippet:-1, max-image-preview:large, max-video-preview:-1\" \/>\n<link rel=\"canonical\" href=\"https:\/\/www.organisator.ch\/fr\/gestion-2\/it\/2018-09-26\/ai-race-die-schweiz-muss-gas-geben\/\" \/>\n<meta property=\"og:locale\" content=\"fr_FR\" \/>\n<meta property=\"og:type\" content=\"article\" \/>\n<meta property=\"og:title\" content=\"\u00abAI-Race\u00bb: Die Schweiz muss Gas geben\" \/>\n<meta property=\"og:description\" content=\"Effiziente Ausbildung und eine faire Besteuerung der digitalen Wertsch\u00f6pfung sind f\u00fcr die ICT-Branche wichtige Pfeiler f\u00fcr die Zukunft.\" \/>\n<meta property=\"og:url\" content=\"https:\/\/www.organisator.ch\/fr\/gestion-2\/it\/2018-09-26\/ai-race-die-schweiz-muss-gas-geben\/\" \/>\n<meta property=\"og:site_name\" content=\"Organisator\" \/>\n<meta property=\"article:publisher\" content=\"https:\/\/www.facebook.com\/OrganisatorFachmagazin\" \/>\n<meta property=\"article:published_time\" content=\"2018-09-26T06:41:26+00:00\" \/>\n<meta property=\"og:image\" content=\"https:\/\/www.organisator.ch\/wp-content\/uploads\/2018\/09\/AI-Race-Die-Schweiz-muss-Gas-geben_Organisator.jpeg\" \/>\n\t<meta property=\"og:image:width\" content=\"640\" \/>\n\t<meta property=\"og:image:height\" content=\"327\" \/>\n\t<meta property=\"og:image:type\" content=\"image\/jpeg\" \/>\n<meta name=\"author\" content=\"thomas.berner\" \/>\n<meta name=\"twitter:card\" content=\"summary_large_image\" \/>\n<meta name=\"twitter:title\" content=\"\u00ab#AI-Race\u00bb: Die Schweiz muss Gas geben\" \/>\n<meta name=\"twitter:description\" content=\"Effiziente Ausbildung und eine faire Besteuerung der digitalen Wertsch\u00f6pfung sind f\u00fcr die #ICT-Branche wichtige Pfeiler f\u00fcr die Zukunft.\" \/>\n<meta name=\"twitter:image\" content=\"https:\/\/www.organisator.ch\/wp-content\/uploads\/2018\/09\/AI-Race-Die-Schweiz-muss-Gas-geben_Organisator.jpeg\" \/>\n<script type=\"application\/ld+json\" class=\"yoast-schema-graph\">{\"@context\":\"https:\\\/\\\/schema.org\",\"@graph\":[{\"@type\":\"Article\",\"@id\":\"https:\\\/\\\/www.organisator.ch\\\/management\\\/it\\\/2018-09-26\\\/ai-race-die-schweiz-muss-gas-geben\\\/#article\",\"isPartOf\":{\"@id\":\"https:\\\/\\\/www.organisator.ch\\\/management\\\/it\\\/2018-09-26\\\/ai-race-die-schweiz-muss-gas-geben\\\/\"},\"author\":{\"name\":\"thomas.berner\",\"@id\":\"https:\\\/\\\/www.organisator.ch\\\/#\\\/schema\\\/person\\\/6f650f90b2842cd4c0cc334b4e36f67e\"},\"headline\":\"\u00abAI-Race\u00bb: Die Schweiz muss Gas geben\",\"datePublished\":\"2018-09-26T06:41:26+00:00\",\"mainEntityOfPage\":{\"@id\":\"https:\\\/\\\/www.organisator.ch\\\/management\\\/it\\\/2018-09-26\\\/ai-race-die-schweiz-muss-gas-geben\\\/\"},\"wordCount\":410,\"commentCount\":0,\"publisher\":{\"@id\":\"https:\\\/\\\/www.organisator.ch\\\/#organization\"},\"image\":{\"@id\":\"https:\\\/\\\/www.organisator.ch\\\/management\\\/it\\\/2018-09-26\\\/ai-race-die-schweiz-muss-gas-geben\\\/#primaryimage\"},\"thumbnailUrl\":\"https:\\\/\\\/www.organisator.ch\\\/wp-content\\\/uploads\\\/2018\\\/09\\\/AI-Race-Die-Schweiz-muss-Gas-geben_Organisator.jpeg\",\"keywords\":[\"Digitalisierung\",\"Fachkongress\\\/Fachmesse\",\"IT\",\"K\u00fcnstliche Intelligenz\",\"Wirtschaftspolitik\"],\"articleSection\":[\"IT\"],\"inLanguage\":\"fr-FR\"},{\"@type\":\"WebPage\",\"@id\":\"https:\\\/\\\/www.organisator.ch\\\/management\\\/it\\\/2018-09-26\\\/ai-race-die-schweiz-muss-gas-geben\\\/\",\"url\":\"https:\\\/\\\/www.organisator.ch\\\/management\\\/it\\\/2018-09-26\\\/ai-race-die-schweiz-muss-gas-geben\\\/\",\"name\":\"\u00abAI-Race\u00bb: Die Schweiz muss Gas geben - Organisator\",\"isPartOf\":{\"@id\":\"https:\\\/\\\/www.organisator.ch\\\/#website\"},\"primaryImageOfPage\":{\"@id\":\"https:\\\/\\\/www.organisator.ch\\\/management\\\/it\\\/2018-09-26\\\/ai-race-die-schweiz-muss-gas-geben\\\/#primaryimage\"},\"image\":{\"@id\":\"https:\\\/\\\/www.organisator.ch\\\/management\\\/it\\\/2018-09-26\\\/ai-race-die-schweiz-muss-gas-geben\\\/#primaryimage\"},\"thumbnailUrl\":\"https:\\\/\\\/www.organisator.ch\\\/wp-content\\\/uploads\\\/2018\\\/09\\\/AI-Race-Die-Schweiz-muss-Gas-geben_Organisator.jpeg\",\"datePublished\":\"2018-09-26T06:41:26+00:00\",\"description\":\"Effiziente Ausbildung und eine faire Besteuerung der digitalen Wertsch\u00f6pfung sind f\u00fcr die ICT-Branche wichtige Pfeiler f\u00fcr die Zukunft.\",\"breadcrumb\":{\"@id\":\"https:\\\/\\\/www.organisator.ch\\\/management\\\/it\\\/2018-09-26\\\/ai-race-die-schweiz-muss-gas-geben\\\/#breadcrumb\"},\"inLanguage\":\"fr-FR\",\"potentialAction\":[{\"@type\":\"ReadAction\",\"target\":[\"https:\\\/\\\/www.organisator.ch\\\/management\\\/it\\\/2018-09-26\\\/ai-race-die-schweiz-muss-gas-geben\\\/\"]}]},{\"@type\":\"ImageObject\",\"inLanguage\":\"fr-FR\",\"@id\":\"https:\\\/\\\/www.organisator.ch\\\/management\\\/it\\\/2018-09-26\\\/ai-race-die-schweiz-muss-gas-geben\\\/#primaryimage\",\"url\":\"https:\\\/\\\/www.organisator.ch\\\/wp-content\\\/uploads\\\/2018\\\/09\\\/AI-Race-Die-Schweiz-muss-Gas-geben_Organisator.jpeg\",\"contentUrl\":\"https:\\\/\\\/www.organisator.ch\\\/wp-content\\\/uploads\\\/2018\\\/09\\\/AI-Race-Die-Schweiz-muss-Gas-geben_Organisator.jpeg\",\"width\":640,\"height\":327,\"caption\":\"Medien-Roundtable am SwissICT Symposium: F\u00fcr das AI-Race muss die Schweiz Gas geben. (Bild: swissICT Symposium).\"},{\"@type\":\"BreadcrumbList\",\"@id\":\"https:\\\/\\\/www.organisator.ch\\\/management\\\/it\\\/2018-09-26\\\/ai-race-die-schweiz-muss-gas-geben\\\/#breadcrumb\",\"itemListElement\":[{\"@type\":\"ListItem\",\"position\":1,\"name\":\"Home\",\"item\":\"https:\\\/\\\/www.organisator.ch\\\/\"},{\"@type\":\"ListItem\",\"position\":2,\"name\":\"\u00abAI-Race\u00bb: Die Schweiz muss Gas geben\"}]},{\"@type\":\"WebSite\",\"@id\":\"https:\\\/\\\/www.organisator.ch\\\/#website\",\"url\":\"https:\\\/\\\/www.organisator.ch\\\/\",\"name\":\"Organisator\",\"description\":\"Kompetent. Praxisnah. Der ORGANISATOR bereitet in 10 Ausgaben pro Jahr die wesentlichen Themen f\u00fcr F\u00fchrungskr\u00e4fte von KMU auf.\",\"publisher\":{\"@id\":\"https:\\\/\\\/www.organisator.ch\\\/#organization\"},\"potentialAction\":[{\"@type\":\"SearchAction\",\"target\":{\"@type\":\"EntryPoint\",\"urlTemplate\":\"https:\\\/\\\/www.organisator.ch\\\/?s={search_term_string}\"},\"query-input\":{\"@type\":\"PropertyValueSpecification\",\"valueRequired\":true,\"valueName\":\"search_term_string\"}}],\"inLanguage\":\"fr-FR\"},{\"@type\":\"Organization\",\"@id\":\"https:\\\/\\\/www.organisator.ch\\\/#organization\",\"name\":\"Organisator\",\"url\":\"https:\\\/\\\/www.organisator.ch\\\/\",\"logo\":{\"@type\":\"ImageObject\",\"inLanguage\":\"fr-FR\",\"@id\":\"https:\\\/\\\/www.organisator.ch\\\/#\\\/schema\\\/logo\\\/image\\\/\",\"url\":\"https:\\\/\\\/www.organisator.ch\\\/wp-content\\\/uploads\\\/2022\\\/01\\\/Logo_Organisator_Website.png\",\"contentUrl\":\"https:\\\/\\\/www.organisator.ch\\\/wp-content\\\/uploads\\\/2022\\\/01\\\/Logo_Organisator_Website.png\",\"width\":800,\"height\":77,\"caption\":\"Organisator\"},\"image\":{\"@id\":\"https:\\\/\\\/www.organisator.ch\\\/#\\\/schema\\\/logo\\\/image\\\/\"},\"sameAs\":[\"https:\\\/\\\/www.facebook.com\\\/OrganisatorFachmagazin\",\"https:\\\/\\\/www.linkedin.com\\\/showcase\\\/organisator-das-magazin-fr-kmu\",\"https:\\\/\\\/www.xing.com\\\/news\\\/pages\\\/organisator-ch-695\",\"https:\\\/\\\/www.youtube.com\\\/channel\\\/UCGP2Sq0iWaZwT3BdIAQFYpw\"]},{\"@type\":\"Person\",\"@id\":\"https:\\\/\\\/www.organisator.ch\\\/#\\\/schema\\\/person\\\/6f650f90b2842cd4c0cc334b4e36f67e\",\"name\":\"thomas.berner\",\"image\":{\"@type\":\"ImageObject\",\"inLanguage\":\"fr-FR\",\"@id\":\"https:\\\/\\\/secure.gravatar.com\\\/avatar\\\/ac5001d2a36cb6c6cd3e50789007ffca834b477b74a2144564522e944eabff61?s=96&d=mm&r=g\",\"url\":\"https:\\\/\\\/secure.gravatar.com\\\/avatar\\\/ac5001d2a36cb6c6cd3e50789007ffca834b477b74a2144564522e944eabff61?s=96&d=mm&r=g\",\"contentUrl\":\"https:\\\/\\\/secure.gravatar.com\\\/avatar\\\/ac5001d2a36cb6c6cd3e50789007ffca834b477b74a2144564522e944eabff61?s=96&d=mm&r=g\",\"caption\":\"thomas.berner\"},\"url\":\"https:\\\/\\\/www.organisator.ch\\\/fr\\\/author\\\/thomas-berner\\\/\"}]}<\/script>\n<!-- \/ Yoast SEO plugin. -->","yoast_head_json":{"title":"\"AI-Race\" : la Suisse doit mettre les gaz - Organisateur","description":"Une formation efficace et une taxation \u00e9quitable de la cr\u00e9ation de valeur num\u00e9rique sont des piliers importants pour l'avenir du secteur des TIC.","robots":{"index":"index","follow":"follow","max-snippet":"max-snippet:-1","max-image-preview":"max-image-preview:large","max-video-preview":"max-video-preview:-1"},"canonical":"https:\/\/www.organisator.ch\/fr\/gestion-2\/it\/2018-09-26\/ai-race-die-schweiz-muss-gas-geben\/","og_locale":"fr_FR","og_type":"article","og_title":"\u00abAI-Race\u00bb: Die Schweiz muss Gas geben","og_description":"Effiziente Ausbildung und eine faire Besteuerung der digitalen Wertsch\u00f6pfung sind f\u00fcr die ICT-Branche wichtige Pfeiler f\u00fcr die Zukunft.","og_url":"https:\/\/www.organisator.ch\/fr\/gestion-2\/it\/2018-09-26\/ai-race-die-schweiz-muss-gas-geben\/","og_site_name":"Organisator","article_publisher":"https:\/\/www.facebook.com\/OrganisatorFachmagazin","article_published_time":"2018-09-26T06:41:26+00:00","og_image":[{"width":640,"height":327,"url":"https:\/\/www.organisator.ch\/wp-content\/uploads\/2018\/09\/AI-Race-Die-Schweiz-muss-Gas-geben_Organisator.jpeg","type":"image\/jpeg"}],"author":"thomas.berner","twitter_card":"summary_large_image","twitter_title":"\u00ab#AI-Race\u00bb: Die Schweiz muss Gas geben","twitter_description":"Effiziente Ausbildung und eine faire Besteuerung der digitalen Wertsch\u00f6pfung sind f\u00fcr die #ICT-Branche wichtige Pfeiler f\u00fcr die Zukunft.","twitter_image":"https:\/\/www.organisator.ch\/wp-content\/uploads\/2018\/09\/AI-Race-Die-Schweiz-muss-Gas-geben_Organisator.jpeg","schema":{"@context":"https:\/\/schema.org","@graph":[{"@type":"Article","@id":"https:\/\/www.organisator.ch\/management\/it\/2018-09-26\/ai-race-die-schweiz-muss-gas-geben\/#article","isPartOf":{"@id":"https:\/\/www.organisator.ch\/management\/it\/2018-09-26\/ai-race-die-schweiz-muss-gas-geben\/"},"author":{"name":"thomas.berner","@id":"https:\/\/www.organisator.ch\/#\/schema\/person\/6f650f90b2842cd4c0cc334b4e36f67e"},"headline":"\u00abAI-Race\u00bb: Die Schweiz muss Gas geben","datePublished":"2018-09-26T06:41:26+00:00","mainEntityOfPage":{"@id":"https:\/\/www.organisator.ch\/management\/it\/2018-09-26\/ai-race-die-schweiz-muss-gas-geben\/"},"wordCount":410,"commentCount":0,"publisher":{"@id":"https:\/\/www.organisator.ch\/#organization"},"image":{"@id":"https:\/\/www.organisator.ch\/management\/it\/2018-09-26\/ai-race-die-schweiz-muss-gas-geben\/#primaryimage"},"thumbnailUrl":"https:\/\/www.organisator.ch\/wp-content\/uploads\/2018\/09\/AI-Race-Die-Schweiz-muss-Gas-geben_Organisator.jpeg","keywords":["Digitalisierung","Fachkongress\/Fachmesse","IT","K\u00fcnstliche Intelligenz","Wirtschaftspolitik"],"articleSection":["IT"],"inLanguage":"fr-FR"},{"@type":"WebPage","@id":"https:\/\/www.organisator.ch\/management\/it\/2018-09-26\/ai-race-die-schweiz-muss-gas-geben\/","url":"https:\/\/www.organisator.ch\/management\/it\/2018-09-26\/ai-race-die-schweiz-muss-gas-geben\/","name":"\"AI-Race\" : la Suisse doit mettre les gaz - Organisateur","isPartOf":{"@id":"https:\/\/www.organisator.ch\/#website"},"primaryImageOfPage":{"@id":"https:\/\/www.organisator.ch\/management\/it\/2018-09-26\/ai-race-die-schweiz-muss-gas-geben\/#primaryimage"},"image":{"@id":"https:\/\/www.organisator.ch\/management\/it\/2018-09-26\/ai-race-die-schweiz-muss-gas-geben\/#primaryimage"},"thumbnailUrl":"https:\/\/www.organisator.ch\/wp-content\/uploads\/2018\/09\/AI-Race-Die-Schweiz-muss-Gas-geben_Organisator.jpeg","datePublished":"2018-09-26T06:41:26+00:00","description":"Une formation efficace et une taxation \u00e9quitable de la cr\u00e9ation de valeur num\u00e9rique sont des piliers importants pour l'avenir du secteur des TIC.","breadcrumb":{"@id":"https:\/\/www.organisator.ch\/management\/it\/2018-09-26\/ai-race-die-schweiz-muss-gas-geben\/#breadcrumb"},"inLanguage":"fr-FR","potentialAction":[{"@type":"ReadAction","target":["https:\/\/www.organisator.ch\/management\/it\/2018-09-26\/ai-race-die-schweiz-muss-gas-geben\/"]}]},{"@type":"ImageObject","inLanguage":"fr-FR","@id":"https:\/\/www.organisator.ch\/management\/it\/2018-09-26\/ai-race-die-schweiz-muss-gas-geben\/#primaryimage","url":"https:\/\/www.organisator.ch\/wp-content\/uploads\/2018\/09\/AI-Race-Die-Schweiz-muss-Gas-geben_Organisator.jpeg","contentUrl":"https:\/\/www.organisator.ch\/wp-content\/uploads\/2018\/09\/AI-Race-Die-Schweiz-muss-Gas-geben_Organisator.jpeg","width":640,"height":327,"caption":"Medien-Roundtable am SwissICT Symposium: F\u00fcr das AI-Race muss die Schweiz Gas geben. (Bild: swissICT Symposium)."},{"@type":"BreadcrumbList","@id":"https:\/\/www.organisator.ch\/management\/it\/2018-09-26\/ai-race-die-schweiz-muss-gas-geben\/#breadcrumb","itemListElement":[{"@type":"ListItem","position":1,"name":"Home","item":"https:\/\/www.organisator.ch\/"},{"@type":"ListItem","position":2,"name":"\u00abAI-Race\u00bb: Die Schweiz muss Gas geben"}]},{"@type":"WebSite","@id":"https:\/\/www.organisator.ch\/#website","url":"https:\/\/www.organisator.ch\/","name":"Organisateur","description":"Comp\u00e9tence et comp\u00e9tence. Proches de la pratique. L'ORGANISATEUR pr\u00e9pare 10 num\u00e9ros par an sur les th\u00e8mes essentiels pour les dirigeants de PME.","publisher":{"@id":"https:\/\/www.organisator.ch\/#organization"},"potentialAction":[{"@type":"SearchAction","target":{"@type":"EntryPoint","urlTemplate":"https:\/\/www.organisator.ch\/?s={search_term_string}"},"query-input":{"@type":"PropertyValueSpecification","valueRequired":true,"valueName":"search_term_string"}}],"inLanguage":"fr-FR"},{"@type":"Organization","@id":"https:\/\/www.organisator.ch\/#organization","name":"Organisateur","url":"https:\/\/www.organisator.ch\/","logo":{"@type":"ImageObject","inLanguage":"fr-FR","@id":"https:\/\/www.organisator.ch\/#\/schema\/logo\/image\/","url":"https:\/\/www.organisator.ch\/wp-content\/uploads\/2022\/01\/Logo_Organisator_Website.png","contentUrl":"https:\/\/www.organisator.ch\/wp-content\/uploads\/2022\/01\/Logo_Organisator_Website.png","width":800,"height":77,"caption":"Organisator"},"image":{"@id":"https:\/\/www.organisator.ch\/#\/schema\/logo\/image\/"},"sameAs":["https:\/\/www.facebook.com\/OrganisatorFachmagazin","https:\/\/www.linkedin.com\/showcase\/organisator-das-magazin-fr-kmu","https:\/\/www.xing.com\/news\/pages\/organisator-ch-695","https:\/\/www.youtube.com\/channel\/UCGP2Sq0iWaZwT3BdIAQFYpw"]},{"@type":"Person","@id":"https:\/\/www.organisator.ch\/#\/schema\/person\/6f650f90b2842cd4c0cc334b4e36f67e","name":"thomas.berner","image":{"@type":"ImageObject","inLanguage":"fr-FR","@id":"https:\/\/secure.gravatar.com\/avatar\/ac5001d2a36cb6c6cd3e50789007ffca834b477b74a2144564522e944eabff61?s=96&d=mm&r=g","url":"https:\/\/secure.gravatar.com\/avatar\/ac5001d2a36cb6c6cd3e50789007ffca834b477b74a2144564522e944eabff61?s=96&d=mm&r=g","contentUrl":"https:\/\/secure.gravatar.com\/avatar\/ac5001d2a36cb6c6cd3e50789007ffca834b477b74a2144564522e944eabff61?s=96&d=mm&r=g","caption":"thomas.berner"},"url":"https:\/\/www.organisator.ch\/fr\/author\/thomas-berner\/"}]}},"_links":{"self":[{"href":"https:\/\/www.organisator.ch\/fr\/wp-json\/wp\/v2\/posts\/4290","targetHints":{"allow":["GET"]}}],"collection":[{"href":"https:\/\/www.organisator.ch\/fr\/wp-json\/wp\/v2\/posts"}],"about":[{"href":"https:\/\/www.organisator.ch\/fr\/wp-json\/wp\/v2\/types\/post"}],"author":[{"embeddable":true,"href":"https:\/\/www.organisator.ch\/fr\/wp-json\/wp\/v2\/users\/4"}],"replies":[{"embeddable":true,"href":"https:\/\/www.organisator.ch\/fr\/wp-json\/wp\/v2\/comments?post=4290"}],"version-history":[{"count":0,"href":"https:\/\/www.organisator.ch\/fr\/wp-json\/wp\/v2\/posts\/4290\/revisions"}],"wp:featuredmedia":[{"embeddable":true,"href":"https:\/\/www.organisator.ch\/fr\/wp-json\/wp\/v2\/media\/4291"}],"wp:attachment":[{"href":"https:\/\/www.organisator.ch\/fr\/wp-json\/wp\/v2\/media?parent=4290"}],"wp:term":[{"taxonomy":"category","embeddable":true,"href":"https:\/\/www.organisator.ch\/fr\/wp-json\/wp\/v2\/categories?post=4290"},{"taxonomy":"post_tag","embeddable":true,"href":"https:\/\/www.organisator.ch\/fr\/wp-json\/wp\/v2\/tags?post=4290"}],"curies":[{"name":"wp","href":"https:\/\/api.w.org\/{rel}","templated":true}]}}