{"id":42932,"date":"2026-01-05T08:57:45","date_gmt":"2026-01-05T07:57:45","guid":{"rendered":"https:\/\/www.organisator.ch\/?p=42932"},"modified":"2026-01-05T08:57:45","modified_gmt":"2026-01-05T07:57:45","slug":"bdo-schweiz-ernennt-neuen-verwaltungsratspraesidenten","status":"publish","type":"post","link":"https:\/\/www.organisator.ch\/fr\/management\/2026-01-05\/bdo-schweiz-ernennt-neuen-verwaltungsratspraesidenten\/","title":{"rendered":"BDO Suisse nomme un nouveau pr\u00e9sident du conseil d'administration"},"content":{"rendered":"<figure id=\"attachment_42933\" aria-describedby=\"caption-attachment-42933\" style=\"width: 680px\" class=\"wp-caption alignnone\"><img loading=\"lazy\" decoding=\"async\" class=\"size-full wp-image-42933\" src=\"https:\/\/www.organisator.ch\/wp-content\/uploads\/2026\/01\/BDO-Schweiz-ernennt-neuen-Verwaltungsratspraesidenten-1_Organisator.jpg\" alt=\"\" width=\"680\" height=\"491\" srcset=\"https:\/\/www.organisator.ch\/wp-content\/uploads\/2026\/01\/BDO-Schweiz-ernennt-neuen-Verwaltungsratspraesidenten-1_Organisator.jpg 680w, https:\/\/www.organisator.ch\/wp-content\/uploads\/2026\/01\/BDO-Schweiz-ernennt-neuen-Verwaltungsratspraesidenten-1_Organisator-18x12.jpg 18w, https:\/\/www.organisator.ch\/wp-content\/uploads\/2026\/01\/BDO-Schweiz-ernennt-neuen-Verwaltungsratspraesidenten-1_Organisator-375x271.jpg 375w, https:\/\/www.organisator.ch\/wp-content\/uploads\/2026\/01\/BDO-Schweiz-ernennt-neuen-Verwaltungsratspraesidenten-1_Organisator-485x350.jpg 485w\" sizes=\"auto, (max-width: 680px) 100vw, 680px\" \/><figcaption id=\"caption-attachment-42933\" class=\"wp-caption-text\">Stephan Bolliger, pr\u00e9sident du conseil d'administration, membre de la direction et responsable de la r\u00e9gion Suisse nord-occidentale. (Photo : BDO)<\/figcaption><\/figure>\n<p>Le nouveau pr\u00e9sident du conseil d'administration de BDO s'appelle Stephan Bolliger. Il travaille dans l'entreprise depuis 30 ans et dirige la r\u00e9gion du nord-ouest de la Suisse. Fort de cette exp\u00e9rience et en tant que membre de la direction, Stephan Bolliger apporte une vaste exp\u00e9rience client et une connaissance approfondie du secteur au d\u00e9veloppement strat\u00e9gique de l'entreprise. \u00ab Je me r\u00e9jouis de faire progresser BDO en collaboration avec le conseil d'administration et la direction. Nous sommes confront\u00e9s \u00e0 des d\u00e9cisions importantes dans de nombreux domaines, de l'environnement r\u00e9glementaire \u00e0 la num\u00e9risation. Nous voulons fa\u00e7onner activement ces changements et exploiter les opportunit\u00e9s de mani\u00e8re cibl\u00e9e \u00bb, d\u00e9clare Stephan Bolliger \u00e0 propos de sa nouvelle fonction. M. Bolliger succ\u00e8de \u00e0 Harry Affolter, qui a \u00e9t\u00e9 pr\u00e9sident du conseil d'administration pendant quatre ans et a travaill\u00e9 pour BDO pendant 40 ans au total, derni\u00e8rement en tant que responsable de la r\u00e9gion Mittelland. Affolter a quitt\u00e9 le conseil d'administration et la direction en raison de la limitation de la dur\u00e9e du mandat li\u00e9e \u00e0 l'\u00e2ge et quittera BDO le 31 janvier 2026. Le CEO Thomas Studhalter d\u00e9clare : \u00ab Stephan Bolliger conna\u00eet notre client\u00e8le et notre activit\u00e9 comme personne d'autre. Fort de son exp\u00e9rience et de sa clart\u00e9 strat\u00e9gique, il marquera de mani\u00e8re d\u00e9cisive le d\u00e9veloppement futur de BDO. Je me r\u00e9jouis de cette collaboration et tiens \u00e0 remercier Harry Affolter pour son engagement sans faille pendant quatre d\u00e9cennies. \u00bb<\/p>\n<h3><strong>Nouveaux membres de la direction : Michael Bitzi et Matthias Hildebrandt<\/strong><\/h3>\n<p>Outre le nouveau pr\u00e9sident du conseil d'administration, la direction a \u00e9galement \u00e9t\u00e9 remani\u00e9e : depuis le 1er janvier 2026, Michael Bitzi et Matthias Hildebrandt font partie de la direction de BDO. <strong>Michael Bitzi<\/strong>, chez BDO depuis 35 ans, prend la direction de la r\u00e9gion Suisse centrale, succ\u00e9dant \u00e0 <strong>Peter Baumgartner<\/strong>, qui a pris une retraite anticip\u00e9e. Membre de la direction r\u00e9gionale depuis 2021, Bitzi \u00e9tait responsable des sites de la r\u00e9gion Suisse centrale et avait auparavant occup\u00e9 le poste de directeur du site de Zoug pendant environ 10 ans. <strong>Matthias Hildebrandt<\/strong>, dans l'entreprise depuis 2012, prendra la direction de la r\u00e9gion Mittelland \u00e0 la place de <strong>Harry Affolter<\/strong>. Hildebrandt dirigeait le d\u00e9partement Audit et occupe depuis 2020 le poste de directeur de la succursale de Berne.<\/p>\n<figure id=\"attachment_42939\" aria-describedby=\"caption-attachment-42939\" style=\"width: 680px\" class=\"wp-caption alignnone\"><img loading=\"lazy\" decoding=\"async\" class=\"size-full wp-image-42939\" src=\"https:\/\/www.organisator.ch\/wp-content\/uploads\/2026\/01\/BDO-Schweiz-ernennt-neuen-Verwaltungsratspraesidenten-2_Organisator.jpg\" alt=\"\" width=\"680\" height=\"368\" srcset=\"https:\/\/www.organisator.ch\/wp-content\/uploads\/2026\/01\/BDO-Schweiz-ernennt-neuen-Verwaltungsratspraesidenten-2_Organisator.jpg 680w, https:\/\/www.organisator.ch\/wp-content\/uploads\/2026\/01\/BDO-Schweiz-ernennt-neuen-Verwaltungsratspraesidenten-2_Organisator-18x10.jpg 18w, https:\/\/www.organisator.ch\/wp-content\/uploads\/2026\/01\/BDO-Schweiz-ernennt-neuen-Verwaltungsratspraesidenten-2_Organisator-375x203.jpg 375w, https:\/\/www.organisator.ch\/wp-content\/uploads\/2026\/01\/BDO-Schweiz-ernennt-neuen-Verwaltungsratspraesidenten-2_Organisator-647x350.jpg 647w\" sizes=\"auto, (max-width: 680px) 100vw, 680px\" \/><figcaption id=\"caption-attachment-42939\" class=\"wp-caption-text\">La direction de BDO Suisse (de gauche \u00e0 droite) : Tom Kaufmann, Beat R\u00fcfenacht, Christoph Scholl, Thomas Studhalter, Stephan Bolliger, Marcel Rohrer, Matthias Hildebrandt, Michael Bitzi, Stefan K\u00fchn, Yvan Haymoz. (Photo : BDO)<\/figcaption><\/figure>\n<h3><strong>Autres changements au niveau du personnel dans les r\u00e9gions<\/strong><\/h3>\n<p>Suite aux changements intervenus au sein de la direction, les postes suivants ont \u00e9t\u00e9 pourvus en interne au niveau r\u00e9gional \u00e0 compter du 1er janvier 2026 : <strong>David Dahinden<\/strong>, jusqu'alors directeur du site de Sursee, est d\u00e9sormais membre de la direction r\u00e9gionale de Suisse centrale. Il est remplac\u00e9 \u00e0 la t\u00eate du site de Sursee par <strong>Andr\u00e9 Vonarburg<\/strong>. En outre, <strong>Christian Zumstein<\/strong> la direction du site de Soleure par Harry Affolter. <strong>Thomas Bigler<\/strong> et <strong>Michael K\u00e4sermann<\/strong> sont d\u00e9sormais membres de la direction r\u00e9gionale Mittelland.<\/p>\n<p><em>Source : <a href=\"http:\/\/www.bdo.ch\">www.bdo.ch<\/a><\/em><\/p>","protected":false},"excerpt":{"rendered":"<p>Au 1er janvier 2026, Stephan Bolliger prendra la pr\u00e9sidence du conseil d'administration de BDO. Parall\u00e8lement, Michael Bitzi, nouveau responsable de la r\u00e9gion Suisse centrale, et Matthias Hildebrandt, nouveau responsable de la r\u00e9gion Mittelland, rejoindront la direction. Ils succ\u00e9deront \u00e0 Peter Baumgartner et Harry Affolter, qui quittent BDO apr\u00e8s de nombreuses ann\u00e9es de bons et loyaux services.<\/p>","protected":false},"author":4,"featured_media":42933,"comment_status":"closed","ping_status":"closed","sticky":false,"template":"","format":"standard","meta":{"_acf_changed":false,"_yoast_wpseo_focuskw":"BDO Schweiz","_yoast_wpseo_metadesc":"Per 1. Januar 2026 hat Stephan Bolliger das Verwaltungsratspr\u00e4sidium von BDO Schweiz \u00fcbernommen. Auch die GL erh\u00e4lt zwei neue Mitglieder.","articlekey":"","footnotes":""},"categories":[28],"tags":[5749,381,492,2471],"class_list":["post-42932","post","type-post","status-publish","format-standard","has-post-thumbnail","hentry","category-management","tag-bdo","tag-personalia","tag-unternehmen","tag-verwaltungsrat"],"acf":[],"yoast_head":"<!-- This site is optimized with the Yoast SEO plugin v27.4 - https:\/\/yoast.com\/product\/yoast-seo-wordpress\/ -->\n<title>BDO Schweiz ernennt neuen Verwaltungsratspr\u00e4sidenten - Organisator<\/title>\n<meta name=\"description\" content=\"Per 1. Januar 2026 hat Stephan Bolliger das Verwaltungsratspr\u00e4sidium von BDO Schweiz \u00fcbernommen. Auch die GL erh\u00e4lt zwei neue Mitglieder.\" \/>\n<meta name=\"robots\" content=\"index, follow, max-snippet:-1, max-image-preview:large, max-video-preview:-1\" \/>\n<link rel=\"canonical\" href=\"https:\/\/www.organisator.ch\/fr\/gestion-2\/2026-01-05\/bdo-schweiz-ernennt-neuen-verwaltungsratspraesidenten\/\" \/>\n<meta property=\"og:locale\" content=\"fr_FR\" \/>\n<meta property=\"og:type\" content=\"article\" \/>\n<meta property=\"og:title\" content=\"BDO Schweiz ernennt neuen Verwaltungsratspr\u00e4sidenten\" \/>\n<meta property=\"og:description\" content=\"Per 1. Januar 2026 hat Stephan Bolliger das Verwaltungsratspr\u00e4sidium von BDO Schweiz \u00fcbernommen. Auch die GL erh\u00e4lt zwei neue Mitglieder.\" \/>\n<meta property=\"og:url\" content=\"https:\/\/www.organisator.ch\/fr\/gestion-2\/2026-01-05\/bdo-schweiz-ernennt-neuen-verwaltungsratspraesidenten\/\" \/>\n<meta property=\"og:site_name\" content=\"Organisator\" \/>\n<meta property=\"article:publisher\" content=\"https:\/\/www.facebook.com\/OrganisatorFachmagazin\" \/>\n<meta property=\"article:published_time\" content=\"2026-01-05T07:57:45+00:00\" \/>\n<meta property=\"og:image\" content=\"https:\/\/www.organisator.ch\/wp-content\/uploads\/2026\/01\/BDO-Schweiz-ernennt-neuen-Verwaltungsratspraesidenten-1_Organisator.jpg\" \/>\n\t<meta property=\"og:image:width\" content=\"680\" \/>\n\t<meta property=\"og:image:height\" content=\"491\" \/>\n\t<meta property=\"og:image:type\" content=\"image\/jpeg\" \/>\n<meta name=\"author\" content=\"thomas.berner\" \/>\n<meta name=\"twitter:card\" content=\"summary_large_image\" \/>\n<meta name=\"twitter:title\" content=\"#BDO Schweiz ernennt neuen #Verwaltungsratspr\u00e4sidenten\" \/>\n<meta name=\"twitter:description\" content=\"Per 1. Januar 2026 hat Stephan #Bolliger das #Verwaltungsratspr\u00e4sidium von #BDO Schweiz \u00fcbernommen. Auch die GL erh\u00e4lt zwei neue Mitglieder.\" \/>\n<meta name=\"twitter:image\" content=\"https:\/\/www.organisator.ch\/wp-content\/uploads\/2026\/01\/BDO-Schweiz-ernennt-neuen-Verwaltungsratspraesidenten-1_Organisator.jpg\" \/>\n<script type=\"application\/ld+json\" class=\"yoast-schema-graph\">{\"@context\":\"https:\\\/\\\/schema.org\",\"@graph\":[{\"@type\":\"Article\",\"@id\":\"https:\\\/\\\/www.organisator.ch\\\/management\\\/2026-01-05\\\/bdo-schweiz-ernennt-neuen-verwaltungsratspraesidenten\\\/#article\",\"isPartOf\":{\"@id\":\"https:\\\/\\\/www.organisator.ch\\\/management\\\/2026-01-05\\\/bdo-schweiz-ernennt-neuen-verwaltungsratspraesidenten\\\/\"},\"author\":{\"name\":\"thomas.berner\",\"@id\":\"https:\\\/\\\/www.organisator.ch\\\/#\\\/schema\\\/person\\\/6f650f90b2842cd4c0cc334b4e36f67e\"},\"headline\":\"BDO Schweiz ernennt neuen Verwaltungsratspr\u00e4sidenten\",\"datePublished\":\"2026-01-05T07:57:45+00:00\",\"mainEntityOfPage\":{\"@id\":\"https:\\\/\\\/www.organisator.ch\\\/management\\\/2026-01-05\\\/bdo-schweiz-ernennt-neuen-verwaltungsratspraesidenten\\\/\"},\"wordCount\":435,\"publisher\":{\"@id\":\"https:\\\/\\\/www.organisator.ch\\\/#organization\"},\"image\":{\"@id\":\"https:\\\/\\\/www.organisator.ch\\\/management\\\/2026-01-05\\\/bdo-schweiz-ernennt-neuen-verwaltungsratspraesidenten\\\/#primaryimage\"},\"thumbnailUrl\":\"https:\\\/\\\/www.organisator.ch\\\/wp-content\\\/uploads\\\/2026\\\/01\\\/BDO-Schweiz-ernennt-neuen-Verwaltungsratspraesidenten-1_Organisator.jpg\",\"keywords\":[\"BDO\",\"Personalia\",\"Unternehmen\",\"Verwaltungsrat\"],\"articleSection\":[\"MANAGEMENT\"],\"inLanguage\":\"fr-FR\"},{\"@type\":\"WebPage\",\"@id\":\"https:\\\/\\\/www.organisator.ch\\\/management\\\/2026-01-05\\\/bdo-schweiz-ernennt-neuen-verwaltungsratspraesidenten\\\/\",\"url\":\"https:\\\/\\\/www.organisator.ch\\\/management\\\/2026-01-05\\\/bdo-schweiz-ernennt-neuen-verwaltungsratspraesidenten\\\/\",\"name\":\"BDO Schweiz ernennt neuen Verwaltungsratspr\u00e4sidenten - Organisator\",\"isPartOf\":{\"@id\":\"https:\\\/\\\/www.organisator.ch\\\/#website\"},\"primaryImageOfPage\":{\"@id\":\"https:\\\/\\\/www.organisator.ch\\\/management\\\/2026-01-05\\\/bdo-schweiz-ernennt-neuen-verwaltungsratspraesidenten\\\/#primaryimage\"},\"image\":{\"@id\":\"https:\\\/\\\/www.organisator.ch\\\/management\\\/2026-01-05\\\/bdo-schweiz-ernennt-neuen-verwaltungsratspraesidenten\\\/#primaryimage\"},\"thumbnailUrl\":\"https:\\\/\\\/www.organisator.ch\\\/wp-content\\\/uploads\\\/2026\\\/01\\\/BDO-Schweiz-ernennt-neuen-Verwaltungsratspraesidenten-1_Organisator.jpg\",\"datePublished\":\"2026-01-05T07:57:45+00:00\",\"description\":\"Per 1. Januar 2026 hat Stephan Bolliger das Verwaltungsratspr\u00e4sidium von BDO Schweiz \u00fcbernommen. Auch die GL erh\u00e4lt zwei neue Mitglieder.\",\"breadcrumb\":{\"@id\":\"https:\\\/\\\/www.organisator.ch\\\/management\\\/2026-01-05\\\/bdo-schweiz-ernennt-neuen-verwaltungsratspraesidenten\\\/#breadcrumb\"},\"inLanguage\":\"fr-FR\",\"potentialAction\":[{\"@type\":\"ReadAction\",\"target\":[\"https:\\\/\\\/www.organisator.ch\\\/management\\\/2026-01-05\\\/bdo-schweiz-ernennt-neuen-verwaltungsratspraesidenten\\\/\"]}]},{\"@type\":\"ImageObject\",\"inLanguage\":\"fr-FR\",\"@id\":\"https:\\\/\\\/www.organisator.ch\\\/management\\\/2026-01-05\\\/bdo-schweiz-ernennt-neuen-verwaltungsratspraesidenten\\\/#primaryimage\",\"url\":\"https:\\\/\\\/www.organisator.ch\\\/wp-content\\\/uploads\\\/2026\\\/01\\\/BDO-Schweiz-ernennt-neuen-Verwaltungsratspraesidenten-1_Organisator.jpg\",\"contentUrl\":\"https:\\\/\\\/www.organisator.ch\\\/wp-content\\\/uploads\\\/2026\\\/01\\\/BDO-Schweiz-ernennt-neuen-Verwaltungsratspraesidenten-1_Organisator.jpg\",\"width\":680,\"height\":491,\"caption\":\"Stephan Bolliger, Verwaltungsratspr\u00e4sident, Mitglied der Gesch\u00e4ftsleitung und Leiter Region Nordwestschweiz. (Bild: BDO)\"},{\"@type\":\"BreadcrumbList\",\"@id\":\"https:\\\/\\\/www.organisator.ch\\\/management\\\/2026-01-05\\\/bdo-schweiz-ernennt-neuen-verwaltungsratspraesidenten\\\/#breadcrumb\",\"itemListElement\":[{\"@type\":\"ListItem\",\"position\":1,\"name\":\"Home\",\"item\":\"https:\\\/\\\/www.organisator.ch\\\/\"},{\"@type\":\"ListItem\",\"position\":2,\"name\":\"BDO Schweiz ernennt neuen Verwaltungsratspr\u00e4sidenten\"}]},{\"@type\":\"WebSite\",\"@id\":\"https:\\\/\\\/www.organisator.ch\\\/#website\",\"url\":\"https:\\\/\\\/www.organisator.ch\\\/\",\"name\":\"Organisator\",\"description\":\"Kompetent. Praxisnah. Der ORGANISATOR bereitet in 10 Ausgaben pro Jahr die wesentlichen Themen f\u00fcr F\u00fchrungskr\u00e4fte von KMU auf.\",\"publisher\":{\"@id\":\"https:\\\/\\\/www.organisator.ch\\\/#organization\"},\"potentialAction\":[{\"@type\":\"SearchAction\",\"target\":{\"@type\":\"EntryPoint\",\"urlTemplate\":\"https:\\\/\\\/www.organisator.ch\\\/?s={search_term_string}\"},\"query-input\":{\"@type\":\"PropertyValueSpecification\",\"valueRequired\":true,\"valueName\":\"search_term_string\"}}],\"inLanguage\":\"fr-FR\"},{\"@type\":\"Organization\",\"@id\":\"https:\\\/\\\/www.organisator.ch\\\/#organization\",\"name\":\"Organisator\",\"url\":\"https:\\\/\\\/www.organisator.ch\\\/\",\"logo\":{\"@type\":\"ImageObject\",\"inLanguage\":\"fr-FR\",\"@id\":\"https:\\\/\\\/www.organisator.ch\\\/#\\\/schema\\\/logo\\\/image\\\/\",\"url\":\"https:\\\/\\\/www.organisator.ch\\\/wp-content\\\/uploads\\\/2022\\\/01\\\/Logo_Organisator_Website.png\",\"contentUrl\":\"https:\\\/\\\/www.organisator.ch\\\/wp-content\\\/uploads\\\/2022\\\/01\\\/Logo_Organisator_Website.png\",\"width\":800,\"height\":77,\"caption\":\"Organisator\"},\"image\":{\"@id\":\"https:\\\/\\\/www.organisator.ch\\\/#\\\/schema\\\/logo\\\/image\\\/\"},\"sameAs\":[\"https:\\\/\\\/www.facebook.com\\\/OrganisatorFachmagazin\",\"https:\\\/\\\/www.linkedin.com\\\/showcase\\\/organisator-das-magazin-fr-kmu\",\"https:\\\/\\\/www.xing.com\\\/news\\\/pages\\\/organisator-ch-695\",\"https:\\\/\\\/www.youtube.com\\\/channel\\\/UCGP2Sq0iWaZwT3BdIAQFYpw\"]},{\"@type\":\"Person\",\"@id\":\"https:\\\/\\\/www.organisator.ch\\\/#\\\/schema\\\/person\\\/6f650f90b2842cd4c0cc334b4e36f67e\",\"name\":\"thomas.berner\",\"image\":{\"@type\":\"ImageObject\",\"inLanguage\":\"fr-FR\",\"@id\":\"https:\\\/\\\/secure.gravatar.com\\\/avatar\\\/ac5001d2a36cb6c6cd3e50789007ffca834b477b74a2144564522e944eabff61?s=96&d=mm&r=g\",\"url\":\"https:\\\/\\\/secure.gravatar.com\\\/avatar\\\/ac5001d2a36cb6c6cd3e50789007ffca834b477b74a2144564522e944eabff61?s=96&d=mm&r=g\",\"contentUrl\":\"https:\\\/\\\/secure.gravatar.com\\\/avatar\\\/ac5001d2a36cb6c6cd3e50789007ffca834b477b74a2144564522e944eabff61?s=96&d=mm&r=g\",\"caption\":\"thomas.berner\"},\"url\":\"https:\\\/\\\/www.organisator.ch\\\/fr\\\/author\\\/thomas-berner\\\/\"}]}<\/script>\n<!-- \/ Yoast SEO plugin. -->","yoast_head_json":{"title":"BDO Suisse nomme un nouveau pr\u00e9sident du conseil d'administration - Organisateur","description":"Au 1er janvier 2026, Stephan Bolliger a pris la pr\u00e9sidence du conseil d'administration de BDO Suisse. La direction accueille \u00e9galement deux nouveaux membres.","robots":{"index":"index","follow":"follow","max-snippet":"max-snippet:-1","max-image-preview":"max-image-preview:large","max-video-preview":"max-video-preview:-1"},"canonical":"https:\/\/www.organisator.ch\/fr\/gestion-2\/2026-01-05\/bdo-schweiz-ernennt-neuen-verwaltungsratspraesidenten\/","og_locale":"fr_FR","og_type":"article","og_title":"BDO Schweiz ernennt neuen Verwaltungsratspr\u00e4sidenten","og_description":"Per 1. Januar 2026 hat Stephan Bolliger das Verwaltungsratspr\u00e4sidium von BDO Schweiz \u00fcbernommen. Auch die GL erh\u00e4lt zwei neue Mitglieder.","og_url":"https:\/\/www.organisator.ch\/fr\/gestion-2\/2026-01-05\/bdo-schweiz-ernennt-neuen-verwaltungsratspraesidenten\/","og_site_name":"Organisator","article_publisher":"https:\/\/www.facebook.com\/OrganisatorFachmagazin","article_published_time":"2026-01-05T07:57:45+00:00","og_image":[{"width":680,"height":491,"url":"https:\/\/www.organisator.ch\/wp-content\/uploads\/2026\/01\/BDO-Schweiz-ernennt-neuen-Verwaltungsratspraesidenten-1_Organisator.jpg","type":"image\/jpeg"}],"author":"thomas.berner","twitter_card":"summary_large_image","twitter_title":"#BDO Schweiz ernennt neuen #Verwaltungsratspr\u00e4sidenten","twitter_description":"Per 1. Januar 2026 hat Stephan #Bolliger das #Verwaltungsratspr\u00e4sidium von #BDO Schweiz \u00fcbernommen. Auch die GL erh\u00e4lt zwei neue Mitglieder.","twitter_image":"https:\/\/www.organisator.ch\/wp-content\/uploads\/2026\/01\/BDO-Schweiz-ernennt-neuen-Verwaltungsratspraesidenten-1_Organisator.jpg","schema":{"@context":"https:\/\/schema.org","@graph":[{"@type":"Article","@id":"https:\/\/www.organisator.ch\/management\/2026-01-05\/bdo-schweiz-ernennt-neuen-verwaltungsratspraesidenten\/#article","isPartOf":{"@id":"https:\/\/www.organisator.ch\/management\/2026-01-05\/bdo-schweiz-ernennt-neuen-verwaltungsratspraesidenten\/"},"author":{"name":"thomas.berner","@id":"https:\/\/www.organisator.ch\/#\/schema\/person\/6f650f90b2842cd4c0cc334b4e36f67e"},"headline":"BDO Schweiz ernennt neuen Verwaltungsratspr\u00e4sidenten","datePublished":"2026-01-05T07:57:45+00:00","mainEntityOfPage":{"@id":"https:\/\/www.organisator.ch\/management\/2026-01-05\/bdo-schweiz-ernennt-neuen-verwaltungsratspraesidenten\/"},"wordCount":435,"publisher":{"@id":"https:\/\/www.organisator.ch\/#organization"},"image":{"@id":"https:\/\/www.organisator.ch\/management\/2026-01-05\/bdo-schweiz-ernennt-neuen-verwaltungsratspraesidenten\/#primaryimage"},"thumbnailUrl":"https:\/\/www.organisator.ch\/wp-content\/uploads\/2026\/01\/BDO-Schweiz-ernennt-neuen-Verwaltungsratspraesidenten-1_Organisator.jpg","keywords":["BDO","Personalia","Unternehmen","Verwaltungsrat"],"articleSection":["MANAGEMENT"],"inLanguage":"fr-FR"},{"@type":"WebPage","@id":"https:\/\/www.organisator.ch\/management\/2026-01-05\/bdo-schweiz-ernennt-neuen-verwaltungsratspraesidenten\/","url":"https:\/\/www.organisator.ch\/management\/2026-01-05\/bdo-schweiz-ernennt-neuen-verwaltungsratspraesidenten\/","name":"BDO Suisse nomme un nouveau pr\u00e9sident du conseil d'administration - Organisateur","isPartOf":{"@id":"https:\/\/www.organisator.ch\/#website"},"primaryImageOfPage":{"@id":"https:\/\/www.organisator.ch\/management\/2026-01-05\/bdo-schweiz-ernennt-neuen-verwaltungsratspraesidenten\/#primaryimage"},"image":{"@id":"https:\/\/www.organisator.ch\/management\/2026-01-05\/bdo-schweiz-ernennt-neuen-verwaltungsratspraesidenten\/#primaryimage"},"thumbnailUrl":"https:\/\/www.organisator.ch\/wp-content\/uploads\/2026\/01\/BDO-Schweiz-ernennt-neuen-Verwaltungsratspraesidenten-1_Organisator.jpg","datePublished":"2026-01-05T07:57:45+00:00","description":"Au 1er janvier 2026, Stephan Bolliger a pris la pr\u00e9sidence du conseil d'administration de BDO Suisse. La direction accueille \u00e9galement deux nouveaux membres.","breadcrumb":{"@id":"https:\/\/www.organisator.ch\/management\/2026-01-05\/bdo-schweiz-ernennt-neuen-verwaltungsratspraesidenten\/#breadcrumb"},"inLanguage":"fr-FR","potentialAction":[{"@type":"ReadAction","target":["https:\/\/www.organisator.ch\/management\/2026-01-05\/bdo-schweiz-ernennt-neuen-verwaltungsratspraesidenten\/"]}]},{"@type":"ImageObject","inLanguage":"fr-FR","@id":"https:\/\/www.organisator.ch\/management\/2026-01-05\/bdo-schweiz-ernennt-neuen-verwaltungsratspraesidenten\/#primaryimage","url":"https:\/\/www.organisator.ch\/wp-content\/uploads\/2026\/01\/BDO-Schweiz-ernennt-neuen-Verwaltungsratspraesidenten-1_Organisator.jpg","contentUrl":"https:\/\/www.organisator.ch\/wp-content\/uploads\/2026\/01\/BDO-Schweiz-ernennt-neuen-Verwaltungsratspraesidenten-1_Organisator.jpg","width":680,"height":491,"caption":"Stephan Bolliger, Verwaltungsratspr\u00e4sident, Mitglied der Gesch\u00e4ftsleitung und Leiter Region Nordwestschweiz. (Bild: BDO)"},{"@type":"BreadcrumbList","@id":"https:\/\/www.organisator.ch\/management\/2026-01-05\/bdo-schweiz-ernennt-neuen-verwaltungsratspraesidenten\/#breadcrumb","itemListElement":[{"@type":"ListItem","position":1,"name":"Home","item":"https:\/\/www.organisator.ch\/"},{"@type":"ListItem","position":2,"name":"BDO Schweiz ernennt neuen Verwaltungsratspr\u00e4sidenten"}]},{"@type":"WebSite","@id":"https:\/\/www.organisator.ch\/#website","url":"https:\/\/www.organisator.ch\/","name":"Organisateur","description":"Comp\u00e9tence et comp\u00e9tence. Proches de la pratique. L'ORGANISATEUR pr\u00e9pare 10 num\u00e9ros par an sur les th\u00e8mes essentiels pour les dirigeants de PME.","publisher":{"@id":"https:\/\/www.organisator.ch\/#organization"},"potentialAction":[{"@type":"SearchAction","target":{"@type":"EntryPoint","urlTemplate":"https:\/\/www.organisator.ch\/?s={search_term_string}"},"query-input":{"@type":"PropertyValueSpecification","valueRequired":true,"valueName":"search_term_string"}}],"inLanguage":"fr-FR"},{"@type":"Organization","@id":"https:\/\/www.organisator.ch\/#organization","name":"Organisateur","url":"https:\/\/www.organisator.ch\/","logo":{"@type":"ImageObject","inLanguage":"fr-FR","@id":"https:\/\/www.organisator.ch\/#\/schema\/logo\/image\/","url":"https:\/\/www.organisator.ch\/wp-content\/uploads\/2022\/01\/Logo_Organisator_Website.png","contentUrl":"https:\/\/www.organisator.ch\/wp-content\/uploads\/2022\/01\/Logo_Organisator_Website.png","width":800,"height":77,"caption":"Organisator"},"image":{"@id":"https:\/\/www.organisator.ch\/#\/schema\/logo\/image\/"},"sameAs":["https:\/\/www.facebook.com\/OrganisatorFachmagazin","https:\/\/www.linkedin.com\/showcase\/organisator-das-magazin-fr-kmu","https:\/\/www.xing.com\/news\/pages\/organisator-ch-695","https:\/\/www.youtube.com\/channel\/UCGP2Sq0iWaZwT3BdIAQFYpw"]},{"@type":"Person","@id":"https:\/\/www.organisator.ch\/#\/schema\/person\/6f650f90b2842cd4c0cc334b4e36f67e","name":"thomas.berner","image":{"@type":"ImageObject","inLanguage":"fr-FR","@id":"https:\/\/secure.gravatar.com\/avatar\/ac5001d2a36cb6c6cd3e50789007ffca834b477b74a2144564522e944eabff61?s=96&d=mm&r=g","url":"https:\/\/secure.gravatar.com\/avatar\/ac5001d2a36cb6c6cd3e50789007ffca834b477b74a2144564522e944eabff61?s=96&d=mm&r=g","contentUrl":"https:\/\/secure.gravatar.com\/avatar\/ac5001d2a36cb6c6cd3e50789007ffca834b477b74a2144564522e944eabff61?s=96&d=mm&r=g","caption":"thomas.berner"},"url":"https:\/\/www.organisator.ch\/fr\/author\/thomas-berner\/"}]}},"_links":{"self":[{"href":"https:\/\/www.organisator.ch\/fr\/wp-json\/wp\/v2\/posts\/42932","targetHints":{"allow":["GET"]}}],"collection":[{"href":"https:\/\/www.organisator.ch\/fr\/wp-json\/wp\/v2\/posts"}],"about":[{"href":"https:\/\/www.organisator.ch\/fr\/wp-json\/wp\/v2\/types\/post"}],"author":[{"embeddable":true,"href":"https:\/\/www.organisator.ch\/fr\/wp-json\/wp\/v2\/users\/4"}],"replies":[{"embeddable":true,"href":"https:\/\/www.organisator.ch\/fr\/wp-json\/wp\/v2\/comments?post=42932"}],"version-history":[{"count":3,"href":"https:\/\/www.organisator.ch\/fr\/wp-json\/wp\/v2\/posts\/42932\/revisions"}],"predecessor-version":[{"id":42960,"href":"https:\/\/www.organisator.ch\/fr\/wp-json\/wp\/v2\/posts\/42932\/revisions\/42960"}],"wp:featuredmedia":[{"embeddable":true,"href":"https:\/\/www.organisator.ch\/fr\/wp-json\/wp\/v2\/media\/42933"}],"wp:attachment":[{"href":"https:\/\/www.organisator.ch\/fr\/wp-json\/wp\/v2\/media?parent=42932"}],"wp:term":[{"taxonomy":"category","embeddable":true,"href":"https:\/\/www.organisator.ch\/fr\/wp-json\/wp\/v2\/categories?post=42932"},{"taxonomy":"post_tag","embeddable":true,"href":"https:\/\/www.organisator.ch\/fr\/wp-json\/wp\/v2\/tags?post=42932"}],"curies":[{"name":"wp","href":"https:\/\/api.w.org\/{rel}","templated":true}]}}