{"id":4295,"date":"2018-09-27T07:50:28","date_gmt":"2018-09-27T05:50:28","guid":{"rendered":"https:\/\/www.organisator.ch\/?p=4295"},"modified":"2018-09-27T07:50:28","modified_gmt":"2018-09-27T05:50:28","slug":"stellenmeldepflicht-in-der-gastrobranche-uebermaessiger-aufwand-und-kaum-nutzen","status":"publish","type":"post","link":"https:\/\/www.organisator.ch\/fr\/management\/2018-09-27\/stellenmeldepflicht-in-der-gastrobranche-uebermaessiger-aufwand-und-kaum-nutzen\/","title":{"rendered":"Obligation d'annoncer les postes vacants dans la branche de l'h\u00f4tellerie et de la restauration : des charges excessives pour un b\u00e9n\u00e9fice minime"},"content":{"rendered":"<figure id=\"attachment_4297\" aria-describedby=\"caption-attachment-4297\" style=\"width: 640px\" class=\"wp-caption alignnone\"><img loading=\"lazy\" decoding=\"async\" class=\"size-full wp-image-4297\" src=\"https:\/\/www.organisator.ch\/wp-content\/uploads\/2018\/09\/Stellenmeldepflicht-in-der-Gastrobranche-Uebermaessiger-Aufwand-und-kaum-Nutzen_Organisator.jpg\" alt=\"\" width=\"640\" height=\"427\" srcset=\"https:\/\/www.organisator.ch\/wp-content\/uploads\/2018\/09\/Stellenmeldepflicht-in-der-Gastrobranche-Uebermaessiger-Aufwand-und-kaum-Nutzen_Organisator.jpg 640w, https:\/\/www.organisator.ch\/wp-content\/uploads\/2018\/09\/Stellenmeldepflicht-in-der-Gastrobranche-Uebermaessiger-Aufwand-und-kaum-Nutzen_Organisator-16x12.jpg 16w, https:\/\/www.organisator.ch\/wp-content\/uploads\/2018\/09\/Stellenmeldepflicht-in-der-Gastrobranche-Uebermaessiger-Aufwand-und-kaum-Nutzen_Organisator-262x175.jpg 262w, https:\/\/www.organisator.ch\/wp-content\/uploads\/2018\/09\/Stellenmeldepflicht-in-der-Gastrobranche-Uebermaessiger-Aufwand-und-kaum-Nutzen_Organisator-525x350.jpg 525w, https:\/\/www.organisator.ch\/wp-content\/uploads\/2018\/09\/Stellenmeldepflicht-in-der-Gastrobranche-Uebermaessiger-Aufwand-und-kaum-Nutzen_Organisator-300x200.jpg 300w\" sizes=\"auto, (max-width: 640px) 100vw, 640px\" \/><figcaption id=\"caption-attachment-4297\" class=\"wp-caption-text\">Le secteur de l'h\u00f4tellerie et de la restauration se plaint de probl\u00e8mes massifs dans la mise en \u0153uvre de l'obligation d'annoncer les postes vacants. (Image : Fotolia.com)<\/figcaption><\/figure>\n<p>La mise en \u0153uvre de l'obligation d'annoncer les postes vacants - une mesure li\u00e9e \u00e0 la mise en \u0153uvre de l'initiative contre l'immigration de masse, qui vise \u00e0 donner la priorit\u00e9 aux travailleurs indig\u00e8nes sur les postes vacants - suscite des critiques, notamment dans le secteur de l'h\u00f4tellerie et de la restauration, comme le montre un r\u00e9cent sondage de l'association professionnelle GastroSuisse. Les personnes interrog\u00e9es critiquent la charge de travail \u00e9lev\u00e9e pour les entreprises ainsi que la qualit\u00e9 des dossiers envoy\u00e9s par l'ORP. De plus, l'enqu\u00eate a r\u00e9v\u00e9l\u00e9 que les ORP ne respectent pas les d\u00e9lais fix\u00e9s par la loi. L'h\u00f4tellerie-restauration, en tant que branche \u00e0 forte intensit\u00e9 de main-d'\u0153uvre avec plus de 200'000 collaborateurs, d\u00e9pend tout particuli\u00e8rement d'une mise en \u0153uvre praticable de l'obligation d'annoncer les postes vacants. Selon l'enqu\u00eate, 26,4 % des entreprises interrog\u00e9es ont d\u00e9j\u00e0 annonc\u00e9 au moins un poste \u00e0 l'ORP en seulement deux mois et demi.<\/p>\n<h2>Les d\u00e9fauts sont \u00e9vidents<\/h2>\n<p>Les exp\u00e9riences des membres de GastroSuisse sont mitig\u00e9es : 57,8 % sont moyennement ou pas du tout satisfaits des prestations des ORP. Ils critiquent la charge de travail importante et le faible taux de r\u00e9ussite. Les dossiers envoy\u00e9s ne correspondraient souvent pas au profil d'exigences du poste. Bien plus de la moiti\u00e9 des dossiers envoy\u00e9s par les ORP (54,8 %) ne convenaient pas. L'ORP a pu pourvoir \u00e0 peine un poste annonc\u00e9 sur 7 ou 8 (13.7 %). La qualit\u00e9 des dossiers pourrait \u00eatre am\u00e9lior\u00e9e en affinant la nomenclature des professions. La cat\u00e9gorie professionnelle \"personnel de cuisine\", par exemple, comprend \u00e0 tort du personnel qualifi\u00e9 et du personnel auxiliaire. \"Il existe une grave p\u00e9nurie de personnel qualifi\u00e9 pour les cuisiniers qualifi\u00e9s. Pourtant, les postes vacants doivent \u00eatre d\u00e9clar\u00e9s. O\u00f9 sont tous les cuisiniers au ch\u00f4mage si l'ORP ne peut pas non plus envoyer de dossiers ad\u00e9quats ?\", se demande Casimir Platzer, pr\u00e9sident de GastroSuisse et h\u00f4telier \u00e0 Kandersteg.<\/p>\n<h2>Temps d'attente beaucoup trop long<\/h2>\n<p>Les d\u00e9lais d'attente parfois tr\u00e8s longs lors du processus de recrutement sont \u00e9galement insuffisants. Ainsi, seul un \u00e9tablissement a re\u00e7u imm\u00e9diatement une confirmation de r\u00e9ception de l'ORP (0,6 %). Or, c'est pr\u00e9cis\u00e9ment ce que GastroSuisse exige pour r\u00e9duire les d\u00e9lais d'attente. En effet, ce n'est qu'\u00e0 partir de ce moment que commence \u00e0 courir le d\u00e9lai de blocage de cinq jours pendant lequel les employeurs ne peuvent pas mettre le poste au concours. La dur\u00e9e entre l'accus\u00e9 de r\u00e9ception et l'envoi des dossiers est \u00e9galement nettement trop longue : 43,4 % des entreprises ont d\u00fb attendre 4 jours ou plus, d\u00e9passant ainsi le d\u00e9lai l\u00e9gal de 3 jours. Au total, un tiers des entreprises interrog\u00e9es (33.3 %) qui ont finalement re\u00e7u un dossier ont d\u00fb attendre 8 jours ou plus \u00e0 partir de l'annonce de l'emploi. Pour 8.3 %, cela a m\u00eame dur\u00e9 plus de 14 jours. L'h\u00f4tellerie-restauration conna\u00eet des fluctuations relativement importantes de ses effectifs, qu'il convient de compenser rapidement. Les longs d\u00e9lais d'attente entra\u00eenent une surcharge de travail pour le personnel employ\u00e9 et compliquent consid\u00e9rablement la gestion de l'entreprise.<\/p>\n<p><em>Source : <a href=\"http:\/\/www.gastrosuisse.ch\">GastroSuisse<\/a><br \/>\nPour en savoir plus sur l'obligation de d\u00e9clarer les postes vacants et les premi\u00e8res exp\u00e9riences en la mati\u00e8re, lire <a href=\"https:\/\/www.organisator.ch\/wp-content\/uploads\/2018\/09\/2018_09_Nachgefragt_12-13.pdf\">cet article ORGANISATEUR<\/a>.<\/em><\/p>\n<p>&nbsp;<\/p>\n<p>&nbsp;<\/p>","protected":false},"excerpt":{"rendered":"<p>Die Umsetzung der Stellenmeldepflicht &#8211; eine Massnahme im Zusammenhang mit der Umsetzung der Masseneinwanderungs-Initiative, welche auf offene Stellen den Inl\u00e4ndervorrang zum Ziel hat &#8211; sorgt vor allem in der Gastrobranche f\u00fcr Kritik, wie eine j\u00fcngst durchgef\u00fchrte Umfrage des Branchenverbands GastroSuisse\u00a0zeigt. Die Befragten kritisieren den hohen\u00a0Aufwand f\u00fcr Unternehmen sowie die Qualit\u00e4t der vom RAV zugestellten Dossiers. [&hellip;]<\/p>\n","protected":false},"author":4,"featured_media":4297,"comment_status":"open","ping_status":"open","sticky":false,"template":"","format":"standard","meta":{"_acf_changed":false,"_yoast_wpseo_focuskw":"Stellenmeldepflicht","_yoast_wpseo_metadesc":"Gem\u00e4ss einer Umfrage von GastroSuisse ist eine Mehrheit der gastgewerblichen Betriebe mit der Umsetzung der Stellenmeldepflicht unzufrieden.","articlekey":"","footnotes":""},"categories":[28],"tags":[90,241,254,411,531],"class_list":["post-4295","post","type-post","status-publish","format-standard","has-post-thumbnail","hentry","category-management","tag-branchen","tag-gesetzgebung","tag-hrm","tag-rekrutierung","tag-wirtschaftspolitik"],"acf":[],"yoast_head":"<!-- This site is optimized with the Yoast SEO plugin v27.4 - https:\/\/yoast.com\/product\/yoast-seo-wordpress\/ -->\n<title>Stellenmeldepflicht in der Gastrobranche: \u00dcberm\u00e4ssiger Aufwand und kaum Nutzen - Organisator<\/title>\n<meta name=\"description\" content=\"Gem\u00e4ss einer Umfrage von GastroSuisse ist eine Mehrheit der gastgewerblichen Betriebe mit der Umsetzung der Stellenmeldepflicht unzufrieden.\" \/>\n<meta name=\"robots\" content=\"index, follow, max-snippet:-1, max-image-preview:large, max-video-preview:-1\" \/>\n<link rel=\"canonical\" href=\"https:\/\/www.organisator.ch\/fr\/gestion-2\/2018-09-27\/stellenmeldepflicht-in-der-gastrobranche-uebermaessiger-aufwand-und-kaum-nutzen\/\" \/>\n<meta property=\"og:locale\" content=\"fr_FR\" \/>\n<meta property=\"og:type\" content=\"article\" \/>\n<meta property=\"og:title\" content=\"Stellenmeldepflicht in der Gastrobranche: \u00dcberm\u00e4ssiger Aufwand und kaum Nutzen\" \/>\n<meta property=\"og:description\" content=\"Gem\u00e4ss einer Umfrage von GastroSuisse ist eine Mehrheit der gastgewerblichen Betriebe mit der Umsetzung der Stellenmeldepflicht unzufrieden.\" \/>\n<meta property=\"og:url\" content=\"https:\/\/www.organisator.ch\/fr\/gestion-2\/2018-09-27\/stellenmeldepflicht-in-der-gastrobranche-uebermaessiger-aufwand-und-kaum-nutzen\/\" \/>\n<meta property=\"og:site_name\" content=\"Organisator\" \/>\n<meta property=\"article:publisher\" content=\"https:\/\/www.facebook.com\/OrganisatorFachmagazin\" \/>\n<meta property=\"article:published_time\" content=\"2018-09-27T05:50:28+00:00\" \/>\n<meta property=\"og:image\" content=\"https:\/\/www.organisator.ch\/wp-content\/uploads\/2018\/09\/Stellenmeldepflicht-in-der-Gastrobranche-Uebermaessiger-Aufwand-und-kaum-Nutzen_Organisator.jpg\" \/>\n\t<meta property=\"og:image:width\" content=\"640\" \/>\n\t<meta property=\"og:image:height\" content=\"427\" \/>\n\t<meta property=\"og:image:type\" content=\"image\/jpeg\" \/>\n<meta name=\"author\" content=\"thomas.berner\" \/>\n<meta name=\"twitter:card\" content=\"summary_large_image\" \/>\n<meta name=\"twitter:title\" content=\"#Stellenmeldepflicht in der #Gastrobranche: \u00dcberm\u00e4ssiger Aufwand und kaum Nutzen\" \/>\n<meta name=\"twitter:description\" content=\"Gem\u00e4ss einer Umfrage von #GastroSuisse ist eine Mehrheit der gastgewerblichen Betriebe mit der Umsetzung der #Stellenmeldepflicht unzufrieden.\" \/>\n<meta name=\"twitter:image\" content=\"https:\/\/www.organisator.ch\/wp-content\/uploads\/2018\/09\/Stellenmeldepflicht-in-der-Gastrobranche-\u00dcberm\u00e4ssiger-Aufwand-und-kaum-Nutzen_Organisator.jpg\" \/>\n<script type=\"application\/ld+json\" class=\"yoast-schema-graph\">{\"@context\":\"https:\\\/\\\/schema.org\",\"@graph\":[{\"@type\":\"Article\",\"@id\":\"https:\\\/\\\/www.organisator.ch\\\/management\\\/2018-09-27\\\/stellenmeldepflicht-in-der-gastrobranche-uebermaessiger-aufwand-und-kaum-nutzen\\\/#article\",\"isPartOf\":{\"@id\":\"https:\\\/\\\/www.organisator.ch\\\/management\\\/2018-09-27\\\/stellenmeldepflicht-in-der-gastrobranche-uebermaessiger-aufwand-und-kaum-nutzen\\\/\"},\"author\":{\"name\":\"thomas.berner\",\"@id\":\"https:\\\/\\\/www.organisator.ch\\\/#\\\/schema\\\/person\\\/6f650f90b2842cd4c0cc334b4e36f67e\"},\"headline\":\"Stellenmeldepflicht in der Gastrobranche: \u00dcberm\u00e4ssiger Aufwand und kaum Nutzen\",\"datePublished\":\"2018-09-27T05:50:28+00:00\",\"mainEntityOfPage\":{\"@id\":\"https:\\\/\\\/www.organisator.ch\\\/management\\\/2018-09-27\\\/stellenmeldepflicht-in-der-gastrobranche-uebermaessiger-aufwand-und-kaum-nutzen\\\/\"},\"wordCount\":452,\"commentCount\":0,\"publisher\":{\"@id\":\"https:\\\/\\\/www.organisator.ch\\\/#organization\"},\"image\":{\"@id\":\"https:\\\/\\\/www.organisator.ch\\\/management\\\/2018-09-27\\\/stellenmeldepflicht-in-der-gastrobranche-uebermaessiger-aufwand-und-kaum-nutzen\\\/#primaryimage\"},\"thumbnailUrl\":\"https:\\\/\\\/www.organisator.ch\\\/wp-content\\\/uploads\\\/2018\\\/09\\\/Stellenmeldepflicht-in-der-Gastrobranche-Uebermaessiger-Aufwand-und-kaum-Nutzen_Organisator.jpg\",\"keywords\":[\"Branchen\",\"Gesetzgebung\",\"HRM\",\"Rekrutierung\",\"Wirtschaftspolitik\"],\"articleSection\":[\"MANAGEMENT\"],\"inLanguage\":\"fr-FR\"},{\"@type\":\"WebPage\",\"@id\":\"https:\\\/\\\/www.organisator.ch\\\/management\\\/2018-09-27\\\/stellenmeldepflicht-in-der-gastrobranche-uebermaessiger-aufwand-und-kaum-nutzen\\\/\",\"url\":\"https:\\\/\\\/www.organisator.ch\\\/management\\\/2018-09-27\\\/stellenmeldepflicht-in-der-gastrobranche-uebermaessiger-aufwand-und-kaum-nutzen\\\/\",\"name\":\"Stellenmeldepflicht in der Gastrobranche: \u00dcberm\u00e4ssiger Aufwand und kaum Nutzen - Organisator\",\"isPartOf\":{\"@id\":\"https:\\\/\\\/www.organisator.ch\\\/#website\"},\"primaryImageOfPage\":{\"@id\":\"https:\\\/\\\/www.organisator.ch\\\/management\\\/2018-09-27\\\/stellenmeldepflicht-in-der-gastrobranche-uebermaessiger-aufwand-und-kaum-nutzen\\\/#primaryimage\"},\"image\":{\"@id\":\"https:\\\/\\\/www.organisator.ch\\\/management\\\/2018-09-27\\\/stellenmeldepflicht-in-der-gastrobranche-uebermaessiger-aufwand-und-kaum-nutzen\\\/#primaryimage\"},\"thumbnailUrl\":\"https:\\\/\\\/www.organisator.ch\\\/wp-content\\\/uploads\\\/2018\\\/09\\\/Stellenmeldepflicht-in-der-Gastrobranche-Uebermaessiger-Aufwand-und-kaum-Nutzen_Organisator.jpg\",\"datePublished\":\"2018-09-27T05:50:28+00:00\",\"description\":\"Gem\u00e4ss einer Umfrage von GastroSuisse ist eine Mehrheit der gastgewerblichen Betriebe mit der Umsetzung der Stellenmeldepflicht unzufrieden.\",\"breadcrumb\":{\"@id\":\"https:\\\/\\\/www.organisator.ch\\\/management\\\/2018-09-27\\\/stellenmeldepflicht-in-der-gastrobranche-uebermaessiger-aufwand-und-kaum-nutzen\\\/#breadcrumb\"},\"inLanguage\":\"fr-FR\",\"potentialAction\":[{\"@type\":\"ReadAction\",\"target\":[\"https:\\\/\\\/www.organisator.ch\\\/management\\\/2018-09-27\\\/stellenmeldepflicht-in-der-gastrobranche-uebermaessiger-aufwand-und-kaum-nutzen\\\/\"]}]},{\"@type\":\"ImageObject\",\"inLanguage\":\"fr-FR\",\"@id\":\"https:\\\/\\\/www.organisator.ch\\\/management\\\/2018-09-27\\\/stellenmeldepflicht-in-der-gastrobranche-uebermaessiger-aufwand-und-kaum-nutzen\\\/#primaryimage\",\"url\":\"https:\\\/\\\/www.organisator.ch\\\/wp-content\\\/uploads\\\/2018\\\/09\\\/Stellenmeldepflicht-in-der-Gastrobranche-Uebermaessiger-Aufwand-und-kaum-Nutzen_Organisator.jpg\",\"contentUrl\":\"https:\\\/\\\/www.organisator.ch\\\/wp-content\\\/uploads\\\/2018\\\/09\\\/Stellenmeldepflicht-in-der-Gastrobranche-Uebermaessiger-Aufwand-und-kaum-Nutzen_Organisator.jpg\",\"width\":640,\"height\":427,\"caption\":\"Die Gastrobranche beklagt massive Probleme bei der Umsetzung der Stellenmeldepflicht. (Bild: Fotolia.com)\"},{\"@type\":\"BreadcrumbList\",\"@id\":\"https:\\\/\\\/www.organisator.ch\\\/management\\\/2018-09-27\\\/stellenmeldepflicht-in-der-gastrobranche-uebermaessiger-aufwand-und-kaum-nutzen\\\/#breadcrumb\",\"itemListElement\":[{\"@type\":\"ListItem\",\"position\":1,\"name\":\"Home\",\"item\":\"https:\\\/\\\/www.organisator.ch\\\/\"},{\"@type\":\"ListItem\",\"position\":2,\"name\":\"Stellenmeldepflicht in der Gastrobranche: \u00dcberm\u00e4ssiger Aufwand und kaum Nutzen\"}]},{\"@type\":\"WebSite\",\"@id\":\"https:\\\/\\\/www.organisator.ch\\\/#website\",\"url\":\"https:\\\/\\\/www.organisator.ch\\\/\",\"name\":\"Organisator\",\"description\":\"Kompetent. Praxisnah. Der ORGANISATOR bereitet in 10 Ausgaben pro Jahr die wesentlichen Themen f\u00fcr F\u00fchrungskr\u00e4fte von KMU auf.\",\"publisher\":{\"@id\":\"https:\\\/\\\/www.organisator.ch\\\/#organization\"},\"potentialAction\":[{\"@type\":\"SearchAction\",\"target\":{\"@type\":\"EntryPoint\",\"urlTemplate\":\"https:\\\/\\\/www.organisator.ch\\\/?s={search_term_string}\"},\"query-input\":{\"@type\":\"PropertyValueSpecification\",\"valueRequired\":true,\"valueName\":\"search_term_string\"}}],\"inLanguage\":\"fr-FR\"},{\"@type\":\"Organization\",\"@id\":\"https:\\\/\\\/www.organisator.ch\\\/#organization\",\"name\":\"Organisator\",\"url\":\"https:\\\/\\\/www.organisator.ch\\\/\",\"logo\":{\"@type\":\"ImageObject\",\"inLanguage\":\"fr-FR\",\"@id\":\"https:\\\/\\\/www.organisator.ch\\\/#\\\/schema\\\/logo\\\/image\\\/\",\"url\":\"https:\\\/\\\/www.organisator.ch\\\/wp-content\\\/uploads\\\/2022\\\/01\\\/Logo_Organisator_Website.png\",\"contentUrl\":\"https:\\\/\\\/www.organisator.ch\\\/wp-content\\\/uploads\\\/2022\\\/01\\\/Logo_Organisator_Website.png\",\"width\":800,\"height\":77,\"caption\":\"Organisator\"},\"image\":{\"@id\":\"https:\\\/\\\/www.organisator.ch\\\/#\\\/schema\\\/logo\\\/image\\\/\"},\"sameAs\":[\"https:\\\/\\\/www.facebook.com\\\/OrganisatorFachmagazin\",\"https:\\\/\\\/www.linkedin.com\\\/showcase\\\/organisator-das-magazin-fr-kmu\",\"https:\\\/\\\/www.xing.com\\\/news\\\/pages\\\/organisator-ch-695\",\"https:\\\/\\\/www.youtube.com\\\/channel\\\/UCGP2Sq0iWaZwT3BdIAQFYpw\"]},{\"@type\":\"Person\",\"@id\":\"https:\\\/\\\/www.organisator.ch\\\/#\\\/schema\\\/person\\\/6f650f90b2842cd4c0cc334b4e36f67e\",\"name\":\"thomas.berner\",\"image\":{\"@type\":\"ImageObject\",\"inLanguage\":\"fr-FR\",\"@id\":\"https:\\\/\\\/secure.gravatar.com\\\/avatar\\\/ac5001d2a36cb6c6cd3e50789007ffca834b477b74a2144564522e944eabff61?s=96&d=mm&r=g\",\"url\":\"https:\\\/\\\/secure.gravatar.com\\\/avatar\\\/ac5001d2a36cb6c6cd3e50789007ffca834b477b74a2144564522e944eabff61?s=96&d=mm&r=g\",\"contentUrl\":\"https:\\\/\\\/secure.gravatar.com\\\/avatar\\\/ac5001d2a36cb6c6cd3e50789007ffca834b477b74a2144564522e944eabff61?s=96&d=mm&r=g\",\"caption\":\"thomas.berner\"},\"url\":\"https:\\\/\\\/www.organisator.ch\\\/fr\\\/author\\\/thomas-berner\\\/\"}]}<\/script>\n<!-- \/ Yoast SEO plugin. -->","yoast_head_json":{"title":"Obligation d'annoncer les postes vacants dans le secteur de la restauration : une charge excessive pour un b\u00e9n\u00e9fice minime - Organisateur","description":"Selon une enqu\u00eate de GastroSuisse, une majorit\u00e9 des \u00e9tablissements de l'h\u00f4tellerie et de la restauration ne sont pas satisfaits de la mise en \u0153uvre de l'obligation d'annoncer les postes vacants.","robots":{"index":"index","follow":"follow","max-snippet":"max-snippet:-1","max-image-preview":"max-image-preview:large","max-video-preview":"max-video-preview:-1"},"canonical":"https:\/\/www.organisator.ch\/fr\/gestion-2\/2018-09-27\/stellenmeldepflicht-in-der-gastrobranche-uebermaessiger-aufwand-und-kaum-nutzen\/","og_locale":"fr_FR","og_type":"article","og_title":"Stellenmeldepflicht in der Gastrobranche: \u00dcberm\u00e4ssiger Aufwand und kaum Nutzen","og_description":"Gem\u00e4ss einer Umfrage von GastroSuisse ist eine Mehrheit der gastgewerblichen Betriebe mit der Umsetzung der Stellenmeldepflicht unzufrieden.","og_url":"https:\/\/www.organisator.ch\/fr\/gestion-2\/2018-09-27\/stellenmeldepflicht-in-der-gastrobranche-uebermaessiger-aufwand-und-kaum-nutzen\/","og_site_name":"Organisator","article_publisher":"https:\/\/www.facebook.com\/OrganisatorFachmagazin","article_published_time":"2018-09-27T05:50:28+00:00","og_image":[{"width":640,"height":427,"url":"https:\/\/www.organisator.ch\/wp-content\/uploads\/2018\/09\/Stellenmeldepflicht-in-der-Gastrobranche-Uebermaessiger-Aufwand-und-kaum-Nutzen_Organisator.jpg","type":"image\/jpeg"}],"author":"thomas.berner","twitter_card":"summary_large_image","twitter_title":"#Stellenmeldepflicht in der #Gastrobranche: \u00dcberm\u00e4ssiger Aufwand und kaum Nutzen","twitter_description":"Gem\u00e4ss einer Umfrage von #GastroSuisse ist eine Mehrheit der gastgewerblichen Betriebe mit der Umsetzung der #Stellenmeldepflicht unzufrieden.","twitter_image":"https:\/\/www.organisator.ch\/wp-content\/uploads\/2018\/09\/Stellenmeldepflicht-in-der-Gastrobranche-\u00dcberm\u00e4ssiger-Aufwand-und-kaum-Nutzen_Organisator.jpg","schema":{"@context":"https:\/\/schema.org","@graph":[{"@type":"Article","@id":"https:\/\/www.organisator.ch\/management\/2018-09-27\/stellenmeldepflicht-in-der-gastrobranche-uebermaessiger-aufwand-und-kaum-nutzen\/#article","isPartOf":{"@id":"https:\/\/www.organisator.ch\/management\/2018-09-27\/stellenmeldepflicht-in-der-gastrobranche-uebermaessiger-aufwand-und-kaum-nutzen\/"},"author":{"name":"thomas.berner","@id":"https:\/\/www.organisator.ch\/#\/schema\/person\/6f650f90b2842cd4c0cc334b4e36f67e"},"headline":"Stellenmeldepflicht in der Gastrobranche: \u00dcberm\u00e4ssiger Aufwand und kaum Nutzen","datePublished":"2018-09-27T05:50:28+00:00","mainEntityOfPage":{"@id":"https:\/\/www.organisator.ch\/management\/2018-09-27\/stellenmeldepflicht-in-der-gastrobranche-uebermaessiger-aufwand-und-kaum-nutzen\/"},"wordCount":452,"commentCount":0,"publisher":{"@id":"https:\/\/www.organisator.ch\/#organization"},"image":{"@id":"https:\/\/www.organisator.ch\/management\/2018-09-27\/stellenmeldepflicht-in-der-gastrobranche-uebermaessiger-aufwand-und-kaum-nutzen\/#primaryimage"},"thumbnailUrl":"https:\/\/www.organisator.ch\/wp-content\/uploads\/2018\/09\/Stellenmeldepflicht-in-der-Gastrobranche-Uebermaessiger-Aufwand-und-kaum-Nutzen_Organisator.jpg","keywords":["Branchen","Gesetzgebung","HRM","Rekrutierung","Wirtschaftspolitik"],"articleSection":["MANAGEMENT"],"inLanguage":"fr-FR"},{"@type":"WebPage","@id":"https:\/\/www.organisator.ch\/management\/2018-09-27\/stellenmeldepflicht-in-der-gastrobranche-uebermaessiger-aufwand-und-kaum-nutzen\/","url":"https:\/\/www.organisator.ch\/management\/2018-09-27\/stellenmeldepflicht-in-der-gastrobranche-uebermaessiger-aufwand-und-kaum-nutzen\/","name":"Obligation d'annoncer les postes vacants dans le secteur de la restauration : une charge excessive pour un b\u00e9n\u00e9fice minime - Organisateur","isPartOf":{"@id":"https:\/\/www.organisator.ch\/#website"},"primaryImageOfPage":{"@id":"https:\/\/www.organisator.ch\/management\/2018-09-27\/stellenmeldepflicht-in-der-gastrobranche-uebermaessiger-aufwand-und-kaum-nutzen\/#primaryimage"},"image":{"@id":"https:\/\/www.organisator.ch\/management\/2018-09-27\/stellenmeldepflicht-in-der-gastrobranche-uebermaessiger-aufwand-und-kaum-nutzen\/#primaryimage"},"thumbnailUrl":"https:\/\/www.organisator.ch\/wp-content\/uploads\/2018\/09\/Stellenmeldepflicht-in-der-Gastrobranche-Uebermaessiger-Aufwand-und-kaum-Nutzen_Organisator.jpg","datePublished":"2018-09-27T05:50:28+00:00","description":"Selon une enqu\u00eate de GastroSuisse, une majorit\u00e9 des \u00e9tablissements de l'h\u00f4tellerie et de la restauration ne sont pas satisfaits de la mise en \u0153uvre de l'obligation d'annoncer les postes vacants.","breadcrumb":{"@id":"https:\/\/www.organisator.ch\/management\/2018-09-27\/stellenmeldepflicht-in-der-gastrobranche-uebermaessiger-aufwand-und-kaum-nutzen\/#breadcrumb"},"inLanguage":"fr-FR","potentialAction":[{"@type":"ReadAction","target":["https:\/\/www.organisator.ch\/management\/2018-09-27\/stellenmeldepflicht-in-der-gastrobranche-uebermaessiger-aufwand-und-kaum-nutzen\/"]}]},{"@type":"ImageObject","inLanguage":"fr-FR","@id":"https:\/\/www.organisator.ch\/management\/2018-09-27\/stellenmeldepflicht-in-der-gastrobranche-uebermaessiger-aufwand-und-kaum-nutzen\/#primaryimage","url":"https:\/\/www.organisator.ch\/wp-content\/uploads\/2018\/09\/Stellenmeldepflicht-in-der-Gastrobranche-Uebermaessiger-Aufwand-und-kaum-Nutzen_Organisator.jpg","contentUrl":"https:\/\/www.organisator.ch\/wp-content\/uploads\/2018\/09\/Stellenmeldepflicht-in-der-Gastrobranche-Uebermaessiger-Aufwand-und-kaum-Nutzen_Organisator.jpg","width":640,"height":427,"caption":"Die Gastrobranche beklagt massive Probleme bei der Umsetzung der Stellenmeldepflicht. (Bild: Fotolia.com)"},{"@type":"BreadcrumbList","@id":"https:\/\/www.organisator.ch\/management\/2018-09-27\/stellenmeldepflicht-in-der-gastrobranche-uebermaessiger-aufwand-und-kaum-nutzen\/#breadcrumb","itemListElement":[{"@type":"ListItem","position":1,"name":"Home","item":"https:\/\/www.organisator.ch\/"},{"@type":"ListItem","position":2,"name":"Stellenmeldepflicht in der Gastrobranche: \u00dcberm\u00e4ssiger Aufwand und kaum Nutzen"}]},{"@type":"WebSite","@id":"https:\/\/www.organisator.ch\/#website","url":"https:\/\/www.organisator.ch\/","name":"Organisateur","description":"Comp\u00e9tence et comp\u00e9tence. Proches de la pratique. L'ORGANISATEUR pr\u00e9pare 10 num\u00e9ros par an sur les th\u00e8mes essentiels pour les dirigeants de PME.","publisher":{"@id":"https:\/\/www.organisator.ch\/#organization"},"potentialAction":[{"@type":"SearchAction","target":{"@type":"EntryPoint","urlTemplate":"https:\/\/www.organisator.ch\/?s={search_term_string}"},"query-input":{"@type":"PropertyValueSpecification","valueRequired":true,"valueName":"search_term_string"}}],"inLanguage":"fr-FR"},{"@type":"Organization","@id":"https:\/\/www.organisator.ch\/#organization","name":"Organisateur","url":"https:\/\/www.organisator.ch\/","logo":{"@type":"ImageObject","inLanguage":"fr-FR","@id":"https:\/\/www.organisator.ch\/#\/schema\/logo\/image\/","url":"https:\/\/www.organisator.ch\/wp-content\/uploads\/2022\/01\/Logo_Organisator_Website.png","contentUrl":"https:\/\/www.organisator.ch\/wp-content\/uploads\/2022\/01\/Logo_Organisator_Website.png","width":800,"height":77,"caption":"Organisator"},"image":{"@id":"https:\/\/www.organisator.ch\/#\/schema\/logo\/image\/"},"sameAs":["https:\/\/www.facebook.com\/OrganisatorFachmagazin","https:\/\/www.linkedin.com\/showcase\/organisator-das-magazin-fr-kmu","https:\/\/www.xing.com\/news\/pages\/organisator-ch-695","https:\/\/www.youtube.com\/channel\/UCGP2Sq0iWaZwT3BdIAQFYpw"]},{"@type":"Person","@id":"https:\/\/www.organisator.ch\/#\/schema\/person\/6f650f90b2842cd4c0cc334b4e36f67e","name":"thomas.berner","image":{"@type":"ImageObject","inLanguage":"fr-FR","@id":"https:\/\/secure.gravatar.com\/avatar\/ac5001d2a36cb6c6cd3e50789007ffca834b477b74a2144564522e944eabff61?s=96&d=mm&r=g","url":"https:\/\/secure.gravatar.com\/avatar\/ac5001d2a36cb6c6cd3e50789007ffca834b477b74a2144564522e944eabff61?s=96&d=mm&r=g","contentUrl":"https:\/\/secure.gravatar.com\/avatar\/ac5001d2a36cb6c6cd3e50789007ffca834b477b74a2144564522e944eabff61?s=96&d=mm&r=g","caption":"thomas.berner"},"url":"https:\/\/www.organisator.ch\/fr\/author\/thomas-berner\/"}]}},"_links":{"self":[{"href":"https:\/\/www.organisator.ch\/fr\/wp-json\/wp\/v2\/posts\/4295","targetHints":{"allow":["GET"]}}],"collection":[{"href":"https:\/\/www.organisator.ch\/fr\/wp-json\/wp\/v2\/posts"}],"about":[{"href":"https:\/\/www.organisator.ch\/fr\/wp-json\/wp\/v2\/types\/post"}],"author":[{"embeddable":true,"href":"https:\/\/www.organisator.ch\/fr\/wp-json\/wp\/v2\/users\/4"}],"replies":[{"embeddable":true,"href":"https:\/\/www.organisator.ch\/fr\/wp-json\/wp\/v2\/comments?post=4295"}],"version-history":[{"count":0,"href":"https:\/\/www.organisator.ch\/fr\/wp-json\/wp\/v2\/posts\/4295\/revisions"}],"wp:featuredmedia":[{"embeddable":true,"href":"https:\/\/www.organisator.ch\/fr\/wp-json\/wp\/v2\/media\/4297"}],"wp:attachment":[{"href":"https:\/\/www.organisator.ch\/fr\/wp-json\/wp\/v2\/media?parent=4295"}],"wp:term":[{"taxonomy":"category","embeddable":true,"href":"https:\/\/www.organisator.ch\/fr\/wp-json\/wp\/v2\/categories?post=4295"},{"taxonomy":"post_tag","embeddable":true,"href":"https:\/\/www.organisator.ch\/fr\/wp-json\/wp\/v2\/tags?post=4295"}],"curies":[{"name":"wp","href":"https:\/\/api.w.org\/{rel}","templated":true}]}}