{"id":4303,"date":"2018-09-28T08:28:50","date_gmt":"2018-09-28T06:28:50","guid":{"rendered":"https:\/\/www.organisator.ch\/?p=4303"},"modified":"2018-09-28T08:28:50","modified_gmt":"2018-09-28T06:28:50","slug":"firmenjubilaeum-jaisli-xamax-ag-50-jahre-unter-strom","status":"publish","type":"post","link":"https:\/\/www.organisator.ch\/fr\/management\/2018-09-28\/firmenjubilaeum-jaisli-xamax-ag-50-jahre-unter-strom\/","title":{"rendered":"Anniversaire de l'entreprise Jaisli-Xamax AG : 50 ans sous tension"},"content":{"rendered":"<figure id=\"attachment_4304\" aria-describedby=\"caption-attachment-4304\" style=\"width: 614px\" class=\"wp-caption alignnone\"><img loading=\"lazy\" decoding=\"async\" class=\"size-full wp-image-4304\" src=\"https:\/\/www.organisator.ch\/wp-content\/uploads\/2018\/09\/Firmenjubilaeum-Jaisli-Xamax-AG-50-Jahre-unter-Strom_Organisator.jpg\" alt=\"\" width=\"614\" height=\"480\" srcset=\"https:\/\/www.organisator.ch\/wp-content\/uploads\/2018\/09\/Firmenjubilaeum-Jaisli-Xamax-AG-50-Jahre-unter-Strom_Organisator.jpg 614w, https:\/\/www.organisator.ch\/wp-content\/uploads\/2018\/09\/Firmenjubilaeum-Jaisli-Xamax-AG-50-Jahre-unter-Strom_Organisator-16x12.jpg 16w, https:\/\/www.organisator.ch\/wp-content\/uploads\/2018\/09\/Firmenjubilaeum-Jaisli-Xamax-AG-50-Jahre-unter-Strom_Organisator-224x175.jpg 224w, https:\/\/www.organisator.ch\/wp-content\/uploads\/2018\/09\/Firmenjubilaeum-Jaisli-Xamax-AG-50-Jahre-unter-Strom_Organisator-448x350.jpg 448w, https:\/\/www.organisator.ch\/wp-content\/uploads\/2018\/09\/Firmenjubilaeum-Jaisli-Xamax-AG-50-Jahre-unter-Strom_Organisator-300x235.jpg 300w\" sizes=\"auto, (max-width: 614px) 100vw, 614px\" \/><figcaption id=\"caption-attachment-4304\" class=\"wp-caption-text\">A l'occasion de son 50e anniversaire, Jaisli-Xamax AG a relook\u00e9 son identit\u00e9 visuelle - visible \u00e9galement sur le journal des collaborateurs \"Brilli's News\". (Image : zVg)<\/figcaption><\/figure>\n<p>Le 1er octobre 1968, Ruedi Jaisli a fond\u00e9 la soci\u00e9t\u00e9 R. Jaisli &amp; Co. - au d\u00e9part comme simple entreprise d'installation \u00e9lectrique avec dix collaborateurs. Aujourd'hui, l'entreprise s'est d\u00e9velopp\u00e9e pour devenir une entreprise d'\u00e9lectricit\u00e9 comptant environ 400 collaborateurs. Ses domaines de sp\u00e9cialisation sont les installations \u00e9lectriques, la construction de tableaux de distribution, le service apr\u00e8s-vente, la technique des syst\u00e8mes de b\u00e2timent, le photovolta\u00efque ainsi que la t\u00e9l\u00e9matique. Jaisli-Xamax AG est \u00e9galement une entreprise formatrice de premier plan : elle forme actuellement 70 apprentis.<\/p>\n<h2>Anniversaire f\u00eat\u00e9 comme il se doit - et nouvelle pr\u00e9sentation<\/h2>\n<p>Le 23 juin, les festivit\u00e9s se sont d\u00e9roul\u00e9es au si\u00e8ge principal de Dietikon : Un barbecue a r\u00e9uni les clients, les partenaires de projet, les collaborateurs et, en tant qu'invit\u00e9 d'honneur, le fondateur de l'entreprise Ruedi Jaisli. Mais ce n'est pas tout : L'entreprise profite \u00e9galement de cet anniversaire pour se doter d'une nouvelle identit\u00e9 visuelle. Un nouveau corporate design a \u00e9t\u00e9 \u00e9labor\u00e9 avec une agence de graphisme zurichoise. Le journal des collaborateurs \"Brilli's News\" a \u00e9galement fait peau neuve : le concept de couleurs a certes \u00e9t\u00e9 conserv\u00e9, mais la police et le look ont \u00e9t\u00e9 enti\u00e8rement revus. La pr\u00e9sentation en ligne de Jaisli-Xamax AG a \u00e9galement \u00e9t\u00e9 remani\u00e9e et rendue encore plus conviviale.<\/p>\n<h2>Quatre ambassadeurs de l'apprentissage<\/h2>\n<p>D\u00e9sormais, quatre apprentis de tous les domaines professionnels - installateur-\u00e9lectricien, \u00e9lectricien de montage, monteur-automaticien, employ\u00e9e de commerce - parleront de leur apprentissage chez Jaisli-Xamax SA en tant qu'ambassadeurs. L'ambassadrice et les trois ambassadeurs offrent aux futurs apprentis des aper\u00e7us passionnants de leur quotidien d'apprentis. Les futurs apprentis en apprennent plus de premi\u00e8re main sur leur place d'apprentissage et profitent de l'exp\u00e9rience de leurs coll\u00e8gues. Avec cette mesure, l'entreprise veut encourager l'\u00e9change direct entre les jeunes. L'objectif est \u00e9galement d'augmenter la proportion de femmes dans les m\u00e9tiers de l'\u00e9lectricit\u00e9. Pour ce faire, il est pr\u00e9vu d'organiser des journ\u00e9es de d\u00e9couverte sur le th\u00e8me de l'\u00e9lectricit\u00e9 dans les \u00e9coles primaires afin d'inciter davantage de filles \u00e0 s'int\u00e9resser \u00e0 cette sp\u00e9cialit\u00e9.<\/p>\n<p><a href=\"http:\/\/www.jaisli-xamax.ch\"><em>Plus d'informations<\/em><\/a><\/p>\n<p>&nbsp;<\/p>","protected":false},"excerpt":{"rendered":"<p>Am 1. Oktober 1968 gr\u00fcndete Ruedi Jaisli die Firma R. Jaisli &amp; Co. &#8211; zun\u00e4chst als reiner Elektroinstallationsbetrieb mit zehn Mitarbeitenden. Heute ist die Firma zu einem Elektrounternehmen mit rund 400 Mitarbeitenden gewachsen. Zu den Spezialgebieten geh\u00f6ren die Bereiche Elektroinstallationen, Schaltanlagenbau, Service\/Kundendienst, Geb\u00e4udesystemtechnik, Photovoltaik sowie Telematik. Grossen Stellenwert geniesst die Jaisli-Xamax AG auch als Lehrbetrieb: [&hellip;]<\/p>\n","protected":false},"author":4,"featured_media":4304,"comment_status":"open","ping_status":"open","sticky":false,"template":"","format":"standard","meta":{"_acf_changed":false,"_yoast_wpseo_focuskw":"Jaisli-Xamax","_yoast_wpseo_metadesc":"Das Elektroinstallations-Unternehmen Jaisli-Xamax AG feiert dieses Jahr sein 50-j\u00e4hriges Bestehen.","articlekey":"","footnotes":""},"categories":[28],"tags":[206,492,508],"class_list":["post-4303","post","type-post","status-publish","format-standard","has-post-thumbnail","hentry","category-management","tag-firmenjubilaeum","tag-unternehmen","tag-vermischtes"],"acf":[],"yoast_head":"<!-- This site is optimized with the Yoast SEO plugin v27.5 - https:\/\/yoast.com\/product\/yoast-seo-wordpress\/ -->\n<title>Firmenjubil\u00e4um Jaisli-Xamax AG: 50 Jahre unter Strom - Organisator<\/title>\n<meta name=\"description\" content=\"Das Elektroinstallations-Unternehmen Jaisli-Xamax AG feiert dieses Jahr sein 50-j\u00e4hriges Bestehen.\" \/>\n<meta name=\"robots\" content=\"index, follow, max-snippet:-1, max-image-preview:large, max-video-preview:-1\" \/>\n<link rel=\"canonical\" href=\"https:\/\/www.organisator.ch\/fr\/gestion-2\/2018-09-28\/firmenjubilaeum-jaisli-xamax-ag-50-jahre-unter-strom\/\" \/>\n<meta property=\"og:locale\" content=\"fr_FR\" \/>\n<meta property=\"og:type\" content=\"article\" \/>\n<meta property=\"og:title\" content=\"Firmenjubil\u00e4um Jaisli-Xamax AG: 50 Jahre unter Strom\" \/>\n<meta property=\"og:description\" content=\"Das Elektroinstallations-Unternehmen Jaisli-Xamax AG feiert dieses Jahr sein 50-j\u00e4hriges Bestehen.\" \/>\n<meta property=\"og:url\" content=\"https:\/\/www.organisator.ch\/fr\/gestion-2\/2018-09-28\/firmenjubilaeum-jaisli-xamax-ag-50-jahre-unter-strom\/\" \/>\n<meta property=\"og:site_name\" content=\"Organisator\" \/>\n<meta property=\"article:publisher\" content=\"https:\/\/www.facebook.com\/OrganisatorFachmagazin\" \/>\n<meta property=\"article:published_time\" content=\"2018-09-28T06:28:50+00:00\" \/>\n<meta property=\"og:image\" content=\"https:\/\/www.organisator.ch\/wp-content\/uploads\/2018\/09\/Firmenjubilaeum-Jaisli-Xamax-AG-50-Jahre-unter-Strom_Organisator.jpg\" \/>\n\t<meta property=\"og:image:width\" content=\"614\" \/>\n\t<meta property=\"og:image:height\" content=\"480\" \/>\n\t<meta property=\"og:image:type\" content=\"image\/jpeg\" \/>\n<meta name=\"author\" content=\"thomas.berner\" \/>\n<meta name=\"twitter:card\" content=\"summary_large_image\" \/>\n<meta name=\"twitter:title\" content=\"Firmenjubil\u00e4um #Jaisli-Xamax AG: 50 Jahre unter Strom\" \/>\n<meta name=\"twitter:description\" content=\"Das Elektroinstallations-Unternehmen #Jaisli-Xamax AG feiert dieses Jahr sein 50-j\u00e4hriges Bestehen.\" \/>\n<meta name=\"twitter:image\" content=\"https:\/\/www.organisator.ch\/wp-content\/uploads\/2018\/09\/Firmenjubil\u00e4um-Jaisli-Xamax-AG-50-Jahre-unter-Strom_Organisator.jpg\" \/>\n<script type=\"application\/ld+json\" class=\"yoast-schema-graph\">{\"@context\":\"https:\\\/\\\/schema.org\",\"@graph\":[{\"@type\":\"Article\",\"@id\":\"https:\\\/\\\/www.organisator.ch\\\/management\\\/2018-09-28\\\/firmenjubilaeum-jaisli-xamax-ag-50-jahre-unter-strom\\\/#article\",\"isPartOf\":{\"@id\":\"https:\\\/\\\/www.organisator.ch\\\/management\\\/2018-09-28\\\/firmenjubilaeum-jaisli-xamax-ag-50-jahre-unter-strom\\\/\"},\"author\":{\"name\":\"thomas.berner\",\"@id\":\"https:\\\/\\\/www.organisator.ch\\\/#\\\/schema\\\/person\\\/6f650f90b2842cd4c0cc334b4e36f67e\"},\"headline\":\"Firmenjubil\u00e4um Jaisli-Xamax AG: 50 Jahre unter Strom\",\"datePublished\":\"2018-09-28T06:28:50+00:00\",\"mainEntityOfPage\":{\"@id\":\"https:\\\/\\\/www.organisator.ch\\\/management\\\/2018-09-28\\\/firmenjubilaeum-jaisli-xamax-ag-50-jahre-unter-strom\\\/\"},\"wordCount\":306,\"commentCount\":0,\"publisher\":{\"@id\":\"https:\\\/\\\/www.organisator.ch\\\/#organization\"},\"image\":{\"@id\":\"https:\\\/\\\/www.organisator.ch\\\/management\\\/2018-09-28\\\/firmenjubilaeum-jaisli-xamax-ag-50-jahre-unter-strom\\\/#primaryimage\"},\"thumbnailUrl\":\"https:\\\/\\\/www.organisator.ch\\\/wp-content\\\/uploads\\\/2018\\\/09\\\/Firmenjubilaeum-Jaisli-Xamax-AG-50-Jahre-unter-Strom_Organisator.jpg\",\"keywords\":[\"Firmenjubil\u00e4um\",\"Unternehmen\",\"Vermischtes\"],\"articleSection\":[\"MANAGEMENT\"],\"inLanguage\":\"fr-FR\"},{\"@type\":\"WebPage\",\"@id\":\"https:\\\/\\\/www.organisator.ch\\\/management\\\/2018-09-28\\\/firmenjubilaeum-jaisli-xamax-ag-50-jahre-unter-strom\\\/\",\"url\":\"https:\\\/\\\/www.organisator.ch\\\/management\\\/2018-09-28\\\/firmenjubilaeum-jaisli-xamax-ag-50-jahre-unter-strom\\\/\",\"name\":\"Firmenjubil\u00e4um Jaisli-Xamax AG: 50 Jahre unter Strom - Organisator\",\"isPartOf\":{\"@id\":\"https:\\\/\\\/www.organisator.ch\\\/#website\"},\"primaryImageOfPage\":{\"@id\":\"https:\\\/\\\/www.organisator.ch\\\/management\\\/2018-09-28\\\/firmenjubilaeum-jaisli-xamax-ag-50-jahre-unter-strom\\\/#primaryimage\"},\"image\":{\"@id\":\"https:\\\/\\\/www.organisator.ch\\\/management\\\/2018-09-28\\\/firmenjubilaeum-jaisli-xamax-ag-50-jahre-unter-strom\\\/#primaryimage\"},\"thumbnailUrl\":\"https:\\\/\\\/www.organisator.ch\\\/wp-content\\\/uploads\\\/2018\\\/09\\\/Firmenjubilaeum-Jaisli-Xamax-AG-50-Jahre-unter-Strom_Organisator.jpg\",\"datePublished\":\"2018-09-28T06:28:50+00:00\",\"description\":\"Das Elektroinstallations-Unternehmen Jaisli-Xamax AG feiert dieses Jahr sein 50-j\u00e4hriges Bestehen.\",\"breadcrumb\":{\"@id\":\"https:\\\/\\\/www.organisator.ch\\\/management\\\/2018-09-28\\\/firmenjubilaeum-jaisli-xamax-ag-50-jahre-unter-strom\\\/#breadcrumb\"},\"inLanguage\":\"fr-FR\",\"potentialAction\":[{\"@type\":\"ReadAction\",\"target\":[\"https:\\\/\\\/www.organisator.ch\\\/management\\\/2018-09-28\\\/firmenjubilaeum-jaisli-xamax-ag-50-jahre-unter-strom\\\/\"]}]},{\"@type\":\"ImageObject\",\"inLanguage\":\"fr-FR\",\"@id\":\"https:\\\/\\\/www.organisator.ch\\\/management\\\/2018-09-28\\\/firmenjubilaeum-jaisli-xamax-ag-50-jahre-unter-strom\\\/#primaryimage\",\"url\":\"https:\\\/\\\/www.organisator.ch\\\/wp-content\\\/uploads\\\/2018\\\/09\\\/Firmenjubilaeum-Jaisli-Xamax-AG-50-Jahre-unter-Strom_Organisator.jpg\",\"contentUrl\":\"https:\\\/\\\/www.organisator.ch\\\/wp-content\\\/uploads\\\/2018\\\/09\\\/Firmenjubilaeum-Jaisli-Xamax-AG-50-Jahre-unter-Strom_Organisator.jpg\",\"width\":614,\"height\":480,\"caption\":\"Zum 50-Jahr-Jubil\u00e4um wurde das Corporate Design von Jaisli-Xamax AG neu gestaltet - sichtbar auch an der Mitarbeiterzeitung \\\"Brilli's News\\\". (Bild: zVg)\"},{\"@type\":\"BreadcrumbList\",\"@id\":\"https:\\\/\\\/www.organisator.ch\\\/management\\\/2018-09-28\\\/firmenjubilaeum-jaisli-xamax-ag-50-jahre-unter-strom\\\/#breadcrumb\",\"itemListElement\":[{\"@type\":\"ListItem\",\"position\":1,\"name\":\"Home\",\"item\":\"https:\\\/\\\/www.organisator.ch\\\/\"},{\"@type\":\"ListItem\",\"position\":2,\"name\":\"Firmenjubil\u00e4um Jaisli-Xamax AG: 50 Jahre unter Strom\"}]},{\"@type\":\"WebSite\",\"@id\":\"https:\\\/\\\/www.organisator.ch\\\/#website\",\"url\":\"https:\\\/\\\/www.organisator.ch\\\/\",\"name\":\"Organisator\",\"description\":\"Kompetent. Praxisnah. Der ORGANISATOR bereitet in 10 Ausgaben pro Jahr die wesentlichen Themen f\u00fcr F\u00fchrungskr\u00e4fte von KMU auf.\",\"publisher\":{\"@id\":\"https:\\\/\\\/www.organisator.ch\\\/#organization\"},\"potentialAction\":[{\"@type\":\"SearchAction\",\"target\":{\"@type\":\"EntryPoint\",\"urlTemplate\":\"https:\\\/\\\/www.organisator.ch\\\/?s={search_term_string}\"},\"query-input\":{\"@type\":\"PropertyValueSpecification\",\"valueRequired\":true,\"valueName\":\"search_term_string\"}}],\"inLanguage\":\"fr-FR\"},{\"@type\":\"Organization\",\"@id\":\"https:\\\/\\\/www.organisator.ch\\\/#organization\",\"name\":\"Organisator\",\"url\":\"https:\\\/\\\/www.organisator.ch\\\/\",\"logo\":{\"@type\":\"ImageObject\",\"inLanguage\":\"fr-FR\",\"@id\":\"https:\\\/\\\/www.organisator.ch\\\/#\\\/schema\\\/logo\\\/image\\\/\",\"url\":\"https:\\\/\\\/www.organisator.ch\\\/wp-content\\\/uploads\\\/2022\\\/01\\\/Logo_Organisator_Website.png\",\"contentUrl\":\"https:\\\/\\\/www.organisator.ch\\\/wp-content\\\/uploads\\\/2022\\\/01\\\/Logo_Organisator_Website.png\",\"width\":800,\"height\":77,\"caption\":\"Organisator\"},\"image\":{\"@id\":\"https:\\\/\\\/www.organisator.ch\\\/#\\\/schema\\\/logo\\\/image\\\/\"},\"sameAs\":[\"https:\\\/\\\/www.facebook.com\\\/OrganisatorFachmagazin\",\"https:\\\/\\\/www.linkedin.com\\\/showcase\\\/organisator-das-magazin-fr-kmu\",\"https:\\\/\\\/www.xing.com\\\/news\\\/pages\\\/organisator-ch-695\",\"https:\\\/\\\/www.youtube.com\\\/channel\\\/UCGP2Sq0iWaZwT3BdIAQFYpw\"]},{\"@type\":\"Person\",\"@id\":\"https:\\\/\\\/www.organisator.ch\\\/#\\\/schema\\\/person\\\/6f650f90b2842cd4c0cc334b4e36f67e\",\"name\":\"thomas.berner\",\"image\":{\"@type\":\"ImageObject\",\"inLanguage\":\"fr-FR\",\"@id\":\"https:\\\/\\\/secure.gravatar.com\\\/avatar\\\/ac5001d2a36cb6c6cd3e50789007ffca834b477b74a2144564522e944eabff61?s=96&d=mm&r=g\",\"url\":\"https:\\\/\\\/secure.gravatar.com\\\/avatar\\\/ac5001d2a36cb6c6cd3e50789007ffca834b477b74a2144564522e944eabff61?s=96&d=mm&r=g\",\"contentUrl\":\"https:\\\/\\\/secure.gravatar.com\\\/avatar\\\/ac5001d2a36cb6c6cd3e50789007ffca834b477b74a2144564522e944eabff61?s=96&d=mm&r=g\",\"caption\":\"thomas.berner\"},\"url\":\"https:\\\/\\\/www.organisator.ch\\\/fr\\\/author\\\/thomas-berner\\\/\"}]}<\/script>\n<!-- \/ Yoast SEO plugin. -->","yoast_head_json":{"title":"Anniversaire de l'entreprise Jaisli-Xamax AG : 50 ans sous tension - Organisateur","description":"L'entreprise d'installations \u00e9lectriques Jaisli-Xamax AG f\u00eate cette ann\u00e9e ses 50 ans d'existence.","robots":{"index":"index","follow":"follow","max-snippet":"max-snippet:-1","max-image-preview":"max-image-preview:large","max-video-preview":"max-video-preview:-1"},"canonical":"https:\/\/www.organisator.ch\/fr\/gestion-2\/2018-09-28\/firmenjubilaeum-jaisli-xamax-ag-50-jahre-unter-strom\/","og_locale":"fr_FR","og_type":"article","og_title":"Firmenjubil\u00e4um Jaisli-Xamax AG: 50 Jahre unter Strom","og_description":"Das Elektroinstallations-Unternehmen Jaisli-Xamax AG feiert dieses Jahr sein 50-j\u00e4hriges Bestehen.","og_url":"https:\/\/www.organisator.ch\/fr\/gestion-2\/2018-09-28\/firmenjubilaeum-jaisli-xamax-ag-50-jahre-unter-strom\/","og_site_name":"Organisator","article_publisher":"https:\/\/www.facebook.com\/OrganisatorFachmagazin","article_published_time":"2018-09-28T06:28:50+00:00","og_image":[{"width":614,"height":480,"url":"https:\/\/www.organisator.ch\/wp-content\/uploads\/2018\/09\/Firmenjubilaeum-Jaisli-Xamax-AG-50-Jahre-unter-Strom_Organisator.jpg","type":"image\/jpeg"}],"author":"thomas.berner","twitter_card":"summary_large_image","twitter_title":"Firmenjubil\u00e4um #Jaisli-Xamax AG: 50 Jahre unter Strom","twitter_description":"Das Elektroinstallations-Unternehmen #Jaisli-Xamax AG feiert dieses Jahr sein 50-j\u00e4hriges Bestehen.","twitter_image":"https:\/\/www.organisator.ch\/wp-content\/uploads\/2018\/09\/Firmenjubil\u00e4um-Jaisli-Xamax-AG-50-Jahre-unter-Strom_Organisator.jpg","schema":{"@context":"https:\/\/schema.org","@graph":[{"@type":"Article","@id":"https:\/\/www.organisator.ch\/management\/2018-09-28\/firmenjubilaeum-jaisli-xamax-ag-50-jahre-unter-strom\/#article","isPartOf":{"@id":"https:\/\/www.organisator.ch\/management\/2018-09-28\/firmenjubilaeum-jaisli-xamax-ag-50-jahre-unter-strom\/"},"author":{"name":"thomas.berner","@id":"https:\/\/www.organisator.ch\/#\/schema\/person\/6f650f90b2842cd4c0cc334b4e36f67e"},"headline":"Firmenjubil\u00e4um Jaisli-Xamax AG: 50 Jahre unter Strom","datePublished":"2018-09-28T06:28:50+00:00","mainEntityOfPage":{"@id":"https:\/\/www.organisator.ch\/management\/2018-09-28\/firmenjubilaeum-jaisli-xamax-ag-50-jahre-unter-strom\/"},"wordCount":306,"commentCount":0,"publisher":{"@id":"https:\/\/www.organisator.ch\/#organization"},"image":{"@id":"https:\/\/www.organisator.ch\/management\/2018-09-28\/firmenjubilaeum-jaisli-xamax-ag-50-jahre-unter-strom\/#primaryimage"},"thumbnailUrl":"https:\/\/www.organisator.ch\/wp-content\/uploads\/2018\/09\/Firmenjubilaeum-Jaisli-Xamax-AG-50-Jahre-unter-Strom_Organisator.jpg","keywords":["Firmenjubil\u00e4um","Unternehmen","Vermischtes"],"articleSection":["MANAGEMENT"],"inLanguage":"fr-FR"},{"@type":"WebPage","@id":"https:\/\/www.organisator.ch\/management\/2018-09-28\/firmenjubilaeum-jaisli-xamax-ag-50-jahre-unter-strom\/","url":"https:\/\/www.organisator.ch\/management\/2018-09-28\/firmenjubilaeum-jaisli-xamax-ag-50-jahre-unter-strom\/","name":"Anniversaire de l'entreprise Jaisli-Xamax AG : 50 ans sous tension - Organisateur","isPartOf":{"@id":"https:\/\/www.organisator.ch\/#website"},"primaryImageOfPage":{"@id":"https:\/\/www.organisator.ch\/management\/2018-09-28\/firmenjubilaeum-jaisli-xamax-ag-50-jahre-unter-strom\/#primaryimage"},"image":{"@id":"https:\/\/www.organisator.ch\/management\/2018-09-28\/firmenjubilaeum-jaisli-xamax-ag-50-jahre-unter-strom\/#primaryimage"},"thumbnailUrl":"https:\/\/www.organisator.ch\/wp-content\/uploads\/2018\/09\/Firmenjubilaeum-Jaisli-Xamax-AG-50-Jahre-unter-Strom_Organisator.jpg","datePublished":"2018-09-28T06:28:50+00:00","description":"L'entreprise d'installations \u00e9lectriques Jaisli-Xamax AG f\u00eate cette ann\u00e9e ses 50 ans d'existence.","breadcrumb":{"@id":"https:\/\/www.organisator.ch\/management\/2018-09-28\/firmenjubilaeum-jaisli-xamax-ag-50-jahre-unter-strom\/#breadcrumb"},"inLanguage":"fr-FR","potentialAction":[{"@type":"ReadAction","target":["https:\/\/www.organisator.ch\/management\/2018-09-28\/firmenjubilaeum-jaisli-xamax-ag-50-jahre-unter-strom\/"]}]},{"@type":"ImageObject","inLanguage":"fr-FR","@id":"https:\/\/www.organisator.ch\/management\/2018-09-28\/firmenjubilaeum-jaisli-xamax-ag-50-jahre-unter-strom\/#primaryimage","url":"https:\/\/www.organisator.ch\/wp-content\/uploads\/2018\/09\/Firmenjubilaeum-Jaisli-Xamax-AG-50-Jahre-unter-Strom_Organisator.jpg","contentUrl":"https:\/\/www.organisator.ch\/wp-content\/uploads\/2018\/09\/Firmenjubilaeum-Jaisli-Xamax-AG-50-Jahre-unter-Strom_Organisator.jpg","width":614,"height":480,"caption":"Zum 50-Jahr-Jubil\u00e4um wurde das Corporate Design von Jaisli-Xamax AG neu gestaltet - sichtbar auch an der Mitarbeiterzeitung \"Brilli's News\". (Bild: zVg)"},{"@type":"BreadcrumbList","@id":"https:\/\/www.organisator.ch\/management\/2018-09-28\/firmenjubilaeum-jaisli-xamax-ag-50-jahre-unter-strom\/#breadcrumb","itemListElement":[{"@type":"ListItem","position":1,"name":"Home","item":"https:\/\/www.organisator.ch\/"},{"@type":"ListItem","position":2,"name":"Firmenjubil\u00e4um Jaisli-Xamax AG: 50 Jahre unter Strom"}]},{"@type":"WebSite","@id":"https:\/\/www.organisator.ch\/#website","url":"https:\/\/www.organisator.ch\/","name":"Organisateur","description":"Comp\u00e9tence et comp\u00e9tence. Proches de la pratique. L'ORGANISATEUR pr\u00e9pare 10 num\u00e9ros par an sur les th\u00e8mes essentiels pour les dirigeants de PME.","publisher":{"@id":"https:\/\/www.organisator.ch\/#organization"},"potentialAction":[{"@type":"SearchAction","target":{"@type":"EntryPoint","urlTemplate":"https:\/\/www.organisator.ch\/?s={search_term_string}"},"query-input":{"@type":"PropertyValueSpecification","valueRequired":true,"valueName":"search_term_string"}}],"inLanguage":"fr-FR"},{"@type":"Organization","@id":"https:\/\/www.organisator.ch\/#organization","name":"Organisateur","url":"https:\/\/www.organisator.ch\/","logo":{"@type":"ImageObject","inLanguage":"fr-FR","@id":"https:\/\/www.organisator.ch\/#\/schema\/logo\/image\/","url":"https:\/\/www.organisator.ch\/wp-content\/uploads\/2022\/01\/Logo_Organisator_Website.png","contentUrl":"https:\/\/www.organisator.ch\/wp-content\/uploads\/2022\/01\/Logo_Organisator_Website.png","width":800,"height":77,"caption":"Organisator"},"image":{"@id":"https:\/\/www.organisator.ch\/#\/schema\/logo\/image\/"},"sameAs":["https:\/\/www.facebook.com\/OrganisatorFachmagazin","https:\/\/www.linkedin.com\/showcase\/organisator-das-magazin-fr-kmu","https:\/\/www.xing.com\/news\/pages\/organisator-ch-695","https:\/\/www.youtube.com\/channel\/UCGP2Sq0iWaZwT3BdIAQFYpw"]},{"@type":"Person","@id":"https:\/\/www.organisator.ch\/#\/schema\/person\/6f650f90b2842cd4c0cc334b4e36f67e","name":"thomas.berner","image":{"@type":"ImageObject","inLanguage":"fr-FR","@id":"https:\/\/secure.gravatar.com\/avatar\/ac5001d2a36cb6c6cd3e50789007ffca834b477b74a2144564522e944eabff61?s=96&d=mm&r=g","url":"https:\/\/secure.gravatar.com\/avatar\/ac5001d2a36cb6c6cd3e50789007ffca834b477b74a2144564522e944eabff61?s=96&d=mm&r=g","contentUrl":"https:\/\/secure.gravatar.com\/avatar\/ac5001d2a36cb6c6cd3e50789007ffca834b477b74a2144564522e944eabff61?s=96&d=mm&r=g","caption":"thomas.berner"},"url":"https:\/\/www.organisator.ch\/fr\/author\/thomas-berner\/"}]}},"_links":{"self":[{"href":"https:\/\/www.organisator.ch\/fr\/wp-json\/wp\/v2\/posts\/4303","targetHints":{"allow":["GET"]}}],"collection":[{"href":"https:\/\/www.organisator.ch\/fr\/wp-json\/wp\/v2\/posts"}],"about":[{"href":"https:\/\/www.organisator.ch\/fr\/wp-json\/wp\/v2\/types\/post"}],"author":[{"embeddable":true,"href":"https:\/\/www.organisator.ch\/fr\/wp-json\/wp\/v2\/users\/4"}],"replies":[{"embeddable":true,"href":"https:\/\/www.organisator.ch\/fr\/wp-json\/wp\/v2\/comments?post=4303"}],"version-history":[{"count":0,"href":"https:\/\/www.organisator.ch\/fr\/wp-json\/wp\/v2\/posts\/4303\/revisions"}],"wp:featuredmedia":[{"embeddable":true,"href":"https:\/\/www.organisator.ch\/fr\/wp-json\/wp\/v2\/media\/4304"}],"wp:attachment":[{"href":"https:\/\/www.organisator.ch\/fr\/wp-json\/wp\/v2\/media?parent=4303"}],"wp:term":[{"taxonomy":"category","embeddable":true,"href":"https:\/\/www.organisator.ch\/fr\/wp-json\/wp\/v2\/categories?post=4303"},{"taxonomy":"post_tag","embeddable":true,"href":"https:\/\/www.organisator.ch\/fr\/wp-json\/wp\/v2\/tags?post=4303"}],"curies":[{"name":"wp","href":"https:\/\/api.w.org\/{rel}","templated":true}]}}