{"id":43063,"date":"2026-01-09T08:00:33","date_gmt":"2026-01-09T07:00:33","guid":{"rendered":"https:\/\/www.markt-kom.com\/?p=248902"},"modified":"2026-01-09T07:48:58","modified_gmt":"2026-01-09T06:48:58","slug":"swissai-fordert-mehr-klarheit-und-kompetenz-im-umgang-mit-ki","status":"publish","type":"post","link":"https:\/\/www.organisator.ch\/fr\/operational-excellence\/2026-01-09\/swissai-fordert-mehr-klarheit-und-kompetenz-im-umgang-mit-ki\/","title":{"rendered":"SwissAI demande plus de clart\u00e9 et de comp\u00e9tence dans l'utilisation de l'IA"},"content":{"rendered":"<figure id=\"attachment_248904\" class=\"wp-caption alignnone\" style=\"width: 991px;\" aria-describedby=\"caption-attachment-248904\"><img class=\"wp-image-248904 size-full\" src=\"https:\/\/www.markt-kom.com\/wp-content\/uploads\/2026\/01\/Bildschirmfoto-2026-01-08-um-15.31.10.png\" sizes=\"(max-width: 991px) 100vw, 991px\" srcset=\"https:\/\/www.markt-kom.com\/wp-content\/uploads\/2026\/01\/Bildschirmfoto-2026-01-08-um-15.31.10.png 991w, https:\/\/www.markt-kom.com\/wp-content\/uploads\/2026\/01\/Bildschirmfoto-2026-01-08-um-15.31.10-600x286.png 600w, https:\/\/www.markt-kom.com\/wp-content\/uploads\/2026\/01\/Bildschirmfoto-2026-01-08-um-15.31.10-768x366.png 768w, https:\/\/www.markt-kom.com\/wp-content\/uploads\/2026\/01\/Bildschirmfoto-2026-01-08-um-15.31.10-18x9.png 18w, https:\/\/www.markt-kom.com\/wp-content\/uploads\/2026\/01\/Bildschirmfoto-2026-01-08-um-15.31.10-367x175.png 367w, https:\/\/www.markt-kom.com\/wp-content\/uploads\/2026\/01\/Bildschirmfoto-2026-01-08-um-15.31.10-735x350.png 735w\" alt=\"\" width=\"991\" height=\"472\" \/>\r\n<figcaption id=\"caption-attachment-248904\" class=\"wp-caption-text\">(image symbolique).<\/figcaption>\r\n<\/figure>\r\n<p>L'intelligence artificielle (IA) g\u00e9n\u00e9rative peut faciliter le travail du Parlement. L'association swissAI (anciennement \"KImpact\") salue donc l'utilisation d'outils d'IA par la Conf\u00e9d\u00e9ration, car elle peut faciliter le travail du Parlement. Elle recommande toutefois une utilisation prudente et souveraine. L'association fond\u00e9e en 2023 <span data-olk-copy-source=\"MessageBody\">s'engage pour un avenir num\u00e9rique constructif de la Suisse - en harmonie avec l'homme et le progr\u00e8s technologique.<\/span><\/p>\r\n<p>C'est ce qu'\u00e9crit SwissAI dans un communiqu\u00e9 : \"La mani\u00e8re dont le Copilot de Microsoft a \u00e9t\u00e9 introduit au Parlement et dans certaines parties de l'administration f\u00e9d\u00e9rale s'est en revanche faite sans d\u00e9cision officielle, sans gouvernance claire et sans d\u00e9veloppement syst\u00e9matique des comp\u00e9tences. Deux occasions ont ainsi \u00e9t\u00e9 manqu\u00e9es : une introduction responsable de l'IA et un mod\u00e8le cr\u00e9dible pour l'\u00e9conomie et la soci\u00e9t\u00e9 dans l'utilisation de cette technologie.<\/p>\r\n<h3><b>Le probl\u00e8me : l'introduction de l'IA sans contr\u00f4le et sans formation<\/b><\/h3>\r\n<p>Comme l'a montr\u00e9 Reto Vogt, journaliste ind\u00e9pendant et directeur d'\u00e9tudes au MAZ, dans son enqu\u00eate pour la \u00abNZZ am Sonntag\u00bb du 4.1.2026, l'activation du Copilot de Microsoft au Parlement a \u00e9t\u00e9 effectu\u00e9e de fait de mani\u00e8re autonome par le groupe technologique am\u00e9ricain - sans d\u00e9cision officielle de la Conf\u00e9d\u00e9ration, sans directives claires, sans responsabilit\u00e9s d\u00e9finies et sans transparence. L'introduction s'est faite quasiment par la petite porte. Il en r\u00e9sulte une zone d'ombre sur le plan juridique et de la politique de s\u00e9curit\u00e9.<\/p>\r\n<p>Les parlementaires et les collaborateurs de l'administration travaillent avec des informations sensibles, parfois confidentielles. Pourtant, aucune formation g\u00e9n\u00e9ralis\u00e9e ni aucune ligne directrice contraignante n'ont \u00e9t\u00e9 mises en place. Ceux qui utilisent l'IA sans en comprendre le fonctionnement, les limites et les risques ne peuvent ni assumer de responsabilit\u00e9s ni instaurer la confiance, que ce soit au sein des institutions ou vis-\u00e0-vis du public.<\/p>\r\n<h3><b>L'utilisation de l'IA : avant tout une question de leadership<\/b><\/h3>\r\n<p>Cette situation met en \u00e9vidence un probl\u00e8me de gouvernance fondamental dans la gestion de l'IA. Les institutions politiques doivent clarifier la situation,\u00a0<b>si<\/b>,\u00a0<b>pour quoi<\/b>\u00a0et\u00a0<b>dans quelles conditions<\/b>\u00a0l'IA est utilis\u00e9e. Quelle est la conception de la souverainet\u00e9 num\u00e9rique ? Quelles donn\u00e9es peuvent \u00eatre trait\u00e9es ? Qui d\u00e9cide de l'utilisation - et qui en porte la responsabilit\u00e9 ? Ces questions doivent trouver une r\u00e9ponse politique avant que les syst\u00e8mes techniques ne soient utilis\u00e9s de mani\u00e8re productive. Cette prise de conscience fait d\u00e9faut en de nombreux endroits.<\/p>\r\n<h3><b>swissAI conseille une utilisation comp\u00e9tente et contr\u00f4l\u00e9e de l'IA<\/b><\/h3>\r\n<p>\u00abNotre d\u00e9mocratie directe vit de la confiance dans les institutions \u00e9tatiques et de l'ind\u00e9pendance vis-\u00e0-vis des influences ext\u00e9rieures. L'IA est un outil puissant qui peut am\u00e9liorer nos processus - mais seulement si nous garantissons la transparence, la comp\u00e9tence et des voies d\u00e9cisionnelles souveraines\u00bb, d\u00e9clare Chris Beyeler, pr\u00e9sident de swissAI.<\/p>\r\n<p>Dans le cas pr\u00e9sent, swissAI recommande une proc\u00e9dure en trois \u00e9tapes, qui commence par une clarification politique fondamentale. Dans ce cadre, le Parlement doit d\u00e9finir, dans le cadre d'un large dialogue, quelles applications d'IA sont autoris\u00e9es et comment la souverainet\u00e9 num\u00e9rique de la Suisse peut \u00eatre pr\u00e9serv\u00e9e \u00e0 long terme. Parall\u00e8lement, un d\u00e9veloppement cibl\u00e9 des comp\u00e9tences est envisag\u00e9 : Une \u00e9valuation syst\u00e9matique des besoins en formation et des formations continues adapt\u00e9es pour le Parlement et l'administration doivent permettre de mieux comprendre les risques et de saisir les opportunit\u00e9s de mani\u00e8re proactive. En compl\u00e9ment, swissAI souligne l'int\u00e9gration d'une expertise externe. Des services sp\u00e9cialis\u00e9s ind\u00e9pendants doivent soutenir l'\u00e9valuation technique ainsi que l'\u00e9valuation \u00e9thique afin de garantir que le d\u00e9ploiement se fasse en accord avec la protection des donn\u00e9es et les valeurs fondamentales de la Suisse.<\/p>\r\n<h3><b>Souverainet\u00e9 dans l'utilisation de l'IA<\/b><\/h3>\r\n<p>La Suisse dispose d'un excellent savoir-faire dans le domaine de l'intelligence artificielle. Ce potentiel doit \u00eatre exploit\u00e9 - de mani\u00e8re coordonn\u00e9e, responsable et souveraine. L'IA peut \u00eatre un avantage pour la Suisse. Mais \u00e0 condition que son introduction se fasse de mani\u00e8re professionnelle et ne soit pas laiss\u00e9e au hasard ou \u00e0 des m\u00e9canismes de licence.<\/p>\r\n<p><em>Plus d'informations : <a href=\"https:\/\/swissai.ch\/\">SwissAI<\/a><\/em><\/p>","protected":false},"excerpt":{"rendered":"<p>L'intelligence artificielle (IA) g\u00e9n\u00e9rative peut faciliter le travail du Parlement. L'association swissAI salue donc l'utilisation d'outils d'IA par la Conf\u00e9d\u00e9ration, mais recommande une utilisation souveraine.<\/p>","protected":false},"author":8,"featured_media":0,"comment_status":"closed","ping_status":"closed","sticky":false,"template":"","format":"standard","meta":{"_acf_changed":false,"_yoast_wpseo_focuskw":"Umgang mit KI","_yoast_wpseo_metadesc":"Der Verband swissAI begr\u00fcsst den Einsatz von KI-Werkzeugen beim Bund, empfiehlt aber einen souver\u00e4neren Umgang mit KI.","articlekey":"","footnotes":""},"categories":[582],"tags":[319,4343,503],"class_list":["post-43063","post","type-post","status-publish","format-standard","hentry","category-operational-excellence","tag-kuenstliche-intelligenz","tag-markom","tag-verbaende"],"acf":[],"yoast_head":"<!-- This site is optimized with the Yoast SEO plugin v27.5 - https:\/\/yoast.com\/product\/yoast-seo-wordpress\/ -->\n<title>SwissAI fordert mehr Klarheit und Kompetenz im Umgang mit KI - Organisator<\/title>\n<meta name=\"description\" content=\"Der Verband swissAI begr\u00fcsst den Einsatz von KI-Werkzeugen beim Bund, empfiehlt aber einen souver\u00e4neren Umgang mit KI.\" \/>\n<meta name=\"robots\" content=\"index, follow, max-snippet:-1, max-image-preview:large, max-video-preview:-1\" \/>\n<link rel=\"canonical\" href=\"https:\/\/www.organisator.ch\/fr\/excellence-operationnelle\/2026-01-09\/swissai-fordert-mehr-klarheit-und-kompetenz-im-umgang-mit-ki\/\" \/>\n<meta property=\"og:locale\" content=\"fr_FR\" \/>\n<meta property=\"og:type\" content=\"article\" \/>\n<meta property=\"og:title\" content=\"SwissAI fordert mehr Klarheit und Kompetenz im Umgang mit KI - Organisator\" \/>\n<meta property=\"og:description\" content=\"Der Verband swissAI begr\u00fcsst den Einsatz von KI-Werkzeugen beim Bund, empfiehlt aber einen souver\u00e4neren Umgang mit KI.\" \/>\n<meta property=\"og:url\" content=\"https:\/\/www.organisator.ch\/fr\/excellence-operationnelle\/2026-01-09\/swissai-fordert-mehr-klarheit-und-kompetenz-im-umgang-mit-ki\/\" \/>\n<meta property=\"og:site_name\" content=\"Organisator\" \/>\n<meta property=\"article:publisher\" content=\"https:\/\/www.facebook.com\/OrganisatorFachmagazin\" \/>\n<meta property=\"article:published_time\" content=\"2026-01-09T07:00:33+00:00\" \/>\n<meta name=\"author\" content=\"galledia\" \/>\n<meta name=\"twitter:card\" content=\"summary_large_image\" \/>\n<meta name=\"twitter:creator\" content=\"@admin\" \/>\n<script type=\"application\/ld+json\" class=\"yoast-schema-graph\">{\"@context\":\"https:\\\/\\\/schema.org\",\"@graph\":[{\"@type\":\"Article\",\"@id\":\"https:\\\/\\\/www.organisator.ch\\\/operational-excellence\\\/2026-01-09\\\/swissai-fordert-mehr-klarheit-und-kompetenz-im-umgang-mit-ki\\\/#article\",\"isPartOf\":{\"@id\":\"https:\\\/\\\/www.organisator.ch\\\/operational-excellence\\\/2026-01-09\\\/swissai-fordert-mehr-klarheit-und-kompetenz-im-umgang-mit-ki\\\/\"},\"author\":{\"name\":\"galledia\",\"@id\":\"https:\\\/\\\/www.organisator.ch\\\/#\\\/schema\\\/person\\\/4e51799071cd2dd1232ac003643ef5f0\"},\"headline\":\"SwissAI fordert mehr Klarheit und Kompetenz im Umgang mit KI\",\"datePublished\":\"2026-01-09T07:00:33+00:00\",\"mainEntityOfPage\":{\"@id\":\"https:\\\/\\\/www.organisator.ch\\\/operational-excellence\\\/2026-01-09\\\/swissai-fordert-mehr-klarheit-und-kompetenz-im-umgang-mit-ki\\\/\"},\"wordCount\":559,\"publisher\":{\"@id\":\"https:\\\/\\\/www.organisator.ch\\\/#organization\"},\"image\":{\"@id\":\"https:\\\/\\\/www.organisator.ch\\\/operational-excellence\\\/2026-01-09\\\/swissai-fordert-mehr-klarheit-und-kompetenz-im-umgang-mit-ki\\\/#primaryimage\"},\"thumbnailUrl\":\"https:\\\/\\\/www.markt-kom.com\\\/wp-content\\\/uploads\\\/2026\\\/01\\\/Bildschirmfoto-2026-01-08-um-15.31.10.png\",\"keywords\":[\"K\u00fcnstliche Intelligenz\",\"MarKom\",\"Verb\u00e4nde\"],\"articleSection\":[\"OPERATIONAL EXCELLENCE\"],\"inLanguage\":\"fr-FR\"},{\"@type\":\"WebPage\",\"@id\":\"https:\\\/\\\/www.organisator.ch\\\/operational-excellence\\\/2026-01-09\\\/swissai-fordert-mehr-klarheit-und-kompetenz-im-umgang-mit-ki\\\/\",\"url\":\"https:\\\/\\\/www.organisator.ch\\\/operational-excellence\\\/2026-01-09\\\/swissai-fordert-mehr-klarheit-und-kompetenz-im-umgang-mit-ki\\\/\",\"name\":\"SwissAI fordert mehr Klarheit und Kompetenz im Umgang mit KI - Organisator\",\"isPartOf\":{\"@id\":\"https:\\\/\\\/www.organisator.ch\\\/#website\"},\"primaryImageOfPage\":{\"@id\":\"https:\\\/\\\/www.organisator.ch\\\/operational-excellence\\\/2026-01-09\\\/swissai-fordert-mehr-klarheit-und-kompetenz-im-umgang-mit-ki\\\/#primaryimage\"},\"image\":{\"@id\":\"https:\\\/\\\/www.organisator.ch\\\/operational-excellence\\\/2026-01-09\\\/swissai-fordert-mehr-klarheit-und-kompetenz-im-umgang-mit-ki\\\/#primaryimage\"},\"thumbnailUrl\":\"https:\\\/\\\/www.markt-kom.com\\\/wp-content\\\/uploads\\\/2026\\\/01\\\/Bildschirmfoto-2026-01-08-um-15.31.10.png\",\"datePublished\":\"2026-01-09T07:00:33+00:00\",\"description\":\"Der Verband swissAI begr\u00fcsst den Einsatz von KI-Werkzeugen beim Bund, empfiehlt aber einen souver\u00e4neren Umgang mit KI.\",\"breadcrumb\":{\"@id\":\"https:\\\/\\\/www.organisator.ch\\\/operational-excellence\\\/2026-01-09\\\/swissai-fordert-mehr-klarheit-und-kompetenz-im-umgang-mit-ki\\\/#breadcrumb\"},\"inLanguage\":\"fr-FR\",\"potentialAction\":[{\"@type\":\"ReadAction\",\"target\":[\"https:\\\/\\\/www.organisator.ch\\\/operational-excellence\\\/2026-01-09\\\/swissai-fordert-mehr-klarheit-und-kompetenz-im-umgang-mit-ki\\\/\"]}]},{\"@type\":\"ImageObject\",\"inLanguage\":\"fr-FR\",\"@id\":\"https:\\\/\\\/www.organisator.ch\\\/operational-excellence\\\/2026-01-09\\\/swissai-fordert-mehr-klarheit-und-kompetenz-im-umgang-mit-ki\\\/#primaryimage\",\"url\":\"https:\\\/\\\/www.markt-kom.com\\\/wp-content\\\/uploads\\\/2026\\\/01\\\/Bildschirmfoto-2026-01-08-um-15.31.10.png\",\"contentUrl\":\"https:\\\/\\\/www.markt-kom.com\\\/wp-content\\\/uploads\\\/2026\\\/01\\\/Bildschirmfoto-2026-01-08-um-15.31.10.png\"},{\"@type\":\"BreadcrumbList\",\"@id\":\"https:\\\/\\\/www.organisator.ch\\\/operational-excellence\\\/2026-01-09\\\/swissai-fordert-mehr-klarheit-und-kompetenz-im-umgang-mit-ki\\\/#breadcrumb\",\"itemListElement\":[{\"@type\":\"ListItem\",\"position\":1,\"name\":\"Home\",\"item\":\"https:\\\/\\\/www.organisator.ch\\\/\"},{\"@type\":\"ListItem\",\"position\":2,\"name\":\"SwissAI fordert mehr Klarheit und Kompetenz im Umgang mit KI\"}]},{\"@type\":\"WebSite\",\"@id\":\"https:\\\/\\\/www.organisator.ch\\\/#website\",\"url\":\"https:\\\/\\\/www.organisator.ch\\\/\",\"name\":\"Organisator\",\"description\":\"Kompetent. Praxisnah. Der ORGANISATOR bereitet in 10 Ausgaben pro Jahr die wesentlichen Themen f\u00fcr F\u00fchrungskr\u00e4fte von KMU auf.\",\"publisher\":{\"@id\":\"https:\\\/\\\/www.organisator.ch\\\/#organization\"},\"potentialAction\":[{\"@type\":\"SearchAction\",\"target\":{\"@type\":\"EntryPoint\",\"urlTemplate\":\"https:\\\/\\\/www.organisator.ch\\\/?s={search_term_string}\"},\"query-input\":{\"@type\":\"PropertyValueSpecification\",\"valueRequired\":true,\"valueName\":\"search_term_string\"}}],\"inLanguage\":\"fr-FR\"},{\"@type\":\"Organization\",\"@id\":\"https:\\\/\\\/www.organisator.ch\\\/#organization\",\"name\":\"Organisator\",\"url\":\"https:\\\/\\\/www.organisator.ch\\\/\",\"logo\":{\"@type\":\"ImageObject\",\"inLanguage\":\"fr-FR\",\"@id\":\"https:\\\/\\\/www.organisator.ch\\\/#\\\/schema\\\/logo\\\/image\\\/\",\"url\":\"https:\\\/\\\/www.organisator.ch\\\/wp-content\\\/uploads\\\/2022\\\/01\\\/Logo_Organisator_Website.png\",\"contentUrl\":\"https:\\\/\\\/www.organisator.ch\\\/wp-content\\\/uploads\\\/2022\\\/01\\\/Logo_Organisator_Website.png\",\"width\":800,\"height\":77,\"caption\":\"Organisator\"},\"image\":{\"@id\":\"https:\\\/\\\/www.organisator.ch\\\/#\\\/schema\\\/logo\\\/image\\\/\"},\"sameAs\":[\"https:\\\/\\\/www.facebook.com\\\/OrganisatorFachmagazin\",\"https:\\\/\\\/www.linkedin.com\\\/showcase\\\/organisator-das-magazin-fr-kmu\",\"https:\\\/\\\/www.xing.com\\\/news\\\/pages\\\/organisator-ch-695\",\"https:\\\/\\\/www.youtube.com\\\/channel\\\/UCGP2Sq0iWaZwT3BdIAQFYpw\"]},{\"@type\":\"Person\",\"@id\":\"https:\\\/\\\/www.organisator.ch\\\/#\\\/schema\\\/person\\\/4e51799071cd2dd1232ac003643ef5f0\",\"name\":\"galledia\",\"image\":{\"@type\":\"ImageObject\",\"inLanguage\":\"fr-FR\",\"@id\":\"https:\\\/\\\/secure.gravatar.com\\\/avatar\\\/78a7f90c01fc2bfc875782a0d4922b37cde2cf184ce347b91316d23cd7f69a36?s=96&d=mm&r=g\",\"url\":\"https:\\\/\\\/secure.gravatar.com\\\/avatar\\\/78a7f90c01fc2bfc875782a0d4922b37cde2cf184ce347b91316d23cd7f69a36?s=96&d=mm&r=g\",\"contentUrl\":\"https:\\\/\\\/secure.gravatar.com\\\/avatar\\\/78a7f90c01fc2bfc875782a0d4922b37cde2cf184ce347b91316d23cd7f69a36?s=96&d=mm&r=g\",\"caption\":\"galledia\"},\"sameAs\":[\"https:\\\/\\\/x.com\\\/admin\"],\"url\":\"https:\\\/\\\/www.organisator.ch\\\/fr\\\/author\\\/galledia\\\/\"}]}<\/script>\n<!-- \/ Yoast SEO plugin. -->","yoast_head_json":{"title":"SwissAI demande plus de clart\u00e9 et de comp\u00e9tence dans l'utilisation de l'IA - Organisateur","description":"L'association swissAI salue l'utilisation d'outils d'IA par la Conf\u00e9d\u00e9ration, mais recommande une approche plus souveraine de l'IA.","robots":{"index":"index","follow":"follow","max-snippet":"max-snippet:-1","max-image-preview":"max-image-preview:large","max-video-preview":"max-video-preview:-1"},"canonical":"https:\/\/www.organisator.ch\/fr\/excellence-operationnelle\/2026-01-09\/swissai-fordert-mehr-klarheit-und-kompetenz-im-umgang-mit-ki\/","og_locale":"fr_FR","og_type":"article","og_title":"SwissAI fordert mehr Klarheit und Kompetenz im Umgang mit KI - Organisator","og_description":"Der Verband swissAI begr\u00fcsst den Einsatz von KI-Werkzeugen beim Bund, empfiehlt aber einen souver\u00e4neren Umgang mit KI.","og_url":"https:\/\/www.organisator.ch\/fr\/excellence-operationnelle\/2026-01-09\/swissai-fordert-mehr-klarheit-und-kompetenz-im-umgang-mit-ki\/","og_site_name":"Organisator","article_publisher":"https:\/\/www.facebook.com\/OrganisatorFachmagazin","article_published_time":"2026-01-09T07:00:33+00:00","author":"galledia","twitter_card":"summary_large_image","twitter_creator":"@admin","schema":{"@context":"https:\/\/schema.org","@graph":[{"@type":"Article","@id":"https:\/\/www.organisator.ch\/operational-excellence\/2026-01-09\/swissai-fordert-mehr-klarheit-und-kompetenz-im-umgang-mit-ki\/#article","isPartOf":{"@id":"https:\/\/www.organisator.ch\/operational-excellence\/2026-01-09\/swissai-fordert-mehr-klarheit-und-kompetenz-im-umgang-mit-ki\/"},"author":{"name":"galledia","@id":"https:\/\/www.organisator.ch\/#\/schema\/person\/4e51799071cd2dd1232ac003643ef5f0"},"headline":"SwissAI fordert mehr Klarheit und Kompetenz im Umgang mit KI","datePublished":"2026-01-09T07:00:33+00:00","mainEntityOfPage":{"@id":"https:\/\/www.organisator.ch\/operational-excellence\/2026-01-09\/swissai-fordert-mehr-klarheit-und-kompetenz-im-umgang-mit-ki\/"},"wordCount":559,"publisher":{"@id":"https:\/\/www.organisator.ch\/#organization"},"image":{"@id":"https:\/\/www.organisator.ch\/operational-excellence\/2026-01-09\/swissai-fordert-mehr-klarheit-und-kompetenz-im-umgang-mit-ki\/#primaryimage"},"thumbnailUrl":"https:\/\/www.markt-kom.com\/wp-content\/uploads\/2026\/01\/Bildschirmfoto-2026-01-08-um-15.31.10.png","keywords":["K\u00fcnstliche Intelligenz","MarKom","Verb\u00e4nde"],"articleSection":["OPERATIONAL EXCELLENCE"],"inLanguage":"fr-FR"},{"@type":"WebPage","@id":"https:\/\/www.organisator.ch\/operational-excellence\/2026-01-09\/swissai-fordert-mehr-klarheit-und-kompetenz-im-umgang-mit-ki\/","url":"https:\/\/www.organisator.ch\/operational-excellence\/2026-01-09\/swissai-fordert-mehr-klarheit-und-kompetenz-im-umgang-mit-ki\/","name":"SwissAI demande plus de clart\u00e9 et de comp\u00e9tence dans l'utilisation de l'IA - Organisateur","isPartOf":{"@id":"https:\/\/www.organisator.ch\/#website"},"primaryImageOfPage":{"@id":"https:\/\/www.organisator.ch\/operational-excellence\/2026-01-09\/swissai-fordert-mehr-klarheit-und-kompetenz-im-umgang-mit-ki\/#primaryimage"},"image":{"@id":"https:\/\/www.organisator.ch\/operational-excellence\/2026-01-09\/swissai-fordert-mehr-klarheit-und-kompetenz-im-umgang-mit-ki\/#primaryimage"},"thumbnailUrl":"https:\/\/www.markt-kom.com\/wp-content\/uploads\/2026\/01\/Bildschirmfoto-2026-01-08-um-15.31.10.png","datePublished":"2026-01-09T07:00:33+00:00","description":"L'association swissAI salue l'utilisation d'outils d'IA par la Conf\u00e9d\u00e9ration, mais recommande une approche plus souveraine de l'IA.","breadcrumb":{"@id":"https:\/\/www.organisator.ch\/operational-excellence\/2026-01-09\/swissai-fordert-mehr-klarheit-und-kompetenz-im-umgang-mit-ki\/#breadcrumb"},"inLanguage":"fr-FR","potentialAction":[{"@type":"ReadAction","target":["https:\/\/www.organisator.ch\/operational-excellence\/2026-01-09\/swissai-fordert-mehr-klarheit-und-kompetenz-im-umgang-mit-ki\/"]}]},{"@type":"ImageObject","inLanguage":"fr-FR","@id":"https:\/\/www.organisator.ch\/operational-excellence\/2026-01-09\/swissai-fordert-mehr-klarheit-und-kompetenz-im-umgang-mit-ki\/#primaryimage","url":"https:\/\/www.markt-kom.com\/wp-content\/uploads\/2026\/01\/Bildschirmfoto-2026-01-08-um-15.31.10.png","contentUrl":"https:\/\/www.markt-kom.com\/wp-content\/uploads\/2026\/01\/Bildschirmfoto-2026-01-08-um-15.31.10.png"},{"@type":"BreadcrumbList","@id":"https:\/\/www.organisator.ch\/operational-excellence\/2026-01-09\/swissai-fordert-mehr-klarheit-und-kompetenz-im-umgang-mit-ki\/#breadcrumb","itemListElement":[{"@type":"ListItem","position":1,"name":"Home","item":"https:\/\/www.organisator.ch\/"},{"@type":"ListItem","position":2,"name":"SwissAI fordert mehr Klarheit und Kompetenz im Umgang mit KI"}]},{"@type":"WebSite","@id":"https:\/\/www.organisator.ch\/#website","url":"https:\/\/www.organisator.ch\/","name":"Organisateur","description":"Comp\u00e9tence et comp\u00e9tence. Proches de la pratique. L'ORGANISATEUR pr\u00e9pare 10 num\u00e9ros par an sur les th\u00e8mes essentiels pour les dirigeants de PME.","publisher":{"@id":"https:\/\/www.organisator.ch\/#organization"},"potentialAction":[{"@type":"SearchAction","target":{"@type":"EntryPoint","urlTemplate":"https:\/\/www.organisator.ch\/?s={search_term_string}"},"query-input":{"@type":"PropertyValueSpecification","valueRequired":true,"valueName":"search_term_string"}}],"inLanguage":"fr-FR"},{"@type":"Organization","@id":"https:\/\/www.organisator.ch\/#organization","name":"Organisateur","url":"https:\/\/www.organisator.ch\/","logo":{"@type":"ImageObject","inLanguage":"fr-FR","@id":"https:\/\/www.organisator.ch\/#\/schema\/logo\/image\/","url":"https:\/\/www.organisator.ch\/wp-content\/uploads\/2022\/01\/Logo_Organisator_Website.png","contentUrl":"https:\/\/www.organisator.ch\/wp-content\/uploads\/2022\/01\/Logo_Organisator_Website.png","width":800,"height":77,"caption":"Organisator"},"image":{"@id":"https:\/\/www.organisator.ch\/#\/schema\/logo\/image\/"},"sameAs":["https:\/\/www.facebook.com\/OrganisatorFachmagazin","https:\/\/www.linkedin.com\/showcase\/organisator-das-magazin-fr-kmu","https:\/\/www.xing.com\/news\/pages\/organisator-ch-695","https:\/\/www.youtube.com\/channel\/UCGP2Sq0iWaZwT3BdIAQFYpw"]},{"@type":"Person","@id":"https:\/\/www.organisator.ch\/#\/schema\/person\/4e51799071cd2dd1232ac003643ef5f0","name":"galledia","image":{"@type":"ImageObject","inLanguage":"fr-FR","@id":"https:\/\/secure.gravatar.com\/avatar\/78a7f90c01fc2bfc875782a0d4922b37cde2cf184ce347b91316d23cd7f69a36?s=96&d=mm&r=g","url":"https:\/\/secure.gravatar.com\/avatar\/78a7f90c01fc2bfc875782a0d4922b37cde2cf184ce347b91316d23cd7f69a36?s=96&d=mm&r=g","contentUrl":"https:\/\/secure.gravatar.com\/avatar\/78a7f90c01fc2bfc875782a0d4922b37cde2cf184ce347b91316d23cd7f69a36?s=96&d=mm&r=g","caption":"galledia"},"sameAs":["https:\/\/x.com\/admin"],"url":"https:\/\/www.organisator.ch\/fr\/author\/galledia\/"}]}},"_links":{"self":[{"href":"https:\/\/www.organisator.ch\/fr\/wp-json\/wp\/v2\/posts\/43063","targetHints":{"allow":["GET"]}}],"collection":[{"href":"https:\/\/www.organisator.ch\/fr\/wp-json\/wp\/v2\/posts"}],"about":[{"href":"https:\/\/www.organisator.ch\/fr\/wp-json\/wp\/v2\/types\/post"}],"author":[{"embeddable":true,"href":"https:\/\/www.organisator.ch\/fr\/wp-json\/wp\/v2\/users\/8"}],"replies":[{"embeddable":true,"href":"https:\/\/www.organisator.ch\/fr\/wp-json\/wp\/v2\/comments?post=43063"}],"version-history":[{"count":3,"href":"https:\/\/www.organisator.ch\/fr\/wp-json\/wp\/v2\/posts\/43063\/revisions"}],"predecessor-version":[{"id":43081,"href":"https:\/\/www.organisator.ch\/fr\/wp-json\/wp\/v2\/posts\/43063\/revisions\/43081"}],"wp:attachment":[{"href":"https:\/\/www.organisator.ch\/fr\/wp-json\/wp\/v2\/media?parent=43063"}],"wp:term":[{"taxonomy":"category","embeddable":true,"href":"https:\/\/www.organisator.ch\/fr\/wp-json\/wp\/v2\/categories?post=43063"},{"taxonomy":"post_tag","embeddable":true,"href":"https:\/\/www.organisator.ch\/fr\/wp-json\/wp\/v2\/tags?post=43063"}],"curies":[{"name":"wp","href":"https:\/\/api.w.org\/{rel}","templated":true}]}}