{"id":43107,"date":"2026-01-10T16:07:05","date_gmt":"2026-01-10T15:07:05","guid":{"rendered":"https:\/\/www.markt-kom.com\/?p=249056"},"modified":"2026-01-12T08:42:25","modified_gmt":"2026-01-12T07:42:25","slug":"globetrotter-wird-hauptpartner-des-landesmuseum-hofkinos","status":"publish","type":"post","link":"https:\/\/www.organisator.ch\/fr\/marketing\/2026-01-10\/globetrotter-wird-hauptpartner-des-landesmuseum-hofkinos\/","title":{"rendered":"Globetrotter devient le partenaire principal du cin\u00e9ma de cour du Landesmuseum"},"content":{"rendered":"<p><img class=\"alignnone size-full wp-image-249059\" src=\"https:\/\/www.markt-kom.com\/wp-content\/uploads\/2026\/01\/20220616-Hofkino-Opening-4-1024x682-1.jpg\" sizes=\"(max-width: 1024px) 100vw, 1024px\" srcset=\"https:\/\/www.markt-kom.com\/wp-content\/uploads\/2026\/01\/20220616-Hofkino-Opening-4-1024x682-1.jpg 1024w, https:\/\/www.markt-kom.com\/wp-content\/uploads\/2026\/01\/20220616-Hofkino-Opening-4-1024x682-1-600x400.jpg 600w, https:\/\/www.markt-kom.com\/wp-content\/uploads\/2026\/01\/20220616-Hofkino-Opening-4-1024x682-1-768x512.jpg 768w, https:\/\/www.markt-kom.com\/wp-content\/uploads\/2026\/01\/20220616-Hofkino-Opening-4-1024x682-1-18x12.jpg 18w, https:\/\/www.markt-kom.com\/wp-content\/uploads\/2026\/01\/20220616-Hofkino-Opening-4-1024x682-1-263x175.jpg 263w, https:\/\/www.markt-kom.com\/wp-content\/uploads\/2026\/01\/20220616-Hofkino-Opening-4-1024x682-1-526x350.jpg 526w, https:\/\/www.markt-kom.com\/wp-content\/uploads\/2026\/01\/20220616-Hofkino-Opening-4-1024x682-1-1000x666.jpg 1000w\" alt=\"\" width=\"1024\" height=\"682\" \/>Pour la premi\u00e8re ann\u00e9e commune, la collaboration est enti\u00e8rement plac\u00e9e sous le signe du 50e anniversaire de Globetrotter - avec des activations sp\u00e9cialement d\u00e9velopp\u00e9es et deux nouveaux formats qui \u00e9largissent de mani\u00e8re cibl\u00e9e le programme du Hofkino. L'un des points centraux du programme du partenariat est le week-end du samedi 27 et du dimanche juin 2026. Avec un spectacle live Explora le samedi soir et un format familial le dimanche matin, de nouveaux points de programme voient le jour, qui compl\u00e8tent et \u00e9largissent le Hofkino de mani\u00e8re cibl\u00e9e.<\/p>\r\n<p>Le samedi soir 27 juin 2026, Globetrotter pr\u00e9sentera en collaboration avec Explora une soir\u00e9e au Hofkino \u00e0 l'occasion du 50e anniversaire de Globetrotter. Un spectacle Explora en direct avec Louis Palmer sera pr\u00e9sent\u00e9 en premi\u00e8re exclusive de l'\u00e9t\u00e9. Explora est un reportage mis en sc\u00e8ne en direct, dans lequel des voyageurs, des aventuriers et des photographes pr\u00e9sentent leurs histoires sur sc\u00e8ne \u00e0 l'aide d'images, de vid\u00e9os et d'un storytelling personnel. Dans son spectacle, Palmer combine des aventures personnelles du monde entier avec des images impressionnantes, de l'humour et des perspectives surprenantes sur notre relation au monde. Le spectacle Explora Live marque \u00e9galement le d\u00e9but d'une tourn\u00e9e Explora plus importante : au moins 16 autres dates sont pr\u00e9vues avec Louis Palmer durant l'hiver 2026\/27.<\/p>\r\n<p>Le dimanche matin est plac\u00e9 sous le signe des familles et des rencontres : avec le \u00abRendez-Vous avec le monde\u00bb : Brunch familial, Globetrotter pr\u00e9sente l'un de ses formats connus sous une nouvelle forme au Hofkino. Des r\u00e9cits de voyage ainsi que des divertissements pour petits et grands cr\u00e9eront un acc\u00e8s \u00e0 bas seuil au monde du voyage. De plus, Louis Palmer apportera son Solar Butterfly, le plus grand v\u00e9hicule solaire du monde, qui vient de faire le tour du monde en quatre ans et de visiter 48 pays, y compris le mus\u00e9e interactif du climat, dans la cour int\u00e9rieure du Mus\u00e9e national - comme une exp\u00e9rience \u00e0 laquelle on peut acc\u00e9der.<\/p>\r\n<p>Sven Zi\u00f6rjen, directeur marketing de Globetrotter, d\u00e9clare \u00e0 ce sujet : \u00abEn tant que partie importante des \u00e9v\u00e9nements du 50e anniversaire de Globetrotter, nous ne voulons pas seulement regarder en arri\u00e8re, mais cr\u00e9er de nouvelles exp\u00e9riences en collaboration avec un partenaire fort. Le Hofkino offre pour cela une sc\u00e8ne id\u00e9ale - urbaine, ouverte et proche des gens\u00bb.\u00bb<\/p>\r\n<p>Daniel Frischknecht Kn\u00f6rr, cofondateur et organisateur du Hofkino, exprime lui aussi sa satisfaction : \u00abGlobetrotter, avec son go\u00fbt de l'aventure, sa curiosit\u00e9 pour le monde et sa capacit\u00e9 \u00e0 faire vivre des histoires, convient parfaitement au Hofkino. Ce partenariat nous permet de cr\u00e9er de nouveaux formats qui offrent une v\u00e9ritable valeur ajout\u00e9e \u00e0 notre public - et d'ouvrir davantage le Hofkino sur le plan du contenu\u00bb.\u00bb<\/p>\r\n<p><img class=\"alignnone size-full wp-image-249058\" src=\"https:\/\/www.markt-kom.com\/wp-content\/uploads\/2026\/01\/EMP6351.jpg\" sizes=\"(max-width: 1024px) 100vw, 1024px\" srcset=\"https:\/\/www.markt-kom.com\/wp-content\/uploads\/2026\/01\/EMP6351.jpg 1024w, https:\/\/www.markt-kom.com\/wp-content\/uploads\/2026\/01\/EMP6351-600x400.jpg 600w, https:\/\/www.markt-kom.com\/wp-content\/uploads\/2026\/01\/EMP6351-768x512.jpg 768w, https:\/\/www.markt-kom.com\/wp-content\/uploads\/2026\/01\/EMP6351-18x12.jpg 18w, https:\/\/www.markt-kom.com\/wp-content\/uploads\/2026\/01\/EMP6351-262x175.jpg 262w, https:\/\/www.markt-kom.com\/wp-content\/uploads\/2026\/01\/EMP6351-525x350.jpg 525w, https:\/\/www.markt-kom.com\/wp-content\/uploads\/2026\/01\/EMP6351-1000x667.jpg 1000w\" alt=\"\" width=\"1024\" height=\"683\" \/><\/p>","protected":false},"excerpt":{"rendered":"<p>Le Hofkino, situ\u00e9 dans la cour int\u00e9rieure du Mus\u00e9e national de Zurich, s'engage dans un nouveau partenariat principal \u00e0 partir de 2026 : Globetrotter devient le partenaire principal de ce format culturel estival et d\u00e9veloppe, au cours de l'ann\u00e9e de son anniversaire, de nouveaux formats live en dehors du contexte cin\u00e9matographique classique.<\/p>","protected":false},"author":8,"featured_media":0,"comment_status":"closed","ping_status":"closed","sticky":false,"template":"","format":"standard","meta":{"_acf_changed":false,"_yoast_wpseo_focuskw":"Globetrotter","_yoast_wpseo_metadesc":"Das Hofkino im Innenhof des Landesmuseums Z\u00fcrich geht ab 2026 eine neue Hauptpartnerschaft ein: Mit dem Reisedienstleister Globetrotter.","articlekey":"","footnotes":""},"categories":[29],"tags":[3734,5758,4343,4466],"class_list":["post-43107","post","type-post","status-publish","format-standard","hentry","category-marketing","tag-globetrotter","tag-landesmuseum-zuerich","tag-markom","tag-showbiz"],"acf":[],"yoast_head":"<!-- This site is optimized with the Yoast SEO plugin v27.5 - https:\/\/yoast.com\/product\/yoast-seo-wordpress\/ -->\n<title>Globetrotter wird Hauptpartner des Landesmuseum-Hofkinos - Organisator<\/title>\n<meta name=\"description\" content=\"Das Hofkino im Innenhof des Landesmuseums Z\u00fcrich geht ab 2026 eine neue Hauptpartnerschaft ein: Mit dem Reisedienstleister Globetrotter.\" \/>\n<meta name=\"robots\" content=\"index, follow, max-snippet:-1, max-image-preview:large, max-video-preview:-1\" \/>\n<link rel=\"canonical\" href=\"https:\/\/www.organisator.ch\/fr\/marketing\/2026-01-10\/globetrotter-wird-hauptpartner-des-landesmuseum-hofkinos\/\" \/>\n<meta property=\"og:locale\" content=\"fr_FR\" \/>\n<meta property=\"og:type\" content=\"article\" \/>\n<meta property=\"og:title\" content=\"Globetrotter wird Hauptpartner des Landesmuseum-Hofkinos - Organisator\" \/>\n<meta property=\"og:description\" content=\"Das Hofkino im Innenhof des Landesmuseums Z\u00fcrich geht ab 2026 eine neue Hauptpartnerschaft ein: Mit dem Reisedienstleister Globetrotter.\" \/>\n<meta property=\"og:url\" content=\"https:\/\/www.organisator.ch\/fr\/marketing\/2026-01-10\/globetrotter-wird-hauptpartner-des-landesmuseum-hofkinos\/\" \/>\n<meta property=\"og:site_name\" content=\"Organisator\" \/>\n<meta property=\"article:publisher\" content=\"https:\/\/www.facebook.com\/OrganisatorFachmagazin\" \/>\n<meta property=\"article:published_time\" content=\"2026-01-10T15:07:05+00:00\" \/>\n<meta property=\"article:modified_time\" content=\"2026-01-12T07:42:25+00:00\" \/>\n<meta name=\"author\" content=\"galledia\" \/>\n<meta name=\"twitter:card\" content=\"summary_large_image\" \/>\n<meta name=\"twitter:creator\" content=\"@admin\" \/>\n<script type=\"application\/ld+json\" class=\"yoast-schema-graph\">{\"@context\":\"https:\\\/\\\/schema.org\",\"@graph\":[{\"@type\":\"Article\",\"@id\":\"https:\\\/\\\/www.organisator.ch\\\/marketing\\\/2026-01-10\\\/globetrotter-wird-hauptpartner-des-landesmuseum-hofkinos\\\/#article\",\"isPartOf\":{\"@id\":\"https:\\\/\\\/www.organisator.ch\\\/marketing\\\/2026-01-10\\\/globetrotter-wird-hauptpartner-des-landesmuseum-hofkinos\\\/\"},\"author\":{\"name\":\"galledia\",\"@id\":\"https:\\\/\\\/www.organisator.ch\\\/#\\\/schema\\\/person\\\/4e51799071cd2dd1232ac003643ef5f0\"},\"headline\":\"Globetrotter wird Hauptpartner des Landesmuseum-Hofkinos\",\"datePublished\":\"2026-01-10T15:07:05+00:00\",\"dateModified\":\"2026-01-12T07:42:25+00:00\",\"mainEntityOfPage\":{\"@id\":\"https:\\\/\\\/www.organisator.ch\\\/marketing\\\/2026-01-10\\\/globetrotter-wird-hauptpartner-des-landesmuseum-hofkinos\\\/\"},\"wordCount\":356,\"publisher\":{\"@id\":\"https:\\\/\\\/www.organisator.ch\\\/#organization\"},\"image\":{\"@id\":\"https:\\\/\\\/www.organisator.ch\\\/marketing\\\/2026-01-10\\\/globetrotter-wird-hauptpartner-des-landesmuseum-hofkinos\\\/#primaryimage\"},\"thumbnailUrl\":\"https:\\\/\\\/www.markt-kom.com\\\/wp-content\\\/uploads\\\/2026\\\/01\\\/20220616-Hofkino-Opening-4-1024x682-1.jpg\",\"keywords\":[\"Globetrotter\",\"Landesmuseum Z\u00fcrich\",\"MarKom\",\"ShowBiz\"],\"articleSection\":[\"MARKETING\"],\"inLanguage\":\"fr-FR\"},{\"@type\":\"WebPage\",\"@id\":\"https:\\\/\\\/www.organisator.ch\\\/marketing\\\/2026-01-10\\\/globetrotter-wird-hauptpartner-des-landesmuseum-hofkinos\\\/\",\"url\":\"https:\\\/\\\/www.organisator.ch\\\/marketing\\\/2026-01-10\\\/globetrotter-wird-hauptpartner-des-landesmuseum-hofkinos\\\/\",\"name\":\"Globetrotter wird Hauptpartner des Landesmuseum-Hofkinos - Organisator\",\"isPartOf\":{\"@id\":\"https:\\\/\\\/www.organisator.ch\\\/#website\"},\"primaryImageOfPage\":{\"@id\":\"https:\\\/\\\/www.organisator.ch\\\/marketing\\\/2026-01-10\\\/globetrotter-wird-hauptpartner-des-landesmuseum-hofkinos\\\/#primaryimage\"},\"image\":{\"@id\":\"https:\\\/\\\/www.organisator.ch\\\/marketing\\\/2026-01-10\\\/globetrotter-wird-hauptpartner-des-landesmuseum-hofkinos\\\/#primaryimage\"},\"thumbnailUrl\":\"https:\\\/\\\/www.markt-kom.com\\\/wp-content\\\/uploads\\\/2026\\\/01\\\/20220616-Hofkino-Opening-4-1024x682-1.jpg\",\"datePublished\":\"2026-01-10T15:07:05+00:00\",\"dateModified\":\"2026-01-12T07:42:25+00:00\",\"description\":\"Das Hofkino im Innenhof des Landesmuseums Z\u00fcrich geht ab 2026 eine neue Hauptpartnerschaft ein: Mit dem Reisedienstleister Globetrotter.\",\"breadcrumb\":{\"@id\":\"https:\\\/\\\/www.organisator.ch\\\/marketing\\\/2026-01-10\\\/globetrotter-wird-hauptpartner-des-landesmuseum-hofkinos\\\/#breadcrumb\"},\"inLanguage\":\"fr-FR\",\"potentialAction\":[{\"@type\":\"ReadAction\",\"target\":[\"https:\\\/\\\/www.organisator.ch\\\/marketing\\\/2026-01-10\\\/globetrotter-wird-hauptpartner-des-landesmuseum-hofkinos\\\/\"]}]},{\"@type\":\"ImageObject\",\"inLanguage\":\"fr-FR\",\"@id\":\"https:\\\/\\\/www.organisator.ch\\\/marketing\\\/2026-01-10\\\/globetrotter-wird-hauptpartner-des-landesmuseum-hofkinos\\\/#primaryimage\",\"url\":\"https:\\\/\\\/www.markt-kom.com\\\/wp-content\\\/uploads\\\/2026\\\/01\\\/20220616-Hofkino-Opening-4-1024x682-1.jpg\",\"contentUrl\":\"https:\\\/\\\/www.markt-kom.com\\\/wp-content\\\/uploads\\\/2026\\\/01\\\/20220616-Hofkino-Opening-4-1024x682-1.jpg\"},{\"@type\":\"BreadcrumbList\",\"@id\":\"https:\\\/\\\/www.organisator.ch\\\/marketing\\\/2026-01-10\\\/globetrotter-wird-hauptpartner-des-landesmuseum-hofkinos\\\/#breadcrumb\",\"itemListElement\":[{\"@type\":\"ListItem\",\"position\":1,\"name\":\"Home\",\"item\":\"https:\\\/\\\/www.organisator.ch\\\/\"},{\"@type\":\"ListItem\",\"position\":2,\"name\":\"Globetrotter wird Hauptpartner des Landesmuseum-Hofkinos\"}]},{\"@type\":\"WebSite\",\"@id\":\"https:\\\/\\\/www.organisator.ch\\\/#website\",\"url\":\"https:\\\/\\\/www.organisator.ch\\\/\",\"name\":\"Organisator\",\"description\":\"Kompetent. Praxisnah. Der ORGANISATOR bereitet in 10 Ausgaben pro Jahr die wesentlichen Themen f\u00fcr F\u00fchrungskr\u00e4fte von KMU auf.\",\"publisher\":{\"@id\":\"https:\\\/\\\/www.organisator.ch\\\/#organization\"},\"potentialAction\":[{\"@type\":\"SearchAction\",\"target\":{\"@type\":\"EntryPoint\",\"urlTemplate\":\"https:\\\/\\\/www.organisator.ch\\\/?s={search_term_string}\"},\"query-input\":{\"@type\":\"PropertyValueSpecification\",\"valueRequired\":true,\"valueName\":\"search_term_string\"}}],\"inLanguage\":\"fr-FR\"},{\"@type\":\"Organization\",\"@id\":\"https:\\\/\\\/www.organisator.ch\\\/#organization\",\"name\":\"Organisator\",\"url\":\"https:\\\/\\\/www.organisator.ch\\\/\",\"logo\":{\"@type\":\"ImageObject\",\"inLanguage\":\"fr-FR\",\"@id\":\"https:\\\/\\\/www.organisator.ch\\\/#\\\/schema\\\/logo\\\/image\\\/\",\"url\":\"https:\\\/\\\/www.organisator.ch\\\/wp-content\\\/uploads\\\/2022\\\/01\\\/Logo_Organisator_Website.png\",\"contentUrl\":\"https:\\\/\\\/www.organisator.ch\\\/wp-content\\\/uploads\\\/2022\\\/01\\\/Logo_Organisator_Website.png\",\"width\":800,\"height\":77,\"caption\":\"Organisator\"},\"image\":{\"@id\":\"https:\\\/\\\/www.organisator.ch\\\/#\\\/schema\\\/logo\\\/image\\\/\"},\"sameAs\":[\"https:\\\/\\\/www.facebook.com\\\/OrganisatorFachmagazin\",\"https:\\\/\\\/www.linkedin.com\\\/showcase\\\/organisator-das-magazin-fr-kmu\",\"https:\\\/\\\/www.xing.com\\\/news\\\/pages\\\/organisator-ch-695\",\"https:\\\/\\\/www.youtube.com\\\/channel\\\/UCGP2Sq0iWaZwT3BdIAQFYpw\"]},{\"@type\":\"Person\",\"@id\":\"https:\\\/\\\/www.organisator.ch\\\/#\\\/schema\\\/person\\\/4e51799071cd2dd1232ac003643ef5f0\",\"name\":\"galledia\",\"image\":{\"@type\":\"ImageObject\",\"inLanguage\":\"fr-FR\",\"@id\":\"https:\\\/\\\/secure.gravatar.com\\\/avatar\\\/78a7f90c01fc2bfc875782a0d4922b37cde2cf184ce347b91316d23cd7f69a36?s=96&d=mm&r=g\",\"url\":\"https:\\\/\\\/secure.gravatar.com\\\/avatar\\\/78a7f90c01fc2bfc875782a0d4922b37cde2cf184ce347b91316d23cd7f69a36?s=96&d=mm&r=g\",\"contentUrl\":\"https:\\\/\\\/secure.gravatar.com\\\/avatar\\\/78a7f90c01fc2bfc875782a0d4922b37cde2cf184ce347b91316d23cd7f69a36?s=96&d=mm&r=g\",\"caption\":\"galledia\"},\"sameAs\":[\"https:\\\/\\\/x.com\\\/admin\"],\"url\":\"https:\\\/\\\/www.organisator.ch\\\/fr\\\/author\\\/galledia\\\/\"}]}<\/script>\n<!-- \/ Yoast SEO plugin. -->","yoast_head_json":{"title":"Globetrotter devient le partenaire principal du Landesmuseum-Hofkinos - Organisateur","description":"Le Hofkino, situ\u00e9 dans la cour int\u00e9rieure du Mus\u00e9e national de Zurich, conclut un nouveau partenariat principal \u00e0 partir de 2026 : Avec le prestataire de services de voyage Globetrotter.","robots":{"index":"index","follow":"follow","max-snippet":"max-snippet:-1","max-image-preview":"max-image-preview:large","max-video-preview":"max-video-preview:-1"},"canonical":"https:\/\/www.organisator.ch\/fr\/marketing\/2026-01-10\/globetrotter-wird-hauptpartner-des-landesmuseum-hofkinos\/","og_locale":"fr_FR","og_type":"article","og_title":"Globetrotter wird Hauptpartner des Landesmuseum-Hofkinos - Organisator","og_description":"Das Hofkino im Innenhof des Landesmuseums Z\u00fcrich geht ab 2026 eine neue Hauptpartnerschaft ein: Mit dem Reisedienstleister Globetrotter.","og_url":"https:\/\/www.organisator.ch\/fr\/marketing\/2026-01-10\/globetrotter-wird-hauptpartner-des-landesmuseum-hofkinos\/","og_site_name":"Organisator","article_publisher":"https:\/\/www.facebook.com\/OrganisatorFachmagazin","article_published_time":"2026-01-10T15:07:05+00:00","article_modified_time":"2026-01-12T07:42:25+00:00","author":"galledia","twitter_card":"summary_large_image","twitter_creator":"@admin","schema":{"@context":"https:\/\/schema.org","@graph":[{"@type":"Article","@id":"https:\/\/www.organisator.ch\/marketing\/2026-01-10\/globetrotter-wird-hauptpartner-des-landesmuseum-hofkinos\/#article","isPartOf":{"@id":"https:\/\/www.organisator.ch\/marketing\/2026-01-10\/globetrotter-wird-hauptpartner-des-landesmuseum-hofkinos\/"},"author":{"name":"galledia","@id":"https:\/\/www.organisator.ch\/#\/schema\/person\/4e51799071cd2dd1232ac003643ef5f0"},"headline":"Globetrotter wird Hauptpartner des Landesmuseum-Hofkinos","datePublished":"2026-01-10T15:07:05+00:00","dateModified":"2026-01-12T07:42:25+00:00","mainEntityOfPage":{"@id":"https:\/\/www.organisator.ch\/marketing\/2026-01-10\/globetrotter-wird-hauptpartner-des-landesmuseum-hofkinos\/"},"wordCount":356,"publisher":{"@id":"https:\/\/www.organisator.ch\/#organization"},"image":{"@id":"https:\/\/www.organisator.ch\/marketing\/2026-01-10\/globetrotter-wird-hauptpartner-des-landesmuseum-hofkinos\/#primaryimage"},"thumbnailUrl":"https:\/\/www.markt-kom.com\/wp-content\/uploads\/2026\/01\/20220616-Hofkino-Opening-4-1024x682-1.jpg","keywords":["Globetrotter","Landesmuseum Z\u00fcrich","MarKom","ShowBiz"],"articleSection":["MARKETING"],"inLanguage":"fr-FR"},{"@type":"WebPage","@id":"https:\/\/www.organisator.ch\/marketing\/2026-01-10\/globetrotter-wird-hauptpartner-des-landesmuseum-hofkinos\/","url":"https:\/\/www.organisator.ch\/marketing\/2026-01-10\/globetrotter-wird-hauptpartner-des-landesmuseum-hofkinos\/","name":"Globetrotter devient le partenaire principal du Landesmuseum-Hofkinos - Organisateur","isPartOf":{"@id":"https:\/\/www.organisator.ch\/#website"},"primaryImageOfPage":{"@id":"https:\/\/www.organisator.ch\/marketing\/2026-01-10\/globetrotter-wird-hauptpartner-des-landesmuseum-hofkinos\/#primaryimage"},"image":{"@id":"https:\/\/www.organisator.ch\/marketing\/2026-01-10\/globetrotter-wird-hauptpartner-des-landesmuseum-hofkinos\/#primaryimage"},"thumbnailUrl":"https:\/\/www.markt-kom.com\/wp-content\/uploads\/2026\/01\/20220616-Hofkino-Opening-4-1024x682-1.jpg","datePublished":"2026-01-10T15:07:05+00:00","dateModified":"2026-01-12T07:42:25+00:00","description":"Le Hofkino, situ\u00e9 dans la cour int\u00e9rieure du Mus\u00e9e national de Zurich, conclut un nouveau partenariat principal \u00e0 partir de 2026 : Avec le prestataire de services de voyage Globetrotter.","breadcrumb":{"@id":"https:\/\/www.organisator.ch\/marketing\/2026-01-10\/globetrotter-wird-hauptpartner-des-landesmuseum-hofkinos\/#breadcrumb"},"inLanguage":"fr-FR","potentialAction":[{"@type":"ReadAction","target":["https:\/\/www.organisator.ch\/marketing\/2026-01-10\/globetrotter-wird-hauptpartner-des-landesmuseum-hofkinos\/"]}]},{"@type":"ImageObject","inLanguage":"fr-FR","@id":"https:\/\/www.organisator.ch\/marketing\/2026-01-10\/globetrotter-wird-hauptpartner-des-landesmuseum-hofkinos\/#primaryimage","url":"https:\/\/www.markt-kom.com\/wp-content\/uploads\/2026\/01\/20220616-Hofkino-Opening-4-1024x682-1.jpg","contentUrl":"https:\/\/www.markt-kom.com\/wp-content\/uploads\/2026\/01\/20220616-Hofkino-Opening-4-1024x682-1.jpg"},{"@type":"BreadcrumbList","@id":"https:\/\/www.organisator.ch\/marketing\/2026-01-10\/globetrotter-wird-hauptpartner-des-landesmuseum-hofkinos\/#breadcrumb","itemListElement":[{"@type":"ListItem","position":1,"name":"Home","item":"https:\/\/www.organisator.ch\/"},{"@type":"ListItem","position":2,"name":"Globetrotter wird Hauptpartner des Landesmuseum-Hofkinos"}]},{"@type":"WebSite","@id":"https:\/\/www.organisator.ch\/#website","url":"https:\/\/www.organisator.ch\/","name":"Organisateur","description":"Comp\u00e9tence et comp\u00e9tence. Proches de la pratique. L'ORGANISATEUR pr\u00e9pare 10 num\u00e9ros par an sur les th\u00e8mes essentiels pour les dirigeants de PME.","publisher":{"@id":"https:\/\/www.organisator.ch\/#organization"},"potentialAction":[{"@type":"SearchAction","target":{"@type":"EntryPoint","urlTemplate":"https:\/\/www.organisator.ch\/?s={search_term_string}"},"query-input":{"@type":"PropertyValueSpecification","valueRequired":true,"valueName":"search_term_string"}}],"inLanguage":"fr-FR"},{"@type":"Organization","@id":"https:\/\/www.organisator.ch\/#organization","name":"Organisateur","url":"https:\/\/www.organisator.ch\/","logo":{"@type":"ImageObject","inLanguage":"fr-FR","@id":"https:\/\/www.organisator.ch\/#\/schema\/logo\/image\/","url":"https:\/\/www.organisator.ch\/wp-content\/uploads\/2022\/01\/Logo_Organisator_Website.png","contentUrl":"https:\/\/www.organisator.ch\/wp-content\/uploads\/2022\/01\/Logo_Organisator_Website.png","width":800,"height":77,"caption":"Organisator"},"image":{"@id":"https:\/\/www.organisator.ch\/#\/schema\/logo\/image\/"},"sameAs":["https:\/\/www.facebook.com\/OrganisatorFachmagazin","https:\/\/www.linkedin.com\/showcase\/organisator-das-magazin-fr-kmu","https:\/\/www.xing.com\/news\/pages\/organisator-ch-695","https:\/\/www.youtube.com\/channel\/UCGP2Sq0iWaZwT3BdIAQFYpw"]},{"@type":"Person","@id":"https:\/\/www.organisator.ch\/#\/schema\/person\/4e51799071cd2dd1232ac003643ef5f0","name":"galledia","image":{"@type":"ImageObject","inLanguage":"fr-FR","@id":"https:\/\/secure.gravatar.com\/avatar\/78a7f90c01fc2bfc875782a0d4922b37cde2cf184ce347b91316d23cd7f69a36?s=96&d=mm&r=g","url":"https:\/\/secure.gravatar.com\/avatar\/78a7f90c01fc2bfc875782a0d4922b37cde2cf184ce347b91316d23cd7f69a36?s=96&d=mm&r=g","contentUrl":"https:\/\/secure.gravatar.com\/avatar\/78a7f90c01fc2bfc875782a0d4922b37cde2cf184ce347b91316d23cd7f69a36?s=96&d=mm&r=g","caption":"galledia"},"sameAs":["https:\/\/x.com\/admin"],"url":"https:\/\/www.organisator.ch\/fr\/author\/galledia\/"}]}},"_links":{"self":[{"href":"https:\/\/www.organisator.ch\/fr\/wp-json\/wp\/v2\/posts\/43107","targetHints":{"allow":["GET"]}}],"collection":[{"href":"https:\/\/www.organisator.ch\/fr\/wp-json\/wp\/v2\/posts"}],"about":[{"href":"https:\/\/www.organisator.ch\/fr\/wp-json\/wp\/v2\/types\/post"}],"author":[{"embeddable":true,"href":"https:\/\/www.organisator.ch\/fr\/wp-json\/wp\/v2\/users\/8"}],"replies":[{"embeddable":true,"href":"https:\/\/www.organisator.ch\/fr\/wp-json\/wp\/v2\/comments?post=43107"}],"version-history":[{"count":4,"href":"https:\/\/www.organisator.ch\/fr\/wp-json\/wp\/v2\/posts\/43107\/revisions"}],"predecessor-version":[{"id":43119,"href":"https:\/\/www.organisator.ch\/fr\/wp-json\/wp\/v2\/posts\/43107\/revisions\/43119"}],"wp:attachment":[{"href":"https:\/\/www.organisator.ch\/fr\/wp-json\/wp\/v2\/media?parent=43107"}],"wp:term":[{"taxonomy":"category","embeddable":true,"href":"https:\/\/www.organisator.ch\/fr\/wp-json\/wp\/v2\/categories?post=43107"},{"taxonomy":"post_tag","embeddable":true,"href":"https:\/\/www.organisator.ch\/fr\/wp-json\/wp\/v2\/tags?post=43107"}],"curies":[{"name":"wp","href":"https:\/\/api.w.org\/{rel}","templated":true}]}}