{"id":4315,"date":"2018-10-02T13:50:57","date_gmt":"2018-10-02T11:50:57","guid":{"rendered":"https:\/\/www.organisator.ch\/?p=4315"},"modified":"2018-10-02T13:50:57","modified_gmt":"2018-10-02T11:50:57","slug":"der-gruendungsboom-flacht-ab","status":"publish","type":"post","link":"https:\/\/www.organisator.ch\/fr\/management\/2018-10-02\/der-gruendungsboom-flacht-ab\/","title":{"rendered":"Le boom des cr\u00e9ations d'entreprises s'essouffle"},"content":{"rendered":"<figure id=\"attachment_4316\" aria-describedby=\"caption-attachment-4316\" style=\"width: 640px\" class=\"wp-caption alignnone\"><img loading=\"lazy\" decoding=\"async\" class=\"size-full wp-image-4316\" src=\"https:\/\/www.organisator.ch\/wp-content\/uploads\/2018\/10\/Der-Gruendungsboom-flacht-ab_Organisator.jpg\" alt=\"\" width=\"640\" height=\"427\" srcset=\"https:\/\/www.organisator.ch\/wp-content\/uploads\/2018\/10\/Der-Gruendungsboom-flacht-ab_Organisator.jpg 640w, https:\/\/www.organisator.ch\/wp-content\/uploads\/2018\/10\/Der-Gruendungsboom-flacht-ab_Organisator-16x12.jpg 16w, https:\/\/www.organisator.ch\/wp-content\/uploads\/2018\/10\/Der-Gruendungsboom-flacht-ab_Organisator-262x175.jpg 262w, https:\/\/www.organisator.ch\/wp-content\/uploads\/2018\/10\/Der-Gruendungsboom-flacht-ab_Organisator-525x350.jpg 525w, https:\/\/www.organisator.ch\/wp-content\/uploads\/2018\/10\/Der-Gruendungsboom-flacht-ab_Organisator-300x200.jpg 300w\" sizes=\"auto, (max-width: 640px) 100vw, 640px\" \/><figcaption id=\"caption-attachment-4316\" class=\"wp-caption-text\">Le boom des cr\u00e9ations d'entreprises a fait une pause estivale : mais le secteur du conseil en gestion\/\u00e9conomie, avec 751 nouvelles entreprises, reste le plus populaire aupr\u00e8s des cr\u00e9ateurs d'entreprise. (Image : Fotolia.com)<\/figcaption><\/figure>\n<p><span style=\"font-size: medium;\">Les cr\u00e9ateurs d'entreprise suisses ont \u00e9t\u00e9 tr\u00e8s actifs en ce d\u00e9but d'ann\u00e9e. Au premier trimestre, 11'055 nouvelles entreprises ont \u00e9t\u00e9 inscrites au registre du commerce. Au deuxi\u00e8me trimestre, on comptait d\u00e9j\u00e0 11'225 cr\u00e9ations, soit 2,95% de plus que l'ann\u00e9e pr\u00e9c\u00e9dente. <\/span><\/p>\n<h2>Le mois d'ao\u00fbt marque une pause dans le boom des cr\u00e9ations d'entreprises<\/h2>\n<p>La situation \u00e9tait diff\u00e9rente au troisi\u00e8me trimestre. Au total, 9'704 nouvelles entreprises ont \u00e9t\u00e9 inscrites dans les registres du commerce suisses, contre 9'999 l'ann\u00e9e derni\u00e8re. Le mois d'ao\u00fbt en particulier est \u00e0 l'origine de ce faible chiffre : avec seulement 2'913 cr\u00e9ations, il a \u00e9t\u00e9 le mois le plus faible de l'ann\u00e9e jusqu'\u00e0 pr\u00e9sent. Au quatri\u00e8me trimestre, les offices du registre du commerce devraient \u00e0 nouveau \u00eatre tr\u00e8s occup\u00e9s. On s'attend \u00e0 de nombreuses nouvelles inscriptions, en particulier en d\u00e9cembre, car c'est \u00e9galement \u00e0 cette p\u00e9riode que le plus grand nombre d'entreprises a \u00e9t\u00e9 enregistr\u00e9 en 2016 (4 121 cr\u00e9ations) et en 2017 (4 200 cr\u00e9ations). Les entrepreneurs peuvent ainsi commencer la nouvelle ann\u00e9e avec une nouvelle entreprise.<\/p>\n<h2>SARL et conseil en gestion<\/h2>\n<p>Au troisi\u00e8me trimestre, les fondateurs ont opt\u00e9 soit pour une S\u00e0rl (38.17%), une entreprise individuelle (32.23%) ou une soci\u00e9t\u00e9 anonyme (20.24%). Les autres formes juridiques telles que les associations, les soci\u00e9t\u00e9s en nom collectif ou les coop\u00e9ratives ont donc \u00e9t\u00e9 choisies dans moins de 10% des cas. Le secteur le plus populaire a \u00e9t\u00e9 le conseil aux entreprises\/\u00e9conomiques, avec 751 nouvelles entreprises. Suivent les restaurants, caf\u00e9s &amp; snacks avec 431 cr\u00e9ations et la vente et location d'appartements &amp; d'immeubles avec 371.<\/p>\n<p><em>Source : <a href=\"http:\/\/www.moneyhouse.ch\">Moneyhouse<\/a><\/em><\/p>\n<p>&nbsp;<\/p>","protected":false},"excerpt":{"rendered":"<p>Schweizer Gr\u00fcnderinnen\u00a0und Gr\u00fcnder waren am Anfang des Jahres fleissig. Im ersten Quartal wurden 11\u2019055 neue Firmen im Handelsregister eingetragen, im zweiten Quartal waren es bereits 11\u2019225 Gr\u00fcndungen und damit 2.95% mehr als im Vorjahr. August sorgt f\u00fcr Pause beim Gr\u00fcndungsboom Anders sah es im dritten Quartal aus. Insgesamt wurden 9\u2019704 neue Firmen in den Schweizer [&hellip;]<\/p>\n","protected":false},"author":4,"featured_media":4316,"comment_status":"open","ping_status":"open","sticky":false,"template":"","format":"standard","meta":{"_acf_changed":false,"_yoast_wpseo_focuskw":"Gr\u00fcndungsboom","_yoast_wpseo_metadesc":"Zu Beginn des Jahres wurde in der Schweiz von einem regelrechten Gr\u00fcndungsboom gesprochen, im dritten Quartal kam es nun zu einem Einbruch.","articlekey":"","footnotes":""},"categories":[28],"tags":[205,452,459,508],"class_list":["post-4315","post","type-post","status-publish","format-standard","has-post-thumbnail","hentry","category-management","tag-firmengruendungen","tag-statistik","tag-studie","tag-vermischtes"],"acf":[],"yoast_head":"<!-- This site is optimized with the Yoast SEO plugin v27.4 - https:\/\/yoast.com\/product\/yoast-seo-wordpress\/ -->\n<title>Der Gr\u00fcndungsboom flacht ab - Organisator<\/title>\n<meta name=\"description\" content=\"Zu Beginn des Jahres wurde in der Schweiz von einem regelrechten Gr\u00fcndungsboom gesprochen, im dritten Quartal kam es nun zu einem Einbruch.\" \/>\n<meta name=\"robots\" content=\"index, follow, max-snippet:-1, max-image-preview:large, max-video-preview:-1\" \/>\n<link rel=\"canonical\" href=\"https:\/\/www.organisator.ch\/fr\/gestion-2\/2018-10-02\/der-gruendungsboom-flacht-ab\/\" \/>\n<meta property=\"og:locale\" content=\"fr_FR\" \/>\n<meta property=\"og:type\" content=\"article\" \/>\n<meta property=\"og:title\" content=\"Der Gr\u00fcndungsboom flacht ab\" \/>\n<meta property=\"og:description\" content=\"Zu Beginn des Jahres wurde in der Schweiz von einem regelrechten Gr\u00fcndungsboom gesprochen, im dritten Quartal kam es nun zu einem Einbruch.\" \/>\n<meta property=\"og:url\" content=\"https:\/\/www.organisator.ch\/fr\/gestion-2\/2018-10-02\/der-gruendungsboom-flacht-ab\/\" \/>\n<meta property=\"og:site_name\" content=\"Organisator\" \/>\n<meta property=\"article:publisher\" content=\"https:\/\/www.facebook.com\/OrganisatorFachmagazin\" \/>\n<meta property=\"article:published_time\" content=\"2018-10-02T11:50:57+00:00\" \/>\n<meta property=\"og:image\" content=\"https:\/\/www.organisator.ch\/wp-content\/uploads\/2018\/10\/Der-Gruendungsboom-flacht-ab_Organisator.jpg\" \/>\n\t<meta property=\"og:image:width\" content=\"640\" \/>\n\t<meta property=\"og:image:height\" content=\"427\" \/>\n\t<meta property=\"og:image:type\" content=\"image\/jpeg\" \/>\n<meta name=\"author\" content=\"thomas.berner\" \/>\n<meta name=\"twitter:card\" content=\"summary_large_image\" \/>\n<meta name=\"twitter:title\" content=\"Der #Gr\u00fcndungsboom flacht ab\" \/>\n<meta name=\"twitter:description\" content=\"Zu Beginn des Jahres wurde in der Schweiz von einem regelrechten #Gr\u00fcndungsboom gesprochen, im dritten Quartal kam es nun zu einem Einbruch.\" \/>\n<meta name=\"twitter:image\" content=\"https:\/\/www.organisator.ch\/wp-content\/uploads\/2018\/10\/Der-Gr\u00fcndungsboom-flacht-ab_Organisator.jpg\" \/>\n<script type=\"application\/ld+json\" class=\"yoast-schema-graph\">{\"@context\":\"https:\\\/\\\/schema.org\",\"@graph\":[{\"@type\":\"Article\",\"@id\":\"https:\\\/\\\/www.organisator.ch\\\/management\\\/2018-10-02\\\/der-gruendungsboom-flacht-ab\\\/#article\",\"isPartOf\":{\"@id\":\"https:\\\/\\\/www.organisator.ch\\\/management\\\/2018-10-02\\\/der-gruendungsboom-flacht-ab\\\/\"},\"author\":{\"name\":\"thomas.berner\",\"@id\":\"https:\\\/\\\/www.organisator.ch\\\/#\\\/schema\\\/person\\\/6f650f90b2842cd4c0cc334b4e36f67e\"},\"headline\":\"Der Gr\u00fcndungsboom flacht ab\",\"datePublished\":\"2018-10-02T11:50:57+00:00\",\"mainEntityOfPage\":{\"@id\":\"https:\\\/\\\/www.organisator.ch\\\/management\\\/2018-10-02\\\/der-gruendungsboom-flacht-ab\\\/\"},\"wordCount\":246,\"commentCount\":0,\"publisher\":{\"@id\":\"https:\\\/\\\/www.organisator.ch\\\/#organization\"},\"image\":{\"@id\":\"https:\\\/\\\/www.organisator.ch\\\/management\\\/2018-10-02\\\/der-gruendungsboom-flacht-ab\\\/#primaryimage\"},\"thumbnailUrl\":\"https:\\\/\\\/www.organisator.ch\\\/wp-content\\\/uploads\\\/2018\\\/10\\\/Der-Gruendungsboom-flacht-ab_Organisator.jpg\",\"keywords\":[\"Firmengr\u00fcndungen\",\"Statistik\",\"Studie\",\"Vermischtes\"],\"articleSection\":[\"MANAGEMENT\"],\"inLanguage\":\"fr-FR\"},{\"@type\":\"WebPage\",\"@id\":\"https:\\\/\\\/www.organisator.ch\\\/management\\\/2018-10-02\\\/der-gruendungsboom-flacht-ab\\\/\",\"url\":\"https:\\\/\\\/www.organisator.ch\\\/management\\\/2018-10-02\\\/der-gruendungsboom-flacht-ab\\\/\",\"name\":\"Der Gr\u00fcndungsboom flacht ab - Organisator\",\"isPartOf\":{\"@id\":\"https:\\\/\\\/www.organisator.ch\\\/#website\"},\"primaryImageOfPage\":{\"@id\":\"https:\\\/\\\/www.organisator.ch\\\/management\\\/2018-10-02\\\/der-gruendungsboom-flacht-ab\\\/#primaryimage\"},\"image\":{\"@id\":\"https:\\\/\\\/www.organisator.ch\\\/management\\\/2018-10-02\\\/der-gruendungsboom-flacht-ab\\\/#primaryimage\"},\"thumbnailUrl\":\"https:\\\/\\\/www.organisator.ch\\\/wp-content\\\/uploads\\\/2018\\\/10\\\/Der-Gruendungsboom-flacht-ab_Organisator.jpg\",\"datePublished\":\"2018-10-02T11:50:57+00:00\",\"description\":\"Zu Beginn des Jahres wurde in der Schweiz von einem regelrechten Gr\u00fcndungsboom gesprochen, im dritten Quartal kam es nun zu einem Einbruch.\",\"breadcrumb\":{\"@id\":\"https:\\\/\\\/www.organisator.ch\\\/management\\\/2018-10-02\\\/der-gruendungsboom-flacht-ab\\\/#breadcrumb\"},\"inLanguage\":\"fr-FR\",\"potentialAction\":[{\"@type\":\"ReadAction\",\"target\":[\"https:\\\/\\\/www.organisator.ch\\\/management\\\/2018-10-02\\\/der-gruendungsboom-flacht-ab\\\/\"]}]},{\"@type\":\"ImageObject\",\"inLanguage\":\"fr-FR\",\"@id\":\"https:\\\/\\\/www.organisator.ch\\\/management\\\/2018-10-02\\\/der-gruendungsboom-flacht-ab\\\/#primaryimage\",\"url\":\"https:\\\/\\\/www.organisator.ch\\\/wp-content\\\/uploads\\\/2018\\\/10\\\/Der-Gruendungsboom-flacht-ab_Organisator.jpg\",\"contentUrl\":\"https:\\\/\\\/www.organisator.ch\\\/wp-content\\\/uploads\\\/2018\\\/10\\\/Der-Gruendungsboom-flacht-ab_Organisator.jpg\",\"width\":640,\"height\":427,\"caption\":\"Der Gr\u00fcndungsboom machte Sommerpause: Doch Unternehmens-\\\/Wirtschaftsberatung mit 751 neuen Firmen ist bei den Gr\u00fcnderinnen und Gr\u00fcndern am beliebtesten. (Bild: Fotolia.com)\"},{\"@type\":\"BreadcrumbList\",\"@id\":\"https:\\\/\\\/www.organisator.ch\\\/management\\\/2018-10-02\\\/der-gruendungsboom-flacht-ab\\\/#breadcrumb\",\"itemListElement\":[{\"@type\":\"ListItem\",\"position\":1,\"name\":\"Home\",\"item\":\"https:\\\/\\\/www.organisator.ch\\\/\"},{\"@type\":\"ListItem\",\"position\":2,\"name\":\"Der Gr\u00fcndungsboom flacht ab\"}]},{\"@type\":\"WebSite\",\"@id\":\"https:\\\/\\\/www.organisator.ch\\\/#website\",\"url\":\"https:\\\/\\\/www.organisator.ch\\\/\",\"name\":\"Organisator\",\"description\":\"Kompetent. Praxisnah. Der ORGANISATOR bereitet in 10 Ausgaben pro Jahr die wesentlichen Themen f\u00fcr F\u00fchrungskr\u00e4fte von KMU auf.\",\"publisher\":{\"@id\":\"https:\\\/\\\/www.organisator.ch\\\/#organization\"},\"potentialAction\":[{\"@type\":\"SearchAction\",\"target\":{\"@type\":\"EntryPoint\",\"urlTemplate\":\"https:\\\/\\\/www.organisator.ch\\\/?s={search_term_string}\"},\"query-input\":{\"@type\":\"PropertyValueSpecification\",\"valueRequired\":true,\"valueName\":\"search_term_string\"}}],\"inLanguage\":\"fr-FR\"},{\"@type\":\"Organization\",\"@id\":\"https:\\\/\\\/www.organisator.ch\\\/#organization\",\"name\":\"Organisator\",\"url\":\"https:\\\/\\\/www.organisator.ch\\\/\",\"logo\":{\"@type\":\"ImageObject\",\"inLanguage\":\"fr-FR\",\"@id\":\"https:\\\/\\\/www.organisator.ch\\\/#\\\/schema\\\/logo\\\/image\\\/\",\"url\":\"https:\\\/\\\/www.organisator.ch\\\/wp-content\\\/uploads\\\/2022\\\/01\\\/Logo_Organisator_Website.png\",\"contentUrl\":\"https:\\\/\\\/www.organisator.ch\\\/wp-content\\\/uploads\\\/2022\\\/01\\\/Logo_Organisator_Website.png\",\"width\":800,\"height\":77,\"caption\":\"Organisator\"},\"image\":{\"@id\":\"https:\\\/\\\/www.organisator.ch\\\/#\\\/schema\\\/logo\\\/image\\\/\"},\"sameAs\":[\"https:\\\/\\\/www.facebook.com\\\/OrganisatorFachmagazin\",\"https:\\\/\\\/www.linkedin.com\\\/showcase\\\/organisator-das-magazin-fr-kmu\",\"https:\\\/\\\/www.xing.com\\\/news\\\/pages\\\/organisator-ch-695\",\"https:\\\/\\\/www.youtube.com\\\/channel\\\/UCGP2Sq0iWaZwT3BdIAQFYpw\"]},{\"@type\":\"Person\",\"@id\":\"https:\\\/\\\/www.organisator.ch\\\/#\\\/schema\\\/person\\\/6f650f90b2842cd4c0cc334b4e36f67e\",\"name\":\"thomas.berner\",\"image\":{\"@type\":\"ImageObject\",\"inLanguage\":\"fr-FR\",\"@id\":\"https:\\\/\\\/secure.gravatar.com\\\/avatar\\\/ac5001d2a36cb6c6cd3e50789007ffca834b477b74a2144564522e944eabff61?s=96&d=mm&r=g\",\"url\":\"https:\\\/\\\/secure.gravatar.com\\\/avatar\\\/ac5001d2a36cb6c6cd3e50789007ffca834b477b74a2144564522e944eabff61?s=96&d=mm&r=g\",\"contentUrl\":\"https:\\\/\\\/secure.gravatar.com\\\/avatar\\\/ac5001d2a36cb6c6cd3e50789007ffca834b477b74a2144564522e944eabff61?s=96&d=mm&r=g\",\"caption\":\"thomas.berner\"},\"url\":\"https:\\\/\\\/www.organisator.ch\\\/fr\\\/author\\\/thomas-berner\\\/\"}]}<\/script>\n<!-- \/ Yoast SEO plugin. -->","yoast_head_json":{"title":"Le boom des cr\u00e9ations d'entreprises s'essouffle - Organisateur","description":"Au d\u00e9but de l'ann\u00e9e, on parlait d'un v\u00e9ritable boom des cr\u00e9ations d'entreprises en Suisse, mais le troisi\u00e8me trimestre a vu un effondrement.","robots":{"index":"index","follow":"follow","max-snippet":"max-snippet:-1","max-image-preview":"max-image-preview:large","max-video-preview":"max-video-preview:-1"},"canonical":"https:\/\/www.organisator.ch\/fr\/gestion-2\/2018-10-02\/der-gruendungsboom-flacht-ab\/","og_locale":"fr_FR","og_type":"article","og_title":"Der Gr\u00fcndungsboom flacht ab","og_description":"Zu Beginn des Jahres wurde in der Schweiz von einem regelrechten Gr\u00fcndungsboom gesprochen, im dritten Quartal kam es nun zu einem Einbruch.","og_url":"https:\/\/www.organisator.ch\/fr\/gestion-2\/2018-10-02\/der-gruendungsboom-flacht-ab\/","og_site_name":"Organisator","article_publisher":"https:\/\/www.facebook.com\/OrganisatorFachmagazin","article_published_time":"2018-10-02T11:50:57+00:00","og_image":[{"width":640,"height":427,"url":"https:\/\/www.organisator.ch\/wp-content\/uploads\/2018\/10\/Der-Gruendungsboom-flacht-ab_Organisator.jpg","type":"image\/jpeg"}],"author":"thomas.berner","twitter_card":"summary_large_image","twitter_title":"Der #Gr\u00fcndungsboom flacht ab","twitter_description":"Zu Beginn des Jahres wurde in der Schweiz von einem regelrechten #Gr\u00fcndungsboom gesprochen, im dritten Quartal kam es nun zu einem Einbruch.","twitter_image":"https:\/\/www.organisator.ch\/wp-content\/uploads\/2018\/10\/Der-Gr\u00fcndungsboom-flacht-ab_Organisator.jpg","schema":{"@context":"https:\/\/schema.org","@graph":[{"@type":"Article","@id":"https:\/\/www.organisator.ch\/management\/2018-10-02\/der-gruendungsboom-flacht-ab\/#article","isPartOf":{"@id":"https:\/\/www.organisator.ch\/management\/2018-10-02\/der-gruendungsboom-flacht-ab\/"},"author":{"name":"thomas.berner","@id":"https:\/\/www.organisator.ch\/#\/schema\/person\/6f650f90b2842cd4c0cc334b4e36f67e"},"headline":"Der Gr\u00fcndungsboom flacht ab","datePublished":"2018-10-02T11:50:57+00:00","mainEntityOfPage":{"@id":"https:\/\/www.organisator.ch\/management\/2018-10-02\/der-gruendungsboom-flacht-ab\/"},"wordCount":246,"commentCount":0,"publisher":{"@id":"https:\/\/www.organisator.ch\/#organization"},"image":{"@id":"https:\/\/www.organisator.ch\/management\/2018-10-02\/der-gruendungsboom-flacht-ab\/#primaryimage"},"thumbnailUrl":"https:\/\/www.organisator.ch\/wp-content\/uploads\/2018\/10\/Der-Gruendungsboom-flacht-ab_Organisator.jpg","keywords":["Firmengr\u00fcndungen","Statistik","Studie","Vermischtes"],"articleSection":["MANAGEMENT"],"inLanguage":"fr-FR"},{"@type":"WebPage","@id":"https:\/\/www.organisator.ch\/management\/2018-10-02\/der-gruendungsboom-flacht-ab\/","url":"https:\/\/www.organisator.ch\/management\/2018-10-02\/der-gruendungsboom-flacht-ab\/","name":"Le boom des cr\u00e9ations d'entreprises s'essouffle - Organisateur","isPartOf":{"@id":"https:\/\/www.organisator.ch\/#website"},"primaryImageOfPage":{"@id":"https:\/\/www.organisator.ch\/management\/2018-10-02\/der-gruendungsboom-flacht-ab\/#primaryimage"},"image":{"@id":"https:\/\/www.organisator.ch\/management\/2018-10-02\/der-gruendungsboom-flacht-ab\/#primaryimage"},"thumbnailUrl":"https:\/\/www.organisator.ch\/wp-content\/uploads\/2018\/10\/Der-Gruendungsboom-flacht-ab_Organisator.jpg","datePublished":"2018-10-02T11:50:57+00:00","description":"Au d\u00e9but de l'ann\u00e9e, on parlait d'un v\u00e9ritable boom des cr\u00e9ations d'entreprises en Suisse, mais le troisi\u00e8me trimestre a vu un effondrement.","breadcrumb":{"@id":"https:\/\/www.organisator.ch\/management\/2018-10-02\/der-gruendungsboom-flacht-ab\/#breadcrumb"},"inLanguage":"fr-FR","potentialAction":[{"@type":"ReadAction","target":["https:\/\/www.organisator.ch\/management\/2018-10-02\/der-gruendungsboom-flacht-ab\/"]}]},{"@type":"ImageObject","inLanguage":"fr-FR","@id":"https:\/\/www.organisator.ch\/management\/2018-10-02\/der-gruendungsboom-flacht-ab\/#primaryimage","url":"https:\/\/www.organisator.ch\/wp-content\/uploads\/2018\/10\/Der-Gruendungsboom-flacht-ab_Organisator.jpg","contentUrl":"https:\/\/www.organisator.ch\/wp-content\/uploads\/2018\/10\/Der-Gruendungsboom-flacht-ab_Organisator.jpg","width":640,"height":427,"caption":"Der Gr\u00fcndungsboom machte Sommerpause: Doch Unternehmens-\/Wirtschaftsberatung mit 751 neuen Firmen ist bei den Gr\u00fcnderinnen und Gr\u00fcndern am beliebtesten. (Bild: Fotolia.com)"},{"@type":"BreadcrumbList","@id":"https:\/\/www.organisator.ch\/management\/2018-10-02\/der-gruendungsboom-flacht-ab\/#breadcrumb","itemListElement":[{"@type":"ListItem","position":1,"name":"Home","item":"https:\/\/www.organisator.ch\/"},{"@type":"ListItem","position":2,"name":"Der Gr\u00fcndungsboom flacht ab"}]},{"@type":"WebSite","@id":"https:\/\/www.organisator.ch\/#website","url":"https:\/\/www.organisator.ch\/","name":"Organisateur","description":"Comp\u00e9tence et comp\u00e9tence. Proches de la pratique. L'ORGANISATEUR pr\u00e9pare 10 num\u00e9ros par an sur les th\u00e8mes essentiels pour les dirigeants de PME.","publisher":{"@id":"https:\/\/www.organisator.ch\/#organization"},"potentialAction":[{"@type":"SearchAction","target":{"@type":"EntryPoint","urlTemplate":"https:\/\/www.organisator.ch\/?s={search_term_string}"},"query-input":{"@type":"PropertyValueSpecification","valueRequired":true,"valueName":"search_term_string"}}],"inLanguage":"fr-FR"},{"@type":"Organization","@id":"https:\/\/www.organisator.ch\/#organization","name":"Organisateur","url":"https:\/\/www.organisator.ch\/","logo":{"@type":"ImageObject","inLanguage":"fr-FR","@id":"https:\/\/www.organisator.ch\/#\/schema\/logo\/image\/","url":"https:\/\/www.organisator.ch\/wp-content\/uploads\/2022\/01\/Logo_Organisator_Website.png","contentUrl":"https:\/\/www.organisator.ch\/wp-content\/uploads\/2022\/01\/Logo_Organisator_Website.png","width":800,"height":77,"caption":"Organisator"},"image":{"@id":"https:\/\/www.organisator.ch\/#\/schema\/logo\/image\/"},"sameAs":["https:\/\/www.facebook.com\/OrganisatorFachmagazin","https:\/\/www.linkedin.com\/showcase\/organisator-das-magazin-fr-kmu","https:\/\/www.xing.com\/news\/pages\/organisator-ch-695","https:\/\/www.youtube.com\/channel\/UCGP2Sq0iWaZwT3BdIAQFYpw"]},{"@type":"Person","@id":"https:\/\/www.organisator.ch\/#\/schema\/person\/6f650f90b2842cd4c0cc334b4e36f67e","name":"thomas.berner","image":{"@type":"ImageObject","inLanguage":"fr-FR","@id":"https:\/\/secure.gravatar.com\/avatar\/ac5001d2a36cb6c6cd3e50789007ffca834b477b74a2144564522e944eabff61?s=96&d=mm&r=g","url":"https:\/\/secure.gravatar.com\/avatar\/ac5001d2a36cb6c6cd3e50789007ffca834b477b74a2144564522e944eabff61?s=96&d=mm&r=g","contentUrl":"https:\/\/secure.gravatar.com\/avatar\/ac5001d2a36cb6c6cd3e50789007ffca834b477b74a2144564522e944eabff61?s=96&d=mm&r=g","caption":"thomas.berner"},"url":"https:\/\/www.organisator.ch\/fr\/author\/thomas-berner\/"}]}},"_links":{"self":[{"href":"https:\/\/www.organisator.ch\/fr\/wp-json\/wp\/v2\/posts\/4315","targetHints":{"allow":["GET"]}}],"collection":[{"href":"https:\/\/www.organisator.ch\/fr\/wp-json\/wp\/v2\/posts"}],"about":[{"href":"https:\/\/www.organisator.ch\/fr\/wp-json\/wp\/v2\/types\/post"}],"author":[{"embeddable":true,"href":"https:\/\/www.organisator.ch\/fr\/wp-json\/wp\/v2\/users\/4"}],"replies":[{"embeddable":true,"href":"https:\/\/www.organisator.ch\/fr\/wp-json\/wp\/v2\/comments?post=4315"}],"version-history":[{"count":0,"href":"https:\/\/www.organisator.ch\/fr\/wp-json\/wp\/v2\/posts\/4315\/revisions"}],"wp:featuredmedia":[{"embeddable":true,"href":"https:\/\/www.organisator.ch\/fr\/wp-json\/wp\/v2\/media\/4316"}],"wp:attachment":[{"href":"https:\/\/www.organisator.ch\/fr\/wp-json\/wp\/v2\/media?parent=4315"}],"wp:term":[{"taxonomy":"category","embeddable":true,"href":"https:\/\/www.organisator.ch\/fr\/wp-json\/wp\/v2\/categories?post=4315"},{"taxonomy":"post_tag","embeddable":true,"href":"https:\/\/www.organisator.ch\/fr\/wp-json\/wp\/v2\/tags?post=4315"}],"curies":[{"name":"wp","href":"https:\/\/api.w.org\/{rel}","templated":true}]}}