{"id":43272,"date":"2026-01-16T09:13:44","date_gmt":"2026-01-16T08:13:44","guid":{"rendered":"https:\/\/www.organisator.ch\/?p=43272"},"modified":"2026-01-16T09:13:44","modified_gmt":"2026-01-16T08:13:44","slug":"kmu-swiss-symposium-widmet-sich-dem-thema-industrielle-revolution-2026","status":"publish","type":"post","link":"https:\/\/www.organisator.ch\/fr\/management\/2026-01-16\/kmu-swiss-symposium-widmet-sich-dem-thema-industrielle-revolution-2026\/","title":{"rendered":"Le symposium PME SWISS est consacr\u00e9 \u00e0 la \u201eR\u00e9volution industrielle 2026\u201c"},"content":{"rendered":"<figure id=\"attachment_43273\" aria-describedby=\"caption-attachment-43273\" style=\"width: 680px\" class=\"wp-caption alignnone\"><img loading=\"lazy\" decoding=\"async\" class=\"size-full wp-image-43273\" src=\"https:\/\/www.organisator.ch\/wp-content\/uploads\/2026\/01\/KMU-SWISS-Symposium-widmet-sich-dem-Thema-Industrielle-Revolution-2026_Organisator.jpg\" alt=\"\" width=\"680\" height=\"405\" srcset=\"https:\/\/www.organisator.ch\/wp-content\/uploads\/2026\/01\/KMU-SWISS-Symposium-widmet-sich-dem-Thema-Industrielle-Revolution-2026_Organisator.jpg 680w, https:\/\/www.organisator.ch\/wp-content\/uploads\/2026\/01\/KMU-SWISS-Symposium-widmet-sich-dem-Thema-Industrielle-Revolution-2026_Organisator-18x12.jpg 18w, https:\/\/www.organisator.ch\/wp-content\/uploads\/2026\/01\/KMU-SWISS-Symposium-widmet-sich-dem-Thema-Industrielle-Revolution-2026_Organisator-375x223.jpg 375w, https:\/\/www.organisator.ch\/wp-content\/uploads\/2026\/01\/KMU-SWISS-Symposium-widmet-sich-dem-Thema-Industrielle-Revolution-2026_Organisator-588x350.jpg 588w\" sizes=\"auto, (max-width: 680px) 100vw, 680px\" \/><figcaption id=\"caption-attachment-43273\" class=\"wp-caption-text\">Le KMU Swiss Symposium du 19 mars 2026 aura lieu au Trafo de Baden. (Image : FOTO Wagner \/ Alexander Wagner)<\/figcaption><\/figure>\n<p>L'accent sera mis sur les d\u00e9veloppements technologiques en tant que moteurs du changement, mais aussi sur les dimensions \u00e9motionnelles et sociales de la \u00abr\u00e9volution industrielle\u00bb. Des experts renomm\u00e9s mettront en lumi\u00e8re les signaux du changement, montreront des exemples concrets de r\u00e9ussite et discuteront de la mani\u00e8re dont les entreprises peuvent r\u00e9agir \u00e0 temps aux nouvelles conditions-cadres. Les participants recevront des impulsions sur la mani\u00e8re de fa\u00e7onner activement leur propre avenir dans cet environnement dynamique et de se diff\u00e9rencier de leurs concurrents.<\/p>\n<p>Le symposium accorde une grande importance au lien avec la pratique et au r\u00e9seautage personnel. Les expos\u00e9s pr\u00e9sentent les d\u00e9veloppements actuels de mani\u00e8re compr\u00e9hensible et les placent dans un contexte entrepreneurial, de sorte que les PME puissent s'y r\u00e9f\u00e9rer directement et transf\u00e9rer les connaissances dans leur propre r\u00e9alit\u00e9. Parall\u00e8lement, l'\u00e9v\u00e9nement offre de nombreuses possibilit\u00e9s d'\u00e9changes avec d'autres entrepreneurs, des sp\u00e9cialistes et des repr\u00e9sentants d'organisations partenaires.<\/p>\n<h3><strong>L'avant-programme<\/strong><\/h3>\n<p>Le symposium proprement dit sera pr\u00e9c\u00e9d\u00e9 par le march\u00e9 de la ville de Baden, qui servira de plateforme de rencontre anim\u00e9e. Dans le hall 36\/37, les d\u00e9cideurs, les acteurs locaux et les partenaires \u00e9conomiques se rencontrent pour des pr\u00e9sentations, des discussions et un ap\u00e9ritif commun. Ce programme de midi favorise d\u00e9j\u00e0 le dialogue, cr\u00e9e de nouveaux contacts et pr\u00e9pare les invit\u00e9s \u00e0 la th\u00e9matique de l'apr\u00e8s-midi.<\/p>\n<p>En guise d'avant-programme officiel du symposium, la visite de l'entreprise \u00abSTERK CINE\u00bb au cin\u00e9ma Trafo Baden permettra de jeter un pont entre la th\u00e9orie et la pratique concr\u00e8te. Apr\u00e8s le mot de bienvenue de la promotion \u00e9conomique de Baden, Alexandra Sterk (STERK CINE) et Dr. Adrian Schoop (Schoop + Co. AG) pr\u00e9senteront bri\u00e8vement leur entreprise et montreront, dans une interview, comment les entreprises familiales peuvent faire face aux changements et s'imposer avec succ\u00e8s dans un environnement de march\u00e9 exigeant. Cette visite d'entreprise permet en outre de jeter un regard rare dans les coulisses de la technique cin\u00e9matographique.<\/p>\n<h3><strong>Le symposium<\/strong><\/h3>\n<p>L'id\u00e9e de r\u00e9seau est le fil conducteur de l'ensemble de la manifestation. De la place du march\u00e9 aux conf\u00e9rences en passant par la visite d'entreprises, des espaces sont cr\u00e9\u00e9s pour les rencontres personnelles, les discussions spontan\u00e9es et l'\u00e9change d'exp\u00e9riences entre les branches. Les participants appr\u00e9cient tout particuli\u00e8rement dans les symposiums PME SWISS la combinaison de la profondeur du contenu, de la mise en pratique imm\u00e9diate et de l'atmosph\u00e8re \u00e0 la fois familiale et professionnelle.<\/p>\n<p>Le contenu du symposium sera marqu\u00e9 par des personnalit\u00e9s \u00e0 l'esprit d'entreprise qui apporteront des perspectives diff\u00e9rentes sur la \u00abr\u00e9volution industrielle 2026\u00bb. Il s'agit notamment de l'animateur Hugo Bigi, qui dirigera l'apr\u00e8s-midi avec des questions pr\u00e9cises et un guidage clair, ainsi que d'intervenants tels que Rob Spence, Aude Pugin, Michael B\u00f6ni, Dr Steve S.W. Wang et Dr Bernard L. Dy. Ils mettent en lumi\u00e8re les d\u00e9fis et les opportunit\u00e9s du changement du point de vue de l'entreprise, de la technologie, de la communication et du d\u00e9veloppement international, et assurent ainsi des pistes de r\u00e9flexion dont les effets se font sentir bien au-del\u00e0 de la journ\u00e9e de la manifestation.<\/p>\n<h3><strong>Le prix<\/strong><\/h3>\n<p>L'un des points forts du symposium sur le plan \u00e9motionnel est la remise du KMU SWISS Award. Parmi plusieurs entreprises nomin\u00e9es, une laur\u00e9ate sera r\u00e9compens\u00e9e pour avoir d\u00e9montr\u00e9 de mani\u00e8re impressionnante, avec courage, pers\u00e9v\u00e9rance et responsabilit\u00e9, comment un succ\u00e8s durable peut \u00eatre construit et assur\u00e9 sur plusieurs ann\u00e9es et g\u00e9n\u00e9rations. L'hommage en s\u00e9ance pl\u00e9ni\u00e8re et la c\u00e9r\u00e9monie qui suivra dans le cadre de l'ap\u00e9ritif soulignent l'importance des mod\u00e8les qui ne se contentent pas de ma\u00eetriser le changement, mais qui le fa\u00e7onnent activement.<\/p>\n<p><em>Plus d'informations : <a href=\"https:\/\/www.kmuswiss.ch\/de\/events\/\">PME SWISS<\/a><\/em><\/p>","protected":false},"excerpt":{"rendered":"<p>Le Symposium PME SWISS de Baden du 19 mars 2026 s'intitule \u00abR\u00e9volution industrielle 2026\u00bb et met l'accent sur la question de savoir comment r\u00e9volutionner les march\u00e9s de mani\u00e8re cibl\u00e9e et en tirer des avantages concurrentiels durables. Les changements - qu'ils soient pr\u00e9vus ou inattendus - sont consid\u00e9r\u00e9s comme des opportunit\u00e9s de cr\u00e9er de la valeur ajout\u00e9e gr\u00e2ce \u00e0 de nouvelles technologies, des mod\u00e8les commerciaux audacieux et des processus innovants.<\/p>","protected":false},"author":4,"featured_media":43273,"comment_status":"closed","ping_status":"closed","sticky":false,"template":"","format":"standard","meta":{"_acf_changed":false,"_yoast_wpseo_focuskw":"Industrielle Revolution","_yoast_wpseo_metadesc":"Das KMU SWISS Symposium Baden vom 19. M\u00e4rz 2026 tr\u00e4gt den Titel \u00abIndustrielle Revolution 2026\u00bb und thematisiert aktuelle Marktver\u00e4nderungen.","articlekey":"","footnotes":""},"categories":[28],"tags":[193,4467,502,503],"class_list":["post-43272","post","type-post","status-publish","format-standard","has-post-thumbnail","hentry","category-management","tag-fachkongressfachmesse","tag-kmu-swiss-symposium","tag-veranstaltungen","tag-verbaende"],"acf":[],"yoast_head":"<!-- This site is optimized with the Yoast SEO plugin v27.5 - https:\/\/yoast.com\/product\/yoast-seo-wordpress\/ -->\n<title>KMU SWISS Symposium widmet sich dem Thema &quot;Industrielle Revolution 2026&quot; - Organisator<\/title>\n<meta name=\"description\" content=\"Das KMU SWISS Symposium Baden vom 19. M\u00e4rz 2026 tr\u00e4gt den Titel \u00abIndustrielle Revolution 2026\u00bb und thematisiert aktuelle Marktver\u00e4nderungen.\" \/>\n<meta name=\"robots\" content=\"index, follow, max-snippet:-1, max-image-preview:large, max-video-preview:-1\" \/>\n<link rel=\"canonical\" href=\"https:\/\/www.organisator.ch\/fr\/gestion-2\/2026-01-16\/kmu-swiss-symposium-widmet-sich-dem-thema-industrielle-revolution-2026\/\" \/>\n<meta property=\"og:locale\" content=\"fr_FR\" \/>\n<meta property=\"og:type\" content=\"article\" \/>\n<meta property=\"og:title\" content=\"KMU SWISS Symposium widmet sich dem Thema &quot;Industrielle Revolution 2026&quot;\" \/>\n<meta property=\"og:description\" content=\"Das KMU SWISS Symposium Baden vom 19. M\u00e4rz 2026 tr\u00e4gt den Titel \u00abIndustrielle Revolution 2026\u00bb und thematisiert aktuelle Marktver\u00e4nderungen.\" \/>\n<meta property=\"og:url\" content=\"https:\/\/www.organisator.ch\/fr\/gestion-2\/2026-01-16\/kmu-swiss-symposium-widmet-sich-dem-thema-industrielle-revolution-2026\/\" \/>\n<meta property=\"og:site_name\" content=\"Organisator\" \/>\n<meta property=\"article:publisher\" content=\"https:\/\/www.facebook.com\/OrganisatorFachmagazin\" \/>\n<meta property=\"article:published_time\" content=\"2026-01-16T08:13:44+00:00\" \/>\n<meta property=\"og:image\" content=\"https:\/\/www.organisator.ch\/wp-content\/uploads\/2026\/01\/KMU-SWISS-Symposium-widmet-sich-dem-Thema-Industrielle-Revolution-2026_Organisator.jpg\" \/>\n\t<meta property=\"og:image:width\" content=\"680\" \/>\n\t<meta property=\"og:image:height\" content=\"405\" \/>\n\t<meta property=\"og:image:type\" content=\"image\/jpeg\" \/>\n<meta name=\"author\" content=\"thomas.berner\" \/>\n<meta name=\"twitter:card\" content=\"summary_large_image\" \/>\n<meta name=\"twitter:title\" content=\"KMU SWISS Symposium widmet sich dem Thema &quot;Industrielle Revolution 2026&quot;\" \/>\n<meta name=\"twitter:description\" content=\"Das KMU SWISS #Symposium Baden vom 19. M\u00e4rz 2026 tr\u00e4gt den Titel \u00abIndustrielle #Revolution 2026\u00bb und thematisiert aktuelle Marktver\u00e4nderungen.\" \/>\n<meta name=\"twitter:image\" content=\"https:\/\/www.organisator.ch\/wp-content\/uploads\/2026\/01\/KMU-SWISS-Symposium-widmet-sich-dem-Thema-Industrielle-Revolution-2026_Organisator.jpg\" \/>\n<script type=\"application\/ld+json\" class=\"yoast-schema-graph\">{\"@context\":\"https:\\\/\\\/schema.org\",\"@graph\":[{\"@type\":\"Article\",\"@id\":\"https:\\\/\\\/www.organisator.ch\\\/management\\\/2026-01-16\\\/kmu-swiss-symposium-widmet-sich-dem-thema-industrielle-revolution-2026\\\/#article\",\"isPartOf\":{\"@id\":\"https:\\\/\\\/www.organisator.ch\\\/management\\\/2026-01-16\\\/kmu-swiss-symposium-widmet-sich-dem-thema-industrielle-revolution-2026\\\/\"},\"author\":{\"name\":\"thomas.berner\",\"@id\":\"https:\\\/\\\/www.organisator.ch\\\/#\\\/schema\\\/person\\\/6f650f90b2842cd4c0cc334b4e36f67e\"},\"headline\":\"KMU SWISS Symposium widmet sich dem Thema &#8222;Industrielle Revolution 2026&#8220;\",\"datePublished\":\"2026-01-16T08:13:44+00:00\",\"mainEntityOfPage\":{\"@id\":\"https:\\\/\\\/www.organisator.ch\\\/management\\\/2026-01-16\\\/kmu-swiss-symposium-widmet-sich-dem-thema-industrielle-revolution-2026\\\/\"},\"wordCount\":538,\"publisher\":{\"@id\":\"https:\\\/\\\/www.organisator.ch\\\/#organization\"},\"image\":{\"@id\":\"https:\\\/\\\/www.organisator.ch\\\/management\\\/2026-01-16\\\/kmu-swiss-symposium-widmet-sich-dem-thema-industrielle-revolution-2026\\\/#primaryimage\"},\"thumbnailUrl\":\"https:\\\/\\\/www.organisator.ch\\\/wp-content\\\/uploads\\\/2026\\\/01\\\/KMU-SWISS-Symposium-widmet-sich-dem-Thema-Industrielle-Revolution-2026_Organisator.jpg\",\"keywords\":[\"Fachkongress\\\/Fachmesse\",\"KMU Swiss Symposium\",\"Veranstaltungen\",\"Verb\u00e4nde\"],\"articleSection\":[\"MANAGEMENT\"],\"inLanguage\":\"fr-FR\"},{\"@type\":\"WebPage\",\"@id\":\"https:\\\/\\\/www.organisator.ch\\\/management\\\/2026-01-16\\\/kmu-swiss-symposium-widmet-sich-dem-thema-industrielle-revolution-2026\\\/\",\"url\":\"https:\\\/\\\/www.organisator.ch\\\/management\\\/2026-01-16\\\/kmu-swiss-symposium-widmet-sich-dem-thema-industrielle-revolution-2026\\\/\",\"name\":\"KMU SWISS Symposium widmet sich dem Thema \\\"Industrielle Revolution 2026\\\" - Organisator\",\"isPartOf\":{\"@id\":\"https:\\\/\\\/www.organisator.ch\\\/#website\"},\"primaryImageOfPage\":{\"@id\":\"https:\\\/\\\/www.organisator.ch\\\/management\\\/2026-01-16\\\/kmu-swiss-symposium-widmet-sich-dem-thema-industrielle-revolution-2026\\\/#primaryimage\"},\"image\":{\"@id\":\"https:\\\/\\\/www.organisator.ch\\\/management\\\/2026-01-16\\\/kmu-swiss-symposium-widmet-sich-dem-thema-industrielle-revolution-2026\\\/#primaryimage\"},\"thumbnailUrl\":\"https:\\\/\\\/www.organisator.ch\\\/wp-content\\\/uploads\\\/2026\\\/01\\\/KMU-SWISS-Symposium-widmet-sich-dem-Thema-Industrielle-Revolution-2026_Organisator.jpg\",\"datePublished\":\"2026-01-16T08:13:44+00:00\",\"description\":\"Das KMU SWISS Symposium Baden vom 19. M\u00e4rz 2026 tr\u00e4gt den Titel \u00abIndustrielle Revolution 2026\u00bb und thematisiert aktuelle Marktver\u00e4nderungen.\",\"breadcrumb\":{\"@id\":\"https:\\\/\\\/www.organisator.ch\\\/management\\\/2026-01-16\\\/kmu-swiss-symposium-widmet-sich-dem-thema-industrielle-revolution-2026\\\/#breadcrumb\"},\"inLanguage\":\"fr-FR\",\"potentialAction\":[{\"@type\":\"ReadAction\",\"target\":[\"https:\\\/\\\/www.organisator.ch\\\/management\\\/2026-01-16\\\/kmu-swiss-symposium-widmet-sich-dem-thema-industrielle-revolution-2026\\\/\"]}]},{\"@type\":\"ImageObject\",\"inLanguage\":\"fr-FR\",\"@id\":\"https:\\\/\\\/www.organisator.ch\\\/management\\\/2026-01-16\\\/kmu-swiss-symposium-widmet-sich-dem-thema-industrielle-revolution-2026\\\/#primaryimage\",\"url\":\"https:\\\/\\\/www.organisator.ch\\\/wp-content\\\/uploads\\\/2026\\\/01\\\/KMU-SWISS-Symposium-widmet-sich-dem-Thema-Industrielle-Revolution-2026_Organisator.jpg\",\"contentUrl\":\"https:\\\/\\\/www.organisator.ch\\\/wp-content\\\/uploads\\\/2026\\\/01\\\/KMU-SWISS-Symposium-widmet-sich-dem-Thema-Industrielle-Revolution-2026_Organisator.jpg\",\"width\":680,\"height\":405,\"caption\":\"Das KMU Swiss Symposium vom 19. M\u00e4rz 2026 findet im Trafo Baden statt. (Bild: FOTO Wagner \\\/ Alexander Wagner)\"},{\"@type\":\"BreadcrumbList\",\"@id\":\"https:\\\/\\\/www.organisator.ch\\\/management\\\/2026-01-16\\\/kmu-swiss-symposium-widmet-sich-dem-thema-industrielle-revolution-2026\\\/#breadcrumb\",\"itemListElement\":[{\"@type\":\"ListItem\",\"position\":1,\"name\":\"Home\",\"item\":\"https:\\\/\\\/www.organisator.ch\\\/\"},{\"@type\":\"ListItem\",\"position\":2,\"name\":\"KMU SWISS Symposium widmet sich dem Thema &#8222;Industrielle Revolution 2026&#8220;\"}]},{\"@type\":\"WebSite\",\"@id\":\"https:\\\/\\\/www.organisator.ch\\\/#website\",\"url\":\"https:\\\/\\\/www.organisator.ch\\\/\",\"name\":\"Organisator\",\"description\":\"Kompetent. Praxisnah. Der ORGANISATOR bereitet in 10 Ausgaben pro Jahr die wesentlichen Themen f\u00fcr F\u00fchrungskr\u00e4fte von KMU auf.\",\"publisher\":{\"@id\":\"https:\\\/\\\/www.organisator.ch\\\/#organization\"},\"potentialAction\":[{\"@type\":\"SearchAction\",\"target\":{\"@type\":\"EntryPoint\",\"urlTemplate\":\"https:\\\/\\\/www.organisator.ch\\\/?s={search_term_string}\"},\"query-input\":{\"@type\":\"PropertyValueSpecification\",\"valueRequired\":true,\"valueName\":\"search_term_string\"}}],\"inLanguage\":\"fr-FR\"},{\"@type\":\"Organization\",\"@id\":\"https:\\\/\\\/www.organisator.ch\\\/#organization\",\"name\":\"Organisator\",\"url\":\"https:\\\/\\\/www.organisator.ch\\\/\",\"logo\":{\"@type\":\"ImageObject\",\"inLanguage\":\"fr-FR\",\"@id\":\"https:\\\/\\\/www.organisator.ch\\\/#\\\/schema\\\/logo\\\/image\\\/\",\"url\":\"https:\\\/\\\/www.organisator.ch\\\/wp-content\\\/uploads\\\/2022\\\/01\\\/Logo_Organisator_Website.png\",\"contentUrl\":\"https:\\\/\\\/www.organisator.ch\\\/wp-content\\\/uploads\\\/2022\\\/01\\\/Logo_Organisator_Website.png\",\"width\":800,\"height\":77,\"caption\":\"Organisator\"},\"image\":{\"@id\":\"https:\\\/\\\/www.organisator.ch\\\/#\\\/schema\\\/logo\\\/image\\\/\"},\"sameAs\":[\"https:\\\/\\\/www.facebook.com\\\/OrganisatorFachmagazin\",\"https:\\\/\\\/www.linkedin.com\\\/showcase\\\/organisator-das-magazin-fr-kmu\",\"https:\\\/\\\/www.xing.com\\\/news\\\/pages\\\/organisator-ch-695\",\"https:\\\/\\\/www.youtube.com\\\/channel\\\/UCGP2Sq0iWaZwT3BdIAQFYpw\"]},{\"@type\":\"Person\",\"@id\":\"https:\\\/\\\/www.organisator.ch\\\/#\\\/schema\\\/person\\\/6f650f90b2842cd4c0cc334b4e36f67e\",\"name\":\"thomas.berner\",\"image\":{\"@type\":\"ImageObject\",\"inLanguage\":\"fr-FR\",\"@id\":\"https:\\\/\\\/secure.gravatar.com\\\/avatar\\\/ac5001d2a36cb6c6cd3e50789007ffca834b477b74a2144564522e944eabff61?s=96&d=mm&r=g\",\"url\":\"https:\\\/\\\/secure.gravatar.com\\\/avatar\\\/ac5001d2a36cb6c6cd3e50789007ffca834b477b74a2144564522e944eabff61?s=96&d=mm&r=g\",\"contentUrl\":\"https:\\\/\\\/secure.gravatar.com\\\/avatar\\\/ac5001d2a36cb6c6cd3e50789007ffca834b477b74a2144564522e944eabff61?s=96&d=mm&r=g\",\"caption\":\"thomas.berner\"},\"url\":\"https:\\\/\\\/www.organisator.ch\\\/fr\\\/author\\\/thomas-berner\\\/\"}]}<\/script>\n<!-- \/ Yoast SEO plugin. -->","yoast_head_json":{"title":"Le symposium PME SWISS est consacr\u00e9 \u00e0 la \"R\u00e9volution industrielle 2026\" - Organisateur","description":"Le symposium PME SWISS de Baden du 19 mars 2026 s'intitule \u00abR\u00e9volution industrielle 2026\u00bb et aborde les changements actuels du march\u00e9.","robots":{"index":"index","follow":"follow","max-snippet":"max-snippet:-1","max-image-preview":"max-image-preview:large","max-video-preview":"max-video-preview:-1"},"canonical":"https:\/\/www.organisator.ch\/fr\/gestion-2\/2026-01-16\/kmu-swiss-symposium-widmet-sich-dem-thema-industrielle-revolution-2026\/","og_locale":"fr_FR","og_type":"article","og_title":"KMU SWISS Symposium widmet sich dem Thema \"Industrielle Revolution 2026\"","og_description":"Das KMU SWISS Symposium Baden vom 19. M\u00e4rz 2026 tr\u00e4gt den Titel \u00abIndustrielle Revolution 2026\u00bb und thematisiert aktuelle Marktver\u00e4nderungen.","og_url":"https:\/\/www.organisator.ch\/fr\/gestion-2\/2026-01-16\/kmu-swiss-symposium-widmet-sich-dem-thema-industrielle-revolution-2026\/","og_site_name":"Organisator","article_publisher":"https:\/\/www.facebook.com\/OrganisatorFachmagazin","article_published_time":"2026-01-16T08:13:44+00:00","og_image":[{"width":680,"height":405,"url":"https:\/\/www.organisator.ch\/wp-content\/uploads\/2026\/01\/KMU-SWISS-Symposium-widmet-sich-dem-Thema-Industrielle-Revolution-2026_Organisator.jpg","type":"image\/jpeg"}],"author":"thomas.berner","twitter_card":"summary_large_image","twitter_title":"KMU SWISS Symposium widmet sich dem Thema \"Industrielle Revolution 2026\"","twitter_description":"Das KMU SWISS #Symposium Baden vom 19. M\u00e4rz 2026 tr\u00e4gt den Titel \u00abIndustrielle #Revolution 2026\u00bb und thematisiert aktuelle Marktver\u00e4nderungen.","twitter_image":"https:\/\/www.organisator.ch\/wp-content\/uploads\/2026\/01\/KMU-SWISS-Symposium-widmet-sich-dem-Thema-Industrielle-Revolution-2026_Organisator.jpg","schema":{"@context":"https:\/\/schema.org","@graph":[{"@type":"Article","@id":"https:\/\/www.organisator.ch\/management\/2026-01-16\/kmu-swiss-symposium-widmet-sich-dem-thema-industrielle-revolution-2026\/#article","isPartOf":{"@id":"https:\/\/www.organisator.ch\/management\/2026-01-16\/kmu-swiss-symposium-widmet-sich-dem-thema-industrielle-revolution-2026\/"},"author":{"name":"thomas.berner","@id":"https:\/\/www.organisator.ch\/#\/schema\/person\/6f650f90b2842cd4c0cc334b4e36f67e"},"headline":"KMU SWISS Symposium widmet sich dem Thema &#8222;Industrielle Revolution 2026&#8220;","datePublished":"2026-01-16T08:13:44+00:00","mainEntityOfPage":{"@id":"https:\/\/www.organisator.ch\/management\/2026-01-16\/kmu-swiss-symposium-widmet-sich-dem-thema-industrielle-revolution-2026\/"},"wordCount":538,"publisher":{"@id":"https:\/\/www.organisator.ch\/#organization"},"image":{"@id":"https:\/\/www.organisator.ch\/management\/2026-01-16\/kmu-swiss-symposium-widmet-sich-dem-thema-industrielle-revolution-2026\/#primaryimage"},"thumbnailUrl":"https:\/\/www.organisator.ch\/wp-content\/uploads\/2026\/01\/KMU-SWISS-Symposium-widmet-sich-dem-Thema-Industrielle-Revolution-2026_Organisator.jpg","keywords":["Fachkongress\/Fachmesse","KMU Swiss Symposium","Veranstaltungen","Verb\u00e4nde"],"articleSection":["MANAGEMENT"],"inLanguage":"fr-FR"},{"@type":"WebPage","@id":"https:\/\/www.organisator.ch\/management\/2026-01-16\/kmu-swiss-symposium-widmet-sich-dem-thema-industrielle-revolution-2026\/","url":"https:\/\/www.organisator.ch\/management\/2026-01-16\/kmu-swiss-symposium-widmet-sich-dem-thema-industrielle-revolution-2026\/","name":"Le symposium PME SWISS est consacr\u00e9 \u00e0 la \"R\u00e9volution industrielle 2026\" - Organisateur","isPartOf":{"@id":"https:\/\/www.organisator.ch\/#website"},"primaryImageOfPage":{"@id":"https:\/\/www.organisator.ch\/management\/2026-01-16\/kmu-swiss-symposium-widmet-sich-dem-thema-industrielle-revolution-2026\/#primaryimage"},"image":{"@id":"https:\/\/www.organisator.ch\/management\/2026-01-16\/kmu-swiss-symposium-widmet-sich-dem-thema-industrielle-revolution-2026\/#primaryimage"},"thumbnailUrl":"https:\/\/www.organisator.ch\/wp-content\/uploads\/2026\/01\/KMU-SWISS-Symposium-widmet-sich-dem-Thema-Industrielle-Revolution-2026_Organisator.jpg","datePublished":"2026-01-16T08:13:44+00:00","description":"Le symposium PME SWISS de Baden du 19 mars 2026 s'intitule \u00abR\u00e9volution industrielle 2026\u00bb et aborde les changements actuels du march\u00e9.","breadcrumb":{"@id":"https:\/\/www.organisator.ch\/management\/2026-01-16\/kmu-swiss-symposium-widmet-sich-dem-thema-industrielle-revolution-2026\/#breadcrumb"},"inLanguage":"fr-FR","potentialAction":[{"@type":"ReadAction","target":["https:\/\/www.organisator.ch\/management\/2026-01-16\/kmu-swiss-symposium-widmet-sich-dem-thema-industrielle-revolution-2026\/"]}]},{"@type":"ImageObject","inLanguage":"fr-FR","@id":"https:\/\/www.organisator.ch\/management\/2026-01-16\/kmu-swiss-symposium-widmet-sich-dem-thema-industrielle-revolution-2026\/#primaryimage","url":"https:\/\/www.organisator.ch\/wp-content\/uploads\/2026\/01\/KMU-SWISS-Symposium-widmet-sich-dem-Thema-Industrielle-Revolution-2026_Organisator.jpg","contentUrl":"https:\/\/www.organisator.ch\/wp-content\/uploads\/2026\/01\/KMU-SWISS-Symposium-widmet-sich-dem-Thema-Industrielle-Revolution-2026_Organisator.jpg","width":680,"height":405,"caption":"Das KMU Swiss Symposium vom 19. M\u00e4rz 2026 findet im Trafo Baden statt. (Bild: FOTO Wagner \/ Alexander Wagner)"},{"@type":"BreadcrumbList","@id":"https:\/\/www.organisator.ch\/management\/2026-01-16\/kmu-swiss-symposium-widmet-sich-dem-thema-industrielle-revolution-2026\/#breadcrumb","itemListElement":[{"@type":"ListItem","position":1,"name":"Home","item":"https:\/\/www.organisator.ch\/"},{"@type":"ListItem","position":2,"name":"KMU SWISS Symposium widmet sich dem Thema &#8222;Industrielle Revolution 2026&#8220;"}]},{"@type":"WebSite","@id":"https:\/\/www.organisator.ch\/#website","url":"https:\/\/www.organisator.ch\/","name":"Organisateur","description":"Comp\u00e9tence et comp\u00e9tence. Proches de la pratique. L'ORGANISATEUR pr\u00e9pare 10 num\u00e9ros par an sur les th\u00e8mes essentiels pour les dirigeants de PME.","publisher":{"@id":"https:\/\/www.organisator.ch\/#organization"},"potentialAction":[{"@type":"SearchAction","target":{"@type":"EntryPoint","urlTemplate":"https:\/\/www.organisator.ch\/?s={search_term_string}"},"query-input":{"@type":"PropertyValueSpecification","valueRequired":true,"valueName":"search_term_string"}}],"inLanguage":"fr-FR"},{"@type":"Organization","@id":"https:\/\/www.organisator.ch\/#organization","name":"Organisateur","url":"https:\/\/www.organisator.ch\/","logo":{"@type":"ImageObject","inLanguage":"fr-FR","@id":"https:\/\/www.organisator.ch\/#\/schema\/logo\/image\/","url":"https:\/\/www.organisator.ch\/wp-content\/uploads\/2022\/01\/Logo_Organisator_Website.png","contentUrl":"https:\/\/www.organisator.ch\/wp-content\/uploads\/2022\/01\/Logo_Organisator_Website.png","width":800,"height":77,"caption":"Organisator"},"image":{"@id":"https:\/\/www.organisator.ch\/#\/schema\/logo\/image\/"},"sameAs":["https:\/\/www.facebook.com\/OrganisatorFachmagazin","https:\/\/www.linkedin.com\/showcase\/organisator-das-magazin-fr-kmu","https:\/\/www.xing.com\/news\/pages\/organisator-ch-695","https:\/\/www.youtube.com\/channel\/UCGP2Sq0iWaZwT3BdIAQFYpw"]},{"@type":"Person","@id":"https:\/\/www.organisator.ch\/#\/schema\/person\/6f650f90b2842cd4c0cc334b4e36f67e","name":"thomas.berner","image":{"@type":"ImageObject","inLanguage":"fr-FR","@id":"https:\/\/secure.gravatar.com\/avatar\/ac5001d2a36cb6c6cd3e50789007ffca834b477b74a2144564522e944eabff61?s=96&d=mm&r=g","url":"https:\/\/secure.gravatar.com\/avatar\/ac5001d2a36cb6c6cd3e50789007ffca834b477b74a2144564522e944eabff61?s=96&d=mm&r=g","contentUrl":"https:\/\/secure.gravatar.com\/avatar\/ac5001d2a36cb6c6cd3e50789007ffca834b477b74a2144564522e944eabff61?s=96&d=mm&r=g","caption":"thomas.berner"},"url":"https:\/\/www.organisator.ch\/fr\/author\/thomas-berner\/"}]}},"_links":{"self":[{"href":"https:\/\/www.organisator.ch\/fr\/wp-json\/wp\/v2\/posts\/43272","targetHints":{"allow":["GET"]}}],"collection":[{"href":"https:\/\/www.organisator.ch\/fr\/wp-json\/wp\/v2\/posts"}],"about":[{"href":"https:\/\/www.organisator.ch\/fr\/wp-json\/wp\/v2\/types\/post"}],"author":[{"embeddable":true,"href":"https:\/\/www.organisator.ch\/fr\/wp-json\/wp\/v2\/users\/4"}],"replies":[{"embeddable":true,"href":"https:\/\/www.organisator.ch\/fr\/wp-json\/wp\/v2\/comments?post=43272"}],"version-history":[{"count":3,"href":"https:\/\/www.organisator.ch\/fr\/wp-json\/wp\/v2\/posts\/43272\/revisions"}],"predecessor-version":[{"id":43319,"href":"https:\/\/www.organisator.ch\/fr\/wp-json\/wp\/v2\/posts\/43272\/revisions\/43319"}],"wp:featuredmedia":[{"embeddable":true,"href":"https:\/\/www.organisator.ch\/fr\/wp-json\/wp\/v2\/media\/43273"}],"wp:attachment":[{"href":"https:\/\/www.organisator.ch\/fr\/wp-json\/wp\/v2\/media?parent=43272"}],"wp:term":[{"taxonomy":"category","embeddable":true,"href":"https:\/\/www.organisator.ch\/fr\/wp-json\/wp\/v2\/categories?post=43272"},{"taxonomy":"post_tag","embeddable":true,"href":"https:\/\/www.organisator.ch\/fr\/wp-json\/wp\/v2\/tags?post=43272"}],"curies":[{"name":"wp","href":"https:\/\/api.w.org\/{rel}","templated":true}]}}