{"id":43347,"date":"2026-01-20T09:07:37","date_gmt":"2026-01-20T08:07:37","guid":{"rendered":"https:\/\/www.organisator.ch\/?p=43347"},"modified":"2026-02-09T07:56:50","modified_gmt":"2026-02-09T06:56:50","slug":"ki-trends-2026-vom-alltagswerkzeug-zum-strategischen-betriebssystem","status":"publish","type":"post","link":"https:\/\/www.organisator.ch\/fr\/management\/2026-01-20\/ki-trends-2026-vom-alltagswerkzeug-zum-strategischen-betriebssystem\/","title":{"rendered":"Les tendances de l'IA en 2026 : De l'outil quotidien au syst\u00e8me d'exploitation strat\u00e9gique"},"content":{"rendered":"<figure id=\"attachment_43349\" aria-describedby=\"caption-attachment-43349\" style=\"width: 680px\" class=\"wp-caption alignnone\"><img loading=\"lazy\" decoding=\"async\" class=\"size-full wp-image-43349\" src=\"https:\/\/www.organisator.ch\/wp-content\/uploads\/2026\/01\/KI-Trends-2026-Vom-Alltagswerkzeug-zum-strategischen-Betriebssystem_Organisator.jpg\" alt=\"\" width=\"680\" height=\"435\" srcset=\"https:\/\/www.organisator.ch\/wp-content\/uploads\/2026\/01\/KI-Trends-2026-Vom-Alltagswerkzeug-zum-strategischen-Betriebssystem_Organisator.jpg 680w, https:\/\/www.organisator.ch\/wp-content\/uploads\/2026\/01\/KI-Trends-2026-Vom-Alltagswerkzeug-zum-strategischen-Betriebssystem_Organisator-18x12.jpg 18w, https:\/\/www.organisator.ch\/wp-content\/uploads\/2026\/01\/KI-Trends-2026-Vom-Alltagswerkzeug-zum-strategischen-Betriebssystem_Organisator-375x240.jpg 375w, https:\/\/www.organisator.ch\/wp-content\/uploads\/2026\/01\/KI-Trends-2026-Vom-Alltagswerkzeug-zum-strategischen-Betriebssystem_Organisator-547x350.jpg 547w\" sizes=\"auto, (max-width: 680px) 100vw, 680px\" \/><figcaption id=\"caption-attachment-43349\" class=\"wp-caption-text\">Les fronti\u00e8res entre l'utilisation \u00abclassique\u00bb des ordinateurs et les syst\u00e8mes multimodaux s'estompent de plus en plus. (Image : G\u00e9n\u00e9r\u00e9 par l'IA \/ Perplexity.ai)<\/figcaption><\/figure>\n<p>\u00abSi les ann\u00e9es pass\u00e9es ont \u00e9t\u00e9 marqu\u00e9es par la compr\u00e9hension de ce que l'IA peut faire, 2026 sera consacr\u00e9 \u00e0 l'observation de ce qui se passera lorsqu'elle deviendra indissociable de notre travail et de notre vie. Les entreprises d'Europe, du Moyen-Orient et d'Afrique ne se demandent plus depuis longtemps si elles doivent utiliser l'IA, mais comment rester performantes dans un monde o\u00f9 l'IA influencera chaque d\u00e9cision et chaque processus\u00bb.\u00bb<\/p>\n<h3><strong>L'IA multimodale devient la nouvelle normalit\u00e9<\/strong><\/h3>\n<p>La mani\u00e8re dont les gens travaillent avec la technologie a beaucoup \u00e9volu\u00e9 ces derni\u00e8res ann\u00e9es. Pendant longtemps, le travail avec des syst\u00e8mes num\u00e9riques \u00e9tait caract\u00e9ris\u00e9 par des formes d'utilisation clairement d\u00e9finies. Les utilisateurs passaient d'une application \u00e0 l'autre, pilotaient les processus au moyen du clavier et de la souris et s'orientaient vers des interfaces utilisateur fixes. Ces limites commencent \u00e0 s'estomper.<\/p>\n<p>Les logiciels d'entreprise modernes \u00e9voluent vers des syst\u00e8mes multimodaux dans lesquels la voix, le texte, les images, les clics et la vid\u00e9o se fondent dans un environnement de travail int\u00e9gr\u00e9. La communication avec la technologie s'oriente de plus en plus vers la mani\u00e8re dont les gens pensent, parlent et saisissent les informations.<\/p>\n<p>Les cons\u00e9quences se font imm\u00e9diatement sentir dans le travail quotidien. Les \u00e9quipes peuvent mettre en place des projets en discutant, tandis que l'IA structure, documente et pr\u00e9sente visuellement le contenu en parall\u00e8le. Les \u00e9quipes de service passent sans probl\u00e8me du chat aux interactions vocales et l'IA anticipe d\u00e9j\u00e0 les prochaines \u00e9tapes et fournit des informations contextuelles. De m\u00eame, les analyses peuvent \u00eatre g\u00e9n\u00e9r\u00e9es \u00e0 partir de l'interaction et peuvent par exemple \u00eatre approfondies visuellement sans rupture de m\u00e9dia.<\/p>\n<p>Tout cela modifie la relation entre l'homme et la technologie. L'IA n'appara\u00eet pas comme un outil isol\u00e9, car elle s'int\u00e8gre parfaitement dans les processus de travail existants.<\/p>\n<h3><strong>Gouvernance versus vitesse devient une question de leadership<\/strong><\/h3>\n<p>Plus l'IA devient une \u00e9vidence dans le quotidien de l'entreprise, plus une question classique de management devient centrale : comment concilier l'\u00e9norme vitesse de d\u00e9veloppement et le th\u00e8me de la fiabilit\u00e9 ? Pour de nombreux cadres, il s'agit donc moins d'int\u00e9gration de la technique que de responsabilit\u00e9.<\/p>\n<p>Avec le\u00a0<a href=\"https:\/\/artificialintelligenceact.eu\/\">Loi sur l'intelligence artificielle de l'UE<\/a>\u00a0cette question devient concr\u00e8te et ancre le th\u00e8me de la r\u00e9glementation dans la r\u00e9alit\u00e9 entrepreneuriale. Mais les r\u00e8gles ne suffisent pas \u00e0 cr\u00e9er une IA responsable.  Ce qui est d\u00e9cisif, c'est la mani\u00e8re dont les entreprises les g\u00e8rent au quotidien. Il faut des lignes directrices claires qui donnent une orientation et ne freinent pas les processus de d\u00e9cision.<\/p>\n<p>Les organisations qui r\u00e9ussissent ancrent la gouvernance dans leurs processus de travail. Les comp\u00e9tences, la transparence et les voies d\u00e9cisionnelles claires ne sont pas ajout\u00e9es apr\u00e8s coup, mais sont int\u00e9gr\u00e9es d\u00e8s le d\u00e9but et s'int\u00e8grent automatiquement dans les processus existants. Il est ainsi possible de limiter les risques sans perdre sa capacit\u00e9 d'innovation.<\/p>\n<p>Pour le management, cela signifie un changement de perspective. Il s'agit de ne pas consid\u00e9rer la gouvernance comme un obstacle, mais comme un instrument de gestion active. Des r\u00e8gles claires cr\u00e9ent la confiance, en interne comme en externe, et donnent aux dirigeants la s\u00e9curit\u00e9 n\u00e9cessaire pour rester capables d'agir.<\/p>\n<h3><strong>L'IA agentique exige de nouvelles responsabilit\u00e9s de la part des DSI<\/strong><\/h3>\n<p>2026 sera \u00e9galement l'ann\u00e9e o\u00f9 les plateformes d'IA agentique feront leur entr\u00e9e dans le paysage de l'entreprise \u00e0 grande \u00e9chelle. Il s'agit de r\u00e9seaux d'agents intelligents qui coordonnent les t\u00e2ches, g\u00e8rent les flux de travail et pr\u00e9parent les d\u00e9cisions de mani\u00e8re autonome.<\/p>\n<p>Cette \u00e9volution accro\u00eet l'efficacit\u00e9 et la rapidit\u00e9, mais entra\u00eene \u00e9galement de nouveaux risques. La probl\u00e9matique bien connue du Shadow IT est remplac\u00e9e par un nouveau ph\u00e9nom\u00e8ne : le Shadow IA. Les mod\u00e8les et les agents cr\u00e9\u00e9s en dehors des structures de gouvernance d\u00e9finies peuvent entra\u00eener des risques en mati\u00e8re de s\u00e9curit\u00e9, de protection des donn\u00e9es et de conformit\u00e9.<\/p>\n<p>L'innovation technologique \u00e9tant souvent plus rapide que la r\u00e9glementation, les DSI et les conseils d'administration doivent anticiper. Ce qu'il faut, c'est une architecture de plateforme unifi\u00e9e qui r\u00e9unit d\u00e8s le d\u00e9part la gouvernance, la gestion des donn\u00e9es et la logique d\u00e9cisionnelle. C'est la seule fa\u00e7on de rendre les activit\u00e9s d'IA visibles, de les coordonner et de les piloter \u00e0 travers tous les secteurs de l'entreprise.<\/p>\n<h3><strong>L'IA devient une partie du travail - pas seulement un outil suppl\u00e9mentaire<\/strong><\/h3>\n<p>Le changement le plus important concerne peut-\u00eatre le travail quotidien lui-m\u00eame. En 2026, l'IA ne sera plus juxtapos\u00e9e aux processus de travail, mais fera partie int\u00e9grante du travail quotidien. Ce qui a commenc\u00e9 comme un niveau d'efficacit\u00e9 suppl\u00e9mentaire s'est transform\u00e9 en une intelligence op\u00e9rationnelle qui soutient les d\u00e9cisions, acc\u00e9l\u00e8re les processus et permet de se concentrer sur les activit\u00e9s \u00e0 valeur ajout\u00e9e.<\/p>\n<p>Cette \u00e9volution ne signifie pas simplement ajouter de l'IA aux applications existantes. Il est plut\u00f4t d\u00e9cisif d'identifier l'utilisation appropri\u00e9e de l'IA pour chaque cas d'application et d'orchestrer les agents IA de mani\u00e8re \u00e0 ce qu'ils collaborent de mani\u00e8re sp\u00e9cifique \u00e0 la t\u00e2che. Le contexte, les connaissances du secteur et les m\u00e9thodes de travail individuelles jouent ici un r\u00f4le central.<\/p>\n<p>AstraZeneca fournit un exemple clair dans le secteur des sciences de la vie. Chez eux, tous les niveaux de travail sont successivement reli\u00e9s \u00e0 l'IA - de la recherche \u00e0 l'onboarding en passant par les processus op\u00e9rationnels. Cela permet de lib\u00e9rer des capacit\u00e9s, de raccourcir les cycles de recherche et d'acc\u00e9l\u00e9rer la mise sur le march\u00e9 de th\u00e9rapies vitales. Aujourd'hui d\u00e9j\u00e0, l'entreprise \u00e9conomise plus de 30\u2019000 heures de travail par an : Des t\u00e2ches qui prenaient auparavant jusqu'\u00e0 30 minutes sont d\u00e9sormais effectu\u00e9es en quelques secondes, acc\u00e9l\u00e9rant ainsi la recherche et la prise de d\u00e9cision dans toute l'entreprise.<\/p>\n<p>Pour les employ\u00e9s, cette \u00e9volution devient de plus en plus souvent personnelle. \u00c0 l'avenir, les talents les plus demand\u00e9s seront ceux qui sauront travailler de mani\u00e8re souveraine avec l'IA, contr\u00f4ler leurs propres agents, donner des instructions pr\u00e9cises et \u00e9valuer de mani\u00e8re critique les r\u00e9sultats automatis\u00e9s. De nombreuses organisations commencent d\u00e9j\u00e0 \u00e0 int\u00e9grer les comp\u00e9tences en IA dans l'\u00e9valuation des performances et le d\u00e9veloppement.<\/p>\n<p>Pour les nouvelles g\u00e9n\u00e9rations de professionnels, cette forme de collaboration ira de soi. Les entreprises doivent donc d\u00e9finir clairement comment la collaboration entre l'homme et l'IA sera con\u00e7ue et \u00e9tablie en tant que nouvel environnement de travail.\u00a0<\/p>\n<figure id=\"attachment_43350\" aria-describedby=\"caption-attachment-43350\" style=\"width: 680px\" class=\"wp-caption alignnone\"><img loading=\"lazy\" decoding=\"async\" class=\"size-full wp-image-43350\" src=\"https:\/\/www.organisator.ch\/wp-content\/uploads\/2026\/01\/KI-Trends-2026-Vom-Alltagswerkzeug-zum-strategischen-Betriebssystem-2_Organisator.jpg\" alt=\"\" width=\"680\" height=\"586\" srcset=\"https:\/\/www.organisator.ch\/wp-content\/uploads\/2026\/01\/KI-Trends-2026-Vom-Alltagswerkzeug-zum-strategischen-Betriebssystem-2_Organisator.jpg 680w, https:\/\/www.organisator.ch\/wp-content\/uploads\/2026\/01\/KI-Trends-2026-Vom-Alltagswerkzeug-zum-strategischen-Betriebssystem-2_Organisator-14x12.jpg 14w, https:\/\/www.organisator.ch\/wp-content\/uploads\/2026\/01\/KI-Trends-2026-Vom-Alltagswerkzeug-zum-strategischen-Betriebssystem-2_Organisator-348x300.jpg 348w, https:\/\/www.organisator.ch\/wp-content\/uploads\/2026\/01\/KI-Trends-2026-Vom-Alltagswerkzeug-zum-strategischen-Betriebssystem-2_Organisator-406x350.jpg 406w\" sizes=\"auto, (max-width: 680px) 100vw, 680px\" \/><figcaption id=\"caption-attachment-43350\" class=\"wp-caption-text\">Cathy Mauzaize, pr\u00e9sidente EMEA de ServiceNow. (Image : zVg \/ ServiceNow)<\/figcaption><\/figure>\n<h3><strong>Perspectives<\/strong><\/h3>\n<p>2026 sera l'ann\u00e9e de la d\u00e9cision. L'IA perd son statut de projet et devient une \u00e9vidence pour les entreprises. La diff\u00e9rence provient de la mani\u00e8re dont les entreprises r\u00e9organisent le travail, le contr\u00f4le et la responsabilit\u00e9. L'interaction multimodale, la gouvernance int\u00e9gr\u00e9e et les syst\u00e8mes agentiques s'imbriquent les uns dans les autres, agissent ensemble et se renforcent dans leurs effets.<\/p>\n<p>Les entreprises qui consid\u00e8rent l'IA comme faisant partie de leur c\u0153ur op\u00e9rationnel gagnent en rapidit\u00e9, en transparence et en marge de man\u0153uvre. En revanche, celles qui s'en tiennent \u00e0 des solutions isol\u00e9es ou qui repoussent la gouvernance risquent des pertes de friction et de contr\u00f4le. La question n'est donc plus de savoir \u00e0 quel point l'IA est utilis\u00e9e de mani\u00e8re avanc\u00e9e, mais \u00e0 quel point elle est int\u00e9gr\u00e9e de mani\u00e8re coh\u00e9rente dans le travail quotidien.<\/p>\n<p><em>Source : <a href=\"http:\/\/www.servicenow.com\">ServiceNow<\/a><\/em><\/p>","protected":false},"excerpt":{"rendered":"<p>Apr\u00e8s des ann\u00e9es d'apprentissage, de test et de mise \u00e0 l'\u00e9chelle, l'intelligence artificielle est sur le point de faire partie int\u00e9grante du quotidien des entreprises. Pour Cathy Mauzaize, pr\u00e9sidente EMEA de ServiceNow, 2026 marque pr\u00e9cis\u00e9ment ce tournant.<\/p>","protected":false},"author":4,"featured_media":43349,"comment_status":"closed","ping_status":"closed","sticky":false,"template":"","format":"standard","meta":{"_acf_changed":false,"_yoast_wpseo_focuskw":"KI-Trends","_yoast_wpseo_metadesc":"KI-Trends 2026: KI wird nach Jahren des Lernens, Testens und Skalierens zum festen Bestandteil des unternehmerischen Alltags.","articlekey":"","footnotes":""},"categories":[28],"tags":[156,319,485,508],"class_list":["post-43347","post","type-post","status-publish","format-standard","has-post-thumbnail","hentry","category-management","tag-digitalisierung","tag-kuenstliche-intelligenz","tag-trends","tag-vermischtes"],"acf":[],"yoast_head":"<!-- This site is optimized with the Yoast SEO plugin v27.5 - https:\/\/yoast.com\/product\/yoast-seo-wordpress\/ -->\n<title>KI-Trends 2026: Vom Alltagswerkzeug zum strategischen Betriebssystem - Organisator<\/title>\n<meta name=\"description\" content=\"KI-Trends 2026: KI wird nach Jahren des Lernens, Testens und Skalierens zum festen Bestandteil des unternehmerischen Alltags.\" \/>\n<meta name=\"robots\" content=\"index, follow, max-snippet:-1, max-image-preview:large, max-video-preview:-1\" \/>\n<link rel=\"canonical\" href=\"https:\/\/www.organisator.ch\/fr\/gestion-2\/2026-01-20\/ki-trends-2026-vom-alltagswerkzeug-zum-strategischen-betriebssystem\/\" \/>\n<meta property=\"og:locale\" content=\"fr_FR\" \/>\n<meta property=\"og:type\" content=\"article\" \/>\n<meta property=\"og:title\" content=\"KI-Trends 2026: Vom Alltagswerkzeug zum strategischen Betriebssystem\" \/>\n<meta property=\"og:description\" content=\"KI-Trends 2026: KI wird nach Jahren des Lernens, Testens und Skalierens zum festen Bestandteil des unternehmerischen Alltags.\" \/>\n<meta property=\"og:url\" content=\"https:\/\/www.organisator.ch\/fr\/gestion-2\/2026-01-20\/ki-trends-2026-vom-alltagswerkzeug-zum-strategischen-betriebssystem\/\" \/>\n<meta property=\"og:site_name\" content=\"Organisator\" \/>\n<meta property=\"article:publisher\" content=\"https:\/\/www.facebook.com\/OrganisatorFachmagazin\" \/>\n<meta property=\"article:published_time\" content=\"2026-01-20T08:07:37+00:00\" \/>\n<meta property=\"article:modified_time\" content=\"2026-02-09T06:56:50+00:00\" \/>\n<meta property=\"og:image\" content=\"https:\/\/www.organisator.ch\/wp-content\/uploads\/2026\/01\/KI-Trends-2026-Vom-Alltagswerkzeug-zum-strategischen-Betriebssystem_Organisator.jpg\" \/>\n\t<meta property=\"og:image:width\" content=\"680\" \/>\n\t<meta property=\"og:image:height\" content=\"435\" \/>\n\t<meta property=\"og:image:type\" content=\"image\/jpeg\" \/>\n<meta name=\"author\" content=\"thomas.berner\" \/>\n<meta name=\"twitter:card\" content=\"summary_large_image\" \/>\n<meta name=\"twitter:title\" content=\"#KI-Trends 2026: Vom #Alltagswerkzeug zum strategischen #Betriebssystem\" \/>\n<meta name=\"twitter:description\" content=\"#KI-Trends 2026: KI wird nach Jahren des Lernens, Testens und Skalierens zum festen Bestandteil des unternehmerischen #Alltags.\" \/>\n<meta name=\"twitter:image\" content=\"https:\/\/www.organisator.ch\/wp-content\/uploads\/2026\/01\/KI-Trends-2026-Vom-Alltagswerkzeug-zum-strategischen-Betriebssystem_Organisator.jpg\" \/>\n<script type=\"application\/ld+json\" class=\"yoast-schema-graph\">{\"@context\":\"https:\\\/\\\/schema.org\",\"@graph\":[{\"@type\":\"Article\",\"@id\":\"https:\\\/\\\/www.organisator.ch\\\/management\\\/2026-01-20\\\/ki-trends-2026-vom-alltagswerkzeug-zum-strategischen-betriebssystem\\\/#article\",\"isPartOf\":{\"@id\":\"https:\\\/\\\/www.organisator.ch\\\/management\\\/2026-01-20\\\/ki-trends-2026-vom-alltagswerkzeug-zum-strategischen-betriebssystem\\\/\"},\"author\":{\"name\":\"thomas.berner\",\"@id\":\"https:\\\/\\\/www.organisator.ch\\\/#\\\/schema\\\/person\\\/6f650f90b2842cd4c0cc334b4e36f67e\"},\"headline\":\"KI-Trends 2026: Vom Alltagswerkzeug zum strategischen Betriebssystem\",\"datePublished\":\"2026-01-20T08:07:37+00:00\",\"dateModified\":\"2026-02-09T06:56:50+00:00\",\"mainEntityOfPage\":{\"@id\":\"https:\\\/\\\/www.organisator.ch\\\/management\\\/2026-01-20\\\/ki-trends-2026-vom-alltagswerkzeug-zum-strategischen-betriebssystem\\\/\"},\"wordCount\":1007,\"publisher\":{\"@id\":\"https:\\\/\\\/www.organisator.ch\\\/#organization\"},\"image\":{\"@id\":\"https:\\\/\\\/www.organisator.ch\\\/management\\\/2026-01-20\\\/ki-trends-2026-vom-alltagswerkzeug-zum-strategischen-betriebssystem\\\/#primaryimage\"},\"thumbnailUrl\":\"https:\\\/\\\/www.organisator.ch\\\/wp-content\\\/uploads\\\/2026\\\/01\\\/KI-Trends-2026-Vom-Alltagswerkzeug-zum-strategischen-Betriebssystem_Organisator.jpg\",\"keywords\":[\"Digitalisierung\",\"K\u00fcnstliche Intelligenz\",\"Trends\",\"Vermischtes\"],\"articleSection\":[\"MANAGEMENT\"],\"inLanguage\":\"fr-FR\"},{\"@type\":\"WebPage\",\"@id\":\"https:\\\/\\\/www.organisator.ch\\\/management\\\/2026-01-20\\\/ki-trends-2026-vom-alltagswerkzeug-zum-strategischen-betriebssystem\\\/\",\"url\":\"https:\\\/\\\/www.organisator.ch\\\/management\\\/2026-01-20\\\/ki-trends-2026-vom-alltagswerkzeug-zum-strategischen-betriebssystem\\\/\",\"name\":\"KI-Trends 2026: Vom Alltagswerkzeug zum strategischen Betriebssystem - Organisator\",\"isPartOf\":{\"@id\":\"https:\\\/\\\/www.organisator.ch\\\/#website\"},\"primaryImageOfPage\":{\"@id\":\"https:\\\/\\\/www.organisator.ch\\\/management\\\/2026-01-20\\\/ki-trends-2026-vom-alltagswerkzeug-zum-strategischen-betriebssystem\\\/#primaryimage\"},\"image\":{\"@id\":\"https:\\\/\\\/www.organisator.ch\\\/management\\\/2026-01-20\\\/ki-trends-2026-vom-alltagswerkzeug-zum-strategischen-betriebssystem\\\/#primaryimage\"},\"thumbnailUrl\":\"https:\\\/\\\/www.organisator.ch\\\/wp-content\\\/uploads\\\/2026\\\/01\\\/KI-Trends-2026-Vom-Alltagswerkzeug-zum-strategischen-Betriebssystem_Organisator.jpg\",\"datePublished\":\"2026-01-20T08:07:37+00:00\",\"dateModified\":\"2026-02-09T06:56:50+00:00\",\"description\":\"KI-Trends 2026: KI wird nach Jahren des Lernens, Testens und Skalierens zum festen Bestandteil des unternehmerischen Alltags.\",\"breadcrumb\":{\"@id\":\"https:\\\/\\\/www.organisator.ch\\\/management\\\/2026-01-20\\\/ki-trends-2026-vom-alltagswerkzeug-zum-strategischen-betriebssystem\\\/#breadcrumb\"},\"inLanguage\":\"fr-FR\",\"potentialAction\":[{\"@type\":\"ReadAction\",\"target\":[\"https:\\\/\\\/www.organisator.ch\\\/management\\\/2026-01-20\\\/ki-trends-2026-vom-alltagswerkzeug-zum-strategischen-betriebssystem\\\/\"]}]},{\"@type\":\"ImageObject\",\"inLanguage\":\"fr-FR\",\"@id\":\"https:\\\/\\\/www.organisator.ch\\\/management\\\/2026-01-20\\\/ki-trends-2026-vom-alltagswerkzeug-zum-strategischen-betriebssystem\\\/#primaryimage\",\"url\":\"https:\\\/\\\/www.organisator.ch\\\/wp-content\\\/uploads\\\/2026\\\/01\\\/KI-Trends-2026-Vom-Alltagswerkzeug-zum-strategischen-Betriebssystem_Organisator.jpg\",\"contentUrl\":\"https:\\\/\\\/www.organisator.ch\\\/wp-content\\\/uploads\\\/2026\\\/01\\\/KI-Trends-2026-Vom-Alltagswerkzeug-zum-strategischen-Betriebssystem_Organisator.jpg\",\"width\":680,\"height\":435,\"caption\":\"Die Grenzen zwischen \\\"klassischer\\\" Bedienung von Computern und multimodalen Systemen verschwimmen zusehends. (Bild: KI-generiert \\\/ Perplexity.ai)\"},{\"@type\":\"BreadcrumbList\",\"@id\":\"https:\\\/\\\/www.organisator.ch\\\/management\\\/2026-01-20\\\/ki-trends-2026-vom-alltagswerkzeug-zum-strategischen-betriebssystem\\\/#breadcrumb\",\"itemListElement\":[{\"@type\":\"ListItem\",\"position\":1,\"name\":\"Home\",\"item\":\"https:\\\/\\\/www.organisator.ch\\\/\"},{\"@type\":\"ListItem\",\"position\":2,\"name\":\"KI-Trends 2026: Vom Alltagswerkzeug zum strategischen Betriebssystem\"}]},{\"@type\":\"WebSite\",\"@id\":\"https:\\\/\\\/www.organisator.ch\\\/#website\",\"url\":\"https:\\\/\\\/www.organisator.ch\\\/\",\"name\":\"Organisator\",\"description\":\"Kompetent. Praxisnah. Der ORGANISATOR bereitet in 10 Ausgaben pro Jahr die wesentlichen Themen f\u00fcr F\u00fchrungskr\u00e4fte von KMU auf.\",\"publisher\":{\"@id\":\"https:\\\/\\\/www.organisator.ch\\\/#organization\"},\"potentialAction\":[{\"@type\":\"SearchAction\",\"target\":{\"@type\":\"EntryPoint\",\"urlTemplate\":\"https:\\\/\\\/www.organisator.ch\\\/?s={search_term_string}\"},\"query-input\":{\"@type\":\"PropertyValueSpecification\",\"valueRequired\":true,\"valueName\":\"search_term_string\"}}],\"inLanguage\":\"fr-FR\"},{\"@type\":\"Organization\",\"@id\":\"https:\\\/\\\/www.organisator.ch\\\/#organization\",\"name\":\"Organisator\",\"url\":\"https:\\\/\\\/www.organisator.ch\\\/\",\"logo\":{\"@type\":\"ImageObject\",\"inLanguage\":\"fr-FR\",\"@id\":\"https:\\\/\\\/www.organisator.ch\\\/#\\\/schema\\\/logo\\\/image\\\/\",\"url\":\"https:\\\/\\\/www.organisator.ch\\\/wp-content\\\/uploads\\\/2022\\\/01\\\/Logo_Organisator_Website.png\",\"contentUrl\":\"https:\\\/\\\/www.organisator.ch\\\/wp-content\\\/uploads\\\/2022\\\/01\\\/Logo_Organisator_Website.png\",\"width\":800,\"height\":77,\"caption\":\"Organisator\"},\"image\":{\"@id\":\"https:\\\/\\\/www.organisator.ch\\\/#\\\/schema\\\/logo\\\/image\\\/\"},\"sameAs\":[\"https:\\\/\\\/www.facebook.com\\\/OrganisatorFachmagazin\",\"https:\\\/\\\/www.linkedin.com\\\/showcase\\\/organisator-das-magazin-fr-kmu\",\"https:\\\/\\\/www.xing.com\\\/news\\\/pages\\\/organisator-ch-695\",\"https:\\\/\\\/www.youtube.com\\\/channel\\\/UCGP2Sq0iWaZwT3BdIAQFYpw\"]},{\"@type\":\"Person\",\"@id\":\"https:\\\/\\\/www.organisator.ch\\\/#\\\/schema\\\/person\\\/6f650f90b2842cd4c0cc334b4e36f67e\",\"name\":\"thomas.berner\",\"image\":{\"@type\":\"ImageObject\",\"inLanguage\":\"fr-FR\",\"@id\":\"https:\\\/\\\/secure.gravatar.com\\\/avatar\\\/ac5001d2a36cb6c6cd3e50789007ffca834b477b74a2144564522e944eabff61?s=96&d=mm&r=g\",\"url\":\"https:\\\/\\\/secure.gravatar.com\\\/avatar\\\/ac5001d2a36cb6c6cd3e50789007ffca834b477b74a2144564522e944eabff61?s=96&d=mm&r=g\",\"contentUrl\":\"https:\\\/\\\/secure.gravatar.com\\\/avatar\\\/ac5001d2a36cb6c6cd3e50789007ffca834b477b74a2144564522e944eabff61?s=96&d=mm&r=g\",\"caption\":\"thomas.berner\"},\"url\":\"https:\\\/\\\/www.organisator.ch\\\/fr\\\/author\\\/thomas-berner\\\/\"}]}<\/script>\n<!-- \/ Yoast SEO plugin. -->","yoast_head_json":{"title":"Les tendances de l'IA en 2026 : De l'outil quotidien au syst\u00e8me d'exploitation strat\u00e9gique - Organisateur","description":"Les tendances de l'IA en 2026 : Apr\u00e8s des ann\u00e9es d'apprentissage, de tests et de mise \u00e0 l'\u00e9chelle, l'IA fera partie int\u00e9grante du quotidien des entreprises.","robots":{"index":"index","follow":"follow","max-snippet":"max-snippet:-1","max-image-preview":"max-image-preview:large","max-video-preview":"max-video-preview:-1"},"canonical":"https:\/\/www.organisator.ch\/fr\/gestion-2\/2026-01-20\/ki-trends-2026-vom-alltagswerkzeug-zum-strategischen-betriebssystem\/","og_locale":"fr_FR","og_type":"article","og_title":"KI-Trends 2026: Vom Alltagswerkzeug zum strategischen Betriebssystem","og_description":"KI-Trends 2026: KI wird nach Jahren des Lernens, Testens und Skalierens zum festen Bestandteil des unternehmerischen Alltags.","og_url":"https:\/\/www.organisator.ch\/fr\/gestion-2\/2026-01-20\/ki-trends-2026-vom-alltagswerkzeug-zum-strategischen-betriebssystem\/","og_site_name":"Organisator","article_publisher":"https:\/\/www.facebook.com\/OrganisatorFachmagazin","article_published_time":"2026-01-20T08:07:37+00:00","article_modified_time":"2026-02-09T06:56:50+00:00","og_image":[{"width":680,"height":435,"url":"https:\/\/www.organisator.ch\/wp-content\/uploads\/2026\/01\/KI-Trends-2026-Vom-Alltagswerkzeug-zum-strategischen-Betriebssystem_Organisator.jpg","type":"image\/jpeg"}],"author":"thomas.berner","twitter_card":"summary_large_image","twitter_title":"#KI-Trends 2026: Vom #Alltagswerkzeug zum strategischen #Betriebssystem","twitter_description":"#KI-Trends 2026: KI wird nach Jahren des Lernens, Testens und Skalierens zum festen Bestandteil des unternehmerischen #Alltags.","twitter_image":"https:\/\/www.organisator.ch\/wp-content\/uploads\/2026\/01\/KI-Trends-2026-Vom-Alltagswerkzeug-zum-strategischen-Betriebssystem_Organisator.jpg","schema":{"@context":"https:\/\/schema.org","@graph":[{"@type":"Article","@id":"https:\/\/www.organisator.ch\/management\/2026-01-20\/ki-trends-2026-vom-alltagswerkzeug-zum-strategischen-betriebssystem\/#article","isPartOf":{"@id":"https:\/\/www.organisator.ch\/management\/2026-01-20\/ki-trends-2026-vom-alltagswerkzeug-zum-strategischen-betriebssystem\/"},"author":{"name":"thomas.berner","@id":"https:\/\/www.organisator.ch\/#\/schema\/person\/6f650f90b2842cd4c0cc334b4e36f67e"},"headline":"KI-Trends 2026: Vom Alltagswerkzeug zum strategischen Betriebssystem","datePublished":"2026-01-20T08:07:37+00:00","dateModified":"2026-02-09T06:56:50+00:00","mainEntityOfPage":{"@id":"https:\/\/www.organisator.ch\/management\/2026-01-20\/ki-trends-2026-vom-alltagswerkzeug-zum-strategischen-betriebssystem\/"},"wordCount":1007,"publisher":{"@id":"https:\/\/www.organisator.ch\/#organization"},"image":{"@id":"https:\/\/www.organisator.ch\/management\/2026-01-20\/ki-trends-2026-vom-alltagswerkzeug-zum-strategischen-betriebssystem\/#primaryimage"},"thumbnailUrl":"https:\/\/www.organisator.ch\/wp-content\/uploads\/2026\/01\/KI-Trends-2026-Vom-Alltagswerkzeug-zum-strategischen-Betriebssystem_Organisator.jpg","keywords":["Digitalisierung","K\u00fcnstliche Intelligenz","Trends","Vermischtes"],"articleSection":["MANAGEMENT"],"inLanguage":"fr-FR"},{"@type":"WebPage","@id":"https:\/\/www.organisator.ch\/management\/2026-01-20\/ki-trends-2026-vom-alltagswerkzeug-zum-strategischen-betriebssystem\/","url":"https:\/\/www.organisator.ch\/management\/2026-01-20\/ki-trends-2026-vom-alltagswerkzeug-zum-strategischen-betriebssystem\/","name":"Les tendances de l'IA en 2026 : De l'outil quotidien au syst\u00e8me d'exploitation strat\u00e9gique - Organisateur","isPartOf":{"@id":"https:\/\/www.organisator.ch\/#website"},"primaryImageOfPage":{"@id":"https:\/\/www.organisator.ch\/management\/2026-01-20\/ki-trends-2026-vom-alltagswerkzeug-zum-strategischen-betriebssystem\/#primaryimage"},"image":{"@id":"https:\/\/www.organisator.ch\/management\/2026-01-20\/ki-trends-2026-vom-alltagswerkzeug-zum-strategischen-betriebssystem\/#primaryimage"},"thumbnailUrl":"https:\/\/www.organisator.ch\/wp-content\/uploads\/2026\/01\/KI-Trends-2026-Vom-Alltagswerkzeug-zum-strategischen-Betriebssystem_Organisator.jpg","datePublished":"2026-01-20T08:07:37+00:00","dateModified":"2026-02-09T06:56:50+00:00","description":"Les tendances de l'IA en 2026 : Apr\u00e8s des ann\u00e9es d'apprentissage, de tests et de mise \u00e0 l'\u00e9chelle, l'IA fera partie int\u00e9grante du quotidien des entreprises.","breadcrumb":{"@id":"https:\/\/www.organisator.ch\/management\/2026-01-20\/ki-trends-2026-vom-alltagswerkzeug-zum-strategischen-betriebssystem\/#breadcrumb"},"inLanguage":"fr-FR","potentialAction":[{"@type":"ReadAction","target":["https:\/\/www.organisator.ch\/management\/2026-01-20\/ki-trends-2026-vom-alltagswerkzeug-zum-strategischen-betriebssystem\/"]}]},{"@type":"ImageObject","inLanguage":"fr-FR","@id":"https:\/\/www.organisator.ch\/management\/2026-01-20\/ki-trends-2026-vom-alltagswerkzeug-zum-strategischen-betriebssystem\/#primaryimage","url":"https:\/\/www.organisator.ch\/wp-content\/uploads\/2026\/01\/KI-Trends-2026-Vom-Alltagswerkzeug-zum-strategischen-Betriebssystem_Organisator.jpg","contentUrl":"https:\/\/www.organisator.ch\/wp-content\/uploads\/2026\/01\/KI-Trends-2026-Vom-Alltagswerkzeug-zum-strategischen-Betriebssystem_Organisator.jpg","width":680,"height":435,"caption":"Die Grenzen zwischen \"klassischer\" Bedienung von Computern und multimodalen Systemen verschwimmen zusehends. (Bild: KI-generiert \/ Perplexity.ai)"},{"@type":"BreadcrumbList","@id":"https:\/\/www.organisator.ch\/management\/2026-01-20\/ki-trends-2026-vom-alltagswerkzeug-zum-strategischen-betriebssystem\/#breadcrumb","itemListElement":[{"@type":"ListItem","position":1,"name":"Home","item":"https:\/\/www.organisator.ch\/"},{"@type":"ListItem","position":2,"name":"KI-Trends 2026: Vom Alltagswerkzeug zum strategischen Betriebssystem"}]},{"@type":"WebSite","@id":"https:\/\/www.organisator.ch\/#website","url":"https:\/\/www.organisator.ch\/","name":"Organisateur","description":"Comp\u00e9tence et comp\u00e9tence. Proches de la pratique. L'ORGANISATEUR pr\u00e9pare 10 num\u00e9ros par an sur les th\u00e8mes essentiels pour les dirigeants de PME.","publisher":{"@id":"https:\/\/www.organisator.ch\/#organization"},"potentialAction":[{"@type":"SearchAction","target":{"@type":"EntryPoint","urlTemplate":"https:\/\/www.organisator.ch\/?s={search_term_string}"},"query-input":{"@type":"PropertyValueSpecification","valueRequired":true,"valueName":"search_term_string"}}],"inLanguage":"fr-FR"},{"@type":"Organization","@id":"https:\/\/www.organisator.ch\/#organization","name":"Organisateur","url":"https:\/\/www.organisator.ch\/","logo":{"@type":"ImageObject","inLanguage":"fr-FR","@id":"https:\/\/www.organisator.ch\/#\/schema\/logo\/image\/","url":"https:\/\/www.organisator.ch\/wp-content\/uploads\/2022\/01\/Logo_Organisator_Website.png","contentUrl":"https:\/\/www.organisator.ch\/wp-content\/uploads\/2022\/01\/Logo_Organisator_Website.png","width":800,"height":77,"caption":"Organisator"},"image":{"@id":"https:\/\/www.organisator.ch\/#\/schema\/logo\/image\/"},"sameAs":["https:\/\/www.facebook.com\/OrganisatorFachmagazin","https:\/\/www.linkedin.com\/showcase\/organisator-das-magazin-fr-kmu","https:\/\/www.xing.com\/news\/pages\/organisator-ch-695","https:\/\/www.youtube.com\/channel\/UCGP2Sq0iWaZwT3BdIAQFYpw"]},{"@type":"Person","@id":"https:\/\/www.organisator.ch\/#\/schema\/person\/6f650f90b2842cd4c0cc334b4e36f67e","name":"thomas.berner","image":{"@type":"ImageObject","inLanguage":"fr-FR","@id":"https:\/\/secure.gravatar.com\/avatar\/ac5001d2a36cb6c6cd3e50789007ffca834b477b74a2144564522e944eabff61?s=96&d=mm&r=g","url":"https:\/\/secure.gravatar.com\/avatar\/ac5001d2a36cb6c6cd3e50789007ffca834b477b74a2144564522e944eabff61?s=96&d=mm&r=g","contentUrl":"https:\/\/secure.gravatar.com\/avatar\/ac5001d2a36cb6c6cd3e50789007ffca834b477b74a2144564522e944eabff61?s=96&d=mm&r=g","caption":"thomas.berner"},"url":"https:\/\/www.organisator.ch\/fr\/author\/thomas-berner\/"}]}},"_links":{"self":[{"href":"https:\/\/www.organisator.ch\/fr\/wp-json\/wp\/v2\/posts\/43347","targetHints":{"allow":["GET"]}}],"collection":[{"href":"https:\/\/www.organisator.ch\/fr\/wp-json\/wp\/v2\/posts"}],"about":[{"href":"https:\/\/www.organisator.ch\/fr\/wp-json\/wp\/v2\/types\/post"}],"author":[{"embeddable":true,"href":"https:\/\/www.organisator.ch\/fr\/wp-json\/wp\/v2\/users\/4"}],"replies":[{"embeddable":true,"href":"https:\/\/www.organisator.ch\/fr\/wp-json\/wp\/v2\/comments?post=43347"}],"version-history":[{"count":3,"href":"https:\/\/www.organisator.ch\/fr\/wp-json\/wp\/v2\/posts\/43347\/revisions"}],"predecessor-version":[{"id":43352,"href":"https:\/\/www.organisator.ch\/fr\/wp-json\/wp\/v2\/posts\/43347\/revisions\/43352"}],"wp:featuredmedia":[{"embeddable":true,"href":"https:\/\/www.organisator.ch\/fr\/wp-json\/wp\/v2\/media\/43349"}],"wp:attachment":[{"href":"https:\/\/www.organisator.ch\/fr\/wp-json\/wp\/v2\/media?parent=43347"}],"wp:term":[{"taxonomy":"category","embeddable":true,"href":"https:\/\/www.organisator.ch\/fr\/wp-json\/wp\/v2\/categories?post=43347"},{"taxonomy":"post_tag","embeddable":true,"href":"https:\/\/www.organisator.ch\/fr\/wp-json\/wp\/v2\/tags?post=43347"}],"curies":[{"name":"wp","href":"https:\/\/api.w.org\/{rel}","templated":true}]}}