{"id":43397,"date":"2026-01-20T16:44:46","date_gmt":"2026-01-20T15:44:46","guid":{"rendered":"https:\/\/www.organisator.ch\/de\/?p=43397"},"modified":"2026-01-20T16:44:46","modified_gmt":"2026-01-20T15:44:46","slug":"pemat-gewinnt-preis-der-rheintaler-wirtschaft-2026","status":"publish","type":"post","link":"https:\/\/www.organisator.ch\/fr\/management\/2026-01-20\/pemat-gewinnt-preis-der-rheintaler-wirtschaft-2026\/","title":{"rendered":"Pemat remporte le prix de l'\u00e9conomie de la vall\u00e9e du Rhin 2026"},"content":{"rendered":"<figure><\/figure>\n<figure id=\"attachment_43395\" aria-describedby=\"caption-attachment-43395\" style=\"width: 680px\" class=\"wp-caption alignnone\"><img loading=\"lazy\" decoding=\"async\" class=\"wp-image-43395 size-medium\" src=\"https:\/\/www.organisator.ch\/wp-content\/uploads\/2026\/01\/WIF-26_Siegerfoto_PeterMattle_PdRW-680x383.png\" alt=\"\" width=\"680\" height=\"383\" srcset=\"https:\/\/www.organisator.ch\/wp-content\/uploads\/2026\/01\/WIF-26_Siegerfoto_PeterMattle_PdRW-680x383.png 680w, https:\/\/www.organisator.ch\/wp-content\/uploads\/2026\/01\/WIF-26_Siegerfoto_PeterMattle_PdRW-1024x577.png 1024w, https:\/\/www.organisator.ch\/wp-content\/uploads\/2026\/01\/WIF-26_Siegerfoto_PeterMattle_PdRW-768x433.png 768w, https:\/\/www.organisator.ch\/wp-content\/uploads\/2026\/01\/WIF-26_Siegerfoto_PeterMattle_PdRW-18x10.png 18w, https:\/\/www.organisator.ch\/wp-content\/uploads\/2026\/01\/WIF-26_Siegerfoto_PeterMattle_PdRW-375x211.png 375w, https:\/\/www.organisator.ch\/wp-content\/uploads\/2026\/01\/WIF-26_Siegerfoto_PeterMattle_PdRW-621x350.png 621w, https:\/\/www.organisator.ch\/wp-content\/uploads\/2026\/01\/WIF-26_Siegerfoto_PeterMattle_PdRW-1000x563.png 1000w, https:\/\/www.organisator.ch\/wp-content\/uploads\/2026\/01\/WIF-26_Siegerfoto_PeterMattle_PdRW.png 1200w\" sizes=\"auto, (max-width: 680px) 100vw, 680px\" \/><figcaption id=\"caption-attachment-43395\" class=\"wp-caption-text\">Peter Mattle avec le prix de l'\u00e9conomie de la vall\u00e9e du Rhin (source : zvg)<\/figcaption><\/figure>\n<p>Pemat est l'une des premi\u00e8res entreprises que l'on voit lorsqu'on se rend d'Altst\u00e4tten \u00e0 Oberriet. Ce qui commence l\u00e0, visible \u00e0 l'entr\u00e9e de la ville, a des r\u00e9percussions bien au-del\u00e0 de la r\u00e9gion. Depuis une trentaine d'ann\u00e9es, l'entreprise et ses 20 collaborateurs d\u00e9veloppent des solutions de haute pr\u00e9cision dans les techniques de pliage et de laminage et se sont ainsi forg\u00e9 une excellente r\u00e9putation dans des niches exigeantes. Peu connues en Suisse, elles sont tr\u00e8s demand\u00e9es sur le march\u00e9 mondial : Porsche et Louis Vuitton, par exemple, font partie de sa client\u00e8le.<\/p>\n<h3>Le pliage libre, une comp\u00e9tence cl\u00e9<\/h3>\n<p>Le c\u0153ur de Pemat est le pliage libre. Il permet de former des tubes m\u00e9talliques et des profil\u00e9s en trois dimensions, librement et avec une pr\u00e9cision d'ajustement absolue. Chaque pi\u00e8ce est unique, la longueur, le rayon et la forme \u00e9tant exactement adapt\u00e9s \u00e0 chaque projet. L\u00e0 o\u00f9 d'autres se heurtent \u00e0 des limites techniques, commence la force de Pemat. Ses solutions interviennent l\u00e0 o\u00f9 la plus grande pr\u00e9cision est requise et o\u00f9 les proc\u00e9d\u00e9s standard ne suffisent pas. Dans un projet d'\u00e9clairage public \u00e0 Duba\u00ef, aucun autre fournisseur n'a pu proposer les solutions cr\u00e9\u00e9es par Pemat.<\/p>\n<h3>Grande joie chez Pemat pour cette distinction<\/h3>\n<p>Le propri\u00e9taire de l'entreprise, Peter Mattle, s'\u00e9tait d\u00e9j\u00e0 montr\u00e9 visiblement \u00e9mu lors de l'annonce secr\u00e8te du prix il y a quelques mois. La joie que lui a procur\u00e9e ce prix, remis par le pr\u00e9sident du jury Klaus Brammertz en pr\u00e9sence de la pr\u00e9sentatrice de la conf\u00e9rence Sonja Hasler, \u00e9tait \u00e9galement tr\u00e8s visible sur son visage vendredi. Il \u00e9tait sur sc\u00e8ne avec son \u00e9pouse Romana et son compagnon de longue date Roger Schl\u00e4pfer. Il a \u00e9galement remerci\u00e9 express\u00e9ment sa femme, qui a si souvent d\u00fb partir en vacances sans lui, et il a trouv\u00e9 admirable qu'elle soit toujours \u00e0 ses c\u00f4t\u00e9s.<\/p>\n<p>Il a \u00e9galement remerci\u00e9 ses \u00e9quipes et tous ses collaborateurs. La recette de son succ\u00e8s ? \u00abIl ne faut pas seulement r\u00eaver de visions, il faut aussi les r\u00e9aliser\u00bb. Concr\u00e8tement, cela signifie par exemple ne pas attendre que la client\u00e8le vienne avec des id\u00e9es et des questions, mais trouver de nouvelles solutions en amont. Il a aussi toujours un plan B. Roger Schl\u00e4pfer a confirm\u00e9 : \u00abPeter Mattle trouve toujours une solution !\u00bb<\/p>\n<p>Klaus Brammertz a soulign\u00e9 que Pemat m\u00e9ritait absolument ce prix. Il s'agit d'une PME modeste typique de la vall\u00e9e du Rhin, qui est pratiquement plus connue dans le monde que dans sa propre r\u00e9gion. Mattle lui a rendu la pareille : \u00abNous sommes tr\u00e8s heureux d'avoir \u00e9t\u00e9 choisis en tant que petite PME. C'est quelque chose de merveilleux !\u00bb Cette joie \u00e9tait palpable : Apr\u00e8s la remise des prix sur la sc\u00e8ne, au bord de la salle, Peter Mattle et Roger Schl\u00e4pfer se sont embrass\u00e9s.<\/p>\n<p><img loading=\"lazy\" decoding=\"async\" class=\"alignnone size-medium wp-image-43394\" src=\"https:\/\/www.organisator.ch\/wp-content\/uploads\/2026\/01\/A63897-680x453.jpg\" alt=\"\" width=\"680\" height=\"453\" srcset=\"https:\/\/www.organisator.ch\/wp-content\/uploads\/2026\/01\/A63897-680x453.jpg 680w, https:\/\/www.organisator.ch\/wp-content\/uploads\/2026\/01\/A63897-1024x683.jpg 1024w, https:\/\/www.organisator.ch\/wp-content\/uploads\/2026\/01\/A63897-768x512.jpg 768w, https:\/\/www.organisator.ch\/wp-content\/uploads\/2026\/01\/A63897-18x12.jpg 18w, https:\/\/www.organisator.ch\/wp-content\/uploads\/2026\/01\/A63897-375x250.jpg 375w, https:\/\/www.organisator.ch\/wp-content\/uploads\/2026\/01\/A63897-525x350.jpg 525w, https:\/\/www.organisator.ch\/wp-content\/uploads\/2026\/01\/A63897-1000x667.jpg 1000w, https:\/\/www.organisator.ch\/wp-content\/uploads\/2026\/01\/A63897.jpg 1200w\" sizes=\"auto, (max-width: 680px) 100vw, 680px\" \/><\/p>\n<h3>Con\u00e7u et fabriqu\u00e9 dans la vall\u00e9e du Rhin<\/h3>\n<p>Pemat r\u00e9alise des projets complexes pour des clients du monde entier. Il s'agit notamment de constructions de plafonds et de fa\u00e7ades de grand format, d'\u00e9l\u00e9ments de bancs et d'architecture int\u00e9rieure, de solutions sp\u00e9ciales pour des installations industrielles ainsi que de constructions exigeantes pour la construction de salons, d'\u00e9v\u00e9nements et de b\u00e2timents culturels. Ces solutions sont d\u00e9velopp\u00e9es et fabriqu\u00e9es dans la vall\u00e9e du Rhin et mont\u00e9es sur des sites internationaux.<\/p>\n<p>L'entreprise est un exemple de cr\u00e9ation de valeur industrielle en profondeur. Pemat cr\u00e9e des emplois qualifi\u00e9s, forme des sp\u00e9cialistes et conserve un savoir-faire sp\u00e9cialis\u00e9 dans la r\u00e9gion. Parall\u00e8lement, ses projets renforcent la perception internationale du site \u00e9conomique de la vall\u00e9e du Rhin et de la Suisse.<\/p>\n<h3>Un jury largement repr\u00e9sentatif a d\u00e9cid\u00e9<\/h3>\n<p>Le prix de l'\u00e9conomie de la vall\u00e9e du Rhin est d\u00e9cern\u00e9 chaque ann\u00e9e dans le cadre du Forum \u00e9conomique de la vall\u00e9e du Rhin. Sont r\u00e9compens\u00e9es les entreprises qui apportent une contribution particuli\u00e8re par leur performance entrepreneuriale, leur force d'innovation et leur responsabilit\u00e9 r\u00e9gionale. La sculpture artistique du prix de l'\u00e9conomie de la vall\u00e9e du Rhin, cr\u00e9\u00e9e par Karin Th\u00fcr, fait \u00e9galement partie du caract\u00e8re sp\u00e9cial du forum. La d\u00e9cision d'attribuer le Pemat a \u00e9t\u00e9 prise par un jury largement repr\u00e9sentatif. Il est pr\u00e9sid\u00e9 par Klaus Brammertz de l'AGV Rheintal. Galler Rheintal, une repr\u00e9sentation de chacun des cinq sponsors principaux du Forum \u00e9conomique de la vall\u00e9e du Rhin ainsi que Galledia Event et les m\u00e9dias r\u00e9gionaux Galledia (\u00abRheintaler\u00bb et \u00abRheintalische Volkszeitung\u00bb).<\/p>","protected":false},"excerpt":{"rendered":"<p>Lors du forum \u00e9conomique de la vall\u00e9e du Rhin \u00e0 Widnau, l'entreprise Pemat d'Oberriet a \u00e9t\u00e9 r\u00e9compens\u00e9e par le prix de l'\u00e9conomie de la vall\u00e9e du Rhin. Le jury a ainsi rendu hommage \u00e0 une entreprise dont les solutions de haute pr\u00e9cision dans le domaine du pliage et du laminage sont demand\u00e9es dans le monde entier et qui pose des jalons depuis pr\u00e8s de 30 ans.<\/p>","protected":false},"author":107,"featured_media":43395,"comment_status":"closed","ping_status":"closed","sticky":false,"template":"","format":"standard","meta":{"_acf_changed":false,"_yoast_wpseo_focuskw":"Preis der Rheintaler Wirtschaft Pemat","_yoast_wpseo_metadesc":"Pemat aus Oberriet gewinnt den Preis der Rheintaler Wirtschaft 2026. Das KMU \u00fcberzeugt mit Pr\u00e4zisionstechnik f\u00fcr Weltkunden wie Porsche.","articlekey":"","footnotes":""},"categories":[28],"tags":[66,335,3348],"class_list":["post-43397","post","type-post","status-publish","format-standard","has-post-thumbnail","hentry","category-management","tag-awards","tag-management-und-unternehmensfuehrung","tag-rheintaler-wirtschaftsforum"],"acf":[],"yoast_head":"<!-- This site is optimized with the Yoast SEO plugin v27.5 - https:\/\/yoast.com\/product\/yoast-seo-wordpress\/ -->\n<title>Pemat gewinnt Preis der Rheintaler Wirtschaft 2026 - Organisator<\/title>\n<meta name=\"description\" content=\"Pemat aus Oberriet gewinnt den Preis der Rheintaler Wirtschaft 2026. Das KMU \u00fcberzeugt mit Pr\u00e4zisionstechnik f\u00fcr Weltkunden wie Porsche.\" \/>\n<meta name=\"robots\" content=\"index, follow, max-snippet:-1, max-image-preview:large, max-video-preview:-1\" \/>\n<link rel=\"canonical\" href=\"https:\/\/www.organisator.ch\/fr\/gestion-2\/2026-01-20\/pemat-gewinnt-preis-der-rheintaler-wirtschaft-2026\/\" \/>\n<meta property=\"og:locale\" content=\"fr_FR\" \/>\n<meta property=\"og:type\" content=\"article\" \/>\n<meta property=\"og:title\" content=\"Pemat gewinnt Preis der Rheintaler Wirtschaft 2026\" \/>\n<meta property=\"og:description\" content=\"Pemat aus Oberriet gewinnt den Preis der Rheintaler Wirtschaft 2026. Das KMU \u00fcberzeugt mit Pr\u00e4zisionstechnik f\u00fcr Weltkunden wie Porsche.\" \/>\n<meta property=\"og:url\" content=\"https:\/\/www.organisator.ch\/fr\/gestion-2\/2026-01-20\/pemat-gewinnt-preis-der-rheintaler-wirtschaft-2026\/\" \/>\n<meta property=\"og:site_name\" content=\"Organisator\" \/>\n<meta property=\"article:publisher\" content=\"https:\/\/www.facebook.com\/OrganisatorFachmagazin\" \/>\n<meta property=\"article:published_time\" content=\"2026-01-20T15:44:46+00:00\" \/>\n<meta property=\"og:image\" content=\"https:\/\/www.organisator.ch\/wp-content\/uploads\/2026\/01\/WIF-26_Siegerfoto_PeterMattle_PdRW.png\" \/>\n\t<meta property=\"og:image:width\" content=\"1200\" \/>\n\t<meta property=\"og:image:height\" content=\"676\" \/>\n\t<meta property=\"og:image:type\" content=\"image\/png\" \/>\n<meta name=\"author\" content=\"n8n\" \/>\n<meta name=\"twitter:card\" content=\"summary_large_image\" \/>\n<meta name=\"twitter:title\" content=\"#Pemat gewinnt Preis der Rheintaler Wirtschaft 2026\" \/>\n<meta name=\"twitter:description\" content=\"#Pemat aus #Oberriet gewinnt den Preis der Rheintaler Wirtschaft 2026. Das KMU \u00fcberzeugt mit #Pr\u00e4zisionstechnik f\u00fcr #Weltkunden wie Porsche.\" \/>\n<meta name=\"twitter:image\" content=\"https:\/\/www.organisator.ch\/wp-content\/uploads\/2026\/01\/WIF-26_Siegerfoto_PeterMattle_PdRW.png\" \/>\n<script type=\"application\/ld+json\" class=\"yoast-schema-graph\">{\"@context\":\"https:\\\/\\\/schema.org\",\"@graph\":[{\"@type\":\"Article\",\"@id\":\"https:\\\/\\\/www.organisator.ch\\\/management\\\/2026-01-20\\\/pemat-gewinnt-preis-der-rheintaler-wirtschaft-2026\\\/#article\",\"isPartOf\":{\"@id\":\"https:\\\/\\\/www.organisator.ch\\\/management\\\/2026-01-20\\\/pemat-gewinnt-preis-der-rheintaler-wirtschaft-2026\\\/\"},\"author\":{\"name\":\"n8n\",\"@id\":\"https:\\\/\\\/www.organisator.ch\\\/#\\\/schema\\\/person\\\/a9d0e0eff238db87a8f840f3b50359f0\"},\"headline\":\"Pemat gewinnt Preis der Rheintaler Wirtschaft 2026\",\"datePublished\":\"2026-01-20T15:44:46+00:00\",\"mainEntityOfPage\":{\"@id\":\"https:\\\/\\\/www.organisator.ch\\\/management\\\/2026-01-20\\\/pemat-gewinnt-preis-der-rheintaler-wirtschaft-2026\\\/\"},\"wordCount\":652,\"publisher\":{\"@id\":\"https:\\\/\\\/www.organisator.ch\\\/#organization\"},\"image\":{\"@id\":\"https:\\\/\\\/www.organisator.ch\\\/management\\\/2026-01-20\\\/pemat-gewinnt-preis-der-rheintaler-wirtschaft-2026\\\/#primaryimage\"},\"thumbnailUrl\":\"https:\\\/\\\/www.organisator.ch\\\/wp-content\\\/uploads\\\/2026\\\/01\\\/WIF-26_Siegerfoto_PeterMattle_PdRW.png\",\"keywords\":[\"Awards\",\"Management und Unternehmensf\u00fchrung\",\"Rheintaler Wirtschaftsforum\"],\"articleSection\":[\"MANAGEMENT\"],\"inLanguage\":\"fr-FR\"},{\"@type\":\"WebPage\",\"@id\":\"https:\\\/\\\/www.organisator.ch\\\/management\\\/2026-01-20\\\/pemat-gewinnt-preis-der-rheintaler-wirtschaft-2026\\\/\",\"url\":\"https:\\\/\\\/www.organisator.ch\\\/management\\\/2026-01-20\\\/pemat-gewinnt-preis-der-rheintaler-wirtschaft-2026\\\/\",\"name\":\"Pemat gewinnt Preis der Rheintaler Wirtschaft 2026 - Organisator\",\"isPartOf\":{\"@id\":\"https:\\\/\\\/www.organisator.ch\\\/#website\"},\"primaryImageOfPage\":{\"@id\":\"https:\\\/\\\/www.organisator.ch\\\/management\\\/2026-01-20\\\/pemat-gewinnt-preis-der-rheintaler-wirtschaft-2026\\\/#primaryimage\"},\"image\":{\"@id\":\"https:\\\/\\\/www.organisator.ch\\\/management\\\/2026-01-20\\\/pemat-gewinnt-preis-der-rheintaler-wirtschaft-2026\\\/#primaryimage\"},\"thumbnailUrl\":\"https:\\\/\\\/www.organisator.ch\\\/wp-content\\\/uploads\\\/2026\\\/01\\\/WIF-26_Siegerfoto_PeterMattle_PdRW.png\",\"datePublished\":\"2026-01-20T15:44:46+00:00\",\"description\":\"Pemat aus Oberriet gewinnt den Preis der Rheintaler Wirtschaft 2026. Das KMU \u00fcberzeugt mit Pr\u00e4zisionstechnik f\u00fcr Weltkunden wie Porsche.\",\"breadcrumb\":{\"@id\":\"https:\\\/\\\/www.organisator.ch\\\/management\\\/2026-01-20\\\/pemat-gewinnt-preis-der-rheintaler-wirtschaft-2026\\\/#breadcrumb\"},\"inLanguage\":\"fr-FR\",\"potentialAction\":[{\"@type\":\"ReadAction\",\"target\":[\"https:\\\/\\\/www.organisator.ch\\\/management\\\/2026-01-20\\\/pemat-gewinnt-preis-der-rheintaler-wirtschaft-2026\\\/\"]}]},{\"@type\":\"ImageObject\",\"inLanguage\":\"fr-FR\",\"@id\":\"https:\\\/\\\/www.organisator.ch\\\/management\\\/2026-01-20\\\/pemat-gewinnt-preis-der-rheintaler-wirtschaft-2026\\\/#primaryimage\",\"url\":\"https:\\\/\\\/www.organisator.ch\\\/wp-content\\\/uploads\\\/2026\\\/01\\\/WIF-26_Siegerfoto_PeterMattle_PdRW.png\",\"contentUrl\":\"https:\\\/\\\/www.organisator.ch\\\/wp-content\\\/uploads\\\/2026\\\/01\\\/WIF-26_Siegerfoto_PeterMattle_PdRW.png\",\"width\":1200,\"height\":676},{\"@type\":\"BreadcrumbList\",\"@id\":\"https:\\\/\\\/www.organisator.ch\\\/management\\\/2026-01-20\\\/pemat-gewinnt-preis-der-rheintaler-wirtschaft-2026\\\/#breadcrumb\",\"itemListElement\":[{\"@type\":\"ListItem\",\"position\":1,\"name\":\"Home\",\"item\":\"https:\\\/\\\/www.organisator.ch\\\/\"},{\"@type\":\"ListItem\",\"position\":2,\"name\":\"Pemat gewinnt Preis der Rheintaler Wirtschaft 2026\"}]},{\"@type\":\"WebSite\",\"@id\":\"https:\\\/\\\/www.organisator.ch\\\/#website\",\"url\":\"https:\\\/\\\/www.organisator.ch\\\/\",\"name\":\"Organisator\",\"description\":\"Kompetent. Praxisnah. Der ORGANISATOR bereitet in 10 Ausgaben pro Jahr die wesentlichen Themen f\u00fcr F\u00fchrungskr\u00e4fte von KMU auf.\",\"publisher\":{\"@id\":\"https:\\\/\\\/www.organisator.ch\\\/#organization\"},\"potentialAction\":[{\"@type\":\"SearchAction\",\"target\":{\"@type\":\"EntryPoint\",\"urlTemplate\":\"https:\\\/\\\/www.organisator.ch\\\/?s={search_term_string}\"},\"query-input\":{\"@type\":\"PropertyValueSpecification\",\"valueRequired\":true,\"valueName\":\"search_term_string\"}}],\"inLanguage\":\"fr-FR\"},{\"@type\":\"Organization\",\"@id\":\"https:\\\/\\\/www.organisator.ch\\\/#organization\",\"name\":\"Organisator\",\"url\":\"https:\\\/\\\/www.organisator.ch\\\/\",\"logo\":{\"@type\":\"ImageObject\",\"inLanguage\":\"fr-FR\",\"@id\":\"https:\\\/\\\/www.organisator.ch\\\/#\\\/schema\\\/logo\\\/image\\\/\",\"url\":\"https:\\\/\\\/www.organisator.ch\\\/wp-content\\\/uploads\\\/2022\\\/01\\\/Logo_Organisator_Website.png\",\"contentUrl\":\"https:\\\/\\\/www.organisator.ch\\\/wp-content\\\/uploads\\\/2022\\\/01\\\/Logo_Organisator_Website.png\",\"width\":800,\"height\":77,\"caption\":\"Organisator\"},\"image\":{\"@id\":\"https:\\\/\\\/www.organisator.ch\\\/#\\\/schema\\\/logo\\\/image\\\/\"},\"sameAs\":[\"https:\\\/\\\/www.facebook.com\\\/OrganisatorFachmagazin\",\"https:\\\/\\\/www.linkedin.com\\\/showcase\\\/organisator-das-magazin-fr-kmu\",\"https:\\\/\\\/www.xing.com\\\/news\\\/pages\\\/organisator-ch-695\",\"https:\\\/\\\/www.youtube.com\\\/channel\\\/UCGP2Sq0iWaZwT3BdIAQFYpw\"]},{\"@type\":\"Person\",\"@id\":\"https:\\\/\\\/www.organisator.ch\\\/#\\\/schema\\\/person\\\/a9d0e0eff238db87a8f840f3b50359f0\",\"name\":\"n8n\",\"image\":{\"@type\":\"ImageObject\",\"inLanguage\":\"fr-FR\",\"@id\":\"https:\\\/\\\/secure.gravatar.com\\\/avatar\\\/5368fb9d03fd415a6f335cece4c15af2502d6ca8651efbd6e8f98427a9795400?s=96&d=mm&r=g\",\"url\":\"https:\\\/\\\/secure.gravatar.com\\\/avatar\\\/5368fb9d03fd415a6f335cece4c15af2502d6ca8651efbd6e8f98427a9795400?s=96&d=mm&r=g\",\"contentUrl\":\"https:\\\/\\\/secure.gravatar.com\\\/avatar\\\/5368fb9d03fd415a6f335cece4c15af2502d6ca8651efbd6e8f98427a9795400?s=96&d=mm&r=g\",\"caption\":\"n8n\"},\"url\":\"https:\\\/\\\/www.organisator.ch\\\/fr\\\/author\\\/n8n\\\/\"}]}<\/script>\n<!-- \/ Yoast SEO plugin. -->","yoast_head_json":{"title":"Pemat remporte le prix de l'\u00e9conomie du Rhin 2026 - Organisateur","description":"Pemat d'Oberriet remporte le prix de l'\u00e9conomie du Rheintal 2026. La PME convainc par sa technique de pr\u00e9cision pour des clients mondiaux comme Porsche.","robots":{"index":"index","follow":"follow","max-snippet":"max-snippet:-1","max-image-preview":"max-image-preview:large","max-video-preview":"max-video-preview:-1"},"canonical":"https:\/\/www.organisator.ch\/fr\/gestion-2\/2026-01-20\/pemat-gewinnt-preis-der-rheintaler-wirtschaft-2026\/","og_locale":"fr_FR","og_type":"article","og_title":"Pemat gewinnt Preis der Rheintaler Wirtschaft 2026","og_description":"Pemat aus Oberriet gewinnt den Preis der Rheintaler Wirtschaft 2026. Das KMU \u00fcberzeugt mit Pr\u00e4zisionstechnik f\u00fcr Weltkunden wie Porsche.","og_url":"https:\/\/www.organisator.ch\/fr\/gestion-2\/2026-01-20\/pemat-gewinnt-preis-der-rheintaler-wirtschaft-2026\/","og_site_name":"Organisator","article_publisher":"https:\/\/www.facebook.com\/OrganisatorFachmagazin","article_published_time":"2026-01-20T15:44:46+00:00","og_image":[{"width":1200,"height":676,"url":"https:\/\/www.organisator.ch\/wp-content\/uploads\/2026\/01\/WIF-26_Siegerfoto_PeterMattle_PdRW.png","type":"image\/png"}],"author":"n8n","twitter_card":"summary_large_image","twitter_title":"#Pemat gewinnt Preis der Rheintaler Wirtschaft 2026","twitter_description":"#Pemat aus #Oberriet gewinnt den Preis der Rheintaler Wirtschaft 2026. Das KMU \u00fcberzeugt mit #Pr\u00e4zisionstechnik f\u00fcr #Weltkunden wie Porsche.","twitter_image":"https:\/\/www.organisator.ch\/wp-content\/uploads\/2026\/01\/WIF-26_Siegerfoto_PeterMattle_PdRW.png","schema":{"@context":"https:\/\/schema.org","@graph":[{"@type":"Article","@id":"https:\/\/www.organisator.ch\/management\/2026-01-20\/pemat-gewinnt-preis-der-rheintaler-wirtschaft-2026\/#article","isPartOf":{"@id":"https:\/\/www.organisator.ch\/management\/2026-01-20\/pemat-gewinnt-preis-der-rheintaler-wirtschaft-2026\/"},"author":{"name":"n8n","@id":"https:\/\/www.organisator.ch\/#\/schema\/person\/a9d0e0eff238db87a8f840f3b50359f0"},"headline":"Pemat gewinnt Preis der Rheintaler Wirtschaft 2026","datePublished":"2026-01-20T15:44:46+00:00","mainEntityOfPage":{"@id":"https:\/\/www.organisator.ch\/management\/2026-01-20\/pemat-gewinnt-preis-der-rheintaler-wirtschaft-2026\/"},"wordCount":652,"publisher":{"@id":"https:\/\/www.organisator.ch\/#organization"},"image":{"@id":"https:\/\/www.organisator.ch\/management\/2026-01-20\/pemat-gewinnt-preis-der-rheintaler-wirtschaft-2026\/#primaryimage"},"thumbnailUrl":"https:\/\/www.organisator.ch\/wp-content\/uploads\/2026\/01\/WIF-26_Siegerfoto_PeterMattle_PdRW.png","keywords":["Awards","Management und Unternehmensf\u00fchrung","Rheintaler Wirtschaftsforum"],"articleSection":["MANAGEMENT"],"inLanguage":"fr-FR"},{"@type":"WebPage","@id":"https:\/\/www.organisator.ch\/management\/2026-01-20\/pemat-gewinnt-preis-der-rheintaler-wirtschaft-2026\/","url":"https:\/\/www.organisator.ch\/management\/2026-01-20\/pemat-gewinnt-preis-der-rheintaler-wirtschaft-2026\/","name":"Pemat remporte le prix de l'\u00e9conomie du Rhin 2026 - Organisateur","isPartOf":{"@id":"https:\/\/www.organisator.ch\/#website"},"primaryImageOfPage":{"@id":"https:\/\/www.organisator.ch\/management\/2026-01-20\/pemat-gewinnt-preis-der-rheintaler-wirtschaft-2026\/#primaryimage"},"image":{"@id":"https:\/\/www.organisator.ch\/management\/2026-01-20\/pemat-gewinnt-preis-der-rheintaler-wirtschaft-2026\/#primaryimage"},"thumbnailUrl":"https:\/\/www.organisator.ch\/wp-content\/uploads\/2026\/01\/WIF-26_Siegerfoto_PeterMattle_PdRW.png","datePublished":"2026-01-20T15:44:46+00:00","description":"Pemat d'Oberriet remporte le prix de l'\u00e9conomie du Rheintal 2026. La PME convainc par sa technique de pr\u00e9cision pour des clients mondiaux comme Porsche.","breadcrumb":{"@id":"https:\/\/www.organisator.ch\/management\/2026-01-20\/pemat-gewinnt-preis-der-rheintaler-wirtschaft-2026\/#breadcrumb"},"inLanguage":"fr-FR","potentialAction":[{"@type":"ReadAction","target":["https:\/\/www.organisator.ch\/management\/2026-01-20\/pemat-gewinnt-preis-der-rheintaler-wirtschaft-2026\/"]}]},{"@type":"ImageObject","inLanguage":"fr-FR","@id":"https:\/\/www.organisator.ch\/management\/2026-01-20\/pemat-gewinnt-preis-der-rheintaler-wirtschaft-2026\/#primaryimage","url":"https:\/\/www.organisator.ch\/wp-content\/uploads\/2026\/01\/WIF-26_Siegerfoto_PeterMattle_PdRW.png","contentUrl":"https:\/\/www.organisator.ch\/wp-content\/uploads\/2026\/01\/WIF-26_Siegerfoto_PeterMattle_PdRW.png","width":1200,"height":676},{"@type":"BreadcrumbList","@id":"https:\/\/www.organisator.ch\/management\/2026-01-20\/pemat-gewinnt-preis-der-rheintaler-wirtschaft-2026\/#breadcrumb","itemListElement":[{"@type":"ListItem","position":1,"name":"Home","item":"https:\/\/www.organisator.ch\/"},{"@type":"ListItem","position":2,"name":"Pemat gewinnt Preis der Rheintaler Wirtschaft 2026"}]},{"@type":"WebSite","@id":"https:\/\/www.organisator.ch\/#website","url":"https:\/\/www.organisator.ch\/","name":"Organisateur","description":"Comp\u00e9tence et comp\u00e9tence. Proches de la pratique. L'ORGANISATEUR pr\u00e9pare 10 num\u00e9ros par an sur les th\u00e8mes essentiels pour les dirigeants de PME.","publisher":{"@id":"https:\/\/www.organisator.ch\/#organization"},"potentialAction":[{"@type":"SearchAction","target":{"@type":"EntryPoint","urlTemplate":"https:\/\/www.organisator.ch\/?s={search_term_string}"},"query-input":{"@type":"PropertyValueSpecification","valueRequired":true,"valueName":"search_term_string"}}],"inLanguage":"fr-FR"},{"@type":"Organization","@id":"https:\/\/www.organisator.ch\/#organization","name":"Organisateur","url":"https:\/\/www.organisator.ch\/","logo":{"@type":"ImageObject","inLanguage":"fr-FR","@id":"https:\/\/www.organisator.ch\/#\/schema\/logo\/image\/","url":"https:\/\/www.organisator.ch\/wp-content\/uploads\/2022\/01\/Logo_Organisator_Website.png","contentUrl":"https:\/\/www.organisator.ch\/wp-content\/uploads\/2022\/01\/Logo_Organisator_Website.png","width":800,"height":77,"caption":"Organisator"},"image":{"@id":"https:\/\/www.organisator.ch\/#\/schema\/logo\/image\/"},"sameAs":["https:\/\/www.facebook.com\/OrganisatorFachmagazin","https:\/\/www.linkedin.com\/showcase\/organisator-das-magazin-fr-kmu","https:\/\/www.xing.com\/news\/pages\/organisator-ch-695","https:\/\/www.youtube.com\/channel\/UCGP2Sq0iWaZwT3BdIAQFYpw"]},{"@type":"Person","@id":"https:\/\/www.organisator.ch\/#\/schema\/person\/a9d0e0eff238db87a8f840f3b50359f0","name":"n8n","image":{"@type":"ImageObject","inLanguage":"fr-FR","@id":"https:\/\/secure.gravatar.com\/avatar\/5368fb9d03fd415a6f335cece4c15af2502d6ca8651efbd6e8f98427a9795400?s=96&d=mm&r=g","url":"https:\/\/secure.gravatar.com\/avatar\/5368fb9d03fd415a6f335cece4c15af2502d6ca8651efbd6e8f98427a9795400?s=96&d=mm&r=g","contentUrl":"https:\/\/secure.gravatar.com\/avatar\/5368fb9d03fd415a6f335cece4c15af2502d6ca8651efbd6e8f98427a9795400?s=96&d=mm&r=g","caption":"n8n"},"url":"https:\/\/www.organisator.ch\/fr\/author\/n8n\/"}]}},"_links":{"self":[{"href":"https:\/\/www.organisator.ch\/fr\/wp-json\/wp\/v2\/posts\/43397","targetHints":{"allow":["GET"]}}],"collection":[{"href":"https:\/\/www.organisator.ch\/fr\/wp-json\/wp\/v2\/posts"}],"about":[{"href":"https:\/\/www.organisator.ch\/fr\/wp-json\/wp\/v2\/types\/post"}],"author":[{"embeddable":true,"href":"https:\/\/www.organisator.ch\/fr\/wp-json\/wp\/v2\/users\/107"}],"replies":[{"embeddable":true,"href":"https:\/\/www.organisator.ch\/fr\/wp-json\/wp\/v2\/comments?post=43397"}],"version-history":[{"count":6,"href":"https:\/\/www.organisator.ch\/fr\/wp-json\/wp\/v2\/posts\/43397\/revisions"}],"predecessor-version":[{"id":43514,"href":"https:\/\/www.organisator.ch\/fr\/wp-json\/wp\/v2\/posts\/43397\/revisions\/43514"}],"wp:featuredmedia":[{"embeddable":true,"href":"https:\/\/www.organisator.ch\/fr\/wp-json\/wp\/v2\/media\/43395"}],"wp:attachment":[{"href":"https:\/\/www.organisator.ch\/fr\/wp-json\/wp\/v2\/media?parent=43397"}],"wp:term":[{"taxonomy":"category","embeddable":true,"href":"https:\/\/www.organisator.ch\/fr\/wp-json\/wp\/v2\/categories?post=43397"},{"taxonomy":"post_tag","embeddable":true,"href":"https:\/\/www.organisator.ch\/fr\/wp-json\/wp\/v2\/tags?post=43397"}],"curies":[{"name":"wp","href":"https:\/\/api.w.org\/{rel}","templated":true}]}}