{"id":4352,"date":"2018-10-10T16:01:58","date_gmt":"2018-10-10T14:01:58","guid":{"rendered":"https:\/\/www.organisator.ch\/?p=4352"},"modified":"2018-10-10T16:01:58","modified_gmt":"2018-10-10T14:01:58","slug":"arbeitswelt-4-0-schoene-neue-arbeitswelt","status":"publish","type":"post","link":"https:\/\/www.organisator.ch\/fr\/management\/2018-10-10\/arbeitswelt-4-0-schoene-neue-arbeitswelt\/","title":{"rendered":"Le monde du travail 4.0 - un nouveau monde du travail ?"},"content":{"rendered":"<figure id=\"attachment_4363\" aria-describedby=\"caption-attachment-4363\" style=\"width: 680px\" class=\"wp-caption alignnone\"><img loading=\"lazy\" decoding=\"async\" class=\"size-medium wp-image-4363\" src=\"https:\/\/www.organisator.ch\/wp-content\/uploads\/2018\/10\/Arbeitswelt-4.0-org-organisator.jpg\" alt=\"\" width=\"680\" height=\"454\" srcset=\"https:\/\/www.organisator.ch\/wp-content\/uploads\/2018\/10\/Arbeitswelt-4.0-org-organisator.jpg 999w, https:\/\/www.organisator.ch\/wp-content\/uploads\/2018\/10\/Arbeitswelt-4.0-org-organisator-680x454.jpg 680w, https:\/\/www.organisator.ch\/wp-content\/uploads\/2018\/10\/Arbeitswelt-4.0-org-organisator-768x513.jpg 768w, https:\/\/www.organisator.ch\/wp-content\/uploads\/2018\/10\/Arbeitswelt-4.0-org-organisator-16x12.jpg 16w, https:\/\/www.organisator.ch\/wp-content\/uploads\/2018\/10\/Arbeitswelt-4.0-org-organisator-262x175.jpg 262w, https:\/\/www.organisator.ch\/wp-content\/uploads\/2018\/10\/Arbeitswelt-4.0-org-organisator-524x350.jpg 524w, https:\/\/www.organisator.ch\/wp-content\/uploads\/2018\/10\/Arbeitswelt-4.0-org-organisator-920x614.jpg 920w, https:\/\/www.organisator.ch\/wp-content\/uploads\/2018\/10\/Arbeitswelt-4.0-org-organisator-300x200.jpg 300w\" sizes=\"auto, (max-width: 680px) 100vw, 680px\" \/><figcaption id=\"caption-attachment-4363\" class=\"wp-caption-text\">Le monde du travail 4.0 pr\u00e9sente un grand potentiel - mais sans \"mode d'emploi\" pour la mise en \u0153uvre pratique, il reste inexploit\u00e9. (Image : depositphotos)<\/figcaption><\/figure>\n<p>Marco Looser (propri\u00e9taire de Management Communication Pool AG) est convaincu que ce qui manque dans le monde du travail 4.0, ce sont des piliers d'orientation concrets et pratiques pour une mise en \u0153uvre efficace et une utilisation optimale de ces nouveaux potentiels.<\/p>\n<p><strong>Le triptyque People - Place - Technology. <\/strong>Les environnements de travail et de vie ont fortement \u00e9volu\u00e9 au cours des derni\u00e8res ann\u00e9es et dans le contexte de la transformation num\u00e9rique. En r\u00e9sum\u00e9, les mondes du travail 4.0 consistent en une interaction judicieuse et efficace entre :<\/p>\n<ul>\n<li><strong>People :<\/strong> En ce qui concerne les personnes et les collaborateurs, cela signifie les amener, les accompagner et les former \u00e0 une \"mentalit\u00e9 num\u00e9rique\". Cela implique des modes de pens\u00e9e, d'action et de travail conformes \u00e0 la collaboration. Ceux-ci permettent d'int\u00e9grer de mani\u00e8re optimale les potentiels des conditions techniques, spatiales et humaines.<\/li>\n<li><strong>Place : <\/strong>Un am\u00e9nagement spatial et un \u00e9quipement cibl\u00e9s, adapt\u00e9s au \"caract\u00e8re du travail\" (type de travail\/t\u00e2ches individuelles\/travail d'\u00e9quipe), permettent d'am\u00e9liorer les r\u00e9sultats du travail tels que l'efficacit\u00e9, l'efficience, la force d'innovation, le succ\u00e8s commercial, etc.<\/li>\n<li><strong>La technologie : <\/strong>Collaboration de tous les participants, ind\u00e9pendamment du temps et du lieu, avec une technique au service de l'homme. Gr\u00e2ce \u00e0 l'utilisation d'outils appropri\u00e9s pour les travailleurs de l'information et du savoir, d'\u00e9normes potentiels peuvent \u00eatre exploit\u00e9s.<\/li>\n<\/ul>\n<p>Le \"mot d'ordre\" pour une introduction et une mise en \u0153uvre r\u00e9ussies du monde du travail 4.0 est donc la collaboration. Le bureau du futur est un lieu de rencontre pour l'\u00e9change, le travail d'\u00e9quipe et les contacts sociaux. Toujours dans le but d'augmenter la force d'innovation, l'efficience et l'efficacit\u00e9 pour l'organisation et de garantir ainsi un b\u00e9n\u00e9fice maximal.<\/p>\n<p>Il est donc d'autant plus important de disposer d'une orientation fond\u00e9e sur le quoi, le quand et le comment. Il existe d\u00e9j\u00e0 quelques \u00e9tudes \u00e0 ce sujet. Il n'existe toutefois pas de solutions globales pour une r\u00e9alisation aussi simple et durable que possible.<\/p>\n<p><strong>En pr\u00e9paration : \u00e9tude \"Le monde du travail du futur\" - un guide pratique pour les PME. <\/strong>Une \u00e9tude actuellement en pr\u00e9paration de la Haute \u00e9cole d'\u00e9conomie de la Haute \u00e9cole sp\u00e9cialis\u00e9e du Nord-Ouest de la Suisse (FHNW), en coop\u00e9ration avec l'\u00e9quipe New-Work.Team et des entreprises\/institutions partenaires, vise \u00e0 combler cette lacune. Les r\u00e9sultats de l'\u00e9tude sont mis \u00e0 la disposition de l'\u00e9conomie suisse sous la forme d'un guide pratique complet pour les PME sur l'organisation du monde du travail 4.0. Le contenu comprend entre autres une pr\u00e9sentation clairement compr\u00e9hensible des principales approches de r\u00e9alisation, des outils possibles, des listes de contr\u00f4le et d'autres aides. L'\u00e9tude se concentre sur ces questions :<\/p>\n<ul>\n<li>Comment travailler et vivre \u00e0 l'avenir ?<\/li>\n<li>Quelle est l'influence des \u00e9normes possibilit\u00e9s technologiques et des changements imminents et attendus sur le travail de connaissance et d'information ?<\/li>\n<li>Comment motiver l'entreprise et les collaborateurs \u00e0 atteindre l'excellence ?<\/li>\n<li>Quelles exigences seront impos\u00e9es \u00e0 tous \u00e0 l'avenir ?<\/li>\n<li>\u00c0 quoi ressemblent les concepts globaux et r\u00e9alisables ?<\/li>\n<\/ul>\n<p><em>Marco Looser : <\/em><em>Propri\u00e9taire de Management Communication Pool AG, il est partenaire de New-Work.Team (<a href=\"http:\/\/www.new-work.team\">www.new-work.team<\/a>) et y est responsable du domaine \"collaboration tools\". Cet expert en techniques de collaboration dispose d'une longue exp\u00e9rience ainsi que d'un savoir-faire et d'un savoir-\u00eatre en mati\u00e8re de conseil et de mise en \u0153uvre.<\/em><\/p>\n<p><img loading=\"lazy\" decoding=\"async\" class=\"size-medium wp-image-4355\" src=\"https:\/\/www.organisator.ch\/wp-content\/uploads\/2018\/10\/2018_10_Leadership_Work4.0_Bild-n_1739256.jpg\" alt=\"&lt;p\/&gt; \" width=\"680\" height=\"396\" \/>&nbsp;<\/p>","protected":false},"excerpt":{"rendered":"<p>Was in der Arbeitswelt 4.0 fehlt, so ist\u00a0Marco Looser (Inhaber der Management Communication Pool AG) \u00fcberzeugt, sind praxisbezogene konkrete Orien\u00adtierungs\u00adpfeiler f\u00fcr eine effiziente Umsetzung und bestm\u00f6gliche Nutzung dieser neuen Potenziale. Der Dreiklang von People \u2013 Place \u2013 Technology. Die Arbeits- und Lebenswelten haben sich in den letzten Jahren und im Umfeld der Digitalen Transformation stark [&hellip;]<\/p>\n","protected":false},"author":7,"featured_media":4363,"comment_status":"open","ping_status":"open","sticky":false,"template":"","format":"standard","meta":{"_acf_changed":false,"_yoast_wpseo_focuskw":"Arbeitswelt 4.0","_yoast_wpseo_metadesc":"Eng verkn\u00fcpft mit der Digitalen Transformation sind auch die \u00abArbeitswelt 4.0\u00bb und \u00abNew Work\u00bb zwischenzeitlich omnipr\u00e4sent.","articlekey":"","footnotes":""},"categories":[28],"tags":[51,156,459,533],"class_list":["post-4352","post","type-post","status-publish","format-standard","has-post-thumbnail","hentry","category-management","tag-arbeitsplatzgestaltung","tag-digitalisierung","tag-studie","tag-wissenschaft"],"acf":[],"yoast_head":"<!-- This site is optimized with the Yoast SEO plugin v27.4 - https:\/\/yoast.com\/product\/yoast-seo-wordpress\/ -->\n<title>Arbeitswelt 4.0 - sch\u00f6ne neue Arbeitswelt? - Organisator<\/title>\n<meta name=\"description\" content=\"Eng verkn\u00fcpft mit der Digitalen Transformation sind auch die \u00abArbeitswelt 4.0\u00bb und \u00abNew Work\u00bb zwischenzeitlich omnipr\u00e4sent.\" \/>\n<meta name=\"robots\" content=\"index, follow, max-snippet:-1, max-image-preview:large, max-video-preview:-1\" \/>\n<link rel=\"canonical\" href=\"https:\/\/www.organisator.ch\/fr\/gestion-2\/2018-10-10\/arbeitswelt-4-0-schoene-neue-arbeitswelt\/\" \/>\n<meta property=\"og:locale\" content=\"fr_FR\" \/>\n<meta property=\"og:type\" content=\"article\" \/>\n<meta property=\"og:title\" content=\"Arbeitswelt 4.0 - sch\u00f6ne neue Arbeitswelt? - Organisator\" \/>\n<meta property=\"og:description\" content=\"Eng verkn\u00fcpft mit der Digitalen Transformation sind auch die \u00abArbeitswelt 4.0\u00bb und \u00abNew Work\u00bb zwischenzeitlich omnipr\u00e4sent.\" \/>\n<meta property=\"og:url\" content=\"https:\/\/www.organisator.ch\/fr\/gestion-2\/2018-10-10\/arbeitswelt-4-0-schoene-neue-arbeitswelt\/\" \/>\n<meta property=\"og:site_name\" content=\"Organisator\" \/>\n<meta property=\"article:publisher\" content=\"https:\/\/www.facebook.com\/OrganisatorFachmagazin\" \/>\n<meta property=\"article:published_time\" content=\"2018-10-10T14:01:58+00:00\" \/>\n<meta property=\"og:image\" content=\"https:\/\/www.organisator.ch\/wp-content\/uploads\/2018\/10\/Arbeitswelt-4.0-org-organisator.jpg\" \/>\n\t<meta property=\"og:image:width\" content=\"999\" \/>\n\t<meta property=\"og:image:height\" content=\"667\" \/>\n\t<meta property=\"og:image:type\" content=\"image\/jpeg\" \/>\n<meta name=\"author\" content=\"K4-Import\" \/>\n<meta name=\"twitter:card\" content=\"summary_large_image\" \/>\n<script type=\"application\/ld+json\" class=\"yoast-schema-graph\">{\"@context\":\"https:\\\/\\\/schema.org\",\"@graph\":[{\"@type\":\"Article\",\"@id\":\"https:\\\/\\\/www.organisator.ch\\\/management\\\/2018-10-10\\\/arbeitswelt-4-0-schoene-neue-arbeitswelt\\\/#article\",\"isPartOf\":{\"@id\":\"https:\\\/\\\/www.organisator.ch\\\/management\\\/2018-10-10\\\/arbeitswelt-4-0-schoene-neue-arbeitswelt\\\/\"},\"author\":{\"name\":\"K4-Import\",\"@id\":\"https:\\\/\\\/www.organisator.ch\\\/#\\\/schema\\\/person\\\/dd8ffea01043c9c41d7718296a158fac\"},\"headline\":\"Arbeitswelt 4.0 &#8211; sch\u00f6ne neue Arbeitswelt?\",\"datePublished\":\"2018-10-10T14:01:58+00:00\",\"mainEntityOfPage\":{\"@id\":\"https:\\\/\\\/www.organisator.ch\\\/management\\\/2018-10-10\\\/arbeitswelt-4-0-schoene-neue-arbeitswelt\\\/\"},\"wordCount\":499,\"commentCount\":0,\"publisher\":{\"@id\":\"https:\\\/\\\/www.organisator.ch\\\/#organization\"},\"image\":{\"@id\":\"https:\\\/\\\/www.organisator.ch\\\/management\\\/2018-10-10\\\/arbeitswelt-4-0-schoene-neue-arbeitswelt\\\/#primaryimage\"},\"thumbnailUrl\":\"https:\\\/\\\/www.organisator.ch\\\/wp-content\\\/uploads\\\/2018\\\/10\\\/Arbeitswelt-4.0-org-organisator.jpg\",\"keywords\":[\"Arbeitsplatzgestaltung\",\"Digitalisierung\",\"Studie\",\"Wissenschaft\"],\"articleSection\":[\"MANAGEMENT\"],\"inLanguage\":\"fr-FR\"},{\"@type\":\"WebPage\",\"@id\":\"https:\\\/\\\/www.organisator.ch\\\/management\\\/2018-10-10\\\/arbeitswelt-4-0-schoene-neue-arbeitswelt\\\/\",\"url\":\"https:\\\/\\\/www.organisator.ch\\\/management\\\/2018-10-10\\\/arbeitswelt-4-0-schoene-neue-arbeitswelt\\\/\",\"name\":\"Arbeitswelt 4.0 - sch\u00f6ne neue Arbeitswelt? - Organisator\",\"isPartOf\":{\"@id\":\"https:\\\/\\\/www.organisator.ch\\\/#website\"},\"primaryImageOfPage\":{\"@id\":\"https:\\\/\\\/www.organisator.ch\\\/management\\\/2018-10-10\\\/arbeitswelt-4-0-schoene-neue-arbeitswelt\\\/#primaryimage\"},\"image\":{\"@id\":\"https:\\\/\\\/www.organisator.ch\\\/management\\\/2018-10-10\\\/arbeitswelt-4-0-schoene-neue-arbeitswelt\\\/#primaryimage\"},\"thumbnailUrl\":\"https:\\\/\\\/www.organisator.ch\\\/wp-content\\\/uploads\\\/2018\\\/10\\\/Arbeitswelt-4.0-org-organisator.jpg\",\"datePublished\":\"2018-10-10T14:01:58+00:00\",\"description\":\"Eng verkn\u00fcpft mit der Digitalen Transformation sind auch die \u00abArbeitswelt 4.0\u00bb und \u00abNew Work\u00bb zwischenzeitlich omnipr\u00e4sent.\",\"breadcrumb\":{\"@id\":\"https:\\\/\\\/www.organisator.ch\\\/management\\\/2018-10-10\\\/arbeitswelt-4-0-schoene-neue-arbeitswelt\\\/#breadcrumb\"},\"inLanguage\":\"fr-FR\",\"potentialAction\":[{\"@type\":\"ReadAction\",\"target\":[\"https:\\\/\\\/www.organisator.ch\\\/management\\\/2018-10-10\\\/arbeitswelt-4-0-schoene-neue-arbeitswelt\\\/\"]}]},{\"@type\":\"ImageObject\",\"inLanguage\":\"fr-FR\",\"@id\":\"https:\\\/\\\/www.organisator.ch\\\/management\\\/2018-10-10\\\/arbeitswelt-4-0-schoene-neue-arbeitswelt\\\/#primaryimage\",\"url\":\"https:\\\/\\\/www.organisator.ch\\\/wp-content\\\/uploads\\\/2018\\\/10\\\/Arbeitswelt-4.0-org-organisator.jpg\",\"contentUrl\":\"https:\\\/\\\/www.organisator.ch\\\/wp-content\\\/uploads\\\/2018\\\/10\\\/Arbeitswelt-4.0-org-organisator.jpg\",\"width\":999,\"height\":667,\"caption\":\"Die Arbeitswelt 4.0 zeigt viel Potenzial \u2013 doch ohne \u00abAnleitung\u00bb f\u00fcr die praktische Umsetzung bleibt sie ungenutzt. (Bild: depositphotos)\"},{\"@type\":\"BreadcrumbList\",\"@id\":\"https:\\\/\\\/www.organisator.ch\\\/management\\\/2018-10-10\\\/arbeitswelt-4-0-schoene-neue-arbeitswelt\\\/#breadcrumb\",\"itemListElement\":[{\"@type\":\"ListItem\",\"position\":1,\"name\":\"Home\",\"item\":\"https:\\\/\\\/www.organisator.ch\\\/\"},{\"@type\":\"ListItem\",\"position\":2,\"name\":\"Arbeitswelt 4.0 &#8211; sch\u00f6ne neue Arbeitswelt?\"}]},{\"@type\":\"WebSite\",\"@id\":\"https:\\\/\\\/www.organisator.ch\\\/#website\",\"url\":\"https:\\\/\\\/www.organisator.ch\\\/\",\"name\":\"Organisator\",\"description\":\"Kompetent. Praxisnah. Der ORGANISATOR bereitet in 10 Ausgaben pro Jahr die wesentlichen Themen f\u00fcr F\u00fchrungskr\u00e4fte von KMU auf.\",\"publisher\":{\"@id\":\"https:\\\/\\\/www.organisator.ch\\\/#organization\"},\"potentialAction\":[{\"@type\":\"SearchAction\",\"target\":{\"@type\":\"EntryPoint\",\"urlTemplate\":\"https:\\\/\\\/www.organisator.ch\\\/?s={search_term_string}\"},\"query-input\":{\"@type\":\"PropertyValueSpecification\",\"valueRequired\":true,\"valueName\":\"search_term_string\"}}],\"inLanguage\":\"fr-FR\"},{\"@type\":\"Organization\",\"@id\":\"https:\\\/\\\/www.organisator.ch\\\/#organization\",\"name\":\"Organisator\",\"url\":\"https:\\\/\\\/www.organisator.ch\\\/\",\"logo\":{\"@type\":\"ImageObject\",\"inLanguage\":\"fr-FR\",\"@id\":\"https:\\\/\\\/www.organisator.ch\\\/#\\\/schema\\\/logo\\\/image\\\/\",\"url\":\"https:\\\/\\\/www.organisator.ch\\\/wp-content\\\/uploads\\\/2022\\\/01\\\/Logo_Organisator_Website.png\",\"contentUrl\":\"https:\\\/\\\/www.organisator.ch\\\/wp-content\\\/uploads\\\/2022\\\/01\\\/Logo_Organisator_Website.png\",\"width\":800,\"height\":77,\"caption\":\"Organisator\"},\"image\":{\"@id\":\"https:\\\/\\\/www.organisator.ch\\\/#\\\/schema\\\/logo\\\/image\\\/\"},\"sameAs\":[\"https:\\\/\\\/www.facebook.com\\\/OrganisatorFachmagazin\",\"https:\\\/\\\/www.linkedin.com\\\/showcase\\\/organisator-das-magazin-fr-kmu\",\"https:\\\/\\\/www.xing.com\\\/news\\\/pages\\\/organisator-ch-695\",\"https:\\\/\\\/www.youtube.com\\\/channel\\\/UCGP2Sq0iWaZwT3BdIAQFYpw\"]},{\"@type\":\"Person\",\"@id\":\"https:\\\/\\\/www.organisator.ch\\\/#\\\/schema\\\/person\\\/dd8ffea01043c9c41d7718296a158fac\",\"name\":\"K4-Import\",\"image\":{\"@type\":\"ImageObject\",\"inLanguage\":\"fr-FR\",\"@id\":\"https:\\\/\\\/secure.gravatar.com\\\/avatar\\\/73620ab7215a54b074cc226514e02ed65cb79211bbaee1eb49b63b57e58aaad6?s=96&d=mm&r=g\",\"url\":\"https:\\\/\\\/secure.gravatar.com\\\/avatar\\\/73620ab7215a54b074cc226514e02ed65cb79211bbaee1eb49b63b57e58aaad6?s=96&d=mm&r=g\",\"contentUrl\":\"https:\\\/\\\/secure.gravatar.com\\\/avatar\\\/73620ab7215a54b074cc226514e02ed65cb79211bbaee1eb49b63b57e58aaad6?s=96&d=mm&r=g\",\"caption\":\"K4-Import\"},\"url\":\"https:\\\/\\\/www.organisator.ch\\\/fr\\\/author\\\/k4-import\\\/\"}]}<\/script>\n<!-- \/ Yoast SEO plugin. -->","yoast_head_json":{"title":"Le monde du travail 4.0 - un nouveau monde du travail ? - Organisateur","description":"\u00c9troitement li\u00e9s \u00e0 la transformation num\u00e9rique, le \"monde du travail 4.0\" et le \"nouveau travail\" sont d\u00e9sormais omnipr\u00e9sents.","robots":{"index":"index","follow":"follow","max-snippet":"max-snippet:-1","max-image-preview":"max-image-preview:large","max-video-preview":"max-video-preview:-1"},"canonical":"https:\/\/www.organisator.ch\/fr\/gestion-2\/2018-10-10\/arbeitswelt-4-0-schoene-neue-arbeitswelt\/","og_locale":"fr_FR","og_type":"article","og_title":"Arbeitswelt 4.0 - sch\u00f6ne neue Arbeitswelt? - Organisator","og_description":"Eng verkn\u00fcpft mit der Digitalen Transformation sind auch die \u00abArbeitswelt 4.0\u00bb und \u00abNew Work\u00bb zwischenzeitlich omnipr\u00e4sent.","og_url":"https:\/\/www.organisator.ch\/fr\/gestion-2\/2018-10-10\/arbeitswelt-4-0-schoene-neue-arbeitswelt\/","og_site_name":"Organisator","article_publisher":"https:\/\/www.facebook.com\/OrganisatorFachmagazin","article_published_time":"2018-10-10T14:01:58+00:00","og_image":[{"width":999,"height":667,"url":"https:\/\/www.organisator.ch\/wp-content\/uploads\/2018\/10\/Arbeitswelt-4.0-org-organisator.jpg","type":"image\/jpeg"}],"author":"K4-Import","twitter_card":"summary_large_image","schema":{"@context":"https:\/\/schema.org","@graph":[{"@type":"Article","@id":"https:\/\/www.organisator.ch\/management\/2018-10-10\/arbeitswelt-4-0-schoene-neue-arbeitswelt\/#article","isPartOf":{"@id":"https:\/\/www.organisator.ch\/management\/2018-10-10\/arbeitswelt-4-0-schoene-neue-arbeitswelt\/"},"author":{"name":"K4-Import","@id":"https:\/\/www.organisator.ch\/#\/schema\/person\/dd8ffea01043c9c41d7718296a158fac"},"headline":"Arbeitswelt 4.0 &#8211; sch\u00f6ne neue Arbeitswelt?","datePublished":"2018-10-10T14:01:58+00:00","mainEntityOfPage":{"@id":"https:\/\/www.organisator.ch\/management\/2018-10-10\/arbeitswelt-4-0-schoene-neue-arbeitswelt\/"},"wordCount":499,"commentCount":0,"publisher":{"@id":"https:\/\/www.organisator.ch\/#organization"},"image":{"@id":"https:\/\/www.organisator.ch\/management\/2018-10-10\/arbeitswelt-4-0-schoene-neue-arbeitswelt\/#primaryimage"},"thumbnailUrl":"https:\/\/www.organisator.ch\/wp-content\/uploads\/2018\/10\/Arbeitswelt-4.0-org-organisator.jpg","keywords":["Arbeitsplatzgestaltung","Digitalisierung","Studie","Wissenschaft"],"articleSection":["MANAGEMENT"],"inLanguage":"fr-FR"},{"@type":"WebPage","@id":"https:\/\/www.organisator.ch\/management\/2018-10-10\/arbeitswelt-4-0-schoene-neue-arbeitswelt\/","url":"https:\/\/www.organisator.ch\/management\/2018-10-10\/arbeitswelt-4-0-schoene-neue-arbeitswelt\/","name":"Le monde du travail 4.0 - un nouveau monde du travail ? - Organisateur","isPartOf":{"@id":"https:\/\/www.organisator.ch\/#website"},"primaryImageOfPage":{"@id":"https:\/\/www.organisator.ch\/management\/2018-10-10\/arbeitswelt-4-0-schoene-neue-arbeitswelt\/#primaryimage"},"image":{"@id":"https:\/\/www.organisator.ch\/management\/2018-10-10\/arbeitswelt-4-0-schoene-neue-arbeitswelt\/#primaryimage"},"thumbnailUrl":"https:\/\/www.organisator.ch\/wp-content\/uploads\/2018\/10\/Arbeitswelt-4.0-org-organisator.jpg","datePublished":"2018-10-10T14:01:58+00:00","description":"\u00c9troitement li\u00e9s \u00e0 la transformation num\u00e9rique, le \"monde du travail 4.0\" et le \"nouveau travail\" sont d\u00e9sormais omnipr\u00e9sents.","breadcrumb":{"@id":"https:\/\/www.organisator.ch\/management\/2018-10-10\/arbeitswelt-4-0-schoene-neue-arbeitswelt\/#breadcrumb"},"inLanguage":"fr-FR","potentialAction":[{"@type":"ReadAction","target":["https:\/\/www.organisator.ch\/management\/2018-10-10\/arbeitswelt-4-0-schoene-neue-arbeitswelt\/"]}]},{"@type":"ImageObject","inLanguage":"fr-FR","@id":"https:\/\/www.organisator.ch\/management\/2018-10-10\/arbeitswelt-4-0-schoene-neue-arbeitswelt\/#primaryimage","url":"https:\/\/www.organisator.ch\/wp-content\/uploads\/2018\/10\/Arbeitswelt-4.0-org-organisator.jpg","contentUrl":"https:\/\/www.organisator.ch\/wp-content\/uploads\/2018\/10\/Arbeitswelt-4.0-org-organisator.jpg","width":999,"height":667,"caption":"Die Arbeitswelt 4.0 zeigt viel Potenzial \u2013 doch ohne \u00abAnleitung\u00bb f\u00fcr die praktische Umsetzung bleibt sie ungenutzt. (Bild: depositphotos)"},{"@type":"BreadcrumbList","@id":"https:\/\/www.organisator.ch\/management\/2018-10-10\/arbeitswelt-4-0-schoene-neue-arbeitswelt\/#breadcrumb","itemListElement":[{"@type":"ListItem","position":1,"name":"Home","item":"https:\/\/www.organisator.ch\/"},{"@type":"ListItem","position":2,"name":"Arbeitswelt 4.0 &#8211; sch\u00f6ne neue Arbeitswelt?"}]},{"@type":"WebSite","@id":"https:\/\/www.organisator.ch\/#website","url":"https:\/\/www.organisator.ch\/","name":"Organisateur","description":"Comp\u00e9tence et comp\u00e9tence. Proches de la pratique. L'ORGANISATEUR pr\u00e9pare 10 num\u00e9ros par an sur les th\u00e8mes essentiels pour les dirigeants de PME.","publisher":{"@id":"https:\/\/www.organisator.ch\/#organization"},"potentialAction":[{"@type":"SearchAction","target":{"@type":"EntryPoint","urlTemplate":"https:\/\/www.organisator.ch\/?s={search_term_string}"},"query-input":{"@type":"PropertyValueSpecification","valueRequired":true,"valueName":"search_term_string"}}],"inLanguage":"fr-FR"},{"@type":"Organization","@id":"https:\/\/www.organisator.ch\/#organization","name":"Organisateur","url":"https:\/\/www.organisator.ch\/","logo":{"@type":"ImageObject","inLanguage":"fr-FR","@id":"https:\/\/www.organisator.ch\/#\/schema\/logo\/image\/","url":"https:\/\/www.organisator.ch\/wp-content\/uploads\/2022\/01\/Logo_Organisator_Website.png","contentUrl":"https:\/\/www.organisator.ch\/wp-content\/uploads\/2022\/01\/Logo_Organisator_Website.png","width":800,"height":77,"caption":"Organisator"},"image":{"@id":"https:\/\/www.organisator.ch\/#\/schema\/logo\/image\/"},"sameAs":["https:\/\/www.facebook.com\/OrganisatorFachmagazin","https:\/\/www.linkedin.com\/showcase\/organisator-das-magazin-fr-kmu","https:\/\/www.xing.com\/news\/pages\/organisator-ch-695","https:\/\/www.youtube.com\/channel\/UCGP2Sq0iWaZwT3BdIAQFYpw"]},{"@type":"Person","@id":"https:\/\/www.organisator.ch\/#\/schema\/person\/dd8ffea01043c9c41d7718296a158fac","name":"Importation K4","image":{"@type":"ImageObject","inLanguage":"fr-FR","@id":"https:\/\/secure.gravatar.com\/avatar\/73620ab7215a54b074cc226514e02ed65cb79211bbaee1eb49b63b57e58aaad6?s=96&d=mm&r=g","url":"https:\/\/secure.gravatar.com\/avatar\/73620ab7215a54b074cc226514e02ed65cb79211bbaee1eb49b63b57e58aaad6?s=96&d=mm&r=g","contentUrl":"https:\/\/secure.gravatar.com\/avatar\/73620ab7215a54b074cc226514e02ed65cb79211bbaee1eb49b63b57e58aaad6?s=96&d=mm&r=g","caption":"K4-Import"},"url":"https:\/\/www.organisator.ch\/fr\/author\/k4-import\/"}]}},"_links":{"self":[{"href":"https:\/\/www.organisator.ch\/fr\/wp-json\/wp\/v2\/posts\/4352","targetHints":{"allow":["GET"]}}],"collection":[{"href":"https:\/\/www.organisator.ch\/fr\/wp-json\/wp\/v2\/posts"}],"about":[{"href":"https:\/\/www.organisator.ch\/fr\/wp-json\/wp\/v2\/types\/post"}],"author":[{"embeddable":true,"href":"https:\/\/www.organisator.ch\/fr\/wp-json\/wp\/v2\/users\/7"}],"replies":[{"embeddable":true,"href":"https:\/\/www.organisator.ch\/fr\/wp-json\/wp\/v2\/comments?post=4352"}],"version-history":[{"count":0,"href":"https:\/\/www.organisator.ch\/fr\/wp-json\/wp\/v2\/posts\/4352\/revisions"}],"wp:featuredmedia":[{"embeddable":true,"href":"https:\/\/www.organisator.ch\/fr\/wp-json\/wp\/v2\/media\/4363"}],"wp:attachment":[{"href":"https:\/\/www.organisator.ch\/fr\/wp-json\/wp\/v2\/media?parent=4352"}],"wp:term":[{"taxonomy":"category","embeddable":true,"href":"https:\/\/www.organisator.ch\/fr\/wp-json\/wp\/v2\/categories?post=4352"},{"taxonomy":"post_tag","embeddable":true,"href":"https:\/\/www.organisator.ch\/fr\/wp-json\/wp\/v2\/tags?post=4352"}],"curies":[{"name":"wp","href":"https:\/\/api.w.org\/{rel}","templated":true}]}}