{"id":43575,"date":"2026-01-22T13:15:09","date_gmt":"2026-01-22T12:15:09","guid":{"rendered":"https:\/\/www.organisator.ch\/de\/?p=43575"},"modified":"2026-01-22T13:15:09","modified_gmt":"2026-01-22T12:15:09","slug":"check-point-lanciert-ki-getriebenes-exposure-management","status":"publish","type":"post","link":"https:\/\/www.organisator.ch\/fr\/management\/it\/2026-01-22\/check-point-lanciert-ki-getriebenes-exposure-management\/","title":{"rendered":"Check Point lance la gestion des risques pilot\u00e9e par l'IA"},"content":{"rendered":"<figure>\n<figure style=\"width: 1400px\" class=\"wp-caption alignnone\"><img loading=\"lazy\" decoding=\"async\" src=\"https:\/\/www.organisator.ch\/wp-content\/uploads\/2026\/01\/Check-Point_Yochai-Corem_VP-Exposure-Management-scaled.jpg\" alt=\"Yochai Corem, vice-pr\u00e9sident de la gestion des expositions chez Check Point Software Technologies\" width=\"1400\" height=\"934\" \/><figcaption class=\"wp-caption-text\">Yochai Corem, vice-pr\u00e9sident de la gestion des expositions chez Check Point Software Technologies (Image : Check Point Software Technologies)<\/figcaption><\/figure><br \/>\n<\/figure>\n<p>Check Point Software Technologies a annonc\u00e9 Check Point Exposure Management (EM). Cette nouvelle approche aide les entreprises \u00e0 se d\u00e9fendre contre les cyber-attaques \u00e0 l'\u00e8re de l'intelligence artificielle en transformant les donn\u00e9es fragment\u00e9es sur la surface d'attaque en mesures correctives prioritaires, r\u00e9alisables et s\u00fbres.<\/p>\n<p>Aliment\u00e9 par les capacit\u00e9s de Cyberint, Veriti et la visibilit\u00e9 mondiale des menaces de Check Point, EM offre une conscience de la situation en temps r\u00e9el. La solution combine des informations sur les menaces, des aper\u00e7us du dark web, la visibilit\u00e9 de la surface d'attaque, le contexte d'exploitabilit\u00e9 et des mesures de rem\u00e9diation automatis\u00e9es. Ces derni\u00e8res sont d'autant plus importantes aujourd'hui que les pirates utilisent de plus en plus l'automatisation et l'IA pour agir plus rapidement que les mesures de s\u00e9curit\u00e9 traditionnelles ne peuvent r\u00e9agir.<\/p>\n<h3>Combler les lacunes en mati\u00e8re de r\u00e9paration des dommages<\/h3>\n<p>\u00abLes \u00e9quipes de s\u00e9curit\u00e9 informatique sont submerg\u00e9es d'informations mais continuent \u00e0 avoir des difficult\u00e9s \u00e0 transformer les connaissances en mesures et \u00e0 r\u00e9duire les risques avec leurs investissements de s\u00e9curit\u00e9 existants\u00bb, explique Yochai Corem, vice-pr\u00e9sident de la gestion des expositions chez Check Point Software Technologies. \u00abExposure Management comble cette lacune en combinant des informations r\u00e9elles sur les menaces avec des mesures d'att\u00e9nuation s\u00e9curis\u00e9es et automatis\u00e9es. Nous aidons ainsi les entreprises \u00e0 r\u00e9duire plus rapidement les risques tout en se pr\u00e9parant aux attaques dirig\u00e9es par l'IA\u00bb.\u00bb<\/p>\n<figure>\n<figure style=\"width: 1200px\" class=\"wp-caption alignnone\"><img loading=\"lazy\" decoding=\"async\" src=\"https:\/\/www.organisator.ch\/wp-content\/uploads\/2026\/01\/Abbildung-1-Uebersicht-der-exponentiell-wachsenden-Gefahr-einer-zwar-erkannten-aber-nicht-behobenen-Sicherheitsbedrohung-.png\" alt=\"\" width=\"1200\" height=\"717\" \/><figcaption class=\"wp-caption-text\">Aper\u00e7u du risque exponentiel d'une menace de s\u00e9curit\u00e9 identifi\u00e9e mais non r\u00e9solue (graphique : Check Point Software Technologies)<\/figcaption><\/figure><br \/>\n<\/figure>\n<p>Alors que les attaques sont de plus en plus \u00e9tendues et automatis\u00e9es, la correction des failles de s\u00e9curit\u00e9 reste lente et manuelle dans de nombreuses entreprises. En raison d'outils disparates, d'\u00e9quipes isol\u00e9es et de la d\u00e9pendance \u00e0 l'\u00e9gard des \u00e9valuations statiques de la gravit\u00e9, les failles de s\u00e9curit\u00e9 critiques continuent d'\u00eatre ignor\u00e9es. Cela creuse l'\u00e9cart b\u00e9ant dans la correction des cybermenaces et augmente la probabilit\u00e9 d'attaques r\u00e9ussies.<\/p>\n<h3>Int\u00e9gration dans les environnements de s\u00e9curit\u00e9 existants<\/h3>\n<p>EM est con\u00e7u pour \u00eatre utilis\u00e9 dans des environnements existants et s'int\u00e8gre \u00e0 plus de 75 contr\u00f4les de s\u00e9curit\u00e9 d'environ 90 pour cent des plus grands fournisseurs de s\u00e9curit\u00e9, y compris les couches r\u00e9seau, point final, cloud, messagerie, identit\u00e9 et syst\u00e8me d'exploitation. Cette int\u00e9gration compl\u00e8te refl\u00e8te l'approche de jardin ouvert de Check Point et permet aux entreprises de r\u00e9duire les risques avec les outils existants tout en minimisant la complexit\u00e9 des op\u00e9rations.<\/p>\n<figure>\n<figure style=\"width: 1200px\" class=\"wp-caption alignnone\"><img loading=\"lazy\" decoding=\"async\" src=\"https:\/\/www.organisator.ch\/wp-content\/uploads\/2026\/01\/Abbildung-2-Der-Kreislauf-des-Exposure-Managements-Check-Point-Software-Technologies-Ltd.png\" alt=\"Le cycle de la gestion de l&#039;exposition\" width=\"1200\" height=\"862\" \/><figcaption class=\"wp-caption-text\">Le cycle de la gestion de l'exposition (graphique : Check Point Software Technologies)<\/figcaption><\/figure><br \/>\n<\/figure>\n<p>Cette approche s'inscrit dans le cadre de la gestion continue de l'exposition aux menaces (CTEM) de Gartner, qui met l'accent sur la corr\u00e9lation continue entre le comportement r\u00e9el des attaquants et les ressources de l'entreprise. En reliant les informations, le contexte d'exposition et les mesures d'att\u00e9nuation, les organisations donnent la priorit\u00e9 aux risques les plus importants et les \u00e9liminent avant que les cybercriminels ne passent \u00e0 l'action.<\/p>\n<h3>Trois couches int\u00e9gr\u00e9es pour une protection compl\u00e8te<\/h3>\n<p>La gestion des expositions de Check Point repose sur trois couches \u00e9troitement int\u00e9gr\u00e9es : Premi\u00e8rement, la Threat Intelligence utilise les capacit\u00e9s de Check Point pour cartographier l'\u00e9cosyst\u00e8me des cyber-attaquants et suivre les campagnes actives, les vuln\u00e9rabilit\u00e9s exploit\u00e9es, les infrastructures malveillantes et les indicateurs de haut risque. Les donn\u00e9es sont bas\u00e9es sur des attaques r\u00e9elles observ\u00e9es \u00e0 partir des sources les plus compl\u00e8tes de l'industrie.<\/p>\n<p>Deuxi\u00e8mement, la plateforme utilise des scanners int\u00e9gr\u00e9s pour d\u00e9terminer automatiquement la surface d'attaque de l'entreprise et s'int\u00e8gre aux outils standard du secteur afin de classer les risques par ordre de priorit\u00e9 en fonction de leur exploitabilit\u00e9 r\u00e9elle, du contexte commercial et des contr\u00f4les de s\u00e9curit\u00e9 existants. Cela inclut une \u00e9valuation continue de l'efficacit\u00e9 de la s\u00e9curit\u00e9.<\/p>\n<p>Troisi\u00e8mement, Check Point Exposure Management va au-del\u00e0 de la hi\u00e9rarchisation en reconfigurant de mani\u00e8re s\u00e9curis\u00e9e les contr\u00f4les de s\u00e9curit\u00e9 existants via des API. Des mesures valid\u00e9es telles que le patching virtuel, l'activation IPS et l'application d'indicateurs permettent une rem\u00e9diation coh\u00e9rente \u00e0 grande \u00e9chelle avec un minimum de friction op\u00e9rationnelle.<\/p>\n<p>\u00abLa gestion des expositions est devenue indispensable car les entreprises ont des difficult\u00e9s \u00e0 mettre en \u0153uvre de mani\u00e8re op\u00e9rationnelle les donn\u00e9es sur les vuln\u00e9rabilit\u00e9s. L'approche de Check Point se distingue par la combinaison d'une connaissance approfondie, d'une protection de la marque et de mesures correctives s\u00e9curis\u00e9es et automatis\u00e9es pour passer plus rapidement de la connaissance \u00e0 l'action\u00bb, explique Michelle Abraham, directrice de recherche senior, s\u00e9curit\u00e9 et confiance chez IDC.<\/p>\n<p>Check Point Exposure Management est disponible d\u00e8s maintenant. Pour plus d'informations sur le produit, veuillez consulter le <a href=\"https:\/\/www.checkpoint.com\/de\/exposure-management\/\" target=\"_blank\" rel=\"noopener\">Site web de Check Point<\/a>. De plus, en janvier 2026, Check Point a publi\u00e9 le rapport appropri\u00e9 \u00abState of Exposure Management Report\u00bb qui <a href=\"https:\/\/checkpoint.cyberint.com\/state-of-exposure-management\" target=\"_blank\" rel=\"noopener\">ici<\/a> est disponible.<\/p>","protected":false},"excerpt":{"rendered":"<p>Check Point Software Technologies annonce sa nouvelle solution Exposure Management, qui aide les entreprises \u00e0 se d\u00e9fendre contre les cyber-attaques dirig\u00e9es par l'IA. La solution transforme les donn\u00e9es fragment\u00e9es sur la surface d'attaque en mesures de rem\u00e9diation prioritaires et r\u00e9alisables et s'int\u00e8gre \u00e0 plus de 75 contr\u00f4les de s\u00e9curit\u00e9 d'environ 90 pour cent des plus grands fournisseurs de s\u00e9curit\u00e9.<\/p>","protected":false},"author":107,"featured_media":43574,"comment_status":"closed","ping_status":"closed","sticky":false,"template":"","format":"standard","meta":{"_acf_changed":false,"_yoast_wpseo_focuskw":"Exposure Management","_yoast_wpseo_metadesc":"Check Point lanciert KI-getriebenes Exposure Management gegen Cyber-Angriffe. Die L\u00f6sung integriert sich in \u00fcber 75 Sicherheitskontrollen.","articlekey":"","footnotes":""},"categories":[27],"tags":[608,286,319],"class_list":["post-43575","post","type-post","status-publish","format-standard","has-post-thumbnail","hentry","category-it","tag-cybersicherheit","tag-it","tag-kuenstliche-intelligenz"],"acf":[],"yoast_head":"<!-- This site is optimized with the Yoast SEO plugin v27.4 - https:\/\/yoast.com\/product\/yoast-seo-wordpress\/ -->\n<title>Check Point lanciert KI-getriebenes Exposure Management - Organisator<\/title>\n<meta name=\"description\" content=\"Check Point lanciert KI-getriebenes Exposure Management gegen Cyber-Angriffe. Die L\u00f6sung integriert sich in \u00fcber 75 Sicherheitskontrollen.\" \/>\n<meta name=\"robots\" content=\"index, follow, max-snippet:-1, max-image-preview:large, max-video-preview:-1\" \/>\n<link rel=\"canonical\" href=\"https:\/\/www.organisator.ch\/fr\/gestion-2\/it\/2026-01-22\/check-point-lanciert-ki-getriebenes-exposure-management\/\" \/>\n<meta property=\"og:locale\" content=\"fr_FR\" \/>\n<meta property=\"og:type\" content=\"article\" \/>\n<meta property=\"og:title\" content=\"Check Point lanciert KI-getriebenes Exposure Management\" \/>\n<meta property=\"og:description\" content=\"Check Point lanciert KI-getriebenes Exposure Management gegen Cyber-Angriffe. Die L\u00f6sung integriert sich in \u00fcber 75 Sicherheitskontrollen.\" \/>\n<meta property=\"og:url\" content=\"https:\/\/www.organisator.ch\/fr\/gestion-2\/it\/2026-01-22\/check-point-lanciert-ki-getriebenes-exposure-management\/\" \/>\n<meta property=\"og:site_name\" content=\"Organisator\" \/>\n<meta property=\"article:publisher\" content=\"https:\/\/www.facebook.com\/OrganisatorFachmagazin\" \/>\n<meta property=\"article:published_time\" content=\"2026-01-22T12:15:09+00:00\" \/>\n<meta property=\"og:image\" content=\"https:\/\/www.organisator.ch\/wp-content\/uploads\/2026\/01\/Check-Point_Yochai-Corem_VP-Exposure-Management-scaled.jpg\" \/>\n\t<meta property=\"og:image:width\" content=\"1400\" \/>\n\t<meta property=\"og:image:height\" content=\"934\" \/>\n\t<meta property=\"og:image:type\" content=\"image\/jpeg\" \/>\n<meta name=\"author\" content=\"n8n\" \/>\n<meta name=\"twitter:card\" content=\"summary_large_image\" \/>\n<meta name=\"twitter:title\" content=\"Check Point lanciert #KI-getriebenes Exposure Management\" \/>\n<meta name=\"twitter:description\" content=\"Check Point lanciert KI-getriebenes #Exposure Management gegen #Cyber-Angriffe. Die L\u00f6sung integriert sich in \u00fcber 75 #Sicherheitskontrollen.\" \/>\n<meta name=\"twitter:image\" content=\"https:\/\/www.organisator.ch\/wp-content\/uploads\/2026\/01\/Check-Point_Yochai-Corem_VP-Exposure-Management-scaled.jpg\" \/>\n<script type=\"application\/ld+json\" class=\"yoast-schema-graph\">{\"@context\":\"https:\\\/\\\/schema.org\",\"@graph\":[{\"@type\":\"Article\",\"@id\":\"https:\\\/\\\/www.organisator.ch\\\/management\\\/it\\\/2026-01-22\\\/check-point-lanciert-ki-getriebenes-exposure-management\\\/#article\",\"isPartOf\":{\"@id\":\"https:\\\/\\\/www.organisator.ch\\\/management\\\/it\\\/2026-01-22\\\/check-point-lanciert-ki-getriebenes-exposure-management\\\/\"},\"author\":{\"name\":\"n8n\",\"@id\":\"https:\\\/\\\/www.organisator.ch\\\/#\\\/schema\\\/person\\\/a9d0e0eff238db87a8f840f3b50359f0\"},\"headline\":\"Check Point lanciert KI-getriebenes Exposure Management\",\"datePublished\":\"2026-01-22T12:15:09+00:00\",\"mainEntityOfPage\":{\"@id\":\"https:\\\/\\\/www.organisator.ch\\\/management\\\/it\\\/2026-01-22\\\/check-point-lanciert-ki-getriebenes-exposure-management\\\/\"},\"wordCount\":674,\"publisher\":{\"@id\":\"https:\\\/\\\/www.organisator.ch\\\/#organization\"},\"image\":{\"@id\":\"https:\\\/\\\/www.organisator.ch\\\/management\\\/it\\\/2026-01-22\\\/check-point-lanciert-ki-getriebenes-exposure-management\\\/#primaryimage\"},\"thumbnailUrl\":\"https:\\\/\\\/www.organisator.ch\\\/wp-content\\\/uploads\\\/2026\\\/01\\\/Check-Point_Yochai-Corem_VP-Exposure-Management-scaled.jpg\",\"keywords\":[\"Cybersicherheit\",\"IT\",\"K\u00fcnstliche Intelligenz\"],\"articleSection\":[\"IT\"],\"inLanguage\":\"fr-FR\"},{\"@type\":\"WebPage\",\"@id\":\"https:\\\/\\\/www.organisator.ch\\\/management\\\/it\\\/2026-01-22\\\/check-point-lanciert-ki-getriebenes-exposure-management\\\/\",\"url\":\"https:\\\/\\\/www.organisator.ch\\\/management\\\/it\\\/2026-01-22\\\/check-point-lanciert-ki-getriebenes-exposure-management\\\/\",\"name\":\"Check Point lanciert KI-getriebenes Exposure Management - Organisator\",\"isPartOf\":{\"@id\":\"https:\\\/\\\/www.organisator.ch\\\/#website\"},\"primaryImageOfPage\":{\"@id\":\"https:\\\/\\\/www.organisator.ch\\\/management\\\/it\\\/2026-01-22\\\/check-point-lanciert-ki-getriebenes-exposure-management\\\/#primaryimage\"},\"image\":{\"@id\":\"https:\\\/\\\/www.organisator.ch\\\/management\\\/it\\\/2026-01-22\\\/check-point-lanciert-ki-getriebenes-exposure-management\\\/#primaryimage\"},\"thumbnailUrl\":\"https:\\\/\\\/www.organisator.ch\\\/wp-content\\\/uploads\\\/2026\\\/01\\\/Check-Point_Yochai-Corem_VP-Exposure-Management-scaled.jpg\",\"datePublished\":\"2026-01-22T12:15:09+00:00\",\"description\":\"Check Point lanciert KI-getriebenes Exposure Management gegen Cyber-Angriffe. Die L\u00f6sung integriert sich in \u00fcber 75 Sicherheitskontrollen.\",\"breadcrumb\":{\"@id\":\"https:\\\/\\\/www.organisator.ch\\\/management\\\/it\\\/2026-01-22\\\/check-point-lanciert-ki-getriebenes-exposure-management\\\/#breadcrumb\"},\"inLanguage\":\"fr-FR\",\"potentialAction\":[{\"@type\":\"ReadAction\",\"target\":[\"https:\\\/\\\/www.organisator.ch\\\/management\\\/it\\\/2026-01-22\\\/check-point-lanciert-ki-getriebenes-exposure-management\\\/\"]}]},{\"@type\":\"ImageObject\",\"inLanguage\":\"fr-FR\",\"@id\":\"https:\\\/\\\/www.organisator.ch\\\/management\\\/it\\\/2026-01-22\\\/check-point-lanciert-ki-getriebenes-exposure-management\\\/#primaryimage\",\"url\":\"https:\\\/\\\/www.organisator.ch\\\/wp-content\\\/uploads\\\/2026\\\/01\\\/Check-Point_Yochai-Corem_VP-Exposure-Management-scaled.jpg\",\"contentUrl\":\"https:\\\/\\\/www.organisator.ch\\\/wp-content\\\/uploads\\\/2026\\\/01\\\/Check-Point_Yochai-Corem_VP-Exposure-Management-scaled.jpg\",\"width\":1400,\"height\":934},{\"@type\":\"BreadcrumbList\",\"@id\":\"https:\\\/\\\/www.organisator.ch\\\/management\\\/it\\\/2026-01-22\\\/check-point-lanciert-ki-getriebenes-exposure-management\\\/#breadcrumb\",\"itemListElement\":[{\"@type\":\"ListItem\",\"position\":1,\"name\":\"Home\",\"item\":\"https:\\\/\\\/www.organisator.ch\\\/\"},{\"@type\":\"ListItem\",\"position\":2,\"name\":\"Check Point lanciert KI-getriebenes Exposure Management\"}]},{\"@type\":\"WebSite\",\"@id\":\"https:\\\/\\\/www.organisator.ch\\\/#website\",\"url\":\"https:\\\/\\\/www.organisator.ch\\\/\",\"name\":\"Organisator\",\"description\":\"Kompetent. Praxisnah. Der ORGANISATOR bereitet in 10 Ausgaben pro Jahr die wesentlichen Themen f\u00fcr F\u00fchrungskr\u00e4fte von KMU auf.\",\"publisher\":{\"@id\":\"https:\\\/\\\/www.organisator.ch\\\/#organization\"},\"potentialAction\":[{\"@type\":\"SearchAction\",\"target\":{\"@type\":\"EntryPoint\",\"urlTemplate\":\"https:\\\/\\\/www.organisator.ch\\\/?s={search_term_string}\"},\"query-input\":{\"@type\":\"PropertyValueSpecification\",\"valueRequired\":true,\"valueName\":\"search_term_string\"}}],\"inLanguage\":\"fr-FR\"},{\"@type\":\"Organization\",\"@id\":\"https:\\\/\\\/www.organisator.ch\\\/#organization\",\"name\":\"Organisator\",\"url\":\"https:\\\/\\\/www.organisator.ch\\\/\",\"logo\":{\"@type\":\"ImageObject\",\"inLanguage\":\"fr-FR\",\"@id\":\"https:\\\/\\\/www.organisator.ch\\\/#\\\/schema\\\/logo\\\/image\\\/\",\"url\":\"https:\\\/\\\/www.organisator.ch\\\/wp-content\\\/uploads\\\/2022\\\/01\\\/Logo_Organisator_Website.png\",\"contentUrl\":\"https:\\\/\\\/www.organisator.ch\\\/wp-content\\\/uploads\\\/2022\\\/01\\\/Logo_Organisator_Website.png\",\"width\":800,\"height\":77,\"caption\":\"Organisator\"},\"image\":{\"@id\":\"https:\\\/\\\/www.organisator.ch\\\/#\\\/schema\\\/logo\\\/image\\\/\"},\"sameAs\":[\"https:\\\/\\\/www.facebook.com\\\/OrganisatorFachmagazin\",\"https:\\\/\\\/www.linkedin.com\\\/showcase\\\/organisator-das-magazin-fr-kmu\",\"https:\\\/\\\/www.xing.com\\\/news\\\/pages\\\/organisator-ch-695\",\"https:\\\/\\\/www.youtube.com\\\/channel\\\/UCGP2Sq0iWaZwT3BdIAQFYpw\"]},{\"@type\":\"Person\",\"@id\":\"https:\\\/\\\/www.organisator.ch\\\/#\\\/schema\\\/person\\\/a9d0e0eff238db87a8f840f3b50359f0\",\"name\":\"n8n\",\"image\":{\"@type\":\"ImageObject\",\"inLanguage\":\"fr-FR\",\"@id\":\"https:\\\/\\\/secure.gravatar.com\\\/avatar\\\/5368fb9d03fd415a6f335cece4c15af2502d6ca8651efbd6e8f98427a9795400?s=96&d=mm&r=g\",\"url\":\"https:\\\/\\\/secure.gravatar.com\\\/avatar\\\/5368fb9d03fd415a6f335cece4c15af2502d6ca8651efbd6e8f98427a9795400?s=96&d=mm&r=g\",\"contentUrl\":\"https:\\\/\\\/secure.gravatar.com\\\/avatar\\\/5368fb9d03fd415a6f335cece4c15af2502d6ca8651efbd6e8f98427a9795400?s=96&d=mm&r=g\",\"caption\":\"n8n\"},\"url\":\"https:\\\/\\\/www.organisator.ch\\\/fr\\\/author\\\/n8n\\\/\"}]}<\/script>\n<!-- \/ Yoast SEO plugin. -->","yoast_head_json":{"title":"Check Point lance la gestion des expositions pilot\u00e9e par l'IA - Organisateur","description":"Check Point lance une solution de gestion des expositions contre les cyber-attaques, pilot\u00e9e par l'IA. La solution s'int\u00e8gre \u00e0 plus de 75 contr\u00f4les de s\u00e9curit\u00e9.","robots":{"index":"index","follow":"follow","max-snippet":"max-snippet:-1","max-image-preview":"max-image-preview:large","max-video-preview":"max-video-preview:-1"},"canonical":"https:\/\/www.organisator.ch\/fr\/gestion-2\/it\/2026-01-22\/check-point-lanciert-ki-getriebenes-exposure-management\/","og_locale":"fr_FR","og_type":"article","og_title":"Check Point lanciert KI-getriebenes Exposure Management","og_description":"Check Point lanciert KI-getriebenes Exposure Management gegen Cyber-Angriffe. Die L\u00f6sung integriert sich in \u00fcber 75 Sicherheitskontrollen.","og_url":"https:\/\/www.organisator.ch\/fr\/gestion-2\/it\/2026-01-22\/check-point-lanciert-ki-getriebenes-exposure-management\/","og_site_name":"Organisator","article_publisher":"https:\/\/www.facebook.com\/OrganisatorFachmagazin","article_published_time":"2026-01-22T12:15:09+00:00","og_image":[{"width":1400,"height":934,"url":"https:\/\/www.organisator.ch\/wp-content\/uploads\/2026\/01\/Check-Point_Yochai-Corem_VP-Exposure-Management-scaled.jpg","type":"image\/jpeg"}],"author":"n8n","twitter_card":"summary_large_image","twitter_title":"Check Point lanciert #KI-getriebenes Exposure Management","twitter_description":"Check Point lanciert KI-getriebenes #Exposure Management gegen #Cyber-Angriffe. Die L\u00f6sung integriert sich in \u00fcber 75 #Sicherheitskontrollen.","twitter_image":"https:\/\/www.organisator.ch\/wp-content\/uploads\/2026\/01\/Check-Point_Yochai-Corem_VP-Exposure-Management-scaled.jpg","schema":{"@context":"https:\/\/schema.org","@graph":[{"@type":"Article","@id":"https:\/\/www.organisator.ch\/management\/it\/2026-01-22\/check-point-lanciert-ki-getriebenes-exposure-management\/#article","isPartOf":{"@id":"https:\/\/www.organisator.ch\/management\/it\/2026-01-22\/check-point-lanciert-ki-getriebenes-exposure-management\/"},"author":{"name":"n8n","@id":"https:\/\/www.organisator.ch\/#\/schema\/person\/a9d0e0eff238db87a8f840f3b50359f0"},"headline":"Check Point lanciert KI-getriebenes Exposure Management","datePublished":"2026-01-22T12:15:09+00:00","mainEntityOfPage":{"@id":"https:\/\/www.organisator.ch\/management\/it\/2026-01-22\/check-point-lanciert-ki-getriebenes-exposure-management\/"},"wordCount":674,"publisher":{"@id":"https:\/\/www.organisator.ch\/#organization"},"image":{"@id":"https:\/\/www.organisator.ch\/management\/it\/2026-01-22\/check-point-lanciert-ki-getriebenes-exposure-management\/#primaryimage"},"thumbnailUrl":"https:\/\/www.organisator.ch\/wp-content\/uploads\/2026\/01\/Check-Point_Yochai-Corem_VP-Exposure-Management-scaled.jpg","keywords":["Cybersicherheit","IT","K\u00fcnstliche Intelligenz"],"articleSection":["IT"],"inLanguage":"fr-FR"},{"@type":"WebPage","@id":"https:\/\/www.organisator.ch\/management\/it\/2026-01-22\/check-point-lanciert-ki-getriebenes-exposure-management\/","url":"https:\/\/www.organisator.ch\/management\/it\/2026-01-22\/check-point-lanciert-ki-getriebenes-exposure-management\/","name":"Check Point lance la gestion des expositions pilot\u00e9e par l'IA - Organisateur","isPartOf":{"@id":"https:\/\/www.organisator.ch\/#website"},"primaryImageOfPage":{"@id":"https:\/\/www.organisator.ch\/management\/it\/2026-01-22\/check-point-lanciert-ki-getriebenes-exposure-management\/#primaryimage"},"image":{"@id":"https:\/\/www.organisator.ch\/management\/it\/2026-01-22\/check-point-lanciert-ki-getriebenes-exposure-management\/#primaryimage"},"thumbnailUrl":"https:\/\/www.organisator.ch\/wp-content\/uploads\/2026\/01\/Check-Point_Yochai-Corem_VP-Exposure-Management-scaled.jpg","datePublished":"2026-01-22T12:15:09+00:00","description":"Check Point lance une solution de gestion des expositions contre les cyber-attaques, pilot\u00e9e par l'IA. La solution s'int\u00e8gre \u00e0 plus de 75 contr\u00f4les de s\u00e9curit\u00e9.","breadcrumb":{"@id":"https:\/\/www.organisator.ch\/management\/it\/2026-01-22\/check-point-lanciert-ki-getriebenes-exposure-management\/#breadcrumb"},"inLanguage":"fr-FR","potentialAction":[{"@type":"ReadAction","target":["https:\/\/www.organisator.ch\/management\/it\/2026-01-22\/check-point-lanciert-ki-getriebenes-exposure-management\/"]}]},{"@type":"ImageObject","inLanguage":"fr-FR","@id":"https:\/\/www.organisator.ch\/management\/it\/2026-01-22\/check-point-lanciert-ki-getriebenes-exposure-management\/#primaryimage","url":"https:\/\/www.organisator.ch\/wp-content\/uploads\/2026\/01\/Check-Point_Yochai-Corem_VP-Exposure-Management-scaled.jpg","contentUrl":"https:\/\/www.organisator.ch\/wp-content\/uploads\/2026\/01\/Check-Point_Yochai-Corem_VP-Exposure-Management-scaled.jpg","width":1400,"height":934},{"@type":"BreadcrumbList","@id":"https:\/\/www.organisator.ch\/management\/it\/2026-01-22\/check-point-lanciert-ki-getriebenes-exposure-management\/#breadcrumb","itemListElement":[{"@type":"ListItem","position":1,"name":"Home","item":"https:\/\/www.organisator.ch\/"},{"@type":"ListItem","position":2,"name":"Check Point lanciert KI-getriebenes Exposure Management"}]},{"@type":"WebSite","@id":"https:\/\/www.organisator.ch\/#website","url":"https:\/\/www.organisator.ch\/","name":"Organisateur","description":"Comp\u00e9tence et comp\u00e9tence. Proches de la pratique. L'ORGANISATEUR pr\u00e9pare 10 num\u00e9ros par an sur les th\u00e8mes essentiels pour les dirigeants de PME.","publisher":{"@id":"https:\/\/www.organisator.ch\/#organization"},"potentialAction":[{"@type":"SearchAction","target":{"@type":"EntryPoint","urlTemplate":"https:\/\/www.organisator.ch\/?s={search_term_string}"},"query-input":{"@type":"PropertyValueSpecification","valueRequired":true,"valueName":"search_term_string"}}],"inLanguage":"fr-FR"},{"@type":"Organization","@id":"https:\/\/www.organisator.ch\/#organization","name":"Organisateur","url":"https:\/\/www.organisator.ch\/","logo":{"@type":"ImageObject","inLanguage":"fr-FR","@id":"https:\/\/www.organisator.ch\/#\/schema\/logo\/image\/","url":"https:\/\/www.organisator.ch\/wp-content\/uploads\/2022\/01\/Logo_Organisator_Website.png","contentUrl":"https:\/\/www.organisator.ch\/wp-content\/uploads\/2022\/01\/Logo_Organisator_Website.png","width":800,"height":77,"caption":"Organisator"},"image":{"@id":"https:\/\/www.organisator.ch\/#\/schema\/logo\/image\/"},"sameAs":["https:\/\/www.facebook.com\/OrganisatorFachmagazin","https:\/\/www.linkedin.com\/showcase\/organisator-das-magazin-fr-kmu","https:\/\/www.xing.com\/news\/pages\/organisator-ch-695","https:\/\/www.youtube.com\/channel\/UCGP2Sq0iWaZwT3BdIAQFYpw"]},{"@type":"Person","@id":"https:\/\/www.organisator.ch\/#\/schema\/person\/a9d0e0eff238db87a8f840f3b50359f0","name":"n8n","image":{"@type":"ImageObject","inLanguage":"fr-FR","@id":"https:\/\/secure.gravatar.com\/avatar\/5368fb9d03fd415a6f335cece4c15af2502d6ca8651efbd6e8f98427a9795400?s=96&d=mm&r=g","url":"https:\/\/secure.gravatar.com\/avatar\/5368fb9d03fd415a6f335cece4c15af2502d6ca8651efbd6e8f98427a9795400?s=96&d=mm&r=g","contentUrl":"https:\/\/secure.gravatar.com\/avatar\/5368fb9d03fd415a6f335cece4c15af2502d6ca8651efbd6e8f98427a9795400?s=96&d=mm&r=g","caption":"n8n"},"url":"https:\/\/www.organisator.ch\/fr\/author\/n8n\/"}]}},"_links":{"self":[{"href":"https:\/\/www.organisator.ch\/fr\/wp-json\/wp\/v2\/posts\/43575","targetHints":{"allow":["GET"]}}],"collection":[{"href":"https:\/\/www.organisator.ch\/fr\/wp-json\/wp\/v2\/posts"}],"about":[{"href":"https:\/\/www.organisator.ch\/fr\/wp-json\/wp\/v2\/types\/post"}],"author":[{"embeddable":true,"href":"https:\/\/www.organisator.ch\/fr\/wp-json\/wp\/v2\/users\/107"}],"replies":[{"embeddable":true,"href":"https:\/\/www.organisator.ch\/fr\/wp-json\/wp\/v2\/comments?post=43575"}],"version-history":[{"count":3,"href":"https:\/\/www.organisator.ch\/fr\/wp-json\/wp\/v2\/posts\/43575\/revisions"}],"predecessor-version":[{"id":43618,"href":"https:\/\/www.organisator.ch\/fr\/wp-json\/wp\/v2\/posts\/43575\/revisions\/43618"}],"wp:featuredmedia":[{"embeddable":true,"href":"https:\/\/www.organisator.ch\/fr\/wp-json\/wp\/v2\/media\/43574"}],"wp:attachment":[{"href":"https:\/\/www.organisator.ch\/fr\/wp-json\/wp\/v2\/media?parent=43575"}],"wp:term":[{"taxonomy":"category","embeddable":true,"href":"https:\/\/www.organisator.ch\/fr\/wp-json\/wp\/v2\/categories?post=43575"},{"taxonomy":"post_tag","embeddable":true,"href":"https:\/\/www.organisator.ch\/fr\/wp-json\/wp\/v2\/tags?post=43575"}],"curies":[{"name":"wp","href":"https:\/\/api.w.org\/{rel}","templated":true}]}}