{"id":4358,"date":"2021-07-20T15:46:54","date_gmt":"2021-07-20T13:46:54","guid":{"rendered":"https:\/\/www.umweltperspektiven.ch\/?p=4358"},"modified":"2022-02-09T11:10:48","modified_gmt":"2022-02-09T10:10:48","slug":"aqua-suisse-wird-auf-november-2021-verschoben","status":"publish","type":"post","link":"https:\/\/www.organisator.ch\/fr\/sustainability\/2021-07-20\/aqua-suisse-wird-auf-november-2021-verschoben\/","title":{"rendered":"Premi\u00e8re d'AQUA Suisse"},"content":{"rendered":"<figure id=\"attachment_4359\" aria-describedby=\"caption-attachment-4359\" style=\"width: 680px\" class=\"wp-caption aligncenter\"><img loading=\"lazy\" decoding=\"async\" class=\"size-medium wp-image-4359\" src=\"\/\/www.umweltperspektiven.ch\/wp-content\/uploads\/2021\/06\/Wasser_2-1.jpg\" alt=\"\" width=\"680\" height=\"453\" \/><figcaption id=\"caption-attachment-4359\" class=\"wp-caption-text\">Photo : R. Str\u00e4ssle<\/figcaption><\/figure>\n<p>La plus grande ambition d'Easyfairs est d'organiser un salon prometteur et s\u00fbr pour tous les exposants, partenaires et visiteurs, afin que les objectifs du salon soient atteints dans les meilleures conditions possibles, souligne l'organisateur. C'est la raison pour laquelle il a \u00e9t\u00e9 d\u00e9cid\u00e9 d'organiser le trio de salons AQUA Suisse, maintenance Suisse et Pumps &amp; Valves \u00e0 Zurich les 17 et 18 novembre 2021 plut\u00f4t qu'en ao\u00fbt.<\/p>\n<p>\"En tant qu'organisateurs, nous sommes absolument convaincus qu'une organisation en novembre 2021 est judicieuse et va dans le sens du march\u00e9, sous diff\u00e9rents aspects, mais surtout en vue d'une participation active et insouciante de nos visiteurs professionnels. Il y a actuellement encore trop d'incertitudes et nous nous effor\u00e7ons de trouver la solution la meilleure et la plus judicieuse pour nos communaut\u00e9s\", d\u00e9clare Stefan Voegele, Head of Cluster Switzerland.<\/p>\n<p>Easyfairs souligne que l'objectif est de cr\u00e9er les meilleures conditions possibles pour la r\u00e9ussite de l'\u00e9v\u00e9nement et qu'elle est persuad\u00e9e que les perspectives offertes par le mois de novembre permettront de cr\u00e9er une exp\u00e9rience plus attrayante pour les visiteurs.<\/p>\n<h2><strong>Partenaire de coop\u00e9ration<\/strong><\/h2>\n<p>Pour la date de novembre, l'organisateur aurait en outre r\u00e9ussi \u00e0 s'assurer un partenaire de coop\u00e9ration solide dans l'esprit du march\u00e9 avec le \"Fachtagung Wasser 2021, 23. Lippuner Seminar\" de Uli Lippuner AG. Le \"Colloque Eau 2021\", qui aura pour th\u00e8me l'infrastructure des ouvrages, se d\u00e9roulera parall\u00e8lement \u00e0 AQUA Suisse et PUMPS &amp; VALVES 2021 \u00e0 Zurich, ce qui permettra d'exploiter au mieux les synergies, tant au niveau des groupes cibles de visiteurs qu'au niveau du contenu.<\/p>\n<p>Easyfairs conclut en indiquant que des mesures compl\u00e9mentaires en mati\u00e8re de communication et de contenu, telles que des journ\u00e9es en ligne, des webinaires et des blogs, permettront de cr\u00e9er des valeurs ajout\u00e9es suppl\u00e9mentaires pour la communaut\u00e9 et d'accro\u00eetre encore l'anticipation de l'\u00e9v\u00e9nement en direct \u00e0 Zurich.<\/p>\n<p><a href=\"\/\/www.aqua-suisse-zuerich.ch\/\">www.aqua-suisse-zuerich.ch<\/a><\/p>\n<p><a href=\"\/\/www.pumps-valves.ch\">www.pumps-valves.ch<\/a><\/p>\n<p><a href=\"\/\/www.maintenance-schweiz.ch\">www.maintenance-schweiz.ch<\/a><\/p>\n<p>&nbsp;<\/p>","protected":false},"excerpt":{"rendered":"<p>Es sei das gr\u00f6sste Bestreben von Easyfairs, eine f\u00fcr alle Aussteller, Partner und Besucher aussichtsreiche und sichere Messe zu veranstalten, damit die Messeziele unter m\u00f6glichst optimalen Bedingungen erreicht werden, betont der Veranstalter. Aus diesem Grund habe man sich entschieden, das Messetrio AQUA Suisse, maintenance Schweiz und Pumps &amp; Valves nicht im August, sondern am 17. [&hellip;]<\/p>\n","protected":false},"author":6,"featured_media":9804,"comment_status":"closed","ping_status":"closed","sticky":false,"template":"","format":"standard","meta":{"_acf_changed":false,"_yoast_wpseo_focuskw":"AQUA Suisse","_yoast_wpseo_metadesc":"Das Messetrio AQUA Suisse, maintenance Schweiz und Pumps & Valves findet nicht im August, sondern am 17.\/18. November 2021 statt.","articlekey":"","footnotes":""},"categories":[580],"tags":[719,1010,1661,1959,502],"class_list":["post-4358","post","type-post","status-publish","format-standard","has-post-thumbnail","hentry","category-sustainability","tag-aqua-suisse","tag-easyfairs","tag-maintenance","tag-pumps-valves","tag-veranstaltungen"],"acf":[],"yoast_head":"<!-- This site is optimized with the Yoast SEO plugin v27.5 - https:\/\/yoast.com\/product\/yoast-seo-wordpress\/ -->\n<title>Premiere der AQUA Suisse - Organisator<\/title>\n<meta name=\"description\" content=\"Das Messetrio AQUA Suisse, maintenance Schweiz und Pumps &amp; Valves findet nicht im August, sondern am 17.\/18. November 2021 statt.\" \/>\n<meta name=\"robots\" content=\"index, follow, max-snippet:-1, max-image-preview:large, max-video-preview:-1\" \/>\n<link rel=\"canonical\" href=\"https:\/\/www.organisator.ch\/fr\/sustainability\/2021-07-20\/aqua-suisse-wird-auf-november-2021-verschoben\/\" \/>\n<meta property=\"og:locale\" content=\"fr_FR\" \/>\n<meta property=\"og:type\" content=\"article\" \/>\n<meta property=\"og:title\" content=\"Premiere der AQUA Suisse - Organisator\" \/>\n<meta property=\"og:description\" content=\"Das Messetrio AQUA Suisse, maintenance Schweiz und Pumps &amp; Valves findet nicht im August, sondern am 17.\/18. November 2021 statt.\" \/>\n<meta property=\"og:url\" content=\"https:\/\/www.organisator.ch\/fr\/sustainability\/2021-07-20\/aqua-suisse-wird-auf-november-2021-verschoben\/\" \/>\n<meta property=\"og:site_name\" content=\"Organisator\" \/>\n<meta property=\"article:publisher\" content=\"https:\/\/www.facebook.com\/OrganisatorFachmagazin\" \/>\n<meta property=\"article:published_time\" content=\"2021-07-20T13:46:54+00:00\" \/>\n<meta property=\"article:modified_time\" content=\"2022-02-09T10:10:48+00:00\" \/>\n<meta property=\"og:image\" content=\"https:\/\/www.organisator.ch\/wp-content\/uploads\/2021\/06\/Wasser_2-1-scaled.jpg\" \/>\n\t<meta property=\"og:image:width\" content=\"2560\" \/>\n\t<meta property=\"og:image:height\" content=\"1707\" \/>\n\t<meta property=\"og:image:type\" content=\"image\/jpeg\" \/>\n<meta name=\"author\" content=\"roger.straessle\" \/>\n<meta name=\"twitter:card\" content=\"summary_large_image\" \/>\n<script type=\"application\/ld+json\" class=\"yoast-schema-graph\">{\"@context\":\"https:\\\/\\\/schema.org\",\"@graph\":[{\"@type\":\"Article\",\"@id\":\"https:\\\/\\\/www.organisator.ch\\\/sustainability\\\/2021-07-20\\\/aqua-suisse-wird-auf-november-2021-verschoben\\\/#article\",\"isPartOf\":{\"@id\":\"https:\\\/\\\/www.organisator.ch\\\/sustainability\\\/2021-07-20\\\/aqua-suisse-wird-auf-november-2021-verschoben\\\/\"},\"author\":{\"name\":\"roger.straessle\",\"@id\":\"https:\\\/\\\/www.organisator.ch\\\/#\\\/schema\\\/person\\\/a800b8c54e208b160517a7dcc323161d\"},\"headline\":\"Premiere der AQUA Suisse\",\"datePublished\":\"2021-07-20T13:46:54+00:00\",\"dateModified\":\"2022-02-09T10:10:48+00:00\",\"mainEntityOfPage\":{\"@id\":\"https:\\\/\\\/www.organisator.ch\\\/sustainability\\\/2021-07-20\\\/aqua-suisse-wird-auf-november-2021-verschoben\\\/\"},\"wordCount\":290,\"publisher\":{\"@id\":\"https:\\\/\\\/www.organisator.ch\\\/#organization\"},\"image\":{\"@id\":\"https:\\\/\\\/www.organisator.ch\\\/sustainability\\\/2021-07-20\\\/aqua-suisse-wird-auf-november-2021-verschoben\\\/#primaryimage\"},\"thumbnailUrl\":\"https:\\\/\\\/www.organisator.ch\\\/wp-content\\\/uploads\\\/2021\\\/06\\\/Wasser_2-1-scaled.jpg\",\"keywords\":[\"AQUA Suisse\",\"Easyfairs\",\"maintenance\",\"Pumps &amp; Valves\",\"Veranstaltungen\"],\"articleSection\":[\"SUSTAINABILITY\"],\"inLanguage\":\"fr-FR\"},{\"@type\":\"WebPage\",\"@id\":\"https:\\\/\\\/www.organisator.ch\\\/sustainability\\\/2021-07-20\\\/aqua-suisse-wird-auf-november-2021-verschoben\\\/\",\"url\":\"https:\\\/\\\/www.organisator.ch\\\/sustainability\\\/2021-07-20\\\/aqua-suisse-wird-auf-november-2021-verschoben\\\/\",\"name\":\"Premiere der AQUA Suisse - Organisator\",\"isPartOf\":{\"@id\":\"https:\\\/\\\/www.organisator.ch\\\/#website\"},\"primaryImageOfPage\":{\"@id\":\"https:\\\/\\\/www.organisator.ch\\\/sustainability\\\/2021-07-20\\\/aqua-suisse-wird-auf-november-2021-verschoben\\\/#primaryimage\"},\"image\":{\"@id\":\"https:\\\/\\\/www.organisator.ch\\\/sustainability\\\/2021-07-20\\\/aqua-suisse-wird-auf-november-2021-verschoben\\\/#primaryimage\"},\"thumbnailUrl\":\"https:\\\/\\\/www.organisator.ch\\\/wp-content\\\/uploads\\\/2021\\\/06\\\/Wasser_2-1-scaled.jpg\",\"datePublished\":\"2021-07-20T13:46:54+00:00\",\"dateModified\":\"2022-02-09T10:10:48+00:00\",\"description\":\"Das Messetrio AQUA Suisse, maintenance Schweiz und Pumps & Valves findet nicht im August, sondern am 17.\\\/18. November 2021 statt.\",\"breadcrumb\":{\"@id\":\"https:\\\/\\\/www.organisator.ch\\\/sustainability\\\/2021-07-20\\\/aqua-suisse-wird-auf-november-2021-verschoben\\\/#breadcrumb\"},\"inLanguage\":\"fr-FR\",\"potentialAction\":[{\"@type\":\"ReadAction\",\"target\":[\"https:\\\/\\\/www.organisator.ch\\\/sustainability\\\/2021-07-20\\\/aqua-suisse-wird-auf-november-2021-verschoben\\\/\"]}]},{\"@type\":\"ImageObject\",\"inLanguage\":\"fr-FR\",\"@id\":\"https:\\\/\\\/www.organisator.ch\\\/sustainability\\\/2021-07-20\\\/aqua-suisse-wird-auf-november-2021-verschoben\\\/#primaryimage\",\"url\":\"https:\\\/\\\/www.organisator.ch\\\/wp-content\\\/uploads\\\/2021\\\/06\\\/Wasser_2-1-scaled.jpg\",\"contentUrl\":\"https:\\\/\\\/www.organisator.ch\\\/wp-content\\\/uploads\\\/2021\\\/06\\\/Wasser_2-1-scaled.jpg\",\"width\":2560,\"height\":1707,\"caption\":\"Foto: R. Str\u00e4ssle\"},{\"@type\":\"BreadcrumbList\",\"@id\":\"https:\\\/\\\/www.organisator.ch\\\/sustainability\\\/2021-07-20\\\/aqua-suisse-wird-auf-november-2021-verschoben\\\/#breadcrumb\",\"itemListElement\":[{\"@type\":\"ListItem\",\"position\":1,\"name\":\"Home\",\"item\":\"https:\\\/\\\/www.organisator.ch\\\/\"},{\"@type\":\"ListItem\",\"position\":2,\"name\":\"Premiere der AQUA Suisse\"}]},{\"@type\":\"WebSite\",\"@id\":\"https:\\\/\\\/www.organisator.ch\\\/#website\",\"url\":\"https:\\\/\\\/www.organisator.ch\\\/\",\"name\":\"Organisator\",\"description\":\"Kompetent. Praxisnah. Der ORGANISATOR bereitet in 10 Ausgaben pro Jahr die wesentlichen Themen f\u00fcr F\u00fchrungskr\u00e4fte von KMU auf.\",\"publisher\":{\"@id\":\"https:\\\/\\\/www.organisator.ch\\\/#organization\"},\"potentialAction\":[{\"@type\":\"SearchAction\",\"target\":{\"@type\":\"EntryPoint\",\"urlTemplate\":\"https:\\\/\\\/www.organisator.ch\\\/?s={search_term_string}\"},\"query-input\":{\"@type\":\"PropertyValueSpecification\",\"valueRequired\":true,\"valueName\":\"search_term_string\"}}],\"inLanguage\":\"fr-FR\"},{\"@type\":\"Organization\",\"@id\":\"https:\\\/\\\/www.organisator.ch\\\/#organization\",\"name\":\"Organisator\",\"url\":\"https:\\\/\\\/www.organisator.ch\\\/\",\"logo\":{\"@type\":\"ImageObject\",\"inLanguage\":\"fr-FR\",\"@id\":\"https:\\\/\\\/www.organisator.ch\\\/#\\\/schema\\\/logo\\\/image\\\/\",\"url\":\"https:\\\/\\\/www.organisator.ch\\\/wp-content\\\/uploads\\\/2022\\\/01\\\/Logo_Organisator_Website.png\",\"contentUrl\":\"https:\\\/\\\/www.organisator.ch\\\/wp-content\\\/uploads\\\/2022\\\/01\\\/Logo_Organisator_Website.png\",\"width\":800,\"height\":77,\"caption\":\"Organisator\"},\"image\":{\"@id\":\"https:\\\/\\\/www.organisator.ch\\\/#\\\/schema\\\/logo\\\/image\\\/\"},\"sameAs\":[\"https:\\\/\\\/www.facebook.com\\\/OrganisatorFachmagazin\",\"https:\\\/\\\/www.linkedin.com\\\/showcase\\\/organisator-das-magazin-fr-kmu\",\"https:\\\/\\\/www.xing.com\\\/news\\\/pages\\\/organisator-ch-695\",\"https:\\\/\\\/www.youtube.com\\\/channel\\\/UCGP2Sq0iWaZwT3BdIAQFYpw\"]},{\"@type\":\"Person\",\"@id\":\"https:\\\/\\\/www.organisator.ch\\\/#\\\/schema\\\/person\\\/a800b8c54e208b160517a7dcc323161d\",\"name\":\"roger.straessle\",\"image\":{\"@type\":\"ImageObject\",\"inLanguage\":\"fr-FR\",\"@id\":\"https:\\\/\\\/secure.gravatar.com\\\/avatar\\\/?s=96&d=mm&r=g\",\"url\":\"https:\\\/\\\/secure.gravatar.com\\\/avatar\\\/?s=96&d=mm&r=g\",\"contentUrl\":\"https:\\\/\\\/secure.gravatar.com\\\/avatar\\\/?s=96&d=mm&r=g\",\"caption\":\"roger.straessle\"},\"url\":\"https:\\\/\\\/www.organisator.ch\\\/fr\\\/author\\\/roger-straessle\\\/\"}]}<\/script>\n<!-- \/ Yoast SEO plugin. -->","yoast_head_json":{"title":"Premi\u00e8re d'AQUA Suisse - organisateur","description":"Le trio de salons AQUA Suisse, maintenance Schweiz et Pumps &amp; Valves n'aura pas lieu en ao\u00fbt, mais les 17 et 18 novembre 2021.","robots":{"index":"index","follow":"follow","max-snippet":"max-snippet:-1","max-image-preview":"max-image-preview:large","max-video-preview":"max-video-preview:-1"},"canonical":"https:\/\/www.organisator.ch\/fr\/sustainability\/2021-07-20\/aqua-suisse-wird-auf-november-2021-verschoben\/","og_locale":"fr_FR","og_type":"article","og_title":"Premiere der AQUA Suisse - Organisator","og_description":"Das Messetrio AQUA Suisse, maintenance Schweiz und Pumps & Valves findet nicht im August, sondern am 17.\/18. November 2021 statt.","og_url":"https:\/\/www.organisator.ch\/fr\/sustainability\/2021-07-20\/aqua-suisse-wird-auf-november-2021-verschoben\/","og_site_name":"Organisator","article_publisher":"https:\/\/www.facebook.com\/OrganisatorFachmagazin","article_published_time":"2021-07-20T13:46:54+00:00","article_modified_time":"2022-02-09T10:10:48+00:00","og_image":[{"width":2560,"height":1707,"url":"https:\/\/www.organisator.ch\/wp-content\/uploads\/2021\/06\/Wasser_2-1-scaled.jpg","type":"image\/jpeg"}],"author":"roger.straessle","twitter_card":"summary_large_image","schema":{"@context":"https:\/\/schema.org","@graph":[{"@type":"Article","@id":"https:\/\/www.organisator.ch\/sustainability\/2021-07-20\/aqua-suisse-wird-auf-november-2021-verschoben\/#article","isPartOf":{"@id":"https:\/\/www.organisator.ch\/sustainability\/2021-07-20\/aqua-suisse-wird-auf-november-2021-verschoben\/"},"author":{"name":"roger.straessle","@id":"https:\/\/www.organisator.ch\/#\/schema\/person\/a800b8c54e208b160517a7dcc323161d"},"headline":"Premiere der AQUA Suisse","datePublished":"2021-07-20T13:46:54+00:00","dateModified":"2022-02-09T10:10:48+00:00","mainEntityOfPage":{"@id":"https:\/\/www.organisator.ch\/sustainability\/2021-07-20\/aqua-suisse-wird-auf-november-2021-verschoben\/"},"wordCount":290,"publisher":{"@id":"https:\/\/www.organisator.ch\/#organization"},"image":{"@id":"https:\/\/www.organisator.ch\/sustainability\/2021-07-20\/aqua-suisse-wird-auf-november-2021-verschoben\/#primaryimage"},"thumbnailUrl":"https:\/\/www.organisator.ch\/wp-content\/uploads\/2021\/06\/Wasser_2-1-scaled.jpg","keywords":["AQUA Suisse","Easyfairs","maintenance","Pumps &amp; Valves","Veranstaltungen"],"articleSection":["SUSTAINABILITY"],"inLanguage":"fr-FR"},{"@type":"WebPage","@id":"https:\/\/www.organisator.ch\/sustainability\/2021-07-20\/aqua-suisse-wird-auf-november-2021-verschoben\/","url":"https:\/\/www.organisator.ch\/sustainability\/2021-07-20\/aqua-suisse-wird-auf-november-2021-verschoben\/","name":"Premi\u00e8re d'AQUA Suisse - organisateur","isPartOf":{"@id":"https:\/\/www.organisator.ch\/#website"},"primaryImageOfPage":{"@id":"https:\/\/www.organisator.ch\/sustainability\/2021-07-20\/aqua-suisse-wird-auf-november-2021-verschoben\/#primaryimage"},"image":{"@id":"https:\/\/www.organisator.ch\/sustainability\/2021-07-20\/aqua-suisse-wird-auf-november-2021-verschoben\/#primaryimage"},"thumbnailUrl":"https:\/\/www.organisator.ch\/wp-content\/uploads\/2021\/06\/Wasser_2-1-scaled.jpg","datePublished":"2021-07-20T13:46:54+00:00","dateModified":"2022-02-09T10:10:48+00:00","description":"Le trio de salons AQUA Suisse, maintenance Schweiz et Pumps &amp; Valves n'aura pas lieu en ao\u00fbt, mais les 17 et 18 novembre 2021.","breadcrumb":{"@id":"https:\/\/www.organisator.ch\/sustainability\/2021-07-20\/aqua-suisse-wird-auf-november-2021-verschoben\/#breadcrumb"},"inLanguage":"fr-FR","potentialAction":[{"@type":"ReadAction","target":["https:\/\/www.organisator.ch\/sustainability\/2021-07-20\/aqua-suisse-wird-auf-november-2021-verschoben\/"]}]},{"@type":"ImageObject","inLanguage":"fr-FR","@id":"https:\/\/www.organisator.ch\/sustainability\/2021-07-20\/aqua-suisse-wird-auf-november-2021-verschoben\/#primaryimage","url":"https:\/\/www.organisator.ch\/wp-content\/uploads\/2021\/06\/Wasser_2-1-scaled.jpg","contentUrl":"https:\/\/www.organisator.ch\/wp-content\/uploads\/2021\/06\/Wasser_2-1-scaled.jpg","width":2560,"height":1707,"caption":"Foto: R. Str\u00e4ssle"},{"@type":"BreadcrumbList","@id":"https:\/\/www.organisator.ch\/sustainability\/2021-07-20\/aqua-suisse-wird-auf-november-2021-verschoben\/#breadcrumb","itemListElement":[{"@type":"ListItem","position":1,"name":"Home","item":"https:\/\/www.organisator.ch\/"},{"@type":"ListItem","position":2,"name":"Premiere der AQUA Suisse"}]},{"@type":"WebSite","@id":"https:\/\/www.organisator.ch\/#website","url":"https:\/\/www.organisator.ch\/","name":"Organisateur","description":"Comp\u00e9tence et comp\u00e9tence. Proches de la pratique. L'ORGANISATEUR pr\u00e9pare 10 num\u00e9ros par an sur les th\u00e8mes essentiels pour les dirigeants de PME.","publisher":{"@id":"https:\/\/www.organisator.ch\/#organization"},"potentialAction":[{"@type":"SearchAction","target":{"@type":"EntryPoint","urlTemplate":"https:\/\/www.organisator.ch\/?s={search_term_string}"},"query-input":{"@type":"PropertyValueSpecification","valueRequired":true,"valueName":"search_term_string"}}],"inLanguage":"fr-FR"},{"@type":"Organization","@id":"https:\/\/www.organisator.ch\/#organization","name":"Organisateur","url":"https:\/\/www.organisator.ch\/","logo":{"@type":"ImageObject","inLanguage":"fr-FR","@id":"https:\/\/www.organisator.ch\/#\/schema\/logo\/image\/","url":"https:\/\/www.organisator.ch\/wp-content\/uploads\/2022\/01\/Logo_Organisator_Website.png","contentUrl":"https:\/\/www.organisator.ch\/wp-content\/uploads\/2022\/01\/Logo_Organisator_Website.png","width":800,"height":77,"caption":"Organisator"},"image":{"@id":"https:\/\/www.organisator.ch\/#\/schema\/logo\/image\/"},"sameAs":["https:\/\/www.facebook.com\/OrganisatorFachmagazin","https:\/\/www.linkedin.com\/showcase\/organisator-das-magazin-fr-kmu","https:\/\/www.xing.com\/news\/pages\/organisator-ch-695","https:\/\/www.youtube.com\/channel\/UCGP2Sq0iWaZwT3BdIAQFYpw"]},{"@type":"Person","@id":"https:\/\/www.organisator.ch\/#\/schema\/person\/a800b8c54e208b160517a7dcc323161d","name":"roger.straessle","image":{"@type":"ImageObject","inLanguage":"fr-FR","@id":"https:\/\/secure.gravatar.com\/avatar\/?s=96&d=mm&r=g","url":"https:\/\/secure.gravatar.com\/avatar\/?s=96&d=mm&r=g","contentUrl":"https:\/\/secure.gravatar.com\/avatar\/?s=96&d=mm&r=g","caption":"roger.straessle"},"url":"https:\/\/www.organisator.ch\/fr\/author\/roger-straessle\/"}]}},"_links":{"self":[{"href":"https:\/\/www.organisator.ch\/fr\/wp-json\/wp\/v2\/posts\/4358","targetHints":{"allow":["GET"]}}],"collection":[{"href":"https:\/\/www.organisator.ch\/fr\/wp-json\/wp\/v2\/posts"}],"about":[{"href":"https:\/\/www.organisator.ch\/fr\/wp-json\/wp\/v2\/types\/post"}],"author":[{"embeddable":true,"href":"https:\/\/www.organisator.ch\/fr\/wp-json\/wp\/v2\/users\/6"}],"replies":[{"embeddable":true,"href":"https:\/\/www.organisator.ch\/fr\/wp-json\/wp\/v2\/comments?post=4358"}],"version-history":[{"count":1,"href":"https:\/\/www.organisator.ch\/fr\/wp-json\/wp\/v2\/posts\/4358\/revisions"}],"predecessor-version":[{"id":10986,"href":"https:\/\/www.organisator.ch\/fr\/wp-json\/wp\/v2\/posts\/4358\/revisions\/10986"}],"wp:featuredmedia":[{"embeddable":true,"href":"https:\/\/www.organisator.ch\/fr\/wp-json\/wp\/v2\/media\/9804"}],"wp:attachment":[{"href":"https:\/\/www.organisator.ch\/fr\/wp-json\/wp\/v2\/media?parent=4358"}],"wp:term":[{"taxonomy":"category","embeddable":true,"href":"https:\/\/www.organisator.ch\/fr\/wp-json\/wp\/v2\/categories?post=4358"},{"taxonomy":"post_tag","embeddable":true,"href":"https:\/\/www.organisator.ch\/fr\/wp-json\/wp\/v2\/tags?post=4358"}],"curies":[{"name":"wp","href":"https:\/\/api.w.org\/{rel}","templated":true}]}}