{"id":43666,"date":"2026-01-23T14:34:50","date_gmt":"2026-01-23T13:34:50","guid":{"rendered":"https:\/\/www.m-q.ch\/?p=22365"},"modified":"2026-01-23T16:14:18","modified_gmt":"2026-01-23T15:14:18","slug":"fuenf-tipps-fuer-mehr-datenschutz-im-alltag","status":"publish","type":"post","link":"https:\/\/www.organisator.ch\/fr\/operational-excellence\/2026-01-23\/fuenf-tipps-fuer-mehr-datenschutz-im-alltag\/","title":{"rendered":"Cinq conseils pour une meilleure protection des donn\u00e9es au quotidien"},"content":{"rendered":"<figure id=\"attachment_22366\" class=\"wp-caption alignnone\" style=\"width: 680px;\" aria-describedby=\"caption-attachment-22366\"><img class=\"size-full wp-image-22366\" src=\"https:\/\/www.m-q.ch\/wp-content\/uploads\/2026\/01\/Fuenf-Tipps-fuer-mehr-Datenschutz-im-Alltag_MQ.jpg\" sizes=\"(max-width: 680px) 100vw, 680px\" srcset=\"https:\/\/www.m-q.ch\/wp-content\/uploads\/2026\/01\/Fuenf-Tipps-fuer-mehr-Datenschutz-im-Alltag_MQ.jpg 680w, https:\/\/www.m-q.ch\/wp-content\/uploads\/2026\/01\/Fuenf-Tipps-fuer-mehr-Datenschutz-im-Alltag_MQ-15x12.jpg 15w, https:\/\/www.m-q.ch\/wp-content\/uploads\/2026\/01\/Fuenf-Tipps-fuer-mehr-Datenschutz-im-Alltag_MQ-373x300.jpg 373w, https:\/\/www.m-q.ch\/wp-content\/uploads\/2026\/01\/Fuenf-Tipps-fuer-mehr-Datenschutz-im-Alltag_MQ-435x350.jpg 435w\" alt=\"\" width=\"680\" height=\"547\" \/>\r\n<figcaption id=\"caption-attachment-22366\" class=\"wp-caption-text\">Chester Wisniewski, directeur mondial de la technologie de terrain chez Sophos. (Image : Sophos)<\/figcaption>\r\n<\/figure>\r\n<p>La Journ\u00e9e europ\u00e9enne de la protection des donn\u00e9es, le 28 janvier, rappelle depuis 1981 l'importance de la protection des donn\u00e9es. Chester Wisniewski de Sophos profite de l'occasion pour lancer un appel : \u00abLa Journ\u00e9e de la protection des donn\u00e9es doit nous rappeler l'importance du chiffrement pour prot\u00e9ger nos donn\u00e9es contre l'espionnage ind\u00e9sirable et les atteintes \u00e0 la vie priv\u00e9e\u00bb. Depuis les r\u00e9v\u00e9lations de la NSA par Edward Snowden il y a pr\u00e8s de 13 ans, on se bat toujours pour que le chiffrement de bout en bout soit respect\u00e9, la derni\u00e8re fois lors de la dispute sur le contr\u00f4le du chat.<\/p>\r\n<p>Les backdoors et les droits d'acc\u00e8s excessifs posent probl\u00e8me. De nombreuses entreprises technologiques am\u00e9ricaines ont \u00e9t\u00e9 tromp\u00e9es par des cybercriminels comme LAPSUS$ et Scattered Spider, qui se sont fait passer pour des autorit\u00e9s de poursuite p\u00e9nale afin d'obtenir un \u00abacc\u00e8s l\u00e9gitime\u00bb \u00e0 des donn\u00e9es personnelles. Le cryptage permet de partager exactement ce que l'on veut, quand on veut et avec qui. Si l'utilisateur a le contr\u00f4le, il peut partager des donn\u00e9es en toute s\u00e9curit\u00e9 et avec son consentement.<\/p>\r\n<h3>Choisir des mots de passe appropri\u00e9s<\/h3>\r\n<p>L'expert de Sophos recommande tout d'abord de remplacer les anciens mots de passe par de nouveaux, de pr\u00e9f\u00e9rence avec une authentification \u00e0 deux facteurs (2FA). Comme il s'agit la plupart du temps de nombreux acc\u00e8s avec chacun son propre mot de passe, un gestionnaire de mots de passe serait un bon support pour cr\u00e9er et g\u00e9rer toutes les donn\u00e9es d'acc\u00e8s. Ils prot\u00e8gent \u00e9galement contre les sites web falsifi\u00e9s, car ils les reconnaissent et ne r\u00e9v\u00e8lent aucun mot de passe en cas de doute. Le syst\u00e8me 2FA ne pose gu\u00e8re de probl\u00e8me, mais constitue un obstacle plus important pour les fraudeurs.<\/p>\r\n<h3>V\u00e9rifier les param\u00e8tres de protection des donn\u00e9es<\/h3>\r\n<p>La plupart des syst\u00e8mes d'exploitation, des applications et des comptes en ligne permettent \u00e0 l'utilisateur de d\u00e9cider lui-m\u00eame de la quantit\u00e9 de donn\u00e9es qu'il souhaite divulguer. Chaque application sur le smartphone peut-elle conna\u00eetre la position actuelle ? Veut-on rester connect\u00e9 \u00e0 son compte en ligne pr\u00e9f\u00e9r\u00e9 pour des raisons de commodit\u00e9 ? L'application a-t-elle l'autorisation de publier des messages au nom de l'utilisateur dans ses m\u00e9dias sociaux ? Comme il n'existe pas de fonction de r\u00e9glage g\u00e9n\u00e9rale pour toutes les applications, la seule chose \u00e0 faire est de v\u00e9rifier chaque compte et de d\u00e9cider individuellement de ce que l'on autorise ou non.<\/p>\r\n<h3>Ne rien partager sans autorisation<\/h3>\r\n<p>Cette r\u00e8gle devrait s'appliquer \u00e0 tous les utilisateurs de m\u00e9dias sociaux : Avant de publier une photo avec d'autres personnes dessus, il faut d'abord s'assurer que c'est bien le cas. Les informations qu'elle contient pourraient non seulement influencer les relations avec les membres de la famille et les employeurs, mais aussi r\u00e9v\u00e9ler par inadvertance \u00e0 des cybercriminels des \u00e9l\u00e9ments tels que le lieu de r\u00e9sidence, l'anniversaire, les vacances, qu'ils pourraient utiliser contre vous - maintenant ou longtemps apr\u00e8s.<\/p>\r\n<h3>Attention particuli\u00e8re au travail<\/h3>\r\n<p>Au niveau de l'entreprise, cette r\u00e8gle est encore plus stricte : La transmission de donn\u00e9es d'entreprise, qu'il s'agisse de donn\u00e9es internes, de clients ou de fournisseurs, peut non seulement pr\u00e9senter un grand int\u00e9r\u00eat pour les cybercriminels, mais aussi avoir des cons\u00e9quences juridiques pour l'entreprise et le propre poste de travail.<\/p>\r\n<h3>Conna\u00eetre ses propres limites<\/h3>\r\n<p>Quelle est la valeur de mes propres donn\u00e9es ? Cette attitude individuelle permet de d\u00e9cider clairement de chaque demande d'informations personnelles. Les \u00e9conomies de co\u00fbts, les informations, le confort, mais aussi les garanties contractuelles ou juridiques n\u00e9cessitent parfois plus de donn\u00e9es, parfois moins. C'est \u00e0 l'utilisateur lui-m\u00eame de poser la question et de dire non en cas de doute.<\/p>\r\n<p>Le 28 janvier comm\u00e9more la Convention europ\u00e9enne sur la protection des donn\u00e9es de 1981, premier accord intergouvernemental juridiquement contraignant en mati\u00e8re de protection des donn\u00e9es et outil international pour la protection des donn\u00e9es \u00e0 caract\u00e8re personnel.<\/p>\r\n<p><em>Source : <a href=\"https:\/\/www.sophos.com\/de-de\">Sophos<\/a><\/em><\/p>\n<p class=\"syndicated-attribution\">Cet article est paru initialement sur m-q.ch - <a href=\"https:\/\/www.m-q.ch\/de\/fuenf-tipps-fuer-mehr-datenschutz-im-alltag\/\" target=\"_blank\">https:\/\/www.m-q.ch\/de\/fuenf-tipps-fuer-mehr-datenschutz-im-alltag\/<\/a><\/p>","protected":false},"excerpt":{"rendered":"<p>Le 28 janvier 2026 aura lieu la Journ\u00e9e europ\u00e9enne de la protection des donn\u00e9es. Chester Wisniewski, directeur mondial de la technologie de terrain chez Sophos, donne cinq conseils pratiques pour am\u00e9liorer la s\u00e9curit\u00e9 des donn\u00e9es. Au centre, un appel \u00e0 ce que chaque individu puisse garder le contr\u00f4le de ses donn\u00e9es personnelles.<\/p>","protected":false},"author":8,"featured_media":0,"comment_status":"closed","ping_status":"closed","sticky":false,"template":"","format":"standard","meta":{"_acf_changed":false,"_yoast_wpseo_focuskw":"Datenschutz im Alltag","_yoast_wpseo_metadesc":"Am 28. Januar 2026 findet der Europ\u00e4ische Datenschutztag statt. Doch wie gestaltet sich Datenschutz im Alltag? F\u00fcnf Tipps dazu.","articlekey":"","footnotes":""},"categories":[582],"tags":[608,146,418,4214],"class_list":["post-43666","post","type-post","status-publish","format-standard","hentry","category-operational-excellence","tag-cybersicherheit","tag-datenschutz","tag-risikomanagement","tag-tipps"],"acf":[],"yoast_head":"<!-- This site is optimized with the Yoast SEO plugin v27.5 - https:\/\/yoast.com\/product\/yoast-seo-wordpress\/ -->\n<title>F\u00fcnf Tipps f\u00fcr mehr Datenschutz im Alltag - Organisator<\/title>\n<meta name=\"description\" content=\"Am 28. Januar 2026 findet der Europ\u00e4ische Datenschutztag statt. Doch wie gestaltet sich Datenschutz im Alltag? F\u00fcnf Tipps dazu.\" \/>\n<meta name=\"robots\" content=\"index, follow, max-snippet:-1, max-image-preview:large, max-video-preview:-1\" \/>\n<link rel=\"canonical\" href=\"https:\/\/www.organisator.ch\/fr\/excellence-operationnelle\/2026-01-23\/fuenf-tipps-fuer-mehr-datenschutz-im-alltag\/\" \/>\n<meta property=\"og:locale\" content=\"fr_FR\" \/>\n<meta property=\"og:type\" content=\"article\" \/>\n<meta property=\"og:title\" content=\"F\u00fcnf Tipps f\u00fcr mehr Datenschutz im Alltag - Organisator\" \/>\n<meta property=\"og:description\" content=\"Am 28. Januar 2026 findet der Europ\u00e4ische Datenschutztag statt. Doch wie gestaltet sich Datenschutz im Alltag? F\u00fcnf Tipps dazu.\" \/>\n<meta property=\"og:url\" content=\"https:\/\/www.organisator.ch\/fr\/excellence-operationnelle\/2026-01-23\/fuenf-tipps-fuer-mehr-datenschutz-im-alltag\/\" \/>\n<meta property=\"og:site_name\" content=\"Organisator\" \/>\n<meta property=\"article:publisher\" content=\"https:\/\/www.facebook.com\/OrganisatorFachmagazin\" \/>\n<meta property=\"article:published_time\" content=\"2026-01-23T13:34:50+00:00\" \/>\n<meta property=\"article:modified_time\" content=\"2026-01-23T15:14:18+00:00\" \/>\n<meta name=\"author\" content=\"galledia\" \/>\n<meta name=\"twitter:card\" content=\"summary_large_image\" \/>\n<meta name=\"twitter:creator\" content=\"@admin\" \/>\n<script type=\"application\/ld+json\" class=\"yoast-schema-graph\">{\"@context\":\"https:\\\/\\\/schema.org\",\"@graph\":[{\"@type\":\"Article\",\"@id\":\"https:\\\/\\\/www.organisator.ch\\\/operational-excellence\\\/2026-01-23\\\/fuenf-tipps-fuer-mehr-datenschutz-im-alltag\\\/#article\",\"isPartOf\":{\"@id\":\"https:\\\/\\\/www.organisator.ch\\\/operational-excellence\\\/2026-01-23\\\/fuenf-tipps-fuer-mehr-datenschutz-im-alltag\\\/\"},\"author\":{\"name\":\"galledia\",\"@id\":\"https:\\\/\\\/www.organisator.ch\\\/#\\\/schema\\\/person\\\/4e51799071cd2dd1232ac003643ef5f0\"},\"headline\":\"F\u00fcnf Tipps f\u00fcr mehr Datenschutz im Alltag\",\"datePublished\":\"2026-01-23T13:34:50+00:00\",\"dateModified\":\"2026-01-23T15:14:18+00:00\",\"mainEntityOfPage\":{\"@id\":\"https:\\\/\\\/www.organisator.ch\\\/operational-excellence\\\/2026-01-23\\\/fuenf-tipps-fuer-mehr-datenschutz-im-alltag\\\/\"},\"wordCount\":535,\"publisher\":{\"@id\":\"https:\\\/\\\/www.organisator.ch\\\/#organization\"},\"image\":{\"@id\":\"https:\\\/\\\/www.organisator.ch\\\/operational-excellence\\\/2026-01-23\\\/fuenf-tipps-fuer-mehr-datenschutz-im-alltag\\\/#primaryimage\"},\"thumbnailUrl\":\"https:\\\/\\\/www.m-q.ch\\\/wp-content\\\/uploads\\\/2026\\\/01\\\/Fuenf-Tipps-fuer-mehr-Datenschutz-im-Alltag_MQ.jpg\",\"keywords\":[\"Cybersicherheit\",\"Datenschutz\",\"Risikomanagement\",\"Tipps\"],\"articleSection\":[\"OPERATIONAL EXCELLENCE\"],\"inLanguage\":\"fr-FR\"},{\"@type\":\"WebPage\",\"@id\":\"https:\\\/\\\/www.organisator.ch\\\/operational-excellence\\\/2026-01-23\\\/fuenf-tipps-fuer-mehr-datenschutz-im-alltag\\\/\",\"url\":\"https:\\\/\\\/www.organisator.ch\\\/operational-excellence\\\/2026-01-23\\\/fuenf-tipps-fuer-mehr-datenschutz-im-alltag\\\/\",\"name\":\"F\u00fcnf Tipps f\u00fcr mehr Datenschutz im Alltag - Organisator\",\"isPartOf\":{\"@id\":\"https:\\\/\\\/www.organisator.ch\\\/#website\"},\"primaryImageOfPage\":{\"@id\":\"https:\\\/\\\/www.organisator.ch\\\/operational-excellence\\\/2026-01-23\\\/fuenf-tipps-fuer-mehr-datenschutz-im-alltag\\\/#primaryimage\"},\"image\":{\"@id\":\"https:\\\/\\\/www.organisator.ch\\\/operational-excellence\\\/2026-01-23\\\/fuenf-tipps-fuer-mehr-datenschutz-im-alltag\\\/#primaryimage\"},\"thumbnailUrl\":\"https:\\\/\\\/www.m-q.ch\\\/wp-content\\\/uploads\\\/2026\\\/01\\\/Fuenf-Tipps-fuer-mehr-Datenschutz-im-Alltag_MQ.jpg\",\"datePublished\":\"2026-01-23T13:34:50+00:00\",\"dateModified\":\"2026-01-23T15:14:18+00:00\",\"description\":\"Am 28. Januar 2026 findet der Europ\u00e4ische Datenschutztag statt. Doch wie gestaltet sich Datenschutz im Alltag? F\u00fcnf Tipps dazu.\",\"breadcrumb\":{\"@id\":\"https:\\\/\\\/www.organisator.ch\\\/operational-excellence\\\/2026-01-23\\\/fuenf-tipps-fuer-mehr-datenschutz-im-alltag\\\/#breadcrumb\"},\"inLanguage\":\"fr-FR\",\"potentialAction\":[{\"@type\":\"ReadAction\",\"target\":[\"https:\\\/\\\/www.organisator.ch\\\/operational-excellence\\\/2026-01-23\\\/fuenf-tipps-fuer-mehr-datenschutz-im-alltag\\\/\"]}]},{\"@type\":\"ImageObject\",\"inLanguage\":\"fr-FR\",\"@id\":\"https:\\\/\\\/www.organisator.ch\\\/operational-excellence\\\/2026-01-23\\\/fuenf-tipps-fuer-mehr-datenschutz-im-alltag\\\/#primaryimage\",\"url\":\"https:\\\/\\\/www.m-q.ch\\\/wp-content\\\/uploads\\\/2026\\\/01\\\/Fuenf-Tipps-fuer-mehr-Datenschutz-im-Alltag_MQ.jpg\",\"contentUrl\":\"https:\\\/\\\/www.m-q.ch\\\/wp-content\\\/uploads\\\/2026\\\/01\\\/Fuenf-Tipps-fuer-mehr-Datenschutz-im-Alltag_MQ.jpg\"},{\"@type\":\"BreadcrumbList\",\"@id\":\"https:\\\/\\\/www.organisator.ch\\\/operational-excellence\\\/2026-01-23\\\/fuenf-tipps-fuer-mehr-datenschutz-im-alltag\\\/#breadcrumb\",\"itemListElement\":[{\"@type\":\"ListItem\",\"position\":1,\"name\":\"Home\",\"item\":\"https:\\\/\\\/www.organisator.ch\\\/\"},{\"@type\":\"ListItem\",\"position\":2,\"name\":\"F\u00fcnf Tipps f\u00fcr mehr Datenschutz im Alltag\"}]},{\"@type\":\"WebSite\",\"@id\":\"https:\\\/\\\/www.organisator.ch\\\/#website\",\"url\":\"https:\\\/\\\/www.organisator.ch\\\/\",\"name\":\"Organisator\",\"description\":\"Kompetent. Praxisnah. Der ORGANISATOR bereitet in 10 Ausgaben pro Jahr die wesentlichen Themen f\u00fcr F\u00fchrungskr\u00e4fte von KMU auf.\",\"publisher\":{\"@id\":\"https:\\\/\\\/www.organisator.ch\\\/#organization\"},\"potentialAction\":[{\"@type\":\"SearchAction\",\"target\":{\"@type\":\"EntryPoint\",\"urlTemplate\":\"https:\\\/\\\/www.organisator.ch\\\/?s={search_term_string}\"},\"query-input\":{\"@type\":\"PropertyValueSpecification\",\"valueRequired\":true,\"valueName\":\"search_term_string\"}}],\"inLanguage\":\"fr-FR\"},{\"@type\":\"Organization\",\"@id\":\"https:\\\/\\\/www.organisator.ch\\\/#organization\",\"name\":\"Organisator\",\"url\":\"https:\\\/\\\/www.organisator.ch\\\/\",\"logo\":{\"@type\":\"ImageObject\",\"inLanguage\":\"fr-FR\",\"@id\":\"https:\\\/\\\/www.organisator.ch\\\/#\\\/schema\\\/logo\\\/image\\\/\",\"url\":\"https:\\\/\\\/www.organisator.ch\\\/wp-content\\\/uploads\\\/2022\\\/01\\\/Logo_Organisator_Website.png\",\"contentUrl\":\"https:\\\/\\\/www.organisator.ch\\\/wp-content\\\/uploads\\\/2022\\\/01\\\/Logo_Organisator_Website.png\",\"width\":800,\"height\":77,\"caption\":\"Organisator\"},\"image\":{\"@id\":\"https:\\\/\\\/www.organisator.ch\\\/#\\\/schema\\\/logo\\\/image\\\/\"},\"sameAs\":[\"https:\\\/\\\/www.facebook.com\\\/OrganisatorFachmagazin\",\"https:\\\/\\\/www.linkedin.com\\\/showcase\\\/organisator-das-magazin-fr-kmu\",\"https:\\\/\\\/www.xing.com\\\/news\\\/pages\\\/organisator-ch-695\",\"https:\\\/\\\/www.youtube.com\\\/channel\\\/UCGP2Sq0iWaZwT3BdIAQFYpw\"]},{\"@type\":\"Person\",\"@id\":\"https:\\\/\\\/www.organisator.ch\\\/#\\\/schema\\\/person\\\/4e51799071cd2dd1232ac003643ef5f0\",\"name\":\"galledia\",\"image\":{\"@type\":\"ImageObject\",\"inLanguage\":\"fr-FR\",\"@id\":\"https:\\\/\\\/secure.gravatar.com\\\/avatar\\\/78a7f90c01fc2bfc875782a0d4922b37cde2cf184ce347b91316d23cd7f69a36?s=96&d=mm&r=g\",\"url\":\"https:\\\/\\\/secure.gravatar.com\\\/avatar\\\/78a7f90c01fc2bfc875782a0d4922b37cde2cf184ce347b91316d23cd7f69a36?s=96&d=mm&r=g\",\"contentUrl\":\"https:\\\/\\\/secure.gravatar.com\\\/avatar\\\/78a7f90c01fc2bfc875782a0d4922b37cde2cf184ce347b91316d23cd7f69a36?s=96&d=mm&r=g\",\"caption\":\"galledia\"},\"sameAs\":[\"https:\\\/\\\/x.com\\\/admin\"],\"url\":\"https:\\\/\\\/www.organisator.ch\\\/fr\\\/author\\\/galledia\\\/\"}]}<\/script>\n<!-- \/ Yoast SEO plugin. -->","yoast_head_json":{"title":"Cinq conseils pour une meilleure protection des donn\u00e9es au quotidien - Organisateur","description":"La Journ\u00e9e europ\u00e9enne de la protection des donn\u00e9es aura lieu le 28 janvier 2026. Mais comment la protection des donn\u00e9es s'organise-t-elle au quotidien ? Cinq conseils \u00e0 ce sujet.","robots":{"index":"index","follow":"follow","max-snippet":"max-snippet:-1","max-image-preview":"max-image-preview:large","max-video-preview":"max-video-preview:-1"},"canonical":"https:\/\/www.organisator.ch\/fr\/excellence-operationnelle\/2026-01-23\/fuenf-tipps-fuer-mehr-datenschutz-im-alltag\/","og_locale":"fr_FR","og_type":"article","og_title":"F\u00fcnf Tipps f\u00fcr mehr Datenschutz im Alltag - Organisator","og_description":"Am 28. Januar 2026 findet der Europ\u00e4ische Datenschutztag statt. Doch wie gestaltet sich Datenschutz im Alltag? F\u00fcnf Tipps dazu.","og_url":"https:\/\/www.organisator.ch\/fr\/excellence-operationnelle\/2026-01-23\/fuenf-tipps-fuer-mehr-datenschutz-im-alltag\/","og_site_name":"Organisator","article_publisher":"https:\/\/www.facebook.com\/OrganisatorFachmagazin","article_published_time":"2026-01-23T13:34:50+00:00","article_modified_time":"2026-01-23T15:14:18+00:00","author":"galledia","twitter_card":"summary_large_image","twitter_creator":"@admin","schema":{"@context":"https:\/\/schema.org","@graph":[{"@type":"Article","@id":"https:\/\/www.organisator.ch\/operational-excellence\/2026-01-23\/fuenf-tipps-fuer-mehr-datenschutz-im-alltag\/#article","isPartOf":{"@id":"https:\/\/www.organisator.ch\/operational-excellence\/2026-01-23\/fuenf-tipps-fuer-mehr-datenschutz-im-alltag\/"},"author":{"name":"galledia","@id":"https:\/\/www.organisator.ch\/#\/schema\/person\/4e51799071cd2dd1232ac003643ef5f0"},"headline":"F\u00fcnf Tipps f\u00fcr mehr Datenschutz im Alltag","datePublished":"2026-01-23T13:34:50+00:00","dateModified":"2026-01-23T15:14:18+00:00","mainEntityOfPage":{"@id":"https:\/\/www.organisator.ch\/operational-excellence\/2026-01-23\/fuenf-tipps-fuer-mehr-datenschutz-im-alltag\/"},"wordCount":535,"publisher":{"@id":"https:\/\/www.organisator.ch\/#organization"},"image":{"@id":"https:\/\/www.organisator.ch\/operational-excellence\/2026-01-23\/fuenf-tipps-fuer-mehr-datenschutz-im-alltag\/#primaryimage"},"thumbnailUrl":"https:\/\/www.m-q.ch\/wp-content\/uploads\/2026\/01\/Fuenf-Tipps-fuer-mehr-Datenschutz-im-Alltag_MQ.jpg","keywords":["Cybersicherheit","Datenschutz","Risikomanagement","Tipps"],"articleSection":["OPERATIONAL EXCELLENCE"],"inLanguage":"fr-FR"},{"@type":"WebPage","@id":"https:\/\/www.organisator.ch\/operational-excellence\/2026-01-23\/fuenf-tipps-fuer-mehr-datenschutz-im-alltag\/","url":"https:\/\/www.organisator.ch\/operational-excellence\/2026-01-23\/fuenf-tipps-fuer-mehr-datenschutz-im-alltag\/","name":"Cinq conseils pour une meilleure protection des donn\u00e9es au quotidien - Organisateur","isPartOf":{"@id":"https:\/\/www.organisator.ch\/#website"},"primaryImageOfPage":{"@id":"https:\/\/www.organisator.ch\/operational-excellence\/2026-01-23\/fuenf-tipps-fuer-mehr-datenschutz-im-alltag\/#primaryimage"},"image":{"@id":"https:\/\/www.organisator.ch\/operational-excellence\/2026-01-23\/fuenf-tipps-fuer-mehr-datenschutz-im-alltag\/#primaryimage"},"thumbnailUrl":"https:\/\/www.m-q.ch\/wp-content\/uploads\/2026\/01\/Fuenf-Tipps-fuer-mehr-Datenschutz-im-Alltag_MQ.jpg","datePublished":"2026-01-23T13:34:50+00:00","dateModified":"2026-01-23T15:14:18+00:00","description":"La Journ\u00e9e europ\u00e9enne de la protection des donn\u00e9es aura lieu le 28 janvier 2026. Mais comment la protection des donn\u00e9es s'organise-t-elle au quotidien ? Cinq conseils \u00e0 ce sujet.","breadcrumb":{"@id":"https:\/\/www.organisator.ch\/operational-excellence\/2026-01-23\/fuenf-tipps-fuer-mehr-datenschutz-im-alltag\/#breadcrumb"},"inLanguage":"fr-FR","potentialAction":[{"@type":"ReadAction","target":["https:\/\/www.organisator.ch\/operational-excellence\/2026-01-23\/fuenf-tipps-fuer-mehr-datenschutz-im-alltag\/"]}]},{"@type":"ImageObject","inLanguage":"fr-FR","@id":"https:\/\/www.organisator.ch\/operational-excellence\/2026-01-23\/fuenf-tipps-fuer-mehr-datenschutz-im-alltag\/#primaryimage","url":"https:\/\/www.m-q.ch\/wp-content\/uploads\/2026\/01\/Fuenf-Tipps-fuer-mehr-Datenschutz-im-Alltag_MQ.jpg","contentUrl":"https:\/\/www.m-q.ch\/wp-content\/uploads\/2026\/01\/Fuenf-Tipps-fuer-mehr-Datenschutz-im-Alltag_MQ.jpg"},{"@type":"BreadcrumbList","@id":"https:\/\/www.organisator.ch\/operational-excellence\/2026-01-23\/fuenf-tipps-fuer-mehr-datenschutz-im-alltag\/#breadcrumb","itemListElement":[{"@type":"ListItem","position":1,"name":"Home","item":"https:\/\/www.organisator.ch\/"},{"@type":"ListItem","position":2,"name":"F\u00fcnf Tipps f\u00fcr mehr Datenschutz im Alltag"}]},{"@type":"WebSite","@id":"https:\/\/www.organisator.ch\/#website","url":"https:\/\/www.organisator.ch\/","name":"Organisateur","description":"Comp\u00e9tence et comp\u00e9tence. Proches de la pratique. L'ORGANISATEUR pr\u00e9pare 10 num\u00e9ros par an sur les th\u00e8mes essentiels pour les dirigeants de PME.","publisher":{"@id":"https:\/\/www.organisator.ch\/#organization"},"potentialAction":[{"@type":"SearchAction","target":{"@type":"EntryPoint","urlTemplate":"https:\/\/www.organisator.ch\/?s={search_term_string}"},"query-input":{"@type":"PropertyValueSpecification","valueRequired":true,"valueName":"search_term_string"}}],"inLanguage":"fr-FR"},{"@type":"Organization","@id":"https:\/\/www.organisator.ch\/#organization","name":"Organisateur","url":"https:\/\/www.organisator.ch\/","logo":{"@type":"ImageObject","inLanguage":"fr-FR","@id":"https:\/\/www.organisator.ch\/#\/schema\/logo\/image\/","url":"https:\/\/www.organisator.ch\/wp-content\/uploads\/2022\/01\/Logo_Organisator_Website.png","contentUrl":"https:\/\/www.organisator.ch\/wp-content\/uploads\/2022\/01\/Logo_Organisator_Website.png","width":800,"height":77,"caption":"Organisator"},"image":{"@id":"https:\/\/www.organisator.ch\/#\/schema\/logo\/image\/"},"sameAs":["https:\/\/www.facebook.com\/OrganisatorFachmagazin","https:\/\/www.linkedin.com\/showcase\/organisator-das-magazin-fr-kmu","https:\/\/www.xing.com\/news\/pages\/organisator-ch-695","https:\/\/www.youtube.com\/channel\/UCGP2Sq0iWaZwT3BdIAQFYpw"]},{"@type":"Person","@id":"https:\/\/www.organisator.ch\/#\/schema\/person\/4e51799071cd2dd1232ac003643ef5f0","name":"galledia","image":{"@type":"ImageObject","inLanguage":"fr-FR","@id":"https:\/\/secure.gravatar.com\/avatar\/78a7f90c01fc2bfc875782a0d4922b37cde2cf184ce347b91316d23cd7f69a36?s=96&d=mm&r=g","url":"https:\/\/secure.gravatar.com\/avatar\/78a7f90c01fc2bfc875782a0d4922b37cde2cf184ce347b91316d23cd7f69a36?s=96&d=mm&r=g","contentUrl":"https:\/\/secure.gravatar.com\/avatar\/78a7f90c01fc2bfc875782a0d4922b37cde2cf184ce347b91316d23cd7f69a36?s=96&d=mm&r=g","caption":"galledia"},"sameAs":["https:\/\/x.com\/admin"],"url":"https:\/\/www.organisator.ch\/fr\/author\/galledia\/"}]}},"_links":{"self":[{"href":"https:\/\/www.organisator.ch\/fr\/wp-json\/wp\/v2\/posts\/43666","targetHints":{"allow":["GET"]}}],"collection":[{"href":"https:\/\/www.organisator.ch\/fr\/wp-json\/wp\/v2\/posts"}],"about":[{"href":"https:\/\/www.organisator.ch\/fr\/wp-json\/wp\/v2\/types\/post"}],"author":[{"embeddable":true,"href":"https:\/\/www.organisator.ch\/fr\/wp-json\/wp\/v2\/users\/8"}],"replies":[{"embeddable":true,"href":"https:\/\/www.organisator.ch\/fr\/wp-json\/wp\/v2\/comments?post=43666"}],"version-history":[{"count":9,"href":"https:\/\/www.organisator.ch\/fr\/wp-json\/wp\/v2\/posts\/43666\/revisions"}],"predecessor-version":[{"id":43671,"href":"https:\/\/www.organisator.ch\/fr\/wp-json\/wp\/v2\/posts\/43666\/revisions\/43671"}],"wp:attachment":[{"href":"https:\/\/www.organisator.ch\/fr\/wp-json\/wp\/v2\/media?parent=43666"}],"wp:term":[{"taxonomy":"category","embeddable":true,"href":"https:\/\/www.organisator.ch\/fr\/wp-json\/wp\/v2\/categories?post=43666"},{"taxonomy":"post_tag","embeddable":true,"href":"https:\/\/www.organisator.ch\/fr\/wp-json\/wp\/v2\/tags?post=43666"}],"curies":[{"name":"wp","href":"https:\/\/api.w.org\/{rel}","templated":true}]}}