{"id":43703,"date":"2026-01-26T10:47:39","date_gmt":"2026-01-26T09:47:39","guid":{"rendered":"https:\/\/www.markt-kom.com\/de\/?p=249849"},"modified":"2026-01-26T12:52:00","modified_gmt":"2026-01-26T11:52:00","slug":"suva-wird-mitglied-beim-gislerprotokoll","status":"publish","type":"post","link":"https:\/\/www.organisator.ch\/fr\/marketing\/2026-01-26\/suva-wird-mitglied-beim-gislerprotokoll\/","title":{"rendered":"La Suva devient membre du protocole Gisler"},"content":{"rendered":"<figure><img src=\"https:\/\/www.markt-kom.com\/wp-content\/uploads\/2026\/01\/Suva_Gislerprotokoll_breit-scaled.jpg\" alt=\"Police de caract\u00e8res\" \/>\r\n<figcaption>Source : zvg<\/figcaption>\r\n<\/figure>\r\n<p>La Suva, la plus grande assurance-accidents de Suisse, est d\u00e9sormais membre du Protocole Gisler. Cette adh\u00e9sion souligne l'engagement de la Suva en faveur d'une diversit\u00e9 efficace dans sa communication et d'une repr\u00e9sentation authentique des r\u00e9alit\u00e9s de la vie en Suisse.<\/p>\r\n<p>Les images et le langage d\u00e9terminent qui se sent interpell\u00e9 par la Suva et l'impact de ses messages. La Suva ne communique pas pour elle-m\u00eame, mais remplit son mandat l\u00e9gal : elle rend le travail et les loisirs plus s\u00fbrs, pr\u00e9vient les accidents et les maladies li\u00e9es au travail ou en r\u00e9duit les cons\u00e9quences. Elle soutient les personnes concern\u00e9es dans leur r\u00e9tablissement et leur retour au travail. Pour que ces messages soient efficaces, la Suva les con\u00e7oit de mani\u00e8re \u00e0 ce que le plus grand nombre possible de personnes en Suisse se sentent concern\u00e9es.<\/p>\r\n<p>\u00abEn tant que Suva, nous voulons que notre communication soit li\u00e9e \u00e0 la r\u00e9alit\u00e9 de la vie des gens en Suisse. Il est important pour nous qu'un maximum de personnes se retrouvent dans nos images et que nous repr\u00e9sentions la diversit\u00e9 de mani\u00e8re authentique\u00bb, explique Anton Gadza, responsable de la cr\u00e9ation \u00e0 la Suva.<\/p>\r\n<h3>Initiative pour plus de diversit\u00e9 dans la communication<\/h3>\r\n<p>C'est pourquoi la Suva est d\u00e9sormais membre du protocole Gisler - une initiative suisse qui s'engage pour plus de diversit\u00e9 dans le marketing, la publicit\u00e9 et la communication. Le protocole Gisler aide les entreprises \u00e0 rendre justice \u00e0 la diversit\u00e9 et \u00e0 la richesse des facettes de la Suisse dans leur communication, de mani\u00e8re authentique et proche de la r\u00e9alit\u00e9.<\/p>\r\n<p>\u00abL'adh\u00e9sion de la Suva nous r\u00e9jouit \u00e9norm\u00e9ment. Avec la Suva, c'est une entreprise dont la communication est non seulement tr\u00e8s r\u00e9pandue, mais aussi tr\u00e8s pertinente qui adh\u00e8re au protocole Gisler\u00bb, d\u00e9clare Nina Bieli, co-initiatrice et pr\u00e9sidente de l'association du protocole Gisler.<\/p>\r\n<p>L'adh\u00e9sion au Protocole Gisler est ouverte aux entreprises publicitaires, aux agences et aux ind\u00e9pendants et peut se faire via <a href=\"https:\/\/www.gislerprotokoll.ch\/\" rel=\"noopener\">www.gislerprotokoll.ch<\/a> peut \u00eatre demand\u00e9e.<\/p>","protected":false},"excerpt":{"rendered":"<p>La Suva, la plus grande assurance-accidents de Suisse, est d\u00e9sormais membre du Protocole Gisler. Cette adh\u00e9sion souligne l'engagement de la Suva en faveur d'une diversit\u00e9 efficace dans sa communication et d'une repr\u00e9sentation authentique des r\u00e9alit\u00e9s de la vie en Suisse.<\/p>","protected":false},"author":107,"featured_media":0,"comment_status":"closed","ping_status":"closed","sticky":false,"template":"","format":"standard","meta":{"_acf_changed":false,"_yoast_wpseo_focuskw":"Gislerprotokoll","_yoast_wpseo_metadesc":"Die Suva, die gr\u00f6sste Unfallversicherung der Schweiz, ist neu Mitglied des Gislerprotokolls, einer Initiative f\u00fcr Kommunikationsvielfalt.","articlekey":"","footnotes":""},"categories":[29],"tags":[5209,4343,5650],"class_list":["post-43703","post","type-post","status-publish","format-standard","hentry","category-marketing","tag-gislerprotokoll","tag-markom","tag-versicherungswirtschaft"],"acf":[],"yoast_head":"<!-- This site is optimized with the Yoast SEO plugin v27.4 - https:\/\/yoast.com\/product\/yoast-seo-wordpress\/ -->\n<title>Suva wird Mitglied beim Gislerprotokoll - Organisator<\/title>\n<meta name=\"description\" content=\"Die Suva, die gr\u00f6sste Unfallversicherung der Schweiz, ist neu Mitglied des Gislerprotokolls, einer Initiative f\u00fcr Kommunikationsvielfalt.\" \/>\n<meta name=\"robots\" content=\"index, follow, max-snippet:-1, max-image-preview:large, max-video-preview:-1\" \/>\n<link rel=\"canonical\" href=\"https:\/\/www.organisator.ch\/fr\/marketing\/2026-01-26\/suva-wird-mitglied-beim-gislerprotokoll\/\" \/>\n<meta property=\"og:locale\" content=\"fr_FR\" \/>\n<meta property=\"og:type\" content=\"article\" \/>\n<meta property=\"og:title\" content=\"Suva wird Mitglied beim Gislerprotokoll - Organisator\" \/>\n<meta property=\"og:description\" content=\"Die Suva, die gr\u00f6sste Unfallversicherung der Schweiz, ist neu Mitglied des Gislerprotokolls, einer Initiative f\u00fcr Kommunikationsvielfalt.\" \/>\n<meta property=\"og:url\" content=\"https:\/\/www.organisator.ch\/fr\/marketing\/2026-01-26\/suva-wird-mitglied-beim-gislerprotokoll\/\" \/>\n<meta property=\"og:site_name\" content=\"Organisator\" \/>\n<meta property=\"article:publisher\" content=\"https:\/\/www.facebook.com\/OrganisatorFachmagazin\" \/>\n<meta property=\"article:published_time\" content=\"2026-01-26T09:47:39+00:00\" \/>\n<meta property=\"article:modified_time\" content=\"2026-01-26T11:52:00+00:00\" \/>\n<meta property=\"og:image\" content=\"https:\/\/www.markt-kom.com\/wp-content\/uploads\/2026\/01\/Suva_Gislerprotokoll_breit-scaled.jpg\" \/>\n<meta name=\"author\" content=\"n8n\" \/>\n<meta name=\"twitter:card\" content=\"summary_large_image\" \/>\n<script type=\"application\/ld+json\" class=\"yoast-schema-graph\">{\"@context\":\"https:\\\/\\\/schema.org\",\"@graph\":[{\"@type\":\"Article\",\"@id\":\"https:\\\/\\\/www.organisator.ch\\\/marketing\\\/2026-01-26\\\/suva-wird-mitglied-beim-gislerprotokoll\\\/#article\",\"isPartOf\":{\"@id\":\"https:\\\/\\\/www.organisator.ch\\\/marketing\\\/2026-01-26\\\/suva-wird-mitglied-beim-gislerprotokoll\\\/\"},\"author\":{\"name\":\"n8n\",\"@id\":\"https:\\\/\\\/www.organisator.ch\\\/#\\\/schema\\\/person\\\/a9d0e0eff238db87a8f840f3b50359f0\"},\"headline\":\"Suva wird Mitglied beim Gislerprotokoll\",\"datePublished\":\"2026-01-26T09:47:39+00:00\",\"dateModified\":\"2026-01-26T11:52:00+00:00\",\"mainEntityOfPage\":{\"@id\":\"https:\\\/\\\/www.organisator.ch\\\/marketing\\\/2026-01-26\\\/suva-wird-mitglied-beim-gislerprotokoll\\\/\"},\"wordCount\":286,\"publisher\":{\"@id\":\"https:\\\/\\\/www.organisator.ch\\\/#organization\"},\"image\":{\"@id\":\"https:\\\/\\\/www.organisator.ch\\\/marketing\\\/2026-01-26\\\/suva-wird-mitglied-beim-gislerprotokoll\\\/#primaryimage\"},\"thumbnailUrl\":\"https:\\\/\\\/www.markt-kom.com\\\/wp-content\\\/uploads\\\/2026\\\/01\\\/Suva_Gislerprotokoll_breit-scaled.jpg\",\"keywords\":[\"Gislerprotokoll\",\"MarKom\",\"Versicherungswirtschaft\"],\"articleSection\":[\"MARKETING\"],\"inLanguage\":\"fr-FR\"},{\"@type\":\"WebPage\",\"@id\":\"https:\\\/\\\/www.organisator.ch\\\/marketing\\\/2026-01-26\\\/suva-wird-mitglied-beim-gislerprotokoll\\\/\",\"url\":\"https:\\\/\\\/www.organisator.ch\\\/marketing\\\/2026-01-26\\\/suva-wird-mitglied-beim-gislerprotokoll\\\/\",\"name\":\"Suva wird Mitglied beim Gislerprotokoll - Organisator\",\"isPartOf\":{\"@id\":\"https:\\\/\\\/www.organisator.ch\\\/#website\"},\"primaryImageOfPage\":{\"@id\":\"https:\\\/\\\/www.organisator.ch\\\/marketing\\\/2026-01-26\\\/suva-wird-mitglied-beim-gislerprotokoll\\\/#primaryimage\"},\"image\":{\"@id\":\"https:\\\/\\\/www.organisator.ch\\\/marketing\\\/2026-01-26\\\/suva-wird-mitglied-beim-gislerprotokoll\\\/#primaryimage\"},\"thumbnailUrl\":\"https:\\\/\\\/www.markt-kom.com\\\/wp-content\\\/uploads\\\/2026\\\/01\\\/Suva_Gislerprotokoll_breit-scaled.jpg\",\"datePublished\":\"2026-01-26T09:47:39+00:00\",\"dateModified\":\"2026-01-26T11:52:00+00:00\",\"description\":\"Die Suva, die gr\u00f6sste Unfallversicherung der Schweiz, ist neu Mitglied des Gislerprotokolls, einer Initiative f\u00fcr Kommunikationsvielfalt.\",\"breadcrumb\":{\"@id\":\"https:\\\/\\\/www.organisator.ch\\\/marketing\\\/2026-01-26\\\/suva-wird-mitglied-beim-gislerprotokoll\\\/#breadcrumb\"},\"inLanguage\":\"fr-FR\",\"potentialAction\":[{\"@type\":\"ReadAction\",\"target\":[\"https:\\\/\\\/www.organisator.ch\\\/marketing\\\/2026-01-26\\\/suva-wird-mitglied-beim-gislerprotokoll\\\/\"]}]},{\"@type\":\"ImageObject\",\"inLanguage\":\"fr-FR\",\"@id\":\"https:\\\/\\\/www.organisator.ch\\\/marketing\\\/2026-01-26\\\/suva-wird-mitglied-beim-gislerprotokoll\\\/#primaryimage\",\"url\":\"https:\\\/\\\/www.markt-kom.com\\\/wp-content\\\/uploads\\\/2026\\\/01\\\/Suva_Gislerprotokoll_breit-scaled.jpg\",\"contentUrl\":\"https:\\\/\\\/www.markt-kom.com\\\/wp-content\\\/uploads\\\/2026\\\/01\\\/Suva_Gislerprotokoll_breit-scaled.jpg\"},{\"@type\":\"BreadcrumbList\",\"@id\":\"https:\\\/\\\/www.organisator.ch\\\/marketing\\\/2026-01-26\\\/suva-wird-mitglied-beim-gislerprotokoll\\\/#breadcrumb\",\"itemListElement\":[{\"@type\":\"ListItem\",\"position\":1,\"name\":\"Home\",\"item\":\"https:\\\/\\\/www.organisator.ch\\\/\"},{\"@type\":\"ListItem\",\"position\":2,\"name\":\"Suva wird Mitglied beim Gislerprotokoll\"}]},{\"@type\":\"WebSite\",\"@id\":\"https:\\\/\\\/www.organisator.ch\\\/#website\",\"url\":\"https:\\\/\\\/www.organisator.ch\\\/\",\"name\":\"Organisator\",\"description\":\"Kompetent. Praxisnah. Der ORGANISATOR bereitet in 10 Ausgaben pro Jahr die wesentlichen Themen f\u00fcr F\u00fchrungskr\u00e4fte von KMU auf.\",\"publisher\":{\"@id\":\"https:\\\/\\\/www.organisator.ch\\\/#organization\"},\"potentialAction\":[{\"@type\":\"SearchAction\",\"target\":{\"@type\":\"EntryPoint\",\"urlTemplate\":\"https:\\\/\\\/www.organisator.ch\\\/?s={search_term_string}\"},\"query-input\":{\"@type\":\"PropertyValueSpecification\",\"valueRequired\":true,\"valueName\":\"search_term_string\"}}],\"inLanguage\":\"fr-FR\"},{\"@type\":\"Organization\",\"@id\":\"https:\\\/\\\/www.organisator.ch\\\/#organization\",\"name\":\"Organisator\",\"url\":\"https:\\\/\\\/www.organisator.ch\\\/\",\"logo\":{\"@type\":\"ImageObject\",\"inLanguage\":\"fr-FR\",\"@id\":\"https:\\\/\\\/www.organisator.ch\\\/#\\\/schema\\\/logo\\\/image\\\/\",\"url\":\"https:\\\/\\\/www.organisator.ch\\\/wp-content\\\/uploads\\\/2022\\\/01\\\/Logo_Organisator_Website.png\",\"contentUrl\":\"https:\\\/\\\/www.organisator.ch\\\/wp-content\\\/uploads\\\/2022\\\/01\\\/Logo_Organisator_Website.png\",\"width\":800,\"height\":77,\"caption\":\"Organisator\"},\"image\":{\"@id\":\"https:\\\/\\\/www.organisator.ch\\\/#\\\/schema\\\/logo\\\/image\\\/\"},\"sameAs\":[\"https:\\\/\\\/www.facebook.com\\\/OrganisatorFachmagazin\",\"https:\\\/\\\/www.linkedin.com\\\/showcase\\\/organisator-das-magazin-fr-kmu\",\"https:\\\/\\\/www.xing.com\\\/news\\\/pages\\\/organisator-ch-695\",\"https:\\\/\\\/www.youtube.com\\\/channel\\\/UCGP2Sq0iWaZwT3BdIAQFYpw\"]},{\"@type\":\"Person\",\"@id\":\"https:\\\/\\\/www.organisator.ch\\\/#\\\/schema\\\/person\\\/a9d0e0eff238db87a8f840f3b50359f0\",\"name\":\"n8n\",\"image\":{\"@type\":\"ImageObject\",\"inLanguage\":\"fr-FR\",\"@id\":\"https:\\\/\\\/secure.gravatar.com\\\/avatar\\\/5368fb9d03fd415a6f335cece4c15af2502d6ca8651efbd6e8f98427a9795400?s=96&d=mm&r=g\",\"url\":\"https:\\\/\\\/secure.gravatar.com\\\/avatar\\\/5368fb9d03fd415a6f335cece4c15af2502d6ca8651efbd6e8f98427a9795400?s=96&d=mm&r=g\",\"contentUrl\":\"https:\\\/\\\/secure.gravatar.com\\\/avatar\\\/5368fb9d03fd415a6f335cece4c15af2502d6ca8651efbd6e8f98427a9795400?s=96&d=mm&r=g\",\"caption\":\"n8n\"},\"url\":\"https:\\\/\\\/www.organisator.ch\\\/fr\\\/author\\\/n8n\\\/\"}]}<\/script>\n<!-- \/ Yoast SEO plugin. -->","yoast_head_json":{"title":"La Suva devient membre du protocole Gisler - Organisateur","description":"La Suva, la plus grande assurance-accidents de Suisse, est d\u00e9sormais membre du protocole Gisler, une initiative pour la diversit\u00e9 de la communication.","robots":{"index":"index","follow":"follow","max-snippet":"max-snippet:-1","max-image-preview":"max-image-preview:large","max-video-preview":"max-video-preview:-1"},"canonical":"https:\/\/www.organisator.ch\/fr\/marketing\/2026-01-26\/suva-wird-mitglied-beim-gislerprotokoll\/","og_locale":"fr_FR","og_type":"article","og_title":"Suva wird Mitglied beim Gislerprotokoll - Organisator","og_description":"Die Suva, die gr\u00f6sste Unfallversicherung der Schweiz, ist neu Mitglied des Gislerprotokolls, einer Initiative f\u00fcr Kommunikationsvielfalt.","og_url":"https:\/\/www.organisator.ch\/fr\/marketing\/2026-01-26\/suva-wird-mitglied-beim-gislerprotokoll\/","og_site_name":"Organisator","article_publisher":"https:\/\/www.facebook.com\/OrganisatorFachmagazin","article_published_time":"2026-01-26T09:47:39+00:00","article_modified_time":"2026-01-26T11:52:00+00:00","og_image":[{"url":"https:\/\/www.markt-kom.com\/wp-content\/uploads\/2026\/01\/Suva_Gislerprotokoll_breit-scaled.jpg","type":"","width":"","height":""}],"author":"n8n","twitter_card":"summary_large_image","schema":{"@context":"https:\/\/schema.org","@graph":[{"@type":"Article","@id":"https:\/\/www.organisator.ch\/marketing\/2026-01-26\/suva-wird-mitglied-beim-gislerprotokoll\/#article","isPartOf":{"@id":"https:\/\/www.organisator.ch\/marketing\/2026-01-26\/suva-wird-mitglied-beim-gislerprotokoll\/"},"author":{"name":"n8n","@id":"https:\/\/www.organisator.ch\/#\/schema\/person\/a9d0e0eff238db87a8f840f3b50359f0"},"headline":"Suva wird Mitglied beim Gislerprotokoll","datePublished":"2026-01-26T09:47:39+00:00","dateModified":"2026-01-26T11:52:00+00:00","mainEntityOfPage":{"@id":"https:\/\/www.organisator.ch\/marketing\/2026-01-26\/suva-wird-mitglied-beim-gislerprotokoll\/"},"wordCount":286,"publisher":{"@id":"https:\/\/www.organisator.ch\/#organization"},"image":{"@id":"https:\/\/www.organisator.ch\/marketing\/2026-01-26\/suva-wird-mitglied-beim-gislerprotokoll\/#primaryimage"},"thumbnailUrl":"https:\/\/www.markt-kom.com\/wp-content\/uploads\/2026\/01\/Suva_Gislerprotokoll_breit-scaled.jpg","keywords":["Gislerprotokoll","MarKom","Versicherungswirtschaft"],"articleSection":["MARKETING"],"inLanguage":"fr-FR"},{"@type":"WebPage","@id":"https:\/\/www.organisator.ch\/marketing\/2026-01-26\/suva-wird-mitglied-beim-gislerprotokoll\/","url":"https:\/\/www.organisator.ch\/marketing\/2026-01-26\/suva-wird-mitglied-beim-gislerprotokoll\/","name":"La Suva devient membre du protocole Gisler - Organisateur","isPartOf":{"@id":"https:\/\/www.organisator.ch\/#website"},"primaryImageOfPage":{"@id":"https:\/\/www.organisator.ch\/marketing\/2026-01-26\/suva-wird-mitglied-beim-gislerprotokoll\/#primaryimage"},"image":{"@id":"https:\/\/www.organisator.ch\/marketing\/2026-01-26\/suva-wird-mitglied-beim-gislerprotokoll\/#primaryimage"},"thumbnailUrl":"https:\/\/www.markt-kom.com\/wp-content\/uploads\/2026\/01\/Suva_Gislerprotokoll_breit-scaled.jpg","datePublished":"2026-01-26T09:47:39+00:00","dateModified":"2026-01-26T11:52:00+00:00","description":"La Suva, la plus grande assurance-accidents de Suisse, est d\u00e9sormais membre du protocole Gisler, une initiative pour la diversit\u00e9 de la communication.","breadcrumb":{"@id":"https:\/\/www.organisator.ch\/marketing\/2026-01-26\/suva-wird-mitglied-beim-gislerprotokoll\/#breadcrumb"},"inLanguage":"fr-FR","potentialAction":[{"@type":"ReadAction","target":["https:\/\/www.organisator.ch\/marketing\/2026-01-26\/suva-wird-mitglied-beim-gislerprotokoll\/"]}]},{"@type":"ImageObject","inLanguage":"fr-FR","@id":"https:\/\/www.organisator.ch\/marketing\/2026-01-26\/suva-wird-mitglied-beim-gislerprotokoll\/#primaryimage","url":"https:\/\/www.markt-kom.com\/wp-content\/uploads\/2026\/01\/Suva_Gislerprotokoll_breit-scaled.jpg","contentUrl":"https:\/\/www.markt-kom.com\/wp-content\/uploads\/2026\/01\/Suva_Gislerprotokoll_breit-scaled.jpg"},{"@type":"BreadcrumbList","@id":"https:\/\/www.organisator.ch\/marketing\/2026-01-26\/suva-wird-mitglied-beim-gislerprotokoll\/#breadcrumb","itemListElement":[{"@type":"ListItem","position":1,"name":"Home","item":"https:\/\/www.organisator.ch\/"},{"@type":"ListItem","position":2,"name":"Suva wird Mitglied beim Gislerprotokoll"}]},{"@type":"WebSite","@id":"https:\/\/www.organisator.ch\/#website","url":"https:\/\/www.organisator.ch\/","name":"Organisateur","description":"Comp\u00e9tence et comp\u00e9tence. Proches de la pratique. L'ORGANISATEUR pr\u00e9pare 10 num\u00e9ros par an sur les th\u00e8mes essentiels pour les dirigeants de PME.","publisher":{"@id":"https:\/\/www.organisator.ch\/#organization"},"potentialAction":[{"@type":"SearchAction","target":{"@type":"EntryPoint","urlTemplate":"https:\/\/www.organisator.ch\/?s={search_term_string}"},"query-input":{"@type":"PropertyValueSpecification","valueRequired":true,"valueName":"search_term_string"}}],"inLanguage":"fr-FR"},{"@type":"Organization","@id":"https:\/\/www.organisator.ch\/#organization","name":"Organisateur","url":"https:\/\/www.organisator.ch\/","logo":{"@type":"ImageObject","inLanguage":"fr-FR","@id":"https:\/\/www.organisator.ch\/#\/schema\/logo\/image\/","url":"https:\/\/www.organisator.ch\/wp-content\/uploads\/2022\/01\/Logo_Organisator_Website.png","contentUrl":"https:\/\/www.organisator.ch\/wp-content\/uploads\/2022\/01\/Logo_Organisator_Website.png","width":800,"height":77,"caption":"Organisator"},"image":{"@id":"https:\/\/www.organisator.ch\/#\/schema\/logo\/image\/"},"sameAs":["https:\/\/www.facebook.com\/OrganisatorFachmagazin","https:\/\/www.linkedin.com\/showcase\/organisator-das-magazin-fr-kmu","https:\/\/www.xing.com\/news\/pages\/organisator-ch-695","https:\/\/www.youtube.com\/channel\/UCGP2Sq0iWaZwT3BdIAQFYpw"]},{"@type":"Person","@id":"https:\/\/www.organisator.ch\/#\/schema\/person\/a9d0e0eff238db87a8f840f3b50359f0","name":"n8n","image":{"@type":"ImageObject","inLanguage":"fr-FR","@id":"https:\/\/secure.gravatar.com\/avatar\/5368fb9d03fd415a6f335cece4c15af2502d6ca8651efbd6e8f98427a9795400?s=96&d=mm&r=g","url":"https:\/\/secure.gravatar.com\/avatar\/5368fb9d03fd415a6f335cece4c15af2502d6ca8651efbd6e8f98427a9795400?s=96&d=mm&r=g","contentUrl":"https:\/\/secure.gravatar.com\/avatar\/5368fb9d03fd415a6f335cece4c15af2502d6ca8651efbd6e8f98427a9795400?s=96&d=mm&r=g","caption":"n8n"},"url":"https:\/\/www.organisator.ch\/fr\/author\/n8n\/"}]}},"_links":{"self":[{"href":"https:\/\/www.organisator.ch\/fr\/wp-json\/wp\/v2\/posts\/43703","targetHints":{"allow":["GET"]}}],"collection":[{"href":"https:\/\/www.organisator.ch\/fr\/wp-json\/wp\/v2\/posts"}],"about":[{"href":"https:\/\/www.organisator.ch\/fr\/wp-json\/wp\/v2\/types\/post"}],"author":[{"embeddable":true,"href":"https:\/\/www.organisator.ch\/fr\/wp-json\/wp\/v2\/users\/107"}],"replies":[{"embeddable":true,"href":"https:\/\/www.organisator.ch\/fr\/wp-json\/wp\/v2\/comments?post=43703"}],"version-history":[{"count":3,"href":"https:\/\/www.organisator.ch\/fr\/wp-json\/wp\/v2\/posts\/43703\/revisions"}],"predecessor-version":[{"id":43711,"href":"https:\/\/www.organisator.ch\/fr\/wp-json\/wp\/v2\/posts\/43703\/revisions\/43711"}],"wp:attachment":[{"href":"https:\/\/www.organisator.ch\/fr\/wp-json\/wp\/v2\/media?parent=43703"}],"wp:term":[{"taxonomy":"category","embeddable":true,"href":"https:\/\/www.organisator.ch\/fr\/wp-json\/wp\/v2\/categories?post=43703"},{"taxonomy":"post_tag","embeddable":true,"href":"https:\/\/www.organisator.ch\/fr\/wp-json\/wp\/v2\/tags?post=43703"}],"curies":[{"name":"wp","href":"https:\/\/api.w.org\/{rel}","templated":true}]}}