{"id":4373,"date":"2018-10-15T15:52:19","date_gmt":"2018-10-15T13:52:19","guid":{"rendered":"https:\/\/www.organisator.ch\/?p=4373"},"modified":"2018-10-15T15:52:19","modified_gmt":"2018-10-15T13:52:19","slug":"les-entreprises-suisses-mettent-un-point-de-digitalisation-pour-demarrer-mais-pas-encore-par-un","status":"publish","type":"post","link":"https:\/\/www.organisator.ch\/fr\/management\/it\/2018-10-15\/schweizer-unternehmen-legen-punkto-digitalisierung-zu-starten-aber-noch-nicht-durch\/","title":{"rendered":"Les entreprises suisses progressent en mati\u00e8re de num\u00e9risation, mais ne d\u00e9collent pas encore"},"content":{"rendered":"<figure id=\"attachment_4383\" aria-describedby=\"caption-attachment-4383\" style=\"width: 640px\" class=\"wp-caption alignnone\"><img loading=\"lazy\" decoding=\"async\" class=\"size-full wp-image-4383\" src=\"https:\/\/www.organisator.ch\/wp-content\/uploads\/2018\/10\/Schweizer-Unternehmen-legen-punkto-Digitalisierung-zu-starten-aber-noch-nicht-durch-6_Organisator.jpg\" alt=\"\" width=\"640\" height=\"391\" srcset=\"https:\/\/www.organisator.ch\/wp-content\/uploads\/2018\/10\/Schweizer-Unternehmen-legen-punkto-Digitalisierung-zu-starten-aber-noch-nicht-durch-6_Organisator.jpg 640w, https:\/\/www.organisator.ch\/wp-content\/uploads\/2018\/10\/Schweizer-Unternehmen-legen-punkto-Digitalisierung-zu-starten-aber-noch-nicht-durch-6_Organisator-16x10.jpg 16w, https:\/\/www.organisator.ch\/wp-content\/uploads\/2018\/10\/Schweizer-Unternehmen-legen-punkto-Digitalisierung-zu-starten-aber-noch-nicht-durch-6_Organisator-286x175.jpg 286w, https:\/\/www.organisator.ch\/wp-content\/uploads\/2018\/10\/Schweizer-Unternehmen-legen-punkto-Digitalisierung-zu-starten-aber-noch-nicht-durch-6_Organisator-573x350.jpg 573w, https:\/\/www.organisator.ch\/wp-content\/uploads\/2018\/10\/Schweizer-Unternehmen-legen-punkto-Digitalisierung-zu-starten-aber-noch-nicht-durch-6_Organisator-300x183.jpg 300w\" sizes=\"auto, (max-width: 640px) 100vw, 640px\" \/><figcaption id=\"caption-attachment-4383\" class=\"wp-caption-text\">Alexander Berger, IT-Strategy-Consultant chez 2BCS AG (\u00e0 gauche) : \"L'int\u00e9r\u00eat pour SAP S\/4HANA augmentera au plus tard lorsqu'il y aura un besoin d'action imp\u00e9ratif ou un avantage reconnaissable\". Et Burim Maraj, CFO\/CIO chez Skan AG (\u00e0 droite) commente : \"Si un processus ou un syst\u00e8me ne fonctionne pas, nous ne pouvons pas livrer. C'est pourquoi nous d\u00e9pendons d'une comp\u00e9tence \u00e9lev\u00e9e du fournisseur\". (Images : zVg)<\/figcaption><\/figure>\n<p>La num\u00e9risation est arriv\u00e9e dans les entreprises suisses - mais \u00e0 quel point y est-elle d\u00e9j\u00e0 avanc\u00e9e ? La r\u00e9volution num\u00e9rique n'a pas encore frapp\u00e9 de plein fouet, selon les r\u00e9sultats de l'enqu\u00eate. Celle-ci fait partie d'une \u00e9tude \u00e0 grande \u00e9chelle sur quatre blocs th\u00e9matiques informatiques aupr\u00e8s des PME et des grandes entreprises suisses, dans le cadre de laquelle le prestataire de services informatiques GIA Informatik AG a interrog\u00e9, entre mars et avril 2018, 2700 cadres C-Level de 900 organisations de l'industrie, du commerce, de la construction m\u00e9canique, du secteur public et d'autres branches. Une grande partie des PME participantes (39) emploient entre 100 et 500 personnes, une entreprise sur trois (13) a un nombre d'employ\u00e9s sup\u00e9rieur \u00e0 1000.<\/p>\n<h2>Fortement touch\u00e9s par la num\u00e9risation<\/h2>\n<p>Deux tiers des cadres interrog\u00e9s t\u00e9moignent que leur propre organisation (67,7 pour cent) et leur secteur respectif (66,7 pour cent) sont fortement \u00e0 tr\u00e8s fortement touch\u00e9s par la num\u00e9risation. Ils jugent que les processus (92,1 pour cent) et les produits et services (76,3 pour cent) sont particuli\u00e8rement expos\u00e9s \u00e0 l'influence de la num\u00e9risation. Pr\u00e8s des deux tiers (62,2 pour cent) estiment que leurs clients consid\u00e8rent la transformation num\u00e9rique comme une opportunit\u00e9.<\/p>\n<p><img loading=\"lazy\" decoding=\"async\" class=\"size-full wp-image-4378\" src=\"https:\/\/www.organisator.ch\/wp-content\/uploads\/2018\/10\/Schweizer-Unternehmen-legen-punkto-Digitalisierung-zu-starten-aber-noch-nicht-durch-2_Organisator.jpg\" alt=\"\" width=\"640\" height=\"384\" srcset=\"https:\/\/www.organisator.ch\/wp-content\/uploads\/2018\/10\/Schweizer-Unternehmen-legen-punkto-Digitalisierung-zu-starten-aber-noch-nicht-durch-2_Organisator.jpg 640w, https:\/\/www.organisator.ch\/wp-content\/uploads\/2018\/10\/Schweizer-Unternehmen-legen-punkto-Digitalisierung-zu-starten-aber-noch-nicht-durch-2_Organisator-16x10.jpg 16w, https:\/\/www.organisator.ch\/wp-content\/uploads\/2018\/10\/Schweizer-Unternehmen-legen-punkto-Digitalisierung-zu-starten-aber-noch-nicht-durch-2_Organisator-292x175.jpg 292w, https:\/\/www.organisator.ch\/wp-content\/uploads\/2018\/10\/Schweizer-Unternehmen-legen-punkto-Digitalisierung-zu-starten-aber-noch-nicht-durch-2_Organisator-583x350.jpg 583w, https:\/\/www.organisator.ch\/wp-content\/uploads\/2018\/10\/Schweizer-Unternehmen-legen-punkto-Digitalisierung-zu-starten-aber-noch-nicht-durch-2_Organisator-300x180.jpg 300w\" sizes=\"auto, (max-width: 640px) 100vw, 640px\" \/><\/p>\n<figure id=\"attachment_4379\" aria-describedby=\"caption-attachment-4379\" style=\"width: 640px\" class=\"wp-caption alignnone\"><img loading=\"lazy\" decoding=\"async\" class=\"size-full wp-image-4379\" src=\"https:\/\/www.organisator.ch\/wp-content\/uploads\/2018\/10\/Schweizer-Unternehmen-legen-punkto-Digitalisierung-zu-starten-aber-noch-nicht-durch-3_Organisator.jpg\" alt=\"\" width=\"640\" height=\"384\" srcset=\"https:\/\/www.organisator.ch\/wp-content\/uploads\/2018\/10\/Schweizer-Unternehmen-legen-punkto-Digitalisierung-zu-starten-aber-noch-nicht-durch-3_Organisator.jpg 640w, https:\/\/www.organisator.ch\/wp-content\/uploads\/2018\/10\/Schweizer-Unternehmen-legen-punkto-Digitalisierung-zu-starten-aber-noch-nicht-durch-3_Organisator-16x10.jpg 16w, https:\/\/www.organisator.ch\/wp-content\/uploads\/2018\/10\/Schweizer-Unternehmen-legen-punkto-Digitalisierung-zu-starten-aber-noch-nicht-durch-3_Organisator-292x175.jpg 292w, https:\/\/www.organisator.ch\/wp-content\/uploads\/2018\/10\/Schweizer-Unternehmen-legen-punkto-Digitalisierung-zu-starten-aber-noch-nicht-durch-3_Organisator-583x350.jpg 583w, https:\/\/www.organisator.ch\/wp-content\/uploads\/2018\/10\/Schweizer-Unternehmen-legen-punkto-Digitalisierung-zu-starten-aber-noch-nicht-durch-3_Organisator-300x180.jpg 300w\" sizes=\"auto, (max-width: 640px) 100vw, 640px\" \/><figcaption id=\"caption-attachment-4379\" class=\"wp-caption-text\">(Graphiques : GIA Informatik)<\/figcaption><\/figure>\n<p>Quelle est la raison de ce comportement ? Alexander Berger, consultant en strat\u00e9gie informatique chez 2BCS AG : \"En g\u00e9n\u00e9ral, je pars du principe que la num\u00e9risation doit apporter aux entreprises des avantages rapidement perceptibles. Si ce n'est pas le cas, on observe une certaine r\u00e9ticence. Les entreprises qui occupent une position dominante sur le march\u00e9 sont plus enclines \u00e0 faire avancer les changements dans leur secteur que celles qui n'ont pas cette position sur le march\u00e9. Cela ne signifie pas pour autant que les entreprises proposant des solutions num\u00e9riques innovantes n'existent pas\".<\/p>\n<h2>SAP S\/4HANA n'est pas encore un grand sujet - mais bient\u00f4t ?<\/h2>\n<p>SAP S\/4HANA est la nouvelle Business Suite du fournisseur ERP SAP. Comme SAP cessera d'assurer la maintenance de la version actuelle en 2025, tous les clients devront s'y convertir et s'y atteler t\u00f4t ou tard. L'enqu\u00eate montre toutefois clairement que jusqu'\u00e0 pr\u00e9sent, seuls 10,5 % utilisent la base de donn\u00e9es en m\u00e9moire HANA ; 18,4 % pr\u00e9voient de l'introduire, 71,1 % ne l'utilisent pas. La plupart des entreprises ne sont pas encore sensibilis\u00e9es \u00e0 la Business Suite SAP S\/4HANA : 81,6 pour cent ne l'utilisent pas, 2,6 pour cent y travaillent, 15,8 pour cent envisagent de l'introduire. Il existe donc un grand potentiel dans ce domaine.<\/p>\n<figure id=\"attachment_4380\" aria-describedby=\"caption-attachment-4380\" style=\"width: 640px\" class=\"wp-caption alignnone\"><img loading=\"lazy\" decoding=\"async\" class=\"size-full wp-image-4380\" src=\"https:\/\/www.organisator.ch\/wp-content\/uploads\/2018\/10\/Schweizer-Unternehmen-legen-punkto-Digitalisierung-zu-starten-aber-noch-nicht-durch-4_Organisator.jpg\" alt=\"\" width=\"640\" height=\"384\" srcset=\"https:\/\/www.organisator.ch\/wp-content\/uploads\/2018\/10\/Schweizer-Unternehmen-legen-punkto-Digitalisierung-zu-starten-aber-noch-nicht-durch-4_Organisator.jpg 640w, https:\/\/www.organisator.ch\/wp-content\/uploads\/2018\/10\/Schweizer-Unternehmen-legen-punkto-Digitalisierung-zu-starten-aber-noch-nicht-durch-4_Organisator-16x10.jpg 16w, https:\/\/www.organisator.ch\/wp-content\/uploads\/2018\/10\/Schweizer-Unternehmen-legen-punkto-Digitalisierung-zu-starten-aber-noch-nicht-durch-4_Organisator-292x175.jpg 292w, https:\/\/www.organisator.ch\/wp-content\/uploads\/2018\/10\/Schweizer-Unternehmen-legen-punkto-Digitalisierung-zu-starten-aber-noch-nicht-durch-4_Organisator-583x350.jpg 583w, https:\/\/www.organisator.ch\/wp-content\/uploads\/2018\/10\/Schweizer-Unternehmen-legen-punkto-Digitalisierung-zu-starten-aber-noch-nicht-durch-4_Organisator-300x180.jpg 300w\" sizes=\"auto, (max-width: 640px) 100vw, 640px\" \/><figcaption id=\"caption-attachment-4380\" class=\"wp-caption-text\">C'est ainsi que les utilisateurs jugent la qualit\u00e9 de leur syst\u00e8me SAP. (Graphique : GIA Informatik)<\/figcaption><\/figure>\n<p>Les entreprises sont satisfaites des temps de r\u00e9ponse de leur syst\u00e8me SAP (76,9 %) et de la r\u00e9ception des informations en temps voulu (66,7 %). Il n'en va pas de m\u00eame pour la facilit\u00e9 d'utilisation : Seuls 30,8 % estiment que leur syst\u00e8me est facile \u00e0 utiliser et 38,5 % pensent que la pr\u00e9sentation utilis\u00e9e est utile et clairement structur\u00e9e.<\/p>\n<p>Pourquoi de nombreuses entreprises font-elles appel \u00e0 un prestataire de services SAP externe ? En premier lieu pour renforcer les ressources internes par un savoir-faire externe (75,7%) et pour r\u00e9aliser l'impl\u00e9mentation (76,3%).<\/p>\n<figure id=\"attachment_4381\" aria-describedby=\"caption-attachment-4381\" style=\"width: 640px\" class=\"wp-caption alignnone\"><img loading=\"lazy\" decoding=\"async\" class=\"size-full wp-image-4381\" src=\"https:\/\/www.organisator.ch\/wp-content\/uploads\/2018\/10\/Schweizer-Unternehmen-legen-punkto-Digitalisierung-zu-starten-aber-noch-nicht-durch-5_Organisator.jpg\" alt=\"\" width=\"640\" height=\"384\" srcset=\"https:\/\/www.organisator.ch\/wp-content\/uploads\/2018\/10\/Schweizer-Unternehmen-legen-punkto-Digitalisierung-zu-starten-aber-noch-nicht-durch-5_Organisator.jpg 640w, https:\/\/www.organisator.ch\/wp-content\/uploads\/2018\/10\/Schweizer-Unternehmen-legen-punkto-Digitalisierung-zu-starten-aber-noch-nicht-durch-5_Organisator-16x10.jpg 16w, https:\/\/www.organisator.ch\/wp-content\/uploads\/2018\/10\/Schweizer-Unternehmen-legen-punkto-Digitalisierung-zu-starten-aber-noch-nicht-durch-5_Organisator-292x175.jpg 292w, https:\/\/www.organisator.ch\/wp-content\/uploads\/2018\/10\/Schweizer-Unternehmen-legen-punkto-Digitalisierung-zu-starten-aber-noch-nicht-durch-5_Organisator-583x350.jpg 583w, https:\/\/www.organisator.ch\/wp-content\/uploads\/2018\/10\/Schweizer-Unternehmen-legen-punkto-Digitalisierung-zu-starten-aber-noch-nicht-durch-5_Organisator-300x180.jpg 300w\" sizes=\"auto, (max-width: 640px) 100vw, 640px\" \/><figcaption id=\"caption-attachment-4381\" class=\"wp-caption-text\">Pourquoi les entreprises font appel \u00e0 des prestataires de services SAP externes. (Graphique : GIA Informatik)<\/figcaption><\/figure>\n<p>Comment faut-il interpr\u00e9ter ces r\u00e9sultats ? Burim Maraj, CFO\/CIO chez Skan AG, une entreprise internationale sp\u00e9cialis\u00e9e dans la construction d'isolateurs pour l'industrie pharmaceutique : \"D'apr\u00e8s mon \u00e9valuation, l'int\u00e9r\u00eat pour SAP S\/4HANA est bien pr\u00e9sent. Les entreprises suivent ce qui se passe actuellement - il faut construire sur cette base. Mais beaucoup ne connaissent pas l'aspect temporel et les co\u00fbts de SAP S\/4HANA. C'est pourquoi je ressens une certaine ins\u00e9curit\u00e9. Peut-\u00eatre que les rares partenaires de mise en \u0153uvre manquent d'exp\u00e9rience avec ce nouveau produit. En outre, peu d'entre eux veulent \u00eatre les 'early bird' et supporter les 'maladies de jeunesse' qui peuvent survenir. Pour ces raisons, de nombreuses entreprises continuent \u00e0 travailler avec le syst\u00e8me actuel. Nous faisons un premier pas et introduisons maintenant d'abord la base de donn\u00e9es HANA et, lorsque tout sera m\u00fbr, nous proc\u00e9derons par \u00e9tapes en effectuant un 'readiness check' pour SAP S\/4HANA\".<\/p>\n<p>Alexander Berger ajoute : \"L'offre des fournisseurs est vari\u00e9e, l'exp\u00e9rience des clients avec SAP S\/4HANA est g\u00e9n\u00e9ralement encore faible, les co\u00fbts cons\u00e9cutifs attendus sont importants et les avantages suppl\u00e9mentaires sont plut\u00f4t faibles. L'int\u00e9r\u00eat augmentera au plus tard lorsqu'il y aura un besoin imp\u00e9ratif d'agir, respectivement lorsqu'il y aura un avantage reconnaissable\".<\/p>\n<h2><strong>Souvent une collaboration de longue date avec le fournisseur d'acc\u00e8s<\/strong><\/h2>\n<p>Une troisi\u00e8me enqu\u00eate visait la relation des entreprises avec leur fournisseur informatique. La majorit\u00e9 des entreprises sont satisfaites de leur fournisseur (56,8 %). \"En fait, nous observons en principe que les clients sont souvent satisfaits du paquet global\", explique Alexander Berger \u00e0 propos de ce r\u00e9sultat. \"Si ce n'est pas le cas, les fournisseurs font beaucoup pour atteindre cet \u00e9tat\".<\/p>\n<p>La collaboration dure souvent des ann\u00e9es : environ deux tiers (63,9%) sont d\u00e9j\u00e0 chez leur fournisseur IT et SAP depuis plus de cinq ans. D'o\u00f9 vient cette relation fid\u00e8le avec le fournisseur ? \"Les clients sont tr\u00e8s attentifs au rapport co\u00fbt\/b\u00e9n\u00e9fice. Mais ils savent aussi qu'un changement de fournisseur entra\u00eene des frais de changement et que celui-ci n'apporte pas forc\u00e9ment un avantage suppl\u00e9mentaire\".<\/p>\n<p>Seule une minorit\u00e9 - 5,5 % - pense \u00e0 un changement. \"Ici, ce sont surtout les changements fondamentaux - organisationnels et personnels - chez le client et le fournisseur qui sont d\u00e9terminants. Dans de nombreux cas, le prix ne semble pas \u00eatre au premier plan\", souligne Alexander Berger.<\/p>\n<h2><strong>La comp\u00e9tence du fournisseur informatique est d\u00e9terminante<\/strong><\/h2>\n<p>89,5 % des entreprises accordent la priorit\u00e9 \u00e0 la comp\u00e9tence du fournisseur. Celle-ci - comme le montre l'\u00e9tude - est en premier lieu d\u00e9cisive pour le choix et la conservation du fournisseur. 81,6 % souhaitent des solutions sur mesure et 64,9 % veulent des prestations suffisantes \u00e0 des prix tr\u00e8s avantageux.<\/p>\n<p>Burim Maraj : \"Le temps, c'est de l'argent, dit-on. Nous avons besoin de quelqu'un qui sache comment les syst\u00e8mes fonctionnent et qui \u00e9labore une solution le plus rapidement possible. Du c\u00f4t\u00e9 de l'entreprise, nous sommes \u00e9galement tenus de proposer des solutions rapides \u00e0 nos clients. Si un processus ou un syst\u00e8me ne fonctionne pas, nous ne pouvons pas livrer ou facturer - ce qui entra\u00eene des co\u00fbts plus \u00e9lev\u00e9s, des clients insatisfaits et, par cons\u00e9quent, une mauvaise image. C'est pourquoi, du c\u00f4t\u00e9 du fournisseur, nous d\u00e9pendons avant tout de ses comp\u00e9tences. De plus, il doit \u00eatre exp\u00e9riment\u00e9, avoir une grande vitesse de r\u00e9action et penser \u00e0 tous les processus\".<\/p>\n<p><em>Pour plus d'informations sur SAP S\/4HANA, voir <a href=\"https:\/\/www.sap.com\/swiss\/products\/s4hana-erp.html\">ici<\/a>.<\/em><\/p>\n<p><em>Source : <a href=\"https:\/\/gia.ch\/\">GIA Informatik AG<\/a><\/em><\/p>","protected":false},"excerpt":{"rendered":"<p>Die Digitalisierung ist bei Schweizer Unternehmen angekommen \u2013 aber wie weit ist sie dort bereits fortgeschritten? Die digitale Revolution hat noch nicht voll eingeschlagen, so das Ergebnis der Erhebung. Diese ist\u00a0Teil einer grossangelegten Studie zu vier IT-Themenbl\u00f6cken bei Schweizer KMU und Grossunternehmen, bei der die IT-Dienstleisterin GIA Informatik AG im Zeitraum von M\u00e4rz bis April [&hellip;]<\/p>\n","protected":false},"author":4,"featured_media":4383,"comment_status":"open","ping_status":"open","sticky":false,"template":"","format":"standard","meta":{"_acf_changed":false,"_yoast_wpseo_focuskw":"SAP S\/4HANA","_yoast_wpseo_metadesc":"Dringt die Digitalisierung zu den Gesch\u00e4ftsbereichen von Firmen durch? Worauf wird bei Providern geachtet? Wird die neue Business-Suite SAP S\/4HANA genutzt?","articlekey":"","footnotes":""},"categories":[27],"tags":[288,421,459],"class_list":["post-4373","post","type-post","status-publish","format-standard","has-post-thumbnail","hentry","category-it","tag-it-business-software","tag-sap","tag-studie"],"acf":[],"yoast_head":"<!-- This site is optimized with the Yoast SEO plugin v27.5 - https:\/\/yoast.com\/product\/yoast-seo-wordpress\/ -->\n<title>Schweizer Unternehmen legen punkto Digitalisierung zu, starten aber noch nicht durch - Organisator<\/title>\n<meta name=\"description\" content=\"Dringt die Digitalisierung zu den Gesch\u00e4ftsbereichen von Firmen durch? Worauf wird bei Providern geachtet? Wird die neue Business-Suite SAP S\/4HANA genutzt?\" \/>\n<meta name=\"robots\" content=\"index, follow, max-snippet:-1, max-image-preview:large, max-video-preview:-1\" \/>\n<link rel=\"canonical\" href=\"https:\/\/www.organisator.ch\/fr\/gestion-2\/it\/2018-10-15\/les-entreprises-suisses-mettent-un-point-de-digitalisation-pour-demarrer-mais-pas-encore-par-un\/\" \/>\n<meta property=\"og:locale\" content=\"fr_FR\" \/>\n<meta property=\"og:type\" content=\"article\" \/>\n<meta property=\"og:title\" content=\"Schweizer Unternehmen legen punkto Digitalisierung zu, starten aber noch nicht durch\" \/>\n<meta property=\"og:description\" content=\"Dringt die Digitalisierung zu den Gesch\u00e4ftsbereichen von Firmen durch? Worauf wird bei Providern geachtet? Wird die neue Business-Suite SAP S\/4HANA genutzt?\" \/>\n<meta property=\"og:url\" content=\"https:\/\/www.organisator.ch\/fr\/gestion-2\/it\/2018-10-15\/les-entreprises-suisses-mettent-un-point-de-digitalisation-pour-demarrer-mais-pas-encore-par-un\/\" \/>\n<meta property=\"og:site_name\" content=\"Organisator\" \/>\n<meta property=\"article:publisher\" content=\"https:\/\/www.facebook.com\/OrganisatorFachmagazin\" \/>\n<meta property=\"article:published_time\" content=\"2018-10-15T13:52:19+00:00\" \/>\n<meta property=\"og:image\" content=\"https:\/\/www.organisator.ch\/wp-content\/uploads\/2018\/10\/Schweizer-Unternehmen-legen-punkto-Digitalisierung-zu-starten-aber-noch-nicht-durch-4_Organisator.jpg\" \/>\n\t<meta property=\"og:image:width\" content=\"640\" \/>\n\t<meta property=\"og:image:height\" content=\"384\" \/>\n\t<meta property=\"og:image:type\" content=\"image\/jpeg\" \/>\n<meta name=\"author\" content=\"thomas.berner\" \/>\n<meta name=\"twitter:card\" content=\"summary_large_image\" \/>\n<meta name=\"twitter:title\" content=\"Schweizer Unternehmen legen punkto #Digitalisierung zu, starten aber noch nicht durch\" \/>\n<meta name=\"twitter:description\" content=\"Dringt die #Digitalisierung zu den Gesch\u00e4ftsbereichen von Firmen durch? Worauf wird bei Providern geachtet? Wird die neue Business-Suite #SAP #S\/4HANA genutzt?\" \/>\n<meta name=\"twitter:image\" content=\"https:\/\/www.organisator.ch\/wp-content\/uploads\/2018\/10\/Schweizer-Unternehmen-legen-punkto-Digitalisierung-zu-starten-aber-noch-nicht-durch-4_Organisator.jpg\" \/>\n<script type=\"application\/ld+json\" class=\"yoast-schema-graph\">{\"@context\":\"https:\\\/\\\/schema.org\",\"@graph\":[{\"@type\":\"Article\",\"@id\":\"https:\\\/\\\/www.organisator.ch\\\/management\\\/it\\\/2018-10-15\\\/schweizer-unternehmen-legen-punkto-digitalisierung-zu-starten-aber-noch-nicht-durch\\\/#article\",\"isPartOf\":{\"@id\":\"https:\\\/\\\/www.organisator.ch\\\/management\\\/it\\\/2018-10-15\\\/schweizer-unternehmen-legen-punkto-digitalisierung-zu-starten-aber-noch-nicht-durch\\\/\"},\"author\":{\"name\":\"thomas.berner\",\"@id\":\"https:\\\/\\\/www.organisator.ch\\\/#\\\/schema\\\/person\\\/6f650f90b2842cd4c0cc334b4e36f67e\"},\"headline\":\"Schweizer Unternehmen legen punkto Digitalisierung zu, starten aber noch nicht durch\",\"datePublished\":\"2018-10-15T13:52:19+00:00\",\"mainEntityOfPage\":{\"@id\":\"https:\\\/\\\/www.organisator.ch\\\/management\\\/it\\\/2018-10-15\\\/schweizer-unternehmen-legen-punkto-digitalisierung-zu-starten-aber-noch-nicht-durch\\\/\"},\"wordCount\":1066,\"commentCount\":0,\"publisher\":{\"@id\":\"https:\\\/\\\/www.organisator.ch\\\/#organization\"},\"image\":{\"@id\":\"https:\\\/\\\/www.organisator.ch\\\/management\\\/it\\\/2018-10-15\\\/schweizer-unternehmen-legen-punkto-digitalisierung-zu-starten-aber-noch-nicht-durch\\\/#primaryimage\"},\"thumbnailUrl\":\"https:\\\/\\\/www.organisator.ch\\\/wp-content\\\/uploads\\\/2018\\\/10\\\/Schweizer-Unternehmen-legen-punkto-Digitalisierung-zu-starten-aber-noch-nicht-durch-6_Organisator.jpg\",\"keywords\":[\"IT &amp; Business Software\",\"SAP\",\"Studie\"],\"articleSection\":[\"IT\"],\"inLanguage\":\"fr-FR\"},{\"@type\":\"WebPage\",\"@id\":\"https:\\\/\\\/www.organisator.ch\\\/management\\\/it\\\/2018-10-15\\\/schweizer-unternehmen-legen-punkto-digitalisierung-zu-starten-aber-noch-nicht-durch\\\/\",\"url\":\"https:\\\/\\\/www.organisator.ch\\\/management\\\/it\\\/2018-10-15\\\/schweizer-unternehmen-legen-punkto-digitalisierung-zu-starten-aber-noch-nicht-durch\\\/\",\"name\":\"Schweizer Unternehmen legen punkto Digitalisierung zu, starten aber noch nicht durch - Organisator\",\"isPartOf\":{\"@id\":\"https:\\\/\\\/www.organisator.ch\\\/#website\"},\"primaryImageOfPage\":{\"@id\":\"https:\\\/\\\/www.organisator.ch\\\/management\\\/it\\\/2018-10-15\\\/schweizer-unternehmen-legen-punkto-digitalisierung-zu-starten-aber-noch-nicht-durch\\\/#primaryimage\"},\"image\":{\"@id\":\"https:\\\/\\\/www.organisator.ch\\\/management\\\/it\\\/2018-10-15\\\/schweizer-unternehmen-legen-punkto-digitalisierung-zu-starten-aber-noch-nicht-durch\\\/#primaryimage\"},\"thumbnailUrl\":\"https:\\\/\\\/www.organisator.ch\\\/wp-content\\\/uploads\\\/2018\\\/10\\\/Schweizer-Unternehmen-legen-punkto-Digitalisierung-zu-starten-aber-noch-nicht-durch-6_Organisator.jpg\",\"datePublished\":\"2018-10-15T13:52:19+00:00\",\"description\":\"Dringt die Digitalisierung zu den Gesch\u00e4ftsbereichen von Firmen durch? Worauf wird bei Providern geachtet? Wird die neue Business-Suite SAP S\\\/4HANA genutzt?\",\"breadcrumb\":{\"@id\":\"https:\\\/\\\/www.organisator.ch\\\/management\\\/it\\\/2018-10-15\\\/schweizer-unternehmen-legen-punkto-digitalisierung-zu-starten-aber-noch-nicht-durch\\\/#breadcrumb\"},\"inLanguage\":\"fr-FR\",\"potentialAction\":[{\"@type\":\"ReadAction\",\"target\":[\"https:\\\/\\\/www.organisator.ch\\\/management\\\/it\\\/2018-10-15\\\/schweizer-unternehmen-legen-punkto-digitalisierung-zu-starten-aber-noch-nicht-durch\\\/\"]}]},{\"@type\":\"ImageObject\",\"inLanguage\":\"fr-FR\",\"@id\":\"https:\\\/\\\/www.organisator.ch\\\/management\\\/it\\\/2018-10-15\\\/schweizer-unternehmen-legen-punkto-digitalisierung-zu-starten-aber-noch-nicht-durch\\\/#primaryimage\",\"url\":\"https:\\\/\\\/www.organisator.ch\\\/wp-content\\\/uploads\\\/2018\\\/10\\\/Schweizer-Unternehmen-legen-punkto-Digitalisierung-zu-starten-aber-noch-nicht-durch-6_Organisator.jpg\",\"contentUrl\":\"https:\\\/\\\/www.organisator.ch\\\/wp-content\\\/uploads\\\/2018\\\/10\\\/Schweizer-Unternehmen-legen-punkto-Digitalisierung-zu-starten-aber-noch-nicht-durch-6_Organisator.jpg\",\"width\":640,\"height\":391,\"caption\":\"Alexander Berger, IT-Strategie-Consultant bei der 2BCS AG (links): \u00abDas Interesse an SAP S\\\/4HANA wird sp\u00e4testens dann steigen, wenn es zwingenden Handlungsbedarf geben wird beziehungsweise ein erkennbarer Nutzen besteht.\u00bb Und Burim Maraj, CFO\\\/CIO bei der Skan AG (rechts) kommentiert: \u00abWenn ein Prozess oder System nicht funktioniert, k\u00f6nnen wir nicht liefern. Deshalb sind wir auf eine hohe Kompetenz des Providers angewiesen.\u00bb (Bilder: zVg)\"},{\"@type\":\"BreadcrumbList\",\"@id\":\"https:\\\/\\\/www.organisator.ch\\\/management\\\/it\\\/2018-10-15\\\/schweizer-unternehmen-legen-punkto-digitalisierung-zu-starten-aber-noch-nicht-durch\\\/#breadcrumb\",\"itemListElement\":[{\"@type\":\"ListItem\",\"position\":1,\"name\":\"Home\",\"item\":\"https:\\\/\\\/www.organisator.ch\\\/\"},{\"@type\":\"ListItem\",\"position\":2,\"name\":\"Schweizer Unternehmen legen punkto Digitalisierung zu, starten aber noch nicht durch\"}]},{\"@type\":\"WebSite\",\"@id\":\"https:\\\/\\\/www.organisator.ch\\\/#website\",\"url\":\"https:\\\/\\\/www.organisator.ch\\\/\",\"name\":\"Organisator\",\"description\":\"Kompetent. Praxisnah. Der ORGANISATOR bereitet in 10 Ausgaben pro Jahr die wesentlichen Themen f\u00fcr F\u00fchrungskr\u00e4fte von KMU auf.\",\"publisher\":{\"@id\":\"https:\\\/\\\/www.organisator.ch\\\/#organization\"},\"potentialAction\":[{\"@type\":\"SearchAction\",\"target\":{\"@type\":\"EntryPoint\",\"urlTemplate\":\"https:\\\/\\\/www.organisator.ch\\\/?s={search_term_string}\"},\"query-input\":{\"@type\":\"PropertyValueSpecification\",\"valueRequired\":true,\"valueName\":\"search_term_string\"}}],\"inLanguage\":\"fr-FR\"},{\"@type\":\"Organization\",\"@id\":\"https:\\\/\\\/www.organisator.ch\\\/#organization\",\"name\":\"Organisator\",\"url\":\"https:\\\/\\\/www.organisator.ch\\\/\",\"logo\":{\"@type\":\"ImageObject\",\"inLanguage\":\"fr-FR\",\"@id\":\"https:\\\/\\\/www.organisator.ch\\\/#\\\/schema\\\/logo\\\/image\\\/\",\"url\":\"https:\\\/\\\/www.organisator.ch\\\/wp-content\\\/uploads\\\/2022\\\/01\\\/Logo_Organisator_Website.png\",\"contentUrl\":\"https:\\\/\\\/www.organisator.ch\\\/wp-content\\\/uploads\\\/2022\\\/01\\\/Logo_Organisator_Website.png\",\"width\":800,\"height\":77,\"caption\":\"Organisator\"},\"image\":{\"@id\":\"https:\\\/\\\/www.organisator.ch\\\/#\\\/schema\\\/logo\\\/image\\\/\"},\"sameAs\":[\"https:\\\/\\\/www.facebook.com\\\/OrganisatorFachmagazin\",\"https:\\\/\\\/www.linkedin.com\\\/showcase\\\/organisator-das-magazin-fr-kmu\",\"https:\\\/\\\/www.xing.com\\\/news\\\/pages\\\/organisator-ch-695\",\"https:\\\/\\\/www.youtube.com\\\/channel\\\/UCGP2Sq0iWaZwT3BdIAQFYpw\"]},{\"@type\":\"Person\",\"@id\":\"https:\\\/\\\/www.organisator.ch\\\/#\\\/schema\\\/person\\\/6f650f90b2842cd4c0cc334b4e36f67e\",\"name\":\"thomas.berner\",\"image\":{\"@type\":\"ImageObject\",\"inLanguage\":\"fr-FR\",\"@id\":\"https:\\\/\\\/secure.gravatar.com\\\/avatar\\\/ac5001d2a36cb6c6cd3e50789007ffca834b477b74a2144564522e944eabff61?s=96&d=mm&r=g\",\"url\":\"https:\\\/\\\/secure.gravatar.com\\\/avatar\\\/ac5001d2a36cb6c6cd3e50789007ffca834b477b74a2144564522e944eabff61?s=96&d=mm&r=g\",\"contentUrl\":\"https:\\\/\\\/secure.gravatar.com\\\/avatar\\\/ac5001d2a36cb6c6cd3e50789007ffca834b477b74a2144564522e944eabff61?s=96&d=mm&r=g\",\"caption\":\"thomas.berner\"},\"url\":\"https:\\\/\\\/www.organisator.ch\\\/fr\\\/author\\\/thomas-berner\\\/\"}]}<\/script>\n<!-- \/ Yoast SEO plugin. -->","yoast_head_json":{"title":"Les entreprises suisses progressent en mati\u00e8re de num\u00e9risation, mais ne d\u00e9collent pas encore - Organisateur","description":"La num\u00e9risation s'immisce-t-elle dans les secteurs d'activit\u00e9 des entreprises ? Qu'est-ce qui est pris en compte par les fournisseurs ? La nouvelle suite logicielle SAP S\/4HANA est-elle utilis\u00e9e ?","robots":{"index":"index","follow":"follow","max-snippet":"max-snippet:-1","max-image-preview":"max-image-preview:large","max-video-preview":"max-video-preview:-1"},"canonical":"https:\/\/www.organisator.ch\/fr\/gestion-2\/it\/2018-10-15\/les-entreprises-suisses-mettent-un-point-de-digitalisation-pour-demarrer-mais-pas-encore-par-un\/","og_locale":"fr_FR","og_type":"article","og_title":"Schweizer Unternehmen legen punkto Digitalisierung zu, starten aber noch nicht durch","og_description":"Dringt die Digitalisierung zu den Gesch\u00e4ftsbereichen von Firmen durch? Worauf wird bei Providern geachtet? Wird die neue Business-Suite SAP S\/4HANA genutzt?","og_url":"https:\/\/www.organisator.ch\/fr\/gestion-2\/it\/2018-10-15\/les-entreprises-suisses-mettent-un-point-de-digitalisation-pour-demarrer-mais-pas-encore-par-un\/","og_site_name":"Organisator","article_publisher":"https:\/\/www.facebook.com\/OrganisatorFachmagazin","article_published_time":"2018-10-15T13:52:19+00:00","og_image":[{"width":640,"height":384,"url":"https:\/\/www.organisator.ch\/wp-content\/uploads\/2018\/10\/Schweizer-Unternehmen-legen-punkto-Digitalisierung-zu-starten-aber-noch-nicht-durch-4_Organisator.jpg","type":"image\/jpeg"}],"author":"thomas.berner","twitter_card":"summary_large_image","twitter_title":"Schweizer Unternehmen legen punkto #Digitalisierung zu, starten aber noch nicht durch","twitter_description":"Dringt die #Digitalisierung zu den Gesch\u00e4ftsbereichen von Firmen durch? Worauf wird bei Providern geachtet? Wird die neue Business-Suite #SAP #S\/4HANA genutzt?","twitter_image":"https:\/\/www.organisator.ch\/wp-content\/uploads\/2018\/10\/Schweizer-Unternehmen-legen-punkto-Digitalisierung-zu-starten-aber-noch-nicht-durch-4_Organisator.jpg","schema":{"@context":"https:\/\/schema.org","@graph":[{"@type":"Article","@id":"https:\/\/www.organisator.ch\/management\/it\/2018-10-15\/schweizer-unternehmen-legen-punkto-digitalisierung-zu-starten-aber-noch-nicht-durch\/#article","isPartOf":{"@id":"https:\/\/www.organisator.ch\/management\/it\/2018-10-15\/schweizer-unternehmen-legen-punkto-digitalisierung-zu-starten-aber-noch-nicht-durch\/"},"author":{"name":"thomas.berner","@id":"https:\/\/www.organisator.ch\/#\/schema\/person\/6f650f90b2842cd4c0cc334b4e36f67e"},"headline":"Schweizer Unternehmen legen punkto Digitalisierung zu, starten aber noch nicht durch","datePublished":"2018-10-15T13:52:19+00:00","mainEntityOfPage":{"@id":"https:\/\/www.organisator.ch\/management\/it\/2018-10-15\/schweizer-unternehmen-legen-punkto-digitalisierung-zu-starten-aber-noch-nicht-durch\/"},"wordCount":1066,"commentCount":0,"publisher":{"@id":"https:\/\/www.organisator.ch\/#organization"},"image":{"@id":"https:\/\/www.organisator.ch\/management\/it\/2018-10-15\/schweizer-unternehmen-legen-punkto-digitalisierung-zu-starten-aber-noch-nicht-durch\/#primaryimage"},"thumbnailUrl":"https:\/\/www.organisator.ch\/wp-content\/uploads\/2018\/10\/Schweizer-Unternehmen-legen-punkto-Digitalisierung-zu-starten-aber-noch-nicht-durch-6_Organisator.jpg","keywords":["IT &amp; Business Software","SAP","Studie"],"articleSection":["IT"],"inLanguage":"fr-FR"},{"@type":"WebPage","@id":"https:\/\/www.organisator.ch\/management\/it\/2018-10-15\/schweizer-unternehmen-legen-punkto-digitalisierung-zu-starten-aber-noch-nicht-durch\/","url":"https:\/\/www.organisator.ch\/management\/it\/2018-10-15\/schweizer-unternehmen-legen-punkto-digitalisierung-zu-starten-aber-noch-nicht-durch\/","name":"Les entreprises suisses progressent en mati\u00e8re de num\u00e9risation, mais ne d\u00e9collent pas encore - Organisateur","isPartOf":{"@id":"https:\/\/www.organisator.ch\/#website"},"primaryImageOfPage":{"@id":"https:\/\/www.organisator.ch\/management\/it\/2018-10-15\/schweizer-unternehmen-legen-punkto-digitalisierung-zu-starten-aber-noch-nicht-durch\/#primaryimage"},"image":{"@id":"https:\/\/www.organisator.ch\/management\/it\/2018-10-15\/schweizer-unternehmen-legen-punkto-digitalisierung-zu-starten-aber-noch-nicht-durch\/#primaryimage"},"thumbnailUrl":"https:\/\/www.organisator.ch\/wp-content\/uploads\/2018\/10\/Schweizer-Unternehmen-legen-punkto-Digitalisierung-zu-starten-aber-noch-nicht-durch-6_Organisator.jpg","datePublished":"2018-10-15T13:52:19+00:00","description":"La num\u00e9risation s'immisce-t-elle dans les secteurs d'activit\u00e9 des entreprises ? Qu'est-ce qui est pris en compte par les fournisseurs ? La nouvelle suite logicielle SAP S\/4HANA est-elle utilis\u00e9e ?","breadcrumb":{"@id":"https:\/\/www.organisator.ch\/management\/it\/2018-10-15\/schweizer-unternehmen-legen-punkto-digitalisierung-zu-starten-aber-noch-nicht-durch\/#breadcrumb"},"inLanguage":"fr-FR","potentialAction":[{"@type":"ReadAction","target":["https:\/\/www.organisator.ch\/management\/it\/2018-10-15\/schweizer-unternehmen-legen-punkto-digitalisierung-zu-starten-aber-noch-nicht-durch\/"]}]},{"@type":"ImageObject","inLanguage":"fr-FR","@id":"https:\/\/www.organisator.ch\/management\/it\/2018-10-15\/schweizer-unternehmen-legen-punkto-digitalisierung-zu-starten-aber-noch-nicht-durch\/#primaryimage","url":"https:\/\/www.organisator.ch\/wp-content\/uploads\/2018\/10\/Schweizer-Unternehmen-legen-punkto-Digitalisierung-zu-starten-aber-noch-nicht-durch-6_Organisator.jpg","contentUrl":"https:\/\/www.organisator.ch\/wp-content\/uploads\/2018\/10\/Schweizer-Unternehmen-legen-punkto-Digitalisierung-zu-starten-aber-noch-nicht-durch-6_Organisator.jpg","width":640,"height":391,"caption":"Alexander Berger, IT-Strategie-Consultant bei der 2BCS AG (links): \u00abDas Interesse an SAP S\/4HANA wird sp\u00e4testens dann steigen, wenn es zwingenden Handlungsbedarf geben wird beziehungsweise ein erkennbarer Nutzen besteht.\u00bb Und Burim Maraj, CFO\/CIO bei der Skan AG (rechts) kommentiert: \u00abWenn ein Prozess oder System nicht funktioniert, k\u00f6nnen wir nicht liefern. Deshalb sind wir auf eine hohe Kompetenz des Providers angewiesen.\u00bb (Bilder: zVg)"},{"@type":"BreadcrumbList","@id":"https:\/\/www.organisator.ch\/management\/it\/2018-10-15\/schweizer-unternehmen-legen-punkto-digitalisierung-zu-starten-aber-noch-nicht-durch\/#breadcrumb","itemListElement":[{"@type":"ListItem","position":1,"name":"Home","item":"https:\/\/www.organisator.ch\/"},{"@type":"ListItem","position":2,"name":"Schweizer Unternehmen legen punkto Digitalisierung zu, starten aber noch nicht durch"}]},{"@type":"WebSite","@id":"https:\/\/www.organisator.ch\/#website","url":"https:\/\/www.organisator.ch\/","name":"Organisateur","description":"Comp\u00e9tence et comp\u00e9tence. Proches de la pratique. L'ORGANISATEUR pr\u00e9pare 10 num\u00e9ros par an sur les th\u00e8mes essentiels pour les dirigeants de PME.","publisher":{"@id":"https:\/\/www.organisator.ch\/#organization"},"potentialAction":[{"@type":"SearchAction","target":{"@type":"EntryPoint","urlTemplate":"https:\/\/www.organisator.ch\/?s={search_term_string}"},"query-input":{"@type":"PropertyValueSpecification","valueRequired":true,"valueName":"search_term_string"}}],"inLanguage":"fr-FR"},{"@type":"Organization","@id":"https:\/\/www.organisator.ch\/#organization","name":"Organisateur","url":"https:\/\/www.organisator.ch\/","logo":{"@type":"ImageObject","inLanguage":"fr-FR","@id":"https:\/\/www.organisator.ch\/#\/schema\/logo\/image\/","url":"https:\/\/www.organisator.ch\/wp-content\/uploads\/2022\/01\/Logo_Organisator_Website.png","contentUrl":"https:\/\/www.organisator.ch\/wp-content\/uploads\/2022\/01\/Logo_Organisator_Website.png","width":800,"height":77,"caption":"Organisator"},"image":{"@id":"https:\/\/www.organisator.ch\/#\/schema\/logo\/image\/"},"sameAs":["https:\/\/www.facebook.com\/OrganisatorFachmagazin","https:\/\/www.linkedin.com\/showcase\/organisator-das-magazin-fr-kmu","https:\/\/www.xing.com\/news\/pages\/organisator-ch-695","https:\/\/www.youtube.com\/channel\/UCGP2Sq0iWaZwT3BdIAQFYpw"]},{"@type":"Person","@id":"https:\/\/www.organisator.ch\/#\/schema\/person\/6f650f90b2842cd4c0cc334b4e36f67e","name":"thomas.berner","image":{"@type":"ImageObject","inLanguage":"fr-FR","@id":"https:\/\/secure.gravatar.com\/avatar\/ac5001d2a36cb6c6cd3e50789007ffca834b477b74a2144564522e944eabff61?s=96&d=mm&r=g","url":"https:\/\/secure.gravatar.com\/avatar\/ac5001d2a36cb6c6cd3e50789007ffca834b477b74a2144564522e944eabff61?s=96&d=mm&r=g","contentUrl":"https:\/\/secure.gravatar.com\/avatar\/ac5001d2a36cb6c6cd3e50789007ffca834b477b74a2144564522e944eabff61?s=96&d=mm&r=g","caption":"thomas.berner"},"url":"https:\/\/www.organisator.ch\/fr\/author\/thomas-berner\/"}]}},"_links":{"self":[{"href":"https:\/\/www.organisator.ch\/fr\/wp-json\/wp\/v2\/posts\/4373","targetHints":{"allow":["GET"]}}],"collection":[{"href":"https:\/\/www.organisator.ch\/fr\/wp-json\/wp\/v2\/posts"}],"about":[{"href":"https:\/\/www.organisator.ch\/fr\/wp-json\/wp\/v2\/types\/post"}],"author":[{"embeddable":true,"href":"https:\/\/www.organisator.ch\/fr\/wp-json\/wp\/v2\/users\/4"}],"replies":[{"embeddable":true,"href":"https:\/\/www.organisator.ch\/fr\/wp-json\/wp\/v2\/comments?post=4373"}],"version-history":[{"count":0,"href":"https:\/\/www.organisator.ch\/fr\/wp-json\/wp\/v2\/posts\/4373\/revisions"}],"wp:featuredmedia":[{"embeddable":true,"href":"https:\/\/www.organisator.ch\/fr\/wp-json\/wp\/v2\/media\/4383"}],"wp:attachment":[{"href":"https:\/\/www.organisator.ch\/fr\/wp-json\/wp\/v2\/media?parent=4373"}],"wp:term":[{"taxonomy":"category","embeddable":true,"href":"https:\/\/www.organisator.ch\/fr\/wp-json\/wp\/v2\/categories?post=4373"},{"taxonomy":"post_tag","embeddable":true,"href":"https:\/\/www.organisator.ch\/fr\/wp-json\/wp\/v2\/tags?post=4373"}],"curies":[{"name":"wp","href":"https:\/\/api.w.org\/{rel}","templated":true}]}}