{"id":43812,"date":"2026-01-27T16:19:05","date_gmt":"2026-01-27T15:19:05","guid":{"rendered":"https:\/\/www.organisator.ch\/de\/?p=43812"},"modified":"2026-01-27T16:19:05","modified_gmt":"2026-01-27T15:19:05","slug":"salt-business-lanciert-schweizweites-corporate-internet-mit-integrierter-business-continuity","status":"publish","type":"post","link":"https:\/\/www.organisator.ch\/fr\/management\/it\/2026-01-27\/salt-business-lanciert-schweizweites-corporate-internet-mit-integrierter-business-continuity\/","title":{"rendered":"Salt Business lance l'Internet d'entreprise dans toute la Suisse avec continuit\u00e9 des activit\u00e9s int\u00e9gr\u00e9e"},"content":{"rendered":"<figure>\n<figure style=\"width: 1400px\" class=\"wp-caption alignnone\"><img loading=\"lazy\" decoding=\"async\" src=\"https:\/\/www.organisator.ch\/wp-content\/uploads\/2026\/01\/WT5eAt4cDk70-1-scaled.jpg\" alt=\"Electronic device, Technology, Ceiling\" width=\"1400\" height=\"934\" \/><figcaption class=\"wp-caption-text\">Max Nunziata, CEO de Salt, lors du lancement du produit \u00e0 l'Aura, Zurich. (Image : Livia Bass)<\/figcaption><\/figure><br \/>\n<\/figure>\n<p>Salt Business a lanc\u00e9 Corporate Internet, une nouvelle solution de connectivit\u00e9 pour les entreprises dans toute la Suisse. Cette extension strat\u00e9gique du portefeuille d'offres r\u00e9pond \u00e0 la demande croissante d'une connectivit\u00e9 r\u00e9siliente et s\u00e9curis\u00e9e en tant qu'infrastructure critique pour l'entreprise. Le service est disponible dans toute la Suisse et est fourni via une infrastructure bas\u00e9e sur la fibre optique et, si n\u00e9cessaire, via d'autres technologies.<\/p>\n<h3>La continuit\u00e9 des activit\u00e9s au c\u0153ur du dispositif<\/h3>\n<p>La continuit\u00e9 des activit\u00e9s est au c\u0153ur de Corporate Internet. Gr\u00e2ce \u00e0 la r\u00e9silience int\u00e9gr\u00e9e et au basculement automatique, la continuit\u00e9 de l'activit\u00e9 est assur\u00e9e m\u00eame en cas de panne de la connexion primaire. Le passage au r\u00e9seau mobile de Salt se fait alors imm\u00e9diatement et avec une performance stable. Les applications telles que les vid\u00e9oconf\u00e9rences, les services en nuage, les acc\u00e8s VPN et les outils de travail \u00e0 distance restent disponibles et garantissent un fonctionnement sans interruption.<\/p>\n<h3>S\u00e9curit\u00e9 d\u00e8s la conception avec Fortinet<\/h3>\n<p>Security by Design fait partie int\u00e9grante de Corporate Internet. Soutenue par Fortinet, un leader mondial dans le domaine de la cybers\u00e9curit\u00e9, la solution prot\u00e8ge les r\u00e9seaux, les donn\u00e9es et les applications contre les menaces modernes. Une protection int\u00e9gr\u00e9e contre les DDoS contribue \u00e0 maintenir les sites web disponibles m\u00eame en cas d'attaques \u00e0 grande \u00e9chelle, tandis que la protection anti-malware d\u00e9tecte et bloque les logiciels malveillants \u00e0 un stade pr\u00e9coce, avant qu'ils ne se propagent. Les fonctions de s\u00e9curit\u00e9 sont g\u00e9r\u00e9es de mani\u00e8re centralis\u00e9e et mises \u00e0 jour en permanence. Gr\u00e2ce \u00e0 la pr\u00e9sence mondiale de Fortinet, les bases de donn\u00e9es sur les menaces sont rapidement renouvel\u00e9es et les nouveaux virus sont rapidement bloqu\u00e9s.<\/p>\n<h3>La voix d'entreprise comme compl\u00e9ment<\/h3>\n<p>En compl\u00e9ment de Corporate Internet, Salt Business propose Corporate Voice, une solution vocale de niveau op\u00e9rateur compatible avec les syst\u00e8mes PBX locaux existants ainsi qu'avec les plates-formes de t\u00e9l\u00e9phonie bas\u00e9es sur le cloud. Des mod\u00e8les de prix flexibles, dont le Pay-as-you-go ainsi que les tarifs Flat-Swiss et Flat-International, assurent un contr\u00f4le des co\u00fbts planifiable.<\/p>\n<h3>Lancement sur le march\u00e9 et prix<\/h3>\n<p>Corporate Internet est disponible d\u00e8s maintenant dans toute la Suisse et est propos\u00e9 en trois niveaux de vitesse sym\u00e9triques : 1 Gbit\/s \u00e0 partir de CHF 95.20 par mois (hors TVA), 10 Gbit\/s \u00e0 partir de CHF 159.20 par mois (hors TVA) ainsi qu'une option ultra-rapide de 40 Gbit\/s sur demande. Avec des prix jusqu'\u00e0 50 pour cent inf\u00e9rieurs aux offres comparables, Corporate Internet souligne l'exigence de Salt en mati\u00e8re d'excellent rapport qualit\u00e9-prix. Les clients professionnels de Salt Business Mobile b\u00e9n\u00e9ficient d'une r\u00e9duction de 20 pour cent, tandis qu'une offre Early Bird offre une r\u00e9duction de 50 pour cent au cours des six premiers mois. De plus amples informations sont disponibles sous <a href=\"https:\/\/www.salt.ch\/business\" target=\"_blank\" rel=\"noopener\">www.salt.ch\/business<\/a>.<\/p>\n<p>Max Nunziata, CEO de Salt, a d\u00e9clar\u00e9 \u00e0 l'occasion du lancement du produit \u00e0 Zurich : \u00abNos clients commerciaux nous accordent leur confiance depuis de nombreuses ann\u00e9es en tant qu'op\u00e9rateur de t\u00e9l\u00e9phonie mobile. Avec Corporate Internet, cette confiance s'\u00e9tend d\u00e9sormais \u00e0 la connectivit\u00e9 pour les processus d'entreprise critiques, dont l'importance strat\u00e9gique ne cesse de cro\u00eetre. La connectivit\u00e9 occupe donc une place centrale dans notre offre de services. Elle est soutenue par une continuit\u00e9 d'activit\u00e9 int\u00e9gr\u00e9e ainsi que par des fonctions de s\u00e9curit\u00e9 avanc\u00e9es. Ce lancement marque la fin d'une phase de test approfondie avec des clients commerciaux existants, qui ont confirm\u00e9 la pertinence et la fiabilit\u00e9 de la solution\u00bb.\u00bb<\/p>","protected":false},"excerpt":{"rendered":"<p>Salt Business \u00e9largit son offre avec Corporate Internet, une solution de connectivit\u00e9 nationale pour les entreprises suisses. Le portefeuille comprend un acc\u00e8s Internet performant avec basculement automatique sur le r\u00e9seau mobile ainsi que des fonctions de s\u00e9curit\u00e9 compl\u00e8tes en collaboration avec Fortinet. Avec des prix jusqu'\u00e0 50 pour cent inf\u00e9rieurs \u00e0 ceux d'offres comparables, Salt se positionne comme un partenaire de connectivit\u00e9 complet.<\/p>","protected":false},"author":107,"featured_media":43805,"comment_status":"closed","ping_status":"closed","sticky":false,"template":"","format":"standard","meta":{"_acf_changed":false,"_yoast_wpseo_focuskw":"Salt Business Corporate Internet","_yoast_wpseo_metadesc":"Salt Business lanciert Corporate Internet: Schweizweite Konnektivit\u00e4t mit Business Continuity, Security by Design\u00a0\u2013 und zu tieferen Preisen.","articlekey":"","footnotes":""},"categories":[27],"tags":[286,393,479],"class_list":["post-43812","post","type-post","status-publish","format-standard","has-post-thumbnail","hentry","category-it","tag-it","tag-produkte","tag-telekommunikation"],"acf":[],"yoast_head":"<!-- This site is optimized with the Yoast SEO plugin v27.4 - https:\/\/yoast.com\/product\/yoast-seo-wordpress\/ -->\n<title>Salt Business lanciert schweizweites Corporate Internet mit integrierter Business Continuity - Organisator<\/title>\n<meta name=\"description\" content=\"Salt Business lanciert Corporate Internet: Schweizweite Konnektivit\u00e4t mit Business Continuity, Security by Design\u00a0\u2013 und zu tieferen Preisen.\" \/>\n<meta name=\"robots\" content=\"index, follow, max-snippet:-1, max-image-preview:large, max-video-preview:-1\" \/>\n<link rel=\"canonical\" href=\"https:\/\/www.organisator.ch\/fr\/gestion-2\/it\/2026-01-27\/salt-business-lanciert-schweizweites-corporate-internet-mit-integrierter-business-continuity\/\" \/>\n<meta property=\"og:locale\" content=\"fr_FR\" \/>\n<meta property=\"og:type\" content=\"article\" \/>\n<meta property=\"og:title\" content=\"Salt Business lanciert schweizweites Corporate Internet mit integrierter Business Continuity\" \/>\n<meta property=\"og:description\" content=\"Salt Business lanciert Corporate Internet: Schweizweite Konnektivit\u00e4t mit Business Continuity, Security by Design\u00a0\u2013 und zu tieferen Preisen.\" \/>\n<meta property=\"og:url\" content=\"https:\/\/www.organisator.ch\/fr\/gestion-2\/it\/2026-01-27\/salt-business-lanciert-schweizweites-corporate-internet-mit-integrierter-business-continuity\/\" \/>\n<meta property=\"og:site_name\" content=\"Organisator\" \/>\n<meta property=\"article:publisher\" content=\"https:\/\/www.facebook.com\/OrganisatorFachmagazin\" \/>\n<meta property=\"article:published_time\" content=\"2026-01-27T15:19:05+00:00\" \/>\n<meta property=\"og:image\" content=\"https:\/\/www.organisator.ch\/wp-content\/uploads\/2026\/01\/WT5eAt4cDk70-1-scaled.jpg\" \/>\n\t<meta property=\"og:image:width\" content=\"1400\" \/>\n\t<meta property=\"og:image:height\" content=\"934\" \/>\n\t<meta property=\"og:image:type\" content=\"image\/jpeg\" \/>\n<meta name=\"author\" content=\"n8n\" \/>\n<meta name=\"twitter:card\" content=\"summary_large_image\" \/>\n<meta name=\"twitter:title\" content=\"Salt Business lanciert schweizweites #Corporate Internet mit integrierter Business #Continuity\" \/>\n<meta name=\"twitter:description\" content=\"Salt Business lanciert #Corporate Internet: Schweizweite #Konnektivit\u00e4t mit Business #Continuity, #Security by Design\u00a0\u2013 und zu tieferen Preisen.\" \/>\n<meta name=\"twitter:image\" content=\"https:\/\/www.organisator.ch\/wp-content\/uploads\/2026\/01\/WT5eAt4cDk70-1-scaled.jpg\" \/>\n<script type=\"application\/ld+json\" class=\"yoast-schema-graph\">{\"@context\":\"https:\\\/\\\/schema.org\",\"@graph\":[{\"@type\":\"Article\",\"@id\":\"https:\\\/\\\/www.organisator.ch\\\/management\\\/it\\\/2026-01-27\\\/salt-business-lanciert-schweizweites-corporate-internet-mit-integrierter-business-continuity\\\/#article\",\"isPartOf\":{\"@id\":\"https:\\\/\\\/www.organisator.ch\\\/management\\\/it\\\/2026-01-27\\\/salt-business-lanciert-schweizweites-corporate-internet-mit-integrierter-business-continuity\\\/\"},\"author\":{\"name\":\"n8n\",\"@id\":\"https:\\\/\\\/www.organisator.ch\\\/#\\\/schema\\\/person\\\/a9d0e0eff238db87a8f840f3b50359f0\"},\"headline\":\"Salt Business lanciert schweizweites Corporate Internet mit integrierter Business Continuity\",\"datePublished\":\"2026-01-27T15:19:05+00:00\",\"mainEntityOfPage\":{\"@id\":\"https:\\\/\\\/www.organisator.ch\\\/management\\\/it\\\/2026-01-27\\\/salt-business-lanciert-schweizweites-corporate-internet-mit-integrierter-business-continuity\\\/\"},\"wordCount\":495,\"publisher\":{\"@id\":\"https:\\\/\\\/www.organisator.ch\\\/#organization\"},\"image\":{\"@id\":\"https:\\\/\\\/www.organisator.ch\\\/management\\\/it\\\/2026-01-27\\\/salt-business-lanciert-schweizweites-corporate-internet-mit-integrierter-business-continuity\\\/#primaryimage\"},\"thumbnailUrl\":\"https:\\\/\\\/www.organisator.ch\\\/wp-content\\\/uploads\\\/2026\\\/01\\\/WT5eAt4cDk70-1-scaled.jpg\",\"keywords\":[\"IT\",\"Produkte\",\"Telekommunikation\"],\"articleSection\":[\"IT\"],\"inLanguage\":\"fr-FR\"},{\"@type\":\"WebPage\",\"@id\":\"https:\\\/\\\/www.organisator.ch\\\/management\\\/it\\\/2026-01-27\\\/salt-business-lanciert-schweizweites-corporate-internet-mit-integrierter-business-continuity\\\/\",\"url\":\"https:\\\/\\\/www.organisator.ch\\\/management\\\/it\\\/2026-01-27\\\/salt-business-lanciert-schweizweites-corporate-internet-mit-integrierter-business-continuity\\\/\",\"name\":\"Salt Business lanciert schweizweites Corporate Internet mit integrierter Business Continuity - Organisator\",\"isPartOf\":{\"@id\":\"https:\\\/\\\/www.organisator.ch\\\/#website\"},\"primaryImageOfPage\":{\"@id\":\"https:\\\/\\\/www.organisator.ch\\\/management\\\/it\\\/2026-01-27\\\/salt-business-lanciert-schweizweites-corporate-internet-mit-integrierter-business-continuity\\\/#primaryimage\"},\"image\":{\"@id\":\"https:\\\/\\\/www.organisator.ch\\\/management\\\/it\\\/2026-01-27\\\/salt-business-lanciert-schweizweites-corporate-internet-mit-integrierter-business-continuity\\\/#primaryimage\"},\"thumbnailUrl\":\"https:\\\/\\\/www.organisator.ch\\\/wp-content\\\/uploads\\\/2026\\\/01\\\/WT5eAt4cDk70-1-scaled.jpg\",\"datePublished\":\"2026-01-27T15:19:05+00:00\",\"description\":\"Salt Business lanciert Corporate Internet: Schweizweite Konnektivit\u00e4t mit Business Continuity, Security by Design\u00a0\u2013 und zu tieferen Preisen.\",\"breadcrumb\":{\"@id\":\"https:\\\/\\\/www.organisator.ch\\\/management\\\/it\\\/2026-01-27\\\/salt-business-lanciert-schweizweites-corporate-internet-mit-integrierter-business-continuity\\\/#breadcrumb\"},\"inLanguage\":\"fr-FR\",\"potentialAction\":[{\"@type\":\"ReadAction\",\"target\":[\"https:\\\/\\\/www.organisator.ch\\\/management\\\/it\\\/2026-01-27\\\/salt-business-lanciert-schweizweites-corporate-internet-mit-integrierter-business-continuity\\\/\"]}]},{\"@type\":\"ImageObject\",\"inLanguage\":\"fr-FR\",\"@id\":\"https:\\\/\\\/www.organisator.ch\\\/management\\\/it\\\/2026-01-27\\\/salt-business-lanciert-schweizweites-corporate-internet-mit-integrierter-business-continuity\\\/#primaryimage\",\"url\":\"https:\\\/\\\/www.organisator.ch\\\/wp-content\\\/uploads\\\/2026\\\/01\\\/WT5eAt4cDk70-1-scaled.jpg\",\"contentUrl\":\"https:\\\/\\\/www.organisator.ch\\\/wp-content\\\/uploads\\\/2026\\\/01\\\/WT5eAt4cDk70-1-scaled.jpg\",\"width\":1400,\"height\":934},{\"@type\":\"BreadcrumbList\",\"@id\":\"https:\\\/\\\/www.organisator.ch\\\/management\\\/it\\\/2026-01-27\\\/salt-business-lanciert-schweizweites-corporate-internet-mit-integrierter-business-continuity\\\/#breadcrumb\",\"itemListElement\":[{\"@type\":\"ListItem\",\"position\":1,\"name\":\"Home\",\"item\":\"https:\\\/\\\/www.organisator.ch\\\/\"},{\"@type\":\"ListItem\",\"position\":2,\"name\":\"Salt Business lanciert schweizweites Corporate Internet mit integrierter Business Continuity\"}]},{\"@type\":\"WebSite\",\"@id\":\"https:\\\/\\\/www.organisator.ch\\\/#website\",\"url\":\"https:\\\/\\\/www.organisator.ch\\\/\",\"name\":\"Organisator\",\"description\":\"Kompetent. Praxisnah. Der ORGANISATOR bereitet in 10 Ausgaben pro Jahr die wesentlichen Themen f\u00fcr F\u00fchrungskr\u00e4fte von KMU auf.\",\"publisher\":{\"@id\":\"https:\\\/\\\/www.organisator.ch\\\/#organization\"},\"potentialAction\":[{\"@type\":\"SearchAction\",\"target\":{\"@type\":\"EntryPoint\",\"urlTemplate\":\"https:\\\/\\\/www.organisator.ch\\\/?s={search_term_string}\"},\"query-input\":{\"@type\":\"PropertyValueSpecification\",\"valueRequired\":true,\"valueName\":\"search_term_string\"}}],\"inLanguage\":\"fr-FR\"},{\"@type\":\"Organization\",\"@id\":\"https:\\\/\\\/www.organisator.ch\\\/#organization\",\"name\":\"Organisator\",\"url\":\"https:\\\/\\\/www.organisator.ch\\\/\",\"logo\":{\"@type\":\"ImageObject\",\"inLanguage\":\"fr-FR\",\"@id\":\"https:\\\/\\\/www.organisator.ch\\\/#\\\/schema\\\/logo\\\/image\\\/\",\"url\":\"https:\\\/\\\/www.organisator.ch\\\/wp-content\\\/uploads\\\/2022\\\/01\\\/Logo_Organisator_Website.png\",\"contentUrl\":\"https:\\\/\\\/www.organisator.ch\\\/wp-content\\\/uploads\\\/2022\\\/01\\\/Logo_Organisator_Website.png\",\"width\":800,\"height\":77,\"caption\":\"Organisator\"},\"image\":{\"@id\":\"https:\\\/\\\/www.organisator.ch\\\/#\\\/schema\\\/logo\\\/image\\\/\"},\"sameAs\":[\"https:\\\/\\\/www.facebook.com\\\/OrganisatorFachmagazin\",\"https:\\\/\\\/www.linkedin.com\\\/showcase\\\/organisator-das-magazin-fr-kmu\",\"https:\\\/\\\/www.xing.com\\\/news\\\/pages\\\/organisator-ch-695\",\"https:\\\/\\\/www.youtube.com\\\/channel\\\/UCGP2Sq0iWaZwT3BdIAQFYpw\"]},{\"@type\":\"Person\",\"@id\":\"https:\\\/\\\/www.organisator.ch\\\/#\\\/schema\\\/person\\\/a9d0e0eff238db87a8f840f3b50359f0\",\"name\":\"n8n\",\"image\":{\"@type\":\"ImageObject\",\"inLanguage\":\"fr-FR\",\"@id\":\"https:\\\/\\\/secure.gravatar.com\\\/avatar\\\/5368fb9d03fd415a6f335cece4c15af2502d6ca8651efbd6e8f98427a9795400?s=96&d=mm&r=g\",\"url\":\"https:\\\/\\\/secure.gravatar.com\\\/avatar\\\/5368fb9d03fd415a6f335cece4c15af2502d6ca8651efbd6e8f98427a9795400?s=96&d=mm&r=g\",\"contentUrl\":\"https:\\\/\\\/secure.gravatar.com\\\/avatar\\\/5368fb9d03fd415a6f335cece4c15af2502d6ca8651efbd6e8f98427a9795400?s=96&d=mm&r=g\",\"caption\":\"n8n\"},\"url\":\"https:\\\/\\\/www.organisator.ch\\\/fr\\\/author\\\/n8n\\\/\"}]}<\/script>\n<!-- \/ Yoast SEO plugin. -->","yoast_head_json":{"title":"Salt Business lance l'Internet d'entreprise dans toute la Suisse avec continuit\u00e9 des activit\u00e9s int\u00e9gr\u00e9e - Organisateur","description":"Salt Business lance Corporate Internet : Connectivit\u00e9 dans toute la Suisse avec Business Continuity, Security by Design - et \u00e0 des prix plus bas.","robots":{"index":"index","follow":"follow","max-snippet":"max-snippet:-1","max-image-preview":"max-image-preview:large","max-video-preview":"max-video-preview:-1"},"canonical":"https:\/\/www.organisator.ch\/fr\/gestion-2\/it\/2026-01-27\/salt-business-lanciert-schweizweites-corporate-internet-mit-integrierter-business-continuity\/","og_locale":"fr_FR","og_type":"article","og_title":"Salt Business lanciert schweizweites Corporate Internet mit integrierter Business Continuity","og_description":"Salt Business lanciert Corporate Internet: Schweizweite Konnektivit\u00e4t mit Business Continuity, Security by Design\u00a0\u2013 und zu tieferen Preisen.","og_url":"https:\/\/www.organisator.ch\/fr\/gestion-2\/it\/2026-01-27\/salt-business-lanciert-schweizweites-corporate-internet-mit-integrierter-business-continuity\/","og_site_name":"Organisator","article_publisher":"https:\/\/www.facebook.com\/OrganisatorFachmagazin","article_published_time":"2026-01-27T15:19:05+00:00","og_image":[{"width":1400,"height":934,"url":"https:\/\/www.organisator.ch\/wp-content\/uploads\/2026\/01\/WT5eAt4cDk70-1-scaled.jpg","type":"image\/jpeg"}],"author":"n8n","twitter_card":"summary_large_image","twitter_title":"Salt Business lanciert schweizweites #Corporate Internet mit integrierter Business #Continuity","twitter_description":"Salt Business lanciert #Corporate Internet: Schweizweite #Konnektivit\u00e4t mit Business #Continuity, #Security by Design\u00a0\u2013 und zu tieferen Preisen.","twitter_image":"https:\/\/www.organisator.ch\/wp-content\/uploads\/2026\/01\/WT5eAt4cDk70-1-scaled.jpg","schema":{"@context":"https:\/\/schema.org","@graph":[{"@type":"Article","@id":"https:\/\/www.organisator.ch\/management\/it\/2026-01-27\/salt-business-lanciert-schweizweites-corporate-internet-mit-integrierter-business-continuity\/#article","isPartOf":{"@id":"https:\/\/www.organisator.ch\/management\/it\/2026-01-27\/salt-business-lanciert-schweizweites-corporate-internet-mit-integrierter-business-continuity\/"},"author":{"name":"n8n","@id":"https:\/\/www.organisator.ch\/#\/schema\/person\/a9d0e0eff238db87a8f840f3b50359f0"},"headline":"Salt Business lanciert schweizweites Corporate Internet mit integrierter Business Continuity","datePublished":"2026-01-27T15:19:05+00:00","mainEntityOfPage":{"@id":"https:\/\/www.organisator.ch\/management\/it\/2026-01-27\/salt-business-lanciert-schweizweites-corporate-internet-mit-integrierter-business-continuity\/"},"wordCount":495,"publisher":{"@id":"https:\/\/www.organisator.ch\/#organization"},"image":{"@id":"https:\/\/www.organisator.ch\/management\/it\/2026-01-27\/salt-business-lanciert-schweizweites-corporate-internet-mit-integrierter-business-continuity\/#primaryimage"},"thumbnailUrl":"https:\/\/www.organisator.ch\/wp-content\/uploads\/2026\/01\/WT5eAt4cDk70-1-scaled.jpg","keywords":["IT","Produkte","Telekommunikation"],"articleSection":["IT"],"inLanguage":"fr-FR"},{"@type":"WebPage","@id":"https:\/\/www.organisator.ch\/management\/it\/2026-01-27\/salt-business-lanciert-schweizweites-corporate-internet-mit-integrierter-business-continuity\/","url":"https:\/\/www.organisator.ch\/management\/it\/2026-01-27\/salt-business-lanciert-schweizweites-corporate-internet-mit-integrierter-business-continuity\/","name":"Salt Business lance l'Internet d'entreprise dans toute la Suisse avec continuit\u00e9 des activit\u00e9s int\u00e9gr\u00e9e - Organisateur","isPartOf":{"@id":"https:\/\/www.organisator.ch\/#website"},"primaryImageOfPage":{"@id":"https:\/\/www.organisator.ch\/management\/it\/2026-01-27\/salt-business-lanciert-schweizweites-corporate-internet-mit-integrierter-business-continuity\/#primaryimage"},"image":{"@id":"https:\/\/www.organisator.ch\/management\/it\/2026-01-27\/salt-business-lanciert-schweizweites-corporate-internet-mit-integrierter-business-continuity\/#primaryimage"},"thumbnailUrl":"https:\/\/www.organisator.ch\/wp-content\/uploads\/2026\/01\/WT5eAt4cDk70-1-scaled.jpg","datePublished":"2026-01-27T15:19:05+00:00","description":"Salt Business lance Corporate Internet : Connectivit\u00e9 dans toute la Suisse avec Business Continuity, Security by Design - et \u00e0 des prix plus bas.","breadcrumb":{"@id":"https:\/\/www.organisator.ch\/management\/it\/2026-01-27\/salt-business-lanciert-schweizweites-corporate-internet-mit-integrierter-business-continuity\/#breadcrumb"},"inLanguage":"fr-FR","potentialAction":[{"@type":"ReadAction","target":["https:\/\/www.organisator.ch\/management\/it\/2026-01-27\/salt-business-lanciert-schweizweites-corporate-internet-mit-integrierter-business-continuity\/"]}]},{"@type":"ImageObject","inLanguage":"fr-FR","@id":"https:\/\/www.organisator.ch\/management\/it\/2026-01-27\/salt-business-lanciert-schweizweites-corporate-internet-mit-integrierter-business-continuity\/#primaryimage","url":"https:\/\/www.organisator.ch\/wp-content\/uploads\/2026\/01\/WT5eAt4cDk70-1-scaled.jpg","contentUrl":"https:\/\/www.organisator.ch\/wp-content\/uploads\/2026\/01\/WT5eAt4cDk70-1-scaled.jpg","width":1400,"height":934},{"@type":"BreadcrumbList","@id":"https:\/\/www.organisator.ch\/management\/it\/2026-01-27\/salt-business-lanciert-schweizweites-corporate-internet-mit-integrierter-business-continuity\/#breadcrumb","itemListElement":[{"@type":"ListItem","position":1,"name":"Home","item":"https:\/\/www.organisator.ch\/"},{"@type":"ListItem","position":2,"name":"Salt Business lanciert schweizweites Corporate Internet mit integrierter Business Continuity"}]},{"@type":"WebSite","@id":"https:\/\/www.organisator.ch\/#website","url":"https:\/\/www.organisator.ch\/","name":"Organisateur","description":"Comp\u00e9tence et comp\u00e9tence. Proches de la pratique. L'ORGANISATEUR pr\u00e9pare 10 num\u00e9ros par an sur les th\u00e8mes essentiels pour les dirigeants de PME.","publisher":{"@id":"https:\/\/www.organisator.ch\/#organization"},"potentialAction":[{"@type":"SearchAction","target":{"@type":"EntryPoint","urlTemplate":"https:\/\/www.organisator.ch\/?s={search_term_string}"},"query-input":{"@type":"PropertyValueSpecification","valueRequired":true,"valueName":"search_term_string"}}],"inLanguage":"fr-FR"},{"@type":"Organization","@id":"https:\/\/www.organisator.ch\/#organization","name":"Organisateur","url":"https:\/\/www.organisator.ch\/","logo":{"@type":"ImageObject","inLanguage":"fr-FR","@id":"https:\/\/www.organisator.ch\/#\/schema\/logo\/image\/","url":"https:\/\/www.organisator.ch\/wp-content\/uploads\/2022\/01\/Logo_Organisator_Website.png","contentUrl":"https:\/\/www.organisator.ch\/wp-content\/uploads\/2022\/01\/Logo_Organisator_Website.png","width":800,"height":77,"caption":"Organisator"},"image":{"@id":"https:\/\/www.organisator.ch\/#\/schema\/logo\/image\/"},"sameAs":["https:\/\/www.facebook.com\/OrganisatorFachmagazin","https:\/\/www.linkedin.com\/showcase\/organisator-das-magazin-fr-kmu","https:\/\/www.xing.com\/news\/pages\/organisator-ch-695","https:\/\/www.youtube.com\/channel\/UCGP2Sq0iWaZwT3BdIAQFYpw"]},{"@type":"Person","@id":"https:\/\/www.organisator.ch\/#\/schema\/person\/a9d0e0eff238db87a8f840f3b50359f0","name":"n8n","image":{"@type":"ImageObject","inLanguage":"fr-FR","@id":"https:\/\/secure.gravatar.com\/avatar\/5368fb9d03fd415a6f335cece4c15af2502d6ca8651efbd6e8f98427a9795400?s=96&d=mm&r=g","url":"https:\/\/secure.gravatar.com\/avatar\/5368fb9d03fd415a6f335cece4c15af2502d6ca8651efbd6e8f98427a9795400?s=96&d=mm&r=g","contentUrl":"https:\/\/secure.gravatar.com\/avatar\/5368fb9d03fd415a6f335cece4c15af2502d6ca8651efbd6e8f98427a9795400?s=96&d=mm&r=g","caption":"n8n"},"url":"https:\/\/www.organisator.ch\/fr\/author\/n8n\/"}]}},"_links":{"self":[{"href":"https:\/\/www.organisator.ch\/fr\/wp-json\/wp\/v2\/posts\/43812","targetHints":{"allow":["GET"]}}],"collection":[{"href":"https:\/\/www.organisator.ch\/fr\/wp-json\/wp\/v2\/posts"}],"about":[{"href":"https:\/\/www.organisator.ch\/fr\/wp-json\/wp\/v2\/types\/post"}],"author":[{"embeddable":true,"href":"https:\/\/www.organisator.ch\/fr\/wp-json\/wp\/v2\/users\/107"}],"replies":[{"embeddable":true,"href":"https:\/\/www.organisator.ch\/fr\/wp-json\/wp\/v2\/comments?post=43812"}],"version-history":[{"count":5,"href":"https:\/\/www.organisator.ch\/fr\/wp-json\/wp\/v2\/posts\/43812\/revisions"}],"predecessor-version":[{"id":43929,"href":"https:\/\/www.organisator.ch\/fr\/wp-json\/wp\/v2\/posts\/43812\/revisions\/43929"}],"wp:featuredmedia":[{"embeddable":true,"href":"https:\/\/www.organisator.ch\/fr\/wp-json\/wp\/v2\/media\/43805"}],"wp:attachment":[{"href":"https:\/\/www.organisator.ch\/fr\/wp-json\/wp\/v2\/media?parent=43812"}],"wp:term":[{"taxonomy":"category","embeddable":true,"href":"https:\/\/www.organisator.ch\/fr\/wp-json\/wp\/v2\/categories?post=43812"},{"taxonomy":"post_tag","embeddable":true,"href":"https:\/\/www.organisator.ch\/fr\/wp-json\/wp\/v2\/tags?post=43812"}],"curies":[{"name":"wp","href":"https:\/\/api.w.org\/{rel}","templated":true}]}}