{"id":4384,"date":"2021-06-16T15:28:50","date_gmt":"2021-06-16T13:28:50","guid":{"rendered":"https:\/\/www.umweltperspektiven.ch\/?p=4384"},"modified":"2021-06-16T15:28:50","modified_gmt":"2021-06-16T13:28:50","slug":"unwetterschaeden-bilanz-gut-schutzmassnahmen-bewaehrten-sich","status":"publish","type":"post","link":"https:\/\/www.organisator.ch\/fr\/allgemein\/2021-06-16\/unwetterschaeden-bilanz-gut-schutzmassnahmen-bewaehrten-sich\/","title":{"rendered":"D\u00e9g\u00e2ts dus aux intemp\u00e9ries en 2020 : un bon bilan - des mesures de protection qui ont fait leurs preuves"},"content":{"rendered":"<figure id=\"attachment_4385\" aria-describedby=\"caption-attachment-4385\" style=\"width: 680px\" class=\"wp-caption aligncenter\"><img loading=\"lazy\" decoding=\"async\" class=\"size-medium wp-image-4385\" src=\"\/\/www.umweltperspektiven.ch\/wp-content\/uploads\/2021\/06\/6_Bild8_ValentinLuthiger_Oktober3_Reuss2.jpg\" alt=\"\" width=\"680\" height=\"453\" srcset=\"https:\/\/www.organisator.ch\/wp-content\/uploads\/2021\/06\/6_Bild8_ValentinLuthiger_Oktober3_Reuss2.jpg 1545w, https:\/\/www.organisator.ch\/wp-content\/uploads\/2021\/06\/6_Bild8_ValentinLuthiger_Oktober3_Reuss2-680x453.jpg 680w, https:\/\/www.organisator.ch\/wp-content\/uploads\/2021\/06\/6_Bild8_ValentinLuthiger_Oktober3_Reuss2-1024x683.jpg 1024w, https:\/\/www.organisator.ch\/wp-content\/uploads\/2021\/06\/6_Bild8_ValentinLuthiger_Oktober3_Reuss2-768x512.jpg 768w, https:\/\/www.organisator.ch\/wp-content\/uploads\/2021\/06\/6_Bild8_ValentinLuthiger_Oktober3_Reuss2-1536x1024.jpg 1536w, https:\/\/www.organisator.ch\/wp-content\/uploads\/2021\/06\/6_Bild8_ValentinLuthiger_Oktober3_Reuss2-18x12.jpg 18w, https:\/\/www.organisator.ch\/wp-content\/uploads\/2021\/06\/6_Bild8_ValentinLuthiger_Oktober3_Reuss2-263x175.jpg 263w, https:\/\/www.organisator.ch\/wp-content\/uploads\/2021\/06\/6_Bild8_ValentinLuthiger_Oktober3_Reuss2-525x350.jpg 525w, https:\/\/www.organisator.ch\/wp-content\/uploads\/2021\/06\/6_Bild8_ValentinLuthiger_Oktober3_Reuss2-1200x800.jpg 1200w, https:\/\/www.organisator.ch\/wp-content\/uploads\/2021\/06\/6_Bild8_ValentinLuthiger_Oktober3_Reuss2-920x613.jpg 920w, https:\/\/www.organisator.ch\/wp-content\/uploads\/2021\/06\/6_Bild8_ValentinLuthiger_Oktober3_Reuss2-1400x933.jpg 1400w, https:\/\/www.organisator.ch\/wp-content\/uploads\/2021\/06\/6_Bild8_ValentinLuthiger_Oktober3_Reuss2-300x200.jpg 300w\" sizes=\"auto, (max-width: 680px) 100vw, 680px\" \/><figcaption id=\"caption-attachment-4385\" class=\"wp-caption-text\">Le 3 octobre 2020, la Reuss en crue a \u00e9t\u00e9 d\u00e9vi\u00e9e sur l'autoroute A2 via le dispositif de d\u00e9charge pr\u00e8s d'Altdorf. Photo : Valentin Luthiger<\/figcaption><\/figure>\n<p>Sur une s\u00e9rie de donn\u00e9es de 49 ans, l'ann\u00e9e 2020 se classe parmi les dix ann\u00e9es pr\u00e9sentant le moins de dommages dus aux intemp\u00e9ries (crues, laves torrentielles, glissements de terrain et processus de chute). Sur un total de pr\u00e8s de 40 millions de francs, 82% des dommages sont imputables aux crues, au ruissellement de surface et aux laves torrentielles. Les dommages caus\u00e9s par les glissements de terrain (10%) et les processus de chute (8%) ont \u00e9t\u00e9 relativement peu nombreux. Leur part dans le total des dommages de l'ann\u00e9e derni\u00e8re a toutefois \u00e9t\u00e9 sup\u00e9rieure \u00e0 la moyenne, comme l'indique l'Institut f\u00e9d\u00e9ral de recherches sur la for\u00eat, la neige et le paysage. <a href=\"\/\/www.wsl.ch\">WSL<\/a> \u00e9crit.<\/p>\n<p>Selon l'\u00e9valuation, la plus grande partie des dommages s'est produite en juin, juillet, ao\u00fbt et octobre. Selon le WSL, le montant relativement faible des dommages s'explique principalement par deux raisons : D'une part, les longues p\u00e9riodes de s\u00e9cheresse ont entra\u00een\u00e9 moins de dommages en raison des conditions m\u00e9t\u00e9orologiques et, d'autre part, les mesures techniques et organisationnelles contre les dangers naturels ont fait leurs preuves en emp\u00eachant ou du moins en limitant les dommages.<strong>\u00a0<\/strong><\/p>\n<h2><strong>Environ la moiti\u00e9 des dommages en six jours<\/strong><\/h2>\n<p>Selon l'\u00e9valuation, une bonne moiti\u00e9 du montant des dommages a \u00e9t\u00e9 caus\u00e9e dans les cantons du Tessin et de Lucerne et s'est accumul\u00e9e en seulement six jours. Au Tessin, deux \u00e9v\u00e9nements ont caus\u00e9 des dommages consid\u00e9rables. Le 7 juin, des pr\u00e9cipitations orageuses auraient entra\u00een\u00e9 des inondations de caves et de routes, surtout dans le district de Lugano. Les cons\u00e9quences des pr\u00e9cipitations abondantes des 28 et 29 ao\u00fbt au Tessin et dans les r\u00e9gions voisines du canton des Grisons ont \u00e9t\u00e9 bien plus importantes, comme l'\u00e9crit le centre de recherche. Des inondations, des glissements de terrain et des chutes de pierres se sont produits. Plusieurs maisons ont d\u00fb \u00eatre \u00e9vacu\u00e9es \u00e0 Bissone et Gambarogno. En de nombreux endroits, le trafic routier et ferroviaire a \u00e9t\u00e9 interrompu et entrav\u00e9, et des dizaines de personnes ont \u00e9t\u00e9 coup\u00e9es de l'environnement.<\/p>\n<p>Selon les informations fournies, les violents orages du 26 juin et des 1er et 2 juillet ont provoqu\u00e9 des dommages importants dans la r\u00e9gion de Lucerne, principalement en raison d'inondations dues au ruissellement de surface. Des masses d'eau ont inond\u00e9 des caves, des garages souterrains et des passages routiers souterrains. En ville de Lucerne, dans le quartier du W\u00fcrzenbach, les appartements d'un immeuble collectif ont \u00e9t\u00e9 d\u00e9vast\u00e9s par les eaux du Gerlisbergbach et la circulation a \u00e9t\u00e9 interrompue en raison des rues inond\u00e9es. Les d\u00e9g\u00e2ts ont \u00e9galement \u00e9t\u00e9 consid\u00e9rables \u00e0 Ruswil, o\u00f9 plusieurs ruisseaux sont sortis de leur lit, comme l'indique le communiqu\u00e9 de presse du WSL.<\/p>\n<h2><strong>Les mesures de protection ont fait leurs preuves<\/strong><\/h2>\n<p>D\u00e9but octobre, la d\u00e9pression \"Brigitte\" a apport\u00e9 des pluies records sur la Suisse. Les d\u00e9g\u00e2ts ont toutefois \u00e9t\u00e9 limit\u00e9s au vu des sommes colossales de pr\u00e9cipitations. Cette situation est due en grande partie aux mesures de protection contre les dangers naturels qui ont fait leurs preuves et \u00e0 la pr\u00e9paration en temps utile des forces d'intervention, souligne le WSL. Dans le canton d'Uri, par exemple, l'autoroute a \u00e9t\u00e9 ferm\u00e9e et la Reuss en crue entre Attinghausen et Fl\u00fcelen a \u00e9t\u00e9 d\u00e9vi\u00e9e sur l'A2 via le dispositif de d\u00e9charge. La r\u00e9gion a ainsi \u00e9t\u00e9 \u00e9pargn\u00e9e par des inondations \u00e0 grande \u00e9chelle. A Diesbach et Bettschwanden (GL), l'intervention rapide des pompiers a permis d'\u00e9viter que les masses d'alluvions du Diesbach en crue ne se r\u00e9pandent \u00e0 travers les villages. A Locarno \u00e9galement, on \u00e9tait pr\u00e9par\u00e9 et on avait d\u00e9j\u00e0 \u00e9vacu\u00e9 la zone proche du lac la veille des inondations.<\/p>\n<p><strong>Un d\u00e9c\u00e8s<\/strong><\/p>\n<p>Malgr\u00e9 toutes les mesures de protection, tous les accidents ne peuvent pas \u00eatre \u00e9vit\u00e9s. Ainsi, en octobre, une personne a perdu la vie \u00e0 Finhaut (VS) lorsque sa voiture a \u00e9t\u00e9 touch\u00e9e par une chute de pierres. En 2020, ce fut le seul d\u00e9c\u00e8s caus\u00e9 par les processus recens\u00e9s, conclut le WSL.<\/p>\n<p><em>Source : WSL<\/em><\/p>\n<blockquote>\n<h2><strong>Bilan des dommages \u00e9lev\u00e9 en 2021<\/strong><\/h2>\n<p>Le bilan semestriel des dommages caus\u00e9s par les intemp\u00e9ries en 2021 est d\u00e9j\u00e0 massivement plus \u00e9lev\u00e9 que celui de toute l'ann\u00e9e 2020. Les intemp\u00e9ries de ces derniers jours ont caus\u00e9 des dommages d'environ 200 millions de francs, selon les donn\u00e9es d'assurance fournies \u00e0 l'agence de presse Keystone-SDA. Il s'agit des dommages les plus co\u00fbteux depuis l'ann\u00e9e 2013, pr\u00e9cise-t-on.\u00a0\u00a0<em>(UP)\u00a0<\/em><\/p><\/blockquote>\n<p>&nbsp;<\/p>\n<p>&nbsp;<\/p>","protected":false},"excerpt":{"rendered":"<p>Das Jahr 2020 rangiert in der 49-j\u00e4hrigen Datenreihe unter den zehn Jahren mit den geringsten Unwettersch\u00e4den durch Hochwasser, Murg\u00e4nge, Rutschungen und Sturzprozesse. Von den insgesamt knapp 40 Mio. Franken gehen 82% der Sch\u00e4den auf das Konto von Hochwasser, Oberfl\u00e4chenabfluss und Murg\u00e4ngen. Sch\u00e4den durch Rutschungen (10%) und Sturzprozesse (8%) entstanden vergleichsweise wenige. Ihr Anteil an den [&hellip;]<\/p>\n","protected":false},"author":6,"featured_media":4385,"comment_status":"closed","ping_status":"closed","sticky":false,"template":"","format":"standard","meta":{"_acf_changed":false,"_yoast_wpseo_focuskw":"Unwettersch\u00e4den","_yoast_wpseo_metadesc":"Naturkatastrophen f\u00fchrten 2020 schweizweit zu Unwettersch\u00e4den in der H\u00f6he von rund 40 Mio. Franken. Verursacher war meist Hochwasser.","articlekey":"","footnotes":""},"categories":[1],"tags":[964,1365,1745,2037,2194,2233,2413],"class_list":["post-4384","post","type-post","status-publish","format-standard","has-post-thumbnail","hentry","category-allgemein","tag-dauerregen","tag-hochwasser","tag-murgaenge","tag-rutschungen","tag-starkregen","tag-sturzprozesse","tag-unwetterschaeden"],"acf":[],"yoast_head":"<!-- This site is optimized with the Yoast SEO plugin v27.5 - https:\/\/yoast.com\/product\/yoast-seo-wordpress\/ -->\n<title>Unwettersch\u00e4den 2020: Bilanz gut \u2013 Schutzmassnahmen bew\u00e4hrt - Organisator<\/title>\n<meta name=\"description\" content=\"Naturkatastrophen f\u00fchrten 2020 schweizweit zu Unwettersch\u00e4den in der H\u00f6he von rund 40 Mio. Franken. Verursacher war meist Hochwasser.\" \/>\n<meta name=\"robots\" content=\"index, follow, max-snippet:-1, max-image-preview:large, max-video-preview:-1\" \/>\n<link rel=\"canonical\" href=\"https:\/\/www.organisator.ch\/fr\/general\/2021-06-16\/unwetterschaeden-bilanz-gut-schutzmassnahmen-bewaehrten-sich\/\" \/>\n<meta property=\"og:locale\" content=\"fr_FR\" \/>\n<meta property=\"og:type\" content=\"article\" \/>\n<meta property=\"og:title\" content=\"Unwettersch\u00e4den 2020: Bilanz gut \u2013 Schutzmassnahmen bew\u00e4hrt - Organisator\" \/>\n<meta property=\"og:description\" content=\"Naturkatastrophen f\u00fchrten 2020 schweizweit zu Unwettersch\u00e4den in der H\u00f6he von rund 40 Mio. Franken. Verursacher war meist Hochwasser.\" \/>\n<meta property=\"og:url\" content=\"https:\/\/www.organisator.ch\/fr\/general\/2021-06-16\/unwetterschaeden-bilanz-gut-schutzmassnahmen-bewaehrten-sich\/\" \/>\n<meta property=\"og:site_name\" content=\"Organisator\" \/>\n<meta property=\"article:publisher\" content=\"https:\/\/www.facebook.com\/OrganisatorFachmagazin\" \/>\n<meta property=\"article:published_time\" content=\"2021-06-16T13:28:50+00:00\" \/>\n<meta property=\"og:image\" content=\"https:\/\/www.organisator.ch\/wp-content\/uploads\/2021\/06\/6_Bild8_ValentinLuthiger_Oktober3_Reuss2.jpg\" \/>\n\t<meta property=\"og:image:width\" content=\"1545\" \/>\n\t<meta property=\"og:image:height\" content=\"1030\" \/>\n\t<meta property=\"og:image:type\" content=\"image\/jpeg\" \/>\n<meta name=\"author\" content=\"roger.straessle\" \/>\n<meta name=\"twitter:card\" content=\"summary_large_image\" \/>\n<script type=\"application\/ld+json\" class=\"yoast-schema-graph\">{\"@context\":\"https:\\\/\\\/schema.org\",\"@graph\":[{\"@type\":\"Article\",\"@id\":\"https:\\\/\\\/www.organisator.ch\\\/en\\\/general\\\/2021-06-16\\\/storm-damage-balance-good-protection-measures-guarded-itself\\\/#article\",\"isPartOf\":{\"@id\":\"https:\\\/\\\/www.organisator.ch\\\/en\\\/general\\\/2021-06-16\\\/storm-damage-balance-good-protection-measures-guarded-itself\\\/\"},\"author\":{\"name\":\"roger.straessle\",\"@id\":\"https:\\\/\\\/www.organisator.ch\\\/#\\\/schema\\\/person\\\/a800b8c54e208b160517a7dcc323161d\"},\"headline\":\"Unwettersch\u00e4den 2020: Bilanz gut \u2013 Schutzmassnahmen bew\u00e4hrt\",\"datePublished\":\"2021-06-16T13:28:50+00:00\",\"mainEntityOfPage\":{\"@id\":\"https:\\\/\\\/www.organisator.ch\\\/en\\\/general\\\/2021-06-16\\\/storm-damage-balance-good-protection-measures-guarded-itself\\\/\"},\"wordCount\":615,\"publisher\":{\"@id\":\"https:\\\/\\\/www.organisator.ch\\\/#organization\"},\"image\":{\"@id\":\"https:\\\/\\\/www.organisator.ch\\\/en\\\/general\\\/2021-06-16\\\/storm-damage-balance-good-protection-measures-guarded-itself\\\/#primaryimage\"},\"thumbnailUrl\":\"https:\\\/\\\/www.organisator.ch\\\/wp-content\\\/uploads\\\/2021\\\/06\\\/6_Bild8_ValentinLuthiger_Oktober3_Reuss2.jpg\",\"keywords\":[\"Dauerregen\",\"Hochwasser\",\"Murg\u00e4nge\",\"Rutschungen\",\"Starkregen\",\"Sturzprozesse\",\"Unwettersch\u00e4den\"],\"articleSection\":[\"Allgemein\"],\"inLanguage\":\"fr-FR\"},{\"@type\":\"WebPage\",\"@id\":\"https:\\\/\\\/www.organisator.ch\\\/en\\\/general\\\/2021-06-16\\\/storm-damage-balance-good-protection-measures-guarded-itself\\\/\",\"url\":\"https:\\\/\\\/www.organisator.ch\\\/en\\\/general\\\/2021-06-16\\\/storm-damage-balance-good-protection-measures-guarded-itself\\\/\",\"name\":\"Unwettersch\u00e4den 2020: Bilanz gut \u2013 Schutzmassnahmen bew\u00e4hrt - Organisator\",\"isPartOf\":{\"@id\":\"https:\\\/\\\/www.organisator.ch\\\/#website\"},\"primaryImageOfPage\":{\"@id\":\"https:\\\/\\\/www.organisator.ch\\\/en\\\/general\\\/2021-06-16\\\/storm-damage-balance-good-protection-measures-guarded-itself\\\/#primaryimage\"},\"image\":{\"@id\":\"https:\\\/\\\/www.organisator.ch\\\/en\\\/general\\\/2021-06-16\\\/storm-damage-balance-good-protection-measures-guarded-itself\\\/#primaryimage\"},\"thumbnailUrl\":\"https:\\\/\\\/www.organisator.ch\\\/wp-content\\\/uploads\\\/2021\\\/06\\\/6_Bild8_ValentinLuthiger_Oktober3_Reuss2.jpg\",\"datePublished\":\"2021-06-16T13:28:50+00:00\",\"description\":\"Naturkatastrophen f\u00fchrten 2020 schweizweit zu Unwettersch\u00e4den in der H\u00f6he von rund 40 Mio. Franken. Verursacher war meist Hochwasser.\",\"breadcrumb\":{\"@id\":\"https:\\\/\\\/www.organisator.ch\\\/en\\\/general\\\/2021-06-16\\\/storm-damage-balance-good-protection-measures-guarded-itself\\\/#breadcrumb\"},\"inLanguage\":\"fr-FR\",\"potentialAction\":[{\"@type\":\"ReadAction\",\"target\":[\"https:\\\/\\\/www.organisator.ch\\\/en\\\/general\\\/2021-06-16\\\/storm-damage-balance-good-protection-measures-guarded-itself\\\/\"]}]},{\"@type\":\"ImageObject\",\"inLanguage\":\"fr-FR\",\"@id\":\"https:\\\/\\\/www.organisator.ch\\\/en\\\/general\\\/2021-06-16\\\/storm-damage-balance-good-protection-measures-guarded-itself\\\/#primaryimage\",\"url\":\"https:\\\/\\\/www.organisator.ch\\\/wp-content\\\/uploads\\\/2021\\\/06\\\/6_Bild8_ValentinLuthiger_Oktober3_Reuss2.jpg\",\"contentUrl\":\"https:\\\/\\\/www.organisator.ch\\\/wp-content\\\/uploads\\\/2021\\\/06\\\/6_Bild8_ValentinLuthiger_Oktober3_Reuss2.jpg\",\"width\":1545,\"height\":1030,\"caption\":\"Die hochgehende Reuss wurde am 3. Oktober 2020 \u00fcber die Entlastungsanlage bei Altdorf auf die Autobahn A2 abgeleitet. Foto: Valentin Luthiger\"},{\"@type\":\"BreadcrumbList\",\"@id\":\"https:\\\/\\\/www.organisator.ch\\\/en\\\/general\\\/2021-06-16\\\/storm-damage-balance-good-protection-measures-guarded-itself\\\/#breadcrumb\",\"itemListElement\":[{\"@type\":\"ListItem\",\"position\":1,\"name\":\"Home\",\"item\":\"https:\\\/\\\/www.organisator.ch\\\/\"},{\"@type\":\"ListItem\",\"position\":2,\"name\":\"Unwettersch\u00e4den 2020: Bilanz gut \u2013 Schutzmassnahmen bew\u00e4hrt\"}]},{\"@type\":\"WebSite\",\"@id\":\"https:\\\/\\\/www.organisator.ch\\\/#website\",\"url\":\"https:\\\/\\\/www.organisator.ch\\\/\",\"name\":\"Organisator\",\"description\":\"Kompetent. Praxisnah. Der ORGANISATOR bereitet in 10 Ausgaben pro Jahr die wesentlichen Themen f\u00fcr F\u00fchrungskr\u00e4fte von KMU auf.\",\"publisher\":{\"@id\":\"https:\\\/\\\/www.organisator.ch\\\/#organization\"},\"potentialAction\":[{\"@type\":\"SearchAction\",\"target\":{\"@type\":\"EntryPoint\",\"urlTemplate\":\"https:\\\/\\\/www.organisator.ch\\\/?s={search_term_string}\"},\"query-input\":{\"@type\":\"PropertyValueSpecification\",\"valueRequired\":true,\"valueName\":\"search_term_string\"}}],\"inLanguage\":\"fr-FR\"},{\"@type\":\"Organization\",\"@id\":\"https:\\\/\\\/www.organisator.ch\\\/#organization\",\"name\":\"Organisator\",\"url\":\"https:\\\/\\\/www.organisator.ch\\\/\",\"logo\":{\"@type\":\"ImageObject\",\"inLanguage\":\"fr-FR\",\"@id\":\"https:\\\/\\\/www.organisator.ch\\\/#\\\/schema\\\/logo\\\/image\\\/\",\"url\":\"https:\\\/\\\/www.organisator.ch\\\/wp-content\\\/uploads\\\/2022\\\/01\\\/Logo_Organisator_Website.png\",\"contentUrl\":\"https:\\\/\\\/www.organisator.ch\\\/wp-content\\\/uploads\\\/2022\\\/01\\\/Logo_Organisator_Website.png\",\"width\":800,\"height\":77,\"caption\":\"Organisator\"},\"image\":{\"@id\":\"https:\\\/\\\/www.organisator.ch\\\/#\\\/schema\\\/logo\\\/image\\\/\"},\"sameAs\":[\"https:\\\/\\\/www.facebook.com\\\/OrganisatorFachmagazin\",\"https:\\\/\\\/www.linkedin.com\\\/showcase\\\/organisator-das-magazin-fr-kmu\",\"https:\\\/\\\/www.xing.com\\\/news\\\/pages\\\/organisator-ch-695\",\"https:\\\/\\\/www.youtube.com\\\/channel\\\/UCGP2Sq0iWaZwT3BdIAQFYpw\"]},{\"@type\":\"Person\",\"@id\":\"https:\\\/\\\/www.organisator.ch\\\/#\\\/schema\\\/person\\\/a800b8c54e208b160517a7dcc323161d\",\"name\":\"roger.straessle\",\"image\":{\"@type\":\"ImageObject\",\"inLanguage\":\"fr-FR\",\"@id\":\"https:\\\/\\\/secure.gravatar.com\\\/avatar\\\/?s=96&d=mm&r=g\",\"url\":\"https:\\\/\\\/secure.gravatar.com\\\/avatar\\\/?s=96&d=mm&r=g\",\"contentUrl\":\"https:\\\/\\\/secure.gravatar.com\\\/avatar\\\/?s=96&d=mm&r=g\",\"caption\":\"roger.straessle\"},\"url\":\"https:\\\/\\\/www.organisator.ch\\\/fr\\\/author\\\/roger-straessle\\\/\"}]}<\/script>\n<!-- \/ Yoast SEO plugin. -->","yoast_head_json":{"title":"D\u00e9g\u00e2ts dus aux intemp\u00e9ries 2020 : bilan positif - mesures de protection \u00e9prouv\u00e9es - organisateur","description":"En 2020, les catastrophes naturelles ont provoqu\u00e9 des dommages d'environ 40 millions de francs dans toute la Suisse. Les inondations en sont le plus souvent \u00e0 l'origine.","robots":{"index":"index","follow":"follow","max-snippet":"max-snippet:-1","max-image-preview":"max-image-preview:large","max-video-preview":"max-video-preview:-1"},"canonical":"https:\/\/www.organisator.ch\/fr\/general\/2021-06-16\/unwetterschaeden-bilanz-gut-schutzmassnahmen-bewaehrten-sich\/","og_locale":"fr_FR","og_type":"article","og_title":"Unwettersch\u00e4den 2020: Bilanz gut \u2013 Schutzmassnahmen bew\u00e4hrt - Organisator","og_description":"Naturkatastrophen f\u00fchrten 2020 schweizweit zu Unwettersch\u00e4den in der H\u00f6he von rund 40 Mio. Franken. Verursacher war meist Hochwasser.","og_url":"https:\/\/www.organisator.ch\/fr\/general\/2021-06-16\/unwetterschaeden-bilanz-gut-schutzmassnahmen-bewaehrten-sich\/","og_site_name":"Organisator","article_publisher":"https:\/\/www.facebook.com\/OrganisatorFachmagazin","article_published_time":"2021-06-16T13:28:50+00:00","og_image":[{"width":1545,"height":1030,"url":"https:\/\/www.organisator.ch\/wp-content\/uploads\/2021\/06\/6_Bild8_ValentinLuthiger_Oktober3_Reuss2.jpg","type":"image\/jpeg"}],"author":"roger.straessle","twitter_card":"summary_large_image","schema":{"@context":"https:\/\/schema.org","@graph":[{"@type":"Article","@id":"https:\/\/www.organisator.ch\/en\/general\/2021-06-16\/storm-damage-balance-good-protection-measures-guarded-itself\/#article","isPartOf":{"@id":"https:\/\/www.organisator.ch\/en\/general\/2021-06-16\/storm-damage-balance-good-protection-measures-guarded-itself\/"},"author":{"name":"roger.straessle","@id":"https:\/\/www.organisator.ch\/#\/schema\/person\/a800b8c54e208b160517a7dcc323161d"},"headline":"Unwettersch\u00e4den 2020: Bilanz gut \u2013 Schutzmassnahmen bew\u00e4hrt","datePublished":"2021-06-16T13:28:50+00:00","mainEntityOfPage":{"@id":"https:\/\/www.organisator.ch\/en\/general\/2021-06-16\/storm-damage-balance-good-protection-measures-guarded-itself\/"},"wordCount":615,"publisher":{"@id":"https:\/\/www.organisator.ch\/#organization"},"image":{"@id":"https:\/\/www.organisator.ch\/en\/general\/2021-06-16\/storm-damage-balance-good-protection-measures-guarded-itself\/#primaryimage"},"thumbnailUrl":"https:\/\/www.organisator.ch\/wp-content\/uploads\/2021\/06\/6_Bild8_ValentinLuthiger_Oktober3_Reuss2.jpg","keywords":["Dauerregen","Hochwasser","Murg\u00e4nge","Rutschungen","Starkregen","Sturzprozesse","Unwettersch\u00e4den"],"articleSection":["Allgemein"],"inLanguage":"fr-FR"},{"@type":"WebPage","@id":"https:\/\/www.organisator.ch\/en\/general\/2021-06-16\/storm-damage-balance-good-protection-measures-guarded-itself\/","url":"https:\/\/www.organisator.ch\/en\/general\/2021-06-16\/storm-damage-balance-good-protection-measures-guarded-itself\/","name":"D\u00e9g\u00e2ts dus aux intemp\u00e9ries 2020 : bilan positif - mesures de protection \u00e9prouv\u00e9es - organisateur","isPartOf":{"@id":"https:\/\/www.organisator.ch\/#website"},"primaryImageOfPage":{"@id":"https:\/\/www.organisator.ch\/en\/general\/2021-06-16\/storm-damage-balance-good-protection-measures-guarded-itself\/#primaryimage"},"image":{"@id":"https:\/\/www.organisator.ch\/en\/general\/2021-06-16\/storm-damage-balance-good-protection-measures-guarded-itself\/#primaryimage"},"thumbnailUrl":"https:\/\/www.organisator.ch\/wp-content\/uploads\/2021\/06\/6_Bild8_ValentinLuthiger_Oktober3_Reuss2.jpg","datePublished":"2021-06-16T13:28:50+00:00","description":"En 2020, les catastrophes naturelles ont provoqu\u00e9 des dommages d'environ 40 millions de francs dans toute la Suisse. Les inondations en sont le plus souvent \u00e0 l'origine.","breadcrumb":{"@id":"https:\/\/www.organisator.ch\/en\/general\/2021-06-16\/storm-damage-balance-good-protection-measures-guarded-itself\/#breadcrumb"},"inLanguage":"fr-FR","potentialAction":[{"@type":"ReadAction","target":["https:\/\/www.organisator.ch\/en\/general\/2021-06-16\/storm-damage-balance-good-protection-measures-guarded-itself\/"]}]},{"@type":"ImageObject","inLanguage":"fr-FR","@id":"https:\/\/www.organisator.ch\/en\/general\/2021-06-16\/storm-damage-balance-good-protection-measures-guarded-itself\/#primaryimage","url":"https:\/\/www.organisator.ch\/wp-content\/uploads\/2021\/06\/6_Bild8_ValentinLuthiger_Oktober3_Reuss2.jpg","contentUrl":"https:\/\/www.organisator.ch\/wp-content\/uploads\/2021\/06\/6_Bild8_ValentinLuthiger_Oktober3_Reuss2.jpg","width":1545,"height":1030,"caption":"Die hochgehende Reuss wurde am 3. Oktober 2020 \u00fcber die Entlastungsanlage bei Altdorf auf die Autobahn A2 abgeleitet. Foto: Valentin Luthiger"},{"@type":"BreadcrumbList","@id":"https:\/\/www.organisator.ch\/en\/general\/2021-06-16\/storm-damage-balance-good-protection-measures-guarded-itself\/#breadcrumb","itemListElement":[{"@type":"ListItem","position":1,"name":"Home","item":"https:\/\/www.organisator.ch\/"},{"@type":"ListItem","position":2,"name":"Unwettersch\u00e4den 2020: Bilanz gut \u2013 Schutzmassnahmen bew\u00e4hrt"}]},{"@type":"WebSite","@id":"https:\/\/www.organisator.ch\/#website","url":"https:\/\/www.organisator.ch\/","name":"Organisateur","description":"Comp\u00e9tence et comp\u00e9tence. Proches de la pratique. L'ORGANISATEUR pr\u00e9pare 10 num\u00e9ros par an sur les th\u00e8mes essentiels pour les dirigeants de PME.","publisher":{"@id":"https:\/\/www.organisator.ch\/#organization"},"potentialAction":[{"@type":"SearchAction","target":{"@type":"EntryPoint","urlTemplate":"https:\/\/www.organisator.ch\/?s={search_term_string}"},"query-input":{"@type":"PropertyValueSpecification","valueRequired":true,"valueName":"search_term_string"}}],"inLanguage":"fr-FR"},{"@type":"Organization","@id":"https:\/\/www.organisator.ch\/#organization","name":"Organisateur","url":"https:\/\/www.organisator.ch\/","logo":{"@type":"ImageObject","inLanguage":"fr-FR","@id":"https:\/\/www.organisator.ch\/#\/schema\/logo\/image\/","url":"https:\/\/www.organisator.ch\/wp-content\/uploads\/2022\/01\/Logo_Organisator_Website.png","contentUrl":"https:\/\/www.organisator.ch\/wp-content\/uploads\/2022\/01\/Logo_Organisator_Website.png","width":800,"height":77,"caption":"Organisator"},"image":{"@id":"https:\/\/www.organisator.ch\/#\/schema\/logo\/image\/"},"sameAs":["https:\/\/www.facebook.com\/OrganisatorFachmagazin","https:\/\/www.linkedin.com\/showcase\/organisator-das-magazin-fr-kmu","https:\/\/www.xing.com\/news\/pages\/organisator-ch-695","https:\/\/www.youtube.com\/channel\/UCGP2Sq0iWaZwT3BdIAQFYpw"]},{"@type":"Person","@id":"https:\/\/www.organisator.ch\/#\/schema\/person\/a800b8c54e208b160517a7dcc323161d","name":"roger.straessle","image":{"@type":"ImageObject","inLanguage":"fr-FR","@id":"https:\/\/secure.gravatar.com\/avatar\/?s=96&d=mm&r=g","url":"https:\/\/secure.gravatar.com\/avatar\/?s=96&d=mm&r=g","contentUrl":"https:\/\/secure.gravatar.com\/avatar\/?s=96&d=mm&r=g","caption":"roger.straessle"},"url":"https:\/\/www.organisator.ch\/fr\/author\/roger-straessle\/"}]}},"_links":{"self":[{"href":"https:\/\/www.organisator.ch\/fr\/wp-json\/wp\/v2\/posts\/4384","targetHints":{"allow":["GET"]}}],"collection":[{"href":"https:\/\/www.organisator.ch\/fr\/wp-json\/wp\/v2\/posts"}],"about":[{"href":"https:\/\/www.organisator.ch\/fr\/wp-json\/wp\/v2\/types\/post"}],"author":[{"embeddable":true,"href":"https:\/\/www.organisator.ch\/fr\/wp-json\/wp\/v2\/users\/6"}],"replies":[{"embeddable":true,"href":"https:\/\/www.organisator.ch\/fr\/wp-json\/wp\/v2\/comments?post=4384"}],"version-history":[{"count":0,"href":"https:\/\/www.organisator.ch\/fr\/wp-json\/wp\/v2\/posts\/4384\/revisions"}],"wp:featuredmedia":[{"embeddable":true,"href":"https:\/\/www.organisator.ch\/fr\/wp-json\/wp\/v2\/media\/4385"}],"wp:attachment":[{"href":"https:\/\/www.organisator.ch\/fr\/wp-json\/wp\/v2\/media?parent=4384"}],"wp:term":[{"taxonomy":"category","embeddable":true,"href":"https:\/\/www.organisator.ch\/fr\/wp-json\/wp\/v2\/categories?post=4384"},{"taxonomy":"post_tag","embeddable":true,"href":"https:\/\/www.organisator.ch\/fr\/wp-json\/wp\/v2\/tags?post=4384"}],"curies":[{"name":"wp","href":"https:\/\/api.w.org\/{rel}","templated":true}]}}