{"id":4402,"date":"2018-10-23T15:44:44","date_gmt":"2018-10-23T13:44:44","guid":{"rendered":"https:\/\/www.organisator.ch\/?p=4402"},"modified":"2018-10-23T15:44:44","modified_gmt":"2018-10-23T13:44:44","slug":"umsatz-mit-fair-trade-produkten-weiter-angestiegen","status":"publish","type":"post","link":"https:\/\/www.organisator.ch\/fr\/allgemein\/2018-10-23\/umsatz-mit-fair-trade-produkten-weiter-angestiegen\/","title":{"rendered":"Les ventes de produits issus du commerce \u00e9quitable continuent d'augmenter"},"content":{"rendered":"<figure id=\"attachment_4403\" aria-describedby=\"caption-attachment-4403\" style=\"width: 640px\" class=\"wp-caption alignnone\"><img loading=\"lazy\" decoding=\"async\" class=\"size-full wp-image-4403\" src=\"https:\/\/www.organisator.ch\/wp-content\/uploads\/2018\/10\/Umsatz-mit-Fair-Trade-Produkten-weiter-angestiegen-1_Organisator.jpg\" alt=\"\" width=\"640\" height=\"427\" srcset=\"https:\/\/www.organisator.ch\/wp-content\/uploads\/2018\/10\/Umsatz-mit-Fair-Trade-Produkten-weiter-angestiegen-1_Organisator.jpg 640w, https:\/\/www.organisator.ch\/wp-content\/uploads\/2018\/10\/Umsatz-mit-Fair-Trade-Produkten-weiter-angestiegen-1_Organisator-16x12.jpg 16w, https:\/\/www.organisator.ch\/wp-content\/uploads\/2018\/10\/Umsatz-mit-Fair-Trade-Produkten-weiter-angestiegen-1_Organisator-262x175.jpg 262w, https:\/\/www.organisator.ch\/wp-content\/uploads\/2018\/10\/Umsatz-mit-Fair-Trade-Produkten-weiter-angestiegen-1_Organisator-525x350.jpg 525w, https:\/\/www.organisator.ch\/wp-content\/uploads\/2018\/10\/Umsatz-mit-Fair-Trade-Produkten-weiter-angestiegen-1_Organisator-300x200.jpg 300w\" sizes=\"auto, (max-width: 640px) 100vw, 640px\" \/><figcaption id=\"caption-attachment-4403\" class=\"wp-caption-text\">En 2017, les consommateurs suisses ont davantage mis\u00e9 sur les produits issus du commerce \u00e9quitable. (Image : Swiss Fair Trade)<\/figcaption><\/figure>\n<p>L'ann\u00e9e derni\u00e8re, le chiffre d'affaires des produits issus du commerce \u00e9quitable a de nouveau augment\u00e9 en Suisse. C'est ce qu'annonce l'association fa\u00eeti\u00e8re des organisations de commerce \u00e9quitable en Suisse, dans un r\u00e9cent communiqu\u00e9. Avec une croissance de 11%, le chiffre d'affaires du commerce \u00e9quitable a atteint 768,4 millions de francs en 2017. Le secteur classique du commerce \u00e9quitable, le chocolat et les produits \u00e0 base de cacao, a notamment enregistr\u00e9 une croissance consid\u00e9rable de 71% par rapport \u00e0 l'ann\u00e9e pr\u00e9c\u00e9dente. Dans l'ensemble, la cat\u00e9gorie des fruits frais (bananes, ananas, etc.) repr\u00e9sente la plus grande part du chiffre d'affaires avec 23%. En 2017, les Suisses ont donc d\u00e9pens\u00e9 91 francs par personne pour des produits issus du commerce \u00e9quitable. La Suisse reste ainsi la championne du monde de la consommation de produits issus du commerce \u00e9quitable par habitant.<\/p>\n<p><img loading=\"lazy\" decoding=\"async\" class=\"alignnone size-full wp-image-4406\" src=\"https:\/\/www.organisator.ch\/wp-content\/uploads\/2018\/10\/Umsatz-mit-Fair-Trade-Produkten-weiter-angestiegen-2_Organisator.jpg\" alt=\"\" width=\"640\" height=\"452\" srcset=\"https:\/\/www.organisator.ch\/wp-content\/uploads\/2018\/10\/Umsatz-mit-Fair-Trade-Produkten-weiter-angestiegen-2_Organisator.jpg 640w, https:\/\/www.organisator.ch\/wp-content\/uploads\/2018\/10\/Umsatz-mit-Fair-Trade-Produkten-weiter-angestiegen-2_Organisator-16x12.jpg 16w, https:\/\/www.organisator.ch\/wp-content\/uploads\/2018\/10\/Umsatz-mit-Fair-Trade-Produkten-weiter-angestiegen-2_Organisator-248x175.jpg 248w, https:\/\/www.organisator.ch\/wp-content\/uploads\/2018\/10\/Umsatz-mit-Fair-Trade-Produkten-weiter-angestiegen-2_Organisator-496x350.jpg 496w, https:\/\/www.organisator.ch\/wp-content\/uploads\/2018\/10\/Umsatz-mit-Fair-Trade-Produkten-weiter-angestiegen-2_Organisator-300x212.jpg 300w\" sizes=\"auto, (max-width: 640px) 100vw, 640px\" \/><\/p>\n<p>L'association fa\u00eeti\u00e8re Swiss Fair Trade recense chaque ann\u00e9e les chiffres actuels du commerce \u00e9quitable en Suisse. Le chiffre d'affaires de tous les produits commercialis\u00e9s ou certifi\u00e9s par les membres de l'association fa\u00eeti\u00e8re est pris en compte. Les membres de la f\u00e9d\u00e9ration d\u00e9fendent la m\u00eame conception du commerce \u00e9quitable et adh\u00e8rent \u00e0 des principes et des normes communs. Le commerce \u00e9quitable est synonyme de relations commerciales durables et \u00e9quitables, de prix stables et transparents, de conditions de travail justes et de m\u00e9thodes de culture durables. Le commerce \u00e9quitable permet \u00e0 des personnes du monde entier d'obtenir un revenu de subsistance gr\u00e2ce \u00e0 leur travail.<\/p>\n<p>Parmi les membres de Swiss Fair Trade figurent des organisations commerciales sp\u00e9cialis\u00e9es, des magasins sp\u00e9cialis\u00e9s, des labels qui certifient des produits issus du commerce \u00e9quitable, des institutions financi\u00e8res qui investissent dans l'esprit du commerce \u00e9quitable ainsi que des ONG qui s'engagent politiquement pour un renforcement du commerce \u00e9quitable.<\/p>\n<p><em>Plus d'informations : <b><\/b><\/em><a href=\"http:\/\/www.swissfairtrade.ch\"><em>www.swissfairtrade.ch<\/em><\/a><\/p>\n<p>&nbsp;<\/p>","protected":false},"excerpt":{"rendered":"<p>Im letzten Jahr hat der Umsatz von fair gehandelten Produkten in der Schweiz erneut zugenommen. Dies teilt\u00a0der Dachverband der Fair Trade-Organisationen in der Schweiz, in einem aktuellen Communiqu\u00e9 mit.\u00a0Mit einem Wachstum von 11% stiegen die Fair Trade-Ums\u00e4tze 2017 auf 768.4 Millionen Franken. Insbesondere der klassische Produktbereich des Fairen Handels, Schokolade, resp. Kakaoprodukte, verzeichnete im Vergleich [&hellip;]<\/p>\n","protected":false},"author":4,"featured_media":4403,"comment_status":"open","ping_status":"open","sticky":false,"template":"","format":"standard","meta":{"_acf_changed":false,"_yoast_wpseo_focuskw":"Fair Trade","_yoast_wpseo_metadesc":"Der Konsum von Fair Trade-Produkten in der Schweiz hat 2017 abermals zugenommen. Die Ausgaben f\u00fcr Fair Trade-Produkte sind um 11% gestiegen.","articlekey":"","footnotes":""},"categories":[1],"tags":[312,452,508,531],"class_list":["post-4402","post","type-post","status-publish","format-standard","has-post-thumbnail","hentry","category-allgemein","tag-konsum","tag-statistik","tag-vermischtes","tag-wirtschaftspolitik"],"acf":[],"yoast_head":"<!-- This site is optimized with the Yoast SEO plugin v27.4 - https:\/\/yoast.com\/product\/yoast-seo-wordpress\/ -->\n<title>Umsatz mit Fair Trade Produkten weiter angestiegen - Organisator<\/title>\n<meta name=\"description\" content=\"Der Konsum von Fair Trade-Produkten in der Schweiz hat 2017 abermals zugenommen. Die Ausgaben f\u00fcr Fair Trade-Produkte sind um 11% gestiegen.\" \/>\n<meta name=\"robots\" content=\"index, follow, max-snippet:-1, max-image-preview:large, max-video-preview:-1\" \/>\n<link rel=\"canonical\" href=\"https:\/\/www.organisator.ch\/fr\/general\/2018-10-23\/umsatz-mit-fair-trade-produkten-weiter-angestiegen\/\" \/>\n<meta property=\"og:locale\" content=\"fr_FR\" \/>\n<meta property=\"og:type\" content=\"article\" \/>\n<meta property=\"og:title\" content=\"Umsatz mit Fair Trade Produkten weiter angestiegen\" \/>\n<meta property=\"og:description\" content=\"Der Konsum von Fair Trade-Produkten in der Schweiz hat 2017 abermals zugenommen. Die Ausgaben f\u00fcr Fair Trade-Produkte sind um 11% gestiegen.\" \/>\n<meta property=\"og:url\" content=\"https:\/\/www.organisator.ch\/fr\/general\/2018-10-23\/umsatz-mit-fair-trade-produkten-weiter-angestiegen\/\" \/>\n<meta property=\"og:site_name\" content=\"Organisator\" \/>\n<meta property=\"article:publisher\" content=\"https:\/\/www.facebook.com\/OrganisatorFachmagazin\" \/>\n<meta property=\"article:published_time\" content=\"2018-10-23T13:44:44+00:00\" \/>\n<meta property=\"og:image\" content=\"https:\/\/www.organisator.ch\/wp-content\/uploads\/2018\/10\/Umsatz-mit-Fair-Trade-Produkten-weiter-angestiegen-1_Organisator.jpg\" \/>\n\t<meta property=\"og:image:width\" content=\"640\" \/>\n\t<meta property=\"og:image:height\" content=\"427\" \/>\n\t<meta property=\"og:image:type\" content=\"image\/jpeg\" \/>\n<meta name=\"author\" content=\"thomas.berner\" \/>\n<meta name=\"twitter:card\" content=\"summary_large_image\" \/>\n<meta name=\"twitter:title\" content=\"Umsatz mit #Fair-Trade-Produkten weiter angestiegen\" \/>\n<meta name=\"twitter:description\" content=\"Der Konsum von #Fair-Trade-Produkten in der Schweiz hat 2017 abermals zugenommen. Die Ausgaben f\u00fcr Fair Trade-Produkte sind um 11% gestiegen.\" \/>\n<meta name=\"twitter:image\" content=\"https:\/\/www.organisator.ch\/wp-content\/uploads\/2018\/10\/Umsatz-mit-Fair-Trade-Produkten-weiter-angestiegen-1_Organisator.jpg\" \/>\n<script type=\"application\/ld+json\" class=\"yoast-schema-graph\">{\"@context\":\"https:\\\/\\\/schema.org\",\"@graph\":[{\"@type\":\"Article\",\"@id\":\"https:\\\/\\\/www.organisator.ch\\\/en\\\/general\\\/2018-10-23\\\/umsatz-mit-fair-trade-produkten-weiter-angestiegen\\\/#article\",\"isPartOf\":{\"@id\":\"https:\\\/\\\/www.organisator.ch\\\/en\\\/general\\\/2018-10-23\\\/umsatz-mit-fair-trade-produkten-weiter-angestiegen\\\/\"},\"author\":{\"name\":\"thomas.berner\",\"@id\":\"https:\\\/\\\/www.organisator.ch\\\/#\\\/schema\\\/person\\\/6f650f90b2842cd4c0cc334b4e36f67e\"},\"headline\":\"Umsatz mit Fair Trade Produkten weiter angestiegen\",\"datePublished\":\"2018-10-23T13:44:44+00:00\",\"mainEntityOfPage\":{\"@id\":\"https:\\\/\\\/www.organisator.ch\\\/en\\\/general\\\/2018-10-23\\\/umsatz-mit-fair-trade-produkten-weiter-angestiegen\\\/\"},\"wordCount\":267,\"commentCount\":0,\"publisher\":{\"@id\":\"https:\\\/\\\/www.organisator.ch\\\/#organization\"},\"image\":{\"@id\":\"https:\\\/\\\/www.organisator.ch\\\/en\\\/general\\\/2018-10-23\\\/umsatz-mit-fair-trade-produkten-weiter-angestiegen\\\/#primaryimage\"},\"thumbnailUrl\":\"https:\\\/\\\/www.organisator.ch\\\/wp-content\\\/uploads\\\/2018\\\/10\\\/Umsatz-mit-Fair-Trade-Produkten-weiter-angestiegen-1_Organisator.jpg\",\"keywords\":[\"Konsum\",\"Statistik\",\"Vermischtes\",\"Wirtschaftspolitik\"],\"articleSection\":[\"Allgemein\"],\"inLanguage\":\"fr-FR\"},{\"@type\":\"WebPage\",\"@id\":\"https:\\\/\\\/www.organisator.ch\\\/en\\\/general\\\/2018-10-23\\\/umsatz-mit-fair-trade-produkten-weiter-angestiegen\\\/\",\"url\":\"https:\\\/\\\/www.organisator.ch\\\/en\\\/general\\\/2018-10-23\\\/umsatz-mit-fair-trade-produkten-weiter-angestiegen\\\/\",\"name\":\"Umsatz mit Fair Trade Produkten weiter angestiegen - Organisator\",\"isPartOf\":{\"@id\":\"https:\\\/\\\/www.organisator.ch\\\/#website\"},\"primaryImageOfPage\":{\"@id\":\"https:\\\/\\\/www.organisator.ch\\\/en\\\/general\\\/2018-10-23\\\/umsatz-mit-fair-trade-produkten-weiter-angestiegen\\\/#primaryimage\"},\"image\":{\"@id\":\"https:\\\/\\\/www.organisator.ch\\\/en\\\/general\\\/2018-10-23\\\/umsatz-mit-fair-trade-produkten-weiter-angestiegen\\\/#primaryimage\"},\"thumbnailUrl\":\"https:\\\/\\\/www.organisator.ch\\\/wp-content\\\/uploads\\\/2018\\\/10\\\/Umsatz-mit-Fair-Trade-Produkten-weiter-angestiegen-1_Organisator.jpg\",\"datePublished\":\"2018-10-23T13:44:44+00:00\",\"description\":\"Der Konsum von Fair Trade-Produkten in der Schweiz hat 2017 abermals zugenommen. Die Ausgaben f\u00fcr Fair Trade-Produkte sind um 11% gestiegen.\",\"breadcrumb\":{\"@id\":\"https:\\\/\\\/www.organisator.ch\\\/en\\\/general\\\/2018-10-23\\\/umsatz-mit-fair-trade-produkten-weiter-angestiegen\\\/#breadcrumb\"},\"inLanguage\":\"fr-FR\",\"potentialAction\":[{\"@type\":\"ReadAction\",\"target\":[\"https:\\\/\\\/www.organisator.ch\\\/en\\\/general\\\/2018-10-23\\\/umsatz-mit-fair-trade-produkten-weiter-angestiegen\\\/\"]}]},{\"@type\":\"ImageObject\",\"inLanguage\":\"fr-FR\",\"@id\":\"https:\\\/\\\/www.organisator.ch\\\/en\\\/general\\\/2018-10-23\\\/umsatz-mit-fair-trade-produkten-weiter-angestiegen\\\/#primaryimage\",\"url\":\"https:\\\/\\\/www.organisator.ch\\\/wp-content\\\/uploads\\\/2018\\\/10\\\/Umsatz-mit-Fair-Trade-Produkten-weiter-angestiegen-1_Organisator.jpg\",\"contentUrl\":\"https:\\\/\\\/www.organisator.ch\\\/wp-content\\\/uploads\\\/2018\\\/10\\\/Umsatz-mit-Fair-Trade-Produkten-weiter-angestiegen-1_Organisator.jpg\",\"width\":640,\"height\":427,\"caption\":\"Schweizer Konsumenten setzten 2017 verst\u00e4rkt auf Fair Trade Produkte. (Bild: Swiss Fair Trade)\"},{\"@type\":\"BreadcrumbList\",\"@id\":\"https:\\\/\\\/www.organisator.ch\\\/en\\\/general\\\/2018-10-23\\\/umsatz-mit-fair-trade-produkten-weiter-angestiegen\\\/#breadcrumb\",\"itemListElement\":[{\"@type\":\"ListItem\",\"position\":1,\"name\":\"Home\",\"item\":\"https:\\\/\\\/www.organisator.ch\\\/\"},{\"@type\":\"ListItem\",\"position\":2,\"name\":\"Umsatz mit Fair Trade Produkten weiter angestiegen\"}]},{\"@type\":\"WebSite\",\"@id\":\"https:\\\/\\\/www.organisator.ch\\\/#website\",\"url\":\"https:\\\/\\\/www.organisator.ch\\\/\",\"name\":\"Organisator\",\"description\":\"Kompetent. Praxisnah. Der ORGANISATOR bereitet in 10 Ausgaben pro Jahr die wesentlichen Themen f\u00fcr F\u00fchrungskr\u00e4fte von KMU auf.\",\"publisher\":{\"@id\":\"https:\\\/\\\/www.organisator.ch\\\/#organization\"},\"potentialAction\":[{\"@type\":\"SearchAction\",\"target\":{\"@type\":\"EntryPoint\",\"urlTemplate\":\"https:\\\/\\\/www.organisator.ch\\\/?s={search_term_string}\"},\"query-input\":{\"@type\":\"PropertyValueSpecification\",\"valueRequired\":true,\"valueName\":\"search_term_string\"}}],\"inLanguage\":\"fr-FR\"},{\"@type\":\"Organization\",\"@id\":\"https:\\\/\\\/www.organisator.ch\\\/#organization\",\"name\":\"Organisator\",\"url\":\"https:\\\/\\\/www.organisator.ch\\\/\",\"logo\":{\"@type\":\"ImageObject\",\"inLanguage\":\"fr-FR\",\"@id\":\"https:\\\/\\\/www.organisator.ch\\\/#\\\/schema\\\/logo\\\/image\\\/\",\"url\":\"https:\\\/\\\/www.organisator.ch\\\/wp-content\\\/uploads\\\/2022\\\/01\\\/Logo_Organisator_Website.png\",\"contentUrl\":\"https:\\\/\\\/www.organisator.ch\\\/wp-content\\\/uploads\\\/2022\\\/01\\\/Logo_Organisator_Website.png\",\"width\":800,\"height\":77,\"caption\":\"Organisator\"},\"image\":{\"@id\":\"https:\\\/\\\/www.organisator.ch\\\/#\\\/schema\\\/logo\\\/image\\\/\"},\"sameAs\":[\"https:\\\/\\\/www.facebook.com\\\/OrganisatorFachmagazin\",\"https:\\\/\\\/www.linkedin.com\\\/showcase\\\/organisator-das-magazin-fr-kmu\",\"https:\\\/\\\/www.xing.com\\\/news\\\/pages\\\/organisator-ch-695\",\"https:\\\/\\\/www.youtube.com\\\/channel\\\/UCGP2Sq0iWaZwT3BdIAQFYpw\"]},{\"@type\":\"Person\",\"@id\":\"https:\\\/\\\/www.organisator.ch\\\/#\\\/schema\\\/person\\\/6f650f90b2842cd4c0cc334b4e36f67e\",\"name\":\"thomas.berner\",\"image\":{\"@type\":\"ImageObject\",\"inLanguage\":\"fr-FR\",\"@id\":\"https:\\\/\\\/secure.gravatar.com\\\/avatar\\\/ac5001d2a36cb6c6cd3e50789007ffca834b477b74a2144564522e944eabff61?s=96&d=mm&r=g\",\"url\":\"https:\\\/\\\/secure.gravatar.com\\\/avatar\\\/ac5001d2a36cb6c6cd3e50789007ffca834b477b74a2144564522e944eabff61?s=96&d=mm&r=g\",\"contentUrl\":\"https:\\\/\\\/secure.gravatar.com\\\/avatar\\\/ac5001d2a36cb6c6cd3e50789007ffca834b477b74a2144564522e944eabff61?s=96&d=mm&r=g\",\"caption\":\"thomas.berner\"},\"url\":\"https:\\\/\\\/www.organisator.ch\\\/fr\\\/author\\\/thomas-berner\\\/\"}]}<\/script>\n<!-- \/ Yoast SEO plugin. -->","yoast_head_json":{"title":"Le chiffre d'affaires des produits du commerce \u00e9quitable a encore augment\u00e9 - Organisateur","description":"La consommation de produits \u00e9quitables en Suisse a de nouveau augment\u00e9 en 2017. Les d\u00e9penses pour les produits du commerce \u00e9quitable ont augment\u00e9 de 11%.","robots":{"index":"index","follow":"follow","max-snippet":"max-snippet:-1","max-image-preview":"max-image-preview:large","max-video-preview":"max-video-preview:-1"},"canonical":"https:\/\/www.organisator.ch\/fr\/general\/2018-10-23\/umsatz-mit-fair-trade-produkten-weiter-angestiegen\/","og_locale":"fr_FR","og_type":"article","og_title":"Umsatz mit Fair Trade Produkten weiter angestiegen","og_description":"Der Konsum von Fair Trade-Produkten in der Schweiz hat 2017 abermals zugenommen. Die Ausgaben f\u00fcr Fair Trade-Produkte sind um 11% gestiegen.","og_url":"https:\/\/www.organisator.ch\/fr\/general\/2018-10-23\/umsatz-mit-fair-trade-produkten-weiter-angestiegen\/","og_site_name":"Organisator","article_publisher":"https:\/\/www.facebook.com\/OrganisatorFachmagazin","article_published_time":"2018-10-23T13:44:44+00:00","og_image":[{"width":640,"height":427,"url":"https:\/\/www.organisator.ch\/wp-content\/uploads\/2018\/10\/Umsatz-mit-Fair-Trade-Produkten-weiter-angestiegen-1_Organisator.jpg","type":"image\/jpeg"}],"author":"thomas.berner","twitter_card":"summary_large_image","twitter_title":"Umsatz mit #Fair-Trade-Produkten weiter angestiegen","twitter_description":"Der Konsum von #Fair-Trade-Produkten in der Schweiz hat 2017 abermals zugenommen. Die Ausgaben f\u00fcr Fair Trade-Produkte sind um 11% gestiegen.","twitter_image":"https:\/\/www.organisator.ch\/wp-content\/uploads\/2018\/10\/Umsatz-mit-Fair-Trade-Produkten-weiter-angestiegen-1_Organisator.jpg","schema":{"@context":"https:\/\/schema.org","@graph":[{"@type":"Article","@id":"https:\/\/www.organisator.ch\/en\/general\/2018-10-23\/umsatz-mit-fair-trade-produkten-weiter-angestiegen\/#article","isPartOf":{"@id":"https:\/\/www.organisator.ch\/en\/general\/2018-10-23\/umsatz-mit-fair-trade-produkten-weiter-angestiegen\/"},"author":{"name":"thomas.berner","@id":"https:\/\/www.organisator.ch\/#\/schema\/person\/6f650f90b2842cd4c0cc334b4e36f67e"},"headline":"Umsatz mit Fair Trade Produkten weiter angestiegen","datePublished":"2018-10-23T13:44:44+00:00","mainEntityOfPage":{"@id":"https:\/\/www.organisator.ch\/en\/general\/2018-10-23\/umsatz-mit-fair-trade-produkten-weiter-angestiegen\/"},"wordCount":267,"commentCount":0,"publisher":{"@id":"https:\/\/www.organisator.ch\/#organization"},"image":{"@id":"https:\/\/www.organisator.ch\/en\/general\/2018-10-23\/umsatz-mit-fair-trade-produkten-weiter-angestiegen\/#primaryimage"},"thumbnailUrl":"https:\/\/www.organisator.ch\/wp-content\/uploads\/2018\/10\/Umsatz-mit-Fair-Trade-Produkten-weiter-angestiegen-1_Organisator.jpg","keywords":["Konsum","Statistik","Vermischtes","Wirtschaftspolitik"],"articleSection":["Allgemein"],"inLanguage":"fr-FR"},{"@type":"WebPage","@id":"https:\/\/www.organisator.ch\/en\/general\/2018-10-23\/umsatz-mit-fair-trade-produkten-weiter-angestiegen\/","url":"https:\/\/www.organisator.ch\/en\/general\/2018-10-23\/umsatz-mit-fair-trade-produkten-weiter-angestiegen\/","name":"Le chiffre d'affaires des produits du commerce \u00e9quitable a encore augment\u00e9 - Organisateur","isPartOf":{"@id":"https:\/\/www.organisator.ch\/#website"},"primaryImageOfPage":{"@id":"https:\/\/www.organisator.ch\/en\/general\/2018-10-23\/umsatz-mit-fair-trade-produkten-weiter-angestiegen\/#primaryimage"},"image":{"@id":"https:\/\/www.organisator.ch\/en\/general\/2018-10-23\/umsatz-mit-fair-trade-produkten-weiter-angestiegen\/#primaryimage"},"thumbnailUrl":"https:\/\/www.organisator.ch\/wp-content\/uploads\/2018\/10\/Umsatz-mit-Fair-Trade-Produkten-weiter-angestiegen-1_Organisator.jpg","datePublished":"2018-10-23T13:44:44+00:00","description":"La consommation de produits \u00e9quitables en Suisse a de nouveau augment\u00e9 en 2017. Les d\u00e9penses pour les produits du commerce \u00e9quitable ont augment\u00e9 de 11%.","breadcrumb":{"@id":"https:\/\/www.organisator.ch\/en\/general\/2018-10-23\/umsatz-mit-fair-trade-produkten-weiter-angestiegen\/#breadcrumb"},"inLanguage":"fr-FR","potentialAction":[{"@type":"ReadAction","target":["https:\/\/www.organisator.ch\/en\/general\/2018-10-23\/umsatz-mit-fair-trade-produkten-weiter-angestiegen\/"]}]},{"@type":"ImageObject","inLanguage":"fr-FR","@id":"https:\/\/www.organisator.ch\/en\/general\/2018-10-23\/umsatz-mit-fair-trade-produkten-weiter-angestiegen\/#primaryimage","url":"https:\/\/www.organisator.ch\/wp-content\/uploads\/2018\/10\/Umsatz-mit-Fair-Trade-Produkten-weiter-angestiegen-1_Organisator.jpg","contentUrl":"https:\/\/www.organisator.ch\/wp-content\/uploads\/2018\/10\/Umsatz-mit-Fair-Trade-Produkten-weiter-angestiegen-1_Organisator.jpg","width":640,"height":427,"caption":"Schweizer Konsumenten setzten 2017 verst\u00e4rkt auf Fair Trade Produkte. (Bild: Swiss Fair Trade)"},{"@type":"BreadcrumbList","@id":"https:\/\/www.organisator.ch\/en\/general\/2018-10-23\/umsatz-mit-fair-trade-produkten-weiter-angestiegen\/#breadcrumb","itemListElement":[{"@type":"ListItem","position":1,"name":"Home","item":"https:\/\/www.organisator.ch\/"},{"@type":"ListItem","position":2,"name":"Umsatz mit Fair Trade Produkten weiter angestiegen"}]},{"@type":"WebSite","@id":"https:\/\/www.organisator.ch\/#website","url":"https:\/\/www.organisator.ch\/","name":"Organisateur","description":"Comp\u00e9tence et comp\u00e9tence. Proches de la pratique. L'ORGANISATEUR pr\u00e9pare 10 num\u00e9ros par an sur les th\u00e8mes essentiels pour les dirigeants de PME.","publisher":{"@id":"https:\/\/www.organisator.ch\/#organization"},"potentialAction":[{"@type":"SearchAction","target":{"@type":"EntryPoint","urlTemplate":"https:\/\/www.organisator.ch\/?s={search_term_string}"},"query-input":{"@type":"PropertyValueSpecification","valueRequired":true,"valueName":"search_term_string"}}],"inLanguage":"fr-FR"},{"@type":"Organization","@id":"https:\/\/www.organisator.ch\/#organization","name":"Organisateur","url":"https:\/\/www.organisator.ch\/","logo":{"@type":"ImageObject","inLanguage":"fr-FR","@id":"https:\/\/www.organisator.ch\/#\/schema\/logo\/image\/","url":"https:\/\/www.organisator.ch\/wp-content\/uploads\/2022\/01\/Logo_Organisator_Website.png","contentUrl":"https:\/\/www.organisator.ch\/wp-content\/uploads\/2022\/01\/Logo_Organisator_Website.png","width":800,"height":77,"caption":"Organisator"},"image":{"@id":"https:\/\/www.organisator.ch\/#\/schema\/logo\/image\/"},"sameAs":["https:\/\/www.facebook.com\/OrganisatorFachmagazin","https:\/\/www.linkedin.com\/showcase\/organisator-das-magazin-fr-kmu","https:\/\/www.xing.com\/news\/pages\/organisator-ch-695","https:\/\/www.youtube.com\/channel\/UCGP2Sq0iWaZwT3BdIAQFYpw"]},{"@type":"Person","@id":"https:\/\/www.organisator.ch\/#\/schema\/person\/6f650f90b2842cd4c0cc334b4e36f67e","name":"thomas.berner","image":{"@type":"ImageObject","inLanguage":"fr-FR","@id":"https:\/\/secure.gravatar.com\/avatar\/ac5001d2a36cb6c6cd3e50789007ffca834b477b74a2144564522e944eabff61?s=96&d=mm&r=g","url":"https:\/\/secure.gravatar.com\/avatar\/ac5001d2a36cb6c6cd3e50789007ffca834b477b74a2144564522e944eabff61?s=96&d=mm&r=g","contentUrl":"https:\/\/secure.gravatar.com\/avatar\/ac5001d2a36cb6c6cd3e50789007ffca834b477b74a2144564522e944eabff61?s=96&d=mm&r=g","caption":"thomas.berner"},"url":"https:\/\/www.organisator.ch\/fr\/author\/thomas-berner\/"}]}},"_links":{"self":[{"href":"https:\/\/www.organisator.ch\/fr\/wp-json\/wp\/v2\/posts\/4402","targetHints":{"allow":["GET"]}}],"collection":[{"href":"https:\/\/www.organisator.ch\/fr\/wp-json\/wp\/v2\/posts"}],"about":[{"href":"https:\/\/www.organisator.ch\/fr\/wp-json\/wp\/v2\/types\/post"}],"author":[{"embeddable":true,"href":"https:\/\/www.organisator.ch\/fr\/wp-json\/wp\/v2\/users\/4"}],"replies":[{"embeddable":true,"href":"https:\/\/www.organisator.ch\/fr\/wp-json\/wp\/v2\/comments?post=4402"}],"version-history":[{"count":0,"href":"https:\/\/www.organisator.ch\/fr\/wp-json\/wp\/v2\/posts\/4402\/revisions"}],"wp:featuredmedia":[{"embeddable":true,"href":"https:\/\/www.organisator.ch\/fr\/wp-json\/wp\/v2\/media\/4403"}],"wp:attachment":[{"href":"https:\/\/www.organisator.ch\/fr\/wp-json\/wp\/v2\/media?parent=4402"}],"wp:term":[{"taxonomy":"category","embeddable":true,"href":"https:\/\/www.organisator.ch\/fr\/wp-json\/wp\/v2\/categories?post=4402"},{"taxonomy":"post_tag","embeddable":true,"href":"https:\/\/www.organisator.ch\/fr\/wp-json\/wp\/v2\/tags?post=4402"}],"curies":[{"name":"wp","href":"https:\/\/api.w.org\/{rel}","templated":true}]}}