{"id":44049,"date":"2026-02-02T07:35:52","date_gmt":"2026-02-02T06:35:52","guid":{"rendered":"https:\/\/www.organisator.ch\/de\/?p=44049"},"modified":"2026-02-02T07:35:52","modified_gmt":"2026-02-02T06:35:52","slug":"alexander-kohler-wird-neuer-finanzchef-der-suva","status":"publish","type":"post","link":"https:\/\/www.organisator.ch\/fr\/management\/2026-02-02\/alexander-kohler-wird-neuer-finanzchef-der-suva\/","title":{"rendered":"Alexander Kohler, nouveau chef des finances de la Suva"},"content":{"rendered":"<figure id=\"attachment_44077\" aria-describedby=\"caption-attachment-44077\" style=\"width: 680px\" class=\"wp-caption alignnone\"><img loading=\"lazy\" decoding=\"async\" class=\"size-full wp-image-44077\" src=\"https:\/\/www.organisator.ch\/wp-content\/uploads\/2026\/01\/Alexander-Kohler-wird-neuer-Finanzchef-der-Suva_Organisator.jpg\" alt=\"\" width=\"680\" height=\"434\" srcset=\"https:\/\/www.organisator.ch\/wp-content\/uploads\/2026\/01\/Alexander-Kohler-wird-neuer-Finanzchef-der-Suva_Organisator.jpg 680w, https:\/\/www.organisator.ch\/wp-content\/uploads\/2026\/01\/Alexander-Kohler-wird-neuer-Finanzchef-der-Suva_Organisator-18x12.jpg 18w, https:\/\/www.organisator.ch\/wp-content\/uploads\/2026\/01\/Alexander-Kohler-wird-neuer-Finanzchef-der-Suva_Organisator-375x239.jpg 375w, https:\/\/www.organisator.ch\/wp-content\/uploads\/2026\/01\/Alexander-Kohler-wird-neuer-Finanzchef-der-Suva_Organisator-548x350.jpg 548w\" sizes=\"auto, (max-width: 680px) 100vw, 680px\" \/><figcaption id=\"caption-attachment-44077\" class=\"wp-caption-text\">Alexander Kohler, nouveau chef des finances de la Suva. (Image : zVg)<\/figcaption><\/figure>\n<p>Lors de sa derni\u00e8re s\u00e9ance, le comit\u00e9 du Conseil de la Suva a \u00e9lu Alexander Kohler pour succ\u00e9der \u00e0 Hubert Niggli. Kohler dirigera d\u00e9sormais le d\u00e9partement Finances et Informatique et sera membre de la direction de la Suva. Le candidat interne a pu s'imposer \u00e0 l'issue d'un processus de recrutement public.<\/p>\n<p>Avec le choix d'Alexander Kohler, la Suva mise sur la continuit\u00e9. L'expert financier travaille d\u00e9j\u00e0 dans l'entreprise et apporte une connaissance approfondie des structures et processus internes. Il prendra ses nouvelles fonctions le 1er juillet 2026.<\/p>\n<p>Le choix d'un candidat interne souligne la confiance de la Suva dans ses propres cadres. Dans son nouveau r\u00f4le, Kohler sera responsable \u00e0 la fois des finances et de l'informatique de l'entreprise.<\/p>\n<p><em>Source : <a href=\"http:\/\/www.suva.ch\">Suva<\/a><\/em><\/p>","protected":false},"excerpt":{"rendered":"<p>Le comit\u00e9 du Conseil de la Suva a \u00e9lu Alexander Kohler nouveau chef du d\u00e9partement Finances et Informatique et membre de la direction. L'expert financier interne s'est impos\u00e9 lors d'un processus de recrutement public et succ\u00e9dera \u00e0 Hubert Niggli le 1er juillet 2026.<\/p>","protected":false},"author":107,"featured_media":44077,"comment_status":"closed","ping_status":"closed","sticky":false,"template":"","format":"standard","meta":{"_acf_changed":false,"_yoast_wpseo_focuskw":"Alexander Kohler","_yoast_wpseo_metadesc":"Alexander Kohler wird neuer Finanzchef der Suva. Er \u00fcbernimmt am 1. Juli 2026 die Leitung des Departements Finanzen und Informatik.","articlekey":"","footnotes":""},"categories":[28],"tags":[381,463,492,511],"class_list":["post-44049","post","type-post","status-publish","format-standard","has-post-thumbnail","hentry","category-management","tag-personalia","tag-suva","tag-unternehmen","tag-versicherungen"],"acf":[],"yoast_head":"<!-- This site is optimized with the Yoast SEO plugin v27.5 - https:\/\/yoast.com\/product\/yoast-seo-wordpress\/ -->\n<title>Alexander Kohler wird neuer Finanzchef der Suva - Organisator<\/title>\n<meta name=\"description\" content=\"Alexander Kohler wird neuer Finanzchef der Suva. Er \u00fcbernimmt am 1. Juli 2026 die Leitung des Departements Finanzen und Informatik.\" \/>\n<meta name=\"robots\" content=\"index, follow, max-snippet:-1, max-image-preview:large, max-video-preview:-1\" \/>\n<link rel=\"canonical\" href=\"https:\/\/www.organisator.ch\/fr\/gestion-2\/2026-02-02\/alexander-kohler-wird-neuer-finanzchef-der-suva\/\" \/>\n<meta property=\"og:locale\" content=\"fr_FR\" \/>\n<meta property=\"og:type\" content=\"article\" \/>\n<meta property=\"og:title\" content=\"Alexander Kohler wird neuer Finanzchef der Suva\" \/>\n<meta property=\"og:description\" content=\"Alexander Kohler wird neuer Finanzchef der Suva. Er \u00fcbernimmt am 1. Juli 2026 die Leitung des Departements Finanzen und Informatik.\" \/>\n<meta property=\"og:url\" content=\"https:\/\/www.organisator.ch\/fr\/gestion-2\/2026-02-02\/alexander-kohler-wird-neuer-finanzchef-der-suva\/\" \/>\n<meta property=\"og:site_name\" content=\"Organisator\" \/>\n<meta property=\"article:publisher\" content=\"https:\/\/www.facebook.com\/OrganisatorFachmagazin\" \/>\n<meta property=\"article:published_time\" content=\"2026-02-02T06:35:52+00:00\" \/>\n<meta property=\"og:image\" content=\"https:\/\/www.organisator.ch\/wp-content\/uploads\/2026\/01\/Alexander-Kohler-wird-neuer-Finanzchef-der-Suva_Organisator.jpg\" \/>\n\t<meta property=\"og:image:width\" content=\"680\" \/>\n\t<meta property=\"og:image:height\" content=\"434\" \/>\n\t<meta property=\"og:image:type\" content=\"image\/jpeg\" \/>\n<meta name=\"author\" content=\"n8n\" \/>\n<meta name=\"twitter:card\" content=\"summary_large_image\" \/>\n<meta name=\"twitter:title\" content=\"Alexander #Kohler wird neuer #Finanzchef der Suva\" \/>\n<meta name=\"twitter:description\" content=\"Alexander #Kohler wird neuer Finanzchef der #Suva. Er \u00fcbernimmt am 1. Juli 2026 die Leitung des Departements Finanzen und Informatik.\" \/>\n<meta name=\"twitter:image\" content=\"https:\/\/www.organisator.ch\/wp-content\/uploads\/2026\/01\/Alexander-Kohler-wird-neuer-Finanzchef-der-Suva_Organisator.jpg\" \/>\n<script type=\"application\/ld+json\" class=\"yoast-schema-graph\">{\"@context\":\"https:\\\/\\\/schema.org\",\"@graph\":[{\"@type\":\"Article\",\"@id\":\"https:\\\/\\\/www.organisator.ch\\\/management\\\/2026-02-02\\\/alexander-kohler-wird-neuer-finanzchef-der-suva\\\/#article\",\"isPartOf\":{\"@id\":\"https:\\\/\\\/www.organisator.ch\\\/management\\\/2026-02-02\\\/alexander-kohler-wird-neuer-finanzchef-der-suva\\\/\"},\"author\":{\"name\":\"n8n\",\"@id\":\"https:\\\/\\\/www.organisator.ch\\\/#\\\/schema\\\/person\\\/a9d0e0eff238db87a8f840f3b50359f0\"},\"headline\":\"Alexander Kohler wird neuer Finanzchef der Suva\",\"datePublished\":\"2026-02-02T06:35:52+00:00\",\"mainEntityOfPage\":{\"@id\":\"https:\\\/\\\/www.organisator.ch\\\/management\\\/2026-02-02\\\/alexander-kohler-wird-neuer-finanzchef-der-suva\\\/\"},\"wordCount\":146,\"publisher\":{\"@id\":\"https:\\\/\\\/www.organisator.ch\\\/#organization\"},\"image\":{\"@id\":\"https:\\\/\\\/www.organisator.ch\\\/management\\\/2026-02-02\\\/alexander-kohler-wird-neuer-finanzchef-der-suva\\\/#primaryimage\"},\"thumbnailUrl\":\"https:\\\/\\\/www.organisator.ch\\\/wp-content\\\/uploads\\\/2026\\\/01\\\/Alexander-Kohler-wird-neuer-Finanzchef-der-Suva_Organisator.jpg\",\"keywords\":[\"Personalia\",\"SUVA\",\"Unternehmen\",\"Versicherungen\"],\"articleSection\":[\"MANAGEMENT\"],\"inLanguage\":\"fr-FR\"},{\"@type\":\"WebPage\",\"@id\":\"https:\\\/\\\/www.organisator.ch\\\/management\\\/2026-02-02\\\/alexander-kohler-wird-neuer-finanzchef-der-suva\\\/\",\"url\":\"https:\\\/\\\/www.organisator.ch\\\/management\\\/2026-02-02\\\/alexander-kohler-wird-neuer-finanzchef-der-suva\\\/\",\"name\":\"Alexander Kohler wird neuer Finanzchef der Suva - Organisator\",\"isPartOf\":{\"@id\":\"https:\\\/\\\/www.organisator.ch\\\/#website\"},\"primaryImageOfPage\":{\"@id\":\"https:\\\/\\\/www.organisator.ch\\\/management\\\/2026-02-02\\\/alexander-kohler-wird-neuer-finanzchef-der-suva\\\/#primaryimage\"},\"image\":{\"@id\":\"https:\\\/\\\/www.organisator.ch\\\/management\\\/2026-02-02\\\/alexander-kohler-wird-neuer-finanzchef-der-suva\\\/#primaryimage\"},\"thumbnailUrl\":\"https:\\\/\\\/www.organisator.ch\\\/wp-content\\\/uploads\\\/2026\\\/01\\\/Alexander-Kohler-wird-neuer-Finanzchef-der-Suva_Organisator.jpg\",\"datePublished\":\"2026-02-02T06:35:52+00:00\",\"description\":\"Alexander Kohler wird neuer Finanzchef der Suva. Er \u00fcbernimmt am 1. Juli 2026 die Leitung des Departements Finanzen und Informatik.\",\"breadcrumb\":{\"@id\":\"https:\\\/\\\/www.organisator.ch\\\/management\\\/2026-02-02\\\/alexander-kohler-wird-neuer-finanzchef-der-suva\\\/#breadcrumb\"},\"inLanguage\":\"fr-FR\",\"potentialAction\":[{\"@type\":\"ReadAction\",\"target\":[\"https:\\\/\\\/www.organisator.ch\\\/management\\\/2026-02-02\\\/alexander-kohler-wird-neuer-finanzchef-der-suva\\\/\"]}]},{\"@type\":\"ImageObject\",\"inLanguage\":\"fr-FR\",\"@id\":\"https:\\\/\\\/www.organisator.ch\\\/management\\\/2026-02-02\\\/alexander-kohler-wird-neuer-finanzchef-der-suva\\\/#primaryimage\",\"url\":\"https:\\\/\\\/www.organisator.ch\\\/wp-content\\\/uploads\\\/2026\\\/01\\\/Alexander-Kohler-wird-neuer-Finanzchef-der-Suva_Organisator.jpg\",\"contentUrl\":\"https:\\\/\\\/www.organisator.ch\\\/wp-content\\\/uploads\\\/2026\\\/01\\\/Alexander-Kohler-wird-neuer-Finanzchef-der-Suva_Organisator.jpg\",\"width\":680,\"height\":434,\"caption\":\"Alexander Kohler, neuer Finanzchef der Suva. (Bild: zVg)\"},{\"@type\":\"BreadcrumbList\",\"@id\":\"https:\\\/\\\/www.organisator.ch\\\/management\\\/2026-02-02\\\/alexander-kohler-wird-neuer-finanzchef-der-suva\\\/#breadcrumb\",\"itemListElement\":[{\"@type\":\"ListItem\",\"position\":1,\"name\":\"Home\",\"item\":\"https:\\\/\\\/www.organisator.ch\\\/\"},{\"@type\":\"ListItem\",\"position\":2,\"name\":\"Alexander Kohler wird neuer Finanzchef der Suva\"}]},{\"@type\":\"WebSite\",\"@id\":\"https:\\\/\\\/www.organisator.ch\\\/#website\",\"url\":\"https:\\\/\\\/www.organisator.ch\\\/\",\"name\":\"Organisator\",\"description\":\"Kompetent. Praxisnah. Der ORGANISATOR bereitet in 10 Ausgaben pro Jahr die wesentlichen Themen f\u00fcr F\u00fchrungskr\u00e4fte von KMU auf.\",\"publisher\":{\"@id\":\"https:\\\/\\\/www.organisator.ch\\\/#organization\"},\"potentialAction\":[{\"@type\":\"SearchAction\",\"target\":{\"@type\":\"EntryPoint\",\"urlTemplate\":\"https:\\\/\\\/www.organisator.ch\\\/?s={search_term_string}\"},\"query-input\":{\"@type\":\"PropertyValueSpecification\",\"valueRequired\":true,\"valueName\":\"search_term_string\"}}],\"inLanguage\":\"fr-FR\"},{\"@type\":\"Organization\",\"@id\":\"https:\\\/\\\/www.organisator.ch\\\/#organization\",\"name\":\"Organisator\",\"url\":\"https:\\\/\\\/www.organisator.ch\\\/\",\"logo\":{\"@type\":\"ImageObject\",\"inLanguage\":\"fr-FR\",\"@id\":\"https:\\\/\\\/www.organisator.ch\\\/#\\\/schema\\\/logo\\\/image\\\/\",\"url\":\"https:\\\/\\\/www.organisator.ch\\\/wp-content\\\/uploads\\\/2022\\\/01\\\/Logo_Organisator_Website.png\",\"contentUrl\":\"https:\\\/\\\/www.organisator.ch\\\/wp-content\\\/uploads\\\/2022\\\/01\\\/Logo_Organisator_Website.png\",\"width\":800,\"height\":77,\"caption\":\"Organisator\"},\"image\":{\"@id\":\"https:\\\/\\\/www.organisator.ch\\\/#\\\/schema\\\/logo\\\/image\\\/\"},\"sameAs\":[\"https:\\\/\\\/www.facebook.com\\\/OrganisatorFachmagazin\",\"https:\\\/\\\/www.linkedin.com\\\/showcase\\\/organisator-das-magazin-fr-kmu\",\"https:\\\/\\\/www.xing.com\\\/news\\\/pages\\\/organisator-ch-695\",\"https:\\\/\\\/www.youtube.com\\\/channel\\\/UCGP2Sq0iWaZwT3BdIAQFYpw\"]},{\"@type\":\"Person\",\"@id\":\"https:\\\/\\\/www.organisator.ch\\\/#\\\/schema\\\/person\\\/a9d0e0eff238db87a8f840f3b50359f0\",\"name\":\"n8n\",\"image\":{\"@type\":\"ImageObject\",\"inLanguage\":\"fr-FR\",\"@id\":\"https:\\\/\\\/secure.gravatar.com\\\/avatar\\\/5368fb9d03fd415a6f335cece4c15af2502d6ca8651efbd6e8f98427a9795400?s=96&d=mm&r=g\",\"url\":\"https:\\\/\\\/secure.gravatar.com\\\/avatar\\\/5368fb9d03fd415a6f335cece4c15af2502d6ca8651efbd6e8f98427a9795400?s=96&d=mm&r=g\",\"contentUrl\":\"https:\\\/\\\/secure.gravatar.com\\\/avatar\\\/5368fb9d03fd415a6f335cece4c15af2502d6ca8651efbd6e8f98427a9795400?s=96&d=mm&r=g\",\"caption\":\"n8n\"},\"url\":\"https:\\\/\\\/www.organisator.ch\\\/fr\\\/author\\\/n8n\\\/\"}]}<\/script>\n<!-- \/ Yoast SEO plugin. -->","yoast_head_json":{"title":"Alexander Kohler, nouveau chef des finances de la Suva - Organisateur","description":"Alexander Kohler sera le nouveau chef des finances de la Suva. Il prendra la t\u00eate du d\u00e9partement Finances et Informatique le 1er juillet 2026.","robots":{"index":"index","follow":"follow","max-snippet":"max-snippet:-1","max-image-preview":"max-image-preview:large","max-video-preview":"max-video-preview:-1"},"canonical":"https:\/\/www.organisator.ch\/fr\/gestion-2\/2026-02-02\/alexander-kohler-wird-neuer-finanzchef-der-suva\/","og_locale":"fr_FR","og_type":"article","og_title":"Alexander Kohler wird neuer Finanzchef der Suva","og_description":"Alexander Kohler wird neuer Finanzchef der Suva. Er \u00fcbernimmt am 1. Juli 2026 die Leitung des Departements Finanzen und Informatik.","og_url":"https:\/\/www.organisator.ch\/fr\/gestion-2\/2026-02-02\/alexander-kohler-wird-neuer-finanzchef-der-suva\/","og_site_name":"Organisator","article_publisher":"https:\/\/www.facebook.com\/OrganisatorFachmagazin","article_published_time":"2026-02-02T06:35:52+00:00","og_image":[{"width":680,"height":434,"url":"https:\/\/www.organisator.ch\/wp-content\/uploads\/2026\/01\/Alexander-Kohler-wird-neuer-Finanzchef-der-Suva_Organisator.jpg","type":"image\/jpeg"}],"author":"n8n","twitter_card":"summary_large_image","twitter_title":"Alexander #Kohler wird neuer #Finanzchef der Suva","twitter_description":"Alexander #Kohler wird neuer Finanzchef der #Suva. Er \u00fcbernimmt am 1. Juli 2026 die Leitung des Departements Finanzen und Informatik.","twitter_image":"https:\/\/www.organisator.ch\/wp-content\/uploads\/2026\/01\/Alexander-Kohler-wird-neuer-Finanzchef-der-Suva_Organisator.jpg","schema":{"@context":"https:\/\/schema.org","@graph":[{"@type":"Article","@id":"https:\/\/www.organisator.ch\/management\/2026-02-02\/alexander-kohler-wird-neuer-finanzchef-der-suva\/#article","isPartOf":{"@id":"https:\/\/www.organisator.ch\/management\/2026-02-02\/alexander-kohler-wird-neuer-finanzchef-der-suva\/"},"author":{"name":"n8n","@id":"https:\/\/www.organisator.ch\/#\/schema\/person\/a9d0e0eff238db87a8f840f3b50359f0"},"headline":"Alexander Kohler wird neuer Finanzchef der Suva","datePublished":"2026-02-02T06:35:52+00:00","mainEntityOfPage":{"@id":"https:\/\/www.organisator.ch\/management\/2026-02-02\/alexander-kohler-wird-neuer-finanzchef-der-suva\/"},"wordCount":146,"publisher":{"@id":"https:\/\/www.organisator.ch\/#organization"},"image":{"@id":"https:\/\/www.organisator.ch\/management\/2026-02-02\/alexander-kohler-wird-neuer-finanzchef-der-suva\/#primaryimage"},"thumbnailUrl":"https:\/\/www.organisator.ch\/wp-content\/uploads\/2026\/01\/Alexander-Kohler-wird-neuer-Finanzchef-der-Suva_Organisator.jpg","keywords":["Personalia","SUVA","Unternehmen","Versicherungen"],"articleSection":["MANAGEMENT"],"inLanguage":"fr-FR"},{"@type":"WebPage","@id":"https:\/\/www.organisator.ch\/management\/2026-02-02\/alexander-kohler-wird-neuer-finanzchef-der-suva\/","url":"https:\/\/www.organisator.ch\/management\/2026-02-02\/alexander-kohler-wird-neuer-finanzchef-der-suva\/","name":"Alexander Kohler, nouveau chef des finances de la Suva - Organisateur","isPartOf":{"@id":"https:\/\/www.organisator.ch\/#website"},"primaryImageOfPage":{"@id":"https:\/\/www.organisator.ch\/management\/2026-02-02\/alexander-kohler-wird-neuer-finanzchef-der-suva\/#primaryimage"},"image":{"@id":"https:\/\/www.organisator.ch\/management\/2026-02-02\/alexander-kohler-wird-neuer-finanzchef-der-suva\/#primaryimage"},"thumbnailUrl":"https:\/\/www.organisator.ch\/wp-content\/uploads\/2026\/01\/Alexander-Kohler-wird-neuer-Finanzchef-der-Suva_Organisator.jpg","datePublished":"2026-02-02T06:35:52+00:00","description":"Alexander Kohler sera le nouveau chef des finances de la Suva. Il prendra la t\u00eate du d\u00e9partement Finances et Informatique le 1er juillet 2026.","breadcrumb":{"@id":"https:\/\/www.organisator.ch\/management\/2026-02-02\/alexander-kohler-wird-neuer-finanzchef-der-suva\/#breadcrumb"},"inLanguage":"fr-FR","potentialAction":[{"@type":"ReadAction","target":["https:\/\/www.organisator.ch\/management\/2026-02-02\/alexander-kohler-wird-neuer-finanzchef-der-suva\/"]}]},{"@type":"ImageObject","inLanguage":"fr-FR","@id":"https:\/\/www.organisator.ch\/management\/2026-02-02\/alexander-kohler-wird-neuer-finanzchef-der-suva\/#primaryimage","url":"https:\/\/www.organisator.ch\/wp-content\/uploads\/2026\/01\/Alexander-Kohler-wird-neuer-Finanzchef-der-Suva_Organisator.jpg","contentUrl":"https:\/\/www.organisator.ch\/wp-content\/uploads\/2026\/01\/Alexander-Kohler-wird-neuer-Finanzchef-der-Suva_Organisator.jpg","width":680,"height":434,"caption":"Alexander Kohler, neuer Finanzchef der Suva. (Bild: zVg)"},{"@type":"BreadcrumbList","@id":"https:\/\/www.organisator.ch\/management\/2026-02-02\/alexander-kohler-wird-neuer-finanzchef-der-suva\/#breadcrumb","itemListElement":[{"@type":"ListItem","position":1,"name":"Home","item":"https:\/\/www.organisator.ch\/"},{"@type":"ListItem","position":2,"name":"Alexander Kohler wird neuer Finanzchef der Suva"}]},{"@type":"WebSite","@id":"https:\/\/www.organisator.ch\/#website","url":"https:\/\/www.organisator.ch\/","name":"Organisateur","description":"Comp\u00e9tence et comp\u00e9tence. Proches de la pratique. L'ORGANISATEUR pr\u00e9pare 10 num\u00e9ros par an sur les th\u00e8mes essentiels pour les dirigeants de PME.","publisher":{"@id":"https:\/\/www.organisator.ch\/#organization"},"potentialAction":[{"@type":"SearchAction","target":{"@type":"EntryPoint","urlTemplate":"https:\/\/www.organisator.ch\/?s={search_term_string}"},"query-input":{"@type":"PropertyValueSpecification","valueRequired":true,"valueName":"search_term_string"}}],"inLanguage":"fr-FR"},{"@type":"Organization","@id":"https:\/\/www.organisator.ch\/#organization","name":"Organisateur","url":"https:\/\/www.organisator.ch\/","logo":{"@type":"ImageObject","inLanguage":"fr-FR","@id":"https:\/\/www.organisator.ch\/#\/schema\/logo\/image\/","url":"https:\/\/www.organisator.ch\/wp-content\/uploads\/2022\/01\/Logo_Organisator_Website.png","contentUrl":"https:\/\/www.organisator.ch\/wp-content\/uploads\/2022\/01\/Logo_Organisator_Website.png","width":800,"height":77,"caption":"Organisator"},"image":{"@id":"https:\/\/www.organisator.ch\/#\/schema\/logo\/image\/"},"sameAs":["https:\/\/www.facebook.com\/OrganisatorFachmagazin","https:\/\/www.linkedin.com\/showcase\/organisator-das-magazin-fr-kmu","https:\/\/www.xing.com\/news\/pages\/organisator-ch-695","https:\/\/www.youtube.com\/channel\/UCGP2Sq0iWaZwT3BdIAQFYpw"]},{"@type":"Person","@id":"https:\/\/www.organisator.ch\/#\/schema\/person\/a9d0e0eff238db87a8f840f3b50359f0","name":"n8n","image":{"@type":"ImageObject","inLanguage":"fr-FR","@id":"https:\/\/secure.gravatar.com\/avatar\/5368fb9d03fd415a6f335cece4c15af2502d6ca8651efbd6e8f98427a9795400?s=96&d=mm&r=g","url":"https:\/\/secure.gravatar.com\/avatar\/5368fb9d03fd415a6f335cece4c15af2502d6ca8651efbd6e8f98427a9795400?s=96&d=mm&r=g","contentUrl":"https:\/\/secure.gravatar.com\/avatar\/5368fb9d03fd415a6f335cece4c15af2502d6ca8651efbd6e8f98427a9795400?s=96&d=mm&r=g","caption":"n8n"},"url":"https:\/\/www.organisator.ch\/fr\/author\/n8n\/"}]}},"_links":{"self":[{"href":"https:\/\/www.organisator.ch\/fr\/wp-json\/wp\/v2\/posts\/44049","targetHints":{"allow":["GET"]}}],"collection":[{"href":"https:\/\/www.organisator.ch\/fr\/wp-json\/wp\/v2\/posts"}],"about":[{"href":"https:\/\/www.organisator.ch\/fr\/wp-json\/wp\/v2\/types\/post"}],"author":[{"embeddable":true,"href":"https:\/\/www.organisator.ch\/fr\/wp-json\/wp\/v2\/users\/107"}],"replies":[{"embeddable":true,"href":"https:\/\/www.organisator.ch\/fr\/wp-json\/wp\/v2\/comments?post=44049"}],"version-history":[{"count":3,"href":"https:\/\/www.organisator.ch\/fr\/wp-json\/wp\/v2\/posts\/44049\/revisions"}],"predecessor-version":[{"id":44115,"href":"https:\/\/www.organisator.ch\/fr\/wp-json\/wp\/v2\/posts\/44049\/revisions\/44115"}],"wp:featuredmedia":[{"embeddable":true,"href":"https:\/\/www.organisator.ch\/fr\/wp-json\/wp\/v2\/media\/44077"}],"wp:attachment":[{"href":"https:\/\/www.organisator.ch\/fr\/wp-json\/wp\/v2\/media?parent=44049"}],"wp:term":[{"taxonomy":"category","embeddable":true,"href":"https:\/\/www.organisator.ch\/fr\/wp-json\/wp\/v2\/categories?post=44049"},{"taxonomy":"post_tag","embeddable":true,"href":"https:\/\/www.organisator.ch\/fr\/wp-json\/wp\/v2\/tags?post=44049"}],"curies":[{"name":"wp","href":"https:\/\/api.w.org\/{rel}","templated":true}]}}