{"id":44127,"date":"2026-02-03T07:23:28","date_gmt":"2026-02-03T06:23:28","guid":{"rendered":"https:\/\/www.markt-kom.com\/?p=250263"},"modified":"2026-02-03T09:47:20","modified_gmt":"2026-02-03T08:47:20","slug":"vier-buecher-die-sie-interessieren-koennten-34","status":"publish","type":"post","link":"https:\/\/www.organisator.ch\/fr\/marketing\/2026-02-03\/vier-buecher-die-sie-interessieren-koennten-34\/","title":{"rendered":"Quatre livres qui pourraient vous int\u00e9resser"},"content":{"rendered":"<p><img class=\"alignnone size-full wp-image-250264\" src=\"https:\/\/www.markt-kom.com\/wp-content\/uploads\/2026\/02\/Design-ohne-Titel42.jpg\" sizes=\"(max-width: 1024px) 100vw, 1024px\" srcset=\"https:\/\/www.markt-kom.com\/wp-content\/uploads\/2026\/02\/Design-ohne-Titel42.jpg 1024w, https:\/\/www.markt-kom.com\/wp-content\/uploads\/2026\/02\/Design-ohne-Titel42-600x450.jpg 600w, https:\/\/www.markt-kom.com\/wp-content\/uploads\/2026\/02\/Design-ohne-Titel42-768x576.jpg 768w, https:\/\/www.markt-kom.com\/wp-content\/uploads\/2026\/02\/Design-ohne-Titel42-16x12.jpg 16w, https:\/\/www.markt-kom.com\/wp-content\/uploads\/2026\/02\/Design-ohne-Titel42-233x175.jpg 233w, https:\/\/www.markt-kom.com\/wp-content\/uploads\/2026\/02\/Design-ohne-Titel42-467x350.jpg 467w, https:\/\/www.markt-kom.com\/wp-content\/uploads\/2026\/02\/Design-ohne-Titel42-1000x750.jpg 1000w\" alt=\"\" width=\"1024\" height=\"768\" \/><\/p>\r\n<p>En collaboration avec GetAbstract, nous vous pr\u00e9sentons quatre livres dans le domaine du marketing et de la communication. Cette fois-ci : \u00abAcc\u00e9l\u00e9rer l'exp\u00e9rience\u00bb, \u00abEntre suppressions d'emplois et p\u00e9nurie de main-d'\u0153uvre\u00bb, \u00abLa nouvelle prosp\u00e9rit\u00e9\u00bb et \u00abLe recrutement en chef\u00bb.<\/p>\r\n<p>&nbsp;<\/p>\r\n<p><strong>Acc\u00e9l\u00e9rer l'exp\u00e9rience !<\/strong><\/p>\r\n<p>Les principes de la r\u00e9ussite dans un monde fluide.<\/p>\r\n<p><img class=\"alignnone size-full wp-image-250267\" src=\"https:\/\/www.markt-kom.com\/wp-content\/uploads\/2026\/02\/Erfahrung-beschleunigen.jpeg\" sizes=\"(max-width: 335px) 100vw, 335px\" srcset=\"https:\/\/www.markt-kom.com\/wp-content\/uploads\/2026\/02\/Erfahrung-beschleunigen.jpeg 335w, https:\/\/www.markt-kom.com\/wp-content\/uploads\/2026\/02\/Erfahrung-beschleunigen-8x12.jpeg 8w, https:\/\/www.markt-kom.com\/wp-content\/uploads\/2026\/02\/Erfahrung-beschleunigen-117x175.jpeg 117w, https:\/\/www.markt-kom.com\/wp-content\/uploads\/2026\/02\/Erfahrung-beschleunigen-235x350.jpeg 235w\" alt=\"\" width=\"335\" height=\"500\" \/><\/p>\r\n<p>Paul M. Achleitner<\/p>\r\n<p>Maison d'\u00e9dition : Campus<\/p>\r\n<p>Ann\u00e9e de publication : 2025<\/p>\r\n<p>Pages : 296<\/p>\r\n<p>ISBN : 9783593520872<\/p>\r\n<p>Les j\u00e9r\u00e9miades ont le don d'\u00e9nerver Paul M. Achleitner. L'ancien pr\u00e9sident du conseil de surveillance de la Deutsche Bank n'ignore pas que les entrepreneurs sont confront\u00e9s \u00e0 des t\u00e2ches gigantesques en raison des conflits g\u00e9opolitiques, des innovations technologiques et du changement climatique. Mais l\u00e0 o\u00f9 la politique et les m\u00e9dias r\u00e9pandent le pessimisme, les entreprises sont, selon lui, oblig\u00e9es d'agir avec courage et confiance. En bref et en grande partie sans complaisance, Achleitner revient sur son action. Les dirigeants d'aujourd'hui ne doivent pas le copier - mais se sentir encourag\u00e9s par cette lecture \u00e0 transformer leurs propres exp\u00e9riences en actions efficaces.<\/p>\r\n<p>Note getAbstract : 9<\/p>\r\n<p>Qualit\u00e9s :<\/p>\r\n<ul>\r\n\t<li>Une opinion forte<\/li>\r\n\t<li>Eloquent<\/li>\r\n\t<li>Inspirant<\/li>\r\n<\/ul>\r\n<p>&nbsp;<\/p>\r\n<p><strong>Entre r\u00e9duction des effectifs et p\u00e9nurie de main-d'\u0153uvre<\/strong><\/p>\r\n<p>Strat\u00e9gies de skilling pour une politique du personnel orient\u00e9e vers l'avenir.<\/p>\r\n<p><img class=\"alignnone size-full wp-image-250268\" src=\"https:\/\/www.markt-kom.com\/wp-content\/uploads\/2026\/02\/Zwischen-Stellenabbau-und-Arbeitskraeftemangel.jpeg\" sizes=\"(max-width: 321px) 100vw, 321px\" srcset=\"https:\/\/www.markt-kom.com\/wp-content\/uploads\/2026\/02\/Zwischen-Stellenabbau-und-Arbeitskraeftemangel.jpeg 321w, https:\/\/www.markt-kom.com\/wp-content\/uploads\/2026\/02\/Zwischen-Stellenabbau-und-Arbeitskraeftemangel-8x12.jpeg 8w, https:\/\/www.markt-kom.com\/wp-content\/uploads\/2026\/02\/Zwischen-Stellenabbau-und-Arbeitskraeftemangel-112x175.jpeg 112w, https:\/\/www.markt-kom.com\/wp-content\/uploads\/2026\/02\/Zwischen-Stellenabbau-und-Arbeitskraeftemangel-225x350.jpeg 225w\" alt=\"\" width=\"321\" height=\"500\" \/><\/p>\r\n<p>Silke Eilers et Jutta Rump (\u00e9d.)<\/p>\r\n<p>Maison d'\u00e9dition : Wiley-VCH<\/p>\r\n<p>Ann\u00e9e de publication : 2025<\/p>\r\n<p>Pages : 221<\/p>\r\n<p>ISBN : 9783527512164<\/p>\r\n<p>La num\u00e9risation, l'IA, la p\u00e9nurie de main-d'\u0153uvre qualifi\u00e9e et le changement structurel g\u00e9n\u00e9ral donnent du fil \u00e0 retordre \u00e0 de nombreuses entreprises. Comment doivent-elles r\u00e9agir ? Que peuvent-elles faire pour continuer \u00e0 compter suffisamment de collaborateurs comp\u00e9tents dans leurs rangs ? Une approche consiste \u00e0 recycler le personnel existant \u00e0 long terme et \u00e0 le pr\u00e9parer aux d\u00e9fis futurs. Up-Skilling et Re-Skilling font partie des mots-cl\u00e9s les plus importants du pr\u00e9sent recueil. Les auteurs montrent pourquoi les entreprises devraient miser sur les collaborateurs existants et comment elles peuvent les qualifier pour de nouvelles t\u00e2ches.<\/p>\r\n<p>\u00c9valuation getAbstract : 8<\/p>\r\n<p>Qualit\u00e9s :<\/p>\r\n<ul>\r\n\t<li>Contexte<\/li>\r\n\t<li>Exemples pratiques<\/li>\r\n\t<li>Pour les experts<\/li>\r\n<\/ul>\r\n<p>&nbsp;<\/p>\r\n<p><strong>La nouvelle prosp\u00e9rit\u00e9<\/strong><\/p>\r\n<p><img class=\"alignnone size-full wp-image-250266\" src=\"https:\/\/www.markt-kom.com\/wp-content\/uploads\/2026\/02\/Der-neue-Wohlstand.jpeg\" sizes=\"(max-width: 322px) 100vw, 322px\" srcset=\"https:\/\/www.markt-kom.com\/wp-content\/uploads\/2026\/02\/Der-neue-Wohlstand.jpeg 322w, https:\/\/www.markt-kom.com\/wp-content\/uploads\/2026\/02\/Der-neue-Wohlstand-8x12.jpeg 8w, https:\/\/www.markt-kom.com\/wp-content\/uploads\/2026\/02\/Der-neue-Wohlstand-113x175.jpeg 113w, https:\/\/www.markt-kom.com\/wp-content\/uploads\/2026\/02\/Der-neue-Wohlstand-225x350.jpeg 225w\" alt=\"\" width=\"322\" height=\"500\" \/><\/p>\r\n<p>Ce que nous devons faire pour un avenir meilleur.<\/p>\r\n<p>Ezra Klein et Derek Thompson<\/p>\r\n<p>Maison d'\u00e9dition : Hoffmann und Campe<\/p>\r\n<p>Ann\u00e9e de publication : 2025<\/p>\r\n<p>Pages : 359<\/p>\r\n<p>ISBN : 9783455020588<\/p>\r\n<p>Ce livre est une surprise - notamment pour les personnes int\u00e9ress\u00e9es en Allemagne. Les deux auteurs am\u00e9ricains de renom attestent que leur pays est devenu faible en mati\u00e8re d'innovation, scl\u00e9ros\u00e9 par la bureaucratie et hostile \u00e0 la croissance. Plus encore que cette th\u00e8se abrupte, ce sont les donn\u00e9es empiriques avec lesquelles ils l'\u00e9tayent qui surprennent, par exemple sur le manque de logements, l'\u00e9chec des grands projets ou la r\u00e9ticence \u00e0 la recherche risqu\u00e9e. Klein et Thompson replacent ces conclusions \u00e9tonnantes sur le pays pr\u00e9tendument le plus libre du monde dans son paysage politique - y compris l'ascension de Trump. A lire.<\/p>\r\n<p>Note getAbstract : 9<\/p>\r\n<p>Qualit\u00e9s :<\/p>\r\n<ul>\r\n\t<li>Ouvrir les yeux<\/li>\r\n\t<li>Visionnaire<\/li>\r\n\t<li>Contexte<\/li>\r\n<\/ul>\r\n<p>&nbsp;<\/p>\r\n<p><strong>Le recrutement, une affaire de chef<\/strong><\/p>\r\n<p><img class=\"alignnone size-full wp-image-250265\" src=\"https:\/\/www.markt-kom.com\/wp-content\/uploads\/2026\/02\/Chefsache-Recruiting.jpeg\" sizes=\"(max-width: 339px) 100vw, 339px\" srcset=\"https:\/\/www.markt-kom.com\/wp-content\/uploads\/2026\/02\/Chefsache-Recruiting.jpeg 339w, https:\/\/www.markt-kom.com\/wp-content\/uploads\/2026\/02\/Chefsache-Recruiting-8x12.jpeg 8w, https:\/\/www.markt-kom.com\/wp-content\/uploads\/2026\/02\/Chefsache-Recruiting-114x175.jpeg 114w, https:\/\/www.markt-kom.com\/wp-content\/uploads\/2026\/02\/Chefsache-Recruiting-227x350.jpeg 227w\" alt=\"\" width=\"339\" height=\"522\" \/><\/p>\r\n<p>Comment les entreprises doivent se positionner aujourd'hui pour attirer les candidats.<\/p>\r\n<p>Markus Brandl et Nicole Truchse\u00df<\/p>\r\n<p>Maison d'\u00e9dition : Wiley-VCH<\/p>\r\n<p>Ann\u00e9e de publication : 2025<\/p>\r\n<p>Pages : 256<\/p>\r\n<p>ISBN : 9783527512423<\/p>\r\n<p>&nbsp;<\/p>\r\n<p>Autrefois, les demandeurs d'emploi postulaient aupr\u00e8s des entreprises - aujourd'hui, c'est l'inverse. Pourtant, de nombreux professionnels des ressources humaines ont du mal \u00e0 descendre de leurs grands chevaux, \u00e0 emprunter de nouvelles voies et \u00e0 changer de perspective. Ils devraient aujourd'hui se demander : qu'attendent vraiment les collaborateurs potentiels et comment veulent-ils travailler ? Nicole Truchse\u00df et Markus Brandl conseillent \u00e0 l'interface entre le recrutement et la vente. Leur message \u00e0 la branche : fini les plaintes. Recruter signifie d\u00e9sormais : vendre activement sa propre marque employeur.<\/p>\r\n<p>&nbsp;<\/p>\r\n<p>\u00c9valuation getAbstract : 8<\/p>\r\n<p>Qualit\u00e9s :<\/p>\r\n<ul>\r\n\t<li>R\u00e9alisable<\/li>\r\n\t<li>Exemples pratiques<\/li>\r\n\t<li>Inspirant<\/li>\r\n<\/ul>\r\n<p>&nbsp;<\/p>\r\n<p>&nbsp;<\/p>","protected":false},"excerpt":{"rendered":"<p>Comment r\u00e9ussir l'avenir - sur le plan \u00e9conomique, organisationnel et humain ? Ces quatre livres montrent sous diff\u00e9rentes perspectives pourquoi l'immobilisme n'est pas une option : ils analysent les faiblesses structurelles, demandent de repenser la direction et la politique du personnel et donnent le courage d'organiser \u00e0 nouveau activement l'innovation, l'apprentissage et la responsabilit\u00e9. Intelligents, pratiques et inspirants.<\/p>","protected":false},"author":8,"featured_media":0,"comment_status":"closed","ping_status":"closed","sticky":false,"template":"","format":"standard","meta":{"_acf_changed":false,"_yoast_wpseo_focuskw":"Vier B\u00fccher","_yoast_wpseo_metadesc":"Wie gelingt Zukunft? Vier B\u00fccher zeigen aus unterschiedlicher Perspektive, warum Stillstand keine Option ist.","articlekey":"","footnotes":""},"categories":[29],"tags":[95,254,4483,335,4343],"class_list":["post-44127","post","type-post","status-publish","format-standard","hentry","category-marketing","tag-buchtipps","tag-hrm","tag-kreativity","tag-management-und-unternehmensfuehrung","tag-markom"],"acf":[],"yoast_head":"<!-- This site is optimized with the Yoast SEO plugin v27.4 - https:\/\/yoast.com\/product\/yoast-seo-wordpress\/ -->\n<title>Vier B\u00fccher, die Sie interessieren k\u00f6nnten - Organisator<\/title>\n<meta name=\"description\" content=\"Wie gelingt Zukunft? Vier B\u00fccher zeigen aus unterschiedlicher Perspektive, warum Stillstand keine Option ist.\" \/>\n<meta name=\"robots\" content=\"index, follow, max-snippet:-1, max-image-preview:large, max-video-preview:-1\" \/>\n<link rel=\"canonical\" href=\"https:\/\/www.organisator.ch\/fr\/marketing\/2026-02-03\/vier-buecher-die-sie-interessieren-koennten-34\/\" \/>\n<meta property=\"og:locale\" content=\"fr_FR\" \/>\n<meta property=\"og:type\" content=\"article\" \/>\n<meta property=\"og:title\" content=\"Vier B\u00fccher, die Sie interessieren k\u00f6nnten - Organisator\" \/>\n<meta property=\"og:description\" content=\"Wie gelingt Zukunft? Vier B\u00fccher zeigen aus unterschiedlicher Perspektive, warum Stillstand keine Option ist.\" \/>\n<meta property=\"og:url\" content=\"https:\/\/www.organisator.ch\/fr\/marketing\/2026-02-03\/vier-buecher-die-sie-interessieren-koennten-34\/\" \/>\n<meta property=\"og:site_name\" content=\"Organisator\" \/>\n<meta property=\"article:publisher\" content=\"https:\/\/www.facebook.com\/OrganisatorFachmagazin\" \/>\n<meta property=\"article:published_time\" content=\"2026-02-03T06:23:28+00:00\" \/>\n<meta property=\"article:modified_time\" content=\"2026-02-03T08:47:20+00:00\" \/>\n<meta name=\"author\" content=\"galledia\" \/>\n<meta name=\"twitter:card\" content=\"summary_large_image\" \/>\n<meta name=\"twitter:creator\" content=\"@admin\" \/>\n<script type=\"application\/ld+json\" class=\"yoast-schema-graph\">{\"@context\":\"https:\\\/\\\/schema.org\",\"@graph\":[{\"@type\":\"Article\",\"@id\":\"https:\\\/\\\/www.organisator.ch\\\/marketing\\\/2026-02-03\\\/vier-buecher-die-sie-interessieren-koennten-34\\\/#article\",\"isPartOf\":{\"@id\":\"https:\\\/\\\/www.organisator.ch\\\/marketing\\\/2026-02-03\\\/vier-buecher-die-sie-interessieren-koennten-34\\\/\"},\"author\":{\"name\":\"galledia\",\"@id\":\"https:\\\/\\\/www.organisator.ch\\\/#\\\/schema\\\/person\\\/4e51799071cd2dd1232ac003643ef5f0\"},\"headline\":\"Vier B\u00fccher, die Sie interessieren k\u00f6nnten\",\"datePublished\":\"2026-02-03T06:23:28+00:00\",\"dateModified\":\"2026-02-03T08:47:20+00:00\",\"mainEntityOfPage\":{\"@id\":\"https:\\\/\\\/www.organisator.ch\\\/marketing\\\/2026-02-03\\\/vier-buecher-die-sie-interessieren-koennten-34\\\/\"},\"wordCount\":488,\"publisher\":{\"@id\":\"https:\\\/\\\/www.organisator.ch\\\/#organization\"},\"image\":{\"@id\":\"https:\\\/\\\/www.organisator.ch\\\/marketing\\\/2026-02-03\\\/vier-buecher-die-sie-interessieren-koennten-34\\\/#primaryimage\"},\"thumbnailUrl\":\"https:\\\/\\\/www.markt-kom.com\\\/wp-content\\\/uploads\\\/2026\\\/02\\\/Design-ohne-Titel42.jpg\",\"keywords\":[\"Buchtipps\",\"HRM\",\"Kreativity\",\"Management und Unternehmensf\u00fchrung\",\"MarKom\"],\"articleSection\":[\"MARKETING\"],\"inLanguage\":\"fr-FR\"},{\"@type\":\"WebPage\",\"@id\":\"https:\\\/\\\/www.organisator.ch\\\/marketing\\\/2026-02-03\\\/vier-buecher-die-sie-interessieren-koennten-34\\\/\",\"url\":\"https:\\\/\\\/www.organisator.ch\\\/marketing\\\/2026-02-03\\\/vier-buecher-die-sie-interessieren-koennten-34\\\/\",\"name\":\"Vier B\u00fccher, die Sie interessieren k\u00f6nnten - Organisator\",\"isPartOf\":{\"@id\":\"https:\\\/\\\/www.organisator.ch\\\/#website\"},\"primaryImageOfPage\":{\"@id\":\"https:\\\/\\\/www.organisator.ch\\\/marketing\\\/2026-02-03\\\/vier-buecher-die-sie-interessieren-koennten-34\\\/#primaryimage\"},\"image\":{\"@id\":\"https:\\\/\\\/www.organisator.ch\\\/marketing\\\/2026-02-03\\\/vier-buecher-die-sie-interessieren-koennten-34\\\/#primaryimage\"},\"thumbnailUrl\":\"https:\\\/\\\/www.markt-kom.com\\\/wp-content\\\/uploads\\\/2026\\\/02\\\/Design-ohne-Titel42.jpg\",\"datePublished\":\"2026-02-03T06:23:28+00:00\",\"dateModified\":\"2026-02-03T08:47:20+00:00\",\"description\":\"Wie gelingt Zukunft? Vier B\u00fccher zeigen aus unterschiedlicher Perspektive, warum Stillstand keine Option ist.\",\"breadcrumb\":{\"@id\":\"https:\\\/\\\/www.organisator.ch\\\/marketing\\\/2026-02-03\\\/vier-buecher-die-sie-interessieren-koennten-34\\\/#breadcrumb\"},\"inLanguage\":\"fr-FR\",\"potentialAction\":[{\"@type\":\"ReadAction\",\"target\":[\"https:\\\/\\\/www.organisator.ch\\\/marketing\\\/2026-02-03\\\/vier-buecher-die-sie-interessieren-koennten-34\\\/\"]}]},{\"@type\":\"ImageObject\",\"inLanguage\":\"fr-FR\",\"@id\":\"https:\\\/\\\/www.organisator.ch\\\/marketing\\\/2026-02-03\\\/vier-buecher-die-sie-interessieren-koennten-34\\\/#primaryimage\",\"url\":\"https:\\\/\\\/www.markt-kom.com\\\/wp-content\\\/uploads\\\/2026\\\/02\\\/Design-ohne-Titel42.jpg\",\"contentUrl\":\"https:\\\/\\\/www.markt-kom.com\\\/wp-content\\\/uploads\\\/2026\\\/02\\\/Design-ohne-Titel42.jpg\"},{\"@type\":\"BreadcrumbList\",\"@id\":\"https:\\\/\\\/www.organisator.ch\\\/marketing\\\/2026-02-03\\\/vier-buecher-die-sie-interessieren-koennten-34\\\/#breadcrumb\",\"itemListElement\":[{\"@type\":\"ListItem\",\"position\":1,\"name\":\"Home\",\"item\":\"https:\\\/\\\/www.organisator.ch\\\/\"},{\"@type\":\"ListItem\",\"position\":2,\"name\":\"Vier B\u00fccher, die Sie interessieren k\u00f6nnten\"}]},{\"@type\":\"WebSite\",\"@id\":\"https:\\\/\\\/www.organisator.ch\\\/#website\",\"url\":\"https:\\\/\\\/www.organisator.ch\\\/\",\"name\":\"Organisator\",\"description\":\"Kompetent. Praxisnah. Der ORGANISATOR bereitet in 10 Ausgaben pro Jahr die wesentlichen Themen f\u00fcr F\u00fchrungskr\u00e4fte von KMU auf.\",\"publisher\":{\"@id\":\"https:\\\/\\\/www.organisator.ch\\\/#organization\"},\"potentialAction\":[{\"@type\":\"SearchAction\",\"target\":{\"@type\":\"EntryPoint\",\"urlTemplate\":\"https:\\\/\\\/www.organisator.ch\\\/?s={search_term_string}\"},\"query-input\":{\"@type\":\"PropertyValueSpecification\",\"valueRequired\":true,\"valueName\":\"search_term_string\"}}],\"inLanguage\":\"fr-FR\"},{\"@type\":\"Organization\",\"@id\":\"https:\\\/\\\/www.organisator.ch\\\/#organization\",\"name\":\"Organisator\",\"url\":\"https:\\\/\\\/www.organisator.ch\\\/\",\"logo\":{\"@type\":\"ImageObject\",\"inLanguage\":\"fr-FR\",\"@id\":\"https:\\\/\\\/www.organisator.ch\\\/#\\\/schema\\\/logo\\\/image\\\/\",\"url\":\"https:\\\/\\\/www.organisator.ch\\\/wp-content\\\/uploads\\\/2022\\\/01\\\/Logo_Organisator_Website.png\",\"contentUrl\":\"https:\\\/\\\/www.organisator.ch\\\/wp-content\\\/uploads\\\/2022\\\/01\\\/Logo_Organisator_Website.png\",\"width\":800,\"height\":77,\"caption\":\"Organisator\"},\"image\":{\"@id\":\"https:\\\/\\\/www.organisator.ch\\\/#\\\/schema\\\/logo\\\/image\\\/\"},\"sameAs\":[\"https:\\\/\\\/www.facebook.com\\\/OrganisatorFachmagazin\",\"https:\\\/\\\/www.linkedin.com\\\/showcase\\\/organisator-das-magazin-fr-kmu\",\"https:\\\/\\\/www.xing.com\\\/news\\\/pages\\\/organisator-ch-695\",\"https:\\\/\\\/www.youtube.com\\\/channel\\\/UCGP2Sq0iWaZwT3BdIAQFYpw\"]},{\"@type\":\"Person\",\"@id\":\"https:\\\/\\\/www.organisator.ch\\\/#\\\/schema\\\/person\\\/4e51799071cd2dd1232ac003643ef5f0\",\"name\":\"galledia\",\"image\":{\"@type\":\"ImageObject\",\"inLanguage\":\"fr-FR\",\"@id\":\"https:\\\/\\\/secure.gravatar.com\\\/avatar\\\/78a7f90c01fc2bfc875782a0d4922b37cde2cf184ce347b91316d23cd7f69a36?s=96&d=mm&r=g\",\"url\":\"https:\\\/\\\/secure.gravatar.com\\\/avatar\\\/78a7f90c01fc2bfc875782a0d4922b37cde2cf184ce347b91316d23cd7f69a36?s=96&d=mm&r=g\",\"contentUrl\":\"https:\\\/\\\/secure.gravatar.com\\\/avatar\\\/78a7f90c01fc2bfc875782a0d4922b37cde2cf184ce347b91316d23cd7f69a36?s=96&d=mm&r=g\",\"caption\":\"galledia\"},\"sameAs\":[\"https:\\\/\\\/x.com\\\/admin\"],\"url\":\"https:\\\/\\\/www.organisator.ch\\\/fr\\\/author\\\/galledia\\\/\"}]}<\/script>\n<!-- \/ Yoast SEO plugin. -->","yoast_head_json":{"title":"Quatre livres qui pourraient vous int\u00e9resser - Organisateur","description":"Comment r\u00e9ussir l'avenir ? Quatre livres montrent, sous diff\u00e9rentes perspectives, pourquoi l'immobilisme n'est pas une option.","robots":{"index":"index","follow":"follow","max-snippet":"max-snippet:-1","max-image-preview":"max-image-preview:large","max-video-preview":"max-video-preview:-1"},"canonical":"https:\/\/www.organisator.ch\/fr\/marketing\/2026-02-03\/vier-buecher-die-sie-interessieren-koennten-34\/","og_locale":"fr_FR","og_type":"article","og_title":"Vier B\u00fccher, die Sie interessieren k\u00f6nnten - Organisator","og_description":"Wie gelingt Zukunft? Vier B\u00fccher zeigen aus unterschiedlicher Perspektive, warum Stillstand keine Option ist.","og_url":"https:\/\/www.organisator.ch\/fr\/marketing\/2026-02-03\/vier-buecher-die-sie-interessieren-koennten-34\/","og_site_name":"Organisator","article_publisher":"https:\/\/www.facebook.com\/OrganisatorFachmagazin","article_published_time":"2026-02-03T06:23:28+00:00","article_modified_time":"2026-02-03T08:47:20+00:00","author":"galledia","twitter_card":"summary_large_image","twitter_creator":"@admin","schema":{"@context":"https:\/\/schema.org","@graph":[{"@type":"Article","@id":"https:\/\/www.organisator.ch\/marketing\/2026-02-03\/vier-buecher-die-sie-interessieren-koennten-34\/#article","isPartOf":{"@id":"https:\/\/www.organisator.ch\/marketing\/2026-02-03\/vier-buecher-die-sie-interessieren-koennten-34\/"},"author":{"name":"galledia","@id":"https:\/\/www.organisator.ch\/#\/schema\/person\/4e51799071cd2dd1232ac003643ef5f0"},"headline":"Vier B\u00fccher, die Sie interessieren k\u00f6nnten","datePublished":"2026-02-03T06:23:28+00:00","dateModified":"2026-02-03T08:47:20+00:00","mainEntityOfPage":{"@id":"https:\/\/www.organisator.ch\/marketing\/2026-02-03\/vier-buecher-die-sie-interessieren-koennten-34\/"},"wordCount":488,"publisher":{"@id":"https:\/\/www.organisator.ch\/#organization"},"image":{"@id":"https:\/\/www.organisator.ch\/marketing\/2026-02-03\/vier-buecher-die-sie-interessieren-koennten-34\/#primaryimage"},"thumbnailUrl":"https:\/\/www.markt-kom.com\/wp-content\/uploads\/2026\/02\/Design-ohne-Titel42.jpg","keywords":["Buchtipps","HRM","Kreativity","Management und Unternehmensf\u00fchrung","MarKom"],"articleSection":["MARKETING"],"inLanguage":"fr-FR"},{"@type":"WebPage","@id":"https:\/\/www.organisator.ch\/marketing\/2026-02-03\/vier-buecher-die-sie-interessieren-koennten-34\/","url":"https:\/\/www.organisator.ch\/marketing\/2026-02-03\/vier-buecher-die-sie-interessieren-koennten-34\/","name":"Quatre livres qui pourraient vous int\u00e9resser - Organisateur","isPartOf":{"@id":"https:\/\/www.organisator.ch\/#website"},"primaryImageOfPage":{"@id":"https:\/\/www.organisator.ch\/marketing\/2026-02-03\/vier-buecher-die-sie-interessieren-koennten-34\/#primaryimage"},"image":{"@id":"https:\/\/www.organisator.ch\/marketing\/2026-02-03\/vier-buecher-die-sie-interessieren-koennten-34\/#primaryimage"},"thumbnailUrl":"https:\/\/www.markt-kom.com\/wp-content\/uploads\/2026\/02\/Design-ohne-Titel42.jpg","datePublished":"2026-02-03T06:23:28+00:00","dateModified":"2026-02-03T08:47:20+00:00","description":"Comment r\u00e9ussir l'avenir ? Quatre livres montrent, sous diff\u00e9rentes perspectives, pourquoi l'immobilisme n'est pas une option.","breadcrumb":{"@id":"https:\/\/www.organisator.ch\/marketing\/2026-02-03\/vier-buecher-die-sie-interessieren-koennten-34\/#breadcrumb"},"inLanguage":"fr-FR","potentialAction":[{"@type":"ReadAction","target":["https:\/\/www.organisator.ch\/marketing\/2026-02-03\/vier-buecher-die-sie-interessieren-koennten-34\/"]}]},{"@type":"ImageObject","inLanguage":"fr-FR","@id":"https:\/\/www.organisator.ch\/marketing\/2026-02-03\/vier-buecher-die-sie-interessieren-koennten-34\/#primaryimage","url":"https:\/\/www.markt-kom.com\/wp-content\/uploads\/2026\/02\/Design-ohne-Titel42.jpg","contentUrl":"https:\/\/www.markt-kom.com\/wp-content\/uploads\/2026\/02\/Design-ohne-Titel42.jpg"},{"@type":"BreadcrumbList","@id":"https:\/\/www.organisator.ch\/marketing\/2026-02-03\/vier-buecher-die-sie-interessieren-koennten-34\/#breadcrumb","itemListElement":[{"@type":"ListItem","position":1,"name":"Home","item":"https:\/\/www.organisator.ch\/"},{"@type":"ListItem","position":2,"name":"Vier B\u00fccher, die Sie interessieren k\u00f6nnten"}]},{"@type":"WebSite","@id":"https:\/\/www.organisator.ch\/#website","url":"https:\/\/www.organisator.ch\/","name":"Organisateur","description":"Comp\u00e9tence et comp\u00e9tence. Proches de la pratique. L'ORGANISATEUR pr\u00e9pare 10 num\u00e9ros par an sur les th\u00e8mes essentiels pour les dirigeants de PME.","publisher":{"@id":"https:\/\/www.organisator.ch\/#organization"},"potentialAction":[{"@type":"SearchAction","target":{"@type":"EntryPoint","urlTemplate":"https:\/\/www.organisator.ch\/?s={search_term_string}"},"query-input":{"@type":"PropertyValueSpecification","valueRequired":true,"valueName":"search_term_string"}}],"inLanguage":"fr-FR"},{"@type":"Organization","@id":"https:\/\/www.organisator.ch\/#organization","name":"Organisateur","url":"https:\/\/www.organisator.ch\/","logo":{"@type":"ImageObject","inLanguage":"fr-FR","@id":"https:\/\/www.organisator.ch\/#\/schema\/logo\/image\/","url":"https:\/\/www.organisator.ch\/wp-content\/uploads\/2022\/01\/Logo_Organisator_Website.png","contentUrl":"https:\/\/www.organisator.ch\/wp-content\/uploads\/2022\/01\/Logo_Organisator_Website.png","width":800,"height":77,"caption":"Organisator"},"image":{"@id":"https:\/\/www.organisator.ch\/#\/schema\/logo\/image\/"},"sameAs":["https:\/\/www.facebook.com\/OrganisatorFachmagazin","https:\/\/www.linkedin.com\/showcase\/organisator-das-magazin-fr-kmu","https:\/\/www.xing.com\/news\/pages\/organisator-ch-695","https:\/\/www.youtube.com\/channel\/UCGP2Sq0iWaZwT3BdIAQFYpw"]},{"@type":"Person","@id":"https:\/\/www.organisator.ch\/#\/schema\/person\/4e51799071cd2dd1232ac003643ef5f0","name":"galledia","image":{"@type":"ImageObject","inLanguage":"fr-FR","@id":"https:\/\/secure.gravatar.com\/avatar\/78a7f90c01fc2bfc875782a0d4922b37cde2cf184ce347b91316d23cd7f69a36?s=96&d=mm&r=g","url":"https:\/\/secure.gravatar.com\/avatar\/78a7f90c01fc2bfc875782a0d4922b37cde2cf184ce347b91316d23cd7f69a36?s=96&d=mm&r=g","contentUrl":"https:\/\/secure.gravatar.com\/avatar\/78a7f90c01fc2bfc875782a0d4922b37cde2cf184ce347b91316d23cd7f69a36?s=96&d=mm&r=g","caption":"galledia"},"sameAs":["https:\/\/x.com\/admin"],"url":"https:\/\/www.organisator.ch\/fr\/author\/galledia\/"}]}},"_links":{"self":[{"href":"https:\/\/www.organisator.ch\/fr\/wp-json\/wp\/v2\/posts\/44127","targetHints":{"allow":["GET"]}}],"collection":[{"href":"https:\/\/www.organisator.ch\/fr\/wp-json\/wp\/v2\/posts"}],"about":[{"href":"https:\/\/www.organisator.ch\/fr\/wp-json\/wp\/v2\/types\/post"}],"author":[{"embeddable":true,"href":"https:\/\/www.organisator.ch\/fr\/wp-json\/wp\/v2\/users\/8"}],"replies":[{"embeddable":true,"href":"https:\/\/www.organisator.ch\/fr\/wp-json\/wp\/v2\/comments?post=44127"}],"version-history":[{"count":4,"href":"https:\/\/www.organisator.ch\/fr\/wp-json\/wp\/v2\/posts\/44127\/revisions"}],"predecessor-version":[{"id":44134,"href":"https:\/\/www.organisator.ch\/fr\/wp-json\/wp\/v2\/posts\/44127\/revisions\/44134"}],"wp:attachment":[{"href":"https:\/\/www.organisator.ch\/fr\/wp-json\/wp\/v2\/media?parent=44127"}],"wp:term":[{"taxonomy":"category","embeddable":true,"href":"https:\/\/www.organisator.ch\/fr\/wp-json\/wp\/v2\/categories?post=44127"},{"taxonomy":"post_tag","embeddable":true,"href":"https:\/\/www.organisator.ch\/fr\/wp-json\/wp\/v2\/tags?post=44127"}],"curies":[{"name":"wp","href":"https:\/\/api.w.org\/{rel}","templated":true}]}}