{"id":44160,"date":"2026-02-03T13:32:37","date_gmt":"2026-02-03T12:32:37","guid":{"rendered":"https:\/\/www.m-q.ch\/?p=22397"},"modified":"2026-02-03T15:47:59","modified_gmt":"2026-02-03T14:47:59","slug":"europaeische-clos-uebernehmen-immer-mehr-strategische-fuehrungsrollen","status":"publish","type":"post","link":"https:\/\/www.organisator.ch\/fr\/operational-excellence\/2026-02-03\/europaeische-clos-uebernehmen-immer-mehr-strategische-fuehrungsrollen\/","title":{"rendered":"Les CLO europ\u00e9ens assument de plus en plus de r\u00f4les de leadership strat\u00e9gique"},"content":{"rendered":"<figure id=\"attachment_22398\" class=\"wp-caption alignnone\" style=\"width: 680px;\" aria-describedby=\"caption-attachment-22398\"><img class=\"size-full wp-image-22398\" src=\"https:\/\/www.m-q.ch\/wp-content\/uploads\/2026\/02\/Europaeische-CLOs-uebernehmen-immer-mehr-strategische-Fuehrungsrollen_MQ.jpg\" sizes=\"(max-width: 680px) 100vw, 680px\" srcset=\"https:\/\/www.m-q.ch\/wp-content\/uploads\/2026\/02\/Europaeische-CLOs-uebernehmen-immer-mehr-strategische-Fuehrungsrollen_MQ.jpg 680w, https:\/\/www.m-q.ch\/wp-content\/uploads\/2026\/02\/Europaeische-CLOs-uebernehmen-immer-mehr-strategische-Fuehrungsrollen_MQ-18x12.jpg 18w, https:\/\/www.m-q.ch\/wp-content\/uploads\/2026\/02\/Europaeische-CLOs-uebernehmen-immer-mehr-strategische-Fuehrungsrollen_MQ-375x232.jpg 375w, https:\/\/www.m-q.ch\/wp-content\/uploads\/2026\/02\/Europaeische-CLOs-uebernehmen-immer-mehr-strategische-Fuehrungsrollen_MQ-565x350.jpg 565w\" alt=\"\" width=\"680\" height=\"421\" \/>\r\n<figcaption id=\"caption-attachment-22398\" class=\"wp-caption-text\">L'enqu\u00eate CLO Survey 2026 montre que les CLO europ\u00e9ens assument des r\u00f4les de leadership strat\u00e9gique alors que la g\u00e9opolitique, l'IA et le cadre r\u00e9glementaire redessinent la prise de d\u00e9cision dans les entreprises. (Image : www.acc.com)<\/figcaption>\r\n<\/figure>\r\n<p>Le site <a href=\"https:\/\/www.acc.com\/\">Association des conseillers juridiques d'entreprise<\/a>v (ACC) a r\u00e9cemment lanc\u00e9, en collaboration avec la soci\u00e9t\u00e9 de conseil en gestion mondiale <a href=\"https:\/\/www.fticonsulting.com\/\">FTI Conseil<\/a>, Inc. a publi\u00e9 les r\u00e9sultats europ\u00e9ens de son enqu\u00eate 2026 sur les Chief Legal Officers (CLO). Celle-ci souligne comment les professionnels du droit \u00e0 travers l'Europe deviennent des partenaires strat\u00e9giques importants alors que les entreprises sont confront\u00e9es \u00e0 l'instabilit\u00e9 g\u00e9opolitique, \u00e0 des r\u00e9glementations complexes et \u00e0 des changements technologiques rapides.<\/p>\r\n<p>L'enqu\u00eate ACC CLO, qui en est \u00e0 sa 27e \u00e9dition, fournit des informations sur la mani\u00e8re dont les juristes principaux adaptent leurs r\u00f4les et leurs ressources pour r\u00e9pondre aux risques externes croissants et aux pressions de transformation internes. L'annexe europ\u00e9enne s'appuie sur les r\u00e9ponses des CLO de toute la r\u00e9gion et compare leurs priorit\u00e9s aux tendances mondiales. \u00abLes r\u00e9sultats de cette ann\u00e9e pour l'Europe confirment que le r\u00f4le du CLO ne se limite plus \u00e0 la gestion des risques juridiques\u00bb, a d\u00e9clar\u00e9 Jason L. Brown, pr\u00e9sident et CEO d'ACC. \u00abLes CLO europ\u00e9ens sont profond\u00e9ment impliqu\u00e9s dans la strat\u00e9gie commerciale, le risque d'entreprise et la gestion ESG, \u00e0 une \u00e9poque o\u00f9 les entreprises sont confront\u00e9es \u00e0 des incertitudes g\u00e9opolitiques et r\u00e9glementaires sans pr\u00e9c\u00e9dent. Les donn\u00e9es montrent une profession qui se place r\u00e9solument au c\u0153ur des d\u00e9cisions des entreprises\u00bb.\u00bb<\/p>\r\n<h3><strong>Les CLO europ\u00e9ens obtiennent un meilleur acc\u00e8s \u00e0 la direction et au conseil d'administration<\/strong><\/h3>\r\n<p>L'enqu\u00eate r\u00e9v\u00e8le une forte augmentation de l'influence des cadres sup\u00e9rieurs dans le secteur juridique europ\u00e9en. Un nombre record de 82 % de CLO europ\u00e9ens rapportent d\u00e9sormais directement au CEO, contre 73 % l'ann\u00e9e pr\u00e9c\u00e9dente, et se rapprochent ainsi de la moyenne mondiale de 84 %. L'engagement du conseil d'administration a \u00e9galement augment\u00e9 : 75 % participent r\u00e9guli\u00e8rement aux r\u00e9unions du conseil d'administration, contre seulement 56 % en 2025.<\/p>\r\n<p>Les CLO europ\u00e9ens sont nettement plus nombreux que leurs homologues mondiaux \u00e0 assumer le r\u00f4le de chef de file ou de co-chef de file dans le cadre de :<\/p>\r\n<ul>\r\n\t<li>Strat\u00e9gie ESG (48 % vs. 26 % au niveau mondial)<\/li>\r\n\t<li>Gestion des risques d'entreprise (83 % vs. 65 %)<\/li>\r\n\t<li>Conseils sur les risques g\u00e9opolitiques (57 % vs. 41 %)<\/li>\r\n<\/ul>\r\n<p>Elles d\u00e9finissent de plus en plus leur impact en termes strat\u00e9giques, faisant r\u00e9f\u00e9rence \u00e0 des contributions \u00e0 la strat\u00e9gie et \u00e0 la culture d'entreprise qui vont au-del\u00e0 des fonctions juridiques traditionnelles.<\/p>\r\n<h3><strong>L'adoption de l'IA s'acc\u00e9l\u00e8re alors que l'Europe modernise ses services juridiques<\/strong><\/h3>\r\n<p>Les d\u00e9partements juridiques europ\u00e9ens sont plus rapides que la moyenne mondiale dans l'introduction de nouvelles technologies. Pr\u00e8s de 62 % pr\u00e9voient de mettre en \u0153uvre de nouvelles technologies juridiques au cours de l'ann\u00e9e \u00e0 venir, et 77 % s'attendent \u00e0 utiliser des outils d'IA g\u00e9n\u00e9rative dans les 24 prochains mois.<\/p>\r\n<p>Si la plupart des CLO ne pr\u00e9voient pas de suppressions de postes importantes, ils estiment que les domaines d'activit\u00e9 vont consid\u00e9rablement \u00e9voluer. 72 % s'attendent \u00e0 ce que l'IA modifie fondamentalement le travail juridique, en mettant l'accent sur la formation continue des \u00e9quipes dans les domaines des comp\u00e9tences technologiques, de l'analyse des donn\u00e9es et de l'innovation juridique.<\/p>\r\n<p>\u00abLes CLO europ\u00e9ens n'attendent pas les bras crois\u00e9s lorsqu'il s'agit de l'IA\u00bb, a d\u00e9clar\u00e9 Sophie Ross, Global CEO du secteur technologique de FTI Consulting. \u00abIls mettent l'accent sur l'expertise technologique et l'efficacit\u00e9 op\u00e9rationnelle pour faire face aux exigences r\u00e9glementaires croissantes et aux cycles commerciaux plus rapides\u00bb.\u00bb<\/p>\r\n<h3><strong>Sanctions, ESG et enqu\u00eates dominent les pr\u00e9occupations r\u00e9glementaires<\/strong><\/h3>\r\n<p>Le profil de risque r\u00e9glementaire de l'Europe se distingue nettement dans l'enqu\u00eate. Les CLO europ\u00e9ens sont presque trois fois plus nombreux que leurs homologues mondiaux \u00e0 le mentionner :<\/p>\r\n<ul>\r\n\t<li>l'application des sanctions comme pr\u00e9occupation principale (34 % contre 13 %)<\/li>\r\n\t<li>l'application des crit\u00e8res ESG (26 % contre 14 %)<\/li>\r\n<\/ul>\r\n<p>Ils signalent \u00e9galement une forte augmentation de la complexit\u00e9 et du co\u00fbt des enqu\u00eates. 45 % indiquent que les co\u00fbts des examens ont augment\u00e9 par rapport \u00e0 l'ann\u00e9e pr\u00e9c\u00e9dente et 43 % mentionnent une plus grande complexit\u00e9.<\/p>\r\n<p>En r\u00e9ponse, 44 % ont recrut\u00e9 davantage de sp\u00e9cialistes de la conformit\u00e9, ce qui refl\u00e8te une tendance \u00e0 une expertise interne plus approfondie dans le domaine de la gestion des risques r\u00e9glementaires et g\u00e9opolitiques.<\/p>\r\n<h3><strong>La pression sur les ressources et les risques g\u00e9opolitiques d\u00e9terminent les priorit\u00e9s pour 2026<\/strong><\/h3>\r\n<p>L'instabilit\u00e9 g\u00e9opolitique est actuellement le risque organisationnel le plus important pour les CLO europ\u00e9ens. C'est ce qu'ont indiqu\u00e9 28 % des personnes interrog\u00e9es, soit presque trois fois plus qu'au niveau mondial. Parall\u00e8lement, les services juridiques europ\u00e9ens disposent de moins de ressources. Les r\u00e9pondants sont plus nombreux que la moyenne mondiale \u00e0 citer les restrictions budg\u00e9taires (40 %) et le manque de personnel qualifi\u00e9 (23 %) comme principaux obstacles \u00e0 la r\u00e9ussite.<\/p>\r\n<p>Malgr\u00e9 ces d\u00e9fis, les CLO europ\u00e9ennes renforcent leur r\u00f4le strat\u00e9gique. Deux tiers d'entre eux citent comme priorit\u00e9 principale pour 2026, outre la mise en \u0153uvre de technologies et l'am\u00e9lioration de l'efficacit\u00e9 op\u00e9rationnelle, le renforcement de leur position en tant que partenaires commerciaux.<\/p>\n<p class=\"syndicated-attribution\">Cet article est paru initialement sur m-q.ch - <a href=\"https:\/\/www.m-q.ch\/de\/europaeische-clos-uebernehmen-immer-mehr-strategische-fuehrungsrollen\/\" target=\"_blank\">https:\/\/www.m-q.ch\/de\/europaeische-clos-uebernehmen-immer-mehr-strategische-fuehrungsrollen\/<\/a><\/p>","protected":false},"excerpt":{"rendered":"<p>L'enqu\u00eate 2026 CLO Survey 2026 d'ACC et de FTI Consulting pour l'Europe montre que les services juridiques jouent un r\u00f4le central dans les strat\u00e9gies d'entreprise face \u00e0 l'augmentation des sanctions, aux audits ESG et \u00e0 l'introduction acc\u00e9l\u00e9r\u00e9e de l'IA.<\/p>","protected":false},"author":8,"featured_media":0,"comment_status":"closed","ping_status":"closed","sticky":false,"template":"","format":"standard","meta":{"_acf_changed":false,"_yoast_wpseo_focuskw":"Europ\u00e4ische CLOs","_yoast_wpseo_metadesc":"Die 2026 CLO Survey 2026 von ACC und FTI Consulting zeigt, dass europ\u00e4ische CLOs eine immer zentralere strategische Rolle einnehmen.","articlekey":"","footnotes":""},"categories":[582],"tags":[103,5807,406,459],"class_list":["post-44160","post","type-post","status-publish","format-standard","hentry","category-operational-excellence","tag-business-excellence","tag-esg-pruefungen","tag-recht","tag-studie"],"acf":[],"yoast_head":"<!-- This site is optimized with the Yoast SEO plugin v27.4 - https:\/\/yoast.com\/product\/yoast-seo-wordpress\/ -->\n<title>Europ\u00e4ische CLOs \u00fcbernehmen immer mehr strategische F\u00fchrungsrollen - Organisator<\/title>\n<meta name=\"description\" content=\"Die 2026 CLO Survey 2026 von ACC und FTI Consulting zeigt, dass europ\u00e4ische CLOs eine immer zentralere strategische Rolle einnehmen.\" \/>\n<meta name=\"robots\" content=\"index, follow, max-snippet:-1, max-image-preview:large, max-video-preview:-1\" \/>\n<link rel=\"canonical\" href=\"https:\/\/www.organisator.ch\/fr\/excellence-operationnelle\/2026-02-03\/europaeische-clos-uebernehmen-immer-mehr-strategische-fuehrungsrollen\/\" \/>\n<meta property=\"og:locale\" content=\"fr_FR\" \/>\n<meta property=\"og:type\" content=\"article\" \/>\n<meta property=\"og:title\" content=\"Europ\u00e4ische CLOs \u00fcbernehmen immer mehr strategische F\u00fchrungsrollen - Organisator\" \/>\n<meta property=\"og:description\" content=\"Die 2026 CLO Survey 2026 von ACC und FTI Consulting zeigt, dass europ\u00e4ische CLOs eine immer zentralere strategische Rolle einnehmen.\" \/>\n<meta property=\"og:url\" content=\"https:\/\/www.organisator.ch\/fr\/excellence-operationnelle\/2026-02-03\/europaeische-clos-uebernehmen-immer-mehr-strategische-fuehrungsrollen\/\" \/>\n<meta property=\"og:site_name\" content=\"Organisator\" \/>\n<meta property=\"article:publisher\" content=\"https:\/\/www.facebook.com\/OrganisatorFachmagazin\" \/>\n<meta property=\"article:published_time\" content=\"2026-02-03T12:32:37+00:00\" \/>\n<meta property=\"article:modified_time\" content=\"2026-02-03T14:47:59+00:00\" \/>\n<meta name=\"author\" content=\"galledia\" \/>\n<meta name=\"twitter:card\" content=\"summary_large_image\" \/>\n<meta name=\"twitter:creator\" content=\"@admin\" \/>\n<script type=\"application\/ld+json\" class=\"yoast-schema-graph\">{\"@context\":\"https:\\\/\\\/schema.org\",\"@graph\":[{\"@type\":\"Article\",\"@id\":\"https:\\\/\\\/www.organisator.ch\\\/operational-excellence\\\/2026-02-03\\\/europaeische-clos-uebernehmen-immer-mehr-strategische-fuehrungsrollen\\\/#article\",\"isPartOf\":{\"@id\":\"https:\\\/\\\/www.organisator.ch\\\/operational-excellence\\\/2026-02-03\\\/europaeische-clos-uebernehmen-immer-mehr-strategische-fuehrungsrollen\\\/\"},\"author\":{\"name\":\"galledia\",\"@id\":\"https:\\\/\\\/www.organisator.ch\\\/#\\\/schema\\\/person\\\/4e51799071cd2dd1232ac003643ef5f0\"},\"headline\":\"Europ\u00e4ische CLOs \u00fcbernehmen immer mehr strategische F\u00fchrungsrollen\",\"datePublished\":\"2026-02-03T12:32:37+00:00\",\"dateModified\":\"2026-02-03T14:47:59+00:00\",\"mainEntityOfPage\":{\"@id\":\"https:\\\/\\\/www.organisator.ch\\\/operational-excellence\\\/2026-02-03\\\/europaeische-clos-uebernehmen-immer-mehr-strategische-fuehrungsrollen\\\/\"},\"wordCount\":702,\"publisher\":{\"@id\":\"https:\\\/\\\/www.organisator.ch\\\/#organization\"},\"image\":{\"@id\":\"https:\\\/\\\/www.organisator.ch\\\/operational-excellence\\\/2026-02-03\\\/europaeische-clos-uebernehmen-immer-mehr-strategische-fuehrungsrollen\\\/#primaryimage\"},\"thumbnailUrl\":\"https:\\\/\\\/www.m-q.ch\\\/wp-content\\\/uploads\\\/2026\\\/02\\\/Europaeische-CLOs-uebernehmen-immer-mehr-strategische-Fuehrungsrollen_MQ.jpg\",\"keywords\":[\"Business Excellence\",\"ESG-Pr\u00fcfungen\",\"Recht\",\"Studie\"],\"articleSection\":[\"OPERATIONAL EXCELLENCE\"],\"inLanguage\":\"fr-FR\"},{\"@type\":\"WebPage\",\"@id\":\"https:\\\/\\\/www.organisator.ch\\\/operational-excellence\\\/2026-02-03\\\/europaeische-clos-uebernehmen-immer-mehr-strategische-fuehrungsrollen\\\/\",\"url\":\"https:\\\/\\\/www.organisator.ch\\\/operational-excellence\\\/2026-02-03\\\/europaeische-clos-uebernehmen-immer-mehr-strategische-fuehrungsrollen\\\/\",\"name\":\"Europ\u00e4ische CLOs \u00fcbernehmen immer mehr strategische F\u00fchrungsrollen - Organisator\",\"isPartOf\":{\"@id\":\"https:\\\/\\\/www.organisator.ch\\\/#website\"},\"primaryImageOfPage\":{\"@id\":\"https:\\\/\\\/www.organisator.ch\\\/operational-excellence\\\/2026-02-03\\\/europaeische-clos-uebernehmen-immer-mehr-strategische-fuehrungsrollen\\\/#primaryimage\"},\"image\":{\"@id\":\"https:\\\/\\\/www.organisator.ch\\\/operational-excellence\\\/2026-02-03\\\/europaeische-clos-uebernehmen-immer-mehr-strategische-fuehrungsrollen\\\/#primaryimage\"},\"thumbnailUrl\":\"https:\\\/\\\/www.m-q.ch\\\/wp-content\\\/uploads\\\/2026\\\/02\\\/Europaeische-CLOs-uebernehmen-immer-mehr-strategische-Fuehrungsrollen_MQ.jpg\",\"datePublished\":\"2026-02-03T12:32:37+00:00\",\"dateModified\":\"2026-02-03T14:47:59+00:00\",\"description\":\"Die 2026 CLO Survey 2026 von ACC und FTI Consulting zeigt, dass europ\u00e4ische CLOs eine immer zentralere strategische Rolle einnehmen.\",\"breadcrumb\":{\"@id\":\"https:\\\/\\\/www.organisator.ch\\\/operational-excellence\\\/2026-02-03\\\/europaeische-clos-uebernehmen-immer-mehr-strategische-fuehrungsrollen\\\/#breadcrumb\"},\"inLanguage\":\"fr-FR\",\"potentialAction\":[{\"@type\":\"ReadAction\",\"target\":[\"https:\\\/\\\/www.organisator.ch\\\/operational-excellence\\\/2026-02-03\\\/europaeische-clos-uebernehmen-immer-mehr-strategische-fuehrungsrollen\\\/\"]}]},{\"@type\":\"ImageObject\",\"inLanguage\":\"fr-FR\",\"@id\":\"https:\\\/\\\/www.organisator.ch\\\/operational-excellence\\\/2026-02-03\\\/europaeische-clos-uebernehmen-immer-mehr-strategische-fuehrungsrollen\\\/#primaryimage\",\"url\":\"https:\\\/\\\/www.m-q.ch\\\/wp-content\\\/uploads\\\/2026\\\/02\\\/Europaeische-CLOs-uebernehmen-immer-mehr-strategische-Fuehrungsrollen_MQ.jpg\",\"contentUrl\":\"https:\\\/\\\/www.m-q.ch\\\/wp-content\\\/uploads\\\/2026\\\/02\\\/Europaeische-CLOs-uebernehmen-immer-mehr-strategische-Fuehrungsrollen_MQ.jpg\"},{\"@type\":\"BreadcrumbList\",\"@id\":\"https:\\\/\\\/www.organisator.ch\\\/operational-excellence\\\/2026-02-03\\\/europaeische-clos-uebernehmen-immer-mehr-strategische-fuehrungsrollen\\\/#breadcrumb\",\"itemListElement\":[{\"@type\":\"ListItem\",\"position\":1,\"name\":\"Home\",\"item\":\"https:\\\/\\\/www.organisator.ch\\\/\"},{\"@type\":\"ListItem\",\"position\":2,\"name\":\"Europ\u00e4ische CLOs \u00fcbernehmen immer mehr strategische F\u00fchrungsrollen\"}]},{\"@type\":\"WebSite\",\"@id\":\"https:\\\/\\\/www.organisator.ch\\\/#website\",\"url\":\"https:\\\/\\\/www.organisator.ch\\\/\",\"name\":\"Organisator\",\"description\":\"Kompetent. Praxisnah. Der ORGANISATOR bereitet in 10 Ausgaben pro Jahr die wesentlichen Themen f\u00fcr F\u00fchrungskr\u00e4fte von KMU auf.\",\"publisher\":{\"@id\":\"https:\\\/\\\/www.organisator.ch\\\/#organization\"},\"potentialAction\":[{\"@type\":\"SearchAction\",\"target\":{\"@type\":\"EntryPoint\",\"urlTemplate\":\"https:\\\/\\\/www.organisator.ch\\\/?s={search_term_string}\"},\"query-input\":{\"@type\":\"PropertyValueSpecification\",\"valueRequired\":true,\"valueName\":\"search_term_string\"}}],\"inLanguage\":\"fr-FR\"},{\"@type\":\"Organization\",\"@id\":\"https:\\\/\\\/www.organisator.ch\\\/#organization\",\"name\":\"Organisator\",\"url\":\"https:\\\/\\\/www.organisator.ch\\\/\",\"logo\":{\"@type\":\"ImageObject\",\"inLanguage\":\"fr-FR\",\"@id\":\"https:\\\/\\\/www.organisator.ch\\\/#\\\/schema\\\/logo\\\/image\\\/\",\"url\":\"https:\\\/\\\/www.organisator.ch\\\/wp-content\\\/uploads\\\/2022\\\/01\\\/Logo_Organisator_Website.png\",\"contentUrl\":\"https:\\\/\\\/www.organisator.ch\\\/wp-content\\\/uploads\\\/2022\\\/01\\\/Logo_Organisator_Website.png\",\"width\":800,\"height\":77,\"caption\":\"Organisator\"},\"image\":{\"@id\":\"https:\\\/\\\/www.organisator.ch\\\/#\\\/schema\\\/logo\\\/image\\\/\"},\"sameAs\":[\"https:\\\/\\\/www.facebook.com\\\/OrganisatorFachmagazin\",\"https:\\\/\\\/www.linkedin.com\\\/showcase\\\/organisator-das-magazin-fr-kmu\",\"https:\\\/\\\/www.xing.com\\\/news\\\/pages\\\/organisator-ch-695\",\"https:\\\/\\\/www.youtube.com\\\/channel\\\/UCGP2Sq0iWaZwT3BdIAQFYpw\"]},{\"@type\":\"Person\",\"@id\":\"https:\\\/\\\/www.organisator.ch\\\/#\\\/schema\\\/person\\\/4e51799071cd2dd1232ac003643ef5f0\",\"name\":\"galledia\",\"image\":{\"@type\":\"ImageObject\",\"inLanguage\":\"fr-FR\",\"@id\":\"https:\\\/\\\/secure.gravatar.com\\\/avatar\\\/78a7f90c01fc2bfc875782a0d4922b37cde2cf184ce347b91316d23cd7f69a36?s=96&d=mm&r=g\",\"url\":\"https:\\\/\\\/secure.gravatar.com\\\/avatar\\\/78a7f90c01fc2bfc875782a0d4922b37cde2cf184ce347b91316d23cd7f69a36?s=96&d=mm&r=g\",\"contentUrl\":\"https:\\\/\\\/secure.gravatar.com\\\/avatar\\\/78a7f90c01fc2bfc875782a0d4922b37cde2cf184ce347b91316d23cd7f69a36?s=96&d=mm&r=g\",\"caption\":\"galledia\"},\"sameAs\":[\"https:\\\/\\\/x.com\\\/admin\"],\"url\":\"https:\\\/\\\/www.organisator.ch\\\/fr\\\/author\\\/galledia\\\/\"}]}<\/script>\n<!-- \/ Yoast SEO plugin. -->","yoast_head_json":{"title":"Les CLO europ\u00e9ens assument de plus en plus de r\u00f4les de leadership strat\u00e9gique - Organisateur","description":"L'enqu\u00eate 2026 CLO Survey 2026 d'ACC et FTI Consulting montre que les CLO europ\u00e9ens jouent un r\u00f4le strat\u00e9gique de plus en plus central.","robots":{"index":"index","follow":"follow","max-snippet":"max-snippet:-1","max-image-preview":"max-image-preview:large","max-video-preview":"max-video-preview:-1"},"canonical":"https:\/\/www.organisator.ch\/fr\/excellence-operationnelle\/2026-02-03\/europaeische-clos-uebernehmen-immer-mehr-strategische-fuehrungsrollen\/","og_locale":"fr_FR","og_type":"article","og_title":"Europ\u00e4ische CLOs \u00fcbernehmen immer mehr strategische F\u00fchrungsrollen - Organisator","og_description":"Die 2026 CLO Survey 2026 von ACC und FTI Consulting zeigt, dass europ\u00e4ische CLOs eine immer zentralere strategische Rolle einnehmen.","og_url":"https:\/\/www.organisator.ch\/fr\/excellence-operationnelle\/2026-02-03\/europaeische-clos-uebernehmen-immer-mehr-strategische-fuehrungsrollen\/","og_site_name":"Organisator","article_publisher":"https:\/\/www.facebook.com\/OrganisatorFachmagazin","article_published_time":"2026-02-03T12:32:37+00:00","article_modified_time":"2026-02-03T14:47:59+00:00","author":"galledia","twitter_card":"summary_large_image","twitter_creator":"@admin","schema":{"@context":"https:\/\/schema.org","@graph":[{"@type":"Article","@id":"https:\/\/www.organisator.ch\/operational-excellence\/2026-02-03\/europaeische-clos-uebernehmen-immer-mehr-strategische-fuehrungsrollen\/#article","isPartOf":{"@id":"https:\/\/www.organisator.ch\/operational-excellence\/2026-02-03\/europaeische-clos-uebernehmen-immer-mehr-strategische-fuehrungsrollen\/"},"author":{"name":"galledia","@id":"https:\/\/www.organisator.ch\/#\/schema\/person\/4e51799071cd2dd1232ac003643ef5f0"},"headline":"Europ\u00e4ische CLOs \u00fcbernehmen immer mehr strategische F\u00fchrungsrollen","datePublished":"2026-02-03T12:32:37+00:00","dateModified":"2026-02-03T14:47:59+00:00","mainEntityOfPage":{"@id":"https:\/\/www.organisator.ch\/operational-excellence\/2026-02-03\/europaeische-clos-uebernehmen-immer-mehr-strategische-fuehrungsrollen\/"},"wordCount":702,"publisher":{"@id":"https:\/\/www.organisator.ch\/#organization"},"image":{"@id":"https:\/\/www.organisator.ch\/operational-excellence\/2026-02-03\/europaeische-clos-uebernehmen-immer-mehr-strategische-fuehrungsrollen\/#primaryimage"},"thumbnailUrl":"https:\/\/www.m-q.ch\/wp-content\/uploads\/2026\/02\/Europaeische-CLOs-uebernehmen-immer-mehr-strategische-Fuehrungsrollen_MQ.jpg","keywords":["Business Excellence","ESG-Pr\u00fcfungen","Recht","Studie"],"articleSection":["OPERATIONAL EXCELLENCE"],"inLanguage":"fr-FR"},{"@type":"WebPage","@id":"https:\/\/www.organisator.ch\/operational-excellence\/2026-02-03\/europaeische-clos-uebernehmen-immer-mehr-strategische-fuehrungsrollen\/","url":"https:\/\/www.organisator.ch\/operational-excellence\/2026-02-03\/europaeische-clos-uebernehmen-immer-mehr-strategische-fuehrungsrollen\/","name":"Les CLO europ\u00e9ens assument de plus en plus de r\u00f4les de leadership strat\u00e9gique - Organisateur","isPartOf":{"@id":"https:\/\/www.organisator.ch\/#website"},"primaryImageOfPage":{"@id":"https:\/\/www.organisator.ch\/operational-excellence\/2026-02-03\/europaeische-clos-uebernehmen-immer-mehr-strategische-fuehrungsrollen\/#primaryimage"},"image":{"@id":"https:\/\/www.organisator.ch\/operational-excellence\/2026-02-03\/europaeische-clos-uebernehmen-immer-mehr-strategische-fuehrungsrollen\/#primaryimage"},"thumbnailUrl":"https:\/\/www.m-q.ch\/wp-content\/uploads\/2026\/02\/Europaeische-CLOs-uebernehmen-immer-mehr-strategische-Fuehrungsrollen_MQ.jpg","datePublished":"2026-02-03T12:32:37+00:00","dateModified":"2026-02-03T14:47:59+00:00","description":"L'enqu\u00eate 2026 CLO Survey 2026 d'ACC et FTI Consulting montre que les CLO europ\u00e9ens jouent un r\u00f4le strat\u00e9gique de plus en plus central.","breadcrumb":{"@id":"https:\/\/www.organisator.ch\/operational-excellence\/2026-02-03\/europaeische-clos-uebernehmen-immer-mehr-strategische-fuehrungsrollen\/#breadcrumb"},"inLanguage":"fr-FR","potentialAction":[{"@type":"ReadAction","target":["https:\/\/www.organisator.ch\/operational-excellence\/2026-02-03\/europaeische-clos-uebernehmen-immer-mehr-strategische-fuehrungsrollen\/"]}]},{"@type":"ImageObject","inLanguage":"fr-FR","@id":"https:\/\/www.organisator.ch\/operational-excellence\/2026-02-03\/europaeische-clos-uebernehmen-immer-mehr-strategische-fuehrungsrollen\/#primaryimage","url":"https:\/\/www.m-q.ch\/wp-content\/uploads\/2026\/02\/Europaeische-CLOs-uebernehmen-immer-mehr-strategische-Fuehrungsrollen_MQ.jpg","contentUrl":"https:\/\/www.m-q.ch\/wp-content\/uploads\/2026\/02\/Europaeische-CLOs-uebernehmen-immer-mehr-strategische-Fuehrungsrollen_MQ.jpg"},{"@type":"BreadcrumbList","@id":"https:\/\/www.organisator.ch\/operational-excellence\/2026-02-03\/europaeische-clos-uebernehmen-immer-mehr-strategische-fuehrungsrollen\/#breadcrumb","itemListElement":[{"@type":"ListItem","position":1,"name":"Home","item":"https:\/\/www.organisator.ch\/"},{"@type":"ListItem","position":2,"name":"Europ\u00e4ische CLOs \u00fcbernehmen immer mehr strategische F\u00fchrungsrollen"}]},{"@type":"WebSite","@id":"https:\/\/www.organisator.ch\/#website","url":"https:\/\/www.organisator.ch\/","name":"Organisateur","description":"Comp\u00e9tence et comp\u00e9tence. Proches de la pratique. L'ORGANISATEUR pr\u00e9pare 10 num\u00e9ros par an sur les th\u00e8mes essentiels pour les dirigeants de PME.","publisher":{"@id":"https:\/\/www.organisator.ch\/#organization"},"potentialAction":[{"@type":"SearchAction","target":{"@type":"EntryPoint","urlTemplate":"https:\/\/www.organisator.ch\/?s={search_term_string}"},"query-input":{"@type":"PropertyValueSpecification","valueRequired":true,"valueName":"search_term_string"}}],"inLanguage":"fr-FR"},{"@type":"Organization","@id":"https:\/\/www.organisator.ch\/#organization","name":"Organisateur","url":"https:\/\/www.organisator.ch\/","logo":{"@type":"ImageObject","inLanguage":"fr-FR","@id":"https:\/\/www.organisator.ch\/#\/schema\/logo\/image\/","url":"https:\/\/www.organisator.ch\/wp-content\/uploads\/2022\/01\/Logo_Organisator_Website.png","contentUrl":"https:\/\/www.organisator.ch\/wp-content\/uploads\/2022\/01\/Logo_Organisator_Website.png","width":800,"height":77,"caption":"Organisator"},"image":{"@id":"https:\/\/www.organisator.ch\/#\/schema\/logo\/image\/"},"sameAs":["https:\/\/www.facebook.com\/OrganisatorFachmagazin","https:\/\/www.linkedin.com\/showcase\/organisator-das-magazin-fr-kmu","https:\/\/www.xing.com\/news\/pages\/organisator-ch-695","https:\/\/www.youtube.com\/channel\/UCGP2Sq0iWaZwT3BdIAQFYpw"]},{"@type":"Person","@id":"https:\/\/www.organisator.ch\/#\/schema\/person\/4e51799071cd2dd1232ac003643ef5f0","name":"galledia","image":{"@type":"ImageObject","inLanguage":"fr-FR","@id":"https:\/\/secure.gravatar.com\/avatar\/78a7f90c01fc2bfc875782a0d4922b37cde2cf184ce347b91316d23cd7f69a36?s=96&d=mm&r=g","url":"https:\/\/secure.gravatar.com\/avatar\/78a7f90c01fc2bfc875782a0d4922b37cde2cf184ce347b91316d23cd7f69a36?s=96&d=mm&r=g","contentUrl":"https:\/\/secure.gravatar.com\/avatar\/78a7f90c01fc2bfc875782a0d4922b37cde2cf184ce347b91316d23cd7f69a36?s=96&d=mm&r=g","caption":"galledia"},"sameAs":["https:\/\/x.com\/admin"],"url":"https:\/\/www.organisator.ch\/fr\/author\/galledia\/"}]}},"_links":{"self":[{"href":"https:\/\/www.organisator.ch\/fr\/wp-json\/wp\/v2\/posts\/44160","targetHints":{"allow":["GET"]}}],"collection":[{"href":"https:\/\/www.organisator.ch\/fr\/wp-json\/wp\/v2\/posts"}],"about":[{"href":"https:\/\/www.organisator.ch\/fr\/wp-json\/wp\/v2\/types\/post"}],"author":[{"embeddable":true,"href":"https:\/\/www.organisator.ch\/fr\/wp-json\/wp\/v2\/users\/8"}],"replies":[{"embeddable":true,"href":"https:\/\/www.organisator.ch\/fr\/wp-json\/wp\/v2\/comments?post=44160"}],"version-history":[{"count":5,"href":"https:\/\/www.organisator.ch\/fr\/wp-json\/wp\/v2\/posts\/44160\/revisions"}],"predecessor-version":[{"id":44171,"href":"https:\/\/www.organisator.ch\/fr\/wp-json\/wp\/v2\/posts\/44160\/revisions\/44171"}],"wp:attachment":[{"href":"https:\/\/www.organisator.ch\/fr\/wp-json\/wp\/v2\/media?parent=44160"}],"wp:term":[{"taxonomy":"category","embeddable":true,"href":"https:\/\/www.organisator.ch\/fr\/wp-json\/wp\/v2\/categories?post=44160"},{"taxonomy":"post_tag","embeddable":true,"href":"https:\/\/www.organisator.ch\/fr\/wp-json\/wp\/v2\/tags?post=44160"}],"curies":[{"name":"wp","href":"https:\/\/api.w.org\/{rel}","templated":true}]}}