{"id":4424,"date":"2018-10-25T10:40:06","date_gmt":"2018-10-25T08:40:06","guid":{"rendered":"https:\/\/www.organisator.ch\/?p=4424"},"modified":"2018-10-25T10:40:06","modified_gmt":"2018-10-25T08:40:06","slug":"topsoft-fachmesse-2019-neu-in-der-umwelt-arena-spreitenbach","status":"publish","type":"post","link":"https:\/\/www.organisator.ch\/fr\/management\/it\/2018-10-25\/topsoft-fachmesse-2019-neu-in-der-umwelt-arena-spreitenbach\/","title":{"rendered":"Le salon professionnel topsoft 2019 se tiendra d\u00e9sormais \u00e0 l'Umwelt Arena de Spreitenbach"},"content":{"rendered":"<figure id=\"attachment_4425\" aria-describedby=\"caption-attachment-4425\" style=\"width: 640px\" class=\"wp-caption alignnone\"><img loading=\"lazy\" decoding=\"async\" class=\"size-full wp-image-4425\" src=\"https:\/\/www.organisator.ch\/wp-content\/uploads\/2018\/10\/topsoft-Fachmesse-2019-neu-in-der-Umwelt-Arena-Spreitenbach_Organisator.jpg\" alt=\"\" width=\"640\" height=\"366\" srcset=\"https:\/\/www.organisator.ch\/wp-content\/uploads\/2018\/10\/topsoft-Fachmesse-2019-neu-in-der-Umwelt-Arena-Spreitenbach_Organisator.jpg 640w, https:\/\/www.organisator.ch\/wp-content\/uploads\/2018\/10\/topsoft-Fachmesse-2019-neu-in-der-Umwelt-Arena-Spreitenbach_Organisator-16x9.jpg 16w, https:\/\/www.organisator.ch\/wp-content\/uploads\/2018\/10\/topsoft-Fachmesse-2019-neu-in-der-Umwelt-Arena-Spreitenbach_Organisator-306x175.jpg 306w, https:\/\/www.organisator.ch\/wp-content\/uploads\/2018\/10\/topsoft-Fachmesse-2019-neu-in-der-Umwelt-Arena-Spreitenbach_Organisator-612x350.jpg 612w, https:\/\/www.organisator.ch\/wp-content\/uploads\/2018\/10\/topsoft-Fachmesse-2019-neu-in-der-Umwelt-Arena-Spreitenbach_Organisator-300x172.jpg 300w\" sizes=\"auto, (max-width: 640px) 100vw, 640px\" \/><figcaption id=\"caption-attachment-4425\" class=\"wp-caption-text\">L'Umwelt Arena Spreitenbach est le nouveau lieu de topsoft 2019. (Image : zVg\/Umwelt Arena AG)<\/figcaption><\/figure>\n<p>La Suisse fait partie des pays les plus innovants et les plus avanc\u00e9s au monde. Les exigences num\u00e9riques sont par cons\u00e9quent tr\u00e8s \u00e9lev\u00e9es. En tant que place de march\u00e9 pour les nouvelles technologies, topsoft, le seul salon professionnel suisse de l'informatique, offre depuis plus de 20 ans une aide importante \u00e0 l'orientation. Cela ne changera pas \u00e0 l'avenir, comme l'indique le directeur du salon Cyrill Schmid dans un communiqu\u00e9 aux m\u00e9dias. En revanche, le lieu de la manifestation ainsi que les formats de salon propos\u00e9s seront nouveaux \u00e0 partir de 2019. Avec l'Umwelt Arena \u00e0 Spreitenbach, topsoft d\u00e9m\u00e9nage sur un site qui doit repr\u00e9senter comme aucun autre l'interconnexion num\u00e9rique de tous les domaines de la vie et du travail.<\/p>\n<h2><strong>L'Ar\u00e8ne de l'Environnement, nouveau site d'exposition<\/strong><\/h2>\n<p>Avec son concept moderne d'espace et d'exposition, l'Umwelt Arena de Spreitenbach offre un cadre id\u00e9al pour le salon professionnel topsoft. La combinaison de l'espace d'exposition, des salles de conf\u00e9rence et d'\u00e9v\u00e9nements ainsi que de la gastronomie permet d'allier \u00e0 la fois la nouveaut\u00e9 et l'\u00e9prouv\u00e9. \"Nous voulons continuer \u00e0 d\u00e9velopper le format du salon topsoft. Pour ce faire, nous continuerons \u00e0 miser sur les connaissances sp\u00e9cialis\u00e9es, l'aper\u00e7u du march\u00e9 et le r\u00e9seautage. L'Umwelt Arena nous offre, ainsi qu'aux exposants, une libert\u00e9 d'am\u00e9nagement flexible\", explique Cyrill Schmid, directeur du salon, pour justifier cette d\u00e9cision.<\/p>\n<h2><strong>L'accent reste mis sur le commerce num\u00e9rique<\/strong><\/h2>\n<p>\u00c0 l'avenir \u00e9galement, tous les aspects pertinents de l'informatique professionnelle trouveront une place de choix dans le nouveau concept du salon. Mais les visiteurs pourront \u00e9galement s'informer sur des th\u00e8mes tels que le travail intelligent, la mobilit\u00e9, la s\u00e9curit\u00e9, l'intelligence artificielle et bien d'autres encore. Il est clair que les aspects commerciaux des applications num\u00e9riques seront au premier plan. C'est pourquoi, selon les organisateurs, topsoft ne veut pas devenir un \u00e9v\u00e9nement spectacle, mais offrir aux entrepreneurs une valeur utile \u00e9lev\u00e9e et non dilu\u00e9e de leur visite au salon.<\/p>\n<h2><strong>Espace pour des concepts et des formats innovants<\/strong><\/h2>\n<p>La conception du nouveau concept de salon est actuellement en cours d'\u00e9laboration. Les locaux et l'infrastructure permettent diff\u00e9rentes possibilit\u00e9s. Outre l'espace d'exposition, il est possible de r\u00e9aliser des conf\u00e9rences d'une journ\u00e9e, des ateliers, mais aussi des soir\u00e9es ou des parcs \u00e0 th\u00e8me. Les exposants int\u00e9ress\u00e9s peuvent d'ores et d\u00e9j\u00e0 apporter leurs id\u00e9es \u00e0 l'am\u00e9nagement. Cyrill Schmid : \"L'id\u00e9e est de cr\u00e9er une plate-forme commune avec les fournisseurs du march\u00e9 suisse des TIC. Nous voulons appliquer successivement ce principe de cohabitation \u00e0 tous les formats de topsoft\".<\/p>\n<h2><strong>Coup d'envoi pour les fournisseurs le 16 janvier 2019 <\/strong><\/h2>\n<p>Lors du coup d'envoi du 16 janvier 2019, topsoft informera en d\u00e9tail sur tous les d\u00e9tails et les nouveaut\u00e9s du salon professionnel. Les exposants int\u00e9ress\u00e9s sont cordialement invit\u00e9s \u00e0 visiter l'Umwelt Arena de Spreitenbach \u00e0 partir de 7h30, autour d'un caf\u00e9 et de croissants. Le prochain salon professionnel topsoft aura ensuite lieu les 28 et 29 ao\u00fbt 2019.<\/p>\n<p><a href=\"http:\/\/www.topsoft.ch\"><em>www.topsoft.ch<\/em><\/a><\/p>","protected":false},"excerpt":{"rendered":"<p>Die Schweiz z\u00e4hlt zu den innovativsten und fortschrittlichsten L\u00e4ndern weltweit. Entsprechend hoch sind die digitalen Anforderungen. Als Marktplatz f\u00fcr neue Technologien bietet die topsoft als einzige Schweizer IT-Fachmesse seit mehr als 20 Jahren eine wichtige Orientierungshilfe. Daran wird sich auch in Zukunft nichts \u00e4ndern, wie\u00a0Messeleiter Cyrill Schmid in einer Mitteilung an die Medien\u00a0festh\u00e4lt. Neu hingegen [&hellip;]<\/p>\n","protected":false},"author":4,"featured_media":4425,"comment_status":"open","ping_status":"open","sticky":false,"template":"","format":"standard","meta":{"_acf_changed":false,"_yoast_wpseo_focuskw":"Umwelt Arena","_yoast_wpseo_metadesc":"Nach acht Jahren in der Messe Z\u00fcrich macht die Schweizer Fachmesse topsoft einen wichtigen Schritt in die Zukunft und z\u00fcgelt in die Umwelt Arena.","articlekey":"","footnotes":""},"categories":[27],"tags":[156,193,288],"class_list":["post-4424","post","type-post","status-publish","format-standard","has-post-thumbnail","hentry","category-it","tag-digitalisierung","tag-fachkongressfachmesse","tag-it-business-software"],"acf":[],"yoast_head":"<!-- This site is optimized with the Yoast SEO plugin v27.5 - https:\/\/yoast.com\/product\/yoast-seo-wordpress\/ -->\n<title>topsoft Fachmesse 2019 neu in der Umwelt Arena Spreitenbach - Organisator<\/title>\n<meta name=\"description\" content=\"Nach acht Jahren in der Messe Z\u00fcrich macht die Schweizer Fachmesse topsoft einen wichtigen Schritt in die Zukunft und z\u00fcgelt in die Umwelt Arena.\" \/>\n<meta name=\"robots\" content=\"index, follow, max-snippet:-1, max-image-preview:large, max-video-preview:-1\" \/>\n<link rel=\"canonical\" href=\"https:\/\/www.organisator.ch\/fr\/gestion-2\/it\/2018-10-25\/topsoft-fachmesse-2019-neu-in-der-umwelt-arena-spreitenbach\/\" \/>\n<meta property=\"og:locale\" content=\"fr_FR\" \/>\n<meta property=\"og:type\" content=\"article\" \/>\n<meta property=\"og:title\" content=\"topsoft Fachmesse 2019 neu in der Umwelt Arena Spreitenbach\" \/>\n<meta property=\"og:description\" content=\"Nach acht Jahren in der Messe Z\u00fcrich macht die Schweizer Fachmesse topsoft einen wichtigen Schritt in die Zukunft und z\u00fcgelt in die Umwelt Arena.\" \/>\n<meta property=\"og:url\" content=\"https:\/\/www.organisator.ch\/fr\/gestion-2\/it\/2018-10-25\/topsoft-fachmesse-2019-neu-in-der-umwelt-arena-spreitenbach\/\" \/>\n<meta property=\"og:site_name\" content=\"Organisator\" \/>\n<meta property=\"article:publisher\" content=\"https:\/\/www.facebook.com\/OrganisatorFachmagazin\" \/>\n<meta property=\"article:published_time\" content=\"2018-10-25T08:40:06+00:00\" \/>\n<meta property=\"og:image\" content=\"https:\/\/www.organisator.ch\/wp-content\/uploads\/2018\/10\/topsoft-Fachmesse-2019-neu-in-der-Umwelt-Arena-Spreitenbach_Organisator.jpg\" \/>\n\t<meta property=\"og:image:width\" content=\"640\" \/>\n\t<meta property=\"og:image:height\" content=\"366\" \/>\n\t<meta property=\"og:image:type\" content=\"image\/jpeg\" \/>\n<meta name=\"author\" content=\"thomas.berner\" \/>\n<meta name=\"twitter:card\" content=\"summary_large_image\" \/>\n<meta name=\"twitter:title\" content=\"#topsoft Fachmesse 2019 neu in der #UmweltArena Spreitenbach\" \/>\n<meta name=\"twitter:description\" content=\"Nach acht Jahren in der Messe Z\u00fcrich macht die Schweizer Fachmesse #topsoft einen wichtigen Schritt in die Zukunft und z\u00fcgelt in die Umwelt Arena.\" \/>\n<meta name=\"twitter:image\" content=\"https:\/\/www.organisator.ch\/wp-content\/uploads\/2018\/10\/topsoft-Fachmesse-2019-neu-in-der-Umwelt-Arena-Spreitenbach_Organisator.jpg\" \/>\n<script type=\"application\/ld+json\" class=\"yoast-schema-graph\">{\"@context\":\"https:\\\/\\\/schema.org\",\"@graph\":[{\"@type\":\"Article\",\"@id\":\"https:\\\/\\\/www.organisator.ch\\\/management\\\/it\\\/2018-10-25\\\/topsoft-fachmesse-2019-neu-in-der-umwelt-arena-spreitenbach\\\/#article\",\"isPartOf\":{\"@id\":\"https:\\\/\\\/www.organisator.ch\\\/management\\\/it\\\/2018-10-25\\\/topsoft-fachmesse-2019-neu-in-der-umwelt-arena-spreitenbach\\\/\"},\"author\":{\"name\":\"thomas.berner\",\"@id\":\"https:\\\/\\\/www.organisator.ch\\\/#\\\/schema\\\/person\\\/6f650f90b2842cd4c0cc334b4e36f67e\"},\"headline\":\"topsoft Fachmesse 2019 neu in der Umwelt Arena Spreitenbach\",\"datePublished\":\"2018-10-25T08:40:06+00:00\",\"mainEntityOfPage\":{\"@id\":\"https:\\\/\\\/www.organisator.ch\\\/management\\\/it\\\/2018-10-25\\\/topsoft-fachmesse-2019-neu-in-der-umwelt-arena-spreitenbach\\\/\"},\"wordCount\":425,\"commentCount\":0,\"publisher\":{\"@id\":\"https:\\\/\\\/www.organisator.ch\\\/#organization\"},\"image\":{\"@id\":\"https:\\\/\\\/www.organisator.ch\\\/management\\\/it\\\/2018-10-25\\\/topsoft-fachmesse-2019-neu-in-der-umwelt-arena-spreitenbach\\\/#primaryimage\"},\"thumbnailUrl\":\"https:\\\/\\\/www.organisator.ch\\\/wp-content\\\/uploads\\\/2018\\\/10\\\/topsoft-Fachmesse-2019-neu-in-der-Umwelt-Arena-Spreitenbach_Organisator.jpg\",\"keywords\":[\"Digitalisierung\",\"Fachkongress\\\/Fachmesse\",\"IT &amp; Business Software\"],\"articleSection\":[\"IT\"],\"inLanguage\":\"fr-FR\"},{\"@type\":\"WebPage\",\"@id\":\"https:\\\/\\\/www.organisator.ch\\\/management\\\/it\\\/2018-10-25\\\/topsoft-fachmesse-2019-neu-in-der-umwelt-arena-spreitenbach\\\/\",\"url\":\"https:\\\/\\\/www.organisator.ch\\\/management\\\/it\\\/2018-10-25\\\/topsoft-fachmesse-2019-neu-in-der-umwelt-arena-spreitenbach\\\/\",\"name\":\"topsoft Fachmesse 2019 neu in der Umwelt Arena Spreitenbach - Organisator\",\"isPartOf\":{\"@id\":\"https:\\\/\\\/www.organisator.ch\\\/#website\"},\"primaryImageOfPage\":{\"@id\":\"https:\\\/\\\/www.organisator.ch\\\/management\\\/it\\\/2018-10-25\\\/topsoft-fachmesse-2019-neu-in-der-umwelt-arena-spreitenbach\\\/#primaryimage\"},\"image\":{\"@id\":\"https:\\\/\\\/www.organisator.ch\\\/management\\\/it\\\/2018-10-25\\\/topsoft-fachmesse-2019-neu-in-der-umwelt-arena-spreitenbach\\\/#primaryimage\"},\"thumbnailUrl\":\"https:\\\/\\\/www.organisator.ch\\\/wp-content\\\/uploads\\\/2018\\\/10\\\/topsoft-Fachmesse-2019-neu-in-der-Umwelt-Arena-Spreitenbach_Organisator.jpg\",\"datePublished\":\"2018-10-25T08:40:06+00:00\",\"description\":\"Nach acht Jahren in der Messe Z\u00fcrich macht die Schweizer Fachmesse topsoft einen wichtigen Schritt in die Zukunft und z\u00fcgelt in die Umwelt Arena.\",\"breadcrumb\":{\"@id\":\"https:\\\/\\\/www.organisator.ch\\\/management\\\/it\\\/2018-10-25\\\/topsoft-fachmesse-2019-neu-in-der-umwelt-arena-spreitenbach\\\/#breadcrumb\"},\"inLanguage\":\"fr-FR\",\"potentialAction\":[{\"@type\":\"ReadAction\",\"target\":[\"https:\\\/\\\/www.organisator.ch\\\/management\\\/it\\\/2018-10-25\\\/topsoft-fachmesse-2019-neu-in-der-umwelt-arena-spreitenbach\\\/\"]}]},{\"@type\":\"ImageObject\",\"inLanguage\":\"fr-FR\",\"@id\":\"https:\\\/\\\/www.organisator.ch\\\/management\\\/it\\\/2018-10-25\\\/topsoft-fachmesse-2019-neu-in-der-umwelt-arena-spreitenbach\\\/#primaryimage\",\"url\":\"https:\\\/\\\/www.organisator.ch\\\/wp-content\\\/uploads\\\/2018\\\/10\\\/topsoft-Fachmesse-2019-neu-in-der-Umwelt-Arena-Spreitenbach_Organisator.jpg\",\"contentUrl\":\"https:\\\/\\\/www.organisator.ch\\\/wp-content\\\/uploads\\\/2018\\\/10\\\/topsoft-Fachmesse-2019-neu-in-der-Umwelt-Arena-Spreitenbach_Organisator.jpg\",\"width\":640,\"height\":366,\"caption\":\"Die Umwelt Arena Spreitenbach ist die neue Location der topsoft 2019. (Bild: zVg\\\/Umwelt Arena AG)\"},{\"@type\":\"BreadcrumbList\",\"@id\":\"https:\\\/\\\/www.organisator.ch\\\/management\\\/it\\\/2018-10-25\\\/topsoft-fachmesse-2019-neu-in-der-umwelt-arena-spreitenbach\\\/#breadcrumb\",\"itemListElement\":[{\"@type\":\"ListItem\",\"position\":1,\"name\":\"Home\",\"item\":\"https:\\\/\\\/www.organisator.ch\\\/\"},{\"@type\":\"ListItem\",\"position\":2,\"name\":\"topsoft Fachmesse 2019 neu in der Umwelt Arena Spreitenbach\"}]},{\"@type\":\"WebSite\",\"@id\":\"https:\\\/\\\/www.organisator.ch\\\/#website\",\"url\":\"https:\\\/\\\/www.organisator.ch\\\/\",\"name\":\"Organisator\",\"description\":\"Kompetent. Praxisnah. Der ORGANISATOR bereitet in 10 Ausgaben pro Jahr die wesentlichen Themen f\u00fcr F\u00fchrungskr\u00e4fte von KMU auf.\",\"publisher\":{\"@id\":\"https:\\\/\\\/www.organisator.ch\\\/#organization\"},\"potentialAction\":[{\"@type\":\"SearchAction\",\"target\":{\"@type\":\"EntryPoint\",\"urlTemplate\":\"https:\\\/\\\/www.organisator.ch\\\/?s={search_term_string}\"},\"query-input\":{\"@type\":\"PropertyValueSpecification\",\"valueRequired\":true,\"valueName\":\"search_term_string\"}}],\"inLanguage\":\"fr-FR\"},{\"@type\":\"Organization\",\"@id\":\"https:\\\/\\\/www.organisator.ch\\\/#organization\",\"name\":\"Organisator\",\"url\":\"https:\\\/\\\/www.organisator.ch\\\/\",\"logo\":{\"@type\":\"ImageObject\",\"inLanguage\":\"fr-FR\",\"@id\":\"https:\\\/\\\/www.organisator.ch\\\/#\\\/schema\\\/logo\\\/image\\\/\",\"url\":\"https:\\\/\\\/www.organisator.ch\\\/wp-content\\\/uploads\\\/2022\\\/01\\\/Logo_Organisator_Website.png\",\"contentUrl\":\"https:\\\/\\\/www.organisator.ch\\\/wp-content\\\/uploads\\\/2022\\\/01\\\/Logo_Organisator_Website.png\",\"width\":800,\"height\":77,\"caption\":\"Organisator\"},\"image\":{\"@id\":\"https:\\\/\\\/www.organisator.ch\\\/#\\\/schema\\\/logo\\\/image\\\/\"},\"sameAs\":[\"https:\\\/\\\/www.facebook.com\\\/OrganisatorFachmagazin\",\"https:\\\/\\\/www.linkedin.com\\\/showcase\\\/organisator-das-magazin-fr-kmu\",\"https:\\\/\\\/www.xing.com\\\/news\\\/pages\\\/organisator-ch-695\",\"https:\\\/\\\/www.youtube.com\\\/channel\\\/UCGP2Sq0iWaZwT3BdIAQFYpw\"]},{\"@type\":\"Person\",\"@id\":\"https:\\\/\\\/www.organisator.ch\\\/#\\\/schema\\\/person\\\/6f650f90b2842cd4c0cc334b4e36f67e\",\"name\":\"thomas.berner\",\"image\":{\"@type\":\"ImageObject\",\"inLanguage\":\"fr-FR\",\"@id\":\"https:\\\/\\\/secure.gravatar.com\\\/avatar\\\/ac5001d2a36cb6c6cd3e50789007ffca834b477b74a2144564522e944eabff61?s=96&d=mm&r=g\",\"url\":\"https:\\\/\\\/secure.gravatar.com\\\/avatar\\\/ac5001d2a36cb6c6cd3e50789007ffca834b477b74a2144564522e944eabff61?s=96&d=mm&r=g\",\"contentUrl\":\"https:\\\/\\\/secure.gravatar.com\\\/avatar\\\/ac5001d2a36cb6c6cd3e50789007ffca834b477b74a2144564522e944eabff61?s=96&d=mm&r=g\",\"caption\":\"thomas.berner\"},\"url\":\"https:\\\/\\\/www.organisator.ch\\\/fr\\\/author\\\/thomas-berner\\\/\"}]}<\/script>\n<!-- \/ Yoast SEO plugin. -->","yoast_head_json":{"title":"topsoft Salon professionnel 2019 nouveau \u00e0 l'Umwelt Arena Spreitenbach - Organisateur","description":"Apr\u00e8s huit ann\u00e9es pass\u00e9es \u00e0 Messe Z\u00fcrich, le salon professionnel suisse topsoft fait un pas important vers l'avenir et s'installe dans l'Umwelt Arena.","robots":{"index":"index","follow":"follow","max-snippet":"max-snippet:-1","max-image-preview":"max-image-preview:large","max-video-preview":"max-video-preview:-1"},"canonical":"https:\/\/www.organisator.ch\/fr\/gestion-2\/it\/2018-10-25\/topsoft-fachmesse-2019-neu-in-der-umwelt-arena-spreitenbach\/","og_locale":"fr_FR","og_type":"article","og_title":"topsoft Fachmesse 2019 neu in der Umwelt Arena Spreitenbach","og_description":"Nach acht Jahren in der Messe Z\u00fcrich macht die Schweizer Fachmesse topsoft einen wichtigen Schritt in die Zukunft und z\u00fcgelt in die Umwelt Arena.","og_url":"https:\/\/www.organisator.ch\/fr\/gestion-2\/it\/2018-10-25\/topsoft-fachmesse-2019-neu-in-der-umwelt-arena-spreitenbach\/","og_site_name":"Organisator","article_publisher":"https:\/\/www.facebook.com\/OrganisatorFachmagazin","article_published_time":"2018-10-25T08:40:06+00:00","og_image":[{"width":640,"height":366,"url":"https:\/\/www.organisator.ch\/wp-content\/uploads\/2018\/10\/topsoft-Fachmesse-2019-neu-in-der-Umwelt-Arena-Spreitenbach_Organisator.jpg","type":"image\/jpeg"}],"author":"thomas.berner","twitter_card":"summary_large_image","twitter_title":"#topsoft Fachmesse 2019 neu in der #UmweltArena Spreitenbach","twitter_description":"Nach acht Jahren in der Messe Z\u00fcrich macht die Schweizer Fachmesse #topsoft einen wichtigen Schritt in die Zukunft und z\u00fcgelt in die Umwelt Arena.","twitter_image":"https:\/\/www.organisator.ch\/wp-content\/uploads\/2018\/10\/topsoft-Fachmesse-2019-neu-in-der-Umwelt-Arena-Spreitenbach_Organisator.jpg","schema":{"@context":"https:\/\/schema.org","@graph":[{"@type":"Article","@id":"https:\/\/www.organisator.ch\/management\/it\/2018-10-25\/topsoft-fachmesse-2019-neu-in-der-umwelt-arena-spreitenbach\/#article","isPartOf":{"@id":"https:\/\/www.organisator.ch\/management\/it\/2018-10-25\/topsoft-fachmesse-2019-neu-in-der-umwelt-arena-spreitenbach\/"},"author":{"name":"thomas.berner","@id":"https:\/\/www.organisator.ch\/#\/schema\/person\/6f650f90b2842cd4c0cc334b4e36f67e"},"headline":"topsoft Fachmesse 2019 neu in der Umwelt Arena Spreitenbach","datePublished":"2018-10-25T08:40:06+00:00","mainEntityOfPage":{"@id":"https:\/\/www.organisator.ch\/management\/it\/2018-10-25\/topsoft-fachmesse-2019-neu-in-der-umwelt-arena-spreitenbach\/"},"wordCount":425,"commentCount":0,"publisher":{"@id":"https:\/\/www.organisator.ch\/#organization"},"image":{"@id":"https:\/\/www.organisator.ch\/management\/it\/2018-10-25\/topsoft-fachmesse-2019-neu-in-der-umwelt-arena-spreitenbach\/#primaryimage"},"thumbnailUrl":"https:\/\/www.organisator.ch\/wp-content\/uploads\/2018\/10\/topsoft-Fachmesse-2019-neu-in-der-Umwelt-Arena-Spreitenbach_Organisator.jpg","keywords":["Digitalisierung","Fachkongress\/Fachmesse","IT &amp; Business Software"],"articleSection":["IT"],"inLanguage":"fr-FR"},{"@type":"WebPage","@id":"https:\/\/www.organisator.ch\/management\/it\/2018-10-25\/topsoft-fachmesse-2019-neu-in-der-umwelt-arena-spreitenbach\/","url":"https:\/\/www.organisator.ch\/management\/it\/2018-10-25\/topsoft-fachmesse-2019-neu-in-der-umwelt-arena-spreitenbach\/","name":"topsoft Salon professionnel 2019 nouveau \u00e0 l'Umwelt Arena Spreitenbach - Organisateur","isPartOf":{"@id":"https:\/\/www.organisator.ch\/#website"},"primaryImageOfPage":{"@id":"https:\/\/www.organisator.ch\/management\/it\/2018-10-25\/topsoft-fachmesse-2019-neu-in-der-umwelt-arena-spreitenbach\/#primaryimage"},"image":{"@id":"https:\/\/www.organisator.ch\/management\/it\/2018-10-25\/topsoft-fachmesse-2019-neu-in-der-umwelt-arena-spreitenbach\/#primaryimage"},"thumbnailUrl":"https:\/\/www.organisator.ch\/wp-content\/uploads\/2018\/10\/topsoft-Fachmesse-2019-neu-in-der-Umwelt-Arena-Spreitenbach_Organisator.jpg","datePublished":"2018-10-25T08:40:06+00:00","description":"Apr\u00e8s huit ann\u00e9es pass\u00e9es \u00e0 Messe Z\u00fcrich, le salon professionnel suisse topsoft fait un pas important vers l'avenir et s'installe dans l'Umwelt Arena.","breadcrumb":{"@id":"https:\/\/www.organisator.ch\/management\/it\/2018-10-25\/topsoft-fachmesse-2019-neu-in-der-umwelt-arena-spreitenbach\/#breadcrumb"},"inLanguage":"fr-FR","potentialAction":[{"@type":"ReadAction","target":["https:\/\/www.organisator.ch\/management\/it\/2018-10-25\/topsoft-fachmesse-2019-neu-in-der-umwelt-arena-spreitenbach\/"]}]},{"@type":"ImageObject","inLanguage":"fr-FR","@id":"https:\/\/www.organisator.ch\/management\/it\/2018-10-25\/topsoft-fachmesse-2019-neu-in-der-umwelt-arena-spreitenbach\/#primaryimage","url":"https:\/\/www.organisator.ch\/wp-content\/uploads\/2018\/10\/topsoft-Fachmesse-2019-neu-in-der-Umwelt-Arena-Spreitenbach_Organisator.jpg","contentUrl":"https:\/\/www.organisator.ch\/wp-content\/uploads\/2018\/10\/topsoft-Fachmesse-2019-neu-in-der-Umwelt-Arena-Spreitenbach_Organisator.jpg","width":640,"height":366,"caption":"Die Umwelt Arena Spreitenbach ist die neue Location der topsoft 2019. (Bild: zVg\/Umwelt Arena AG)"},{"@type":"BreadcrumbList","@id":"https:\/\/www.organisator.ch\/management\/it\/2018-10-25\/topsoft-fachmesse-2019-neu-in-der-umwelt-arena-spreitenbach\/#breadcrumb","itemListElement":[{"@type":"ListItem","position":1,"name":"Home","item":"https:\/\/www.organisator.ch\/"},{"@type":"ListItem","position":2,"name":"topsoft Fachmesse 2019 neu in der Umwelt Arena Spreitenbach"}]},{"@type":"WebSite","@id":"https:\/\/www.organisator.ch\/#website","url":"https:\/\/www.organisator.ch\/","name":"Organisateur","description":"Comp\u00e9tence et comp\u00e9tence. Proches de la pratique. L'ORGANISATEUR pr\u00e9pare 10 num\u00e9ros par an sur les th\u00e8mes essentiels pour les dirigeants de PME.","publisher":{"@id":"https:\/\/www.organisator.ch\/#organization"},"potentialAction":[{"@type":"SearchAction","target":{"@type":"EntryPoint","urlTemplate":"https:\/\/www.organisator.ch\/?s={search_term_string}"},"query-input":{"@type":"PropertyValueSpecification","valueRequired":true,"valueName":"search_term_string"}}],"inLanguage":"fr-FR"},{"@type":"Organization","@id":"https:\/\/www.organisator.ch\/#organization","name":"Organisateur","url":"https:\/\/www.organisator.ch\/","logo":{"@type":"ImageObject","inLanguage":"fr-FR","@id":"https:\/\/www.organisator.ch\/#\/schema\/logo\/image\/","url":"https:\/\/www.organisator.ch\/wp-content\/uploads\/2022\/01\/Logo_Organisator_Website.png","contentUrl":"https:\/\/www.organisator.ch\/wp-content\/uploads\/2022\/01\/Logo_Organisator_Website.png","width":800,"height":77,"caption":"Organisator"},"image":{"@id":"https:\/\/www.organisator.ch\/#\/schema\/logo\/image\/"},"sameAs":["https:\/\/www.facebook.com\/OrganisatorFachmagazin","https:\/\/www.linkedin.com\/showcase\/organisator-das-magazin-fr-kmu","https:\/\/www.xing.com\/news\/pages\/organisator-ch-695","https:\/\/www.youtube.com\/channel\/UCGP2Sq0iWaZwT3BdIAQFYpw"]},{"@type":"Person","@id":"https:\/\/www.organisator.ch\/#\/schema\/person\/6f650f90b2842cd4c0cc334b4e36f67e","name":"thomas.berner","image":{"@type":"ImageObject","inLanguage":"fr-FR","@id":"https:\/\/secure.gravatar.com\/avatar\/ac5001d2a36cb6c6cd3e50789007ffca834b477b74a2144564522e944eabff61?s=96&d=mm&r=g","url":"https:\/\/secure.gravatar.com\/avatar\/ac5001d2a36cb6c6cd3e50789007ffca834b477b74a2144564522e944eabff61?s=96&d=mm&r=g","contentUrl":"https:\/\/secure.gravatar.com\/avatar\/ac5001d2a36cb6c6cd3e50789007ffca834b477b74a2144564522e944eabff61?s=96&d=mm&r=g","caption":"thomas.berner"},"url":"https:\/\/www.organisator.ch\/fr\/author\/thomas-berner\/"}]}},"_links":{"self":[{"href":"https:\/\/www.organisator.ch\/fr\/wp-json\/wp\/v2\/posts\/4424","targetHints":{"allow":["GET"]}}],"collection":[{"href":"https:\/\/www.organisator.ch\/fr\/wp-json\/wp\/v2\/posts"}],"about":[{"href":"https:\/\/www.organisator.ch\/fr\/wp-json\/wp\/v2\/types\/post"}],"author":[{"embeddable":true,"href":"https:\/\/www.organisator.ch\/fr\/wp-json\/wp\/v2\/users\/4"}],"replies":[{"embeddable":true,"href":"https:\/\/www.organisator.ch\/fr\/wp-json\/wp\/v2\/comments?post=4424"}],"version-history":[{"count":0,"href":"https:\/\/www.organisator.ch\/fr\/wp-json\/wp\/v2\/posts\/4424\/revisions"}],"wp:featuredmedia":[{"embeddable":true,"href":"https:\/\/www.organisator.ch\/fr\/wp-json\/wp\/v2\/media\/4425"}],"wp:attachment":[{"href":"https:\/\/www.organisator.ch\/fr\/wp-json\/wp\/v2\/media?parent=4424"}],"wp:term":[{"taxonomy":"category","embeddable":true,"href":"https:\/\/www.organisator.ch\/fr\/wp-json\/wp\/v2\/categories?post=4424"},{"taxonomy":"post_tag","embeddable":true,"href":"https:\/\/www.organisator.ch\/fr\/wp-json\/wp\/v2\/tags?post=4424"}],"curies":[{"name":"wp","href":"https:\/\/api.w.org\/{rel}","templated":true}]}}