{"id":44268,"date":"2026-02-06T08:55:53","date_gmt":"2026-02-06T07:55:53","guid":{"rendered":"https:\/\/www.organisator.ch\/?p=44268"},"modified":"2026-02-06T08:55:53","modified_gmt":"2026-02-06T07:55:53","slug":"economiesuisse-neue-bereichsleiterin-aussenwirtschaft","status":"publish","type":"post","link":"https:\/\/www.organisator.ch\/fr\/management\/2026-02-06\/economiesuisse-neue-bereichsleiterin-aussenwirtschaft\/","title":{"rendered":"Economiesuisse a \u00e9t\u00e9 nomm\u00e9e : Nouvelle responsable du secteur \u00c9conomie ext\u00e9rieure"},"content":{"rendered":"<figure id=\"attachment_44269\" aria-describedby=\"caption-attachment-44269\" style=\"width: 680px\" class=\"wp-caption alignnone\"><img loading=\"lazy\" decoding=\"async\" class=\"size-full wp-image-44269\" src=\"https:\/\/www.organisator.ch\/wp-content\/uploads\/2026\/02\/Economiesuisse-Neue-Bereichsleiterin-Aussenwirtschaft_Organisator.jpg\" alt=\"\" width=\"680\" height=\"459\" srcset=\"https:\/\/www.organisator.ch\/wp-content\/uploads\/2026\/02\/Economiesuisse-Neue-Bereichsleiterin-Aussenwirtschaft_Organisator.jpg 680w, https:\/\/www.organisator.ch\/wp-content\/uploads\/2026\/02\/Economiesuisse-Neue-Bereichsleiterin-Aussenwirtschaft_Organisator-18x12.jpg 18w, https:\/\/www.organisator.ch\/wp-content\/uploads\/2026\/02\/Economiesuisse-Neue-Bereichsleiterin-Aussenwirtschaft_Organisator-375x253.jpg 375w, https:\/\/www.organisator.ch\/wp-content\/uploads\/2026\/02\/Economiesuisse-Neue-Bereichsleiterin-Aussenwirtschaft_Organisator-519x350.jpg 519w\" sizes=\"auto, (max-width: 680px) 100vw, 680px\" \/><figcaption id=\"caption-attachment-44269\" class=\"wp-caption-text\">Monica Rubiolo sera la nouvelle responsable du secteur Economie ext\u00e9rieure. (Image : zVg \/ Economiesuisse)<\/figcaption><\/figure>\n<p class=\"hyphens-auto text-base md:text-xl leading-relaxed not-first:mt-6\">Monica Rubiolo est la nouvelle responsable du secteur Economie ext\u00e9rieure d'economiesuisse. Rubiolo dispose d'une exp\u00e9rience confirm\u00e9e en mati\u00e8re de direction et peut se pr\u00e9valoir de plus de 20 ans d'exp\u00e9rience dans les domaines des relations commerciales internationales et de la diplomatie \u00e9conomique. Actuellement, Monica Rubiolo travaille au Secr\u00e9tariat d'\u00c9tat \u00e0 l'\u00e9conomie (SECO) en tant que responsable de la promotion commerciale et repr\u00e9sente \u00e0 ce titre la Suisse dans divers forums internationaux. Rubiolo dispose d'un excellent r\u00e9seau international et conna\u00eet parfaitement la politique \u00e9conomique ext\u00e9rieure et la politique europ\u00e9enne. Elle a \u00e9tudi\u00e9 les sciences politiques et les relations internationales et a obtenu un doctorat en politique financi\u00e8re \u00e0 l'universit\u00e9 Eberhard-Karls de T\u00fcbingen.<\/p>\n<p class=\"hyphens-auto text-base md:text-xl leading-relaxed not-first:mt-6\">\u00abJe me r\u00e9jouis qu'en la personne de Monica Rubiolo, nous ayons pu nous assurer les services d'une personnalit\u00e9 vers\u00e9e dans la politique commerciale et poss\u00e9dant une compr\u00e9hension approfondie de l'\u00e9conomie d'exportation suisse. Je suis convaincue que sa pens\u00e9e strat\u00e9gique, sa boussole lib\u00e9rale et ses solides comp\u00e9tences en mati\u00e8re de mise en \u0153uvre contribueront largement \u00e0 faire avancer les dossiers de politique \u00e9conomique ext\u00e9rieure en suspens\u00bb, d\u00e9clare Monika R\u00fchl, pr\u00e9sidente de la direction d'economiesuisse.<\/p>\n<p><em>Source : <a href=\"http:\/\/www.economiesuisse.ch\">Economiesuisse<\/a><\/em><\/p>","protected":false},"excerpt":{"rendered":"<p>Monica Rubiolo prend la direction du secteur Economie ext\u00e9rieure d'economiesuisse. Elle prendra ses fonctions d\u00e9but juin.<\/p>","protected":false},"author":4,"featured_media":44269,"comment_status":"closed","ping_status":"closed","sticky":false,"template":"","format":"standard","meta":{"_acf_changed":false,"_yoast_wpseo_focuskw":"Aussenwirtschaft","_yoast_wpseo_metadesc":"Monica Rubiolo \u00fcbernimmt die Leitung des Bereichs Aussenwirtschaft von economiesuisse. Sie tritt ihre Funktion Anfang Juni an.","articlekey":"","footnotes":""},"categories":[28],"tags":[63,334,381,503],"class_list":["post-44268","post","type-post","status-publish","format-standard","has-post-thumbnail","hentry","category-management","tag-aussenwirtschaft","tag-management","tag-personalia","tag-verbaende"],"acf":[],"yoast_head":"<!-- This site is optimized with the Yoast SEO plugin v27.5 - https:\/\/yoast.com\/product\/yoast-seo-wordpress\/ -->\n<title>Economiesuisse: Neue Bereichsleiterin Aussenwirtschaft - Organisator<\/title>\n<meta name=\"description\" content=\"Monica Rubiolo \u00fcbernimmt die Leitung des Bereichs Aussenwirtschaft von economiesuisse. Sie tritt ihre Funktion Anfang Juni an.\" \/>\n<meta name=\"robots\" content=\"index, follow, max-snippet:-1, max-image-preview:large, max-video-preview:-1\" \/>\n<link rel=\"canonical\" href=\"https:\/\/www.organisator.ch\/fr\/gestion-2\/2026-02-06\/economiesuisse-neue-bereichsleiterin-aussenwirtschaft\/\" \/>\n<meta property=\"og:locale\" content=\"fr_FR\" \/>\n<meta property=\"og:type\" content=\"article\" \/>\n<meta property=\"og:title\" content=\"Economiesuisse: Neue Bereichsleiterin Aussenwirtschaft\" \/>\n<meta property=\"og:description\" content=\"Monica Rubiolo \u00fcbernimmt die Leitung des Bereichs Aussenwirtschaft von economiesuisse. Sie tritt ihre Funktion Anfang Juni an.\" \/>\n<meta property=\"og:url\" content=\"https:\/\/www.organisator.ch\/fr\/gestion-2\/2026-02-06\/economiesuisse-neue-bereichsleiterin-aussenwirtschaft\/\" \/>\n<meta property=\"og:site_name\" content=\"Organisator\" \/>\n<meta property=\"article:publisher\" content=\"https:\/\/www.facebook.com\/OrganisatorFachmagazin\" \/>\n<meta property=\"article:published_time\" content=\"2026-02-06T07:55:53+00:00\" \/>\n<meta property=\"og:image\" content=\"https:\/\/www.organisator.ch\/wp-content\/uploads\/2026\/02\/Economiesuisse-Neue-Bereichsleiterin-Aussenwirtschaft_Organisator.jpg\" \/>\n\t<meta property=\"og:image:width\" content=\"680\" \/>\n\t<meta property=\"og:image:height\" content=\"459\" \/>\n\t<meta property=\"og:image:type\" content=\"image\/jpeg\" \/>\n<meta name=\"author\" content=\"thomas.berner\" \/>\n<meta name=\"twitter:card\" content=\"summary_large_image\" \/>\n<meta name=\"twitter:title\" content=\"#Economiesuisse: Neue #Bereichsleiterin Aussenwirtschaft\" \/>\n<meta name=\"twitter:description\" content=\"Monica Rubiolo \u00fcbernimmt die Leitung des Bereichs #Aussenwirtschaft von #economiesuisse. Sie tritt ihre Funktion Anfang Juni an.\" \/>\n<meta name=\"twitter:image\" content=\"https:\/\/www.organisator.ch\/wp-content\/uploads\/2026\/02\/Economiesuisse-Neue-Bereichsleiterin-Aussenwirtschaft_Organisator.jpg\" \/>\n<script type=\"application\/ld+json\" class=\"yoast-schema-graph\">{\"@context\":\"https:\\\/\\\/schema.org\",\"@graph\":[{\"@type\":\"Article\",\"@id\":\"https:\\\/\\\/www.organisator.ch\\\/management\\\/2026-02-06\\\/economiesuisse-neue-bereichsleiterin-aussenwirtschaft\\\/#article\",\"isPartOf\":{\"@id\":\"https:\\\/\\\/www.organisator.ch\\\/management\\\/2026-02-06\\\/economiesuisse-neue-bereichsleiterin-aussenwirtschaft\\\/\"},\"author\":{\"name\":\"thomas.berner\",\"@id\":\"https:\\\/\\\/www.organisator.ch\\\/#\\\/schema\\\/person\\\/6f650f90b2842cd4c0cc334b4e36f67e\"},\"headline\":\"Economiesuisse: Neue Bereichsleiterin Aussenwirtschaft\",\"datePublished\":\"2026-02-06T07:55:53+00:00\",\"mainEntityOfPage\":{\"@id\":\"https:\\\/\\\/www.organisator.ch\\\/management\\\/2026-02-06\\\/economiesuisse-neue-bereichsleiterin-aussenwirtschaft\\\/\"},\"wordCount\":168,\"publisher\":{\"@id\":\"https:\\\/\\\/www.organisator.ch\\\/#organization\"},\"image\":{\"@id\":\"https:\\\/\\\/www.organisator.ch\\\/management\\\/2026-02-06\\\/economiesuisse-neue-bereichsleiterin-aussenwirtschaft\\\/#primaryimage\"},\"thumbnailUrl\":\"https:\\\/\\\/www.organisator.ch\\\/wp-content\\\/uploads\\\/2026\\\/02\\\/Economiesuisse-Neue-Bereichsleiterin-Aussenwirtschaft_Organisator.jpg\",\"keywords\":[\"Aussenwirtschaft\",\"Management\",\"Personalia\",\"Verb\u00e4nde\"],\"articleSection\":[\"MANAGEMENT\"],\"inLanguage\":\"fr-FR\"},{\"@type\":\"WebPage\",\"@id\":\"https:\\\/\\\/www.organisator.ch\\\/management\\\/2026-02-06\\\/economiesuisse-neue-bereichsleiterin-aussenwirtschaft\\\/\",\"url\":\"https:\\\/\\\/www.organisator.ch\\\/management\\\/2026-02-06\\\/economiesuisse-neue-bereichsleiterin-aussenwirtschaft\\\/\",\"name\":\"Economiesuisse: Neue Bereichsleiterin Aussenwirtschaft - Organisator\",\"isPartOf\":{\"@id\":\"https:\\\/\\\/www.organisator.ch\\\/#website\"},\"primaryImageOfPage\":{\"@id\":\"https:\\\/\\\/www.organisator.ch\\\/management\\\/2026-02-06\\\/economiesuisse-neue-bereichsleiterin-aussenwirtschaft\\\/#primaryimage\"},\"image\":{\"@id\":\"https:\\\/\\\/www.organisator.ch\\\/management\\\/2026-02-06\\\/economiesuisse-neue-bereichsleiterin-aussenwirtschaft\\\/#primaryimage\"},\"thumbnailUrl\":\"https:\\\/\\\/www.organisator.ch\\\/wp-content\\\/uploads\\\/2026\\\/02\\\/Economiesuisse-Neue-Bereichsleiterin-Aussenwirtschaft_Organisator.jpg\",\"datePublished\":\"2026-02-06T07:55:53+00:00\",\"description\":\"Monica Rubiolo \u00fcbernimmt die Leitung des Bereichs Aussenwirtschaft von economiesuisse. Sie tritt ihre Funktion Anfang Juni an.\",\"breadcrumb\":{\"@id\":\"https:\\\/\\\/www.organisator.ch\\\/management\\\/2026-02-06\\\/economiesuisse-neue-bereichsleiterin-aussenwirtschaft\\\/#breadcrumb\"},\"inLanguage\":\"fr-FR\",\"potentialAction\":[{\"@type\":\"ReadAction\",\"target\":[\"https:\\\/\\\/www.organisator.ch\\\/management\\\/2026-02-06\\\/economiesuisse-neue-bereichsleiterin-aussenwirtschaft\\\/\"]}]},{\"@type\":\"ImageObject\",\"inLanguage\":\"fr-FR\",\"@id\":\"https:\\\/\\\/www.organisator.ch\\\/management\\\/2026-02-06\\\/economiesuisse-neue-bereichsleiterin-aussenwirtschaft\\\/#primaryimage\",\"url\":\"https:\\\/\\\/www.organisator.ch\\\/wp-content\\\/uploads\\\/2026\\\/02\\\/Economiesuisse-Neue-Bereichsleiterin-Aussenwirtschaft_Organisator.jpg\",\"contentUrl\":\"https:\\\/\\\/www.organisator.ch\\\/wp-content\\\/uploads\\\/2026\\\/02\\\/Economiesuisse-Neue-Bereichsleiterin-Aussenwirtschaft_Organisator.jpg\",\"width\":680,\"height\":459,\"caption\":\"Monica Rubiolo wird neue Bereichsleiterin Aussenwirtschaft. (Bild: zVg \\\/ Economiesuisse)\"},{\"@type\":\"BreadcrumbList\",\"@id\":\"https:\\\/\\\/www.organisator.ch\\\/management\\\/2026-02-06\\\/economiesuisse-neue-bereichsleiterin-aussenwirtschaft\\\/#breadcrumb\",\"itemListElement\":[{\"@type\":\"ListItem\",\"position\":1,\"name\":\"Home\",\"item\":\"https:\\\/\\\/www.organisator.ch\\\/\"},{\"@type\":\"ListItem\",\"position\":2,\"name\":\"Economiesuisse: Neue Bereichsleiterin Aussenwirtschaft\"}]},{\"@type\":\"WebSite\",\"@id\":\"https:\\\/\\\/www.organisator.ch\\\/#website\",\"url\":\"https:\\\/\\\/www.organisator.ch\\\/\",\"name\":\"Organisator\",\"description\":\"Kompetent. Praxisnah. Der ORGANISATOR bereitet in 10 Ausgaben pro Jahr die wesentlichen Themen f\u00fcr F\u00fchrungskr\u00e4fte von KMU auf.\",\"publisher\":{\"@id\":\"https:\\\/\\\/www.organisator.ch\\\/#organization\"},\"potentialAction\":[{\"@type\":\"SearchAction\",\"target\":{\"@type\":\"EntryPoint\",\"urlTemplate\":\"https:\\\/\\\/www.organisator.ch\\\/?s={search_term_string}\"},\"query-input\":{\"@type\":\"PropertyValueSpecification\",\"valueRequired\":true,\"valueName\":\"search_term_string\"}}],\"inLanguage\":\"fr-FR\"},{\"@type\":\"Organization\",\"@id\":\"https:\\\/\\\/www.organisator.ch\\\/#organization\",\"name\":\"Organisator\",\"url\":\"https:\\\/\\\/www.organisator.ch\\\/\",\"logo\":{\"@type\":\"ImageObject\",\"inLanguage\":\"fr-FR\",\"@id\":\"https:\\\/\\\/www.organisator.ch\\\/#\\\/schema\\\/logo\\\/image\\\/\",\"url\":\"https:\\\/\\\/www.organisator.ch\\\/wp-content\\\/uploads\\\/2022\\\/01\\\/Logo_Organisator_Website.png\",\"contentUrl\":\"https:\\\/\\\/www.organisator.ch\\\/wp-content\\\/uploads\\\/2022\\\/01\\\/Logo_Organisator_Website.png\",\"width\":800,\"height\":77,\"caption\":\"Organisator\"},\"image\":{\"@id\":\"https:\\\/\\\/www.organisator.ch\\\/#\\\/schema\\\/logo\\\/image\\\/\"},\"sameAs\":[\"https:\\\/\\\/www.facebook.com\\\/OrganisatorFachmagazin\",\"https:\\\/\\\/www.linkedin.com\\\/showcase\\\/organisator-das-magazin-fr-kmu\",\"https:\\\/\\\/www.xing.com\\\/news\\\/pages\\\/organisator-ch-695\",\"https:\\\/\\\/www.youtube.com\\\/channel\\\/UCGP2Sq0iWaZwT3BdIAQFYpw\"]},{\"@type\":\"Person\",\"@id\":\"https:\\\/\\\/www.organisator.ch\\\/#\\\/schema\\\/person\\\/6f650f90b2842cd4c0cc334b4e36f67e\",\"name\":\"thomas.berner\",\"image\":{\"@type\":\"ImageObject\",\"inLanguage\":\"fr-FR\",\"@id\":\"https:\\\/\\\/secure.gravatar.com\\\/avatar\\\/ac5001d2a36cb6c6cd3e50789007ffca834b477b74a2144564522e944eabff61?s=96&d=mm&r=g\",\"url\":\"https:\\\/\\\/secure.gravatar.com\\\/avatar\\\/ac5001d2a36cb6c6cd3e50789007ffca834b477b74a2144564522e944eabff61?s=96&d=mm&r=g\",\"contentUrl\":\"https:\\\/\\\/secure.gravatar.com\\\/avatar\\\/ac5001d2a36cb6c6cd3e50789007ffca834b477b74a2144564522e944eabff61?s=96&d=mm&r=g\",\"caption\":\"thomas.berner\"},\"url\":\"https:\\\/\\\/www.organisator.ch\\\/fr\\\/author\\\/thomas-berner\\\/\"}]}<\/script>\n<!-- \/ Yoast SEO plugin. -->","yoast_head_json":{"title":"Economiesuisse a \u00e9t\u00e9 nomm\u00e9e : Nouvelle responsable du secteur \u00c9conomie ext\u00e9rieure - Organisateur","description":"Monica Rubiolo prend la direction du secteur Economie ext\u00e9rieure d'economiesuisse. Elle prendra ses fonctions d\u00e9but juin.","robots":{"index":"index","follow":"follow","max-snippet":"max-snippet:-1","max-image-preview":"max-image-preview:large","max-video-preview":"max-video-preview:-1"},"canonical":"https:\/\/www.organisator.ch\/fr\/gestion-2\/2026-02-06\/economiesuisse-neue-bereichsleiterin-aussenwirtschaft\/","og_locale":"fr_FR","og_type":"article","og_title":"Economiesuisse: Neue Bereichsleiterin Aussenwirtschaft","og_description":"Monica Rubiolo \u00fcbernimmt die Leitung des Bereichs Aussenwirtschaft von economiesuisse. Sie tritt ihre Funktion Anfang Juni an.","og_url":"https:\/\/www.organisator.ch\/fr\/gestion-2\/2026-02-06\/economiesuisse-neue-bereichsleiterin-aussenwirtschaft\/","og_site_name":"Organisator","article_publisher":"https:\/\/www.facebook.com\/OrganisatorFachmagazin","article_published_time":"2026-02-06T07:55:53+00:00","og_image":[{"width":680,"height":459,"url":"https:\/\/www.organisator.ch\/wp-content\/uploads\/2026\/02\/Economiesuisse-Neue-Bereichsleiterin-Aussenwirtschaft_Organisator.jpg","type":"image\/jpeg"}],"author":"thomas.berner","twitter_card":"summary_large_image","twitter_title":"#Economiesuisse: Neue #Bereichsleiterin Aussenwirtschaft","twitter_description":"Monica Rubiolo \u00fcbernimmt die Leitung des Bereichs #Aussenwirtschaft von #economiesuisse. Sie tritt ihre Funktion Anfang Juni an.","twitter_image":"https:\/\/www.organisator.ch\/wp-content\/uploads\/2026\/02\/Economiesuisse-Neue-Bereichsleiterin-Aussenwirtschaft_Organisator.jpg","schema":{"@context":"https:\/\/schema.org","@graph":[{"@type":"Article","@id":"https:\/\/www.organisator.ch\/management\/2026-02-06\/economiesuisse-neue-bereichsleiterin-aussenwirtschaft\/#article","isPartOf":{"@id":"https:\/\/www.organisator.ch\/management\/2026-02-06\/economiesuisse-neue-bereichsleiterin-aussenwirtschaft\/"},"author":{"name":"thomas.berner","@id":"https:\/\/www.organisator.ch\/#\/schema\/person\/6f650f90b2842cd4c0cc334b4e36f67e"},"headline":"Economiesuisse: Neue Bereichsleiterin Aussenwirtschaft","datePublished":"2026-02-06T07:55:53+00:00","mainEntityOfPage":{"@id":"https:\/\/www.organisator.ch\/management\/2026-02-06\/economiesuisse-neue-bereichsleiterin-aussenwirtschaft\/"},"wordCount":168,"publisher":{"@id":"https:\/\/www.organisator.ch\/#organization"},"image":{"@id":"https:\/\/www.organisator.ch\/management\/2026-02-06\/economiesuisse-neue-bereichsleiterin-aussenwirtschaft\/#primaryimage"},"thumbnailUrl":"https:\/\/www.organisator.ch\/wp-content\/uploads\/2026\/02\/Economiesuisse-Neue-Bereichsleiterin-Aussenwirtschaft_Organisator.jpg","keywords":["Aussenwirtschaft","Management","Personalia","Verb\u00e4nde"],"articleSection":["MANAGEMENT"],"inLanguage":"fr-FR"},{"@type":"WebPage","@id":"https:\/\/www.organisator.ch\/management\/2026-02-06\/economiesuisse-neue-bereichsleiterin-aussenwirtschaft\/","url":"https:\/\/www.organisator.ch\/management\/2026-02-06\/economiesuisse-neue-bereichsleiterin-aussenwirtschaft\/","name":"Economiesuisse a \u00e9t\u00e9 nomm\u00e9e : Nouvelle responsable du secteur \u00c9conomie ext\u00e9rieure - Organisateur","isPartOf":{"@id":"https:\/\/www.organisator.ch\/#website"},"primaryImageOfPage":{"@id":"https:\/\/www.organisator.ch\/management\/2026-02-06\/economiesuisse-neue-bereichsleiterin-aussenwirtschaft\/#primaryimage"},"image":{"@id":"https:\/\/www.organisator.ch\/management\/2026-02-06\/economiesuisse-neue-bereichsleiterin-aussenwirtschaft\/#primaryimage"},"thumbnailUrl":"https:\/\/www.organisator.ch\/wp-content\/uploads\/2026\/02\/Economiesuisse-Neue-Bereichsleiterin-Aussenwirtschaft_Organisator.jpg","datePublished":"2026-02-06T07:55:53+00:00","description":"Monica Rubiolo prend la direction du secteur Economie ext\u00e9rieure d'economiesuisse. Elle prendra ses fonctions d\u00e9but juin.","breadcrumb":{"@id":"https:\/\/www.organisator.ch\/management\/2026-02-06\/economiesuisse-neue-bereichsleiterin-aussenwirtschaft\/#breadcrumb"},"inLanguage":"fr-FR","potentialAction":[{"@type":"ReadAction","target":["https:\/\/www.organisator.ch\/management\/2026-02-06\/economiesuisse-neue-bereichsleiterin-aussenwirtschaft\/"]}]},{"@type":"ImageObject","inLanguage":"fr-FR","@id":"https:\/\/www.organisator.ch\/management\/2026-02-06\/economiesuisse-neue-bereichsleiterin-aussenwirtschaft\/#primaryimage","url":"https:\/\/www.organisator.ch\/wp-content\/uploads\/2026\/02\/Economiesuisse-Neue-Bereichsleiterin-Aussenwirtschaft_Organisator.jpg","contentUrl":"https:\/\/www.organisator.ch\/wp-content\/uploads\/2026\/02\/Economiesuisse-Neue-Bereichsleiterin-Aussenwirtschaft_Organisator.jpg","width":680,"height":459,"caption":"Monica Rubiolo wird neue Bereichsleiterin Aussenwirtschaft. (Bild: zVg \/ Economiesuisse)"},{"@type":"BreadcrumbList","@id":"https:\/\/www.organisator.ch\/management\/2026-02-06\/economiesuisse-neue-bereichsleiterin-aussenwirtschaft\/#breadcrumb","itemListElement":[{"@type":"ListItem","position":1,"name":"Home","item":"https:\/\/www.organisator.ch\/"},{"@type":"ListItem","position":2,"name":"Economiesuisse: Neue Bereichsleiterin Aussenwirtschaft"}]},{"@type":"WebSite","@id":"https:\/\/www.organisator.ch\/#website","url":"https:\/\/www.organisator.ch\/","name":"Organisateur","description":"Comp\u00e9tence et comp\u00e9tence. Proches de la pratique. L'ORGANISATEUR pr\u00e9pare 10 num\u00e9ros par an sur les th\u00e8mes essentiels pour les dirigeants de PME.","publisher":{"@id":"https:\/\/www.organisator.ch\/#organization"},"potentialAction":[{"@type":"SearchAction","target":{"@type":"EntryPoint","urlTemplate":"https:\/\/www.organisator.ch\/?s={search_term_string}"},"query-input":{"@type":"PropertyValueSpecification","valueRequired":true,"valueName":"search_term_string"}}],"inLanguage":"fr-FR"},{"@type":"Organization","@id":"https:\/\/www.organisator.ch\/#organization","name":"Organisateur","url":"https:\/\/www.organisator.ch\/","logo":{"@type":"ImageObject","inLanguage":"fr-FR","@id":"https:\/\/www.organisator.ch\/#\/schema\/logo\/image\/","url":"https:\/\/www.organisator.ch\/wp-content\/uploads\/2022\/01\/Logo_Organisator_Website.png","contentUrl":"https:\/\/www.organisator.ch\/wp-content\/uploads\/2022\/01\/Logo_Organisator_Website.png","width":800,"height":77,"caption":"Organisator"},"image":{"@id":"https:\/\/www.organisator.ch\/#\/schema\/logo\/image\/"},"sameAs":["https:\/\/www.facebook.com\/OrganisatorFachmagazin","https:\/\/www.linkedin.com\/showcase\/organisator-das-magazin-fr-kmu","https:\/\/www.xing.com\/news\/pages\/organisator-ch-695","https:\/\/www.youtube.com\/channel\/UCGP2Sq0iWaZwT3BdIAQFYpw"]},{"@type":"Person","@id":"https:\/\/www.organisator.ch\/#\/schema\/person\/6f650f90b2842cd4c0cc334b4e36f67e","name":"thomas.berner","image":{"@type":"ImageObject","inLanguage":"fr-FR","@id":"https:\/\/secure.gravatar.com\/avatar\/ac5001d2a36cb6c6cd3e50789007ffca834b477b74a2144564522e944eabff61?s=96&d=mm&r=g","url":"https:\/\/secure.gravatar.com\/avatar\/ac5001d2a36cb6c6cd3e50789007ffca834b477b74a2144564522e944eabff61?s=96&d=mm&r=g","contentUrl":"https:\/\/secure.gravatar.com\/avatar\/ac5001d2a36cb6c6cd3e50789007ffca834b477b74a2144564522e944eabff61?s=96&d=mm&r=g","caption":"thomas.berner"},"url":"https:\/\/www.organisator.ch\/fr\/author\/thomas-berner\/"}]}},"_links":{"self":[{"href":"https:\/\/www.organisator.ch\/fr\/wp-json\/wp\/v2\/posts\/44268","targetHints":{"allow":["GET"]}}],"collection":[{"href":"https:\/\/www.organisator.ch\/fr\/wp-json\/wp\/v2\/posts"}],"about":[{"href":"https:\/\/www.organisator.ch\/fr\/wp-json\/wp\/v2\/types\/post"}],"author":[{"embeddable":true,"href":"https:\/\/www.organisator.ch\/fr\/wp-json\/wp\/v2\/users\/4"}],"replies":[{"embeddable":true,"href":"https:\/\/www.organisator.ch\/fr\/wp-json\/wp\/v2\/comments?post=44268"}],"version-history":[{"count":3,"href":"https:\/\/www.organisator.ch\/fr\/wp-json\/wp\/v2\/posts\/44268\/revisions"}],"predecessor-version":[{"id":44366,"href":"https:\/\/www.organisator.ch\/fr\/wp-json\/wp\/v2\/posts\/44268\/revisions\/44366"}],"wp:featuredmedia":[{"embeddable":true,"href":"https:\/\/www.organisator.ch\/fr\/wp-json\/wp\/v2\/media\/44269"}],"wp:attachment":[{"href":"https:\/\/www.organisator.ch\/fr\/wp-json\/wp\/v2\/media?parent=44268"}],"wp:term":[{"taxonomy":"category","embeddable":true,"href":"https:\/\/www.organisator.ch\/fr\/wp-json\/wp\/v2\/categories?post=44268"},{"taxonomy":"post_tag","embeddable":true,"href":"https:\/\/www.organisator.ch\/fr\/wp-json\/wp\/v2\/tags?post=44268"}],"curies":[{"name":"wp","href":"https:\/\/api.w.org\/{rel}","templated":true}]}}