{"id":44319,"date":"2026-02-09T10:46:53","date_gmt":"2026-02-09T09:46:53","guid":{"rendered":"https:\/\/www.organisator.ch\/de\/?p=44319"},"modified":"2026-02-09T10:46:53","modified_gmt":"2026-02-09T09:46:53","slug":"smg-swiss-marketplace-group-setzt-auf-gemeinsame-praevention-gegen-cyberkriminalitaet","status":"publish","type":"post","link":"https:\/\/www.organisator.ch\/fr\/operational-excellence\/2026-02-09\/smg-swiss-marketplace-group-setzt-auf-gemeinsame-praevention-gegen-cyberkriminalitaet\/","title":{"rendered":"SMG Swiss Marketplace Group mise sur la pr\u00e9vention commune contre la cybercriminalit\u00e9"},"content":{"rendered":"<figure>\n<figure style=\"width: 1400px\" class=\"wp-caption alignnone\"><img loading=\"lazy\" decoding=\"async\" src=\"https:\/\/www.organisator.ch\/wp-content\/uploads\/2026\/02\/SMG20Cybersecurity20Day202026_Hassanin-scaled.jpg\" alt=\"Mostafa Hassanin au SMG Cybersecurity Day\" width=\"1400\" height=\"933\" \/><figcaption class=\"wp-caption-text\">Mostafa Hassanin (Group CISO\/CSO SMG) lors du premier SMG Cybersecurity Day. Source : zvg<\/figcaption><\/figure><br \/>\n<\/figure>\n<p>La cybercriminalit\u00e9 continue d'augmenter en Suisse et marque le quotidien num\u00e9rique de millions d'utilisateurs. Afin de discuter d'approches concr\u00e8tes contre la fraude, l'usurpation d'identit\u00e9 et le phishing, le SMG Swiss Marketplace Group a invit\u00e9 des repr\u00e9sentants des autorit\u00e9s, de la pr\u00e9vention, de l'\u00e9conomie et d'organisations sp\u00e9cialis\u00e9es au premier SMG Cybersecurity Day. L'objectif : partager les connaissances, discuter ouvertement des d\u00e9fis et d\u00e9velopper ensemble des mesures contre la cybercriminalit\u00e9.<\/p>\n<h3>La confiance, fondement des places de march\u00e9 num\u00e9riques<\/h3>\n<p>Christoph Tonini, CEO de SMG, a ouvert le bal. Il a soulign\u00e9 que la confiance est la base des places de march\u00e9 num\u00e9riques et que la s\u00e9curit\u00e9 doit \u00eatre renforc\u00e9e en permanence. La cybers\u00e9curit\u00e9 est en m\u00eame temps une condition pr\u00e9alable \u00e0 l'innovation, car elle cr\u00e9e la base permettant de mettre en \u0153uvre de nouvelles solutions de mani\u00e8re responsable et durable.<\/p>\n<h3>Effet protecteur au lieu d'investissements \u00e9lev\u00e9s<\/h3>\n<p>L'\u00e9quipe S\u00e9curit\u00e9, S\u00e9curit\u00e9 et Confiance du groupe SMG a donn\u00e9 un aper\u00e7u de l'interaction entre la technologie, les processus et la pr\u00e9vention dans la protection des places de march\u00e9 en ligne. Mostafa Hassanin, Group CISO\/CSO, a clairement indiqu\u00e9 que la cybers\u00e9curit\u00e9 est l'affaire du chef. Ce qui compte, ce n'est pas le montant des investissements, mais un effet de protection maximal, bas\u00e9 sur les risques et clairement prioris\u00e9 aux bons endroits. Quel que soit le montant des investissements, il n'y a pas d'\u00e9tat final. Les attaquants \u00e9voluent constamment et il faut s'am\u00e9liorer en permanence.<\/p>\n<p>Le double r\u00f4le de l'intelligence artificielle a \u00e9galement \u00e9t\u00e9 abord\u00e9. Les attaques deviennent plus \u00e9volutives ; en m\u00eame temps, l'IA peut soulager les \u00e9quipes de s\u00e9curit\u00e9 et soutenir la d\u00e9tection, \u00e0 condition qu'elle soit int\u00e9gr\u00e9e de mani\u00e8re responsable dans les processus. Dans une deuxi\u00e8me contribution, l'accent a \u00e9t\u00e9 mis sur l'identit\u00e9 num\u00e9rique. Des exemples ont montr\u00e9 comment les identit\u00e9s et les acc\u00e8s sur les plateformes de SMG sont prot\u00e9g\u00e9s contre le phishing et en fonction du contexte, afin de r\u00e9duire les prises de contr\u00f4le de comptes et les tentatives de fraude - par exemple par des connexions et des inscriptions sans mot de passe.<\/p>\n<h3>La cybers\u00e9curit\u00e9, une mission pour l'ensemble de la soci\u00e9t\u00e9<\/h3>\n<figure>\n<figure style=\"width: 1200px\" class=\"wp-caption alignnone\"><img loading=\"lazy\" decoding=\"async\" src=\"https:\/\/www.organisator.ch\/wp-content\/uploads\/2026\/02\/SMG20Cybersecurity20DaFlorian20SchuCC88tz.jpg\" alt=\"Florian Sch\u00fctz au SMG Cybersecurity Day\" width=\"1200\" height=\"900\" \/><figcaption class=\"wp-caption-text\">Florian Sch\u00fctz, directeur de l'Office f\u00e9d\u00e9ral de la cybers\u00e9curit\u00e9 (OFCOM), a class\u00e9 la cybers\u00e9curit\u00e9 parmi les t\u00e2ches de la soci\u00e9t\u00e9 dans son ensemble. Source : zvg<\/figcaption><\/figure><br \/>\n<\/figure>\n<p>Florian Sch\u00fctz, directeur de l'Office f\u00e9d\u00e9ral de la cybers\u00e9curit\u00e9 (BACS), a donn\u00e9 un aper\u00e7u de la situation actuelle en mati\u00e8re de menaces. Il a consid\u00e9r\u00e9 la cybers\u00e9curit\u00e9 comme une mission de la soci\u00e9t\u00e9 dans son ensemble. Avec la num\u00e9risation croissante, la criminalit\u00e9 se d\u00e9place \u00e9galement dans l'espace num\u00e9rique. Les attaques, la d\u00e9pendance vis-\u00e0-vis des infrastructures et l'augmentation des co\u00fbts de s\u00e9curit\u00e9 ne concernent pas seulement les organisations individuelles, mais la capacit\u00e9 de r\u00e9sistance de l'\u00e9conomie et de la soci\u00e9t\u00e9 dans son ensemble. La coop\u00e9ration entre l'\u00c9tat, l'\u00e9conomie et les institutions locales est donc d'autant plus importante. M. Sch\u00fctz a \u00e9galement cit\u00e9 les investissements dans la s\u00e9curit\u00e9 des produits et les normes minimales \u00e9lev\u00e9es comme autres leviers.<\/p>\n<h3>La pr\u00e9vention doit commencer plus t\u00f4t<\/h3>\n<p>Lors de la table ronde qui a suivi, Florian Sch\u00fctz, Fabian Ilg (directeur de la Pr\u00e9vention Suisse de la Criminalit\u00e9), Mostafa Hassanin et Jessica List (Chief Corporate Officer SMG) ont discut\u00e9 des questions centrales li\u00e9es \u00e0 la cybers\u00e9curit\u00e9 et des r\u00f4les que peuvent jouer l'\u00e9conomie, les autorit\u00e9s, les acteurs de la pr\u00e9vention et les m\u00e9dias. Un d\u00e9nominateur commun a \u00e9t\u00e9 trouv\u00e9 : La r\u00e9action seule ne suffit pas - la pr\u00e9vention doit commencer plus t\u00f4t. Parall\u00e8lement, les poursuites judiciaires et la gestion professionnelle des incidents restent d\u00e9cisives.<\/p>\n<p>L'accent a \u00e9galement \u00e9t\u00e9 mis sur l'information et la compr\u00e9hension : les cyberattaques ne sont souvent pas couronn\u00e9es de succ\u00e8s parce qu'elles sont particuli\u00e8rement complexes sur le plan technique, mais parce que les risques, renforc\u00e9s par des m\u00e9thodes d'ing\u00e9nierie sociale bas\u00e9es sur l'IA, sont mal \u00e9valu\u00e9s dans le quotidien num\u00e9rique. Les m\u00e9dias ont \u00e9t\u00e9 cit\u00e9s comme un multiplicateur important pour la classification, les conseils de protection utilisables au quotidien et les avis d'experts fiables. Parall\u00e8lement, il est apparu clairement que la cybers\u00e9curit\u00e9 exige un travail continu. La protection des plateformes num\u00e9riques est un processus continu et n\u00e9cessite un \u00e9quilibre entre l'exp\u00e9rience utilisateur, la protection des donn\u00e9es et les mesures de s\u00e9curit\u00e9.<\/p>\n<p>Mostafa Hassanin r\u00e9sume : \u00abLa cybercriminalit\u00e9 est un mod\u00e8le commercial lucratif tant que le rendement est \u00e9lev\u00e9 et le risque faible. La pr\u00e9vention est donc cruciale. Nous devons d\u00e9tecter les attaques plus t\u00f4t, rendre la mon\u00e9tisation plus difficile et sensibiliser les gens de mani\u00e8re \u00e0 ce qu'ils reconnaissent plus rapidement les signaux d'alerte et r\u00e9agissent correctement. C'est exactement ce \u00e0 quoi nous travaillons tous les jours \u00e0 la SMG\u00bb.\u00bb<\/p>\n<p>La SMG continue de d\u00e9velopper les m\u00e9canismes de protection sur ses places de march\u00e9 en ligne en am\u00e9liorant la technique, les processus et l'information. Parall\u00e8lement, la collaboration avec les autorit\u00e9s et les partenaires de pr\u00e9vention doit \u00eatre approfondie afin d'endiguer encore plus efficacement les cyberrisques.<\/p>\n<p><em>Source : <a href=\"https:\/\/swissmarketplace.group\/de\/\">SMG<\/a><\/em><\/p>","protected":false},"excerpt":{"rendered":"<p>Le SMG Swiss Marketplace Group a organis\u00e9 le premier Cybersecurity Day et a r\u00e9uni des repr\u00e9sentants des autorit\u00e9s, de l'\u00e9conomie et de la pr\u00e9vention. L'accent a \u00e9t\u00e9 mis sur des approches concr\u00e8tes contre la fraude, l'usurpation d'identit\u00e9 et le phishing. Il est apparu clairement que la cybers\u00e9curit\u00e9 est l'affaire du chef et que la pr\u00e9vention doit commencer plus t\u00f4t.<\/p>","protected":false},"author":107,"featured_media":44318,"comment_status":"closed","ping_status":"closed","sticky":false,"template":"","format":"standard","meta":{"_acf_changed":false,"_yoast_wpseo_focuskw":"Cyberkriminalit\u00e4t","_yoast_wpseo_metadesc":"Die SMG lud zum ersten Cybersecurity Day. Experten aus Beh\u00f6rden und Wirtschaft diskutierten \u00fcber Pr\u00e4vention gegen Cyberkriminalit\u00e4t.","articlekey":"","footnotes":""},"categories":[582],"tags":[608,156,193,335],"class_list":["post-44319","post","type-post","status-publish","format-standard","has-post-thumbnail","hentry","category-operational-excellence","tag-cybersicherheit","tag-digitalisierung","tag-fachkongressfachmesse","tag-management-und-unternehmensfuehrung"],"acf":[],"yoast_head":"<!-- This site is optimized with the Yoast SEO plugin v27.5 - https:\/\/yoast.com\/product\/yoast-seo-wordpress\/ -->\n<title>SMG Swiss Marketplace Group setzt auf gemeinsame Pr\u00e4vention gegen Cyberkriminalit\u00e4t - Organisator<\/title>\n<meta name=\"description\" content=\"Die SMG lud zum ersten Cybersecurity Day. Experten aus Beh\u00f6rden und Wirtschaft diskutierten \u00fcber Pr\u00e4vention gegen Cyberkriminalit\u00e4t.\" \/>\n<meta name=\"robots\" content=\"index, follow, max-snippet:-1, max-image-preview:large, max-video-preview:-1\" \/>\n<link rel=\"canonical\" href=\"https:\/\/www.organisator.ch\/fr\/excellence-operationnelle\/2026-02-09\/smg-swiss-marketplace-group-setzt-auf-gemeinsame-praevention-gegen-cyberkriminalitaet\/\" \/>\n<meta property=\"og:locale\" content=\"fr_FR\" \/>\n<meta property=\"og:type\" content=\"article\" \/>\n<meta property=\"og:title\" content=\"SMG Swiss Marketplace Group setzt auf gemeinsame Pr\u00e4vention gegen Cyberkriminalit\u00e4t\" \/>\n<meta property=\"og:description\" content=\"Die SMG lud zum ersten Cybersecurity Day. Experten aus Beh\u00f6rden und Wirtschaft diskutierten \u00fcber Pr\u00e4vention gegen Cyberkriminalit\u00e4t.\" \/>\n<meta property=\"og:url\" content=\"https:\/\/www.organisator.ch\/fr\/excellence-operationnelle\/2026-02-09\/smg-swiss-marketplace-group-setzt-auf-gemeinsame-praevention-gegen-cyberkriminalitaet\/\" \/>\n<meta property=\"og:site_name\" content=\"Organisator\" \/>\n<meta property=\"article:publisher\" content=\"https:\/\/www.facebook.com\/OrganisatorFachmagazin\" \/>\n<meta property=\"article:published_time\" content=\"2026-02-09T09:46:53+00:00\" \/>\n<meta property=\"og:image\" content=\"https:\/\/www.organisator.ch\/wp-content\/uploads\/2026\/02\/SMG20Cybersecurity20Day202026_Hassanin-scaled.jpg\" \/>\n\t<meta property=\"og:image:width\" content=\"1400\" \/>\n\t<meta property=\"og:image:height\" content=\"933\" \/>\n\t<meta property=\"og:image:type\" content=\"image\/jpeg\" \/>\n<meta name=\"author\" content=\"n8n\" \/>\n<meta name=\"twitter:card\" content=\"summary_large_image\" \/>\n<meta name=\"twitter:title\" content=\"#SMG Swiss Marketplace Group setzt auf gemeinsame #Pr\u00e4vention gegen #Cyberkriminalit\u00e4t\" \/>\n<meta name=\"twitter:description\" content=\"Die SMG lud zum ersten Cybersecurity Day. Experten aus Beh\u00f6rden und Wirtschaft diskutierten \u00fcber Pr\u00e4vention gegen Cyberkriminalit\u00e4t.\" \/>\n<meta name=\"twitter:image\" content=\"https:\/\/www.organisator.ch\/wp-content\/uploads\/2026\/02\/SMG20Cybersecurity20Day202026_Hassanin-scaled.jpg\" \/>\n<script type=\"application\/ld+json\" class=\"yoast-schema-graph\">{\"@context\":\"https:\\\/\\\/schema.org\",\"@graph\":[{\"@type\":\"Article\",\"@id\":\"https:\\\/\\\/www.organisator.ch\\\/operational-excellence\\\/2026-02-09\\\/smg-swiss-marketplace-group-setzt-auf-gemeinsame-praevention-gegen-cyberkriminalitaet\\\/#article\",\"isPartOf\":{\"@id\":\"https:\\\/\\\/www.organisator.ch\\\/operational-excellence\\\/2026-02-09\\\/smg-swiss-marketplace-group-setzt-auf-gemeinsame-praevention-gegen-cyberkriminalitaet\\\/\"},\"author\":{\"name\":\"n8n\",\"@id\":\"https:\\\/\\\/www.organisator.ch\\\/#\\\/schema\\\/person\\\/a9d0e0eff238db87a8f840f3b50359f0\"},\"headline\":\"SMG Swiss Marketplace Group setzt auf gemeinsame Pr\u00e4vention gegen Cyberkriminalit\u00e4t\",\"datePublished\":\"2026-02-09T09:46:53+00:00\",\"mainEntityOfPage\":{\"@id\":\"https:\\\/\\\/www.organisator.ch\\\/operational-excellence\\\/2026-02-09\\\/smg-swiss-marketplace-group-setzt-auf-gemeinsame-praevention-gegen-cyberkriminalitaet\\\/\"},\"wordCount\":670,\"publisher\":{\"@id\":\"https:\\\/\\\/www.organisator.ch\\\/#organization\"},\"image\":{\"@id\":\"https:\\\/\\\/www.organisator.ch\\\/operational-excellence\\\/2026-02-09\\\/smg-swiss-marketplace-group-setzt-auf-gemeinsame-praevention-gegen-cyberkriminalitaet\\\/#primaryimage\"},\"thumbnailUrl\":\"https:\\\/\\\/www.organisator.ch\\\/wp-content\\\/uploads\\\/2026\\\/02\\\/SMG20Cybersecurity20Day202026_Hassanin-scaled.jpg\",\"keywords\":[\"Cybersicherheit\",\"Digitalisierung\",\"Fachkongress\\\/Fachmesse\",\"Management und Unternehmensf\u00fchrung\"],\"articleSection\":[\"OPERATIONAL EXCELLENCE\"],\"inLanguage\":\"fr-FR\"},{\"@type\":\"WebPage\",\"@id\":\"https:\\\/\\\/www.organisator.ch\\\/operational-excellence\\\/2026-02-09\\\/smg-swiss-marketplace-group-setzt-auf-gemeinsame-praevention-gegen-cyberkriminalitaet\\\/\",\"url\":\"https:\\\/\\\/www.organisator.ch\\\/operational-excellence\\\/2026-02-09\\\/smg-swiss-marketplace-group-setzt-auf-gemeinsame-praevention-gegen-cyberkriminalitaet\\\/\",\"name\":\"SMG Swiss Marketplace Group setzt auf gemeinsame Pr\u00e4vention gegen Cyberkriminalit\u00e4t - Organisator\",\"isPartOf\":{\"@id\":\"https:\\\/\\\/www.organisator.ch\\\/#website\"},\"primaryImageOfPage\":{\"@id\":\"https:\\\/\\\/www.organisator.ch\\\/operational-excellence\\\/2026-02-09\\\/smg-swiss-marketplace-group-setzt-auf-gemeinsame-praevention-gegen-cyberkriminalitaet\\\/#primaryimage\"},\"image\":{\"@id\":\"https:\\\/\\\/www.organisator.ch\\\/operational-excellence\\\/2026-02-09\\\/smg-swiss-marketplace-group-setzt-auf-gemeinsame-praevention-gegen-cyberkriminalitaet\\\/#primaryimage\"},\"thumbnailUrl\":\"https:\\\/\\\/www.organisator.ch\\\/wp-content\\\/uploads\\\/2026\\\/02\\\/SMG20Cybersecurity20Day202026_Hassanin-scaled.jpg\",\"datePublished\":\"2026-02-09T09:46:53+00:00\",\"description\":\"Die SMG lud zum ersten Cybersecurity Day. Experten aus Beh\u00f6rden und Wirtschaft diskutierten \u00fcber Pr\u00e4vention gegen Cyberkriminalit\u00e4t.\",\"breadcrumb\":{\"@id\":\"https:\\\/\\\/www.organisator.ch\\\/operational-excellence\\\/2026-02-09\\\/smg-swiss-marketplace-group-setzt-auf-gemeinsame-praevention-gegen-cyberkriminalitaet\\\/#breadcrumb\"},\"inLanguage\":\"fr-FR\",\"potentialAction\":[{\"@type\":\"ReadAction\",\"target\":[\"https:\\\/\\\/www.organisator.ch\\\/operational-excellence\\\/2026-02-09\\\/smg-swiss-marketplace-group-setzt-auf-gemeinsame-praevention-gegen-cyberkriminalitaet\\\/\"]}]},{\"@type\":\"ImageObject\",\"inLanguage\":\"fr-FR\",\"@id\":\"https:\\\/\\\/www.organisator.ch\\\/operational-excellence\\\/2026-02-09\\\/smg-swiss-marketplace-group-setzt-auf-gemeinsame-praevention-gegen-cyberkriminalitaet\\\/#primaryimage\",\"url\":\"https:\\\/\\\/www.organisator.ch\\\/wp-content\\\/uploads\\\/2026\\\/02\\\/SMG20Cybersecurity20Day202026_Hassanin-scaled.jpg\",\"contentUrl\":\"https:\\\/\\\/www.organisator.ch\\\/wp-content\\\/uploads\\\/2026\\\/02\\\/SMG20Cybersecurity20Day202026_Hassanin-scaled.jpg\",\"width\":1400,\"height\":933},{\"@type\":\"BreadcrumbList\",\"@id\":\"https:\\\/\\\/www.organisator.ch\\\/operational-excellence\\\/2026-02-09\\\/smg-swiss-marketplace-group-setzt-auf-gemeinsame-praevention-gegen-cyberkriminalitaet\\\/#breadcrumb\",\"itemListElement\":[{\"@type\":\"ListItem\",\"position\":1,\"name\":\"Home\",\"item\":\"https:\\\/\\\/www.organisator.ch\\\/\"},{\"@type\":\"ListItem\",\"position\":2,\"name\":\"SMG Swiss Marketplace Group setzt auf gemeinsame Pr\u00e4vention gegen Cyberkriminalit\u00e4t\"}]},{\"@type\":\"WebSite\",\"@id\":\"https:\\\/\\\/www.organisator.ch\\\/#website\",\"url\":\"https:\\\/\\\/www.organisator.ch\\\/\",\"name\":\"Organisator\",\"description\":\"Kompetent. Praxisnah. Der ORGANISATOR bereitet in 10 Ausgaben pro Jahr die wesentlichen Themen f\u00fcr F\u00fchrungskr\u00e4fte von KMU auf.\",\"publisher\":{\"@id\":\"https:\\\/\\\/www.organisator.ch\\\/#organization\"},\"potentialAction\":[{\"@type\":\"SearchAction\",\"target\":{\"@type\":\"EntryPoint\",\"urlTemplate\":\"https:\\\/\\\/www.organisator.ch\\\/?s={search_term_string}\"},\"query-input\":{\"@type\":\"PropertyValueSpecification\",\"valueRequired\":true,\"valueName\":\"search_term_string\"}}],\"inLanguage\":\"fr-FR\"},{\"@type\":\"Organization\",\"@id\":\"https:\\\/\\\/www.organisator.ch\\\/#organization\",\"name\":\"Organisator\",\"url\":\"https:\\\/\\\/www.organisator.ch\\\/\",\"logo\":{\"@type\":\"ImageObject\",\"inLanguage\":\"fr-FR\",\"@id\":\"https:\\\/\\\/www.organisator.ch\\\/#\\\/schema\\\/logo\\\/image\\\/\",\"url\":\"https:\\\/\\\/www.organisator.ch\\\/wp-content\\\/uploads\\\/2022\\\/01\\\/Logo_Organisator_Website.png\",\"contentUrl\":\"https:\\\/\\\/www.organisator.ch\\\/wp-content\\\/uploads\\\/2022\\\/01\\\/Logo_Organisator_Website.png\",\"width\":800,\"height\":77,\"caption\":\"Organisator\"},\"image\":{\"@id\":\"https:\\\/\\\/www.organisator.ch\\\/#\\\/schema\\\/logo\\\/image\\\/\"},\"sameAs\":[\"https:\\\/\\\/www.facebook.com\\\/OrganisatorFachmagazin\",\"https:\\\/\\\/www.linkedin.com\\\/showcase\\\/organisator-das-magazin-fr-kmu\",\"https:\\\/\\\/www.xing.com\\\/news\\\/pages\\\/organisator-ch-695\",\"https:\\\/\\\/www.youtube.com\\\/channel\\\/UCGP2Sq0iWaZwT3BdIAQFYpw\"]},{\"@type\":\"Person\",\"@id\":\"https:\\\/\\\/www.organisator.ch\\\/#\\\/schema\\\/person\\\/a9d0e0eff238db87a8f840f3b50359f0\",\"name\":\"n8n\",\"image\":{\"@type\":\"ImageObject\",\"inLanguage\":\"fr-FR\",\"@id\":\"https:\\\/\\\/secure.gravatar.com\\\/avatar\\\/5368fb9d03fd415a6f335cece4c15af2502d6ca8651efbd6e8f98427a9795400?s=96&d=mm&r=g\",\"url\":\"https:\\\/\\\/secure.gravatar.com\\\/avatar\\\/5368fb9d03fd415a6f335cece4c15af2502d6ca8651efbd6e8f98427a9795400?s=96&d=mm&r=g\",\"contentUrl\":\"https:\\\/\\\/secure.gravatar.com\\\/avatar\\\/5368fb9d03fd415a6f335cece4c15af2502d6ca8651efbd6e8f98427a9795400?s=96&d=mm&r=g\",\"caption\":\"n8n\"},\"url\":\"https:\\\/\\\/www.organisator.ch\\\/fr\\\/author\\\/n8n\\\/\"}]}<\/script>\n<!-- \/ Yoast SEO plugin. -->","yoast_head_json":{"title":"SMG Swiss Marketplace Group mise sur la pr\u00e9vention commune contre la cybercriminalit\u00e9 - Organisateur","description":"La SMG a invit\u00e9 \u00e0 la premi\u00e8re journ\u00e9e de la cybers\u00e9curit\u00e9. Des experts des autorit\u00e9s et de l'\u00e9conomie ont discut\u00e9 de la pr\u00e9vention contre la cybercriminalit\u00e9.","robots":{"index":"index","follow":"follow","max-snippet":"max-snippet:-1","max-image-preview":"max-image-preview:large","max-video-preview":"max-video-preview:-1"},"canonical":"https:\/\/www.organisator.ch\/fr\/excellence-operationnelle\/2026-02-09\/smg-swiss-marketplace-group-setzt-auf-gemeinsame-praevention-gegen-cyberkriminalitaet\/","og_locale":"fr_FR","og_type":"article","og_title":"SMG Swiss Marketplace Group setzt auf gemeinsame Pr\u00e4vention gegen Cyberkriminalit\u00e4t","og_description":"Die SMG lud zum ersten Cybersecurity Day. Experten aus Beh\u00f6rden und Wirtschaft diskutierten \u00fcber Pr\u00e4vention gegen Cyberkriminalit\u00e4t.","og_url":"https:\/\/www.organisator.ch\/fr\/excellence-operationnelle\/2026-02-09\/smg-swiss-marketplace-group-setzt-auf-gemeinsame-praevention-gegen-cyberkriminalitaet\/","og_site_name":"Organisator","article_publisher":"https:\/\/www.facebook.com\/OrganisatorFachmagazin","article_published_time":"2026-02-09T09:46:53+00:00","og_image":[{"width":1400,"height":933,"url":"https:\/\/www.organisator.ch\/wp-content\/uploads\/2026\/02\/SMG20Cybersecurity20Day202026_Hassanin-scaled.jpg","type":"image\/jpeg"}],"author":"n8n","twitter_card":"summary_large_image","twitter_title":"#SMG Swiss Marketplace Group setzt auf gemeinsame #Pr\u00e4vention gegen #Cyberkriminalit\u00e4t","twitter_description":"Die SMG lud zum ersten Cybersecurity Day. Experten aus Beh\u00f6rden und Wirtschaft diskutierten \u00fcber Pr\u00e4vention gegen Cyberkriminalit\u00e4t.","twitter_image":"https:\/\/www.organisator.ch\/wp-content\/uploads\/2026\/02\/SMG20Cybersecurity20Day202026_Hassanin-scaled.jpg","schema":{"@context":"https:\/\/schema.org","@graph":[{"@type":"Article","@id":"https:\/\/www.organisator.ch\/operational-excellence\/2026-02-09\/smg-swiss-marketplace-group-setzt-auf-gemeinsame-praevention-gegen-cyberkriminalitaet\/#article","isPartOf":{"@id":"https:\/\/www.organisator.ch\/operational-excellence\/2026-02-09\/smg-swiss-marketplace-group-setzt-auf-gemeinsame-praevention-gegen-cyberkriminalitaet\/"},"author":{"name":"n8n","@id":"https:\/\/www.organisator.ch\/#\/schema\/person\/a9d0e0eff238db87a8f840f3b50359f0"},"headline":"SMG Swiss Marketplace Group setzt auf gemeinsame Pr\u00e4vention gegen Cyberkriminalit\u00e4t","datePublished":"2026-02-09T09:46:53+00:00","mainEntityOfPage":{"@id":"https:\/\/www.organisator.ch\/operational-excellence\/2026-02-09\/smg-swiss-marketplace-group-setzt-auf-gemeinsame-praevention-gegen-cyberkriminalitaet\/"},"wordCount":670,"publisher":{"@id":"https:\/\/www.organisator.ch\/#organization"},"image":{"@id":"https:\/\/www.organisator.ch\/operational-excellence\/2026-02-09\/smg-swiss-marketplace-group-setzt-auf-gemeinsame-praevention-gegen-cyberkriminalitaet\/#primaryimage"},"thumbnailUrl":"https:\/\/www.organisator.ch\/wp-content\/uploads\/2026\/02\/SMG20Cybersecurity20Day202026_Hassanin-scaled.jpg","keywords":["Cybersicherheit","Digitalisierung","Fachkongress\/Fachmesse","Management und Unternehmensf\u00fchrung"],"articleSection":["OPERATIONAL EXCELLENCE"],"inLanguage":"fr-FR"},{"@type":"WebPage","@id":"https:\/\/www.organisator.ch\/operational-excellence\/2026-02-09\/smg-swiss-marketplace-group-setzt-auf-gemeinsame-praevention-gegen-cyberkriminalitaet\/","url":"https:\/\/www.organisator.ch\/operational-excellence\/2026-02-09\/smg-swiss-marketplace-group-setzt-auf-gemeinsame-praevention-gegen-cyberkriminalitaet\/","name":"SMG Swiss Marketplace Group mise sur la pr\u00e9vention commune contre la cybercriminalit\u00e9 - Organisateur","isPartOf":{"@id":"https:\/\/www.organisator.ch\/#website"},"primaryImageOfPage":{"@id":"https:\/\/www.organisator.ch\/operational-excellence\/2026-02-09\/smg-swiss-marketplace-group-setzt-auf-gemeinsame-praevention-gegen-cyberkriminalitaet\/#primaryimage"},"image":{"@id":"https:\/\/www.organisator.ch\/operational-excellence\/2026-02-09\/smg-swiss-marketplace-group-setzt-auf-gemeinsame-praevention-gegen-cyberkriminalitaet\/#primaryimage"},"thumbnailUrl":"https:\/\/www.organisator.ch\/wp-content\/uploads\/2026\/02\/SMG20Cybersecurity20Day202026_Hassanin-scaled.jpg","datePublished":"2026-02-09T09:46:53+00:00","description":"La SMG a invit\u00e9 \u00e0 la premi\u00e8re journ\u00e9e de la cybers\u00e9curit\u00e9. Des experts des autorit\u00e9s et de l'\u00e9conomie ont discut\u00e9 de la pr\u00e9vention contre la cybercriminalit\u00e9.","breadcrumb":{"@id":"https:\/\/www.organisator.ch\/operational-excellence\/2026-02-09\/smg-swiss-marketplace-group-setzt-auf-gemeinsame-praevention-gegen-cyberkriminalitaet\/#breadcrumb"},"inLanguage":"fr-FR","potentialAction":[{"@type":"ReadAction","target":["https:\/\/www.organisator.ch\/operational-excellence\/2026-02-09\/smg-swiss-marketplace-group-setzt-auf-gemeinsame-praevention-gegen-cyberkriminalitaet\/"]}]},{"@type":"ImageObject","inLanguage":"fr-FR","@id":"https:\/\/www.organisator.ch\/operational-excellence\/2026-02-09\/smg-swiss-marketplace-group-setzt-auf-gemeinsame-praevention-gegen-cyberkriminalitaet\/#primaryimage","url":"https:\/\/www.organisator.ch\/wp-content\/uploads\/2026\/02\/SMG20Cybersecurity20Day202026_Hassanin-scaled.jpg","contentUrl":"https:\/\/www.organisator.ch\/wp-content\/uploads\/2026\/02\/SMG20Cybersecurity20Day202026_Hassanin-scaled.jpg","width":1400,"height":933},{"@type":"BreadcrumbList","@id":"https:\/\/www.organisator.ch\/operational-excellence\/2026-02-09\/smg-swiss-marketplace-group-setzt-auf-gemeinsame-praevention-gegen-cyberkriminalitaet\/#breadcrumb","itemListElement":[{"@type":"ListItem","position":1,"name":"Home","item":"https:\/\/www.organisator.ch\/"},{"@type":"ListItem","position":2,"name":"SMG Swiss Marketplace Group setzt auf gemeinsame Pr\u00e4vention gegen Cyberkriminalit\u00e4t"}]},{"@type":"WebSite","@id":"https:\/\/www.organisator.ch\/#website","url":"https:\/\/www.organisator.ch\/","name":"Organisateur","description":"Comp\u00e9tence et comp\u00e9tence. Proches de la pratique. L'ORGANISATEUR pr\u00e9pare 10 num\u00e9ros par an sur les th\u00e8mes essentiels pour les dirigeants de PME.","publisher":{"@id":"https:\/\/www.organisator.ch\/#organization"},"potentialAction":[{"@type":"SearchAction","target":{"@type":"EntryPoint","urlTemplate":"https:\/\/www.organisator.ch\/?s={search_term_string}"},"query-input":{"@type":"PropertyValueSpecification","valueRequired":true,"valueName":"search_term_string"}}],"inLanguage":"fr-FR"},{"@type":"Organization","@id":"https:\/\/www.organisator.ch\/#organization","name":"Organisateur","url":"https:\/\/www.organisator.ch\/","logo":{"@type":"ImageObject","inLanguage":"fr-FR","@id":"https:\/\/www.organisator.ch\/#\/schema\/logo\/image\/","url":"https:\/\/www.organisator.ch\/wp-content\/uploads\/2022\/01\/Logo_Organisator_Website.png","contentUrl":"https:\/\/www.organisator.ch\/wp-content\/uploads\/2022\/01\/Logo_Organisator_Website.png","width":800,"height":77,"caption":"Organisator"},"image":{"@id":"https:\/\/www.organisator.ch\/#\/schema\/logo\/image\/"},"sameAs":["https:\/\/www.facebook.com\/OrganisatorFachmagazin","https:\/\/www.linkedin.com\/showcase\/organisator-das-magazin-fr-kmu","https:\/\/www.xing.com\/news\/pages\/organisator-ch-695","https:\/\/www.youtube.com\/channel\/UCGP2Sq0iWaZwT3BdIAQFYpw"]},{"@type":"Person","@id":"https:\/\/www.organisator.ch\/#\/schema\/person\/a9d0e0eff238db87a8f840f3b50359f0","name":"n8n","image":{"@type":"ImageObject","inLanguage":"fr-FR","@id":"https:\/\/secure.gravatar.com\/avatar\/5368fb9d03fd415a6f335cece4c15af2502d6ca8651efbd6e8f98427a9795400?s=96&d=mm&r=g","url":"https:\/\/secure.gravatar.com\/avatar\/5368fb9d03fd415a6f335cece4c15af2502d6ca8651efbd6e8f98427a9795400?s=96&d=mm&r=g","contentUrl":"https:\/\/secure.gravatar.com\/avatar\/5368fb9d03fd415a6f335cece4c15af2502d6ca8651efbd6e8f98427a9795400?s=96&d=mm&r=g","caption":"n8n"},"url":"https:\/\/www.organisator.ch\/fr\/author\/n8n\/"}]}},"_links":{"self":[{"href":"https:\/\/www.organisator.ch\/fr\/wp-json\/wp\/v2\/posts\/44319","targetHints":{"allow":["GET"]}}],"collection":[{"href":"https:\/\/www.organisator.ch\/fr\/wp-json\/wp\/v2\/posts"}],"about":[{"href":"https:\/\/www.organisator.ch\/fr\/wp-json\/wp\/v2\/types\/post"}],"author":[{"embeddable":true,"href":"https:\/\/www.organisator.ch\/fr\/wp-json\/wp\/v2\/users\/107"}],"replies":[{"embeddable":true,"href":"https:\/\/www.organisator.ch\/fr\/wp-json\/wp\/v2\/comments?post=44319"}],"version-history":[{"count":4,"href":"https:\/\/www.organisator.ch\/fr\/wp-json\/wp\/v2\/posts\/44319\/revisions"}],"predecessor-version":[{"id":44422,"href":"https:\/\/www.organisator.ch\/fr\/wp-json\/wp\/v2\/posts\/44319\/revisions\/44422"}],"wp:featuredmedia":[{"embeddable":true,"href":"https:\/\/www.organisator.ch\/fr\/wp-json\/wp\/v2\/media\/44318"}],"wp:attachment":[{"href":"https:\/\/www.organisator.ch\/fr\/wp-json\/wp\/v2\/media?parent=44319"}],"wp:term":[{"taxonomy":"category","embeddable":true,"href":"https:\/\/www.organisator.ch\/fr\/wp-json\/wp\/v2\/categories?post=44319"},{"taxonomy":"post_tag","embeddable":true,"href":"https:\/\/www.organisator.ch\/fr\/wp-json\/wp\/v2\/tags?post=44319"}],"curies":[{"name":"wp","href":"https:\/\/api.w.org\/{rel}","templated":true}]}}