{"id":44325,"date":"2026-02-09T10:54:34","date_gmt":"2026-02-09T09:54:34","guid":{"rendered":"https:\/\/www.markt-kom.com\/de\/?p=250641"},"modified":"2026-02-09T13:17:51","modified_gmt":"2026-02-09T12:17:51","slug":"feldschloesschen-feiert-150-jahre-mit-festakt","status":"publish","type":"post","link":"https:\/\/www.organisator.ch\/fr\/marketing\/2026-02-09\/feldschloesschen-feiert-150-jahre-mit-festakt\/","title":{"rendered":"Feldschl\u00f6sschen f\u00eate ses 150 ans avec une c\u00e9r\u00e9monie officielle"},"content":{"rendered":"<figure><img src=\"https:\/\/www.markt-kom.com\/wp-content\/uploads\/2026\/02\/98_639061647018218748-scaled.jpeg\" alt=\"Cheveux, foule, \u00e9v\u00e9nement\" \/>\r\n<figcaption>Environ 250 invit\u00e9s ont f\u00eat\u00e9 le 150e anniversaire de Feldschl\u00f6sschen. Source : zvg<\/figcaption>\r\n<\/figure>\r\n<p>Le dimanche 8 f\u00e9vrier 2026, Feldschl\u00f6sschen a c\u00e9l\u00e9br\u00e9 ses 150 ans d'existence lors d'une c\u00e9r\u00e9monie festive. Au c\u0153ur de la brasserie de Rheinfelden, quelque 250 invit\u00e9s se sont r\u00e9unis pour c\u00e9l\u00e9brer l'anniversaire de cette entreprise de tradition. Parmi les personnes pr\u00e9sentes se trouvait le conseiller f\u00e9d\u00e9ral Albert R\u00f6sti, qui a r\u00e9pondu \u00e0 l'invitation de la brasserie.<\/p>\r\n<p>La c\u00e9r\u00e9monie \u00e9tait plac\u00e9e sous le signe de la coh\u00e9sion et de la convivialit\u00e9. Dans un cadre d\u00e9contract\u00e9, les invit\u00e9s ont trinqu\u00e9 \u00e0 l'avenir commun et ont rendu hommage aux 150 ans d'histoire de la brasserie, qui cultive la tradition brassicole suisse depuis 1876.<\/p>\r\n<figure><img src=\"https:\/\/www.markt-kom.com\/wp-content\/uploads\/2026\/02\/17_638015414625260026.jpg\" alt=\"17_638015414625260026\" \/>\r\n<figcaption>Les festivit\u00e9s ont eu lieu au c\u0153ur de la brasserie de Rheinfelden. Source : zvg<\/figcaption>\r\n<\/figure>\r\n<p>Avec ce jubil\u00e9, Feldschl\u00f6sschen souligne son importance de longue date pour le secteur suisse des boissons et envisage l'avenir avec optimisme. La brasserie de Rheinfelden fait partie des marques les plus connues du pays et allie tradition et innovation.<\/p>","protected":false},"excerpt":{"rendered":"<p>La brasserie traditionnelle Feldschl\u00f6sschen a f\u00eat\u00e9 ses 150 ans d'existence lors d'une c\u00e9r\u00e9monie \u00e0 Rheinfelden. Quelque 250 invit\u00e9s, dont le conseiller f\u00e9d\u00e9ral Albert R\u00f6sti, ont rendu hommage \u00e0 cet anniversaire le 8 f\u00e9vrier 2026 et ont port\u00e9 un toast \u00e0 l'avenir commun.<\/p>","protected":false},"author":107,"featured_media":0,"comment_status":"closed","ping_status":"closed","sticky":false,"template":"","format":"standard","meta":{"_acf_changed":false,"_yoast_wpseo_focuskw":"Feldschl\u00f6sschen","_yoast_wpseo_metadesc":"Die Traditionsbrauerei Feldschl\u00f6sschen hat ihr 150-j\u00e4hriges Bestehen mit einem Festakt in Rheinfelden gefeiert.","articlekey":"","footnotes":""},"categories":[29],"tags":[3000,4343,492],"class_list":["post-44325","post","type-post","status-publish","format-standard","hentry","category-marketing","tag-feldschloesschen","tag-markom","tag-unternehmen"],"acf":[],"yoast_head":"<!-- This site is optimized with the Yoast SEO plugin v27.5 - https:\/\/yoast.com\/product\/yoast-seo-wordpress\/ -->\n<title>Feldschl\u00f6sschen feiert 150 Jahre mit Festakt - Organisator<\/title>\n<meta name=\"description\" content=\"Die Traditionsbrauerei Feldschl\u00f6sschen hat ihr 150-j\u00e4hriges Bestehen mit einem Festakt in Rheinfelden gefeiert.\" \/>\n<meta name=\"robots\" content=\"index, follow, max-snippet:-1, max-image-preview:large, max-video-preview:-1\" \/>\n<link rel=\"canonical\" href=\"https:\/\/www.organisator.ch\/fr\/marketing\/2026-02-09\/feldschloesschen-feiert-150-jahre-mit-festakt\/\" \/>\n<meta property=\"og:locale\" content=\"fr_FR\" \/>\n<meta property=\"og:type\" content=\"article\" \/>\n<meta property=\"og:title\" content=\"Feldschl\u00f6sschen feiert 150 Jahre mit Festakt - Organisator\" \/>\n<meta property=\"og:description\" content=\"Die Traditionsbrauerei Feldschl\u00f6sschen hat ihr 150-j\u00e4hriges Bestehen mit einem Festakt in Rheinfelden gefeiert.\" \/>\n<meta property=\"og:url\" content=\"https:\/\/www.organisator.ch\/fr\/marketing\/2026-02-09\/feldschloesschen-feiert-150-jahre-mit-festakt\/\" \/>\n<meta property=\"og:site_name\" content=\"Organisator\" \/>\n<meta property=\"article:publisher\" content=\"https:\/\/www.facebook.com\/OrganisatorFachmagazin\" \/>\n<meta property=\"article:published_time\" content=\"2026-02-09T09:54:34+00:00\" \/>\n<meta property=\"article:modified_time\" content=\"2026-02-09T12:17:51+00:00\" \/>\n<meta property=\"og:image\" content=\"https:\/\/www.markt-kom.com\/wp-content\/uploads\/2026\/02\/98_639061647018218748-scaled.jpeg\" \/>\n<meta name=\"author\" content=\"n8n\" \/>\n<meta name=\"twitter:card\" content=\"summary_large_image\" \/>\n<script type=\"application\/ld+json\" class=\"yoast-schema-graph\">{\"@context\":\"https:\\\/\\\/schema.org\",\"@graph\":[{\"@type\":\"Article\",\"@id\":\"https:\\\/\\\/www.organisator.ch\\\/marketing\\\/2026-02-09\\\/feldschloesschen-feiert-150-jahre-mit-festakt\\\/#article\",\"isPartOf\":{\"@id\":\"https:\\\/\\\/www.organisator.ch\\\/marketing\\\/2026-02-09\\\/feldschloesschen-feiert-150-jahre-mit-festakt\\\/\"},\"author\":{\"name\":\"n8n\",\"@id\":\"https:\\\/\\\/www.organisator.ch\\\/#\\\/schema\\\/person\\\/a9d0e0eff238db87a8f840f3b50359f0\"},\"headline\":\"Feldschl\u00f6sschen feiert 150 Jahre mit Festakt\",\"datePublished\":\"2026-02-09T09:54:34+00:00\",\"dateModified\":\"2026-02-09T12:17:51+00:00\",\"mainEntityOfPage\":{\"@id\":\"https:\\\/\\\/www.organisator.ch\\\/marketing\\\/2026-02-09\\\/feldschloesschen-feiert-150-jahre-mit-festakt\\\/\"},\"wordCount\":157,\"publisher\":{\"@id\":\"https:\\\/\\\/www.organisator.ch\\\/#organization\"},\"image\":{\"@id\":\"https:\\\/\\\/www.organisator.ch\\\/marketing\\\/2026-02-09\\\/feldschloesschen-feiert-150-jahre-mit-festakt\\\/#primaryimage\"},\"thumbnailUrl\":\"https:\\\/\\\/www.markt-kom.com\\\/wp-content\\\/uploads\\\/2026\\\/02\\\/98_639061647018218748-scaled.jpeg\",\"keywords\":[\"Feldschl\u00f6sschen\",\"MarKom\",\"Unternehmen\"],\"articleSection\":[\"MARKETING\"],\"inLanguage\":\"fr-FR\"},{\"@type\":\"WebPage\",\"@id\":\"https:\\\/\\\/www.organisator.ch\\\/marketing\\\/2026-02-09\\\/feldschloesschen-feiert-150-jahre-mit-festakt\\\/\",\"url\":\"https:\\\/\\\/www.organisator.ch\\\/marketing\\\/2026-02-09\\\/feldschloesschen-feiert-150-jahre-mit-festakt\\\/\",\"name\":\"Feldschl\u00f6sschen feiert 150 Jahre mit Festakt - Organisator\",\"isPartOf\":{\"@id\":\"https:\\\/\\\/www.organisator.ch\\\/#website\"},\"primaryImageOfPage\":{\"@id\":\"https:\\\/\\\/www.organisator.ch\\\/marketing\\\/2026-02-09\\\/feldschloesschen-feiert-150-jahre-mit-festakt\\\/#primaryimage\"},\"image\":{\"@id\":\"https:\\\/\\\/www.organisator.ch\\\/marketing\\\/2026-02-09\\\/feldschloesschen-feiert-150-jahre-mit-festakt\\\/#primaryimage\"},\"thumbnailUrl\":\"https:\\\/\\\/www.markt-kom.com\\\/wp-content\\\/uploads\\\/2026\\\/02\\\/98_639061647018218748-scaled.jpeg\",\"datePublished\":\"2026-02-09T09:54:34+00:00\",\"dateModified\":\"2026-02-09T12:17:51+00:00\",\"description\":\"Die Traditionsbrauerei Feldschl\u00f6sschen hat ihr 150-j\u00e4hriges Bestehen mit einem Festakt in Rheinfelden gefeiert.\",\"breadcrumb\":{\"@id\":\"https:\\\/\\\/www.organisator.ch\\\/marketing\\\/2026-02-09\\\/feldschloesschen-feiert-150-jahre-mit-festakt\\\/#breadcrumb\"},\"inLanguage\":\"fr-FR\",\"potentialAction\":[{\"@type\":\"ReadAction\",\"target\":[\"https:\\\/\\\/www.organisator.ch\\\/marketing\\\/2026-02-09\\\/feldschloesschen-feiert-150-jahre-mit-festakt\\\/\"]}]},{\"@type\":\"ImageObject\",\"inLanguage\":\"fr-FR\",\"@id\":\"https:\\\/\\\/www.organisator.ch\\\/marketing\\\/2026-02-09\\\/feldschloesschen-feiert-150-jahre-mit-festakt\\\/#primaryimage\",\"url\":\"https:\\\/\\\/www.markt-kom.com\\\/wp-content\\\/uploads\\\/2026\\\/02\\\/98_639061647018218748-scaled.jpeg\",\"contentUrl\":\"https:\\\/\\\/www.markt-kom.com\\\/wp-content\\\/uploads\\\/2026\\\/02\\\/98_639061647018218748-scaled.jpeg\"},{\"@type\":\"BreadcrumbList\",\"@id\":\"https:\\\/\\\/www.organisator.ch\\\/marketing\\\/2026-02-09\\\/feldschloesschen-feiert-150-jahre-mit-festakt\\\/#breadcrumb\",\"itemListElement\":[{\"@type\":\"ListItem\",\"position\":1,\"name\":\"Home\",\"item\":\"https:\\\/\\\/www.organisator.ch\\\/\"},{\"@type\":\"ListItem\",\"position\":2,\"name\":\"Feldschl\u00f6sschen feiert 150 Jahre mit Festakt\"}]},{\"@type\":\"WebSite\",\"@id\":\"https:\\\/\\\/www.organisator.ch\\\/#website\",\"url\":\"https:\\\/\\\/www.organisator.ch\\\/\",\"name\":\"Organisator\",\"description\":\"Kompetent. Praxisnah. Der ORGANISATOR bereitet in 10 Ausgaben pro Jahr die wesentlichen Themen f\u00fcr F\u00fchrungskr\u00e4fte von KMU auf.\",\"publisher\":{\"@id\":\"https:\\\/\\\/www.organisator.ch\\\/#organization\"},\"potentialAction\":[{\"@type\":\"SearchAction\",\"target\":{\"@type\":\"EntryPoint\",\"urlTemplate\":\"https:\\\/\\\/www.organisator.ch\\\/?s={search_term_string}\"},\"query-input\":{\"@type\":\"PropertyValueSpecification\",\"valueRequired\":true,\"valueName\":\"search_term_string\"}}],\"inLanguage\":\"fr-FR\"},{\"@type\":\"Organization\",\"@id\":\"https:\\\/\\\/www.organisator.ch\\\/#organization\",\"name\":\"Organisator\",\"url\":\"https:\\\/\\\/www.organisator.ch\\\/\",\"logo\":{\"@type\":\"ImageObject\",\"inLanguage\":\"fr-FR\",\"@id\":\"https:\\\/\\\/www.organisator.ch\\\/#\\\/schema\\\/logo\\\/image\\\/\",\"url\":\"https:\\\/\\\/www.organisator.ch\\\/wp-content\\\/uploads\\\/2022\\\/01\\\/Logo_Organisator_Website.png\",\"contentUrl\":\"https:\\\/\\\/www.organisator.ch\\\/wp-content\\\/uploads\\\/2022\\\/01\\\/Logo_Organisator_Website.png\",\"width\":800,\"height\":77,\"caption\":\"Organisator\"},\"image\":{\"@id\":\"https:\\\/\\\/www.organisator.ch\\\/#\\\/schema\\\/logo\\\/image\\\/\"},\"sameAs\":[\"https:\\\/\\\/www.facebook.com\\\/OrganisatorFachmagazin\",\"https:\\\/\\\/www.linkedin.com\\\/showcase\\\/organisator-das-magazin-fr-kmu\",\"https:\\\/\\\/www.xing.com\\\/news\\\/pages\\\/organisator-ch-695\",\"https:\\\/\\\/www.youtube.com\\\/channel\\\/UCGP2Sq0iWaZwT3BdIAQFYpw\"]},{\"@type\":\"Person\",\"@id\":\"https:\\\/\\\/www.organisator.ch\\\/#\\\/schema\\\/person\\\/a9d0e0eff238db87a8f840f3b50359f0\",\"name\":\"n8n\",\"image\":{\"@type\":\"ImageObject\",\"inLanguage\":\"fr-FR\",\"@id\":\"https:\\\/\\\/secure.gravatar.com\\\/avatar\\\/5368fb9d03fd415a6f335cece4c15af2502d6ca8651efbd6e8f98427a9795400?s=96&d=mm&r=g\",\"url\":\"https:\\\/\\\/secure.gravatar.com\\\/avatar\\\/5368fb9d03fd415a6f335cece4c15af2502d6ca8651efbd6e8f98427a9795400?s=96&d=mm&r=g\",\"contentUrl\":\"https:\\\/\\\/secure.gravatar.com\\\/avatar\\\/5368fb9d03fd415a6f335cece4c15af2502d6ca8651efbd6e8f98427a9795400?s=96&d=mm&r=g\",\"caption\":\"n8n\"},\"url\":\"https:\\\/\\\/www.organisator.ch\\\/fr\\\/author\\\/n8n\\\/\"}]}<\/script>\n<!-- \/ Yoast SEO plugin. -->","yoast_head_json":{"title":"Feldschl\u00f6sschen f\u00eate ses 150 ans avec une c\u00e9r\u00e9monie - Organisateur","description":"La brasserie traditionnelle Feldschl\u00f6sschen a f\u00eat\u00e9 ses 150 ans d'existence lors d'une c\u00e9r\u00e9monie \u00e0 Rheinfelden.","robots":{"index":"index","follow":"follow","max-snippet":"max-snippet:-1","max-image-preview":"max-image-preview:large","max-video-preview":"max-video-preview:-1"},"canonical":"https:\/\/www.organisator.ch\/fr\/marketing\/2026-02-09\/feldschloesschen-feiert-150-jahre-mit-festakt\/","og_locale":"fr_FR","og_type":"article","og_title":"Feldschl\u00f6sschen feiert 150 Jahre mit Festakt - Organisator","og_description":"Die Traditionsbrauerei Feldschl\u00f6sschen hat ihr 150-j\u00e4hriges Bestehen mit einem Festakt in Rheinfelden gefeiert.","og_url":"https:\/\/www.organisator.ch\/fr\/marketing\/2026-02-09\/feldschloesschen-feiert-150-jahre-mit-festakt\/","og_site_name":"Organisator","article_publisher":"https:\/\/www.facebook.com\/OrganisatorFachmagazin","article_published_time":"2026-02-09T09:54:34+00:00","article_modified_time":"2026-02-09T12:17:51+00:00","og_image":[{"url":"https:\/\/www.markt-kom.com\/wp-content\/uploads\/2026\/02\/98_639061647018218748-scaled.jpeg","type":"","width":"","height":""}],"author":"n8n","twitter_card":"summary_large_image","schema":{"@context":"https:\/\/schema.org","@graph":[{"@type":"Article","@id":"https:\/\/www.organisator.ch\/marketing\/2026-02-09\/feldschloesschen-feiert-150-jahre-mit-festakt\/#article","isPartOf":{"@id":"https:\/\/www.organisator.ch\/marketing\/2026-02-09\/feldschloesschen-feiert-150-jahre-mit-festakt\/"},"author":{"name":"n8n","@id":"https:\/\/www.organisator.ch\/#\/schema\/person\/a9d0e0eff238db87a8f840f3b50359f0"},"headline":"Feldschl\u00f6sschen feiert 150 Jahre mit Festakt","datePublished":"2026-02-09T09:54:34+00:00","dateModified":"2026-02-09T12:17:51+00:00","mainEntityOfPage":{"@id":"https:\/\/www.organisator.ch\/marketing\/2026-02-09\/feldschloesschen-feiert-150-jahre-mit-festakt\/"},"wordCount":157,"publisher":{"@id":"https:\/\/www.organisator.ch\/#organization"},"image":{"@id":"https:\/\/www.organisator.ch\/marketing\/2026-02-09\/feldschloesschen-feiert-150-jahre-mit-festakt\/#primaryimage"},"thumbnailUrl":"https:\/\/www.markt-kom.com\/wp-content\/uploads\/2026\/02\/98_639061647018218748-scaled.jpeg","keywords":["Feldschl\u00f6sschen","MarKom","Unternehmen"],"articleSection":["MARKETING"],"inLanguage":"fr-FR"},{"@type":"WebPage","@id":"https:\/\/www.organisator.ch\/marketing\/2026-02-09\/feldschloesschen-feiert-150-jahre-mit-festakt\/","url":"https:\/\/www.organisator.ch\/marketing\/2026-02-09\/feldschloesschen-feiert-150-jahre-mit-festakt\/","name":"Feldschl\u00f6sschen f\u00eate ses 150 ans avec une c\u00e9r\u00e9monie - Organisateur","isPartOf":{"@id":"https:\/\/www.organisator.ch\/#website"},"primaryImageOfPage":{"@id":"https:\/\/www.organisator.ch\/marketing\/2026-02-09\/feldschloesschen-feiert-150-jahre-mit-festakt\/#primaryimage"},"image":{"@id":"https:\/\/www.organisator.ch\/marketing\/2026-02-09\/feldschloesschen-feiert-150-jahre-mit-festakt\/#primaryimage"},"thumbnailUrl":"https:\/\/www.markt-kom.com\/wp-content\/uploads\/2026\/02\/98_639061647018218748-scaled.jpeg","datePublished":"2026-02-09T09:54:34+00:00","dateModified":"2026-02-09T12:17:51+00:00","description":"La brasserie traditionnelle Feldschl\u00f6sschen a f\u00eat\u00e9 ses 150 ans d'existence lors d'une c\u00e9r\u00e9monie \u00e0 Rheinfelden.","breadcrumb":{"@id":"https:\/\/www.organisator.ch\/marketing\/2026-02-09\/feldschloesschen-feiert-150-jahre-mit-festakt\/#breadcrumb"},"inLanguage":"fr-FR","potentialAction":[{"@type":"ReadAction","target":["https:\/\/www.organisator.ch\/marketing\/2026-02-09\/feldschloesschen-feiert-150-jahre-mit-festakt\/"]}]},{"@type":"ImageObject","inLanguage":"fr-FR","@id":"https:\/\/www.organisator.ch\/marketing\/2026-02-09\/feldschloesschen-feiert-150-jahre-mit-festakt\/#primaryimage","url":"https:\/\/www.markt-kom.com\/wp-content\/uploads\/2026\/02\/98_639061647018218748-scaled.jpeg","contentUrl":"https:\/\/www.markt-kom.com\/wp-content\/uploads\/2026\/02\/98_639061647018218748-scaled.jpeg"},{"@type":"BreadcrumbList","@id":"https:\/\/www.organisator.ch\/marketing\/2026-02-09\/feldschloesschen-feiert-150-jahre-mit-festakt\/#breadcrumb","itemListElement":[{"@type":"ListItem","position":1,"name":"Home","item":"https:\/\/www.organisator.ch\/"},{"@type":"ListItem","position":2,"name":"Feldschl\u00f6sschen feiert 150 Jahre mit Festakt"}]},{"@type":"WebSite","@id":"https:\/\/www.organisator.ch\/#website","url":"https:\/\/www.organisator.ch\/","name":"Organisateur","description":"Comp\u00e9tence et comp\u00e9tence. Proches de la pratique. L'ORGANISATEUR pr\u00e9pare 10 num\u00e9ros par an sur les th\u00e8mes essentiels pour les dirigeants de PME.","publisher":{"@id":"https:\/\/www.organisator.ch\/#organization"},"potentialAction":[{"@type":"SearchAction","target":{"@type":"EntryPoint","urlTemplate":"https:\/\/www.organisator.ch\/?s={search_term_string}"},"query-input":{"@type":"PropertyValueSpecification","valueRequired":true,"valueName":"search_term_string"}}],"inLanguage":"fr-FR"},{"@type":"Organization","@id":"https:\/\/www.organisator.ch\/#organization","name":"Organisateur","url":"https:\/\/www.organisator.ch\/","logo":{"@type":"ImageObject","inLanguage":"fr-FR","@id":"https:\/\/www.organisator.ch\/#\/schema\/logo\/image\/","url":"https:\/\/www.organisator.ch\/wp-content\/uploads\/2022\/01\/Logo_Organisator_Website.png","contentUrl":"https:\/\/www.organisator.ch\/wp-content\/uploads\/2022\/01\/Logo_Organisator_Website.png","width":800,"height":77,"caption":"Organisator"},"image":{"@id":"https:\/\/www.organisator.ch\/#\/schema\/logo\/image\/"},"sameAs":["https:\/\/www.facebook.com\/OrganisatorFachmagazin","https:\/\/www.linkedin.com\/showcase\/organisator-das-magazin-fr-kmu","https:\/\/www.xing.com\/news\/pages\/organisator-ch-695","https:\/\/www.youtube.com\/channel\/UCGP2Sq0iWaZwT3BdIAQFYpw"]},{"@type":"Person","@id":"https:\/\/www.organisator.ch\/#\/schema\/person\/a9d0e0eff238db87a8f840f3b50359f0","name":"n8n","image":{"@type":"ImageObject","inLanguage":"fr-FR","@id":"https:\/\/secure.gravatar.com\/avatar\/5368fb9d03fd415a6f335cece4c15af2502d6ca8651efbd6e8f98427a9795400?s=96&d=mm&r=g","url":"https:\/\/secure.gravatar.com\/avatar\/5368fb9d03fd415a6f335cece4c15af2502d6ca8651efbd6e8f98427a9795400?s=96&d=mm&r=g","contentUrl":"https:\/\/secure.gravatar.com\/avatar\/5368fb9d03fd415a6f335cece4c15af2502d6ca8651efbd6e8f98427a9795400?s=96&d=mm&r=g","caption":"n8n"},"url":"https:\/\/www.organisator.ch\/fr\/author\/n8n\/"}]}},"_links":{"self":[{"href":"https:\/\/www.organisator.ch\/fr\/wp-json\/wp\/v2\/posts\/44325","targetHints":{"allow":["GET"]}}],"collection":[{"href":"https:\/\/www.organisator.ch\/fr\/wp-json\/wp\/v2\/posts"}],"about":[{"href":"https:\/\/www.organisator.ch\/fr\/wp-json\/wp\/v2\/types\/post"}],"author":[{"embeddable":true,"href":"https:\/\/www.organisator.ch\/fr\/wp-json\/wp\/v2\/users\/107"}],"replies":[{"embeddable":true,"href":"https:\/\/www.organisator.ch\/fr\/wp-json\/wp\/v2\/comments?post=44325"}],"version-history":[{"count":2,"href":"https:\/\/www.organisator.ch\/fr\/wp-json\/wp\/v2\/posts\/44325\/revisions"}],"predecessor-version":[{"id":44347,"href":"https:\/\/www.organisator.ch\/fr\/wp-json\/wp\/v2\/posts\/44325\/revisions\/44347"}],"wp:attachment":[{"href":"https:\/\/www.organisator.ch\/fr\/wp-json\/wp\/v2\/media?parent=44325"}],"wp:term":[{"taxonomy":"category","embeddable":true,"href":"https:\/\/www.organisator.ch\/fr\/wp-json\/wp\/v2\/categories?post=44325"},{"taxonomy":"post_tag","embeddable":true,"href":"https:\/\/www.organisator.ch\/fr\/wp-json\/wp\/v2\/tags?post=44325"}],"curies":[{"name":"wp","href":"https:\/\/api.w.org\/{rel}","templated":true}]}}